{"id":403,"date":"2011-11-30T18:41:52","date_gmt":"2011-11-30T17:41:52","guid":{"rendered":"http:\/\/fjala.shkoder.net\/?p=403"},"modified":"2011-11-30T18:41:52","modified_gmt":"2011-11-30T17:41:52","slug":"sepse-nuk-i-ka-borxh-askujt","status":"publish","type":"post","link":"https:\/\/fjala.info\/2009-2015\/sepse-nuk-i-ka-borxh-askujt\/","title":{"rendered":"Sepse nuk i ka borxh askujt!"},"content":{"rendered":"<p><img decoding=\"async\" class=\"alignright size-thumbnail wp-image-7236\" title=\"Mero Baze\" src=\"http:\/\/www.shkoder.net\/images\/fjala\/mero_baze1.jpg\" alt=\"\" width=\"150\" \/> <strong>Mero Baze<\/strong><\/p>\n<p>Gazetar\u00ebt q\u00eb ndjekin fushatat elektorale me siguri e mbajn\u00eb mend Odet\u00ebn. \u00cbsht\u00eb nj\u00eb vajz\u00eb q\u00eb punon si menaxhere tek nj\u00eb revist\u00eb mode, pron\u00eb e gruas s\u00eb Lul\u00ebzim Bash\u00ebs. Revista \u00ebsht\u00eb luksoze dhe bosh, si \u00e7do gj\u00eb q\u00ebdelp\u00ebr t\u00eb mbuluar di\u00e7ka dhe jo p\u00ebr t\u00eb zbuluar di\u00e7ka. Odeta \u00ebsht\u00eb menaxherja e revist\u00ebs. Ka sh\u00ebtitur n\u00eb disa kompani reklamash dhe marketingu, dhe s\u00eb fundmi e mbajm\u00eb mend si menaxhere e medies p\u00ebr fushat\u00ebn e Lul\u00ebzim Bash\u00ebs n\u00eb Tiran\u00eb. D\u00ebrgonte fotografit\u00eb n\u00ebp\u00ebr redaksi, spotet n\u00ebp\u00ebr televizione, dhe natyrisht mblidhte faturat e reklamave. Pastaj Basha hyri si\u00e7 hyri n\u00eb Bashki dhe kjo vajza u shfaq papritur me nj\u00eb kompani reklamash, krijuar n\u00eb mes t\u00eb N\u00ebntorit, q\u00ebkishfituar nj\u00eb tender p\u00ebr t\u00eb dekoruar Tiran\u00ebn m\u00eb 28 N\u00ebntor. M\u00eb sh\u00ebmtuar nuk b\u00ebhej si\u00e7 e pat\u00eb, por lek\u00ebt nuk \u00ebsht\u00eb se ishin pak. Arsyeja: Ndihm\u00ebse e gruas.<\/p>\n<p>Njer\u00ebzit e administrat\u00ebs me siguri e njohin Tezen. \u00cbsht\u00eb nj\u00eb kush\u00ebrir\u00eb e gruas s\u00eb Lul\u00ebzim Bash\u00ebs, q\u00eb ka p\u00ebrfunduar studimet p\u00ebr mjek\u00ebsi dhe qyshkurse Lul\u00ebzim Basha u b\u00eb Minist\u00ebr, e hoqi nga zanati q\u00eb s\u2019di a e ka ushtruar ndonj\u00ebher\u00eb, dhe e mori pas vetes n\u00eb Ministri t\u00eb Transportit si drejtoresh\u00eb t\u00eb r\u00ebnd\u00ebsishme. Natyrisht jo p\u00ebr probleme mjek\u00ebsore. Pastaj prej andej ai iku n\u00eb Ministri t\u00eb Jashtme. Tezja, si\u00e7 e th\u00ebrrasin gjith\u00eb njer\u00ebzit e administrat\u00ebs q\u00eb e njohin, iku p\u00ebrs\u00ebri pas tij; p\u00ebrs\u00ebri drejtoresh\u00eb e r\u00ebnd\u00ebsishme. Pastaj Basha u b\u00eb Minist\u00ebr i Brendsh\u00ebm. Tezja pas tij, po drejtoresh\u00eb e r\u00ebnd\u00ebsishme. N\u00eb muajin gusht b\u00ebri kurban nj\u00eb dash dhe hyri n\u00eb Bashki. Tezja pas tij. P\u00ebrs\u00ebri drejtoresha m\u00eb e r\u00ebnd\u00ebsishme e Bashkis\u00eb. Arsyeja: Kush\u00ebrir\u00eb e gruas.<\/p>\n<p>Nj\u00eb tjet\u00ebr drejtoresh\u00eb q\u00eb mbulon t\u00eb ardhurat tatimore mbiu papritur n\u00eb Bashki. Nuk \u00ebsht\u00eb se u b\u00eb ndonj\u00eb konkurs, kishte ndonj\u00eb CV apo kishte shk\u00eblqyer diku. Shoferi i gruas e kishte mot\u00ebr (!). Dhe u b\u00eb dhe ajo drejtoresh\u00eb.<\/p>\n<p>E shum\u00ebp\u00ebrfolur p\u00ebr postin e drejtorit t\u00eb lejeve t\u00eb nd\u00ebrtimit, Bashkia e Tiran\u00ebs me siguri priste q\u00eb ky vend t\u2019i jepej dikujt q\u00eb largonte hijen e korrupsionit. Me hyrjen e Lul\u00ebzim Bash\u00ebs n\u00eb at\u00eb nd\u00ebrtes\u00eb, u gjet dhe njeriu p\u00ebr k\u00ebt\u00eb vend pune. Arkitekti i pallatit t\u00eb gruas s\u00eb Bash\u00ebs n\u00eb Vlor\u00eb. Si\u00e7 mund ta keni lexuar tek gazeta Tema, Lul\u00ebzim Basha n\u00eb em\u00ebr t\u00eb vjehrrit t\u00eb vet po nd\u00ebrton dy pallate gjigante me tet\u00eb kate n\u00eb uj\u00eb, n\u00eb Vlor\u00eb, mu tek kthesa e Ujit t\u00eb Ftoht\u00eb (atje ku Berisha thot\u00eb se nuk do t\u00eb lejoj nd\u00ebrtime 100 metra af\u00ebr detit). Ka hyr\u00eb n\u00eb det dhe po nd\u00ebrton. P\u00ebr turpin e Vlor\u00ebs dhe gjith\u00eb shtetit shqiptar askush nuk ndihet edhe pse ka shkelur lejet urbanistike t\u00eb dh\u00ebna po ashtu gabim, edhe pse prokuroria gjoja po heton. Arkitekti i k\u00ebsaj sh\u00ebmtire \u00ebsht\u00eb pik\u00ebrisht njeriu q\u00eb u b\u00eb drejtor i lejeve t\u00eb nd\u00ebrtimit n\u00eb Bashkin\u00eb e Tiran\u00ebs. Arsyeja: Arkitekt i pallatit t\u00eb gruas.<\/p>\n<p>Do t\u00eb b\u00ebhet nj\u00eb biznes n\u00eb rrug\u00ebn k\u00ebmb\u00ebsore Murat Toptani. 40 sht\u00ebpiza t\u00eb vogla n\u00eb form\u00eb kioskash do t\u00eb jepen me qera p\u00ebr biznesin t\u00eb reklamoj\u00eb mallrat e tij p\u00ebr nj\u00eb muaj nga 6 dhjetori n\u00eb 6 janar. Njer\u00ebzit q\u00eb b\u00ebjn\u00eb k\u00ebt\u00eb biznes jan\u00eb ortaku i kunatit t\u00eb Lul\u00ebzim Bash\u00ebs, &#8211; aq shum\u00eb i p\u00ebrfolur n\u00eb koh\u00ebn e aferave t\u00eb Fazlli\u00e7it, kur kompania e tyre u fut n\u00eb list\u00ebn e hetimit nga prokuroria dhe Berisha turfullonte p\u00ebr ta zhbllokuar \u2013 e p\u00ebrfshir\u00eb n\u00eb k\u00ebt\u00eb biznes dhe nj\u00eb agjenci ndihm\u00ebse, me nj\u00eb vajz\u00eb q\u00eb njihet gjer\u00ebsisht si e fejuara e kunatit. K\u00ebrkojn\u00eb 3 mij\u00eb euro n\u00eb muaj p\u00ebr nj\u00eb kiosk\u00eb t\u00eb ngelur pa shitur n\u00eb supermarketin e tyre, i cili \u00ebsht\u00eb kthyer n\u00eb varrez\u00eb pa bler\u00ebs edhe p\u00ebr shkak t\u00eb kriz\u00ebs ekonomike. Arsyeja pse ata e fitojn\u00eb k\u00ebt\u00eb biznes \u00ebsht\u00eb\u2026. p\u00ebrs\u00ebri gruaja e Lul\u00ebzim Bash\u00ebs. Ia ka dh\u00ebn\u00eb v\u00ebllait dhe kunat\u00ebs s\u00eb saj t\u00eb ardhshme.<\/p>\n<p>Lista e atyre q\u00eb kan\u00eb ndodhur gjat\u00eb k\u00ebtyre kat\u00ebr muajve n\u00eb at\u00eb Bashki mund t\u00eb zgjatet pa fund dhe i pari dhe i fundit njeri q\u00eb ka marr\u00eb vendimin p\u00ebr \u00e7do gj\u00eb duket se \u00ebsht\u00eb gruaja e Lul\u00ebzim Bash\u00ebs. Pyetja q\u00eb lind me t\u00eb drejt\u00eb pas gjith\u00eb k\u00ebtij degradimi t\u00eb turpsh\u00ebm t\u00eb nj\u00eb institucioni qendror t\u00eb pushtetit \u00ebsht\u00eb p\u00ebrse ky njeri q\u00eb na premtoi se do t\u00eb kishte Tiran\u00ebn t\u00eb par\u00ebn, ka v\u00ebn\u00eb gruan e tij t\u00eb par\u00ebn para \u00e7do ligji, para \u00e7do gare, para \u00e7do vlere dhe \u00e7do p\u00ebrfaq\u00ebsimi politik n\u00eb Tiran\u00eb? Kryearsyeja mendoj se nuk \u00ebsht\u00eb sentimentale.<\/p>\n<p>Vendimi p\u00ebr t\u00eb dor\u00ebzuar Bashkin\u00eb e Tiran\u00ebs familjes s\u00eb tij ka t\u00eb b\u00ebj\u00eb mbi t\u00eb gjitha me faktin se ky njeri nuk i \u00ebsht\u00eb mir\u00ebnjoh\u00ebs realisht as Tiran\u00ebs, dhe as qytetar\u00ebve p\u00ebr at\u00eb mandat. Ai nuk vjen nga nj\u00eb gar\u00eb dhe nga nj\u00eb infrastruktur\u00eb politike ndaj s\u00eb cil\u00ebs ka detyrim. Ai vjen nga nj\u00eb betej\u00eb mafioze, q\u00eb ka drejtuar nj\u00eb operacion financiar p\u00ebr t\u00eb bler\u00eb mandatin e Tiran\u00ebs. Gruaja e tij ka q\u00eblluar me pare fal\u00eb lidhjeve t\u00eb saj dhe familjes s\u00eb saj me VEFA-n n\u00eb vitin 1996 e deri n\u00eb faliment, ashtu si Lul\u00ebzim Basha ka q\u00eblluar minist\u00ebr n\u00eb \u201cpun\u00eb me lek\u201d, q\u00eb shkojn\u00eb deri n\u00eb 200 milion\u00eb euro abuzime. Me k\u00ebto lek ata blen\u00eb pushtetin e tyre n\u00eb Bashki.<\/p>\n<p>Kushe mban mend fushat\u00ebn, e mban mend Lul\u00ebzim Bash\u00ebn, ndaras PD-s\u00eb, nj\u00eb zyr\u00eb n\u00eb Torre Drini me Shk\u00eblzenin dhe Kunatin n\u00eb krah, pa ask\u00ebnd nga PD-ja. Ishin duke harxhuar para p\u00ebr t\u00eb bler\u00eb Tiran\u00ebn. Gjith\u00e7ka tjet\u00ebr ishte fasad\u00eb. Jepeshin pare p\u00ebr t\u00eb ilustruar mendimet mbi Tiran\u00ebn nga intelektual\u00eb pazarxhinj apo gazetar\u00eb byth\u00ebshitur. Jepeshin pare p\u00ebr t\u00eb bler\u00eb opozitar\u00eb apo p\u00ebr t\u00eb bler\u00eb heshtje t\u00eb medieve kritike. N\u00eb fund u dhan\u00eb dhe p\u00ebr t\u00eb bler\u00eb mandatin n\u00ebp\u00ebr gjykata. Nj\u00eb njeri q\u00eb e merr k\u00ebshtu mandatin, nuk ka arsye tu jet\u00eb mir\u00ebnjoh\u00ebs zgjedh\u00ebsve q\u00eb nuk ekzistojn\u00eb, partis\u00eb q\u00eb nuk e ka votuar dhe sidomos ligjit q\u00eb nuk e ka nd\u00ebshkuar. PD me Lul\u00ebzim Bash\u00ebn mori m\u00eb pak vota se me \u00e7do kandidat tjet\u00ebr n\u00eb Tiran\u00eb, dhe po t\u00eb kemi parasysh dhe rritjen normale t\u00eb elektoratit gati-gati duket se ajo parti e ka urryer kandidatin e saj.<\/p>\n<p>Lul\u00ebzim Basha ka gati 55 p\u00ebr qind t\u00eb votave nga PD-ja dhe 45 p\u00ebr qind nga t\u00eb tjer\u00ebt. \u201cT\u00eb tjer\u00ebt\u201d jan\u00eb ata q\u00eb nuk duan mir\u00ebnjohje, por pare. Dhe ai ua ka dh\u00ebn\u00eb. Duke mos qen\u00eb mir\u00ebnjoh\u00ebs ndaj askujt p\u00ebr at\u00eb zaptim t\u00eb sh\u00ebmtuar zyre, ky njeri mos prisni tani t\u00eb b\u00ebj\u00eb nj\u00eb Bashki t\u00eb pushtetit, por thjesht nj\u00eb pushtet t\u00eb tij personal n\u00eb Bashki. Si nj\u00eb njeri i pavotuar, por bler\u00ebs votash, ai nuk ka besim tek askush, ve\u00e7 tek ata q\u00eb i kan\u00eb mbajtur qeset me lek nga pas n\u00eb fushat\u00eb. Dhe ai \u00ebsht\u00eb rrethi i ngusht\u00eb i familjes s\u00eb tij, gruaja, kunati, shoferi, ndihm\u00ebsja e gruas, kush\u00ebrira, arkitekti i vjehrrit, etj.<\/p>\n<p>Kjo \u00ebsht\u00eb nj\u00eb arsye e fort\u00eb q\u00eb ne t\u00eb shikojm\u00eb sot nj\u00eb bashki t\u00eb degraduar dhe arrogante n\u00eb primitivizmin e vet, nj\u00eb kryebashkiak t\u00eb pafytyr\u00eb q\u00eb p\u00ebrpiqet t\u2019i imponoj\u00eb Tiran\u00ebs bizneset e familjes s\u00eb tij si vler\u00eb p\u00ebr kryeqytetin. I p\u00ebrcipt\u00eb, i paaft\u00eb, g\u00ebnjeshtar dhe frikacak, ai po izolohet dita- dit\u00ebs duke gjetur ngush\u00ebllim tek rrethi i tij familjar, i cili i \u00ebsht\u00eb turrur Tiran\u00ebs m\u00eb thik\u00eb n\u00eb dh\u00ebmb\u00eb t\u00eb shqyej\u00eb \u00e7far\u00eb mund.<\/p>\n<p>Mos prisni q\u00eb k\u00ebt\u00eb sh\u00ebmti ta ndal\u00eb Berisha, PD-ja, media apo intelektual\u00ebt e k\u00ebtij qyteti. Ai nuk u ka asnj\u00eb borxh. Ata q\u00eb kan\u00eb lehur p\u00ebr t\u00eb n\u00ebp\u00ebr ekrane- jan\u00eb paguar, ata q\u00eb kan\u00eb pozuar si intelektual\u00eb -jan\u00eb paguar, PD q\u00eb s\u2019e ka votuar- do ta paguaj\u00eb. Berisha vet\u00eb ka pasur vet\u00ebm nj\u00eb interes madhor tek Lul\u00ebzim Basha, ta p\u00ebrdorte si arsye politike q\u00eb kryeqyteti i kishte falur krimin e 21 janarit.<\/p>\n<p>Dy njer\u00ebzit burracak\u00eb t\u00eb k\u00ebtij qyteti, q\u00eb u mbyll\u00ebn brenda xhamave t\u00eb blinduar dhe piketuan vrasjen e njer\u00ebzve t\u00eb pafajsh\u00ebm para der\u00ebs s\u00eb tyre, jan\u00eb n\u00eb makth p\u00ebr nd\u00ebshkimin q\u00eb kryeqyteti dhe shoq\u00ebria do tu jap\u00eb p\u00ebr krimin ende t\u00eb pashlyer t\u00eb tyre. Sali Berisha vrapoi t\u00eb lante gjakun nga bulevardi, duke nxjerr\u00eb bashkautorin n\u00eb krim n\u00eb nj\u00eb gar\u00eb fallco p\u00ebr Tiran\u00ebn. I sigurt se e humbiste gar\u00ebn dhe bashk\u00eb me t\u00eb alibin\u00eb p\u00ebr pafaj\u00ebsin\u00eb n\u00eb krim, Sali Berisha mb\u00ebshteti projektin e tij mafioz p\u00ebr blerjen e mandatit me \u00e7do \u00e7mim. Berisha nuk do as leje nd\u00ebrtimi, as tender\u00eb t\u00eb vegj\u00ebl, as para nga Lul\u00ebzim Basha. I duhet vet\u00ebm si alibi q\u00eb kryeqyteti i voton vras\u00ebsit. Lul\u00ebzim Basha ia ka lar\u00eb at\u00eb borxh, pasi ja \u201cbleu gjakun\u201d Tiran\u00ebs p\u00ebr llogari t\u00eb Sali Berish\u00ebs.<\/p>\n<p>Ndaj Lul\u00ebzim Basha \u00ebsht\u00eb i lir\u00eb tani e tutje t\u00eb punoj\u00eb p\u00ebr familjen e tij, p\u00ebr gruan, kunatin dhe sojin q\u00eb i heq frik\u00ebn n\u00eb or\u00ebt e vetmis\u00eb s\u00eb tij t\u00eb madhe, q\u00eb kur p\u00ebrk\u00ebdhel dy vajzat e tij i shfaqen para dy vajzat jetime t\u00eb Aleks Nik\u00ebs, kur inauguron ndonj\u00eb shkoll\u00eb i dalin para syve lot\u00ebt e An\u00ebs, q\u00eb e fyejn\u00eb \u201cdemokrat\u00ebt\u201d n\u00eb shkoll\u00eb p\u00ebr babin e vrar\u00eb prej tij, kur del n\u00eb periferi i dalin para syve f\u00ebmij\u00ebt e Hekuran Ded\u00ebs n\u00eb nj\u00eb fshat af\u00ebr Tiran\u00ebs q\u00eb ndoshta jan\u00eb pa buk\u00eb n\u00eb k\u00ebto momente dhe nuk i vizitojn\u00eb dot kioskat e kunatit t\u00eb tij, kur b\u00ebn sikur preket nga ndonj\u00eb dram\u00eb familjare me siguri q\u00eb e l\u00eb pa gjum\u00eb makthi i djalit t\u00eb vet\u00ebvrar\u00eb t\u00eb Faik Myrtajt nga d\u00ebshp\u00ebrimi i ikjes s\u00eb babait. Lul\u00ebzim Basha nuk i ka borxh as Tiran\u00ebs, as Berish\u00ebs, as PD-s\u00eb dhe as ligjit p\u00ebr ta qeverisur i vet\u00ebm Tiran\u00ebn me familjen e tij. Ai e ka bler\u00eb pushtetin me lek, e ka \u201cbler\u00eb gjakun\u201d me lek, e ka bler\u00eb qet\u00ebsin\u00eb nga pushteti me lek. Vet\u00ebm nuk jam i sigurt n\u00ebse fle i qet\u00eb\u2026<\/p>\n","protected":false},"excerpt":{"rendered":"<p>Mero Baze Gazetar\u00ebt q\u00eb ndjekin fushatat elektorale me siguri e mbajn\u00eb mend Odet\u00ebn. \u00cbsht\u00eb nj\u00eb vajz\u00eb q\u00eb punon si menaxhere tek nj\u00eb revist\u00eb mode, pron\u00eb e gruas s\u00eb Lul\u00ebzim Bash\u00ebs. Revista \u00ebsht\u00eb luksoze dhe bosh, si \u00e7do gj\u00eb q\u00ebdelp\u00ebr t\u00eb mbuluar di\u00e7ka dhe jo p\u00ebr t\u00eb zbuluar di\u00e7ka. Odeta \u00ebsht\u00eb menaxherja e revist\u00ebs. Ka sh\u00ebtitur [&hellip;]<\/p>\n","protected":false},"author":1,"featured_media":0,"comment_status":"open","ping_status":"closed","sticky":false,"template":"","format":"standard","meta":{"footnotes":""},"categories":[2],"tags":[],"class_list":{"0":"post-403","1":"post","2":"type-post","3":"status-publish","4":"format-standard","6":"category-artikuj"},"yoast_head":"<!-- This site is optimized with the Yoast SEO plugin v27.4 - https:\/\/yoast.com\/product\/yoast-seo-wordpress\/ -->\n<title>Sepse nuk i ka borxh askujt! - FjALA e LIR\u00cb - Arkivi<\/title>\n<meta name=\"robots\" content=\"index, follow, max-snippet:-1, max-image-preview:large, max-video-preview:-1\" \/>\n<link rel=\"canonical\" href=\"https:\/\/fjala.info\/2009-2015\/sepse-nuk-i-ka-borxh-askujt\/\" \/>\n<meta property=\"og:locale\" content=\"sq_AL\" \/>\n<meta property=\"og:type\" content=\"article\" \/>\n<meta property=\"og:title\" content=\"Sepse nuk i ka borxh askujt! - FjALA e LIR\u00cb - Arkivi\" \/>\n<meta property=\"og:description\" content=\"Mero Baze Gazetar\u00ebt q\u00eb ndjekin fushatat elektorale me siguri e mbajn\u00eb mend Odet\u00ebn. \u00cbsht\u00eb nj\u00eb vajz\u00eb q\u00eb punon si menaxhere tek nj\u00eb revist\u00eb mode, pron\u00eb e gruas s\u00eb Lul\u00ebzim Bash\u00ebs. Revista \u00ebsht\u00eb luksoze dhe bosh, si \u00e7do gj\u00eb q\u00ebdelp\u00ebr t\u00eb mbuluar di\u00e7ka dhe jo p\u00ebr t\u00eb zbuluar di\u00e7ka. Odeta \u00ebsht\u00eb menaxherja e revist\u00ebs. Ka sh\u00ebtitur [&hellip;]\" \/>\n<meta property=\"og:url\" content=\"https:\/\/fjala.info\/2009-2015\/sepse-nuk-i-ka-borxh-askujt\/\" \/>\n<meta property=\"og:site_name\" content=\"FjALA e LIR\u00cb - Arkivi\" \/>\n<meta property=\"article:published_time\" content=\"2011-11-30T17:41:52+00:00\" \/>\n<meta property=\"og:image\" content=\"http:\/\/www.shkoder.net\/images\/fjala\/mero_baze1.jpg\" \/>\n<meta name=\"author\" content=\"admin\" \/>\n<meta name=\"twitter:card\" content=\"summary_large_image\" \/>\n<meta name=\"twitter:label1\" content=\"Written by\" \/>\n\t<meta name=\"twitter:data1\" content=\"admin\" \/>\n\t<meta name=\"twitter:label2\" content=\"Est. reading time\" \/>\n\t<meta name=\"twitter:data2\" content=\"9 minutes\" \/>\n<script type=\"application\/ld+json\" class=\"yoast-schema-graph\">{\"@context\":\"https:\\\/\\\/schema.org\",\"@graph\":[{\"@type\":\"Article\",\"@id\":\"https:\\\/\\\/fjala.info\\\/2009-2015\\\/sepse-nuk-i-ka-borxh-askujt\\\/#article\",\"isPartOf\":{\"@id\":\"https:\\\/\\\/fjala.info\\\/2009-2015\\\/sepse-nuk-i-ka-borxh-askujt\\\/\"},\"author\":{\"name\":\"admin\",\"@id\":\"https:\\\/\\\/fjala.info\\\/2009-2015\\\/#\\\/schema\\\/person\\\/3aa1163ef05469c496fc94e77611ada2\"},\"headline\":\"Sepse nuk i ka borxh askujt!\",\"datePublished\":\"2011-11-30T17:41:52+00:00\",\"mainEntityOfPage\":{\"@id\":\"https:\\\/\\\/fjala.info\\\/2009-2015\\\/sepse-nuk-i-ka-borxh-askujt\\\/\"},\"wordCount\":1835,\"commentCount\":0,\"publisher\":{\"@id\":\"https:\\\/\\\/fjala.info\\\/2009-2015\\\/#organization\"},\"image\":{\"@id\":\"https:\\\/\\\/fjala.info\\\/2009-2015\\\/sepse-nuk-i-ka-borxh-askujt\\\/#primaryimage\"},\"thumbnailUrl\":\"http:\\\/\\\/www.shkoder.net\\\/images\\\/fjala\\\/mero_baze1.jpg\",\"articleSection\":[\"Artikuj\"],\"inLanguage\":\"sq-AL\",\"potentialAction\":[{\"@type\":\"CommentAction\",\"name\":\"Comment\",\"target\":[\"https:\\\/\\\/fjala.info\\\/2009-2015\\\/sepse-nuk-i-ka-borxh-askujt\\\/#respond\"]}]},{\"@type\":\"WebPage\",\"@id\":\"https:\\\/\\\/fjala.info\\\/2009-2015\\\/sepse-nuk-i-ka-borxh-askujt\\\/\",\"url\":\"https:\\\/\\\/fjala.info\\\/2009-2015\\\/sepse-nuk-i-ka-borxh-askujt\\\/\",\"name\":\"Sepse nuk i ka borxh askujt! - FjALA e LIR\u00cb - Arkivi\",\"isPartOf\":{\"@id\":\"https:\\\/\\\/fjala.info\\\/2009-2015\\\/#website\"},\"primaryImageOfPage\":{\"@id\":\"https:\\\/\\\/fjala.info\\\/2009-2015\\\/sepse-nuk-i-ka-borxh-askujt\\\/#primaryimage\"},\"image\":{\"@id\":\"https:\\\/\\\/fjala.info\\\/2009-2015\\\/sepse-nuk-i-ka-borxh-askujt\\\/#primaryimage\"},\"thumbnailUrl\":\"http:\\\/\\\/www.shkoder.net\\\/images\\\/fjala\\\/mero_baze1.jpg\",\"datePublished\":\"2011-11-30T17:41:52+00:00\",\"breadcrumb\":{\"@id\":\"https:\\\/\\\/fjala.info\\\/2009-2015\\\/sepse-nuk-i-ka-borxh-askujt\\\/#breadcrumb\"},\"inLanguage\":\"sq-AL\",\"potentialAction\":[{\"@type\":\"ReadAction\",\"target\":[\"https:\\\/\\\/fjala.info\\\/2009-2015\\\/sepse-nuk-i-ka-borxh-askujt\\\/\"]}]},{\"@type\":\"ImageObject\",\"inLanguage\":\"sq-AL\",\"@id\":\"https:\\\/\\\/fjala.info\\\/2009-2015\\\/sepse-nuk-i-ka-borxh-askujt\\\/#primaryimage\",\"url\":\"http:\\\/\\\/www.shkoder.net\\\/images\\\/fjala\\\/mero_baze1.jpg\",\"contentUrl\":\"http:\\\/\\\/www.shkoder.net\\\/images\\\/fjala\\\/mero_baze1.jpg\"},{\"@type\":\"BreadcrumbList\",\"@id\":\"https:\\\/\\\/fjala.info\\\/2009-2015\\\/sepse-nuk-i-ka-borxh-askujt\\\/#breadcrumb\",\"itemListElement\":[{\"@type\":\"ListItem\",\"position\":1,\"name\":\"Home\",\"item\":\"https:\\\/\\\/fjala.info\\\/2009-2015\\\/\"},{\"@type\":\"ListItem\",\"position\":2,\"name\":\"Sepse nuk i ka borxh askujt!\"}]},{\"@type\":\"WebSite\",\"@id\":\"https:\\\/\\\/fjala.info\\\/2009-2015\\\/#website\",\"url\":\"https:\\\/\\\/fjala.info\\\/2009-2015\\\/\",\"name\":\"FjALA e LIR\u00cb - Arkivi\",\"description\":\"Arkivi 2009-2015\",\"publisher\":{\"@id\":\"https:\\\/\\\/fjala.info\\\/2009-2015\\\/#organization\"},\"potentialAction\":[{\"@type\":\"SearchAction\",\"target\":{\"@type\":\"EntryPoint\",\"urlTemplate\":\"https:\\\/\\\/fjala.info\\\/2009-2015\\\/?s={search_term_string}\"},\"query-input\":{\"@type\":\"PropertyValueSpecification\",\"valueRequired\":true,\"valueName\":\"search_term_string\"}}],\"inLanguage\":\"sq-AL\"},{\"@type\":\"Organization\",\"@id\":\"https:\\\/\\\/fjala.info\\\/2009-2015\\\/#organization\",\"name\":\"FjALA e LIR\u00cb - Arkivi\",\"url\":\"https:\\\/\\\/fjala.info\\\/2009-2015\\\/\",\"logo\":{\"@type\":\"ImageObject\",\"inLanguage\":\"sq-AL\",\"@id\":\"https:\\\/\\\/fjala.info\\\/2009-2015\\\/#\\\/schema\\\/logo\\\/image\\\/\",\"url\":\"\",\"contentUrl\":\"\",\"caption\":\"FjALA e LIR\u00cb - Arkivi\"},\"image\":{\"@id\":\"https:\\\/\\\/fjala.info\\\/2009-2015\\\/#\\\/schema\\\/logo\\\/image\\\/\"}},{\"@type\":\"Person\",\"@id\":\"https:\\\/\\\/fjala.info\\\/2009-2015\\\/#\\\/schema\\\/person\\\/3aa1163ef05469c496fc94e77611ada2\",\"name\":\"admin\",\"image\":{\"@type\":\"ImageObject\",\"inLanguage\":\"sq-AL\",\"@id\":\"https:\\\/\\\/fjala.info\\\/2009-2015\\\/wp-content\\\/uploads\\\/2012\\\/02\\\/arben_cokaj-120x150.jpg\",\"url\":\"https:\\\/\\\/fjala.info\\\/2009-2015\\\/wp-content\\\/uploads\\\/2012\\\/02\\\/arben_cokaj-120x150.jpg\",\"contentUrl\":\"https:\\\/\\\/fjala.info\\\/2009-2015\\\/wp-content\\\/uploads\\\/2012\\\/02\\\/arben_cokaj-120x150.jpg\",\"caption\":\"admin\"},\"description\":\"Admin, Fjala e Lir\u00eb\",\"sameAs\":[\"https:\\\/\\\/fjala.info\\\/\"],\"url\":\"https:\\\/\\\/fjala.info\\\/2009-2015\\\/author\\\/admin\\\/\"}]}<\/script>\n<!-- \/ Yoast SEO plugin. -->","yoast_head_json":{"title":"Sepse nuk i ka borxh askujt! - FjALA e LIR\u00cb - Arkivi","robots":{"index":"index","follow":"follow","max-snippet":"max-snippet:-1","max-image-preview":"max-image-preview:large","max-video-preview":"max-video-preview:-1"},"canonical":"https:\/\/fjala.info\/2009-2015\/sepse-nuk-i-ka-borxh-askujt\/","og_locale":"sq_AL","og_type":"article","og_title":"Sepse nuk i ka borxh askujt! - FjALA e LIR\u00cb - Arkivi","og_description":"Mero Baze Gazetar\u00ebt q\u00eb ndjekin fushatat elektorale me siguri e mbajn\u00eb mend Odet\u00ebn. \u00cbsht\u00eb nj\u00eb vajz\u00eb q\u00eb punon si menaxhere tek nj\u00eb revist\u00eb mode, pron\u00eb e gruas s\u00eb Lul\u00ebzim Bash\u00ebs. Revista \u00ebsht\u00eb luksoze dhe bosh, si \u00e7do gj\u00eb q\u00ebdelp\u00ebr t\u00eb mbuluar di\u00e7ka dhe jo p\u00ebr t\u00eb zbuluar di\u00e7ka. Odeta \u00ebsht\u00eb menaxherja e revist\u00ebs. Ka sh\u00ebtitur [&hellip;]","og_url":"https:\/\/fjala.info\/2009-2015\/sepse-nuk-i-ka-borxh-askujt\/","og_site_name":"FjALA e LIR\u00cb - Arkivi","article_published_time":"2011-11-30T17:41:52+00:00","og_image":[{"url":"http:\/\/www.shkoder.net\/images\/fjala\/mero_baze1.jpg","type":"","width":"","height":""}],"author":"admin","twitter_card":"summary_large_image","twitter_misc":{"Written by":"admin","Est. reading time":"9 minutes"},"schema":{"@context":"https:\/\/schema.org","@graph":[{"@type":"Article","@id":"https:\/\/fjala.info\/2009-2015\/sepse-nuk-i-ka-borxh-askujt\/#article","isPartOf":{"@id":"https:\/\/fjala.info\/2009-2015\/sepse-nuk-i-ka-borxh-askujt\/"},"author":{"name":"admin","@id":"https:\/\/fjala.info\/2009-2015\/#\/schema\/person\/3aa1163ef05469c496fc94e77611ada2"},"headline":"Sepse nuk i ka borxh askujt!","datePublished":"2011-11-30T17:41:52+00:00","mainEntityOfPage":{"@id":"https:\/\/fjala.info\/2009-2015\/sepse-nuk-i-ka-borxh-askujt\/"},"wordCount":1835,"commentCount":0,"publisher":{"@id":"https:\/\/fjala.info\/2009-2015\/#organization"},"image":{"@id":"https:\/\/fjala.info\/2009-2015\/sepse-nuk-i-ka-borxh-askujt\/#primaryimage"},"thumbnailUrl":"http:\/\/www.shkoder.net\/images\/fjala\/mero_baze1.jpg","articleSection":["Artikuj"],"inLanguage":"sq-AL","potentialAction":[{"@type":"CommentAction","name":"Comment","target":["https:\/\/fjala.info\/2009-2015\/sepse-nuk-i-ka-borxh-askujt\/#respond"]}]},{"@type":"WebPage","@id":"https:\/\/fjala.info\/2009-2015\/sepse-nuk-i-ka-borxh-askujt\/","url":"https:\/\/fjala.info\/2009-2015\/sepse-nuk-i-ka-borxh-askujt\/","name":"Sepse nuk i ka borxh askujt! - FjALA e LIR\u00cb - Arkivi","isPartOf":{"@id":"https:\/\/fjala.info\/2009-2015\/#website"},"primaryImageOfPage":{"@id":"https:\/\/fjala.info\/2009-2015\/sepse-nuk-i-ka-borxh-askujt\/#primaryimage"},"image":{"@id":"https:\/\/fjala.info\/2009-2015\/sepse-nuk-i-ka-borxh-askujt\/#primaryimage"},"thumbnailUrl":"http:\/\/www.shkoder.net\/images\/fjala\/mero_baze1.jpg","datePublished":"2011-11-30T17:41:52+00:00","breadcrumb":{"@id":"https:\/\/fjala.info\/2009-2015\/sepse-nuk-i-ka-borxh-askujt\/#breadcrumb"},"inLanguage":"sq-AL","potentialAction":[{"@type":"ReadAction","target":["https:\/\/fjala.info\/2009-2015\/sepse-nuk-i-ka-borxh-askujt\/"]}]},{"@type":"ImageObject","inLanguage":"sq-AL","@id":"https:\/\/fjala.info\/2009-2015\/sepse-nuk-i-ka-borxh-askujt\/#primaryimage","url":"http:\/\/www.shkoder.net\/images\/fjala\/mero_baze1.jpg","contentUrl":"http:\/\/www.shkoder.net\/images\/fjala\/mero_baze1.jpg"},{"@type":"BreadcrumbList","@id":"https:\/\/fjala.info\/2009-2015\/sepse-nuk-i-ka-borxh-askujt\/#breadcrumb","itemListElement":[{"@type":"ListItem","position":1,"name":"Home","item":"https:\/\/fjala.info\/2009-2015\/"},{"@type":"ListItem","position":2,"name":"Sepse nuk i ka borxh askujt!"}]},{"@type":"WebSite","@id":"https:\/\/fjala.info\/2009-2015\/#website","url":"https:\/\/fjala.info\/2009-2015\/","name":"FjALA e LIR\u00cb - Arkivi","description":"Arkivi 2009-2015","publisher":{"@id":"https:\/\/fjala.info\/2009-2015\/#organization"},"potentialAction":[{"@type":"SearchAction","target":{"@type":"EntryPoint","urlTemplate":"https:\/\/fjala.info\/2009-2015\/?s={search_term_string}"},"query-input":{"@type":"PropertyValueSpecification","valueRequired":true,"valueName":"search_term_string"}}],"inLanguage":"sq-AL"},{"@type":"Organization","@id":"https:\/\/fjala.info\/2009-2015\/#organization","name":"FjALA e LIR\u00cb - Arkivi","url":"https:\/\/fjala.info\/2009-2015\/","logo":{"@type":"ImageObject","inLanguage":"sq-AL","@id":"https:\/\/fjala.info\/2009-2015\/#\/schema\/logo\/image\/","url":"","contentUrl":"","caption":"FjALA e LIR\u00cb - Arkivi"},"image":{"@id":"https:\/\/fjala.info\/2009-2015\/#\/schema\/logo\/image\/"}},{"@type":"Person","@id":"https:\/\/fjala.info\/2009-2015\/#\/schema\/person\/3aa1163ef05469c496fc94e77611ada2","name":"admin","image":{"@type":"ImageObject","inLanguage":"sq-AL","@id":"https:\/\/fjala.info\/2009-2015\/wp-content\/uploads\/2012\/02\/arben_cokaj-120x150.jpg","url":"https:\/\/fjala.info\/2009-2015\/wp-content\/uploads\/2012\/02\/arben_cokaj-120x150.jpg","contentUrl":"https:\/\/fjala.info\/2009-2015\/wp-content\/uploads\/2012\/02\/arben_cokaj-120x150.jpg","caption":"admin"},"description":"Admin, Fjala e Lir\u00eb","sameAs":["https:\/\/fjala.info\/"],"url":"https:\/\/fjala.info\/2009-2015\/author\/admin\/"}]}},"_links":{"self":[{"href":"https:\/\/fjala.info\/2009-2015\/wp-json\/wp\/v2\/posts\/403","targetHints":{"allow":["GET"]}}],"collection":[{"href":"https:\/\/fjala.info\/2009-2015\/wp-json\/wp\/v2\/posts"}],"about":[{"href":"https:\/\/fjala.info\/2009-2015\/wp-json\/wp\/v2\/types\/post"}],"author":[{"embeddable":true,"href":"https:\/\/fjala.info\/2009-2015\/wp-json\/wp\/v2\/users\/1"}],"replies":[{"embeddable":true,"href":"https:\/\/fjala.info\/2009-2015\/wp-json\/wp\/v2\/comments?post=403"}],"version-history":[{"count":0,"href":"https:\/\/fjala.info\/2009-2015\/wp-json\/wp\/v2\/posts\/403\/revisions"}],"wp:attachment":[{"href":"https:\/\/fjala.info\/2009-2015\/wp-json\/wp\/v2\/media?parent=403"}],"wp:term":[{"taxonomy":"category","embeddable":true,"href":"https:\/\/fjala.info\/2009-2015\/wp-json\/wp\/v2\/categories?post=403"},{"taxonomy":"post_tag","embeddable":true,"href":"https:\/\/fjala.info\/2009-2015\/wp-json\/wp\/v2\/tags?post=403"}],"curies":[{"name":"wp","href":"https:\/\/api.w.org\/{rel}","templated":true}]}}