{"id":4027,"date":"2010-09-24T17:36:58","date_gmt":"2010-09-24T16:36:58","guid":{"rendered":"http:\/\/fjala.shkoder.net\/?p=4027"},"modified":"2010-09-24T17:36:58","modified_gmt":"2010-09-24T16:36:58","slug":"nga-diktatura-proletare-ne-diktaturen-parlamentare","status":"publish","type":"post","link":"https:\/\/fjala.info\/2009-2015\/nga-diktatura-proletare-ne-diktaturen-parlamentare\/","title":{"rendered":"NGA DIKTATURA PROLETARE N\u00cb DIKTATUR\u00cbN PARLAMENTARE"},"content":{"rendered":"<p><img decoding=\"async\" style=\"margin-left: 10px; margin-right: 10px; border: 0px;\" title=\"Andrea Stefani\" src=\"http:\/\/www.shkoder.net\/images\/fjala\/andrea_stefani.jpg\" border=\"0\" alt=\"\" width=\"100\" align=\"left\" \/><\/p>\n<p><strong>Andrea Stefani<\/strong><\/p>\n<p>Nd\u00ebrsa mburret n\u00eb OKB se Shqip\u00ebria po arrin Objektivat e Zhvillimit t\u00eb Mij\u00ebvje\u00e7arit, Kryeministri Berisha \u00ebsht\u00eb v\u00ebn\u00eb n\u00eb krye t\u00eb proceseve q\u00eb po e shtyjn\u00eb vendin m\u00eb t\u00eb varf\u00ebr t\u00eb Europ\u00ebs drejt skemave totalitare t\u00eb qeverisjes s\u00eb shtetit. Vet\u00ebm 20 vjet pas p\u00ebrmbysjes s\u00eb diktatur\u00ebs s\u00eb proletariatit, demokracia parlamentare po degjeneron me shpejt\u00ebsi n\u00eb nj\u00eb diktatur\u00eb parlamentare t\u00eb partis\u00eb n\u00eb pushtet dhe liderit t\u00eb saj absolut.<\/p>\n<p>Episodi m\u00eb i fundit i k\u00ebtij regresi politik t\u00eb rreziksh\u00ebm p\u00ebr fatet e demokracis\u00eb dhe liris\u00eb ishte falsifikimi n\u00eb Kuvendin e Shqip\u00ebris\u00eb i procesit t\u00eb votimit t\u00eb dekretit t\u00eb Presidentit Topi lidhur me ligjin p\u00ebr pronat. Krejt n\u00eb kund\u00ebrshtim me rregulloren e Kuvendit dhe me kritikat e opozit\u00ebs, mazhoranca diktoi (prandaj dhe flasim p\u00ebr diktatur\u00eb) me arroganc\u00eb tiranike hedhjen posht\u00eb t\u00eb dekretit n\u00eb nj\u00eb votim qartazi t\u00eb paligjsh\u00ebm. Vet\u00ebm pak muaj m\u00eb par\u00eb Jozefina Topalli udh\u00ebhoqi nj\u00eb tjet\u00ebr proces votimi skandaloz, duke n\u00ebp\u00ebrk\u00ebmbur t\u00eb drejtat e ligjshme t\u00eb pakic\u00ebs parlamentare me nj\u00eb gjakftoht\u00ebsi dhe p\u00ebrbuzje t\u00eb denj\u00eb p\u00ebr spikerin e dikursh\u00ebm hitlerian t\u00eb Rajhshtagut gjerman, Herman Geringun.<\/p>\n<p>* * *<\/p>\n<p>Ka m\u00eb shum\u00eb se nj\u00eb vit q\u00eb mazhoranca berishiste shfaqet \u201ce brengosur\u201d p\u00ebr mospjes\u00ebmarrjen e opozit\u00ebs n\u00eb punimet e Kuvendit, por nd\u00ebrkaq, sa her\u00eb opozita \u00ebsht\u00eb n\u00eb sall\u00eb, nuk ngurron t\u2019i tregoj\u00eb se ajo \u00ebsht\u00eb atje vet\u00ebm sa p\u00ebr garnitur\u00eb. Shembull i k\u00ebsaj kreshendoje diktatoriale qe votimi n\u00eb fund t\u00eb sesionit t\u00eb kaluar t\u00eb ndryshimeve n\u00eb buxhetin e shtetit. Fol\u00ebsja Topalli as nuk denjoi q\u00eb sipas rregullores s\u00eb Kuvendit t\u00eb d\u00ebgjonte v\u00ebrejtjet e opozit\u00ebs nen p\u00ebr nen, por i miratoi ato me nj\u00eb frym\u00eb.<\/p>\n<p>Zonja Topalli d\u00ebshmoi k\u00ebshtu publikisht se n\u00eb mend\u00ebsin\u00eb e saj, diskutimet parlamentare, aq m\u00eb tep\u00ebr nga opozita, jan\u00eb nj\u00eb koh\u00eb e humbur kot, nj\u00eb formalitet i bezdissh\u00ebm q\u00eb duhet suprimuar qoft\u00eb edhe duke dhunuar rregulloren e Kuvendit. Dhe ashtu b\u00ebri. Ajo ngjarje e sh\u00ebmtuar qe nj\u00eb p\u00ebrdhunim spektakolar i rregullave t\u00eb loj\u00ebs parlamentare, ashtu sikund\u00ebr \u00ebsht\u00eb nj\u00eb dhunim i till\u00eb edhe falsifikimi i votimit t\u00eb Dekretit t\u00eb Presidentit Topi mbi ligjin p\u00ebr pronat ndodhur pak dit\u00eb m\u00eb par\u00eb. Arroganca q\u00eb shfaq shumica \u00ebsht\u00eb alarmuese n\u00eb disa rrafshe kryesore. N\u00eb radh\u00eb t\u00eb par\u00eb ajo bie ndesh me rregulloren e Kuvendit. Kjo \u00ebsht\u00eb, as m\u00eb shum\u00eb dhe as m\u00eb pak, por t\u00eb dal\u00ebsh mbi ligjin duke ngjizur k\u00ebshtu nj\u00eb pushtet t\u00eb pakufizuar t\u00eb shumic\u00ebs.<\/p>\n<p>N\u00eb saj\u00eb t\u00eb k\u00ebtyre praktikave tiranike, shtegu p\u00ebr sundimin e shtetit nga nj\u00eb parti e vetme \u00ebsht\u00eb hapur edhe m\u00eb shum\u00eb. Sepse rasti \u00ebsht\u00eb vet\u00ebm nj\u00eb nga episodet e shumta q\u00eb denoncojn\u00eb tendenc\u00ebn e fuqishme dhe degjeneruese t\u00eb pushtetit berishist p\u00ebr t\u00eb dal\u00eb mbi ligjin, kur dihet se nj\u00eb demokraci liberale mund t\u00eb jetoj\u00eb, sikund\u00ebr n\u00ebnvizon edhe Hannah Arendt, vet\u00ebm aty ligji \u00ebsht\u00eb mbi pushtetin dhe pushteti vet\u00ebm nj\u00eb mjet p\u00ebr zbatimin e ligjit. Nd\u00ebrsa betohet dhe bllokon transparenc\u00ebn e zgjedhjeve n\u00eb em\u00ebr t\u00eb respektit ndaj ligjit, pushteti berishist shkel n\u00eb m\u00ebnyr\u00eb frekuente rregulloren e Kuvendit, ligjin apo \u201ckushtetut\u00ebn\u201d e funksionimit t\u00eb tij. Dyfytyr\u00ebsia \u00ebsht\u00eb krejt e hapur.<\/p>\n<p>Nj\u00eb rrafsh tjet\u00ebr i tiranis\u00eb diktatoriale t\u00eb shumic\u00ebs, manifestuar n\u00eb rastin e votimit t\u00eb dekretit p\u00ebr pronat, ka t\u00eb b\u00ebj\u00eb m\u00eb shum\u00eb se me procedur\u00ebn, me p\u00ebrmbajtjen e tij. Ajo \u00e7ka synonte Presidenti Topi me dekretin e tij \u00ebsht\u00eb n\u00eb p\u00ebrputhje edhe me k\u00ebrkesat dhe aspiratat e klas\u00ebs s\u00eb pronar\u00ebve, q\u00eb pasi u zhvat\u00ebn dhe u persekutuan p\u00ebr 40 vjet nga diktatura komuniste, kan\u00eb mbi 20 vjet q\u00eb persekutohen edhe nga diktatura e nj\u00eb \u201cdemokracie\u201d t\u00eb korruptuar. Duke votuar krejt n\u00eb kund\u00ebrshtim me interesat e pronar\u00ebve n\u00eb favor t\u00eb nj\u00eb ligji q\u00eb e l\u00eb \u00e7\u00ebshtjen e kthimit t\u00eb pronave n\u00eb thonjt\u00eb e subjektivizmit dhe korrupsionit qeveritar, si dhe t\u00eb korrupsionit t\u00eb gjykatave vendase, lidershipi i PD-s\u00eb demonstroi hapur se ringritja e s\u00eb drejt\u00ebs s\u00eb pron\u00ebs private t\u00eb b\u00ebr\u00eb g\u00ebrmadh\u00eb nga komunizmi dhe shenjt\u00ebrimi i saj si themel i nj\u00eb shteti t\u00eb s\u00eb drejt\u00ebs, nuk jan\u00eb pjes\u00eb e ambicies politike t\u00eb tij. Ndryshimet n\u00eb ligjin p\u00ebr pronat t\u00eb sapo miratuar vet\u00ebm me votat e shumic\u00ebs n\u00eb Kuvend, jo vet\u00ebm nuk do korrigjojn\u00eb padrejt\u00ebsit\u00eb e vjetra, por do b\u00ebhen shkak padrejt\u00ebsish dhe zvarritjesh edhe m\u00eb tragjike p\u00ebr klas\u00ebn e pronar\u00ebve t\u00eb ligjsh\u00ebm n\u00eb k\u00ebt\u00eb shtet me shum\u00eb ligje, por pa fare drejt\u00ebsi.<\/p>\n<p>* * *<\/p>\n<p>Por incidenti q\u00eb po shqyrtojm\u00eb denoncon edhe zhvillime t\u00eb tjera alarmante. Mbi t\u00eb gjitha d\u00ebshmon se kjo shumic\u00eb dhe ky pushtet \u00ebsht\u00eb i prirur t\u00eb falsifikoj\u00eb deri edhe votime t\u00eb hapura n\u00eb tempullin e demokracis\u00eb. Kjo do t\u00eb thot\u00eb se as mund t\u00eb b\u00ebhet fjal\u00eb q\u00eb ky pushtet t\u00eb heq\u00eb dor\u00eb nga ngasja p\u00ebr t\u00eb manipuluar e falsifikuar votime t\u00eb fshehta dhe n\u00eb kuti t\u00eb mbyllura, n\u00eb fshatrat dhe sk\u00ebrkat e Shqip\u00ebris\u00eb. \u00cbsht\u00eb nj\u00eb zhvillim q\u00eb p\u00ebrligj alarmet e opozit\u00ebs mbi manipulimet e zgjedhjeve t\u00eb 28 qershorit edhe m\u00eb shum\u00eb se faktet e zbuluara n\u00eb Ruzhdije.<\/p>\n<p>Sepse denoncon nj\u00eb natyr\u00eb pushteti q\u00eb nuk e p\u00ebrmban dot arroganc\u00ebn p\u00ebr t\u00eb rr\u00ebmbyer at\u00eb q\u00eb nuk i takon edhe p\u00ebrpara kamerave dhe syve t\u00eb publikut. Nd\u00ebrkaq, incidenti denoncon p\u00ebrs\u00ebri nj\u00eb tendenc\u00eb konstante autoritariste drejt nj\u00eb pushteti gjithnj\u00eb e m\u00eb diktatorial t\u00eb nj\u00eb partie t\u00eb vetme (PD) dhe liderit t\u00eb saj t\u00eb p\u00ebrjetsh\u00ebm, Sali Berisha. Nuk do shum\u00eb mend t\u00eb kuptohet se vendimi i Topallit p\u00ebr t\u00eb votuar p\u00ebr t\u00eb dyt\u00ebn her\u00eb nj\u00eb dekret q\u00eb nuk u hodh dot posht\u00eb nga shumica n\u00eb votimin e par\u00eb, i ka rr\u00ebnj\u00ebt n\u00eb presionet e ushtruara n\u00eb prapasken\u00eb nga Kryeministri Berisha.<\/p>\n<p>Jan\u00eb aty edhe rreshtimet servile t\u00eb deputet\u00ebve t\u00eb shumic\u00ebs (pavar\u00ebsisht nga partit\u00eb) sipas urdhrit t\u00eb Zeusit Berisha. Kulti i s\u00ebmur\u00eb i k\u00ebtij t\u00eb fundit nuk mund t\u00eb lejonte q\u00eb t\u00eb p\u00ebsoj\u00eb disfat\u00eb (n\u00eb fakt gj\u00ebja m\u00eb normale n\u00eb nj\u00eb demokraci normale) p\u00ebrball\u00eb nj\u00eb institucioni si ai i Presidentit t\u00eb Republik\u00ebs. I mbrujtur me mend\u00ebsi komuniste se fjala e liderit nuk b\u00ebhet dysh, Berisha, n\u00ebp\u00ebrmjet Topallit, diktoi vullnetin e tij duke dal\u00eb mbi ligjin e funksionimit t\u00eb Kuvendit. Motoja e tij ka qen\u00eb dhe mbetet ajo e nj\u00eb lideri enverist: Ligji jam un\u00eb! Rasti d\u00ebshmon edhe nj\u00eb her\u00eb se ky politikan po b\u00ebhet gjithnj\u00eb e m\u00eb i rreziksh\u00ebm p\u00ebr demokracin\u00eb dhe lirin\u00eb, duke akumuluar gjithnj\u00eb e m\u00eb shum\u00eb pushtet n\u00eb duart e tij. Tashm\u00eb Berisha \u00ebsht\u00eb kreu absolut i ekzekutivit dhe i legjislativit.<\/p>\n<p>Ai po fiton terren alarmues n\u00eb pushtetin e drejt\u00ebsis\u00eb dhe n\u00ebse nuk rezistohet me sukses, nuk do t\u00eb jet\u00eb e larg\u00ebt dita kur, duke p\u00ebrfituar nga amendimet e Kushtetut\u00ebs, do t\u00eb marr\u00eb kreun edhe t\u00eb K\u00ebshillit t\u00eb Lart\u00eb t\u00eb Drejt\u00ebsis\u00eb, duke em\u00ebruar me vet\u00ebm 71 vota nj\u00eb nga beniamin\u00ebt e tij n\u00eb postin e Presidentit t\u00eb Republik\u00ebs. Ndarja reale e pushteteve n\u00eb Shqip\u00ebri po merr fund. E vetmja rezistenc\u00eb e mbetur \u00ebsht\u00eb opozita politike dhe nj\u00eb shoq\u00ebri civile q\u00eb, p\u00ebr momentin, ka humbur pa nam e nishan. Prandaj themi se po rr\u00ebshqasim drejt nj\u00eb diktature t\u00eb nj\u00eb partie t\u00eb vetme, nj\u00eb diktatur\u00eb jo proletare, por \u201cdemokratike\u201d dhe parlamentare. E megjithat\u00eb, nj\u00eb diktatur\u00eb.<\/p>\n","protected":false},"excerpt":{"rendered":"<p>Andrea Stefani Nd\u00ebrsa mburret n\u00eb OKB se Shqip\u00ebria po arrin Objektivat e Zhvillimit t\u00eb Mij\u00ebvje\u00e7arit, Kryeministri Berisha \u00ebsht\u00eb v\u00ebn\u00eb n\u00eb krye t\u00eb proceseve q\u00eb po e shtyjn\u00eb vendin m\u00eb t\u00eb varf\u00ebr t\u00eb Europ\u00ebs drejt skemave totalitare t\u00eb qeverisjes s\u00eb shtetit. Vet\u00ebm 20 vjet pas p\u00ebrmbysjes s\u00eb diktatur\u00ebs s\u00eb proletariatit, demokracia parlamentare po degjeneron me shpejt\u00ebsi [&hellip;]<\/p>\n","protected":false},"author":1,"featured_media":0,"comment_status":"open","ping_status":"closed","sticky":false,"template":"","format":"standard","meta":{"footnotes":""},"categories":[2],"tags":[],"class_list":{"0":"post-4027","1":"post","2":"type-post","3":"status-publish","4":"format-standard","6":"category-artikuj"},"yoast_head":"<!-- This site is optimized with the Yoast SEO plugin v27.4 - https:\/\/yoast.com\/product\/yoast-seo-wordpress\/ -->\n<title>NGA DIKTATURA PROLETARE N\u00cb DIKTATUR\u00cbN PARLAMENTARE - FjALA e LIR\u00cb - Arkivi<\/title>\n<meta name=\"robots\" content=\"index, follow, max-snippet:-1, max-image-preview:large, max-video-preview:-1\" \/>\n<link rel=\"canonical\" href=\"https:\/\/fjala.info\/2009-2015\/nga-diktatura-proletare-ne-diktaturen-parlamentare\/\" \/>\n<meta property=\"og:locale\" content=\"sq_AL\" \/>\n<meta property=\"og:type\" content=\"article\" \/>\n<meta property=\"og:title\" content=\"NGA DIKTATURA PROLETARE N\u00cb DIKTATUR\u00cbN PARLAMENTARE - FjALA e LIR\u00cb - Arkivi\" \/>\n<meta property=\"og:description\" content=\"Andrea Stefani Nd\u00ebrsa mburret n\u00eb OKB se Shqip\u00ebria po arrin Objektivat e Zhvillimit t\u00eb Mij\u00ebvje\u00e7arit, Kryeministri Berisha \u00ebsht\u00eb v\u00ebn\u00eb n\u00eb krye t\u00eb proceseve q\u00eb po e shtyjn\u00eb vendin m\u00eb t\u00eb varf\u00ebr t\u00eb Europ\u00ebs drejt skemave totalitare t\u00eb qeverisjes s\u00eb shtetit. Vet\u00ebm 20 vjet pas p\u00ebrmbysjes s\u00eb diktatur\u00ebs s\u00eb proletariatit, demokracia parlamentare po degjeneron me shpejt\u00ebsi [&hellip;]\" \/>\n<meta property=\"og:url\" content=\"https:\/\/fjala.info\/2009-2015\/nga-diktatura-proletare-ne-diktaturen-parlamentare\/\" \/>\n<meta property=\"og:site_name\" content=\"FjALA e LIR\u00cb - Arkivi\" \/>\n<meta property=\"article:published_time\" content=\"2010-09-24T16:36:58+00:00\" \/>\n<meta property=\"og:image\" content=\"http:\/\/www.shkoder.net\/images\/fjala\/andrea_stefani.jpg\" \/>\n<meta name=\"author\" content=\"admin\" \/>\n<meta name=\"twitter:card\" content=\"summary_large_image\" \/>\n<meta name=\"twitter:label1\" content=\"Written by\" \/>\n\t<meta name=\"twitter:data1\" content=\"admin\" \/>\n\t<meta name=\"twitter:label2\" content=\"Est. reading time\" \/>\n\t<meta name=\"twitter:data2\" content=\"6 minutes\" \/>\n<script type=\"application\/ld+json\" class=\"yoast-schema-graph\">{\"@context\":\"https:\\\/\\\/schema.org\",\"@graph\":[{\"@type\":\"Article\",\"@id\":\"https:\\\/\\\/fjala.info\\\/2009-2015\\\/nga-diktatura-proletare-ne-diktaturen-parlamentare\\\/#article\",\"isPartOf\":{\"@id\":\"https:\\\/\\\/fjala.info\\\/2009-2015\\\/nga-diktatura-proletare-ne-diktaturen-parlamentare\\\/\"},\"author\":{\"name\":\"admin\",\"@id\":\"https:\\\/\\\/fjala.info\\\/2009-2015\\\/#\\\/schema\\\/person\\\/3aa1163ef05469c496fc94e77611ada2\"},\"headline\":\"NGA DIKTATURA PROLETARE N\u00cb DIKTATUR\u00cbN PARLAMENTARE\",\"datePublished\":\"2010-09-24T16:36:58+00:00\",\"mainEntityOfPage\":{\"@id\":\"https:\\\/\\\/fjala.info\\\/2009-2015\\\/nga-diktatura-proletare-ne-diktaturen-parlamentare\\\/\"},\"wordCount\":1290,\"commentCount\":0,\"publisher\":{\"@id\":\"https:\\\/\\\/fjala.info\\\/2009-2015\\\/#organization\"},\"image\":{\"@id\":\"https:\\\/\\\/fjala.info\\\/2009-2015\\\/nga-diktatura-proletare-ne-diktaturen-parlamentare\\\/#primaryimage\"},\"thumbnailUrl\":\"http:\\\/\\\/www.shkoder.net\\\/images\\\/fjala\\\/andrea_stefani.jpg\",\"articleSection\":[\"Artikuj\"],\"inLanguage\":\"sq-AL\",\"potentialAction\":[{\"@type\":\"CommentAction\",\"name\":\"Comment\",\"target\":[\"https:\\\/\\\/fjala.info\\\/2009-2015\\\/nga-diktatura-proletare-ne-diktaturen-parlamentare\\\/#respond\"]}]},{\"@type\":\"WebPage\",\"@id\":\"https:\\\/\\\/fjala.info\\\/2009-2015\\\/nga-diktatura-proletare-ne-diktaturen-parlamentare\\\/\",\"url\":\"https:\\\/\\\/fjala.info\\\/2009-2015\\\/nga-diktatura-proletare-ne-diktaturen-parlamentare\\\/\",\"name\":\"NGA DIKTATURA PROLETARE N\u00cb DIKTATUR\u00cbN PARLAMENTARE - FjALA e LIR\u00cb - Arkivi\",\"isPartOf\":{\"@id\":\"https:\\\/\\\/fjala.info\\\/2009-2015\\\/#website\"},\"primaryImageOfPage\":{\"@id\":\"https:\\\/\\\/fjala.info\\\/2009-2015\\\/nga-diktatura-proletare-ne-diktaturen-parlamentare\\\/#primaryimage\"},\"image\":{\"@id\":\"https:\\\/\\\/fjala.info\\\/2009-2015\\\/nga-diktatura-proletare-ne-diktaturen-parlamentare\\\/#primaryimage\"},\"thumbnailUrl\":\"http:\\\/\\\/www.shkoder.net\\\/images\\\/fjala\\\/andrea_stefani.jpg\",\"datePublished\":\"2010-09-24T16:36:58+00:00\",\"breadcrumb\":{\"@id\":\"https:\\\/\\\/fjala.info\\\/2009-2015\\\/nga-diktatura-proletare-ne-diktaturen-parlamentare\\\/#breadcrumb\"},\"inLanguage\":\"sq-AL\",\"potentialAction\":[{\"@type\":\"ReadAction\",\"target\":[\"https:\\\/\\\/fjala.info\\\/2009-2015\\\/nga-diktatura-proletare-ne-diktaturen-parlamentare\\\/\"]}]},{\"@type\":\"ImageObject\",\"inLanguage\":\"sq-AL\",\"@id\":\"https:\\\/\\\/fjala.info\\\/2009-2015\\\/nga-diktatura-proletare-ne-diktaturen-parlamentare\\\/#primaryimage\",\"url\":\"http:\\\/\\\/www.shkoder.net\\\/images\\\/fjala\\\/andrea_stefani.jpg\",\"contentUrl\":\"http:\\\/\\\/www.shkoder.net\\\/images\\\/fjala\\\/andrea_stefani.jpg\"},{\"@type\":\"BreadcrumbList\",\"@id\":\"https:\\\/\\\/fjala.info\\\/2009-2015\\\/nga-diktatura-proletare-ne-diktaturen-parlamentare\\\/#breadcrumb\",\"itemListElement\":[{\"@type\":\"ListItem\",\"position\":1,\"name\":\"Home\",\"item\":\"https:\\\/\\\/fjala.info\\\/2009-2015\\\/\"},{\"@type\":\"ListItem\",\"position\":2,\"name\":\"NGA DIKTATURA PROLETARE N\u00cb DIKTATUR\u00cbN PARLAMENTARE\"}]},{\"@type\":\"WebSite\",\"@id\":\"https:\\\/\\\/fjala.info\\\/2009-2015\\\/#website\",\"url\":\"https:\\\/\\\/fjala.info\\\/2009-2015\\\/\",\"name\":\"FjALA e LIR\u00cb - Arkivi\",\"description\":\"Arkivi 2009-2015\",\"publisher\":{\"@id\":\"https:\\\/\\\/fjala.info\\\/2009-2015\\\/#organization\"},\"potentialAction\":[{\"@type\":\"SearchAction\",\"target\":{\"@type\":\"EntryPoint\",\"urlTemplate\":\"https:\\\/\\\/fjala.info\\\/2009-2015\\\/?s={search_term_string}\"},\"query-input\":{\"@type\":\"PropertyValueSpecification\",\"valueRequired\":true,\"valueName\":\"search_term_string\"}}],\"inLanguage\":\"sq-AL\"},{\"@type\":\"Organization\",\"@id\":\"https:\\\/\\\/fjala.info\\\/2009-2015\\\/#organization\",\"name\":\"FjALA e LIR\u00cb - Arkivi\",\"url\":\"https:\\\/\\\/fjala.info\\\/2009-2015\\\/\",\"logo\":{\"@type\":\"ImageObject\",\"inLanguage\":\"sq-AL\",\"@id\":\"https:\\\/\\\/fjala.info\\\/2009-2015\\\/#\\\/schema\\\/logo\\\/image\\\/\",\"url\":\"\",\"contentUrl\":\"\",\"caption\":\"FjALA e LIR\u00cb - Arkivi\"},\"image\":{\"@id\":\"https:\\\/\\\/fjala.info\\\/2009-2015\\\/#\\\/schema\\\/logo\\\/image\\\/\"}},{\"@type\":\"Person\",\"@id\":\"https:\\\/\\\/fjala.info\\\/2009-2015\\\/#\\\/schema\\\/person\\\/3aa1163ef05469c496fc94e77611ada2\",\"name\":\"admin\",\"image\":{\"@type\":\"ImageObject\",\"inLanguage\":\"sq-AL\",\"@id\":\"https:\\\/\\\/fjala.info\\\/2009-2015\\\/wp-content\\\/uploads\\\/2012\\\/02\\\/arben_cokaj-120x150.jpg\",\"url\":\"https:\\\/\\\/fjala.info\\\/2009-2015\\\/wp-content\\\/uploads\\\/2012\\\/02\\\/arben_cokaj-120x150.jpg\",\"contentUrl\":\"https:\\\/\\\/fjala.info\\\/2009-2015\\\/wp-content\\\/uploads\\\/2012\\\/02\\\/arben_cokaj-120x150.jpg\",\"caption\":\"admin\"},\"description\":\"Admin, Fjala e Lir\u00eb\",\"sameAs\":[\"https:\\\/\\\/fjala.info\\\/\"],\"url\":\"https:\\\/\\\/fjala.info\\\/2009-2015\\\/author\\\/admin\\\/\"}]}<\/script>\n<!-- \/ Yoast SEO plugin. -->","yoast_head_json":{"title":"NGA DIKTATURA PROLETARE N\u00cb DIKTATUR\u00cbN PARLAMENTARE - FjALA e LIR\u00cb - Arkivi","robots":{"index":"index","follow":"follow","max-snippet":"max-snippet:-1","max-image-preview":"max-image-preview:large","max-video-preview":"max-video-preview:-1"},"canonical":"https:\/\/fjala.info\/2009-2015\/nga-diktatura-proletare-ne-diktaturen-parlamentare\/","og_locale":"sq_AL","og_type":"article","og_title":"NGA DIKTATURA PROLETARE N\u00cb DIKTATUR\u00cbN PARLAMENTARE - FjALA e LIR\u00cb - Arkivi","og_description":"Andrea Stefani Nd\u00ebrsa mburret n\u00eb OKB se Shqip\u00ebria po arrin Objektivat e Zhvillimit t\u00eb Mij\u00ebvje\u00e7arit, Kryeministri Berisha \u00ebsht\u00eb v\u00ebn\u00eb n\u00eb krye t\u00eb proceseve q\u00eb po e shtyjn\u00eb vendin m\u00eb t\u00eb varf\u00ebr t\u00eb Europ\u00ebs drejt skemave totalitare t\u00eb qeverisjes s\u00eb shtetit. Vet\u00ebm 20 vjet pas p\u00ebrmbysjes s\u00eb diktatur\u00ebs s\u00eb proletariatit, demokracia parlamentare po degjeneron me shpejt\u00ebsi [&hellip;]","og_url":"https:\/\/fjala.info\/2009-2015\/nga-diktatura-proletare-ne-diktaturen-parlamentare\/","og_site_name":"FjALA e LIR\u00cb - Arkivi","article_published_time":"2010-09-24T16:36:58+00:00","og_image":[{"url":"http:\/\/www.shkoder.net\/images\/fjala\/andrea_stefani.jpg","type":"","width":"","height":""}],"author":"admin","twitter_card":"summary_large_image","twitter_misc":{"Written by":"admin","Est. reading time":"6 minutes"},"schema":{"@context":"https:\/\/schema.org","@graph":[{"@type":"Article","@id":"https:\/\/fjala.info\/2009-2015\/nga-diktatura-proletare-ne-diktaturen-parlamentare\/#article","isPartOf":{"@id":"https:\/\/fjala.info\/2009-2015\/nga-diktatura-proletare-ne-diktaturen-parlamentare\/"},"author":{"name":"admin","@id":"https:\/\/fjala.info\/2009-2015\/#\/schema\/person\/3aa1163ef05469c496fc94e77611ada2"},"headline":"NGA DIKTATURA PROLETARE N\u00cb DIKTATUR\u00cbN PARLAMENTARE","datePublished":"2010-09-24T16:36:58+00:00","mainEntityOfPage":{"@id":"https:\/\/fjala.info\/2009-2015\/nga-diktatura-proletare-ne-diktaturen-parlamentare\/"},"wordCount":1290,"commentCount":0,"publisher":{"@id":"https:\/\/fjala.info\/2009-2015\/#organization"},"image":{"@id":"https:\/\/fjala.info\/2009-2015\/nga-diktatura-proletare-ne-diktaturen-parlamentare\/#primaryimage"},"thumbnailUrl":"http:\/\/www.shkoder.net\/images\/fjala\/andrea_stefani.jpg","articleSection":["Artikuj"],"inLanguage":"sq-AL","potentialAction":[{"@type":"CommentAction","name":"Comment","target":["https:\/\/fjala.info\/2009-2015\/nga-diktatura-proletare-ne-diktaturen-parlamentare\/#respond"]}]},{"@type":"WebPage","@id":"https:\/\/fjala.info\/2009-2015\/nga-diktatura-proletare-ne-diktaturen-parlamentare\/","url":"https:\/\/fjala.info\/2009-2015\/nga-diktatura-proletare-ne-diktaturen-parlamentare\/","name":"NGA DIKTATURA PROLETARE N\u00cb DIKTATUR\u00cbN PARLAMENTARE - FjALA e LIR\u00cb - Arkivi","isPartOf":{"@id":"https:\/\/fjala.info\/2009-2015\/#website"},"primaryImageOfPage":{"@id":"https:\/\/fjala.info\/2009-2015\/nga-diktatura-proletare-ne-diktaturen-parlamentare\/#primaryimage"},"image":{"@id":"https:\/\/fjala.info\/2009-2015\/nga-diktatura-proletare-ne-diktaturen-parlamentare\/#primaryimage"},"thumbnailUrl":"http:\/\/www.shkoder.net\/images\/fjala\/andrea_stefani.jpg","datePublished":"2010-09-24T16:36:58+00:00","breadcrumb":{"@id":"https:\/\/fjala.info\/2009-2015\/nga-diktatura-proletare-ne-diktaturen-parlamentare\/#breadcrumb"},"inLanguage":"sq-AL","potentialAction":[{"@type":"ReadAction","target":["https:\/\/fjala.info\/2009-2015\/nga-diktatura-proletare-ne-diktaturen-parlamentare\/"]}]},{"@type":"ImageObject","inLanguage":"sq-AL","@id":"https:\/\/fjala.info\/2009-2015\/nga-diktatura-proletare-ne-diktaturen-parlamentare\/#primaryimage","url":"http:\/\/www.shkoder.net\/images\/fjala\/andrea_stefani.jpg","contentUrl":"http:\/\/www.shkoder.net\/images\/fjala\/andrea_stefani.jpg"},{"@type":"BreadcrumbList","@id":"https:\/\/fjala.info\/2009-2015\/nga-diktatura-proletare-ne-diktaturen-parlamentare\/#breadcrumb","itemListElement":[{"@type":"ListItem","position":1,"name":"Home","item":"https:\/\/fjala.info\/2009-2015\/"},{"@type":"ListItem","position":2,"name":"NGA DIKTATURA PROLETARE N\u00cb DIKTATUR\u00cbN PARLAMENTARE"}]},{"@type":"WebSite","@id":"https:\/\/fjala.info\/2009-2015\/#website","url":"https:\/\/fjala.info\/2009-2015\/","name":"FjALA e LIR\u00cb - Arkivi","description":"Arkivi 2009-2015","publisher":{"@id":"https:\/\/fjala.info\/2009-2015\/#organization"},"potentialAction":[{"@type":"SearchAction","target":{"@type":"EntryPoint","urlTemplate":"https:\/\/fjala.info\/2009-2015\/?s={search_term_string}"},"query-input":{"@type":"PropertyValueSpecification","valueRequired":true,"valueName":"search_term_string"}}],"inLanguage":"sq-AL"},{"@type":"Organization","@id":"https:\/\/fjala.info\/2009-2015\/#organization","name":"FjALA e LIR\u00cb - Arkivi","url":"https:\/\/fjala.info\/2009-2015\/","logo":{"@type":"ImageObject","inLanguage":"sq-AL","@id":"https:\/\/fjala.info\/2009-2015\/#\/schema\/logo\/image\/","url":"","contentUrl":"","caption":"FjALA e LIR\u00cb - Arkivi"},"image":{"@id":"https:\/\/fjala.info\/2009-2015\/#\/schema\/logo\/image\/"}},{"@type":"Person","@id":"https:\/\/fjala.info\/2009-2015\/#\/schema\/person\/3aa1163ef05469c496fc94e77611ada2","name":"admin","image":{"@type":"ImageObject","inLanguage":"sq-AL","@id":"https:\/\/fjala.info\/2009-2015\/wp-content\/uploads\/2012\/02\/arben_cokaj-120x150.jpg","url":"https:\/\/fjala.info\/2009-2015\/wp-content\/uploads\/2012\/02\/arben_cokaj-120x150.jpg","contentUrl":"https:\/\/fjala.info\/2009-2015\/wp-content\/uploads\/2012\/02\/arben_cokaj-120x150.jpg","caption":"admin"},"description":"Admin, Fjala e Lir\u00eb","sameAs":["https:\/\/fjala.info\/"],"url":"https:\/\/fjala.info\/2009-2015\/author\/admin\/"}]}},"_links":{"self":[{"href":"https:\/\/fjala.info\/2009-2015\/wp-json\/wp\/v2\/posts\/4027","targetHints":{"allow":["GET"]}}],"collection":[{"href":"https:\/\/fjala.info\/2009-2015\/wp-json\/wp\/v2\/posts"}],"about":[{"href":"https:\/\/fjala.info\/2009-2015\/wp-json\/wp\/v2\/types\/post"}],"author":[{"embeddable":true,"href":"https:\/\/fjala.info\/2009-2015\/wp-json\/wp\/v2\/users\/1"}],"replies":[{"embeddable":true,"href":"https:\/\/fjala.info\/2009-2015\/wp-json\/wp\/v2\/comments?post=4027"}],"version-history":[{"count":0,"href":"https:\/\/fjala.info\/2009-2015\/wp-json\/wp\/v2\/posts\/4027\/revisions"}],"wp:attachment":[{"href":"https:\/\/fjala.info\/2009-2015\/wp-json\/wp\/v2\/media?parent=4027"}],"wp:term":[{"taxonomy":"category","embeddable":true,"href":"https:\/\/fjala.info\/2009-2015\/wp-json\/wp\/v2\/categories?post=4027"},{"taxonomy":"post_tag","embeddable":true,"href":"https:\/\/fjala.info\/2009-2015\/wp-json\/wp\/v2\/tags?post=4027"}],"curies":[{"name":"wp","href":"https:\/\/api.w.org\/{rel}","templated":true}]}}