{"id":4021,"date":"2012-07-25T21:25:05","date_gmt":"2012-07-25T20:25:05","guid":{"rendered":"http:\/\/www.fjala.info\/?p=4021"},"modified":"2012-07-25T21:25:05","modified_gmt":"2012-07-25T20:25:05","slug":"a-jemi-apo-nuk-jemi-ilire","status":"publish","type":"post","link":"https:\/\/fjala.info\/2009-2015\/a-jemi-apo-nuk-jemi-ilire\/","title":{"rendered":"A jemi, apo nuk jemi ilir\u00eb?"},"content":{"rendered":"<p><img decoding=\"async\" class=\"alignright size-thumbnail wp-image-7236\" title=\"Cultural Heritage\" src=\"http:\/\/www.fjala.info\/2012\/cultural_heritage.jpg\" alt=\"\" width=\"300\" \/> Nga <strong>Auron Tare<\/strong>, <em>25 Korrik 2012<\/em><\/p>\n<p>Sa hyn n\u00eb dogan\u00ebn shqiptare t\u00eb Kakavij\u00ebs, syri t\u00eb z\u00eb n\u00eb kiosk\u00ebn e policit nj\u00eb poster t\u00eb madh, ngjitur paksa shtremb\u00ebr, shkruar n\u00eb anglisht. Nj\u00eb foto e madhe me dy duar q\u00eb mbajn\u00eb nj\u00eb vazo antike greke dhe shenja e ndalimit me t\u00ebrhoqi v\u00ebmendjen p\u00ebr ta par\u00eb nga af\u00ebr.<\/p>\n<p>Posteri i madh kishte nj\u00eb titull shum\u00eb dometh\u00ebn\u00ebs. \u201cTrash\u00ebgimia Kulturore- Identiteti Europian i Shqip\u00ebris\u00eb\u201d dhe m\u00eb posht\u00eb po n\u00eb anglisht nj\u00eb s\u00ebr\u00eb radh\u00ebsh shpjeguese p\u00ebr \u00e7do t\u00eb huaj q\u00eb hyn n\u00eb Kakavij\u00eb.<\/p>\n<p>Radha e njer\u00ebzve p\u00ebrpara policit ishte paksa e gjat\u00eb k\u00ebshtu q\u00eb p\u00ebr t\u00eb kaluar koh\u00ebn fillova ta shikoj me v\u00ebmendje posterin e trash\u00ebgimis\u00eb.<\/p>\n<p>Titulli i posterit m\u00eb p\u00eblqeu shum\u00eb. Nj\u00eb gjetje e MKTRS, thash\u00eb me vete. Identiteti yn\u00eb europian \u00ebsht\u00eb trash\u00ebgimia kulturore, bravo ministria. Por m\u00eb habiti fotoja e p\u00ebrzgjedhur. MKTRS me k\u00ebt\u00eb foto q\u00eb ka vendosur p\u00ebr t\u00eb ilustruar k\u00ebt\u00eb ide k\u00ebrkon me sa duket t\u00eb d\u00ebshmoj\u00eb edhe di\u00e7ka tjet\u00ebr. Duart e ministris\u00eb son\u00eb t\u00eb Kultur\u00ebs q\u00eb mbajn\u00eb vazon antike helene n\u00eb foto, me sa kuptohet k\u00ebrkojn\u00eb t\u00eb d\u00ebshmojn\u00eb se trash\u00ebgimia jon\u00eb kulturore p\u00ebrfaq\u00ebsohet nga kultura helene. Ky \u00ebsht\u00eb mesazhi i qart\u00eb q\u00eb ministria jon\u00eb dhe Drejtoria e Trash\u00ebgimis\u00eb k\u00ebrkojn\u00eb t\u00eb d\u00ebshmojn\u00eb. Nuk ka shpjegim tjet\u00ebr kjo foto.<\/p>\n<p>Mesa duket ministria jone e Kultur\u00ebs nuk di se n\u00eb territorin e Shqip\u00ebris\u00eb, krahas zbulimeve t\u00eb mrekullueshme t\u00eb artit helen apo romak n\u00eb kolonit\u00eb e bregdetit, ka ekzistuar edhe nj\u00eb trash\u00ebgimi kulturore e pasur ilire. Objekte shume interesante qeramike, zbukurime apo arm\u00eb t\u00eb ndryshme t\u00eb popullsive ilire jan\u00eb gjetur pa fund. Ministria e Kultur\u00ebs dhe Drejtori i Trash\u00ebgimis\u00eb Kulturore, arkeologu Lafe, nuk e din\u00eb se ka me qindra artikuj t\u00eb shkruar mbi kultur\u00ebn ilire, kultur\u00eb t\u00eb cil\u00ebs nj\u00eb plejad\u00eb e madhe studiuesish k\u00ebrkojn\u00eb t\u2019i identifikojn\u00eb gjenez\u00ebn e popullsis\u00eb shqiptare.<\/p>\n<p>A jemi apo nuk jemi ilire? Jo, me sa duket t\u00eb gjitha m\u00ebsimet e shkoll\u00ebs, artikujt e profesor\u00ebve t\u00eb historis\u00eb, g\u00ebrmimet e arkeolog\u00ebve, studimet e gjuh\u00ebtar\u00ebve hidhen posht\u00eb leht\u00ebsisht nga ministria jon\u00eb e Kultur\u00ebs dhe Drejtoria e Trash\u00ebgimis\u00eb. T\u00eb huajt q\u00eb hyjn\u00eb n\u00eb Shqip\u00ebri dhe lexojn\u00eb posterin e MKTRS nuk e njohin \u00c7abejin. Nuk e kan\u00eb lexuar ndonj\u00ebher\u00eb as Korkutin dhe as Cek\u00ebn. Nuk i njohin studimet e nj\u00eb s\u00ebr\u00eb studiuesish europian\u00eb p\u00ebr \u00e7\u00ebshtjet ilire. Ata thjesht marrin nj\u00eb mesazh t\u00eb qart\u00eb nga i zoti i vendit mu n\u00eb port\u00ebn e sht\u00ebpis\u00eb. \u201cTrash\u00ebgimia Kulturore Europiane e shqiptareve \u00ebsht\u00eb kultura helene\u201d.<\/p>\n<p>Bravo ju qoft\u00eb o t\u00eb m\u00ebdhenjt\u00eb e kultur\u00ebs son\u00eb. A thua se nuk kishte mund\u00ebsi q\u00eb duart q\u00eb mbajn\u00eb vazon helene nuk mund t\u00eb mbanin dot vazo ilire? Zbukurimet e mrekullueshme t\u00eb zbuluara n\u00eb Selc\u00eb t\u00eb Mokr\u00ebs nuk ishin t\u00eb denja p\u00ebr posterin tuaj? Helmeta e famshme ilire me t\u00eb cil\u00ebn krenohen muzeumet e njohur t\u00eb bot\u00ebs, nuk ishte e denj\u00eb p\u00ebr tu reklamuar n\u00eb hyrje t\u00eb portave t\u00eb Shqip\u00ebris\u00eb? JO, JO, ministri yn\u00eb i Kultur\u00ebs dhe arkeologu Lafe, q\u00eb drejton pun\u00ebt e trash\u00ebgimis\u00eb son\u00eb jan\u00eb t\u00eb qart\u00eb. Identiteti yn\u00eb kulturor \u00ebsht\u00eb helen.<\/p>\n<p>Teksa lexoja posterin e Ministris\u00eb s\u00eb Kultur\u00ebs, nj\u00eb autobus me udh\u00ebtar\u00eb sapo mb\u00ebrriti dhe shqipot si ilir\u00eb t\u00eb v\u00ebrtet\u00eb u sul\u00ebn t\u00eb gjith\u00eb pa radh\u00eb p\u00ebr t\u00eb vulosur pasaportat. Plus disa t\u00eb fort\u00eb me Benza t\u00eb shtrenjt\u00eb, me brek\u00eb t\u00eb shkurtra dhe barkun p\u00ebrjashta iu shtuan radh\u00ebs s\u00eb gjat\u00eb. K\u00ebshtu q\u00eb nuk m\u00eb mbeti gj\u00eb, por t\u2019i rikthehesha leximit t\u00eb posterit.<\/p>\n<p>Pika 1. \u201cVjedhja, grabitja dhe d\u00ebmtimi i monumenteve t\u00eb kultur\u00ebs, ansambleve, q\u00ebndrave historike dhe parqeve arkeologjike \u00ebsht\u00eb e ndaluar rrept\u00ebsisht me ligj\u201d.<\/p>\n<p>Pika 3. \u201cVjedhja, grabitja dhe d\u00ebmtimi i \u00e7do objekti me vler\u00eb t\u00eb trash\u00ebgimis\u00eb kulturore t\u00eb Shqip\u00ebris\u00eb \u00ebsht\u00eb rrept\u00ebsisht i ndaluar me ligj dhe d\u00ebnohet me gjob\u00eb apo me burgim\u201d.<\/p>\n<p>\u201cDenonconi n\u00eb numrin 129 n\u00ebse keni qen\u00eb d\u00ebshmitar i veprimeve t\u00eb m\u00ebsip\u00ebrme.<\/p>\n<p>Ministria e Kultur\u00ebs, Rinis\u00eb dhe Sporteve<\/p>\n<p>Drejtoria e Trash\u00ebgimis\u00eb Kulturore<\/p>\n<p>Mb\u00ebshtetur nga ICEBERG<\/p>\n<p>&#8212;-<\/p>\n<p>Ky ishte n\u00eb menyr\u00eb t\u00eb p\u00ebrmbledhur teksti i posterit t\u00eb Ministris\u00eb.<\/p>\n<p>Nd\u00ebrkohe m\u00eb kishte ardhur radha. Vulosa pasaport\u00ebn dhe duke hipur n\u00eb makin\u00eb vendosa t\u00eb provoj n\u00ebse e gjitha ajo q\u00eb shkruhej n\u00eb poster ishte e v\u00ebrtet\u00eb.<\/p>\n<p>Telefonova n\u00eb numrin 129, pasi prita pak, nj\u00eb z\u00eb me theks jugor, por korrekt, mu prezantua si oficeri i sall\u00ebs operative.<\/p>\n<p>Auroni: Jam nj\u00eb qytetar, i thash\u00eb duke i dh\u00ebn\u00eb emrin. D\u00ebshiroja t\u00eb dija n\u00ebse mund t\u00eb denoncoja nj\u00eb tentativ\u00eb p\u00ebr prishjen e nj\u00eb monumenti t\u00eb kultur\u00ebs sipas udh\u00ebzimit q\u00eb sapo lexova n\u00eb posterin e MKRS.<\/p>\n<p>Po- m\u00eb tha z\u00ebri matan\u00eb telefonit- mundeni.<\/p>\n<p>Auroni: A \u00ebsht\u00eb krim i d\u00ebnuesh\u00ebm tentativa p\u00ebr prishjen e nj\u00eb monumenti kulture t\u00eb shpallur me ligj?<\/p>\n<p>Oficeri i Policis\u00eb: Po, patjet\u00ebr.<\/p>\n<p>Auroni: N\u00ebse ky monument d\u00ebmtohet edhe pjes\u00ebrisht, a \u00ebsht\u00eb i d\u00ebnuesh\u00ebm me ligj?<\/p>\n<p>Oficeri i policis\u00eb: Po, sigurisht, ligji e p\u00ebrcakton qart\u00eb po d\u00ebmtove monumentin, d\u00ebnohesh me burg.<\/p>\n<p>Auroni: Faleminderit, at\u00ebher\u00eb sh\u00ebnojeni ju lutem. Ka nj\u00eb tentativ\u00eb p\u00ebr t\u00eb d\u00ebmtuar Pallatin e Brigadave n\u00eb Tiran\u00eb.<\/p>\n<p>Oficeri: Po e shkruaj edhe nj\u00eb her\u00eb, Pallati i Brigadave. Kuptova. Po kush \u00ebsht\u00eb ky k\u00ebrri\u00e7 q\u00eb do t\u00eb prish\u00eb Pallatin e Brigadave?<\/p>\n<p>Auroni: Z. Kryeminist\u00ebr.<\/p>\n<p>Oficeri: Kush more? Shiko more djal\u00eb, po pse nuk e b\u00ebn denoncimin n\u00eb Tiran\u00eb t\u00eb lutem?<\/p>\n<p>Auroni: Po i rashe numrit 129 dhe ju me dol\u00ebt, a mbajt\u00ebt sh\u00ebnim apo jo?<\/p>\n<p>Oficeri: Z. Auron, mirupafshim!<\/p>\n<p>E mbylla telefonin. Posteri ishte shum\u00eb i qart\u00eb. I drejtohej europian\u00ebve.<\/p>\n","protected":false},"excerpt":{"rendered":"<p>Nga Auron Tare, 25 Korrik 2012 Sa hyn n\u00eb dogan\u00ebn shqiptare t\u00eb Kakavij\u00ebs, syri t\u00eb z\u00eb n\u00eb kiosk\u00ebn e policit nj\u00eb poster t\u00eb madh, ngjitur paksa shtremb\u00ebr, shkruar n\u00eb anglisht. Nj\u00eb foto e madhe me dy duar q\u00eb mbajn\u00eb nj\u00eb vazo antike greke dhe shenja e ndalimit me t\u00ebrhoqi v\u00ebmendjen p\u00ebr ta par\u00eb nga af\u00ebr. [&hellip;]<\/p>\n","protected":false},"author":1,"featured_media":0,"comment_status":"open","ping_status":"closed","sticky":false,"template":"","format":"standard","meta":{"footnotes":""},"categories":[2],"tags":[],"class_list":{"0":"post-4021","1":"post","2":"type-post","3":"status-publish","4":"format-standard","6":"category-artikuj"},"yoast_head":"<!-- This site is optimized with the Yoast SEO plugin v27.4 - https:\/\/yoast.com\/product\/yoast-seo-wordpress\/ -->\n<title>A jemi, apo nuk jemi ilir\u00eb? - FjALA e LIR\u00cb - Arkivi<\/title>\n<meta name=\"robots\" content=\"index, follow, max-snippet:-1, max-image-preview:large, max-video-preview:-1\" \/>\n<link rel=\"canonical\" href=\"https:\/\/fjala.info\/2009-2015\/a-jemi-apo-nuk-jemi-ilire\/\" \/>\n<meta property=\"og:locale\" content=\"sq_AL\" \/>\n<meta property=\"og:type\" content=\"article\" \/>\n<meta property=\"og:title\" content=\"A jemi, apo nuk jemi ilir\u00eb? - FjALA e LIR\u00cb - Arkivi\" \/>\n<meta property=\"og:description\" content=\"Nga Auron Tare, 25 Korrik 2012 Sa hyn n\u00eb dogan\u00ebn shqiptare t\u00eb Kakavij\u00ebs, syri t\u00eb z\u00eb n\u00eb kiosk\u00ebn e policit nj\u00eb poster t\u00eb madh, ngjitur paksa shtremb\u00ebr, shkruar n\u00eb anglisht. Nj\u00eb foto e madhe me dy duar q\u00eb mbajn\u00eb nj\u00eb vazo antike greke dhe shenja e ndalimit me t\u00ebrhoqi v\u00ebmendjen p\u00ebr ta par\u00eb nga af\u00ebr. [&hellip;]\" \/>\n<meta property=\"og:url\" content=\"https:\/\/fjala.info\/2009-2015\/a-jemi-apo-nuk-jemi-ilire\/\" \/>\n<meta property=\"og:site_name\" content=\"FjALA e LIR\u00cb - Arkivi\" \/>\n<meta property=\"article:published_time\" content=\"2012-07-25T20:25:05+00:00\" \/>\n<meta property=\"og:image\" content=\"http:\/\/www.fjala.info\/2012\/cultural_heritage.jpg\" \/>\n<meta name=\"author\" content=\"admin\" \/>\n<meta name=\"twitter:card\" content=\"summary_large_image\" \/>\n<meta name=\"twitter:label1\" content=\"Written by\" \/>\n\t<meta name=\"twitter:data1\" content=\"admin\" \/>\n\t<meta name=\"twitter:label2\" content=\"Est. reading time\" \/>\n\t<meta name=\"twitter:data2\" content=\"5 minutes\" \/>\n<script type=\"application\/ld+json\" class=\"yoast-schema-graph\">{\"@context\":\"https:\\\/\\\/schema.org\",\"@graph\":[{\"@type\":\"Article\",\"@id\":\"https:\\\/\\\/fjala.info\\\/2009-2015\\\/a-jemi-apo-nuk-jemi-ilire\\\/#article\",\"isPartOf\":{\"@id\":\"https:\\\/\\\/fjala.info\\\/2009-2015\\\/a-jemi-apo-nuk-jemi-ilire\\\/\"},\"author\":{\"name\":\"admin\",\"@id\":\"https:\\\/\\\/fjala.info\\\/2009-2015\\\/#\\\/schema\\\/person\\\/3aa1163ef05469c496fc94e77611ada2\"},\"headline\":\"A jemi, apo nuk jemi ilir\u00eb?\",\"datePublished\":\"2012-07-25T20:25:05+00:00\",\"mainEntityOfPage\":{\"@id\":\"https:\\\/\\\/fjala.info\\\/2009-2015\\\/a-jemi-apo-nuk-jemi-ilire\\\/\"},\"wordCount\":1008,\"commentCount\":0,\"publisher\":{\"@id\":\"https:\\\/\\\/fjala.info\\\/2009-2015\\\/#organization\"},\"image\":{\"@id\":\"https:\\\/\\\/fjala.info\\\/2009-2015\\\/a-jemi-apo-nuk-jemi-ilire\\\/#primaryimage\"},\"thumbnailUrl\":\"http:\\\/\\\/www.fjala.info\\\/2012\\\/cultural_heritage.jpg\",\"articleSection\":[\"Artikuj\"],\"inLanguage\":\"sq-AL\",\"potentialAction\":[{\"@type\":\"CommentAction\",\"name\":\"Comment\",\"target\":[\"https:\\\/\\\/fjala.info\\\/2009-2015\\\/a-jemi-apo-nuk-jemi-ilire\\\/#respond\"]}]},{\"@type\":\"WebPage\",\"@id\":\"https:\\\/\\\/fjala.info\\\/2009-2015\\\/a-jemi-apo-nuk-jemi-ilire\\\/\",\"url\":\"https:\\\/\\\/fjala.info\\\/2009-2015\\\/a-jemi-apo-nuk-jemi-ilire\\\/\",\"name\":\"A jemi, apo nuk jemi ilir\u00eb? - FjALA e LIR\u00cb - Arkivi\",\"isPartOf\":{\"@id\":\"https:\\\/\\\/fjala.info\\\/2009-2015\\\/#website\"},\"primaryImageOfPage\":{\"@id\":\"https:\\\/\\\/fjala.info\\\/2009-2015\\\/a-jemi-apo-nuk-jemi-ilire\\\/#primaryimage\"},\"image\":{\"@id\":\"https:\\\/\\\/fjala.info\\\/2009-2015\\\/a-jemi-apo-nuk-jemi-ilire\\\/#primaryimage\"},\"thumbnailUrl\":\"http:\\\/\\\/www.fjala.info\\\/2012\\\/cultural_heritage.jpg\",\"datePublished\":\"2012-07-25T20:25:05+00:00\",\"breadcrumb\":{\"@id\":\"https:\\\/\\\/fjala.info\\\/2009-2015\\\/a-jemi-apo-nuk-jemi-ilire\\\/#breadcrumb\"},\"inLanguage\":\"sq-AL\",\"potentialAction\":[{\"@type\":\"ReadAction\",\"target\":[\"https:\\\/\\\/fjala.info\\\/2009-2015\\\/a-jemi-apo-nuk-jemi-ilire\\\/\"]}]},{\"@type\":\"ImageObject\",\"inLanguage\":\"sq-AL\",\"@id\":\"https:\\\/\\\/fjala.info\\\/2009-2015\\\/a-jemi-apo-nuk-jemi-ilire\\\/#primaryimage\",\"url\":\"http:\\\/\\\/www.fjala.info\\\/2012\\\/cultural_heritage.jpg\",\"contentUrl\":\"http:\\\/\\\/www.fjala.info\\\/2012\\\/cultural_heritage.jpg\"},{\"@type\":\"BreadcrumbList\",\"@id\":\"https:\\\/\\\/fjala.info\\\/2009-2015\\\/a-jemi-apo-nuk-jemi-ilire\\\/#breadcrumb\",\"itemListElement\":[{\"@type\":\"ListItem\",\"position\":1,\"name\":\"Home\",\"item\":\"https:\\\/\\\/fjala.info\\\/2009-2015\\\/\"},{\"@type\":\"ListItem\",\"position\":2,\"name\":\"A jemi, apo nuk jemi ilir\u00eb?\"}]},{\"@type\":\"WebSite\",\"@id\":\"https:\\\/\\\/fjala.info\\\/2009-2015\\\/#website\",\"url\":\"https:\\\/\\\/fjala.info\\\/2009-2015\\\/\",\"name\":\"FjALA e LIR\u00cb - Arkivi\",\"description\":\"Arkivi 2009-2015\",\"publisher\":{\"@id\":\"https:\\\/\\\/fjala.info\\\/2009-2015\\\/#organization\"},\"potentialAction\":[{\"@type\":\"SearchAction\",\"target\":{\"@type\":\"EntryPoint\",\"urlTemplate\":\"https:\\\/\\\/fjala.info\\\/2009-2015\\\/?s={search_term_string}\"},\"query-input\":{\"@type\":\"PropertyValueSpecification\",\"valueRequired\":true,\"valueName\":\"search_term_string\"}}],\"inLanguage\":\"sq-AL\"},{\"@type\":\"Organization\",\"@id\":\"https:\\\/\\\/fjala.info\\\/2009-2015\\\/#organization\",\"name\":\"FjALA e LIR\u00cb - Arkivi\",\"url\":\"https:\\\/\\\/fjala.info\\\/2009-2015\\\/\",\"logo\":{\"@type\":\"ImageObject\",\"inLanguage\":\"sq-AL\",\"@id\":\"https:\\\/\\\/fjala.info\\\/2009-2015\\\/#\\\/schema\\\/logo\\\/image\\\/\",\"url\":\"\",\"contentUrl\":\"\",\"caption\":\"FjALA e LIR\u00cb - Arkivi\"},\"image\":{\"@id\":\"https:\\\/\\\/fjala.info\\\/2009-2015\\\/#\\\/schema\\\/logo\\\/image\\\/\"}},{\"@type\":\"Person\",\"@id\":\"https:\\\/\\\/fjala.info\\\/2009-2015\\\/#\\\/schema\\\/person\\\/3aa1163ef05469c496fc94e77611ada2\",\"name\":\"admin\",\"image\":{\"@type\":\"ImageObject\",\"inLanguage\":\"sq-AL\",\"@id\":\"https:\\\/\\\/fjala.info\\\/2009-2015\\\/wp-content\\\/uploads\\\/2012\\\/02\\\/arben_cokaj-120x150.jpg\",\"url\":\"https:\\\/\\\/fjala.info\\\/2009-2015\\\/wp-content\\\/uploads\\\/2012\\\/02\\\/arben_cokaj-120x150.jpg\",\"contentUrl\":\"https:\\\/\\\/fjala.info\\\/2009-2015\\\/wp-content\\\/uploads\\\/2012\\\/02\\\/arben_cokaj-120x150.jpg\",\"caption\":\"admin\"},\"description\":\"Admin, Fjala e Lir\u00eb\",\"sameAs\":[\"https:\\\/\\\/fjala.info\\\/\"],\"url\":\"https:\\\/\\\/fjala.info\\\/2009-2015\\\/author\\\/admin\\\/\"}]}<\/script>\n<!-- \/ Yoast SEO plugin. -->","yoast_head_json":{"title":"A jemi, apo nuk jemi ilir\u00eb? - FjALA e LIR\u00cb - Arkivi","robots":{"index":"index","follow":"follow","max-snippet":"max-snippet:-1","max-image-preview":"max-image-preview:large","max-video-preview":"max-video-preview:-1"},"canonical":"https:\/\/fjala.info\/2009-2015\/a-jemi-apo-nuk-jemi-ilire\/","og_locale":"sq_AL","og_type":"article","og_title":"A jemi, apo nuk jemi ilir\u00eb? - FjALA e LIR\u00cb - Arkivi","og_description":"Nga Auron Tare, 25 Korrik 2012 Sa hyn n\u00eb dogan\u00ebn shqiptare t\u00eb Kakavij\u00ebs, syri t\u00eb z\u00eb n\u00eb kiosk\u00ebn e policit nj\u00eb poster t\u00eb madh, ngjitur paksa shtremb\u00ebr, shkruar n\u00eb anglisht. Nj\u00eb foto e madhe me dy duar q\u00eb mbajn\u00eb nj\u00eb vazo antike greke dhe shenja e ndalimit me t\u00ebrhoqi v\u00ebmendjen p\u00ebr ta par\u00eb nga af\u00ebr. [&hellip;]","og_url":"https:\/\/fjala.info\/2009-2015\/a-jemi-apo-nuk-jemi-ilire\/","og_site_name":"FjALA e LIR\u00cb - Arkivi","article_published_time":"2012-07-25T20:25:05+00:00","og_image":[{"url":"http:\/\/www.fjala.info\/2012\/cultural_heritage.jpg","type":"","width":"","height":""}],"author":"admin","twitter_card":"summary_large_image","twitter_misc":{"Written by":"admin","Est. reading time":"5 minutes"},"schema":{"@context":"https:\/\/schema.org","@graph":[{"@type":"Article","@id":"https:\/\/fjala.info\/2009-2015\/a-jemi-apo-nuk-jemi-ilire\/#article","isPartOf":{"@id":"https:\/\/fjala.info\/2009-2015\/a-jemi-apo-nuk-jemi-ilire\/"},"author":{"name":"admin","@id":"https:\/\/fjala.info\/2009-2015\/#\/schema\/person\/3aa1163ef05469c496fc94e77611ada2"},"headline":"A jemi, apo nuk jemi ilir\u00eb?","datePublished":"2012-07-25T20:25:05+00:00","mainEntityOfPage":{"@id":"https:\/\/fjala.info\/2009-2015\/a-jemi-apo-nuk-jemi-ilire\/"},"wordCount":1008,"commentCount":0,"publisher":{"@id":"https:\/\/fjala.info\/2009-2015\/#organization"},"image":{"@id":"https:\/\/fjala.info\/2009-2015\/a-jemi-apo-nuk-jemi-ilire\/#primaryimage"},"thumbnailUrl":"http:\/\/www.fjala.info\/2012\/cultural_heritage.jpg","articleSection":["Artikuj"],"inLanguage":"sq-AL","potentialAction":[{"@type":"CommentAction","name":"Comment","target":["https:\/\/fjala.info\/2009-2015\/a-jemi-apo-nuk-jemi-ilire\/#respond"]}]},{"@type":"WebPage","@id":"https:\/\/fjala.info\/2009-2015\/a-jemi-apo-nuk-jemi-ilire\/","url":"https:\/\/fjala.info\/2009-2015\/a-jemi-apo-nuk-jemi-ilire\/","name":"A jemi, apo nuk jemi ilir\u00eb? - FjALA e LIR\u00cb - Arkivi","isPartOf":{"@id":"https:\/\/fjala.info\/2009-2015\/#website"},"primaryImageOfPage":{"@id":"https:\/\/fjala.info\/2009-2015\/a-jemi-apo-nuk-jemi-ilire\/#primaryimage"},"image":{"@id":"https:\/\/fjala.info\/2009-2015\/a-jemi-apo-nuk-jemi-ilire\/#primaryimage"},"thumbnailUrl":"http:\/\/www.fjala.info\/2012\/cultural_heritage.jpg","datePublished":"2012-07-25T20:25:05+00:00","breadcrumb":{"@id":"https:\/\/fjala.info\/2009-2015\/a-jemi-apo-nuk-jemi-ilire\/#breadcrumb"},"inLanguage":"sq-AL","potentialAction":[{"@type":"ReadAction","target":["https:\/\/fjala.info\/2009-2015\/a-jemi-apo-nuk-jemi-ilire\/"]}]},{"@type":"ImageObject","inLanguage":"sq-AL","@id":"https:\/\/fjala.info\/2009-2015\/a-jemi-apo-nuk-jemi-ilire\/#primaryimage","url":"http:\/\/www.fjala.info\/2012\/cultural_heritage.jpg","contentUrl":"http:\/\/www.fjala.info\/2012\/cultural_heritage.jpg"},{"@type":"BreadcrumbList","@id":"https:\/\/fjala.info\/2009-2015\/a-jemi-apo-nuk-jemi-ilire\/#breadcrumb","itemListElement":[{"@type":"ListItem","position":1,"name":"Home","item":"https:\/\/fjala.info\/2009-2015\/"},{"@type":"ListItem","position":2,"name":"A jemi, apo nuk jemi ilir\u00eb?"}]},{"@type":"WebSite","@id":"https:\/\/fjala.info\/2009-2015\/#website","url":"https:\/\/fjala.info\/2009-2015\/","name":"FjALA e LIR\u00cb - Arkivi","description":"Arkivi 2009-2015","publisher":{"@id":"https:\/\/fjala.info\/2009-2015\/#organization"},"potentialAction":[{"@type":"SearchAction","target":{"@type":"EntryPoint","urlTemplate":"https:\/\/fjala.info\/2009-2015\/?s={search_term_string}"},"query-input":{"@type":"PropertyValueSpecification","valueRequired":true,"valueName":"search_term_string"}}],"inLanguage":"sq-AL"},{"@type":"Organization","@id":"https:\/\/fjala.info\/2009-2015\/#organization","name":"FjALA e LIR\u00cb - Arkivi","url":"https:\/\/fjala.info\/2009-2015\/","logo":{"@type":"ImageObject","inLanguage":"sq-AL","@id":"https:\/\/fjala.info\/2009-2015\/#\/schema\/logo\/image\/","url":"","contentUrl":"","caption":"FjALA e LIR\u00cb - Arkivi"},"image":{"@id":"https:\/\/fjala.info\/2009-2015\/#\/schema\/logo\/image\/"}},{"@type":"Person","@id":"https:\/\/fjala.info\/2009-2015\/#\/schema\/person\/3aa1163ef05469c496fc94e77611ada2","name":"admin","image":{"@type":"ImageObject","inLanguage":"sq-AL","@id":"https:\/\/fjala.info\/2009-2015\/wp-content\/uploads\/2012\/02\/arben_cokaj-120x150.jpg","url":"https:\/\/fjala.info\/2009-2015\/wp-content\/uploads\/2012\/02\/arben_cokaj-120x150.jpg","contentUrl":"https:\/\/fjala.info\/2009-2015\/wp-content\/uploads\/2012\/02\/arben_cokaj-120x150.jpg","caption":"admin"},"description":"Admin, Fjala e Lir\u00eb","sameAs":["https:\/\/fjala.info\/"],"url":"https:\/\/fjala.info\/2009-2015\/author\/admin\/"}]}},"_links":{"self":[{"href":"https:\/\/fjala.info\/2009-2015\/wp-json\/wp\/v2\/posts\/4021","targetHints":{"allow":["GET"]}}],"collection":[{"href":"https:\/\/fjala.info\/2009-2015\/wp-json\/wp\/v2\/posts"}],"about":[{"href":"https:\/\/fjala.info\/2009-2015\/wp-json\/wp\/v2\/types\/post"}],"author":[{"embeddable":true,"href":"https:\/\/fjala.info\/2009-2015\/wp-json\/wp\/v2\/users\/1"}],"replies":[{"embeddable":true,"href":"https:\/\/fjala.info\/2009-2015\/wp-json\/wp\/v2\/comments?post=4021"}],"version-history":[{"count":0,"href":"https:\/\/fjala.info\/2009-2015\/wp-json\/wp\/v2\/posts\/4021\/revisions"}],"wp:attachment":[{"href":"https:\/\/fjala.info\/2009-2015\/wp-json\/wp\/v2\/media?parent=4021"}],"wp:term":[{"taxonomy":"category","embeddable":true,"href":"https:\/\/fjala.info\/2009-2015\/wp-json\/wp\/v2\/categories?post=4021"},{"taxonomy":"post_tag","embeddable":true,"href":"https:\/\/fjala.info\/2009-2015\/wp-json\/wp\/v2\/tags?post=4021"}],"curies":[{"name":"wp","href":"https:\/\/api.w.org\/{rel}","templated":true}]}}