{"id":4020,"date":"2010-09-22T09:14:35","date_gmt":"2010-09-22T08:14:35","guid":{"rendered":"http:\/\/fjala.shkoder.net\/?p=4020"},"modified":"2010-09-22T09:14:35","modified_gmt":"2010-09-22T08:14:35","slug":"rrefen-vellai-i-ministrit-vrasja-e-azemit-lidhet-me-ahmet-krasniqin","status":"publish","type":"post","link":"https:\/\/fjala.info\/2009-2015\/rrefen-vellai-i-ministrit-vrasja-e-azemit-lidhet-me-ahmet-krasniqin\/","title":{"rendered":"Rr\u00ebfen v\u00ebllai i ministrit: Vrasja e Azemit lidhet me Ahmet Krasniqin"},"content":{"rendered":"<p><img loading=\"lazy\" decoding=\"async\" class=\"alignright size-medium wp-image-4021\" title=\"Bexhet Krasniqi - v\u00ebllai i Ahmet Krasniqit\" src=\"http:\/\/fjala.shkoder.net\/wp-content\/uploads\/2010\/09\/bexhet_krasniqi_vellai_ahmet_krasniqit-300x168.jpg\" alt=\"\" width=\"300\" height=\"168\" \/><\/p>\n<p><strong>Lindita \u00c7ela<\/strong>, <em>22.09.2010<\/em><\/p>\n<p><em>Rr\u00ebfimi i v\u00ebllait t\u00eb ministrit t\u00eb Mbrojtjes s\u00eb Kosov\u00ebs q\u00eb u ekzekutua n\u00eb Tiran\u00eb 9 dit\u00eb pas Azem Hajdarit. Lidhja mes dy politikan\u00ebve, roli i U\u00c7K-s\u00eb dhe misteri i ndalimit nga policia vet\u00ebm pak minuta p\u00ebrpara ekzekutimit<\/em><\/p>\n<p><em>TIRAN\u00cb<\/em> &#8211; Nj\u00eb buqet\u00eb m\u00eb lule n\u00eb pllak\u00ebn e mermert\u00eb posht\u00eb t\u00eb cil\u00ebs ndodhet varri i kolonel Ahmet Krasniqi, ministri i Mbrojtjes s\u00eb Kosov\u00ebs i ekzekutuar n\u00eb m\u00ebnyr\u00eb misterioze n\u00eb Tiran\u00eb vet\u00ebm pak dit\u00eb pas vrasjes s\u00eb Azem Hajdarit. Familjar\u00ebt e tij jan\u00eb gjendur dje n\u00eb Tiran\u00eb p\u00ebr t\u00eb k\u00ebrkuar drejt\u00ebsi dhe p\u00ebr t\u00eb d\u00ebshmuar se ende nuk kan\u00eb harruar birin e tyre, jan\u00eb mbledhur t\u00eb gjith\u00eb n\u00eb varrin e tij. Por kjo p\u00ebr v\u00ebllan\u00eb e tij, Bexhet Krasniqin nuk mjafton. Ka udh\u00ebtuar nga Gjermania drejt Tiran\u00ebs p\u00ebr t\u00eb k\u00ebrkuar me forc\u00eb rihapjen e hetimeve. Nd\u00ebrsa n\u00eb nj\u00eb intervist\u00eb p\u00ebr gazet\u00ebn &#8220;Shekulli&#8221;, Bexhet Krasniqi hedh pak drit\u00eb mbi ngjarjet q\u00eb 12 vjet m\u00eb par\u00eb trondit\u00ebn kryeqytetit. Ekzekutimi Ministrit t\u00eb Mbrojtjes s\u00eb Kosov\u00ebs do t\u00eb ndodhte nj\u00eb jav\u00eb pas atentatit t\u00eb Lideri t\u00eb Dhjetorit, Azem Hajdari. P\u00ebr Bexhet Krasniqin ngjarjet jan\u00eb t\u00eb lidhura me nj\u00ebra-tjetr\u00ebn ku p\u00ebr t\u00eb lufta p\u00ebr pushtet dhe p\u00ebrfitime duket se nuk ka kursyer edhe figura kaq t\u00eb njohura si n\u00eb Shqip\u00ebri ashtu edhe n\u00eb Kosov\u00eb.<\/p>\n<p><strong>Z. Krasniqi deri m\u00eb tani hetimet p\u00ebr zbardhjen e ngjarjes s\u00eb ekzekutimit t\u00eb ish ministrit t\u00eb Mbrojtjes s\u00eb Kosov\u00ebs nuk kan\u00eb rezultuar t\u00eb suksesshme. Dosja e k\u00ebsaj ngjarje thuajse \u00ebsht\u00eb arkivuar. Gjat\u00eb gjith\u00eb k\u00ebsaj kohe, ju a jeni p\u00ebrpjekur sapo pak p\u00ebr t\u00eb hedhur drit\u00eb mbi k\u00ebt\u00eb ngjarje?<\/strong><br \/>\nSigurisht, megjith\u00ebse kemi pritur q\u00eb drejt\u00ebsia t\u00eb thot\u00eb fjal\u00ebn e saj. P\u00ebrve\u00e7se kemi krijuar bindjen ton\u00eb se si dhe p\u00ebrse \u00ebsht\u00eb vrar\u00eb v\u00ebllai im gjat\u00eb gjith\u00eb k\u00ebsaj kohe kemi b\u00ebr\u00eb p\u00ebrpjekje t\u00eb vazhdueshme p\u00ebr t\u00eb zbardhur plot\u00ebsisht k\u00ebt\u00eb ngjarje, ku 12 vjet m\u00eb par\u00eb v\u00eblla im \u00ebsht\u00eb ekzekutuar k\u00ebtu n\u00eb Tiran\u00eb, pran\u00eb banes\u00ebs s\u00eb tij. Kemi b\u00ebr\u00eb nj\u00eb far\u00eb presioni t\u00eb vazhduesh\u00ebm tek organet kompetente t\u00eb Kosov\u00ebs dhe ato t\u00eb Shqip\u00ebris\u00eb p\u00ebr t\u00eb zbardhur ngjarjen. Premtimet kan\u00eb qen\u00eb t\u00eb m\u00ebdha por deri m\u00eb tani ka vet\u00ebm fjal\u00eb sepse ende nuk \u00ebsht\u00eb zbardhur ngjarja e vrasjes s\u00eb Ahmet Krasniqit. Por shpresoj q\u00eb tani e tutje organet kompetente t\u00eb Kosov\u00ebs dhe ato t\u00eb Shqip\u00ebris\u00eb t\u00eb bashk\u00ebpunojm\u00eb p\u00ebr t\u00eb zbardhur k\u00ebt\u00eb ngjarje. Shpresojm\u00eb q\u00eb ato do t\u00eb jen\u00eb m\u00eb serioz\u00eb n\u00eb pun\u00ebn e tyre dhe t\u00eb vendosur p\u00ebr t\u00eb zbardhur k\u00ebt\u00eb ngjarje.<\/p>\n<p><strong>Z. Bexhet a mund t\u00eb m\u00eb thoni, n\u00ebse jeni n\u00eb dijeni, p\u00ebr \u00e7far\u00eb motivi \u00ebsht\u00eb ekzekutuar kolonel Ahmet Krasniqi?<br \/>\n<\/strong>Sot, pas 12 vjet\u00ebsh t\u00eb k\u00ebsaj ngjarjeje ne kemi shum\u00eb dyshime. Dhe k\u00ebto dyshime jan\u00eb ngritur si rrjedhoj\u00eb e hulumtimit q\u00eb ne kemi b\u00ebr\u00eb p\u00ebr t\u00eb hedhur sado pak drit\u00eb mbi arsyet se p\u00ebrse u vra im v\u00eblla nd\u00ebrkoh\u00eb q\u00eb misioni i tij ishte vet\u00ebm \u00e7lirimi i Kosov\u00ebs. Nj\u00eb nga dyshimet tona mbi motivin e vrasjes s\u00eb Ahmetit ishte lufta p\u00ebr pushtet n\u00eb Kosov\u00eb. Af\u00ebr m\u00ebnd q\u00eb Ahmeti me pun\u00ebn dhe aktivitetin e tij ka penguar dik\u00eb tjet\u00ebr dhe p\u00ebr k\u00ebt\u00eb shkak im v\u00eblla u shnd\u00ebrrua n\u00eb nj\u00eb figur\u00eb q\u00eb duhet t\u00eb eliminohej. Dyshimi jon\u00eb \u00ebsht\u00eb se Ahmet Krasniqi u vra p\u00ebr t&#8217;i hapur rrug\u00ebn n\u00eb karrier\u00ebn politike k\u00ebtyre personave apo nj\u00eb formacioni tjet\u00ebr politik n\u00eb Kosov\u00eb.<\/p>\n<p><strong>Dhe p\u00ebr k\u00ebt\u00eb b\u00ebhet fjal\u00eb?<\/strong><br \/>\nKonkretisht un\u00eb nuk di t\u00eb them p\u00ebr k\u00eb person apo forc\u00eb politike im v\u00eblla ishte b\u00ebr\u00eb penges\u00eb. Ne kemi vet\u00ebm dyshime por jan\u00eb organet kompetente ato q\u00eb duhet t\u00eb zbardhin ngjarje e ekzekutimi t\u00eb Ahmet Krasniqit ku p\u00ebrve\u00e7 autor\u00ebve t\u00eb zbulohet dhe motivet se p\u00ebrse u vra im v\u00eblla.<\/p>\n<p><strong>Z. Krasniqi, vrasja e kolonelit ndodhi nj\u00eb jav\u00eb pas ekzekutimit t\u00eb liderit t\u00eb dhjetorit Azem Hajdari. P\u00ebr mendimin tuaj a ka ndonj\u00eb lidhje midis k\u00ebtyre dy ngjarjeve?<\/strong><br \/>\nPo. Megjith\u00ebse mund t\u00eb duken si ngjarje t\u00eb ve\u00e7uara qoft\u00eb dhe p\u00ebr shkak se viktimat jan\u00eb dy persona q\u00eb nuk jetojn\u00eb n\u00eb nj\u00eb shtet, ekziston nj\u00eb lidhje me k\u00ebtyre dy ngjarjeve q\u00eb pritet t\u00eb zbardhet.<\/p>\n<p><strong>Dhe sipas jush lidhja ekziston tek njer\u00ebzit q\u00eb kan\u00eb marr\u00eb pjes\u00eb n\u00eb vrasjet e k\u00ebtyre dy burrave t\u00eb njohur t\u00eb sken\u00ebs politike n\u00eb t\u00eb dy vendet?<br \/>\n<\/strong>Ne besojm\u00eb, nisur nga ajo q\u00eb dim\u00eb, se lidhja nd\u00ebrmjet dy ngjarjeve \u00ebsht\u00eb tek urdh\u00ebrdh\u00ebn\u00ebsit p\u00ebr ekzekutimin e Azem Hajdarit dhe Ahmet Krasniqit. Sipas mendimit ton\u00eb k\u00ebto persona ose kan\u00eb qen\u00eb t\u00eb nj\u00ebjt\u00eb ose kan\u00eb qen\u00eb shum\u00eb t\u00eb af\u00ebr me njeri-tjetrin.<\/p>\n<p><strong>Z. Bexhet, pak m\u00eb par\u00eb ju that\u00eb se kolonel Krasniqi \u00ebsht\u00eb vrar\u00eb p\u00ebr t&#8217;i hapur rrug\u00ebn nj\u00eb lideri tjet\u00ebr politik p\u00ebr t\u00eb ardhur n\u00eb pushtet n\u00eb Kosov\u00eb, nd\u00ebrsa Hajdari nuk kishte probleme t\u00eb tilla. At\u00ebher\u00eb si mund t\u00eb jen\u00eb t\u00eb nj\u00ebjt\u00ebt persona t\u00eb interesuar p\u00ebr organizuar ekzekutimin e dy njer\u00ebzve kaq t\u00eb ndrysh\u00ebm?<br \/>\n<\/strong>Mos harrojm\u00eb se kur ka ndodhur ngjarja n\u00eb Shqip\u00ebri kan\u00eb qen\u00eb disa fraksione t\u00eb cilat dilnin n\u00eb emrin e U\u00c7K-s\u00eb apo dhe n\u00ebn emrin e Ministris\u00eb s\u00eb Mbrojtjes s\u00eb Kosov\u00ebs. Ahmetit ka b\u00ebr\u00eb p\u00ebrpjeke t\u00eb vazhdueshme p\u00ebr t\u00eb bashkuar dy pal\u00ebt dhe vazhdimisht ka th\u00ebn\u00eb se ishte koha p\u00ebr t\u00eb vepruar p\u00ebr bashkimin e t\u00eb dy krah\u00ebve. Por mesa duket p\u00ebr k\u00ebt\u00eb duhej t\u00eb paguhej nj\u00eb \u00e7mim dhe p\u00ebr fat t\u00eb keq rezultoi jeta e tij. Megjithat\u00eb un\u00eb mendoj se kjo \u00e7\u00ebshtje i p\u00ebrket drejt\u00ebsis\u00eb, e cila duhet t\u00eb zbuloj\u00eb t\u00eb v\u00ebrtet\u00ebn e k\u00ebtyre ngjarjeve q\u00eb aso kohe trondit\u00ebn Tiran\u00ebn.<\/p>\n<p><strong>Zyrtarisht, policia shqiptare ende nuk ka nj\u00eb t\u00eb dyshuar mbi ekzekutimin e v\u00ebllait tuaj&#8230;<br \/>\n<\/strong>Organet e asaj kohe n\u00eb Shqip\u00ebri jo vet\u00ebm q\u00eb nuk kan\u00eb hetuar p\u00ebr zbardhjen e ngjarjes por edhe u kan\u00eb mund\u00ebsuar autor\u00ebve t\u00eb gjitha leht\u00ebsirat p\u00ebr vrasjen e tim v\u00ebllai.<\/p>\n<p><strong>Jeni i bindur p\u00ebr k\u00ebt\u00eb? Mbi \u00e7&#8217;fakte e ngrini k\u00ebt\u00eb akuz\u00eb?<\/strong><br \/>\nJam shum\u00eb i bindur. Un\u00eb nuk di t\u00eb them se n\u00eb \u00e7far\u00eb niveli ka qen\u00eb p\u00ebrfshirja e organeve drejtuese n\u00eb k\u00ebt\u00eb ngjarje por nuk \u00ebsht\u00eb e rast\u00ebsishme q\u00eb nat\u00ebn e atentatit t\u00eb organizuar ndaj tim v\u00ebllai, nj\u00eb patrull\u00eb policie e qarkullimit rrugor ka ndaluar eskort\u00ebn e Ahmet Krasniqit dhe pse ai ishte em\u00ebruar nga qeveria e p\u00ebrkohshme Minist\u00ebr i Mbrojtjes s\u00eb Kosov\u00ebs. P\u00ebr t\u00eb vijuar rrug\u00ebn \u00ebsht\u00eb lejuar vet\u00ebm makina e tim v\u00ebllai ku n\u00eb prag t\u00eb sht\u00ebpis\u00eb ku jetonte i ishte ngritur dhe prita p\u00ebr ta ekzekutuar. Dhe un\u00eb jam i bindur n\u00ebse bashk\u00eb me tim v\u00eblla do t\u00eb ishte dhe makina tjet\u00ebr shoq\u00ebruese ajo ngjarje nuk do t\u00eb ndodhte at\u00eb nat\u00eb.<\/p>\n<p><strong>Z. Bexhet, at\u00eb \u00e7far\u00eb ju keni m\u00ebsuar mbi k\u00ebt\u00eb ngjarje a e keni d\u00ebshmuar n\u00eb organet e drejt\u00ebsis\u00eb shqiptare?<br \/>\n<\/strong>Un\u00eb kam kontaktuar organet q\u00eb jan\u00eb marr\u00eb me hetimin e k\u00ebsaj ngjarje dhe kam biseduar gjer\u00eb e gjat\u00eb. Ato q\u00eb kemi ditur ne si familje kemi dh\u00ebn\u00eb t\u00eb gjith\u00eb informacionet e duhura.<\/p>\n<p><strong>Z. Bexhet a keni ndonj\u00eb koment p\u00ebr faktin q\u00eb ende kjo ngjarje vazhdon t\u00eb mbetet e pa zbardhur?<\/strong><br \/>\nPolicia ka premtuar se do t\u00eb b\u00ebj\u00eb gjith\u00e7ka q\u00eb \u00ebsht\u00eb n\u00eb dor\u00ebn e tyre p\u00ebr t\u00eb zbuluar se kush jan\u00eb vras\u00ebsit e tim v\u00ebllai. Kan\u00eb premtuar se do t\u00eb b\u00ebjn\u00eb gjith\u00e7ka q\u00eb \u00ebsht\u00eb n\u00eb dor\u00ebn e tyre. Por hetimet e tyre nuk jan\u00eb p\u00ebrqendruar jasht\u00eb Shqip\u00ebris\u00eb sepse q\u00eb atje duhet nisur p\u00ebr t\u00eb zbardhur k\u00ebt\u00eb ngjarje. Sot njer\u00ebzit q\u00eb kan\u00eb marr\u00eb pjes\u00eb ose jan\u00eb n\u00eb dijeni t\u00eb ekzekutimit t\u00eb tim v\u00ebllai kan\u00eb mb\u00ebrritur n\u00eb diaspor\u00eb, ndaj q\u00eb k\u00ebtu duhet nisur.<\/p>\n<p><strong>Kjo do t\u00eb thot\u00eb se ju i njihni autor\u00ebt e vrasjes s\u00eb kolonel Ahmet Krasniqi?<\/strong><br \/>\nJo nuk i njoh autor\u00ebt apo urdh\u00ebruesit e k\u00ebtij atentati. Por ka njer\u00ebz q\u00eb din\u00eb shum\u00eb p\u00ebr k\u00ebt\u00eb ngjarje dhe p\u00ebr t\u00eb zbardhur t\u00eb v\u00ebrtet\u00ebn duhet q\u00eb grupi i hetimit t\u00eb kontaktoj\u00eb me k\u00ebto persona. Disa prej tyre jan\u00eb n\u00eb prag t\u00eb vdekjes dhe n\u00ebse nuk merren tani deklaratat e tyre mbi k\u00ebt\u00eb ngjarje, n\u00eb nj\u00eb koh\u00eb tjet\u00ebr do t\u00eb jet\u00eb shum\u00eb von\u00eb. Ndaj ne kemi insistuar n\u00eb hapjen e hetimeve t\u00eb k\u00ebsaj ngjarje sepse besojm\u00eb se ekzistojn\u00eb jo vet\u00ebm provat por dhe persona t\u00eb gjall\u00eb q\u00eb kan\u00eb dijeni t\u00eb plot\u00eb se p\u00ebrse u vra Ahmet Krasniqi,<\/p>\n<p><strong>Pra ju po thoni se deri m\u00eb tani kjo ngjarje ka mbetur pa u zbardhur q\u00ebllimisht?<\/strong><br \/>\nNuk e di. Por ne kemi dyshimet tona. M\u00eb th\u00ebn\u00eb m\u00eb sakt\u00eb, jo se nuk kan\u00eb dashur por nuk jan\u00eb angazhuar p\u00ebr t\u00eb zbardhur k\u00ebt\u00eb ngjarje p\u00ebr t\u00eb qen\u00eb n\u00eb nivelin e lart\u00ebsis\u00eb s\u00eb tyre p\u00ebr t\u00eb kryer k\u00ebt\u00eb detyr\u00eb.<\/p>\n<p><strong>Ceremonia p\u00ebrkujtimore u organizuar dje n\u00eb varrezat e Sharr\u00ebs. Ushtarak\u00ebt e FARK betohen n\u00ebn Flamurin e Dardanis\u00eb<\/strong><br \/>\nIsh ushtarak\u00ebt e FARK-ut, t\u00eb af\u00ebrt t\u00eb t\u00eb ndjerit Ahmet Krasniqi jan\u00eb mbledhur dje p\u00ebr t\u00eb p\u00ebrkujtuar 12 vjetorin e ekzekutimit t\u00eb ministrit t\u00eb Mbrojtjes s\u00eb Kosov\u00ebs. M\u00eb shum\u00eb se sa nj\u00eb ceremoni p\u00ebrkujtimore e p\u00ebrmortshme, ajo q\u00eb ngjau n\u00eb varrezat e Sharr\u00ebs ishte me nj\u00eb ceremoni solemne ushtarake ku nj\u00eb kolonel u nderua si\u00e7 e duan rregullat. Nuk kishte t\u00eb sht\u00ebna topi por djelmosha t\u00eb fuqish\u00ebm n\u00eb hap ushtarak iu drejtuan vendit ku prehen eshtrat e Ahmet Krasniqit. N\u00eb duar mbanin flamurin e Dardanis\u00eb. E t\u00eb rreshtuar pas tyre vinin t\u00eb af\u00ebrm t\u00eb t\u00eb ndjerit ku dhimbja i kishte z\u00ebn\u00eb vendin nderit ushtarak. Ende dhe sot, pas 12 vjet\u00ebsh ata k\u00ebrkojn\u00eb t\u00eb din\u00eb autor\u00ebt e vrasjes mafioze t\u00eb 21 shtatorit 1998. E nd\u00ebrsa t\u00eb af\u00ebr t\u00eb kolonelit t\u00eb ekzekutuar t\u00eb Tiran\u00eb i kan\u00eb kthyer syt\u00eb nga drejt\u00ebsia, ish ushtar\u00ebt e tij betohen se kurr\u00eb nuk do t\u00eb g\u00ebzojn\u00eb dit\u00eb paqeje pa zbardhur t\u00eb v\u00ebrtet\u00ebn e ekzekutimit t\u00eb Ahmet Krasniqit.<\/p>\n<p><strong>Ceremonia<\/strong><br \/>\nT\u00eb ardhur nga vise t\u00eb ndryshme t\u00eb Kosov\u00ebs, Gjermanis\u00eb apo dhe shtete fqinj\u00eb, ish- ushtarak\u00eb, oficer\u00eb e t\u00eb af\u00ebrm t\u00eb Ahmet Krasniqit jan\u00eb mbledhur dje n\u00eb Tiran\u00eb. Ceremonia mortore ka filluar n\u00eb or\u00ebn 13:00 ku n\u00ebn ritmin ushtarak rreth 100 burra t\u00eb mbledhur kan\u00eb nderuar komandantin e tyre, i cili u vra ende pa nisur lufta n\u00eb Kosov\u00eb. Flamuri i Dardanis\u00eb, i nj\u00ebjt\u00eb me at\u00eb q\u00eb mbante Presidenti i Kosov\u00ebs, Ibrahim Rrugova, dhe buqetat me lule mbi varrin e t\u00eb ndjerit ishte ajo \u00e7ka i parapriu betimit t\u00eb ish- ushtarak\u00ebve, tashm\u00eb civil\u00eb. Nd\u00ebrsa Ismet Ibishti, nj\u00eb bashk\u00ebluft\u00ebtar i Ahmet Krasniqit, do t\u00eb rikujtonte p\u00ebr t\u00eb pranishmit n\u00eb ceremoni jo vet\u00ebm pun\u00ebn heroike t\u00eb kolonelit p\u00ebr \u00e7lirimin e Kosov\u00ebs por edhe qarqet e err\u00ebta t\u00eb cilat ekzekutuan ish-ministrin e Kosov\u00ebs. Kaq ka mjaftuar q\u00eb djemt\u00eb t\u00eb betohen e nd\u00ebrsa grat\u00eb t\u00eb vajtonin fatin e zi t\u00eb kolonelit.<br \/>\nFamiljar\u00ebt e Krasniqit kan\u00eb k\u00ebrkuar dje zyrtarisht rihapjen e hetimeve ndaj bashk\u00ebpuntor\u00ebt e tij jan\u00eb betuar se do t\u00eb b\u00ebjn\u00eb gjith\u00e7ka p\u00ebr t\u00eb zbardhur t\u00eb v\u00ebrtet\u00ebn se kush dhe p\u00ebrse u ekzekutua n\u00eb mbr\u00ebmjen e 21 shtatorit Ahmet Krasniqi. Ky ishte misioni i atyre burrave t\u00eb mbledhur n\u00eb varrezat e Sharr\u00ebs. Ish- ushtarak\u00ebt e Brigad\u00ebs &#8220;M\u00ebrgimi&#8221; e kan\u00eb &#8220;riorganizuar&#8221; FARK-un, dhe kan\u00eb themeluar Shoqat\u00ebn e Veteran\u00ebve t\u00eb Luft\u00ebs t\u00eb cil\u00ebt kan\u00eb qen\u00eb pjes\u00ebtar\u00eb t\u00eb FARK-ut, n\u00eb t\u00eb cil\u00ebn ushtri sipas t\u00eb dh\u00ebnave b\u00ebnin pjes\u00eb m\u00eb se 3000 ish-ushtar\u00eb, q\u00eb n\u00eb m\u00ebnyr\u00eb aktive kan\u00eb marr\u00eb pjes\u00eb n\u00eb luft\u00ebn e Kosov\u00ebs 1998-1999. Shoqata e Veteran\u00ebve t\u00eb Luft\u00ebs s\u00eb Pjes\u00ebtar\u00ebve t\u00eb FARK-ut respekton institucionet dhe i mb\u00ebshtet ato, dhe se p\u00ebr komandant nderi do t\u00eb vazhdoj\u00eb t\u00eb respektohet ish- presidenti i ndjer\u00eb i Kosov\u00ebs, Dr.Ibrahim Rugova, t\u00eb cilin bazuar n\u00eb Kushtetut\u00ebn e Republik\u00ebs s\u00eb Kosov\u00ebs n\u00eb vitet 1998-1999 FARK-u e njihte p\u00ebr komandant suprem. Ndaj dhe dje mbi varrin e heroit t\u00eb Kosov\u00ebs kan\u00eb hedhur Flamurin e Dardanis\u00eb, i cili rrethonte edhe qaf\u00ebn e Presidentit Rugova.<\/p>\n<p><strong>Vrasja enigm\u00eb e Ministrit t\u00eb Mbrojtjes t\u00eb Kosov\u00ebs, Ahmet Krasniqi n\u00eb vitin 1998, akoma pa autor\u00eb<\/strong><\/p>\n<p><strong>Dosja Krasniqi rikthehet n\u00eb duart e policis\u00eb<\/strong><\/p>\n<p>Kan\u00eb kaluar 12 vjet nga dita e vrasjes s\u00eb ministrit t\u00eb Mbrojtjes s\u00eb Kosov\u00ebs, Ahmet Krasniqi, dhe ende asnj\u00eb autor apo i dyshuar p\u00ebr k\u00ebt\u00eb vrasje misterioze. Burimet zyrtare pran\u00eb Ministris\u00eb s\u00eb Brendshme b\u00ebjn\u00eb t\u00eb ditur p\u00ebr gazet\u00ebn, se &#8220;edhe pas 12 viteve ende nuk ka nj\u00eb t\u00eb dyshuar p\u00ebr k\u00ebt\u00eb vrasje&#8221;. Duke shtuar se &#8220;dosja ndodhet n\u00eb polici p\u00ebr hetime t\u00eb m\u00ebtejshme, por, \u00ebsht\u00eb shum\u00eb e v\u00ebshtir\u00eb t\u00eb zbulohet ndonj\u00eb detaj i ri p\u00ebr k\u00ebt\u00eb vrasje, pasi, si prova t\u00eb vetme materiale jan\u00eb vet\u00ebm disa g\u00ebzhoja t\u00eb pistolet\u00ebs s\u00eb prodhimit Jugosllav &#8220;Zastava&#8221; t\u00eb gjetura n\u00eb vendngjarje nat\u00ebn e vrasjes&#8221;-than\u00eb burimet. Nd\u00ebrkoh\u00eb, burime nga Prokuroria e P\u00ebrgjithshme konfirmojn\u00eb se dosja &#8220;Krasniqi&#8221; \u00ebsht\u00eb pezulluar dhe i \u00ebsht\u00eb deleguar p\u00ebr gjetjen e provave policis\u00eb.<\/p>\n<p>&#8220;Kjo dosje asnj\u00ebher\u00eb nuk \u00ebsht\u00eb mbyllur dhe se vazhdon t\u00eb jet\u00eb ende n\u00eb pritje t\u00eb fakteve apo provave t\u00eb reja q\u00eb mund t\u00eb ndihmojn\u00eb n\u00eb zbardhjen e saj&#8221;-than\u00eb burimet nga akuza. M\u00ebsohet se pas vrasjes s\u00eb Ahmet Krasniqit prokuroria nuk ka mundur t\u00eb gjej\u00eb n\u00eb dosje asnj\u00eb prov\u00eb bind\u00ebse p\u00ebr t\u00eb identifikuar autor\u00ebt e dyshuar. &#8220;Gjat\u00eb k\u00ebtyre tet\u00eb viteve jan\u00eb kryer shum\u00eb veprime procedurale, hetimore dhe operative,por, n\u00eb asnj\u00eb rast nuk \u00ebsht\u00eb arritur q\u00eb kjo vrasje t\u00eb zbardhej&#8221;. Sipas hetuesve t\u00eb koh\u00ebs, kjo vrasje \u00ebsht\u00eb cil\u00ebsuar si nj\u00eb krim i mirorganizuar dhe i kryer nga profesionist\u00eb, t\u00eb cil\u00ebt kan\u00eb ditur t\u00eb mos l\u00ebn\u00eb asnj\u00eb gjurm\u00eb q\u00eb mund t\u00eb sillte identifikimin e mundsh\u00ebm t\u00eb tyre n\u00eb vendin e ngjarjes.<\/p>\n<p>Nd\u00ebr procesverbalet e pakta q\u00eb ndodhen brenda dosjes, \u00ebsht\u00eb edhe e vetmja prov\u00eb e gjetur n\u00eb vendngjarje, q\u00eb jan\u00eb disa g\u00ebzhoja, t\u00eb cil\u00ebt kan\u00eb rezultuar se jan\u00eb qitur nga nj\u00eb pistolet\u00eb e llojit &#8220;Zastava&#8221;. Vrasja e mbr\u00ebmjes s\u00eb 21-shtatorit t\u00eb vitit 1998, ka mbetur ende pa t\u00eb dyshuar edhe p\u00ebrkund\u00ebr alibive t\u00eb shumta q\u00eb n\u00eb k\u00ebt\u00eb vrasje jan\u00eb t\u00eb p\u00ebrfshir\u00eb si urdh\u00ebrdh\u00ebn\u00ebs disa personalitete t\u00eb jet\u00ebs politike t\u00eb asaj kohe q\u00eb vazhdojn\u00eb edhe sot aktivitetin e tyre politik. Por, gjat\u00eb atyre dit\u00ebve t\u00eb vrasjes shtypi i koh\u00ebs p\u00ebrmendi disa motive t\u00eb vrasjes, duke p\u00ebrfshir\u00eb edhe implikimin e Sh\u00ebrbimit Informativ Komb\u00ebtar t\u00eb asaj kohe e deri te konkurrenca p\u00ebr trafikun e arm\u00ebve n\u00ebp\u00ebrmjet Shqip\u00ebris\u00eb me Kosov\u00ebn. Atentati i vrasjes s\u00eb ish-ministrit Krasniqi ka ndodhur vet\u00ebm nj\u00eb jav\u00eb pas vrasjes s\u00eb ish-deputetit t\u00eb Partis\u00eb Demokratike, Azem Hajdari dhe sulmit ndaj Kryeministris\u00eb. Por, pavar\u00ebsisht versioneve t\u00eb shumta, ekzekutimi i Ahmet Krasniqit mbeti dhe vazhdon t\u00eb jet\u00eb nj\u00eb vrasje pa autor dhe pa motive zyrtare.<\/p>\n<p><strong>Lidhja misterioze mes dy vrasjeve n\u00eb Tiran\u00eb, konflikti U\u00c7K-FARK si dhe trafiku i arm\u00ebve i Haklajve<\/strong><\/p>\n<p><strong>Hajdari-Krasniqi dhe trafiku i arm\u00ebve me Kosov\u00ebn<\/strong><\/p>\n<p>Nj\u00eb vit p\u00ebrpara se NATO- t\u00eb zbarkonte zyrtarisht n\u00eb Kosov\u00eb, tensioni ishte rritur ndjesh\u00ebm. Nj\u00eb pjes\u00eb e madhe e banor\u00ebve t\u00eb Kosov\u00ebs ishin lodhur nga politika e avasht\u00eb e presidentit Rugova dhe qeveris\u00eb s\u00eb tij n\u00eb m\u00ebrgim dhe po i bashkoheshin nj\u00eb grupimi t\u00eb ri t\u00eb quajtur Ushtria \u00c7lirimtare e Kosov\u00ebs (U\u00c7K). Paralel me t\u00eb ishte edhe grupi ushtarak i qeveris\u00eb n\u00eb m\u00ebrgim, i quajtur FARK. Edhe pse asnj\u00eb her\u00eb nuk \u00ebsht\u00eb pranuar zyrtarisht, pjesa m\u00eb e madhe e arm\u00ebve shqiptare t\u00eb rr\u00ebmbyera nga depot n\u00eb vitin 1997 po shkonin n\u00eb m\u00ebnyr\u00eb t\u00eb organizuar drejt Kosov\u00ebs p\u00ebr t\u00eb armatosur U\u00c7K-n\u00eb. Dhe kjo pjes\u00eb e trafikut n\u00eb Shqip\u00ebri drejtohej kryesisht nga familja Haklaj. B\u00ebhet fjal\u00eb p\u00ebr t\u00eb nj\u00ebjt\u00ebt persona q\u00eb drejtonin gjith\u00e7ka n\u00eb zon\u00ebn e Tropoj\u00ebs dhe q\u00eb organizuan dhe kryen vrasjen e Azem Hajdarit.<br \/>\nNga ana tjet\u00ebr, Ahmet Krasniqi dhe p\u00ebrkrah\u00ebsit e tij t\u00eb FARK, ndodheshin n\u00eb Tiran\u00eb pik\u00ebrisht p\u00ebr t\u00eb mbledhur sa m\u00eb shum\u00eb arm\u00eb dhe p\u00ebr t\u00eb st\u00ebrvitur disa nga njer\u00ebzit q\u00eb n\u00eb t\u00eb ardhmen do t\u00eb b\u00ebheshin kuadrot drejtuese t\u00eb ushtris\u00eb. Midis FARK dhe U\u00c7K, jo vet\u00ebm q\u00eb nuk kishte marr\u00ebdh\u00ebnie t\u00eb mira, por deri diku ato mund t\u00eb quheshin edhe n\u00eb luft\u00eb me nj\u00ebri-tjetrin.<br \/>\nPista e par\u00eb hetimore e policis\u00eb p\u00ebr vrasjen e Krasniqit ishte pik\u00ebrisht trafiku i arm\u00ebve dhe U\u00c7K-ja. Ishte po i nj\u00ebjti trafik arm\u00ebsh q\u00eb n\u00eb nj\u00eb far\u00eb m\u00ebnyre shfaqej edhe tek vrasja e Azem Hajdarit. Ishte po i nj\u00ebjti trafik q\u00eb solli burgosjen e v\u00ebllait t\u00eb Fatmir hakljave dhe sekuestrimin e nj\u00eb kamioni plot me arm\u00eb. N\u00eb m\u00ebnyr\u00eb jo zyrtare, hetuesit e koh\u00ebs kan\u00eb pohuar se pik\u00ebrisht ky trafik arm\u00ebsh ishte arsyeja e vrasjes s\u00eb Krasniqit por q\u00eb kishte ndikuar edhe tek vrasja e Azem Hajdarit. Ministri kosovar furnizonte me Arm\u00eb FARK-un, Haklajt U\u00c7K-n\u00eb, nd\u00ebrsa Azem Hajdari, n\u00eb at\u00eb koh\u00eb kryetar i komisionit parlamentar t\u00eb rendit dhe ziguris\u00eb, kishte nisur t\u00eb fliste shpesh p\u00ebr k\u00ebto trafiqe. Nj\u00eb nga pjes\u00ebmarr\u00ebsit n\u00eb vrasjen e Azem Hajdarit, Ismet Haxhia, ka pohuar: Nj\u00eb nga motivet e dy vrasjeve ishte frika e humbjes s\u00eb statusit lider n\u00eb trafikun e arm\u00ebve me Kosov\u00ebn, trafik q\u00eb organizohej e kontrollohej nga kreu i Sh\u00ebrbimit Informativ Komb\u00ebtar dhe klani i tij kriminal, pas s\u00eb cil\u00ebs vjen vrasja e Ahmet Krasniqit dhe e Azem Hajdarit, i cili denoncoi publikisht k\u00ebt\u00eb krim dhe organizator\u00ebt e tij, kriminel\u00eb t\u00eb veshur me pushtet&#8221;.<\/p>\n<p><strong>Kush ishte Ahmet Krasniqi<\/strong><\/p>\n<p>Ishte bir i familjes s\u00eb njohur patriotike Zhilivoda, nga babai i tij Hajrizi i cili vdes nga torturat e burgut serbosllav. Vitet 1964-1969 e gjejn\u00eb at\u00eb si nx\u00ebn\u00ebs t\u00eb shkoll\u00ebs s\u00eb mesme teknike n\u00eb Prishtin\u00eb, ku meq\u00eb i interesonte shum\u00eb arti i mir\u00ebfillt\u00eb ushtarak e luftarak, Ahmet Krasniqi p\u00ebrcaktohet p\u00ebr Akademin\u00eb Ushtarake, t\u00eb cilin e d\u00ebrgojn\u00eb p\u00ebr studime n\u00eb Beograd. Jeta e tij profesionale prej udh\u00ebheq\u00ebsit ushtarak n\u00ebp\u00ebr kazermat e Kroacis\u00eb.<br \/>\nP\u00ebrkund\u00ebr viteve t\u00eb shumta t\u00eb kaluara me sh\u00ebrbim profesional jasht\u00eb Kosov\u00ebs, Ahmet Krasniqi nuk i harroi p\u00ebr asnj\u00eb \u00e7ast vuajtjet e familjes s\u00eb tij dhe t\u00eb popullit shqiptar nga regjimi komunisto-diktatorial serbosllav. Me shp\u00ebrb\u00ebrjen e ish-Jugosllavis\u00eb, sidomos gjat\u00eb luft\u00ebs serbo-kroate, Ahmet Krasniqi shfryt\u00ebzon lidhjet e tij me epror\u00ebt shqiptar\u00eb q\u00eb ishin n\u00eb Kroaci, duke i koordinuar aktivitetet politiko-ushtarake n\u00eb kuad\u00ebr t\u00eb qeveris\u00eb s\u00eb Republik\u00ebs s\u00eb Kosov\u00ebs. K\u00ebtu edhe fillon karriera e tij ushtarake n\u00ebn emblem\u00ebn e Republik\u00ebs s\u00eb Kosov\u00ebs, nd\u00ebrsa kulminacionin e veprimtaris\u00eb s\u00eb tij e arrin n\u00eb koh\u00ebn kur dhuna dhe terrori serb mbi popullat\u00ebn shqiptare filloi t\u00eb marr\u00eb p\u00ebrmasa t\u00eb padurueshme.<\/p>\n<p>Ai merret me krijimin e strategjis\u00eb s\u00eb luft\u00ebs kund\u00ebr forcave serbosllave. N\u00eb baz\u00eb t\u00eb nj\u00eb marr\u00ebveshje nd\u00ebrmjet faktor\u00ebve t\u00eb ndrysh\u00ebm shqiptar, e quajtur, Oslo, Ahmet Krasniqit formoi Pjes\u00ebn e Shtabit t\u00eb P\u00ebrgjithsh\u00ebm t\u00eb FARK-ut n\u00eb Tiran\u00eb. Ajo Marr\u00ebveshje mund\u00ebsoi hapjen e Qendrave St\u00ebrvitore n\u00eb Babin\u00eb, Vi\u00e7idol, Papaj, q\u00eb lidheshin me rrug\u00ebn Durr\u00ebs-Tiran\u00eb-Tropoj\u00eb, dhe n\u00eb Kolsh dhe Kalimash q\u00eb lidheshin me rrug\u00ebn Durr\u00ebs-Tiran\u00eb-Kuk\u00ebs. Vet\u00ebm n\u00eb baz\u00eb t\u00eb asaj Marr\u00ebveshje ka mundur t\u00eb b\u00ebhet trajnimi dhe p\u00ebrgatitja e kuadrit ushtarak dhe t\u00eb ushtar\u00ebve p\u00ebr hyrjen e tyre n\u00eb Kosov\u00eb, me formacione ushtarake t\u00eb gatshme p\u00ebr t\u00eb kryer detyra operative kund\u00ebr ushtris\u00eb serbo-jugosllave. Ishin nj\u00ebsit\u00eb operative t\u00eb U\u00c7K-s\u00eb, Brigadat 134, 131 dhe 133 q\u00eb hyn\u00eb n\u00eb Kosov\u00eb n\u00ebn komand\u00ebn e ushtarakut madhor Tahir Zem\u00ebs vet\u00ebm nj\u00eb muaj pas arritjes s\u00eb Marr\u00ebveshjes s\u00eb Oslos.<\/p>\n","protected":false},"excerpt":{"rendered":"<p>Lindita \u00c7ela, 22.09.2010 Rr\u00ebfimi i v\u00ebllait t\u00eb ministrit t\u00eb Mbrojtjes s\u00eb Kosov\u00ebs q\u00eb u ekzekutua n\u00eb Tiran\u00eb 9 dit\u00eb pas Azem Hajdarit. Lidhja mes dy politikan\u00ebve, roli i U\u00c7K-s\u00eb dhe misteri i ndalimit nga policia vet\u00ebm pak minuta p\u00ebrpara ekzekutimit TIRAN\u00cb &#8211; Nj\u00eb buqet\u00eb m\u00eb lule n\u00eb pllak\u00ebn e mermert\u00eb posht\u00eb t\u00eb cil\u00ebs ndodhet varri [&hellip;]<\/p>\n","protected":false},"author":1,"featured_media":0,"comment_status":"open","ping_status":"closed","sticky":false,"template":"","format":"standard","meta":{"footnotes":""},"categories":[4],"tags":[],"class_list":{"0":"post-4020","1":"post","2":"type-post","3":"status-publish","4":"format-standard","6":"category-intervista"},"yoast_head":"<!-- This site is optimized with the Yoast SEO plugin v27.4 - https:\/\/yoast.com\/product\/yoast-seo-wordpress\/ -->\n<title>Rr\u00ebfen v\u00ebllai i ministrit: Vrasja e Azemit lidhet me Ahmet Krasniqin - FjALA e LIR\u00cb - Arkivi<\/title>\n<meta name=\"robots\" content=\"index, follow, max-snippet:-1, max-image-preview:large, max-video-preview:-1\" \/>\n<link rel=\"canonical\" href=\"https:\/\/fjala.info\/2009-2015\/rrefen-vellai-i-ministrit-vrasja-e-azemit-lidhet-me-ahmet-krasniqin\/\" \/>\n<meta property=\"og:locale\" content=\"sq_AL\" \/>\n<meta property=\"og:type\" content=\"article\" \/>\n<meta property=\"og:title\" content=\"Rr\u00ebfen v\u00ebllai i ministrit: Vrasja e Azemit lidhet me Ahmet Krasniqin - FjALA e LIR\u00cb - Arkivi\" \/>\n<meta property=\"og:description\" content=\"Lindita \u00c7ela, 22.09.2010 Rr\u00ebfimi i v\u00ebllait t\u00eb ministrit t\u00eb Mbrojtjes s\u00eb Kosov\u00ebs q\u00eb u ekzekutua n\u00eb Tiran\u00eb 9 dit\u00eb pas Azem Hajdarit. Lidhja mes dy politikan\u00ebve, roli i U\u00c7K-s\u00eb dhe misteri i ndalimit nga policia vet\u00ebm pak minuta p\u00ebrpara ekzekutimit TIRAN\u00cb &#8211; Nj\u00eb buqet\u00eb m\u00eb lule n\u00eb pllak\u00ebn e mermert\u00eb posht\u00eb t\u00eb cil\u00ebs ndodhet varri [&hellip;]\" \/>\n<meta property=\"og:url\" content=\"https:\/\/fjala.info\/2009-2015\/rrefen-vellai-i-ministrit-vrasja-e-azemit-lidhet-me-ahmet-krasniqin\/\" \/>\n<meta property=\"og:site_name\" content=\"FjALA e LIR\u00cb - Arkivi\" \/>\n<meta property=\"article:published_time\" content=\"2010-09-22T08:14:35+00:00\" \/>\n<meta property=\"og:image\" content=\"http:\/\/fjala.shkoder.net\/wp-content\/uploads\/2010\/09\/bexhet_krasniqi_vellai_ahmet_krasniqit-300x168.jpg\" \/>\n<meta name=\"author\" content=\"admin\" \/>\n<meta name=\"twitter:card\" content=\"summary_large_image\" \/>\n<meta name=\"twitter:label1\" content=\"Written by\" \/>\n\t<meta name=\"twitter:data1\" content=\"admin\" \/>\n\t<meta name=\"twitter:label2\" content=\"Est. reading time\" \/>\n\t<meta name=\"twitter:data2\" content=\"17 minutes\" \/>\n<script type=\"application\/ld+json\" class=\"yoast-schema-graph\">{\"@context\":\"https:\\\/\\\/schema.org\",\"@graph\":[{\"@type\":\"Article\",\"@id\":\"https:\\\/\\\/fjala.info\\\/2009-2015\\\/rrefen-vellai-i-ministrit-vrasja-e-azemit-lidhet-me-ahmet-krasniqin\\\/#article\",\"isPartOf\":{\"@id\":\"https:\\\/\\\/fjala.info\\\/2009-2015\\\/rrefen-vellai-i-ministrit-vrasja-e-azemit-lidhet-me-ahmet-krasniqin\\\/\"},\"author\":{\"name\":\"admin\",\"@id\":\"https:\\\/\\\/fjala.info\\\/2009-2015\\\/#\\\/schema\\\/person\\\/3aa1163ef05469c496fc94e77611ada2\"},\"headline\":\"Rr\u00ebfen v\u00ebllai i ministrit: Vrasja e Azemit lidhet me Ahmet Krasniqin\",\"datePublished\":\"2010-09-22T08:14:35+00:00\",\"mainEntityOfPage\":{\"@id\":\"https:\\\/\\\/fjala.info\\\/2009-2015\\\/rrefen-vellai-i-ministrit-vrasja-e-azemit-lidhet-me-ahmet-krasniqin\\\/\"},\"wordCount\":3509,\"commentCount\":0,\"publisher\":{\"@id\":\"https:\\\/\\\/fjala.info\\\/2009-2015\\\/#organization\"},\"image\":{\"@id\":\"https:\\\/\\\/fjala.info\\\/2009-2015\\\/rrefen-vellai-i-ministrit-vrasja-e-azemit-lidhet-me-ahmet-krasniqin\\\/#primaryimage\"},\"thumbnailUrl\":\"http:\\\/\\\/fjala.shkoder.net\\\/wp-content\\\/uploads\\\/2010\\\/09\\\/bexhet_krasniqi_vellai_ahmet_krasniqit-300x168.jpg\",\"articleSection\":[\"Intervista\"],\"inLanguage\":\"sq-AL\",\"potentialAction\":[{\"@type\":\"CommentAction\",\"name\":\"Comment\",\"target\":[\"https:\\\/\\\/fjala.info\\\/2009-2015\\\/rrefen-vellai-i-ministrit-vrasja-e-azemit-lidhet-me-ahmet-krasniqin\\\/#respond\"]}]},{\"@type\":\"WebPage\",\"@id\":\"https:\\\/\\\/fjala.info\\\/2009-2015\\\/rrefen-vellai-i-ministrit-vrasja-e-azemit-lidhet-me-ahmet-krasniqin\\\/\",\"url\":\"https:\\\/\\\/fjala.info\\\/2009-2015\\\/rrefen-vellai-i-ministrit-vrasja-e-azemit-lidhet-me-ahmet-krasniqin\\\/\",\"name\":\"Rr\u00ebfen v\u00ebllai i ministrit: Vrasja e Azemit lidhet me Ahmet Krasniqin - FjALA e LIR\u00cb - Arkivi\",\"isPartOf\":{\"@id\":\"https:\\\/\\\/fjala.info\\\/2009-2015\\\/#website\"},\"primaryImageOfPage\":{\"@id\":\"https:\\\/\\\/fjala.info\\\/2009-2015\\\/rrefen-vellai-i-ministrit-vrasja-e-azemit-lidhet-me-ahmet-krasniqin\\\/#primaryimage\"},\"image\":{\"@id\":\"https:\\\/\\\/fjala.info\\\/2009-2015\\\/rrefen-vellai-i-ministrit-vrasja-e-azemit-lidhet-me-ahmet-krasniqin\\\/#primaryimage\"},\"thumbnailUrl\":\"http:\\\/\\\/fjala.shkoder.net\\\/wp-content\\\/uploads\\\/2010\\\/09\\\/bexhet_krasniqi_vellai_ahmet_krasniqit-300x168.jpg\",\"datePublished\":\"2010-09-22T08:14:35+00:00\",\"breadcrumb\":{\"@id\":\"https:\\\/\\\/fjala.info\\\/2009-2015\\\/rrefen-vellai-i-ministrit-vrasja-e-azemit-lidhet-me-ahmet-krasniqin\\\/#breadcrumb\"},\"inLanguage\":\"sq-AL\",\"potentialAction\":[{\"@type\":\"ReadAction\",\"target\":[\"https:\\\/\\\/fjala.info\\\/2009-2015\\\/rrefen-vellai-i-ministrit-vrasja-e-azemit-lidhet-me-ahmet-krasniqin\\\/\"]}]},{\"@type\":\"ImageObject\",\"inLanguage\":\"sq-AL\",\"@id\":\"https:\\\/\\\/fjala.info\\\/2009-2015\\\/rrefen-vellai-i-ministrit-vrasja-e-azemit-lidhet-me-ahmet-krasniqin\\\/#primaryimage\",\"url\":\"http:\\\/\\\/fjala.shkoder.net\\\/wp-content\\\/uploads\\\/2010\\\/09\\\/bexhet_krasniqi_vellai_ahmet_krasniqit-300x168.jpg\",\"contentUrl\":\"http:\\\/\\\/fjala.shkoder.net\\\/wp-content\\\/uploads\\\/2010\\\/09\\\/bexhet_krasniqi_vellai_ahmet_krasniqit-300x168.jpg\"},{\"@type\":\"BreadcrumbList\",\"@id\":\"https:\\\/\\\/fjala.info\\\/2009-2015\\\/rrefen-vellai-i-ministrit-vrasja-e-azemit-lidhet-me-ahmet-krasniqin\\\/#breadcrumb\",\"itemListElement\":[{\"@type\":\"ListItem\",\"position\":1,\"name\":\"Home\",\"item\":\"https:\\\/\\\/fjala.info\\\/2009-2015\\\/\"},{\"@type\":\"ListItem\",\"position\":2,\"name\":\"Rr\u00ebfen v\u00ebllai i ministrit: Vrasja e Azemit lidhet me Ahmet Krasniqin\"}]},{\"@type\":\"WebSite\",\"@id\":\"https:\\\/\\\/fjala.info\\\/2009-2015\\\/#website\",\"url\":\"https:\\\/\\\/fjala.info\\\/2009-2015\\\/\",\"name\":\"FjALA e LIR\u00cb - Arkivi\",\"description\":\"Arkivi 2009-2015\",\"publisher\":{\"@id\":\"https:\\\/\\\/fjala.info\\\/2009-2015\\\/#organization\"},\"potentialAction\":[{\"@type\":\"SearchAction\",\"target\":{\"@type\":\"EntryPoint\",\"urlTemplate\":\"https:\\\/\\\/fjala.info\\\/2009-2015\\\/?s={search_term_string}\"},\"query-input\":{\"@type\":\"PropertyValueSpecification\",\"valueRequired\":true,\"valueName\":\"search_term_string\"}}],\"inLanguage\":\"sq-AL\"},{\"@type\":\"Organization\",\"@id\":\"https:\\\/\\\/fjala.info\\\/2009-2015\\\/#organization\",\"name\":\"FjALA e LIR\u00cb - Arkivi\",\"url\":\"https:\\\/\\\/fjala.info\\\/2009-2015\\\/\",\"logo\":{\"@type\":\"ImageObject\",\"inLanguage\":\"sq-AL\",\"@id\":\"https:\\\/\\\/fjala.info\\\/2009-2015\\\/#\\\/schema\\\/logo\\\/image\\\/\",\"url\":\"\",\"contentUrl\":\"\",\"caption\":\"FjALA e LIR\u00cb - Arkivi\"},\"image\":{\"@id\":\"https:\\\/\\\/fjala.info\\\/2009-2015\\\/#\\\/schema\\\/logo\\\/image\\\/\"}},{\"@type\":\"Person\",\"@id\":\"https:\\\/\\\/fjala.info\\\/2009-2015\\\/#\\\/schema\\\/person\\\/3aa1163ef05469c496fc94e77611ada2\",\"name\":\"admin\",\"image\":{\"@type\":\"ImageObject\",\"inLanguage\":\"sq-AL\",\"@id\":\"https:\\\/\\\/fjala.info\\\/2009-2015\\\/wp-content\\\/uploads\\\/2012\\\/02\\\/arben_cokaj-120x150.jpg\",\"url\":\"https:\\\/\\\/fjala.info\\\/2009-2015\\\/wp-content\\\/uploads\\\/2012\\\/02\\\/arben_cokaj-120x150.jpg\",\"contentUrl\":\"https:\\\/\\\/fjala.info\\\/2009-2015\\\/wp-content\\\/uploads\\\/2012\\\/02\\\/arben_cokaj-120x150.jpg\",\"caption\":\"admin\"},\"description\":\"Admin, Fjala e Lir\u00eb\",\"sameAs\":[\"https:\\\/\\\/fjala.info\\\/\"],\"url\":\"https:\\\/\\\/fjala.info\\\/2009-2015\\\/author\\\/admin\\\/\"}]}<\/script>\n<!-- \/ Yoast SEO plugin. -->","yoast_head_json":{"title":"Rr\u00ebfen v\u00ebllai i ministrit: Vrasja e Azemit lidhet me Ahmet Krasniqin - FjALA e LIR\u00cb - Arkivi","robots":{"index":"index","follow":"follow","max-snippet":"max-snippet:-1","max-image-preview":"max-image-preview:large","max-video-preview":"max-video-preview:-1"},"canonical":"https:\/\/fjala.info\/2009-2015\/rrefen-vellai-i-ministrit-vrasja-e-azemit-lidhet-me-ahmet-krasniqin\/","og_locale":"sq_AL","og_type":"article","og_title":"Rr\u00ebfen v\u00ebllai i ministrit: Vrasja e Azemit lidhet me Ahmet Krasniqin - FjALA e LIR\u00cb - Arkivi","og_description":"Lindita \u00c7ela, 22.09.2010 Rr\u00ebfimi i v\u00ebllait t\u00eb ministrit t\u00eb Mbrojtjes s\u00eb Kosov\u00ebs q\u00eb u ekzekutua n\u00eb Tiran\u00eb 9 dit\u00eb pas Azem Hajdarit. Lidhja mes dy politikan\u00ebve, roli i U\u00c7K-s\u00eb dhe misteri i ndalimit nga policia vet\u00ebm pak minuta p\u00ebrpara ekzekutimit TIRAN\u00cb &#8211; Nj\u00eb buqet\u00eb m\u00eb lule n\u00eb pllak\u00ebn e mermert\u00eb posht\u00eb t\u00eb cil\u00ebs ndodhet varri [&hellip;]","og_url":"https:\/\/fjala.info\/2009-2015\/rrefen-vellai-i-ministrit-vrasja-e-azemit-lidhet-me-ahmet-krasniqin\/","og_site_name":"FjALA e LIR\u00cb - Arkivi","article_published_time":"2010-09-22T08:14:35+00:00","og_image":[{"url":"http:\/\/fjala.shkoder.net\/wp-content\/uploads\/2010\/09\/bexhet_krasniqi_vellai_ahmet_krasniqit-300x168.jpg","type":"","width":"","height":""}],"author":"admin","twitter_card":"summary_large_image","twitter_misc":{"Written by":"admin","Est. reading time":"17 minutes"},"schema":{"@context":"https:\/\/schema.org","@graph":[{"@type":"Article","@id":"https:\/\/fjala.info\/2009-2015\/rrefen-vellai-i-ministrit-vrasja-e-azemit-lidhet-me-ahmet-krasniqin\/#article","isPartOf":{"@id":"https:\/\/fjala.info\/2009-2015\/rrefen-vellai-i-ministrit-vrasja-e-azemit-lidhet-me-ahmet-krasniqin\/"},"author":{"name":"admin","@id":"https:\/\/fjala.info\/2009-2015\/#\/schema\/person\/3aa1163ef05469c496fc94e77611ada2"},"headline":"Rr\u00ebfen v\u00ebllai i ministrit: Vrasja e Azemit lidhet me Ahmet Krasniqin","datePublished":"2010-09-22T08:14:35+00:00","mainEntityOfPage":{"@id":"https:\/\/fjala.info\/2009-2015\/rrefen-vellai-i-ministrit-vrasja-e-azemit-lidhet-me-ahmet-krasniqin\/"},"wordCount":3509,"commentCount":0,"publisher":{"@id":"https:\/\/fjala.info\/2009-2015\/#organization"},"image":{"@id":"https:\/\/fjala.info\/2009-2015\/rrefen-vellai-i-ministrit-vrasja-e-azemit-lidhet-me-ahmet-krasniqin\/#primaryimage"},"thumbnailUrl":"http:\/\/fjala.shkoder.net\/wp-content\/uploads\/2010\/09\/bexhet_krasniqi_vellai_ahmet_krasniqit-300x168.jpg","articleSection":["Intervista"],"inLanguage":"sq-AL","potentialAction":[{"@type":"CommentAction","name":"Comment","target":["https:\/\/fjala.info\/2009-2015\/rrefen-vellai-i-ministrit-vrasja-e-azemit-lidhet-me-ahmet-krasniqin\/#respond"]}]},{"@type":"WebPage","@id":"https:\/\/fjala.info\/2009-2015\/rrefen-vellai-i-ministrit-vrasja-e-azemit-lidhet-me-ahmet-krasniqin\/","url":"https:\/\/fjala.info\/2009-2015\/rrefen-vellai-i-ministrit-vrasja-e-azemit-lidhet-me-ahmet-krasniqin\/","name":"Rr\u00ebfen v\u00ebllai i ministrit: Vrasja e Azemit lidhet me Ahmet Krasniqin - FjALA e LIR\u00cb - Arkivi","isPartOf":{"@id":"https:\/\/fjala.info\/2009-2015\/#website"},"primaryImageOfPage":{"@id":"https:\/\/fjala.info\/2009-2015\/rrefen-vellai-i-ministrit-vrasja-e-azemit-lidhet-me-ahmet-krasniqin\/#primaryimage"},"image":{"@id":"https:\/\/fjala.info\/2009-2015\/rrefen-vellai-i-ministrit-vrasja-e-azemit-lidhet-me-ahmet-krasniqin\/#primaryimage"},"thumbnailUrl":"http:\/\/fjala.shkoder.net\/wp-content\/uploads\/2010\/09\/bexhet_krasniqi_vellai_ahmet_krasniqit-300x168.jpg","datePublished":"2010-09-22T08:14:35+00:00","breadcrumb":{"@id":"https:\/\/fjala.info\/2009-2015\/rrefen-vellai-i-ministrit-vrasja-e-azemit-lidhet-me-ahmet-krasniqin\/#breadcrumb"},"inLanguage":"sq-AL","potentialAction":[{"@type":"ReadAction","target":["https:\/\/fjala.info\/2009-2015\/rrefen-vellai-i-ministrit-vrasja-e-azemit-lidhet-me-ahmet-krasniqin\/"]}]},{"@type":"ImageObject","inLanguage":"sq-AL","@id":"https:\/\/fjala.info\/2009-2015\/rrefen-vellai-i-ministrit-vrasja-e-azemit-lidhet-me-ahmet-krasniqin\/#primaryimage","url":"http:\/\/fjala.shkoder.net\/wp-content\/uploads\/2010\/09\/bexhet_krasniqi_vellai_ahmet_krasniqit-300x168.jpg","contentUrl":"http:\/\/fjala.shkoder.net\/wp-content\/uploads\/2010\/09\/bexhet_krasniqi_vellai_ahmet_krasniqit-300x168.jpg"},{"@type":"BreadcrumbList","@id":"https:\/\/fjala.info\/2009-2015\/rrefen-vellai-i-ministrit-vrasja-e-azemit-lidhet-me-ahmet-krasniqin\/#breadcrumb","itemListElement":[{"@type":"ListItem","position":1,"name":"Home","item":"https:\/\/fjala.info\/2009-2015\/"},{"@type":"ListItem","position":2,"name":"Rr\u00ebfen v\u00ebllai i ministrit: Vrasja e Azemit lidhet me Ahmet Krasniqin"}]},{"@type":"WebSite","@id":"https:\/\/fjala.info\/2009-2015\/#website","url":"https:\/\/fjala.info\/2009-2015\/","name":"FjALA e LIR\u00cb - Arkivi","description":"Arkivi 2009-2015","publisher":{"@id":"https:\/\/fjala.info\/2009-2015\/#organization"},"potentialAction":[{"@type":"SearchAction","target":{"@type":"EntryPoint","urlTemplate":"https:\/\/fjala.info\/2009-2015\/?s={search_term_string}"},"query-input":{"@type":"PropertyValueSpecification","valueRequired":true,"valueName":"search_term_string"}}],"inLanguage":"sq-AL"},{"@type":"Organization","@id":"https:\/\/fjala.info\/2009-2015\/#organization","name":"FjALA e LIR\u00cb - Arkivi","url":"https:\/\/fjala.info\/2009-2015\/","logo":{"@type":"ImageObject","inLanguage":"sq-AL","@id":"https:\/\/fjala.info\/2009-2015\/#\/schema\/logo\/image\/","url":"","contentUrl":"","caption":"FjALA e LIR\u00cb - Arkivi"},"image":{"@id":"https:\/\/fjala.info\/2009-2015\/#\/schema\/logo\/image\/"}},{"@type":"Person","@id":"https:\/\/fjala.info\/2009-2015\/#\/schema\/person\/3aa1163ef05469c496fc94e77611ada2","name":"admin","image":{"@type":"ImageObject","inLanguage":"sq-AL","@id":"https:\/\/fjala.info\/2009-2015\/wp-content\/uploads\/2012\/02\/arben_cokaj-120x150.jpg","url":"https:\/\/fjala.info\/2009-2015\/wp-content\/uploads\/2012\/02\/arben_cokaj-120x150.jpg","contentUrl":"https:\/\/fjala.info\/2009-2015\/wp-content\/uploads\/2012\/02\/arben_cokaj-120x150.jpg","caption":"admin"},"description":"Admin, Fjala e Lir\u00eb","sameAs":["https:\/\/fjala.info\/"],"url":"https:\/\/fjala.info\/2009-2015\/author\/admin\/"}]}},"_links":{"self":[{"href":"https:\/\/fjala.info\/2009-2015\/wp-json\/wp\/v2\/posts\/4020","targetHints":{"allow":["GET"]}}],"collection":[{"href":"https:\/\/fjala.info\/2009-2015\/wp-json\/wp\/v2\/posts"}],"about":[{"href":"https:\/\/fjala.info\/2009-2015\/wp-json\/wp\/v2\/types\/post"}],"author":[{"embeddable":true,"href":"https:\/\/fjala.info\/2009-2015\/wp-json\/wp\/v2\/users\/1"}],"replies":[{"embeddable":true,"href":"https:\/\/fjala.info\/2009-2015\/wp-json\/wp\/v2\/comments?post=4020"}],"version-history":[{"count":0,"href":"https:\/\/fjala.info\/2009-2015\/wp-json\/wp\/v2\/posts\/4020\/revisions"}],"wp:attachment":[{"href":"https:\/\/fjala.info\/2009-2015\/wp-json\/wp\/v2\/media?parent=4020"}],"wp:term":[{"taxonomy":"category","embeddable":true,"href":"https:\/\/fjala.info\/2009-2015\/wp-json\/wp\/v2\/categories?post=4020"},{"taxonomy":"post_tag","embeddable":true,"href":"https:\/\/fjala.info\/2009-2015\/wp-json\/wp\/v2\/tags?post=4020"}],"curies":[{"name":"wp","href":"https:\/\/api.w.org\/{rel}","templated":true}]}}