{"id":4018,"date":"2012-07-25T10:24:53","date_gmt":"2012-07-25T09:24:53","guid":{"rendered":"http:\/\/www.fjala.info\/?p=4018"},"modified":"2012-07-25T10:24:53","modified_gmt":"2012-07-25T09:24:53","slug":"psikiatri-i-ardian-klosit-bisedat-me-te-para-vetevrasjes","status":"publish","type":"post","link":"https:\/\/fjala.info\/2009-2015\/psikiatri-i-ardian-klosit-bisedat-me-te-para-vetevrasjes\/","title":{"rendered":"Psikiatri i Ardian Klosit: Bisedat me t\u00eb para vet\u00ebvrasjes"},"content":{"rendered":"<p><img decoding=\"async\" class=\"alignright size-thumbnail wp-image-7236\" title=\"Ardian Klosi\" src=\"http:\/\/www.fjala.info\/2012\/ardian_klosi.jpg\" alt=\"\" width=\"200\" \/> Nga: <strong>OLA MITRE<\/strong><\/p>\n<p>Psikiatri i Ardian Klosit: Bisedat me t\u00eb para vet\u00ebvrasjesTIRAN\u00cb &#8211; Data 27 prill ishte dit\u00eb zie p\u00ebr familjen Klosi. Njeriu i tyre i dashur vendosi t\u00eb mos jetonte m\u00eb, nd\u00ebrsa kjo shokoi t\u00eb af\u00ebrmit, miqt\u00eb, por edhe njer\u00ebz q\u00eb thjesht kishin d\u00ebgjuar e njohur idet\u00eb e tij t\u00eb men\u00e7ura. Shum\u00eb prej tyre fol\u00ebn, shpreh\u00ebn dhimbjen, indinjat\u00ebn, respektin, mir\u00eb-njohjen&#8230; Por dikush q\u00eb i q\u00ebndroi shum\u00eb m\u00eb af\u00ebr se t\u00eb tjer\u00ebt vendosi t\u00eb hesht\u00eb. Vendosi t\u00eb hesht\u00eb vet\u00ebm p\u00ebr t\u00eb respektuar e mosl\u00ebnduar familjen e tij.<\/p>\n<p>\u00cbsht\u00eb mjeku dhe psikiatri i njohur Afrim Dang\u00ebllia, i cili u kujdes me p\u00ebrkushtim e profesionaliz\u00ebm p\u00ebr t\u00eb mos i &#8220;zhdukur&#8221; familjes dhe lexuesve t\u00eb tij njeriun me mendje t\u00eb hapur. Ashtu si\u00e7 pohon edhe vet\u00eb &#8220;ndonj\u00ebher\u00eb mjek\u00ebsia dhe medikamentet jan\u00eb t\u00eb pamjaftueshme p\u00ebr t\u00eb ndaluar k\u00ebt\u00eb veprim&#8221;, e i till\u00eb ishte edhe rasti i publicistit t\u00eb njohur.<\/p>\n<p>Megjithat\u00eb, sot ai ka vendosur t\u00eb rr\u00ebfej\u00eb disa nga kujtimet e tij, por gjithsesi t\u00eb tregohet i kujdessh\u00ebm n\u00eb nder t\u00eb atyre q\u00eb jan\u00eb gjall\u00eb e q\u00eb mund t\u00eb l\u00ebndohen nga \u00e7do detaj. Shqet\u00ebsohet pa mas\u00eb p\u00ebr motrat e t\u00eb ndjerit, duke qen\u00eb se i ka mikesha sht\u00ebpie, nd\u00ebrsa vendos t\u00eb respektoj\u00eb edhe ata njer\u00ebz q\u00eb d\u00ebshirojn\u00eb t\u00eb din\u00eb di\u00e7ka m\u00eb tep\u00ebr.<\/p>\n<p><strong>Doktor ju u p\u00ebrcaktuat nga drejtoria spitalore p\u00ebr t\u00eb ndjekur rastin e Ardian Klosit?<\/strong><br \/>\nNuk ka ndodhur k\u00ebshtu. Ky ishte versioni q\u00eb dhan\u00eb mediat. Padiskutim q\u00eb ka mjek\u00eb t\u00eb mir\u00eb dhe mjek\u00eb jo t\u00eb mir\u00eb. Pavar\u00ebsisht vler\u00ebsimit q\u00eb m&#8217;u b\u00eb, mua m\u00eb zgjodhi vet\u00eb familja p\u00ebr t\u00eb ndjekur Ardianin. Jam mik i vjet\u00ebr i asaj familjeje t\u00eb nderuar, q\u00eb e respektoj shum\u00eb. Jan\u00eb nj\u00eb familje me tradita dhe kultur\u00eb t\u00eb jasht\u00ebzakonshme. Kam nj\u00eb respekt shum\u00eb t\u00eb madh dhe nuk mund t\u00eb flas gjer\u00ebsisht pa marr\u00eb lejen e tyre. Nuk dua t&#8217;i l\u00ebndoj me ato q\u00eb mund t\u00eb them.<\/p>\n<p><strong>Si u ndjet\u00eb kur u p\u00ebrcaktuat si mjeku i tij?<\/strong><br \/>\nShum\u00eb i respektuar. Dihet q\u00eb respekti \u00ebsht\u00eb reciprok. Duke qen\u00eb se jam mik i familjes dhe kam shum\u00eb respekt p\u00ebr ta, padyshim q\u00eb ishte vler\u00ebsim p\u00ebr mua q\u00eb m\u00eb zgjodh\u00ebn p\u00ebr kurimin e tij.<\/p>\n<p><strong>\u00c7far\u00eb kujtoni nga kurimi i t\u00eb ndjerit?mi i t\u00eb ndjerit?<\/strong><br \/>\nPas tentativ\u00ebs s\u00eb par\u00eb, ai ishte mir\u00eb. Mbaj mend q\u00eb pasi doli nga spitali m\u00eb mori n\u00eb telefon p\u00ebr t\u00eb m\u00eb k\u00ebrkuar leje n\u00ebse mund t\u00eb udh\u00ebtonte p\u00ebr n\u00eb Berlin. I thash\u00eb q\u00eb padyshim q\u00eb mund t\u00eb udh\u00ebtonte, mund t\u00eb merrte edhe ila\u00e7et me vete dhe nuk kishte arsye p\u00ebr t\u00eb mos udh\u00ebtuar. Ishte shum\u00eb mir\u00eb.<\/p>\n<p><strong>Po ndonj\u00eb detaj tjet\u00ebr?<\/strong><br \/>\nM\u00eb ka dhuruar nj\u00eb lib\u00ebr t\u00eb Franc Kafk\u00ebs n\u00eb gjuh\u00ebn gjermane. Ishte nj\u00eb njeri i madh, q\u00eb un\u00eb e respektoja shum\u00eb.<\/p>\n<p><strong>Ju i q\u00ebndruat af\u00ebr, sipas perceptimit tuaj pse ai mori k\u00ebt\u00eb vendim?<\/strong><br \/>\nNe si psikiat\u00ebr dallojm\u00eb tre faktor\u00eb q\u00eb mund t\u00eb shkaktojn\u00eb probleme. \u00cbsht\u00eb faktori biologjik, i cili n\u00eb m\u00ebnyr\u00eb absolute nuk mund t\u00eb kontrollohet. Pastaj jan\u00eb faktori psikologjik dhe ai social. P\u00ebr mendimin tim n\u00eb k\u00ebt\u00eb rast kemi t\u00eb b\u00ebjm\u00eb me faktorin social. Edhe mua n\u00ebse m\u00eb pushojn\u00eb nga puna dhe m\u00eb heqin nga kjo tavolin\u00eb q\u00eb jam ulur do t\u00eb ndjehem keq dhe do e p\u00ebrjetoj n\u00eb m\u00ebnyr\u00eb t\u00eb till\u00eb.<\/p>\n<p><strong>Sipas jush, a mund t\u00eb parandalohej ajo q\u00eb ndodhi?<\/strong><br \/>\nNdonj\u00ebher\u00eb medikamentet jan\u00eb t\u00eb pamjaftueshme p\u00ebr t\u00eb ndaluar t\u00eb tilla raste. Mjek\u00ebsia para tyre \u00ebsht\u00eb e pafuqishme p\u00ebr t\u00eb dh\u00ebn\u00eb rezultate. Her\u00ebn e dyt\u00eb ai u shtrua tek Spitali Ushtarak, pasi ne k\u00ebtu nuk kemi kushtet e nevojshme. Edhe mjek\u00ebt q\u00eb e asistuan, t\u00eb dy jan\u00eb shum\u00eb t\u00eb specializuar, por ka disa raste ku \u00ebsht\u00eb i pamundur parandalimi.<\/p>\n<p><strong>Si u ndjet\u00eb kur p\u00ebr at\u00eb q\u00eb ndodhi? <\/strong><br \/>\nJasht\u00ebzakonisht shum\u00eb keq. U trondita kur d\u00ebgjova lajmin. Ishte nj\u00eb humbje e madhe.<\/p>\n<p>(<em>e.m\/GazetaShqiptare\/BalkanWeb<\/em>)<\/p>\n","protected":false},"excerpt":{"rendered":"<p>Nga: OLA MITRE Psikiatri i Ardian Klosit: Bisedat me t\u00eb para vet\u00ebvrasjesTIRAN\u00cb &#8211; Data 27 prill ishte dit\u00eb zie p\u00ebr familjen Klosi. Njeriu i tyre i dashur vendosi t\u00eb mos jetonte m\u00eb, nd\u00ebrsa kjo shokoi t\u00eb af\u00ebrmit, miqt\u00eb, por edhe njer\u00ebz q\u00eb thjesht kishin d\u00ebgjuar e njohur idet\u00eb e tij t\u00eb men\u00e7ura. Shum\u00eb prej tyre [&hellip;]<\/p>\n","protected":false},"author":1,"featured_media":0,"comment_status":"open","ping_status":"closed","sticky":false,"template":"","format":"standard","meta":{"footnotes":""},"categories":[2,4],"tags":[],"class_list":{"0":"post-4018","1":"post","2":"type-post","3":"status-publish","4":"format-standard","6":"category-artikuj","7":"category-intervista"},"yoast_head":"<!-- This site is optimized with the Yoast SEO plugin v27.4 - https:\/\/yoast.com\/product\/yoast-seo-wordpress\/ -->\n<title>Psikiatri i Ardian Klosit: Bisedat me t\u00eb para vet\u00ebvrasjes - FjALA e LIR\u00cb - Arkivi<\/title>\n<meta name=\"robots\" content=\"index, follow, max-snippet:-1, max-image-preview:large, max-video-preview:-1\" \/>\n<link rel=\"canonical\" href=\"https:\/\/fjala.info\/2009-2015\/psikiatri-i-ardian-klosit-bisedat-me-te-para-vetevrasjes\/\" \/>\n<meta property=\"og:locale\" content=\"sq_AL\" \/>\n<meta property=\"og:type\" content=\"article\" \/>\n<meta property=\"og:title\" content=\"Psikiatri i Ardian Klosit: Bisedat me t\u00eb para vet\u00ebvrasjes - FjALA e LIR\u00cb - Arkivi\" \/>\n<meta property=\"og:description\" content=\"Nga: OLA MITRE Psikiatri i Ardian Klosit: Bisedat me t\u00eb para vet\u00ebvrasjesTIRAN\u00cb &#8211; Data 27 prill ishte dit\u00eb zie p\u00ebr familjen Klosi. Njeriu i tyre i dashur vendosi t\u00eb mos jetonte m\u00eb, nd\u00ebrsa kjo shokoi t\u00eb af\u00ebrmit, miqt\u00eb, por edhe njer\u00ebz q\u00eb thjesht kishin d\u00ebgjuar e njohur idet\u00eb e tij t\u00eb men\u00e7ura. Shum\u00eb prej tyre [&hellip;]\" \/>\n<meta property=\"og:url\" content=\"https:\/\/fjala.info\/2009-2015\/psikiatri-i-ardian-klosit-bisedat-me-te-para-vetevrasjes\/\" \/>\n<meta property=\"og:site_name\" content=\"FjALA e LIR\u00cb - Arkivi\" \/>\n<meta property=\"article:published_time\" content=\"2012-07-25T09:24:53+00:00\" \/>\n<meta property=\"og:image\" content=\"http:\/\/www.fjala.info\/2012\/ardian_klosi.jpg\" \/>\n<meta name=\"author\" content=\"admin\" \/>\n<meta name=\"twitter:card\" content=\"summary_large_image\" \/>\n<meta name=\"twitter:label1\" content=\"Written by\" \/>\n\t<meta name=\"twitter:data1\" content=\"admin\" \/>\n\t<meta name=\"twitter:label2\" content=\"Est. reading time\" \/>\n\t<meta name=\"twitter:data2\" content=\"4 minutes\" \/>\n<script type=\"application\/ld+json\" class=\"yoast-schema-graph\">{\"@context\":\"https:\\\/\\\/schema.org\",\"@graph\":[{\"@type\":\"Article\",\"@id\":\"https:\\\/\\\/fjala.info\\\/2009-2015\\\/psikiatri-i-ardian-klosit-bisedat-me-te-para-vetevrasjes\\\/#article\",\"isPartOf\":{\"@id\":\"https:\\\/\\\/fjala.info\\\/2009-2015\\\/psikiatri-i-ardian-klosit-bisedat-me-te-para-vetevrasjes\\\/\"},\"author\":{\"name\":\"admin\",\"@id\":\"https:\\\/\\\/fjala.info\\\/2009-2015\\\/#\\\/schema\\\/person\\\/3aa1163ef05469c496fc94e77611ada2\"},\"headline\":\"Psikiatri i Ardian Klosit: Bisedat me t\u00eb para vet\u00ebvrasjes\",\"datePublished\":\"2012-07-25T09:24:53+00:00\",\"mainEntityOfPage\":{\"@id\":\"https:\\\/\\\/fjala.info\\\/2009-2015\\\/psikiatri-i-ardian-klosit-bisedat-me-te-para-vetevrasjes\\\/\"},\"wordCount\":714,\"commentCount\":0,\"publisher\":{\"@id\":\"https:\\\/\\\/fjala.info\\\/2009-2015\\\/#organization\"},\"image\":{\"@id\":\"https:\\\/\\\/fjala.info\\\/2009-2015\\\/psikiatri-i-ardian-klosit-bisedat-me-te-para-vetevrasjes\\\/#primaryimage\"},\"thumbnailUrl\":\"http:\\\/\\\/www.fjala.info\\\/2012\\\/ardian_klosi.jpg\",\"articleSection\":[\"Artikuj\",\"Intervista\"],\"inLanguage\":\"sq-AL\",\"potentialAction\":[{\"@type\":\"CommentAction\",\"name\":\"Comment\",\"target\":[\"https:\\\/\\\/fjala.info\\\/2009-2015\\\/psikiatri-i-ardian-klosit-bisedat-me-te-para-vetevrasjes\\\/#respond\"]}]},{\"@type\":\"WebPage\",\"@id\":\"https:\\\/\\\/fjala.info\\\/2009-2015\\\/psikiatri-i-ardian-klosit-bisedat-me-te-para-vetevrasjes\\\/\",\"url\":\"https:\\\/\\\/fjala.info\\\/2009-2015\\\/psikiatri-i-ardian-klosit-bisedat-me-te-para-vetevrasjes\\\/\",\"name\":\"Psikiatri i Ardian Klosit: Bisedat me t\u00eb para vet\u00ebvrasjes - FjALA e LIR\u00cb - Arkivi\",\"isPartOf\":{\"@id\":\"https:\\\/\\\/fjala.info\\\/2009-2015\\\/#website\"},\"primaryImageOfPage\":{\"@id\":\"https:\\\/\\\/fjala.info\\\/2009-2015\\\/psikiatri-i-ardian-klosit-bisedat-me-te-para-vetevrasjes\\\/#primaryimage\"},\"image\":{\"@id\":\"https:\\\/\\\/fjala.info\\\/2009-2015\\\/psikiatri-i-ardian-klosit-bisedat-me-te-para-vetevrasjes\\\/#primaryimage\"},\"thumbnailUrl\":\"http:\\\/\\\/www.fjala.info\\\/2012\\\/ardian_klosi.jpg\",\"datePublished\":\"2012-07-25T09:24:53+00:00\",\"breadcrumb\":{\"@id\":\"https:\\\/\\\/fjala.info\\\/2009-2015\\\/psikiatri-i-ardian-klosit-bisedat-me-te-para-vetevrasjes\\\/#breadcrumb\"},\"inLanguage\":\"sq-AL\",\"potentialAction\":[{\"@type\":\"ReadAction\",\"target\":[\"https:\\\/\\\/fjala.info\\\/2009-2015\\\/psikiatri-i-ardian-klosit-bisedat-me-te-para-vetevrasjes\\\/\"]}]},{\"@type\":\"ImageObject\",\"inLanguage\":\"sq-AL\",\"@id\":\"https:\\\/\\\/fjala.info\\\/2009-2015\\\/psikiatri-i-ardian-klosit-bisedat-me-te-para-vetevrasjes\\\/#primaryimage\",\"url\":\"http:\\\/\\\/www.fjala.info\\\/2012\\\/ardian_klosi.jpg\",\"contentUrl\":\"http:\\\/\\\/www.fjala.info\\\/2012\\\/ardian_klosi.jpg\"},{\"@type\":\"BreadcrumbList\",\"@id\":\"https:\\\/\\\/fjala.info\\\/2009-2015\\\/psikiatri-i-ardian-klosit-bisedat-me-te-para-vetevrasjes\\\/#breadcrumb\",\"itemListElement\":[{\"@type\":\"ListItem\",\"position\":1,\"name\":\"Home\",\"item\":\"https:\\\/\\\/fjala.info\\\/2009-2015\\\/\"},{\"@type\":\"ListItem\",\"position\":2,\"name\":\"Psikiatri i Ardian Klosit: Bisedat me t\u00eb para vet\u00ebvrasjes\"}]},{\"@type\":\"WebSite\",\"@id\":\"https:\\\/\\\/fjala.info\\\/2009-2015\\\/#website\",\"url\":\"https:\\\/\\\/fjala.info\\\/2009-2015\\\/\",\"name\":\"FjALA e LIR\u00cb - Arkivi\",\"description\":\"Arkivi 2009-2015\",\"publisher\":{\"@id\":\"https:\\\/\\\/fjala.info\\\/2009-2015\\\/#organization\"},\"potentialAction\":[{\"@type\":\"SearchAction\",\"target\":{\"@type\":\"EntryPoint\",\"urlTemplate\":\"https:\\\/\\\/fjala.info\\\/2009-2015\\\/?s={search_term_string}\"},\"query-input\":{\"@type\":\"PropertyValueSpecification\",\"valueRequired\":true,\"valueName\":\"search_term_string\"}}],\"inLanguage\":\"sq-AL\"},{\"@type\":\"Organization\",\"@id\":\"https:\\\/\\\/fjala.info\\\/2009-2015\\\/#organization\",\"name\":\"FjALA e LIR\u00cb - Arkivi\",\"url\":\"https:\\\/\\\/fjala.info\\\/2009-2015\\\/\",\"logo\":{\"@type\":\"ImageObject\",\"inLanguage\":\"sq-AL\",\"@id\":\"https:\\\/\\\/fjala.info\\\/2009-2015\\\/#\\\/schema\\\/logo\\\/image\\\/\",\"url\":\"\",\"contentUrl\":\"\",\"caption\":\"FjALA e LIR\u00cb - Arkivi\"},\"image\":{\"@id\":\"https:\\\/\\\/fjala.info\\\/2009-2015\\\/#\\\/schema\\\/logo\\\/image\\\/\"}},{\"@type\":\"Person\",\"@id\":\"https:\\\/\\\/fjala.info\\\/2009-2015\\\/#\\\/schema\\\/person\\\/3aa1163ef05469c496fc94e77611ada2\",\"name\":\"admin\",\"image\":{\"@type\":\"ImageObject\",\"inLanguage\":\"sq-AL\",\"@id\":\"https:\\\/\\\/fjala.info\\\/2009-2015\\\/wp-content\\\/uploads\\\/2012\\\/02\\\/arben_cokaj-120x150.jpg\",\"url\":\"https:\\\/\\\/fjala.info\\\/2009-2015\\\/wp-content\\\/uploads\\\/2012\\\/02\\\/arben_cokaj-120x150.jpg\",\"contentUrl\":\"https:\\\/\\\/fjala.info\\\/2009-2015\\\/wp-content\\\/uploads\\\/2012\\\/02\\\/arben_cokaj-120x150.jpg\",\"caption\":\"admin\"},\"description\":\"Admin, Fjala e Lir\u00eb\",\"sameAs\":[\"https:\\\/\\\/fjala.info\\\/\"],\"url\":\"https:\\\/\\\/fjala.info\\\/2009-2015\\\/author\\\/admin\\\/\"}]}<\/script>\n<!-- \/ Yoast SEO plugin. -->","yoast_head_json":{"title":"Psikiatri i Ardian Klosit: Bisedat me t\u00eb para vet\u00ebvrasjes - FjALA e LIR\u00cb - Arkivi","robots":{"index":"index","follow":"follow","max-snippet":"max-snippet:-1","max-image-preview":"max-image-preview:large","max-video-preview":"max-video-preview:-1"},"canonical":"https:\/\/fjala.info\/2009-2015\/psikiatri-i-ardian-klosit-bisedat-me-te-para-vetevrasjes\/","og_locale":"sq_AL","og_type":"article","og_title":"Psikiatri i Ardian Klosit: Bisedat me t\u00eb para vet\u00ebvrasjes - FjALA e LIR\u00cb - Arkivi","og_description":"Nga: OLA MITRE Psikiatri i Ardian Klosit: Bisedat me t\u00eb para vet\u00ebvrasjesTIRAN\u00cb &#8211; Data 27 prill ishte dit\u00eb zie p\u00ebr familjen Klosi. Njeriu i tyre i dashur vendosi t\u00eb mos jetonte m\u00eb, nd\u00ebrsa kjo shokoi t\u00eb af\u00ebrmit, miqt\u00eb, por edhe njer\u00ebz q\u00eb thjesht kishin d\u00ebgjuar e njohur idet\u00eb e tij t\u00eb men\u00e7ura. Shum\u00eb prej tyre [&hellip;]","og_url":"https:\/\/fjala.info\/2009-2015\/psikiatri-i-ardian-klosit-bisedat-me-te-para-vetevrasjes\/","og_site_name":"FjALA e LIR\u00cb - Arkivi","article_published_time":"2012-07-25T09:24:53+00:00","og_image":[{"url":"http:\/\/www.fjala.info\/2012\/ardian_klosi.jpg","type":"","width":"","height":""}],"author":"admin","twitter_card":"summary_large_image","twitter_misc":{"Written by":"admin","Est. reading time":"4 minutes"},"schema":{"@context":"https:\/\/schema.org","@graph":[{"@type":"Article","@id":"https:\/\/fjala.info\/2009-2015\/psikiatri-i-ardian-klosit-bisedat-me-te-para-vetevrasjes\/#article","isPartOf":{"@id":"https:\/\/fjala.info\/2009-2015\/psikiatri-i-ardian-klosit-bisedat-me-te-para-vetevrasjes\/"},"author":{"name":"admin","@id":"https:\/\/fjala.info\/2009-2015\/#\/schema\/person\/3aa1163ef05469c496fc94e77611ada2"},"headline":"Psikiatri i Ardian Klosit: Bisedat me t\u00eb para vet\u00ebvrasjes","datePublished":"2012-07-25T09:24:53+00:00","mainEntityOfPage":{"@id":"https:\/\/fjala.info\/2009-2015\/psikiatri-i-ardian-klosit-bisedat-me-te-para-vetevrasjes\/"},"wordCount":714,"commentCount":0,"publisher":{"@id":"https:\/\/fjala.info\/2009-2015\/#organization"},"image":{"@id":"https:\/\/fjala.info\/2009-2015\/psikiatri-i-ardian-klosit-bisedat-me-te-para-vetevrasjes\/#primaryimage"},"thumbnailUrl":"http:\/\/www.fjala.info\/2012\/ardian_klosi.jpg","articleSection":["Artikuj","Intervista"],"inLanguage":"sq-AL","potentialAction":[{"@type":"CommentAction","name":"Comment","target":["https:\/\/fjala.info\/2009-2015\/psikiatri-i-ardian-klosit-bisedat-me-te-para-vetevrasjes\/#respond"]}]},{"@type":"WebPage","@id":"https:\/\/fjala.info\/2009-2015\/psikiatri-i-ardian-klosit-bisedat-me-te-para-vetevrasjes\/","url":"https:\/\/fjala.info\/2009-2015\/psikiatri-i-ardian-klosit-bisedat-me-te-para-vetevrasjes\/","name":"Psikiatri i Ardian Klosit: Bisedat me t\u00eb para vet\u00ebvrasjes - FjALA e LIR\u00cb - Arkivi","isPartOf":{"@id":"https:\/\/fjala.info\/2009-2015\/#website"},"primaryImageOfPage":{"@id":"https:\/\/fjala.info\/2009-2015\/psikiatri-i-ardian-klosit-bisedat-me-te-para-vetevrasjes\/#primaryimage"},"image":{"@id":"https:\/\/fjala.info\/2009-2015\/psikiatri-i-ardian-klosit-bisedat-me-te-para-vetevrasjes\/#primaryimage"},"thumbnailUrl":"http:\/\/www.fjala.info\/2012\/ardian_klosi.jpg","datePublished":"2012-07-25T09:24:53+00:00","breadcrumb":{"@id":"https:\/\/fjala.info\/2009-2015\/psikiatri-i-ardian-klosit-bisedat-me-te-para-vetevrasjes\/#breadcrumb"},"inLanguage":"sq-AL","potentialAction":[{"@type":"ReadAction","target":["https:\/\/fjala.info\/2009-2015\/psikiatri-i-ardian-klosit-bisedat-me-te-para-vetevrasjes\/"]}]},{"@type":"ImageObject","inLanguage":"sq-AL","@id":"https:\/\/fjala.info\/2009-2015\/psikiatri-i-ardian-klosit-bisedat-me-te-para-vetevrasjes\/#primaryimage","url":"http:\/\/www.fjala.info\/2012\/ardian_klosi.jpg","contentUrl":"http:\/\/www.fjala.info\/2012\/ardian_klosi.jpg"},{"@type":"BreadcrumbList","@id":"https:\/\/fjala.info\/2009-2015\/psikiatri-i-ardian-klosit-bisedat-me-te-para-vetevrasjes\/#breadcrumb","itemListElement":[{"@type":"ListItem","position":1,"name":"Home","item":"https:\/\/fjala.info\/2009-2015\/"},{"@type":"ListItem","position":2,"name":"Psikiatri i Ardian Klosit: Bisedat me t\u00eb para vet\u00ebvrasjes"}]},{"@type":"WebSite","@id":"https:\/\/fjala.info\/2009-2015\/#website","url":"https:\/\/fjala.info\/2009-2015\/","name":"FjALA e LIR\u00cb - Arkivi","description":"Arkivi 2009-2015","publisher":{"@id":"https:\/\/fjala.info\/2009-2015\/#organization"},"potentialAction":[{"@type":"SearchAction","target":{"@type":"EntryPoint","urlTemplate":"https:\/\/fjala.info\/2009-2015\/?s={search_term_string}"},"query-input":{"@type":"PropertyValueSpecification","valueRequired":true,"valueName":"search_term_string"}}],"inLanguage":"sq-AL"},{"@type":"Organization","@id":"https:\/\/fjala.info\/2009-2015\/#organization","name":"FjALA e LIR\u00cb - Arkivi","url":"https:\/\/fjala.info\/2009-2015\/","logo":{"@type":"ImageObject","inLanguage":"sq-AL","@id":"https:\/\/fjala.info\/2009-2015\/#\/schema\/logo\/image\/","url":"","contentUrl":"","caption":"FjALA e LIR\u00cb - Arkivi"},"image":{"@id":"https:\/\/fjala.info\/2009-2015\/#\/schema\/logo\/image\/"}},{"@type":"Person","@id":"https:\/\/fjala.info\/2009-2015\/#\/schema\/person\/3aa1163ef05469c496fc94e77611ada2","name":"admin","image":{"@type":"ImageObject","inLanguage":"sq-AL","@id":"https:\/\/fjala.info\/2009-2015\/wp-content\/uploads\/2012\/02\/arben_cokaj-120x150.jpg","url":"https:\/\/fjala.info\/2009-2015\/wp-content\/uploads\/2012\/02\/arben_cokaj-120x150.jpg","contentUrl":"https:\/\/fjala.info\/2009-2015\/wp-content\/uploads\/2012\/02\/arben_cokaj-120x150.jpg","caption":"admin"},"description":"Admin, Fjala e Lir\u00eb","sameAs":["https:\/\/fjala.info\/"],"url":"https:\/\/fjala.info\/2009-2015\/author\/admin\/"}]}},"_links":{"self":[{"href":"https:\/\/fjala.info\/2009-2015\/wp-json\/wp\/v2\/posts\/4018","targetHints":{"allow":["GET"]}}],"collection":[{"href":"https:\/\/fjala.info\/2009-2015\/wp-json\/wp\/v2\/posts"}],"about":[{"href":"https:\/\/fjala.info\/2009-2015\/wp-json\/wp\/v2\/types\/post"}],"author":[{"embeddable":true,"href":"https:\/\/fjala.info\/2009-2015\/wp-json\/wp\/v2\/users\/1"}],"replies":[{"embeddable":true,"href":"https:\/\/fjala.info\/2009-2015\/wp-json\/wp\/v2\/comments?post=4018"}],"version-history":[{"count":0,"href":"https:\/\/fjala.info\/2009-2015\/wp-json\/wp\/v2\/posts\/4018\/revisions"}],"wp:attachment":[{"href":"https:\/\/fjala.info\/2009-2015\/wp-json\/wp\/v2\/media?parent=4018"}],"wp:term":[{"taxonomy":"category","embeddable":true,"href":"https:\/\/fjala.info\/2009-2015\/wp-json\/wp\/v2\/categories?post=4018"},{"taxonomy":"post_tag","embeddable":true,"href":"https:\/\/fjala.info\/2009-2015\/wp-json\/wp\/v2\/tags?post=4018"}],"curies":[{"name":"wp","href":"https:\/\/api.w.org\/{rel}","templated":true}]}}