{"id":4014,"date":"2012-07-25T10:12:23","date_gmt":"2012-07-25T09:12:23","guid":{"rendered":"http:\/\/www.fjala.info\/?p=4014"},"modified":"2012-07-25T10:12:23","modified_gmt":"2012-07-25T09:12:23","slug":"ali-podrimja-poezi","status":"publish","type":"post","link":"https:\/\/fjala.info\/2009-2015\/ali-podrimja-poezi\/","title":{"rendered":"Ali Podrimja \u2013 poezi"},"content":{"rendered":"<p><strong>Ali Podrimja \u2013 poezi<\/strong><\/p>\n<p><strong>Gazeta Shqip<\/strong>, <em>23 Korrik 2012<\/em><\/p>\n<blockquote><p><img decoding=\"async\" class=\"alignright size-thumbnail wp-image-7236\" title=\"Ali Podrimja\" src=\"http:\/\/www.fjala.info\/2012\/ali_podrimja.jpg\" alt=\"\" width=\"200\" \/><br \/>\n<strong>Nj\u00eb nat\u00eb nga net\u00ebt pa gjum\u00eb<\/strong><\/p>\n<p><em>Zgjohu Kosov\u00eb! Zgjohu nana ime e dashur,<br \/>\nballi dhe emni im i shkelur,<br \/>\nzgjohu, oj! A po e ndien vajin tim?<br \/>\nA po sheh si ti kam ngulur syt\u00eb<br \/>\nmu n\u00eb zem\u00ebr, mu n\u00eb shpirt,<br \/>\nsi t&#8217;i kam hedh\u00eb duart rreth belit<br \/>\nme t\u00eb p\u00ebrqafu un\u00eb, ashti yt?<br \/>\nZgjohu, Kosov\u00eb!<\/em><\/p>\n<p><em>Nga deg\u00ebt e mia t\u00eb thyera kush po dahet,<\/em><br \/>\n<em> k\u00ebt\u00eb vat\u00ebr kush po e le?<\/em><br \/>\n<em> \u00c7\u2019jan\u00eb k\u00ebto gjurm\u00eb gjaku q\u00eb po shtohen<\/em><br \/>\n<em> n\u00ebp\u00ebr fytyr\u00ebn t\u00ebnde,<\/em><br \/>\n<em> k\u00ebto varre e murana q\u00eb po sillen v\u00ebrdall\u00eb<\/em><br \/>\n<em> rreth sht\u00ebpis\u00eb sime?\u2026<\/em><br \/>\n<em> Zgjohu, Kosov\u00eb! Zgjohu, n\u00ebna ime e dashur,<\/em><br \/>\n<em> balli dhe emri im i shkelur,<\/em><br \/>\n<em> Zgjohu, Kosov\u00eb!\u2026<\/em><\/p>\n<p><em>Sonte vet\u00ebm mbeta e<\/em><br \/>\n<em> n\u00eb der\u00eb t\u00eb oborrit askush s\u2019po m\u00eb troket,<\/em><br \/>\n<em> askush m\u00eb, thua vdekur jam e harruar<\/em><br \/>\n<em> N\u00eb k\u00ebto troje e suka gjaku.<\/em><\/p>\n<p><em>Thua m\u00eb \u00ebsht\u00eb shkrimbur hisja<\/em><br \/>\n<em> e mbyllur dera e konakut\u2026..<\/em><br \/>\n<em> Zgjohu, Kosov\u00eb, flak\u00eb e hershme e ashtit tim<\/em><br \/>\n<em> t&#8217;p\u00eblcitur.<\/em><br \/>\n<em> Bota n\u00eb ty le t\u00eb kallet!<\/em><\/p>\n<p><em><\/em><\/p>\n<p><strong>LUM LUMI<\/strong><\/p>\n<p><em>A thua \u00ebsht\u00eb dita jote e fundit n\u00eb spital<br \/>\ndo t\u2019i biem deri n\u00eb fund ,a thua<br \/>\nedhe k\u00ebsaj dite t\u00eb lodhur n\u00eb or\u00ebn e familjes.<\/em><\/p>\n<p><em>Nuk t\u00eb kam shar\u00eb as nuk t\u00eb kam r\u00ebn\u00eb kurr\u00eb<\/em><br \/>\n<em> vet\u00ebm t\u00eb kam th\u00ebn\u00eb; Ai n\u00eb hapsir\u00eb atje larg jam Un\u00eb.<\/em><\/p>\n<p><em>N\u00eb jet\u00eb, n\u00eb art vras\u00ebsit m\u00eb t\u00eb m\u00ebdhenj jan\u00eb frikacak\u00ebt.<\/em><br \/>\n<em> Mjesht\u00ebria e tyre; gjuajtja n\u00eb gabime, dhelp\u00ebria.<\/em><\/p>\n<p><em>Ti m\u00ebso t\u00eb duash vog\u00eblush. Ti m\u00ebso t\u00eb ec\u00ebsh me k\u00ebmb\u00ebt e tua<\/em><br \/>\n<em> mbi t\u00eb keqen mbi t\u00eb mir\u00ebn, mendo me kok\u00ebn t\u00ebnde<\/em><br \/>\n<em> kurr\u00eb mos p\u00ebshtyj n\u00eb dashuri, as n\u00eb pleh;<\/em><br \/>\n<em> Mallkim i fisit.<\/em><br \/>\n<em> Shkolla jote antike; t\u00eb dish t\u00eb \u00e7el\u00ebsh der\u00ebn e sht\u00ebpis\u00eb<\/em><br \/>\n<em> N\u00eb \u00e7do koh\u00eb,<\/em><br \/>\n<em> T\u00eb dish t\u00eb thuash fjal\u00ebn, kur duhet th\u00ebn\u00eb.<\/em><br \/>\n<em> Urrejtja \u00ebsht\u00eb m\u00eb e r\u00ebnd\u00eb se vrasja.<\/em><\/p>\n<p><em>Me dit\u00eb me shikon nga krevati i vjet\u00ebr; spitali tep\u00ebr i vog\u00ebl<\/em><br \/>\n<em> p\u00ebr dhimbjet e tua<\/em><br \/>\n<em> p\u00ebr shtat\u00eb plag\u00ebt e tua<\/em><br \/>\n<em> p\u00ebr dit\u00ebt, p\u00ebr net\u00ebt e tua plot klithje.<\/em><\/p>\n<p><em>spitali tep\u00ebr i vog\u00ebl<\/em><br \/>\n<em> i vog\u00ebl tep\u00ebr spitali<\/em><br \/>\n<em> n\u00ebn te Danubi i thell\u00eb e i kalt\u00ebr.<\/em><br \/>\n<em> A thua t\u00ebr\u00eb jet\u00ebn do t\u00eb na vij\u00eb era jod<\/em><br \/>\n<em> s\u00ebmundje, murtaj\u00eb<\/em><br \/>\n<em> do p\u00ebshtyjm\u00eb gjak e vrer,<\/em><br \/>\n<em> a thua t\u00ebr\u00eb jet\u00ebn t\u2019i dezinfektojm\u00eb pla\u00e7kat, \u00ebndrrat, fjal\u00ebt.<\/em><br \/>\n<em> A thua edhe k\u00ebt\u00eb dit\u00eb do ta kalojm\u00eb n\u00eb spital.<\/em><br \/>\n<em> T\u00eb shikoj; n\u00eb syrin t\u00ebnd flaka, etja, qielli,<\/em><br \/>\n<em> N\u00eb syrin t\u00ebnd asnj\u00eb dredhi, asnj\u00eb mllef<\/em><br \/>\n<em> past\u00ebrtia e syrit t\u00ebnd m\u00eb ka p\u00ebrpir\u00eb t\u00eb t\u00ebrin.<\/em><br \/>\n<em> N\u00eb fund t\u00eb syrit t\u00ebnd<\/em><br \/>\n<em> hap fatin tim t\u00eb kobsh\u00ebm.<\/em><br \/>\n<em> Ai nuk jam Un\u00eb<\/em><br \/>\n<em> Ai nuk je TI<\/em><br \/>\n<em> Kush jam, kush je?<\/em><br \/>\n<em> Syri yt mbyllet, dhe fr\u00ebngjia n\u00eb Kull\u00eb.<\/em><br \/>\n<em> Poezia m\u00eb e bukur ende s\u2019\u00ebsht\u00eb shkruar<\/em><br \/>\n<em> as do t\u00eb shkruhet<\/em><br \/>\n<em> p\u00ebrderisa zhyt\u00ebsit ende jetojn\u00eb<\/em><br \/>\n<em> Vog\u00eblushi im, thell\u00ebsia mashtron, vet\u00ebm largon nga e v\u00ebrteta<\/em><br \/>\n<em> dhe \u00e7do fund \u00ebsht\u00eb tragjik.<\/em><br \/>\n<em> Po \u00e7\u2019ka aty posht\u00eb n\u00eb materie<\/em><br \/>\n<em> Miu i Bardh\u00eb, antimateria.<\/em><\/p>\n<p><em>Do t\u00eb vij\u00eb koha kur do t\u00eb m\u00eb hap\u00ebsh si nj\u00eb lib\u00ebr<\/em><br \/>\n<em> t\u00eb vjet\u00ebr psalmesh<\/em><br \/>\n<em> kur do t\u00eb m\u00ebsoj t\u00eb ec\u00ebsh n\u00ebp\u00ebr pluhurin tim<\/em><br \/>\n<em> por koha ec\u00ebn shpeshher\u00eb n\u00eb shpin\u00eb t\u00eb breshk\u00ebs.<\/em><\/p>\n<p><em>A thua na u sos\u00ebn fjal\u00ebt, k\u00ebng\u00ebt,<\/em><br \/>\n<em> na mundi \u00ebndrra, udha,<\/em><br \/>\n<em> a thua edhe kjo dit\u00eb po na l\u00eb me shpirt nd\u00ebr dh\u00ebmb\u00eb.<\/em><\/p>\n<p><em>Ti je m\u00eb i madh, vog\u00eblush, m\u00eb i fort\u00eb se ky spital<\/em><br \/>\n<em> p\u00ebr inat k\u00ebt\u00eb dit\u00eb ta sosim deri n\u00eb fund.<\/em><br \/>\n<em> Lum Lumi.<\/em><\/p><\/blockquote>\n","protected":false},"excerpt":{"rendered":"<p>Ali Podrimja \u2013 poezi Gazeta Shqip, 23 Korrik 2012 Nj\u00eb nat\u00eb nga net\u00ebt pa gjum\u00eb Zgjohu Kosov\u00eb! Zgjohu nana ime e dashur, balli dhe emni im i shkelur, zgjohu, oj! A po e ndien vajin tim? A po sheh si ti kam ngulur syt\u00eb mu n\u00eb zem\u00ebr, mu n\u00eb shpirt, si t&#8217;i kam hedh\u00eb duart [&hellip;]<\/p>\n","protected":false},"author":1,"featured_media":0,"comment_status":"open","ping_status":"closed","sticky":false,"template":"","format":"standard","meta":{"footnotes":""},"categories":[7,9],"tags":[],"class_list":{"0":"post-4014","1":"post","2":"type-post","3":"status-publish","4":"format-standard","6":"category-letersi","7":"category-poezi"},"yoast_head":"<!-- This site is optimized with the Yoast SEO plugin v27.4 - https:\/\/yoast.com\/product\/yoast-seo-wordpress\/ -->\n<title>Ali Podrimja \u2013 poezi - FjALA e LIR\u00cb - Arkivi<\/title>\n<meta name=\"robots\" content=\"index, follow, max-snippet:-1, max-image-preview:large, max-video-preview:-1\" \/>\n<link rel=\"canonical\" href=\"https:\/\/fjala.info\/2009-2015\/ali-podrimja-poezi\/\" \/>\n<meta property=\"og:locale\" content=\"sq_AL\" \/>\n<meta property=\"og:type\" content=\"article\" \/>\n<meta property=\"og:title\" content=\"Ali Podrimja \u2013 poezi - FjALA e LIR\u00cb - Arkivi\" \/>\n<meta property=\"og:description\" content=\"Ali Podrimja \u2013 poezi Gazeta Shqip, 23 Korrik 2012 Nj\u00eb nat\u00eb nga net\u00ebt pa gjum\u00eb Zgjohu Kosov\u00eb! Zgjohu nana ime e dashur, balli dhe emni im i shkelur, zgjohu, oj! A po e ndien vajin tim? A po sheh si ti kam ngulur syt\u00eb mu n\u00eb zem\u00ebr, mu n\u00eb shpirt, si t&#8217;i kam hedh\u00eb duart [&hellip;]\" \/>\n<meta property=\"og:url\" content=\"https:\/\/fjala.info\/2009-2015\/ali-podrimja-poezi\/\" \/>\n<meta property=\"og:site_name\" content=\"FjALA e LIR\u00cb - Arkivi\" \/>\n<meta property=\"article:published_time\" content=\"2012-07-25T09:12:23+00:00\" \/>\n<meta property=\"og:image\" content=\"http:\/\/www.fjala.info\/2012\/ali_podrimja.jpg\" \/>\n<meta name=\"author\" content=\"admin\" \/>\n<meta name=\"twitter:card\" content=\"summary_large_image\" \/>\n<meta name=\"twitter:label1\" content=\"Written by\" \/>\n\t<meta name=\"twitter:data1\" content=\"admin\" \/>\n\t<meta name=\"twitter:label2\" content=\"Est. reading time\" \/>\n\t<meta name=\"twitter:data2\" content=\"3 minutes\" \/>\n<script type=\"application\/ld+json\" class=\"yoast-schema-graph\">{\"@context\":\"https:\\\/\\\/schema.org\",\"@graph\":[{\"@type\":\"Article\",\"@id\":\"https:\\\/\\\/fjala.info\\\/2009-2015\\\/ali-podrimja-poezi\\\/#article\",\"isPartOf\":{\"@id\":\"https:\\\/\\\/fjala.info\\\/2009-2015\\\/ali-podrimja-poezi\\\/\"},\"author\":{\"name\":\"admin\",\"@id\":\"https:\\\/\\\/fjala.info\\\/2009-2015\\\/#\\\/schema\\\/person\\\/3aa1163ef05469c496fc94e77611ada2\"},\"headline\":\"Ali Podrimja \u2013 poezi\",\"datePublished\":\"2012-07-25T09:12:23+00:00\",\"mainEntityOfPage\":{\"@id\":\"https:\\\/\\\/fjala.info\\\/2009-2015\\\/ali-podrimja-poezi\\\/\"},\"wordCount\":653,\"commentCount\":0,\"publisher\":{\"@id\":\"https:\\\/\\\/fjala.info\\\/2009-2015\\\/#organization\"},\"image\":{\"@id\":\"https:\\\/\\\/fjala.info\\\/2009-2015\\\/ali-podrimja-poezi\\\/#primaryimage\"},\"thumbnailUrl\":\"http:\\\/\\\/www.fjala.info\\\/2012\\\/ali_podrimja.jpg\",\"articleSection\":[\"Let\u00ebrsi\",\"Poezi\"],\"inLanguage\":\"sq-AL\",\"potentialAction\":[{\"@type\":\"CommentAction\",\"name\":\"Comment\",\"target\":[\"https:\\\/\\\/fjala.info\\\/2009-2015\\\/ali-podrimja-poezi\\\/#respond\"]}]},{\"@type\":\"WebPage\",\"@id\":\"https:\\\/\\\/fjala.info\\\/2009-2015\\\/ali-podrimja-poezi\\\/\",\"url\":\"https:\\\/\\\/fjala.info\\\/2009-2015\\\/ali-podrimja-poezi\\\/\",\"name\":\"Ali Podrimja \u2013 poezi - FjALA e LIR\u00cb - Arkivi\",\"isPartOf\":{\"@id\":\"https:\\\/\\\/fjala.info\\\/2009-2015\\\/#website\"},\"primaryImageOfPage\":{\"@id\":\"https:\\\/\\\/fjala.info\\\/2009-2015\\\/ali-podrimja-poezi\\\/#primaryimage\"},\"image\":{\"@id\":\"https:\\\/\\\/fjala.info\\\/2009-2015\\\/ali-podrimja-poezi\\\/#primaryimage\"},\"thumbnailUrl\":\"http:\\\/\\\/www.fjala.info\\\/2012\\\/ali_podrimja.jpg\",\"datePublished\":\"2012-07-25T09:12:23+00:00\",\"breadcrumb\":{\"@id\":\"https:\\\/\\\/fjala.info\\\/2009-2015\\\/ali-podrimja-poezi\\\/#breadcrumb\"},\"inLanguage\":\"sq-AL\",\"potentialAction\":[{\"@type\":\"ReadAction\",\"target\":[\"https:\\\/\\\/fjala.info\\\/2009-2015\\\/ali-podrimja-poezi\\\/\"]}]},{\"@type\":\"ImageObject\",\"inLanguage\":\"sq-AL\",\"@id\":\"https:\\\/\\\/fjala.info\\\/2009-2015\\\/ali-podrimja-poezi\\\/#primaryimage\",\"url\":\"http:\\\/\\\/www.fjala.info\\\/2012\\\/ali_podrimja.jpg\",\"contentUrl\":\"http:\\\/\\\/www.fjala.info\\\/2012\\\/ali_podrimja.jpg\"},{\"@type\":\"BreadcrumbList\",\"@id\":\"https:\\\/\\\/fjala.info\\\/2009-2015\\\/ali-podrimja-poezi\\\/#breadcrumb\",\"itemListElement\":[{\"@type\":\"ListItem\",\"position\":1,\"name\":\"Home\",\"item\":\"https:\\\/\\\/fjala.info\\\/2009-2015\\\/\"},{\"@type\":\"ListItem\",\"position\":2,\"name\":\"Ali Podrimja \u2013 poezi\"}]},{\"@type\":\"WebSite\",\"@id\":\"https:\\\/\\\/fjala.info\\\/2009-2015\\\/#website\",\"url\":\"https:\\\/\\\/fjala.info\\\/2009-2015\\\/\",\"name\":\"FjALA e LIR\u00cb - Arkivi\",\"description\":\"Arkivi 2009-2015\",\"publisher\":{\"@id\":\"https:\\\/\\\/fjala.info\\\/2009-2015\\\/#organization\"},\"potentialAction\":[{\"@type\":\"SearchAction\",\"target\":{\"@type\":\"EntryPoint\",\"urlTemplate\":\"https:\\\/\\\/fjala.info\\\/2009-2015\\\/?s={search_term_string}\"},\"query-input\":{\"@type\":\"PropertyValueSpecification\",\"valueRequired\":true,\"valueName\":\"search_term_string\"}}],\"inLanguage\":\"sq-AL\"},{\"@type\":\"Organization\",\"@id\":\"https:\\\/\\\/fjala.info\\\/2009-2015\\\/#organization\",\"name\":\"FjALA e LIR\u00cb - Arkivi\",\"url\":\"https:\\\/\\\/fjala.info\\\/2009-2015\\\/\",\"logo\":{\"@type\":\"ImageObject\",\"inLanguage\":\"sq-AL\",\"@id\":\"https:\\\/\\\/fjala.info\\\/2009-2015\\\/#\\\/schema\\\/logo\\\/image\\\/\",\"url\":\"\",\"contentUrl\":\"\",\"caption\":\"FjALA e LIR\u00cb - Arkivi\"},\"image\":{\"@id\":\"https:\\\/\\\/fjala.info\\\/2009-2015\\\/#\\\/schema\\\/logo\\\/image\\\/\"}},{\"@type\":\"Person\",\"@id\":\"https:\\\/\\\/fjala.info\\\/2009-2015\\\/#\\\/schema\\\/person\\\/3aa1163ef05469c496fc94e77611ada2\",\"name\":\"admin\",\"image\":{\"@type\":\"ImageObject\",\"inLanguage\":\"sq-AL\",\"@id\":\"https:\\\/\\\/fjala.info\\\/2009-2015\\\/wp-content\\\/uploads\\\/2012\\\/02\\\/arben_cokaj-120x150.jpg\",\"url\":\"https:\\\/\\\/fjala.info\\\/2009-2015\\\/wp-content\\\/uploads\\\/2012\\\/02\\\/arben_cokaj-120x150.jpg\",\"contentUrl\":\"https:\\\/\\\/fjala.info\\\/2009-2015\\\/wp-content\\\/uploads\\\/2012\\\/02\\\/arben_cokaj-120x150.jpg\",\"caption\":\"admin\"},\"description\":\"Admin, Fjala e Lir\u00eb\",\"sameAs\":[\"https:\\\/\\\/fjala.info\\\/\"],\"url\":\"https:\\\/\\\/fjala.info\\\/2009-2015\\\/author\\\/admin\\\/\"}]}<\/script>\n<!-- \/ Yoast SEO plugin. -->","yoast_head_json":{"title":"Ali Podrimja \u2013 poezi - FjALA e LIR\u00cb - Arkivi","robots":{"index":"index","follow":"follow","max-snippet":"max-snippet:-1","max-image-preview":"max-image-preview:large","max-video-preview":"max-video-preview:-1"},"canonical":"https:\/\/fjala.info\/2009-2015\/ali-podrimja-poezi\/","og_locale":"sq_AL","og_type":"article","og_title":"Ali Podrimja \u2013 poezi - FjALA e LIR\u00cb - Arkivi","og_description":"Ali Podrimja \u2013 poezi Gazeta Shqip, 23 Korrik 2012 Nj\u00eb nat\u00eb nga net\u00ebt pa gjum\u00eb Zgjohu Kosov\u00eb! Zgjohu nana ime e dashur, balli dhe emni im i shkelur, zgjohu, oj! A po e ndien vajin tim? A po sheh si ti kam ngulur syt\u00eb mu n\u00eb zem\u00ebr, mu n\u00eb shpirt, si t&#8217;i kam hedh\u00eb duart [&hellip;]","og_url":"https:\/\/fjala.info\/2009-2015\/ali-podrimja-poezi\/","og_site_name":"FjALA e LIR\u00cb - Arkivi","article_published_time":"2012-07-25T09:12:23+00:00","og_image":[{"url":"http:\/\/www.fjala.info\/2012\/ali_podrimja.jpg","type":"","width":"","height":""}],"author":"admin","twitter_card":"summary_large_image","twitter_misc":{"Written by":"admin","Est. reading time":"3 minutes"},"schema":{"@context":"https:\/\/schema.org","@graph":[{"@type":"Article","@id":"https:\/\/fjala.info\/2009-2015\/ali-podrimja-poezi\/#article","isPartOf":{"@id":"https:\/\/fjala.info\/2009-2015\/ali-podrimja-poezi\/"},"author":{"name":"admin","@id":"https:\/\/fjala.info\/2009-2015\/#\/schema\/person\/3aa1163ef05469c496fc94e77611ada2"},"headline":"Ali Podrimja \u2013 poezi","datePublished":"2012-07-25T09:12:23+00:00","mainEntityOfPage":{"@id":"https:\/\/fjala.info\/2009-2015\/ali-podrimja-poezi\/"},"wordCount":653,"commentCount":0,"publisher":{"@id":"https:\/\/fjala.info\/2009-2015\/#organization"},"image":{"@id":"https:\/\/fjala.info\/2009-2015\/ali-podrimja-poezi\/#primaryimage"},"thumbnailUrl":"http:\/\/www.fjala.info\/2012\/ali_podrimja.jpg","articleSection":["Let\u00ebrsi","Poezi"],"inLanguage":"sq-AL","potentialAction":[{"@type":"CommentAction","name":"Comment","target":["https:\/\/fjala.info\/2009-2015\/ali-podrimja-poezi\/#respond"]}]},{"@type":"WebPage","@id":"https:\/\/fjala.info\/2009-2015\/ali-podrimja-poezi\/","url":"https:\/\/fjala.info\/2009-2015\/ali-podrimja-poezi\/","name":"Ali Podrimja \u2013 poezi - FjALA e LIR\u00cb - Arkivi","isPartOf":{"@id":"https:\/\/fjala.info\/2009-2015\/#website"},"primaryImageOfPage":{"@id":"https:\/\/fjala.info\/2009-2015\/ali-podrimja-poezi\/#primaryimage"},"image":{"@id":"https:\/\/fjala.info\/2009-2015\/ali-podrimja-poezi\/#primaryimage"},"thumbnailUrl":"http:\/\/www.fjala.info\/2012\/ali_podrimja.jpg","datePublished":"2012-07-25T09:12:23+00:00","breadcrumb":{"@id":"https:\/\/fjala.info\/2009-2015\/ali-podrimja-poezi\/#breadcrumb"},"inLanguage":"sq-AL","potentialAction":[{"@type":"ReadAction","target":["https:\/\/fjala.info\/2009-2015\/ali-podrimja-poezi\/"]}]},{"@type":"ImageObject","inLanguage":"sq-AL","@id":"https:\/\/fjala.info\/2009-2015\/ali-podrimja-poezi\/#primaryimage","url":"http:\/\/www.fjala.info\/2012\/ali_podrimja.jpg","contentUrl":"http:\/\/www.fjala.info\/2012\/ali_podrimja.jpg"},{"@type":"BreadcrumbList","@id":"https:\/\/fjala.info\/2009-2015\/ali-podrimja-poezi\/#breadcrumb","itemListElement":[{"@type":"ListItem","position":1,"name":"Home","item":"https:\/\/fjala.info\/2009-2015\/"},{"@type":"ListItem","position":2,"name":"Ali Podrimja \u2013 poezi"}]},{"@type":"WebSite","@id":"https:\/\/fjala.info\/2009-2015\/#website","url":"https:\/\/fjala.info\/2009-2015\/","name":"FjALA e LIR\u00cb - Arkivi","description":"Arkivi 2009-2015","publisher":{"@id":"https:\/\/fjala.info\/2009-2015\/#organization"},"potentialAction":[{"@type":"SearchAction","target":{"@type":"EntryPoint","urlTemplate":"https:\/\/fjala.info\/2009-2015\/?s={search_term_string}"},"query-input":{"@type":"PropertyValueSpecification","valueRequired":true,"valueName":"search_term_string"}}],"inLanguage":"sq-AL"},{"@type":"Organization","@id":"https:\/\/fjala.info\/2009-2015\/#organization","name":"FjALA e LIR\u00cb - Arkivi","url":"https:\/\/fjala.info\/2009-2015\/","logo":{"@type":"ImageObject","inLanguage":"sq-AL","@id":"https:\/\/fjala.info\/2009-2015\/#\/schema\/logo\/image\/","url":"","contentUrl":"","caption":"FjALA e LIR\u00cb - Arkivi"},"image":{"@id":"https:\/\/fjala.info\/2009-2015\/#\/schema\/logo\/image\/"}},{"@type":"Person","@id":"https:\/\/fjala.info\/2009-2015\/#\/schema\/person\/3aa1163ef05469c496fc94e77611ada2","name":"admin","image":{"@type":"ImageObject","inLanguage":"sq-AL","@id":"https:\/\/fjala.info\/2009-2015\/wp-content\/uploads\/2012\/02\/arben_cokaj-120x150.jpg","url":"https:\/\/fjala.info\/2009-2015\/wp-content\/uploads\/2012\/02\/arben_cokaj-120x150.jpg","contentUrl":"https:\/\/fjala.info\/2009-2015\/wp-content\/uploads\/2012\/02\/arben_cokaj-120x150.jpg","caption":"admin"},"description":"Admin, Fjala e Lir\u00eb","sameAs":["https:\/\/fjala.info\/"],"url":"https:\/\/fjala.info\/2009-2015\/author\/admin\/"}]}},"_links":{"self":[{"href":"https:\/\/fjala.info\/2009-2015\/wp-json\/wp\/v2\/posts\/4014","targetHints":{"allow":["GET"]}}],"collection":[{"href":"https:\/\/fjala.info\/2009-2015\/wp-json\/wp\/v2\/posts"}],"about":[{"href":"https:\/\/fjala.info\/2009-2015\/wp-json\/wp\/v2\/types\/post"}],"author":[{"embeddable":true,"href":"https:\/\/fjala.info\/2009-2015\/wp-json\/wp\/v2\/users\/1"}],"replies":[{"embeddable":true,"href":"https:\/\/fjala.info\/2009-2015\/wp-json\/wp\/v2\/comments?post=4014"}],"version-history":[{"count":0,"href":"https:\/\/fjala.info\/2009-2015\/wp-json\/wp\/v2\/posts\/4014\/revisions"}],"wp:attachment":[{"href":"https:\/\/fjala.info\/2009-2015\/wp-json\/wp\/v2\/media?parent=4014"}],"wp:term":[{"taxonomy":"category","embeddable":true,"href":"https:\/\/fjala.info\/2009-2015\/wp-json\/wp\/v2\/categories?post=4014"},{"taxonomy":"post_tag","embeddable":true,"href":"https:\/\/fjala.info\/2009-2015\/wp-json\/wp\/v2\/tags?post=4014"}],"curies":[{"name":"wp","href":"https:\/\/api.w.org\/{rel}","templated":true}]}}