{"id":4010,"date":"2010-09-19T16:11:16","date_gmt":"2010-09-19T15:11:16","guid":{"rendered":"http:\/\/fjala.shkoder.net\/?p=4010"},"modified":"2010-09-19T16:11:16","modified_gmt":"2010-09-19T15:11:16","slug":"alternativa-si-minoritar","status":"publish","type":"post","link":"https:\/\/fjala.info\/2009-2015\/alternativa-si-minoritar\/","title":{"rendered":"Alternativa si minoritar"},"content":{"rendered":"<p><img decoding=\"async\" style=\"margin-left: 10px; margin-right: 10px; border: 0px;\" title=\"Aleksand\u00ebr \u00c7ipa\" src=\"http:\/\/www.shkoder.net\/images\/fjala\/aleksander_cipa.jpg\" border=\"0\" alt=\"\" width=\"150\" align=\"left\" \/><\/p>\n<p><strong>Aleksand\u00ebr \u00c7ipa<\/strong><\/p>\n<p>Kolegu im, drejtori i gazet\u00ebs s\u00eb p\u00ebrditshme \u201cPanorama\u201d, Andi Tela, n\u00eb emisionin \u201cOpinion\u201d nd\u00ebr t\u00eb tjera i drejtoi Kryeministrit Sali Berisha pyetjen: \u201cZoti Kryeminist\u00ebr, a \u00ebsht\u00eb Himara minoritet\u201d?<\/p>\n<p>T\u00eb them t\u00eb drejt\u00ebn, p\u00ebr shkak t\u00eb p\u00ebrkat\u00ebsis\u00eb sime nga ai vis p\u00ebr t\u00eb cilin pyet kolegu, u ndjeva keq. U ndjeva n\u00eb gjendjen shpirt\u00ebrore t\u00eb ndenjur dhe t\u00eb ngacmuar shpesh n\u00eb k\u00ebto 20 vjet t\u00eb k\u00ebtij tranzicioni. Trazimi q\u00eb shkakton ky ngacmim p\u00ebr komunitetin e bregasve, fatkeq\u00ebsisht nuk \u00ebsht\u00eb i ngjash\u00ebm me at\u00eb t\u00eb gjith\u00eb bashk\u00ebkomb\u00ebsve apo bashk\u00ebsis\u00eb s\u00eb krejt shoq\u00ebris\u00eb shqiptare. Ky tranzicion e mavijosi si dilem\u00eb gati komb\u00ebtare pyetjen p\u00ebr qen\u00ebsin\u00eb e Himar\u00ebs dhe t\u00eb bregasve t\u00eb saj. \u00cbsht\u00eb thjesht nj\u00eb dilem\u00eb propagandistike dhe politike, jo dilem\u00eb historike. Si e till\u00eb \u00ebsht\u00eb ricikluar n\u00eb momente t\u00eb ndryshme historike, por m\u00eb me buj\u00eb ka ndodhur sidomos gjat\u00eb dy shekujve t\u00eb fundit.<\/p>\n<p>Nuk dua t\u00eb rikthehem n\u00eb pohimin e ndjesis\u00eb dhe dijenis\u00eb sime. Tashm\u00eb ato jan\u00eb t\u00eb njohura fal\u00eb paraardh\u00ebsve t\u00eb mi. Natyrisht, as nuk dua t\u00eb bie n\u00eb historiciz\u00ebm, por dua t\u00eb rikthehem te hiseja ime, p\u00ebr debatin e hapur kaq e kaq koh\u00eb. \u00c7\u00ebshtja shtrohet p\u00ebr pyetjen shqiptare q\u00eb ngjan si p\u00ebr interes t\u00eb tjet\u00ebrkujt. Kjo t\u00eb le shijen sikur dilema apo padijenia, kur b\u00ebhet fjal\u00eb p\u00ebr Himar\u00ebn, qenkan s\u00eb pari mes nesh.<\/p>\n<p>Nj\u00eb koleg grek para pak koh\u00ebsh m\u2019u drejtua n\u00eb k\u00ebt\u00eb m\u00ebnyr\u00eb p\u00ebr hap\u00ebsir\u00ebn dhe sip\u00ebrfaqen mediatike q\u00eb po i len\u00eb mediat tona komb\u00ebtare dhe jo komb\u00ebtare zhurmnaj\u00ebs dhe gricjes antikomb\u00ebtare q\u00eb gjenerohet n\u00eb Himar\u00eb. \u201cJu e keni n\u00eb fokus Himar\u00ebn m\u00eb shum\u00eb se ne n\u00eb Athin\u00eb. Ju e keni hall, ne e kemi nevoj\u00eb\u201d. Por p\u00ebr nga trajtimi q\u00eb i b\u00ebni, duket sikur ju b\u00ebni at\u00eb q\u00eb na duhet ne dhe ne mendojm\u00eb si t\u00eb ham\u00eb g\u00ebshtenjat djeg\u00ebse me duart tuaja\u201d.<\/p>\n<p>Kishte t\u00eb drejt\u00eb. Problemi q\u00eb injektohet n\u00eb Himar\u00eb aq sofistikuesh\u00ebm, por po aq edhe hapur, s\u00eb pari ka \u201cpeshkuar\u201d dhe vijon t\u00eb mbaj\u00eb t\u00eb ekspozuar sjelljen jointeligjente t\u00eb ne gazetar\u00ebve dhe mediave shqiptare n\u00eb t\u00ebr\u00ebsi.<\/p>\n<p>Alternativa p\u00ebrfituese e himarjot\u00ebve nga \u201cstatusi\u201d minoritar\u201d tashm\u00eb \u00ebsht\u00eb shpjeguar se si lindi, se si u p\u00ebrqafua, si u form\u00ebsua dhe se si po shnd\u00ebrrohet n\u00eb nj\u00eb \u201cgur me pesh\u00eb specifike n\u00eb marr\u00ebdh\u00ebniet bilaterale shtet\u00ebrore. Kjo alternativ\u00eb ka historin\u00eb e saj, t\u00eb cil\u00ebn me realiz\u00ebm, por dhe me kujdesin e nevojsh\u00ebm politik, Kryeministri Berisha e pranon si realitet tashm\u00eb t\u00eb pashmangsh\u00ebm. Minoritar\u00ebsia e Himar\u00ebs \u00ebsht\u00eb sot nj\u00eb proces i past\u00ebr politik dhe p\u00ebr k\u00ebt\u00eb shkak duhet ndar\u00eb prej dilem\u00ebs s\u00eb qenies apo ndjesis\u00eb, si\u00e7 po trajtohet naivisht prej politik\u00ebs, mediave dhe fatkeq\u00ebsisht edhe prej historiografis\u00eb s\u00eb paorganizuar institucionalisht. N\u00eb k\u00ebt\u00eb m\u00ebkat, autor\u00ebsin\u00eb m\u00eb t\u00eb madhe e ka korrupsioni politik dhe ai nd\u00ebrshtet\u00ebror. Ky proces ka histori t\u00eb njohur dhe nuk ka asnj\u00eb arsye p\u00ebr t\u00eb ndezur kureshtjen ton\u00eb. Prirja p\u00ebr ta minoritarizuar bashk\u00ebsin\u00eb e himarjot\u00ebve \u00ebsht\u00eb e hershme, sikund\u00ebr po m\u00eb e hershme \u00ebsht\u00eb prova historike dhe d\u00ebshmia e shtres\u00ebzuar e shqiptar\u00ebsis\u00eb n\u00eb k\u00ebt\u00eb vis. Kjo prirje realizohet kah mot prej sintonizmit t\u00eb shum\u00eb faktor\u00ebve dhe vektor\u00ebve q\u00eb kryq\u00ebzohen n\u00eb Himar\u00eb n\u00eb koordinatat Tiran\u00eb-Athin\u00eb e kthim.<\/p>\n<p>Nd\u00ebrlidhja e Himar\u00ebs me historin\u00eb e hinterlandit shqiptar \u00ebsht\u00eb e till\u00eb, q\u00eb do t\u00eb krenonte \u00e7dok\u00ebnd prej brezave t\u00eb shkuar dhe atyre t\u00eb ardh\u00ebm. Sikund\u00ebr nd\u00ebrkallja e helenizmit ka historin\u00eb e vet dhe ngjarjet e veta shpesh s\u00ebmbuese. Himara nuk ka nj\u00eb histori t\u00eb panjohur, ajo \u00ebsht\u00eb nj\u00eb nd\u00ebr trevat shqiptare me historin\u00eb m\u00eb t\u00eb ndri\u00e7uar dhe madje m\u00eb rrez\u00ebllit\u00ebse n\u00eb kontributin e historis\u00eb komb\u00ebtare. M\u00eb \u00ebsht\u00eb dukur e q\u00ebllimt\u00eb q\u00eb n\u00eb tekstet e Historis\u00eb s\u00eb Shqip\u00ebris\u00eb nuk listohen emrat e bregasve q\u00eb mor\u00ebn pjes\u00eb n\u00eb ngjarjet shenjuese t\u00eb historis\u00eb s\u00eb mbrojtjes s\u00eb trojeve tona amtare, si nuk p\u00ebrmendet q\u00eb Odise Nesturi (Kasneci) ishte nd\u00ebr titullar\u00ebt e Lidhjes Shqiptare t\u00eb Prizrenit, apo edhe p\u00ebr kontribute t\u00eb tjera q\u00eb r\u00ebndojn\u00eb m\u00eb shum\u00eb se kalaja e Ali Pash\u00eb Tepelen\u00ebs n\u00eb Porto Palermo. Nuk ka pasur rast q\u00eb n\u00eb qeverit\u00eb e Shqip\u00ebris\u00eb (londineze) t\u00eb mos ken\u00eb qen\u00eb ministra nga Himara. Himara nuk ka pasur t\u00eb d\u00ebrguar n\u00eb aktet historib\u00ebr\u00ebse t\u00eb Shqip\u00ebris\u00eb, ka pasur t\u00eb angazhuar koh\u00eb pas kohe e shekull pas shekulli dhe kjo \u00ebsht\u00eb m\u00eb shum\u00eb se th\u00ebn\u00ebse.<\/p>\n<p>Raporti q\u00eb pikon prej zhurmnaj\u00ebs dhe artikulimit t\u00eb organizuar p\u00ebr grek\u00ebsin\u00eb e nj\u00eb pjese t\u00eb konsiderueshme t\u00eb himarjot\u00ebve, \u00ebsht\u00eb i till\u00eb q\u00eb po projektohet si \u201c\u00e7\u00ebshtje politiko-etnike\u201d. Ky aksion tashm\u00eb \u00ebsht\u00eb dimensionuar si proces etniko-politik. Sodit\u00ebs t\u00eb tij kan\u00eb qen\u00eb gjith\u00eb aktor\u00ebt dhe faktor\u00ebt politik\u00eb e institucional\u00eb t\u00eb k\u00ebtij vendi. Sodit\u00ebs sot nuk duhet t\u00eb jen\u00eb m\u00eb s\u00eb paku pjes\u00ebt e sh\u00ebndosha t\u00eb shoq\u00ebris\u00eb civile shqiptare. Alternativa e minoritarizimit t\u00eb Himar\u00ebs \u00ebsht\u00eb qart\u00ebsisht produkt i bashk\u00ebjetes\u00ebs s\u00eb korrupsionit politik me nevoj\u00ebn sociale, i angazhimit t\u00eb grupeve q\u00eb trash\u00ebgojn\u00eb afeksionin shpirt\u00ebror ndaj grek\u00ebsis\u00eb dhe natyrisht ofert\u00ebn q\u00eb vjen prej nj\u00eb shteti q\u00eb ka investuar gjat\u00eb 20 vjet\u00ebve me leht\u00ebsi dhe favore shum\u00eb her\u00eb m\u00eb t\u00eb m\u00ebdha nga sa p\u00ebrfitojn\u00eb t\u00eb pakrahasueshmit (me himarjot\u00ebt) serb\u00eb t\u00eb Kosov\u00ebs nga Serbia e sotme. Kjo pjes\u00eb e sh\u00ebndosh\u00eb e shoq\u00ebris\u00eb s\u00eb sotme duhet t\u00eb b\u00ebhet inkurajuese e trash\u00ebgimis\u00eb patriotike n\u00eb Himar\u00eb, n\u00eb t\u00eb gjitha skajet ku gjendet, manifestohet dhe ruhet ajo. Vet\u00ebm n\u00eb k\u00ebt\u00eb m\u00ebnyr\u00eb p\u00ebrballet m\u00ebsymja q\u00eb ka nisur manipulativisht alternativa minoritarizuese e himarjot\u00ebve n\u00eb k\u00ebto 20 vitet e fundit. Alogjizmi i ikjes s\u00eb individit prej shumic\u00ebs p\u00ebr t\u2019u ndier dhe realizuar si minoritar, \u00ebsht\u00eb fenomen tipik i shoq\u00ebrive t\u00eb lodhura, i shoq\u00ebrive q\u00eb kan\u00eb humbur busull\u00ebn e krenaris\u00eb dhe t\u00eb vlerave morale. P\u00ebr ta ndalur k\u00ebt\u00eb proces nuk na duhet tubimi dhe shp\u00ebrngulja e flamurit, nuk na duhet reagimi i t\u00eb huaj\u00ebs, por vet\u00ebm send\u00ebrtimi i nj\u00eb marr\u00ebdh\u00ebnieje t\u00eb re zgjuese p\u00ebr at\u00eb \u201cpakic\u00eb\u201d q\u00eb e ve\u00e7uar me q\u00ebllim nga shumica, po mb\u00ebrthen aq fort alternativ\u00ebn e t\u00eb sjellurit si minoritet.<\/p>\n","protected":false},"excerpt":{"rendered":"<p>Aleksand\u00ebr \u00c7ipa Kolegu im, drejtori i gazet\u00ebs s\u00eb p\u00ebrditshme \u201cPanorama\u201d, Andi Tela, n\u00eb emisionin \u201cOpinion\u201d nd\u00ebr t\u00eb tjera i drejtoi Kryeministrit Sali Berisha pyetjen: \u201cZoti Kryeminist\u00ebr, a \u00ebsht\u00eb Himara minoritet\u201d? T\u00eb them t\u00eb drejt\u00ebn, p\u00ebr shkak t\u00eb p\u00ebrkat\u00ebsis\u00eb sime nga ai vis p\u00ebr t\u00eb cilin pyet kolegu, u ndjeva keq. U ndjeva n\u00eb gjendjen shpirt\u00ebrore [&hellip;]<\/p>\n","protected":false},"author":1,"featured_media":0,"comment_status":"open","ping_status":"closed","sticky":false,"template":"","format":"standard","meta":{"footnotes":""},"categories":[2],"tags":[],"class_list":{"0":"post-4010","1":"post","2":"type-post","3":"status-publish","4":"format-standard","6":"category-artikuj"},"yoast_head":"<!-- This site is optimized with the Yoast SEO plugin v27.4 - https:\/\/yoast.com\/product\/yoast-seo-wordpress\/ -->\n<title>Alternativa si minoritar - FjALA e LIR\u00cb - Arkivi<\/title>\n<meta name=\"robots\" content=\"index, follow, max-snippet:-1, max-image-preview:large, max-video-preview:-1\" \/>\n<link rel=\"canonical\" href=\"https:\/\/fjala.info\/2009-2015\/alternativa-si-minoritar\/\" \/>\n<meta property=\"og:locale\" content=\"sq_AL\" \/>\n<meta property=\"og:type\" content=\"article\" \/>\n<meta property=\"og:title\" content=\"Alternativa si minoritar - FjALA e LIR\u00cb - Arkivi\" \/>\n<meta property=\"og:description\" content=\"Aleksand\u00ebr \u00c7ipa Kolegu im, drejtori i gazet\u00ebs s\u00eb p\u00ebrditshme \u201cPanorama\u201d, Andi Tela, n\u00eb emisionin \u201cOpinion\u201d nd\u00ebr t\u00eb tjera i drejtoi Kryeministrit Sali Berisha pyetjen: \u201cZoti Kryeminist\u00ebr, a \u00ebsht\u00eb Himara minoritet\u201d? T\u00eb them t\u00eb drejt\u00ebn, p\u00ebr shkak t\u00eb p\u00ebrkat\u00ebsis\u00eb sime nga ai vis p\u00ebr t\u00eb cilin pyet kolegu, u ndjeva keq. U ndjeva n\u00eb gjendjen shpirt\u00ebrore [&hellip;]\" \/>\n<meta property=\"og:url\" content=\"https:\/\/fjala.info\/2009-2015\/alternativa-si-minoritar\/\" \/>\n<meta property=\"og:site_name\" content=\"FjALA e LIR\u00cb - Arkivi\" \/>\n<meta property=\"article:published_time\" content=\"2010-09-19T15:11:16+00:00\" \/>\n<meta property=\"og:image\" content=\"http:\/\/www.shkoder.net\/images\/fjala\/aleksander_cipa.jpg\" \/>\n<meta name=\"author\" content=\"admin\" \/>\n<meta name=\"twitter:card\" content=\"summary_large_image\" \/>\n<meta name=\"twitter:label1\" content=\"Written by\" \/>\n\t<meta name=\"twitter:data1\" content=\"admin\" \/>\n\t<meta name=\"twitter:label2\" content=\"Est. reading time\" \/>\n\t<meta name=\"twitter:data2\" content=\"6 minutes\" \/>\n<script type=\"application\/ld+json\" class=\"yoast-schema-graph\">{\"@context\":\"https:\\\/\\\/schema.org\",\"@graph\":[{\"@type\":\"Article\",\"@id\":\"https:\\\/\\\/fjala.info\\\/2009-2015\\\/alternativa-si-minoritar\\\/#article\",\"isPartOf\":{\"@id\":\"https:\\\/\\\/fjala.info\\\/2009-2015\\\/alternativa-si-minoritar\\\/\"},\"author\":{\"name\":\"admin\",\"@id\":\"https:\\\/\\\/fjala.info\\\/2009-2015\\\/#\\\/schema\\\/person\\\/3aa1163ef05469c496fc94e77611ada2\"},\"headline\":\"Alternativa si minoritar\",\"datePublished\":\"2010-09-19T15:11:16+00:00\",\"mainEntityOfPage\":{\"@id\":\"https:\\\/\\\/fjala.info\\\/2009-2015\\\/alternativa-si-minoritar\\\/\"},\"wordCount\":1120,\"commentCount\":0,\"publisher\":{\"@id\":\"https:\\\/\\\/fjala.info\\\/2009-2015\\\/#organization\"},\"image\":{\"@id\":\"https:\\\/\\\/fjala.info\\\/2009-2015\\\/alternativa-si-minoritar\\\/#primaryimage\"},\"thumbnailUrl\":\"http:\\\/\\\/www.shkoder.net\\\/images\\\/fjala\\\/aleksander_cipa.jpg\",\"articleSection\":[\"Artikuj\"],\"inLanguage\":\"sq-AL\",\"potentialAction\":[{\"@type\":\"CommentAction\",\"name\":\"Comment\",\"target\":[\"https:\\\/\\\/fjala.info\\\/2009-2015\\\/alternativa-si-minoritar\\\/#respond\"]}]},{\"@type\":\"WebPage\",\"@id\":\"https:\\\/\\\/fjala.info\\\/2009-2015\\\/alternativa-si-minoritar\\\/\",\"url\":\"https:\\\/\\\/fjala.info\\\/2009-2015\\\/alternativa-si-minoritar\\\/\",\"name\":\"Alternativa si minoritar - FjALA e LIR\u00cb - Arkivi\",\"isPartOf\":{\"@id\":\"https:\\\/\\\/fjala.info\\\/2009-2015\\\/#website\"},\"primaryImageOfPage\":{\"@id\":\"https:\\\/\\\/fjala.info\\\/2009-2015\\\/alternativa-si-minoritar\\\/#primaryimage\"},\"image\":{\"@id\":\"https:\\\/\\\/fjala.info\\\/2009-2015\\\/alternativa-si-minoritar\\\/#primaryimage\"},\"thumbnailUrl\":\"http:\\\/\\\/www.shkoder.net\\\/images\\\/fjala\\\/aleksander_cipa.jpg\",\"datePublished\":\"2010-09-19T15:11:16+00:00\",\"breadcrumb\":{\"@id\":\"https:\\\/\\\/fjala.info\\\/2009-2015\\\/alternativa-si-minoritar\\\/#breadcrumb\"},\"inLanguage\":\"sq-AL\",\"potentialAction\":[{\"@type\":\"ReadAction\",\"target\":[\"https:\\\/\\\/fjala.info\\\/2009-2015\\\/alternativa-si-minoritar\\\/\"]}]},{\"@type\":\"ImageObject\",\"inLanguage\":\"sq-AL\",\"@id\":\"https:\\\/\\\/fjala.info\\\/2009-2015\\\/alternativa-si-minoritar\\\/#primaryimage\",\"url\":\"http:\\\/\\\/www.shkoder.net\\\/images\\\/fjala\\\/aleksander_cipa.jpg\",\"contentUrl\":\"http:\\\/\\\/www.shkoder.net\\\/images\\\/fjala\\\/aleksander_cipa.jpg\"},{\"@type\":\"BreadcrumbList\",\"@id\":\"https:\\\/\\\/fjala.info\\\/2009-2015\\\/alternativa-si-minoritar\\\/#breadcrumb\",\"itemListElement\":[{\"@type\":\"ListItem\",\"position\":1,\"name\":\"Home\",\"item\":\"https:\\\/\\\/fjala.info\\\/2009-2015\\\/\"},{\"@type\":\"ListItem\",\"position\":2,\"name\":\"Alternativa si minoritar\"}]},{\"@type\":\"WebSite\",\"@id\":\"https:\\\/\\\/fjala.info\\\/2009-2015\\\/#website\",\"url\":\"https:\\\/\\\/fjala.info\\\/2009-2015\\\/\",\"name\":\"FjALA e LIR\u00cb - Arkivi\",\"description\":\"Arkivi 2009-2015\",\"publisher\":{\"@id\":\"https:\\\/\\\/fjala.info\\\/2009-2015\\\/#organization\"},\"potentialAction\":[{\"@type\":\"SearchAction\",\"target\":{\"@type\":\"EntryPoint\",\"urlTemplate\":\"https:\\\/\\\/fjala.info\\\/2009-2015\\\/?s={search_term_string}\"},\"query-input\":{\"@type\":\"PropertyValueSpecification\",\"valueRequired\":true,\"valueName\":\"search_term_string\"}}],\"inLanguage\":\"sq-AL\"},{\"@type\":\"Organization\",\"@id\":\"https:\\\/\\\/fjala.info\\\/2009-2015\\\/#organization\",\"name\":\"FjALA e LIR\u00cb - Arkivi\",\"url\":\"https:\\\/\\\/fjala.info\\\/2009-2015\\\/\",\"logo\":{\"@type\":\"ImageObject\",\"inLanguage\":\"sq-AL\",\"@id\":\"https:\\\/\\\/fjala.info\\\/2009-2015\\\/#\\\/schema\\\/logo\\\/image\\\/\",\"url\":\"\",\"contentUrl\":\"\",\"caption\":\"FjALA e LIR\u00cb - Arkivi\"},\"image\":{\"@id\":\"https:\\\/\\\/fjala.info\\\/2009-2015\\\/#\\\/schema\\\/logo\\\/image\\\/\"}},{\"@type\":\"Person\",\"@id\":\"https:\\\/\\\/fjala.info\\\/2009-2015\\\/#\\\/schema\\\/person\\\/3aa1163ef05469c496fc94e77611ada2\",\"name\":\"admin\",\"image\":{\"@type\":\"ImageObject\",\"inLanguage\":\"sq-AL\",\"@id\":\"https:\\\/\\\/fjala.info\\\/2009-2015\\\/wp-content\\\/uploads\\\/2012\\\/02\\\/arben_cokaj-120x150.jpg\",\"url\":\"https:\\\/\\\/fjala.info\\\/2009-2015\\\/wp-content\\\/uploads\\\/2012\\\/02\\\/arben_cokaj-120x150.jpg\",\"contentUrl\":\"https:\\\/\\\/fjala.info\\\/2009-2015\\\/wp-content\\\/uploads\\\/2012\\\/02\\\/arben_cokaj-120x150.jpg\",\"caption\":\"admin\"},\"description\":\"Admin, Fjala e Lir\u00eb\",\"sameAs\":[\"https:\\\/\\\/fjala.info\\\/\"],\"url\":\"https:\\\/\\\/fjala.info\\\/2009-2015\\\/author\\\/admin\\\/\"}]}<\/script>\n<!-- \/ Yoast SEO plugin. -->","yoast_head_json":{"title":"Alternativa si minoritar - FjALA e LIR\u00cb - Arkivi","robots":{"index":"index","follow":"follow","max-snippet":"max-snippet:-1","max-image-preview":"max-image-preview:large","max-video-preview":"max-video-preview:-1"},"canonical":"https:\/\/fjala.info\/2009-2015\/alternativa-si-minoritar\/","og_locale":"sq_AL","og_type":"article","og_title":"Alternativa si minoritar - FjALA e LIR\u00cb - Arkivi","og_description":"Aleksand\u00ebr \u00c7ipa Kolegu im, drejtori i gazet\u00ebs s\u00eb p\u00ebrditshme \u201cPanorama\u201d, Andi Tela, n\u00eb emisionin \u201cOpinion\u201d nd\u00ebr t\u00eb tjera i drejtoi Kryeministrit Sali Berisha pyetjen: \u201cZoti Kryeminist\u00ebr, a \u00ebsht\u00eb Himara minoritet\u201d? T\u00eb them t\u00eb drejt\u00ebn, p\u00ebr shkak t\u00eb p\u00ebrkat\u00ebsis\u00eb sime nga ai vis p\u00ebr t\u00eb cilin pyet kolegu, u ndjeva keq. U ndjeva n\u00eb gjendjen shpirt\u00ebrore [&hellip;]","og_url":"https:\/\/fjala.info\/2009-2015\/alternativa-si-minoritar\/","og_site_name":"FjALA e LIR\u00cb - Arkivi","article_published_time":"2010-09-19T15:11:16+00:00","og_image":[{"url":"http:\/\/www.shkoder.net\/images\/fjala\/aleksander_cipa.jpg","type":"","width":"","height":""}],"author":"admin","twitter_card":"summary_large_image","twitter_misc":{"Written by":"admin","Est. reading time":"6 minutes"},"schema":{"@context":"https:\/\/schema.org","@graph":[{"@type":"Article","@id":"https:\/\/fjala.info\/2009-2015\/alternativa-si-minoritar\/#article","isPartOf":{"@id":"https:\/\/fjala.info\/2009-2015\/alternativa-si-minoritar\/"},"author":{"name":"admin","@id":"https:\/\/fjala.info\/2009-2015\/#\/schema\/person\/3aa1163ef05469c496fc94e77611ada2"},"headline":"Alternativa si minoritar","datePublished":"2010-09-19T15:11:16+00:00","mainEntityOfPage":{"@id":"https:\/\/fjala.info\/2009-2015\/alternativa-si-minoritar\/"},"wordCount":1120,"commentCount":0,"publisher":{"@id":"https:\/\/fjala.info\/2009-2015\/#organization"},"image":{"@id":"https:\/\/fjala.info\/2009-2015\/alternativa-si-minoritar\/#primaryimage"},"thumbnailUrl":"http:\/\/www.shkoder.net\/images\/fjala\/aleksander_cipa.jpg","articleSection":["Artikuj"],"inLanguage":"sq-AL","potentialAction":[{"@type":"CommentAction","name":"Comment","target":["https:\/\/fjala.info\/2009-2015\/alternativa-si-minoritar\/#respond"]}]},{"@type":"WebPage","@id":"https:\/\/fjala.info\/2009-2015\/alternativa-si-minoritar\/","url":"https:\/\/fjala.info\/2009-2015\/alternativa-si-minoritar\/","name":"Alternativa si minoritar - FjALA e LIR\u00cb - Arkivi","isPartOf":{"@id":"https:\/\/fjala.info\/2009-2015\/#website"},"primaryImageOfPage":{"@id":"https:\/\/fjala.info\/2009-2015\/alternativa-si-minoritar\/#primaryimage"},"image":{"@id":"https:\/\/fjala.info\/2009-2015\/alternativa-si-minoritar\/#primaryimage"},"thumbnailUrl":"http:\/\/www.shkoder.net\/images\/fjala\/aleksander_cipa.jpg","datePublished":"2010-09-19T15:11:16+00:00","breadcrumb":{"@id":"https:\/\/fjala.info\/2009-2015\/alternativa-si-minoritar\/#breadcrumb"},"inLanguage":"sq-AL","potentialAction":[{"@type":"ReadAction","target":["https:\/\/fjala.info\/2009-2015\/alternativa-si-minoritar\/"]}]},{"@type":"ImageObject","inLanguage":"sq-AL","@id":"https:\/\/fjala.info\/2009-2015\/alternativa-si-minoritar\/#primaryimage","url":"http:\/\/www.shkoder.net\/images\/fjala\/aleksander_cipa.jpg","contentUrl":"http:\/\/www.shkoder.net\/images\/fjala\/aleksander_cipa.jpg"},{"@type":"BreadcrumbList","@id":"https:\/\/fjala.info\/2009-2015\/alternativa-si-minoritar\/#breadcrumb","itemListElement":[{"@type":"ListItem","position":1,"name":"Home","item":"https:\/\/fjala.info\/2009-2015\/"},{"@type":"ListItem","position":2,"name":"Alternativa si minoritar"}]},{"@type":"WebSite","@id":"https:\/\/fjala.info\/2009-2015\/#website","url":"https:\/\/fjala.info\/2009-2015\/","name":"FjALA e LIR\u00cb - Arkivi","description":"Arkivi 2009-2015","publisher":{"@id":"https:\/\/fjala.info\/2009-2015\/#organization"},"potentialAction":[{"@type":"SearchAction","target":{"@type":"EntryPoint","urlTemplate":"https:\/\/fjala.info\/2009-2015\/?s={search_term_string}"},"query-input":{"@type":"PropertyValueSpecification","valueRequired":true,"valueName":"search_term_string"}}],"inLanguage":"sq-AL"},{"@type":"Organization","@id":"https:\/\/fjala.info\/2009-2015\/#organization","name":"FjALA e LIR\u00cb - Arkivi","url":"https:\/\/fjala.info\/2009-2015\/","logo":{"@type":"ImageObject","inLanguage":"sq-AL","@id":"https:\/\/fjala.info\/2009-2015\/#\/schema\/logo\/image\/","url":"","contentUrl":"","caption":"FjALA e LIR\u00cb - Arkivi"},"image":{"@id":"https:\/\/fjala.info\/2009-2015\/#\/schema\/logo\/image\/"}},{"@type":"Person","@id":"https:\/\/fjala.info\/2009-2015\/#\/schema\/person\/3aa1163ef05469c496fc94e77611ada2","name":"admin","image":{"@type":"ImageObject","inLanguage":"sq-AL","@id":"https:\/\/fjala.info\/2009-2015\/wp-content\/uploads\/2012\/02\/arben_cokaj-120x150.jpg","url":"https:\/\/fjala.info\/2009-2015\/wp-content\/uploads\/2012\/02\/arben_cokaj-120x150.jpg","contentUrl":"https:\/\/fjala.info\/2009-2015\/wp-content\/uploads\/2012\/02\/arben_cokaj-120x150.jpg","caption":"admin"},"description":"Admin, Fjala e Lir\u00eb","sameAs":["https:\/\/fjala.info\/"],"url":"https:\/\/fjala.info\/2009-2015\/author\/admin\/"}]}},"_links":{"self":[{"href":"https:\/\/fjala.info\/2009-2015\/wp-json\/wp\/v2\/posts\/4010","targetHints":{"allow":["GET"]}}],"collection":[{"href":"https:\/\/fjala.info\/2009-2015\/wp-json\/wp\/v2\/posts"}],"about":[{"href":"https:\/\/fjala.info\/2009-2015\/wp-json\/wp\/v2\/types\/post"}],"author":[{"embeddable":true,"href":"https:\/\/fjala.info\/2009-2015\/wp-json\/wp\/v2\/users\/1"}],"replies":[{"embeddable":true,"href":"https:\/\/fjala.info\/2009-2015\/wp-json\/wp\/v2\/comments?post=4010"}],"version-history":[{"count":0,"href":"https:\/\/fjala.info\/2009-2015\/wp-json\/wp\/v2\/posts\/4010\/revisions"}],"wp:attachment":[{"href":"https:\/\/fjala.info\/2009-2015\/wp-json\/wp\/v2\/media?parent=4010"}],"wp:term":[{"taxonomy":"category","embeddable":true,"href":"https:\/\/fjala.info\/2009-2015\/wp-json\/wp\/v2\/categories?post=4010"},{"taxonomy":"post_tag","embeddable":true,"href":"https:\/\/fjala.info\/2009-2015\/wp-json\/wp\/v2\/tags?post=4010"}],"curies":[{"name":"wp","href":"https:\/\/api.w.org\/{rel}","templated":true}]}}