{"id":4009,"date":"2012-07-25T09:41:19","date_gmt":"2012-07-25T08:41:19","guid":{"rendered":"http:\/\/www.fjala.info\/?p=4009"},"modified":"2012-07-25T09:41:19","modified_gmt":"2012-07-25T08:41:19","slug":"podrimja-vdiq-nga-dehidratimi","status":"publish","type":"post","link":"https:\/\/fjala.info\/2009-2015\/podrimja-vdiq-nga-dehidratimi\/","title":{"rendered":"Mjek\u00ebt francez\u00eb: &#8220;Ali Podrimja pati vdekje natyrale&#8221;"},"content":{"rendered":"<p><img decoding=\"async\" class=\"alignright size-thumbnail wp-image-7236\" title=\"Ali Podrimja\" src=\"http:\/\/www.fjala.info\/2012\/ali_podrimja.jpg\" alt=\"\" width=\"200\" \/> <strong>TemA<\/strong>, <em>25 Korrik 2012<\/em><\/p>\n<p><em>Ka dal\u00eb rezultati i par\u00eb i autopsis\u00eb s\u00eb shkrimtarit q\u00eb humbi jet\u00ebn n\u00eb Franc\u00eb. Nj\u00eb raport m\u00eb i plot\u00eb do t\u00eb jet\u00eb gati pas 15 dit\u00ebsh. Nd\u00ebrkoh\u00eb, trupi pritet t\u00eb vij\u00eb t\u00eb enjten n\u00eb Prishtin\u00eb.<\/em><\/p>\n<p><em>PRISHTIN\u00cb<\/em> &#8211; \u201cVdekja e Ali Podrimjes nuk ka asnj\u00eb shkak t\u00eb jasht\u00ebm, asnj\u00eb gjurm\u00eb t\u00eb dhun\u00ebs t\u00eb shkaktuar nga jasht\u00eb ose n\u00eb mjedisin ku ai ka l\u00ebvizur ato dit\u00eb. Ai nuk \u00ebsht\u00eb rr\u00ebzuar, nuk ka asnj\u00eb l\u00ebndim n\u00eb trup. \u00cbsht\u00eb fjala p\u00ebr nj\u00eb vdekje natyrale. Vendi ku \u00ebsht\u00eb gjetur \u00ebsht\u00eb nj\u00eb vend i hapur.<\/p>\n<p>Nga aty ka par\u00eb qytetin. Aty ku ka qen\u00eb i shtrir\u00eb e ka par\u00eb edhe konsulli yn\u00eb\u201d. Ky ka qen\u00eb konstatimi i autoriteteve franceze p\u00ebr rrethanat e vdekjes s\u00eb poetit Ali Podrimja, b\u00ebr\u00eb i ditur sot n\u00eb portalin KosovaTimes prej ambasadorit t\u00eb Kosov\u00ebs n\u00eb Franc\u00eb, Muhamedin Kullashi. Nj\u00eb nga dyshimet e tjera \u00ebsht\u00eb se poeti vdiq prej dehidratimit.<\/p>\n<p>\u201cNj\u00eb raport m\u00eb i plot\u00eb do t\u00eb jet\u00eb i gatsh\u00ebm pas 15 dit\u00ebsh, ku p\u00ebrfshihen nj\u00eb analiz\u00eb m\u00eb e holl\u00ebsishme nga ana e ekipeve t\u00eb mjek\u00ebsis\u00eb ligjore.&#8221;<\/p>\n<p><strong>Kthimi i trupit, t\u00eb enjten<\/strong><\/p>\n<p>Ambasadori Kullashi tha se trupi i poetit Podrimja do t\u00eb kthehet n\u00eb Kosov\u00eb t\u00eb enjten. M\u00eb sakt\u00ebsisht n\u00eb or\u00ebn 8:55 minuta t\u00eb m\u00ebngjesit, kur n\u00eb aeroportin e Prishtin\u00ebs parashihet t\u00eb ulet aeroplani q\u00eb vjen nga Franca. K\u00ebt\u00eb e ka konfirmuar p\u00ebr \u201cKoha.net\u201d djali i poetit, Petrit Podrimja, i cili kishte udh\u00ebtuar n\u00eb Franc\u00eb nga Holanda, dhe po asiston n\u00eb koordinimin e procesit t\u00eb kthimit t\u00eb t\u00eb atit n\u00eb vendlindje dhe t\u00eb cilit lajmin ia kan\u00eb kumtuar autoritetet zyrtare t\u00eb Franc\u00ebs.Nga Franca trupi i pajet\u00eb i shkrimtarit Ali Podrimja do t\u00eb bartet me automjet n\u00eb Gjenev\u00eb t\u00eb Zvicr\u00ebs. Prej aty, me avion n\u00eb Prishtin\u00eb.<\/p>\n<p>\u201cJan\u00eb nj\u00eb varg procedurash t\u00eb nd\u00ebrlikuara q\u00eb duhet t\u00eb kryhen k\u00ebtu. Or\u00ebn e sakt\u00eb t\u00eb kthimit t\u00eb trupit t\u00eb poetit do ta dim\u00eb nes\u00ebr\u201d, tha ai. Ambasada e Kosov\u00ebs n\u00eb Paris do t\u00eb organizoj\u00eb t\u00eb premten nj\u00eb tubim komemorativ p\u00ebr poetin Podrimja.<\/p>\n<p>\u201cKemi ftuar korin diplomatik n\u00eb Paris, p\u00ebrfaq\u00ebsues t\u00eb Ministris\u00eb s\u00eb Jashtme Franceze, shoq\u00ebris\u00eb civile, intelektual\u00eb, poet\u00eb, artist\u00eb. Poezit\u00eb e Ali Podrimjes do t\u00eb lexohen n\u00eb gjuh\u00ebn fr\u00ebnge dhe shqipe\u201d, tha ambasadori Kullashi.<\/p>\n<p><strong>Varrimi n\u00eb Prishtin\u00eb<\/strong><\/p>\n<p>Podrimja t\u00eb varroset n\u00eb Prishtin\u00eb, nj\u00eb dit\u00eb pasi q\u00eb trupi i tij t\u00eb vij\u00eb nga qyteti Lod\u00e8ve i Franc\u00ebs ka deklaruar m\u00eb her\u00ebt djali tjet\u00ebr, Dren Podrimja, i cili jeton n\u00eb Prishtin\u00eb. Ai ka th\u00ebn\u00eb se t\u00eb atin po planifikojn\u00eb ta varrosin n\u00eb varrezat e kryeqytetit, nj\u00eb dit\u00eb pasi q\u00eb trupi i pajet\u00eb i tij t\u00eb ket\u00eb mb\u00ebrritur.<\/p>\n<p>Podrimja ishte gjendur i vdekur n\u00eb nj\u00eb pyll n\u00eb an\u00ebn per\u00ebndimore t\u00eb qyteti t\u00eb vog\u00ebl e t\u00eb qet\u00eb francez, Lodeve. Atje Podrimja kishte shkuar p\u00ebr t\u00eb marr\u00eb pjes\u00eb n\u00eb edicionin e 15-t\u00eb t\u00eb festivalit t\u00eb poezis\u00eb \u201cVoix de la M\u00e9diterran\u00e9e\u201d (Z\u00ebrat e Mesdheut).<\/p>\n<p>&#8220;<em>Koha Ditore<\/em>&#8221;<br \/>\n<em>MA<\/em><\/p>\n","protected":false},"excerpt":{"rendered":"<p>TemA, 25 Korrik 2012 Ka dal\u00eb rezultati i par\u00eb i autopsis\u00eb s\u00eb shkrimtarit q\u00eb humbi jet\u00ebn n\u00eb Franc\u00eb. Nj\u00eb raport m\u00eb i plot\u00eb do t\u00eb jet\u00eb gati pas 15 dit\u00ebsh. Nd\u00ebrkoh\u00eb, trupi pritet t\u00eb vij\u00eb t\u00eb enjten n\u00eb Prishtin\u00eb. PRISHTIN\u00cb &#8211; \u201cVdekja e Ali Podrimjes nuk ka asnj\u00eb shkak t\u00eb jasht\u00ebm, asnj\u00eb gjurm\u00eb t\u00eb dhun\u00ebs [&hellip;]<\/p>\n","protected":false},"author":1,"featured_media":0,"comment_status":"open","ping_status":"closed","sticky":false,"template":"","format":"standard","meta":{"footnotes":""},"categories":[2],"tags":[],"class_list":{"0":"post-4009","1":"post","2":"type-post","3":"status-publish","4":"format-standard","6":"category-artikuj"},"yoast_head":"<!-- This site is optimized with the Yoast SEO plugin v27.4 - https:\/\/yoast.com\/product\/yoast-seo-wordpress\/ -->\n<title>Mjek\u00ebt francez\u00eb: &quot;Ali Podrimja pati vdekje natyrale&quot; - FjALA e LIR\u00cb - Arkivi<\/title>\n<meta name=\"robots\" content=\"index, follow, max-snippet:-1, max-image-preview:large, max-video-preview:-1\" \/>\n<link rel=\"canonical\" href=\"https:\/\/fjala.info\/2009-2015\/podrimja-vdiq-nga-dehidratimi\/\" \/>\n<meta property=\"og:locale\" content=\"sq_AL\" \/>\n<meta property=\"og:type\" content=\"article\" \/>\n<meta property=\"og:title\" content=\"Mjek\u00ebt francez\u00eb: &quot;Ali Podrimja pati vdekje natyrale&quot; - FjALA e LIR\u00cb - Arkivi\" \/>\n<meta property=\"og:description\" content=\"TemA, 25 Korrik 2012 Ka dal\u00eb rezultati i par\u00eb i autopsis\u00eb s\u00eb shkrimtarit q\u00eb humbi jet\u00ebn n\u00eb Franc\u00eb. Nj\u00eb raport m\u00eb i plot\u00eb do t\u00eb jet\u00eb gati pas 15 dit\u00ebsh. Nd\u00ebrkoh\u00eb, trupi pritet t\u00eb vij\u00eb t\u00eb enjten n\u00eb Prishtin\u00eb. PRISHTIN\u00cb &#8211; \u201cVdekja e Ali Podrimjes nuk ka asnj\u00eb shkak t\u00eb jasht\u00ebm, asnj\u00eb gjurm\u00eb t\u00eb dhun\u00ebs [&hellip;]\" \/>\n<meta property=\"og:url\" content=\"https:\/\/fjala.info\/2009-2015\/podrimja-vdiq-nga-dehidratimi\/\" \/>\n<meta property=\"og:site_name\" content=\"FjALA e LIR\u00cb - Arkivi\" \/>\n<meta property=\"article:published_time\" content=\"2012-07-25T08:41:19+00:00\" \/>\n<meta property=\"og:image\" content=\"http:\/\/www.fjala.info\/2012\/ali_podrimja.jpg\" \/>\n<meta name=\"author\" content=\"admin\" \/>\n<meta name=\"twitter:card\" content=\"summary_large_image\" \/>\n<meta name=\"twitter:label1\" content=\"Written by\" \/>\n\t<meta name=\"twitter:data1\" content=\"admin\" \/>\n\t<meta name=\"twitter:label2\" content=\"Est. reading time\" \/>\n\t<meta name=\"twitter:data2\" content=\"3 minutes\" \/>\n<script type=\"application\/ld+json\" class=\"yoast-schema-graph\">{\"@context\":\"https:\\\/\\\/schema.org\",\"@graph\":[{\"@type\":\"Article\",\"@id\":\"https:\\\/\\\/fjala.info\\\/2009-2015\\\/podrimja-vdiq-nga-dehidratimi\\\/#article\",\"isPartOf\":{\"@id\":\"https:\\\/\\\/fjala.info\\\/2009-2015\\\/podrimja-vdiq-nga-dehidratimi\\\/\"},\"author\":{\"name\":\"admin\",\"@id\":\"https:\\\/\\\/fjala.info\\\/2009-2015\\\/#\\\/schema\\\/person\\\/3aa1163ef05469c496fc94e77611ada2\"},\"headline\":\"Mjek\u00ebt francez\u00eb: &#8220;Ali Podrimja pati vdekje natyrale&#8221;\",\"datePublished\":\"2012-07-25T08:41:19+00:00\",\"mainEntityOfPage\":{\"@id\":\"https:\\\/\\\/fjala.info\\\/2009-2015\\\/podrimja-vdiq-nga-dehidratimi\\\/\"},\"wordCount\":522,\"commentCount\":0,\"publisher\":{\"@id\":\"https:\\\/\\\/fjala.info\\\/2009-2015\\\/#organization\"},\"image\":{\"@id\":\"https:\\\/\\\/fjala.info\\\/2009-2015\\\/podrimja-vdiq-nga-dehidratimi\\\/#primaryimage\"},\"thumbnailUrl\":\"http:\\\/\\\/www.fjala.info\\\/2012\\\/ali_podrimja.jpg\",\"articleSection\":[\"Artikuj\"],\"inLanguage\":\"sq-AL\",\"potentialAction\":[{\"@type\":\"CommentAction\",\"name\":\"Comment\",\"target\":[\"https:\\\/\\\/fjala.info\\\/2009-2015\\\/podrimja-vdiq-nga-dehidratimi\\\/#respond\"]}]},{\"@type\":\"WebPage\",\"@id\":\"https:\\\/\\\/fjala.info\\\/2009-2015\\\/podrimja-vdiq-nga-dehidratimi\\\/\",\"url\":\"https:\\\/\\\/fjala.info\\\/2009-2015\\\/podrimja-vdiq-nga-dehidratimi\\\/\",\"name\":\"Mjek\u00ebt francez\u00eb: \\\"Ali Podrimja pati vdekje natyrale\\\" - FjALA e LIR\u00cb - Arkivi\",\"isPartOf\":{\"@id\":\"https:\\\/\\\/fjala.info\\\/2009-2015\\\/#website\"},\"primaryImageOfPage\":{\"@id\":\"https:\\\/\\\/fjala.info\\\/2009-2015\\\/podrimja-vdiq-nga-dehidratimi\\\/#primaryimage\"},\"image\":{\"@id\":\"https:\\\/\\\/fjala.info\\\/2009-2015\\\/podrimja-vdiq-nga-dehidratimi\\\/#primaryimage\"},\"thumbnailUrl\":\"http:\\\/\\\/www.fjala.info\\\/2012\\\/ali_podrimja.jpg\",\"datePublished\":\"2012-07-25T08:41:19+00:00\",\"breadcrumb\":{\"@id\":\"https:\\\/\\\/fjala.info\\\/2009-2015\\\/podrimja-vdiq-nga-dehidratimi\\\/#breadcrumb\"},\"inLanguage\":\"sq-AL\",\"potentialAction\":[{\"@type\":\"ReadAction\",\"target\":[\"https:\\\/\\\/fjala.info\\\/2009-2015\\\/podrimja-vdiq-nga-dehidratimi\\\/\"]}]},{\"@type\":\"ImageObject\",\"inLanguage\":\"sq-AL\",\"@id\":\"https:\\\/\\\/fjala.info\\\/2009-2015\\\/podrimja-vdiq-nga-dehidratimi\\\/#primaryimage\",\"url\":\"http:\\\/\\\/www.fjala.info\\\/2012\\\/ali_podrimja.jpg\",\"contentUrl\":\"http:\\\/\\\/www.fjala.info\\\/2012\\\/ali_podrimja.jpg\"},{\"@type\":\"BreadcrumbList\",\"@id\":\"https:\\\/\\\/fjala.info\\\/2009-2015\\\/podrimja-vdiq-nga-dehidratimi\\\/#breadcrumb\",\"itemListElement\":[{\"@type\":\"ListItem\",\"position\":1,\"name\":\"Home\",\"item\":\"https:\\\/\\\/fjala.info\\\/2009-2015\\\/\"},{\"@type\":\"ListItem\",\"position\":2,\"name\":\"Mjek\u00ebt francez\u00eb: &#8220;Ali Podrimja pati vdekje natyrale&#8221;\"}]},{\"@type\":\"WebSite\",\"@id\":\"https:\\\/\\\/fjala.info\\\/2009-2015\\\/#website\",\"url\":\"https:\\\/\\\/fjala.info\\\/2009-2015\\\/\",\"name\":\"FjALA e LIR\u00cb - Arkivi\",\"description\":\"Arkivi 2009-2015\",\"publisher\":{\"@id\":\"https:\\\/\\\/fjala.info\\\/2009-2015\\\/#organization\"},\"potentialAction\":[{\"@type\":\"SearchAction\",\"target\":{\"@type\":\"EntryPoint\",\"urlTemplate\":\"https:\\\/\\\/fjala.info\\\/2009-2015\\\/?s={search_term_string}\"},\"query-input\":{\"@type\":\"PropertyValueSpecification\",\"valueRequired\":true,\"valueName\":\"search_term_string\"}}],\"inLanguage\":\"sq-AL\"},{\"@type\":\"Organization\",\"@id\":\"https:\\\/\\\/fjala.info\\\/2009-2015\\\/#organization\",\"name\":\"FjALA e LIR\u00cb - Arkivi\",\"url\":\"https:\\\/\\\/fjala.info\\\/2009-2015\\\/\",\"logo\":{\"@type\":\"ImageObject\",\"inLanguage\":\"sq-AL\",\"@id\":\"https:\\\/\\\/fjala.info\\\/2009-2015\\\/#\\\/schema\\\/logo\\\/image\\\/\",\"url\":\"\",\"contentUrl\":\"\",\"caption\":\"FjALA e LIR\u00cb - Arkivi\"},\"image\":{\"@id\":\"https:\\\/\\\/fjala.info\\\/2009-2015\\\/#\\\/schema\\\/logo\\\/image\\\/\"}},{\"@type\":\"Person\",\"@id\":\"https:\\\/\\\/fjala.info\\\/2009-2015\\\/#\\\/schema\\\/person\\\/3aa1163ef05469c496fc94e77611ada2\",\"name\":\"admin\",\"image\":{\"@type\":\"ImageObject\",\"inLanguage\":\"sq-AL\",\"@id\":\"https:\\\/\\\/fjala.info\\\/2009-2015\\\/wp-content\\\/uploads\\\/2012\\\/02\\\/arben_cokaj-120x150.jpg\",\"url\":\"https:\\\/\\\/fjala.info\\\/2009-2015\\\/wp-content\\\/uploads\\\/2012\\\/02\\\/arben_cokaj-120x150.jpg\",\"contentUrl\":\"https:\\\/\\\/fjala.info\\\/2009-2015\\\/wp-content\\\/uploads\\\/2012\\\/02\\\/arben_cokaj-120x150.jpg\",\"caption\":\"admin\"},\"description\":\"Admin, Fjala e Lir\u00eb\",\"sameAs\":[\"https:\\\/\\\/fjala.info\\\/\"],\"url\":\"https:\\\/\\\/fjala.info\\\/2009-2015\\\/author\\\/admin\\\/\"}]}<\/script>\n<!-- \/ Yoast SEO plugin. -->","yoast_head_json":{"title":"Mjek\u00ebt francez\u00eb: \"Ali Podrimja pati vdekje natyrale\" - FjALA e LIR\u00cb - Arkivi","robots":{"index":"index","follow":"follow","max-snippet":"max-snippet:-1","max-image-preview":"max-image-preview:large","max-video-preview":"max-video-preview:-1"},"canonical":"https:\/\/fjala.info\/2009-2015\/podrimja-vdiq-nga-dehidratimi\/","og_locale":"sq_AL","og_type":"article","og_title":"Mjek\u00ebt francez\u00eb: \"Ali Podrimja pati vdekje natyrale\" - FjALA e LIR\u00cb - Arkivi","og_description":"TemA, 25 Korrik 2012 Ka dal\u00eb rezultati i par\u00eb i autopsis\u00eb s\u00eb shkrimtarit q\u00eb humbi jet\u00ebn n\u00eb Franc\u00eb. Nj\u00eb raport m\u00eb i plot\u00eb do t\u00eb jet\u00eb gati pas 15 dit\u00ebsh. Nd\u00ebrkoh\u00eb, trupi pritet t\u00eb vij\u00eb t\u00eb enjten n\u00eb Prishtin\u00eb. PRISHTIN\u00cb &#8211; \u201cVdekja e Ali Podrimjes nuk ka asnj\u00eb shkak t\u00eb jasht\u00ebm, asnj\u00eb gjurm\u00eb t\u00eb dhun\u00ebs [&hellip;]","og_url":"https:\/\/fjala.info\/2009-2015\/podrimja-vdiq-nga-dehidratimi\/","og_site_name":"FjALA e LIR\u00cb - Arkivi","article_published_time":"2012-07-25T08:41:19+00:00","og_image":[{"url":"http:\/\/www.fjala.info\/2012\/ali_podrimja.jpg","type":"","width":"","height":""}],"author":"admin","twitter_card":"summary_large_image","twitter_misc":{"Written by":"admin","Est. reading time":"3 minutes"},"schema":{"@context":"https:\/\/schema.org","@graph":[{"@type":"Article","@id":"https:\/\/fjala.info\/2009-2015\/podrimja-vdiq-nga-dehidratimi\/#article","isPartOf":{"@id":"https:\/\/fjala.info\/2009-2015\/podrimja-vdiq-nga-dehidratimi\/"},"author":{"name":"admin","@id":"https:\/\/fjala.info\/2009-2015\/#\/schema\/person\/3aa1163ef05469c496fc94e77611ada2"},"headline":"Mjek\u00ebt francez\u00eb: &#8220;Ali Podrimja pati vdekje natyrale&#8221;","datePublished":"2012-07-25T08:41:19+00:00","mainEntityOfPage":{"@id":"https:\/\/fjala.info\/2009-2015\/podrimja-vdiq-nga-dehidratimi\/"},"wordCount":522,"commentCount":0,"publisher":{"@id":"https:\/\/fjala.info\/2009-2015\/#organization"},"image":{"@id":"https:\/\/fjala.info\/2009-2015\/podrimja-vdiq-nga-dehidratimi\/#primaryimage"},"thumbnailUrl":"http:\/\/www.fjala.info\/2012\/ali_podrimja.jpg","articleSection":["Artikuj"],"inLanguage":"sq-AL","potentialAction":[{"@type":"CommentAction","name":"Comment","target":["https:\/\/fjala.info\/2009-2015\/podrimja-vdiq-nga-dehidratimi\/#respond"]}]},{"@type":"WebPage","@id":"https:\/\/fjala.info\/2009-2015\/podrimja-vdiq-nga-dehidratimi\/","url":"https:\/\/fjala.info\/2009-2015\/podrimja-vdiq-nga-dehidratimi\/","name":"Mjek\u00ebt francez\u00eb: \"Ali Podrimja pati vdekje natyrale\" - FjALA e LIR\u00cb - Arkivi","isPartOf":{"@id":"https:\/\/fjala.info\/2009-2015\/#website"},"primaryImageOfPage":{"@id":"https:\/\/fjala.info\/2009-2015\/podrimja-vdiq-nga-dehidratimi\/#primaryimage"},"image":{"@id":"https:\/\/fjala.info\/2009-2015\/podrimja-vdiq-nga-dehidratimi\/#primaryimage"},"thumbnailUrl":"http:\/\/www.fjala.info\/2012\/ali_podrimja.jpg","datePublished":"2012-07-25T08:41:19+00:00","breadcrumb":{"@id":"https:\/\/fjala.info\/2009-2015\/podrimja-vdiq-nga-dehidratimi\/#breadcrumb"},"inLanguage":"sq-AL","potentialAction":[{"@type":"ReadAction","target":["https:\/\/fjala.info\/2009-2015\/podrimja-vdiq-nga-dehidratimi\/"]}]},{"@type":"ImageObject","inLanguage":"sq-AL","@id":"https:\/\/fjala.info\/2009-2015\/podrimja-vdiq-nga-dehidratimi\/#primaryimage","url":"http:\/\/www.fjala.info\/2012\/ali_podrimja.jpg","contentUrl":"http:\/\/www.fjala.info\/2012\/ali_podrimja.jpg"},{"@type":"BreadcrumbList","@id":"https:\/\/fjala.info\/2009-2015\/podrimja-vdiq-nga-dehidratimi\/#breadcrumb","itemListElement":[{"@type":"ListItem","position":1,"name":"Home","item":"https:\/\/fjala.info\/2009-2015\/"},{"@type":"ListItem","position":2,"name":"Mjek\u00ebt francez\u00eb: &#8220;Ali Podrimja pati vdekje natyrale&#8221;"}]},{"@type":"WebSite","@id":"https:\/\/fjala.info\/2009-2015\/#website","url":"https:\/\/fjala.info\/2009-2015\/","name":"FjALA e LIR\u00cb - Arkivi","description":"Arkivi 2009-2015","publisher":{"@id":"https:\/\/fjala.info\/2009-2015\/#organization"},"potentialAction":[{"@type":"SearchAction","target":{"@type":"EntryPoint","urlTemplate":"https:\/\/fjala.info\/2009-2015\/?s={search_term_string}"},"query-input":{"@type":"PropertyValueSpecification","valueRequired":true,"valueName":"search_term_string"}}],"inLanguage":"sq-AL"},{"@type":"Organization","@id":"https:\/\/fjala.info\/2009-2015\/#organization","name":"FjALA e LIR\u00cb - Arkivi","url":"https:\/\/fjala.info\/2009-2015\/","logo":{"@type":"ImageObject","inLanguage":"sq-AL","@id":"https:\/\/fjala.info\/2009-2015\/#\/schema\/logo\/image\/","url":"","contentUrl":"","caption":"FjALA e LIR\u00cb - Arkivi"},"image":{"@id":"https:\/\/fjala.info\/2009-2015\/#\/schema\/logo\/image\/"}},{"@type":"Person","@id":"https:\/\/fjala.info\/2009-2015\/#\/schema\/person\/3aa1163ef05469c496fc94e77611ada2","name":"admin","image":{"@type":"ImageObject","inLanguage":"sq-AL","@id":"https:\/\/fjala.info\/2009-2015\/wp-content\/uploads\/2012\/02\/arben_cokaj-120x150.jpg","url":"https:\/\/fjala.info\/2009-2015\/wp-content\/uploads\/2012\/02\/arben_cokaj-120x150.jpg","contentUrl":"https:\/\/fjala.info\/2009-2015\/wp-content\/uploads\/2012\/02\/arben_cokaj-120x150.jpg","caption":"admin"},"description":"Admin, Fjala e Lir\u00eb","sameAs":["https:\/\/fjala.info\/"],"url":"https:\/\/fjala.info\/2009-2015\/author\/admin\/"}]}},"_links":{"self":[{"href":"https:\/\/fjala.info\/2009-2015\/wp-json\/wp\/v2\/posts\/4009","targetHints":{"allow":["GET"]}}],"collection":[{"href":"https:\/\/fjala.info\/2009-2015\/wp-json\/wp\/v2\/posts"}],"about":[{"href":"https:\/\/fjala.info\/2009-2015\/wp-json\/wp\/v2\/types\/post"}],"author":[{"embeddable":true,"href":"https:\/\/fjala.info\/2009-2015\/wp-json\/wp\/v2\/users\/1"}],"replies":[{"embeddable":true,"href":"https:\/\/fjala.info\/2009-2015\/wp-json\/wp\/v2\/comments?post=4009"}],"version-history":[{"count":0,"href":"https:\/\/fjala.info\/2009-2015\/wp-json\/wp\/v2\/posts\/4009\/revisions"}],"wp:attachment":[{"href":"https:\/\/fjala.info\/2009-2015\/wp-json\/wp\/v2\/media?parent=4009"}],"wp:term":[{"taxonomy":"category","embeddable":true,"href":"https:\/\/fjala.info\/2009-2015\/wp-json\/wp\/v2\/categories?post=4009"},{"taxonomy":"post_tag","embeddable":true,"href":"https:\/\/fjala.info\/2009-2015\/wp-json\/wp\/v2\/tags?post=4009"}],"curies":[{"name":"wp","href":"https:\/\/api.w.org\/{rel}","templated":true}]}}