{"id":4007,"date":"2012-07-24T21:59:58","date_gmt":"2012-07-24T20:59:58","guid":{"rendered":"http:\/\/www.fjala.info\/?p=4007"},"modified":"2012-07-24T21:59:58","modified_gmt":"2012-07-24T20:59:58","slug":"topi-dekoron-ardian-klosin-me-urdhrin-mjeshter-i-madh","status":"publish","type":"post","link":"https:\/\/fjala.info\/2009-2015\/topi-dekoron-ardian-klosin-me-urdhrin-mjeshter-i-madh\/","title":{"rendered":"Topi dekoron Ardian Klosin me Urdhrin \u201cMjesht\u00ebr i Madh\u201d"},"content":{"rendered":"<p><img decoding=\"async\" class=\"alignright size-thumbnail wp-image-7236\" title=\"Ardian Klosi\" src=\"http:\/\/www.fjala.info\/2012\/ardian_klosi.gif\" alt=\"\" width=\"200\" \/> <strong>Shekulli Online<\/strong>, <em>23 korrik 2012<\/em><\/p>\n<p>Presidenti i Republik\u00ebs, <strong>Bamir Topi<\/strong>, ka dekoruar Ardian Klosin me Urdhrin \u201cMjesht\u00ebr i Madh\u201d. Topi i ka akorduar atij k\u00ebt\u00eb titull pas vdekjes me motivacionin \u201cIntelektualit t\u00eb shquar antikonformist q\u00eb ia kushtoi gjith\u00eb veprimtarin\u00eb e tij si publicist, studiues, veprimtar shoq\u00ebror, krijues e p\u00ebrkthyes \u00e7\u00ebshtjes s\u00eb demokracis\u00eb n\u00eb vend duke e konsideruar at\u00eb si rrug\u00ebn drejt drejt\u00ebsis\u00eb shoq\u00ebrore, s\u00eb v\u00ebrtet\u00ebs, moralit e progresit, ndaj dhe refuzoi deri n\u00eb fund t\u00eb jet\u00ebs kompromisin me at\u00eb lloj politike q\u00eb i bie ndesh k\u00ebtij q\u00ebllimi\u201d.<\/p>\n<p>Ky \u00ebsht\u00eb nj\u00eb nga vendimet e fundit t\u00eb Bamir Topit si President i Republik\u00ebs, pasi nes\u00ebr k\u00ebt\u00eb detyre do ta marr\u00eb Bujar Nishani.<\/p>\n<p>Gjithashtu, sot, Topi ka dekoruar edhe disa figura t\u00eb shquara t\u00eb sportit shqiptar, si Agustin Kola, Arben Ming\u00ebn, Petrit Dibr\u00ebn, Ali Mem\u00ebn, Fatmir Frashrin, Sk\u00ebnder Haliln, Adem Karapicin dhe Selman Stermasin. Si dhe ka dekoruar ekipin e futbollit t\u00eb Tiran\u00ebs me Urdhrin \u201cGjergj Kastrioti Sk\u00ebnderbeu\u201d me motivacionin: \u201cKlubit m\u00eb popullor n\u00eb Shqip\u00ebri\u201d.<\/p>\n","protected":false},"excerpt":{"rendered":"<p>Shekulli Online, 23 korrik 2012 Presidenti i Republik\u00ebs, Bamir Topi, ka dekoruar Ardian Klosin me Urdhrin \u201cMjesht\u00ebr i Madh\u201d. Topi i ka akorduar atij k\u00ebt\u00eb titull pas vdekjes me motivacionin \u201cIntelektualit t\u00eb shquar antikonformist q\u00eb ia kushtoi gjith\u00eb veprimtarin\u00eb e tij si publicist, studiues, veprimtar shoq\u00ebror, krijues e p\u00ebrkthyes \u00e7\u00ebshtjes s\u00eb demokracis\u00eb n\u00eb vend duke [&hellip;]<\/p>\n","protected":false},"author":1,"featured_media":0,"comment_status":"open","ping_status":"closed","sticky":false,"template":"","format":"standard","meta":{"footnotes":""},"categories":[2],"tags":[],"class_list":{"0":"post-4007","1":"post","2":"type-post","3":"status-publish","4":"format-standard","6":"category-artikuj"},"yoast_head":"<!-- This site is optimized with the Yoast SEO plugin v27.4 - https:\/\/yoast.com\/product\/yoast-seo-wordpress\/ -->\n<title>Topi dekoron Ardian Klosin me Urdhrin \u201cMjesht\u00ebr i Madh\u201d - FjALA e LIR\u00cb - Arkivi<\/title>\n<meta name=\"robots\" content=\"index, follow, max-snippet:-1, max-image-preview:large, max-video-preview:-1\" \/>\n<link rel=\"canonical\" href=\"https:\/\/fjala.info\/2009-2015\/topi-dekoron-ardian-klosin-me-urdhrin-mjeshter-i-madh\/\" \/>\n<meta property=\"og:locale\" content=\"sq_AL\" \/>\n<meta property=\"og:type\" content=\"article\" \/>\n<meta property=\"og:title\" content=\"Topi dekoron Ardian Klosin me Urdhrin \u201cMjesht\u00ebr i Madh\u201d - FjALA e LIR\u00cb - Arkivi\" \/>\n<meta property=\"og:description\" content=\"Shekulli Online, 23 korrik 2012 Presidenti i Republik\u00ebs, Bamir Topi, ka dekoruar Ardian Klosin me Urdhrin \u201cMjesht\u00ebr i Madh\u201d. Topi i ka akorduar atij k\u00ebt\u00eb titull pas vdekjes me motivacionin \u201cIntelektualit t\u00eb shquar antikonformist q\u00eb ia kushtoi gjith\u00eb veprimtarin\u00eb e tij si publicist, studiues, veprimtar shoq\u00ebror, krijues e p\u00ebrkthyes \u00e7\u00ebshtjes s\u00eb demokracis\u00eb n\u00eb vend duke [&hellip;]\" \/>\n<meta property=\"og:url\" content=\"https:\/\/fjala.info\/2009-2015\/topi-dekoron-ardian-klosin-me-urdhrin-mjeshter-i-madh\/\" \/>\n<meta property=\"og:site_name\" content=\"FjALA e LIR\u00cb - Arkivi\" \/>\n<meta property=\"article:published_time\" content=\"2012-07-24T20:59:58+00:00\" \/>\n<meta property=\"og:image\" content=\"http:\/\/www.fjala.info\/2012\/ardian_klosi.gif\" \/>\n<meta name=\"author\" content=\"admin\" \/>\n<meta name=\"twitter:card\" content=\"summary_large_image\" \/>\n<meta name=\"twitter:label1\" content=\"Written by\" \/>\n\t<meta name=\"twitter:data1\" content=\"admin\" \/>\n\t<meta name=\"twitter:label2\" content=\"Est. reading time\" \/>\n\t<meta name=\"twitter:data2\" content=\"1 minute\" \/>\n<script type=\"application\/ld+json\" class=\"yoast-schema-graph\">{\"@context\":\"https:\\\/\\\/schema.org\",\"@graph\":[{\"@type\":\"Article\",\"@id\":\"https:\\\/\\\/fjala.info\\\/2009-2015\\\/topi-dekoron-ardian-klosin-me-urdhrin-mjeshter-i-madh\\\/#article\",\"isPartOf\":{\"@id\":\"https:\\\/\\\/fjala.info\\\/2009-2015\\\/topi-dekoron-ardian-klosin-me-urdhrin-mjeshter-i-madh\\\/\"},\"author\":{\"name\":\"admin\",\"@id\":\"https:\\\/\\\/fjala.info\\\/2009-2015\\\/#\\\/schema\\\/person\\\/3aa1163ef05469c496fc94e77611ada2\"},\"headline\":\"Topi dekoron Ardian Klosin me Urdhrin \u201cMjesht\u00ebr i Madh\u201d\",\"datePublished\":\"2012-07-24T20:59:58+00:00\",\"mainEntityOfPage\":{\"@id\":\"https:\\\/\\\/fjala.info\\\/2009-2015\\\/topi-dekoron-ardian-klosin-me-urdhrin-mjeshter-i-madh\\\/\"},\"wordCount\":193,\"commentCount\":0,\"publisher\":{\"@id\":\"https:\\\/\\\/fjala.info\\\/2009-2015\\\/#organization\"},\"image\":{\"@id\":\"https:\\\/\\\/fjala.info\\\/2009-2015\\\/topi-dekoron-ardian-klosin-me-urdhrin-mjeshter-i-madh\\\/#primaryimage\"},\"thumbnailUrl\":\"http:\\\/\\\/www.fjala.info\\\/2012\\\/ardian_klosi.gif\",\"articleSection\":[\"Artikuj\"],\"inLanguage\":\"sq-AL\",\"potentialAction\":[{\"@type\":\"CommentAction\",\"name\":\"Comment\",\"target\":[\"https:\\\/\\\/fjala.info\\\/2009-2015\\\/topi-dekoron-ardian-klosin-me-urdhrin-mjeshter-i-madh\\\/#respond\"]}]},{\"@type\":\"WebPage\",\"@id\":\"https:\\\/\\\/fjala.info\\\/2009-2015\\\/topi-dekoron-ardian-klosin-me-urdhrin-mjeshter-i-madh\\\/\",\"url\":\"https:\\\/\\\/fjala.info\\\/2009-2015\\\/topi-dekoron-ardian-klosin-me-urdhrin-mjeshter-i-madh\\\/\",\"name\":\"Topi dekoron Ardian Klosin me Urdhrin \u201cMjesht\u00ebr i Madh\u201d - FjALA e LIR\u00cb - Arkivi\",\"isPartOf\":{\"@id\":\"https:\\\/\\\/fjala.info\\\/2009-2015\\\/#website\"},\"primaryImageOfPage\":{\"@id\":\"https:\\\/\\\/fjala.info\\\/2009-2015\\\/topi-dekoron-ardian-klosin-me-urdhrin-mjeshter-i-madh\\\/#primaryimage\"},\"image\":{\"@id\":\"https:\\\/\\\/fjala.info\\\/2009-2015\\\/topi-dekoron-ardian-klosin-me-urdhrin-mjeshter-i-madh\\\/#primaryimage\"},\"thumbnailUrl\":\"http:\\\/\\\/www.fjala.info\\\/2012\\\/ardian_klosi.gif\",\"datePublished\":\"2012-07-24T20:59:58+00:00\",\"breadcrumb\":{\"@id\":\"https:\\\/\\\/fjala.info\\\/2009-2015\\\/topi-dekoron-ardian-klosin-me-urdhrin-mjeshter-i-madh\\\/#breadcrumb\"},\"inLanguage\":\"sq-AL\",\"potentialAction\":[{\"@type\":\"ReadAction\",\"target\":[\"https:\\\/\\\/fjala.info\\\/2009-2015\\\/topi-dekoron-ardian-klosin-me-urdhrin-mjeshter-i-madh\\\/\"]}]},{\"@type\":\"ImageObject\",\"inLanguage\":\"sq-AL\",\"@id\":\"https:\\\/\\\/fjala.info\\\/2009-2015\\\/topi-dekoron-ardian-klosin-me-urdhrin-mjeshter-i-madh\\\/#primaryimage\",\"url\":\"http:\\\/\\\/www.fjala.info\\\/2012\\\/ardian_klosi.gif\",\"contentUrl\":\"http:\\\/\\\/www.fjala.info\\\/2012\\\/ardian_klosi.gif\"},{\"@type\":\"BreadcrumbList\",\"@id\":\"https:\\\/\\\/fjala.info\\\/2009-2015\\\/topi-dekoron-ardian-klosin-me-urdhrin-mjeshter-i-madh\\\/#breadcrumb\",\"itemListElement\":[{\"@type\":\"ListItem\",\"position\":1,\"name\":\"Home\",\"item\":\"https:\\\/\\\/fjala.info\\\/2009-2015\\\/\"},{\"@type\":\"ListItem\",\"position\":2,\"name\":\"Topi dekoron Ardian Klosin me Urdhrin \u201cMjesht\u00ebr i Madh\u201d\"}]},{\"@type\":\"WebSite\",\"@id\":\"https:\\\/\\\/fjala.info\\\/2009-2015\\\/#website\",\"url\":\"https:\\\/\\\/fjala.info\\\/2009-2015\\\/\",\"name\":\"FjALA e LIR\u00cb - Arkivi\",\"description\":\"Arkivi 2009-2015\",\"publisher\":{\"@id\":\"https:\\\/\\\/fjala.info\\\/2009-2015\\\/#organization\"},\"potentialAction\":[{\"@type\":\"SearchAction\",\"target\":{\"@type\":\"EntryPoint\",\"urlTemplate\":\"https:\\\/\\\/fjala.info\\\/2009-2015\\\/?s={search_term_string}\"},\"query-input\":{\"@type\":\"PropertyValueSpecification\",\"valueRequired\":true,\"valueName\":\"search_term_string\"}}],\"inLanguage\":\"sq-AL\"},{\"@type\":\"Organization\",\"@id\":\"https:\\\/\\\/fjala.info\\\/2009-2015\\\/#organization\",\"name\":\"FjALA e LIR\u00cb - Arkivi\",\"url\":\"https:\\\/\\\/fjala.info\\\/2009-2015\\\/\",\"logo\":{\"@type\":\"ImageObject\",\"inLanguage\":\"sq-AL\",\"@id\":\"https:\\\/\\\/fjala.info\\\/2009-2015\\\/#\\\/schema\\\/logo\\\/image\\\/\",\"url\":\"\",\"contentUrl\":\"\",\"caption\":\"FjALA e LIR\u00cb - Arkivi\"},\"image\":{\"@id\":\"https:\\\/\\\/fjala.info\\\/2009-2015\\\/#\\\/schema\\\/logo\\\/image\\\/\"}},{\"@type\":\"Person\",\"@id\":\"https:\\\/\\\/fjala.info\\\/2009-2015\\\/#\\\/schema\\\/person\\\/3aa1163ef05469c496fc94e77611ada2\",\"name\":\"admin\",\"image\":{\"@type\":\"ImageObject\",\"inLanguage\":\"sq-AL\",\"@id\":\"https:\\\/\\\/fjala.info\\\/2009-2015\\\/wp-content\\\/uploads\\\/2012\\\/02\\\/arben_cokaj-120x150.jpg\",\"url\":\"https:\\\/\\\/fjala.info\\\/2009-2015\\\/wp-content\\\/uploads\\\/2012\\\/02\\\/arben_cokaj-120x150.jpg\",\"contentUrl\":\"https:\\\/\\\/fjala.info\\\/2009-2015\\\/wp-content\\\/uploads\\\/2012\\\/02\\\/arben_cokaj-120x150.jpg\",\"caption\":\"admin\"},\"description\":\"Admin, Fjala e Lir\u00eb\",\"sameAs\":[\"https:\\\/\\\/fjala.info\\\/\"],\"url\":\"https:\\\/\\\/fjala.info\\\/2009-2015\\\/author\\\/admin\\\/\"}]}<\/script>\n<!-- \/ Yoast SEO plugin. -->","yoast_head_json":{"title":"Topi dekoron Ardian Klosin me Urdhrin \u201cMjesht\u00ebr i Madh\u201d - FjALA e LIR\u00cb - Arkivi","robots":{"index":"index","follow":"follow","max-snippet":"max-snippet:-1","max-image-preview":"max-image-preview:large","max-video-preview":"max-video-preview:-1"},"canonical":"https:\/\/fjala.info\/2009-2015\/topi-dekoron-ardian-klosin-me-urdhrin-mjeshter-i-madh\/","og_locale":"sq_AL","og_type":"article","og_title":"Topi dekoron Ardian Klosin me Urdhrin \u201cMjesht\u00ebr i Madh\u201d - FjALA e LIR\u00cb - Arkivi","og_description":"Shekulli Online, 23 korrik 2012 Presidenti i Republik\u00ebs, Bamir Topi, ka dekoruar Ardian Klosin me Urdhrin \u201cMjesht\u00ebr i Madh\u201d. Topi i ka akorduar atij k\u00ebt\u00eb titull pas vdekjes me motivacionin \u201cIntelektualit t\u00eb shquar antikonformist q\u00eb ia kushtoi gjith\u00eb veprimtarin\u00eb e tij si publicist, studiues, veprimtar shoq\u00ebror, krijues e p\u00ebrkthyes \u00e7\u00ebshtjes s\u00eb demokracis\u00eb n\u00eb vend duke [&hellip;]","og_url":"https:\/\/fjala.info\/2009-2015\/topi-dekoron-ardian-klosin-me-urdhrin-mjeshter-i-madh\/","og_site_name":"FjALA e LIR\u00cb - Arkivi","article_published_time":"2012-07-24T20:59:58+00:00","og_image":[{"url":"http:\/\/www.fjala.info\/2012\/ardian_klosi.gif","type":"","width":"","height":""}],"author":"admin","twitter_card":"summary_large_image","twitter_misc":{"Written by":"admin","Est. reading time":"1 minute"},"schema":{"@context":"https:\/\/schema.org","@graph":[{"@type":"Article","@id":"https:\/\/fjala.info\/2009-2015\/topi-dekoron-ardian-klosin-me-urdhrin-mjeshter-i-madh\/#article","isPartOf":{"@id":"https:\/\/fjala.info\/2009-2015\/topi-dekoron-ardian-klosin-me-urdhrin-mjeshter-i-madh\/"},"author":{"name":"admin","@id":"https:\/\/fjala.info\/2009-2015\/#\/schema\/person\/3aa1163ef05469c496fc94e77611ada2"},"headline":"Topi dekoron Ardian Klosin me Urdhrin \u201cMjesht\u00ebr i Madh\u201d","datePublished":"2012-07-24T20:59:58+00:00","mainEntityOfPage":{"@id":"https:\/\/fjala.info\/2009-2015\/topi-dekoron-ardian-klosin-me-urdhrin-mjeshter-i-madh\/"},"wordCount":193,"commentCount":0,"publisher":{"@id":"https:\/\/fjala.info\/2009-2015\/#organization"},"image":{"@id":"https:\/\/fjala.info\/2009-2015\/topi-dekoron-ardian-klosin-me-urdhrin-mjeshter-i-madh\/#primaryimage"},"thumbnailUrl":"http:\/\/www.fjala.info\/2012\/ardian_klosi.gif","articleSection":["Artikuj"],"inLanguage":"sq-AL","potentialAction":[{"@type":"CommentAction","name":"Comment","target":["https:\/\/fjala.info\/2009-2015\/topi-dekoron-ardian-klosin-me-urdhrin-mjeshter-i-madh\/#respond"]}]},{"@type":"WebPage","@id":"https:\/\/fjala.info\/2009-2015\/topi-dekoron-ardian-klosin-me-urdhrin-mjeshter-i-madh\/","url":"https:\/\/fjala.info\/2009-2015\/topi-dekoron-ardian-klosin-me-urdhrin-mjeshter-i-madh\/","name":"Topi dekoron Ardian Klosin me Urdhrin \u201cMjesht\u00ebr i Madh\u201d - FjALA e LIR\u00cb - Arkivi","isPartOf":{"@id":"https:\/\/fjala.info\/2009-2015\/#website"},"primaryImageOfPage":{"@id":"https:\/\/fjala.info\/2009-2015\/topi-dekoron-ardian-klosin-me-urdhrin-mjeshter-i-madh\/#primaryimage"},"image":{"@id":"https:\/\/fjala.info\/2009-2015\/topi-dekoron-ardian-klosin-me-urdhrin-mjeshter-i-madh\/#primaryimage"},"thumbnailUrl":"http:\/\/www.fjala.info\/2012\/ardian_klosi.gif","datePublished":"2012-07-24T20:59:58+00:00","breadcrumb":{"@id":"https:\/\/fjala.info\/2009-2015\/topi-dekoron-ardian-klosin-me-urdhrin-mjeshter-i-madh\/#breadcrumb"},"inLanguage":"sq-AL","potentialAction":[{"@type":"ReadAction","target":["https:\/\/fjala.info\/2009-2015\/topi-dekoron-ardian-klosin-me-urdhrin-mjeshter-i-madh\/"]}]},{"@type":"ImageObject","inLanguage":"sq-AL","@id":"https:\/\/fjala.info\/2009-2015\/topi-dekoron-ardian-klosin-me-urdhrin-mjeshter-i-madh\/#primaryimage","url":"http:\/\/www.fjala.info\/2012\/ardian_klosi.gif","contentUrl":"http:\/\/www.fjala.info\/2012\/ardian_klosi.gif"},{"@type":"BreadcrumbList","@id":"https:\/\/fjala.info\/2009-2015\/topi-dekoron-ardian-klosin-me-urdhrin-mjeshter-i-madh\/#breadcrumb","itemListElement":[{"@type":"ListItem","position":1,"name":"Home","item":"https:\/\/fjala.info\/2009-2015\/"},{"@type":"ListItem","position":2,"name":"Topi dekoron Ardian Klosin me Urdhrin \u201cMjesht\u00ebr i Madh\u201d"}]},{"@type":"WebSite","@id":"https:\/\/fjala.info\/2009-2015\/#website","url":"https:\/\/fjala.info\/2009-2015\/","name":"FjALA e LIR\u00cb - Arkivi","description":"Arkivi 2009-2015","publisher":{"@id":"https:\/\/fjala.info\/2009-2015\/#organization"},"potentialAction":[{"@type":"SearchAction","target":{"@type":"EntryPoint","urlTemplate":"https:\/\/fjala.info\/2009-2015\/?s={search_term_string}"},"query-input":{"@type":"PropertyValueSpecification","valueRequired":true,"valueName":"search_term_string"}}],"inLanguage":"sq-AL"},{"@type":"Organization","@id":"https:\/\/fjala.info\/2009-2015\/#organization","name":"FjALA e LIR\u00cb - Arkivi","url":"https:\/\/fjala.info\/2009-2015\/","logo":{"@type":"ImageObject","inLanguage":"sq-AL","@id":"https:\/\/fjala.info\/2009-2015\/#\/schema\/logo\/image\/","url":"","contentUrl":"","caption":"FjALA e LIR\u00cb - Arkivi"},"image":{"@id":"https:\/\/fjala.info\/2009-2015\/#\/schema\/logo\/image\/"}},{"@type":"Person","@id":"https:\/\/fjala.info\/2009-2015\/#\/schema\/person\/3aa1163ef05469c496fc94e77611ada2","name":"admin","image":{"@type":"ImageObject","inLanguage":"sq-AL","@id":"https:\/\/fjala.info\/2009-2015\/wp-content\/uploads\/2012\/02\/arben_cokaj-120x150.jpg","url":"https:\/\/fjala.info\/2009-2015\/wp-content\/uploads\/2012\/02\/arben_cokaj-120x150.jpg","contentUrl":"https:\/\/fjala.info\/2009-2015\/wp-content\/uploads\/2012\/02\/arben_cokaj-120x150.jpg","caption":"admin"},"description":"Admin, Fjala e Lir\u00eb","sameAs":["https:\/\/fjala.info\/"],"url":"https:\/\/fjala.info\/2009-2015\/author\/admin\/"}]}},"_links":{"self":[{"href":"https:\/\/fjala.info\/2009-2015\/wp-json\/wp\/v2\/posts\/4007","targetHints":{"allow":["GET"]}}],"collection":[{"href":"https:\/\/fjala.info\/2009-2015\/wp-json\/wp\/v2\/posts"}],"about":[{"href":"https:\/\/fjala.info\/2009-2015\/wp-json\/wp\/v2\/types\/post"}],"author":[{"embeddable":true,"href":"https:\/\/fjala.info\/2009-2015\/wp-json\/wp\/v2\/users\/1"}],"replies":[{"embeddable":true,"href":"https:\/\/fjala.info\/2009-2015\/wp-json\/wp\/v2\/comments?post=4007"}],"version-history":[{"count":0,"href":"https:\/\/fjala.info\/2009-2015\/wp-json\/wp\/v2\/posts\/4007\/revisions"}],"wp:attachment":[{"href":"https:\/\/fjala.info\/2009-2015\/wp-json\/wp\/v2\/media?parent=4007"}],"wp:term":[{"taxonomy":"category","embeddable":true,"href":"https:\/\/fjala.info\/2009-2015\/wp-json\/wp\/v2\/categories?post=4007"},{"taxonomy":"post_tag","embeddable":true,"href":"https:\/\/fjala.info\/2009-2015\/wp-json\/wp\/v2\/tags?post=4007"}],"curies":[{"name":"wp","href":"https:\/\/api.w.org\/{rel}","templated":true}]}}