{"id":4001,"date":"2010-09-17T05:15:33","date_gmt":"2010-09-17T04:15:33","guid":{"rendered":"http:\/\/fjala.shkoder.net\/?p=4001"},"modified":"2010-09-17T05:15:33","modified_gmt":"2010-09-17T04:15:33","slug":"tetraplegjiku-kunder-ministrit-ksera-e-pushoi-nga-puna-per-shkelje-hierarkike","status":"publish","type":"post","link":"https:\/\/fjala.info\/2009-2015\/tetraplegjiku-kunder-ministrit-ksera-e-pushoi-nga-puna-per-shkelje-hierarkike\/","title":{"rendered":"Tetraplegjiku kund\u00ebr ministrit Ksera, e pushoi nga puna p\u00ebr shkelje hierarkike"},"content":{"rendered":"<p><img loading=\"lazy\" decoding=\"async\" class=\"alignright size-full wp-image-4002\" title=\"Ndrek Ismaili\" src=\"http:\/\/fjala.shkoder.net\/wp-content\/uploads\/2010\/09\/ndrek_ismaili.jpg\" alt=\"\" width=\"200\" height=\"150\" \/><\/p>\n<p>Ismailaj: \u201c<em>P\u00ebr largimin tim t\u00eb padrejt\u00eb, kam hedhur n\u00eb gjyq Ministrin\u00eb e pun\u00ebve, \u00e7\u00ebshtjeve sociale dhe shanseve t\u00eb barabarta<\/em>&#8221;<\/p>\n<p><strong>Zbardhet draft-raporti i vitit 2009 p\u00ebr personat me aft\u00ebsi t\u00eb kufizuar dhe padrejt\u00ebsive q\u00eb u b\u00ebhen<\/strong>.<\/p>\n<p>Quhet Ndrek Ismailaj dhe p\u00ebr kat\u00ebr vjet p\u00ebrfaq\u00ebsoi 117 mij\u00eb persona me aft\u00ebsi t\u00eb kufizuar n\u00eb Ministrin\u00eb e Pun\u00ebs, \u00c7\u00ebshtjeve Sociale dhe Shanseve t\u00eb Barabarta si drejtor i Sekretariatit Teknik p\u00ebr Personat me Aft\u00ebsi t\u00eb Kufizuar. Nga 20 qershori i vitit 2006 deri m\u00eb 26 qershor 2010 ai punonte dhe si p\u00ebrfaq\u00ebsuesi i qeveris\u00eb shqiptare n\u00eb K\u00ebshillin Europian p\u00ebr problemet sociale. Ismailaj shprehet se pushimi nga puna ishte i padrejt\u00eb. Ai u largua mbas botimit t\u00eb nj\u00eb raporti vjetor p\u00ebr zbatimin e strategjis\u00eb, politik\u00ebn dhe administrimin q\u00eb qeveria shqiptare, n\u00ebp\u00ebrmjet Ministris\u00eb s\u00eb Pun\u00ebs, u b\u00ebnte personave me aft\u00ebsi t\u00eb kufizuar. Sipas Ismailajt, ministri Spiro Ksera e ka mbajtur n\u00eb tavolin\u00ebn e tij k\u00ebt\u00eb draft-raport p\u00ebr m\u00eb shum\u00eb se tre muaj, madje ka qen\u00eb i pranish\u00ebm edhe n\u00eb K\u00ebshillin Komb\u00ebtar t\u00eb PAK me 6 ministra t\u00eb tjer\u00eb, p\u00ebrfshir\u00eb k\u00ebtu dhe ish-ministrin e Shtetit, Genc Pollo, kur u prezantua draft-raporti i vitit 2009.<\/p>\n<p>\u201cKy draft-raport, 2 muaj mbasi i ishte dor\u00ebzuar ministrit Ksera, mori miratimin me shkres\u00eb p\u00ebr t\u2019u botuar nga Genc Pollo, minist\u00ebr i Shtetit, nj\u00ebkoh\u00ebsisht dhe kryetar i K\u00ebshillit Komb\u00ebtar t\u00eb Personave me Aft\u00ebsi t\u00eb Kufizuar n\u00eb at\u00eb koh\u00eb. Pas botimit, Spiro Ksera urdh\u00ebroi bllokimin e librit dhe nj\u00ebkoh\u00ebsisht k\u00ebrkoi dor\u00ebheqjen time t\u00eb menj\u00ebhershme\u201d, &#8211; tha Ndrek Ismailaj. I revoltuar ai tregon se pushimi nga puna ishte kolektiv, pasi m\u00eb t\u00eb u pushuan t\u00eb gjith\u00eb vart\u00ebsit e tij. Ndreka thot\u00eb se n\u00eb ato momente ka qen\u00eb i gatsh\u00ebm t\u00eb niste dhe grev\u00eb urie brenda n\u00eb ministri, sepse kishte dhe mb\u00ebshtetjen e shum\u00eb personave, por nuk e b\u00ebri sepse, sipas tij, ai ka luajtur dhe do t\u00eb luaj\u00eb rolin e avokatit mbrojt\u00ebs t\u00eb PAK dhe jo t\u00eb mbaj\u00eb vendime p\u00ebr \u00e7\u00ebshtjet personale.<\/p>\n<p><strong>Procesi<\/strong><br \/>\nPas pushimit nga puna, Ndrek Ismailaj thot\u00eb se \u00ebsht\u00eb n\u00eb proces gjyq\u00ebsor me Shoq\u00ebrin\u00eb e Sh\u00ebrbimit Civil ku ai punonte, p\u00ebr largim t\u00eb padrejt\u00eb nga puna. Sipas tij, i k\u00ebrkuan t\u00eb jepte dor\u00ebheqjen p\u00ebr arsye se kishte kryer shkelje hierarkike. \u201cNuk \u00ebsht\u00eb e drejt\u00eb, nuk duhet t\u00eb ishte kjo arsyeja q\u00eb un\u00eb t\u00eb jepja dor\u00ebheqjen. K\u00ebtu nuk ka asnj\u00eb shkelje hierarkike, kur Ksera e ka pasur draftin mbi tavolin\u00eb p\u00ebr tre muaj dhe kur materiali u d\u00ebrgua p\u00ebr botim me shkres\u00eb dhe miratim t\u00eb ministrit Pollo. M\u00eb vjen keq q\u00eb m\u00eb larguan pa m\u00eb t\u00eb voglin justifikim dhe q\u00eb t\u00eb gjith\u00eb mbyll\u00ebn vesh\u00ebt para k\u00ebsaj padrejt\u00ebsie, madje nuk reagoi as kryeministri Berisha, i cili ishte gjithmon\u00eb i gatsh\u00ebm t\u2019i p\u00ebrgjigjej me ndihm\u00eb \u00e7do ankese q\u00eb un\u00eb i d\u00ebrgoja.<\/p>\n<p>Por, nga ana tjet\u00ebr, ndihem mir\u00eb sepse nuk mund\u00ebn t\u00eb m\u00eb akuzonin as p\u00ebr korrupsion, as p\u00ebr t\u00eb paaft\u00eb, as p\u00ebr shp\u00ebrdorim apo neglizhenc\u00eb detyre, gj\u00eb q\u00eb ndodh r\u00ebndom n\u00eb at\u00eb ministri, duke filluar q\u00eb nga drejtuesit deri te vart\u00ebsit\u201d, &#8211; tha Ismailaj. Procesi gjyq\u00ebsor me k\u00ebt\u00eb institucion vazhdon pasi Ismailaj denoncon munges\u00ebn e t\u00eb drejt\u00ebs s\u00eb fjal\u00ebs s\u00eb lir\u00eb n\u00eb k\u00ebt\u00eb ministri dhe d\u00ebnimin kolektiv, q\u00eb iu b\u00eb atij dhe punonj\u00ebsve t\u00eb tij. Sipas tij, n\u00eb t\u00eb gjith\u00eb bot\u00ebn shoq\u00ebria civile financohet nga shteti e nga donacionet e tjera private edhe p\u00ebr t\u00eb shprehur pak\u00ebnaq\u00ebsit\u00eb nga shteti, por n\u00eb asnj\u00eb vend t\u00eb bot\u00ebs nuk shkarkohesh pa arsye bind\u00ebse apo n\u00ebse nuk shkel ligjin dhe nuk t\u00eb mohohet e drejta e fjal\u00ebs.<\/p>\n<p>Momentalisht Ndrek Ismailaj \u00ebsht\u00eb drejtor i shoqat\u00ebs s\u00eb paraplegjik\u00ebve \u201c<em>Shpres\u00eb dhe dashuri<\/em>\u201d. Kjo qend\u00ebr \u00ebsht\u00eb projekt i Bank\u00ebs Bot\u00ebrore, por q\u00eb nuk u realizua ashtu si\u00e7 ishte planifikuar, sepse sipas Ismailajt, fondi \u00ebsht\u00eb shp\u00ebrdoruar nga Ministria e Pun\u00ebs. \u201dKam rreth 2 muaj q\u00eb investoj n\u00eb k\u00ebt\u00eb qend\u00ebr dhe deri tani po e mbaj nga xhepi im. Ky ishte nj\u00eb projekt i Bank\u00ebs Bot\u00ebrore prej 3 milion\u00eb dollar\u00ebsh p\u00ebr nd\u00ebrtimin e shum\u00eb qendrave t\u00eb tilla, por jan\u00eb nd\u00ebrtuar vet\u00ebm 6 t\u00eb tilla dhe k\u00ebto jan\u00eb dor\u00ebzuar si godina\u201d, &#8211; tha Ismailaj. N\u00eb k\u00ebt\u00eb qend\u00ebr trajtohen personat e paralizuar dhe aktualisht ushqeheshin \u00e7do dit\u00eb 25-30 persona me probleme sociale.<\/p>\n<p><strong>Drafti<\/strong><br \/>\nDraft-raporti i vitit 2009 informon mbi situat\u00ebn e personave me aft\u00ebsi t\u00eb kufizuara (PAK) dhe strategjin\u00eb q\u00eb qeveria ndjek p\u00ebr k\u00ebta persona. Sipas k\u00ebtij drafti, si pasoj\u00eb e moshartimit t\u00eb mir\u00eb t\u00eb politikave nga Ministria e Pun\u00ebs dhe \u00c7\u00ebshtjeve Sociale dhe nga institucionet e tjera p\u00ebrgjegj\u00ebse, situata e personave me aft\u00ebsi t\u00eb kufizuar n\u00eb Shqip\u00ebri \u00ebsht\u00eb tejet e v\u00ebshtir\u00eb. N\u00eb draft thuhet se shkak p\u00ebr k\u00ebt\u00eb \u00ebsht\u00eb dhe moszbatimi me rigorozitet i legjislacionit ekzistues prej strukturave zbatuese t\u00eb tij.<\/p>\n<p>Raporti denoncon gjithashtu faktin q\u00eb Komisioni Mjek\u00ebsor i Caktimit t\u00eb Aft\u00ebsis\u00eb p\u00ebr Pun\u00eb (KMCAP) vazhdon t\u00eb jet\u00eb mjek\u00ebsor dhe jo nj\u00eb komision social, si dhe faktin q\u00eb ka pasur nj\u00eb rritje artificiale e buxhetit p\u00ebr PAK dhe p\u00ebr mosadresimin e k\u00ebtij fondi posa\u00e7\u00ebrisht p\u00ebr PAK. Raporti p\u00ebrmbledh n\u00eb brend\u00ebsi t\u00eb tij monitorimin e Strategjis\u00eb Komb\u00ebtare p\u00ebr PAK, sh\u00ebrbimet mb\u00ebshtet\u00ebse, trajtimet, p\u00ebrfitimet dhe programet q\u00eb jan\u00eb ndjekur gjat\u00eb gjith\u00eb vitit.<\/p>\n<p><strong>Problemet<\/strong><br \/>\nDisa nga problemet m\u00eb shqet\u00ebsuese t\u00eb PAK t\u00eb pasqyruara n\u00eb k\u00ebt\u00eb draft jan\u00eb: N\u00eb vendin ton\u00eb klasifikimi i aft\u00ebsive t\u00eb kufizuara (AK) nuk \u00ebsht\u00eb b\u00ebr\u00eb duke ndjekur rregullin e p\u00ebrcaktimit me p\u00ebrqindje t\u00eb aft\u00ebsis\u00eb s\u00eb humbur nga personi dhe kompensimi i asaj p\u00ebrqindjeje t\u00eb humbur. Pra, e nj\u00ebjta pages\u00eb b\u00ebhet si p\u00ebr t\u00eb verbrit q\u00eb kan\u00eb humbje t\u00eb aft\u00ebsis\u00eb thuajse 100% (kjo sipas OBSH-s\u00eb), si p\u00ebr paraplegjik\u00ebt q\u00eb kan\u00eb humbje t\u00eb aft\u00ebsis\u00eb 50-70% dhe po t\u00eb nj\u00ebjt\u00ebn pages\u00eb merr dhe nj\u00eb person q\u00eb ka humbur nj\u00eb gjymtyr\u00eb, pra rreth 30% t\u00eb aft\u00ebsive.<\/p>\n<p>T\u00eb gjitha k\u00ebto kategori marrin t\u00eb nj\u00ebjt\u00ebn pag\u00eb nga shteti, rreth 87 mij\u00eb lek\u00eb t\u00eb vjet\u00ebr n\u00eb muaj. I nj\u00ebjti shqet\u00ebsim shprehet n\u00eb draft edhe p\u00ebr kujdestar\u00ebt e PAK, t\u00eb cil\u00ebt paguhen nj\u00ebsoj si kujdestar\u00ebt e nj\u00eb tetraplegjiku, t\u00eb cil\u00ebt duhet t\u00eb kujdesen 24 or\u00eb deri n\u00eb detaje p\u00ebr jet\u00ebn e personit, ashtu dhe ata q\u00eb kujdesen maksimalisht disa or\u00eb p\u00ebr personin me aft\u00ebsi t\u00eb kufizuar. Sipas Ismailajt, k\u00ebto paga nuk kan\u00eb ndryshuar q\u00eb prej 3 vjet\u00ebsh.<\/p>\n","protected":false},"excerpt":{"rendered":"<p>Ismailaj: \u201cP\u00ebr largimin tim t\u00eb padrejt\u00eb, kam hedhur n\u00eb gjyq Ministrin\u00eb e pun\u00ebve, \u00e7\u00ebshtjeve sociale dhe shanseve t\u00eb barabarta&#8221; Zbardhet draft-raporti i vitit 2009 p\u00ebr personat me aft\u00ebsi t\u00eb kufizuar dhe padrejt\u00ebsive q\u00eb u b\u00ebhen. Quhet Ndrek Ismailaj dhe p\u00ebr kat\u00ebr vjet p\u00ebrfaq\u00ebsoi 117 mij\u00eb persona me aft\u00ebsi t\u00eb kufizuar n\u00eb Ministrin\u00eb e Pun\u00ebs, \u00c7\u00ebshtjeve [&hellip;]<\/p>\n","protected":false},"author":1,"featured_media":0,"comment_status":"open","ping_status":"closed","sticky":false,"template":"","format":"standard","meta":{"footnotes":""},"categories":[2],"tags":[],"class_list":{"0":"post-4001","1":"post","2":"type-post","3":"status-publish","4":"format-standard","6":"category-artikuj"},"yoast_head":"<!-- This site is optimized with the Yoast SEO plugin v27.4 - https:\/\/yoast.com\/product\/yoast-seo-wordpress\/ -->\n<title>Tetraplegjiku kund\u00ebr ministrit Ksera, e pushoi nga puna p\u00ebr shkelje hierarkike - FjALA e LIR\u00cb - Arkivi<\/title>\n<meta name=\"robots\" content=\"index, follow, max-snippet:-1, max-image-preview:large, max-video-preview:-1\" \/>\n<link rel=\"canonical\" href=\"https:\/\/fjala.info\/2009-2015\/tetraplegjiku-kunder-ministrit-ksera-e-pushoi-nga-puna-per-shkelje-hierarkike\/\" \/>\n<meta property=\"og:locale\" content=\"sq_AL\" \/>\n<meta property=\"og:type\" content=\"article\" \/>\n<meta property=\"og:title\" content=\"Tetraplegjiku kund\u00ebr ministrit Ksera, e pushoi nga puna p\u00ebr shkelje hierarkike - FjALA e LIR\u00cb - Arkivi\" \/>\n<meta property=\"og:description\" content=\"Ismailaj: \u201cP\u00ebr largimin tim t\u00eb padrejt\u00eb, kam hedhur n\u00eb gjyq Ministrin\u00eb e pun\u00ebve, \u00e7\u00ebshtjeve sociale dhe shanseve t\u00eb barabarta&#8221; Zbardhet draft-raporti i vitit 2009 p\u00ebr personat me aft\u00ebsi t\u00eb kufizuar dhe padrejt\u00ebsive q\u00eb u b\u00ebhen. Quhet Ndrek Ismailaj dhe p\u00ebr kat\u00ebr vjet p\u00ebrfaq\u00ebsoi 117 mij\u00eb persona me aft\u00ebsi t\u00eb kufizuar n\u00eb Ministrin\u00eb e Pun\u00ebs, \u00c7\u00ebshtjeve [&hellip;]\" \/>\n<meta property=\"og:url\" content=\"https:\/\/fjala.info\/2009-2015\/tetraplegjiku-kunder-ministrit-ksera-e-pushoi-nga-puna-per-shkelje-hierarkike\/\" \/>\n<meta property=\"og:site_name\" content=\"FjALA e LIR\u00cb - Arkivi\" \/>\n<meta property=\"article:published_time\" content=\"2010-09-17T04:15:33+00:00\" \/>\n<meta property=\"og:image\" content=\"http:\/\/fjala.shkoder.net\/wp-content\/uploads\/2010\/09\/ndrek_ismaili.jpg\" \/>\n<meta name=\"author\" content=\"admin\" \/>\n<meta name=\"twitter:card\" content=\"summary_large_image\" \/>\n<meta name=\"twitter:label1\" content=\"Written by\" \/>\n\t<meta name=\"twitter:data1\" content=\"admin\" \/>\n\t<meta name=\"twitter:label2\" content=\"Est. reading time\" \/>\n\t<meta name=\"twitter:data2\" content=\"6 minutes\" \/>\n<script type=\"application\/ld+json\" class=\"yoast-schema-graph\">{\"@context\":\"https:\\\/\\\/schema.org\",\"@graph\":[{\"@type\":\"Article\",\"@id\":\"https:\\\/\\\/fjala.info\\\/2009-2015\\\/tetraplegjiku-kunder-ministrit-ksera-e-pushoi-nga-puna-per-shkelje-hierarkike\\\/#article\",\"isPartOf\":{\"@id\":\"https:\\\/\\\/fjala.info\\\/2009-2015\\\/tetraplegjiku-kunder-ministrit-ksera-e-pushoi-nga-puna-per-shkelje-hierarkike\\\/\"},\"author\":{\"name\":\"admin\",\"@id\":\"https:\\\/\\\/fjala.info\\\/2009-2015\\\/#\\\/schema\\\/person\\\/3aa1163ef05469c496fc94e77611ada2\"},\"headline\":\"Tetraplegjiku kund\u00ebr ministrit Ksera, e pushoi nga puna p\u00ebr shkelje hierarkike\",\"datePublished\":\"2010-09-17T04:15:33+00:00\",\"mainEntityOfPage\":{\"@id\":\"https:\\\/\\\/fjala.info\\\/2009-2015\\\/tetraplegjiku-kunder-ministrit-ksera-e-pushoi-nga-puna-per-shkelje-hierarkike\\\/\"},\"wordCount\":1173,\"commentCount\":0,\"publisher\":{\"@id\":\"https:\\\/\\\/fjala.info\\\/2009-2015\\\/#organization\"},\"image\":{\"@id\":\"https:\\\/\\\/fjala.info\\\/2009-2015\\\/tetraplegjiku-kunder-ministrit-ksera-e-pushoi-nga-puna-per-shkelje-hierarkike\\\/#primaryimage\"},\"thumbnailUrl\":\"http:\\\/\\\/fjala.shkoder.net\\\/wp-content\\\/uploads\\\/2010\\\/09\\\/ndrek_ismaili.jpg\",\"articleSection\":[\"Artikuj\"],\"inLanguage\":\"sq-AL\",\"potentialAction\":[{\"@type\":\"CommentAction\",\"name\":\"Comment\",\"target\":[\"https:\\\/\\\/fjala.info\\\/2009-2015\\\/tetraplegjiku-kunder-ministrit-ksera-e-pushoi-nga-puna-per-shkelje-hierarkike\\\/#respond\"]}]},{\"@type\":\"WebPage\",\"@id\":\"https:\\\/\\\/fjala.info\\\/2009-2015\\\/tetraplegjiku-kunder-ministrit-ksera-e-pushoi-nga-puna-per-shkelje-hierarkike\\\/\",\"url\":\"https:\\\/\\\/fjala.info\\\/2009-2015\\\/tetraplegjiku-kunder-ministrit-ksera-e-pushoi-nga-puna-per-shkelje-hierarkike\\\/\",\"name\":\"Tetraplegjiku kund\u00ebr ministrit Ksera, e pushoi nga puna p\u00ebr shkelje hierarkike - FjALA e LIR\u00cb - Arkivi\",\"isPartOf\":{\"@id\":\"https:\\\/\\\/fjala.info\\\/2009-2015\\\/#website\"},\"primaryImageOfPage\":{\"@id\":\"https:\\\/\\\/fjala.info\\\/2009-2015\\\/tetraplegjiku-kunder-ministrit-ksera-e-pushoi-nga-puna-per-shkelje-hierarkike\\\/#primaryimage\"},\"image\":{\"@id\":\"https:\\\/\\\/fjala.info\\\/2009-2015\\\/tetraplegjiku-kunder-ministrit-ksera-e-pushoi-nga-puna-per-shkelje-hierarkike\\\/#primaryimage\"},\"thumbnailUrl\":\"http:\\\/\\\/fjala.shkoder.net\\\/wp-content\\\/uploads\\\/2010\\\/09\\\/ndrek_ismaili.jpg\",\"datePublished\":\"2010-09-17T04:15:33+00:00\",\"breadcrumb\":{\"@id\":\"https:\\\/\\\/fjala.info\\\/2009-2015\\\/tetraplegjiku-kunder-ministrit-ksera-e-pushoi-nga-puna-per-shkelje-hierarkike\\\/#breadcrumb\"},\"inLanguage\":\"sq-AL\",\"potentialAction\":[{\"@type\":\"ReadAction\",\"target\":[\"https:\\\/\\\/fjala.info\\\/2009-2015\\\/tetraplegjiku-kunder-ministrit-ksera-e-pushoi-nga-puna-per-shkelje-hierarkike\\\/\"]}]},{\"@type\":\"ImageObject\",\"inLanguage\":\"sq-AL\",\"@id\":\"https:\\\/\\\/fjala.info\\\/2009-2015\\\/tetraplegjiku-kunder-ministrit-ksera-e-pushoi-nga-puna-per-shkelje-hierarkike\\\/#primaryimage\",\"url\":\"http:\\\/\\\/fjala.shkoder.net\\\/wp-content\\\/uploads\\\/2010\\\/09\\\/ndrek_ismaili.jpg\",\"contentUrl\":\"http:\\\/\\\/fjala.shkoder.net\\\/wp-content\\\/uploads\\\/2010\\\/09\\\/ndrek_ismaili.jpg\"},{\"@type\":\"BreadcrumbList\",\"@id\":\"https:\\\/\\\/fjala.info\\\/2009-2015\\\/tetraplegjiku-kunder-ministrit-ksera-e-pushoi-nga-puna-per-shkelje-hierarkike\\\/#breadcrumb\",\"itemListElement\":[{\"@type\":\"ListItem\",\"position\":1,\"name\":\"Home\",\"item\":\"https:\\\/\\\/fjala.info\\\/2009-2015\\\/\"},{\"@type\":\"ListItem\",\"position\":2,\"name\":\"Tetraplegjiku kund\u00ebr ministrit Ksera, e pushoi nga puna p\u00ebr shkelje hierarkike\"}]},{\"@type\":\"WebSite\",\"@id\":\"https:\\\/\\\/fjala.info\\\/2009-2015\\\/#website\",\"url\":\"https:\\\/\\\/fjala.info\\\/2009-2015\\\/\",\"name\":\"FjALA e LIR\u00cb - Arkivi\",\"description\":\"Arkivi 2009-2015\",\"publisher\":{\"@id\":\"https:\\\/\\\/fjala.info\\\/2009-2015\\\/#organization\"},\"potentialAction\":[{\"@type\":\"SearchAction\",\"target\":{\"@type\":\"EntryPoint\",\"urlTemplate\":\"https:\\\/\\\/fjala.info\\\/2009-2015\\\/?s={search_term_string}\"},\"query-input\":{\"@type\":\"PropertyValueSpecification\",\"valueRequired\":true,\"valueName\":\"search_term_string\"}}],\"inLanguage\":\"sq-AL\"},{\"@type\":\"Organization\",\"@id\":\"https:\\\/\\\/fjala.info\\\/2009-2015\\\/#organization\",\"name\":\"FjALA e LIR\u00cb - Arkivi\",\"url\":\"https:\\\/\\\/fjala.info\\\/2009-2015\\\/\",\"logo\":{\"@type\":\"ImageObject\",\"inLanguage\":\"sq-AL\",\"@id\":\"https:\\\/\\\/fjala.info\\\/2009-2015\\\/#\\\/schema\\\/logo\\\/image\\\/\",\"url\":\"\",\"contentUrl\":\"\",\"caption\":\"FjALA e LIR\u00cb - Arkivi\"},\"image\":{\"@id\":\"https:\\\/\\\/fjala.info\\\/2009-2015\\\/#\\\/schema\\\/logo\\\/image\\\/\"}},{\"@type\":\"Person\",\"@id\":\"https:\\\/\\\/fjala.info\\\/2009-2015\\\/#\\\/schema\\\/person\\\/3aa1163ef05469c496fc94e77611ada2\",\"name\":\"admin\",\"image\":{\"@type\":\"ImageObject\",\"inLanguage\":\"sq-AL\",\"@id\":\"https:\\\/\\\/fjala.info\\\/2009-2015\\\/wp-content\\\/uploads\\\/2012\\\/02\\\/arben_cokaj-120x150.jpg\",\"url\":\"https:\\\/\\\/fjala.info\\\/2009-2015\\\/wp-content\\\/uploads\\\/2012\\\/02\\\/arben_cokaj-120x150.jpg\",\"contentUrl\":\"https:\\\/\\\/fjala.info\\\/2009-2015\\\/wp-content\\\/uploads\\\/2012\\\/02\\\/arben_cokaj-120x150.jpg\",\"caption\":\"admin\"},\"description\":\"Admin, Fjala e Lir\u00eb\",\"sameAs\":[\"https:\\\/\\\/fjala.info\\\/\"],\"url\":\"https:\\\/\\\/fjala.info\\\/2009-2015\\\/author\\\/admin\\\/\"}]}<\/script>\n<!-- \/ Yoast SEO plugin. -->","yoast_head_json":{"title":"Tetraplegjiku kund\u00ebr ministrit Ksera, e pushoi nga puna p\u00ebr shkelje hierarkike - FjALA e LIR\u00cb - Arkivi","robots":{"index":"index","follow":"follow","max-snippet":"max-snippet:-1","max-image-preview":"max-image-preview:large","max-video-preview":"max-video-preview:-1"},"canonical":"https:\/\/fjala.info\/2009-2015\/tetraplegjiku-kunder-ministrit-ksera-e-pushoi-nga-puna-per-shkelje-hierarkike\/","og_locale":"sq_AL","og_type":"article","og_title":"Tetraplegjiku kund\u00ebr ministrit Ksera, e pushoi nga puna p\u00ebr shkelje hierarkike - FjALA e LIR\u00cb - Arkivi","og_description":"Ismailaj: \u201cP\u00ebr largimin tim t\u00eb padrejt\u00eb, kam hedhur n\u00eb gjyq Ministrin\u00eb e pun\u00ebve, \u00e7\u00ebshtjeve sociale dhe shanseve t\u00eb barabarta&#8221; Zbardhet draft-raporti i vitit 2009 p\u00ebr personat me aft\u00ebsi t\u00eb kufizuar dhe padrejt\u00ebsive q\u00eb u b\u00ebhen. Quhet Ndrek Ismailaj dhe p\u00ebr kat\u00ebr vjet p\u00ebrfaq\u00ebsoi 117 mij\u00eb persona me aft\u00ebsi t\u00eb kufizuar n\u00eb Ministrin\u00eb e Pun\u00ebs, \u00c7\u00ebshtjeve [&hellip;]","og_url":"https:\/\/fjala.info\/2009-2015\/tetraplegjiku-kunder-ministrit-ksera-e-pushoi-nga-puna-per-shkelje-hierarkike\/","og_site_name":"FjALA e LIR\u00cb - Arkivi","article_published_time":"2010-09-17T04:15:33+00:00","og_image":[{"url":"http:\/\/fjala.shkoder.net\/wp-content\/uploads\/2010\/09\/ndrek_ismaili.jpg","type":"","width":"","height":""}],"author":"admin","twitter_card":"summary_large_image","twitter_misc":{"Written by":"admin","Est. reading time":"6 minutes"},"schema":{"@context":"https:\/\/schema.org","@graph":[{"@type":"Article","@id":"https:\/\/fjala.info\/2009-2015\/tetraplegjiku-kunder-ministrit-ksera-e-pushoi-nga-puna-per-shkelje-hierarkike\/#article","isPartOf":{"@id":"https:\/\/fjala.info\/2009-2015\/tetraplegjiku-kunder-ministrit-ksera-e-pushoi-nga-puna-per-shkelje-hierarkike\/"},"author":{"name":"admin","@id":"https:\/\/fjala.info\/2009-2015\/#\/schema\/person\/3aa1163ef05469c496fc94e77611ada2"},"headline":"Tetraplegjiku kund\u00ebr ministrit Ksera, e pushoi nga puna p\u00ebr shkelje hierarkike","datePublished":"2010-09-17T04:15:33+00:00","mainEntityOfPage":{"@id":"https:\/\/fjala.info\/2009-2015\/tetraplegjiku-kunder-ministrit-ksera-e-pushoi-nga-puna-per-shkelje-hierarkike\/"},"wordCount":1173,"commentCount":0,"publisher":{"@id":"https:\/\/fjala.info\/2009-2015\/#organization"},"image":{"@id":"https:\/\/fjala.info\/2009-2015\/tetraplegjiku-kunder-ministrit-ksera-e-pushoi-nga-puna-per-shkelje-hierarkike\/#primaryimage"},"thumbnailUrl":"http:\/\/fjala.shkoder.net\/wp-content\/uploads\/2010\/09\/ndrek_ismaili.jpg","articleSection":["Artikuj"],"inLanguage":"sq-AL","potentialAction":[{"@type":"CommentAction","name":"Comment","target":["https:\/\/fjala.info\/2009-2015\/tetraplegjiku-kunder-ministrit-ksera-e-pushoi-nga-puna-per-shkelje-hierarkike\/#respond"]}]},{"@type":"WebPage","@id":"https:\/\/fjala.info\/2009-2015\/tetraplegjiku-kunder-ministrit-ksera-e-pushoi-nga-puna-per-shkelje-hierarkike\/","url":"https:\/\/fjala.info\/2009-2015\/tetraplegjiku-kunder-ministrit-ksera-e-pushoi-nga-puna-per-shkelje-hierarkike\/","name":"Tetraplegjiku kund\u00ebr ministrit Ksera, e pushoi nga puna p\u00ebr shkelje hierarkike - FjALA e LIR\u00cb - Arkivi","isPartOf":{"@id":"https:\/\/fjala.info\/2009-2015\/#website"},"primaryImageOfPage":{"@id":"https:\/\/fjala.info\/2009-2015\/tetraplegjiku-kunder-ministrit-ksera-e-pushoi-nga-puna-per-shkelje-hierarkike\/#primaryimage"},"image":{"@id":"https:\/\/fjala.info\/2009-2015\/tetraplegjiku-kunder-ministrit-ksera-e-pushoi-nga-puna-per-shkelje-hierarkike\/#primaryimage"},"thumbnailUrl":"http:\/\/fjala.shkoder.net\/wp-content\/uploads\/2010\/09\/ndrek_ismaili.jpg","datePublished":"2010-09-17T04:15:33+00:00","breadcrumb":{"@id":"https:\/\/fjala.info\/2009-2015\/tetraplegjiku-kunder-ministrit-ksera-e-pushoi-nga-puna-per-shkelje-hierarkike\/#breadcrumb"},"inLanguage":"sq-AL","potentialAction":[{"@type":"ReadAction","target":["https:\/\/fjala.info\/2009-2015\/tetraplegjiku-kunder-ministrit-ksera-e-pushoi-nga-puna-per-shkelje-hierarkike\/"]}]},{"@type":"ImageObject","inLanguage":"sq-AL","@id":"https:\/\/fjala.info\/2009-2015\/tetraplegjiku-kunder-ministrit-ksera-e-pushoi-nga-puna-per-shkelje-hierarkike\/#primaryimage","url":"http:\/\/fjala.shkoder.net\/wp-content\/uploads\/2010\/09\/ndrek_ismaili.jpg","contentUrl":"http:\/\/fjala.shkoder.net\/wp-content\/uploads\/2010\/09\/ndrek_ismaili.jpg"},{"@type":"BreadcrumbList","@id":"https:\/\/fjala.info\/2009-2015\/tetraplegjiku-kunder-ministrit-ksera-e-pushoi-nga-puna-per-shkelje-hierarkike\/#breadcrumb","itemListElement":[{"@type":"ListItem","position":1,"name":"Home","item":"https:\/\/fjala.info\/2009-2015\/"},{"@type":"ListItem","position":2,"name":"Tetraplegjiku kund\u00ebr ministrit Ksera, e pushoi nga puna p\u00ebr shkelje hierarkike"}]},{"@type":"WebSite","@id":"https:\/\/fjala.info\/2009-2015\/#website","url":"https:\/\/fjala.info\/2009-2015\/","name":"FjALA e LIR\u00cb - Arkivi","description":"Arkivi 2009-2015","publisher":{"@id":"https:\/\/fjala.info\/2009-2015\/#organization"},"potentialAction":[{"@type":"SearchAction","target":{"@type":"EntryPoint","urlTemplate":"https:\/\/fjala.info\/2009-2015\/?s={search_term_string}"},"query-input":{"@type":"PropertyValueSpecification","valueRequired":true,"valueName":"search_term_string"}}],"inLanguage":"sq-AL"},{"@type":"Organization","@id":"https:\/\/fjala.info\/2009-2015\/#organization","name":"FjALA e LIR\u00cb - Arkivi","url":"https:\/\/fjala.info\/2009-2015\/","logo":{"@type":"ImageObject","inLanguage":"sq-AL","@id":"https:\/\/fjala.info\/2009-2015\/#\/schema\/logo\/image\/","url":"","contentUrl":"","caption":"FjALA e LIR\u00cb - Arkivi"},"image":{"@id":"https:\/\/fjala.info\/2009-2015\/#\/schema\/logo\/image\/"}},{"@type":"Person","@id":"https:\/\/fjala.info\/2009-2015\/#\/schema\/person\/3aa1163ef05469c496fc94e77611ada2","name":"admin","image":{"@type":"ImageObject","inLanguage":"sq-AL","@id":"https:\/\/fjala.info\/2009-2015\/wp-content\/uploads\/2012\/02\/arben_cokaj-120x150.jpg","url":"https:\/\/fjala.info\/2009-2015\/wp-content\/uploads\/2012\/02\/arben_cokaj-120x150.jpg","contentUrl":"https:\/\/fjala.info\/2009-2015\/wp-content\/uploads\/2012\/02\/arben_cokaj-120x150.jpg","caption":"admin"},"description":"Admin, Fjala e Lir\u00eb","sameAs":["https:\/\/fjala.info\/"],"url":"https:\/\/fjala.info\/2009-2015\/author\/admin\/"}]}},"_links":{"self":[{"href":"https:\/\/fjala.info\/2009-2015\/wp-json\/wp\/v2\/posts\/4001","targetHints":{"allow":["GET"]}}],"collection":[{"href":"https:\/\/fjala.info\/2009-2015\/wp-json\/wp\/v2\/posts"}],"about":[{"href":"https:\/\/fjala.info\/2009-2015\/wp-json\/wp\/v2\/types\/post"}],"author":[{"embeddable":true,"href":"https:\/\/fjala.info\/2009-2015\/wp-json\/wp\/v2\/users\/1"}],"replies":[{"embeddable":true,"href":"https:\/\/fjala.info\/2009-2015\/wp-json\/wp\/v2\/comments?post=4001"}],"version-history":[{"count":0,"href":"https:\/\/fjala.info\/2009-2015\/wp-json\/wp\/v2\/posts\/4001\/revisions"}],"wp:attachment":[{"href":"https:\/\/fjala.info\/2009-2015\/wp-json\/wp\/v2\/media?parent=4001"}],"wp:term":[{"taxonomy":"category","embeddable":true,"href":"https:\/\/fjala.info\/2009-2015\/wp-json\/wp\/v2\/categories?post=4001"},{"taxonomy":"post_tag","embeddable":true,"href":"https:\/\/fjala.info\/2009-2015\/wp-json\/wp\/v2\/tags?post=4001"}],"curies":[{"name":"wp","href":"https:\/\/api.w.org\/{rel}","templated":true}]}}