{"id":3996,"date":"2010-09-16T21:26:37","date_gmt":"2010-09-16T20:26:37","guid":{"rendered":"http:\/\/fjala.shkoder.net\/?p=3996"},"modified":"2010-09-16T21:26:37","modified_gmt":"2010-09-16T20:26:37","slug":"moisiu-po-shkojme-drejt-diktatures-djegia-e-fleteve-e-rrezikshme","status":"publish","type":"post","link":"https:\/\/fjala.info\/2009-2015\/moisiu-po-shkojme-drejt-diktatures-djegia-e-fleteve-e-rrezikshme\/","title":{"rendered":"Moisiu: Po shkojm\u00eb drejt diktatur\u00ebs. Djegia e flet\u00ebve, e rrezikshme"},"content":{"rendered":"<p><img loading=\"lazy\" decoding=\"async\" class=\"alignright size-medium wp-image-3997\" title=\"Moisiu dhe Berisha\" src=\"http:\/\/fjala.shkoder.net\/wp-content\/uploads\/2010\/09\/moisiu_berisha-300x195.jpg\" alt=\"\" width=\"300\" height=\"195\" \/><\/p>\n<p><strong>Alfred Moisiu<\/strong> &#8211; <em>INTERVISTE, 16.09.2010<\/em><\/p>\n<p><em>TIRAN\u00cb &#8211; Ish- Presidenti i Republik\u00ebs s\u00eb Shqip\u00ebris\u00eb, Alfred Moisiu, analizon situat\u00ebn politike n\u00eb vend, duke vler\u00ebsuar se p\u00ebrgjegj\u00ebsi p\u00ebr moszgjidhjen e kriz\u00ebs kan\u00eb t\u00eb dy pal\u00ebt, por p\u00ebrgjegj\u00ebsin\u00eb m\u00eb t\u00eb madhe e ka forca politike q\u00eb \u00ebsht\u00eb n\u00eb pushtet, sepse asaj i takon n\u00eb radh\u00eb t\u00eb par\u00eb t&#8217;i jap\u00eb zgjidhje k\u00ebsaj situate. N\u00eb nj\u00eb intervist\u00eb p\u00ebr gazet\u00ebn &#8220;Shekulli&#8221;, ish-kreu i lart\u00eb i shtetit gjykon se nj\u00eb hetim i sakt\u00eb dhe i drejt\u00eb duhet n\u00eb radh\u00eb t\u00eb par\u00eb t\u00eb arrij\u00eb vendosjen e besimit reciprok midis forcave politike, n\u00eb t\u00eb nj\u00ebjt\u00ebn koh\u00eb duhet t\u00eb ndihmoj\u00eb n\u00eb nxjerrjen e mang\u00ebsive dhe gabimeve reale, q\u00eb kan\u00eb \u00e7uar n\u00eb krijimin e situatave q\u00eb kemi zgjedhje t\u00eb lira, por jo t\u00eb ndershme.<\/em><\/p>\n<p>&#8220;N\u00eb qoft\u00eb se v\u00ebrtet duam t\u00eb b\u00ebjm\u00eb hetim dhe transparenc\u00eb t\u00eb plot\u00eb, djegia e flet\u00ebve t\u00eb votimit do t\u00eb ishte nj\u00eb aventur\u00eb e rrezikshme dhe nj\u00eb tregues q\u00eb nuk k\u00ebrkohet realisht transparenca, por thjesht b\u00ebjm\u00eb nj\u00eb propagand\u00eb pa bereqet&#8221;,- shprehet Moisiu. Sipas tij, moszgjidhja e situat\u00ebs me vullnetin e pal\u00ebve ndodh sepse politikan\u00ebt tan\u00eb jan\u00eb t\u00eb sugjestionuar nga ambicia dhe ndjenja e t\u00eb qenit t\u00eb p\u00ebrjetsh\u00ebm n\u00eb pushtet. Pik\u00ebrisht kjo, thekson ai, i shtyn pal\u00ebt q\u00eb t\u00eb gjejn\u00eb zgjidhje dhe metoda q\u00eb t&#8217;u sigurojn\u00eb vazhdim\u00ebsin\u00eb me \u00e7do kusht t\u00eb qenit n\u00eb drejtim.<\/p>\n<p>&#8220;Rrotacionin e pranojm\u00eb teorikisht, nd\u00ebrsa n\u00eb praktik\u00eb jo vet\u00ebm nuk e duan, por as q\u00eb duam ta njohin. K\u00ebto jan\u00eb shenja t\u00eb drejtimit diktatorial t\u00eb vendit, shenja shum\u00eb t\u00eb rrezikshme dhe trondit\u00ebse q\u00eb duhet jo vet\u00ebm t\u00eb na alarmojn\u00eb, por edhe t\u00eb mendojm\u00eb seriozisht p\u00ebr mbrojtjen e demokracis\u00eb&#8221;, &#8211; n\u00ebnvizoi ish-Presidenti. Moisiu theksoi se shpreson q\u00eb gj\u00ebrat t\u00eb mos shkojn\u00eb n\u00eb ekstrem dhe nj\u00eb hap i till\u00eb n\u00eb radh\u00eb t\u00eb par\u00eb do t\u00eb ishte d\u00ebshtim i mazhoranc\u00ebs. Sipas tij, p\u00ebrgjegj\u00ebsia kryesore i takon mazhoranc\u00ebs, p\u00ebr hapat q\u00eb do t\u00eb hedh\u00eb, sepse, n\u00ebse ndodh nj\u00eb gj\u00eb e till\u00eb, kjo do t\u00eb ishte fundi i \u00e7do shprese p\u00ebr nj\u00eb t\u00eb ardhme t\u00eb shpejt\u00eb evropiane p\u00ebr vendin ton\u00eb.<\/p>\n<p><em>Zoti President, Shqip\u00ebria prej pothuajse 15 muajsh ka mbetur n\u00eb mes t\u00eb nj\u00eb krize politike q\u00eb po pengon nj\u00eb s\u00ebr\u00eb procesesh p\u00ebr t\u00eb mir\u00ebn e vendit. N\u00eb mendimin tuaj, sa e ka d\u00ebmtuar kjo kriz\u00eb dhe veprimet individuale t\u00eb Ram\u00ebs dhe Berish\u00ebs vendin ton\u00eb?<\/em><br \/>\nKjo \u00ebsht\u00eb nj\u00eb nga krizat m\u00eb t\u00eb zgjatura dhe m\u00eb t\u00eb d\u00ebmshme q\u00eb kemi kaluar deri tani. Mendoj se politikan\u00ebt shqiptar\u00eb i kan\u00eb l\u00ebn\u00eb pas arsyen dhe detyrimet e tyre ndaj zgjedh\u00ebsve shqiptar\u00eb, por po shikojn\u00eb vet\u00ebm interesat e tyre partiake dhe personale. Nj\u00eb kriz\u00eb e till\u00eb tregon q\u00eb politika shqiptare jo vet\u00ebm se ka ngelur n\u00eb vend, por ka b\u00ebr\u00eb hapa prapa n\u00eb kuptimin e zhvillimit t\u00eb demokracis\u00eb dhe t\u00eb evropianizimit t\u00eb saj.<\/p>\n<p><em>Realisht, mbi k\u00eb bie p\u00ebrgjegj\u00ebsia e k\u00ebsaj krize?<\/em><br \/>\nP\u00ebrgjegj\u00ebsi kan\u00eb t\u00eb dy pal\u00ebt, por p\u00ebrgjegj\u00ebsin\u00eb m\u00eb t\u00eb madhe e ka forca politike q\u00eb \u00ebsht\u00eb n\u00eb pushtet, sepse asaj i takon n\u00eb radh\u00eb t\u00eb par\u00eb t&#8217;i jap\u00eb zgjidhje k\u00ebsaj situate. T\u00eb drejtosh vendin n\u00eb radh\u00eb t\u00eb par\u00eb do t\u00eb thot\u00eb t\u00eb sigurosh zhvillimin normal dhe politik t\u00eb tij, me q\u00ebllim q\u00eb t\u00eb gjitha institucionet t\u00eb punojn\u00eb normalisht dhe n\u00eb m\u00ebnyr\u00eb kushtetuese, p\u00ebr t\u00eb krijuar nj\u00eb frym\u00eb qet\u00ebsie dhe mir\u00ebkuptimi, q\u00eb shteti si i till\u00eb t\u00eb funksionoj\u00eb normalisht.<\/p>\n<p>N\u00eb gjykimin tuaj, kush \u00ebsht\u00eb ai q\u00eb duhet t\u00eb b\u00ebj\u00eb l\u00ebshimin e radh\u00ebs p\u00ebr t\u00eb arritur tek zgjidhja e shum\u00ebpritur?<br \/>\nE theksova se p\u00ebrgjegj\u00ebsia \u00ebsht\u00eb e p\u00ebrbashk\u00ebt, t\u00eb dy pal\u00ebt duhet t\u00eb b\u00ebjn\u00eb l\u00ebshime, por, s\u00eb pari, i takon mazhoranc\u00ebs q\u00eb \u00ebsht\u00eb n\u00eb pushtet.<\/p>\n<p><em>T\u00eb dy forcat politike kan\u00eb k\u00ebrkuar shpeshher\u00eb ndihm\u00ebn e faktorit nd\u00ebrkomb\u00ebtar, por asnj\u00eb her\u00eb at\u00eb t\u00eb institucionit t\u00eb Presidentit. P\u00ebrse ndodh kjo gj\u00eb?<\/em><br \/>\nSi ish-President, un\u00eb i fal\u00ebnderoj nd\u00ebrkomb\u00ebtar\u00ebt p\u00ebr at\u00eb q\u00eb kan\u00eb b\u00ebr\u00eb dhe po b\u00ebjn\u00eb p\u00ebr t\u00eb ndihmuar n\u00eb zgjidhjen e problemeve tona t\u00eb shumta politike. N\u00eb vitet e para t\u00eb zhvillimeve demokratike ishte m\u00eb se e justifikueshme t\u00eb k\u00ebrkonim ndihm\u00eb nga nd\u00ebrkomb\u00ebtar\u00ebt, por tani pas 20 viteve e shikoj t\u00eb udh\u00ebs q\u00eb problemet duhet t&#8217;i zgjidhim vet\u00eb, me mir\u00ebkuptim, duke bashk\u00ebpunuar ngusht\u00eb me Presidentin. Zvarritja e kriz\u00ebs tregon se forcat politike nuk kan\u00eb besim tek nj\u00ebra-tjetra. Ajo tregon se politikan\u00ebt tan\u00eb demokracis\u00eb i kan\u00eb m\u00ebsuar vet\u00ebm emrin, por jo p\u00ebrmbajtjen.<\/p>\n<p>\u00cbsht\u00eb p\u00ebr t&#8217;u habitur q\u00eb tek ne ndodh q\u00eb edhe p\u00ebr ndeshje futbolli t\u00eb k\u00ebrkojm\u00eb arbitra t\u00eb huaj. Kjo tregon se mosbesimi ndaj nj\u00ebri-tjetrit nuk ekziston vet\u00ebm n\u00eb politik\u00eb. Jo vet\u00ebm kaq, por kjo ndodh, sepse politikan\u00ebt tan\u00eb jan\u00eb t\u00eb sugjestionuar nga ambicia dhe ndjenja e t\u00eb qenit t\u00eb p\u00ebrjetsh\u00ebm n\u00eb pushtet. Pik\u00ebrisht, kjo mendoj se i shtyn q\u00eb t\u00eb gjejn\u00eb zgjidhje dhe metoda q\u00eb t&#8217;u sigurojn\u00eb vazhdim\u00ebsin\u00eb me \u00e7do kusht t\u00eb qenit n\u00eb drejtim. Rrotacionin e pranojm\u00eb teorikisht, nd\u00ebrsa n\u00eb praktik\u00eb jo vet\u00ebm nuk e duan, por as q\u00eb duam ta njohin. K\u00ebto jan\u00eb shenja t\u00eb drejtimit diktatorial t\u00eb vendit, shenja shum\u00eb t\u00eb rrezikshme dhe trondit\u00ebse q\u00eb duhet jo vet\u00ebm t\u00eb na alarmojn\u00eb, por edhe t\u00eb mendojm\u00eb seriozisht p\u00ebr mbrojtjen e demokracis\u00eb.<\/p>\n<p><em>Duket sikur Rama dhe Berisha kan\u00eb arritur nj\u00eb kompromis, por \u00e7\u00ebshtja ka mbetur vet\u00ebm tek rruga q\u00eb duhet t\u00eb ndjekin flet\u00ebt e votimit deri n\u00eb Komisionin e Venecias. A do t\u00eb ishte e udh\u00ebs q\u00eb n\u00eb k\u00ebt\u00eb pik\u00eb t\u00eb nd\u00ebrhyj\u00eb Presidenti Topi dhe ta d\u00ebrgoj\u00eb ai \u00e7\u00ebshtjen e flet\u00ebve n\u00eb Venecia?<\/em><br \/>\nT\u00eb pranohet nevoja e hetimit dhe t\u00eb kufizohen mund\u00ebsit\u00eb e kryerjes s\u00eb tij t\u00eb plot\u00eb, \u00ebsht\u00eb q\u00ebndrim dhe arsyetim shum\u00eb kontradiktor. N\u00eb qoft\u00eb se nga t\u00eb gjith\u00eb hetimi konsiderohet i nevojsh\u00ebm dhe i dobish\u00ebm, p\u00ebr zhvillimin e rregullt dhe t\u00eb ndersh\u00ebm t\u00eb proceseve zgjedhore p\u00ebr t\u00eb ardhmen, at\u00ebher\u00eb pse duhet nguruar n\u00eb p\u00ebrdorimin e t\u00eb gjitha mund\u00ebsive p\u00ebr ta kryer at\u00eb sa m\u00eb t\u00eb plot\u00eb dhe t\u00eb sakt\u00eb. Pra, ngurrimi deri n\u00eb pakuptim\u00ebsi p\u00ebr hapjen e kutive nuk \u00ebsht\u00eb i shpjeguesh\u00ebm me asnj\u00eb lloj arsyetimi. Nuk kuptohet kakofonia e krijuar n\u00eb zb\u00ebrthimin e termit &#8220;Materialet zgjedhore&#8221;, nga i cili n\u00eb m\u00ebnyr\u00eb krejt artificiale p\u00ebrjashtohen flet\u00ebt e votimit! Natyrsh\u00ebm del pyetja, at\u00ebher\u00eb \u00e7far\u00eb jan\u00eb flet\u00ebt e votimit, n\u00eb se nuk konsiderohen material zgjedhor?!<\/p>\n<p>Gjykoj se nj\u00eb hetim i sakt\u00eb dhe i drejt\u00eb duhet n\u00eb radh\u00eb t\u00eb par\u00eb t\u00eb arrij\u00eb vendosjen e besimit reciprok midis forcave politike, n\u00eb t\u00eb nj\u00ebjt\u00ebn koh\u00eb duhet t\u00eb ndihmoj\u00eb n\u00eb nxjerrjen e mang\u00ebsive dhe gabimeve reale, q\u00eb kan\u00eb \u00e7uar n\u00eb krijimin e situatave q\u00eb kemi zgjedhje t\u00eb lira, por jo t\u00eb ndershme. Pra, ndershm\u00ebria e tyre mund t\u00eb provohet, duke i hetuar ato deri n\u00eb detajet m\u00eb t\u00eb vogla. Vet\u00ebm duke i hetuar zgjedhjet me rigorozitet, p\u00ebr t\u00eb nxjerr\u00eb gabimet e b\u00ebra, do t\u00eb m\u00ebsohemi q\u00eb n\u00eb t\u00eb ardhmen t\u00eb b\u00ebjm\u00eb zgjedhje realisht t\u00eb ndershme, q\u00eb komisioner\u00ebt tan\u00eb t\u00eb b\u00ebjn\u00eb detyrat e tyre ligjore dhe jo partiake. Ka ardhur koha q\u00eb t\u00eb b\u00ebhet e pamundura p\u00ebr ta zgjidhur k\u00ebt\u00eb ng\u00ebr\u00e7, i cili m\u00eb shum\u00eb duket artificial sesa i logjiksh\u00ebm.<\/p>\n<p><em>N\u00ebse ju do t\u00eb ishit ende Presidenti i Shqip\u00ebris\u00eb, cilat do t\u00eb ishin hapat q\u00eb do t\u00eb nd\u00ebrmerrnit p\u00ebr t\u00eb zgjidhur k\u00ebt\u00eb kriz\u00eb?<\/em><br \/>\nKjo \u00ebsht\u00eb nj\u00eb pyetje mjaft hipotetike. Asnj\u00ebher\u00eb nuk kemi p\u00ebrs\u00ebritje identike t\u00eb situatave. \u00c7do situat\u00eb e krijuar ka ve\u00e7orit\u00eb e saj, q\u00eb p\u00ebr secil\u00ebn prej tyre mund t\u00eb ket\u00eb disa zgjidhje ose m\u00ebnyra reagimi. Sikurse e kam th\u00ebn\u00eb q\u00eb n\u00eb fillim, asnj\u00ebher\u00eb nuk do t\u00eb preferoja p\u00ebr arsye etike t\u00eb jap k\u00ebshilla ose mendime p\u00ebr pasardh\u00ebsin tim. Gjithmon\u00eb kam d\u00ebshir\u00eb t\u00eb jem n\u00eb mb\u00ebshtetje t\u00eb president\u00ebve, duke e quajtur at\u00eb post jo thjesht dekorativ, por si nj\u00eb funksion q\u00eb duhet t\u00eb vler\u00ebsohet m\u00eb shum\u00eb nga politikan\u00ebt tan\u00eb. Besoj se ky do t\u00eb ishte nj\u00eb sinjal serioz dhe shpres\u00ebdh\u00ebn\u00ebs, se ne po kuptojm\u00eb \u00e7far\u00eb \u00ebsht\u00eb shteti dhe si duhet q\u00eb ai t\u00eb funksionoj\u00eb.<\/p>\n<p>Ambasadori i OSBE-s\u00eb n\u00eb vendin ton\u00eb, z. Robert Bosh, k\u00ebshilloi politik\u00ebn shqiptare q\u00eb n\u00eb asnj\u00eb m\u00ebnyr\u00eb flet\u00ebt e votimit nuk duhen djegur pa u kryer m\u00eb par\u00eb transparenca. Cili \u00ebsht\u00eb mendimi juaj p\u00ebr k\u00ebt\u00eb \u00e7\u00ebshtje?<br \/>\nMe q\u00eb m\u00eb pyet\u00ebt p\u00ebr t\u00eb, n\u00eb fillim d\u00ebshiroj t\u00eb them se mendoj q\u00eb Ambasadori Bosh ka qen\u00eb nj\u00eb nd\u00ebr ambasador\u00ebt m\u00eb t\u00eb mir\u00eb t\u00eb OSBE-s\u00eb q\u00eb kan\u00eb punuar n\u00eb Shqip\u00ebri, nj\u00eb njeri q\u00eb i ka dashur realisht t\u00eb mir\u00ebn vendit ton\u00eb. N\u00eb qoft\u00eb se v\u00ebrtet duam t\u00eb b\u00ebjm\u00eb hetim dhe transparenc\u00eb t\u00eb plot\u00eb, djegia e flet\u00ebve t\u00eb votimit do t\u00eb ishte nj\u00eb aventur\u00eb e rrezikshme dhe nj\u00eb tregues q\u00eb nuk k\u00ebrkohet realisht transparenca, por thjesht b\u00ebjm\u00eb nj\u00eb propagand\u00eb pa bereqet.<\/p>\n<p><em>Partia Socialiste ka paralajm\u00ebruar se nuk do t\u00eb marr\u00eb pjes\u00eb n\u00eb reform\u00ebn zgjedhore pa u b\u00ebr\u00eb m\u00eb par\u00eb transparenca e kutive t\u00eb zgjedhjeve t\u00eb kaluara. Si e gjykoni ju k\u00ebt\u00eb vendim dhe sa kosto do t\u00eb ket\u00eb kjo p\u00ebr vendin ton\u00eb?<\/em><br \/>\nUn\u00eb shpresoj q\u00eb gj\u00ebrat t\u00eb mos shkojn\u00eb n\u00eb ekstrem dhe nj\u00eb hap i till\u00eb n\u00eb radh\u00eb t\u00eb par\u00eb do t\u00eb ishte d\u00ebshtim i mazhoranc\u00ebs. P\u00ebrgjegj\u00ebsia kryesore i takon asaj, p\u00ebr hapat q\u00eb do t\u00eb hedh\u00eb, sepse, n\u00ebse ndodh nj\u00eb gj\u00eb e till\u00eb, kjo do t\u00eb ishte fundi i \u00e7do shprese p\u00ebr nj\u00eb t\u00eb ardhme t\u00eb shpejt\u00eb evropiane p\u00ebr vendin ton\u00eb.<\/p>\n<p><em>A e ndihmon transparenca e zgjedhjeve t\u00eb kaluara p\u00ebrmir\u00ebsimin e Kodit Elektoral?<\/em><br \/>\nTransparenca \u00ebsht\u00eb m\u00eb se e nevojshme, jo thjesht p\u00ebr t\u00eb p\u00ebrmir\u00ebsuar Kodin, por n\u00eb radh\u00eb t\u00eb par\u00eb t\u00eb vendoset besueshm\u00ebria e qytetar\u00ebve shqiptar\u00eb tek zgjedhjet, se vota e tyre do t\u00eb shkoj\u00eb atje p\u00ebr ku ata e kan\u00eb dh\u00ebn\u00eb. Ky \u00ebsht\u00eb thelbi i nj\u00eb demokracie t\u00eb v\u00ebrtet\u00eb. Nuk jam kund\u00ebr p\u00ebrmir\u00ebsimeve, por e keqja tek ne nuk \u00ebsht\u00eb as tek Kodi dhe as tek ligjet, t\u00eb cilat p\u00ebrgjith\u00ebsisht jan\u00eb t\u00eb mira. Mang\u00ebsia kryesore q\u00ebndron tek zbatimi korrekt i tyre. T\u00eb mos harrojm\u00eb se jemi i vetmi vend n\u00eb Evrop\u00eb q\u00eb ende nuk kemi arritur t\u00eb realizojm\u00eb zgjedhje sipas parametrave evropiane, dhe kjo jo se nuk mundemi apo nuk dim\u00eb, por se nuk duam. P\u00ebr politikan\u00ebt tan\u00eb kryesorja \u00ebsht\u00eb pushteti dhe jo shteti, \u00ebsht\u00eb zot\u00ebrimi i gjith\u00e7kaje dhe jo zhvillimi i demokracis\u00eb. Deri sa t\u00eb kemi n\u00eb krye politikan\u00eb t\u00eb till\u00eb \u00ebsht\u00eb e v\u00ebshtir\u00eb q\u00eb t\u00eb ecim p\u00ebrpara si gjith\u00eb t\u00eb tjer\u00ebt. Pra, \u00ebsht\u00eb e r\u00ebnd\u00ebsishme q\u00eb t\u00eb gjejm\u00eb rrug\u00ebt si ta forcojm\u00eb shtetin, si t\u00eb arrijm\u00eb t\u00eb kemi nj\u00eb ndarje reale dhe konstruktive t\u00eb pushteteve dhe si t\u00eb arrijm\u00eb q\u00eb secili t\u00eb b\u00ebj\u00eb detyr\u00ebn e tij kushtetuese.<\/p>\n<p><em>Ndryshimet e mazhoranc\u00ebs n\u00eb ligjin e SHISH po vendosin Shqip\u00ebrin\u00eb n\u00eb nj\u00eb konflikt t\u00eb hapur me NATO-n. \u00c7far\u00eb do t\u00eb thot\u00eb kjo p\u00ebr Shqip\u00ebrin\u00eb dhe sa serioze \u00ebsht\u00eb NATO n\u00eb &#8220;k\u00ebrc\u00ebnimet&#8221; e saj?<\/em><br \/>\nNe k\u00ebrkojm\u00eb t\u00eb b\u00ebhemi pjes\u00eb e institucioneve evropiane dhe euroatlantike, por harrojm\u00eb se me k\u00ebto arritje vullnetarisht ne e kemi dor\u00ebzuar nj\u00eb pjes\u00eb t\u00eb sovranitetit ton\u00eb. Rrjedhimisht k\u00ebrkesat e k\u00ebtyre organeve, n\u00eb t\u00eb cilat jemi inkuadruar me d\u00ebshir\u00eb dhe p\u00ebrpjekje t\u00eb m\u00ebdha, jo vet\u00ebm duhen vler\u00ebsuar, por as q\u00eb duhen diskutuar, ndryshe pjes\u00ebmarrja n\u00eb to nuk ka asnj\u00eb kuptim. Dihet q\u00eb pjes\u00ebmarrja n\u00eb to nuk t\u00eb jep vet\u00ebm t\u00eb drejta, por edhe detyrime dhe nj\u00eb nga k\u00ebto \u00ebsht\u00eb bindja ndaj k\u00ebrkesave q\u00eb vin\u00eb nga organet e tyre drejtuese. Asnj\u00ebher\u00eb nuk e kam kuptuar dhe nuk e kuptoj k\u00ebmb\u00ebnguljen e kryeministrit ton\u00eb, q\u00eb edhe p\u00ebr institucionet q\u00eb vendosen nga instanca t\u00eb tjera, t\u00eb vendosen n\u00eb detyra vet\u00ebm personat q\u00eb i p\u00eblqejn\u00eb atij, pavar\u00ebsisht sesi e kryejn\u00eb detyr\u00ebn. Kjo po ndodh edhe me insistimin deri n\u00eb absurd p\u00ebr ndryshimin e ligjit t\u00eb SHISH-it, jo pse nuk mund t\u00eb ket\u00eb nevoj\u00eb p\u00ebr p\u00ebrmir\u00ebsime, por asnj\u00ebher\u00eb jo me q\u00ebllim p\u00ebr presione ose p\u00ebr ndryshim drejtuesish. Me NATO-n nuk mund t\u00eb luhet dhe s&#8217;duhen b\u00ebr\u00eb eksperimente, sepse ajo der\u00eb \u00ebsht\u00eb e ngusht\u00eb p\u00ebr t\u00eb hyr\u00eb, por nuk besoj se \u00ebsht\u00eb aq e ngusht\u00eb p\u00ebr t\u00eb dal\u00eb.<\/p>\n<p><em>Shpesh her\u00eb mazhoranca ka sulmuar Presidentin Topi p\u00ebr \u00e7\u00ebshtjen e Gjykat\u00ebs Kushtetuese apo edhe p\u00ebr ligjet q\u00eb ai ka kthyer pas. Pak e shum\u00eb t\u00eb nj\u00ebjtat sulme jan\u00eb v\u00ebn\u00eb re nga ana e mazhoranc\u00ebs edhe kur ju ishit President. P\u00ebrse ndodh kjo gj\u00eb?<\/em><br \/>\nP\u00ebr k\u00ebt\u00eb \u00e7\u00ebshtje, un\u00eb kam folur shum\u00eb dhe kam dh\u00ebn\u00eb mendime t\u00eb zb\u00ebrthyera e t\u00eb argumentuara n\u00eb librin tim t\u00eb tret\u00eb &#8220;Midis Nanos dhe Berish\u00ebs&#8221;. Por, meq\u00eb m\u00eb pyesni po ju p\u00ebrgjigjem se e keqja e politik\u00ebs son\u00eb, sidomos e k\u00ebsaj mazhorance, q\u00ebndron n\u00eb faktin se ne pranojm\u00eb de jure faktin e ndarjes s\u00eb pushteteve, por nuk e pranojm\u00eb at\u00eb de fakto. Kjo tregon se ende vuajm\u00eb nga reminishencat e s\u00eb kaluar\u00ebs s\u00eb partis\u00eb shtet dhe t\u00eb nj\u00ebshit. Pra, duam demokraci, por sipas kuptimit dhe interesit t\u00eb pushtetit dhe jo sipas standardeve evropiane. Mendoj se nj\u00eb situat\u00eb e till\u00eb duhet t\u00eb na v\u00ebr\u00eb seriozisht t\u00eb gjykojm\u00eb sesi duhet t\u00eb ecim m\u00eb tej. Pra, ka ardhur koha t\u00eb mendojm\u00eb seriozisht p\u00ebr fatet e demokracis\u00eb dhe t\u00eb zhvillimit. Besoj se nj\u00eb nga ndryshimet kryesore q\u00eb k\u00ebrkohen p\u00ebr t\u00eb ecur ndryshe, duhet t\u00eb jet\u00eb q\u00eb Presidenti t\u00eb zgjedhjet direkt nga populli dhe jo si rezultat i d\u00ebshir\u00ebs s\u00eb politik\u00ebs. Duhet th\u00ebn\u00eb se nga gjith\u00eb ish- lindja, vet\u00ebm n\u00eb Shqip\u00ebri presidentin e zgjedh parlamenti, n\u00eb t\u00eb gjitha vendet e tjera ai zgjidhet direkt nga populli.<\/p>\n<p><em>Kjo mazhoranc\u00eb, ashtu si n\u00eb koh\u00ebn tuaj, ka nj\u00eb q\u00ebndrim tep\u00ebr agresiv ndaj institucioneve t\u00eb pavarura. Sa ndikon kjo gj\u00eb n\u00eb pun\u00ebn e tyre?<\/em><br \/>\nVet\u00eb nocioni institucione t\u00eb pavarura presupozon q\u00eb ato t\u00eb veprojn\u00eb sipas k\u00ebrkesave ligjore dhe atyre kushtetuese, dhe k\u00ebshtu ndodh n\u00eb \u00e7do vend demokratik evropian, por jo tek ne. Ne duam t&#8217;i quajm\u00eb ato t\u00eb pavarura, por t\u00eb veprojn\u00eb si k\u00ebrkon nj\u00ebshi ose interesat e forc\u00ebs politike n\u00eb pushtet. Mendoj se raporti me k\u00ebto institucione tregon edhe shkall\u00ebn e zhvillimit t\u00eb demokracis\u00eb. Ka shum\u00eb r\u00ebnd\u00ebsi q\u00eb n\u00eb krye t\u00eb k\u00ebtyre institucioneve t\u00eb zgjidhen njer\u00ebz , t\u00eb cil\u00ebt duhet t\u00eb jen\u00eb t\u00eb vendosur t\u00eb japin m\u00eb shum\u00eb kontributin e tyre p\u00ebr popullin, dhe jo t\u00eb shohin interesat e tyre personale. Nj\u00eb institucion nuk mund t\u00eb quhet i pavarur n\u00ebse ai merr udh\u00ebzime ose porosi nga politika.<\/p>\n<p>Detyra e tyre \u00ebsht\u00eb q\u00eb ata t\u00eb veprojn\u00eb vet\u00ebm dhe vet\u00ebm sipas k\u00ebrkesave t\u00eb Kushtetut\u00ebs dhe t\u00eb ligjit. K\u00ebto q\u00ebndrime e kan\u00eb d\u00ebmtuar shum\u00eb nd\u00ebrtimin e shtetit shqiptar. K\u00ebtu do t\u00eb vler\u00ebsoja pun\u00ebn e Gjykat\u00ebs Kushtetuese, e cila deri tani p\u00ebr t\u00eb gjitha \u00e7\u00ebshtjet ka gjykuar dhe vendosur vet\u00ebm sipas k\u00ebrkesave kushtetuese dhe t\u00eb ligjeve, e jo sipas porosive apo d\u00ebshirave t\u00eb politik\u00ebs. Po mbushim nj\u00ebqind vjet q\u00eb jemi t\u00eb pavarur, por nuk mund t\u00eb themi se ende e kemi arritur nivelin e duhur t\u00eb funksionimit t\u00eb shtetit. Kjo \u00ebsht\u00eb nj\u00eb p\u00ebrgjegj\u00ebsi e r\u00ebnd\u00eb e politikan\u00ebve shqiptar\u00eb dhe e askujt tjet\u00ebr.<\/p>\n","protected":false},"excerpt":{"rendered":"<p>Alfred Moisiu &#8211; INTERVISTE, 16.09.2010 TIRAN\u00cb &#8211; Ish- Presidenti i Republik\u00ebs s\u00eb Shqip\u00ebris\u00eb, Alfred Moisiu, analizon situat\u00ebn politike n\u00eb vend, duke vler\u00ebsuar se p\u00ebrgjegj\u00ebsi p\u00ebr moszgjidhjen e kriz\u00ebs kan\u00eb t\u00eb dy pal\u00ebt, por p\u00ebrgjegj\u00ebsin\u00eb m\u00eb t\u00eb madhe e ka forca politike q\u00eb \u00ebsht\u00eb n\u00eb pushtet, sepse asaj i takon n\u00eb radh\u00eb t\u00eb par\u00eb t&#8217;i jap\u00eb [&hellip;]<\/p>\n","protected":false},"author":1,"featured_media":0,"comment_status":"open","ping_status":"closed","sticky":false,"template":"","format":"standard","meta":{"footnotes":""},"categories":[4],"tags":[],"class_list":{"0":"post-3996","1":"post","2":"type-post","3":"status-publish","4":"format-standard","6":"category-intervista"},"yoast_head":"<!-- This site is optimized with the Yoast SEO plugin v27.4 - https:\/\/yoast.com\/product\/yoast-seo-wordpress\/ -->\n<title>Moisiu: Po shkojm\u00eb drejt diktatur\u00ebs. Djegia e flet\u00ebve, e rrezikshme - FjALA e LIR\u00cb - Arkivi<\/title>\n<meta name=\"robots\" content=\"index, follow, max-snippet:-1, max-image-preview:large, max-video-preview:-1\" \/>\n<link rel=\"canonical\" href=\"https:\/\/fjala.info\/2009-2015\/moisiu-po-shkojme-drejt-diktatures-djegia-e-fleteve-e-rrezikshme\/\" \/>\n<meta property=\"og:locale\" content=\"sq_AL\" \/>\n<meta property=\"og:type\" content=\"article\" \/>\n<meta property=\"og:title\" content=\"Moisiu: Po shkojm\u00eb drejt diktatur\u00ebs. Djegia e flet\u00ebve, e rrezikshme - FjALA e LIR\u00cb - Arkivi\" \/>\n<meta property=\"og:description\" content=\"Alfred Moisiu &#8211; INTERVISTE, 16.09.2010 TIRAN\u00cb &#8211; Ish- Presidenti i Republik\u00ebs s\u00eb Shqip\u00ebris\u00eb, Alfred Moisiu, analizon situat\u00ebn politike n\u00eb vend, duke vler\u00ebsuar se p\u00ebrgjegj\u00ebsi p\u00ebr moszgjidhjen e kriz\u00ebs kan\u00eb t\u00eb dy pal\u00ebt, por p\u00ebrgjegj\u00ebsin\u00eb m\u00eb t\u00eb madhe e ka forca politike q\u00eb \u00ebsht\u00eb n\u00eb pushtet, sepse asaj i takon n\u00eb radh\u00eb t\u00eb par\u00eb t&#8217;i jap\u00eb [&hellip;]\" \/>\n<meta property=\"og:url\" content=\"https:\/\/fjala.info\/2009-2015\/moisiu-po-shkojme-drejt-diktatures-djegia-e-fleteve-e-rrezikshme\/\" \/>\n<meta property=\"og:site_name\" content=\"FjALA e LIR\u00cb - Arkivi\" \/>\n<meta property=\"article:published_time\" content=\"2010-09-16T20:26:37+00:00\" \/>\n<meta property=\"og:image\" content=\"http:\/\/fjala.shkoder.net\/wp-content\/uploads\/2010\/09\/moisiu_berisha-300x195.jpg\" \/>\n<meta name=\"author\" content=\"admin\" \/>\n<meta name=\"twitter:card\" content=\"summary_large_image\" \/>\n<meta name=\"twitter:label1\" content=\"Written by\" \/>\n\t<meta name=\"twitter:data1\" content=\"admin\" \/>\n\t<meta name=\"twitter:label2\" content=\"Est. reading time\" \/>\n\t<meta name=\"twitter:data2\" content=\"14 minutes\" \/>\n<script type=\"application\/ld+json\" class=\"yoast-schema-graph\">{\"@context\":\"https:\\\/\\\/schema.org\",\"@graph\":[{\"@type\":\"Article\",\"@id\":\"https:\\\/\\\/fjala.info\\\/2009-2015\\\/moisiu-po-shkojme-drejt-diktatures-djegia-e-fleteve-e-rrezikshme\\\/#article\",\"isPartOf\":{\"@id\":\"https:\\\/\\\/fjala.info\\\/2009-2015\\\/moisiu-po-shkojme-drejt-diktatures-djegia-e-fleteve-e-rrezikshme\\\/\"},\"author\":{\"name\":\"admin\",\"@id\":\"https:\\\/\\\/fjala.info\\\/2009-2015\\\/#\\\/schema\\\/person\\\/3aa1163ef05469c496fc94e77611ada2\"},\"headline\":\"Moisiu: Po shkojm\u00eb drejt diktatur\u00ebs. Djegia e flet\u00ebve, e rrezikshme\",\"datePublished\":\"2010-09-16T20:26:37+00:00\",\"mainEntityOfPage\":{\"@id\":\"https:\\\/\\\/fjala.info\\\/2009-2015\\\/moisiu-po-shkojme-drejt-diktatures-djegia-e-fleteve-e-rrezikshme\\\/\"},\"wordCount\":2744,\"commentCount\":0,\"publisher\":{\"@id\":\"https:\\\/\\\/fjala.info\\\/2009-2015\\\/#organization\"},\"image\":{\"@id\":\"https:\\\/\\\/fjala.info\\\/2009-2015\\\/moisiu-po-shkojme-drejt-diktatures-djegia-e-fleteve-e-rrezikshme\\\/#primaryimage\"},\"thumbnailUrl\":\"http:\\\/\\\/fjala.shkoder.net\\\/wp-content\\\/uploads\\\/2010\\\/09\\\/moisiu_berisha-300x195.jpg\",\"articleSection\":[\"Intervista\"],\"inLanguage\":\"sq-AL\",\"potentialAction\":[{\"@type\":\"CommentAction\",\"name\":\"Comment\",\"target\":[\"https:\\\/\\\/fjala.info\\\/2009-2015\\\/moisiu-po-shkojme-drejt-diktatures-djegia-e-fleteve-e-rrezikshme\\\/#respond\"]}]},{\"@type\":\"WebPage\",\"@id\":\"https:\\\/\\\/fjala.info\\\/2009-2015\\\/moisiu-po-shkojme-drejt-diktatures-djegia-e-fleteve-e-rrezikshme\\\/\",\"url\":\"https:\\\/\\\/fjala.info\\\/2009-2015\\\/moisiu-po-shkojme-drejt-diktatures-djegia-e-fleteve-e-rrezikshme\\\/\",\"name\":\"Moisiu: Po shkojm\u00eb drejt diktatur\u00ebs. Djegia e flet\u00ebve, e rrezikshme - FjALA e LIR\u00cb - Arkivi\",\"isPartOf\":{\"@id\":\"https:\\\/\\\/fjala.info\\\/2009-2015\\\/#website\"},\"primaryImageOfPage\":{\"@id\":\"https:\\\/\\\/fjala.info\\\/2009-2015\\\/moisiu-po-shkojme-drejt-diktatures-djegia-e-fleteve-e-rrezikshme\\\/#primaryimage\"},\"image\":{\"@id\":\"https:\\\/\\\/fjala.info\\\/2009-2015\\\/moisiu-po-shkojme-drejt-diktatures-djegia-e-fleteve-e-rrezikshme\\\/#primaryimage\"},\"thumbnailUrl\":\"http:\\\/\\\/fjala.shkoder.net\\\/wp-content\\\/uploads\\\/2010\\\/09\\\/moisiu_berisha-300x195.jpg\",\"datePublished\":\"2010-09-16T20:26:37+00:00\",\"breadcrumb\":{\"@id\":\"https:\\\/\\\/fjala.info\\\/2009-2015\\\/moisiu-po-shkojme-drejt-diktatures-djegia-e-fleteve-e-rrezikshme\\\/#breadcrumb\"},\"inLanguage\":\"sq-AL\",\"potentialAction\":[{\"@type\":\"ReadAction\",\"target\":[\"https:\\\/\\\/fjala.info\\\/2009-2015\\\/moisiu-po-shkojme-drejt-diktatures-djegia-e-fleteve-e-rrezikshme\\\/\"]}]},{\"@type\":\"ImageObject\",\"inLanguage\":\"sq-AL\",\"@id\":\"https:\\\/\\\/fjala.info\\\/2009-2015\\\/moisiu-po-shkojme-drejt-diktatures-djegia-e-fleteve-e-rrezikshme\\\/#primaryimage\",\"url\":\"http:\\\/\\\/fjala.shkoder.net\\\/wp-content\\\/uploads\\\/2010\\\/09\\\/moisiu_berisha-300x195.jpg\",\"contentUrl\":\"http:\\\/\\\/fjala.shkoder.net\\\/wp-content\\\/uploads\\\/2010\\\/09\\\/moisiu_berisha-300x195.jpg\"},{\"@type\":\"BreadcrumbList\",\"@id\":\"https:\\\/\\\/fjala.info\\\/2009-2015\\\/moisiu-po-shkojme-drejt-diktatures-djegia-e-fleteve-e-rrezikshme\\\/#breadcrumb\",\"itemListElement\":[{\"@type\":\"ListItem\",\"position\":1,\"name\":\"Home\",\"item\":\"https:\\\/\\\/fjala.info\\\/2009-2015\\\/\"},{\"@type\":\"ListItem\",\"position\":2,\"name\":\"Moisiu: Po shkojm\u00eb drejt diktatur\u00ebs. Djegia e flet\u00ebve, e rrezikshme\"}]},{\"@type\":\"WebSite\",\"@id\":\"https:\\\/\\\/fjala.info\\\/2009-2015\\\/#website\",\"url\":\"https:\\\/\\\/fjala.info\\\/2009-2015\\\/\",\"name\":\"FjALA e LIR\u00cb - Arkivi\",\"description\":\"Arkivi 2009-2015\",\"publisher\":{\"@id\":\"https:\\\/\\\/fjala.info\\\/2009-2015\\\/#organization\"},\"potentialAction\":[{\"@type\":\"SearchAction\",\"target\":{\"@type\":\"EntryPoint\",\"urlTemplate\":\"https:\\\/\\\/fjala.info\\\/2009-2015\\\/?s={search_term_string}\"},\"query-input\":{\"@type\":\"PropertyValueSpecification\",\"valueRequired\":true,\"valueName\":\"search_term_string\"}}],\"inLanguage\":\"sq-AL\"},{\"@type\":\"Organization\",\"@id\":\"https:\\\/\\\/fjala.info\\\/2009-2015\\\/#organization\",\"name\":\"FjALA e LIR\u00cb - Arkivi\",\"url\":\"https:\\\/\\\/fjala.info\\\/2009-2015\\\/\",\"logo\":{\"@type\":\"ImageObject\",\"inLanguage\":\"sq-AL\",\"@id\":\"https:\\\/\\\/fjala.info\\\/2009-2015\\\/#\\\/schema\\\/logo\\\/image\\\/\",\"url\":\"\",\"contentUrl\":\"\",\"caption\":\"FjALA e LIR\u00cb - Arkivi\"},\"image\":{\"@id\":\"https:\\\/\\\/fjala.info\\\/2009-2015\\\/#\\\/schema\\\/logo\\\/image\\\/\"}},{\"@type\":\"Person\",\"@id\":\"https:\\\/\\\/fjala.info\\\/2009-2015\\\/#\\\/schema\\\/person\\\/3aa1163ef05469c496fc94e77611ada2\",\"name\":\"admin\",\"image\":{\"@type\":\"ImageObject\",\"inLanguage\":\"sq-AL\",\"@id\":\"https:\\\/\\\/fjala.info\\\/2009-2015\\\/wp-content\\\/uploads\\\/2012\\\/02\\\/arben_cokaj-120x150.jpg\",\"url\":\"https:\\\/\\\/fjala.info\\\/2009-2015\\\/wp-content\\\/uploads\\\/2012\\\/02\\\/arben_cokaj-120x150.jpg\",\"contentUrl\":\"https:\\\/\\\/fjala.info\\\/2009-2015\\\/wp-content\\\/uploads\\\/2012\\\/02\\\/arben_cokaj-120x150.jpg\",\"caption\":\"admin\"},\"description\":\"Admin, Fjala e Lir\u00eb\",\"sameAs\":[\"https:\\\/\\\/fjala.info\\\/\"],\"url\":\"https:\\\/\\\/fjala.info\\\/2009-2015\\\/author\\\/admin\\\/\"}]}<\/script>\n<!-- \/ Yoast SEO plugin. -->","yoast_head_json":{"title":"Moisiu: Po shkojm\u00eb drejt diktatur\u00ebs. Djegia e flet\u00ebve, e rrezikshme - FjALA e LIR\u00cb - Arkivi","robots":{"index":"index","follow":"follow","max-snippet":"max-snippet:-1","max-image-preview":"max-image-preview:large","max-video-preview":"max-video-preview:-1"},"canonical":"https:\/\/fjala.info\/2009-2015\/moisiu-po-shkojme-drejt-diktatures-djegia-e-fleteve-e-rrezikshme\/","og_locale":"sq_AL","og_type":"article","og_title":"Moisiu: Po shkojm\u00eb drejt diktatur\u00ebs. Djegia e flet\u00ebve, e rrezikshme - FjALA e LIR\u00cb - Arkivi","og_description":"Alfred Moisiu &#8211; INTERVISTE, 16.09.2010 TIRAN\u00cb &#8211; Ish- Presidenti i Republik\u00ebs s\u00eb Shqip\u00ebris\u00eb, Alfred Moisiu, analizon situat\u00ebn politike n\u00eb vend, duke vler\u00ebsuar se p\u00ebrgjegj\u00ebsi p\u00ebr moszgjidhjen e kriz\u00ebs kan\u00eb t\u00eb dy pal\u00ebt, por p\u00ebrgjegj\u00ebsin\u00eb m\u00eb t\u00eb madhe e ka forca politike q\u00eb \u00ebsht\u00eb n\u00eb pushtet, sepse asaj i takon n\u00eb radh\u00eb t\u00eb par\u00eb t&#8217;i jap\u00eb [&hellip;]","og_url":"https:\/\/fjala.info\/2009-2015\/moisiu-po-shkojme-drejt-diktatures-djegia-e-fleteve-e-rrezikshme\/","og_site_name":"FjALA e LIR\u00cb - Arkivi","article_published_time":"2010-09-16T20:26:37+00:00","og_image":[{"url":"http:\/\/fjala.shkoder.net\/wp-content\/uploads\/2010\/09\/moisiu_berisha-300x195.jpg","type":"","width":"","height":""}],"author":"admin","twitter_card":"summary_large_image","twitter_misc":{"Written by":"admin","Est. reading time":"14 minutes"},"schema":{"@context":"https:\/\/schema.org","@graph":[{"@type":"Article","@id":"https:\/\/fjala.info\/2009-2015\/moisiu-po-shkojme-drejt-diktatures-djegia-e-fleteve-e-rrezikshme\/#article","isPartOf":{"@id":"https:\/\/fjala.info\/2009-2015\/moisiu-po-shkojme-drejt-diktatures-djegia-e-fleteve-e-rrezikshme\/"},"author":{"name":"admin","@id":"https:\/\/fjala.info\/2009-2015\/#\/schema\/person\/3aa1163ef05469c496fc94e77611ada2"},"headline":"Moisiu: Po shkojm\u00eb drejt diktatur\u00ebs. Djegia e flet\u00ebve, e rrezikshme","datePublished":"2010-09-16T20:26:37+00:00","mainEntityOfPage":{"@id":"https:\/\/fjala.info\/2009-2015\/moisiu-po-shkojme-drejt-diktatures-djegia-e-fleteve-e-rrezikshme\/"},"wordCount":2744,"commentCount":0,"publisher":{"@id":"https:\/\/fjala.info\/2009-2015\/#organization"},"image":{"@id":"https:\/\/fjala.info\/2009-2015\/moisiu-po-shkojme-drejt-diktatures-djegia-e-fleteve-e-rrezikshme\/#primaryimage"},"thumbnailUrl":"http:\/\/fjala.shkoder.net\/wp-content\/uploads\/2010\/09\/moisiu_berisha-300x195.jpg","articleSection":["Intervista"],"inLanguage":"sq-AL","potentialAction":[{"@type":"CommentAction","name":"Comment","target":["https:\/\/fjala.info\/2009-2015\/moisiu-po-shkojme-drejt-diktatures-djegia-e-fleteve-e-rrezikshme\/#respond"]}]},{"@type":"WebPage","@id":"https:\/\/fjala.info\/2009-2015\/moisiu-po-shkojme-drejt-diktatures-djegia-e-fleteve-e-rrezikshme\/","url":"https:\/\/fjala.info\/2009-2015\/moisiu-po-shkojme-drejt-diktatures-djegia-e-fleteve-e-rrezikshme\/","name":"Moisiu: Po shkojm\u00eb drejt diktatur\u00ebs. Djegia e flet\u00ebve, e rrezikshme - FjALA e LIR\u00cb - Arkivi","isPartOf":{"@id":"https:\/\/fjala.info\/2009-2015\/#website"},"primaryImageOfPage":{"@id":"https:\/\/fjala.info\/2009-2015\/moisiu-po-shkojme-drejt-diktatures-djegia-e-fleteve-e-rrezikshme\/#primaryimage"},"image":{"@id":"https:\/\/fjala.info\/2009-2015\/moisiu-po-shkojme-drejt-diktatures-djegia-e-fleteve-e-rrezikshme\/#primaryimage"},"thumbnailUrl":"http:\/\/fjala.shkoder.net\/wp-content\/uploads\/2010\/09\/moisiu_berisha-300x195.jpg","datePublished":"2010-09-16T20:26:37+00:00","breadcrumb":{"@id":"https:\/\/fjala.info\/2009-2015\/moisiu-po-shkojme-drejt-diktatures-djegia-e-fleteve-e-rrezikshme\/#breadcrumb"},"inLanguage":"sq-AL","potentialAction":[{"@type":"ReadAction","target":["https:\/\/fjala.info\/2009-2015\/moisiu-po-shkojme-drejt-diktatures-djegia-e-fleteve-e-rrezikshme\/"]}]},{"@type":"ImageObject","inLanguage":"sq-AL","@id":"https:\/\/fjala.info\/2009-2015\/moisiu-po-shkojme-drejt-diktatures-djegia-e-fleteve-e-rrezikshme\/#primaryimage","url":"http:\/\/fjala.shkoder.net\/wp-content\/uploads\/2010\/09\/moisiu_berisha-300x195.jpg","contentUrl":"http:\/\/fjala.shkoder.net\/wp-content\/uploads\/2010\/09\/moisiu_berisha-300x195.jpg"},{"@type":"BreadcrumbList","@id":"https:\/\/fjala.info\/2009-2015\/moisiu-po-shkojme-drejt-diktatures-djegia-e-fleteve-e-rrezikshme\/#breadcrumb","itemListElement":[{"@type":"ListItem","position":1,"name":"Home","item":"https:\/\/fjala.info\/2009-2015\/"},{"@type":"ListItem","position":2,"name":"Moisiu: Po shkojm\u00eb drejt diktatur\u00ebs. Djegia e flet\u00ebve, e rrezikshme"}]},{"@type":"WebSite","@id":"https:\/\/fjala.info\/2009-2015\/#website","url":"https:\/\/fjala.info\/2009-2015\/","name":"FjALA e LIR\u00cb - Arkivi","description":"Arkivi 2009-2015","publisher":{"@id":"https:\/\/fjala.info\/2009-2015\/#organization"},"potentialAction":[{"@type":"SearchAction","target":{"@type":"EntryPoint","urlTemplate":"https:\/\/fjala.info\/2009-2015\/?s={search_term_string}"},"query-input":{"@type":"PropertyValueSpecification","valueRequired":true,"valueName":"search_term_string"}}],"inLanguage":"sq-AL"},{"@type":"Organization","@id":"https:\/\/fjala.info\/2009-2015\/#organization","name":"FjALA e LIR\u00cb - Arkivi","url":"https:\/\/fjala.info\/2009-2015\/","logo":{"@type":"ImageObject","inLanguage":"sq-AL","@id":"https:\/\/fjala.info\/2009-2015\/#\/schema\/logo\/image\/","url":"","contentUrl":"","caption":"FjALA e LIR\u00cb - Arkivi"},"image":{"@id":"https:\/\/fjala.info\/2009-2015\/#\/schema\/logo\/image\/"}},{"@type":"Person","@id":"https:\/\/fjala.info\/2009-2015\/#\/schema\/person\/3aa1163ef05469c496fc94e77611ada2","name":"admin","image":{"@type":"ImageObject","inLanguage":"sq-AL","@id":"https:\/\/fjala.info\/2009-2015\/wp-content\/uploads\/2012\/02\/arben_cokaj-120x150.jpg","url":"https:\/\/fjala.info\/2009-2015\/wp-content\/uploads\/2012\/02\/arben_cokaj-120x150.jpg","contentUrl":"https:\/\/fjala.info\/2009-2015\/wp-content\/uploads\/2012\/02\/arben_cokaj-120x150.jpg","caption":"admin"},"description":"Admin, Fjala e Lir\u00eb","sameAs":["https:\/\/fjala.info\/"],"url":"https:\/\/fjala.info\/2009-2015\/author\/admin\/"}]}},"_links":{"self":[{"href":"https:\/\/fjala.info\/2009-2015\/wp-json\/wp\/v2\/posts\/3996","targetHints":{"allow":["GET"]}}],"collection":[{"href":"https:\/\/fjala.info\/2009-2015\/wp-json\/wp\/v2\/posts"}],"about":[{"href":"https:\/\/fjala.info\/2009-2015\/wp-json\/wp\/v2\/types\/post"}],"author":[{"embeddable":true,"href":"https:\/\/fjala.info\/2009-2015\/wp-json\/wp\/v2\/users\/1"}],"replies":[{"embeddable":true,"href":"https:\/\/fjala.info\/2009-2015\/wp-json\/wp\/v2\/comments?post=3996"}],"version-history":[{"count":0,"href":"https:\/\/fjala.info\/2009-2015\/wp-json\/wp\/v2\/posts\/3996\/revisions"}],"wp:attachment":[{"href":"https:\/\/fjala.info\/2009-2015\/wp-json\/wp\/v2\/media?parent=3996"}],"wp:term":[{"taxonomy":"category","embeddable":true,"href":"https:\/\/fjala.info\/2009-2015\/wp-json\/wp\/v2\/categories?post=3996"},{"taxonomy":"post_tag","embeddable":true,"href":"https:\/\/fjala.info\/2009-2015\/wp-json\/wp\/v2\/tags?post=3996"}],"curies":[{"name":"wp","href":"https:\/\/api.w.org\/{rel}","templated":true}]}}