{"id":3994,"date":"2010-09-16T10:31:58","date_gmt":"2010-09-16T09:31:58","guid":{"rendered":"http:\/\/fjala.shkoder.net\/?p=3994"},"modified":"2010-09-16T10:31:58","modified_gmt":"2010-09-16T09:31:58","slug":"vota-taktike-dhe-interesi-kombetar","status":"publish","type":"post","link":"https:\/\/fjala.info\/2009-2015\/vota-taktike-dhe-interesi-kombetar\/","title":{"rendered":"Vota taktike dhe interesi komb\u00ebtar"},"content":{"rendered":"<p><strong>Ediga Ku\u00e7i-Ukaj<\/strong><\/p>\n<p><strong>\u00c7far\u00eb mund t\u00eb m\u00ebsojm\u00eb nga jeta politike suedeze?<\/strong><br \/>\n\u00cbsht\u00eb muaji i zgjedhjeve ne Suedi dhe si rrall\u00ebher\u00eb m\u00eb par\u00eb, jo vet\u00ebm opinioni suedez, por edhe ai nd\u00ebrkomb\u00ebtar, \u00ebsht\u00eb shum\u00eb i p\u00ebrqendruar t\u00eb kuptoj ecurin\u00eb e tyre dhe sidomos epilogun. N\u00eb tradit\u00ebn politike suedeze, zakonisht zgjedhjet jan\u00eb shum\u00eb t\u00eb qeta, pa zhurm\u00eb t\u00eb madhe komb\u00ebtare e nd\u00ebrkomb\u00ebtare. Mir\u00ebpo, k\u00ebsaj here, \u00e7\u00ebshtja \u00ebsht\u00eb pak m\u00eb ndryshe. K\u00ebto zgjedhje, si kurr\u00eb m\u00eb par\u00eb, kan\u00eb sfiduar demokracin\u00eb suedeze dhe e kan\u00eb v\u00ebn\u00eb para nj\u00eb rreziku.<\/p>\n<p>Prandaj, edhe thuhet se k\u00ebsaj here, \u00ebsht\u00eb nj\u00eb nd\u00ebr betejat m\u00eb t\u00eb ashpra n\u00eb historin\u00eb politike moderne suedeze, ku p\u00ebr Parlamentin e ardhsh\u00ebm, luftojn\u00eb ashp\u00ebr aleanca e djatht\u00eb, e p\u00ebrfaq\u00ebsuar nga kat\u00ebr parti q\u00eb qeverisin sot Suedin\u00eb dhe Bllokut t\u00eb majt\u00eb opozitar, n\u00eb t\u00eb cil\u00ebn jan\u00eb rreshtuar tre parti. Ajo \u00e7ka i b\u00ebn\u00eb t\u00eb ve\u00e7anta dhe p\u00ebr shum\u00eb\u00e7ka shqet\u00ebsuese k\u00ebto zgjedhjet, \u00ebsht\u00eb rritja e ekstremit t\u00eb djatht\u00eb, Demokrat\u00ebt suedez (Sverigedemokraterna), nj\u00eb l\u00ebvizje kjo q\u00eb konsiderohet me rr\u00ebnj\u00eb naziste, e tipit t\u00eb l\u00ebvizjeve q\u00eb kemi par\u00eb viteve t\u00eb fundit Holand\u00eb, Danimark\u00eb dhe Hungari, etj.<\/p>\n<p>Ky i quajtur rrezik, si asnj\u00ebher\u00eb m\u00eb par\u00eb, ka unifikuar opinionin e gjer\u00eb suedez, n\u00eb at\u00eb q\u00eb \u00ebsht\u00eb interes komb\u00ebtar. N\u00eb k\u00ebt\u00eb aspekt, e gjith\u00eb fushata politike, sikurse n\u00eb mesin partive t\u00eb Aleanc\u00ebs s\u00eb djatht\u00eb n\u00eb pushtet dhe Bllokut opozitar t\u00eb majt\u00eb, \u00ebsht\u00eb e orientuar t\u00eb rreziku q\u00eb paraqet e djathta ekstreme n\u00eb k\u00ebto zgjedhje, e cila, sipas sondazheve t\u00eb b\u00ebra n\u00eb Suedi, duket se do t\u00eb kaloi pragun zgjedhor dhe do t\u00eb hyj\u00eb n\u00eb Parlament.<\/p>\n<p>Ky fakt dhe k\u00ebto l\u00ebvizje, kan\u00eb motivuar, sikur partit\u00eb e djathta q\u00eb drejton qeverin\u00eb e tanishme dhe bllokun e majt\u00eb opozitar, q\u00eb t\u00eb mbajn\u00eb nj\u00eb q\u00ebndrim t\u00eb prer\u00eb n\u00eb raport me k\u00ebt\u00eb ekstrem politik\u00eb, duke theksuar, t\u00eb gjitha partit\u00eb, pa ekoivokte, se asnj\u00eb parti, n\u00eb \u00e7far\u00eb do rrethana qoft\u00eb, nuk do t\u00eb bashk\u00ebpunoj dhe bisedoj me k\u00ebt\u00eb parti. E gjith\u00eb kjo motivohet nga fakti se me forcimin e tyre, rrezikohet stabiliteti komb\u00ebtar, zhvillimi dhe mir\u00ebqenia komb\u00ebtare suedeze.<\/p>\n<p><strong>E mira e p\u00ebrbashk\u00ebt dhe interesi komb\u00ebtar<\/strong><br \/>\nKy reagim kaq i men\u00e7ur i politik\u00ebs suedeze, popullit dhe inteligjencis\u00eb, tregon sa i r\u00ebnd\u00ebsish\u00ebm \u00ebsht\u00eb interesi komb\u00ebtar dhe si duhet tejkaluar dallimet politike, p\u00ebr t\u2019 mos lejuar nj\u00eb vij\u00eb t\u00eb ashp\u00ebr politike t\u00eb b\u00ebhet vota e art\u00eb p\u00ebr krijimin e qeveris\u00eb s\u00eb ardhshme suedeze. Madje, duhet theksuar se ka nj\u00eb p\u00eblqim nga t\u00eb gjitha forcat politike, te majta dhe t\u00eb djathta, t\u00eb cilat, duke i shfryt\u00ebzuar t\u00eb gjitha mjetet demokratike, komunikimin me opinionin, mediat, elektoratin, t\u00eb luftojn\u00eb dhe t\u00eb b\u00ebjn\u00eb t\u00eb pamundshme futjen e k\u00ebsaj l\u00ebvizje n\u00eb parlamentin suedez. Sondazhet e jav\u00ebs s\u00eb fundit, treguan se kjo l\u00ebvizje \u00ebsht\u00eb duke shkuar drejt parlamentit suedez, pasi q\u00eb ndodhet mbi 4 % e duhur.<\/p>\n<p>Dhe pik\u00ebrisht kjo situat\u00eb e paqart\u00eb dhe ky rrezik me t\u00eb cilin ballafaqohet Suedia, ka ndikuar q\u00eb n\u00eb sondazhin e fundit t\u00eb prezantuar nga gazeta Svenska Dagbladet me dat\u00ebn 14 shtator, e t\u00eb monitoruar nga Sifo, af\u00ebrsisht 42% e t\u00eb anketuarve t\u00eb deklarohen se jan\u00eb n\u00eb gjendje t\u00eb t\u00ebrhiqen nga p\u00ebrcaktimet e tyre t\u00eb para politike-pra votuesit besnik, sipas k\u00ebtij sondazhi do t\u00eb votojn\u00eb p\u00ebr nj\u00ebr\u00ebn parti tjet\u00ebr brenda bllokut politik, p\u00ebr ta ruajtur unik dhe k\u00ebshtu, n\u00eb t\u00eb nj\u00ebjt\u00ebn koh\u00eb, synojn\u00eb t\u00eb pengojn\u00eb Demokrat\u00ebt suedez t\u00eb hyjn\u00eb n\u00eb parlament. K\u00ebta votues, jan\u00eb n\u00eb gjendje, sipas sondazhit n\u00eb fjal\u00eb, t\u00eb votojn\u00eb parti tjera q\u00eb nuk i parap\u00eblqejn\u00eb, n\u00eb t\u00eb mir\u00eb t\u00eb interesit komb\u00ebtar, p\u00ebr t\u00eb penguar k\u00ebshtu qe Demokrat\u00ebt suedez t\u00eb b\u00ebhen rrezik p\u00ebr ekuilib\u00ebr politik\u00eb n\u00eb parlament dhe n\u00eb vend.<\/p>\n<p>Kjo vot\u00eb, \u00ebsht\u00eb quajtur si vot\u00eb taktike dhe q\u00ebllimi i k\u00ebsaj \u00ebsht\u00eb q\u00eb duke votuar p\u00ebr parti t\u00eb vogla, t\u00eb cilat mund t\u00eb rrezikohen te dalin nga parlamenti, t\u00eb ndihmohen blloqet respektive politike dhe n\u00eb t\u00eb nj\u00ebjt\u00ebn koh\u00eb Demokrat\u00ebt suedez, t\u00eb pengohen t\u00eb hyjn\u00eb n\u00eb parlament. Kjo vot\u00eb, e quajtur men\u00e7ur, si taktike, shkon n\u00eb t\u00eb mir\u00ebn e Aleanc\u00ebs s\u00eb djatht\u00eb apo Bllokut t\u00eb majt\u00eb dhe k\u00ebsisoj, \u00ebsht\u00eb n\u00eb t\u00eb mir\u00eb t\u00eb interesave komb\u00ebtare suedeze. Kjo filozofi politike dhe kjo form\u00eb e reagimit qytetar, n\u00eb raport me politiken, sipas shpjegimit t\u00eb gazet\u00ebs n\u00eb fjal\u00eb, nuk \u00ebsht\u00eb di\u00e7ka e re n\u00eb politiken suedez.<\/p>\n<p>Pra, sa her\u00eb q\u00eb cenohet interesi komb\u00ebtar, suedez\u00ebt din\u00eb t\u00eb veprojn\u00eb n\u00eb m\u00ebnyr\u00eb strategjike, p\u00ebr ta mbrojt at\u00eb dhe p\u00ebr ta sforcuar at\u00eb karshi tendencave tjera q\u00eb paraqesin rrezik. Populli suedez, elita, mediat dhe politika, me shum\u00eb urt\u00ebsi, me men\u00e7uri dhe qet\u00ebsi publike, din\u00eb t\u00eb tejkalojn\u00eb dallimet e vockla, p\u00ebr hir t\u00eb mir\u00ebs s\u00eb p\u00ebrbashk\u00ebt. Ky shpjegim dhe kjo form\u00eb e reagimit qytetar suedez, nuk ka sesi t\u00eb mos zgjoj\u00eb v\u00ebmendjen e nj\u00eb vrojtuesi t\u00eb jet\u00ebs politike suedeze dhe asaj shqiptare.<\/p>\n<p><strong>Zgjedhjet n\u00eb Suedi dhe shqiptar\u00ebt<\/strong><br \/>\nA mund t\u00eb p\u00ebrfitojm\u00eb di\u00e7ka nga zgjedhjet n\u00eb Suedi ne si komb? P\u00ebrgjigja, pa asnj\u00eb dyshim se \u00ebsht\u00eb po. Konsideroj se nga kjo form\u00eb e reagimit qytetar dhe politik\u00eb, mund t\u00eb p\u00ebrfitojm\u00eb ne si komb, n\u00eb k\u00ebto koh\u00eb kur jemi duke u konsoliduar si komb. Nga kjo filozofi komb\u00ebtare, mund t\u00eb p\u00ebrfitohet dhe kjo \u00ebsht\u00eb m\u00eb se e dobish\u00ebm kombin shqiptar. Teksa lexoja artikullin n\u00eb gazet\u00eb, menj\u00ebher\u00eb mendja m\u00eb shkoj te kombi shqiptar, te shtetet tona, n\u00eb t\u00eb cilat politika \u00ebsht\u00eb pik\u00eb e pes\u00eb, e n\u00eb t\u00eb cilat, e mira e p\u00ebrbashk\u00ebt dhe interesi komb\u00ebtar nuk ekziston. Apo, \u00ebsht\u00eb vet\u00ebm form\u00eb e jashtme me abuzua me leht\u00eb m\u00eb pushtetin.<\/p>\n<p>P\u00ebr shumic\u00ebn e popullit suedez, nuk \u00ebsht\u00eb m\u00eb r\u00ebnd\u00ebsi n\u00ebse fiton e djathta apo e majta, p\u00ebrkundrazi, p\u00ebr ta, \u00ebsht\u00eb m\u00eb r\u00ebnd\u00ebsi t\u00eb funksionon sistemi suedez dhe populli t\u00eb ken\u00eb qeveri stabile dhe unike, n\u00eb t\u00eb mir\u00eb t\u00eb shtetit dhe imazhit t\u00eb tij nd\u00ebrkomb\u00ebtar.<\/p>\n<p>Sigurisht se n\u00eb bot\u00ebn e sotme, kur rrjeti i informacionit \u00ebsht\u00eb si kurr\u00eb m\u00eb par\u00eb i zhvilluar dhe kur varshm\u00ebria prej nj\u00ebri tjetrit, \u00ebsht\u00eb b\u00ebr\u00eb e dobishme dhe e domosdoshme, njohja me k\u00ebto l\u00ebvizje dhe trende politike t\u00eb p\u00ebrbotshme, \u00ebsht\u00eb n\u00eb interes komb\u00ebtar. Mendoj se nga kjo filozofi politike suedeze, kombi yn\u00eb mund t\u00eb m\u00ebsoj shum\u00eb.<\/p>\n<p>Duke e kuptuar se shteti dhe interesat komb\u00ebtare, jan\u00eb gjithmon\u00eb mbi dallimet e ul\u00ebta fisnore dhe partiake primitive, ne arrijm\u00eb t\u00eb krijojm\u00eb nj\u00eb shoq\u00ebri t\u00eb konsoliduar, unike dhe stabile e pa tensione. Nga kjo filozofi dhe nga ky reagim i men\u00e7ur qytetar, shqiptar\u00ebt mund t\u00eb m\u00ebsojn\u00eb se si, at\u00ebher\u00eb kur vjen n\u00eb shprehje interesi komb\u00ebtar, duhet t\u00eb veprohet si nj\u00eb trup i p\u00ebrbashk\u00ebt, p\u00ebr t\u00eb ruajt dhe p\u00ebr t\u00eb sforcuar substanc\u00ebn e p\u00ebrbashk\u00ebt. Dhe kurrsesi, me luftua me ja nxjerr syt\u00eb nj\u00ebri-tjetrit, p\u00ebr interesa dyt\u00ebsore, personale dhe nga xhelozia banale.<\/p>\n<p>Politika shqiptare asnj\u00ebher\u00eb s\u2019ka treguar deri me sot vet\u00ebdije qytetare p\u00ebr interesa madhore komb\u00ebtare. Ajo, asnj\u00ebher\u00eb nuk ka arrit t\u00eb b\u00ebj\u00eb kompromise fundamentale p\u00ebr at\u00eb q\u00eb \u00ebsht\u00eb interes komb\u00ebtar. As politika dhe as populli, nuk kan\u00eb d\u00ebshmuar aft\u00ebsi, guxim dhe p\u00ebrcaktim me d\u00ebshmue me fuqi dhe bindje bashkimin, at\u00ebher\u00eb kur e ka k\u00ebrkua koha, p\u00ebr q\u00ebllime t\u00eb m\u00ebdha.<\/p>\n<p>Cila parti politike shqiptare \u00ebsht\u00eb n\u00eb gjendje t\u00eb t\u00ebrhiqet nga interesat ditore politike p\u00ebr nj\u00eb ideal m\u00eb t\u00eb madh? Gjendja e politik\u00ebs shqiptare, analizat e shumta q\u00eb b\u00ebhen rreth saj, me t\u00ebr\u00eb komedin\u00eb e saj, d\u00ebshmojn\u00eb pik\u00ebrisht t\u00eb kund\u00ebrt\u00ebn. Duhet vite dhe shteti shqiptar nuk arrin t\u00eb b\u00ebj\u00eb nj\u00eb kompromis p\u00ebr zgjedhjet e fundit, t\u00eb cilat jan\u00eb shnd\u00ebrruar n\u00eb nj\u00eb komedi politike. Aspak m\u00eb mir\u00eb nuk \u00ebsht\u00eb gjendja n\u00eb Kosov\u00eb, ku hasm\u00ebria mes partive \u00ebsht\u00eb n\u00eb rrafshe banale dhe ku populli \u00ebsht\u00eb m\u00eb i p\u00ebr\u00e7ar\u00eb se kurr\u00eb, mbi baza ideologjike, fisnore, rajonale, etj, etj.<\/p>\n<p>P\u00ebrve\u00e7 standardeve europaine p\u00ebr integrim, ne duhet t\u00eb m\u00ebsojm\u00eb dhe t\u2019i shfryt\u00ebzojm\u00eb, mbi t\u00eb gjitha parimet mbi t\u00eb cilat funksionon shoq\u00ebria per\u00ebndimore. Kombi yn\u00eb, ka nevoj\u00eb t\u00eb edukohet n\u00eb frym\u00eb t\u00eb idealeve t\u00eb p\u00ebrbashk\u00ebta, t\u00eb jet\u00eb e aft\u00eb dhe n\u00eb gjendje sakrifikohet p\u00ebr interesa komb\u00ebtare, madje, kur \u00ebsht\u00eb nevoja edhe duke hequr dor\u00eb nga p\u00ebrcaktimet e ngushta politike, fisnore, rajonale, etj.<\/p>\n<p>As at\u00ebher\u00eb kur k\u00ebrkohet nj\u00eb unitet politik nga Bashkimi Evropian p\u00ebr t\u2019i send\u00ebrtuar interesat dhe harmonizua q\u00ebllimet, politika komb\u00ebtare n\u00eb Shqip\u00ebri nuk bashkohet. As n\u00eb k\u00ebt\u00eb koh\u00eb kur shteti i Kosov\u00ebs \u00ebsht\u00eb duke marr k\u00ebmb\u00ebt, populli dhe politika nuk \u00ebsht\u00eb e bashkuar. Nj\u00ebsoj \u00ebsht\u00eb situata me shqiptar n\u00eb vende tjera.<\/p>\n<p>P\u00ebr \u00e7do l\u00ebvizje t\u00eb r\u00ebnd\u00ebsishme politike, mbi qeverit\u00eb tona, partit\u00eb shqiptare, duhet t\u00eb b\u00ebj\u00eb presion faktori nd\u00ebrkomb\u00ebtar, me krijua kompromis. Ky \u00ebsht\u00eb turp komb\u00ebtar.<\/p>\n<p>T\u00eb duash integrimin, do t\u00eb thot\u00eb, p\u00ebrve\u00e7 tjerash, t\u00eb p\u00ebrfitosh, ta shfryt\u00ebzosh modelin, sidomos n\u00eb pikat e dobishme.<\/p>\n<p>\u00cbsht\u00eb koha q\u00eb edhe ne t\u00eb vet\u00ebdijesohemi e t\u00eb kuptojm\u00eb, \u00e7far\u00eb \u00ebsht\u00eb interes komb\u00ebtar e \u00e7far\u00eb jo. Duke u vet\u00ebdijesuar p\u00ebr k\u00ebt\u00eb, rruga jon\u00eb drejt zhvillimit, mir\u00ebqenies dhe integrimit do t\u00eb jet\u00eb m\u00eb e shkurt\u00ebr dhe m\u00eb e sigurt.<\/p>\n","protected":false},"excerpt":{"rendered":"<p>Ediga Ku\u00e7i-Ukaj \u00c7far\u00eb mund t\u00eb m\u00ebsojm\u00eb nga jeta politike suedeze? \u00cbsht\u00eb muaji i zgjedhjeve ne Suedi dhe si rrall\u00ebher\u00eb m\u00eb par\u00eb, jo vet\u00ebm opinioni suedez, por edhe ai nd\u00ebrkomb\u00ebtar, \u00ebsht\u00eb shum\u00eb i p\u00ebrqendruar t\u00eb kuptoj ecurin\u00eb e tyre dhe sidomos epilogun. N\u00eb tradit\u00ebn politike suedeze, zakonisht zgjedhjet jan\u00eb shum\u00eb t\u00eb qeta, pa zhurm\u00eb t\u00eb madhe [&hellip;]<\/p>\n","protected":false},"author":1,"featured_media":0,"comment_status":"open","ping_status":"closed","sticky":false,"template":"","format":"standard","meta":{"footnotes":""},"categories":[2],"tags":[],"class_list":{"0":"post-3994","1":"post","2":"type-post","3":"status-publish","4":"format-standard","6":"category-artikuj"},"yoast_head":"<!-- This site is optimized with the Yoast SEO plugin v27.4 - https:\/\/yoast.com\/product\/yoast-seo-wordpress\/ -->\n<title>Vota taktike dhe interesi komb\u00ebtar - FjALA e LIR\u00cb - Arkivi<\/title>\n<meta name=\"robots\" content=\"index, follow, max-snippet:-1, max-image-preview:large, max-video-preview:-1\" \/>\n<link rel=\"canonical\" href=\"https:\/\/fjala.info\/2009-2015\/vota-taktike-dhe-interesi-kombetar\/\" \/>\n<meta property=\"og:locale\" content=\"sq_AL\" \/>\n<meta property=\"og:type\" content=\"article\" \/>\n<meta property=\"og:title\" content=\"Vota taktike dhe interesi komb\u00ebtar - FjALA e LIR\u00cb - Arkivi\" \/>\n<meta property=\"og:description\" content=\"Ediga Ku\u00e7i-Ukaj \u00c7far\u00eb mund t\u00eb m\u00ebsojm\u00eb nga jeta politike suedeze? \u00cbsht\u00eb muaji i zgjedhjeve ne Suedi dhe si rrall\u00ebher\u00eb m\u00eb par\u00eb, jo vet\u00ebm opinioni suedez, por edhe ai nd\u00ebrkomb\u00ebtar, \u00ebsht\u00eb shum\u00eb i p\u00ebrqendruar t\u00eb kuptoj ecurin\u00eb e tyre dhe sidomos epilogun. N\u00eb tradit\u00ebn politike suedeze, zakonisht zgjedhjet jan\u00eb shum\u00eb t\u00eb qeta, pa zhurm\u00eb t\u00eb madhe [&hellip;]\" \/>\n<meta property=\"og:url\" content=\"https:\/\/fjala.info\/2009-2015\/vota-taktike-dhe-interesi-kombetar\/\" \/>\n<meta property=\"og:site_name\" content=\"FjALA e LIR\u00cb - Arkivi\" \/>\n<meta property=\"article:published_time\" content=\"2010-09-16T09:31:58+00:00\" \/>\n<meta name=\"author\" content=\"admin\" \/>\n<meta name=\"twitter:card\" content=\"summary_large_image\" \/>\n<meta name=\"twitter:label1\" content=\"Written by\" \/>\n\t<meta name=\"twitter:data1\" content=\"admin\" \/>\n\t<meta name=\"twitter:label2\" content=\"Est. reading time\" \/>\n\t<meta name=\"twitter:data2\" content=\"8 minutes\" \/>\n<script type=\"application\/ld+json\" class=\"yoast-schema-graph\">{\"@context\":\"https:\\\/\\\/schema.org\",\"@graph\":[{\"@type\":\"Article\",\"@id\":\"https:\\\/\\\/fjala.info\\\/2009-2015\\\/vota-taktike-dhe-interesi-kombetar\\\/#article\",\"isPartOf\":{\"@id\":\"https:\\\/\\\/fjala.info\\\/2009-2015\\\/vota-taktike-dhe-interesi-kombetar\\\/\"},\"author\":{\"name\":\"admin\",\"@id\":\"https:\\\/\\\/fjala.info\\\/2009-2015\\\/#\\\/schema\\\/person\\\/3aa1163ef05469c496fc94e77611ada2\"},\"headline\":\"Vota taktike dhe interesi komb\u00ebtar\",\"datePublished\":\"2010-09-16T09:31:58+00:00\",\"mainEntityOfPage\":{\"@id\":\"https:\\\/\\\/fjala.info\\\/2009-2015\\\/vota-taktike-dhe-interesi-kombetar\\\/\"},\"wordCount\":1661,\"commentCount\":0,\"publisher\":{\"@id\":\"https:\\\/\\\/fjala.info\\\/2009-2015\\\/#organization\"},\"articleSection\":[\"Artikuj\"],\"inLanguage\":\"sq-AL\",\"potentialAction\":[{\"@type\":\"CommentAction\",\"name\":\"Comment\",\"target\":[\"https:\\\/\\\/fjala.info\\\/2009-2015\\\/vota-taktike-dhe-interesi-kombetar\\\/#respond\"]}]},{\"@type\":\"WebPage\",\"@id\":\"https:\\\/\\\/fjala.info\\\/2009-2015\\\/vota-taktike-dhe-interesi-kombetar\\\/\",\"url\":\"https:\\\/\\\/fjala.info\\\/2009-2015\\\/vota-taktike-dhe-interesi-kombetar\\\/\",\"name\":\"Vota taktike dhe interesi komb\u00ebtar - FjALA e LIR\u00cb - Arkivi\",\"isPartOf\":{\"@id\":\"https:\\\/\\\/fjala.info\\\/2009-2015\\\/#website\"},\"datePublished\":\"2010-09-16T09:31:58+00:00\",\"breadcrumb\":{\"@id\":\"https:\\\/\\\/fjala.info\\\/2009-2015\\\/vota-taktike-dhe-interesi-kombetar\\\/#breadcrumb\"},\"inLanguage\":\"sq-AL\",\"potentialAction\":[{\"@type\":\"ReadAction\",\"target\":[\"https:\\\/\\\/fjala.info\\\/2009-2015\\\/vota-taktike-dhe-interesi-kombetar\\\/\"]}]},{\"@type\":\"BreadcrumbList\",\"@id\":\"https:\\\/\\\/fjala.info\\\/2009-2015\\\/vota-taktike-dhe-interesi-kombetar\\\/#breadcrumb\",\"itemListElement\":[{\"@type\":\"ListItem\",\"position\":1,\"name\":\"Home\",\"item\":\"https:\\\/\\\/fjala.info\\\/2009-2015\\\/\"},{\"@type\":\"ListItem\",\"position\":2,\"name\":\"Vota taktike dhe interesi komb\u00ebtar\"}]},{\"@type\":\"WebSite\",\"@id\":\"https:\\\/\\\/fjala.info\\\/2009-2015\\\/#website\",\"url\":\"https:\\\/\\\/fjala.info\\\/2009-2015\\\/\",\"name\":\"FjALA e LIR\u00cb - Arkivi\",\"description\":\"Arkivi 2009-2015\",\"publisher\":{\"@id\":\"https:\\\/\\\/fjala.info\\\/2009-2015\\\/#organization\"},\"potentialAction\":[{\"@type\":\"SearchAction\",\"target\":{\"@type\":\"EntryPoint\",\"urlTemplate\":\"https:\\\/\\\/fjala.info\\\/2009-2015\\\/?s={search_term_string}\"},\"query-input\":{\"@type\":\"PropertyValueSpecification\",\"valueRequired\":true,\"valueName\":\"search_term_string\"}}],\"inLanguage\":\"sq-AL\"},{\"@type\":\"Organization\",\"@id\":\"https:\\\/\\\/fjala.info\\\/2009-2015\\\/#organization\",\"name\":\"FjALA e LIR\u00cb - Arkivi\",\"url\":\"https:\\\/\\\/fjala.info\\\/2009-2015\\\/\",\"logo\":{\"@type\":\"ImageObject\",\"inLanguage\":\"sq-AL\",\"@id\":\"https:\\\/\\\/fjala.info\\\/2009-2015\\\/#\\\/schema\\\/logo\\\/image\\\/\",\"url\":\"\",\"contentUrl\":\"\",\"caption\":\"FjALA e LIR\u00cb - Arkivi\"},\"image\":{\"@id\":\"https:\\\/\\\/fjala.info\\\/2009-2015\\\/#\\\/schema\\\/logo\\\/image\\\/\"}},{\"@type\":\"Person\",\"@id\":\"https:\\\/\\\/fjala.info\\\/2009-2015\\\/#\\\/schema\\\/person\\\/3aa1163ef05469c496fc94e77611ada2\",\"name\":\"admin\",\"image\":{\"@type\":\"ImageObject\",\"inLanguage\":\"sq-AL\",\"@id\":\"https:\\\/\\\/fjala.info\\\/2009-2015\\\/wp-content\\\/uploads\\\/2012\\\/02\\\/arben_cokaj-120x150.jpg\",\"url\":\"https:\\\/\\\/fjala.info\\\/2009-2015\\\/wp-content\\\/uploads\\\/2012\\\/02\\\/arben_cokaj-120x150.jpg\",\"contentUrl\":\"https:\\\/\\\/fjala.info\\\/2009-2015\\\/wp-content\\\/uploads\\\/2012\\\/02\\\/arben_cokaj-120x150.jpg\",\"caption\":\"admin\"},\"description\":\"Admin, Fjala e Lir\u00eb\",\"sameAs\":[\"https:\\\/\\\/fjala.info\\\/\"],\"url\":\"https:\\\/\\\/fjala.info\\\/2009-2015\\\/author\\\/admin\\\/\"}]}<\/script>\n<!-- \/ Yoast SEO plugin. -->","yoast_head_json":{"title":"Vota taktike dhe interesi komb\u00ebtar - FjALA e LIR\u00cb - Arkivi","robots":{"index":"index","follow":"follow","max-snippet":"max-snippet:-1","max-image-preview":"max-image-preview:large","max-video-preview":"max-video-preview:-1"},"canonical":"https:\/\/fjala.info\/2009-2015\/vota-taktike-dhe-interesi-kombetar\/","og_locale":"sq_AL","og_type":"article","og_title":"Vota taktike dhe interesi komb\u00ebtar - FjALA e LIR\u00cb - Arkivi","og_description":"Ediga Ku\u00e7i-Ukaj \u00c7far\u00eb mund t\u00eb m\u00ebsojm\u00eb nga jeta politike suedeze? \u00cbsht\u00eb muaji i zgjedhjeve ne Suedi dhe si rrall\u00ebher\u00eb m\u00eb par\u00eb, jo vet\u00ebm opinioni suedez, por edhe ai nd\u00ebrkomb\u00ebtar, \u00ebsht\u00eb shum\u00eb i p\u00ebrqendruar t\u00eb kuptoj ecurin\u00eb e tyre dhe sidomos epilogun. N\u00eb tradit\u00ebn politike suedeze, zakonisht zgjedhjet jan\u00eb shum\u00eb t\u00eb qeta, pa zhurm\u00eb t\u00eb madhe [&hellip;]","og_url":"https:\/\/fjala.info\/2009-2015\/vota-taktike-dhe-interesi-kombetar\/","og_site_name":"FjALA e LIR\u00cb - Arkivi","article_published_time":"2010-09-16T09:31:58+00:00","author":"admin","twitter_card":"summary_large_image","twitter_misc":{"Written by":"admin","Est. reading time":"8 minutes"},"schema":{"@context":"https:\/\/schema.org","@graph":[{"@type":"Article","@id":"https:\/\/fjala.info\/2009-2015\/vota-taktike-dhe-interesi-kombetar\/#article","isPartOf":{"@id":"https:\/\/fjala.info\/2009-2015\/vota-taktike-dhe-interesi-kombetar\/"},"author":{"name":"admin","@id":"https:\/\/fjala.info\/2009-2015\/#\/schema\/person\/3aa1163ef05469c496fc94e77611ada2"},"headline":"Vota taktike dhe interesi komb\u00ebtar","datePublished":"2010-09-16T09:31:58+00:00","mainEntityOfPage":{"@id":"https:\/\/fjala.info\/2009-2015\/vota-taktike-dhe-interesi-kombetar\/"},"wordCount":1661,"commentCount":0,"publisher":{"@id":"https:\/\/fjala.info\/2009-2015\/#organization"},"articleSection":["Artikuj"],"inLanguage":"sq-AL","potentialAction":[{"@type":"CommentAction","name":"Comment","target":["https:\/\/fjala.info\/2009-2015\/vota-taktike-dhe-interesi-kombetar\/#respond"]}]},{"@type":"WebPage","@id":"https:\/\/fjala.info\/2009-2015\/vota-taktike-dhe-interesi-kombetar\/","url":"https:\/\/fjala.info\/2009-2015\/vota-taktike-dhe-interesi-kombetar\/","name":"Vota taktike dhe interesi komb\u00ebtar - FjALA e LIR\u00cb - Arkivi","isPartOf":{"@id":"https:\/\/fjala.info\/2009-2015\/#website"},"datePublished":"2010-09-16T09:31:58+00:00","breadcrumb":{"@id":"https:\/\/fjala.info\/2009-2015\/vota-taktike-dhe-interesi-kombetar\/#breadcrumb"},"inLanguage":"sq-AL","potentialAction":[{"@type":"ReadAction","target":["https:\/\/fjala.info\/2009-2015\/vota-taktike-dhe-interesi-kombetar\/"]}]},{"@type":"BreadcrumbList","@id":"https:\/\/fjala.info\/2009-2015\/vota-taktike-dhe-interesi-kombetar\/#breadcrumb","itemListElement":[{"@type":"ListItem","position":1,"name":"Home","item":"https:\/\/fjala.info\/2009-2015\/"},{"@type":"ListItem","position":2,"name":"Vota taktike dhe interesi komb\u00ebtar"}]},{"@type":"WebSite","@id":"https:\/\/fjala.info\/2009-2015\/#website","url":"https:\/\/fjala.info\/2009-2015\/","name":"FjALA e LIR\u00cb - Arkivi","description":"Arkivi 2009-2015","publisher":{"@id":"https:\/\/fjala.info\/2009-2015\/#organization"},"potentialAction":[{"@type":"SearchAction","target":{"@type":"EntryPoint","urlTemplate":"https:\/\/fjala.info\/2009-2015\/?s={search_term_string}"},"query-input":{"@type":"PropertyValueSpecification","valueRequired":true,"valueName":"search_term_string"}}],"inLanguage":"sq-AL"},{"@type":"Organization","@id":"https:\/\/fjala.info\/2009-2015\/#organization","name":"FjALA e LIR\u00cb - Arkivi","url":"https:\/\/fjala.info\/2009-2015\/","logo":{"@type":"ImageObject","inLanguage":"sq-AL","@id":"https:\/\/fjala.info\/2009-2015\/#\/schema\/logo\/image\/","url":"","contentUrl":"","caption":"FjALA e LIR\u00cb - Arkivi"},"image":{"@id":"https:\/\/fjala.info\/2009-2015\/#\/schema\/logo\/image\/"}},{"@type":"Person","@id":"https:\/\/fjala.info\/2009-2015\/#\/schema\/person\/3aa1163ef05469c496fc94e77611ada2","name":"admin","image":{"@type":"ImageObject","inLanguage":"sq-AL","@id":"https:\/\/fjala.info\/2009-2015\/wp-content\/uploads\/2012\/02\/arben_cokaj-120x150.jpg","url":"https:\/\/fjala.info\/2009-2015\/wp-content\/uploads\/2012\/02\/arben_cokaj-120x150.jpg","contentUrl":"https:\/\/fjala.info\/2009-2015\/wp-content\/uploads\/2012\/02\/arben_cokaj-120x150.jpg","caption":"admin"},"description":"Admin, Fjala e Lir\u00eb","sameAs":["https:\/\/fjala.info\/"],"url":"https:\/\/fjala.info\/2009-2015\/author\/admin\/"}]}},"_links":{"self":[{"href":"https:\/\/fjala.info\/2009-2015\/wp-json\/wp\/v2\/posts\/3994","targetHints":{"allow":["GET"]}}],"collection":[{"href":"https:\/\/fjala.info\/2009-2015\/wp-json\/wp\/v2\/posts"}],"about":[{"href":"https:\/\/fjala.info\/2009-2015\/wp-json\/wp\/v2\/types\/post"}],"author":[{"embeddable":true,"href":"https:\/\/fjala.info\/2009-2015\/wp-json\/wp\/v2\/users\/1"}],"replies":[{"embeddable":true,"href":"https:\/\/fjala.info\/2009-2015\/wp-json\/wp\/v2\/comments?post=3994"}],"version-history":[{"count":0,"href":"https:\/\/fjala.info\/2009-2015\/wp-json\/wp\/v2\/posts\/3994\/revisions"}],"wp:attachment":[{"href":"https:\/\/fjala.info\/2009-2015\/wp-json\/wp\/v2\/media?parent=3994"}],"wp:term":[{"taxonomy":"category","embeddable":true,"href":"https:\/\/fjala.info\/2009-2015\/wp-json\/wp\/v2\/categories?post=3994"},{"taxonomy":"post_tag","embeddable":true,"href":"https:\/\/fjala.info\/2009-2015\/wp-json\/wp\/v2\/tags?post=3994"}],"curies":[{"name":"wp","href":"https:\/\/api.w.org\/{rel}","templated":true}]}}