{"id":399,"date":"2011-11-30T18:52:14","date_gmt":"2011-11-30T17:52:14","guid":{"rendered":"http:\/\/fjala.shkoder.net\/?p=399"},"modified":"2011-11-30T18:52:14","modified_gmt":"2011-11-30T17:52:14","slug":"pse-u-fik-nata-e-bardhe","status":"publish","type":"post","link":"https:\/\/fjala.info\/2009-2015\/pse-u-fik-nata-e-bardhe\/","title":{"rendered":"Pse u \u201cfik\u201d nata e bardh\u00eb?"},"content":{"rendered":"<p><img decoding=\"async\" class=\"alignright size-thumbnail wp-image-7236\" title=\"Pre\u00e7 Zogaj\" src=\"http:\/\/www.shkoder.net\/images\/fjala\/prec_zogaj.jpg\" alt=\"\" width=\"150\" \/> <strong>Pre\u00e7 Zogaj<\/strong><\/p>\n<p>Mbr\u00ebm\u00eb, sipas nj\u00eb tradite t\u00eb krijuar k\u00ebto shtat\u00eb-tet\u00eb vitet e fundit duhej t\u00eb ishte \u201cnata e bardh\u00eb\u201d, nj\u00eb fest\u00eb rinore maraton\u00eb me muzik\u00eb, vall\u00ebzim, loj\u00ebra, arg\u00ebtim, puthje, p\u00ebrqafime dhe ik e eja gjithandej nep\u00ebr Tiran\u00eb ; nj\u00eb fest\u00eb q\u00eb th\u00ebrriste e derdhte rrug\u00ebve e shesheve t\u00eb kryeqytetit mij\u00ebra e mij\u00ebra t\u00eb rinj e t\u00eb reja nga qendra dhe periferit\u00eb, madje edhe nga qytetet e tjera t\u00eb vendit.<\/p>\n<p>\u201cNata e bardh\u00eb\u201d kishte kuptimin e dyfisht\u00eb t\u00eb nj\u00eb nate t\u00eb pagjum\u00eb p\u00ebr t\u00eb rinjt\u00eb, por edhe t\u00eb p\u00ebrkujtimit dhe nderimit pa fjalime dhe parada politike t\u00eb nat\u00ebs s\u00eb par\u00eb n\u00eb liri, pas \u00e7lirimit t\u00eb Shqip\u00ebris\u00eb nga pushtimi nazifashist gjat\u00eb luft\u00ebs s\u00eb dyt\u00eb bot\u00ebrore. Ishte nj\u00eb nga ato feksjet apo gjetjes e hershme t\u00eb Edi Ram\u00ebs, q\u00eb ngjiti menj\u00ebher\u00eb, duke u shd\u00ebrruar nga viti n\u00eb vit, br\u00ebnda nj\u00eb koh\u00eb t\u00eb shkurt\u00ebr, n\u00eb fest\u00ebn m\u00eb t\u00eb madhe popullore t\u00eb rinis\u00eb shqiptare, e krahasueshme n\u00eb pikpamje t\u00eb spontanetitetit dhe v\u00ebrtet\u00ebsis\u00eb me fest\u00ebn pagane t\u00eb pranver\u00ebs, jo me at\u00eb q\u00eb inskenoi n\u00eb Tiran\u00eb n\u00eb vititn 2004 qeveria \u201cNano\u201d si reagim ndaj l\u00ebvizjes opozitare \u201cNano ik\u201d, por me at\u00eb q\u00eb festohet prej shekujsh n\u00eb djepin e saj n\u00eb Elbasan.<\/p>\n<p>Asnj\u00eb festim apo p\u00ebrkujtim gjat\u00eb k\u00ebtyre njezet vjet\u00ebve t\u00eb shoq\u00ebris\u00eb s\u00eb hapur nuk ka mundur t\u00eb futet n\u00eb jet\u00ebn e rinis\u00eb s\u00eb Tiran\u00ebs si \u201cnata e bardh\u00eb\u201d. Edhe pse ngjarjet me vlera historike nuk kan\u00eb munguar. T\u00eb p\u00ebrmendim sa p\u00ebr ilustrim kryengjarjen, 8 dhjetorin, dit\u00ebn e par\u00eb t\u00eb l\u00ebvizjes Demokratike t\u00eb Dhjetorit 1990, q\u00eb \u00ebsht\u00eb shpallur zyrtarisht si Dita e Rinis\u00eb. Kjo dit\u00eb e konkuron me dinjitet gjith\u00eb \u00e7far\u00eb p\u00ebrkujton \u201cnata e Bardh\u00eb\u201d, madje \u00ebsht\u00eb shum\u00eb m\u00eb af\u00ebr rinis\u00eb s\u00eb sotme n\u00eb t\u00eb gjitha pik\u00ebpmajet. Megjithat\u00eb Dita e Rinis\u00eb nuk \u00ebsht\u00eb b\u00ebr\u00eb dot ende nj\u00eb fest\u00eb komb\u00ebtare shpirt\u00ebrore e \u00eb rinjve. Nj\u00ebzet e dy marsi apo ndonj\u00eb dat\u00eb tjet\u00ebr e pretenduar her\u00ebpasher\u00eb nga Berisha jo se jo.<\/p>\n<p>Pushteti mund t\u2019i th\u00ebrras\u00eb njer\u00ebzit n\u00eb lloj-lloj manifestimesh politike, por nuk mund t\u2019u imponoj\u00eb as historin\u00eb, as k\u00ebnaq\u00ebsin\u00eb. Lidhjet e rinis\u00eb me nj\u00eb ngjarje t\u00eb caktuar jan\u00eb t\u00eb br\u00ebndshme, t\u00eb shum\u00ebanshme, jan\u00eb etike, estetike, politike e tjer\u00eb. Disa festa t\u00eb organizuara kryesisht nga Berisha nuk kan\u00eb ngjitur sepse e kan\u00eb patur t\u00eb shkruar mu n\u00eb ball\u00eb vul\u00ebn e t\u00eb q\u00ebnit festa t\u00eb rregjimit. Kan\u00eb m\u00ebtuar t\u00eb lidhin arbitrarisht nj\u00eb ngadhnim personal t\u00eb zotit Berisha me historin\u00eb; kan\u00eb qen\u00eb t\u00eb politizuara deri n\u00eb pore, r\u00ebndom jan\u00eb konceptuar q\u00eb n\u00eb embrion si festa t\u00eb nj\u00eb pale, apo si antifesta ndaj pal\u00ebs tjet\u00ebr; kan\u00eb qen\u00eb edhe mediokre shpeshher\u00eb, p\u00ebr t\u00eb mos th\u00ebn\u00eb t\u00eb sh\u00ebmtuara.<\/p>\n<p>\u201cNata e bardh\u00eb\u201d ka lindur gjithashtu si nj\u00eb fest\u00eb me prapavij\u00eb politike, si nj\u00eb shajni e autorit p\u00ebr t\u00eb krijuar n\u00ebn harkun e madh t\u00eb dekadave vazhdim\u00ebsin\u00eb e zjarreve partizane t\u00eb nj\u00eb kohe me xhazin, rep-in apo tallavan\u00eb e koh\u00ebs moderne. Un\u00eb nuk e kam dashur p\u00ebr shkak t\u00eb rr\u00ebmuj\u00ebs dhe zhurm\u00ebs s\u00eb madhe q\u00eb krijonte dhe, ve\u00e7 k\u00ebsaj, edhe p\u00ebr faktin se u ofrohej si joshje dhe si dhurat\u00eb djemve t\u00eb periferive, gj\u00eb q\u00eb me duhej shum\u00eb e padrejt\u00eb dhe deri diku fyese t\u00eb ndodhte vet\u00ebm nj\u00ebher\u00eb n\u00eb vit.<\/p>\n<p>Njoh njer\u00ebz t\u00eb tjer\u00eb q\u00eb nuk e kan\u00eb dashur nat\u00ebn e bardh\u00eb ngaq\u00eb nuk donin t\u00eb shihnin asnj\u00eb sholl\u00eb t\u00eb p\u00ebrbaltur k\u00ebpuce n\u00eb bulevard dhe nuk duronin dot togjet e letrave anemban\u00eb qytetit nga konsumi i ushqimeve t\u00eb shpejta. T\u00eb tjer\u00eb akoma, me t\u00eb shumt\u00eb, nuk e p\u00ebplqenin ngaq\u00eb e konsideronin nj\u00eb fest\u00eb mashtruse t\u00eb t\u00eb majt\u00ebve, q\u00eb hidhte n\u00eb rrjet\u00eb me marifetet e saj edhe t\u00eb djatht\u00eb, por q\u00eb n\u00eb thelb nuk ishte tjet\u00ebr ve\u00e7se nj\u00eb replik\u00eb dhe nj\u00eb ngulmim majtist se data e \u00e7lirimit t\u00eb Shqip\u00ebris\u00eb \u00ebsht\u00eb 29 n\u00ebntori.<\/p>\n<p>N\u00eb rrokullisjen e saj nga viti n\u00eb vit vet\u00eb \u201cnata e bardh\u00eb\u201d ka treguar se rinia pjesmarr\u00ebse ishte p\u00ebrtej qet\u00ebsis\u00eb egosite q\u00eb doja un\u00eb dhe t\u00eb ngjashmit e mi, p\u00ebrtej t\u00eb ashtuquajtur\u00ebs higjen\u00eb t\u00eb eugjenist\u00ebve urban\u00eb dhe kryesorja , p\u00ebrtej debatit shterp\u00eb politik \u201cme 28 apo me 29\u201d, q\u00eb p\u00ebr rinin\u00eb e sotme \u00ebsht\u00eb pothuajse pa kuptim. Festa ishte e bukur, e lir\u00eb, e larmishme, e papolitizuar; organizator\u00ebt nuk dukeshin gjekundi. \u201cAta\u201d dhe \u201cato\u201d, \u201cai\u201d dhe \u201cajo\u201d shkonin rrug\u00ebve nj\u00ebri pas tjetrit, sup me sup apo dor\u00eb p\u00ebr dor\u00eb, k\u00ebndonin, vall\u00ebzonin, kthenin ndonj\u00eb shishe birre, p\u00ebrqafoheshin apo putheshin me ndjesin\u00eb ndoshta t\u00eb gabuar por gjithsesi t\u00eb p\u00ebrjetuar se ishin ata dhe jo ndokush tjet\u00ebr princat dhe princeshat e asaj nate.<\/p>\n<p>Dikush apo shumkush e dinte se p\u00ebrtej g\u00ebzimit, k\u00ebnaq\u00ebsis\u00eb dhe variacioneve q\u00eb propozonte ajo nat\u00eb qendronte nderimi p\u00ebr nj\u00eb kapitull t\u00eb ndritur t\u00eb historis\u00eb komb\u00ebtare, p\u00ebr luft\u00ebn naciona\u00e7lirimtare t\u00eb gjysh\u00ebrve, q\u00eb riafirmoi n\u00eb nivelin e sakrificave sublime atdhedashurin\u00eb dhe e rreshtoi Shqip\u00ebrin\u00eb n\u00eb kampin e fitimtar\u00ebve t\u00eb luft\u00ebs s\u00eb dyt\u00eb bot\u00ebrore. Kjo ishte nj\u00eb gj\u00eb shum\u00eb e mire. Nuk ka patriotiz\u00ebm pa krenari, pa tradit\u00eb dhe ve\u00e7 k\u00ebsaj demokracia e sotme euroatlantike i ka rr\u00ebnj\u00ebt n\u00eb ngadhnjimin m\u00eb arm\u00eb kund\u00ebr nazifashzimit dhe n\u00eb refuzimin e komunizmit.<\/p>\n<p>Por kjo fest\u00eb me k\u00ebt\u00eb mori fibrash e mesazhesh, \u201cNata e bardh\u00eb\u201d, u fik mbr\u00ebm\u00eb nga kryetari i ri i Bashkis\u00eb, Lul\u00ebzim Basha. U fik p\u00ebr k\u00ebnq\u00ebsin\u00eb e predikator\u00ebve politik\u00eb qeveritar\u00eb, por jo p\u00ebr k\u00ebnq\u00ebsin\u00eb e mij\u00ebra e mij\u00ebra t\u00eb rinjve pa dallim feje, krahine dhe ideje q\u00eb i kishin dh\u00ebn\u00eb jet\u00eb asaj fest\u00eb n\u00ebper vite duke e \u00e7uar me gjer\u00ebsin\u00eb, \u00e7iltersin\u00eb dhe etjen e shpirtit rinor p\u00ebrtej korrnizave apo q\u00ebllimeve politike fillestare t\u00eb organizator\u00ebve dhe duke e shd\u00ebrruar n\u00eb nj\u00eb rr\u00ebfim vertet\u00eb t\u00eb rrall\u00eb nga kryeqyteti i Shqip\u00ebris\u00eb.<\/p>\n<p>Lul\u00ebzim Basha e fiku nat\u00ebn e bardh\u00eb gjoja si demokrat, duke e menduar si fest\u00eb t\u00eb socialist\u00ebve. N\u00eb vend t\u00eb saj bashkia aktuale m\u00ebtoi t\u00eb organizonte parmbr\u00ebm\u00eb nj\u00eb imitim, nj\u00eb nat\u00eb t\u00eb saj, q\u00eb dukej krejt e sforcuar, pa art, nj\u00eb surrogato e vertet\u00eb e nat\u00ebs s\u00eb bardh\u00eb me t\u00eb cil\u00ebn ishin m\u00ebsuar t\u00eb rinjt\u00eb dhe t\u00eb rejat e Tiran\u00ebs vitet e fundit. Lul\u00ebzim Basha e ka menduar ngusht\u00eb si fest\u00eb t\u00eb socialist\u00ebve nat\u00ebn e bardh\u00eb. Ai ka ngat\u00ebrruar autor\u00ebsin\u00eb e fest\u00ebs me p\u00ebrmasat dhe karakterin q\u00eb mori ajo p\u00ebrgjat\u00eb koh\u00ebs.<\/p>\n<p>Por edhe sikur nata e bardh\u00eb\u201d t\u00eb kishte qen\u00eb nj\u00eb fest\u00eb e t\u00eb rinjve socialist\u00eb t\u00eb kryeqytetit, gj\u00eb q\u00eb nuk mund t\u00eb ndodh\u00eb realisht, kryetari i bashkis\u00eb nuk duhej tua hiqte atyre ket\u00eb g\u00ebzim, nuk duhej tua nd\u00ebrpriste k\u00ebt\u00eb tradit\u00eb t\u00eb bukur. Gjat\u00eb fushat\u00ebs elektorale Lul\u00ebzim Basha p\u00ebrseriste shpesh se n\u00ebse fitonte, do t\u00eb ishte kryetari i t\u00eb gjith\u00ebve. R\u00ebndom kjo \u00ebsht\u00eb nj\u00eb parull\u00eb e demagog\u00ebve politik\u00eb, por zbatimi i saj u shnd\u00ebrrua n\u00eb nj\u00eb obligim n\u00eb kushtet kur Tirana ka dal\u00eb barazim.<\/p>\n<p>Duke anulluar nat\u00ebn e bardh\u00eb, Lul\u00ebzim Basha ka shkelur premtimin dhe detyrimin p\u00ebr t\u00eb qeverisur p\u00ebr t\u00eb gjith\u00eb dhe m\u00eb t\u00eb gjith\u00eb. Ai ka l\u00ebnduar jo vet\u00ebm t\u00eb rinjt\u00eb opozitar\u00eb por edhe nj\u00eb mas\u00eb t\u00eb madhe t\u00eb rinjsh e t\u00eb rejash q\u00eb nuk kan\u00eb kufizimet e politikan\u00ebve t\u00eb klonuar partiak\u00eb, m\u00eb t\u00eb vjet\u00ebr se t\u00eb vjetrit me veprimet e tyre. Nuk fitohet p\u00ebr t\u00eb prishur gjith\u00eb \u00e7far\u00eb kan\u00eb nd\u00ebrtuar paraardh\u00ebsit. T\u00eb qeverisesh pa opozit\u00ebn \u00ebsht\u00eb zakon, por t\u00eb qeveris\u00ebsh kund\u00ebr saj \u00ebsht\u00eb nj\u00eb shmangie e plot\u00eb nga detyra.<\/p>\n","protected":false},"excerpt":{"rendered":"<p>Pre\u00e7 Zogaj Mbr\u00ebm\u00eb, sipas nj\u00eb tradite t\u00eb krijuar k\u00ebto shtat\u00eb-tet\u00eb vitet e fundit duhej t\u00eb ishte \u201cnata e bardh\u00eb\u201d, nj\u00eb fest\u00eb rinore maraton\u00eb me muzik\u00eb, vall\u00ebzim, loj\u00ebra, arg\u00ebtim, puthje, p\u00ebrqafime dhe ik e eja gjithandej nep\u00ebr Tiran\u00eb ; nj\u00eb fest\u00eb q\u00eb th\u00ebrriste e derdhte rrug\u00ebve e shesheve t\u00eb kryeqytetit mij\u00ebra e mij\u00ebra t\u00eb rinj e [&hellip;]<\/p>\n","protected":false},"author":1,"featured_media":0,"comment_status":"open","ping_status":"closed","sticky":false,"template":"","format":"standard","meta":{"footnotes":""},"categories":[2],"tags":[],"class_list":{"0":"post-399","1":"post","2":"type-post","3":"status-publish","4":"format-standard","6":"category-artikuj"},"yoast_head":"<!-- This site is optimized with the Yoast SEO plugin v27.4 - https:\/\/yoast.com\/product\/yoast-seo-wordpress\/ -->\n<title>Pse u \u201cfik\u201d nata e bardh\u00eb? - FjALA e LIR\u00cb - Arkivi<\/title>\n<meta name=\"robots\" content=\"index, follow, max-snippet:-1, max-image-preview:large, max-video-preview:-1\" \/>\n<link rel=\"canonical\" href=\"https:\/\/fjala.info\/2009-2015\/pse-u-fik-nata-e-bardhe\/\" \/>\n<meta property=\"og:locale\" content=\"sq_AL\" \/>\n<meta property=\"og:type\" content=\"article\" \/>\n<meta property=\"og:title\" content=\"Pse u \u201cfik\u201d nata e bardh\u00eb? - FjALA e LIR\u00cb - Arkivi\" \/>\n<meta property=\"og:description\" content=\"Pre\u00e7 Zogaj Mbr\u00ebm\u00eb, sipas nj\u00eb tradite t\u00eb krijuar k\u00ebto shtat\u00eb-tet\u00eb vitet e fundit duhej t\u00eb ishte \u201cnata e bardh\u00eb\u201d, nj\u00eb fest\u00eb rinore maraton\u00eb me muzik\u00eb, vall\u00ebzim, loj\u00ebra, arg\u00ebtim, puthje, p\u00ebrqafime dhe ik e eja gjithandej nep\u00ebr Tiran\u00eb ; nj\u00eb fest\u00eb q\u00eb th\u00ebrriste e derdhte rrug\u00ebve e shesheve t\u00eb kryeqytetit mij\u00ebra e mij\u00ebra t\u00eb rinj e [&hellip;]\" \/>\n<meta property=\"og:url\" content=\"https:\/\/fjala.info\/2009-2015\/pse-u-fik-nata-e-bardhe\/\" \/>\n<meta property=\"og:site_name\" content=\"FjALA e LIR\u00cb - Arkivi\" \/>\n<meta property=\"article:published_time\" content=\"2011-11-30T17:52:14+00:00\" \/>\n<meta property=\"og:image\" content=\"http:\/\/www.shkoder.net\/images\/fjala\/prec_zogaj.jpg\" \/>\n<meta name=\"author\" content=\"admin\" \/>\n<meta name=\"twitter:card\" content=\"summary_large_image\" \/>\n<meta name=\"twitter:label1\" content=\"Written by\" \/>\n\t<meta name=\"twitter:data1\" content=\"admin\" \/>\n\t<meta name=\"twitter:label2\" content=\"Est. reading time\" \/>\n\t<meta name=\"twitter:data2\" content=\"7 minutes\" \/>\n<script type=\"application\/ld+json\" class=\"yoast-schema-graph\">{\"@context\":\"https:\\\/\\\/schema.org\",\"@graph\":[{\"@type\":\"Article\",\"@id\":\"https:\\\/\\\/fjala.info\\\/2009-2015\\\/pse-u-fik-nata-e-bardhe\\\/#article\",\"isPartOf\":{\"@id\":\"https:\\\/\\\/fjala.info\\\/2009-2015\\\/pse-u-fik-nata-e-bardhe\\\/\"},\"author\":{\"name\":\"admin\",\"@id\":\"https:\\\/\\\/fjala.info\\\/2009-2015\\\/#\\\/schema\\\/person\\\/3aa1163ef05469c496fc94e77611ada2\"},\"headline\":\"Pse u \u201cfik\u201d nata e bardh\u00eb?\",\"datePublished\":\"2011-11-30T17:52:14+00:00\",\"mainEntityOfPage\":{\"@id\":\"https:\\\/\\\/fjala.info\\\/2009-2015\\\/pse-u-fik-nata-e-bardhe\\\/\"},\"wordCount\":1344,\"commentCount\":0,\"publisher\":{\"@id\":\"https:\\\/\\\/fjala.info\\\/2009-2015\\\/#organization\"},\"image\":{\"@id\":\"https:\\\/\\\/fjala.info\\\/2009-2015\\\/pse-u-fik-nata-e-bardhe\\\/#primaryimage\"},\"thumbnailUrl\":\"http:\\\/\\\/www.shkoder.net\\\/images\\\/fjala\\\/prec_zogaj.jpg\",\"articleSection\":[\"Artikuj\"],\"inLanguage\":\"sq-AL\",\"potentialAction\":[{\"@type\":\"CommentAction\",\"name\":\"Comment\",\"target\":[\"https:\\\/\\\/fjala.info\\\/2009-2015\\\/pse-u-fik-nata-e-bardhe\\\/#respond\"]}]},{\"@type\":\"WebPage\",\"@id\":\"https:\\\/\\\/fjala.info\\\/2009-2015\\\/pse-u-fik-nata-e-bardhe\\\/\",\"url\":\"https:\\\/\\\/fjala.info\\\/2009-2015\\\/pse-u-fik-nata-e-bardhe\\\/\",\"name\":\"Pse u \u201cfik\u201d nata e bardh\u00eb? - FjALA e LIR\u00cb - Arkivi\",\"isPartOf\":{\"@id\":\"https:\\\/\\\/fjala.info\\\/2009-2015\\\/#website\"},\"primaryImageOfPage\":{\"@id\":\"https:\\\/\\\/fjala.info\\\/2009-2015\\\/pse-u-fik-nata-e-bardhe\\\/#primaryimage\"},\"image\":{\"@id\":\"https:\\\/\\\/fjala.info\\\/2009-2015\\\/pse-u-fik-nata-e-bardhe\\\/#primaryimage\"},\"thumbnailUrl\":\"http:\\\/\\\/www.shkoder.net\\\/images\\\/fjala\\\/prec_zogaj.jpg\",\"datePublished\":\"2011-11-30T17:52:14+00:00\",\"breadcrumb\":{\"@id\":\"https:\\\/\\\/fjala.info\\\/2009-2015\\\/pse-u-fik-nata-e-bardhe\\\/#breadcrumb\"},\"inLanguage\":\"sq-AL\",\"potentialAction\":[{\"@type\":\"ReadAction\",\"target\":[\"https:\\\/\\\/fjala.info\\\/2009-2015\\\/pse-u-fik-nata-e-bardhe\\\/\"]}]},{\"@type\":\"ImageObject\",\"inLanguage\":\"sq-AL\",\"@id\":\"https:\\\/\\\/fjala.info\\\/2009-2015\\\/pse-u-fik-nata-e-bardhe\\\/#primaryimage\",\"url\":\"http:\\\/\\\/www.shkoder.net\\\/images\\\/fjala\\\/prec_zogaj.jpg\",\"contentUrl\":\"http:\\\/\\\/www.shkoder.net\\\/images\\\/fjala\\\/prec_zogaj.jpg\"},{\"@type\":\"BreadcrumbList\",\"@id\":\"https:\\\/\\\/fjala.info\\\/2009-2015\\\/pse-u-fik-nata-e-bardhe\\\/#breadcrumb\",\"itemListElement\":[{\"@type\":\"ListItem\",\"position\":1,\"name\":\"Home\",\"item\":\"https:\\\/\\\/fjala.info\\\/2009-2015\\\/\"},{\"@type\":\"ListItem\",\"position\":2,\"name\":\"Pse u \u201cfik\u201d nata e bardh\u00eb?\"}]},{\"@type\":\"WebSite\",\"@id\":\"https:\\\/\\\/fjala.info\\\/2009-2015\\\/#website\",\"url\":\"https:\\\/\\\/fjala.info\\\/2009-2015\\\/\",\"name\":\"FjALA e LIR\u00cb - Arkivi\",\"description\":\"Arkivi 2009-2015\",\"publisher\":{\"@id\":\"https:\\\/\\\/fjala.info\\\/2009-2015\\\/#organization\"},\"potentialAction\":[{\"@type\":\"SearchAction\",\"target\":{\"@type\":\"EntryPoint\",\"urlTemplate\":\"https:\\\/\\\/fjala.info\\\/2009-2015\\\/?s={search_term_string}\"},\"query-input\":{\"@type\":\"PropertyValueSpecification\",\"valueRequired\":true,\"valueName\":\"search_term_string\"}}],\"inLanguage\":\"sq-AL\"},{\"@type\":\"Organization\",\"@id\":\"https:\\\/\\\/fjala.info\\\/2009-2015\\\/#organization\",\"name\":\"FjALA e LIR\u00cb - Arkivi\",\"url\":\"https:\\\/\\\/fjala.info\\\/2009-2015\\\/\",\"logo\":{\"@type\":\"ImageObject\",\"inLanguage\":\"sq-AL\",\"@id\":\"https:\\\/\\\/fjala.info\\\/2009-2015\\\/#\\\/schema\\\/logo\\\/image\\\/\",\"url\":\"\",\"contentUrl\":\"\",\"caption\":\"FjALA e LIR\u00cb - Arkivi\"},\"image\":{\"@id\":\"https:\\\/\\\/fjala.info\\\/2009-2015\\\/#\\\/schema\\\/logo\\\/image\\\/\"}},{\"@type\":\"Person\",\"@id\":\"https:\\\/\\\/fjala.info\\\/2009-2015\\\/#\\\/schema\\\/person\\\/3aa1163ef05469c496fc94e77611ada2\",\"name\":\"admin\",\"image\":{\"@type\":\"ImageObject\",\"inLanguage\":\"sq-AL\",\"@id\":\"https:\\\/\\\/fjala.info\\\/2009-2015\\\/wp-content\\\/uploads\\\/2012\\\/02\\\/arben_cokaj-120x150.jpg\",\"url\":\"https:\\\/\\\/fjala.info\\\/2009-2015\\\/wp-content\\\/uploads\\\/2012\\\/02\\\/arben_cokaj-120x150.jpg\",\"contentUrl\":\"https:\\\/\\\/fjala.info\\\/2009-2015\\\/wp-content\\\/uploads\\\/2012\\\/02\\\/arben_cokaj-120x150.jpg\",\"caption\":\"admin\"},\"description\":\"Admin, Fjala e Lir\u00eb\",\"sameAs\":[\"https:\\\/\\\/fjala.info\\\/\"],\"url\":\"https:\\\/\\\/fjala.info\\\/2009-2015\\\/author\\\/admin\\\/\"}]}<\/script>\n<!-- \/ Yoast SEO plugin. -->","yoast_head_json":{"title":"Pse u \u201cfik\u201d nata e bardh\u00eb? - FjALA e LIR\u00cb - Arkivi","robots":{"index":"index","follow":"follow","max-snippet":"max-snippet:-1","max-image-preview":"max-image-preview:large","max-video-preview":"max-video-preview:-1"},"canonical":"https:\/\/fjala.info\/2009-2015\/pse-u-fik-nata-e-bardhe\/","og_locale":"sq_AL","og_type":"article","og_title":"Pse u \u201cfik\u201d nata e bardh\u00eb? - FjALA e LIR\u00cb - Arkivi","og_description":"Pre\u00e7 Zogaj Mbr\u00ebm\u00eb, sipas nj\u00eb tradite t\u00eb krijuar k\u00ebto shtat\u00eb-tet\u00eb vitet e fundit duhej t\u00eb ishte \u201cnata e bardh\u00eb\u201d, nj\u00eb fest\u00eb rinore maraton\u00eb me muzik\u00eb, vall\u00ebzim, loj\u00ebra, arg\u00ebtim, puthje, p\u00ebrqafime dhe ik e eja gjithandej nep\u00ebr Tiran\u00eb ; nj\u00eb fest\u00eb q\u00eb th\u00ebrriste e derdhte rrug\u00ebve e shesheve t\u00eb kryeqytetit mij\u00ebra e mij\u00ebra t\u00eb rinj e [&hellip;]","og_url":"https:\/\/fjala.info\/2009-2015\/pse-u-fik-nata-e-bardhe\/","og_site_name":"FjALA e LIR\u00cb - Arkivi","article_published_time":"2011-11-30T17:52:14+00:00","og_image":[{"url":"http:\/\/www.shkoder.net\/images\/fjala\/prec_zogaj.jpg","type":"","width":"","height":""}],"author":"admin","twitter_card":"summary_large_image","twitter_misc":{"Written by":"admin","Est. reading time":"7 minutes"},"schema":{"@context":"https:\/\/schema.org","@graph":[{"@type":"Article","@id":"https:\/\/fjala.info\/2009-2015\/pse-u-fik-nata-e-bardhe\/#article","isPartOf":{"@id":"https:\/\/fjala.info\/2009-2015\/pse-u-fik-nata-e-bardhe\/"},"author":{"name":"admin","@id":"https:\/\/fjala.info\/2009-2015\/#\/schema\/person\/3aa1163ef05469c496fc94e77611ada2"},"headline":"Pse u \u201cfik\u201d nata e bardh\u00eb?","datePublished":"2011-11-30T17:52:14+00:00","mainEntityOfPage":{"@id":"https:\/\/fjala.info\/2009-2015\/pse-u-fik-nata-e-bardhe\/"},"wordCount":1344,"commentCount":0,"publisher":{"@id":"https:\/\/fjala.info\/2009-2015\/#organization"},"image":{"@id":"https:\/\/fjala.info\/2009-2015\/pse-u-fik-nata-e-bardhe\/#primaryimage"},"thumbnailUrl":"http:\/\/www.shkoder.net\/images\/fjala\/prec_zogaj.jpg","articleSection":["Artikuj"],"inLanguage":"sq-AL","potentialAction":[{"@type":"CommentAction","name":"Comment","target":["https:\/\/fjala.info\/2009-2015\/pse-u-fik-nata-e-bardhe\/#respond"]}]},{"@type":"WebPage","@id":"https:\/\/fjala.info\/2009-2015\/pse-u-fik-nata-e-bardhe\/","url":"https:\/\/fjala.info\/2009-2015\/pse-u-fik-nata-e-bardhe\/","name":"Pse u \u201cfik\u201d nata e bardh\u00eb? - FjALA e LIR\u00cb - Arkivi","isPartOf":{"@id":"https:\/\/fjala.info\/2009-2015\/#website"},"primaryImageOfPage":{"@id":"https:\/\/fjala.info\/2009-2015\/pse-u-fik-nata-e-bardhe\/#primaryimage"},"image":{"@id":"https:\/\/fjala.info\/2009-2015\/pse-u-fik-nata-e-bardhe\/#primaryimage"},"thumbnailUrl":"http:\/\/www.shkoder.net\/images\/fjala\/prec_zogaj.jpg","datePublished":"2011-11-30T17:52:14+00:00","breadcrumb":{"@id":"https:\/\/fjala.info\/2009-2015\/pse-u-fik-nata-e-bardhe\/#breadcrumb"},"inLanguage":"sq-AL","potentialAction":[{"@type":"ReadAction","target":["https:\/\/fjala.info\/2009-2015\/pse-u-fik-nata-e-bardhe\/"]}]},{"@type":"ImageObject","inLanguage":"sq-AL","@id":"https:\/\/fjala.info\/2009-2015\/pse-u-fik-nata-e-bardhe\/#primaryimage","url":"http:\/\/www.shkoder.net\/images\/fjala\/prec_zogaj.jpg","contentUrl":"http:\/\/www.shkoder.net\/images\/fjala\/prec_zogaj.jpg"},{"@type":"BreadcrumbList","@id":"https:\/\/fjala.info\/2009-2015\/pse-u-fik-nata-e-bardhe\/#breadcrumb","itemListElement":[{"@type":"ListItem","position":1,"name":"Home","item":"https:\/\/fjala.info\/2009-2015\/"},{"@type":"ListItem","position":2,"name":"Pse u \u201cfik\u201d nata e bardh\u00eb?"}]},{"@type":"WebSite","@id":"https:\/\/fjala.info\/2009-2015\/#website","url":"https:\/\/fjala.info\/2009-2015\/","name":"FjALA e LIR\u00cb - Arkivi","description":"Arkivi 2009-2015","publisher":{"@id":"https:\/\/fjala.info\/2009-2015\/#organization"},"potentialAction":[{"@type":"SearchAction","target":{"@type":"EntryPoint","urlTemplate":"https:\/\/fjala.info\/2009-2015\/?s={search_term_string}"},"query-input":{"@type":"PropertyValueSpecification","valueRequired":true,"valueName":"search_term_string"}}],"inLanguage":"sq-AL"},{"@type":"Organization","@id":"https:\/\/fjala.info\/2009-2015\/#organization","name":"FjALA e LIR\u00cb - Arkivi","url":"https:\/\/fjala.info\/2009-2015\/","logo":{"@type":"ImageObject","inLanguage":"sq-AL","@id":"https:\/\/fjala.info\/2009-2015\/#\/schema\/logo\/image\/","url":"","contentUrl":"","caption":"FjALA e LIR\u00cb - Arkivi"},"image":{"@id":"https:\/\/fjala.info\/2009-2015\/#\/schema\/logo\/image\/"}},{"@type":"Person","@id":"https:\/\/fjala.info\/2009-2015\/#\/schema\/person\/3aa1163ef05469c496fc94e77611ada2","name":"admin","image":{"@type":"ImageObject","inLanguage":"sq-AL","@id":"https:\/\/fjala.info\/2009-2015\/wp-content\/uploads\/2012\/02\/arben_cokaj-120x150.jpg","url":"https:\/\/fjala.info\/2009-2015\/wp-content\/uploads\/2012\/02\/arben_cokaj-120x150.jpg","contentUrl":"https:\/\/fjala.info\/2009-2015\/wp-content\/uploads\/2012\/02\/arben_cokaj-120x150.jpg","caption":"admin"},"description":"Admin, Fjala e Lir\u00eb","sameAs":["https:\/\/fjala.info\/"],"url":"https:\/\/fjala.info\/2009-2015\/author\/admin\/"}]}},"_links":{"self":[{"href":"https:\/\/fjala.info\/2009-2015\/wp-json\/wp\/v2\/posts\/399","targetHints":{"allow":["GET"]}}],"collection":[{"href":"https:\/\/fjala.info\/2009-2015\/wp-json\/wp\/v2\/posts"}],"about":[{"href":"https:\/\/fjala.info\/2009-2015\/wp-json\/wp\/v2\/types\/post"}],"author":[{"embeddable":true,"href":"https:\/\/fjala.info\/2009-2015\/wp-json\/wp\/v2\/users\/1"}],"replies":[{"embeddable":true,"href":"https:\/\/fjala.info\/2009-2015\/wp-json\/wp\/v2\/comments?post=399"}],"version-history":[{"count":0,"href":"https:\/\/fjala.info\/2009-2015\/wp-json\/wp\/v2\/posts\/399\/revisions"}],"wp:attachment":[{"href":"https:\/\/fjala.info\/2009-2015\/wp-json\/wp\/v2\/media?parent=399"}],"wp:term":[{"taxonomy":"category","embeddable":true,"href":"https:\/\/fjala.info\/2009-2015\/wp-json\/wp\/v2\/categories?post=399"},{"taxonomy":"post_tag","embeddable":true,"href":"https:\/\/fjala.info\/2009-2015\/wp-json\/wp\/v2\/tags?post=399"}],"curies":[{"name":"wp","href":"https:\/\/api.w.org\/{rel}","templated":true}]}}