{"id":3984,"date":"2010-09-16T10:06:25","date_gmt":"2010-09-16T09:06:25","guid":{"rendered":"http:\/\/fjala.shkoder.net\/?p=3984"},"modified":"2010-09-16T10:06:25","modified_gmt":"2010-09-16T09:06:25","slug":"ne-pervjetorin-e-vdekjes-se-nje-gjeniu","status":"publish","type":"post","link":"https:\/\/fjala.info\/2009-2015\/ne-pervjetorin-e-vdekjes-se-nje-gjeniu\/","title":{"rendered":"N\u00cb P\u00cbRVJETORIN E VDEKJES S\u00cb NJ\u00cb GJENIU"},"content":{"rendered":"<p>Nga <strong>Luan \u00c7ipi<\/strong><\/p>\n<p>E njihnim n\u00eb t\u00ebr\u00ebsi biografin\u00eb e m\u00ebsuesit te merituar Janko Pali, nga fshati Qeparo i bregdetit t\u00eb Vlor\u00ebs, n\u00ebp\u00ebrmjet shkrimeve t\u00eb shumta t\u00eb birit t\u00eb vet, Petraq Pali.<\/p>\n<p>Duke lexuar Autobiografin\u00eb, m\u00ebson holl\u00ebsit\u00eb e jet\u00ebs s\u00eb tij t\u00eb gjat\u00eb, gati shekullore, dhe hap pas hapi, futesh n\u00eb kalvarin e nj\u00eb jete t\u00eb thjesht\u00eb e t\u00eb ndershme, po gjithnj\u00eb heroike, t\u00eb nj\u00eb shqiptari t\u00eb v\u00ebrtet\u00eb, n\u00eb luft\u00eb p\u00ebr mbijetes\u00eb, n\u00eb kap\u00ebrcimin e v\u00ebshtir\u00ebsive t\u00eb shumta e t\u00eb pazakonta.<br \/>\nI ngelur jetim jasht\u00eb atdheut qysh n\u00eb mosh\u00ebn 20 muaj, Janko Pali , n\u00ebn kujdesin e n\u00ebn\u00ebs s\u00eb tij u m\u00ebk\u00ebmb dhe i rezistoi rrebesheve 97 vje\u00e7are. K\u00ebtu, s\u00eb pari spikat vendosm\u00ebria dhe zot\u00ebsia e n\u00ebn\u00ebs se vet\u00eb dhe k\u00ebtu duket se \u00ebsht\u00eb zanafilla dhe gjeneza e k\u00ebsaj \u00e7udie shekullore, q\u00eb u p\u00ebrcoll te i biri.<\/p>\n<p>Janko Pali e kaloi mundimsh\u00ebmjet\u00ebn e tij t\u00eb gjat\u00eb. U p\u00ebrpoq t\u00eb shkollohet n\u00eb nivelet maksimale t\u00eb mund\u00ebsive financiare e t\u00eb koh\u00ebs q\u00eb i ngelej n\u00eb dispozicion, duke vazhduar me radhe shkoll\u00ebn fillore, te mesme e deri vite universiteti p\u00ebr inxhinieri elektrike, duke marr\u00eb diplom\u00eb oficeri dhe m\u00ebsuesi.<br \/>\nP\u00ebrfiton 10 profesione, duke qen\u00eb politeknik i mir\u00ebfillt\u00eb q\u00eb nga nivelet e thjeshta t\u00eb mekanikut, elektrikut, drupunuesit, k\u00ebpucarit, guzhinjerit, rrobaqep\u00ebsit, e deri t\u00eb sh\u00ebnjuesit e modelistit.<\/p>\n<p>P\u00ebrvet\u00ebsoi 9 gjuh\u00eb t\u00eb huaja, duke p\u00ebrfshire dhe \u201cesperanton\u201d, q\u00eb u tentua te behej gjuh\u00eb nd\u00ebrkomb\u00ebtare. I binte mandolin\u00ebs dhe kitar\u00ebs dhe ishte shok dhe bashk\u00ebpun\u00ebtor i af\u00ebrt me<br \/>\nbilbilin e Himar\u00ebs, krijuesin dhe k\u00ebng\u00ebtarin e \u201cvajz\u00ebs s\u00eb val\u00ebve\u201d, perl\u00ebs s\u00eb polifonis\u00eb shqiptare. Ai,ka sajime dhe krijime muzikore t\u00eb b\u00ebra n\u00eb at\u00eb shkall\u00eb cil\u00ebsor\u00eb sa t\u00eb k\u00ebnaqte d\u00ebshirat personale dhe t\u00eb rrethit t\u00eb amator\u00ebve t\u00eb vet.<\/p>\n<p>Fletore t\u00eb t\u00ebra muzikore me nota e pentagram, t\u00eb sjella qysh nga Franca, i interpretonte me d\u00ebshir\u00eb, duke lexuar leht\u00ebsisht partiturame\u00e7do lloj muzike, pra edinte gjuhen e notave dhe e ndjente at\u00eb n\u00eb shpirt, aqsa, sa here kishte lodhje a m\u00ebrzi, ishte pik\u00ebrisht kitara dhe mandolina, radioja dhe gramafoni i mark\u00ebs PAFE, q\u00eb qet\u00ebsonin dhe e relaksonin.Dhe, mendoni, kjo ndodhte n\u00eb nj\u00eb fshat t\u00eb<br \/>\nShqip\u00ebris\u00eb s\u00eb prapambetur, kur bashk\u00ebfshatar\u00ebt e d\u00ebgjoninm\u00ebsuesine tyre t\u00eb jasht\u00ebzakonsh\u00ebm me adhurim e \u00e7udi. Nd\u00ebrkoh\u00eb tingujt e asaj mandoline t\u00eb magjishme ngel\u00ebn n\u00eb kujtes\u00ebn\u00eb dekada, p\u00ebr pleq, plaka, burra, gra te rinj e te reja, q\u00eb atje maj\u00eb fshatit, terrugica e kalldr\u00ebmt\u00eb, ndalonin hapat, kur nga ballkoni, d\u00ebgjonin tingujte \u00ebmb\u00ebl, qe nxirrte ajo mandoline e vjet\u00ebr pa nd\u00ebrprerje, qysh nga viti 1928 deri n\u00eb 1990, \u00e7ka i mbushte me shpres\u00eb, besim e dashuri, p\u00ebr mos ta braktisur Atdheun e tyre t\u00eb dashur.<\/p>\n<p>Duke qen\u00eb p\u00ebr nj\u00eb koh\u00eb shum\u00eb t\u00eb gjat\u00eb n\u00eb arsim si m\u00ebsues, metodist, inspektor e drejtor n\u00eb disa shkolla, n\u00eb mbar\u00eb vendin dhe deri \u201dm\u00ebsues i merituar\u201d, p\u00ebr 37 vjet, Janko Pali, ka b\u00ebr\u00eb p\u00ebrpjekje t\u00eb pareshtura p\u00ebr kualifikim dhe p\u00ebr t\u00eb ndjekur n\u00eb koh\u00eb ndryshimet, kjo edhe fal\u00eb njohjes gjithnj\u00eb e m\u00eb mir\u00eb t\u00eb shum\u00eb gjuh\u00ebve t\u00eb huaja si fr\u00ebngjisht, italisht, greqisht gjermanisht e deri rusisht.<\/p>\n<p>Kjo i ka dh\u00ebn\u00eb mund\u00ebsi p\u00ebr t\u00eb qen\u00eb nj\u00eb metodist i njohur n\u00eb mbar\u00eb vendin si dhe nj\u00eb edukator pasionant i brezave t\u00eb t\u00ebre nx\u00ebn\u00ebsish, duke u krenuar p\u00ebr pasardh\u00ebs t\u00eb shquar deri inxhinier\u00eb, mjek e ushtarak.<\/p>\n<p>Janko Pali ka qen\u00eb pun\u00ebtor e prodhimtar i palodhur gjith\u00eb jet\u00ebs, \u00e7ka duket me volumet e pafundme t\u00eb krijimtaris\u00eb s\u00eb tij si shkrimtar e historian, hartues tekstesh shkollore dhe esesh pedagogjike e sociale shkencore, si dhe njfjalori universal fr\u00ebngjisht-shqip.Kjo duket edhe nga q\u00eb Petraq Pali, biri i tij, q\u00eb si rralle djem te tjer\u00eb t\u00eb k\u00ebsaj kohe, i ka treguar kujdesin dhe respektin q\u00eb meriton, \u00e7ka shihet nga koha dhe shpenzimet financiare qe i kushton babit t\u00eb vet, q\u00eb ja ka ruajtur krijimtarin\u00eb dhe veprimtarin\u00eb dokumentare patriotike, didaktike, shkencore e historike, ka botuar t\u00eb p\u00ebrpunuar nj\u00eb pjes\u00eb prej tyre dhe nuk i rresht p\u00ebrpjekjet p\u00ebr ta vendosur n\u00eb piedestalin q\u00eb meriton.<\/p>\n<p>Me r\u00ebnd\u00ebsi t\u00eb posa\u00e7me p\u00ebr historin\u00eb e vendit ton\u00eb e sidomos p\u00ebr trev\u00ebn e Himar\u00ebs, jan\u00eb hulumtimet serioze t\u00eb b\u00ebra p\u00ebr t\u00eb zbuluar dhe p\u00ebrkthyer nga historiografia greke, i origjin\u00ebs autoktone shqiptare t\u00eb banor\u00ebve t\u00eb k\u00ebtyre zonave. \u00cbsht\u00eb ky fakt, q\u00eb ndonj\u00eb kund\u00ebrshtar i tij e \u00ebsht\u00eb p\u00ebrpjekur m\u00eb kot p\u00ebr ta vendosur n\u00eb pozicione n\u00ebnvleft\u00ebsuese e deri denigruese, Janko Palin, k\u00ebt\u00eb pionier t\u00eb arsimit shqiptar, me merita t\u00eb pakontestueshme edhe si historian, folklorist, poet dhe tregimtar.<\/p>\n<p>Q\u00ebndrimi dhe sjellja morale, politike e shoq\u00ebrore e Janko Palit \u00ebsht\u00eb nj\u00eb tjet\u00ebr model p\u00ebrsosm\u00ebrie:<br \/>\nPamja, veshja, shtat\u00eblart\u00ebsia e tij, t\u00eb b\u00ebnin p\u00ebrshtypje q\u00eb n\u00eb shikimin e par\u00eb. Rregullsia dhe regjimi ditor e b\u00ebnin p\u00ebr tere jet\u00ebn te qe nj\u00eb njeri sistematik e t\u00eb kompletuar. Burr\u00eb kolos, n\u00eb sjellje dhe n\u00eb paraqitje, i bukur, me syt\u00eb blu. I ditur, i m\u00ebn\u00e7ur, dashamir\u00ebs, i qeshur dhe serioz, do t\u00eb thoshin p\u00ebr t\u00eb, ata qe e njoh\u00ebn nga af\u00ebr.<\/p>\n<p>M\u00ebsuesi, si\u00e7 tregojn\u00eb bashk\u00ebkoh\u00ebsit,qe i kudondodhur dhe pa qib\u00ebr. Ai nderonte trapezet, n\u00eb g\u00ebzimetdhe hidh\u00ebrimet. N\u00ebdasmat e fshatit shp\u00ebrthentevrulli i tij: k\u00ebrcente dac \u00e7ift si n\u00eb Evrop\u00eb, qe valltar i shkath\u00ebt dhe i rrall\u00eb. N\u00ebkohen kur analfabetizmi kish hedhurrr\u00ebnj\u00eb kudo, ai t\u00eb impononte ta d\u00ebgjoje me v\u00ebmendje, dhe n\u00ebvakie vdekje t\u00eb r\u00ebndagjente fjal\u00eb e argumente leht\u00ebsuese , sa i<br \/>\nzoti i sht\u00ebpis\u00ebe dontedhe e ftonte p\u00ebr nat\u00eb m\u00ebsuesine ditur, q\u00eb sikur ia largonte me fjal\u00eb dhembjen e madhe.<\/p>\n<p>Prezenca e tij te impononte respekt, at\u00eb e donin te gjith\u00eb pa p\u00ebrjashtim i madh e i vog\u00ebl, ai ishte etaloni i s\u00eb mir\u00ebs, ai ishte futur n\u00eb zem\u00ebr t\u00eb qeparotasve dhe banor\u00ebve t\u00eb krahin\u00ebs se Himar\u00ebs, jo vet\u00ebm pse jetoi gjate, por fjala e tij brilante e mendshme, e urt\u00eb, dometh\u00ebn\u00ebse, shpres\u00ebdh\u00ebn\u00ebse, e matur e zgjuar, hodhi rr\u00ebnje t\u00eb thella tek kultura dhe sjellja e bashk\u00ebmoshatareve dhe te<br \/>\ndhjet\u00ebra breza nx\u00ebn\u00ebsish t\u00eb tij. Ai punoi gjithnj\u00eb me kujdes e maturi dhe ishte p\u00ebr \u00e7do gj\u00eb i drejt\u00eb, i sakt\u00eb dhe i kompletuar.<\/p>\n<p>M\u00ebsuesi Janko Pali nuk kish kufi kohore kur shkruante e punonte, e raciononte koh\u00ebn dhe asnj\u00eb minut\u00eb nuk ikte pa produkt, nga mosha e re e deri sa vdiq. Askush nuk e pa at\u00eb dhe kur ishte shume i plakur, n\u00eb inaktivitet dhe me tespihe dembeli n\u00eb dor\u00eb, si shum\u00eb t\u00eb tjer\u00eb, por ve\u00e7 se me laps e me let\u00ebr, me lib\u00ebr n\u00eb duar e n\u00ebp\u00ebr \u00e7anta, n\u00eb xhepat e xhaket\u00ebs e kudo dhe, n\u00eb vend t\u00eb tespiheve, me fjalor\u00eb t\u00eb vegj\u00ebl n\u00ebp\u00ebr duar. A \u00ebsht\u00eb ky nj\u00eb realitet q\u00eb s\u2019duhet mohuar e q\u00eb flet p\u00ebr nj\u00eb njeri t\u00eb pazakont\u00eb, n\u00eb kufirin e p\u00ebrsosm\u00ebris\u00eb gjeniale?<\/p>\n<p>Kjo, si\u00e7 kujton dhe biri i tij, Petraq Pali, \u201cduket dhe nga regjimi ditor i pun\u00ebs: P\u00ebr \u00e7do dite, n\u00eb dit\u00eb e vjet, gjith\u00eb jet\u00ebs, \u00e7ohej shum\u00eb shpejt, nga ora 5,30 e m\u00ebngjesit, n\u00eb \u00e7do koh\u00eb, n\u00eb \u00e7do mot, n\u00eb cingor, n\u00eb t\u00eb ftoht\u00eb, n\u00eb shi e d\u00ebbore, kudo ku ishte n\u00eb fshat, n\u00eb hotel, n\u00eb Vlor\u00eb, tek ne f\u00ebmij\u00ebt e tij , ai, do ishte para \u00e7ezm\u00ebs, musllukut, llastikut, k\u00ebna\u00e7es dhe lante kok\u00ebn me uj\u00eb t\u00eb ftoht\u00eb me shkum\u00eb nga mezi e lart p\u00ebr dit\u00eb, dhe asnj\u00eb dit\u00eb nuk harronte pa lar\u00eb mir\u00eb e fort dhembet, n\u00eb m\u00ebngjes dhe n\u00eb mbr\u00ebmje., (kur qe periudha e portokallieve a limon\u00ebve \u00e7do dite pinte nj\u00eb gote me l\u00ebngun e tyre, n\u00eb m\u00ebngjes, p\u00ebr sa koh\u00eb qen\u00eb ato, para se t\u00eb b\u00ebnte xhiron e m\u00ebngjesit) \u2026nd\u00ebrrohej \u00e7do dit\u00eb me nd\u00ebrresa t\u00eb lara, t\u00eb hekurosura e t\u00eb pastra, qysh nga \u00e7orapet, k\u00ebmish\u00eb, kostum, kollaren.<\/p>\n<p>K\u00ebto veprime i b\u00ebnte me shume kujdes edhe shpejt si ushtarak, dhe gjithmon\u00eb mbahej e vishej me bukur se e djeshmja, gj\u00eb qe e shprehte shpesh edhe me ne, p\u00ebr t\u00eb larguar dembelizmin ton\u00eb. Dilte nga sht\u00ebpia nga ora 6,15 dhe p\u00ebrshkonte nj\u00eb rrug\u00eb te gjat\u00eb deri gati 5 km, n\u00eb kufi me Borshin karshi detit, ne aj\u00ebr te past\u00ebr t\u00eb p\u00ebrzier mal, edhe det, n\u00eb \u201cKundruall*\u201d. Atje deri tani vazhdon t\u00eb quhet vendi \u201cBotoni m\u00ebsuesit\u201d tip shpell\u00eb e vog\u00ebl, ku pushonte i kujdesur t\u00eb mos e zinte era dhe atje, n\u00eb k\u00ebt\u00eb vend t\u00eb shenjt\u00eb p\u00ebr t\u00eb n\u00eb mij\u00ebra or\u00eb, m\u00ebsuesi lexonte e shkruante, n\u00eb at\u00eb mrekulli panorameske qeparotase, q\u00eb ai e quante vendit m\u00eb i k\u00ebndsh\u00ebm i botes.<\/p>\n<p>Kur qe n\u00eb m\u00ebsim, n\u00eb or\u00ebn tete pa \u00e7erek, kthehej p\u00ebr n\u00eb shkoll\u00eb mbasi kish nderuar kanatjere e nd\u00ebrresa, vishej posa\u00e7\u00ebrisht, pinte kafen e m\u00ebngjesit dhe n\u00eb or\u00ebn e caktuar shkolla qe e rreshtuar dhe klasat dhe m\u00ebsuesit, ishin gati ti paraqisnin k\u00ebtij drejtori k\u00ebrkues, rregullsin\u00eb q\u00eb kishte kultivuar me pun\u00ebn k\u00ebmb\u00ebngul\u00ebse dhe sakrificat e tij shum\u00eb vje\u00e7are&#8230;\u201d<\/p>\n<p>M\u00ebsuesi qeparotas Janko Pali ishte patriot dhe e desh shum\u00eb Shqip\u00ebrin\u00eb, vendin e tij t\u00eb dashur e t\u00eb shum\u00eb vuajtur, duke e v\u00ebn\u00eb at\u00eb mbi \u00e7do gj\u00eb, pa pasur asnj\u00ebher\u00eb tendenca e q\u00ebndrime politike sektare. Kjo v\u00ebrtetohet si me q\u00ebndrimin e tij, me vepr\u00ebn e shkruar ne proze e poezi, me p\u00ebrkthimet p\u00ebr historin\u00eb e vendit te vet e deri t\u00eb riteve ungjillore dhe t\u00eb qindra letrave p\u00ebr bashk\u00ebfshatar\u00ebt<br \/>\ndhe krahinar\u00ebt e tij.<\/p>\n<p>Ai, asnj\u00ebher\u00eb nuk ju vu kundra politikave sociale te shtetit t\u00eb vet, duke qen\u00eb gjithnj\u00eb p\u00ebrkrah\u00ebs i ndryshimeve dhe i p\u00ebrhapjes se risive t\u00eb p\u00ebrparimit, n\u00eb p\u00ebrshtatje me kultur\u00ebn e tij t\u00eb gjer\u00eb per\u00ebndimore. Shok\u00eb me Avni Rustemin dhe Ne\u00e7o Muk\u00ebn, u vendos kund\u00ebr q\u00ebndrimeve ekstreme<br \/>\nzogiste, sidomos nga q\u00eb e braktisi Atdheun n\u00eb momentin m\u00eb kritik. Ai, me 19 bashk\u00ebfshatar\u00eb, doli i armatosur, p\u00ebr ta pritur me lufte okupatorin, u aktivizua ne K\u00ebshillin Nacional \u00c7lirimtar, p\u00ebrkrahu luft\u00ebn, mbrojti fshatin nga shfarosja gjermane, u vendos p\u00ebrkrah\u00eb fitimtar\u00ebve dhe p\u00ebrkrahu ndryshimet dhe p\u00ebrparimet e vendit, si arsimtar shembullor dhe i dekoruar, si luft\u00ebtar i vij\u00ebs s\u00eb par\u00eb.<\/p>\n<p>Duke kujtuar vepr\u00ebn e \u201cM\u00ebsuesit t\u00eb Merituar\u201d t\u00eb shkon mendja te kontributi i madh i tij p\u00ebr arsimin dhe shqiptarin\u00eb dhe \u00e7udite pse ai, k\u00ebshtu, i krahasuar me rrall\u00eb t\u00eb tjer\u00eb nuk shpallet \u201cM\u00ebsues i Popullit\u201d dhe pse asnj\u00eb shkoll\u00eb nuk mban emrin e tij, kur me emrin Janko Pali do nderohej jo vet\u00ebm fshati i tij Qeparo, jo vet\u00ebm Vlora, po dhe Tirana e mbar\u00eb Shqip\u00ebria.!<\/p>\n","protected":false},"excerpt":{"rendered":"<p>Nga Luan \u00c7ipi E njihnim n\u00eb t\u00ebr\u00ebsi biografin\u00eb e m\u00ebsuesit te merituar Janko Pali, nga fshati Qeparo i bregdetit t\u00eb Vlor\u00ebs, n\u00ebp\u00ebrmjet shkrimeve t\u00eb shumta t\u00eb birit t\u00eb vet, Petraq Pali. Duke lexuar Autobiografin\u00eb, m\u00ebson holl\u00ebsit\u00eb e jet\u00ebs s\u00eb tij t\u00eb gjat\u00eb, gati shekullore, dhe hap pas hapi, futesh n\u00eb kalvarin e nj\u00eb jete t\u00eb [&hellip;]<\/p>\n","protected":false},"author":1,"featured_media":0,"comment_status":"open","ping_status":"closed","sticky":false,"template":"","format":"standard","meta":{"footnotes":""},"categories":[2],"tags":[],"class_list":{"0":"post-3984","1":"post","2":"type-post","3":"status-publish","4":"format-standard","6":"category-artikuj"},"yoast_head":"<!-- This site is optimized with the Yoast SEO plugin v27.4 - https:\/\/yoast.com\/product\/yoast-seo-wordpress\/ -->\n<title>N\u00cb P\u00cbRVJETORIN E VDEKJES S\u00cb NJ\u00cb GJENIU - FjALA e LIR\u00cb - Arkivi<\/title>\n<meta name=\"robots\" content=\"index, follow, max-snippet:-1, max-image-preview:large, max-video-preview:-1\" \/>\n<link rel=\"canonical\" href=\"https:\/\/fjala.info\/2009-2015\/ne-pervjetorin-e-vdekjes-se-nje-gjeniu\/\" \/>\n<meta property=\"og:locale\" content=\"sq_AL\" \/>\n<meta property=\"og:type\" content=\"article\" \/>\n<meta property=\"og:title\" content=\"N\u00cb P\u00cbRVJETORIN E VDEKJES S\u00cb NJ\u00cb GJENIU - FjALA e LIR\u00cb - Arkivi\" \/>\n<meta property=\"og:description\" content=\"Nga Luan \u00c7ipi E njihnim n\u00eb t\u00ebr\u00ebsi biografin\u00eb e m\u00ebsuesit te merituar Janko Pali, nga fshati Qeparo i bregdetit t\u00eb Vlor\u00ebs, n\u00ebp\u00ebrmjet shkrimeve t\u00eb shumta t\u00eb birit t\u00eb vet, Petraq Pali. Duke lexuar Autobiografin\u00eb, m\u00ebson holl\u00ebsit\u00eb e jet\u00ebs s\u00eb tij t\u00eb gjat\u00eb, gati shekullore, dhe hap pas hapi, futesh n\u00eb kalvarin e nj\u00eb jete t\u00eb [&hellip;]\" \/>\n<meta property=\"og:url\" content=\"https:\/\/fjala.info\/2009-2015\/ne-pervjetorin-e-vdekjes-se-nje-gjeniu\/\" \/>\n<meta property=\"og:site_name\" content=\"FjALA e LIR\u00cb - Arkivi\" \/>\n<meta property=\"article:published_time\" content=\"2010-09-16T09:06:25+00:00\" \/>\n<meta name=\"author\" content=\"admin\" \/>\n<meta name=\"twitter:card\" content=\"summary_large_image\" \/>\n<meta name=\"twitter:label1\" content=\"Written by\" \/>\n\t<meta name=\"twitter:data1\" content=\"admin\" \/>\n\t<meta name=\"twitter:label2\" content=\"Est. reading time\" \/>\n\t<meta name=\"twitter:data2\" content=\"10 minutes\" \/>\n<script type=\"application\/ld+json\" class=\"yoast-schema-graph\">{\"@context\":\"https:\\\/\\\/schema.org\",\"@graph\":[{\"@type\":\"Article\",\"@id\":\"https:\\\/\\\/fjala.info\\\/2009-2015\\\/ne-pervjetorin-e-vdekjes-se-nje-gjeniu\\\/#article\",\"isPartOf\":{\"@id\":\"https:\\\/\\\/fjala.info\\\/2009-2015\\\/ne-pervjetorin-e-vdekjes-se-nje-gjeniu\\\/\"},\"author\":{\"name\":\"admin\",\"@id\":\"https:\\\/\\\/fjala.info\\\/2009-2015\\\/#\\\/schema\\\/person\\\/3aa1163ef05469c496fc94e77611ada2\"},\"headline\":\"N\u00cb P\u00cbRVJETORIN E VDEKJES S\u00cb NJ\u00cb GJENIU\",\"datePublished\":\"2010-09-16T09:06:25+00:00\",\"mainEntityOfPage\":{\"@id\":\"https:\\\/\\\/fjala.info\\\/2009-2015\\\/ne-pervjetorin-e-vdekjes-se-nje-gjeniu\\\/\"},\"wordCount\":1942,\"commentCount\":0,\"publisher\":{\"@id\":\"https:\\\/\\\/fjala.info\\\/2009-2015\\\/#organization\"},\"articleSection\":[\"Artikuj\"],\"inLanguage\":\"sq-AL\",\"potentialAction\":[{\"@type\":\"CommentAction\",\"name\":\"Comment\",\"target\":[\"https:\\\/\\\/fjala.info\\\/2009-2015\\\/ne-pervjetorin-e-vdekjes-se-nje-gjeniu\\\/#respond\"]}]},{\"@type\":\"WebPage\",\"@id\":\"https:\\\/\\\/fjala.info\\\/2009-2015\\\/ne-pervjetorin-e-vdekjes-se-nje-gjeniu\\\/\",\"url\":\"https:\\\/\\\/fjala.info\\\/2009-2015\\\/ne-pervjetorin-e-vdekjes-se-nje-gjeniu\\\/\",\"name\":\"N\u00cb P\u00cbRVJETORIN E VDEKJES S\u00cb NJ\u00cb GJENIU - FjALA e LIR\u00cb - Arkivi\",\"isPartOf\":{\"@id\":\"https:\\\/\\\/fjala.info\\\/2009-2015\\\/#website\"},\"datePublished\":\"2010-09-16T09:06:25+00:00\",\"breadcrumb\":{\"@id\":\"https:\\\/\\\/fjala.info\\\/2009-2015\\\/ne-pervjetorin-e-vdekjes-se-nje-gjeniu\\\/#breadcrumb\"},\"inLanguage\":\"sq-AL\",\"potentialAction\":[{\"@type\":\"ReadAction\",\"target\":[\"https:\\\/\\\/fjala.info\\\/2009-2015\\\/ne-pervjetorin-e-vdekjes-se-nje-gjeniu\\\/\"]}]},{\"@type\":\"BreadcrumbList\",\"@id\":\"https:\\\/\\\/fjala.info\\\/2009-2015\\\/ne-pervjetorin-e-vdekjes-se-nje-gjeniu\\\/#breadcrumb\",\"itemListElement\":[{\"@type\":\"ListItem\",\"position\":1,\"name\":\"Home\",\"item\":\"https:\\\/\\\/fjala.info\\\/2009-2015\\\/\"},{\"@type\":\"ListItem\",\"position\":2,\"name\":\"N\u00cb P\u00cbRVJETORIN E VDEKJES S\u00cb NJ\u00cb GJENIU\"}]},{\"@type\":\"WebSite\",\"@id\":\"https:\\\/\\\/fjala.info\\\/2009-2015\\\/#website\",\"url\":\"https:\\\/\\\/fjala.info\\\/2009-2015\\\/\",\"name\":\"FjALA e LIR\u00cb - Arkivi\",\"description\":\"Arkivi 2009-2015\",\"publisher\":{\"@id\":\"https:\\\/\\\/fjala.info\\\/2009-2015\\\/#organization\"},\"potentialAction\":[{\"@type\":\"SearchAction\",\"target\":{\"@type\":\"EntryPoint\",\"urlTemplate\":\"https:\\\/\\\/fjala.info\\\/2009-2015\\\/?s={search_term_string}\"},\"query-input\":{\"@type\":\"PropertyValueSpecification\",\"valueRequired\":true,\"valueName\":\"search_term_string\"}}],\"inLanguage\":\"sq-AL\"},{\"@type\":\"Organization\",\"@id\":\"https:\\\/\\\/fjala.info\\\/2009-2015\\\/#organization\",\"name\":\"FjALA e LIR\u00cb - Arkivi\",\"url\":\"https:\\\/\\\/fjala.info\\\/2009-2015\\\/\",\"logo\":{\"@type\":\"ImageObject\",\"inLanguage\":\"sq-AL\",\"@id\":\"https:\\\/\\\/fjala.info\\\/2009-2015\\\/#\\\/schema\\\/logo\\\/image\\\/\",\"url\":\"\",\"contentUrl\":\"\",\"caption\":\"FjALA e LIR\u00cb - Arkivi\"},\"image\":{\"@id\":\"https:\\\/\\\/fjala.info\\\/2009-2015\\\/#\\\/schema\\\/logo\\\/image\\\/\"}},{\"@type\":\"Person\",\"@id\":\"https:\\\/\\\/fjala.info\\\/2009-2015\\\/#\\\/schema\\\/person\\\/3aa1163ef05469c496fc94e77611ada2\",\"name\":\"admin\",\"image\":{\"@type\":\"ImageObject\",\"inLanguage\":\"sq-AL\",\"@id\":\"https:\\\/\\\/fjala.info\\\/2009-2015\\\/wp-content\\\/uploads\\\/2012\\\/02\\\/arben_cokaj-120x150.jpg\",\"url\":\"https:\\\/\\\/fjala.info\\\/2009-2015\\\/wp-content\\\/uploads\\\/2012\\\/02\\\/arben_cokaj-120x150.jpg\",\"contentUrl\":\"https:\\\/\\\/fjala.info\\\/2009-2015\\\/wp-content\\\/uploads\\\/2012\\\/02\\\/arben_cokaj-120x150.jpg\",\"caption\":\"admin\"},\"description\":\"Admin, Fjala e Lir\u00eb\",\"sameAs\":[\"https:\\\/\\\/fjala.info\\\/\"],\"url\":\"https:\\\/\\\/fjala.info\\\/2009-2015\\\/author\\\/admin\\\/\"}]}<\/script>\n<!-- \/ Yoast SEO plugin. -->","yoast_head_json":{"title":"N\u00cb P\u00cbRVJETORIN E VDEKJES S\u00cb NJ\u00cb GJENIU - FjALA e LIR\u00cb - Arkivi","robots":{"index":"index","follow":"follow","max-snippet":"max-snippet:-1","max-image-preview":"max-image-preview:large","max-video-preview":"max-video-preview:-1"},"canonical":"https:\/\/fjala.info\/2009-2015\/ne-pervjetorin-e-vdekjes-se-nje-gjeniu\/","og_locale":"sq_AL","og_type":"article","og_title":"N\u00cb P\u00cbRVJETORIN E VDEKJES S\u00cb NJ\u00cb GJENIU - FjALA e LIR\u00cb - Arkivi","og_description":"Nga Luan \u00c7ipi E njihnim n\u00eb t\u00ebr\u00ebsi biografin\u00eb e m\u00ebsuesit te merituar Janko Pali, nga fshati Qeparo i bregdetit t\u00eb Vlor\u00ebs, n\u00ebp\u00ebrmjet shkrimeve t\u00eb shumta t\u00eb birit t\u00eb vet, Petraq Pali. Duke lexuar Autobiografin\u00eb, m\u00ebson holl\u00ebsit\u00eb e jet\u00ebs s\u00eb tij t\u00eb gjat\u00eb, gati shekullore, dhe hap pas hapi, futesh n\u00eb kalvarin e nj\u00eb jete t\u00eb [&hellip;]","og_url":"https:\/\/fjala.info\/2009-2015\/ne-pervjetorin-e-vdekjes-se-nje-gjeniu\/","og_site_name":"FjALA e LIR\u00cb - Arkivi","article_published_time":"2010-09-16T09:06:25+00:00","author":"admin","twitter_card":"summary_large_image","twitter_misc":{"Written by":"admin","Est. reading time":"10 minutes"},"schema":{"@context":"https:\/\/schema.org","@graph":[{"@type":"Article","@id":"https:\/\/fjala.info\/2009-2015\/ne-pervjetorin-e-vdekjes-se-nje-gjeniu\/#article","isPartOf":{"@id":"https:\/\/fjala.info\/2009-2015\/ne-pervjetorin-e-vdekjes-se-nje-gjeniu\/"},"author":{"name":"admin","@id":"https:\/\/fjala.info\/2009-2015\/#\/schema\/person\/3aa1163ef05469c496fc94e77611ada2"},"headline":"N\u00cb P\u00cbRVJETORIN E VDEKJES S\u00cb NJ\u00cb GJENIU","datePublished":"2010-09-16T09:06:25+00:00","mainEntityOfPage":{"@id":"https:\/\/fjala.info\/2009-2015\/ne-pervjetorin-e-vdekjes-se-nje-gjeniu\/"},"wordCount":1942,"commentCount":0,"publisher":{"@id":"https:\/\/fjala.info\/2009-2015\/#organization"},"articleSection":["Artikuj"],"inLanguage":"sq-AL","potentialAction":[{"@type":"CommentAction","name":"Comment","target":["https:\/\/fjala.info\/2009-2015\/ne-pervjetorin-e-vdekjes-se-nje-gjeniu\/#respond"]}]},{"@type":"WebPage","@id":"https:\/\/fjala.info\/2009-2015\/ne-pervjetorin-e-vdekjes-se-nje-gjeniu\/","url":"https:\/\/fjala.info\/2009-2015\/ne-pervjetorin-e-vdekjes-se-nje-gjeniu\/","name":"N\u00cb P\u00cbRVJETORIN E VDEKJES S\u00cb NJ\u00cb GJENIU - FjALA e LIR\u00cb - Arkivi","isPartOf":{"@id":"https:\/\/fjala.info\/2009-2015\/#website"},"datePublished":"2010-09-16T09:06:25+00:00","breadcrumb":{"@id":"https:\/\/fjala.info\/2009-2015\/ne-pervjetorin-e-vdekjes-se-nje-gjeniu\/#breadcrumb"},"inLanguage":"sq-AL","potentialAction":[{"@type":"ReadAction","target":["https:\/\/fjala.info\/2009-2015\/ne-pervjetorin-e-vdekjes-se-nje-gjeniu\/"]}]},{"@type":"BreadcrumbList","@id":"https:\/\/fjala.info\/2009-2015\/ne-pervjetorin-e-vdekjes-se-nje-gjeniu\/#breadcrumb","itemListElement":[{"@type":"ListItem","position":1,"name":"Home","item":"https:\/\/fjala.info\/2009-2015\/"},{"@type":"ListItem","position":2,"name":"N\u00cb P\u00cbRVJETORIN E VDEKJES S\u00cb NJ\u00cb GJENIU"}]},{"@type":"WebSite","@id":"https:\/\/fjala.info\/2009-2015\/#website","url":"https:\/\/fjala.info\/2009-2015\/","name":"FjALA e LIR\u00cb - Arkivi","description":"Arkivi 2009-2015","publisher":{"@id":"https:\/\/fjala.info\/2009-2015\/#organization"},"potentialAction":[{"@type":"SearchAction","target":{"@type":"EntryPoint","urlTemplate":"https:\/\/fjala.info\/2009-2015\/?s={search_term_string}"},"query-input":{"@type":"PropertyValueSpecification","valueRequired":true,"valueName":"search_term_string"}}],"inLanguage":"sq-AL"},{"@type":"Organization","@id":"https:\/\/fjala.info\/2009-2015\/#organization","name":"FjALA e LIR\u00cb - Arkivi","url":"https:\/\/fjala.info\/2009-2015\/","logo":{"@type":"ImageObject","inLanguage":"sq-AL","@id":"https:\/\/fjala.info\/2009-2015\/#\/schema\/logo\/image\/","url":"","contentUrl":"","caption":"FjALA e LIR\u00cb - Arkivi"},"image":{"@id":"https:\/\/fjala.info\/2009-2015\/#\/schema\/logo\/image\/"}},{"@type":"Person","@id":"https:\/\/fjala.info\/2009-2015\/#\/schema\/person\/3aa1163ef05469c496fc94e77611ada2","name":"admin","image":{"@type":"ImageObject","inLanguage":"sq-AL","@id":"https:\/\/fjala.info\/2009-2015\/wp-content\/uploads\/2012\/02\/arben_cokaj-120x150.jpg","url":"https:\/\/fjala.info\/2009-2015\/wp-content\/uploads\/2012\/02\/arben_cokaj-120x150.jpg","contentUrl":"https:\/\/fjala.info\/2009-2015\/wp-content\/uploads\/2012\/02\/arben_cokaj-120x150.jpg","caption":"admin"},"description":"Admin, Fjala e Lir\u00eb","sameAs":["https:\/\/fjala.info\/"],"url":"https:\/\/fjala.info\/2009-2015\/author\/admin\/"}]}},"_links":{"self":[{"href":"https:\/\/fjala.info\/2009-2015\/wp-json\/wp\/v2\/posts\/3984","targetHints":{"allow":["GET"]}}],"collection":[{"href":"https:\/\/fjala.info\/2009-2015\/wp-json\/wp\/v2\/posts"}],"about":[{"href":"https:\/\/fjala.info\/2009-2015\/wp-json\/wp\/v2\/types\/post"}],"author":[{"embeddable":true,"href":"https:\/\/fjala.info\/2009-2015\/wp-json\/wp\/v2\/users\/1"}],"replies":[{"embeddable":true,"href":"https:\/\/fjala.info\/2009-2015\/wp-json\/wp\/v2\/comments?post=3984"}],"version-history":[{"count":0,"href":"https:\/\/fjala.info\/2009-2015\/wp-json\/wp\/v2\/posts\/3984\/revisions"}],"wp:attachment":[{"href":"https:\/\/fjala.info\/2009-2015\/wp-json\/wp\/v2\/media?parent=3984"}],"wp:term":[{"taxonomy":"category","embeddable":true,"href":"https:\/\/fjala.info\/2009-2015\/wp-json\/wp\/v2\/categories?post=3984"},{"taxonomy":"post_tag","embeddable":true,"href":"https:\/\/fjala.info\/2009-2015\/wp-json\/wp\/v2\/tags?post=3984"}],"curies":[{"name":"wp","href":"https:\/\/api.w.org\/{rel}","templated":true}]}}