{"id":3981,"date":"2010-09-16T09:07:34","date_gmt":"2010-09-16T08:07:34","guid":{"rendered":"http:\/\/fjala.shkoder.net\/?p=3981"},"modified":"2010-09-16T09:07:34","modified_gmt":"2010-09-16T08:07:34","slug":"vallja-e-korrupsionit","status":"publish","type":"post","link":"https:\/\/fjala.info\/2009-2015\/vallja-e-korrupsionit\/","title":{"rendered":"&#8216;Vallja e korrupsionit&#8230;&#8217;"},"content":{"rendered":"<p><img loading=\"lazy\" decoding=\"async\" src=\"http:\/\/fjala.shkoder.net\/wp-content\/uploads\/2010\/09\/berisha_prifti-300x186.jpg\" alt=\"\" title=\"Berisha Prifti\" width=\"300\" height=\"186\" class=\"alignright size-medium wp-image-3982\" \/><\/p>\n<p>Interviste me <strong>Armand Vin\u00e7ani<\/strong>, <em>16.09.2010<\/em><\/p>\n<p>Intervist\u00eb me Armand Vin\u00e7anin &#8211; &#8220;..Largimi i ministrit t\u00eb Ekonomis\u00eb dhe Energjetik\u00ebs pavar\u00ebsisht kalkulimeve dhe makinacioneve q\u00eb luhen n\u00eb selit\u00eb e PD-s\u00eb dhe t\u00eb ashtuquajtur\u00ebs LSI mbart n\u00eb vetvete edhe tentativ\u00ebn p\u00ebr t&#8217;ju shmangur rr\u00ebnimit moral q\u00eb po p\u00ebson qeveria e sotme si dhe p\u00ebr t\u00eb zbutur impulsivitetin n\u00eb rritje t\u00eb opozit\u00ebs dhe publikut n\u00eb p\u00ebrgjith\u00ebsi, &#8211; mendon prof.Armand Vin\u00e7ani. N\u00eb kat\u00ebr p\u00ebrgjigje mbi situat\u00ebn e r\u00ebnduar politike z.Vin\u00e7ani, flet edhe mbi fushat\u00ebn e fundit t\u00eb denoncimeve nga opozita, duke theksuar se &#8220;koha p\u00ebr t\u00eb k\u00ebrkon m\u00eb shum\u00eb sanguiniz\u00ebm dhe vendosm\u00ebri..&#8221;<\/p>\n<p><em>Z.Vin\u00e7ani, ditet e fundit publiku u njoh me ndryshimet ne kabinetin qeveritar. A mendonise largimi i Priftit eshte pranim i heshtur i korrupsionit te tij qe ka qene objekt i vazhdueshem i medias dhe opozites?<\/em><\/p>\n<p>Largimi i ministrit t\u00eb Ekonomis\u00eb dhe Energjetik\u00ebs pavar\u00ebsisht kalkulimeve dhe makinacioneve q\u00eb luhen n\u00eb selit\u00eb e PD-s\u00eb dhe t\u00eb ashtuquajtur\u00ebs LSI ka n\u00eb themel si diskreditimin personal t\u00eb personit n\u00eb fjal\u00eb po ashtu dhe d\u00ebshtimin n\u00eb p\u00ebrformanc\u00eb e nj\u00eb prej dikastereve m\u00eb t\u00eb r\u00ebnd\u00ebsish\u00ebm n\u00eb agjencit\u00eb q\u00eb formojn\u00eb nivelin m\u00eb t\u00eb lart\u00eb ekzekutiv. Sidoqoft\u00eb, ai largim mbart n\u00eb vetvete edhe tentativ\u00ebn p\u00ebr t&#8217;ju shmangur rr\u00ebnimit moral q\u00eb po p\u00ebson qeveria e sotme si dhe p\u00ebr t\u00eb zbutur impulsivitetin n\u00eb rritje t\u00eb opozit\u00ebs dhe publikut n\u00eb p\u00ebrgjith\u00ebsi. Nj\u00eb v\u00ebzhgim i v\u00ebmendsh\u00ebm i prononcimeve t\u00eb fundit t\u00eb Prifit, nd\u00ebrsa akoma n\u00eb detyr\u00ebn e ministrit leht\u00ebsisht konstaton p\u00ebrpjekjet e tij p\u00ebr t\u00eb p\u00ebrligjur aferat e deputet\u00ebve t\u00eb p\u00ebrfolur si t\u00eb p\u00ebrzier\u00eb n\u00eb licencat dhe koncesionet e siguruara n\u00eb m\u00ebnyr\u00eb arbitrare nga njer\u00ebz t\u00eb af\u00ebrm t\u00eb tyre.<\/p>\n<p>N\u00eb an\u00ebn tjet\u00ebr, pohimi se vendimi p\u00ebr l\u00ebvizjen e tij u kristalizua n\u00eb nj\u00eb mbledhje t\u00eb b\u00ebrtham\u00ebs s\u00eb mbetur prej nj\u00eb grushti njer\u00ebzish t\u00eb LSI-s\u00eb, ku vet\u00eb subjekti nuk merrte pjes\u00eb d\u00ebshmon edhe p\u00ebr implikimin e thell\u00eb t\u00eb Priftit, ku padyshim Meta e Berisha jan\u00eb tashm\u00eb n\u00eb dijeni dhe e din\u00eb mir\u00eb se ai nuk mund t\u00eb ngrihet m\u00eb kund\u00ebr tyre. I vetmi opsion i mbetur p\u00ebr t\u00eb \u00ebsht\u00eb menaxhimi i milionave t\u00eb fituara brenda nat\u00ebs dhe mb\u00ebshtetja pa asnj\u00eb kusht e epror\u00ebve t\u00eb tij pavar\u00ebsisht se nga limoni i shtrydhur nuk mund t\u00eb nxirret m\u00eb l\u00ebng.<\/p>\n<p>Kjo u demonstrua qart\u00eb edhe n\u00eb intervist\u00ebn e fundit televizive t\u00eb Priftit ku gjendja e \u00e7oroditur dhe mendimet pa bosht t\u00eb tij flisnin m\u00eb shum\u00eb se \u00e7do koment tjet\u00ebr duke l\u00ebn\u00eb pas shijen e hidhur t\u00eb ironis\u00eb se kush paska qen\u00eb ministri yn\u00eb &#8220;flori&#8221; q\u00eb ka drejtuar ekonomin\u00eb ton\u00eb! Edhe pse kaluan muaj t\u00eb t\u00ebr\u00eb p\u00ebrs\u00ebri p\u00ebr njer\u00ebzit e thjesht\u00eb \u00ebsht\u00eb mister pasurimi i tij e do t\u00eb vazhdoj\u00eb t\u00eb jet\u00eb k\u00ebshtu p\u00ebr aq koh\u00eb sa korrupsioni \u00ebsht\u00eb shtylla m\u00eb e fuqishme e shtetit dhe drejt\u00ebsia nuk ka asnj\u00eb mund\u00ebsi tjet\u00ebr ve\u00e7se t\u00eb jet\u00eb sh\u00ebrb\u00ebtori i tij.<\/p>\n<p><em>Megjithate kryeministri vleresoi kontributin e Priftit. Besoni se keto jane fjale te<br \/>\nsinqerta?<\/em><\/p>\n<p>Sa p\u00ebr sinqeritetin e Berish\u00ebs besoj se si t\u00eb tilla mund t\u00eb merren vet\u00ebm fjal\u00ebt e th\u00ebna kur ai \u00ebsht\u00eb n\u00eb opozit\u00eb. N\u00ebse do t\u00eb lavd\u00ebrojm\u00eb dik\u00eb q\u00eb brenda nj\u00eb viti e \u00e7oi pasurin\u00eb nga zero n\u00eb 1.8 milion\u00eb euro nuk mbetet gj\u00eb tjet\u00ebr q\u00eb p\u00ebr ata q\u00eb handakosen nga dita n\u00eb dit\u00eb p\u00ebr buk\u00ebn e goj\u00ebs t\u00eb themi q\u00eb mallkimi t\u00eb bjer\u00eb mbi ta. Sigurisht jan\u00eb disa arsye pse kryeministri nuk mund t\u00eb pranoj\u00eb hapur se \u00e7&#8217;ndodhi me ish-ministrin e tij. Mbi t\u00eb gjitha ai nuk mund t\u00eb harroj\u00eb se Prifti e mbajti n\u00eb k\u00ebmb\u00eb qeverin\u00eb e tij pas rezultatit t\u00eb pak\u00ebndsh\u00ebm n\u00eb zgjedhjet e vitit t\u00eb shkuar. Po ashtu pohimi i korrupsionit t\u00eb Priftit do t\u00eb ishte de juro pohim i d\u00ebshtimit t\u00eb koalicionit t\u00eb formuar mbi platforma politike dhe programe t\u00eb kund\u00ebrta.<\/p>\n<p>Do t\u00eb ishte e tep\u00ebrt t\u00eb p\u00ebrs\u00ebrisnim at\u00eb q\u00eb tashme \u00ebsht\u00eb th\u00ebn\u00eb e st\u00ebrth\u00ebn\u00eb lidhur me motivet e LSI-s\u00eb p\u00ebr futjen n\u00eb koalicion. N\u00eb an\u00ebn tjet\u00ebr duhet kuptuar q\u00eb Berisha nuk ka hap\u00ebsir\u00ebn p\u00ebr t\u00eb qen\u00eb krejt i sinqert\u00eb. Kur \u00ebsht\u00eb fjala p\u00ebr pushtetin politika shqiptare dhe protagonist\u00ebt kryesor\u00eb t\u00eb saj, nga t\u00eb dy krah\u00ebt, kan\u00eb treguar se ata reagojn\u00eb jo kur qeni kafshon njeriun por kur ky i fundit kafshon qenin. Kjo th\u00ebnie alegorike ndihmon p\u00ebr t\u00eb kuptuar m\u00eb mir\u00eb se si zbatohet tek ne parimi i papranuesh\u00ebm n\u00eb demokraci se q\u00ebllimi justifikon mjetin.<\/p>\n<p><em>Si e shikoni vete-levizjen e Metes ne vendin e Priftit? Mundet qe eksperienca e tij ne drejtimin e ekzekutivit te kete ndikim pozitiv ne sektorin e ekonomise?<\/em><\/p>\n<p>Nuk e di se cil\u00ebn eksperienc\u00eb kan\u00eb parasysh ata q\u00eb b\u00ebjn\u00eb sot nj\u00eb pyetje t\u00eb till\u00eb. N\u00ebse i referohen ndalimit n\u00eb polici t\u00eb liderit t\u00eb opozit\u00ebs n\u00eb koh\u00ebn kur Meta ishte n\u00eb krye t\u00eb qeveris\u00eb kjo nuk besoj se ndihmon n\u00eb \u00e7\u00ebshtjen n\u00eb fjal\u00eb. Zgjedhjet parlamentare t\u00eb organizuara prej tij vulos\u00ebn dhun\u00eb verbale dhe fizike deri n\u00eb kufijt\u00eb e terrorit ndaj opozit\u00ebs s\u00eb at\u00ebhershme. Po ashtu besoj nuk ndihmojn\u00eb as edhe eksperiencat e tij n\u00eb p\u00ebrleshjet n\u00eb aren\u00ebn e parlamentit me p\u00ebrdorimin e karrigeve, tavolinave e vazove t\u00eb luleve ndaj &#8220;miqve&#8221; t\u00eb sot\u00ebm demokrat\u00eb. Me fjal\u00eb t\u00eb tjera, nuk gjej ndonj\u00eb p\u00ebrvoj\u00eb praktike apo kurrikulum edukativ q\u00eb t\u00eb mb\u00ebshtes\u00eb nj\u00eb potencial t\u00eb mundsh\u00ebm n\u00eb drejtimin e atij sektori.<\/p>\n<p>\u00cbsht\u00eb e v\u00ebrtet\u00eb se sot jetojm\u00eb n\u00eb nj\u00eb sistem krejt t\u00eb kund\u00ebrt nga ai i kaluar. Por kjo nuk do t\u00eb thot\u00eb se ndryshimi n\u00eb form\u00eb \u00ebsht\u00eb shoq\u00ebruar me 100 % ndryshim n\u00eb p\u00ebrmbajtje. Kjo \u00ebsht\u00eb m\u00eb e theksuar kur lidhet me mentalitetin apo pragmatizmin q\u00eb karakterizon sidomos pushtetar\u00ebt tan\u00eb. Ndoshta p\u00ebrs\u00ebris edhe vetveten, por do t\u00eb doja t\u00eb kujtoja rr\u00ebfimet e nj\u00eb ish-byroisti, i cili kur u ngarkua t\u00eb drejtonte Ministrin\u00eb e Mbrojtjes hezitimit t\u00eb tij p\u00ebr mosnjohje t\u00eb natyr\u00ebs s\u00eb pun\u00ebs diktatori ju p\u00ebrgjigj me pyetjen retorike, &#8220;Po vij\u00ebn e partis\u00eb a e njeh?&#8221; N\u00eb k\u00ebt\u00eb k\u00ebndv\u00ebshtrim \u00e7&#8217;far\u00eb r\u00ebnd\u00ebsie ka n\u00ebse Meta nuk njeh ekonomin\u00eb, ligjet e saj dhe nj\u00eb arsenal t\u00eb t\u00ebr\u00eb teorish e praktikash ku ajo mb\u00ebshtetet?<\/p>\n<p>Kjo \u00ebsht\u00eb arsyeja q\u00eb edhe em\u00ebrtesa e zv.kryeministrit shkon pas Met\u00ebs pavar\u00ebsisht rolit ministror q\u00eb ai ka. N\u00ebse qe n\u00eb maj\u00eb t\u00eb piramid\u00ebs zbatohet parimi q\u00eb njeriut ti gjejm\u00eb pun\u00ebn e jo pun\u00ebs njeriun \u00e7&#8217;mund t\u00eb pres\u00ebsh posht\u00eb ku pa njohje jo vet\u00ebm koncesione, tender\u00eb e projekte q\u00eb nuk merr por as n\u00eb armat\u00ebn e pastruesve nuk regjistrohesh dot. T\u00eb vetmen eksperienc\u00eb q\u00eb Meta ka, n\u00ebse do ta quajm\u00eb t\u00eb tille,\u00ebsht\u00eb se ai kupton fare mire se pa pushtet e ardhmja e tij politike \u00ebsht\u00eb e mbaruar. Pushteti ekonomik i lejon realisht atij t\u00eb luaj\u00eb m\u00eb mir\u00eb n\u00eb zgjedhjet e ardhshme vendore ku n\u00eb fund t\u00eb fundit se kush vjen n\u00eb karrige e kush e le at\u00eb nuk varet nga elektorati, sepse verdikti i tij transformohet n\u00eb m\u00ebnyr\u00eb t\u00eb sh\u00ebmtuar, si\u00e7 ka ndodhur pothuaj me t\u00eb gjitha zgjedhjet e zhvilluara deri m\u00eb tani.<\/p>\n<p>N\u00eb kushtet e qenies pa nj\u00eb parti te mir\u00ebfillte kreut t\u00eb LSI-s\u00eb nuk i interesonte m\u00eb vazhdimi i karrier\u00ebs n\u00eb politik\u00ebn e jashtme p\u00ebr disa arsye. S\u00eb pari, t\u00eb jesh n\u00eb krye t\u00eb diplomacis\u00eb k\u00ebrkon atribute e nivel intelektual t\u00eb tille q\u00eb zor se fitohet vet\u00ebm n\u00eb &#8220;Shkollat e Lira Ushtarake&#8221; t\u00eb partive politike shqiptare. K\u00ebshtu Z. Meta do ta ket\u00eb ndjer\u00eb veten shum\u00eb keq kur \u00ebsht\u00eb detyruar t\u00eb d\u00ebgjoj\u00eb leksionet e t\u00eb tjer\u00ebve, si\u00e7 jan\u00eb ato t\u00eb fundit t\u00eb kryeministrit t\u00eb vendit fqinj e pa mund\u00ebsin\u00eb e kuraj\u00ebn minimale p\u00ebr t\u00eb treguar sado pak nga natyra e tij e p\u00ebrmendur m\u00eb lart.<\/p>\n<p>Sa &#8220;trima&#8221; jemi me nj\u00ebri-tjetrin aq t\u00eb bindur e kokulur jemi kur vjen puna n\u00eb referencat me t\u00eb huajt t\u00eb cil\u00ebt shpesh detyrohen t\u00eb &#8220;arbitrojn\u00eb&#8221; kaosin q\u00eb n\u00eb krijojm\u00eb. S\u00eb dyti, fushatat e ardhshme elektorale dhe etja konstante p\u00ebr pushtet k\u00ebrkojn\u00eb burime financiare dhe ekonomia \u00ebsht\u00eb nj\u00eb sektor ku milionat shtohen vet\u00eb. S\u00eb treti pushteti ekonomik lejon ushtrimin e presionit n\u00eb segmente t\u00eb caktuara t\u00eb elektoratit q\u00eb kan\u00eb ndikim t\u00eb ve\u00e7ante n\u00eb t\u00eb &#8220;korrurat&#8221; e zgjedhjeve. K\u00ebto jan\u00eb pak a shum\u00eb objektivat q\u00eb do t\u00eb synoj\u00eb l\u00ebvizja e fundit n\u00eb personelin e qeveris\u00eb, ku mazhoranca \u00ebsht\u00eb e detyruar t\u00eb pranoj\u00eb pa kushte n\u00eb m\u00ebnyr\u00eb q\u00eb t\u00eb mbetet e till\u00eb.<\/p>\n<p><em>Z.Vin\u00e7ani, kohet e fundit opozita eshte angazhuar seriozisht ne nxjerrjen ne drite te aferave<br \/>\nkorruptuese te shume pushtetareve, politikaneve e njerezve te aferm rreth tyre. A<br \/>\nmendoni se nje levizje e tille mund te kete ndikim pozitiv ne luften ndaj korrupsionit qe<br \/>\nka mberthyer shoqerine shqiptare?<\/em><\/p>\n<p>N\u00eb \u00e7do vend ku korrupsioni \u00ebsht\u00eb i pranish\u00ebm subjektet kryesore q\u00eb mund ta frenojn\u00eb at\u00eb: jan\u00eb qeveria, shoq\u00ebria civile dhe sektori privat. Legjitimiteti i \u00e7do pushteti n\u00eb nj\u00eb sistem demokratik \u00ebsht\u00eb derivat i popullit. N\u00eb Shqip\u00ebri akoma dhe sot nuk dihet se cili subjekt politik ishte derivativi i v\u00ebrtet\u00eb i zgjedhjeve t\u00eb vitit t\u00eb kaluar. N\u00eb m\u00ebnyr\u00eb q\u00eb qeveria t\u00eb g\u00ebzoj\u00eb legjitimitetin ajo duhet t\u00eb jet\u00eb p\u00ebrgjegj\u00ebse ndaj kontrollit demokratik t\u00eb njer\u00ebzve e zbatimit t\u00eb ligjeve. \u00cbsht\u00eb pik\u00ebrisht ky legjitimitet q\u00eb i jep pushtetit moralin dhe forc\u00ebn e duhur p\u00ebr t\u00eb nd\u00ebrmarr\u00eb reforma t\u00eb tilla q\u00eb mund\u00ebsojn\u00eb nxjerrjen jasht\u00eb ligjit t\u00eb korrupsionit q\u00eb prek aq shum\u00eb jet\u00ebn e njer\u00ebzve t\u00eb thjesht\u00eb.<\/p>\n<p>\u00cbsht\u00eb ky legjitimitet q\u00eb e b\u00ebn pushtetin nj\u00eb roje t\u00eb v\u00ebrtet\u00eb e t\u00eb besueshme te interesit publik. Por kur kjo &#8220;roje&#8221; b\u00ebn t\u00eb kund\u00ebrt\u00ebn si\u00e7 po d\u00ebshmohet sot at\u00ebher\u00eb fjal\u00ebt qeveri dhe korrupsion jan\u00eb ekuivalente t\u00eb nj\u00ebra-tjetr\u00ebs. Edhe legjitimiteti i shoq\u00ebris\u00eb civile derivon nga populli por i strukturuar n\u00eb nj\u00eb m\u00ebnyr\u00eb t\u00eb ndryshme me institucionet e saj t\u00eb pavarura si grupet e interesit, sindikatat, shoqatat dhe organizatat e ndryshme jo qeveritare, media etj. N\u00eb kushtet kur institucione t\u00eb tilla te pavarura, me p\u00ebrjashtime t\u00eb vogla, nuk ekzistojn\u00eb ose kane struktura t\u00eb brendshme jo demokratike nuk mund t\u00eb b\u00ebhet fjal\u00eb p\u00ebr nj\u00eb kontroll direkt t\u00eb tyre.<br \/>\nNdryshe nga dy faktor\u00ebt e par\u00eb komuniteti i biznesit \u00ebsht\u00eb nj\u00eb subjekt tjet\u00ebr q\u00eb mund t\u00eb luaj\u00eb nj\u00eb rol t\u00eb r\u00ebnd\u00ebsish\u00ebm n\u00eb luft\u00ebn kund\u00ebr korrupsionit. Sektori privat m\u00eb shum\u00eb se kushdo tjet\u00ebr ka premisat p\u00ebr t\u00eb qen\u00eb nj\u00ebkoh\u00ebsisht si mbart\u00ebs ashtu edhe viktim\u00eb e korrupsionit. Fatkeq\u00ebsisht ky subjekt sot nuk ka asnj\u00eb forc\u00eb p\u00ebr t&#8217;u ngritur e k\u00ebrkuar t\u00eb jet\u00eb nj\u00eb partner n\u00eb p\u00ebrballjen me korrupsionin. Ai \u00ebsht\u00eb i shtypur nga nj\u00eb grup pushtetar\u00ebsh e njer\u00ebzit rreth tyre q\u00eb tashm\u00eb e kan\u00eb privatizuar Shqip\u00ebrin\u00eb p\u00ebr llogari t\u00eb tyre.<\/p>\n<p>N\u00eb k\u00ebto kushte barra i mbetet partive t\u00eb opozit\u00ebs dhe medias q\u00eb t\u00eb kthehet n\u00eb p\u00ebrfaq\u00ebsuese e interesave t\u00eb shoq\u00ebris\u00eb. Aktualisht duket nj\u00eb situate e ngjashme me at\u00eb t\u00eb para vitit 2005 ku opozita e at\u00ebhershme arriti t\u00eb \u00e7&#8217;montoje gradualisht pushtetin e Nanos pik\u00ebrisht me platform\u00ebn antikorrupsion q\u00eb sundoi edhe fushat\u00ebn elektorale e \u00e7oi n\u00eb dor\u00ebzimin e &#8220;udh\u00ebheq\u00ebsit t\u00eb katharsisit&#8221;. Opozita e sotme e ka nd\u00ebrtuar strategjin\u00eb e saj mbi baz\u00ebn e nj\u00eb p\u00ebrshkall\u00ebzimi konstant t\u00eb nxjerrjes n\u00eb drit\u00eb t\u00eb fakteve q\u00eb po e nxjerr zbuluar gjithnj\u00eb e m\u00eb shum\u00eb pushtetin e sot\u00ebm i cili ka humbur terren n\u00eb m\u00ebnyr\u00eb t\u00eb ndjeshme.<\/p>\n<p>Megjithat\u00eb, opozita duhet te jete ne gjendje te kuptoje se ndryshe nga viti 2005 sot \u00ebsht\u00eb shum\u00eb m\u00eb v\u00ebshtir\u00eb t\u00eb fitosh besimin e elektoratit n\u00eb kushtet kur ai \u00ebsht\u00eb t\u00ebr\u00ebsisht i zhg\u00ebnjyer nga vitet q\u00eb kemi l\u00ebn\u00eb prapa. Opozita do t\u00eb jet\u00eb v\u00ebrtet e suksesshme, n\u00ebse ajo do t\u00eb tregoj\u00eb bindsh\u00ebm se angazhimi i saj n\u00eb p\u00ebrballjen me korrupsionin e pushtetit t\u00eb Berish\u00ebs nuk \u00ebsht\u00eb thjesht strategji p\u00ebr t\u00eb fituar pushtetin nes\u00ebr por mbi t\u00eb gjitha \u00ebsht\u00eb l\u00ebvizje p\u00ebr t\u00eb rivendosur drejt\u00ebsin\u00eb dhe besimin e humbur. Kjo l\u00ebvizje mund t\u00eb kthehet n\u00eb t\u00eb tille n\u00ebse PS-ja dhe drejtuesit e saj do t\u00eb jen\u00eb n\u00eb gjendje t\u00eb aktivizojn\u00eb shoq\u00ebrin\u00eb civile jo me struktura t\u00eb tipit &#8220;KOP&#8221;, por me vendosm\u00ebrin\u00eb p\u00ebr t\u00eb \u00e7&#8217;b\u00ebr\u00eb at\u00eb q\u00eb u b\u00eb padrejt\u00ebsisht, p\u00ebr t\u00eb kthyer at\u00eb q\u00eb u vodh n\u00eb mes t\u00eb dit\u00ebs, p\u00ebr t\u00eb \u00e7&#8217;pron\u00ebsuar ata q\u00eb u pron\u00ebsuan me pronat e t\u00eb tjer\u00ebve, p\u00ebr t&#8217;i kthyer popullit naft\u00ebn, energjin\u00eb e sektor\u00eb t\u00eb tjer\u00eb jetike qe u vodh\u00ebn e sot shfryt\u00ebzohen nga njerezit e rrethit t\u00eb ngusht\u00eb t\u00eb pushtetit.<\/p>\n<p>Opozita do t\u00eb siguroj\u00eb mb\u00ebshtetje masive n\u00ebse ajo niset nga koncepti se korrupsioni nuk ka parti, nuk ka ngjyre. Mbi t\u00eb gjitha drejtuesit e saj mund t\u00eb b\u00ebhen sot t\u00eb besuesh\u00ebm vet\u00ebm n\u00ebse ata do t\u00eb provojn\u00eb se ndershm\u00ebria e tyre, n.q.s., pretendojn\u00eb t\u00eb jen\u00eb t\u00eb till\u00eb, nuk \u00ebsht\u00eb thjesht munges\u00eb oportuniteti. Nj\u00eb forc\u00eb politike serioze q\u00eb do t\u00eb d\u00ebshironte t\u00eb nxirrte vendin nga bataku ku \u00ebsht\u00eb sot do t\u00eb duhej t\u00eb tregonte kuptim t\u00eb plot\u00eb t\u00eb asaj q\u00eb \u00ebsht\u00eb refuzuar deri m\u00eb sot: nxjerrjen v\u00ebrtet jasht\u00eb ligjit t\u00eb korrupsionit e kthimin e legjitimitetit tek shteti dhe s\u00eb dyti zgjidhjen e problemeve t\u00eb pronave e pron\u00ebsis\u00eb. Me nj\u00eb ekonomi informale dhe t\u00eb n\u00ebn-kapitalizuar ekonomia e vendit ton\u00eb kurr\u00eb nuk do t\u00eb jet\u00eb n\u00eb gjendje t\u00eb marr\u00eb form\u00ebn dhe arrij\u00eb performanc\u00ebn n\u00eb nivelet e vendeve t\u00eb zhvilluara. Ata q\u00eb do ta vuajn\u00eb k\u00ebt\u00eb gj\u00eb do t\u00eb jen\u00eb populli i thjesht\u00eb, por jo pushtetar\u00ebt e sot\u00ebm q\u00eb tashme krijuan shtres\u00ebn e milioner\u00ebve pa mund duke ia vjedhur pasurin\u00eb t\u00eb tjer\u00ebve.<\/p>\n<p>N\u00ebse, opozita e sotme d\u00ebshiron t\u00eb marr\u00eb p\u00ebrsip\u00ebr k\u00ebt\u00eb rol, ashtu si\u00e7 po tregon koh\u00ebt e fundit, ajo duhet t\u00eb \u00e7lirohet plot\u00ebsisht nga tiparet flegmatike sunduese t\u00eb periudh\u00ebs s\u00eb ver\u00ebs. Koha p\u00ebr t\u00eb k\u00ebrkon m\u00eb shum\u00eb sanguiniz\u00ebm dhe vendosm\u00ebri.<\/p>\n<p><em>Intervistoi<\/em> <strong>Elona Demollari<\/strong><\/p>\n","protected":false},"excerpt":{"rendered":"<p>Interviste me Armand Vin\u00e7ani, 16.09.2010 Intervist\u00eb me Armand Vin\u00e7anin &#8211; &#8220;..Largimi i ministrit t\u00eb Ekonomis\u00eb dhe Energjetik\u00ebs pavar\u00ebsisht kalkulimeve dhe makinacioneve q\u00eb luhen n\u00eb selit\u00eb e PD-s\u00eb dhe t\u00eb ashtuquajtur\u00ebs LSI mbart n\u00eb vetvete edhe tentativ\u00ebn p\u00ebr t&#8217;ju shmangur rr\u00ebnimit moral q\u00eb po p\u00ebson qeveria e sotme si dhe p\u00ebr t\u00eb zbutur impulsivitetin n\u00eb rritje [&hellip;]<\/p>\n","protected":false},"author":1,"featured_media":0,"comment_status":"open","ping_status":"closed","sticky":false,"template":"","format":"standard","meta":{"footnotes":""},"categories":[2],"tags":[],"class_list":{"0":"post-3981","1":"post","2":"type-post","3":"status-publish","4":"format-standard","6":"category-artikuj"},"yoast_head":"<!-- This site is optimized with the Yoast SEO plugin v27.4 - https:\/\/yoast.com\/product\/yoast-seo-wordpress\/ -->\n<title>&#039;Vallja e korrupsionit...&#039; - FjALA e LIR\u00cb - Arkivi<\/title>\n<meta name=\"robots\" content=\"index, follow, max-snippet:-1, max-image-preview:large, max-video-preview:-1\" \/>\n<link rel=\"canonical\" href=\"https:\/\/fjala.info\/2009-2015\/vallja-e-korrupsionit\/\" \/>\n<meta property=\"og:locale\" content=\"sq_AL\" \/>\n<meta property=\"og:type\" content=\"article\" \/>\n<meta property=\"og:title\" content=\"&#039;Vallja e korrupsionit...&#039; - FjALA e LIR\u00cb - Arkivi\" \/>\n<meta property=\"og:description\" content=\"Interviste me Armand Vin\u00e7ani, 16.09.2010 Intervist\u00eb me Armand Vin\u00e7anin &#8211; &#8220;..Largimi i ministrit t\u00eb Ekonomis\u00eb dhe Energjetik\u00ebs pavar\u00ebsisht kalkulimeve dhe makinacioneve q\u00eb luhen n\u00eb selit\u00eb e PD-s\u00eb dhe t\u00eb ashtuquajtur\u00ebs LSI mbart n\u00eb vetvete edhe tentativ\u00ebn p\u00ebr t&#8217;ju shmangur rr\u00ebnimit moral q\u00eb po p\u00ebson qeveria e sotme si dhe p\u00ebr t\u00eb zbutur impulsivitetin n\u00eb rritje [&hellip;]\" \/>\n<meta property=\"og:url\" content=\"https:\/\/fjala.info\/2009-2015\/vallja-e-korrupsionit\/\" \/>\n<meta property=\"og:site_name\" content=\"FjALA e LIR\u00cb - Arkivi\" \/>\n<meta property=\"article:published_time\" content=\"2010-09-16T08:07:34+00:00\" \/>\n<meta property=\"og:image\" content=\"http:\/\/fjala.shkoder.net\/wp-content\/uploads\/2010\/09\/berisha_prifti-300x186.jpg\" \/>\n<meta name=\"author\" content=\"admin\" \/>\n<meta name=\"twitter:card\" content=\"summary_large_image\" \/>\n<meta name=\"twitter:label1\" content=\"Written by\" \/>\n\t<meta name=\"twitter:data1\" content=\"admin\" \/>\n\t<meta name=\"twitter:label2\" content=\"Est. reading time\" \/>\n\t<meta name=\"twitter:data2\" content=\"12 minutes\" \/>\n<script type=\"application\/ld+json\" class=\"yoast-schema-graph\">{\"@context\":\"https:\\\/\\\/schema.org\",\"@graph\":[{\"@type\":\"Article\",\"@id\":\"https:\\\/\\\/fjala.info\\\/2009-2015\\\/vallja-e-korrupsionit\\\/#article\",\"isPartOf\":{\"@id\":\"https:\\\/\\\/fjala.info\\\/2009-2015\\\/vallja-e-korrupsionit\\\/\"},\"author\":{\"name\":\"admin\",\"@id\":\"https:\\\/\\\/fjala.info\\\/2009-2015\\\/#\\\/schema\\\/person\\\/3aa1163ef05469c496fc94e77611ada2\"},\"headline\":\"&#8216;Vallja e korrupsionit&#8230;&#8217;\",\"datePublished\":\"2010-09-16T08:07:34+00:00\",\"mainEntityOfPage\":{\"@id\":\"https:\\\/\\\/fjala.info\\\/2009-2015\\\/vallja-e-korrupsionit\\\/\"},\"wordCount\":2495,\"commentCount\":1,\"publisher\":{\"@id\":\"https:\\\/\\\/fjala.info\\\/2009-2015\\\/#organization\"},\"image\":{\"@id\":\"https:\\\/\\\/fjala.info\\\/2009-2015\\\/vallja-e-korrupsionit\\\/#primaryimage\"},\"thumbnailUrl\":\"http:\\\/\\\/fjala.shkoder.net\\\/wp-content\\\/uploads\\\/2010\\\/09\\\/berisha_prifti-300x186.jpg\",\"articleSection\":[\"Artikuj\"],\"inLanguage\":\"sq-AL\",\"potentialAction\":[{\"@type\":\"CommentAction\",\"name\":\"Comment\",\"target\":[\"https:\\\/\\\/fjala.info\\\/2009-2015\\\/vallja-e-korrupsionit\\\/#respond\"]}]},{\"@type\":\"WebPage\",\"@id\":\"https:\\\/\\\/fjala.info\\\/2009-2015\\\/vallja-e-korrupsionit\\\/\",\"url\":\"https:\\\/\\\/fjala.info\\\/2009-2015\\\/vallja-e-korrupsionit\\\/\",\"name\":\"'Vallja e korrupsionit...' - FjALA e LIR\u00cb - Arkivi\",\"isPartOf\":{\"@id\":\"https:\\\/\\\/fjala.info\\\/2009-2015\\\/#website\"},\"primaryImageOfPage\":{\"@id\":\"https:\\\/\\\/fjala.info\\\/2009-2015\\\/vallja-e-korrupsionit\\\/#primaryimage\"},\"image\":{\"@id\":\"https:\\\/\\\/fjala.info\\\/2009-2015\\\/vallja-e-korrupsionit\\\/#primaryimage\"},\"thumbnailUrl\":\"http:\\\/\\\/fjala.shkoder.net\\\/wp-content\\\/uploads\\\/2010\\\/09\\\/berisha_prifti-300x186.jpg\",\"datePublished\":\"2010-09-16T08:07:34+00:00\",\"breadcrumb\":{\"@id\":\"https:\\\/\\\/fjala.info\\\/2009-2015\\\/vallja-e-korrupsionit\\\/#breadcrumb\"},\"inLanguage\":\"sq-AL\",\"potentialAction\":[{\"@type\":\"ReadAction\",\"target\":[\"https:\\\/\\\/fjala.info\\\/2009-2015\\\/vallja-e-korrupsionit\\\/\"]}]},{\"@type\":\"ImageObject\",\"inLanguage\":\"sq-AL\",\"@id\":\"https:\\\/\\\/fjala.info\\\/2009-2015\\\/vallja-e-korrupsionit\\\/#primaryimage\",\"url\":\"http:\\\/\\\/fjala.shkoder.net\\\/wp-content\\\/uploads\\\/2010\\\/09\\\/berisha_prifti-300x186.jpg\",\"contentUrl\":\"http:\\\/\\\/fjala.shkoder.net\\\/wp-content\\\/uploads\\\/2010\\\/09\\\/berisha_prifti-300x186.jpg\"},{\"@type\":\"BreadcrumbList\",\"@id\":\"https:\\\/\\\/fjala.info\\\/2009-2015\\\/vallja-e-korrupsionit\\\/#breadcrumb\",\"itemListElement\":[{\"@type\":\"ListItem\",\"position\":1,\"name\":\"Home\",\"item\":\"https:\\\/\\\/fjala.info\\\/2009-2015\\\/\"},{\"@type\":\"ListItem\",\"position\":2,\"name\":\"&#8216;Vallja e korrupsionit&#8230;&#8217;\"}]},{\"@type\":\"WebSite\",\"@id\":\"https:\\\/\\\/fjala.info\\\/2009-2015\\\/#website\",\"url\":\"https:\\\/\\\/fjala.info\\\/2009-2015\\\/\",\"name\":\"FjALA e LIR\u00cb - Arkivi\",\"description\":\"Arkivi 2009-2015\",\"publisher\":{\"@id\":\"https:\\\/\\\/fjala.info\\\/2009-2015\\\/#organization\"},\"potentialAction\":[{\"@type\":\"SearchAction\",\"target\":{\"@type\":\"EntryPoint\",\"urlTemplate\":\"https:\\\/\\\/fjala.info\\\/2009-2015\\\/?s={search_term_string}\"},\"query-input\":{\"@type\":\"PropertyValueSpecification\",\"valueRequired\":true,\"valueName\":\"search_term_string\"}}],\"inLanguage\":\"sq-AL\"},{\"@type\":\"Organization\",\"@id\":\"https:\\\/\\\/fjala.info\\\/2009-2015\\\/#organization\",\"name\":\"FjALA e LIR\u00cb - Arkivi\",\"url\":\"https:\\\/\\\/fjala.info\\\/2009-2015\\\/\",\"logo\":{\"@type\":\"ImageObject\",\"inLanguage\":\"sq-AL\",\"@id\":\"https:\\\/\\\/fjala.info\\\/2009-2015\\\/#\\\/schema\\\/logo\\\/image\\\/\",\"url\":\"\",\"contentUrl\":\"\",\"caption\":\"FjALA e LIR\u00cb - Arkivi\"},\"image\":{\"@id\":\"https:\\\/\\\/fjala.info\\\/2009-2015\\\/#\\\/schema\\\/logo\\\/image\\\/\"}},{\"@type\":\"Person\",\"@id\":\"https:\\\/\\\/fjala.info\\\/2009-2015\\\/#\\\/schema\\\/person\\\/3aa1163ef05469c496fc94e77611ada2\",\"name\":\"admin\",\"image\":{\"@type\":\"ImageObject\",\"inLanguage\":\"sq-AL\",\"@id\":\"https:\\\/\\\/fjala.info\\\/2009-2015\\\/wp-content\\\/uploads\\\/2012\\\/02\\\/arben_cokaj-120x150.jpg\",\"url\":\"https:\\\/\\\/fjala.info\\\/2009-2015\\\/wp-content\\\/uploads\\\/2012\\\/02\\\/arben_cokaj-120x150.jpg\",\"contentUrl\":\"https:\\\/\\\/fjala.info\\\/2009-2015\\\/wp-content\\\/uploads\\\/2012\\\/02\\\/arben_cokaj-120x150.jpg\",\"caption\":\"admin\"},\"description\":\"Admin, Fjala e Lir\u00eb\",\"sameAs\":[\"https:\\\/\\\/fjala.info\\\/\"],\"url\":\"https:\\\/\\\/fjala.info\\\/2009-2015\\\/author\\\/admin\\\/\"}]}<\/script>\n<!-- \/ Yoast SEO plugin. -->","yoast_head_json":{"title":"'Vallja e korrupsionit...' - FjALA e LIR\u00cb - Arkivi","robots":{"index":"index","follow":"follow","max-snippet":"max-snippet:-1","max-image-preview":"max-image-preview:large","max-video-preview":"max-video-preview:-1"},"canonical":"https:\/\/fjala.info\/2009-2015\/vallja-e-korrupsionit\/","og_locale":"sq_AL","og_type":"article","og_title":"'Vallja e korrupsionit...' - FjALA e LIR\u00cb - Arkivi","og_description":"Interviste me Armand Vin\u00e7ani, 16.09.2010 Intervist\u00eb me Armand Vin\u00e7anin &#8211; &#8220;..Largimi i ministrit t\u00eb Ekonomis\u00eb dhe Energjetik\u00ebs pavar\u00ebsisht kalkulimeve dhe makinacioneve q\u00eb luhen n\u00eb selit\u00eb e PD-s\u00eb dhe t\u00eb ashtuquajtur\u00ebs LSI mbart n\u00eb vetvete edhe tentativ\u00ebn p\u00ebr t&#8217;ju shmangur rr\u00ebnimit moral q\u00eb po p\u00ebson qeveria e sotme si dhe p\u00ebr t\u00eb zbutur impulsivitetin n\u00eb rritje [&hellip;]","og_url":"https:\/\/fjala.info\/2009-2015\/vallja-e-korrupsionit\/","og_site_name":"FjALA e LIR\u00cb - Arkivi","article_published_time":"2010-09-16T08:07:34+00:00","og_image":[{"url":"http:\/\/fjala.shkoder.net\/wp-content\/uploads\/2010\/09\/berisha_prifti-300x186.jpg","type":"","width":"","height":""}],"author":"admin","twitter_card":"summary_large_image","twitter_misc":{"Written by":"admin","Est. reading time":"12 minutes"},"schema":{"@context":"https:\/\/schema.org","@graph":[{"@type":"Article","@id":"https:\/\/fjala.info\/2009-2015\/vallja-e-korrupsionit\/#article","isPartOf":{"@id":"https:\/\/fjala.info\/2009-2015\/vallja-e-korrupsionit\/"},"author":{"name":"admin","@id":"https:\/\/fjala.info\/2009-2015\/#\/schema\/person\/3aa1163ef05469c496fc94e77611ada2"},"headline":"&#8216;Vallja e korrupsionit&#8230;&#8217;","datePublished":"2010-09-16T08:07:34+00:00","mainEntityOfPage":{"@id":"https:\/\/fjala.info\/2009-2015\/vallja-e-korrupsionit\/"},"wordCount":2495,"commentCount":1,"publisher":{"@id":"https:\/\/fjala.info\/2009-2015\/#organization"},"image":{"@id":"https:\/\/fjala.info\/2009-2015\/vallja-e-korrupsionit\/#primaryimage"},"thumbnailUrl":"http:\/\/fjala.shkoder.net\/wp-content\/uploads\/2010\/09\/berisha_prifti-300x186.jpg","articleSection":["Artikuj"],"inLanguage":"sq-AL","potentialAction":[{"@type":"CommentAction","name":"Comment","target":["https:\/\/fjala.info\/2009-2015\/vallja-e-korrupsionit\/#respond"]}]},{"@type":"WebPage","@id":"https:\/\/fjala.info\/2009-2015\/vallja-e-korrupsionit\/","url":"https:\/\/fjala.info\/2009-2015\/vallja-e-korrupsionit\/","name":"'Vallja e korrupsionit...' - FjALA e LIR\u00cb - Arkivi","isPartOf":{"@id":"https:\/\/fjala.info\/2009-2015\/#website"},"primaryImageOfPage":{"@id":"https:\/\/fjala.info\/2009-2015\/vallja-e-korrupsionit\/#primaryimage"},"image":{"@id":"https:\/\/fjala.info\/2009-2015\/vallja-e-korrupsionit\/#primaryimage"},"thumbnailUrl":"http:\/\/fjala.shkoder.net\/wp-content\/uploads\/2010\/09\/berisha_prifti-300x186.jpg","datePublished":"2010-09-16T08:07:34+00:00","breadcrumb":{"@id":"https:\/\/fjala.info\/2009-2015\/vallja-e-korrupsionit\/#breadcrumb"},"inLanguage":"sq-AL","potentialAction":[{"@type":"ReadAction","target":["https:\/\/fjala.info\/2009-2015\/vallja-e-korrupsionit\/"]}]},{"@type":"ImageObject","inLanguage":"sq-AL","@id":"https:\/\/fjala.info\/2009-2015\/vallja-e-korrupsionit\/#primaryimage","url":"http:\/\/fjala.shkoder.net\/wp-content\/uploads\/2010\/09\/berisha_prifti-300x186.jpg","contentUrl":"http:\/\/fjala.shkoder.net\/wp-content\/uploads\/2010\/09\/berisha_prifti-300x186.jpg"},{"@type":"BreadcrumbList","@id":"https:\/\/fjala.info\/2009-2015\/vallja-e-korrupsionit\/#breadcrumb","itemListElement":[{"@type":"ListItem","position":1,"name":"Home","item":"https:\/\/fjala.info\/2009-2015\/"},{"@type":"ListItem","position":2,"name":"&#8216;Vallja e korrupsionit&#8230;&#8217;"}]},{"@type":"WebSite","@id":"https:\/\/fjala.info\/2009-2015\/#website","url":"https:\/\/fjala.info\/2009-2015\/","name":"FjALA e LIR\u00cb - Arkivi","description":"Arkivi 2009-2015","publisher":{"@id":"https:\/\/fjala.info\/2009-2015\/#organization"},"potentialAction":[{"@type":"SearchAction","target":{"@type":"EntryPoint","urlTemplate":"https:\/\/fjala.info\/2009-2015\/?s={search_term_string}"},"query-input":{"@type":"PropertyValueSpecification","valueRequired":true,"valueName":"search_term_string"}}],"inLanguage":"sq-AL"},{"@type":"Organization","@id":"https:\/\/fjala.info\/2009-2015\/#organization","name":"FjALA e LIR\u00cb - Arkivi","url":"https:\/\/fjala.info\/2009-2015\/","logo":{"@type":"ImageObject","inLanguage":"sq-AL","@id":"https:\/\/fjala.info\/2009-2015\/#\/schema\/logo\/image\/","url":"","contentUrl":"","caption":"FjALA e LIR\u00cb - Arkivi"},"image":{"@id":"https:\/\/fjala.info\/2009-2015\/#\/schema\/logo\/image\/"}},{"@type":"Person","@id":"https:\/\/fjala.info\/2009-2015\/#\/schema\/person\/3aa1163ef05469c496fc94e77611ada2","name":"admin","image":{"@type":"ImageObject","inLanguage":"sq-AL","@id":"https:\/\/fjala.info\/2009-2015\/wp-content\/uploads\/2012\/02\/arben_cokaj-120x150.jpg","url":"https:\/\/fjala.info\/2009-2015\/wp-content\/uploads\/2012\/02\/arben_cokaj-120x150.jpg","contentUrl":"https:\/\/fjala.info\/2009-2015\/wp-content\/uploads\/2012\/02\/arben_cokaj-120x150.jpg","caption":"admin"},"description":"Admin, Fjala e Lir\u00eb","sameAs":["https:\/\/fjala.info\/"],"url":"https:\/\/fjala.info\/2009-2015\/author\/admin\/"}]}},"_links":{"self":[{"href":"https:\/\/fjala.info\/2009-2015\/wp-json\/wp\/v2\/posts\/3981","targetHints":{"allow":["GET"]}}],"collection":[{"href":"https:\/\/fjala.info\/2009-2015\/wp-json\/wp\/v2\/posts"}],"about":[{"href":"https:\/\/fjala.info\/2009-2015\/wp-json\/wp\/v2\/types\/post"}],"author":[{"embeddable":true,"href":"https:\/\/fjala.info\/2009-2015\/wp-json\/wp\/v2\/users\/1"}],"replies":[{"embeddable":true,"href":"https:\/\/fjala.info\/2009-2015\/wp-json\/wp\/v2\/comments?post=3981"}],"version-history":[{"count":0,"href":"https:\/\/fjala.info\/2009-2015\/wp-json\/wp\/v2\/posts\/3981\/revisions"}],"wp:attachment":[{"href":"https:\/\/fjala.info\/2009-2015\/wp-json\/wp\/v2\/media?parent=3981"}],"wp:term":[{"taxonomy":"category","embeddable":true,"href":"https:\/\/fjala.info\/2009-2015\/wp-json\/wp\/v2\/categories?post=3981"},{"taxonomy":"post_tag","embeddable":true,"href":"https:\/\/fjala.info\/2009-2015\/wp-json\/wp\/v2\/tags?post=3981"}],"curies":[{"name":"wp","href":"https:\/\/api.w.org\/{rel}","templated":true}]}}