{"id":3973,"date":"2010-09-15T09:18:18","date_gmt":"2010-09-15T08:18:18","guid":{"rendered":"http:\/\/fjala.shkoder.net\/?p=3973"},"modified":"2010-09-15T09:18:18","modified_gmt":"2010-09-15T08:18:18","slug":"miliona-vizitoreve-dhe-turizmi-asketik-i-qeverise-berisha","status":"publish","type":"post","link":"https:\/\/fjala.info\/2009-2015\/miliona-vizitoreve-dhe-turizmi-asketik-i-qeverise-berisha\/","title":{"rendered":"\u201cMILIONA\u201d VIZITOR\u00cbVE DHE TURIZMI ASKETIK I QEVERIS\u00cb BERISHA"},"content":{"rendered":"<p><img decoding=\"async\" style=\"margin-left: 10px; margin-right: 10px; border: 0px;\" title=\"Andrea Stefani\" src=\"http:\/\/www.shkoder.net\/images\/fjala\/andrea_stefani.jpg\" border=\"0\" alt=\"\" width=\"100\" align=\"left\" \/><\/p>\n<p><strong>Andrea Stefani<\/strong><\/p>\n<p>Qeveria ka nisur nj\u00eb fushat\u00eb p\u00ebr t\u00eb propaganduar suksesin \u201ce jasht\u00ebzakonsh\u00ebm\u201d q\u00eb \u00ebsht\u00eb arritur k\u00ebt\u00eb sezon n\u00eb fush\u00ebn e turizmit. Dhe sipas saj, tregues p\u00ebr k\u00ebt\u00eb jan\u00eb po statistikat e qeveris\u00eb q\u00eb pretendojn\u00eb nj\u00eb rritje t\u00eb numrit t\u00eb turist\u00ebve si askund n\u00eb rajon. Madje vet\u00eb Kryeministri Berisha u mburr se k\u00ebt\u00eb vit numri i turist\u00ebve e ka tejkaluar numrin e popullsis\u00eb n\u00eb Shqip\u00ebri. Gj\u00eb q\u00eb do t\u00eb thot\u00eb se k\u00ebt\u00eb ver\u00eb Shqip\u00ebria ka pasur m\u00eb shum\u00eb se 3 milion\u00eb turist\u00eb.<\/p>\n<p>N\u00ebse do t\u00eb ishte v\u00ebrtet k\u00ebshtu, me nj\u00eb aritmetik\u00eb t\u00eb thjesht\u00eb, i bie q\u00eb ekonomia shqiptare t\u00eb ket\u00eb thithur nga turizmi rreth 10 miliard\u00eb euro, shum\u00eb q\u00eb \u00ebsht\u00eb thuajse sa prodhimi i saj i brendsh\u00ebm bruto i nj\u00eb viti. Po t\u00eb qe v\u00ebrtet k\u00ebshtu, nuk kuptohet se ku mund t\u00eb ken\u00eb shkuar gjith\u00eb k\u00ebto miliona dhe se p\u00ebrse qeveria \u201cBerisha\u201d shfaqet aq e varf\u00ebr, sa nuk \u00ebsht\u00eb n\u00eb gjendje t\u00eb paguaj\u00eb as ushqimin dhe dietat sportive, duke e detyruar ekipin komb\u00ebtar t\u00eb pesh\u00ebngritjes t\u00eb protestoj\u00eb, madje ta bojkotoj\u00eb kampionatin bot\u00ebror t\u00eb pesh\u00ebngritjes q\u00eb pritet t\u00eb zhvillohet n\u00eb Turqi?<\/p>\n<p style=\"text-align: center;\">* * *<\/p>\n<p>Qeveria \u201cBerisha\u201d, si asnj\u00eb qeveri tjet\u00ebr n\u00eb tranzicion, e ka mb\u00ebshtetur mbijetes\u00ebn e saj n\u00eb besimin te forca e g\u00ebnjeshtr\u00ebs. Si n\u00eb t\u00eb gjitha sferat e tjera, nj\u00eb gj\u00eb e till\u00eb po ndodh k\u00ebt\u00eb vit edhe me turizmin. Por g\u00ebnjeshtra i ka k\u00ebmb\u00ebt shum\u00eb t\u00eb shkurtra kur \u00ebsht\u00eb fjala p\u00ebr ekonomin\u00eb. \u00cbsht\u00eb vet\u00eb tregu q\u00eb e denoncon at\u00eb. Mund t\u00eb jet\u00eb e v\u00ebrtet\u00eb q\u00eb n\u00eb kufijt\u00eb e Shqip\u00ebris\u00eb t\u00eb ken\u00eb hyr\u00eb sivjet m\u00eb shum\u00eb turist\u00eb se vitin e kaluar. Por sa prej tyre jan\u00eb transit, dometh\u00ebn\u00eb sa kan\u00eb dal\u00eb m\u00eb shpejt se kan\u00eb hyr\u00eb n\u00eb Shqip\u00ebri?<\/p>\n<p>Ka shum\u00eb z\u00ebra ekspert\u00ebsh q\u00eb thon\u00eb se p\u00ebrmir\u00ebsimi i disa akseve rrugore ka b\u00ebr\u00eb pik\u00ebrisht k\u00ebt\u00eb, ka nxitur turist\u00eb q\u00eb n\u00eb vend t\u00eb avion\u00ebve apo t\u00eb tjerave itinerare ta p\u00ebrdorin Shqip\u00ebrin\u00eb si ur\u00eb kalimi p\u00ebr t\u00eb vajtur n\u00eb vende t\u00eb tjera. Nj\u00eb gj\u00eb e till\u00eb u provua edhe nga nj\u00eb investigim i emisionit \u201cFiks Fare\u201d, q\u00eb intervistoi n\u00eb kufirin shqiptar kosovar\u00eb t\u00eb cil\u00ebt kishin p\u00ebr destinacion ose Malin e Zi, ose edhe Gjermanin\u00eb dhe ndodheshin vet\u00ebm kalimthi n\u00ebp\u00ebr Shqip\u00ebri. Por t\u00eb gjith\u00eb k\u00ebta, statistikat e qeveris\u00eb i regjistrojn\u00eb si turist\u00eb, pa\u00e7ka se ata parat\u00eb shkojn\u00eb e i harxhojn\u00eb n\u00eb resortet turistike t\u00eb nj\u00eb shteti fqinj si Mali i Zi apo n\u00eb shtete t\u00eb tjera europiane.<\/p>\n<p style=\"text-align: center;\">* * *<\/p>\n<p>E megjithat\u00eb, qeveris\u00eb i intereson propaganda boshe, ndon\u00ebse numri i rritur i \u201cturist\u00ebve\u201d kalimtar\u00eb \u00ebsht\u00eb n\u00eb fakt prov\u00eb e d\u00ebshtimit t\u00eb qeveris\u00eb p\u00ebr t\u2019i b\u00ebr\u00eb ata t\u00eb ndalen n\u00eb Shqip\u00ebri. Por si mund t\u00eb ndodh\u00eb nj\u00eb gj\u00eb e till\u00eb kur qeveria, p\u00ebrfshi pushtetet lokale t\u00eb t\u00eb gjitha ngjyrave, nuk kan\u00eb b\u00ebr\u00eb thuajse asgj\u00eb p\u00ebr t\u00eb pastruar plazhet nga plehrat apo uj\u00ebrat e detit nga fekalet dhe kur investimet p\u00ebr objektet arkeologjike dhe kulturore jan\u00eb n\u00eb minimum? Turizmi \u00ebsht\u00eb nj\u00eb biznes q\u00eb k\u00ebrkon dedikim dhe investime si \u00e7do biznes dhe fitimet prej tij nuk mbijn\u00eb me urdh\u00ebr t\u00eb peshkut, sikund\u00ebr dhe shpresoj\u00eb qeveritar\u00ebt shqiptar\u00eb. \u00cbsht\u00eb kollaj t\u00eb thuash se turizmi \u00ebsht\u00eb nj\u00eb nga deg\u00ebt kryesore t\u00eb ekonomis\u00eb, por puna \u00ebsht\u00eb se sa investon n\u00eb k\u00ebt\u00eb deg\u00eb dhe sa arrin t\u00eb vjel\u00ebsh prej saj.<\/p>\n<p>Por si p\u00ebrher\u00eb, Kryeministri Berisha \u00ebsht\u00eb nj\u00eb politikan i fjal\u00ebve t\u00eb m\u00ebdha dhe i pun\u00ebve t\u00eb vogla. Si 6 vjet m\u00eb par\u00eb, kur erdhi n\u00eb pushtet me premtime dhe buj\u00eb, Shqip\u00ebria vazhdon t\u00eb mbetet shteti q\u00eb shfryt\u00ebzon m\u00eb me pa efektivitet dhe n\u00eb m\u00ebnyr\u00ebn m\u00eb kaotike t\u00eb mundshme resurset e veta turistike. I vetmi faktor q\u00eb ka arritur ta l\u00ebviz\u00eb sado pak k\u00ebt\u00eb sektor \u00ebsht\u00eb privati, ambicia dhe iniciativa e tij. Por si kudo ku nuk ekziston rregullimi nga ana e shtetit, edhe ky faktor ka sjell\u00eb d\u00ebme t\u00eb pariparueshme n\u00eb disa drejtime.<\/p>\n<p style=\"text-align: center;\">* * *<\/p>\n<p>Por le t\u2019u kthehemi \u201cstatistikave\u201d t\u00eb qeveris\u00eb q\u00eb glorifikojn\u00eb nj\u00eb sukses prej mbi 3 milion\u00eb turist\u00ebsh. Sa t\u00eb ardhura ka p\u00ebrfituar ekonomia shqiptare nga ky lum\u00eb njer\u00ebzish q\u00eb e paskan vizituar vendin? Qeveria nuk \u00ebsht\u00eb n\u00eb gjendje t\u00eb jap\u00eb shifra. Por ishte kryetari i Bashkis\u00eb s\u00eb Sarand\u00ebs q\u00eb para pak dit\u00ebsh dha disa statistika n\u00eb emisionin \u201cOpinion\u201d t\u00eb Blendi Fevziut. Sipas kryetarit, nga prilli e deri tani q\u00eb flasim, n\u00eb Sarand\u00eb kishin hyr\u00eb 510 mij\u00eb turist\u00eb.<\/p>\n<p>Kryetari pranoi se vet\u00ebm 30 p\u00ebr qind e tyre ishin kalimtar\u00eb, nd\u00ebrsa t\u00eb tjer\u00ebt, q\u00eb i bie rreth 357 mij\u00eb, kan\u00eb q\u00ebndruar n\u00eb Sarand\u00eb, pra jan\u00eb turist\u00eb n\u00eb kuptimin e plot\u00eb t\u00eb fjal\u00ebs. Po sipas kryetarit t\u00eb Bashkis\u00eb s\u00eb Sarand\u00ebs, nga k\u00ebta 510 mij\u00eb turist\u00eb, ekonomia e qytetit ka p\u00ebrfituar 50 milion\u00eb euro. Ne nuk do ta llogarisim fare 30 p\u00ebrqind\u00ebshin e turist\u00ebve kalimtar\u00eb dhe do ta pjes\u00ebtojm\u00eb k\u00ebt\u00eb shum\u00eb p\u00ebr vet\u00ebm numrin e turist\u00ebve q\u00eb pretendohet se kan\u00eb q\u00ebndruar n\u00eb Sarand\u00eb. Dhe sa del se ka shpenzuar nj\u00eb turist?<\/p>\n<p>Vet\u00ebm 140 euro. Pra ka q\u00ebndruar n\u00eb hotel disa dit\u00eb, ka harxhuar p\u00ebr ushqim e arg\u00ebtim, dhe ka shpenzuar vet\u00ebm 140 euro. Ose Shqip\u00ebria \u00ebsht\u00eb Eldorado, ose turist\u00ebt n\u00eb Shqip\u00ebri vijn\u00eb p\u00ebr t\u00eb ushtruar asketizmin! \u00cbsht\u00eb e pamundur t\u00eb ndodh\u00eb k\u00ebshtu dhe prandaj shtyhemi t\u00eb besojm\u00eb se p\u00ebr shkak t\u00eb munges\u00eb s\u00eb strategjive t\u00eb zbatuara turistike, p\u00ebr pasoj\u00eb t\u00eb ndotjes s\u00eb plazheve, por edhe p\u00ebr pasoj\u00eb t\u00eb p\u00ebrmir\u00ebsimit t\u00eb infrastruktur\u00ebs rrugore, po rritet numri i turist\u00ebve q\u00eb e kan\u00eb Shqip\u00ebrin\u00eb rrug\u00eb kalimi dhe jo vendin e k\u00ebnaq\u00ebsive ku shpenzojn\u00eb koh\u00eb dhe para.<\/p>\n<p style=\"text-align: center;\">* * *<\/p>\n<p>Nj\u00eb turist q\u00eb shkel n\u00eb tok\u00ebn t\u00ebnde \u00ebsht\u00eb nj\u00eb shans biznesi q\u00eb nuk p\u00ebrs\u00ebritet kollaj. At\u00eb rast duhet t\u00eb dish ta shfryt\u00ebzosh dhe jo t\u00eb mburresh me statistika pa buk\u00eb, si\u00e7 b\u00ebn qeveria. Ajo q\u00eb duam t\u00eb themi b\u00ebhet m\u00eb e qart\u00eb po t\u00eb krahasojm\u00eb situat\u00ebn me at\u00eb q\u00eb ndodh n\u00eb Greqi, nj\u00eb vend fqinj q\u00eb nxjerr nga turizmi nj\u00eb t\u00eb pest\u00ebn e prodhimit t\u00eb brendsh\u00ebm bruto prej, sipas statistikave t\u00eb Southeast European Times, m\u00eb shum\u00eb se 240 miliard\u00eb eurosh. Dhe po sipas k\u00ebtyre statistikave, n\u00eb Greqi hyjn\u00eb \u00e7do vit mesatarisht 15 milion\u00eb turist\u00eb.<\/p>\n<p>Sipas nj\u00eb llogarie t\u00eb thjesht\u00eb, ekonomia greke p\u00ebrfiton nga ata rreth 48 miliard\u00eb euro. Kjo do t\u00eb thot\u00eb q\u00eb nga 1 milion turist\u00eb, vilen rreth 3 miliard\u00eb e 200 milion\u00eb euro, nd\u00ebrsa nj\u00eb turist shpenzon mesatarisht 3 mij\u00eb e 200 euro. Konkluzioni? N\u00ebse mbi 3 milion\u00eb turist\u00ebt e pretenduar nga Berisha do t\u00eb ishin v\u00ebrtet t\u00eb till\u00eb, at\u00ebher\u00eb ekonomia shqiptare do t\u00eb kish p\u00ebrfituar n\u00eb k\u00ebt\u00eb sezon rreth 10 miliard\u00eb euro q\u00eb jan\u00eb thuajse sa prodhimi bruto i saj i brendsh\u00ebm.<\/p>\n<p>Le t\u00eb themi se nj\u00eb turist n\u00eb Shqip\u00ebri do shpenzoj\u00eb jo 3 mij\u00eb, por 2 mij\u00eb euro. Do t\u00eb kishim p\u00ebrs\u00ebri rreth 6 miliard\u00eb euro t\u00eb ardhura. Dhe po t\u00eb qe v\u00ebrtet k\u00ebshtu, nuk kuptohet se p\u00ebrse Kryeministri q\u00eb b\u00ebrtet duke u sorollatur n\u00ebp\u00ebr Shqip\u00ebri se nuk jemi n\u00eb kriz\u00eb, jep urdh\u00ebr q\u00eb t\u00eb shkurtohen fondet edhe t\u00eb pedagog\u00ebve n\u00eb universitetet publike. V\u00ebrtet financat personale t\u00eb Berish\u00ebs dhe K\u00b0 mund t\u00eb mos jen\u00eb n\u00eb kriz\u00eb, por \u00ebsht\u00eb n\u00eb kriz\u00eb buxheti i publikut dhe vet\u00eb publiku me xhepa dhe kuleta gjithnj\u00eb e m\u00eb bosh. \u00cbsht\u00eb nj\u00eb situat\u00eb q\u00eb nuk kap\u00ebrcehet dot me rrena e propaganda boshe.<\/p>\n","protected":false},"excerpt":{"rendered":"<p>Andrea Stefani Qeveria ka nisur nj\u00eb fushat\u00eb p\u00ebr t\u00eb propaganduar suksesin \u201ce jasht\u00ebzakonsh\u00ebm\u201d q\u00eb \u00ebsht\u00eb arritur k\u00ebt\u00eb sezon n\u00eb fush\u00ebn e turizmit. Dhe sipas saj, tregues p\u00ebr k\u00ebt\u00eb jan\u00eb po statistikat e qeveris\u00eb q\u00eb pretendojn\u00eb nj\u00eb rritje t\u00eb numrit t\u00eb turist\u00ebve si askund n\u00eb rajon. Madje vet\u00eb Kryeministri Berisha u mburr se k\u00ebt\u00eb vit numri [&hellip;]<\/p>\n","protected":false},"author":1,"featured_media":0,"comment_status":"open","ping_status":"closed","sticky":false,"template":"","format":"standard","meta":{"footnotes":""},"categories":[2],"tags":[],"class_list":{"0":"post-3973","1":"post","2":"type-post","3":"status-publish","4":"format-standard","6":"category-artikuj"},"yoast_head":"<!-- This site is optimized with the Yoast SEO plugin v27.4 - https:\/\/yoast.com\/product\/yoast-seo-wordpress\/ -->\n<title>\u201cMILIONA\u201d VIZITOR\u00cbVE DHE TURIZMI ASKETIK I QEVERIS\u00cb BERISHA - FjALA e LIR\u00cb - Arkivi<\/title>\n<meta name=\"robots\" content=\"index, follow, max-snippet:-1, max-image-preview:large, max-video-preview:-1\" \/>\n<link rel=\"canonical\" href=\"https:\/\/fjala.info\/2009-2015\/miliona-vizitoreve-dhe-turizmi-asketik-i-qeverise-berisha\/\" \/>\n<meta property=\"og:locale\" content=\"sq_AL\" \/>\n<meta property=\"og:type\" content=\"article\" \/>\n<meta property=\"og:title\" content=\"\u201cMILIONA\u201d VIZITOR\u00cbVE DHE TURIZMI ASKETIK I QEVERIS\u00cb BERISHA - FjALA e LIR\u00cb - Arkivi\" \/>\n<meta property=\"og:description\" content=\"Andrea Stefani Qeveria ka nisur nj\u00eb fushat\u00eb p\u00ebr t\u00eb propaganduar suksesin \u201ce jasht\u00ebzakonsh\u00ebm\u201d q\u00eb \u00ebsht\u00eb arritur k\u00ebt\u00eb sezon n\u00eb fush\u00ebn e turizmit. Dhe sipas saj, tregues p\u00ebr k\u00ebt\u00eb jan\u00eb po statistikat e qeveris\u00eb q\u00eb pretendojn\u00eb nj\u00eb rritje t\u00eb numrit t\u00eb turist\u00ebve si askund n\u00eb rajon. Madje vet\u00eb Kryeministri Berisha u mburr se k\u00ebt\u00eb vit numri [&hellip;]\" \/>\n<meta property=\"og:url\" content=\"https:\/\/fjala.info\/2009-2015\/miliona-vizitoreve-dhe-turizmi-asketik-i-qeverise-berisha\/\" \/>\n<meta property=\"og:site_name\" content=\"FjALA e LIR\u00cb - Arkivi\" \/>\n<meta property=\"article:published_time\" content=\"2010-09-15T08:18:18+00:00\" \/>\n<meta property=\"og:image\" content=\"http:\/\/www.shkoder.net\/images\/fjala\/andrea_stefani.jpg\" \/>\n<meta name=\"author\" content=\"admin\" \/>\n<meta name=\"twitter:card\" content=\"summary_large_image\" \/>\n<meta name=\"twitter:label1\" content=\"Written by\" \/>\n\t<meta name=\"twitter:data1\" content=\"admin\" \/>\n\t<meta name=\"twitter:label2\" content=\"Est. reading time\" \/>\n\t<meta name=\"twitter:data2\" content=\"6 minutes\" \/>\n<script type=\"application\/ld+json\" class=\"yoast-schema-graph\">{\"@context\":\"https:\\\/\\\/schema.org\",\"@graph\":[{\"@type\":\"Article\",\"@id\":\"https:\\\/\\\/fjala.info\\\/2009-2015\\\/miliona-vizitoreve-dhe-turizmi-asketik-i-qeverise-berisha\\\/#article\",\"isPartOf\":{\"@id\":\"https:\\\/\\\/fjala.info\\\/2009-2015\\\/miliona-vizitoreve-dhe-turizmi-asketik-i-qeverise-berisha\\\/\"},\"author\":{\"name\":\"admin\",\"@id\":\"https:\\\/\\\/fjala.info\\\/2009-2015\\\/#\\\/schema\\\/person\\\/3aa1163ef05469c496fc94e77611ada2\"},\"headline\":\"\u201cMILIONA\u201d VIZITOR\u00cbVE DHE TURIZMI ASKETIK I QEVERIS\u00cb BERISHA\",\"datePublished\":\"2010-09-15T08:18:18+00:00\",\"mainEntityOfPage\":{\"@id\":\"https:\\\/\\\/fjala.info\\\/2009-2015\\\/miliona-vizitoreve-dhe-turizmi-asketik-i-qeverise-berisha\\\/\"},\"wordCount\":1306,\"commentCount\":0,\"publisher\":{\"@id\":\"https:\\\/\\\/fjala.info\\\/2009-2015\\\/#organization\"},\"image\":{\"@id\":\"https:\\\/\\\/fjala.info\\\/2009-2015\\\/miliona-vizitoreve-dhe-turizmi-asketik-i-qeverise-berisha\\\/#primaryimage\"},\"thumbnailUrl\":\"http:\\\/\\\/www.shkoder.net\\\/images\\\/fjala\\\/andrea_stefani.jpg\",\"articleSection\":[\"Artikuj\"],\"inLanguage\":\"sq-AL\",\"potentialAction\":[{\"@type\":\"CommentAction\",\"name\":\"Comment\",\"target\":[\"https:\\\/\\\/fjala.info\\\/2009-2015\\\/miliona-vizitoreve-dhe-turizmi-asketik-i-qeverise-berisha\\\/#respond\"]}]},{\"@type\":\"WebPage\",\"@id\":\"https:\\\/\\\/fjala.info\\\/2009-2015\\\/miliona-vizitoreve-dhe-turizmi-asketik-i-qeverise-berisha\\\/\",\"url\":\"https:\\\/\\\/fjala.info\\\/2009-2015\\\/miliona-vizitoreve-dhe-turizmi-asketik-i-qeverise-berisha\\\/\",\"name\":\"\u201cMILIONA\u201d VIZITOR\u00cbVE DHE TURIZMI ASKETIK I QEVERIS\u00cb BERISHA - FjALA e LIR\u00cb - Arkivi\",\"isPartOf\":{\"@id\":\"https:\\\/\\\/fjala.info\\\/2009-2015\\\/#website\"},\"primaryImageOfPage\":{\"@id\":\"https:\\\/\\\/fjala.info\\\/2009-2015\\\/miliona-vizitoreve-dhe-turizmi-asketik-i-qeverise-berisha\\\/#primaryimage\"},\"image\":{\"@id\":\"https:\\\/\\\/fjala.info\\\/2009-2015\\\/miliona-vizitoreve-dhe-turizmi-asketik-i-qeverise-berisha\\\/#primaryimage\"},\"thumbnailUrl\":\"http:\\\/\\\/www.shkoder.net\\\/images\\\/fjala\\\/andrea_stefani.jpg\",\"datePublished\":\"2010-09-15T08:18:18+00:00\",\"breadcrumb\":{\"@id\":\"https:\\\/\\\/fjala.info\\\/2009-2015\\\/miliona-vizitoreve-dhe-turizmi-asketik-i-qeverise-berisha\\\/#breadcrumb\"},\"inLanguage\":\"sq-AL\",\"potentialAction\":[{\"@type\":\"ReadAction\",\"target\":[\"https:\\\/\\\/fjala.info\\\/2009-2015\\\/miliona-vizitoreve-dhe-turizmi-asketik-i-qeverise-berisha\\\/\"]}]},{\"@type\":\"ImageObject\",\"inLanguage\":\"sq-AL\",\"@id\":\"https:\\\/\\\/fjala.info\\\/2009-2015\\\/miliona-vizitoreve-dhe-turizmi-asketik-i-qeverise-berisha\\\/#primaryimage\",\"url\":\"http:\\\/\\\/www.shkoder.net\\\/images\\\/fjala\\\/andrea_stefani.jpg\",\"contentUrl\":\"http:\\\/\\\/www.shkoder.net\\\/images\\\/fjala\\\/andrea_stefani.jpg\"},{\"@type\":\"BreadcrumbList\",\"@id\":\"https:\\\/\\\/fjala.info\\\/2009-2015\\\/miliona-vizitoreve-dhe-turizmi-asketik-i-qeverise-berisha\\\/#breadcrumb\",\"itemListElement\":[{\"@type\":\"ListItem\",\"position\":1,\"name\":\"Home\",\"item\":\"https:\\\/\\\/fjala.info\\\/2009-2015\\\/\"},{\"@type\":\"ListItem\",\"position\":2,\"name\":\"\u201cMILIONA\u201d VIZITOR\u00cbVE DHE TURIZMI ASKETIK I QEVERIS\u00cb BERISHA\"}]},{\"@type\":\"WebSite\",\"@id\":\"https:\\\/\\\/fjala.info\\\/2009-2015\\\/#website\",\"url\":\"https:\\\/\\\/fjala.info\\\/2009-2015\\\/\",\"name\":\"FjALA e LIR\u00cb - Arkivi\",\"description\":\"Arkivi 2009-2015\",\"publisher\":{\"@id\":\"https:\\\/\\\/fjala.info\\\/2009-2015\\\/#organization\"},\"potentialAction\":[{\"@type\":\"SearchAction\",\"target\":{\"@type\":\"EntryPoint\",\"urlTemplate\":\"https:\\\/\\\/fjala.info\\\/2009-2015\\\/?s={search_term_string}\"},\"query-input\":{\"@type\":\"PropertyValueSpecification\",\"valueRequired\":true,\"valueName\":\"search_term_string\"}}],\"inLanguage\":\"sq-AL\"},{\"@type\":\"Organization\",\"@id\":\"https:\\\/\\\/fjala.info\\\/2009-2015\\\/#organization\",\"name\":\"FjALA e LIR\u00cb - Arkivi\",\"url\":\"https:\\\/\\\/fjala.info\\\/2009-2015\\\/\",\"logo\":{\"@type\":\"ImageObject\",\"inLanguage\":\"sq-AL\",\"@id\":\"https:\\\/\\\/fjala.info\\\/2009-2015\\\/#\\\/schema\\\/logo\\\/image\\\/\",\"url\":\"\",\"contentUrl\":\"\",\"caption\":\"FjALA e LIR\u00cb - Arkivi\"},\"image\":{\"@id\":\"https:\\\/\\\/fjala.info\\\/2009-2015\\\/#\\\/schema\\\/logo\\\/image\\\/\"}},{\"@type\":\"Person\",\"@id\":\"https:\\\/\\\/fjala.info\\\/2009-2015\\\/#\\\/schema\\\/person\\\/3aa1163ef05469c496fc94e77611ada2\",\"name\":\"admin\",\"image\":{\"@type\":\"ImageObject\",\"inLanguage\":\"sq-AL\",\"@id\":\"https:\\\/\\\/fjala.info\\\/2009-2015\\\/wp-content\\\/uploads\\\/2012\\\/02\\\/arben_cokaj-120x150.jpg\",\"url\":\"https:\\\/\\\/fjala.info\\\/2009-2015\\\/wp-content\\\/uploads\\\/2012\\\/02\\\/arben_cokaj-120x150.jpg\",\"contentUrl\":\"https:\\\/\\\/fjala.info\\\/2009-2015\\\/wp-content\\\/uploads\\\/2012\\\/02\\\/arben_cokaj-120x150.jpg\",\"caption\":\"admin\"},\"description\":\"Admin, Fjala e Lir\u00eb\",\"sameAs\":[\"https:\\\/\\\/fjala.info\\\/\"],\"url\":\"https:\\\/\\\/fjala.info\\\/2009-2015\\\/author\\\/admin\\\/\"}]}<\/script>\n<!-- \/ Yoast SEO plugin. -->","yoast_head_json":{"title":"\u201cMILIONA\u201d VIZITOR\u00cbVE DHE TURIZMI ASKETIK I QEVERIS\u00cb BERISHA - FjALA e LIR\u00cb - Arkivi","robots":{"index":"index","follow":"follow","max-snippet":"max-snippet:-1","max-image-preview":"max-image-preview:large","max-video-preview":"max-video-preview:-1"},"canonical":"https:\/\/fjala.info\/2009-2015\/miliona-vizitoreve-dhe-turizmi-asketik-i-qeverise-berisha\/","og_locale":"sq_AL","og_type":"article","og_title":"\u201cMILIONA\u201d VIZITOR\u00cbVE DHE TURIZMI ASKETIK I QEVERIS\u00cb BERISHA - FjALA e LIR\u00cb - Arkivi","og_description":"Andrea Stefani Qeveria ka nisur nj\u00eb fushat\u00eb p\u00ebr t\u00eb propaganduar suksesin \u201ce jasht\u00ebzakonsh\u00ebm\u201d q\u00eb \u00ebsht\u00eb arritur k\u00ebt\u00eb sezon n\u00eb fush\u00ebn e turizmit. Dhe sipas saj, tregues p\u00ebr k\u00ebt\u00eb jan\u00eb po statistikat e qeveris\u00eb q\u00eb pretendojn\u00eb nj\u00eb rritje t\u00eb numrit t\u00eb turist\u00ebve si askund n\u00eb rajon. Madje vet\u00eb Kryeministri Berisha u mburr se k\u00ebt\u00eb vit numri [&hellip;]","og_url":"https:\/\/fjala.info\/2009-2015\/miliona-vizitoreve-dhe-turizmi-asketik-i-qeverise-berisha\/","og_site_name":"FjALA e LIR\u00cb - Arkivi","article_published_time":"2010-09-15T08:18:18+00:00","og_image":[{"url":"http:\/\/www.shkoder.net\/images\/fjala\/andrea_stefani.jpg","type":"","width":"","height":""}],"author":"admin","twitter_card":"summary_large_image","twitter_misc":{"Written by":"admin","Est. reading time":"6 minutes"},"schema":{"@context":"https:\/\/schema.org","@graph":[{"@type":"Article","@id":"https:\/\/fjala.info\/2009-2015\/miliona-vizitoreve-dhe-turizmi-asketik-i-qeverise-berisha\/#article","isPartOf":{"@id":"https:\/\/fjala.info\/2009-2015\/miliona-vizitoreve-dhe-turizmi-asketik-i-qeverise-berisha\/"},"author":{"name":"admin","@id":"https:\/\/fjala.info\/2009-2015\/#\/schema\/person\/3aa1163ef05469c496fc94e77611ada2"},"headline":"\u201cMILIONA\u201d VIZITOR\u00cbVE DHE TURIZMI ASKETIK I QEVERIS\u00cb BERISHA","datePublished":"2010-09-15T08:18:18+00:00","mainEntityOfPage":{"@id":"https:\/\/fjala.info\/2009-2015\/miliona-vizitoreve-dhe-turizmi-asketik-i-qeverise-berisha\/"},"wordCount":1306,"commentCount":0,"publisher":{"@id":"https:\/\/fjala.info\/2009-2015\/#organization"},"image":{"@id":"https:\/\/fjala.info\/2009-2015\/miliona-vizitoreve-dhe-turizmi-asketik-i-qeverise-berisha\/#primaryimage"},"thumbnailUrl":"http:\/\/www.shkoder.net\/images\/fjala\/andrea_stefani.jpg","articleSection":["Artikuj"],"inLanguage":"sq-AL","potentialAction":[{"@type":"CommentAction","name":"Comment","target":["https:\/\/fjala.info\/2009-2015\/miliona-vizitoreve-dhe-turizmi-asketik-i-qeverise-berisha\/#respond"]}]},{"@type":"WebPage","@id":"https:\/\/fjala.info\/2009-2015\/miliona-vizitoreve-dhe-turizmi-asketik-i-qeverise-berisha\/","url":"https:\/\/fjala.info\/2009-2015\/miliona-vizitoreve-dhe-turizmi-asketik-i-qeverise-berisha\/","name":"\u201cMILIONA\u201d VIZITOR\u00cbVE DHE TURIZMI ASKETIK I QEVERIS\u00cb BERISHA - FjALA e LIR\u00cb - Arkivi","isPartOf":{"@id":"https:\/\/fjala.info\/2009-2015\/#website"},"primaryImageOfPage":{"@id":"https:\/\/fjala.info\/2009-2015\/miliona-vizitoreve-dhe-turizmi-asketik-i-qeverise-berisha\/#primaryimage"},"image":{"@id":"https:\/\/fjala.info\/2009-2015\/miliona-vizitoreve-dhe-turizmi-asketik-i-qeverise-berisha\/#primaryimage"},"thumbnailUrl":"http:\/\/www.shkoder.net\/images\/fjala\/andrea_stefani.jpg","datePublished":"2010-09-15T08:18:18+00:00","breadcrumb":{"@id":"https:\/\/fjala.info\/2009-2015\/miliona-vizitoreve-dhe-turizmi-asketik-i-qeverise-berisha\/#breadcrumb"},"inLanguage":"sq-AL","potentialAction":[{"@type":"ReadAction","target":["https:\/\/fjala.info\/2009-2015\/miliona-vizitoreve-dhe-turizmi-asketik-i-qeverise-berisha\/"]}]},{"@type":"ImageObject","inLanguage":"sq-AL","@id":"https:\/\/fjala.info\/2009-2015\/miliona-vizitoreve-dhe-turizmi-asketik-i-qeverise-berisha\/#primaryimage","url":"http:\/\/www.shkoder.net\/images\/fjala\/andrea_stefani.jpg","contentUrl":"http:\/\/www.shkoder.net\/images\/fjala\/andrea_stefani.jpg"},{"@type":"BreadcrumbList","@id":"https:\/\/fjala.info\/2009-2015\/miliona-vizitoreve-dhe-turizmi-asketik-i-qeverise-berisha\/#breadcrumb","itemListElement":[{"@type":"ListItem","position":1,"name":"Home","item":"https:\/\/fjala.info\/2009-2015\/"},{"@type":"ListItem","position":2,"name":"\u201cMILIONA\u201d VIZITOR\u00cbVE DHE TURIZMI ASKETIK I QEVERIS\u00cb BERISHA"}]},{"@type":"WebSite","@id":"https:\/\/fjala.info\/2009-2015\/#website","url":"https:\/\/fjala.info\/2009-2015\/","name":"FjALA e LIR\u00cb - Arkivi","description":"Arkivi 2009-2015","publisher":{"@id":"https:\/\/fjala.info\/2009-2015\/#organization"},"potentialAction":[{"@type":"SearchAction","target":{"@type":"EntryPoint","urlTemplate":"https:\/\/fjala.info\/2009-2015\/?s={search_term_string}"},"query-input":{"@type":"PropertyValueSpecification","valueRequired":true,"valueName":"search_term_string"}}],"inLanguage":"sq-AL"},{"@type":"Organization","@id":"https:\/\/fjala.info\/2009-2015\/#organization","name":"FjALA e LIR\u00cb - Arkivi","url":"https:\/\/fjala.info\/2009-2015\/","logo":{"@type":"ImageObject","inLanguage":"sq-AL","@id":"https:\/\/fjala.info\/2009-2015\/#\/schema\/logo\/image\/","url":"","contentUrl":"","caption":"FjALA e LIR\u00cb - Arkivi"},"image":{"@id":"https:\/\/fjala.info\/2009-2015\/#\/schema\/logo\/image\/"}},{"@type":"Person","@id":"https:\/\/fjala.info\/2009-2015\/#\/schema\/person\/3aa1163ef05469c496fc94e77611ada2","name":"admin","image":{"@type":"ImageObject","inLanguage":"sq-AL","@id":"https:\/\/fjala.info\/2009-2015\/wp-content\/uploads\/2012\/02\/arben_cokaj-120x150.jpg","url":"https:\/\/fjala.info\/2009-2015\/wp-content\/uploads\/2012\/02\/arben_cokaj-120x150.jpg","contentUrl":"https:\/\/fjala.info\/2009-2015\/wp-content\/uploads\/2012\/02\/arben_cokaj-120x150.jpg","caption":"admin"},"description":"Admin, Fjala e Lir\u00eb","sameAs":["https:\/\/fjala.info\/"],"url":"https:\/\/fjala.info\/2009-2015\/author\/admin\/"}]}},"_links":{"self":[{"href":"https:\/\/fjala.info\/2009-2015\/wp-json\/wp\/v2\/posts\/3973","targetHints":{"allow":["GET"]}}],"collection":[{"href":"https:\/\/fjala.info\/2009-2015\/wp-json\/wp\/v2\/posts"}],"about":[{"href":"https:\/\/fjala.info\/2009-2015\/wp-json\/wp\/v2\/types\/post"}],"author":[{"embeddable":true,"href":"https:\/\/fjala.info\/2009-2015\/wp-json\/wp\/v2\/users\/1"}],"replies":[{"embeddable":true,"href":"https:\/\/fjala.info\/2009-2015\/wp-json\/wp\/v2\/comments?post=3973"}],"version-history":[{"count":0,"href":"https:\/\/fjala.info\/2009-2015\/wp-json\/wp\/v2\/posts\/3973\/revisions"}],"wp:attachment":[{"href":"https:\/\/fjala.info\/2009-2015\/wp-json\/wp\/v2\/media?parent=3973"}],"wp:term":[{"taxonomy":"category","embeddable":true,"href":"https:\/\/fjala.info\/2009-2015\/wp-json\/wp\/v2\/categories?post=3973"},{"taxonomy":"post_tag","embeddable":true,"href":"https:\/\/fjala.info\/2009-2015\/wp-json\/wp\/v2\/tags?post=3973"}],"curies":[{"name":"wp","href":"https:\/\/api.w.org\/{rel}","templated":true}]}}