{"id":3971,"date":"2010-09-15T09:15:37","date_gmt":"2010-09-15T08:15:37","guid":{"rendered":"http:\/\/fjala.shkoder.net\/?p=3971"},"modified":"2010-09-15T09:15:37","modified_gmt":"2010-09-15T08:15:37","slug":"dhe-keshtu-fillojne-negociatat","status":"publish","type":"post","link":"https:\/\/fjala.info\/2009-2015\/dhe-keshtu-fillojne-negociatat\/","title":{"rendered":"Dhe k\u00ebshtu fillojn\u00eb negociatat"},"content":{"rendered":"<p><img decoding=\"async\" style=\"margin-left: 10px; margin-right: 10px; border: 0px;\" title=\"Veton Surroi\" src=\"http:\/\/www.shkoder.net\/images\/fjala\/veton_surroi.jpg\" border=\"0\" alt=\"\" width=\"100\" align=\"left\" \/><\/p>\n<p><strong>Veton Surroi<\/strong><\/p>\n<p><strong>Nt: BE, Kosova dhe Serbia: Tri personazhe n\u00eb k\u00ebrkim t\u00eb rolit<\/strong><\/p>\n<p>1. Skena teatrale q\u00eb p\u00ebrfundoi pastaj me aprovimin e Rezolut\u00ebs s\u00eb Asambles\u00eb s\u00eb P\u00ebrgjithshme t\u00eb OKB-s\u00eb p\u00ebr Kosov\u00ebn b\u00ebri nj\u00eb prerje t\u00eb roleve n\u00eb trek\u00ebnd\u00ebshin BE-Serbi-Kosov\u00eb, prerje q\u00eb mund t\u00eb jet\u00eb simbolike p\u00ebr muajt e vitet q\u00eb vijn\u00eb.<\/p>\n<p>Personazhi i par\u00eb, Serbia, ishte s\u00ebrish n\u00eb qend\u00ebr t\u00eb v\u00ebmendjes, me k\u00ebrkes\u00eb q\u00eb nga salla t\u00eb largohen p\u00ebrfaq\u00ebsuesit e Kosov\u00ebs. Personazhi i dyt\u00eb, BE-ja, ishte e befasuar me iniciativ\u00ebn e radh\u00ebs s\u00eb Serbis\u00eb. Personazhi i tret\u00eb, Kosova, ishte duke v\u00ebzhguar t\u00ebr\u00eb k\u00ebt\u00eb ngjarje, nga vendet e rezervuara p\u00ebr v\u00ebzhgues.<\/p>\n<p>Inskenimi teatral do t\u00eb vazhdonte pas aprovimit t\u00eb rezolut\u00ebs, po ashtu. Nj\u00eb tekst rezolute q\u00eb u shpjegon personave q\u00eb nuk jan\u00eb m\u00eb t\u00eb mitur se dialogu \u00ebsht\u00eb nj\u00eb gj\u00eb e mir\u00eb, p\u00ebrnj\u00ebher\u00eb u shnd\u00ebrrua n\u00eb fitore t\u00eb madhe. P\u00ebr Serbin\u00eb, p\u00ebr BE-n\u00eb dhe p\u00ebr Kosov\u00ebn.<\/p>\n<p>Par\u00eb nga k\u00ebndi deklarativ, t\u00eb gjith\u00eb pat\u00ebn arsye t\u00eb shpallin fitore. Serbia, ngaq\u00eb kishte arritur t\u00eb nd\u00ebrtonte s\u00eb bashku me BE-n\u00eb nj\u00eb tekst, t\u00eb cilin mund ta interpretonte si vazhdim t\u00eb negociatave p\u00ebr statusin e Kosov\u00ebs. BE-ja, ngaq\u00eb e kishte detyruar Serbin\u00eb q\u00eb t\u00eb dakordoj\u00eb me t\u00eb tekstin e rezolut\u00ebs, me \u00e7\u2019gj\u00eb \u00e7\u00ebshtja e Kosov\u00ebs largohet nga OKB-ja dhe hyn n\u00eb rrafshin politik europian. Kosova, ngase kishte d\u00ebshtuar p\u00ebrpjekja e Serbis\u00eb p\u00ebr t\u00eb miratuar nj\u00eb rezolut\u00eb antikosovare.<\/p>\n<p>2. Ky inskenim teatral, megjithat\u00eb, ka p\u00ebr personazhet ende tekst g\u00ebzimi e brenge. Nga aspekti taktik, Serbia arriti nj\u00eb fitore t\u00eb pashpallur, duke e nd\u00ebrruar diskursin pas mendimit t\u00eb GJND-s\u00eb. Anipse vet\u00eb e kishte k\u00ebrkuar mendimin dhe ky ishte krejt\u00ebsisht i qart\u00eb dhe n\u00eb disfavor t\u00eb Serbis\u00eb, Beogradi zyrtar p\u00ebrdori ofensiv\u00ebn me draft-rezolut\u00ebn p\u00ebr t\u00eb t\u00ebrhequr v\u00ebmendjen nga p\u00ebrmbajtja e mendimit. Dhe k\u00ebt\u00eb e b\u00ebri me sukses: ajo q\u00eb do t\u00eb duhej t\u00eb ishte ofensiv\u00eb diplomatike e Kosov\u00ebs p\u00ebr t\u00eb p\u00ebrdorur mendimin e GJND-s\u00eb p\u00ebr njohje t\u00eb pavar\u00ebsis\u00eb s\u00eb Kosov\u00ebs nga vendet e Bot\u00ebs s\u00eb Tret\u00eb u shnd\u00ebrrua n\u00eb nj\u00eb ofensiv\u00eb t\u00eb p\u00ebrkrah\u00ebsve per\u00ebndimor\u00eb t\u00eb pavar\u00ebsis\u00eb s\u00eb Kosov\u00ebs p\u00ebr t\u00eb bllokuar iniciativ\u00ebn e re t\u00eb Serbis\u00eb.<\/p>\n<p>Nga aspekti strategjik, megjithat\u00eb, Beogradi ka arsye t\u00eb brengoset. Me dram\u00ebn rreth rezolut\u00ebs, Serbia p\u00ebr her\u00eb t\u00eb par\u00eb u t\u00ebrhoq nga nj\u00eb politik\u00eb q\u00eb do t\u00eb mb\u00ebshtetej te Bota e Tret\u00eb, t\u00eb painkuadruarit apo shtetet e fuqishme q\u00eb jan\u00eb kund\u00ebr pavar\u00ebsis\u00eb s\u00eb Kosov\u00ebs dhe do ta shpinte \u00e7\u00ebshtjen e Kosov\u00ebs me dor\u00ebn e vet prej OKB-s\u00eb n\u00eb BE. Me k\u00ebt\u00eb, raporti mes Kosov\u00ebs dhe Serbis\u00eb do t\u00eb kusht\u00ebzohet shum\u00eb m\u00eb pak nga Rezoluta 1244 e shum\u00eb m\u00eb tep\u00ebr nga procesi i integrimit n\u00eb BE. N\u00eb udh\u00ebkryqin Managua-Bruksel, Serbia \u00ebsht\u00eb sot m\u00eb af\u00ebr p\u00ebrzgjedhjes s\u00eb rrug\u00ebtimit drejt Brukselit, e kjo do t\u00eb thot\u00eb edhe sjellje p\u00ebrkat\u00ebse.<\/p>\n<p>BE-ja po ashtu sh\u00ebnoi nj\u00eb fitore t\u00eb veten t\u00eb pashpallur. Pas miratimit t\u00eb Traktatit t\u00eb Lisbon\u00ebs, i cili i jep kompetenca shtes\u00eb Komisionit Europian n\u00eb \u00c7\u00ebshtje t\u00eb Politik\u00ebs s\u00eb Jashtme, Baronesha Ashton arriti q\u00eb t\u00eb bashkoj\u00eb mendimin e 27 vendeve an\u00ebtare kund\u00ebr draft-rezolut\u00ebs serbe. Por, edhe kjo fitore taktike ka kok\u00ebdhembjen e vet t\u00eb madhe p\u00ebrpara. BE-ja, me tekstin q\u00eb dakordoi me Serbin\u00eb, arriti tek em\u00ebrtuesi m\u00eb i ul\u00ebt i p\u00ebrbashk\u00ebt (dialogu \u00ebsht\u00eb gj\u00eb e mir\u00eb) e nj\u00eb platform\u00eb e k\u00ebtill\u00eb v\u00ebshtir\u00eb q\u00eb mund t\u00eb mbaj\u00eb uj\u00eb p\u00ebr \u00e7far\u00ebdo procesi serioz dialogu mes Kosov\u00ebs dhe Serbis\u00eb. P\u00ebr Kosov\u00ebn nuk ka ndonj\u00eb relevanc\u00eb fitorja taktike e Brukselit, por definimi i Kosov\u00ebs si pal\u00eb e barabart\u00eb n\u00eb k\u00ebt\u00eb dialog, e kjo n\u00ebnkupton q\u00eb Kosova duhet t\u00eb njihet si pal\u00eb kontraktuese n\u00eb procesin integrues europian.<\/p>\n<p>3. Kosova \u00ebsht\u00eb n\u00eb nj\u00eb situat\u00eb t\u00eb ve\u00e7ant\u00eb, ku i g\u00ebzohet \u00e7do gj\u00ebje. Duke qen\u00eb v\u00ebzhguese e ngjarjeve rreth vetes, fitore quhet \u00e7do gj\u00eb, posa\u00e7\u00ebrisht ngase vjen si fryt i mundit t\u00eb huaj, apo pse mund t\u00eb p\u00ebrdoren shum\u00eb mir\u00eb n\u00eb tregun e brendsh\u00ebm politik. E k\u00ebtill\u00eb ishte edhe \u00e7\u00ebshtja e q\u00ebndrimit t\u00eb krer\u00ebve shtet\u00ebror\u00eb n\u00eb sall\u00ebn e Asambles\u00eb. Ajo mori dimensionin e nj\u00eb fitore morale t\u00eb Kosov\u00ebs, por n\u00eb thelb as ishte fryt i pun\u00ebs s\u00eb Kosov\u00ebs e as kishte ndonj\u00eb pesh\u00eb vendimi; rezoluta do t\u00eb kalonte me apo pranin\u00eb e tyre, as q\u00eb do t\u00eb pyeteshin p\u00ebr t\u00eb.<\/p>\n<p>Kjo gjendje megjithat\u00eb duhet ta brengos\u00eb Kosov\u00ebn. Procesi i dialogut me Serbin\u00eb, me rolin leht\u00ebsues t\u00eb BE-s\u00eb, \u00ebsht\u00eb nj\u00eb sfid\u00eb e gjat\u00eb me shum\u00eb t\u00eb panjohura. S\u00eb pari, ngase Kosova nuk ka politik\u00ebb\u00ebrje n\u00eb k\u00ebt\u00eb drejtim, e s\u00eb dyti ngase roli leht\u00ebsues i BE-s\u00eb nuk \u00ebsht\u00eb i fiksuar. Ky rol, i cili fillon nga pika m\u00eb e ul\u00ebt e em\u00ebrtuesit t\u00eb p\u00ebrbashk\u00ebt, do t\u00eb nd\u00ebrtohet p\u00ebr \u00e7do dit\u00eb n\u00eb balanc\u00ebn e shteteve t\u00eb BE-s\u00eb, gjegj\u00ebsisht t\u00eb balanc\u00ebs mes BE-s\u00eb dhe Serbis\u00eb. Kosova e pap\u00ebrgatitur shum\u00eb shpejt mund t\u00eb gjendet n\u00ebn trysnin\u00eb e nj\u00eb procesi negociator, ku interesi i fundit n\u00eb tavolin\u00eb \u00ebsht\u00eb ai i Kosov\u00ebs.<\/p>\n<p>4. Dy t\u00eb panjohura do t\u00eb trajtohen n\u00eb jav\u00ebt n\u00eb vijim. E para \u00ebsht\u00eb korniza e dialogut: \u00e7ka \u00ebsht\u00eb ajo q\u00eb duhet ta ul\u00eb Prishtin\u00ebn e Beogradin n\u00eb nj\u00eb tavolin\u00eb t\u00eb siguruar nga Brukseli?<br \/>\nE dyta \u00ebsht\u00eb korniza kohore: sa do t\u00eb zgjas\u00eb ky proces, si do t\u2019i definohet fundi, cili \u00ebsht\u00eb mat\u00ebsi kohor i suksesit t\u00eb tij?<\/p>\n<p>Dhe k\u00ebshtu fillojn\u00eb negociatat.<\/p>\n","protected":false},"excerpt":{"rendered":"<p>Veton Surroi Nt: BE, Kosova dhe Serbia: Tri personazhe n\u00eb k\u00ebrkim t\u00eb rolit 1. Skena teatrale q\u00eb p\u00ebrfundoi pastaj me aprovimin e Rezolut\u00ebs s\u00eb Asambles\u00eb s\u00eb P\u00ebrgjithshme t\u00eb OKB-s\u00eb p\u00ebr Kosov\u00ebn b\u00ebri nj\u00eb prerje t\u00eb roleve n\u00eb trek\u00ebnd\u00ebshin BE-Serbi-Kosov\u00eb, prerje q\u00eb mund t\u00eb jet\u00eb simbolike p\u00ebr muajt e vitet q\u00eb vijn\u00eb. Personazhi i par\u00eb, Serbia, [&hellip;]<\/p>\n","protected":false},"author":1,"featured_media":0,"comment_status":"open","ping_status":"closed","sticky":false,"template":"","format":"standard","meta":{"footnotes":""},"categories":[2],"tags":[],"class_list":{"0":"post-3971","1":"post","2":"type-post","3":"status-publish","4":"format-standard","6":"category-artikuj"},"yoast_head":"<!-- This site is optimized with the Yoast SEO plugin v27.4 - https:\/\/yoast.com\/product\/yoast-seo-wordpress\/ -->\n<title>Dhe k\u00ebshtu fillojn\u00eb negociatat - FjALA e LIR\u00cb - Arkivi<\/title>\n<meta name=\"robots\" content=\"index, follow, max-snippet:-1, max-image-preview:large, max-video-preview:-1\" \/>\n<link rel=\"canonical\" href=\"https:\/\/fjala.info\/2009-2015\/dhe-keshtu-fillojne-negociatat\/\" \/>\n<meta property=\"og:locale\" content=\"sq_AL\" \/>\n<meta property=\"og:type\" content=\"article\" \/>\n<meta property=\"og:title\" content=\"Dhe k\u00ebshtu fillojn\u00eb negociatat - FjALA e LIR\u00cb - Arkivi\" \/>\n<meta property=\"og:description\" content=\"Veton Surroi Nt: BE, Kosova dhe Serbia: Tri personazhe n\u00eb k\u00ebrkim t\u00eb rolit 1. Skena teatrale q\u00eb p\u00ebrfundoi pastaj me aprovimin e Rezolut\u00ebs s\u00eb Asambles\u00eb s\u00eb P\u00ebrgjithshme t\u00eb OKB-s\u00eb p\u00ebr Kosov\u00ebn b\u00ebri nj\u00eb prerje t\u00eb roleve n\u00eb trek\u00ebnd\u00ebshin BE-Serbi-Kosov\u00eb, prerje q\u00eb mund t\u00eb jet\u00eb simbolike p\u00ebr muajt e vitet q\u00eb vijn\u00eb. Personazhi i par\u00eb, Serbia, [&hellip;]\" \/>\n<meta property=\"og:url\" content=\"https:\/\/fjala.info\/2009-2015\/dhe-keshtu-fillojne-negociatat\/\" \/>\n<meta property=\"og:site_name\" content=\"FjALA e LIR\u00cb - Arkivi\" \/>\n<meta property=\"article:published_time\" content=\"2010-09-15T08:15:37+00:00\" \/>\n<meta property=\"og:image\" content=\"http:\/\/www.shkoder.net\/images\/fjala\/veton_surroi.jpg\" \/>\n<meta name=\"author\" content=\"admin\" \/>\n<meta name=\"twitter:card\" content=\"summary_large_image\" \/>\n<meta name=\"twitter:label1\" content=\"Written by\" \/>\n\t<meta name=\"twitter:data1\" content=\"admin\" \/>\n\t<meta name=\"twitter:label2\" content=\"Est. reading time\" \/>\n\t<meta name=\"twitter:data2\" content=\"5 minutes\" \/>\n<script type=\"application\/ld+json\" class=\"yoast-schema-graph\">{\"@context\":\"https:\\\/\\\/schema.org\",\"@graph\":[{\"@type\":\"Article\",\"@id\":\"https:\\\/\\\/fjala.info\\\/2009-2015\\\/dhe-keshtu-fillojne-negociatat\\\/#article\",\"isPartOf\":{\"@id\":\"https:\\\/\\\/fjala.info\\\/2009-2015\\\/dhe-keshtu-fillojne-negociatat\\\/\"},\"author\":{\"name\":\"admin\",\"@id\":\"https:\\\/\\\/fjala.info\\\/2009-2015\\\/#\\\/schema\\\/person\\\/3aa1163ef05469c496fc94e77611ada2\"},\"headline\":\"Dhe k\u00ebshtu fillojn\u00eb negociatat\",\"datePublished\":\"2010-09-15T08:15:37+00:00\",\"mainEntityOfPage\":{\"@id\":\"https:\\\/\\\/fjala.info\\\/2009-2015\\\/dhe-keshtu-fillojne-negociatat\\\/\"},\"wordCount\":993,\"commentCount\":0,\"publisher\":{\"@id\":\"https:\\\/\\\/fjala.info\\\/2009-2015\\\/#organization\"},\"image\":{\"@id\":\"https:\\\/\\\/fjala.info\\\/2009-2015\\\/dhe-keshtu-fillojne-negociatat\\\/#primaryimage\"},\"thumbnailUrl\":\"http:\\\/\\\/www.shkoder.net\\\/images\\\/fjala\\\/veton_surroi.jpg\",\"articleSection\":[\"Artikuj\"],\"inLanguage\":\"sq-AL\",\"potentialAction\":[{\"@type\":\"CommentAction\",\"name\":\"Comment\",\"target\":[\"https:\\\/\\\/fjala.info\\\/2009-2015\\\/dhe-keshtu-fillojne-negociatat\\\/#respond\"]}]},{\"@type\":\"WebPage\",\"@id\":\"https:\\\/\\\/fjala.info\\\/2009-2015\\\/dhe-keshtu-fillojne-negociatat\\\/\",\"url\":\"https:\\\/\\\/fjala.info\\\/2009-2015\\\/dhe-keshtu-fillojne-negociatat\\\/\",\"name\":\"Dhe k\u00ebshtu fillojn\u00eb negociatat - FjALA e LIR\u00cb - Arkivi\",\"isPartOf\":{\"@id\":\"https:\\\/\\\/fjala.info\\\/2009-2015\\\/#website\"},\"primaryImageOfPage\":{\"@id\":\"https:\\\/\\\/fjala.info\\\/2009-2015\\\/dhe-keshtu-fillojne-negociatat\\\/#primaryimage\"},\"image\":{\"@id\":\"https:\\\/\\\/fjala.info\\\/2009-2015\\\/dhe-keshtu-fillojne-negociatat\\\/#primaryimage\"},\"thumbnailUrl\":\"http:\\\/\\\/www.shkoder.net\\\/images\\\/fjala\\\/veton_surroi.jpg\",\"datePublished\":\"2010-09-15T08:15:37+00:00\",\"breadcrumb\":{\"@id\":\"https:\\\/\\\/fjala.info\\\/2009-2015\\\/dhe-keshtu-fillojne-negociatat\\\/#breadcrumb\"},\"inLanguage\":\"sq-AL\",\"potentialAction\":[{\"@type\":\"ReadAction\",\"target\":[\"https:\\\/\\\/fjala.info\\\/2009-2015\\\/dhe-keshtu-fillojne-negociatat\\\/\"]}]},{\"@type\":\"ImageObject\",\"inLanguage\":\"sq-AL\",\"@id\":\"https:\\\/\\\/fjala.info\\\/2009-2015\\\/dhe-keshtu-fillojne-negociatat\\\/#primaryimage\",\"url\":\"http:\\\/\\\/www.shkoder.net\\\/images\\\/fjala\\\/veton_surroi.jpg\",\"contentUrl\":\"http:\\\/\\\/www.shkoder.net\\\/images\\\/fjala\\\/veton_surroi.jpg\"},{\"@type\":\"BreadcrumbList\",\"@id\":\"https:\\\/\\\/fjala.info\\\/2009-2015\\\/dhe-keshtu-fillojne-negociatat\\\/#breadcrumb\",\"itemListElement\":[{\"@type\":\"ListItem\",\"position\":1,\"name\":\"Home\",\"item\":\"https:\\\/\\\/fjala.info\\\/2009-2015\\\/\"},{\"@type\":\"ListItem\",\"position\":2,\"name\":\"Dhe k\u00ebshtu fillojn\u00eb negociatat\"}]},{\"@type\":\"WebSite\",\"@id\":\"https:\\\/\\\/fjala.info\\\/2009-2015\\\/#website\",\"url\":\"https:\\\/\\\/fjala.info\\\/2009-2015\\\/\",\"name\":\"FjALA e LIR\u00cb - Arkivi\",\"description\":\"Arkivi 2009-2015\",\"publisher\":{\"@id\":\"https:\\\/\\\/fjala.info\\\/2009-2015\\\/#organization\"},\"potentialAction\":[{\"@type\":\"SearchAction\",\"target\":{\"@type\":\"EntryPoint\",\"urlTemplate\":\"https:\\\/\\\/fjala.info\\\/2009-2015\\\/?s={search_term_string}\"},\"query-input\":{\"@type\":\"PropertyValueSpecification\",\"valueRequired\":true,\"valueName\":\"search_term_string\"}}],\"inLanguage\":\"sq-AL\"},{\"@type\":\"Organization\",\"@id\":\"https:\\\/\\\/fjala.info\\\/2009-2015\\\/#organization\",\"name\":\"FjALA e LIR\u00cb - Arkivi\",\"url\":\"https:\\\/\\\/fjala.info\\\/2009-2015\\\/\",\"logo\":{\"@type\":\"ImageObject\",\"inLanguage\":\"sq-AL\",\"@id\":\"https:\\\/\\\/fjala.info\\\/2009-2015\\\/#\\\/schema\\\/logo\\\/image\\\/\",\"url\":\"\",\"contentUrl\":\"\",\"caption\":\"FjALA e LIR\u00cb - Arkivi\"},\"image\":{\"@id\":\"https:\\\/\\\/fjala.info\\\/2009-2015\\\/#\\\/schema\\\/logo\\\/image\\\/\"}},{\"@type\":\"Person\",\"@id\":\"https:\\\/\\\/fjala.info\\\/2009-2015\\\/#\\\/schema\\\/person\\\/3aa1163ef05469c496fc94e77611ada2\",\"name\":\"admin\",\"image\":{\"@type\":\"ImageObject\",\"inLanguage\":\"sq-AL\",\"@id\":\"https:\\\/\\\/fjala.info\\\/2009-2015\\\/wp-content\\\/uploads\\\/2012\\\/02\\\/arben_cokaj-120x150.jpg\",\"url\":\"https:\\\/\\\/fjala.info\\\/2009-2015\\\/wp-content\\\/uploads\\\/2012\\\/02\\\/arben_cokaj-120x150.jpg\",\"contentUrl\":\"https:\\\/\\\/fjala.info\\\/2009-2015\\\/wp-content\\\/uploads\\\/2012\\\/02\\\/arben_cokaj-120x150.jpg\",\"caption\":\"admin\"},\"description\":\"Admin, Fjala e Lir\u00eb\",\"sameAs\":[\"https:\\\/\\\/fjala.info\\\/\"],\"url\":\"https:\\\/\\\/fjala.info\\\/2009-2015\\\/author\\\/admin\\\/\"}]}<\/script>\n<!-- \/ Yoast SEO plugin. -->","yoast_head_json":{"title":"Dhe k\u00ebshtu fillojn\u00eb negociatat - FjALA e LIR\u00cb - Arkivi","robots":{"index":"index","follow":"follow","max-snippet":"max-snippet:-1","max-image-preview":"max-image-preview:large","max-video-preview":"max-video-preview:-1"},"canonical":"https:\/\/fjala.info\/2009-2015\/dhe-keshtu-fillojne-negociatat\/","og_locale":"sq_AL","og_type":"article","og_title":"Dhe k\u00ebshtu fillojn\u00eb negociatat - FjALA e LIR\u00cb - Arkivi","og_description":"Veton Surroi Nt: BE, Kosova dhe Serbia: Tri personazhe n\u00eb k\u00ebrkim t\u00eb rolit 1. Skena teatrale q\u00eb p\u00ebrfundoi pastaj me aprovimin e Rezolut\u00ebs s\u00eb Asambles\u00eb s\u00eb P\u00ebrgjithshme t\u00eb OKB-s\u00eb p\u00ebr Kosov\u00ebn b\u00ebri nj\u00eb prerje t\u00eb roleve n\u00eb trek\u00ebnd\u00ebshin BE-Serbi-Kosov\u00eb, prerje q\u00eb mund t\u00eb jet\u00eb simbolike p\u00ebr muajt e vitet q\u00eb vijn\u00eb. Personazhi i par\u00eb, Serbia, [&hellip;]","og_url":"https:\/\/fjala.info\/2009-2015\/dhe-keshtu-fillojne-negociatat\/","og_site_name":"FjALA e LIR\u00cb - Arkivi","article_published_time":"2010-09-15T08:15:37+00:00","og_image":[{"url":"http:\/\/www.shkoder.net\/images\/fjala\/veton_surroi.jpg","type":"","width":"","height":""}],"author":"admin","twitter_card":"summary_large_image","twitter_misc":{"Written by":"admin","Est. reading time":"5 minutes"},"schema":{"@context":"https:\/\/schema.org","@graph":[{"@type":"Article","@id":"https:\/\/fjala.info\/2009-2015\/dhe-keshtu-fillojne-negociatat\/#article","isPartOf":{"@id":"https:\/\/fjala.info\/2009-2015\/dhe-keshtu-fillojne-negociatat\/"},"author":{"name":"admin","@id":"https:\/\/fjala.info\/2009-2015\/#\/schema\/person\/3aa1163ef05469c496fc94e77611ada2"},"headline":"Dhe k\u00ebshtu fillojn\u00eb negociatat","datePublished":"2010-09-15T08:15:37+00:00","mainEntityOfPage":{"@id":"https:\/\/fjala.info\/2009-2015\/dhe-keshtu-fillojne-negociatat\/"},"wordCount":993,"commentCount":0,"publisher":{"@id":"https:\/\/fjala.info\/2009-2015\/#organization"},"image":{"@id":"https:\/\/fjala.info\/2009-2015\/dhe-keshtu-fillojne-negociatat\/#primaryimage"},"thumbnailUrl":"http:\/\/www.shkoder.net\/images\/fjala\/veton_surroi.jpg","articleSection":["Artikuj"],"inLanguage":"sq-AL","potentialAction":[{"@type":"CommentAction","name":"Comment","target":["https:\/\/fjala.info\/2009-2015\/dhe-keshtu-fillojne-negociatat\/#respond"]}]},{"@type":"WebPage","@id":"https:\/\/fjala.info\/2009-2015\/dhe-keshtu-fillojne-negociatat\/","url":"https:\/\/fjala.info\/2009-2015\/dhe-keshtu-fillojne-negociatat\/","name":"Dhe k\u00ebshtu fillojn\u00eb negociatat - FjALA e LIR\u00cb - Arkivi","isPartOf":{"@id":"https:\/\/fjala.info\/2009-2015\/#website"},"primaryImageOfPage":{"@id":"https:\/\/fjala.info\/2009-2015\/dhe-keshtu-fillojne-negociatat\/#primaryimage"},"image":{"@id":"https:\/\/fjala.info\/2009-2015\/dhe-keshtu-fillojne-negociatat\/#primaryimage"},"thumbnailUrl":"http:\/\/www.shkoder.net\/images\/fjala\/veton_surroi.jpg","datePublished":"2010-09-15T08:15:37+00:00","breadcrumb":{"@id":"https:\/\/fjala.info\/2009-2015\/dhe-keshtu-fillojne-negociatat\/#breadcrumb"},"inLanguage":"sq-AL","potentialAction":[{"@type":"ReadAction","target":["https:\/\/fjala.info\/2009-2015\/dhe-keshtu-fillojne-negociatat\/"]}]},{"@type":"ImageObject","inLanguage":"sq-AL","@id":"https:\/\/fjala.info\/2009-2015\/dhe-keshtu-fillojne-negociatat\/#primaryimage","url":"http:\/\/www.shkoder.net\/images\/fjala\/veton_surroi.jpg","contentUrl":"http:\/\/www.shkoder.net\/images\/fjala\/veton_surroi.jpg"},{"@type":"BreadcrumbList","@id":"https:\/\/fjala.info\/2009-2015\/dhe-keshtu-fillojne-negociatat\/#breadcrumb","itemListElement":[{"@type":"ListItem","position":1,"name":"Home","item":"https:\/\/fjala.info\/2009-2015\/"},{"@type":"ListItem","position":2,"name":"Dhe k\u00ebshtu fillojn\u00eb negociatat"}]},{"@type":"WebSite","@id":"https:\/\/fjala.info\/2009-2015\/#website","url":"https:\/\/fjala.info\/2009-2015\/","name":"FjALA e LIR\u00cb - Arkivi","description":"Arkivi 2009-2015","publisher":{"@id":"https:\/\/fjala.info\/2009-2015\/#organization"},"potentialAction":[{"@type":"SearchAction","target":{"@type":"EntryPoint","urlTemplate":"https:\/\/fjala.info\/2009-2015\/?s={search_term_string}"},"query-input":{"@type":"PropertyValueSpecification","valueRequired":true,"valueName":"search_term_string"}}],"inLanguage":"sq-AL"},{"@type":"Organization","@id":"https:\/\/fjala.info\/2009-2015\/#organization","name":"FjALA e LIR\u00cb - Arkivi","url":"https:\/\/fjala.info\/2009-2015\/","logo":{"@type":"ImageObject","inLanguage":"sq-AL","@id":"https:\/\/fjala.info\/2009-2015\/#\/schema\/logo\/image\/","url":"","contentUrl":"","caption":"FjALA e LIR\u00cb - Arkivi"},"image":{"@id":"https:\/\/fjala.info\/2009-2015\/#\/schema\/logo\/image\/"}},{"@type":"Person","@id":"https:\/\/fjala.info\/2009-2015\/#\/schema\/person\/3aa1163ef05469c496fc94e77611ada2","name":"admin","image":{"@type":"ImageObject","inLanguage":"sq-AL","@id":"https:\/\/fjala.info\/2009-2015\/wp-content\/uploads\/2012\/02\/arben_cokaj-120x150.jpg","url":"https:\/\/fjala.info\/2009-2015\/wp-content\/uploads\/2012\/02\/arben_cokaj-120x150.jpg","contentUrl":"https:\/\/fjala.info\/2009-2015\/wp-content\/uploads\/2012\/02\/arben_cokaj-120x150.jpg","caption":"admin"},"description":"Admin, Fjala e Lir\u00eb","sameAs":["https:\/\/fjala.info\/"],"url":"https:\/\/fjala.info\/2009-2015\/author\/admin\/"}]}},"_links":{"self":[{"href":"https:\/\/fjala.info\/2009-2015\/wp-json\/wp\/v2\/posts\/3971","targetHints":{"allow":["GET"]}}],"collection":[{"href":"https:\/\/fjala.info\/2009-2015\/wp-json\/wp\/v2\/posts"}],"about":[{"href":"https:\/\/fjala.info\/2009-2015\/wp-json\/wp\/v2\/types\/post"}],"author":[{"embeddable":true,"href":"https:\/\/fjala.info\/2009-2015\/wp-json\/wp\/v2\/users\/1"}],"replies":[{"embeddable":true,"href":"https:\/\/fjala.info\/2009-2015\/wp-json\/wp\/v2\/comments?post=3971"}],"version-history":[{"count":0,"href":"https:\/\/fjala.info\/2009-2015\/wp-json\/wp\/v2\/posts\/3971\/revisions"}],"wp:attachment":[{"href":"https:\/\/fjala.info\/2009-2015\/wp-json\/wp\/v2\/media?parent=3971"}],"wp:term":[{"taxonomy":"category","embeddable":true,"href":"https:\/\/fjala.info\/2009-2015\/wp-json\/wp\/v2\/categories?post=3971"},{"taxonomy":"post_tag","embeddable":true,"href":"https:\/\/fjala.info\/2009-2015\/wp-json\/wp\/v2\/tags?post=3971"}],"curies":[{"name":"wp","href":"https:\/\/api.w.org\/{rel}","templated":true}]}}