{"id":3950,"date":"2010-09-12T22:08:10","date_gmt":"2010-09-12T21:08:10","guid":{"rendered":"http:\/\/fjala.shkoder.net\/?p=3950"},"modified":"2010-09-12T22:08:10","modified_gmt":"2010-09-12T21:08:10","slug":"mero-baze-nje-rrefim-per-marredheniet-mes-azem-hajdarit-dhe-sali-berishes","status":"publish","type":"post","link":"https:\/\/fjala.info\/2009-2015\/mero-baze-nje-rrefim-per-marredheniet-mes-azem-hajdarit-dhe-sali-berishes\/","title":{"rendered":"Mero Baze, nj\u00eb rr\u00ebfim p\u00ebr marr\u00ebdh\u00ebniet mes Azem Hajdarit dhe Sali Berish\u00ebs"},"content":{"rendered":"<p><img loading=\"lazy\" decoding=\"async\" class=\"alignright size-medium wp-image-3951\" title=\"Azemi dhe Iizeti m\u00eb 20 shkurt\" src=\"http:\/\/fjala.shkoder.net\/wp-content\/uploads\/2010\/09\/azemi_izeti_20shkurt-300x188.jpg\" alt=\"\" width=\"300\" height=\"188\" \/><\/p>\n<p><strong>Mero Baze<\/strong>, 12.09.2010<\/p>\n<p><em>E para gj\u00eb q\u00eb t\u00eb vjen n\u00eb mend duke lexuar k\u00ebt\u00eb pjes\u00eb nga libri &#8220;1997&#8221; i Mero Bazes, i cili del s\u00eb shpejti n\u00eb treg \u00ebsht\u00eb: &#8220;Azemi i gjall\u00eb nuk iu desh kurr\u00eb, Azemi i vdekur i duhet \u00e7do 12 shtator p\u00ebrpara kamerave&#8230;&#8221;<\/em><br \/>\n<strong>Adrian Thano<\/strong><\/p>\n<p>Rreshtat e m\u00ebposht\u00ebm dhe ato q\u00eb do t\u00eb botohen n\u00eb vijim, jan\u00eb nj\u00eb d\u00ebshmi e r\u00ebnd\u00ebsishme p\u00ebr t\u00eb rikonfirmuar \u00e7far\u00eb ka n\u00ebn l\u00ebkur\u00ebn e personazhit, q\u00eb sot \u00ebsht\u00eb kryeminist\u00ebr dhe q\u00eb ka dominuar sken\u00ebn politike t\u00eb k\u00ebtyre viteve; k\u00ebt\u00eb sken\u00eb oklokrat\u00ebsh t\u00eb mbushur me burra t\u00eb vegj\u00ebl e t\u00eb ndotur, q\u00eb hyjn\u00eb e dalin, me damk\u00ebn e hajdutit t\u00eb pand\u00ebshkuar n\u00eb shpin\u00eb.<\/p>\n<p>Kjo cop\u00ebz e librit t\u00eb Bazes hedh drit\u00eb mbi nj\u00eb marr\u00ebdh\u00ebnie t\u00eb ve\u00e7ant\u00eb: at\u00eb mes Sali Berish\u00ebs dhe themeluesit t\u00eb PD-s\u00eb, Azem Hajdarit. Kur lexon k\u00ebto d\u00ebshmi dhe risjell n\u00eb mend si u p\u00ebrdor n\u00eb 14 shtator arkivoli i t\u00eb ndjerit, apo si shkon Sali Berisha \u00e7do shtator n\u00eb familjen Hajdari p\u00ebr t&#8217;u fotografuar duke puthur f\u00ebmij\u00ebt, ndjen trishtim&#8230; Nj\u00eb d\u00ebshmi si kjo e Bazes ngjall jo vet\u00ebm kureshtje; nj\u00eb hipokrizi si kjo e Sali Berish\u00ebs t\u00eb ngjall vet\u00ebm krup\u00eb.<br \/>\nAzem Hajdari u vra mbr\u00ebmjen e 12 shtatorit 1998. M\u00eb posht\u00eb, pjes\u00eb nga libri-d\u00ebshmi i Mero Bazes&#8230;<\/p>\n<p>FOTO:<\/p>\n<p><em>N\u00eb foton kryesore dy ish-oficere te Gardes se Republikes, pjese e grupit te shoqerimit te presidentit Berisha, Izet Haxhia dhe Arben Ibroja, duke ndalur mitingun e dates 1 shkurt 1997 te Azem Hajdarit ne krye te Sindikatave, tek kryqezimi i rruges qe vjen nga stadiumi Dinamo, perballe ekspozites Shqiperia Sot<\/em><\/p>\n<p>*************************************************************************<\/p>\n<p>Nga <strong>Mero Baze<\/strong><\/p>\n<p><strong>Prill 1996 &#8211; PD-ja jopolitike e 26 majit<\/strong><\/p>\n<p>&#8230;N\u00ebse ka pasur ndonj\u00ebher\u00eb n\u00eb historin\u00eb politike t\u00eb nj\u00eb partie m\u00eb shum\u00eb intelektual\u00eb dhe m\u00eb pak politikan\u00eb, ky ka qen\u00eb Kuvendi dhe garnitura politike e dal\u00eb nga zgjedhjet e 26 majit. Pas kok\u00eb\u00e7arjesh t\u00eb gjata me fraksione brenda PD-s\u00eb dhe figura politike q\u00eb e kontestonin vazhdimisht, Sali Berisha u mbyll i vet\u00ebm n\u00eb vil\u00ebn nr. 4 n\u00eb Pallatin e Brigadave, p\u00ebr t&#8217;i dh\u00ebn\u00eb PD-s\u00eb nj\u00eb ekip t\u00eb ri, q\u00eb thuajse nuk kishte lidhje me politik\u00ebn.<br \/>\nPrej ikjes s\u00eb Neritan Cek\u00ebs n\u00eb vitin 1991 e m\u00eb pas Pashkos, Zogajt, Imamit, Kalakul\u00ebs, Balet\u00ebs dhe kulmimit t\u00eb rrjedhjeve me kryetarin karizmatik t\u00eb partis\u00eb, Eduard Selamin, Sali Berisha dukej se po mendonte p\u00ebr nj\u00eb parti pa politikan\u00eb. Lista e gjat\u00eb q\u00eb shkruante dhe rishkruante vet\u00eb, nxirrej nga lista pedagog\u00ebsh, artist\u00ebsh dhe intelektual\u00ebsh t\u00eb njohur t\u00eb vendit, shumica e t\u00eb cil\u00ebve as q\u00eb kishin ndonj\u00eb ide se po hynin n\u00eb politik\u00eb. Me siguri q\u00eb ka qen\u00eb af\u00ebr fundit kur, nj\u00eb mbr\u00ebmje, m\u00eb thirri p\u00ebr kafe n\u00eb vil\u00ebn nr. 4. Ndihej qart\u00eb q\u00eb ishte i k\u00ebnaqur me vizat e panum\u00ebrta q\u00eb kishte hequr mbi dengun e listave q\u00eb kishte p\u00ebrpara.<br \/>\n&#8211; Do t&#8217;i lexoj nj\u00eb her\u00eb emrat, &#8211; tha. &#8211; Kam gjetur ekipin m\u00eb t\u00eb shk\u00eblqyer q\u00eb kemi pasur ndonj\u00ebher\u00eb p\u00ebr zgjedhjet!<br \/>\nPo i d\u00ebgjoja. Gjysm\u00ebn i kisha d\u00ebgjuar jo si politikan\u00eb, gjysm\u00ebn tjet\u00ebr as si politikan\u00eb dhe as si intelektual\u00eb.<br \/>\n&#8211; Si t\u00eb duken? &#8211; m\u00eb tha.<br \/>\nIshte nj\u00eb pyetje q\u00eb donte p\u00ebrgjigjen q\u00eb duhej ta d\u00ebgjonte ai. Qoft\u00eb dhe p\u00ebr rutin\u00eb.<br \/>\n&#8211; Jan\u00eb shum\u00eb, &#8211; i thash\u00eb, &#8211; s&#8217;di t\u00eb them p\u00ebr t\u00eb gjith\u00eb. Disa emra jan\u00eb shum\u00eb t\u00eb njohur dhe ndoshta b\u00ebjn\u00eb pun\u00eb. A ke folur me ta?<br \/>\n&#8211; Me cil\u00ebt? &#8211; tha.<br \/>\n&#8211; P\u00ebr shembull, me Ndri\u00e7im Xhep\u00ebn, Xhevdet Ferrin apo k\u00ebta pedagog\u00ebt.<br \/>\n&#8211; S&#8217;ka problem p\u00ebr ata, flasim. Po si t\u00eb duket lista?<br \/>\nDonte doemos nj\u00eb p\u00ebrgjigje entuziaste.<br \/>\n&#8211; E mir\u00eb m\u00eb duket, &#8211; i thash\u00eb. &#8211; Do t\u00eb kesh pak problem me k\u00ebta t\u00eb partis\u00eb.<br \/>\n&#8211; Partis\u00eb&#8230; h\u00eb, \u00e7&#8217;probleme do t\u00eb kem? Ua kam than\u00eb: &#8220;M\u00eb t\u00eb shquarit, te zonat m\u00eb t\u00eb v\u00ebshtira.&#8221; Ja, p\u00ebr shembull: Agron Musarajn e kam \u00e7ue n\u00eb Berat, Sadik Bejkon dhe Blerim \u00c7el\u00ebn n\u00eb Tepelen\u00eb, Fatos Bej\u00ebn n\u00eb Gjirokast\u00ebr, Leonard Demin n\u00eb Sarand\u00eb, Genc Pollon n\u00eb P\u00ebrmet, Dashamir Shehin n\u00eb Vlor\u00eb, Ridvan Boden n\u00eb Kor\u00e7\u00eb&#8230; se k\u00ebta t\u00eb Jugut ke merak ti&#8230;<br \/>\nNuk i b\u00ebra asnj\u00eb koment. Po p\u00ebrpiqesha t&#8217;i mbaja mend, se ndoshta m\u00eb duheshin p\u00ebr raportin e m\u00ebngjesit te &#8220;Z\u00ebri i Amerik\u00ebs&#8221;.<br \/>\n&#8211; Mir\u00eb e paske Jugun, &#8211; i thash\u00eb instinktivisht. &#8211; K\u00ebt\u00eb Boden nuk e njoh, por k\u00ebt\u00eb Shehin pse n\u00eb Vlor\u00eb?<br \/>\n&#8211; Nuk e njeh Boden&#8230; i shk\u00eblqyem! Ka mbarue n\u00eb Franc\u00eb, e kemi pas drejtor Dogane, superkorrekt, financier i zoti. Nd\u00ebrsa Vlora ka shum\u00eb r\u00ebnd\u00ebsi, &#8211; tha. &#8211; Do nj\u00eb figur\u00eb t\u00eb fort\u00eb, s&#8217;b\u00ebhet pa nj\u00eb figur\u00eb t\u00eb fort\u00eb.<br \/>\nN\u00eb t\u00eb v\u00ebrtet\u00eb, krisja mes Dashamir Shehit dhe Berish\u00ebs kishte nisur. Aleksand\u00ebr Meksi, q\u00eb historikisht nuk duronte dot asnj\u00eb z\u00ebvend\u00ebskryeminist\u00ebr, p\u00ebr shkak se i dukeshin t\u00eb gjith\u00eb t\u00eb Berish\u00ebs, po ashtu kishte probleme me t\u00eb, por nuk kuptohej kurr\u00eb n\u00ebse i kishte me t\u00eb apo me Berish\u00ebn.<br \/>\n&#8211; E ke mbyllur, me nj\u00eb fjal\u00eb? A mund ta citoj un\u00eb ndonj\u00ebrin nes\u00ebr n\u00eb radio?<br \/>\n&#8211; Jooo! &#8211; tha. &#8211; Se nuk e di njeri. Nuk duhet t\u00eb dal\u00eb asgj\u00eb. Kam edhe ca probleme n\u00eb Shkod\u00ebr. Duhet me e mbyll\u00eb dhe at\u00eb. M\u00eb ka mbet ky Koleci, s&#8217;di ku ta \u00e7oj&#8230;<br \/>\n&#8211; N\u00eb Shkod\u00ebr, ku tjet\u00ebr? &#8211; i thash\u00eb.<br \/>\n&#8211; S&#8217;e di. Fola me Aliun&#8230; ai thot\u00eb se kemi nj\u00eb kandidatur\u00eb tjet\u00ebr atje, nj\u00eb grua shum\u00eb e zonja thot\u00eb, po burri i saj qenka fis me Kolecin.<br \/>\n&#8211; Kush \u00ebsht\u00eb kjo?<br \/>\n&#8211; \u00cbsht\u00eb nj\u00eb pedagoge&#8230; p\u00ebr matematik\u00eb m\u00eb duket, nuk e di&#8230; ose p\u00ebr juridik, juridik m\u00eb duket. Ja, t\u00eb pyes Aliun.<br \/>\nFoli me Ali Spahin\u00eb. Toni i shtruar i Ali Spahis\u00eb dhe serioziteti q\u00eb u kushtonte raporteve njer\u00ebzore e b\u00ebnin at\u00eb figur\u00ebn m\u00eb t\u00eb pal\u00ebkundur t\u00eb PD-s\u00eb dhe njeriun m\u00eb t\u00eb q\u00ebndruesh\u00ebm nga pik\u00ebpamja politike p\u00ebr Berish\u00ebn, edhe pse shpesh e xhindoste me kufijt\u00eb q\u00eb u vendoste p\u00ebrpjekjeve t\u00eb tij t\u00eb p\u00ebrhershme p\u00ebr ta p\u00ebrdorur p\u00ebr \u00e7do gj\u00eb.<br \/>\n&#8211; \u00cbsht\u00eb e shk\u00eblqyer, thot\u00eb Aliu. Jozefina Topalli quhet. Qenka kancelare n\u00eb fakultet. Nuk e di, po ky thot\u00eb se \u00ebsht\u00eb m\u00eb mir\u00eb ajo se Koleci n\u00eb Shkod\u00ebr, pasi ajo paska familje shum\u00eb t\u00eb njohur nga baba i vet&#8230; Ku ta \u00e7oj k\u00ebt\u00eb Kolecin, ku ta \u00e7oj&#8230;. &#8211; Filloi t\u00eb hidhte syt\u00eb s\u00ebrish mbi hart\u00ebn elektorale. &#8211; Ah, po, e gjeta, &#8211; tha. &#8211; N\u00eb Mirdit\u00eb e kam nj\u00eb vend. T\u00eb pyes nj\u00eb her\u00eb Aliun.<br \/>\nFoli s\u00ebrish me Ali Spahin\u00eb: &#8220;Paska qen\u00eb m\u00ebsues atje, n\u00eb Mirdit\u00eb? E po, shum\u00eb mir\u00eb at\u00ebher\u00eb&#8230; aty po e \u00e7oj. Shum\u00eb mir\u00eb, u mbyll kjo pun\u00eb. E shk\u00eblqyer! Mos fol me njeri.&#8221;<br \/>\n&#8211; U mbyll, &#8211; m&#8217;u kthye mua. &#8211; N\u00eb Mirdit\u00eb. Aliu thot\u00eb se paska qen\u00eb dikur m\u00ebsues aty&#8230; ose i internuar, ose m\u00ebsues, nuk e dinte mir\u00eb, por m\u00eb tha q\u00eb ka lidhje atje.<br \/>\nP\u00ebrfytyrova Kolecin, nj\u00eb burr\u00eb i matur, i urt\u00eb dhe flegmatik, q\u00eb kishte drejtuar me durim dhe p\u00ebrkushtim administrat\u00ebn e Presidenc\u00ebs p\u00ebr kat\u00ebr vjet. Nuk e njihja nga af\u00ebr, por me siguri q\u00eb ishte i \u00e7liruar nga ideja se po ikte nga ajo nd\u00ebrtes\u00eb.<br \/>\nI vetmi kuriozitet q\u00eb kisha p\u00ebr kandidaturat e Shkodr\u00ebs ishte Azem Hajdari. Berisha nuk po ma p\u00ebrmendte emrin e tij, nd\u00ebrsa Azemi kishte dy dit\u00eb q\u00eb m\u00eb k\u00ebrkonte ta zhbiroja se ku kishte nd\u00ebrmend ta \u00e7onte. &#8220;M\u00eb duhet nj\u00eb fije informacion, shqipe, &#8211; tha Azemi, &#8211; pastaj di vet\u00eb un\u00eb se \u00e7&#8217;b\u00ebj.&#8221;<br \/>\n&#8211; Po Azemin? &#8211; i thash\u00eb papritur.<br \/>\n&#8211; Azemin? H\u00ebm, atij ia kam gjet vendin. Ai, kudo q\u00eb ta \u00e7osh, fiton. Kemi nj\u00eb zon\u00eb shum\u00eb t\u00eb v\u00ebshtir\u00eb, q\u00eb bashkon \u00c7ermenik\u00ebn e Librazhdit, Martaneshin dhe T\u00ebrnov\u00ebn e Dibr\u00ebs. Aty e kam \u00e7ue. Vet\u00ebm ai mund ta fitoj\u00eb k\u00ebt\u00eb.<br \/>\n&#8211; Mos nuk e pranon, &#8211; i thash\u00eb me gjysm\u00eb z\u00ebri.<br \/>\n&#8211; Jo, mo, e pranon, &#8211; tha, &#8211; mos ki merak. Shiko, kam ndjekur nj\u00eb parim: figurat politike n\u00eb zonat m\u00eb t\u00eb v\u00ebshtira, intelektual\u00ebt n\u00eb qytete t\u00eb sigurta, se ata m\u00eb duhen n\u00eb Kuvend mue, s&#8217;mund t&#8217;i hedh n\u00eb mes t\u00eb detit menj\u00ebher\u00eb.<br \/>\nPas disa dit\u00ebsh, lista iu lexua K\u00ebshillit Komb\u00ebtar.<br \/>\nP\u00ebrpara mbledhjes, n\u00eb m\u00ebngjes, piva kafe me Azem Hajdarin n\u00eb Rogner. Ia thash\u00eb pak a shum\u00eb se ku mund t\u00eb ishte.<br \/>\n&#8211; Po n\u00eb Shkod\u00ebr, &#8211; tha, &#8211; kush \u00ebsht\u00eb?<br \/>\n&#8211; Ka futur nj\u00eb grua, &#8211; i thash\u00eb. &#8211; Jozefina Topalli quhej, m\u00eb duket se ishte kunata e Kolecit.<br \/>\n&#8211; T\u00eb ka mashtruar, &#8211; tha. &#8211; Koleci s&#8217;ka kunat\u00eb pedagoge.<br \/>\n&#8211; Nuk m\u00eb tha &#8220;kunat\u00eb&#8221;, por e mora me mend nga mbiemri&#8230; di\u00e7ka e kishte burrin e saj.<br \/>\n&#8211; E di un\u00eb kush \u00ebsht\u00eb, &#8211; tha Azemi. &#8211; Lene se e rregulloj vet\u00eb tani. Po e ftoj p\u00ebr nj\u00eb drek\u00eb n\u00eb Vahin\u00eb, ta shikoj nj\u00ebher\u00eb se \u00e7&#8217;\u00ebsht\u00eb. Nejse, shqipe, ti mos thuaj gj\u00eb p\u00ebr k\u00ebt\u00eb muhabet, se di un\u00eb si e zgjidh.<br \/>\nN\u00eb mbledhje, Berisha foli gjat\u00eb p\u00ebr qeverisjen kat\u00ebrvje\u00e7are dhe p\u00ebr parimet mbi t\u00eb cilat kishte nd\u00ebrtuar list\u00ebn. P\u00ebrs\u00ebriti pak a shum\u00eb faktin q\u00eb politikan\u00ebt do t\u00eb shkonin n\u00eb zona t\u00eb v\u00ebshtira dhe intelektual\u00ebt n\u00eb zona t\u00eb sigurta. Shtoi se, si risi, Kuvendi do t\u00eb kishte nj\u00eb &#8220;boom&#8221; p\u00ebr grat\u00eb. Lexoi edhe emrin e Azemit n\u00eb zon\u00ebn p\u00ebrkat\u00ebse. Pati reaksion. Azemi u ngrit nga vendi dhe k\u00ebrkoi t\u00eb sqarohej m\u00eb qart\u00eb: p\u00ebr se ishte sajuar nj\u00eb zon\u00eb p\u00ebr t\u00eb?<\/p>\n<p><em>28 maj 1996<\/em><\/p>\n<p>Arrita dhe u futa te hotel &#8220;Tirana&#8221;. Azem Hajdari ishte ulur n\u00eb nj\u00eb tryez\u00eb n\u00eb cep t\u00eb kafenes\u00eb, n\u00eb katin e par\u00eb dhe, i nxir\u00eb n\u00eb fytyr\u00eb, shihte nga sheshi. Nj\u00ebsoj si n\u00eb pjes\u00ebn tjet\u00ebr t\u00eb bulevardit, ku kryeministri dhe ish-ministri i Brendsh\u00ebm sodisnin masakr\u00ebn, me shpres\u00eb se do t\u00eb rr\u00ebzohej rivali i tyre, ashtu dhe njeriu q\u00eb ishte p\u00ebrballur me diktatur\u00ebn, shpresonte q\u00eb p\u00ebrplasja e opozit\u00ebs me policin\u00eb do ta rr\u00ebzonte at\u00eb q\u00eb ia kishte z\u00ebn\u00eb &#8220;hisen e diellit&#8221; n\u00eb nj\u00ebfar\u00eb m\u00ebnyre. Por Sali Berisha nuk ishte as n\u00eb hotel &#8220;Tirana&#8221;, as te hotel &#8220;Dajtit&#8221;, por n\u00eb Pallatin e Brigadave. Nuk komunikonte me ask\u00ebnd. N\u00eb koh\u00eb t\u00eb ndryshme, e kam pyetur disa her\u00eb p\u00ebr ato \u00e7aste dhe m\u00eb ka dh\u00ebn\u00eb t\u00eb nj\u00ebjt\u00ebn p\u00ebrgjigje: &#8220;S&#8217;kam pasur komunikim. Dija vet\u00ebm se do t\u00eb silleshin si me nj\u00eb miting t\u00eb paligjsh\u00ebm t\u00eb partive t\u00eb vogla&#8221;.<br \/>\nN\u00eb k\u00ebt\u00eb p\u00ebrgjigje shfaj\u00ebsuese kishte plot nuanca t\u00eb dijes dhe mosdijes s\u00eb tij p\u00ebr at\u00eb q\u00eb do t\u00eb ndodhte. Por Azem Hajdari mendonte ndryshe. Ai kishte frik\u00eb se d\u00ebmi q\u00eb po b\u00ebhej do ta tejkalonte d\u00ebmtimin e Berish\u00ebs dhe, si zakonisht n\u00eb raste t\u00eb tilla, ai i shtonte sulmet mbi njer\u00ebzit q\u00eb i urrente v\u00ebrtet dhe ata ishin Agim Shehu dhe Bashkim Gazidedja. Ma st\u00ebrholloi skenarin e tij plot paranoja, se si ata t\u00eb dy donin q\u00eb t\u00eb nxirrnin nga loja t\u00eb gjitha pal\u00ebt dhe ta merrnin vet\u00eb komand\u00ebn.<br \/>\n&#8211; Ky \u00ebsht\u00eb skenar, &#8211; tha. &#8211; Duan t\u00eb na nxjerrin jasht\u00eb loje.<br \/>\nZem\u00ebrimi i tij me njer\u00ebzit e ShIK-ut dhe t\u00eb Policis\u00eb kishte koh\u00eb q\u00eb i kishte kaluar kufijt\u00eb.<br \/>\nDola me vrap jasht\u00eb dhe u futa mes turm\u00ebs. Ndeza mikrofonin.<br \/>\nNd\u00ebrkoh\u00eb q\u00eb flisja me Azemin, nj\u00eb ofsham\u00eb e madhe erdhi nga sheshi. S&#8217;e dalloja dot mir\u00eb se kush kishte rr\u00ebmbyer nj\u00eb megafon, por m\u00eb ngjasonte me z\u00ebrin e Neritan Cek\u00ebs, q\u00eb k\u00eblthiste: &#8220;Kjo \u00ebsht\u00eb diktatur\u00eb!&#8221;. M\u00eb tej, Servet P\u00ebllumbi ngjante si nj\u00eb statuj\u00eb e ngrir\u00eb nga pamja q\u00eb kishte para syve. Nj\u00eb fotoreporter spanjoll, i gjakosur n\u00eb p\u00ebrpjekje p\u00ebr t\u00eb mbrojtur aparatin e tij fotografik dhe nj\u00eb truproj\u00eb e tij i gjakosur me lopat\u00eb xheniere, ishin mb\u00ebshtjell\u00eb rreth tij, sikur t\u00eb gjenin mbrojtje te profesori i vjet\u00ebr i marksizmit.<\/p>\n<p>Ishte nj\u00eb sken\u00eb q\u00eb turp\u00ebron \u00e7do shoq\u00ebri q\u00eb e prodhon. Muskujt e pal\u00ebvizur t\u00eb Servet P\u00ebllumbit dhe njer\u00ebzit e ngjeshur p\u00ebrreth tij, ishin imazhi m\u00eb i dhimbsh\u00ebm njer\u00ebzor q\u00eb prodhoi dhuna e 28 majit. Dh\u00ebmb\u00ebt e thyer t\u00eb Arben Imamit, t\u00ebrheqja zvarr\u00eb e tij, dhunimi i Gramoz Pashkos dhe Blendi Gonxhes, p\u00ebrplasja me Pandeli Majkon, ishin brutale dhe t\u00eb egra, kurse ballafaqimi i dhun\u00ebs me nj\u00eb njeri paq\u00ebsor dhe me nj\u00eb portret t\u00eb heshtur e qortues si Servet P\u00ebllumbi, ishte i dhimbsh\u00ebm.<\/p>\n<p>\u00a0Turma e policis\u00eb e humbi kontrollin dhe filloi t\u00eb godiste k\u00eb t\u00eb mundte. U afrova sa munda t\u00eb merrja disa z\u00ebra p\u00ebr n\u00eb radio. P\u00ebr fat, mikrofoni m\u00eb kishte regjistruar z\u00ebrin e Neritan Cek\u00ebs dhe Kastriot Islamit. Mblodha t\u00eb gjith\u00eb z\u00ebrat dhe u ula t\u00eb shkruaja raportin.<br \/>\nN\u00eb or\u00ebn 15.00 ishte emisioni te &#8220;Z\u00ebri i Amerik\u00ebs&#8221;. Montova fillimisht atmosfer\u00ebn e protest\u00ebs, ku d\u00ebgjohej n\u00eb sfond k\u00ebnga &#8220;Eja mblidhuni k\u00ebtu, k\u00ebtu!&#8221;, pastaj Neritan Cek\u00ebn, Kastriot Islamin dhe n\u00eb fund Azem Hajdarin. Pjesa e Azemit ishte m\u00eb shum\u00eb si balanc\u00eb ndaj tre opozitar\u00ebve. &#8220;Policia po b\u00ebn detyr\u00ebn, &#8211; tha ai. &#8211; Ky \u00ebsht\u00eb nj\u00eb miting i paligjsh\u00ebm. Asgj\u00eb m\u00eb shum\u00eb&#8221;. Ishin krejt e kund\u00ebrta e asaj q\u00eb bluante me vete n\u00eb hollin e hotelit.<br \/>\nZ\u00ebri i tij ishte i pasigurt dhe sapo e mbaroi fjalin\u00eb, uli kok\u00ebn dhe filloi t\u00eb shante p\u00ebrs\u00ebri &#8220;ata q\u00eb kishin futur n\u00eb skem\u00eb PD-n\u00eb&#8221;.<\/p>\n<p>Brenda \u00e7do minute ai jetonte dram\u00ebn e t\u00eb qenit themelues i Partis\u00eb Demokratike, t\u00eb cil\u00ebn duhej ta mbaronte, si dhe adhurues i betej\u00ebs q\u00eb b\u00ebhej para syve t\u00eb tij dhe kund\u00ebr partis\u00eb q\u00eb ai kishte themeluar gjasht\u00eb vjet m\u00eb par\u00eb p\u00ebr lirin\u00eb e fjal\u00ebs dhe vot\u00ebs, q\u00eb b\u00ebhej tashm\u00eb nga ajo parti q\u00eb kishte trash\u00ebguar historin\u00eb e Partis\u00eb s\u00eb Pun\u00ebs. Azem Hajdari e vuante k\u00ebt\u00eb dilem\u00eb t\u00eb madhe si nj\u00eb fat q\u00eb nuk e meritonte. i luftuar me eg\u00ebrsi brenda partis\u00eb s\u00eb tij nga grupi i Berish\u00ebs dhe i mbetur m\u00eb k\u00ebmb\u00eb fal\u00eb aft\u00ebsive t\u00eb tij populiste dhe makinacioneve shpeshher\u00eb banale, n\u00eb mesdit\u00ebn e 28 majit ai ishte njeriu m\u00eb i rrahur i politik\u00ebs shqiptare, edhe pse mbi kurrizin e tij nuk u v\u00ebrtit asnj\u00eb shkop.<\/p>\n<p>Ai ndiente lakmi p\u00ebr ata njer\u00ebz q\u00eb kishin lirin\u00eb t\u00eb b\u00ebnin nj\u00eb betej\u00eb t\u00eb re kund\u00ebr atij q\u00eb po e izolonte dhe po e zvog\u00eblonte pak e nga pak brenda partis\u00eb q\u00eb themeloi vet\u00eb. Ai ndiente makth, mes t\u00eb tjerash, p\u00ebr munges\u00ebn e liris\u00eb s\u00eb tij p\u00ebr t\u00eb th\u00ebn\u00eb at\u00eb q\u00eb mendonte, si gjasht\u00eb vjet m\u00eb par\u00eb. At\u00eb dit\u00eb ai mendonte se partia e tij po tradhtohej nga disa fanatik\u00eb q\u00eb po e \u00e7onin n\u00eb gremin\u00eb dhe detyrohej t\u00eb fliste publikisht n\u00eb favor t\u00eb nj\u00eb gj\u00ebje q\u00eb nuk e besonte. E b\u00ebnte k\u00ebt\u00eb me shpres\u00ebn q\u00eb t\u00eb mbetej ende brenda asaj partie, me shpres\u00ebn se mund t&#8217;i vinte s\u00ebrish dita p\u00ebr nj\u00eb betej\u00eb q\u00eb mund ta fitonte brenda saj.<\/p>\n<p><strong>Qeveria e re, nj\u00eb ndjell\u00ebse fatkeq\u00ebsish<\/strong><\/p>\n<p>Nd\u00ebrsa vera e vitit 1996 po t\u00ebrhiqej zvarr\u00eb mes sherreve t\u00eb socialist\u00ebve dhe nxjerrjes jasht\u00eb loje t\u00eb shumic\u00ebs s\u00eb emrave politik\u00eb t\u00eb PD-s\u00eb, n\u00eb horizont po shfaqeshin probleme t\u00eb reja, q\u00eb buronin nga politika personale q\u00eb kishte diktuar elit\u00ebn e re politike n\u00eb pushtet, nga larja e hesapeve mes pal\u00ebve dhe pamund\u00ebsia e pushtetit p\u00ebr t&#8217;i dh\u00ebn\u00eb nj\u00eb p\u00ebrgjigje kriz\u00ebs s\u00eb fajdeve, q\u00eb pas zgjedhjeve shp\u00ebrtheu edhe te fondacionet e quajtura bamir\u00ebse, si &#8220;Populli&#8221; dhe &#8220;Xhaferri&#8221;.<br \/>\nN\u00eb planin politik, Azem Hajdari, themeluesi i Partis\u00eb Demokratike dhe i p\u00ebrjashtuari i madh i saj, po p\u00ebrgatitej p\u00ebr kund\u00ebrsulm. Shoq\u00ebria e tij me krer\u00ebt e sindikatave po rritej dhe ai po k\u00ebrkonte nj\u00eb mandat p\u00ebr t&#8217;iu kund\u00ebrv\u00ebn\u00eb qeveris\u00eb s\u00eb re Meksi.<\/p>\n<p>Vet\u00eb Meksi, n\u00eb t\u00eb v\u00ebrtet\u00eb, ishte i \u00e7udituri i madh q\u00eb i kishte mbijetuar postit t\u00eb tij. Komunikimi i tij me Berish\u00ebn ishte v\u00ebshtir\u00ebsuar dhe deri n\u00eb minut\u00ebn e fundit ai nuk kishte asnj\u00eb sinjal rikonfirmimi. Madje, nj\u00eb nat\u00eb para se t\u00eb shpallej qeveria, Berisha e \u00e7oi deri n\u00eb fund humorin e zi, kur na thirri mua dhe Ylli Rakipin n\u00eb zyr\u00eb dhe na la t\u00eb kuptohej se kandidat mund t\u00eb ishte edhe Genc Polloja. Ne e \u00e7uam deri n\u00eb fund humorin e tij t\u00eb zi duke e futur k\u00ebt\u00eb n\u00eb faqen e par\u00eb t\u00eb gazet\u00ebs.<\/p>\n<p>Por n\u00eb or\u00ebn dhjet\u00eb, gjith\u00e7ka ishte qet\u00ebsuar dhe Aleksand\u00ebr Meksi ishte rikonfirmuar. Dy t\u00eb zem\u00ebruar t\u00eb m\u00ebdhenj kishte me k\u00ebt\u00eb vendim: Bashkim Gazidedja dhe Azem Hajdari, t\u00eb dy po ashtu armiq me nj\u00ebri-tjetrin. Gazidedja u trondit aq shum\u00eb nga rikonfirmimi, sa nuk dinte kujt t&#8217;i hapej. Mori Ylli Rakipin n\u00eb telefon dhe e ka mbajtur gati nj\u00eb or\u00eb duke zbrazur gjith\u00e7ka kund\u00ebr tij. Fliste p\u00ebr abuzime financiare, p\u00ebr lidhje t\u00eb dyshimta antikomb\u00ebtare, p\u00ebr gjith\u00e7ka. Por d\u00ebshp\u00ebrimi nuk i vinte nga kjo gj\u00eb, por nga fakti se, sipas tij, i kishte \u00e7uar nj\u00eb dosje t\u00eb t\u00ebr\u00eb Berish\u00ebs me k\u00ebto gj\u00ebra dhe se ai nuk e kishte p\u00ebrfillur. K\u00ebt\u00eb gj\u00eb nuk e shpjegonte dot. i vetmi q\u00eb kishte nj\u00eb shpjegim p\u00ebr k\u00ebt\u00eb ishte avokat Ngjela.<br \/>\n&#8211; Ky Gaziu s&#8217;e njohka doktorin fare, &#8211; tha. &#8211; i paska b\u00ebr\u00eb dosjen sa nj\u00eb mal Leka Meksit dhe k\u00ebrkon q\u00eb ta heq\u00eb doktori. Po doktori at\u00eb do, dosjen. Ai e paska b\u00ebr\u00eb me duart e tij kryeminist\u00ebr. i paska th\u00ebn\u00eb: &#8220;Ja ku e ke dosjen e tij, tani b\u00ebje!&#8221;. Se ai nuk e di q\u00eb \u00ebsht\u00eb ndryshe ekuacioni.<br \/>\nPor humori i Ngjel\u00ebs nuk mb\u00ebrrinte dhe as nuk kuptohej nga mendja e Gazidedes. Dhe ishte tejet i brengosur. Me Azem Hajdarin, po ashtu. Ky nuk e kishte me Aleksand\u00ebr Meksin, por nuk guxonte ta b\u00ebnte betej\u00ebn direkt me Sali Berish\u00ebn. Donte doemos t&#8217;i t\u00ebrhiqte v\u00ebmendjen atij dhe ta th\u00ebrriste p\u00ebr nj\u00eb pakt. Avokat Ngjela, q\u00eb ia kishte njohur prej vitesh k\u00ebt\u00eb stil, ia ngrinte nervat kur ia ilustronte gjith\u00e7ka me pasqyrat q\u00eb dogj\u00ebn anijet e Kartagjen\u00ebs.<\/p>\n<p>&#8211; Kot e ke, Azem, sa b\u00ebn gati anijen ti, ai t\u00eb drejton pasqyr\u00ebn dhe ta djeg. Mos u lodh kot! &#8211; i thoshte.<br \/>\nPo Azemi nuk u t\u00ebrhoq kurr\u00eb. P\u00ebr t&#8217;ia arritur asaj dite, q\u00eb nuk ia arriti dot derisa e vran\u00eb, ai b\u00ebri gjith\u00e7ka: u b\u00eb mik me armiqt\u00eb e Berish\u00ebs n\u00eb PD, armik me miqt\u00eb e tij, b\u00ebhej tolerant dhe radikal, antikomunist i t\u00ebrbuar dhe njeriu m\u00eb i moderuar. B\u00ebnte gjith\u00e7ka q\u00eb, nj\u00eb dit\u00eb, ai t&#8217;i thoshte:&#8221;Azem, \u00e7far\u00eb do, fol&#8230;&#8221; Ai nuk ia tha kurr\u00eb dhe tashm\u00eb themeluesi i asaj partie po tretet n\u00ebn dh\u00e8 pa ia arritur t\u00eb b\u00ebhej qoft\u00eb edhe nj\u00eb dit\u00eb minist\u00ebr, nd\u00ebrsa dhjet\u00ebra e qindra t\u00eb tjer\u00eb, miq dhe armiq t\u00eb tij, pa asnj\u00eb kontribut n\u00eb at\u00eb parti, jan\u00eb b\u00ebr\u00eb gjith\u00e7ka, mjaftonte q\u00eb t\u00eb mos kishin pretendime politike&#8230;<\/p>\n<p>&#8212;&#8212;&#8212;&#8212;&#8212;&#8211;<\/p>\n<p><strong>Pjesa II: D\u00ebshmia e Mero Bazes p\u00ebr marr\u00ebdh\u00ebnien A.Hajdari &#8211; S. Berisha<\/strong><\/p>\n<p><strong>Mero Baze<\/strong>, <em>13.09.2010<\/em><\/p>\n<p><img loading=\"lazy\" decoding=\"async\" class=\"alignright size-medium wp-image-3959\" title=\"Berisha n\u00eb familjen Hajdari\" src=\"http:\/\/fjala.shkoder.net\/wp-content\/uploads\/2010\/09\/berisha_familja_hajdari-300x186.jpg\" alt=\"\" width=\"300\" height=\"186\" \/><\/p>\n<p>&#8230;.. Dukej se ndaj Azemit kishte nj\u00eb armiq\u00ebsi q\u00eb e kap\u00ebrcente Berish\u00ebn. Shpeshher\u00eb, p\u00ebr ta kuptuar se kush ishte njeri i parehabilituesh\u00ebm nga Berisha, duhej t\u00eb shikoje reagimet e gruas s\u00eb tij, Liris\u00eb.<br \/>\nNj\u00eb t\u00eb diel vere, nj\u00eb jav\u00eb pasi familja Berisha kishte martuar vajz\u00ebn, Argit\u00ebn, na kishin ftuar n\u00eb vil\u00ebn n\u00eb Dajt, s\u00eb bashku me Laz\u00ebr Stanin dhe Ylli Rakipin. Ishte nj\u00eb lloj pritjeje m\u00eb konfidenciale p\u00ebr ta uruar p\u00ebr dasm\u00ebn e vajz\u00ebs dhe kishim edhe grat\u00eb me vete. Nd\u00ebrsa po hanim drek\u00eb dhe Lazri po b\u00ebnte humor me makin\u00ebn time t\u00eb prishur, si krejt i pav\u00ebmendsh\u00ebm q\u00eb ishte ndaj detajeve, p\u00ebrmendi Azemin, i cili kishte b\u00ebr\u00eb disa her\u00eb aksidente n\u00eb fillim t\u00eb viteve &#8217;90-t\u00eb. Liria rrudhi vetullat dhe nd\u00ebrroi bised\u00eb, edhe pse Berisha kishte qejf t\u00eb vazhdonte gallata dhe tallja p\u00ebr makin\u00ebn time Golf 2, q\u00eb e mbaja shum\u00eb keq. Dukej q\u00eb Azemi nuk ishte i mir\u00ebpritur n\u00eb familje. Kishte fituar armiq\u00ebsin\u00eb e saj. Distanca me t\u00eb ishte b\u00ebr\u00eb e plot\u00eb dhe aq mjaftonte q\u00eb t\u00eb mos e provonte kurr\u00eb shijen e pushtetit.<br \/>\nMbaj mend formimin e qeveris\u00eb. Azemi kishte mb\u00ebshtetur gjith\u00eb fushat\u00ebn e tij elektorale duke i premtuar stafit t\u00eb vet se n\u00eb qeverin\u00eb e ardhshme do t\u00eb ishte minist\u00ebr i Brendsh\u00ebm.<br \/>\nQeveria e re, nj\u00ebsoj si grupi parlamentar, ishte nj\u00eb p\u00ebrpjekje p\u00ebr t\u00eb larguar figurat politike dhe p\u00ebr t\u00eb promovuar emra t\u00eb rinj, q\u00eb kurr\u00eb nuk u kishte shkuar mendja t\u00eb hynin n\u00eb qeveri. M\u00eb kujtohet rasti i Halit Shamat\u00ebs. Sali Berisha ishte duke hedhur emrat e par\u00eb t\u00eb qeveris\u00eb n\u00eb let\u00ebr, kur, nd\u00ebrsa m\u00eb kish thirrur p\u00ebr nj\u00eb kafe n\u00eb zyr\u00eb, filloi t\u00eb m\u00eb tregonte list\u00ebn e gjat\u00eb t\u00eb grave q\u00eb kishte futur n\u00eb qeveri si sekretare shteti, nj\u00eb post q\u00eb po e shpikte p\u00ebr t\u00eb fryr\u00eb qeverin\u00eb. Ishin 3 ose 4 gra t\u00eb tilla n\u00eb kabinet. Pastaj shkoi te ministri i Drejt\u00ebsis\u00eb.<\/p>\n<p>&#8211; Kam zgjedhur Halit Shamat\u00ebn, &#8211; tha. &#8211; Nuk ka jurist m\u00eb t\u00eb mir\u00eb&#8230;<br \/>\n&#8211; Nuk \u00ebsht\u00eb jurist, &#8211; i thash\u00eb, &#8211; \u00ebsht\u00eb m\u00ebsues let\u00ebrsie.<br \/>\n&#8211; E ke gabim, &#8211; tha. &#8211; Ka drejtue p\u00ebr kat\u00ebr vjet Komisionin e Ligjeve, \u00ebsht\u00eb nga m\u00eb t\u00eb shk\u00eblqyerit.<br \/>\n&#8211; Dakord, por nuk \u00ebsht\u00eb jurist, &#8211; i thash\u00eb. &#8211; Mund t\u00eb jet\u00eb pak delikate kjo, pasi do t\u00eb kesh t\u00eb b\u00ebsh me sistemin e drejt\u00ebsis\u00eb.<br \/>\n&#8211; Si, nuk \u00ebsht\u00eb jurist? &#8211; tha. &#8211; Prit&#8230; k\u00eb t\u00eb pyes&#8230;<br \/>\n&#8211; E kam mik Halitin, &#8211; i thash\u00eb. &#8211; E njoh mir\u00eb. Nuk \u00ebsht\u00eb jurist.<br \/>\n&#8211; Kjo ma komplikon pun\u00ebn, &#8211; tha. &#8211; E di mir\u00eb ti k\u00ebt\u00eb pun\u00eb? &#8211; m\u00eb pyeti s\u00ebrish.<br \/>\n&#8211; Shum\u00eb mir\u00eb, &#8211; thash\u00eb. &#8211; Haliti ka botuar libra. Di dhe kur dhe me k\u00eb ka mbaruar shkoll\u00ebn.<br \/>\n&#8211; Mir\u00eb, dometh\u00ebn\u00eb qenka njeri i letrave. Dakord, e \u00e7ojm\u00eb minist\u00ebr t\u00eb Brendsh\u00ebm. M\u00eb duhet nj\u00eb imazh i ri n\u00eb at\u00eb ministri, pas k\u00ebtyre q\u00eb ndodh\u00ebn&#8230;<br \/>\nNuk e p\u00ebrmendte, por disa dit\u00eb m\u00eb par\u00eb kishte shkarkuar disa oficer\u00eb policie p\u00ebr dhun\u00ebn e 28 majit. Donte doemos ta hiqte imazhin e nj\u00eb policie t\u00eb eg\u00ebr me nj\u00eb poet mesatar, q\u00eb do t\u00eb shkonte si kryepolic.<br \/>\n&#8211; S&#8217;di a pranon, &#8211; i thash\u00eb. &#8211; \u00cbsht\u00eb tip i t\u00ebrhequr. Kushedi sa frik\u00eb e ka policin\u00eb.<br \/>\n&#8211; Ke t\u00eb drejt\u00eb, &#8211; tha. &#8211; Nejse, fol nj\u00eb her\u00eb me t\u00eb, meq\u00eb e paske mik, por mos ia thuaj q\u00eb t\u00eb kam \u00e7ue un\u00eb. Testoje nji her\u00eb.<br \/>\nIshte drek\u00eb kur dola jasht\u00eb dhe n\u00eb fakt nuk dija si ta gjeja Halit Shamat\u00ebn. Astrit Patozi kishte nj\u00eb lidhje familjare me t\u00eb, pasi kishte dh\u00ebnd\u00ebr n\u00eb sht\u00ebpi v\u00ebllain e Halitit. E prit\u00ebm Halitin te nj\u00eb klub i v\u00ebllait t\u00eb vet dhe u nis\u00ebm drejt Golemit. Ndenj\u00ebm gjat\u00eb, deri af\u00ebr mesnate, por nuk mor\u00ebm asnj\u00eb premtim serioz nga Haliti.<br \/>\nT\u00eb nes\u00ebrmen, si\u00e7 na e shpjegoi vet\u00eb, Berisha e kishte thirrur n\u00eb or\u00ebn dhjet\u00eb n\u00eb zyr\u00eb dhe, sapo kishte hyr\u00eb brenda, e kishte uruar p\u00ebr detyr\u00ebn duke shprehur besimin se ai &#8220;ishte nj\u00eb kandidatur\u00eb e shk\u00eblqyer&#8221;.<br \/>\nAzemi priste gjith\u00eb makth pik\u00ebrisht emrin e ministrit t\u00eb Brendsh\u00ebm dhe p\u00ebr rrethanat q\u00eb shpjegova m\u00eb lart, un\u00eb isha nga t\u00eb par\u00ebt q\u00eb e dija. Ishte nj\u00eb situat\u00eb q\u00eb e p\u00ebrjetoja dhe un\u00eb shum\u00eb keq. E dija q\u00eb s&#8217;do t\u00eb b\u00ebhej kurr\u00eb minist\u00ebr i Brendsh\u00ebm dhe m\u00eb duhej t&#8217;i tregoja. N\u00eb fillim u trondit, pastaj u \u00e7udit dhe n\u00eb fund shfryu kund\u00ebr Berish\u00ebs. Pasi e mblodhi veten, p\u00ebrs\u00ebriti t\u00eb nj\u00ebjt\u00ebn gj\u00eb:<br \/>\n&#8211; Shqipe, mos ia thuaj kujt derisa t\u00eb b\u00ebhet.<br \/>\nM\u00eb von\u00eb m\u00eb tregoi se si e kishte takuar q\u00eb at\u00eb dit\u00eb Shamat\u00ebn dhe i kishte th\u00ebn\u00eb se ishte takuar me Berish\u00ebn dhe i kishte mbushur mendjen q\u00eb t\u00eb b\u00ebnte Shamat\u00ebn minist\u00ebr t\u00eb Brendsh\u00ebm. &#8220;Madje, kur ti hyre n\u00eb Presidenc\u00eb, un\u00eb po dilja&#8221;, i kishte th\u00ebn\u00eb.<br \/>\nNuk di n\u00ebse Shamata kishte besuar di\u00e7ka. Ishte i paepur n\u00eb vendosm\u00ebrin\u00eb e tij q\u00eb askush t\u00eb mos ia hetonte \u00e7arjen e madhe gati-gati armiq\u00ebsore q\u00eb kishte me Sali Berish\u00ebn. Ishte m\u00ebnyra se si mbijetonte.<\/p>\n<p>Ky njeri, Azem Hajdari, q\u00eb e donte me \u00e7do kusht at\u00eb post, nuk e mori kurr\u00eb vet\u00ebm p\u00ebr shkakun se, po ta merrte do t\u00eb ishte ai minist\u00ebr i Brendsh\u00ebm. Nd\u00ebrsa Halit Shamata, q\u00eb nuk e donte, e mori q\u00eb t\u00eb mos ishte kurr\u00eb minist\u00ebr, por nj\u00eb njeri luajal me kryetarin e vet. Ky ishte n\u00eb t\u00eb v\u00ebrtet\u00eb stili me t\u00eb cilin Berisha po e nd\u00ebrtonte qeverin\u00eb e re. Askush n\u00eb vendin e vet. Gjithkush atje ku nuk duhej, atje ku nuk ndihej minist\u00ebr. Gra t\u00eb shpallura si t\u00eb zonjat mbush\u00ebn qeverin\u00eb, nd\u00ebrsa prerjet m\u00eb jopolitike u b\u00ebn ministra. Me k\u00ebt\u00eb qeveri dhe grup parlamentar t\u00ebr\u00ebsisht jopolitik, Sali Berisha do t\u00eb ndeshej muaj m\u00eb von\u00eb me kriz\u00ebn m\u00eb t\u00eb thell\u00eb t\u00eb pushtetit t\u00eb tij dhe gjith\u00e7ka do t\u00eb shkrihej si kripa n\u00eb uj\u00eb. Askush prej tyre nuk do t&#8217;i dilte zot, pasi askush nuk mendonte politikisht.<\/p>\n<p><strong>Beteja e Azem Hajdarit kunder qeverise Meksi 2<\/strong><br \/>\nBeteja e tret\u00eb ishte ajo kund\u00ebr Azem Hajdarit. i vendosur n\u00eb krye t\u00eb Sindikatave t\u00eb Pavarura, ashtu si\u00e7 dinte t\u00eb vendosej ai, Azemi nisi nj\u00eb betej\u00eb t\u00eb eg\u00ebr kund\u00ebr qeveris\u00eb &#8220;Meksi&#8221;. Ky i fundit u t\u00ebrbua. Nuk ishte i qart\u00eb se deri n\u00eb \u00e7far\u00eb mase prapa Azemit q\u00ebndronte Sali Berisha, si\u00e7 p\u00ebrhapte fjal\u00eb gjithandej jo pa djall\u00ebzi vet\u00eb Azemi. Edhe vet\u00eb Sali Berisha k\u00ebnaqej nga kjo pandehm\u00eb e Meksit dhe nuk ia p\u00ebrg\u00ebnjeshtronte kurr\u00eb atij. Nga ana tjet\u00ebr, Bashkim Gazidedja e kishte tashm\u00eb Azemin objekt kryesor mbik\u00ebqyrjeje dhe sulmi. Vet\u00eb Partia Demokratike nd\u00ebrmori disa masa t\u00eb ashpra ndaj tij, deri n\u00eb &#8220;ngrirjen&#8221; si an\u00ebtar i K\u00ebshillit Komb\u00ebtar. Por Azemi nuk u t\u00ebrhoq. Aft\u00ebsia e tij p\u00ebr t&#8217;i mbajtur mb\u00ebshtet\u00ebsit e vet t\u00eb motivuar ishte e lindur.<\/p>\n<p>Edhe pse t\u00eb gjith\u00eb kishin n\u00eb kurriz SHIK-un dhe Policin\u00eb, Azemi u krijonte ndjesin\u00eb se policia, SHIK-u, Berisha dhe gjithkush tjet\u00ebr, p\u00ebrve\u00e7 Meksit, ishin me t\u00eb, ndaj t\u00eb mos trembeshin. Anekdotike ishte vizita e tij n\u00eb Fier. Gazidedja kishte urdh\u00ebruar SHIK-un q\u00eb t&#8217;ia ndalonte takimin. Policia kishte marr\u00eb urdh\u00ebr t\u00eb mos e shoq\u00ebronte. Dhe pik\u00ebrisht kur Shamata mendonte se e kishte b\u00ebr\u00eb detyr\u00ebn duke i dh\u00ebn\u00eb porosi shefit t\u00eb Policis\u00eb, Azemi shoq\u00ebrohej nga tri makina policie, me eskort\u00eb, q\u00eb t\u00eb shkonte n\u00eb stadiumin e Fierit, ku do t\u00eb shihte nj\u00eb ndeshje para takimit me sindikat\u00ebn. Po k\u00ebshtu ndodhte n\u00eb Shkod\u00ebr, Kavaj\u00eb, Durr\u00ebs dhe kudo. Nj\u00eb pjes\u00eb e madhe e policis\u00eb m\u00eb shum\u00eb besonin shkeljen e syrit t\u00eb Azemit se telefonat e ministrave dhe shefave t\u00eb tyre.<\/p>\n<p>N\u00ebn k\u00ebt\u00eb pamund\u00ebsi p\u00ebr ta ndalur, u duk se pushteti do t\u00eb jepte mesazhe publike. N\u00eb or\u00ebn e zakonshme t\u00eb &#8220;post\u00ebs&#8221; q\u00eb vinte nga SHIK-u n\u00eb gazet\u00ebn Albania, nj\u00eb dit\u00eb zarfi i verdh\u00eb kishte 25 pyetje p\u00ebr Azem Hajdarin. Berti, inspektori q\u00eb i kishte sjell\u00eb, b\u00ebri kujdes q\u00eb t\u00eb na tregonte se ishte di\u00e7ka me r\u00ebnd\u00ebsi. Ishte di\u00e7ka e r\u00ebnd\u00eb. 25 pyetje p\u00ebr Azem Hajdarin ishin n\u00eb fakt 25 denoncime, nd\u00ebr t\u00eb cilat mund t\u00eb kishte fakte t\u00eb v\u00ebrteta, por m\u00eb shum\u00eb kishte nj\u00eb kontekst spekulativ. Thirr\u00ebm n\u00eb telefon Azemin dhe avokat Ngjel\u00ebn. Azemi mb\u00ebrriti m\u00eb par\u00eb. I treguam p\u00ebr pyetjet. Nuk donte t&#8217;i lexonte. U pre n\u00eb fytyr\u00eb. Nuk e duronte dot q\u00eb t\u00eb jepej mesazh publik kund\u00ebr tij. Nuk ia k\u00ebrkoi n\u00eb asnj\u00eb \u00e7ast Yllit q\u00eb t\u00eb mos i botonte, pasi e njihte k\u00ebt\u00eb pafuqi t\u00eb gazet\u00ebs, por k\u00ebrkoi t\u00eb shkonim p\u00ebr kafe. Shkuam n\u00eb Rogner. Pak m\u00eb tutje nesh ishte Tritan Shehu, q\u00eb di\u00e7 kuturiste me nj\u00eb italian. Azemi piu gjat\u00eb.<\/p>\n<p>Nuk e duronte dot at\u00eb q\u00eb do t\u00eb dilte t\u00eb nes\u00ebrmen n\u00eb gazet\u00eb. Dhe pyeste vazhdimisht: &#8220;Pse nuk e l\u00ebshon k\u00ebt\u00eb Meksin?!&#8221; P\u00ebrgjigjja n\u00eb fakt ishte e thjesht\u00eb: mjafton t\u00eb shikoje shkoll\u00ebn politike t\u00eb Berish\u00ebs. N\u00ebse ai do t\u00eb l\u00ebshonte Meksin p\u00ebr shkak t\u00eb sulmeve t\u00eb Azemit, at\u00ebher\u00eb Azemi b\u00ebhej diktuesi i ndryshimeve n\u00eb qeveri, lakmuesi i s\u00eb mir\u00ebs dhe s\u00eb keqes, nj\u00eb status ky shum\u00eb i lart\u00eb p\u00ebr nj\u00eb njeri q\u00eb presidenti e konsideronte thuajse armik. Ndaj s&#8217;mund t&#8217;ia b\u00ebnte kurr\u00eb at\u00eb nder Azem Hajdarit. Ky i fundit u rropat qytet m\u00eb qytet e sall\u00eb m\u00eb sall\u00eb, por asgj\u00eb s&#8217;po l\u00ebvizte. Mb\u00ebshtet\u00ebsit e tij zun\u00eb t\u00eb ndaloheshin e t\u00eb arrestoheshin, por vet\u00eb Azemi nuk e la betej\u00ebn, edhe pse i d\u00ebshp\u00ebruar n\u00eb maksimum.<\/p>\n<p>Media zyrtare filloi ta akuzonte se po mblidhte rreth vetes enverist\u00eb dhe njer\u00ebz t\u00eb ish-Sigurimit t\u00eb Shtetit. N\u00eb mes t\u00eb n\u00ebntorit, Azemi b\u00ebri nj\u00eb padi zyrtare ndaj gazet\u00ebs Albania, p\u00ebr t\u00eb ndar\u00eb n\u00eb opinion faktin se pyetjet i vinin prej Berish\u00ebs. Por gazeta nuk shkoi fare n\u00eb gjyq dhe Azemi e harroi procesin. Q\u00ebllimi i tij konstant ishte q\u00eb n\u00eb opinion t\u00eb mos vihej re ndarja me Berish\u00ebn. Ndaj tij filluan diversione t\u00eb p\u00ebrditshme. Lajmi se do t\u00eb krijonte sindikat\u00eb t\u00eb re, u soll n\u00eb gazet\u00eb dit\u00ebn e dyt\u00eb t\u00eb fushat\u00ebs s\u00eb tij nga Arben Bllaci, ish-drejtues i gazet\u00ebs Sindikalisti t\u00eb Valer Xhek\u00ebs. Pastaj filluan sulme mbi karrier\u00ebn e tij n\u00eb PD.<\/p>\n<p>N\u00eb mes t\u00eb muajit n\u00ebntor, K\u00ebshilli Komb\u00ebtar ngriu an\u00ebtar\u00ebsin\u00eb e tij n\u00eb k\u00ebt\u00eb k\u00ebshill. N\u00eb fillim u tha se u p\u00ebrjashtua, pastaj u tha u &#8220;ngri&#8221;, nj\u00eb term ky i pad\u00ebgjuar m\u00eb par\u00eb n\u00eb statutin e asaj partie. Dhe e gjith\u00eb kjo b\u00ebhej nd\u00ebrsa kompania e par\u00eb rentiere, ajo e Sudes, po futej n\u00eb ng\u00ebr\u00e7 dhe tensioni po rritej me or\u00eb nga paniku i humbje s\u00eb pareve. Ishte e pabesueshme se si pushteti kishte energji p\u00ebr t&#8217;u marr\u00eb me Azem Hajdarin, i cili ishte problem i pushtetit, n\u00eb vend t\u00eb problemeve q\u00eb po shkat\u00ebrronin shtetin , si\u00e7 ishin fajdet\u00eb. Aty nga fillimi i dhjetorit, nj\u00eb detaj tjet\u00ebr i sulmeve ndaj tij e kishte d\u00ebshp\u00ebruar shum\u00eb.<\/p>\n<p>Dikush ishte kujtuar t&#8217;i hiqte nj\u00eb radio dore policie me shum\u00eb frekuenca, q\u00eb ai e mbante duke qen\u00eb se ishte kryetar i Komisionit t\u00eb Rendit dhe Mbrojtjes. Komisioni qenk\u00ebsh ndar\u00eb n\u00eb dy pjes\u00eb dhe ishte gjetur mund\u00ebsia t&#8217;ia hiqnin. Kjo e kishte m\u00ebrzitur shum\u00eb. N\u00eb fillim Yllit ia b\u00ebri shum\u00eb tragjike dhe t\u00eb rrezikshme p\u00ebr shtetin, por kur e pa q\u00eb ky i fundit nuk e mori seriozisht, u zbraz prap\u00eb kund\u00ebr Agim Shehut dhe Bashkim Gazidedes. Na premtoi disa her\u00eb se do t\u00eb na jepte disa materiale ku provohej se Agim Shehu ka vrar\u00eb njer\u00ebz n\u00eb kufi, ngaq\u00eb ata donin t\u00eb arratiseshin.<br \/>\nN\u00eb fund t\u00eb vitit 1996, Azemi nd\u00ebrmori nj\u00eb tjet\u00ebr akt kund\u00ebr qeveris\u00eb. P\u00ebr t\u00eb frik\u00ebsuar Berish\u00ebn se kishte edhe mb\u00ebshtetje publike, stimuloi te gazeta Koha Jon\u00eb anket\u00ebn Njeriu i Vitit dhe gazeta m\u00eb e eg\u00ebr kund\u00ebr Berish\u00ebs e shpalli Azem Hajdarin Njeriun e Vitit 1996, p\u00ebr shkak t\u00eb kontributit t\u00eb tij p\u00ebr demokratizimin e PD-s\u00eb. As kjo nuk funksionoi. Vet\u00ebm sa e thelloi distanc\u00ebn mes tij dhe Berish\u00ebs.<\/p>\n<p>Azemi u rezistoi presioneve dhe b\u00ebri \u00e7&#8217;mundi q\u00eb t&#8217;i fshihte ato nga opinioni publik. Kjo e detyroi Berish\u00ebn t\u00eb nd\u00ebrmerrte masa ekstreme ndaj tij. N\u00eb fillim t\u00eb janarit 1997, kryesia e Partis\u00eb Demokratike kishte marr\u00eb nj\u00eb vendim q\u00eb e &#8220;ngrinte&#8221; at\u00eb si an\u00ebtar t\u00eb K\u00ebshillit Komb\u00ebtar dhe e p\u00ebrjashtonte nga grupi parlamentar. N\u00eb seanc\u00ebn e par\u00eb plenare, n\u00eb jav\u00ebn e tret\u00eb t\u00eb janarit, Azem Hajdari i k\u00ebrkoi Arbnorit t\u00eb shprehej p\u00ebr statusin e tij brenda grupit parlamentar, por nuk e mori dot kurr\u00eb p\u00ebrgjigjen. Sipas rregullores s\u00eb Kuvendit, p\u00ebrjashtimin nga grupi duhej ta b\u00ebnte grupi dhe jo kryesia e partis\u00eb, por m\u00ebnyra se si Berisha i b\u00ebnte p\u00ebrjashtimet ishte q\u00eb ato edhe t\u00eb b\u00ebheshin, edhe t\u00eb mos ishin t\u00eb pakthyeshme, n\u00ebse i duhej.<\/p>\n<p>Dhe k\u00ebshtu, pa u p\u00ebrjashtuar kurr\u00eb legalisht, Azem Hajdari u p\u00ebrjashtua realisht nga grupi parlamentar i PD-s\u00eb pik\u00ebrisht n\u00eb janar t\u00eb vitit 1997, n\u00eb startin e kriz\u00ebs m\u00eb t\u00eb madhe q\u00eb kjo parti po hynte q\u00eb nga themelimi. Dhe mallkimi i p\u00ebrjashtimit t\u00eb themeluesit t\u00eb saj e zuri disa jav\u00eb m\u00eb von\u00eb, kur ajo dhe pushteti i saj u rrokullis\u00ebn n\u00eb nj\u00eb rrug\u00eb t\u00eb gjat\u00eb dhe, mbi t\u00eb gjitha, n\u00eb nj\u00eb rrug\u00eb pa kthim p\u00ebr themeluesin e saj, Azem Hajdarin, i cili u luftua si armiku m\u00eb i madh i asaj partie. Mitingjet e tij kund\u00ebr qeveris\u00eb pengoheshin nga Garda dhe rrethi i ngusht\u00eb i oficer\u00ebve t\u00eb Berish\u00ebs, edhe pse nj\u00eb oponenc\u00eb brenda PD-s\u00eb n\u00eb at\u00eb koh\u00eb do ta zbuste disi zem\u00ebrimin dhe frik\u00ebn q\u00eb ngjallte n\u00eb opinion nj\u00eb pushtet aq i pakund\u00ebrshtuesh\u00ebm.<\/p>\n<p>N\u00eb jav\u00ebn e par\u00eb t\u00eb shkurtit, Azemi u detyrua t&#8217;i nd\u00ebrpriste protestat, pasi Forumi p\u00ebr Demokraci, i sapoformuar n\u00eb Tiran\u00eb, nisi protestat e veta kund\u00ebr qeveris\u00eb. I v\u00ebn\u00eb n\u00eb pozicion t\u00eb v\u00ebshtir\u00eb nga rezonanca me t\u00eb majt\u00ebn, Azemi u t\u00ebrhoq dhe filloi t\u00eb mbante q\u00ebndrime kritike ndaj Forumit dhe p\u00ebrfshirjes s\u00eb opozit\u00ebs n\u00eb betej\u00ebn p\u00ebr fajdet\u00eb. K\u00ebtu ishte i d\u00ebnuar t\u00eb mbetej i vet\u00ebm.<\/p>\n<p><strong>Shkurt 1997<\/strong><br \/>\nNd\u00ebrkoh\u00eb, n\u00eb Tiran\u00eb kishte mb\u00ebrritur Eduard Selami. i ikur nj\u00eb vit m\u00eb par\u00eb nga Shqip\u00ebria, pas p\u00ebrjashtimit brutal nga kreu i Partis\u00eb Demokratike, shfaqja e tij n\u00eb hotel Rogner ato dit\u00eb t\u00eb fundit t\u00eb shkurtit ishte nj\u00eb rifreskim i kujtes\u00ebs s\u00eb hidhur. M\u00eb k\u00ebrkoi t\u00eb flisnim m\u00eb vete dhe paksa gjat\u00eb. K\u00ebrkesa e tij ishte e thjesht\u00eb. Donte t\u00eb takonte Sali Berish\u00ebn, me \u00e7do kusht. Kishte nj\u00eb mesazh p\u00ebr t\u00eb. Ia premtova se do t&#8217;ia k\u00ebrkoja me ngulm k\u00ebrkes\u00ebn e tij, por kisha pak shpresa se do ta priste.<\/p>\n<p>Kishte shum\u00eb ngjyra rikthimi i tij n\u00eb ato \u00e7aste n\u00eb Tiran\u00eb. Kishte ikur prej Berish\u00ebs n\u00eb dit\u00ebt e plotpushtetshme t\u00eb tij dhe po kthehej n\u00eb dit\u00ebt m\u00eb t\u00eb zeza t\u00eb tij. Dukej si nj\u00eb mallkim p\u00ebr \u00e7far\u00eb kishte ndodhur, kur mendoje se gjith\u00eb e gjith\u00eb ishte pak m\u00eb shum\u00eb se nj\u00eb vit.<br \/>\n&#8211; A mund t\u00eb m\u00eb thuash di\u00e7ka m\u00eb konkrete apo di\u00e7ka m\u00eb t\u00eb koduar p\u00ebr Berish\u00ebn, q\u00eb ta bind? &#8211; i thash\u00eb.<br \/>\n&#8211; E di ai kush m\u00eb ka nisur. Nj\u00eb mik i tij i vjet\u00ebr n\u00eb Uashington, q\u00eb edhe un\u00eb e kam shum\u00eb mik. Mos ia thuaj k\u00ebt\u00eb t\u00eb fundit, por ai m\u00eb ka th\u00ebn\u00eb se Berish\u00ebs i ka ngelur ose t\u00eb mbush\u00eb helikopterin plot me karburant p\u00ebr rrug\u00eb t\u00eb gjat\u00eb, ose t&#8217;i bjer\u00eb shkurt e t\u00eb m\u00eb pres\u00eb mua.<br \/>\nU p\u00ebrpoqa t\u00eb p\u00ebrfytyroja Berish\u00ebn sikur t&#8217;ia thosha k\u00ebt\u00eb. Me siguri q\u00eb biseda do t\u00eb mbaronte p\u00ebr dy sekonda. Por nuk ishte vet\u00ebm Berisha q\u00eb e keqkuptonte dhe e shikonte me konspiracion vizit\u00ebn e Selamit. Edhe t\u00eb sapolarguarit prej tij, po ashtu ishin dyshues. N\u00eb pranin\u00eb time atij i dha dor\u00ebn Dashamir Shehi dhe m\u00eb pas Neritan Ceka, duke b\u00ebr\u00eb kujdes q\u00eb t\u00eb shprehin nj\u00eb far\u00eb dyshimi p\u00ebr pranin\u00eb e tij. Por i shqet\u00ebsuari m\u00eb i madh ishte Azem Hajdari. P\u00ebr shkak t\u00eb af\u00ebrsis\u00eb me mua, nuk b\u00ebri fare kujdes ta fshihte zem\u00ebrimin.<br \/>\n&#8211; Po ke ardh\u00eb me e ngjall\u00eb at\u00eb kufom\u00ebn, e ke gabim, &#8211; i tha. &#8211; Ai do t\u00eb t\u00eb marr\u00eb me vete.<br \/>\nI qet\u00eb dhe shum\u00eb i shqet\u00ebsuar nga keqkuptimet q\u00eb po shkaktonte vizita e tij, Eduardi i siguroi se as kishte nd\u00ebrmend q\u00eb ta shp\u00ebtonte Berish\u00ebn.<br \/>\n&#8211; Ka mbushur Aleksand\u00ebr Meksi gjith\u00eb Tiran\u00ebn q\u00eb ke ardhur t&#8217;i z\u00ebsh vendin, &#8211; tha Azemi. &#8211; Un\u00eb s&#8217;e dua fare at\u00eb, por ky kufoma nuk duhet ndihmuar, se ti i shton jet\u00ebn.<br \/>\nSelami buz\u00ebqeshi gjith\u00eb mir\u00ebkuptim p\u00ebr mllefin e Azemit. Ishte i vetmi q\u00eb kishte guxuar ta p\u00ebrcillte dit\u00ebn q\u00eb e zbuan nga partia. Ishte, si gjithmon\u00eb, mik i \u00e7do kund\u00ebrshtari t\u00eb Berish\u00ebs n\u00eb PD dhe aleati i gjithkujt q\u00eb ai e shpallte armik.<\/p>\n<p><strong>Korrik 1997<\/strong><br \/>\nSali Berisha po sodiste humbjen m\u00eb t\u00eb madhe q\u00eb kishte njohur n\u00eb historin\u00eb e tij politike dhe nuk kishte asnj\u00eb fuqi ta ndalte thellimin e saj n\u00eb balotazh. Njer\u00ebzit e tij, q\u00eb ishin shfaqur si m\u00eb radikal\u00ebt, po ia mbathnin nj\u00eb e nga nj\u00eb. Agim Shehu nuk ishte par\u00eb t\u00eb nes\u00ebrmen e mitingut t\u00eb fundit. Ia kishte mbathur. Komandanti i Gard\u00ebs, Xhahid Xhaferri, po ashtu ia kishte mbathur. N\u00eb mesdit\u00ebn e 1 korrikut, ministri i Brendsh\u00ebm, Belul \u00c7elo, ishte shoq\u00ebruar deri n\u00eb Rinas nga truprojat e tij dhe ia kishte mbathur&#8230; Z\u00ebdh\u00ebn\u00ebsi i tij u p\u00ebrpoq ta minimizonte situat\u00ebn m\u00eb 2 korrik, kur tha se ministri kishte telefonuar dhe kishte th\u00ebn\u00eb se ka marr\u00eb dy dit\u00eb leje. Kishte premtuar, sipas tij, se do t\u00eb kthehej m\u00eb 3 korrik, n\u00eb mbr\u00ebmje. Nuk u kthye kurr\u00eb!<br \/>\nAzem Hajdari m\u00eb thirri me urgjenc\u00eb n\u00eb Rogner. Ishte i vetmi q\u00eb nuk ishte dor\u00ebzuar.<\/p>\n<p>&#8211; E marr un\u00eb balotazhin, &#8211; tha. &#8211; Thuaji &#8220;Marshallit&#8221; t\u00eb m\u00eb dekretoj\u00eb minist\u00ebr t\u00eb Brendsh\u00ebm, n\u00eb vend t\u00eb k\u00ebtij plehr\u00ebs q\u00eb iku.<br \/>\n-Nuk e b\u00ebn, &#8211; i thash\u00eb. &#8211; P\u00ebr m\u00eb tep\u00ebr q\u00eb kam frik\u00eb se as nuk ia pranojn\u00eb.<br \/>\n&#8211; Ai ta b\u00ebj\u00eb nj\u00eb her\u00eb, mo burr\u00eb, se e di un\u00eb \u00e7&#8217;b\u00ebj pastaj, &#8211; k\u00ebmb\u00ebnguli Azemi.<br \/>\nI dhash\u00eb fjal\u00ebn se do t&#8217;ia p\u00ebrcillja dhe e b\u00ebra n\u00eb nj\u00ebfar\u00eb m\u00ebnyre.<br \/>\nNdryshe nga \u00e7&#8217;e mendova, Berisha e priti me t\u00eb qeshur.<br \/>\n&#8211; Mos ki merak, se do t&#8217;ua nxij jet\u00ebn, &#8211; shp\u00ebrtheu pastaj. &#8211; Se po b\u00ebjn\u00eb shum\u00eb karshill\u00ebk&#8230; po mir\u00eb q\u00eb ma kujtove. Do t&#8217;u them: a do t\u00eb rrini mir\u00eb, apo ta dekretoj Azem Hajdarin minist\u00ebr?<\/p>\n<p>N\u00eb fakt, deri k\u00ebtu shkoi pranimi i kandidatur\u00ebs s\u00eb Azem Hajdarit. Ishte shansi i tij i fundit q\u00eb t\u00eb provonte qoft\u00eb edhe 15 dit\u00eb nj\u00eb portofol ministri. Ishte njeriu q\u00eb kishte udh\u00ebhequr rr\u00ebzimin e komunizmit dhe kishte themeluar nj\u00eb parti q\u00eb, p\u00ebr 8 vjet, e kishte persekutuar dhe p\u00ebrndjekur politikisht. N\u00eb dit\u00ebt e fundit t\u00eb saj formalisht n\u00eb pushtet, s\u00ebrish nuk ia rezervuan. U d\u00ebshp\u00ebrua shum\u00eb. U ul n\u00eb lulishte dhe porositi disa birra me radh\u00eb. Filloi t\u00eb p\u00ebrdor\u00eb radiot q\u00eb i mbante me shumic\u00eb me vete. U mor vesh q\u00eb u dekretua formalisht minist\u00ebr Ali Kazazi. U ngjall menj\u00ebher\u00eb. Mori Aliun n\u00eb radio dhe i tha q\u00eb n\u00eb or\u00ebn 23.00 t\u00eb nat\u00ebs do t\u00eb takoheshin n\u00eb zyr\u00ebn e ministrit t\u00eb Brendsh\u00ebm, se do ta prezantonte me strukturat. Nuk di \u00e7far\u00eb i tha tamam Ali Kazazi, por pas bised\u00ebs, Azemi u ngjall disi.<br \/>\n&#8211; T&#8217;ua nxjerr frik\u00ebn, &#8211; tha, &#8211; t\u00eb shkoj aty t&#8217;ua tund nj\u00ebher\u00eb dh\u00ebmb\u00ebt atyre pisave q\u00eb u dor\u00ebzuan k\u00ebshtu.<br \/>\nDhe iku v\u00ebrtet n\u00eb or\u00ebn 23.00 n\u00eb at\u00eb godin\u00eb ku \u00ebnd\u00ebrroi aq shum\u00eb q\u00eb t\u00eb hynte nj\u00eb her\u00eb si minist\u00ebr, por q\u00eb hynte gjithmon\u00eb brenda dyerve t\u00eb saj me ndjesin\u00eb q\u00eb ishte shum\u00eb her\u00eb m\u00eb shum\u00eb se aq.<\/p>\n<p>FOTO:<\/p>\n<p>&#8211; <em>Sali e Liri Berisha n\u00eb familjen Hajdari <\/em><\/p>\n","protected":false},"excerpt":{"rendered":"<p>Mero Baze, 12.09.2010 E para gj\u00eb q\u00eb t\u00eb vjen n\u00eb mend duke lexuar k\u00ebt\u00eb pjes\u00eb nga libri &#8220;1997&#8221; i Mero Bazes, i cili del s\u00eb shpejti n\u00eb treg \u00ebsht\u00eb: &#8220;Azemi i gjall\u00eb nuk iu desh kurr\u00eb, Azemi i vdekur i duhet \u00e7do 12 shtator p\u00ebrpara kamerave&#8230;&#8221; Adrian Thano Rreshtat e m\u00ebposht\u00ebm dhe ato q\u00eb do [&hellip;]<\/p>\n","protected":false},"author":1,"featured_media":0,"comment_status":"open","ping_status":"closed","sticky":false,"template":"","format":"standard","meta":{"footnotes":""},"categories":[2],"tags":[],"class_list":{"0":"post-3950","1":"post","2":"type-post","3":"status-publish","4":"format-standard","6":"category-artikuj"},"yoast_head":"<!-- This site is optimized with the Yoast SEO plugin v27.4 - https:\/\/yoast.com\/product\/yoast-seo-wordpress\/ -->\n<title>Mero Baze, nj\u00eb rr\u00ebfim p\u00ebr marr\u00ebdh\u00ebniet mes Azem Hajdarit dhe Sali Berish\u00ebs - FjALA e LIR\u00cb - Arkivi<\/title>\n<meta name=\"robots\" content=\"index, follow, max-snippet:-1, max-image-preview:large, max-video-preview:-1\" \/>\n<link rel=\"canonical\" href=\"https:\/\/fjala.info\/2009-2015\/mero-baze-nje-rrefim-per-marredheniet-mes-azem-hajdarit-dhe-sali-berishes\/\" \/>\n<meta property=\"og:locale\" content=\"sq_AL\" \/>\n<meta property=\"og:type\" content=\"article\" \/>\n<meta property=\"og:title\" content=\"Mero Baze, nj\u00eb rr\u00ebfim p\u00ebr marr\u00ebdh\u00ebniet mes Azem Hajdarit dhe Sali Berish\u00ebs - FjALA e LIR\u00cb - Arkivi\" \/>\n<meta property=\"og:description\" content=\"Mero Baze, 12.09.2010 E para gj\u00eb q\u00eb t\u00eb vjen n\u00eb mend duke lexuar k\u00ebt\u00eb pjes\u00eb nga libri &#8220;1997&#8221; i Mero Bazes, i cili del s\u00eb shpejti n\u00eb treg \u00ebsht\u00eb: &#8220;Azemi i gjall\u00eb nuk iu desh kurr\u00eb, Azemi i vdekur i duhet \u00e7do 12 shtator p\u00ebrpara kamerave&#8230;&#8221; Adrian Thano Rreshtat e m\u00ebposht\u00ebm dhe ato q\u00eb do [&hellip;]\" \/>\n<meta property=\"og:url\" content=\"https:\/\/fjala.info\/2009-2015\/mero-baze-nje-rrefim-per-marredheniet-mes-azem-hajdarit-dhe-sali-berishes\/\" \/>\n<meta property=\"og:site_name\" content=\"FjALA e LIR\u00cb - Arkivi\" \/>\n<meta property=\"article:published_time\" content=\"2010-09-12T21:08:10+00:00\" \/>\n<meta property=\"og:image\" content=\"http:\/\/fjala.shkoder.net\/wp-content\/uploads\/2010\/09\/azemi_izeti_20shkurt-300x188.jpg\" \/>\n<meta name=\"author\" content=\"admin\" \/>\n<meta name=\"twitter:card\" content=\"summary_large_image\" \/>\n<meta name=\"twitter:label1\" content=\"Written by\" \/>\n\t<meta name=\"twitter:data1\" content=\"admin\" \/>\n\t<meta name=\"twitter:label2\" content=\"Est. reading time\" \/>\n\t<meta name=\"twitter:data2\" content=\"35 minutes\" \/>\n<script type=\"application\/ld+json\" class=\"yoast-schema-graph\">{\"@context\":\"https:\\\/\\\/schema.org\",\"@graph\":[{\"@type\":\"Article\",\"@id\":\"https:\\\/\\\/fjala.info\\\/2009-2015\\\/mero-baze-nje-rrefim-per-marredheniet-mes-azem-hajdarit-dhe-sali-berishes\\\/#article\",\"isPartOf\":{\"@id\":\"https:\\\/\\\/fjala.info\\\/2009-2015\\\/mero-baze-nje-rrefim-per-marredheniet-mes-azem-hajdarit-dhe-sali-berishes\\\/\"},\"author\":{\"name\":\"admin\",\"@id\":\"https:\\\/\\\/fjala.info\\\/2009-2015\\\/#\\\/schema\\\/person\\\/3aa1163ef05469c496fc94e77611ada2\"},\"headline\":\"Mero Baze, nj\u00eb rr\u00ebfim p\u00ebr marr\u00ebdh\u00ebniet mes Azem Hajdarit dhe Sali Berish\u00ebs\",\"datePublished\":\"2010-09-12T21:08:10+00:00\",\"mainEntityOfPage\":{\"@id\":\"https:\\\/\\\/fjala.info\\\/2009-2015\\\/mero-baze-nje-rrefim-per-marredheniet-mes-azem-hajdarit-dhe-sali-berishes\\\/\"},\"wordCount\":6988,\"commentCount\":0,\"publisher\":{\"@id\":\"https:\\\/\\\/fjala.info\\\/2009-2015\\\/#organization\"},\"image\":{\"@id\":\"https:\\\/\\\/fjala.info\\\/2009-2015\\\/mero-baze-nje-rrefim-per-marredheniet-mes-azem-hajdarit-dhe-sali-berishes\\\/#primaryimage\"},\"thumbnailUrl\":\"http:\\\/\\\/fjala.shkoder.net\\\/wp-content\\\/uploads\\\/2010\\\/09\\\/azemi_izeti_20shkurt-300x188.jpg\",\"articleSection\":[\"Artikuj\"],\"inLanguage\":\"sq-AL\",\"potentialAction\":[{\"@type\":\"CommentAction\",\"name\":\"Comment\",\"target\":[\"https:\\\/\\\/fjala.info\\\/2009-2015\\\/mero-baze-nje-rrefim-per-marredheniet-mes-azem-hajdarit-dhe-sali-berishes\\\/#respond\"]}]},{\"@type\":\"WebPage\",\"@id\":\"https:\\\/\\\/fjala.info\\\/2009-2015\\\/mero-baze-nje-rrefim-per-marredheniet-mes-azem-hajdarit-dhe-sali-berishes\\\/\",\"url\":\"https:\\\/\\\/fjala.info\\\/2009-2015\\\/mero-baze-nje-rrefim-per-marredheniet-mes-azem-hajdarit-dhe-sali-berishes\\\/\",\"name\":\"Mero Baze, nj\u00eb rr\u00ebfim p\u00ebr marr\u00ebdh\u00ebniet mes Azem Hajdarit dhe Sali Berish\u00ebs - FjALA e LIR\u00cb - Arkivi\",\"isPartOf\":{\"@id\":\"https:\\\/\\\/fjala.info\\\/2009-2015\\\/#website\"},\"primaryImageOfPage\":{\"@id\":\"https:\\\/\\\/fjala.info\\\/2009-2015\\\/mero-baze-nje-rrefim-per-marredheniet-mes-azem-hajdarit-dhe-sali-berishes\\\/#primaryimage\"},\"image\":{\"@id\":\"https:\\\/\\\/fjala.info\\\/2009-2015\\\/mero-baze-nje-rrefim-per-marredheniet-mes-azem-hajdarit-dhe-sali-berishes\\\/#primaryimage\"},\"thumbnailUrl\":\"http:\\\/\\\/fjala.shkoder.net\\\/wp-content\\\/uploads\\\/2010\\\/09\\\/azemi_izeti_20shkurt-300x188.jpg\",\"datePublished\":\"2010-09-12T21:08:10+00:00\",\"breadcrumb\":{\"@id\":\"https:\\\/\\\/fjala.info\\\/2009-2015\\\/mero-baze-nje-rrefim-per-marredheniet-mes-azem-hajdarit-dhe-sali-berishes\\\/#breadcrumb\"},\"inLanguage\":\"sq-AL\",\"potentialAction\":[{\"@type\":\"ReadAction\",\"target\":[\"https:\\\/\\\/fjala.info\\\/2009-2015\\\/mero-baze-nje-rrefim-per-marredheniet-mes-azem-hajdarit-dhe-sali-berishes\\\/\"]}]},{\"@type\":\"ImageObject\",\"inLanguage\":\"sq-AL\",\"@id\":\"https:\\\/\\\/fjala.info\\\/2009-2015\\\/mero-baze-nje-rrefim-per-marredheniet-mes-azem-hajdarit-dhe-sali-berishes\\\/#primaryimage\",\"url\":\"http:\\\/\\\/fjala.shkoder.net\\\/wp-content\\\/uploads\\\/2010\\\/09\\\/azemi_izeti_20shkurt-300x188.jpg\",\"contentUrl\":\"http:\\\/\\\/fjala.shkoder.net\\\/wp-content\\\/uploads\\\/2010\\\/09\\\/azemi_izeti_20shkurt-300x188.jpg\"},{\"@type\":\"BreadcrumbList\",\"@id\":\"https:\\\/\\\/fjala.info\\\/2009-2015\\\/mero-baze-nje-rrefim-per-marredheniet-mes-azem-hajdarit-dhe-sali-berishes\\\/#breadcrumb\",\"itemListElement\":[{\"@type\":\"ListItem\",\"position\":1,\"name\":\"Home\",\"item\":\"https:\\\/\\\/fjala.info\\\/2009-2015\\\/\"},{\"@type\":\"ListItem\",\"position\":2,\"name\":\"Mero Baze, nj\u00eb rr\u00ebfim p\u00ebr marr\u00ebdh\u00ebniet mes Azem Hajdarit dhe Sali Berish\u00ebs\"}]},{\"@type\":\"WebSite\",\"@id\":\"https:\\\/\\\/fjala.info\\\/2009-2015\\\/#website\",\"url\":\"https:\\\/\\\/fjala.info\\\/2009-2015\\\/\",\"name\":\"FjALA e LIR\u00cb - Arkivi\",\"description\":\"Arkivi 2009-2015\",\"publisher\":{\"@id\":\"https:\\\/\\\/fjala.info\\\/2009-2015\\\/#organization\"},\"potentialAction\":[{\"@type\":\"SearchAction\",\"target\":{\"@type\":\"EntryPoint\",\"urlTemplate\":\"https:\\\/\\\/fjala.info\\\/2009-2015\\\/?s={search_term_string}\"},\"query-input\":{\"@type\":\"PropertyValueSpecification\",\"valueRequired\":true,\"valueName\":\"search_term_string\"}}],\"inLanguage\":\"sq-AL\"},{\"@type\":\"Organization\",\"@id\":\"https:\\\/\\\/fjala.info\\\/2009-2015\\\/#organization\",\"name\":\"FjALA e LIR\u00cb - Arkivi\",\"url\":\"https:\\\/\\\/fjala.info\\\/2009-2015\\\/\",\"logo\":{\"@type\":\"ImageObject\",\"inLanguage\":\"sq-AL\",\"@id\":\"https:\\\/\\\/fjala.info\\\/2009-2015\\\/#\\\/schema\\\/logo\\\/image\\\/\",\"url\":\"\",\"contentUrl\":\"\",\"caption\":\"FjALA e LIR\u00cb - Arkivi\"},\"image\":{\"@id\":\"https:\\\/\\\/fjala.info\\\/2009-2015\\\/#\\\/schema\\\/logo\\\/image\\\/\"}},{\"@type\":\"Person\",\"@id\":\"https:\\\/\\\/fjala.info\\\/2009-2015\\\/#\\\/schema\\\/person\\\/3aa1163ef05469c496fc94e77611ada2\",\"name\":\"admin\",\"image\":{\"@type\":\"ImageObject\",\"inLanguage\":\"sq-AL\",\"@id\":\"https:\\\/\\\/fjala.info\\\/2009-2015\\\/wp-content\\\/uploads\\\/2012\\\/02\\\/arben_cokaj-120x150.jpg\",\"url\":\"https:\\\/\\\/fjala.info\\\/2009-2015\\\/wp-content\\\/uploads\\\/2012\\\/02\\\/arben_cokaj-120x150.jpg\",\"contentUrl\":\"https:\\\/\\\/fjala.info\\\/2009-2015\\\/wp-content\\\/uploads\\\/2012\\\/02\\\/arben_cokaj-120x150.jpg\",\"caption\":\"admin\"},\"description\":\"Admin, Fjala e Lir\u00eb\",\"sameAs\":[\"https:\\\/\\\/fjala.info\\\/\"],\"url\":\"https:\\\/\\\/fjala.info\\\/2009-2015\\\/author\\\/admin\\\/\"}]}<\/script>\n<!-- \/ Yoast SEO plugin. -->","yoast_head_json":{"title":"Mero Baze, nj\u00eb rr\u00ebfim p\u00ebr marr\u00ebdh\u00ebniet mes Azem Hajdarit dhe Sali Berish\u00ebs - FjALA e LIR\u00cb - Arkivi","robots":{"index":"index","follow":"follow","max-snippet":"max-snippet:-1","max-image-preview":"max-image-preview:large","max-video-preview":"max-video-preview:-1"},"canonical":"https:\/\/fjala.info\/2009-2015\/mero-baze-nje-rrefim-per-marredheniet-mes-azem-hajdarit-dhe-sali-berishes\/","og_locale":"sq_AL","og_type":"article","og_title":"Mero Baze, nj\u00eb rr\u00ebfim p\u00ebr marr\u00ebdh\u00ebniet mes Azem Hajdarit dhe Sali Berish\u00ebs - FjALA e LIR\u00cb - Arkivi","og_description":"Mero Baze, 12.09.2010 E para gj\u00eb q\u00eb t\u00eb vjen n\u00eb mend duke lexuar k\u00ebt\u00eb pjes\u00eb nga libri &#8220;1997&#8221; i Mero Bazes, i cili del s\u00eb shpejti n\u00eb treg \u00ebsht\u00eb: &#8220;Azemi i gjall\u00eb nuk iu desh kurr\u00eb, Azemi i vdekur i duhet \u00e7do 12 shtator p\u00ebrpara kamerave&#8230;&#8221; Adrian Thano Rreshtat e m\u00ebposht\u00ebm dhe ato q\u00eb do [&hellip;]","og_url":"https:\/\/fjala.info\/2009-2015\/mero-baze-nje-rrefim-per-marredheniet-mes-azem-hajdarit-dhe-sali-berishes\/","og_site_name":"FjALA e LIR\u00cb - Arkivi","article_published_time":"2010-09-12T21:08:10+00:00","og_image":[{"url":"http:\/\/fjala.shkoder.net\/wp-content\/uploads\/2010\/09\/azemi_izeti_20shkurt-300x188.jpg","type":"","width":"","height":""}],"author":"admin","twitter_card":"summary_large_image","twitter_misc":{"Written by":"admin","Est. reading time":"35 minutes"},"schema":{"@context":"https:\/\/schema.org","@graph":[{"@type":"Article","@id":"https:\/\/fjala.info\/2009-2015\/mero-baze-nje-rrefim-per-marredheniet-mes-azem-hajdarit-dhe-sali-berishes\/#article","isPartOf":{"@id":"https:\/\/fjala.info\/2009-2015\/mero-baze-nje-rrefim-per-marredheniet-mes-azem-hajdarit-dhe-sali-berishes\/"},"author":{"name":"admin","@id":"https:\/\/fjala.info\/2009-2015\/#\/schema\/person\/3aa1163ef05469c496fc94e77611ada2"},"headline":"Mero Baze, nj\u00eb rr\u00ebfim p\u00ebr marr\u00ebdh\u00ebniet mes Azem Hajdarit dhe Sali Berish\u00ebs","datePublished":"2010-09-12T21:08:10+00:00","mainEntityOfPage":{"@id":"https:\/\/fjala.info\/2009-2015\/mero-baze-nje-rrefim-per-marredheniet-mes-azem-hajdarit-dhe-sali-berishes\/"},"wordCount":6988,"commentCount":0,"publisher":{"@id":"https:\/\/fjala.info\/2009-2015\/#organization"},"image":{"@id":"https:\/\/fjala.info\/2009-2015\/mero-baze-nje-rrefim-per-marredheniet-mes-azem-hajdarit-dhe-sali-berishes\/#primaryimage"},"thumbnailUrl":"http:\/\/fjala.shkoder.net\/wp-content\/uploads\/2010\/09\/azemi_izeti_20shkurt-300x188.jpg","articleSection":["Artikuj"],"inLanguage":"sq-AL","potentialAction":[{"@type":"CommentAction","name":"Comment","target":["https:\/\/fjala.info\/2009-2015\/mero-baze-nje-rrefim-per-marredheniet-mes-azem-hajdarit-dhe-sali-berishes\/#respond"]}]},{"@type":"WebPage","@id":"https:\/\/fjala.info\/2009-2015\/mero-baze-nje-rrefim-per-marredheniet-mes-azem-hajdarit-dhe-sali-berishes\/","url":"https:\/\/fjala.info\/2009-2015\/mero-baze-nje-rrefim-per-marredheniet-mes-azem-hajdarit-dhe-sali-berishes\/","name":"Mero Baze, nj\u00eb rr\u00ebfim p\u00ebr marr\u00ebdh\u00ebniet mes Azem Hajdarit dhe Sali Berish\u00ebs - FjALA e LIR\u00cb - Arkivi","isPartOf":{"@id":"https:\/\/fjala.info\/2009-2015\/#website"},"primaryImageOfPage":{"@id":"https:\/\/fjala.info\/2009-2015\/mero-baze-nje-rrefim-per-marredheniet-mes-azem-hajdarit-dhe-sali-berishes\/#primaryimage"},"image":{"@id":"https:\/\/fjala.info\/2009-2015\/mero-baze-nje-rrefim-per-marredheniet-mes-azem-hajdarit-dhe-sali-berishes\/#primaryimage"},"thumbnailUrl":"http:\/\/fjala.shkoder.net\/wp-content\/uploads\/2010\/09\/azemi_izeti_20shkurt-300x188.jpg","datePublished":"2010-09-12T21:08:10+00:00","breadcrumb":{"@id":"https:\/\/fjala.info\/2009-2015\/mero-baze-nje-rrefim-per-marredheniet-mes-azem-hajdarit-dhe-sali-berishes\/#breadcrumb"},"inLanguage":"sq-AL","potentialAction":[{"@type":"ReadAction","target":["https:\/\/fjala.info\/2009-2015\/mero-baze-nje-rrefim-per-marredheniet-mes-azem-hajdarit-dhe-sali-berishes\/"]}]},{"@type":"ImageObject","inLanguage":"sq-AL","@id":"https:\/\/fjala.info\/2009-2015\/mero-baze-nje-rrefim-per-marredheniet-mes-azem-hajdarit-dhe-sali-berishes\/#primaryimage","url":"http:\/\/fjala.shkoder.net\/wp-content\/uploads\/2010\/09\/azemi_izeti_20shkurt-300x188.jpg","contentUrl":"http:\/\/fjala.shkoder.net\/wp-content\/uploads\/2010\/09\/azemi_izeti_20shkurt-300x188.jpg"},{"@type":"BreadcrumbList","@id":"https:\/\/fjala.info\/2009-2015\/mero-baze-nje-rrefim-per-marredheniet-mes-azem-hajdarit-dhe-sali-berishes\/#breadcrumb","itemListElement":[{"@type":"ListItem","position":1,"name":"Home","item":"https:\/\/fjala.info\/2009-2015\/"},{"@type":"ListItem","position":2,"name":"Mero Baze, nj\u00eb rr\u00ebfim p\u00ebr marr\u00ebdh\u00ebniet mes Azem Hajdarit dhe Sali Berish\u00ebs"}]},{"@type":"WebSite","@id":"https:\/\/fjala.info\/2009-2015\/#website","url":"https:\/\/fjala.info\/2009-2015\/","name":"FjALA e LIR\u00cb - Arkivi","description":"Arkivi 2009-2015","publisher":{"@id":"https:\/\/fjala.info\/2009-2015\/#organization"},"potentialAction":[{"@type":"SearchAction","target":{"@type":"EntryPoint","urlTemplate":"https:\/\/fjala.info\/2009-2015\/?s={search_term_string}"},"query-input":{"@type":"PropertyValueSpecification","valueRequired":true,"valueName":"search_term_string"}}],"inLanguage":"sq-AL"},{"@type":"Organization","@id":"https:\/\/fjala.info\/2009-2015\/#organization","name":"FjALA e LIR\u00cb - Arkivi","url":"https:\/\/fjala.info\/2009-2015\/","logo":{"@type":"ImageObject","inLanguage":"sq-AL","@id":"https:\/\/fjala.info\/2009-2015\/#\/schema\/logo\/image\/","url":"","contentUrl":"","caption":"FjALA e LIR\u00cb - Arkivi"},"image":{"@id":"https:\/\/fjala.info\/2009-2015\/#\/schema\/logo\/image\/"}},{"@type":"Person","@id":"https:\/\/fjala.info\/2009-2015\/#\/schema\/person\/3aa1163ef05469c496fc94e77611ada2","name":"admin","image":{"@type":"ImageObject","inLanguage":"sq-AL","@id":"https:\/\/fjala.info\/2009-2015\/wp-content\/uploads\/2012\/02\/arben_cokaj-120x150.jpg","url":"https:\/\/fjala.info\/2009-2015\/wp-content\/uploads\/2012\/02\/arben_cokaj-120x150.jpg","contentUrl":"https:\/\/fjala.info\/2009-2015\/wp-content\/uploads\/2012\/02\/arben_cokaj-120x150.jpg","caption":"admin"},"description":"Admin, Fjala e Lir\u00eb","sameAs":["https:\/\/fjala.info\/"],"url":"https:\/\/fjala.info\/2009-2015\/author\/admin\/"}]}},"_links":{"self":[{"href":"https:\/\/fjala.info\/2009-2015\/wp-json\/wp\/v2\/posts\/3950","targetHints":{"allow":["GET"]}}],"collection":[{"href":"https:\/\/fjala.info\/2009-2015\/wp-json\/wp\/v2\/posts"}],"about":[{"href":"https:\/\/fjala.info\/2009-2015\/wp-json\/wp\/v2\/types\/post"}],"author":[{"embeddable":true,"href":"https:\/\/fjala.info\/2009-2015\/wp-json\/wp\/v2\/users\/1"}],"replies":[{"embeddable":true,"href":"https:\/\/fjala.info\/2009-2015\/wp-json\/wp\/v2\/comments?post=3950"}],"version-history":[{"count":0,"href":"https:\/\/fjala.info\/2009-2015\/wp-json\/wp\/v2\/posts\/3950\/revisions"}],"wp:attachment":[{"href":"https:\/\/fjala.info\/2009-2015\/wp-json\/wp\/v2\/media?parent=3950"}],"wp:term":[{"taxonomy":"category","embeddable":true,"href":"https:\/\/fjala.info\/2009-2015\/wp-json\/wp\/v2\/categories?post=3950"},{"taxonomy":"post_tag","embeddable":true,"href":"https:\/\/fjala.info\/2009-2015\/wp-json\/wp\/v2\/tags?post=3950"}],"curies":[{"name":"wp","href":"https:\/\/api.w.org\/{rel}","templated":true}]}}