{"id":3948,"date":"2010-09-12T21:49:33","date_gmt":"2010-09-12T20:49:33","guid":{"rendered":"http:\/\/fjala.shkoder.net\/?p=3948"},"modified":"2010-09-12T21:49:33","modified_gmt":"2010-09-12T20:49:33","slug":"azem-ti-s-je-gjalle","status":"publish","type":"post","link":"https:\/\/fjala.info\/2009-2015\/azem-ti-s-je-gjalle\/","title":{"rendered":"Azem, ti (s) je gjall\u00eb!"},"content":{"rendered":"<p><img decoding=\"async\" style=\"margin-left: 10px; margin-right: 10px; border: 0px;\" title=\"Pre\u00e7 Zogaj\" src=\"http:\/\/www.shkoder.net\/images\/fjala\/prec_zogaj.jpg\" border=\"0\" alt=\"\" width=\"150\" align=\"left\" \/><\/p>\n<p><strong>Pre\u00e7 Zogaj<\/strong>, <em>12.09.2010<\/em><\/p>\n<p>Dymb\u00ebdhjet\u00eb vjet m\u00eb par\u00eb, nj\u00eb mbr\u00ebmje t\u00eb err\u00ebt, ku vet\u00ebm shiu i shtruar b\u00ebnte pak drit\u00eb n\u00eb sken\u00ebn e madhe t\u00eb krimit t\u00eb paralajm\u00ebruar, u vra n\u00eb Tiran\u00eb, para selis\u00eb s\u00eb PD-s\u00eb, Azem Hajdari. I pambrojtur nga urrejtjet, por edhe nga dashurit\u00eb, ai shkoi drejt vdekjes si dikush q\u00eb \u00ebsht\u00eb lodhur duke shp\u00ebtuar n\u00ebp\u00ebr prita t\u00eb pambarimta dhe q\u00eb nuk gjen ngush\u00ebllim n\u00eb mitin e t\u00eb pamposhturit. Trupi i tij i mbushur me plumba u shemb p\u00ebrdhe p\u00ebr t\u00eb mos u ngritur m\u00eb kurr\u00eb.<\/p>\n<p>E kemi menduar gjithmon\u00eb, por nuk mbaj mend ta kemi th\u00ebn\u00eb apo shkruar gj\u00ebkundi &#8211; dhe n\u00eb fakt ka qen\u00eb dhe \u00ebsht\u00eb gjithnj\u00eb e r\u00ebnd\u00eb ta thuash &#8211; se L\u00ebvizja Demokratike Shqiptare \u00ebsht\u00eb e vetmja n\u00eb Evrop\u00ebn ish-komuniste, s\u00eb cil\u00ebs i \u00ebsht\u00eb vrar\u00eb prij\u00ebsi. Ka ndodhur q\u00eb n\u00eb vorbull\u00ebn e shp\u00ebrthimeve p\u00ebr ndryshime n\u00eb ndonj\u00eb vend ish-komunist t\u00eb jen\u00eb vrar\u00eb apo d\u00ebbuar simbolet regjimit t\u00eb vjet\u00ebr, si\u00e7 \u00ebsht\u00eb rasti i \u00c7aushekeskut n\u00eb Rumani apo i Honekerit n\u00eb Gjermanin\u00eb Lindore. <\/p>\n<p>Por, jo simbolet e regjimit t\u00eb ri. Vet\u00ebm n\u00eb Shqip\u00ebri ka ndodhur kjo. Disa nga student\u00ebt e vij\u00ebs s\u00eb par\u00eb dhe or\u00ebve t\u00eb para t\u00eb l\u00ebvizjes p\u00ebr ndryshimin e sistemit ik\u00ebn pothuajse t\u00eb gjith\u00eb n\u00eb rrethana q\u00eb do t\u00eb meritonin nj\u00eb p\u00ebrkushtim t\u00eb ve\u00e7ant\u00eb p\u00ebr t&#8217;u treguar nj\u00eb nga nj\u00eb. Kurse shoku dhe udh\u00ebheq\u00ebsi i tyre, Azem Hajdari, q\u00eb u shpall dhe u njoh si i till\u00eb n\u00eb flak\u00ebrimin e \u00e7astit heroik t\u00eb p\u00ebrballjes me historin\u00eb, u vra tet\u00eb vjet m\u00eb von\u00eb. Nuk \u00ebsht\u00eb e v\u00ebrtet\u00eb ajo q\u00eb thuhet shpesh se demokracia shqiptare e kaloi leht\u00eb. Demokracia shqiptare pagoi flin\u00eb e nderit. Historia e pluralizmit, e tranzicionit apo e demokracis\u00eb son\u00eb nuk mund t\u00eb lexohet drejt pa marr\u00eb parasysh k\u00ebt\u00eb vrasje.<\/p>\n<p>Shqip\u00ebria ishte vendi i fundit n\u00eb Evrop\u00eb q\u00eb vendosi pluripartitizmin. Vendi i par\u00eb ishte Polonia. Vendi i par\u00eb dhe vendi i fundit kan\u00eb t\u00eb p\u00ebrbashk\u00ebt faktin se forcat e reja dhe forcat e vjetra e negociuan ndryshimin. Ky fakt ka pasur e vazhdon k\u00eb ket\u00eb nj\u00eb rol t\u00eb ve\u00e7ant\u00eb, p\u00ebr t\u00eb mos th\u00ebn\u00eb p\u00ebrcaktues n\u00eb natyr\u00ebn e pluralizmit dhe n\u00eb fatin e aktor\u00ebve politik\u00eb t\u00eb tranzicionit ton\u00eb. \u00c7far\u00eb ishte Azem Hajdari? <\/p>\n<p>\u00c7far\u00eb e b\u00ebn at\u00eb t\u00eb ndrysh\u00ebm nga t\u00eb tjer\u00ebt? \u00c7far\u00eb i jep atij tiparet e nd\u00ebrthurura t\u00eb heroit me at\u00eb t\u00eb nj\u00eb aventurieri t\u00eb politik\u00ebs? \u00cbsht\u00eb raporti i tij i papajtuesh\u00ebm me pluralizmin e negociuar, ku partia e pun\u00ebs dhe udh\u00ebheq\u00ebsi i saj, Ramiz Alia, kaluan n\u00eb histori si bashkautor\u00eb. Azemi e ndjente rrezikun e nj\u00eb pluralizmi t\u00eb simuluar, ku njer\u00ebzit pozicionoheshin m\u00eb shum\u00eb nga fati q\u00eb kishin pasur n\u00eb komuniz\u00ebm se sa nga idet\u00eb e qarta, ku partia e re dhe partia e vjet\u00ebr dukeshin shpeshher\u00eb nj\u00eblloj n\u00eb lidhje me at\u00eb q\u00eb k\u00ebrkonin t\u00eb b\u00ebnin, ku vija e sjelljes s\u00eb tyre ishte kryesisht p\u00ebrshtatja dhe jo alternativa. Kjo ishte vdekja e alternativ\u00ebs. Kjo ishte nj\u00eblloj si t\u00eb pajtoheshe me iden\u00eb e pluralizmit t\u00eb mendimeve, por me parti. <\/p>\n<p>Pra, me nj\u00eb pluraliz\u00ebm brenda sistemit t\u00eb m\u00ebparsh\u00ebm q\u00eb mb\u00ebshtetej n\u00eb nj\u00eb ndarje t\u00eb menduar rolesh p\u00ebr t\u00eb kontrolluar pushtetin dhe jo n\u00eb produktin e natyrsh\u00ebm t\u00eb garave t\u00eb lira zgjedhore. Nd\u00ebrsa, nuk kishte mundur ta shmangte bashkautor\u00ebsin\u00eb e pluralizmit, Azem Hajdari k\u00ebrkonte gjithnj\u00eb t\u00eb prishte status-quon\u00eb e p\u00ebrngjasimit apo nj\u00ebsimit me partin\u00eb e vjet\u00ebr, t\u00eb provokonte, t\u00eb vendoste kufij t\u00eb rinj k\u00ebrkesash t\u00eb Partis\u00eb Demokratike, q\u00eb nuk mund t\u00eb ndiqeshin leht\u00eb apo t\u00eb kund\u00ebrshtoheshin pa hequr maskat nga partia e pun\u00ebs. Ai ishte problemi, ai ishte kund\u00ebrshtari kryesor, rebeli, ikonoklasti i ri. <\/p>\n<p>E gjith\u00eb kjo b\u00ebnte q\u00eb deklaratat dhe q\u00ebndrimet e tij t\u00eb vler\u00ebsoheshin si ekstremiste nga nj\u00eb pjes\u00eb e njer\u00ebzve, nd\u00ebrsa kund\u00ebrshtar\u00ebt e tij t\u00eb \u00e7do ngjyre shfryt\u00ebzonin \u00e7do rast p\u00ebr ta paraqitur si aventurier. Por, k\u00ebto ishin t\u00eb pritshme p\u00ebr nj\u00eb personazh t\u00eb pazakonsh\u00ebm, i cili p\u00ebrfaq\u00ebsonte tharmin epik dhe heroik t\u00eb L\u00ebvizjes s\u00eb Dhjetorit, q\u00eb dukej sikur ishte sh\u00ebnuar p\u00ebr t\u00eb qen\u00eb ndryshe nga t\u00eb tjer\u00ebt, q\u00eb do ta paguante me jet\u00eb at\u00eb q\u00eb un\u00eb e quaj veprimi i tij prej heroi. Mjesht\u00ebrit e m\u00ebdhenj na kan\u00eb m\u00ebsuar se heroi nuk \u00ebsht\u00eb e nj\u00ebjta gj\u00eb me njeriun e ndersh\u00ebm. <\/p>\n<p>Njer\u00ebzit e ndersh\u00ebm jan\u00eb ata q\u00eb din\u00eb t\u00eb thon\u00eb &#8220;jo&#8221; n\u00eb koh\u00ebn e duhur. Ka shum\u00eb t\u00eb till\u00eb. Kurse heronj ka pak. N\u00eb t\u00eb v\u00ebrtet\u00eb, thot\u00eb shkrimtari spanjoll Javer Cerkas, n\u00eb veprimin e nj\u00eb heroi ka gjithmon\u00eb di\u00e7ka t\u00eb verb\u00ebr, irracionale, instiktive, di\u00e7ka q\u00eb \u00ebsht\u00eb nga natyr\u00ebn e tij dhe nga e cila nuk mund t\u00eb shmanget. P\u00ebr m\u00eb tep\u00ebr, mund t\u00eb jesh njeri i ndersh\u00ebm gjat\u00eb gjith\u00eb jet\u00ebs, por nuk mund t\u00eb jesh sublim prerazi. Prandaj, heroi \u00ebsht\u00eb i till\u00eb vet\u00ebm n\u00eb raste t\u00eb jasht\u00ebzakonshme, n\u00eb nj\u00eb \u00e7ast, ose, e shumta, n\u00eb nj\u00eb periudh\u00eb \u00e7mendurie apo frym\u00ebzimi&#8230;<\/p>\n<p>Sa her\u00eb lexoj k\u00ebto radh\u00eb t\u00eb mrekullueshme me del para syve figura komplekse e Azem Hajdarit, me at\u00eb t\u00eb folur\u00ebn e tij n\u00eb tribuna si t\u00eb ishte i dehur, i sh\u00ebnjuar pam\u00ebshirsh\u00ebm nga p\u00ebrkoh\u00ebsia dhe vdekja n\u00eb nj\u00eb vend t\u00eb huaj p\u00ebr kalor\u00ebsi t\u00eb \u00e7mendur, por t\u00eb p\u00ebrshtatsh\u00ebm e t\u00eb dashur p\u00ebr demagog\u00eb, konformist\u00eb dhe arrivist\u00eb. E shoh me syt\u00eb e mendjes dhe m\u00eb vjen t\u00eb mendoj se nuk e vran\u00eb, por na la.<\/p>\n<p>Si\u00e7 ndodh gjithnj\u00eb, Azem Hajdari u njoh si hero n\u00eb vdekje. P\u00ebr nj\u00eb koh\u00eb t\u00eb gjat\u00eb fansat e tij, mb\u00ebshtet\u00ebsit e tij, militant\u00ebt e Partis\u00eb Demokratike dhe shum\u00eb njer\u00ebz t\u00eb tjer\u00eb e kan\u00eb thirrur me z\u00eb t\u00eb lart\u00eb emrin e tij si t\u00eb ishte nj\u00eb profet. Brenda atyre turmave ka pasur njer\u00ebz q\u00eb me emrin e Azemit k\u00ebrkonin kthimin e Berish\u00ebs dhe Partis\u00eb Demokratike n\u00eb pushtet. Azemi n\u00eb k\u00ebt\u00eb rast ishte nj\u00eb parull\u00eb politike dhe elektorale. <\/p>\n<p>Por ka pasur gjithnj\u00eb di\u00e7ka me shum\u00eb, di\u00e7ka impersonale n\u00eb thirrjen e emrit t\u00eb Azem Hajdarit nga demokrat\u00ebt dhe njer\u00ebzit e thjesht\u00eb. K\u00ebta e k\u00ebrkonin pik\u00ebrisht p\u00ebr cil\u00ebsit\u00eb e tij prej rebeli, q\u00eb jan\u00eb t\u00eb vetmet q\u00eb nuk g\u00ebnjejn\u00eb. Por thirrja e emrit t\u00eb Azemit ishte edhe nj\u00eb premtim p\u00ebr t\u00eb ven\u00eb n\u00eb vend t\u00eb v\u00ebrtet\u00ebn e vrasjes s\u00eb tij. Askush, dhe besoj as ish-kund\u00ebrshtar\u00ebt e tij, nuk mund t\u00eb pranojn\u00eb versionin se prij\u00ebsi i l\u00ebvizjes demokratike t\u00eb dhjetorit u vra si pasoj\u00eb e nj\u00eb &#8220;konflikti tropojan\u00ebsh&#8221;. <\/p>\n<p>Ky \u00ebsht\u00eb nj\u00eb version q\u00eb fyen arsyen dhe rehabiliton vrasjen politike. Berisha, t\u00eb cilit Azem Hajdari, si tropojan, i delegoi n\u00eb nj\u00eb far\u00eb m\u00ebnyre p\u00ebrfaq\u00ebsimin n\u00eb majat e pushtetit, e ka pas premtuar personalisht rihapjen e dosjes &#8220;Hajdari&#8221;. Prioritetet e mandatit t\u00eb par\u00eb t\u00eb Berish\u00ebs ishin t\u00eb tjera. N\u00eb mandatin e dyt\u00eb premtimi i tij \u00ebsht\u00eb n\u00eb kund\u00ebrkoh\u00eb me skem\u00ebn e mbajtjes s\u00eb pushtetit. Mund t\u00eb ket\u00eb edhe arsye t\u00eb tjera, q\u00eb u duhen th\u00ebn\u00eb, minimalisht pjes\u00ebtar\u00ebve t\u00eb familjes Hajdari.<\/p>\n<p>Ajo q\u00eb nuk mund t\u00eb tolerohet n\u00eb k\u00ebt\u00eb histori \u00ebsht\u00eb harresa. P\u00ebrmendorja e Azem Hajdarit, e derdhur para dy-tre vjet\u00ebsh, dergjet n\u00eb nj\u00eb fonderi, sepse nuk po gjendet nj\u00eb vend p\u00ebr ta vendosur. Mendimet qe provokon ajo p\u00ebrmendore e l\u00ebn\u00eb m\u00ebnjan\u00eb t\u00eb ngren\u00eb mornica. N\u00eb t\u00eb gjall\u00eb dhe n\u00eb vdekje, n\u00eb skenat m\u00eb pikante t\u00eb fatit t\u00eb tij, Azem Hajdari ka qen\u00eb vizatimi i vet\u00eb periudh\u00ebs. Kur u paraqit n\u00eb Kuvend n\u00eb karroc\u00eb, pasi i pat mbijetuar atentatit aty, pamja e tij na tregonte zigzagun e tmerrsh\u00ebm t\u00eb pluralizmit shqiptar. <\/p>\n<p>Kurse k\u00ebsaj radhe, p\u00ebrmendorja e pangritur \u00ebsht\u00eb vizatimi i rr\u00ebshqitjes son\u00eb n\u00eb ciniz\u00ebm dhe mosmir\u00ebnjohje, n\u00eb lakmi dhe \u00e7oroditje. Sot, me siguri ka me mij\u00ebra shqiptar\u00eb q\u00eb p\u00ebr inerci t\u00eb nj\u00eb zakoni m\u00ebrm\u00ebrisin andej-k\u00ebndej n\u00eb vetmin\u00eb e tyre &#8220;Azem, ti je gjall\u00eb&#8221;. \u00cbsht\u00eb e v\u00ebrtet\u00eb se Azemi do t\u00eb kujtohet gjithmon\u00eb. Bota shqiptare e ka pranuar dhe do t\u00eb vazhdoj\u00eb ta pranoj\u00eb si nj\u00eb hero. Por, nga bota pa skrupuj e lakmis\u00eb, gj\u00ebmon po sot antistrofa &#8220;s&#8217;je gjall\u00eb&#8221;. \u00cbsht\u00eb nj\u00eb marr\u00ebzi n\u00eb kalim. Heronjt\u00eb nuk humbin kurr\u00eb!<\/p>\n","protected":false},"excerpt":{"rendered":"<p>Pre\u00e7 Zogaj, 12.09.2010 Dymb\u00ebdhjet\u00eb vjet m\u00eb par\u00eb, nj\u00eb mbr\u00ebmje t\u00eb err\u00ebt, ku vet\u00ebm shiu i shtruar b\u00ebnte pak drit\u00eb n\u00eb sken\u00ebn e madhe t\u00eb krimit t\u00eb paralajm\u00ebruar, u vra n\u00eb Tiran\u00eb, para selis\u00eb s\u00eb PD-s\u00eb, Azem Hajdari. I pambrojtur nga urrejtjet, por edhe nga dashurit\u00eb, ai shkoi drejt vdekjes si dikush q\u00eb \u00ebsht\u00eb lodhur duke [&hellip;]<\/p>\n","protected":false},"author":1,"featured_media":0,"comment_status":"open","ping_status":"closed","sticky":false,"template":"","format":"standard","meta":{"footnotes":""},"categories":[2],"tags":[],"class_list":{"0":"post-3948","1":"post","2":"type-post","3":"status-publish","4":"format-standard","6":"category-artikuj"},"yoast_head":"<!-- This site is optimized with the Yoast SEO plugin v27.4 - https:\/\/yoast.com\/product\/yoast-seo-wordpress\/ -->\n<title>Azem, ti (s) je gjall\u00eb! - FjALA e LIR\u00cb - Arkivi<\/title>\n<meta name=\"robots\" content=\"index, follow, max-snippet:-1, max-image-preview:large, max-video-preview:-1\" \/>\n<link rel=\"canonical\" href=\"https:\/\/fjala.info\/2009-2015\/azem-ti-s-je-gjalle\/\" \/>\n<meta property=\"og:locale\" content=\"sq_AL\" \/>\n<meta property=\"og:type\" content=\"article\" \/>\n<meta property=\"og:title\" content=\"Azem, ti (s) je gjall\u00eb! - FjALA e LIR\u00cb - Arkivi\" \/>\n<meta property=\"og:description\" content=\"Pre\u00e7 Zogaj, 12.09.2010 Dymb\u00ebdhjet\u00eb vjet m\u00eb par\u00eb, nj\u00eb mbr\u00ebmje t\u00eb err\u00ebt, ku vet\u00ebm shiu i shtruar b\u00ebnte pak drit\u00eb n\u00eb sken\u00ebn e madhe t\u00eb krimit t\u00eb paralajm\u00ebruar, u vra n\u00eb Tiran\u00eb, para selis\u00eb s\u00eb PD-s\u00eb, Azem Hajdari. I pambrojtur nga urrejtjet, por edhe nga dashurit\u00eb, ai shkoi drejt vdekjes si dikush q\u00eb \u00ebsht\u00eb lodhur duke [&hellip;]\" \/>\n<meta property=\"og:url\" content=\"https:\/\/fjala.info\/2009-2015\/azem-ti-s-je-gjalle\/\" \/>\n<meta property=\"og:site_name\" content=\"FjALA e LIR\u00cb - Arkivi\" \/>\n<meta property=\"article:published_time\" content=\"2010-09-12T20:49:33+00:00\" \/>\n<meta property=\"og:image\" content=\"http:\/\/www.shkoder.net\/images\/fjala\/prec_zogaj.jpg\" \/>\n<meta name=\"author\" content=\"admin\" \/>\n<meta name=\"twitter:card\" content=\"summary_large_image\" \/>\n<meta name=\"twitter:label1\" content=\"Written by\" \/>\n\t<meta name=\"twitter:data1\" content=\"admin\" \/>\n\t<meta name=\"twitter:label2\" content=\"Est. reading time\" \/>\n\t<meta name=\"twitter:data2\" content=\"7 minutes\" \/>\n<script type=\"application\/ld+json\" class=\"yoast-schema-graph\">{\"@context\":\"https:\\\/\\\/schema.org\",\"@graph\":[{\"@type\":\"Article\",\"@id\":\"https:\\\/\\\/fjala.info\\\/2009-2015\\\/azem-ti-s-je-gjalle\\\/#article\",\"isPartOf\":{\"@id\":\"https:\\\/\\\/fjala.info\\\/2009-2015\\\/azem-ti-s-je-gjalle\\\/\"},\"author\":{\"name\":\"admin\",\"@id\":\"https:\\\/\\\/fjala.info\\\/2009-2015\\\/#\\\/schema\\\/person\\\/3aa1163ef05469c496fc94e77611ada2\"},\"headline\":\"Azem, ti (s) je gjall\u00eb!\",\"datePublished\":\"2010-09-12T20:49:33+00:00\",\"mainEntityOfPage\":{\"@id\":\"https:\\\/\\\/fjala.info\\\/2009-2015\\\/azem-ti-s-je-gjalle\\\/\"},\"wordCount\":1470,\"commentCount\":1,\"publisher\":{\"@id\":\"https:\\\/\\\/fjala.info\\\/2009-2015\\\/#organization\"},\"image\":{\"@id\":\"https:\\\/\\\/fjala.info\\\/2009-2015\\\/azem-ti-s-je-gjalle\\\/#primaryimage\"},\"thumbnailUrl\":\"http:\\\/\\\/www.shkoder.net\\\/images\\\/fjala\\\/prec_zogaj.jpg\",\"articleSection\":[\"Artikuj\"],\"inLanguage\":\"sq-AL\",\"potentialAction\":[{\"@type\":\"CommentAction\",\"name\":\"Comment\",\"target\":[\"https:\\\/\\\/fjala.info\\\/2009-2015\\\/azem-ti-s-je-gjalle\\\/#respond\"]}]},{\"@type\":\"WebPage\",\"@id\":\"https:\\\/\\\/fjala.info\\\/2009-2015\\\/azem-ti-s-je-gjalle\\\/\",\"url\":\"https:\\\/\\\/fjala.info\\\/2009-2015\\\/azem-ti-s-je-gjalle\\\/\",\"name\":\"Azem, ti (s) je gjall\u00eb! - FjALA e LIR\u00cb - Arkivi\",\"isPartOf\":{\"@id\":\"https:\\\/\\\/fjala.info\\\/2009-2015\\\/#website\"},\"primaryImageOfPage\":{\"@id\":\"https:\\\/\\\/fjala.info\\\/2009-2015\\\/azem-ti-s-je-gjalle\\\/#primaryimage\"},\"image\":{\"@id\":\"https:\\\/\\\/fjala.info\\\/2009-2015\\\/azem-ti-s-je-gjalle\\\/#primaryimage\"},\"thumbnailUrl\":\"http:\\\/\\\/www.shkoder.net\\\/images\\\/fjala\\\/prec_zogaj.jpg\",\"datePublished\":\"2010-09-12T20:49:33+00:00\",\"breadcrumb\":{\"@id\":\"https:\\\/\\\/fjala.info\\\/2009-2015\\\/azem-ti-s-je-gjalle\\\/#breadcrumb\"},\"inLanguage\":\"sq-AL\",\"potentialAction\":[{\"@type\":\"ReadAction\",\"target\":[\"https:\\\/\\\/fjala.info\\\/2009-2015\\\/azem-ti-s-je-gjalle\\\/\"]}]},{\"@type\":\"ImageObject\",\"inLanguage\":\"sq-AL\",\"@id\":\"https:\\\/\\\/fjala.info\\\/2009-2015\\\/azem-ti-s-je-gjalle\\\/#primaryimage\",\"url\":\"http:\\\/\\\/www.shkoder.net\\\/images\\\/fjala\\\/prec_zogaj.jpg\",\"contentUrl\":\"http:\\\/\\\/www.shkoder.net\\\/images\\\/fjala\\\/prec_zogaj.jpg\"},{\"@type\":\"BreadcrumbList\",\"@id\":\"https:\\\/\\\/fjala.info\\\/2009-2015\\\/azem-ti-s-je-gjalle\\\/#breadcrumb\",\"itemListElement\":[{\"@type\":\"ListItem\",\"position\":1,\"name\":\"Home\",\"item\":\"https:\\\/\\\/fjala.info\\\/2009-2015\\\/\"},{\"@type\":\"ListItem\",\"position\":2,\"name\":\"Azem, ti (s) je gjall\u00eb!\"}]},{\"@type\":\"WebSite\",\"@id\":\"https:\\\/\\\/fjala.info\\\/2009-2015\\\/#website\",\"url\":\"https:\\\/\\\/fjala.info\\\/2009-2015\\\/\",\"name\":\"FjALA e LIR\u00cb - Arkivi\",\"description\":\"Arkivi 2009-2015\",\"publisher\":{\"@id\":\"https:\\\/\\\/fjala.info\\\/2009-2015\\\/#organization\"},\"potentialAction\":[{\"@type\":\"SearchAction\",\"target\":{\"@type\":\"EntryPoint\",\"urlTemplate\":\"https:\\\/\\\/fjala.info\\\/2009-2015\\\/?s={search_term_string}\"},\"query-input\":{\"@type\":\"PropertyValueSpecification\",\"valueRequired\":true,\"valueName\":\"search_term_string\"}}],\"inLanguage\":\"sq-AL\"},{\"@type\":\"Organization\",\"@id\":\"https:\\\/\\\/fjala.info\\\/2009-2015\\\/#organization\",\"name\":\"FjALA e LIR\u00cb - Arkivi\",\"url\":\"https:\\\/\\\/fjala.info\\\/2009-2015\\\/\",\"logo\":{\"@type\":\"ImageObject\",\"inLanguage\":\"sq-AL\",\"@id\":\"https:\\\/\\\/fjala.info\\\/2009-2015\\\/#\\\/schema\\\/logo\\\/image\\\/\",\"url\":\"\",\"contentUrl\":\"\",\"caption\":\"FjALA e LIR\u00cb - Arkivi\"},\"image\":{\"@id\":\"https:\\\/\\\/fjala.info\\\/2009-2015\\\/#\\\/schema\\\/logo\\\/image\\\/\"}},{\"@type\":\"Person\",\"@id\":\"https:\\\/\\\/fjala.info\\\/2009-2015\\\/#\\\/schema\\\/person\\\/3aa1163ef05469c496fc94e77611ada2\",\"name\":\"admin\",\"image\":{\"@type\":\"ImageObject\",\"inLanguage\":\"sq-AL\",\"@id\":\"https:\\\/\\\/fjala.info\\\/2009-2015\\\/wp-content\\\/uploads\\\/2012\\\/02\\\/arben_cokaj-120x150.jpg\",\"url\":\"https:\\\/\\\/fjala.info\\\/2009-2015\\\/wp-content\\\/uploads\\\/2012\\\/02\\\/arben_cokaj-120x150.jpg\",\"contentUrl\":\"https:\\\/\\\/fjala.info\\\/2009-2015\\\/wp-content\\\/uploads\\\/2012\\\/02\\\/arben_cokaj-120x150.jpg\",\"caption\":\"admin\"},\"description\":\"Admin, Fjala e Lir\u00eb\",\"sameAs\":[\"https:\\\/\\\/fjala.info\\\/\"],\"url\":\"https:\\\/\\\/fjala.info\\\/2009-2015\\\/author\\\/admin\\\/\"}]}<\/script>\n<!-- \/ Yoast SEO plugin. -->","yoast_head_json":{"title":"Azem, ti (s) je gjall\u00eb! - FjALA e LIR\u00cb - Arkivi","robots":{"index":"index","follow":"follow","max-snippet":"max-snippet:-1","max-image-preview":"max-image-preview:large","max-video-preview":"max-video-preview:-1"},"canonical":"https:\/\/fjala.info\/2009-2015\/azem-ti-s-je-gjalle\/","og_locale":"sq_AL","og_type":"article","og_title":"Azem, ti (s) je gjall\u00eb! - FjALA e LIR\u00cb - Arkivi","og_description":"Pre\u00e7 Zogaj, 12.09.2010 Dymb\u00ebdhjet\u00eb vjet m\u00eb par\u00eb, nj\u00eb mbr\u00ebmje t\u00eb err\u00ebt, ku vet\u00ebm shiu i shtruar b\u00ebnte pak drit\u00eb n\u00eb sken\u00ebn e madhe t\u00eb krimit t\u00eb paralajm\u00ebruar, u vra n\u00eb Tiran\u00eb, para selis\u00eb s\u00eb PD-s\u00eb, Azem Hajdari. I pambrojtur nga urrejtjet, por edhe nga dashurit\u00eb, ai shkoi drejt vdekjes si dikush q\u00eb \u00ebsht\u00eb lodhur duke [&hellip;]","og_url":"https:\/\/fjala.info\/2009-2015\/azem-ti-s-je-gjalle\/","og_site_name":"FjALA e LIR\u00cb - Arkivi","article_published_time":"2010-09-12T20:49:33+00:00","og_image":[{"url":"http:\/\/www.shkoder.net\/images\/fjala\/prec_zogaj.jpg","type":"","width":"","height":""}],"author":"admin","twitter_card":"summary_large_image","twitter_misc":{"Written by":"admin","Est. reading time":"7 minutes"},"schema":{"@context":"https:\/\/schema.org","@graph":[{"@type":"Article","@id":"https:\/\/fjala.info\/2009-2015\/azem-ti-s-je-gjalle\/#article","isPartOf":{"@id":"https:\/\/fjala.info\/2009-2015\/azem-ti-s-je-gjalle\/"},"author":{"name":"admin","@id":"https:\/\/fjala.info\/2009-2015\/#\/schema\/person\/3aa1163ef05469c496fc94e77611ada2"},"headline":"Azem, ti (s) je gjall\u00eb!","datePublished":"2010-09-12T20:49:33+00:00","mainEntityOfPage":{"@id":"https:\/\/fjala.info\/2009-2015\/azem-ti-s-je-gjalle\/"},"wordCount":1470,"commentCount":1,"publisher":{"@id":"https:\/\/fjala.info\/2009-2015\/#organization"},"image":{"@id":"https:\/\/fjala.info\/2009-2015\/azem-ti-s-je-gjalle\/#primaryimage"},"thumbnailUrl":"http:\/\/www.shkoder.net\/images\/fjala\/prec_zogaj.jpg","articleSection":["Artikuj"],"inLanguage":"sq-AL","potentialAction":[{"@type":"CommentAction","name":"Comment","target":["https:\/\/fjala.info\/2009-2015\/azem-ti-s-je-gjalle\/#respond"]}]},{"@type":"WebPage","@id":"https:\/\/fjala.info\/2009-2015\/azem-ti-s-je-gjalle\/","url":"https:\/\/fjala.info\/2009-2015\/azem-ti-s-je-gjalle\/","name":"Azem, ti (s) je gjall\u00eb! - FjALA e LIR\u00cb - Arkivi","isPartOf":{"@id":"https:\/\/fjala.info\/2009-2015\/#website"},"primaryImageOfPage":{"@id":"https:\/\/fjala.info\/2009-2015\/azem-ti-s-je-gjalle\/#primaryimage"},"image":{"@id":"https:\/\/fjala.info\/2009-2015\/azem-ti-s-je-gjalle\/#primaryimage"},"thumbnailUrl":"http:\/\/www.shkoder.net\/images\/fjala\/prec_zogaj.jpg","datePublished":"2010-09-12T20:49:33+00:00","breadcrumb":{"@id":"https:\/\/fjala.info\/2009-2015\/azem-ti-s-je-gjalle\/#breadcrumb"},"inLanguage":"sq-AL","potentialAction":[{"@type":"ReadAction","target":["https:\/\/fjala.info\/2009-2015\/azem-ti-s-je-gjalle\/"]}]},{"@type":"ImageObject","inLanguage":"sq-AL","@id":"https:\/\/fjala.info\/2009-2015\/azem-ti-s-je-gjalle\/#primaryimage","url":"http:\/\/www.shkoder.net\/images\/fjala\/prec_zogaj.jpg","contentUrl":"http:\/\/www.shkoder.net\/images\/fjala\/prec_zogaj.jpg"},{"@type":"BreadcrumbList","@id":"https:\/\/fjala.info\/2009-2015\/azem-ti-s-je-gjalle\/#breadcrumb","itemListElement":[{"@type":"ListItem","position":1,"name":"Home","item":"https:\/\/fjala.info\/2009-2015\/"},{"@type":"ListItem","position":2,"name":"Azem, ti (s) je gjall\u00eb!"}]},{"@type":"WebSite","@id":"https:\/\/fjala.info\/2009-2015\/#website","url":"https:\/\/fjala.info\/2009-2015\/","name":"FjALA e LIR\u00cb - Arkivi","description":"Arkivi 2009-2015","publisher":{"@id":"https:\/\/fjala.info\/2009-2015\/#organization"},"potentialAction":[{"@type":"SearchAction","target":{"@type":"EntryPoint","urlTemplate":"https:\/\/fjala.info\/2009-2015\/?s={search_term_string}"},"query-input":{"@type":"PropertyValueSpecification","valueRequired":true,"valueName":"search_term_string"}}],"inLanguage":"sq-AL"},{"@type":"Organization","@id":"https:\/\/fjala.info\/2009-2015\/#organization","name":"FjALA e LIR\u00cb - Arkivi","url":"https:\/\/fjala.info\/2009-2015\/","logo":{"@type":"ImageObject","inLanguage":"sq-AL","@id":"https:\/\/fjala.info\/2009-2015\/#\/schema\/logo\/image\/","url":"","contentUrl":"","caption":"FjALA e LIR\u00cb - Arkivi"},"image":{"@id":"https:\/\/fjala.info\/2009-2015\/#\/schema\/logo\/image\/"}},{"@type":"Person","@id":"https:\/\/fjala.info\/2009-2015\/#\/schema\/person\/3aa1163ef05469c496fc94e77611ada2","name":"admin","image":{"@type":"ImageObject","inLanguage":"sq-AL","@id":"https:\/\/fjala.info\/2009-2015\/wp-content\/uploads\/2012\/02\/arben_cokaj-120x150.jpg","url":"https:\/\/fjala.info\/2009-2015\/wp-content\/uploads\/2012\/02\/arben_cokaj-120x150.jpg","contentUrl":"https:\/\/fjala.info\/2009-2015\/wp-content\/uploads\/2012\/02\/arben_cokaj-120x150.jpg","caption":"admin"},"description":"Admin, Fjala e Lir\u00eb","sameAs":["https:\/\/fjala.info\/"],"url":"https:\/\/fjala.info\/2009-2015\/author\/admin\/"}]}},"_links":{"self":[{"href":"https:\/\/fjala.info\/2009-2015\/wp-json\/wp\/v2\/posts\/3948","targetHints":{"allow":["GET"]}}],"collection":[{"href":"https:\/\/fjala.info\/2009-2015\/wp-json\/wp\/v2\/posts"}],"about":[{"href":"https:\/\/fjala.info\/2009-2015\/wp-json\/wp\/v2\/types\/post"}],"author":[{"embeddable":true,"href":"https:\/\/fjala.info\/2009-2015\/wp-json\/wp\/v2\/users\/1"}],"replies":[{"embeddable":true,"href":"https:\/\/fjala.info\/2009-2015\/wp-json\/wp\/v2\/comments?post=3948"}],"version-history":[{"count":0,"href":"https:\/\/fjala.info\/2009-2015\/wp-json\/wp\/v2\/posts\/3948\/revisions"}],"wp:attachment":[{"href":"https:\/\/fjala.info\/2009-2015\/wp-json\/wp\/v2\/media?parent=3948"}],"wp:term":[{"taxonomy":"category","embeddable":true,"href":"https:\/\/fjala.info\/2009-2015\/wp-json\/wp\/v2\/categories?post=3948"},{"taxonomy":"post_tag","embeddable":true,"href":"https:\/\/fjala.info\/2009-2015\/wp-json\/wp\/v2\/tags?post=3948"}],"curies":[{"name":"wp","href":"https:\/\/api.w.org\/{rel}","templated":true}]}}