{"id":3920,"date":"2010-09-04T08:20:05","date_gmt":"2010-09-04T07:20:05","guid":{"rendered":"http:\/\/fjala.shkoder.net\/?p=3920"},"modified":"2010-09-04T08:20:05","modified_gmt":"2010-09-04T07:20:05","slug":"kur-qeverite-privatizojne-gjithcka","status":"publish","type":"post","link":"https:\/\/fjala.info\/2009-2015\/kur-qeverite-privatizojne-gjithcka\/","title":{"rendered":"Kur qeverit\u00eb privatizojn\u00eb gjith\u00e7ka"},"content":{"rendered":"<p><img decoding=\"async\" style=\"margin-left: 10px; margin-right: 10px; border: 0px;\" title=\"Albin Kurti\" src=\"http:\/\/www.shkoder.net\/images\/fjala\/2010\/albin_kurti.jpg\" border=\"0\" alt=\"\" width=\"150\" align=\"right\" \/><\/p>\n<p><strong>Albin Kurti<\/strong>, <em>03.09.2010<\/em><\/p>\n<p>Politikan\u00eb vend\u00ebs e nd\u00ebrkomb\u00ebtar\u00eb thon\u00eb q\u00eb nd\u00ebrmarrjet publike duhet t\u00eb shiten meq\u00eb po vidhen. Ky \u00ebsht\u00eb dor\u00ebzim i shtetit para hajnave. Meq\u00eb nuk qenka e mundur t\u00eb ndalen hajnat, u dashka ta shesim at\u00eb q\u00eb hajnat patjet\u00ebr do ta vidhnin! Por, a nuk e konfirmon mu kjo qasje privatizimin si vjedhje, si kopjim e imitim q\u00eb iu b\u00ebhet hajnave?<\/p>\n<p>Privatizimi p\u00ebrher\u00eb i nxituar n\u00eb Kosov\u00eb po b\u00ebhet thuajse ndodhemi para ndonj\u00eb apokalipsi. Gjith\u00e7ka duhet shitur shpejt pa marr\u00eb parasysh \u00e7mimin. Nj\u00ebfar\u00eb vet\u00ebdije paniku paraapokaliptik.<\/p>\n<p>Jan\u00eb neoliberal\u00ebt ata q\u00eb neoliberalizmin si nj\u00ebra nga alternativat doktrinare p\u00ebr zhvillim ekonomik, duan ta paraqesin si nevoj\u00eb t\u00eb ngutshme p\u00ebr zhvillim ekonomik. Kjo \u00ebsht\u00eb pjes\u00eb p\u00ebrb\u00ebr\u00ebse e doktrin\u00ebs s\u00eb tyre dhe jo mb\u00ebshtetje p\u00ebr t\u00eb &#8211; ajo s&#8217;jeton dot pa u paraqitur k\u00ebshtu.<\/p>\n<p>Neoliberalizmi iu premton t\u00eb varf\u00ebrve se do t&#8217;i nxjerr\u00eb nga varf\u00ebria meq\u00eb t\u00eb pasurit, pronar\u00ebt e m\u00ebdhenj, do t\u00eb rriten aq shum\u00eb saq\u00eb do t&#8217;iu nevojitet shum\u00eb fuqi pun\u00ebtore dhe, rrjedhimisht, t\u00eb varfrit do t\u00eb pun\u00ebsohen. Pra, neoliberal\u00ebt premtojn\u00eb se do t\u00eb ket\u00eb dromca p\u00ebr t\u00eb varfrit, t\u00eb cil\u00ebve, k\u00ebsisoj, iu mbetet t\u00eb shpresojn\u00eb tek efektet dyt\u00ebsore dhe indirekte t\u00eb pasurimit t\u00eb t\u00eb pasurve, e q\u00eb do t\u00eb jen\u00eb t\u00eb dobishme p\u00ebr ta.<\/p>\n<p>Por, i ashtuquajturi &#8220;trickle down effect&#8221; gjithnj\u00eb na \u00ebsht\u00eb aktualizuar vet\u00ebm si &#8220;down effect&#8221;. Jo pse pun\u00ebsimi nuk \u00ebsht\u00eb e th\u00ebn\u00eb ta nxjerr njeriun nga varf\u00ebria; ne, thjesht, nuk arrit\u00ebm as deri aty.<\/p>\n<p>Privatizimi \u00ebsht\u00eb proces depolitizues. Privatizimi i nxjerr qytetar\u00ebt prej politik\u00ebs. Kur privatizohen prona shoq\u00ebrore dhe publike, sigurisht q\u00eb dob\u00ebsohen shoq\u00ebria dhe publiku, qytetar\u00ebt e humbin t\u00eb p\u00ebrbashk\u00ebt\u00ebn e tyre, por edhe rritet hendeku midis institucioneve politike dhe qytetar\u00ebve<\/p>\n<p>Vendimet kryesore politike merren nga ata, t\u00eb cil\u00ebt nuk preken nga ato vendime. Prona (e b\u00ebr\u00eb) private \u00ebsht\u00eb ekskluzive: ajo \u00ebsht\u00eb e dikujt dhe e askujt tjet\u00ebr. S&#8217;ka se \u00e7far\u00eb flitet aty &#8211; t\u00eb tjer\u00ebt jan\u00eb t\u00eb p\u00ebrjashtuar.<\/p>\n<p>Politizimi i qytetar\u00ebve sot imponohet si emancipim p\u00ebr socialen dhe publiken, t\u00eb cilat neoliberalizmi i ka shporr\u00eb jasht\u00eb prej politik\u00ebs, duke e degraduar politik\u00ebn n\u00eb menaxhim e teknik\u00eb. Kontrolli demokratik \u00ebsht\u00eb i privuar nga sfera ekonomike si askund tjet\u00ebr dhe si asnj\u00ebher\u00eb tjet\u00ebr. Qeveria teknike, qeveria e ekspert\u00ebve apo profesionist\u00ebve, pik\u00ebrisht ky \u00ebsht\u00eb ideali i neoliberalizmit.<\/p>\n<p>Qeveria t\u00eb jet\u00eb teknikalitet q\u00eb e rrit efikasitetin e nj\u00eb politike t\u00eb paradh\u00ebn\u00eb. Problemi rritet kur vet\u00eb politikan\u00ebt duan t\u00eb jen\u00eb teknik\u00eb dhe jo politik\u00eb. Me gjas\u00eb, ata vet\u00ebm duke qen\u00eb teknik\u00eb, e pik\u00ebrisht pse ishin teknik\u00eb, u pasuruan.<\/p>\n<p>Politikan\u00ebt q\u00eb kan\u00eb biznese sigurisht q\u00eb jan\u00eb biznesmen\u00eb, apo jo? Konflikti nd\u00ebrmjet qeveritar\u00ebve dhe qytetar\u00ebve \u00ebsht\u00eb konflikt nd\u00ebrmjet p\u00ebrfitimit privat dhe interesit shoq\u00ebror. Privatizimi nuk \u00ebsht\u00eb nj\u00eb gj\u00eb, por ai \u00ebsht\u00eb nj\u00eb marr\u00ebdh\u00ebnie (midis shoq\u00ebris\u00eb e publikut q\u00eb shpron\u00ebsohen dhe politikan\u00ebve, korporatave dhe bankier\u00ebve q\u00eb pasurohen).<\/p>\n<p>Kjo \u00ebsht\u00eb arsyeja pse regjimi nd\u00ebrkomb\u00ebtar teknikisht nuk e lejon qeverin\u00eb teknike vendore. Ajo do t\u00eb ishte formalizim i asaj q\u00eb gjithmon\u00eb e kishim. Nuk \u00ebsht\u00eb \u00e7\u00ebshtja q\u00eb kemi shum\u00eb parti politike, por pse kemi shum\u00eb parti e pak politik\u00eb.<\/p>\n<p>Qeveria e Kosov\u00ebs nuk mund t\u00eb na ndihmoj\u00eb p\u00ebr kurrfar\u00eb zhvillimi ekonomik p\u00ebr mir\u00ebqenien e qytetar\u00ebve, pasi q\u00eb ajo i konsideron kapacitetet ekonomike t\u00eb Kosov\u00ebs si nj\u00eb barr\u00eb nga e cila do q\u00eb t\u00eb lirohet.<\/p>\n<p>Sektori publik nuk po shkat\u00ebrrohet, sepse po keqmenaxhohet, por pse q\u00ebllimi \u00ebsht\u00eb q\u00eb t\u00eb shkat\u00ebrrohet ai. Nuk e kan\u00eb p\u00ebr q\u00ebllim q\u00eb ta ruajn\u00eb e rregullojn\u00eb sektorin publik, por q\u00eb ta shkat\u00ebrrojn\u00eb at\u00eb. N\u00ebp\u00ebrmjet privatizimit po e b\u00ebjn\u00eb mu k\u00ebt\u00eb.<\/p>\n<p>Tash Kosova \u00ebsht\u00eb b\u00ebr\u00eb nj\u00eb vend, n\u00eb t\u00eb cilin shum\u00eb m\u00eb kollaj e humbet vendin e pun\u00ebs sesa q\u00eb mund ta gjesh nj\u00eb t\u00eb till\u00eb. Asistenca sociale n\u00eb Kosov\u00eb nuk iu jepet qytetar\u00ebve p\u00ebr t\u00eb pasur ata jet\u00eb t\u00eb dinjitetshme, por p\u00ebr t\u00eb mos u ngritur kund\u00ebr Qeveris\u00eb dhe rendit ekzistues.<\/p>\n<p>Politika pa politik\u00ebn ekonomike \u00ebsht\u00eb spektak\u00ebl. Kosova ka nevoj\u00eb p\u00ebr zhvendosje paradigmatike nga &#8220;tregu i lir\u00eb&#8221; te &#8220;prodhimi vend\u00ebs&#8221;. Tregu i hapur na ka sjell\u00eb n\u00eb situat\u00ebn ku jemi v\u00ebrshuar nga produktet e huaja e posa\u00e7\u00ebrisht nga ato t\u00eb Serbis\u00eb. Tregu i hapur e ka mbytur prodhimin edhe ashtu t\u00eb pak\u00ebt vend\u00ebs duke e pamund\u00ebsuar rritjen e tij.<\/p>\n<p>\u00cbsht\u00eb ekonomia ajo q\u00eb duhet ta p\u00ebrmbaj\u00eb tregun dhe jo tregu ekonomin\u00eb. P\u00ebr k\u00ebt\u00eb zhvendosje paradigmatike parakusht \u00ebsht\u00eb q\u00eb politika ta n\u00ebnkuptoj\u00eb politik\u00ebn ekonomike. Pra, jo sikurse tani ku edhe furnizimi me energji elektrike \u00ebsht\u00eb m\u00eb i larti n\u00eb Prishtin\u00eb meq\u00eb aty lul\u00ebzon tregtia e burokracia dhe jo prodhimi.<\/p>\n<p>Zhvillimi socio-ekonomik duhet t\u00eb jet\u00eb plan, kurse privatizimi eventualisht pjes\u00eb e planit. Dhe jo privatizimi t\u00eb jet\u00eb pik\u00ebnisje kurse zhvillimi ekonomik eventualisht pasoj\u00eb. Ashtu si\u00e7 pat konstatuar prof.<\/p>\n<p>Ismet Hamiti n\u00eb nj\u00eb punim t\u00eb tij, me privatizimin si argument t\u00eb vetvetes ngjan ve\u00e7se privatizimi i profitit dhe nacionalizimi i humbjeve. Zhvillimi i tanish\u00ebm n\u00eb Kosov\u00eb nuk \u00ebsht\u00eb m\u00eb shum\u00eb sesa zhvillim i privatizimit.<\/p>\n","protected":false},"excerpt":{"rendered":"<p>Albin Kurti, 03.09.2010 Politikan\u00eb vend\u00ebs e nd\u00ebrkomb\u00ebtar\u00eb thon\u00eb q\u00eb nd\u00ebrmarrjet publike duhet t\u00eb shiten meq\u00eb po vidhen. Ky \u00ebsht\u00eb dor\u00ebzim i shtetit para hajnave. Meq\u00eb nuk qenka e mundur t\u00eb ndalen hajnat, u dashka ta shesim at\u00eb q\u00eb hajnat patjet\u00ebr do ta vidhnin! Por, a nuk e konfirmon mu kjo qasje privatizimin si vjedhje, si [&hellip;]<\/p>\n","protected":false},"author":1,"featured_media":0,"comment_status":"open","ping_status":"closed","sticky":false,"template":"","format":"standard","meta":{"footnotes":""},"categories":[2],"tags":[],"class_list":{"0":"post-3920","1":"post","2":"type-post","3":"status-publish","4":"format-standard","6":"category-artikuj"},"yoast_head":"<!-- This site is optimized with the Yoast SEO plugin v27.4 - https:\/\/yoast.com\/product\/yoast-seo-wordpress\/ -->\n<title>Kur qeverit\u00eb privatizojn\u00eb gjith\u00e7ka - FjALA e LIR\u00cb - Arkivi<\/title>\n<meta name=\"robots\" content=\"index, follow, max-snippet:-1, max-image-preview:large, max-video-preview:-1\" \/>\n<link rel=\"canonical\" href=\"https:\/\/fjala.info\/2009-2015\/kur-qeverite-privatizojne-gjithcka\/\" \/>\n<meta property=\"og:locale\" content=\"sq_AL\" \/>\n<meta property=\"og:type\" content=\"article\" \/>\n<meta property=\"og:title\" content=\"Kur qeverit\u00eb privatizojn\u00eb gjith\u00e7ka - FjALA e LIR\u00cb - Arkivi\" \/>\n<meta property=\"og:description\" content=\"Albin Kurti, 03.09.2010 Politikan\u00eb vend\u00ebs e nd\u00ebrkomb\u00ebtar\u00eb thon\u00eb q\u00eb nd\u00ebrmarrjet publike duhet t\u00eb shiten meq\u00eb po vidhen. Ky \u00ebsht\u00eb dor\u00ebzim i shtetit para hajnave. Meq\u00eb nuk qenka e mundur t\u00eb ndalen hajnat, u dashka ta shesim at\u00eb q\u00eb hajnat patjet\u00ebr do ta vidhnin! Por, a nuk e konfirmon mu kjo qasje privatizimin si vjedhje, si [&hellip;]\" \/>\n<meta property=\"og:url\" content=\"https:\/\/fjala.info\/2009-2015\/kur-qeverite-privatizojne-gjithcka\/\" \/>\n<meta property=\"og:site_name\" content=\"FjALA e LIR\u00cb - Arkivi\" \/>\n<meta property=\"article:published_time\" content=\"2010-09-04T07:20:05+00:00\" \/>\n<meta property=\"og:image\" content=\"http:\/\/www.shkoder.net\/images\/fjala\/2010\/albin_kurti.jpg\" \/>\n<meta name=\"author\" content=\"admin\" \/>\n<meta name=\"twitter:card\" content=\"summary_large_image\" \/>\n<meta name=\"twitter:label1\" content=\"Written by\" \/>\n\t<meta name=\"twitter:data1\" content=\"admin\" \/>\n\t<meta name=\"twitter:label2\" content=\"Est. reading time\" \/>\n\t<meta name=\"twitter:data2\" content=\"5 minutes\" \/>\n<script type=\"application\/ld+json\" class=\"yoast-schema-graph\">{\"@context\":\"https:\\\/\\\/schema.org\",\"@graph\":[{\"@type\":\"Article\",\"@id\":\"https:\\\/\\\/fjala.info\\\/2009-2015\\\/kur-qeverite-privatizojne-gjithcka\\\/#article\",\"isPartOf\":{\"@id\":\"https:\\\/\\\/fjala.info\\\/2009-2015\\\/kur-qeverite-privatizojne-gjithcka\\\/\"},\"author\":{\"name\":\"admin\",\"@id\":\"https:\\\/\\\/fjala.info\\\/2009-2015\\\/#\\\/schema\\\/person\\\/3aa1163ef05469c496fc94e77611ada2\"},\"headline\":\"Kur qeverit\u00eb privatizojn\u00eb gjith\u00e7ka\",\"datePublished\":\"2010-09-04T07:20:05+00:00\",\"mainEntityOfPage\":{\"@id\":\"https:\\\/\\\/fjala.info\\\/2009-2015\\\/kur-qeverite-privatizojne-gjithcka\\\/\"},\"wordCount\":923,\"commentCount\":0,\"publisher\":{\"@id\":\"https:\\\/\\\/fjala.info\\\/2009-2015\\\/#organization\"},\"image\":{\"@id\":\"https:\\\/\\\/fjala.info\\\/2009-2015\\\/kur-qeverite-privatizojne-gjithcka\\\/#primaryimage\"},\"thumbnailUrl\":\"http:\\\/\\\/www.shkoder.net\\\/images\\\/fjala\\\/2010\\\/albin_kurti.jpg\",\"articleSection\":[\"Artikuj\"],\"inLanguage\":\"sq-AL\",\"potentialAction\":[{\"@type\":\"CommentAction\",\"name\":\"Comment\",\"target\":[\"https:\\\/\\\/fjala.info\\\/2009-2015\\\/kur-qeverite-privatizojne-gjithcka\\\/#respond\"]}]},{\"@type\":\"WebPage\",\"@id\":\"https:\\\/\\\/fjala.info\\\/2009-2015\\\/kur-qeverite-privatizojne-gjithcka\\\/\",\"url\":\"https:\\\/\\\/fjala.info\\\/2009-2015\\\/kur-qeverite-privatizojne-gjithcka\\\/\",\"name\":\"Kur qeverit\u00eb privatizojn\u00eb gjith\u00e7ka - FjALA e LIR\u00cb - Arkivi\",\"isPartOf\":{\"@id\":\"https:\\\/\\\/fjala.info\\\/2009-2015\\\/#website\"},\"primaryImageOfPage\":{\"@id\":\"https:\\\/\\\/fjala.info\\\/2009-2015\\\/kur-qeverite-privatizojne-gjithcka\\\/#primaryimage\"},\"image\":{\"@id\":\"https:\\\/\\\/fjala.info\\\/2009-2015\\\/kur-qeverite-privatizojne-gjithcka\\\/#primaryimage\"},\"thumbnailUrl\":\"http:\\\/\\\/www.shkoder.net\\\/images\\\/fjala\\\/2010\\\/albin_kurti.jpg\",\"datePublished\":\"2010-09-04T07:20:05+00:00\",\"breadcrumb\":{\"@id\":\"https:\\\/\\\/fjala.info\\\/2009-2015\\\/kur-qeverite-privatizojne-gjithcka\\\/#breadcrumb\"},\"inLanguage\":\"sq-AL\",\"potentialAction\":[{\"@type\":\"ReadAction\",\"target\":[\"https:\\\/\\\/fjala.info\\\/2009-2015\\\/kur-qeverite-privatizojne-gjithcka\\\/\"]}]},{\"@type\":\"ImageObject\",\"inLanguage\":\"sq-AL\",\"@id\":\"https:\\\/\\\/fjala.info\\\/2009-2015\\\/kur-qeverite-privatizojne-gjithcka\\\/#primaryimage\",\"url\":\"http:\\\/\\\/www.shkoder.net\\\/images\\\/fjala\\\/2010\\\/albin_kurti.jpg\",\"contentUrl\":\"http:\\\/\\\/www.shkoder.net\\\/images\\\/fjala\\\/2010\\\/albin_kurti.jpg\"},{\"@type\":\"BreadcrumbList\",\"@id\":\"https:\\\/\\\/fjala.info\\\/2009-2015\\\/kur-qeverite-privatizojne-gjithcka\\\/#breadcrumb\",\"itemListElement\":[{\"@type\":\"ListItem\",\"position\":1,\"name\":\"Home\",\"item\":\"https:\\\/\\\/fjala.info\\\/2009-2015\\\/\"},{\"@type\":\"ListItem\",\"position\":2,\"name\":\"Kur qeverit\u00eb privatizojn\u00eb gjith\u00e7ka\"}]},{\"@type\":\"WebSite\",\"@id\":\"https:\\\/\\\/fjala.info\\\/2009-2015\\\/#website\",\"url\":\"https:\\\/\\\/fjala.info\\\/2009-2015\\\/\",\"name\":\"FjALA e LIR\u00cb - Arkivi\",\"description\":\"Arkivi 2009-2015\",\"publisher\":{\"@id\":\"https:\\\/\\\/fjala.info\\\/2009-2015\\\/#organization\"},\"potentialAction\":[{\"@type\":\"SearchAction\",\"target\":{\"@type\":\"EntryPoint\",\"urlTemplate\":\"https:\\\/\\\/fjala.info\\\/2009-2015\\\/?s={search_term_string}\"},\"query-input\":{\"@type\":\"PropertyValueSpecification\",\"valueRequired\":true,\"valueName\":\"search_term_string\"}}],\"inLanguage\":\"sq-AL\"},{\"@type\":\"Organization\",\"@id\":\"https:\\\/\\\/fjala.info\\\/2009-2015\\\/#organization\",\"name\":\"FjALA e LIR\u00cb - Arkivi\",\"url\":\"https:\\\/\\\/fjala.info\\\/2009-2015\\\/\",\"logo\":{\"@type\":\"ImageObject\",\"inLanguage\":\"sq-AL\",\"@id\":\"https:\\\/\\\/fjala.info\\\/2009-2015\\\/#\\\/schema\\\/logo\\\/image\\\/\",\"url\":\"\",\"contentUrl\":\"\",\"caption\":\"FjALA e LIR\u00cb - Arkivi\"},\"image\":{\"@id\":\"https:\\\/\\\/fjala.info\\\/2009-2015\\\/#\\\/schema\\\/logo\\\/image\\\/\"}},{\"@type\":\"Person\",\"@id\":\"https:\\\/\\\/fjala.info\\\/2009-2015\\\/#\\\/schema\\\/person\\\/3aa1163ef05469c496fc94e77611ada2\",\"name\":\"admin\",\"image\":{\"@type\":\"ImageObject\",\"inLanguage\":\"sq-AL\",\"@id\":\"https:\\\/\\\/fjala.info\\\/2009-2015\\\/wp-content\\\/uploads\\\/2012\\\/02\\\/arben_cokaj-120x150.jpg\",\"url\":\"https:\\\/\\\/fjala.info\\\/2009-2015\\\/wp-content\\\/uploads\\\/2012\\\/02\\\/arben_cokaj-120x150.jpg\",\"contentUrl\":\"https:\\\/\\\/fjala.info\\\/2009-2015\\\/wp-content\\\/uploads\\\/2012\\\/02\\\/arben_cokaj-120x150.jpg\",\"caption\":\"admin\"},\"description\":\"Admin, Fjala e Lir\u00eb\",\"sameAs\":[\"https:\\\/\\\/fjala.info\\\/\"],\"url\":\"https:\\\/\\\/fjala.info\\\/2009-2015\\\/author\\\/admin\\\/\"}]}<\/script>\n<!-- \/ Yoast SEO plugin. -->","yoast_head_json":{"title":"Kur qeverit\u00eb privatizojn\u00eb gjith\u00e7ka - FjALA e LIR\u00cb - Arkivi","robots":{"index":"index","follow":"follow","max-snippet":"max-snippet:-1","max-image-preview":"max-image-preview:large","max-video-preview":"max-video-preview:-1"},"canonical":"https:\/\/fjala.info\/2009-2015\/kur-qeverite-privatizojne-gjithcka\/","og_locale":"sq_AL","og_type":"article","og_title":"Kur qeverit\u00eb privatizojn\u00eb gjith\u00e7ka - FjALA e LIR\u00cb - Arkivi","og_description":"Albin Kurti, 03.09.2010 Politikan\u00eb vend\u00ebs e nd\u00ebrkomb\u00ebtar\u00eb thon\u00eb q\u00eb nd\u00ebrmarrjet publike duhet t\u00eb shiten meq\u00eb po vidhen. Ky \u00ebsht\u00eb dor\u00ebzim i shtetit para hajnave. Meq\u00eb nuk qenka e mundur t\u00eb ndalen hajnat, u dashka ta shesim at\u00eb q\u00eb hajnat patjet\u00ebr do ta vidhnin! Por, a nuk e konfirmon mu kjo qasje privatizimin si vjedhje, si [&hellip;]","og_url":"https:\/\/fjala.info\/2009-2015\/kur-qeverite-privatizojne-gjithcka\/","og_site_name":"FjALA e LIR\u00cb - Arkivi","article_published_time":"2010-09-04T07:20:05+00:00","og_image":[{"url":"http:\/\/www.shkoder.net\/images\/fjala\/2010\/albin_kurti.jpg","type":"","width":"","height":""}],"author":"admin","twitter_card":"summary_large_image","twitter_misc":{"Written by":"admin","Est. reading time":"5 minutes"},"schema":{"@context":"https:\/\/schema.org","@graph":[{"@type":"Article","@id":"https:\/\/fjala.info\/2009-2015\/kur-qeverite-privatizojne-gjithcka\/#article","isPartOf":{"@id":"https:\/\/fjala.info\/2009-2015\/kur-qeverite-privatizojne-gjithcka\/"},"author":{"name":"admin","@id":"https:\/\/fjala.info\/2009-2015\/#\/schema\/person\/3aa1163ef05469c496fc94e77611ada2"},"headline":"Kur qeverit\u00eb privatizojn\u00eb gjith\u00e7ka","datePublished":"2010-09-04T07:20:05+00:00","mainEntityOfPage":{"@id":"https:\/\/fjala.info\/2009-2015\/kur-qeverite-privatizojne-gjithcka\/"},"wordCount":923,"commentCount":0,"publisher":{"@id":"https:\/\/fjala.info\/2009-2015\/#organization"},"image":{"@id":"https:\/\/fjala.info\/2009-2015\/kur-qeverite-privatizojne-gjithcka\/#primaryimage"},"thumbnailUrl":"http:\/\/www.shkoder.net\/images\/fjala\/2010\/albin_kurti.jpg","articleSection":["Artikuj"],"inLanguage":"sq-AL","potentialAction":[{"@type":"CommentAction","name":"Comment","target":["https:\/\/fjala.info\/2009-2015\/kur-qeverite-privatizojne-gjithcka\/#respond"]}]},{"@type":"WebPage","@id":"https:\/\/fjala.info\/2009-2015\/kur-qeverite-privatizojne-gjithcka\/","url":"https:\/\/fjala.info\/2009-2015\/kur-qeverite-privatizojne-gjithcka\/","name":"Kur qeverit\u00eb privatizojn\u00eb gjith\u00e7ka - FjALA e LIR\u00cb - Arkivi","isPartOf":{"@id":"https:\/\/fjala.info\/2009-2015\/#website"},"primaryImageOfPage":{"@id":"https:\/\/fjala.info\/2009-2015\/kur-qeverite-privatizojne-gjithcka\/#primaryimage"},"image":{"@id":"https:\/\/fjala.info\/2009-2015\/kur-qeverite-privatizojne-gjithcka\/#primaryimage"},"thumbnailUrl":"http:\/\/www.shkoder.net\/images\/fjala\/2010\/albin_kurti.jpg","datePublished":"2010-09-04T07:20:05+00:00","breadcrumb":{"@id":"https:\/\/fjala.info\/2009-2015\/kur-qeverite-privatizojne-gjithcka\/#breadcrumb"},"inLanguage":"sq-AL","potentialAction":[{"@type":"ReadAction","target":["https:\/\/fjala.info\/2009-2015\/kur-qeverite-privatizojne-gjithcka\/"]}]},{"@type":"ImageObject","inLanguage":"sq-AL","@id":"https:\/\/fjala.info\/2009-2015\/kur-qeverite-privatizojne-gjithcka\/#primaryimage","url":"http:\/\/www.shkoder.net\/images\/fjala\/2010\/albin_kurti.jpg","contentUrl":"http:\/\/www.shkoder.net\/images\/fjala\/2010\/albin_kurti.jpg"},{"@type":"BreadcrumbList","@id":"https:\/\/fjala.info\/2009-2015\/kur-qeverite-privatizojne-gjithcka\/#breadcrumb","itemListElement":[{"@type":"ListItem","position":1,"name":"Home","item":"https:\/\/fjala.info\/2009-2015\/"},{"@type":"ListItem","position":2,"name":"Kur qeverit\u00eb privatizojn\u00eb gjith\u00e7ka"}]},{"@type":"WebSite","@id":"https:\/\/fjala.info\/2009-2015\/#website","url":"https:\/\/fjala.info\/2009-2015\/","name":"FjALA e LIR\u00cb - Arkivi","description":"Arkivi 2009-2015","publisher":{"@id":"https:\/\/fjala.info\/2009-2015\/#organization"},"potentialAction":[{"@type":"SearchAction","target":{"@type":"EntryPoint","urlTemplate":"https:\/\/fjala.info\/2009-2015\/?s={search_term_string}"},"query-input":{"@type":"PropertyValueSpecification","valueRequired":true,"valueName":"search_term_string"}}],"inLanguage":"sq-AL"},{"@type":"Organization","@id":"https:\/\/fjala.info\/2009-2015\/#organization","name":"FjALA e LIR\u00cb - Arkivi","url":"https:\/\/fjala.info\/2009-2015\/","logo":{"@type":"ImageObject","inLanguage":"sq-AL","@id":"https:\/\/fjala.info\/2009-2015\/#\/schema\/logo\/image\/","url":"","contentUrl":"","caption":"FjALA e LIR\u00cb - Arkivi"},"image":{"@id":"https:\/\/fjala.info\/2009-2015\/#\/schema\/logo\/image\/"}},{"@type":"Person","@id":"https:\/\/fjala.info\/2009-2015\/#\/schema\/person\/3aa1163ef05469c496fc94e77611ada2","name":"admin","image":{"@type":"ImageObject","inLanguage":"sq-AL","@id":"https:\/\/fjala.info\/2009-2015\/wp-content\/uploads\/2012\/02\/arben_cokaj-120x150.jpg","url":"https:\/\/fjala.info\/2009-2015\/wp-content\/uploads\/2012\/02\/arben_cokaj-120x150.jpg","contentUrl":"https:\/\/fjala.info\/2009-2015\/wp-content\/uploads\/2012\/02\/arben_cokaj-120x150.jpg","caption":"admin"},"description":"Admin, Fjala e Lir\u00eb","sameAs":["https:\/\/fjala.info\/"],"url":"https:\/\/fjala.info\/2009-2015\/author\/admin\/"}]}},"_links":{"self":[{"href":"https:\/\/fjala.info\/2009-2015\/wp-json\/wp\/v2\/posts\/3920","targetHints":{"allow":["GET"]}}],"collection":[{"href":"https:\/\/fjala.info\/2009-2015\/wp-json\/wp\/v2\/posts"}],"about":[{"href":"https:\/\/fjala.info\/2009-2015\/wp-json\/wp\/v2\/types\/post"}],"author":[{"embeddable":true,"href":"https:\/\/fjala.info\/2009-2015\/wp-json\/wp\/v2\/users\/1"}],"replies":[{"embeddable":true,"href":"https:\/\/fjala.info\/2009-2015\/wp-json\/wp\/v2\/comments?post=3920"}],"version-history":[{"count":0,"href":"https:\/\/fjala.info\/2009-2015\/wp-json\/wp\/v2\/posts\/3920\/revisions"}],"wp:attachment":[{"href":"https:\/\/fjala.info\/2009-2015\/wp-json\/wp\/v2\/media?parent=3920"}],"wp:term":[{"taxonomy":"category","embeddable":true,"href":"https:\/\/fjala.info\/2009-2015\/wp-json\/wp\/v2\/categories?post=3920"},{"taxonomy":"post_tag","embeddable":true,"href":"https:\/\/fjala.info\/2009-2015\/wp-json\/wp\/v2\/tags?post=3920"}],"curies":[{"name":"wp","href":"https:\/\/api.w.org\/{rel}","templated":true}]}}