{"id":3913,"date":"2010-09-04T07:49:59","date_gmt":"2010-09-04T06:49:59","guid":{"rendered":"http:\/\/fjala.shkoder.net\/?p=3913"},"modified":"2010-09-04T07:49:59","modified_gmt":"2010-09-04T06:49:59","slug":"te-jetojme-nje-vit-si-dritan-prifti","status":"publish","type":"post","link":"https:\/\/fjala.info\/2009-2015\/te-jetojme-nje-vit-si-dritan-prifti\/","title":{"rendered":"TE JETOJME NJE VIT SI DRITAN PRIFTI"},"content":{"rendered":"<p><img decoding=\"async\" style=\"margin-left: 10px; margin-right: 10px; border: 0px;\" title=\"Sokol Pepushaj\" src=\"http:\/\/www.shkoder.net\/images\/fjala\/sokol_pepushaj.jpg\" border=\"0\" alt=\"\" width=\"100\" align=\"left\" \/><\/p>\n<p>nga <strong>Sokol Pepushaj<\/strong>, <em>03.09.2010<\/em><\/p>\n<p>Dje, tek mejhana e bashkise Shkod\u00ebr, lyp\u00ebsi i p\u00ebrditsh\u00ebm, pasi nuk po i jepte kush lek\u00eb, b\u00ebrtiste: Posht\u00eb komunist\u00ebt, nuk do votoj kurr\u00eb m\u00eb p\u00ebr ta, dhe rendiste emra politikan\u00ebsh, Sk\u00ebnder Gjinushi, Bashkim Fino, Ilir Meta, Gramoz Ru\u00e7i, Sali Berisha&#8230;<\/p>\n<p>Ky burr\u00eb q\u00eb flet v\u00ebrtet rrjedhsh\u00ebm dhe i njeh nga af\u00ebr k\u00ebta e shum\u00eb t\u00eb tjer\u00eb, mesohet se ka n\u00ebnt\u00eb vjet q\u00eb nuk firmos m\u00eb n\u00eb bordoro, pasi n\u00eb 2001-shin thot\u00eb se e larguan politikisht nga puna komunist\u00ebt e Nanos. Ai \u00ebsht\u00eb shum\u00eb krenar q\u00eb ka marr\u00eb pjes\u00eb n\u00eb vitin 1997 n\u00eb rrug\u00ebz\u00ebnien e kryeministrit t\u00eb at\u00ebhersh\u00ebm Bashkim Fino, n\u00eb Bushat. Ai \u00ebsht\u00eb shum\u00eb krenar q\u00eb ka fotografi me thuajse gjith\u00eb qeveritar\u00ebt e pushtetar\u00ebt e sot\u00ebm. Por fotografi t\u00eb para shum\u00eb viteve ama, t\u00eb cilat nuk i japin buk\u00eb. Bile edhe Dekorat\u00ebn e lart\u00eb t\u00eb Urdh\u00ebrit t\u00eb Trim\u00ebris\u00eb, akorduar nga ish presidenti Sali Berisha, ai sot ta jep p\u00ebr 100 lek\u00eb.<\/p>\n<p>Ky nuk u ngjason lypsar\u00ebve t\u00eb tjer\u00eb q\u00eb shtrijn\u00eb shamin\u00eb e zgjasin dor\u00ebn, por ti vajton n\u00eb cep t\u00eb shamis\u00eb gjith\u00eb vitet e tranzicionit t\u00eb st\u00ebrgjatur dhe t\u00eb &#8220;men\u00e7urit&#8221; maje Olimpit. Gjithsesi k\u00ebsaj, ky burr\u00eb, kjo kafe, shum\u00eb njer\u00ebz, gjith\u00eb Shkodra, jan\u00eb d\u00ebshmi kur u thye e u grabit n\u00eb mes t\u00eb dit\u00ebs thesari i Shkodr\u00ebs, kur k\u00ebtu n\u00eb mejhan\u00eb hartoheshin lista p\u00ebr t\u00eb privatizuar tok\u00eb n\u00eb bregdet, sipas meritave partiake, kur mbusheshin me shkrim dore plot gabime ortografike flet\u00eb t\u00eb bardha, p\u00ebr t\u00eb marr\u00eb diploma n\u00eb Universitetin e qytetit, kur shahej me rop sht\u00ebpie Ilir Meta e gjuhej me domate e vez\u00eb Fatos Nano, kur merrej peng prefekti e detyrohej n\u00ebn tyta arm\u00ebsh politikani t\u00eb deklaronte p\u00ebrmes televizionit degjenerimin e partis\u00eb s\u00eb vet, kur n\u00eb em\u00ebr t\u00eb demokracis\u00eb shit\u00ebsve ambulant\u00eb u merreshin gazetat e u digjeshin publikisht, kur thyheshin bankat, kur q\u00ebllohej gjyqtari se nuk kishte liruar tri or\u00eb m\u00eb par\u00eb nj\u00eb kriminel, pasi nuk kishin koh\u00eb ta presin shum\u00eb se donin t\u00eb drekojn\u00eb peshk n\u00eb Shirok\u00eb&#8230;<\/p>\n<p>K\u00ebtij lyp\u00ebsi, sot i ka shkuar p\u00ebr lesh edhe dekorata edhe diploma. Por z\u00ebm\u00ebrimi i madh i tij nuk \u00ebsht\u00eb ky, pasi meq\u00eb nuk ka deftes\u00eb t\u00eb shkoll\u00ebs fillore e te mesme, ka fituar aq kultur\u00eb n\u00eb nj\u00eb kurs tek Plepat n\u00eb Durr\u00ebs, sa e njeh veten. Atij i vjen p\u00ebr t\u00eb plasur per shok\u00ebt e tij me m\u00eb pak dije e kultur\u00eb dhe q\u00eb thot\u00eb se jan\u00eb n\u00eb poste drejtuese, madje edhe deputet\u00eb. Gjyqtar\u00eb e avokat\u00eb, polic\u00eb e k\u00ebshilltar\u00eb bashkie ka shum\u00eb asish. Madje edhe me raporta mjek\u00ebsore si skicofrene q\u00eb n\u00ebse godasin ndok\u00ebnd, n\u00ebse plagosin apo vrasin, nuk i z\u00eb ligji.<\/p>\n<p>Tek kjo kafene e bashkis\u00eb s\u00eb Shkodr\u00ebs d\u00ebgjon shum\u00eb \u00e7udira. Nj\u00eb arkitekt t\u00eb tregon se edhe godina e bashkis\u00eb s\u00eb Shkodr\u00ebs \u00ebsht\u00eb e pa regjistruar n\u00eb hipoteke. Madje edhe ajo e Prefektur\u00ebs. Ato para ca muajve b\u00ebn\u00eb nj\u00eb nd\u00ebrrim portash. Prefektura b\u00ebhet bashki e bashkia prefektur\u00eb. Ambientet. Punonj\u00ebsit e bashkis\u00eb e k\u00ebshilltar\u00ebt e zgjedhur me vot\u00eb nuk b\u00ebzajn\u00eb. As ata t\u00eb prefektur\u00ebs. K\u00ebto dy institucione nuk varen si dikur nga Partia. Ligji p\u00ebrcakton qart\u00eb pozicionet. Njera, Bashkia, \u00ebsht\u00eb n\u00eb administrim t\u00eb pushtetit lokal, tjetra, Prefektura, i takon pushtetit q\u00ebndror. Edhe k\u00ebshilltar\u00ebt e punonj\u00ebsit nuk jan\u00eb t\u00eb nj\u00eb partie. Po \u00e7`i hyn ndokujt n\u00eb hesap ligji n\u00eb Shkod\u00ebr?<\/p>\n<p>Si njer\u00ebzit, si godinat, duken nj\u00eb, si forcat politike, t\u00eb majta a djathta, t\u00eb ep\u00ebrme a t\u00eb poshtme. N\u00eb k\u00ebt\u00eb rast po, n\u00eb qoft\u00eb k\u00ebshtu. Se ligji \u00ebsht\u00eb i qart\u00eb. Nd\u00ebrrimi i pron\u00ebsis\u00eb k\u00ebrkon ca dokumenta dhe ca tarifa monetare q\u00eb duhet t\u00eb derdhen n\u00eb ark\u00ebn e shtetit, sipas vler\u00ebs s\u00eb objektit. N\u00eb k\u00ebt\u00eb rast, nj\u00eb zyrtayr i lart\u00eb i shtetit, shpjegon privatisht se p\u00ebr k\u00ebmbim pronash publike, mjafton nje shkres\u00eb qeveritare. Kaq.<\/p>\n<p>N\u00eb qoft\u00eb k\u00ebshtu, at\u00ebher\u00eb pushteti v\u00ebndor, ku e ka pavar\u00ebsin\u00eb nga pushteti qendror, apo politik? Edhe ekonomike, themi.<\/p>\n<p>Por le t\u00eb kjthehemi tek lypsari, modeli perfekt i politikb\u00ebrjes n\u00eb Shkod\u00ebr. Ai nuk k\u00ebrkon shum\u00eb si merhum\u00ebt q\u00eb kan\u00eb b\u00ebr\u00eb milionat e eurove nga asgj\u00ebja apo grabitja e thesarit dhe bankave. Shtrin dor\u00ebn p\u00ebr 100 lek\u00eb p\u00ebr duhan dhe mallkon fatin p\u00ebr padrejt\u00ebsi q\u00eb nuk \u00ebsht\u00eb pronar i nj\u00eb televizoni, pasi vet\u00ebm rrotull k\u00ebsaj kafeje jan\u00eb tre cop\u00eb t\u00eb till\u00eb. Ai don edhe 50 leke p\u00ebr kafe dhe s\u00ebrish mallkon fatin e keq qe nuk ka nje hotel t\u00eb madh me t\u00eb pakt\u00ebn pes\u00eb yje. Nuk k\u00ebrkon pra pamund\u00ebsi, pasi kan\u00eb ndodhur paradokse si k\u00ebto. Shum\u00eb madje.<\/p>\n<p>P\u00ebr t\u00eb, t\u00eb gjith\u00eb jan\u00eb lapera, kurse veten e njeh si demokrat i ndersh\u00ebm. I \u00ebsht\u00eb mbushur m\u00ebndja se komunist\u00ebt si Ilir Meta i kan\u00eb prishur pun\u00eb me Berish\u00ebn.<\/p>\n<p>E ky burr\u00eb se pse t\u00eb duket v\u00ebrtet nj\u00eb hero i politik\u00ebs n\u00eb Shkod\u00ebr, nj\u00eb model i qytet\u00ebrimit, pasi ka guxim t\u00eb k\u00ebrkoj\u00eb, ndryshe nga ata q\u00eb ecin si normal\u00eb rrug\u00ebve t\u00eb qytetit, t\u00eb ngushtuara nga pijetoret, pasi ka logjik\u00eb t\u00eb t\u00eb jap\u00eb edhe titull shkrimi. Kur lyp\u00ebsi flet k\u00ebshtu, ti e ke t\u00eb gatshme tem\u00ebn dhe thua:<\/p>\n<p>\u00c7far\u00eb ka m\u00eb shum\u00eb se t\u00eb tjeret jo nj\u00eb kapacitet i madh i shkenc\u00ebs, por nj\u00eb Dritan Prift q\u00eb br\u00ebnda nj\u00eb viti vet\u00ebm n\u00eb nj\u00eb biznes, pa rrog\u00eb e t\u00eb ardhura t\u00eb tjera, shton n\u00eb llogarin\u00eb e vet bankare 1 800 000 euro?! Ai \u00ebsht\u00eb thjesht nj\u00eb shqiptar si gjith\u00eb t\u00eb tjer\u00ebt, baba i tre f\u00ebmij\u00ebve, i ngarkuar me nje p\u00ebrgjegj\u00ebsi si minist\u00ebr i Ekonomis\u00eb, Tregtis\u00eb dhe Energjitik\u00ebs t&#8217;u sh\u00ebrbej\u00eb si sh\u00ebrb\u00ebtor i mir\u00eb shqiptar\u00ebve. Askush nuk ka asgj\u00eb me pasurit\u00eb e tjetrit se jemi n\u00eb demokraci, n\u00eb k\u00ebt\u00eb sistem q\u00eb gjeneza e k\u00ebtij ministri nuk e honeps askund n\u00eb fakt.<\/p>\n<p>Njeriu mesatar e lart e di q\u00eb presidenti i SHBA-s\u00eb ka nj\u00eb rrog\u00eb vjetore 400 000 USD, ose rreth 320 000 euro. Zbritu k\u00ebtyre parave at\u00eb q\u00eb parasheh ligji n\u00eb banka apo ca shpenzime t\u00eb tjera dhe n\u00eb fund t\u00eb vitit ka t\u00eb ardhura dhjet\u00eb her\u00eb m\u00eb pak se Dritan Prifti n\u00eb nj\u00eb biznes t\u00eb vet\u00ebm.<br \/>\nPo \u00e7`\u00ebsht\u00eb Barack Obama, George Bush, Bill Clinton, apo \u00e7`ishin John Fitzgerald Cennedy, Abraham Lincoln, George Washington, para nj\u00eb ministri si Dritan Prifti?!<\/p>\n<p>Prandaj ky lyp\u00ebsi n\u00eb Shkod\u00ebr \u00ebsht\u00eb model i politik\u00ebs dhe qeverisjes tek ne, jo vet\u00ebm n\u00eb kryeq\u00ebndr\u00ebn e veriut, por deri n\u00eb Konispol, prandaj ky lyp\u00ebsi ka t\u00eb drejt\u00eb n\u00eb pretendime, p\u00ebr stacione televizive, hotele me shum\u00eb yje, ndertime e tendera. Thjesht\u00eb fillimisht k\u00ebrkon t\u00eb mbush\u00eb barkun me buk\u00eb, pas pak minutash t\u00eb kujtoj\u00eb koh\u00eb t\u00eb ndritura dhe pas pak kohe t\u00eb ket\u00eb ca pasuri, si ata q\u00eb e b\u00ebn\u00eb nga askundi.<\/p>\n<p>Kur Dritan Prifti t&#8217;i l\u00eb n\u00eb bisht t\u00eb rrug\u00ebtimit ekonomik edhe baballar\u00ebt e kombit amerikan, George Washington-in po se po, por edhe k\u00ebta t\u00eb sotmit, shqiptar\u00ebt t\u00eb gjith\u00eb mund t\u00eb ken\u00eb pretendime, t\u00eb pakt\u00ebn sa dhjet\u00eb fishi i amerikan\u00ebve. Vet\u00ebm nj\u00eb vit t\u00eb vet\u00ebm pergjat\u00eb gjith\u00eb jet\u00ebs t\u00eb jetonin si Dritan Prifti, duhet t\u00eb shumzojm\u00eb 1 800 000 euro me 4 200 000 shqiptar\u00ebt dhe t\u00eb matet pastaj me ne Amerika po deshi. K\u00ebt\u00eb mund ta b\u00ebjn\u00eb t\u00eb gjith\u00eb ata q\u00eb din\u00eb t\u00eb shum\u00ebzojn\u00eb. Normalisht at\u00ebher\u00eb edhe lyp\u00ebsi do i kishte televizor\u00ebt e pallatet, hotelet dhe pishinat.<\/p>\n<p>Nj\u00eb vit pra, vet\u00ebm nj\u00eb vit, t\u00eb jetonin shqiptar\u00ebt si Dritan Prifti, pa pretenduar si m\u00eb t\u00eb medhenjt\u00eb se ai. Dritani \u00ebsht\u00eb i vock\u00ebl p\u00ebrball\u00eb me t\u00eb tjer\u00ebt. Thjeshte maja e Ajsbergut.<\/p>\n","protected":false},"excerpt":{"rendered":"<p>nga Sokol Pepushaj, 03.09.2010 Dje, tek mejhana e bashkise Shkod\u00ebr, lyp\u00ebsi i p\u00ebrditsh\u00ebm, pasi nuk po i jepte kush lek\u00eb, b\u00ebrtiste: Posht\u00eb komunist\u00ebt, nuk do votoj kurr\u00eb m\u00eb p\u00ebr ta, dhe rendiste emra politikan\u00ebsh, Sk\u00ebnder Gjinushi, Bashkim Fino, Ilir Meta, Gramoz Ru\u00e7i, Sali Berisha&#8230; Ky burr\u00eb q\u00eb flet v\u00ebrtet rrjedhsh\u00ebm dhe i njeh nga af\u00ebr [&hellip;]<\/p>\n","protected":false},"author":1,"featured_media":0,"comment_status":"open","ping_status":"closed","sticky":false,"template":"","format":"standard","meta":{"footnotes":""},"categories":[2],"tags":[],"class_list":{"0":"post-3913","1":"post","2":"type-post","3":"status-publish","4":"format-standard","6":"category-artikuj"},"yoast_head":"<!-- This site is optimized with the Yoast SEO plugin v27.4 - https:\/\/yoast.com\/product\/yoast-seo-wordpress\/ -->\n<title>TE JETOJME NJE VIT SI DRITAN PRIFTI - FjALA e LIR\u00cb - Arkivi<\/title>\n<meta name=\"robots\" content=\"index, follow, max-snippet:-1, max-image-preview:large, max-video-preview:-1\" \/>\n<link rel=\"canonical\" href=\"https:\/\/fjala.info\/2009-2015\/te-jetojme-nje-vit-si-dritan-prifti\/\" \/>\n<meta property=\"og:locale\" content=\"sq_AL\" \/>\n<meta property=\"og:type\" content=\"article\" \/>\n<meta property=\"og:title\" content=\"TE JETOJME NJE VIT SI DRITAN PRIFTI - FjALA e LIR\u00cb - Arkivi\" \/>\n<meta property=\"og:description\" content=\"nga Sokol Pepushaj, 03.09.2010 Dje, tek mejhana e bashkise Shkod\u00ebr, lyp\u00ebsi i p\u00ebrditsh\u00ebm, pasi nuk po i jepte kush lek\u00eb, b\u00ebrtiste: Posht\u00eb komunist\u00ebt, nuk do votoj kurr\u00eb m\u00eb p\u00ebr ta, dhe rendiste emra politikan\u00ebsh, Sk\u00ebnder Gjinushi, Bashkim Fino, Ilir Meta, Gramoz Ru\u00e7i, Sali Berisha&#8230; Ky burr\u00eb q\u00eb flet v\u00ebrtet rrjedhsh\u00ebm dhe i njeh nga af\u00ebr [&hellip;]\" \/>\n<meta property=\"og:url\" content=\"https:\/\/fjala.info\/2009-2015\/te-jetojme-nje-vit-si-dritan-prifti\/\" \/>\n<meta property=\"og:site_name\" content=\"FjALA e LIR\u00cb - Arkivi\" \/>\n<meta property=\"article:published_time\" content=\"2010-09-04T06:49:59+00:00\" \/>\n<meta property=\"og:image\" content=\"http:\/\/www.shkoder.net\/images\/fjala\/sokol_pepushaj.jpg\" \/>\n<meta name=\"author\" content=\"admin\" \/>\n<meta name=\"twitter:card\" content=\"summary_large_image\" \/>\n<meta name=\"twitter:label1\" content=\"Written by\" \/>\n\t<meta name=\"twitter:data1\" content=\"admin\" \/>\n\t<meta name=\"twitter:label2\" content=\"Est. reading time\" \/>\n\t<meta name=\"twitter:data2\" content=\"7 minutes\" \/>\n<script type=\"application\/ld+json\" class=\"yoast-schema-graph\">{\"@context\":\"https:\\\/\\\/schema.org\",\"@graph\":[{\"@type\":\"Article\",\"@id\":\"https:\\\/\\\/fjala.info\\\/2009-2015\\\/te-jetojme-nje-vit-si-dritan-prifti\\\/#article\",\"isPartOf\":{\"@id\":\"https:\\\/\\\/fjala.info\\\/2009-2015\\\/te-jetojme-nje-vit-si-dritan-prifti\\\/\"},\"author\":{\"name\":\"admin\",\"@id\":\"https:\\\/\\\/fjala.info\\\/2009-2015\\\/#\\\/schema\\\/person\\\/3aa1163ef05469c496fc94e77611ada2\"},\"headline\":\"TE JETOJME NJE VIT SI DRITAN PRIFTI\",\"datePublished\":\"2010-09-04T06:49:59+00:00\",\"mainEntityOfPage\":{\"@id\":\"https:\\\/\\\/fjala.info\\\/2009-2015\\\/te-jetojme-nje-vit-si-dritan-prifti\\\/\"},\"wordCount\":1358,\"commentCount\":1,\"publisher\":{\"@id\":\"https:\\\/\\\/fjala.info\\\/2009-2015\\\/#organization\"},\"image\":{\"@id\":\"https:\\\/\\\/fjala.info\\\/2009-2015\\\/te-jetojme-nje-vit-si-dritan-prifti\\\/#primaryimage\"},\"thumbnailUrl\":\"http:\\\/\\\/www.shkoder.net\\\/images\\\/fjala\\\/sokol_pepushaj.jpg\",\"articleSection\":[\"Artikuj\"],\"inLanguage\":\"sq-AL\",\"potentialAction\":[{\"@type\":\"CommentAction\",\"name\":\"Comment\",\"target\":[\"https:\\\/\\\/fjala.info\\\/2009-2015\\\/te-jetojme-nje-vit-si-dritan-prifti\\\/#respond\"]}]},{\"@type\":\"WebPage\",\"@id\":\"https:\\\/\\\/fjala.info\\\/2009-2015\\\/te-jetojme-nje-vit-si-dritan-prifti\\\/\",\"url\":\"https:\\\/\\\/fjala.info\\\/2009-2015\\\/te-jetojme-nje-vit-si-dritan-prifti\\\/\",\"name\":\"TE JETOJME NJE VIT SI DRITAN PRIFTI - FjALA e LIR\u00cb - Arkivi\",\"isPartOf\":{\"@id\":\"https:\\\/\\\/fjala.info\\\/2009-2015\\\/#website\"},\"primaryImageOfPage\":{\"@id\":\"https:\\\/\\\/fjala.info\\\/2009-2015\\\/te-jetojme-nje-vit-si-dritan-prifti\\\/#primaryimage\"},\"image\":{\"@id\":\"https:\\\/\\\/fjala.info\\\/2009-2015\\\/te-jetojme-nje-vit-si-dritan-prifti\\\/#primaryimage\"},\"thumbnailUrl\":\"http:\\\/\\\/www.shkoder.net\\\/images\\\/fjala\\\/sokol_pepushaj.jpg\",\"datePublished\":\"2010-09-04T06:49:59+00:00\",\"breadcrumb\":{\"@id\":\"https:\\\/\\\/fjala.info\\\/2009-2015\\\/te-jetojme-nje-vit-si-dritan-prifti\\\/#breadcrumb\"},\"inLanguage\":\"sq-AL\",\"potentialAction\":[{\"@type\":\"ReadAction\",\"target\":[\"https:\\\/\\\/fjala.info\\\/2009-2015\\\/te-jetojme-nje-vit-si-dritan-prifti\\\/\"]}]},{\"@type\":\"ImageObject\",\"inLanguage\":\"sq-AL\",\"@id\":\"https:\\\/\\\/fjala.info\\\/2009-2015\\\/te-jetojme-nje-vit-si-dritan-prifti\\\/#primaryimage\",\"url\":\"http:\\\/\\\/www.shkoder.net\\\/images\\\/fjala\\\/sokol_pepushaj.jpg\",\"contentUrl\":\"http:\\\/\\\/www.shkoder.net\\\/images\\\/fjala\\\/sokol_pepushaj.jpg\"},{\"@type\":\"BreadcrumbList\",\"@id\":\"https:\\\/\\\/fjala.info\\\/2009-2015\\\/te-jetojme-nje-vit-si-dritan-prifti\\\/#breadcrumb\",\"itemListElement\":[{\"@type\":\"ListItem\",\"position\":1,\"name\":\"Home\",\"item\":\"https:\\\/\\\/fjala.info\\\/2009-2015\\\/\"},{\"@type\":\"ListItem\",\"position\":2,\"name\":\"TE JETOJME NJE VIT SI DRITAN PRIFTI\"}]},{\"@type\":\"WebSite\",\"@id\":\"https:\\\/\\\/fjala.info\\\/2009-2015\\\/#website\",\"url\":\"https:\\\/\\\/fjala.info\\\/2009-2015\\\/\",\"name\":\"FjALA e LIR\u00cb - Arkivi\",\"description\":\"Arkivi 2009-2015\",\"publisher\":{\"@id\":\"https:\\\/\\\/fjala.info\\\/2009-2015\\\/#organization\"},\"potentialAction\":[{\"@type\":\"SearchAction\",\"target\":{\"@type\":\"EntryPoint\",\"urlTemplate\":\"https:\\\/\\\/fjala.info\\\/2009-2015\\\/?s={search_term_string}\"},\"query-input\":{\"@type\":\"PropertyValueSpecification\",\"valueRequired\":true,\"valueName\":\"search_term_string\"}}],\"inLanguage\":\"sq-AL\"},{\"@type\":\"Organization\",\"@id\":\"https:\\\/\\\/fjala.info\\\/2009-2015\\\/#organization\",\"name\":\"FjALA e LIR\u00cb - Arkivi\",\"url\":\"https:\\\/\\\/fjala.info\\\/2009-2015\\\/\",\"logo\":{\"@type\":\"ImageObject\",\"inLanguage\":\"sq-AL\",\"@id\":\"https:\\\/\\\/fjala.info\\\/2009-2015\\\/#\\\/schema\\\/logo\\\/image\\\/\",\"url\":\"\",\"contentUrl\":\"\",\"caption\":\"FjALA e LIR\u00cb - Arkivi\"},\"image\":{\"@id\":\"https:\\\/\\\/fjala.info\\\/2009-2015\\\/#\\\/schema\\\/logo\\\/image\\\/\"}},{\"@type\":\"Person\",\"@id\":\"https:\\\/\\\/fjala.info\\\/2009-2015\\\/#\\\/schema\\\/person\\\/3aa1163ef05469c496fc94e77611ada2\",\"name\":\"admin\",\"image\":{\"@type\":\"ImageObject\",\"inLanguage\":\"sq-AL\",\"@id\":\"https:\\\/\\\/fjala.info\\\/2009-2015\\\/wp-content\\\/uploads\\\/2012\\\/02\\\/arben_cokaj-120x150.jpg\",\"url\":\"https:\\\/\\\/fjala.info\\\/2009-2015\\\/wp-content\\\/uploads\\\/2012\\\/02\\\/arben_cokaj-120x150.jpg\",\"contentUrl\":\"https:\\\/\\\/fjala.info\\\/2009-2015\\\/wp-content\\\/uploads\\\/2012\\\/02\\\/arben_cokaj-120x150.jpg\",\"caption\":\"admin\"},\"description\":\"Admin, Fjala e Lir\u00eb\",\"sameAs\":[\"https:\\\/\\\/fjala.info\\\/\"],\"url\":\"https:\\\/\\\/fjala.info\\\/2009-2015\\\/author\\\/admin\\\/\"}]}<\/script>\n<!-- \/ Yoast SEO plugin. -->","yoast_head_json":{"title":"TE JETOJME NJE VIT SI DRITAN PRIFTI - FjALA e LIR\u00cb - Arkivi","robots":{"index":"index","follow":"follow","max-snippet":"max-snippet:-1","max-image-preview":"max-image-preview:large","max-video-preview":"max-video-preview:-1"},"canonical":"https:\/\/fjala.info\/2009-2015\/te-jetojme-nje-vit-si-dritan-prifti\/","og_locale":"sq_AL","og_type":"article","og_title":"TE JETOJME NJE VIT SI DRITAN PRIFTI - FjALA e LIR\u00cb - Arkivi","og_description":"nga Sokol Pepushaj, 03.09.2010 Dje, tek mejhana e bashkise Shkod\u00ebr, lyp\u00ebsi i p\u00ebrditsh\u00ebm, pasi nuk po i jepte kush lek\u00eb, b\u00ebrtiste: Posht\u00eb komunist\u00ebt, nuk do votoj kurr\u00eb m\u00eb p\u00ebr ta, dhe rendiste emra politikan\u00ebsh, Sk\u00ebnder Gjinushi, Bashkim Fino, Ilir Meta, Gramoz Ru\u00e7i, Sali Berisha&#8230; Ky burr\u00eb q\u00eb flet v\u00ebrtet rrjedhsh\u00ebm dhe i njeh nga af\u00ebr [&hellip;]","og_url":"https:\/\/fjala.info\/2009-2015\/te-jetojme-nje-vit-si-dritan-prifti\/","og_site_name":"FjALA e LIR\u00cb - Arkivi","article_published_time":"2010-09-04T06:49:59+00:00","og_image":[{"url":"http:\/\/www.shkoder.net\/images\/fjala\/sokol_pepushaj.jpg","type":"","width":"","height":""}],"author":"admin","twitter_card":"summary_large_image","twitter_misc":{"Written by":"admin","Est. reading time":"7 minutes"},"schema":{"@context":"https:\/\/schema.org","@graph":[{"@type":"Article","@id":"https:\/\/fjala.info\/2009-2015\/te-jetojme-nje-vit-si-dritan-prifti\/#article","isPartOf":{"@id":"https:\/\/fjala.info\/2009-2015\/te-jetojme-nje-vit-si-dritan-prifti\/"},"author":{"name":"admin","@id":"https:\/\/fjala.info\/2009-2015\/#\/schema\/person\/3aa1163ef05469c496fc94e77611ada2"},"headline":"TE JETOJME NJE VIT SI DRITAN PRIFTI","datePublished":"2010-09-04T06:49:59+00:00","mainEntityOfPage":{"@id":"https:\/\/fjala.info\/2009-2015\/te-jetojme-nje-vit-si-dritan-prifti\/"},"wordCount":1358,"commentCount":1,"publisher":{"@id":"https:\/\/fjala.info\/2009-2015\/#organization"},"image":{"@id":"https:\/\/fjala.info\/2009-2015\/te-jetojme-nje-vit-si-dritan-prifti\/#primaryimage"},"thumbnailUrl":"http:\/\/www.shkoder.net\/images\/fjala\/sokol_pepushaj.jpg","articleSection":["Artikuj"],"inLanguage":"sq-AL","potentialAction":[{"@type":"CommentAction","name":"Comment","target":["https:\/\/fjala.info\/2009-2015\/te-jetojme-nje-vit-si-dritan-prifti\/#respond"]}]},{"@type":"WebPage","@id":"https:\/\/fjala.info\/2009-2015\/te-jetojme-nje-vit-si-dritan-prifti\/","url":"https:\/\/fjala.info\/2009-2015\/te-jetojme-nje-vit-si-dritan-prifti\/","name":"TE JETOJME NJE VIT SI DRITAN PRIFTI - FjALA e LIR\u00cb - Arkivi","isPartOf":{"@id":"https:\/\/fjala.info\/2009-2015\/#website"},"primaryImageOfPage":{"@id":"https:\/\/fjala.info\/2009-2015\/te-jetojme-nje-vit-si-dritan-prifti\/#primaryimage"},"image":{"@id":"https:\/\/fjala.info\/2009-2015\/te-jetojme-nje-vit-si-dritan-prifti\/#primaryimage"},"thumbnailUrl":"http:\/\/www.shkoder.net\/images\/fjala\/sokol_pepushaj.jpg","datePublished":"2010-09-04T06:49:59+00:00","breadcrumb":{"@id":"https:\/\/fjala.info\/2009-2015\/te-jetojme-nje-vit-si-dritan-prifti\/#breadcrumb"},"inLanguage":"sq-AL","potentialAction":[{"@type":"ReadAction","target":["https:\/\/fjala.info\/2009-2015\/te-jetojme-nje-vit-si-dritan-prifti\/"]}]},{"@type":"ImageObject","inLanguage":"sq-AL","@id":"https:\/\/fjala.info\/2009-2015\/te-jetojme-nje-vit-si-dritan-prifti\/#primaryimage","url":"http:\/\/www.shkoder.net\/images\/fjala\/sokol_pepushaj.jpg","contentUrl":"http:\/\/www.shkoder.net\/images\/fjala\/sokol_pepushaj.jpg"},{"@type":"BreadcrumbList","@id":"https:\/\/fjala.info\/2009-2015\/te-jetojme-nje-vit-si-dritan-prifti\/#breadcrumb","itemListElement":[{"@type":"ListItem","position":1,"name":"Home","item":"https:\/\/fjala.info\/2009-2015\/"},{"@type":"ListItem","position":2,"name":"TE JETOJME NJE VIT SI DRITAN PRIFTI"}]},{"@type":"WebSite","@id":"https:\/\/fjala.info\/2009-2015\/#website","url":"https:\/\/fjala.info\/2009-2015\/","name":"FjALA e LIR\u00cb - Arkivi","description":"Arkivi 2009-2015","publisher":{"@id":"https:\/\/fjala.info\/2009-2015\/#organization"},"potentialAction":[{"@type":"SearchAction","target":{"@type":"EntryPoint","urlTemplate":"https:\/\/fjala.info\/2009-2015\/?s={search_term_string}"},"query-input":{"@type":"PropertyValueSpecification","valueRequired":true,"valueName":"search_term_string"}}],"inLanguage":"sq-AL"},{"@type":"Organization","@id":"https:\/\/fjala.info\/2009-2015\/#organization","name":"FjALA e LIR\u00cb - Arkivi","url":"https:\/\/fjala.info\/2009-2015\/","logo":{"@type":"ImageObject","inLanguage":"sq-AL","@id":"https:\/\/fjala.info\/2009-2015\/#\/schema\/logo\/image\/","url":"","contentUrl":"","caption":"FjALA e LIR\u00cb - Arkivi"},"image":{"@id":"https:\/\/fjala.info\/2009-2015\/#\/schema\/logo\/image\/"}},{"@type":"Person","@id":"https:\/\/fjala.info\/2009-2015\/#\/schema\/person\/3aa1163ef05469c496fc94e77611ada2","name":"admin","image":{"@type":"ImageObject","inLanguage":"sq-AL","@id":"https:\/\/fjala.info\/2009-2015\/wp-content\/uploads\/2012\/02\/arben_cokaj-120x150.jpg","url":"https:\/\/fjala.info\/2009-2015\/wp-content\/uploads\/2012\/02\/arben_cokaj-120x150.jpg","contentUrl":"https:\/\/fjala.info\/2009-2015\/wp-content\/uploads\/2012\/02\/arben_cokaj-120x150.jpg","caption":"admin"},"description":"Admin, Fjala e Lir\u00eb","sameAs":["https:\/\/fjala.info\/"],"url":"https:\/\/fjala.info\/2009-2015\/author\/admin\/"}]}},"_links":{"self":[{"href":"https:\/\/fjala.info\/2009-2015\/wp-json\/wp\/v2\/posts\/3913","targetHints":{"allow":["GET"]}}],"collection":[{"href":"https:\/\/fjala.info\/2009-2015\/wp-json\/wp\/v2\/posts"}],"about":[{"href":"https:\/\/fjala.info\/2009-2015\/wp-json\/wp\/v2\/types\/post"}],"author":[{"embeddable":true,"href":"https:\/\/fjala.info\/2009-2015\/wp-json\/wp\/v2\/users\/1"}],"replies":[{"embeddable":true,"href":"https:\/\/fjala.info\/2009-2015\/wp-json\/wp\/v2\/comments?post=3913"}],"version-history":[{"count":0,"href":"https:\/\/fjala.info\/2009-2015\/wp-json\/wp\/v2\/posts\/3913\/revisions"}],"wp:attachment":[{"href":"https:\/\/fjala.info\/2009-2015\/wp-json\/wp\/v2\/media?parent=3913"}],"wp:term":[{"taxonomy":"category","embeddable":true,"href":"https:\/\/fjala.info\/2009-2015\/wp-json\/wp\/v2\/categories?post=3913"},{"taxonomy":"post_tag","embeddable":true,"href":"https:\/\/fjala.info\/2009-2015\/wp-json\/wp\/v2\/tags?post=3913"}],"curies":[{"name":"wp","href":"https:\/\/api.w.org\/{rel}","templated":true}]}}