{"id":3912,"date":"2012-07-19T15:09:15","date_gmt":"2012-07-19T14:09:15","guid":{"rendered":"http:\/\/www.fjala.info\/?p=3912"},"modified":"2012-07-19T15:09:15","modified_gmt":"2012-07-19T14:09:15","slug":"presidenti-berisha-hakmerret-i-heq-topit-fjalen-e-lamtumires","status":"publish","type":"post","link":"https:\/\/fjala.info\/2009-2015\/presidenti-berisha-hakmerret-i-heq-topit-fjalen-e-lamtumires\/","title":{"rendered":"Presidenti, Berisha &#8220;hakmerret&#8221; i heq Topit fjal\u00ebn e lamtumir\u00ebs"},"content":{"rendered":"<p><img decoding=\"async\" class=\"alignright size-thumbnail wp-image-7236\" title=\"Topi - Nishani\" src=\"http:\/\/www.fjala.info\/2012\/topi_nishani.jpg\" alt=\"\" width=\"250\" \/> Fundi i mandatit presidencial p\u00ebr Bamir Topin ka q\u00ebn\u00eb plot me surpriza aspak t\u00eb k\u00ebndshme dhe q\u00eb i kan\u00eb kaluar limitet me t\u00eb cilat mund t\u00eb p\u00ebrballet nj\u00eb kryetar shteti n\u00eb koh\u00eb paqeje.<\/p>\n<p>K\u00ebshtu, nd\u00ebrkoh\u00eb q\u00eb Presidenti n\u00eb detyr\u00eb Topi q\u00ebndronte n\u00eb mes t\u00eb detit n\u00eb tragetin e prishur pa asnj\u00eb ndihm\u00eb nga qeveria, n\u00eb Tiran\u00eb, nga selia kryeministrore \u00ebsht\u00eb b\u00ebr\u00eb i ditur vendimi i marr\u00eb n\u00eb mbledhjen e jav\u00ebs s\u00eb kaluar t\u00eb qeveris\u00eb p\u00ebr ndryshimin e ceremonialit t\u00eb shtetit q\u00eb parasheh dhe dor\u00ebzimin e detyr\u00ebs s\u00eb Presidentit, n\u00eb p\u00ebrfundim t\u00eb mandatit.<\/p>\n<p>Gazeta \u201cShqiptarja.com\u201dm\u00ebson ekskluzivisht se jan\u00eb prekur pik\u00ebrisht pikat q\u00eb kan\u00eb t\u00eb b\u00ebjn\u00eb me k\u00ebt\u00eb ceremonial t\u00eb dor\u00ebzimit t\u00eb detyr\u00ebs nga Presidenti n\u00eb detyr\u00eb Topi tek Presidenti i ri i zgjedhur Bujar Nishani, i cili pritet t\u00eb hyj\u00eb n\u00eb selin\u00eb presidenciale n\u00eb ushtrim t\u00eb detyrave t\u00eb tij kushtetuese m\u00eb 24 korrik, vet\u00ebm pas pak dit\u00ebsh.<\/p>\n<p>M\u00ebsohet se n\u00eb ceremonialin e shtetit i \u00ebsht\u00eb hequr fjala e lamtumir\u00ebs kreut n\u00eb detyr\u00eb t\u00eb shtetit, dhe zhvendos ceremonin\u00eb e marrjes s\u00eb detyr\u00ebs nga Nishani nga Pallati i Brigadave n\u00eb Presidenc\u00eb, si dhe heq parakalimin e Topit dhe pasardh\u00ebsit t\u00eb tij p\u00ebrpara truprojeve t\u00eb nderit.<\/p>\n<p><em><strong>SHKRIMI I PLOTE<\/strong><\/em><\/p>\n<p>Nga <strong>JAKIN MARENA<\/strong><\/p>\n<p>M\u00ebsohet se jan\u00eb prekur pik\u00ebrisht pikat q\u00eb kan\u00eb t\u00eb b\u00ebjn\u00eb me k\u00ebt\u00eb ceremonial t\u00eb dor\u00ebzimit t\u00eb detyr\u00ebs nga Presidenti n\u00eb detyr\u00eb Topi tek Presidenti i ri i zgjedhur Bujar Nishani, i cili pritet t\u00eb hyj\u00eb n\u00eb selin\u00eb presidenciale n\u00eb ushtrim t\u00eb detyrave t\u00eb tij kushtetuese m\u00eb 24 korrik, vet\u00ebm pas pak dit\u00ebsh. K\u00ebshtu si pik\u00eb e par\u00eb me vendim qeveria presidentit n\u00eb detyr\u00eb i \u00ebsht\u00eb hequr e drejta e p\u00ebrsh\u00ebndetjes n\u00eb dit\u00ebn e dor\u00ebzimit t\u00eb detyr\u00ebs, duke e kthyer at\u00eb thjesht\u00eb n\u00eb nj\u00eb dekor t\u00eb k\u00ebsaj dite ceremoniale, pavar\u00ebsisht se ka qen\u00eb n\u00eb krye t\u00eb shtetit p\u00ebr pes\u00eb vite me radh\u00eb dhe si rregull dhe nj\u00eb drejtor i thjesht\u00eb dikasteri i thot\u00eb dy fjal\u00eb t\u00eb pakt\u00ebn p\u00ebr stafin me t\u00eb cilin ka punuar t\u00ebr\u00eb k\u00ebto vite. Nj\u00eb hakmarrje e eg\u00ebr kjo e Berish\u00ebs, i cili dhe n\u00eb ceremonin\u00eb e lamtumir\u00ebs si President nuk do q\u00eb t&#8217;ia d\u00ebgjoj\u00eb z\u00ebrin Topit. N\u00eb ceremonial, pas vendimit t\u00eb qeveris\u00eb \u00ebsht\u00eb p\u00ebrcaktuar qart\u00eb se do t\u00eb flas\u00eb vet\u00ebm presidenti i zgjedhur Bujar Nishani, duke i hequr n\u00eb k\u00ebt\u00eb m\u00ebnyr\u00eb fjal\u00ebn e lamtumir\u00ebs presidentit n\u00eb largim, Topi.<\/p>\n<p>N\u00eb ceremonialin e shtetit, t\u00eb para dit\u00ebs s\u00eb djeshme ishte p\u00ebrcaktuar q\u00eb pas ekzekutimit t\u00eb Himnit Komb\u00ebtar, q\u00eb shoq\u00ebrohet me 21 t\u00eb sht\u00ebna topi artilerie me interval 3 sekonda nga nj\u00ebra tjetra dhe ku flamuri komb\u00ebtar q\u00ebndron gjat\u00eb gjith\u00eb koh\u00ebs i ngritur, drejtori i Protokollit t\u00eb Shtetit fton ish Presidentin t\u00eb b\u00ebj\u00eb p\u00ebrshendetjen e rastit dhe n\u00eb fund t\u00eb saj, n\u00eb m\u00ebnyr\u00eb simbolike, i dor\u00ebzon Presidentit t\u00eb ri Kushtetut\u00ebn e Republik\u00ebs s\u00eb Shqip\u00ebris\u00eb. Vet\u00ebm pas k\u00ebtij akti solemn,<\/p>\n<p>Drejtori i Protokollit t\u00eb Shtetit fton Presidentin e zgjedhur t\u00eb b\u00ebj\u00eb p\u00ebrsh\u00ebndetjen e rastit. Nd\u00ebrkoh\u00eb q\u00eb gjith\u00eb ceremonia e &#8220;nd\u00ebrrimit t\u00eb stafetave&#8221; mes presidentit n\u00eb largim Topi dhe atij t\u00eb zgjedhur Nishani nuk do t\u00eb b\u00ebhet n\u00eb Pallatin e Brigadave por n\u00eb Presidenc\u00eb, pasi me ndryshimin e ligjit t\u00eb ceremonialit k\u00ebshtu \u00ebsht\u00eb p\u00ebrcaktuar. N\u00eb cermonialin e shkuar thuhet sakt\u00ebsisht se pas Kuvendit, ceremonia presidenciale vijon n\u00eb Pallatin e Brigadave. T\u00eb ftuarit mb\u00ebrrijne n\u00eb aty deri n\u00eb or\u00ebn 19.15 dhe z\u00ebn\u00eb vendet e caktuara p\u00ebr ta. Tribuna A rezervohet p\u00ebr miqt\u00eb e huaj dhe titullar\u00ebt e p\u00ebrfaq\u00ebsive diplomatike, kurse tribuna B, p\u00ebr personalitetet e larta shtet\u00ebrore dhe miqt\u00eb vendas.<\/p>\n<p>Nd\u00ebrsa n\u00eb or\u00ebn 19.25 mb\u00ebrrin dhe z\u00eb vend n\u00eb krye t\u00eb shkall\u00ebve t\u00eb Pallatit t\u00eb Brigadave, ish Presidenti i Republik\u00ebs. N\u00eb or\u00ebn 19.30 mb\u00ebrrin Presidenti i Republik\u00ebs, makina e t\u00eb cilit shoq\u00ebrohet nga truproja e nderit n\u00eb kat\u00ebr motor\u00e7ikleta ceremoniale. Ku zhvillohej ceremonia e nderit sipas skem\u00ebs p\u00ebrkat\u00ebse dhe Presidenti drejtohet e z\u00eb vend n\u00eb krye t\u00eb shkall\u00ebve t\u00eb Pallatit t\u00eb Brigadave, n\u00eb t\u00eb djatht\u00eb t\u00eb ish-Presidentit. N\u00eb t\u00eb dyja an\u00ebt e shkall\u00ebve vendoseshin oficer\u00eb t\u00eb Gard\u00ebs s\u00eb Republik\u00ebs me uniforma ceremoniale.<\/p>\n<p>Ende mbetet mister se ku do t\u00eb instalohen t\u00eb gjith\u00eb t\u00eb ftuarit, q\u00eb nga ambasador\u00ebt apo ndoshta dhe ndonj\u00eb homolog fqinj e deri tek vendasit, tashm\u00eb q\u00eb me ndryshimin e ri t\u00eb ceremonialit t\u00eb shtetit, ceremonia e marrjes s\u00eb detyr\u00ebs s\u00eb Presidentit nga Nishani do t\u00eb zhvillohet n\u00eb ambientet e ngushta t\u00eb Presidenc\u00ebs. Nd\u00ebrkoh\u00eb ndryshimi i ri i ceremonialit ka prekur dhe parakalimin e kreut t\u00eb ri t\u00eb shtetit para truproj\u00ebs s\u00eb nderit dhe nderimit t\u00eb flamurit komb\u00ebtar. N\u00eb ndryshim nga ceremoniali i deritanish\u00ebm, ku isht\u00eb p\u00ebrcaktuar qart\u00eb n\u00eb pik\u00ebn 15 se zhvillohet parakalimi traditcional i truproj\u00ebs s\u00eb nderit dhe pas k\u00ebsaj, t\u00eb pranishmit ftoheshin n\u00eb Pallatin e Brigadave p\u00ebr t\u00eb mar\u00eb pjes\u00eb n\u00eb pritjen zyrtare.<\/p>\n<p>Duke par\u00eb n\u00eb detaje gjith\u00eb ndryshimet e ligjit t\u00eb ceremonialit t\u00eb shtetit, pik\u00ebrisht n\u00eb kapitullin q\u00eb b\u00ebn fjal\u00eb p\u00ebr ceremonin\u00eb e dor\u00ebzimit t\u00eb detyr\u00ebs nga presidenti n\u00eb largim dhe marrjen e saj nga Presidenti i ri, ndryshme k\u00ebto q\u00eb nuk kan\u00eb dal\u00eb n\u00eb faqen zyrtare t\u00eb Kryeministris\u00eb, vihet re fare leht\u00eb se hartuesit jan\u00eb kujdesur p\u00ebr t&#8217;i hequr fjal\u00ebn Bamir Topit, q\u00eb ka marr\u00ebdh\u00ebnie aspak t\u00eb mira me Berish\u00ebn, por dhe p\u00ebr t\u00eb krijuar leht\u00ebsira p\u00ebr presidentin e ri Bujar Nishani.<\/p>\n<p>(<em>jm\/shqiptarja.com<\/em>)<\/p>\n","protected":false},"excerpt":{"rendered":"<p>Fundi i mandatit presidencial p\u00ebr Bamir Topin ka q\u00ebn\u00eb plot me surpriza aspak t\u00eb k\u00ebndshme dhe q\u00eb i kan\u00eb kaluar limitet me t\u00eb cilat mund t\u00eb p\u00ebrballet nj\u00eb kryetar shteti n\u00eb koh\u00eb paqeje. K\u00ebshtu, nd\u00ebrkoh\u00eb q\u00eb Presidenti n\u00eb detyr\u00eb Topi q\u00ebndronte n\u00eb mes t\u00eb detit n\u00eb tragetin e prishur pa asnj\u00eb ndihm\u00eb nga qeveria, n\u00eb [&hellip;]<\/p>\n","protected":false},"author":1,"featured_media":0,"comment_status":"open","ping_status":"closed","sticky":false,"template":"","format":"standard","meta":{"footnotes":""},"categories":[2],"tags":[],"class_list":{"0":"post-3912","1":"post","2":"type-post","3":"status-publish","4":"format-standard","6":"category-artikuj"},"yoast_head":"<!-- This site is optimized with the Yoast SEO plugin v27.4 - https:\/\/yoast.com\/product\/yoast-seo-wordpress\/ -->\n<title>Presidenti, Berisha &quot;hakmerret&quot; i heq Topit fjal\u00ebn e lamtumir\u00ebs - FjALA e LIR\u00cb - Arkivi<\/title>\n<meta name=\"robots\" content=\"index, follow, max-snippet:-1, max-image-preview:large, max-video-preview:-1\" \/>\n<link rel=\"canonical\" href=\"https:\/\/fjala.info\/2009-2015\/presidenti-berisha-hakmerret-i-heq-topit-fjalen-e-lamtumires\/\" \/>\n<meta property=\"og:locale\" content=\"sq_AL\" \/>\n<meta property=\"og:type\" content=\"article\" \/>\n<meta property=\"og:title\" content=\"Presidenti, Berisha &quot;hakmerret&quot; i heq Topit fjal\u00ebn e lamtumir\u00ebs - FjALA e LIR\u00cb - Arkivi\" \/>\n<meta property=\"og:description\" content=\"Fundi i mandatit presidencial p\u00ebr Bamir Topin ka q\u00ebn\u00eb plot me surpriza aspak t\u00eb k\u00ebndshme dhe q\u00eb i kan\u00eb kaluar limitet me t\u00eb cilat mund t\u00eb p\u00ebrballet nj\u00eb kryetar shteti n\u00eb koh\u00eb paqeje. K\u00ebshtu, nd\u00ebrkoh\u00eb q\u00eb Presidenti n\u00eb detyr\u00eb Topi q\u00ebndronte n\u00eb mes t\u00eb detit n\u00eb tragetin e prishur pa asnj\u00eb ndihm\u00eb nga qeveria, n\u00eb [&hellip;]\" \/>\n<meta property=\"og:url\" content=\"https:\/\/fjala.info\/2009-2015\/presidenti-berisha-hakmerret-i-heq-topit-fjalen-e-lamtumires\/\" \/>\n<meta property=\"og:site_name\" content=\"FjALA e LIR\u00cb - Arkivi\" \/>\n<meta property=\"article:published_time\" content=\"2012-07-19T14:09:15+00:00\" \/>\n<meta property=\"og:image\" content=\"http:\/\/www.fjala.info\/2012\/topi_nishani.jpg\" \/>\n<meta name=\"author\" content=\"admin\" \/>\n<meta name=\"twitter:card\" content=\"summary_large_image\" \/>\n<meta name=\"twitter:label1\" content=\"Written by\" \/>\n\t<meta name=\"twitter:data1\" content=\"admin\" \/>\n\t<meta name=\"twitter:label2\" content=\"Est. reading time\" \/>\n\t<meta name=\"twitter:data2\" content=\"5 minutes\" \/>\n<script type=\"application\/ld+json\" class=\"yoast-schema-graph\">{\"@context\":\"https:\\\/\\\/schema.org\",\"@graph\":[{\"@type\":\"Article\",\"@id\":\"https:\\\/\\\/fjala.info\\\/2009-2015\\\/presidenti-berisha-hakmerret-i-heq-topit-fjalen-e-lamtumires\\\/#article\",\"isPartOf\":{\"@id\":\"https:\\\/\\\/fjala.info\\\/2009-2015\\\/presidenti-berisha-hakmerret-i-heq-topit-fjalen-e-lamtumires\\\/\"},\"author\":{\"name\":\"admin\",\"@id\":\"https:\\\/\\\/fjala.info\\\/2009-2015\\\/#\\\/schema\\\/person\\\/3aa1163ef05469c496fc94e77611ada2\"},\"headline\":\"Presidenti, Berisha &#8220;hakmerret&#8221; i heq Topit fjal\u00ebn e lamtumir\u00ebs\",\"datePublished\":\"2012-07-19T14:09:15+00:00\",\"mainEntityOfPage\":{\"@id\":\"https:\\\/\\\/fjala.info\\\/2009-2015\\\/presidenti-berisha-hakmerret-i-heq-topit-fjalen-e-lamtumires\\\/\"},\"wordCount\":994,\"commentCount\":0,\"publisher\":{\"@id\":\"https:\\\/\\\/fjala.info\\\/2009-2015\\\/#organization\"},\"image\":{\"@id\":\"https:\\\/\\\/fjala.info\\\/2009-2015\\\/presidenti-berisha-hakmerret-i-heq-topit-fjalen-e-lamtumires\\\/#primaryimage\"},\"thumbnailUrl\":\"http:\\\/\\\/www.fjala.info\\\/2012\\\/topi_nishani.jpg\",\"articleSection\":[\"Artikuj\"],\"inLanguage\":\"sq-AL\",\"potentialAction\":[{\"@type\":\"CommentAction\",\"name\":\"Comment\",\"target\":[\"https:\\\/\\\/fjala.info\\\/2009-2015\\\/presidenti-berisha-hakmerret-i-heq-topit-fjalen-e-lamtumires\\\/#respond\"]}]},{\"@type\":\"WebPage\",\"@id\":\"https:\\\/\\\/fjala.info\\\/2009-2015\\\/presidenti-berisha-hakmerret-i-heq-topit-fjalen-e-lamtumires\\\/\",\"url\":\"https:\\\/\\\/fjala.info\\\/2009-2015\\\/presidenti-berisha-hakmerret-i-heq-topit-fjalen-e-lamtumires\\\/\",\"name\":\"Presidenti, Berisha \\\"hakmerret\\\" i heq Topit fjal\u00ebn e lamtumir\u00ebs - FjALA e LIR\u00cb - Arkivi\",\"isPartOf\":{\"@id\":\"https:\\\/\\\/fjala.info\\\/2009-2015\\\/#website\"},\"primaryImageOfPage\":{\"@id\":\"https:\\\/\\\/fjala.info\\\/2009-2015\\\/presidenti-berisha-hakmerret-i-heq-topit-fjalen-e-lamtumires\\\/#primaryimage\"},\"image\":{\"@id\":\"https:\\\/\\\/fjala.info\\\/2009-2015\\\/presidenti-berisha-hakmerret-i-heq-topit-fjalen-e-lamtumires\\\/#primaryimage\"},\"thumbnailUrl\":\"http:\\\/\\\/www.fjala.info\\\/2012\\\/topi_nishani.jpg\",\"datePublished\":\"2012-07-19T14:09:15+00:00\",\"breadcrumb\":{\"@id\":\"https:\\\/\\\/fjala.info\\\/2009-2015\\\/presidenti-berisha-hakmerret-i-heq-topit-fjalen-e-lamtumires\\\/#breadcrumb\"},\"inLanguage\":\"sq-AL\",\"potentialAction\":[{\"@type\":\"ReadAction\",\"target\":[\"https:\\\/\\\/fjala.info\\\/2009-2015\\\/presidenti-berisha-hakmerret-i-heq-topit-fjalen-e-lamtumires\\\/\"]}]},{\"@type\":\"ImageObject\",\"inLanguage\":\"sq-AL\",\"@id\":\"https:\\\/\\\/fjala.info\\\/2009-2015\\\/presidenti-berisha-hakmerret-i-heq-topit-fjalen-e-lamtumires\\\/#primaryimage\",\"url\":\"http:\\\/\\\/www.fjala.info\\\/2012\\\/topi_nishani.jpg\",\"contentUrl\":\"http:\\\/\\\/www.fjala.info\\\/2012\\\/topi_nishani.jpg\"},{\"@type\":\"BreadcrumbList\",\"@id\":\"https:\\\/\\\/fjala.info\\\/2009-2015\\\/presidenti-berisha-hakmerret-i-heq-topit-fjalen-e-lamtumires\\\/#breadcrumb\",\"itemListElement\":[{\"@type\":\"ListItem\",\"position\":1,\"name\":\"Home\",\"item\":\"https:\\\/\\\/fjala.info\\\/2009-2015\\\/\"},{\"@type\":\"ListItem\",\"position\":2,\"name\":\"Presidenti, Berisha &#8220;hakmerret&#8221; i heq Topit fjal\u00ebn e lamtumir\u00ebs\"}]},{\"@type\":\"WebSite\",\"@id\":\"https:\\\/\\\/fjala.info\\\/2009-2015\\\/#website\",\"url\":\"https:\\\/\\\/fjala.info\\\/2009-2015\\\/\",\"name\":\"FjALA e LIR\u00cb - Arkivi\",\"description\":\"Arkivi 2009-2015\",\"publisher\":{\"@id\":\"https:\\\/\\\/fjala.info\\\/2009-2015\\\/#organization\"},\"potentialAction\":[{\"@type\":\"SearchAction\",\"target\":{\"@type\":\"EntryPoint\",\"urlTemplate\":\"https:\\\/\\\/fjala.info\\\/2009-2015\\\/?s={search_term_string}\"},\"query-input\":{\"@type\":\"PropertyValueSpecification\",\"valueRequired\":true,\"valueName\":\"search_term_string\"}}],\"inLanguage\":\"sq-AL\"},{\"@type\":\"Organization\",\"@id\":\"https:\\\/\\\/fjala.info\\\/2009-2015\\\/#organization\",\"name\":\"FjALA e LIR\u00cb - Arkivi\",\"url\":\"https:\\\/\\\/fjala.info\\\/2009-2015\\\/\",\"logo\":{\"@type\":\"ImageObject\",\"inLanguage\":\"sq-AL\",\"@id\":\"https:\\\/\\\/fjala.info\\\/2009-2015\\\/#\\\/schema\\\/logo\\\/image\\\/\",\"url\":\"\",\"contentUrl\":\"\",\"caption\":\"FjALA e LIR\u00cb - Arkivi\"},\"image\":{\"@id\":\"https:\\\/\\\/fjala.info\\\/2009-2015\\\/#\\\/schema\\\/logo\\\/image\\\/\"}},{\"@type\":\"Person\",\"@id\":\"https:\\\/\\\/fjala.info\\\/2009-2015\\\/#\\\/schema\\\/person\\\/3aa1163ef05469c496fc94e77611ada2\",\"name\":\"admin\",\"image\":{\"@type\":\"ImageObject\",\"inLanguage\":\"sq-AL\",\"@id\":\"https:\\\/\\\/fjala.info\\\/2009-2015\\\/wp-content\\\/uploads\\\/2012\\\/02\\\/arben_cokaj-120x150.jpg\",\"url\":\"https:\\\/\\\/fjala.info\\\/2009-2015\\\/wp-content\\\/uploads\\\/2012\\\/02\\\/arben_cokaj-120x150.jpg\",\"contentUrl\":\"https:\\\/\\\/fjala.info\\\/2009-2015\\\/wp-content\\\/uploads\\\/2012\\\/02\\\/arben_cokaj-120x150.jpg\",\"caption\":\"admin\"},\"description\":\"Admin, Fjala e Lir\u00eb\",\"sameAs\":[\"https:\\\/\\\/fjala.info\\\/\"],\"url\":\"https:\\\/\\\/fjala.info\\\/2009-2015\\\/author\\\/admin\\\/\"}]}<\/script>\n<!-- \/ Yoast SEO plugin. -->","yoast_head_json":{"title":"Presidenti, Berisha \"hakmerret\" i heq Topit fjal\u00ebn e lamtumir\u00ebs - FjALA e LIR\u00cb - Arkivi","robots":{"index":"index","follow":"follow","max-snippet":"max-snippet:-1","max-image-preview":"max-image-preview:large","max-video-preview":"max-video-preview:-1"},"canonical":"https:\/\/fjala.info\/2009-2015\/presidenti-berisha-hakmerret-i-heq-topit-fjalen-e-lamtumires\/","og_locale":"sq_AL","og_type":"article","og_title":"Presidenti, Berisha \"hakmerret\" i heq Topit fjal\u00ebn e lamtumir\u00ebs - FjALA e LIR\u00cb - Arkivi","og_description":"Fundi i mandatit presidencial p\u00ebr Bamir Topin ka q\u00ebn\u00eb plot me surpriza aspak t\u00eb k\u00ebndshme dhe q\u00eb i kan\u00eb kaluar limitet me t\u00eb cilat mund t\u00eb p\u00ebrballet nj\u00eb kryetar shteti n\u00eb koh\u00eb paqeje. K\u00ebshtu, nd\u00ebrkoh\u00eb q\u00eb Presidenti n\u00eb detyr\u00eb Topi q\u00ebndronte n\u00eb mes t\u00eb detit n\u00eb tragetin e prishur pa asnj\u00eb ndihm\u00eb nga qeveria, n\u00eb [&hellip;]","og_url":"https:\/\/fjala.info\/2009-2015\/presidenti-berisha-hakmerret-i-heq-topit-fjalen-e-lamtumires\/","og_site_name":"FjALA e LIR\u00cb - Arkivi","article_published_time":"2012-07-19T14:09:15+00:00","og_image":[{"url":"http:\/\/www.fjala.info\/2012\/topi_nishani.jpg","type":"","width":"","height":""}],"author":"admin","twitter_card":"summary_large_image","twitter_misc":{"Written by":"admin","Est. reading time":"5 minutes"},"schema":{"@context":"https:\/\/schema.org","@graph":[{"@type":"Article","@id":"https:\/\/fjala.info\/2009-2015\/presidenti-berisha-hakmerret-i-heq-topit-fjalen-e-lamtumires\/#article","isPartOf":{"@id":"https:\/\/fjala.info\/2009-2015\/presidenti-berisha-hakmerret-i-heq-topit-fjalen-e-lamtumires\/"},"author":{"name":"admin","@id":"https:\/\/fjala.info\/2009-2015\/#\/schema\/person\/3aa1163ef05469c496fc94e77611ada2"},"headline":"Presidenti, Berisha &#8220;hakmerret&#8221; i heq Topit fjal\u00ebn e lamtumir\u00ebs","datePublished":"2012-07-19T14:09:15+00:00","mainEntityOfPage":{"@id":"https:\/\/fjala.info\/2009-2015\/presidenti-berisha-hakmerret-i-heq-topit-fjalen-e-lamtumires\/"},"wordCount":994,"commentCount":0,"publisher":{"@id":"https:\/\/fjala.info\/2009-2015\/#organization"},"image":{"@id":"https:\/\/fjala.info\/2009-2015\/presidenti-berisha-hakmerret-i-heq-topit-fjalen-e-lamtumires\/#primaryimage"},"thumbnailUrl":"http:\/\/www.fjala.info\/2012\/topi_nishani.jpg","articleSection":["Artikuj"],"inLanguage":"sq-AL","potentialAction":[{"@type":"CommentAction","name":"Comment","target":["https:\/\/fjala.info\/2009-2015\/presidenti-berisha-hakmerret-i-heq-topit-fjalen-e-lamtumires\/#respond"]}]},{"@type":"WebPage","@id":"https:\/\/fjala.info\/2009-2015\/presidenti-berisha-hakmerret-i-heq-topit-fjalen-e-lamtumires\/","url":"https:\/\/fjala.info\/2009-2015\/presidenti-berisha-hakmerret-i-heq-topit-fjalen-e-lamtumires\/","name":"Presidenti, Berisha \"hakmerret\" i heq Topit fjal\u00ebn e lamtumir\u00ebs - FjALA e LIR\u00cb - Arkivi","isPartOf":{"@id":"https:\/\/fjala.info\/2009-2015\/#website"},"primaryImageOfPage":{"@id":"https:\/\/fjala.info\/2009-2015\/presidenti-berisha-hakmerret-i-heq-topit-fjalen-e-lamtumires\/#primaryimage"},"image":{"@id":"https:\/\/fjala.info\/2009-2015\/presidenti-berisha-hakmerret-i-heq-topit-fjalen-e-lamtumires\/#primaryimage"},"thumbnailUrl":"http:\/\/www.fjala.info\/2012\/topi_nishani.jpg","datePublished":"2012-07-19T14:09:15+00:00","breadcrumb":{"@id":"https:\/\/fjala.info\/2009-2015\/presidenti-berisha-hakmerret-i-heq-topit-fjalen-e-lamtumires\/#breadcrumb"},"inLanguage":"sq-AL","potentialAction":[{"@type":"ReadAction","target":["https:\/\/fjala.info\/2009-2015\/presidenti-berisha-hakmerret-i-heq-topit-fjalen-e-lamtumires\/"]}]},{"@type":"ImageObject","inLanguage":"sq-AL","@id":"https:\/\/fjala.info\/2009-2015\/presidenti-berisha-hakmerret-i-heq-topit-fjalen-e-lamtumires\/#primaryimage","url":"http:\/\/www.fjala.info\/2012\/topi_nishani.jpg","contentUrl":"http:\/\/www.fjala.info\/2012\/topi_nishani.jpg"},{"@type":"BreadcrumbList","@id":"https:\/\/fjala.info\/2009-2015\/presidenti-berisha-hakmerret-i-heq-topit-fjalen-e-lamtumires\/#breadcrumb","itemListElement":[{"@type":"ListItem","position":1,"name":"Home","item":"https:\/\/fjala.info\/2009-2015\/"},{"@type":"ListItem","position":2,"name":"Presidenti, Berisha &#8220;hakmerret&#8221; i heq Topit fjal\u00ebn e lamtumir\u00ebs"}]},{"@type":"WebSite","@id":"https:\/\/fjala.info\/2009-2015\/#website","url":"https:\/\/fjala.info\/2009-2015\/","name":"FjALA e LIR\u00cb - Arkivi","description":"Arkivi 2009-2015","publisher":{"@id":"https:\/\/fjala.info\/2009-2015\/#organization"},"potentialAction":[{"@type":"SearchAction","target":{"@type":"EntryPoint","urlTemplate":"https:\/\/fjala.info\/2009-2015\/?s={search_term_string}"},"query-input":{"@type":"PropertyValueSpecification","valueRequired":true,"valueName":"search_term_string"}}],"inLanguage":"sq-AL"},{"@type":"Organization","@id":"https:\/\/fjala.info\/2009-2015\/#organization","name":"FjALA e LIR\u00cb - Arkivi","url":"https:\/\/fjala.info\/2009-2015\/","logo":{"@type":"ImageObject","inLanguage":"sq-AL","@id":"https:\/\/fjala.info\/2009-2015\/#\/schema\/logo\/image\/","url":"","contentUrl":"","caption":"FjALA e LIR\u00cb - Arkivi"},"image":{"@id":"https:\/\/fjala.info\/2009-2015\/#\/schema\/logo\/image\/"}},{"@type":"Person","@id":"https:\/\/fjala.info\/2009-2015\/#\/schema\/person\/3aa1163ef05469c496fc94e77611ada2","name":"admin","image":{"@type":"ImageObject","inLanguage":"sq-AL","@id":"https:\/\/fjala.info\/2009-2015\/wp-content\/uploads\/2012\/02\/arben_cokaj-120x150.jpg","url":"https:\/\/fjala.info\/2009-2015\/wp-content\/uploads\/2012\/02\/arben_cokaj-120x150.jpg","contentUrl":"https:\/\/fjala.info\/2009-2015\/wp-content\/uploads\/2012\/02\/arben_cokaj-120x150.jpg","caption":"admin"},"description":"Admin, Fjala e Lir\u00eb","sameAs":["https:\/\/fjala.info\/"],"url":"https:\/\/fjala.info\/2009-2015\/author\/admin\/"}]}},"_links":{"self":[{"href":"https:\/\/fjala.info\/2009-2015\/wp-json\/wp\/v2\/posts\/3912","targetHints":{"allow":["GET"]}}],"collection":[{"href":"https:\/\/fjala.info\/2009-2015\/wp-json\/wp\/v2\/posts"}],"about":[{"href":"https:\/\/fjala.info\/2009-2015\/wp-json\/wp\/v2\/types\/post"}],"author":[{"embeddable":true,"href":"https:\/\/fjala.info\/2009-2015\/wp-json\/wp\/v2\/users\/1"}],"replies":[{"embeddable":true,"href":"https:\/\/fjala.info\/2009-2015\/wp-json\/wp\/v2\/comments?post=3912"}],"version-history":[{"count":0,"href":"https:\/\/fjala.info\/2009-2015\/wp-json\/wp\/v2\/posts\/3912\/revisions"}],"wp:attachment":[{"href":"https:\/\/fjala.info\/2009-2015\/wp-json\/wp\/v2\/media?parent=3912"}],"wp:term":[{"taxonomy":"category","embeddable":true,"href":"https:\/\/fjala.info\/2009-2015\/wp-json\/wp\/v2\/categories?post=3912"},{"taxonomy":"post_tag","embeddable":true,"href":"https:\/\/fjala.info\/2009-2015\/wp-json\/wp\/v2\/tags?post=3912"}],"curies":[{"name":"wp","href":"https:\/\/api.w.org\/{rel}","templated":true}]}}