{"id":3910,"date":"2010-09-04T07:39:26","date_gmt":"2010-09-04T06:39:26","guid":{"rendered":"http:\/\/fjala.shkoder.net\/?p=3910"},"modified":"2010-09-04T07:39:26","modified_gmt":"2010-09-04T06:39:26","slug":"pse-serbia-ndryshoi-qendrim","status":"publish","type":"post","link":"https:\/\/fjala.info\/2009-2015\/pse-serbia-ndryshoi-qendrim\/","title":{"rendered":"Pse Serbia ndryshoi q\u00ebndrim?"},"content":{"rendered":"<p><img decoding=\"async\" style=\"margin-left: 10px; margin-right: 10px; border: 0px;\" title=\"Mentor Nazarko\" src=\"http:\/\/www.shkoder.net\/images\/fjala\/mentor_nazarko1.jpg\" border=\"0\" alt=\"\" width=\"100\" align=\"right\" \/><\/p>\n<p>&#8212; nga <strong>MENTOR NAZARKO<\/strong>, <em>31 Gusht 2010<\/em><\/p>\n<p>Tani q\u00eb dita e seanc\u00ebs s\u00eb OKB-s\u00eb p\u00ebr Kosov\u00ebn po afron dhe kur parashikohet me gjas\u00eb nj\u00eb humbje e tekstit serb, nj\u00eb humbje e Serbis\u00eb n\u00eb p\u00ebrplasjen e dyt\u00eb me per\u00ebndimin, n\u00eb terren po shihen zhvillime. Kur p\u00ebrdorim konvencionin &#8220;terren&#8221;, i referohemi situat\u00ebs s\u00eb vendeve t\u00eb interesuara drejtp\u00ebrdrejt p\u00ebr t\u00eb ashtuquajtur\u00ebn projektrezolut\u00eb &#8211; Kosov\u00ebs, Serbis\u00eb dhe Shqip\u00ebris\u00eb.<\/p>\n<p>Faktor\u00ebt institucional\u00eb n\u00eb Shqip\u00ebri po grinden se kush do t\u00eb shkoj\u00eb n\u00eb New York dhe kush do ta drejtoj\u00eb delegacionin, anipse fal\u00eb maturis\u00eb s\u00eb Presidentit Bamir Topi nuk po shihet gj\u00eb n\u00eb publik. Protagonizmi i tepruar i Sali Berish\u00ebs, i cili dikur n\u00eb opozit\u00eb qortonte Kryeministrin Majko pse nuk respektonte Presidentin n\u00eb rastin e samitit t\u00eb Sarajev\u00ebs n\u00eb 1999, mund t\u00eb prodhoj\u00eb v\u00ebrtet efekte negative n\u00eb imazhin ton\u00eb para t\u00eb huajve. Ambasadori i Shqip\u00ebris\u00eb n\u00eb OKB do t\u00eb jet\u00eb n\u00eb nj\u00eb trysni t\u00eb papar\u00eb p\u00ebr t\u00eb p\u00ebrgatitur axhend\u00eb vet\u00ebm p\u00ebr Berish\u00ebn. Presidenti mund ta ket\u00eb k\u00ebsisoj t\u00eb v\u00ebshtir\u00eb t\u00eb ket\u00eb ndonj\u00eb rol n\u00eb seanc\u00ebn e Kosov\u00ebs, hiq kontaktet e drejtp\u00ebrdrejta me homolog\u00ebt.<\/p>\n<p>Nd\u00ebrkoh\u00eb ka probleme protokolli, pasi n\u00eb seanc\u00ebn p\u00ebr Kosov\u00ebn v\u00ebshtir\u00eb se do t\u00eb ket\u00eb president\u00eb apo kryeministra q\u00eb fillojn\u00eb t\u00eb popullojn\u00eb New Yorkun pas 18 shtatorit, por kryesisht ambasador\u00eb. Kosova nga ana e vet nuk ka d\u00ebftyer ndonj\u00eb shkall\u00eb t\u00eb lart\u00eb p\u00ebrgatitjeje, por vet\u00ebm nj\u00eb shkall\u00eb t\u00eb lart\u00eb optimizmi q\u00eb nevojitet p\u00ebr propagand\u00eb, nd\u00ebrsa n\u00eb veri po shtohen incidentet. T\u00eb dy shtetet shqiptare thjesht do vjelin fryte prej asaj q\u00eb kishte shum\u00eb gjasa t\u00eb shnd\u00ebrrohej n\u00eb p\u00ebrplasje t\u00eb Serbis\u00eb me per\u00ebndimin&#8230;<\/p>\n<p>Ato do ken\u00eb mund\u00ebsi t\u00eb th\u00ebrrasin p\u00ebr fitore, por pa merita reale n\u00eb fitore, n\u00ebse mbajm\u00eb parasysh ndikimin thuajse t\u00eb pap\u00ebrfillsh\u00ebm nd\u00ebrkomb\u00ebtar t\u00eb tyre ve\u00e7 e ve\u00e7. Krer\u00ebt e shteteve shqiptare shkojn\u00eb n\u00eb Asamble m\u00eb shum\u00eb p\u00ebr t&#8217;u mburrur me rezultatin e siguruar nga per\u00ebndimi. Ata nuk arrit\u00ebn asnj\u00ebher\u00eb t\u00eb improvizonin nj\u00eblloj K\u00ebshilli informal panshqiptar, q\u00eb do t\u00eb shpallte p\u00ebr her\u00eb t\u00eb par\u00eb q\u00ebndrime t\u00eb unifikuara t\u00eb faktorit shqiptar n\u00eb rajon me efekte pozitive.<\/p>\n<p>\u00c7far\u00eb fiton Serbia?<br \/>\nAjo q\u00eb po l\u00ebviz aktivisht dhe cil\u00ebsisht n\u00eb lidhje me k\u00ebt\u00eb rezolut\u00eb \u00ebsht\u00eb Serbia. Ky vend me eksperienc\u00eb t\u00eb gjat\u00eb shtet\u00ebrore po mundohet t\u00eb maksimizoj\u00eb efektet politike nga kjo seanc\u00eb. Kjo seanc\u00eb, rezoluta q\u00eb \u00ebsht\u00eb preteksti formal i saj, kan\u00eb vlera posa\u00e7\u00ebrisht politike. Ja p\u00ebrse.<br \/>\nNj\u00eb rezolut\u00eb e Asambles\u00eb s\u00eb P\u00ebrgjithshme t\u00eb OKB-s\u00eb nuk ka aft\u00ebsi detyruese, por thjesht orientuese. Ajo ka edhe vlera t\u00eb forta politike, n\u00ebse shumica q\u00eb q\u00ebndron pas saj \u00ebsht\u00eb e ndonj\u00eb madh\u00ebsie t\u00eb konsiderueshme, q\u00eb mund ta ver\u00eb n\u00eb mendime K\u00ebshillin e Sigurimit.<\/p>\n<p>N\u00eb rastin e Kosov\u00ebs votimi i nj\u00eb rezolute tamam sipas projektit serb, do t\u00eb ishte nj\u00eblloj fitoreje politike e Serbis\u00eb, me efekte t\u00eb konsiderueshme n\u00eb planin e brendsh\u00ebm, por edhe n\u00eb planin nd\u00ebrkomb\u00ebtar. Nj\u00eb votim pozitiv i saj do t&#8217;i sh\u00ebrbente administrat\u00ebs aktuale serbe p\u00ebr t\u00eb rifituar moral pas mendimit k\u00ebshillimor t\u00eb GJND-s\u00eb. Ajo mund t\u00eb krijonte nj\u00eblloj efekti shtes\u00eb mbi vende t\u00eb pavendosura p\u00ebr njohjen e Kosov\u00ebs. Por mbi t\u00eb gjitha, ajo do t\u00eb ishte edhe nj\u00eb fitore e p\u00ebrkohshme e Serbis\u00eb mbi per\u00ebndimin, i cili me shum\u00eb gjasa ka lobuar fort p\u00ebr nj\u00eb vendim t\u00eb GJND-s\u00eb, ashtu si\u00e7 ishte.<\/p>\n<p>P\u00ebr Serbin\u00eb nj\u00eb p\u00ebrplasje me per\u00ebndimin n\u00eb nj\u00eb form\u00eb si kjo, edhe duke humbur do t\u00eb ishte nj\u00eblloj fitoreje. Ndaj shtypi i kontrolluar serb p\u00ebr t\u00eb \u00ebmb\u00eblsuar humbjen bombardon publikun vendor me lajme pesimiste mbi vendet pro, atyre kund\u00ebr rezolut\u00ebs dhe atyre q\u00eb abstenojn\u00eb. Ky shtyp sidomos po kultivon iden\u00eb se n\u00eb OKB Serbia po p\u00ebrplaset me per\u00ebndimin, nj\u00eb ide q\u00eb i eksiton tradicionalisht serb\u00ebt, n\u00eb nj\u00eb betej\u00eb ku mund t\u00eb humbet, por me trim\u00ebri.<\/p>\n<p>Bash p\u00ebr k\u00ebt\u00eb arsye, por jo me iden\u00eb p\u00ebr ta sfiduar realisht per\u00ebndimin, Serbia ka luajtur fort deri tani. Serbia \u00ebsht\u00eb e njohur prej Milosheviqit p\u00ebr k\u00ebsi loje &#8211; k\u00ebrko maksimumin p\u00ebr t\u00eb marr\u00eb minimumin. Ajo realisht ka b\u00ebr\u00eb kok\u00ebfort\u00ebn, p\u00ebr ta detyruar disa dit\u00eb para seanc\u00ebs per\u00ebndimin t\u00eb ofroj\u00eb di\u00e7ka n\u00eb k\u00ebmbim t\u00eb modifikimit t\u00eb rezolut\u00ebs. Serbia realisht ka b\u00ebr\u00eb politik\u00eb dhe ia ka arritur q\u00ebllimit: brenda pak dit\u00ebsh Beogradin do ta vizitoj\u00eb dhe Sekretari britanik i jasht\u00ebm p\u00ebr t&#8217;i mbushur mendjen q\u00eb t\u00eb ndryshoj\u00eb tekstin e projektit, apo eventualisht t\u00ebrheqjen e tij. Dhe \u00e7far\u00eb do t\u00eb fitoj\u00eb Serbia prej per\u00ebndimit?<\/p>\n<p>Para se t\u00eb trajtojm\u00eb p\u00ebrgjigjen duhet sqaruar di\u00e7ka thelb\u00ebsore: as shtetet per\u00ebndimore nuk duan q\u00eb nj\u00eb seanc\u00eb e zakonshme e fundit t\u00eb sesionit t\u00eb radh\u00ebs s\u00eb Asambles\u00eb s\u00eb P\u00ebrgjithshme t\u00eb ngjante si p\u00ebrplasje e tyre me Serbin\u00eb. Nuk e zbavit shum\u00eb per\u00ebndimin nj\u00eb fitore e sigurt ndaj Serbis\u00eb n\u00eb nj\u00eb shkall\u00eb t\u00eb till\u00eb, p\u00ebr t\u00eb cil\u00ebn nuk ka dyshim madje as Rusia, as Kina dhe as ndonj\u00eb shtet tjet\u00ebr i madh, q\u00eb ka mb\u00ebshtetur deri m\u00eb tani Serbin\u00eb, shtete q\u00eb nuk jan\u00eb shprehur fare n\u00eb publik n\u00eb lidhje me projektrezolut\u00ebn serbe. Per\u00ebndimi k\u00ebrkon pra t&#8217;ia kursej\u00eb vetes nj\u00eb p\u00ebrplasje t\u00eb pabarabart\u00eb dhe pik\u00ebrisht p\u00ebr k\u00ebt\u00eb arsye po tenton ta frenoj\u00eb Serbin\u00eb q\u00eb tani. Pa shkuar n\u00eb New York. N\u00ebse per\u00ebndimi do t\u00eb donte p\u00ebrplasjen, do kishte qarkulluar ndonj\u00eb tekst rezolute alternative.<\/p>\n<p>Tani le t\u00eb trajtojm\u00eb \u00e7far\u00eb do t\u00eb fitonte Serbia nga kok\u00ebfort\u00ebsia e saj. Ndonj\u00eb koncesion territorial? Jo, p\u00ebr k\u00ebt\u00eb per\u00ebndimi duket absolutisht i vendosur. Jo dhe aq pse ka hallin e Kosov\u00ebs, por p\u00ebr shkak t\u00eb precedentit q\u00eb mund t\u00eb krijohet dhe q\u00eb do t\u00eb ndikonte edhe n\u00eb Bosnj\u00eb, apo gjetiu. Mund t\u00eb fitohet di\u00e7ka vet\u00ebm n\u00eb lidhje me statusin e veriut t\u00eb Kosov\u00ebs.<\/p>\n<p>N\u00eb lidhje me ritmet e integrimit europian? Po, dhe k\u00ebtu duket se per\u00ebndimi \u00ebsht\u00eb i gatsh\u00ebm p\u00ebr l\u00ebshime. BE me shum\u00eb gjasa do t&#8217;i jap\u00eb Serbis\u00eb statusin e shtetit kandidat bashk\u00eb me Maqedonin\u00eb dhe Shqip\u00ebrin\u00eb. Si e fundmja e Ballkanit, pas Shqip\u00ebris\u00eb, Serbia do posht\u00ebrohej dy her\u00eb prej shqiptar\u00ebve, n\u00eb 1999 n\u00eb Kosov\u00eb dhe n\u00eb 2010 prej BE-s\u00eb.<\/p>\n<p>P\u00ebr t\u00eb gjith\u00eb k\u00ebto arsye Serbia duket se do merret vesh me per\u00ebndimin. Marr\u00ebveshja mund t\u00eb prodhoj\u00eb nj\u00eb projektrezolut\u00eb me ndryshime thelb\u00ebsore n\u00eb raport me at\u00eb kur Serbia nisi luft\u00ebn p\u00ebr t\u00eb sh\u00ebruar efektet e mendimit k\u00ebshillimor t\u00eb GJND. Do kemi p.sh referim me respekt mendimit k\u00ebshillimor t\u00eb GJND-s\u00eb, heqje t\u00eb referencave mbi secesionin e nj\u00ebansh\u00ebm, etj. N\u00eb instanc\u00eb t\u00eb fundit Qeveria serbe me pak zor mund t\u00eb mburret q\u00eb ia arriti t\u00eb detyroj\u00eb Asamblen\u00eb dy her\u00eb brenda nj\u00eb viti t\u00eb fus\u00eb n\u00eb diskutim \u00e7\u00ebshtjen e Kosov\u00ebs dhe t\u00eb miratoj\u00eb nj\u00eb tekst rezolute p\u00ebr t\u00eb cil\u00ebn u b\u00eb sebep ajo. Madje, Qeveria serbe mund t\u00eb mburret para publikut t\u00eb vet, q\u00eb s&#8217;kupton rifiniturat e teksteve juridike.<\/p>\n<p>Mbi t\u00eb gjitha Serbia, ve\u00e7 statusit t\u00eb ve\u00e7ant\u00eb p\u00ebr serb\u00ebt e veriut, do t&#8217;ia arrinte t\u00eb shmangte mbetjen n\u00eb klas\u00eb p\u00ebr integrimet europiane: t&#8217;i afrohej Bashkimit Europian mbas Shqip\u00ebris\u00eb. Sa p\u00ebr Kosov\u00ebn, Qeveria serbe do t\u00eb mund t&#8217;i thot\u00eb opinionit t\u00eb vet publik se ne b\u00ebm\u00eb gjith\u00e7ka, edhe duke u p\u00ebrplasur me per\u00ebndimin, fituam veriun, por tanim\u00eb s&#8217;kemi m\u00eb asnj\u00eb hap\u00ebsir\u00eb veprimi diplomatik.<br \/>\nP\u00ebr t\u00eb gjitha k\u00ebto arsye, klasa politike shqiptare n\u00eb t\u00eb dyja an\u00ebt e kufirit duhet t\u00eb ishte e fort\u00eb. N\u00eb pamund\u00ebsi, t\u00eb sillet pak m\u00eb dinjitetsh\u00ebm. Nuk b\u00ebn dot politik\u00eb si Serbia dhe n\u00eb pamund\u00ebsi t\u00eb bashk\u00ebrendimit midis vetes, midis dy shteteve shqiptare &#8211; duke folur me nj\u00eb z\u00eb, t\u00eb koordinimit midis dy shteteve shqiptare dhe per\u00ebndimit, klasa jon\u00eb politike duhet t\u00eb mbetet t\u00eb pakt\u00ebn brenda kufijve t\u00eb seriozitetit.<\/p>\n","protected":false},"excerpt":{"rendered":"<p>&#8212; nga MENTOR NAZARKO, 31 Gusht 2010 Tani q\u00eb dita e seanc\u00ebs s\u00eb OKB-s\u00eb p\u00ebr Kosov\u00ebn po afron dhe kur parashikohet me gjas\u00eb nj\u00eb humbje e tekstit serb, nj\u00eb humbje e Serbis\u00eb n\u00eb p\u00ebrplasjen e dyt\u00eb me per\u00ebndimin, n\u00eb terren po shihen zhvillime. Kur p\u00ebrdorim konvencionin &#8220;terren&#8221;, i referohemi situat\u00ebs s\u00eb vendeve t\u00eb interesuara drejtp\u00ebrdrejt [&hellip;]<\/p>\n","protected":false},"author":1,"featured_media":0,"comment_status":"open","ping_status":"closed","sticky":false,"template":"","format":"standard","meta":{"footnotes":""},"categories":[2],"tags":[],"class_list":{"0":"post-3910","1":"post","2":"type-post","3":"status-publish","4":"format-standard","6":"category-artikuj"},"yoast_head":"<!-- This site is optimized with the Yoast SEO plugin v27.4 - https:\/\/yoast.com\/product\/yoast-seo-wordpress\/ -->\n<title>Pse Serbia ndryshoi q\u00ebndrim? - FjALA e LIR\u00cb - Arkivi<\/title>\n<meta name=\"robots\" content=\"index, follow, max-snippet:-1, max-image-preview:large, max-video-preview:-1\" \/>\n<link rel=\"canonical\" href=\"https:\/\/fjala.info\/2009-2015\/pse-serbia-ndryshoi-qendrim\/\" \/>\n<meta property=\"og:locale\" content=\"sq_AL\" \/>\n<meta property=\"og:type\" content=\"article\" \/>\n<meta property=\"og:title\" content=\"Pse Serbia ndryshoi q\u00ebndrim? - FjALA e LIR\u00cb - Arkivi\" \/>\n<meta property=\"og:description\" content=\"&#8212; nga MENTOR NAZARKO, 31 Gusht 2010 Tani q\u00eb dita e seanc\u00ebs s\u00eb OKB-s\u00eb p\u00ebr Kosov\u00ebn po afron dhe kur parashikohet me gjas\u00eb nj\u00eb humbje e tekstit serb, nj\u00eb humbje e Serbis\u00eb n\u00eb p\u00ebrplasjen e dyt\u00eb me per\u00ebndimin, n\u00eb terren po shihen zhvillime. Kur p\u00ebrdorim konvencionin &#8220;terren&#8221;, i referohemi situat\u00ebs s\u00eb vendeve t\u00eb interesuara drejtp\u00ebrdrejt [&hellip;]\" \/>\n<meta property=\"og:url\" content=\"https:\/\/fjala.info\/2009-2015\/pse-serbia-ndryshoi-qendrim\/\" \/>\n<meta property=\"og:site_name\" content=\"FjALA e LIR\u00cb - Arkivi\" \/>\n<meta property=\"article:published_time\" content=\"2010-09-04T06:39:26+00:00\" \/>\n<meta property=\"og:image\" content=\"http:\/\/www.shkoder.net\/images\/fjala\/mentor_nazarko1.jpg\" \/>\n<meta name=\"author\" content=\"admin\" \/>\n<meta name=\"twitter:card\" content=\"summary_large_image\" \/>\n<meta name=\"twitter:label1\" content=\"Written by\" \/>\n\t<meta name=\"twitter:data1\" content=\"admin\" \/>\n\t<meta name=\"twitter:label2\" content=\"Est. reading time\" \/>\n\t<meta name=\"twitter:data2\" content=\"7 minutes\" \/>\n<script type=\"application\/ld+json\" class=\"yoast-schema-graph\">{\"@context\":\"https:\\\/\\\/schema.org\",\"@graph\":[{\"@type\":\"Article\",\"@id\":\"https:\\\/\\\/fjala.info\\\/2009-2015\\\/pse-serbia-ndryshoi-qendrim\\\/#article\",\"isPartOf\":{\"@id\":\"https:\\\/\\\/fjala.info\\\/2009-2015\\\/pse-serbia-ndryshoi-qendrim\\\/\"},\"author\":{\"name\":\"admin\",\"@id\":\"https:\\\/\\\/fjala.info\\\/2009-2015\\\/#\\\/schema\\\/person\\\/3aa1163ef05469c496fc94e77611ada2\"},\"headline\":\"Pse Serbia ndryshoi q\u00ebndrim?\",\"datePublished\":\"2010-09-04T06:39:26+00:00\",\"mainEntityOfPage\":{\"@id\":\"https:\\\/\\\/fjala.info\\\/2009-2015\\\/pse-serbia-ndryshoi-qendrim\\\/\"},\"wordCount\":1411,\"commentCount\":0,\"publisher\":{\"@id\":\"https:\\\/\\\/fjala.info\\\/2009-2015\\\/#organization\"},\"image\":{\"@id\":\"https:\\\/\\\/fjala.info\\\/2009-2015\\\/pse-serbia-ndryshoi-qendrim\\\/#primaryimage\"},\"thumbnailUrl\":\"http:\\\/\\\/www.shkoder.net\\\/images\\\/fjala\\\/mentor_nazarko1.jpg\",\"articleSection\":[\"Artikuj\"],\"inLanguage\":\"sq-AL\",\"potentialAction\":[{\"@type\":\"CommentAction\",\"name\":\"Comment\",\"target\":[\"https:\\\/\\\/fjala.info\\\/2009-2015\\\/pse-serbia-ndryshoi-qendrim\\\/#respond\"]}]},{\"@type\":\"WebPage\",\"@id\":\"https:\\\/\\\/fjala.info\\\/2009-2015\\\/pse-serbia-ndryshoi-qendrim\\\/\",\"url\":\"https:\\\/\\\/fjala.info\\\/2009-2015\\\/pse-serbia-ndryshoi-qendrim\\\/\",\"name\":\"Pse Serbia ndryshoi q\u00ebndrim? - FjALA e LIR\u00cb - Arkivi\",\"isPartOf\":{\"@id\":\"https:\\\/\\\/fjala.info\\\/2009-2015\\\/#website\"},\"primaryImageOfPage\":{\"@id\":\"https:\\\/\\\/fjala.info\\\/2009-2015\\\/pse-serbia-ndryshoi-qendrim\\\/#primaryimage\"},\"image\":{\"@id\":\"https:\\\/\\\/fjala.info\\\/2009-2015\\\/pse-serbia-ndryshoi-qendrim\\\/#primaryimage\"},\"thumbnailUrl\":\"http:\\\/\\\/www.shkoder.net\\\/images\\\/fjala\\\/mentor_nazarko1.jpg\",\"datePublished\":\"2010-09-04T06:39:26+00:00\",\"breadcrumb\":{\"@id\":\"https:\\\/\\\/fjala.info\\\/2009-2015\\\/pse-serbia-ndryshoi-qendrim\\\/#breadcrumb\"},\"inLanguage\":\"sq-AL\",\"potentialAction\":[{\"@type\":\"ReadAction\",\"target\":[\"https:\\\/\\\/fjala.info\\\/2009-2015\\\/pse-serbia-ndryshoi-qendrim\\\/\"]}]},{\"@type\":\"ImageObject\",\"inLanguage\":\"sq-AL\",\"@id\":\"https:\\\/\\\/fjala.info\\\/2009-2015\\\/pse-serbia-ndryshoi-qendrim\\\/#primaryimage\",\"url\":\"http:\\\/\\\/www.shkoder.net\\\/images\\\/fjala\\\/mentor_nazarko1.jpg\",\"contentUrl\":\"http:\\\/\\\/www.shkoder.net\\\/images\\\/fjala\\\/mentor_nazarko1.jpg\"},{\"@type\":\"BreadcrumbList\",\"@id\":\"https:\\\/\\\/fjala.info\\\/2009-2015\\\/pse-serbia-ndryshoi-qendrim\\\/#breadcrumb\",\"itemListElement\":[{\"@type\":\"ListItem\",\"position\":1,\"name\":\"Home\",\"item\":\"https:\\\/\\\/fjala.info\\\/2009-2015\\\/\"},{\"@type\":\"ListItem\",\"position\":2,\"name\":\"Pse Serbia ndryshoi q\u00ebndrim?\"}]},{\"@type\":\"WebSite\",\"@id\":\"https:\\\/\\\/fjala.info\\\/2009-2015\\\/#website\",\"url\":\"https:\\\/\\\/fjala.info\\\/2009-2015\\\/\",\"name\":\"FjALA e LIR\u00cb - Arkivi\",\"description\":\"Arkivi 2009-2015\",\"publisher\":{\"@id\":\"https:\\\/\\\/fjala.info\\\/2009-2015\\\/#organization\"},\"potentialAction\":[{\"@type\":\"SearchAction\",\"target\":{\"@type\":\"EntryPoint\",\"urlTemplate\":\"https:\\\/\\\/fjala.info\\\/2009-2015\\\/?s={search_term_string}\"},\"query-input\":{\"@type\":\"PropertyValueSpecification\",\"valueRequired\":true,\"valueName\":\"search_term_string\"}}],\"inLanguage\":\"sq-AL\"},{\"@type\":\"Organization\",\"@id\":\"https:\\\/\\\/fjala.info\\\/2009-2015\\\/#organization\",\"name\":\"FjALA e LIR\u00cb - Arkivi\",\"url\":\"https:\\\/\\\/fjala.info\\\/2009-2015\\\/\",\"logo\":{\"@type\":\"ImageObject\",\"inLanguage\":\"sq-AL\",\"@id\":\"https:\\\/\\\/fjala.info\\\/2009-2015\\\/#\\\/schema\\\/logo\\\/image\\\/\",\"url\":\"\",\"contentUrl\":\"\",\"caption\":\"FjALA e LIR\u00cb - Arkivi\"},\"image\":{\"@id\":\"https:\\\/\\\/fjala.info\\\/2009-2015\\\/#\\\/schema\\\/logo\\\/image\\\/\"}},{\"@type\":\"Person\",\"@id\":\"https:\\\/\\\/fjala.info\\\/2009-2015\\\/#\\\/schema\\\/person\\\/3aa1163ef05469c496fc94e77611ada2\",\"name\":\"admin\",\"image\":{\"@type\":\"ImageObject\",\"inLanguage\":\"sq-AL\",\"@id\":\"https:\\\/\\\/fjala.info\\\/2009-2015\\\/wp-content\\\/uploads\\\/2012\\\/02\\\/arben_cokaj-120x150.jpg\",\"url\":\"https:\\\/\\\/fjala.info\\\/2009-2015\\\/wp-content\\\/uploads\\\/2012\\\/02\\\/arben_cokaj-120x150.jpg\",\"contentUrl\":\"https:\\\/\\\/fjala.info\\\/2009-2015\\\/wp-content\\\/uploads\\\/2012\\\/02\\\/arben_cokaj-120x150.jpg\",\"caption\":\"admin\"},\"description\":\"Admin, Fjala e Lir\u00eb\",\"sameAs\":[\"https:\\\/\\\/fjala.info\\\/\"],\"url\":\"https:\\\/\\\/fjala.info\\\/2009-2015\\\/author\\\/admin\\\/\"}]}<\/script>\n<!-- \/ Yoast SEO plugin. -->","yoast_head_json":{"title":"Pse Serbia ndryshoi q\u00ebndrim? - FjALA e LIR\u00cb - Arkivi","robots":{"index":"index","follow":"follow","max-snippet":"max-snippet:-1","max-image-preview":"max-image-preview:large","max-video-preview":"max-video-preview:-1"},"canonical":"https:\/\/fjala.info\/2009-2015\/pse-serbia-ndryshoi-qendrim\/","og_locale":"sq_AL","og_type":"article","og_title":"Pse Serbia ndryshoi q\u00ebndrim? - FjALA e LIR\u00cb - Arkivi","og_description":"&#8212; nga MENTOR NAZARKO, 31 Gusht 2010 Tani q\u00eb dita e seanc\u00ebs s\u00eb OKB-s\u00eb p\u00ebr Kosov\u00ebn po afron dhe kur parashikohet me gjas\u00eb nj\u00eb humbje e tekstit serb, nj\u00eb humbje e Serbis\u00eb n\u00eb p\u00ebrplasjen e dyt\u00eb me per\u00ebndimin, n\u00eb terren po shihen zhvillime. Kur p\u00ebrdorim konvencionin &#8220;terren&#8221;, i referohemi situat\u00ebs s\u00eb vendeve t\u00eb interesuara drejtp\u00ebrdrejt [&hellip;]","og_url":"https:\/\/fjala.info\/2009-2015\/pse-serbia-ndryshoi-qendrim\/","og_site_name":"FjALA e LIR\u00cb - Arkivi","article_published_time":"2010-09-04T06:39:26+00:00","og_image":[{"url":"http:\/\/www.shkoder.net\/images\/fjala\/mentor_nazarko1.jpg","type":"","width":"","height":""}],"author":"admin","twitter_card":"summary_large_image","twitter_misc":{"Written by":"admin","Est. reading time":"7 minutes"},"schema":{"@context":"https:\/\/schema.org","@graph":[{"@type":"Article","@id":"https:\/\/fjala.info\/2009-2015\/pse-serbia-ndryshoi-qendrim\/#article","isPartOf":{"@id":"https:\/\/fjala.info\/2009-2015\/pse-serbia-ndryshoi-qendrim\/"},"author":{"name":"admin","@id":"https:\/\/fjala.info\/2009-2015\/#\/schema\/person\/3aa1163ef05469c496fc94e77611ada2"},"headline":"Pse Serbia ndryshoi q\u00ebndrim?","datePublished":"2010-09-04T06:39:26+00:00","mainEntityOfPage":{"@id":"https:\/\/fjala.info\/2009-2015\/pse-serbia-ndryshoi-qendrim\/"},"wordCount":1411,"commentCount":0,"publisher":{"@id":"https:\/\/fjala.info\/2009-2015\/#organization"},"image":{"@id":"https:\/\/fjala.info\/2009-2015\/pse-serbia-ndryshoi-qendrim\/#primaryimage"},"thumbnailUrl":"http:\/\/www.shkoder.net\/images\/fjala\/mentor_nazarko1.jpg","articleSection":["Artikuj"],"inLanguage":"sq-AL","potentialAction":[{"@type":"CommentAction","name":"Comment","target":["https:\/\/fjala.info\/2009-2015\/pse-serbia-ndryshoi-qendrim\/#respond"]}]},{"@type":"WebPage","@id":"https:\/\/fjala.info\/2009-2015\/pse-serbia-ndryshoi-qendrim\/","url":"https:\/\/fjala.info\/2009-2015\/pse-serbia-ndryshoi-qendrim\/","name":"Pse Serbia ndryshoi q\u00ebndrim? - FjALA e LIR\u00cb - Arkivi","isPartOf":{"@id":"https:\/\/fjala.info\/2009-2015\/#website"},"primaryImageOfPage":{"@id":"https:\/\/fjala.info\/2009-2015\/pse-serbia-ndryshoi-qendrim\/#primaryimage"},"image":{"@id":"https:\/\/fjala.info\/2009-2015\/pse-serbia-ndryshoi-qendrim\/#primaryimage"},"thumbnailUrl":"http:\/\/www.shkoder.net\/images\/fjala\/mentor_nazarko1.jpg","datePublished":"2010-09-04T06:39:26+00:00","breadcrumb":{"@id":"https:\/\/fjala.info\/2009-2015\/pse-serbia-ndryshoi-qendrim\/#breadcrumb"},"inLanguage":"sq-AL","potentialAction":[{"@type":"ReadAction","target":["https:\/\/fjala.info\/2009-2015\/pse-serbia-ndryshoi-qendrim\/"]}]},{"@type":"ImageObject","inLanguage":"sq-AL","@id":"https:\/\/fjala.info\/2009-2015\/pse-serbia-ndryshoi-qendrim\/#primaryimage","url":"http:\/\/www.shkoder.net\/images\/fjala\/mentor_nazarko1.jpg","contentUrl":"http:\/\/www.shkoder.net\/images\/fjala\/mentor_nazarko1.jpg"},{"@type":"BreadcrumbList","@id":"https:\/\/fjala.info\/2009-2015\/pse-serbia-ndryshoi-qendrim\/#breadcrumb","itemListElement":[{"@type":"ListItem","position":1,"name":"Home","item":"https:\/\/fjala.info\/2009-2015\/"},{"@type":"ListItem","position":2,"name":"Pse Serbia ndryshoi q\u00ebndrim?"}]},{"@type":"WebSite","@id":"https:\/\/fjala.info\/2009-2015\/#website","url":"https:\/\/fjala.info\/2009-2015\/","name":"FjALA e LIR\u00cb - Arkivi","description":"Arkivi 2009-2015","publisher":{"@id":"https:\/\/fjala.info\/2009-2015\/#organization"},"potentialAction":[{"@type":"SearchAction","target":{"@type":"EntryPoint","urlTemplate":"https:\/\/fjala.info\/2009-2015\/?s={search_term_string}"},"query-input":{"@type":"PropertyValueSpecification","valueRequired":true,"valueName":"search_term_string"}}],"inLanguage":"sq-AL"},{"@type":"Organization","@id":"https:\/\/fjala.info\/2009-2015\/#organization","name":"FjALA e LIR\u00cb - Arkivi","url":"https:\/\/fjala.info\/2009-2015\/","logo":{"@type":"ImageObject","inLanguage":"sq-AL","@id":"https:\/\/fjala.info\/2009-2015\/#\/schema\/logo\/image\/","url":"","contentUrl":"","caption":"FjALA e LIR\u00cb - Arkivi"},"image":{"@id":"https:\/\/fjala.info\/2009-2015\/#\/schema\/logo\/image\/"}},{"@type":"Person","@id":"https:\/\/fjala.info\/2009-2015\/#\/schema\/person\/3aa1163ef05469c496fc94e77611ada2","name":"admin","image":{"@type":"ImageObject","inLanguage":"sq-AL","@id":"https:\/\/fjala.info\/2009-2015\/wp-content\/uploads\/2012\/02\/arben_cokaj-120x150.jpg","url":"https:\/\/fjala.info\/2009-2015\/wp-content\/uploads\/2012\/02\/arben_cokaj-120x150.jpg","contentUrl":"https:\/\/fjala.info\/2009-2015\/wp-content\/uploads\/2012\/02\/arben_cokaj-120x150.jpg","caption":"admin"},"description":"Admin, Fjala e Lir\u00eb","sameAs":["https:\/\/fjala.info\/"],"url":"https:\/\/fjala.info\/2009-2015\/author\/admin\/"}]}},"_links":{"self":[{"href":"https:\/\/fjala.info\/2009-2015\/wp-json\/wp\/v2\/posts\/3910","targetHints":{"allow":["GET"]}}],"collection":[{"href":"https:\/\/fjala.info\/2009-2015\/wp-json\/wp\/v2\/posts"}],"about":[{"href":"https:\/\/fjala.info\/2009-2015\/wp-json\/wp\/v2\/types\/post"}],"author":[{"embeddable":true,"href":"https:\/\/fjala.info\/2009-2015\/wp-json\/wp\/v2\/users\/1"}],"replies":[{"embeddable":true,"href":"https:\/\/fjala.info\/2009-2015\/wp-json\/wp\/v2\/comments?post=3910"}],"version-history":[{"count":0,"href":"https:\/\/fjala.info\/2009-2015\/wp-json\/wp\/v2\/posts\/3910\/revisions"}],"wp:attachment":[{"href":"https:\/\/fjala.info\/2009-2015\/wp-json\/wp\/v2\/media?parent=3910"}],"wp:term":[{"taxonomy":"category","embeddable":true,"href":"https:\/\/fjala.info\/2009-2015\/wp-json\/wp\/v2\/categories?post=3910"},{"taxonomy":"post_tag","embeddable":true,"href":"https:\/\/fjala.info\/2009-2015\/wp-json\/wp\/v2\/tags?post=3910"}],"curies":[{"name":"wp","href":"https:\/\/api.w.org\/{rel}","templated":true}]}}