{"id":3905,"date":"2012-07-19T06:12:57","date_gmt":"2012-07-19T05:12:57","guid":{"rendered":"http:\/\/www.fjala.info\/?p=3905"},"modified":"2012-07-19T06:12:57","modified_gmt":"2012-07-19T05:12:57","slug":"regjimit-i-duhet-bere-rezistence-edhe-atehere-kur-regjimi-se-ka-me-ne","status":"publish","type":"post","link":"https:\/\/fjala.info\/2009-2015\/regjimit-i-duhet-bere-rezistence-edhe-atehere-kur-regjimi-se-ka-me-ne\/","title":{"rendered":"Regjimit i duhet b\u00ebr\u00eb rezistenc\u00eb (edhe) at\u00ebher\u00eb kur regjimi s\u2019e ka me ne"},"content":{"rendered":"<p><img decoding=\"async\" class=\"alignright size-thumbnail wp-image-7236\" title=\"Vrasje n\u00eb demonstrat\u00eb\" src=\"http:\/\/www.fjala.info\/2012\/vrasje_demonstrate.jpg\" alt=\"\" width=\"300\" \/> Nga <strong>Mustafa Nano<\/strong>, <em>18 korrik 2012<\/em><\/p>\n<p>Para nj\u00eb muaji shkrova p\u00ebr \u201cShqipin\u201d shkrimin me titull \u201cShqet\u00ebsime publike mbi motivime personale\u201d, dhe si fabul pata nj\u00eb PD-ist nga Vlora q\u00eb i shkruante nj\u00eb sms nervoze Berish\u00ebs n\u00eb momentin q\u00eb po votohej p\u00ebr Presidentin e ri, Bujar Nishani. Ky lajm u mor vesh nga nj\u00eb fotografi e Franc Zhurd\u00ebs. Ky i fundit, i gjendur n\u00eb lozh\u00ebn e Kuvendit, kish b\u00ebr\u00eb disa shkrepje mbi Berish\u00ebn, dhe pastaj, duke b\u00ebr\u00eb zoom in mbi celularin n\u00eb dor\u00ebn e Berish\u00ebs, kish zbuluar p\u00ebrmbajtjen, q\u00eb ish nj\u00eb qortim korrekt, por i r\u00ebnd\u00eb n\u00eb adres\u00eb t\u00eb kryeministrit. I kapur m\u00eb pas n\u00eb telefon nga gazetar\u00ebt e \u201cShekullit\u201d, zot\u00ebria nga Vlora thosh: \u201cNuk kam problem pronash. Kam problem me pun\u00ebsimin tim. Kam qen\u00eb n\u00eb pun\u00eb n\u00eb Prefektur\u00ebn e Vlor\u00ebs dhe jam shkarkuar n\u00eb kund\u00ebrshtim me t\u00eb gjitha ligjet nga njer\u00ebz t\u00eb korruptuar. Ky \u00ebsht\u00eb shqet\u00ebsimi im, e p\u00ebr k\u00ebt\u00eb arsye, i kam d\u00ebrguar shpesh mesazhe t\u00eb tilla Kryeministrit\u201d.<\/p>\n<p>Ky ishte motivi i shp\u00ebrthimit t\u00eb tij, q\u00eb m\u00eb erdhi n\u00eb mendje dje teksa lexoja nj\u00eb intervist\u00eb t\u00eb Mimoza Ferrajt, dh\u00ebn\u00eb \u201cShekullit\u201d. Ju kujtohet Mimoza Ferraj? \u00cbsht\u00eb ish-studente e dhjetorit 1990, e larguar m\u00eb pas n\u00eb SHBA, ku dhe jeton. N\u00eb dhjetor t\u00eb vitit 2010, ajo u kthye n\u00eb Shqip\u00ebri p\u00ebr t\u00eb festuar 20-vjetorin e l\u00ebvizjes, n\u00eb t\u00eb cil\u00ebn ajo, tok me shum\u00eb t\u00eb tjer\u00eb, ish protagoniste. Mimoza u b\u00eb star i jet\u00ebs publike shqiptare ato dit\u00eb t\u00eb dhjetorit. Dha nj\u00eb num\u00ebr intervistash, u takua me do eksponent\u00eb t\u00eb politik\u00ebs, u shfaq n\u00eb krah t\u00eb nj\u00ebrit apo t\u00eb tjetrit, b\u00ebri deklarata e mori zotime t\u00eb forta.<\/p>\n<p>Nj\u00eb nga k\u00ebto ish dhe deklarata e m\u00ebposhtme, t\u00eb cil\u00ebn e kam marr\u00eb nga arkivi i \u201cPanoram\u00ebs\u201d: \u201cPD-ja q\u00eb \u00ebsht\u00eb sot, \u00ebsht\u00eb PD-ja q\u00eb nuk duhet t\u00eb jet\u00eb. D\u00ebshira ime \u00ebsht\u00eb t\u00eb kthehem n\u00eb PD, sepse ajo ka qen\u00eb PD-ja ime ku kam kujtimet e Azemit, Arbenit, Doktorit etj., dhe n\u00ebse \u00ebsht\u00eb rr\u00ebzuar pak dhe i ka hyr\u00eb qelb\u00ebzimi, d\u00ebshiroj q\u00eb me ndihm\u00ebn e Doktorit, ta \u00e7ojm\u00eb atje ku ishte. N\u00ebse doktori na mb\u00ebshtet, [ne mund t\u00eb arrijm\u00eb ta] pastrojm\u00eb qelb\u00ebzimin n\u00eb PD\u201d.<\/p>\n<p>Si\u00e7 shihet, kjo zonj\u00eb kish ardhur nga SHBA-t\u00eb p\u00ebr t\u00eb pastruar tok me doktorin, e me ndihm\u00ebn e doktorit, Partin\u00eb Demokratike. At\u00ebmot shkrova di\u00e7ka p\u00ebr k\u00ebt\u00eb zonj\u00eb patetike, q\u00eb t\u00eb t\u00ebrhiqte v\u00ebmendjen me optimizmin e me qasjen e vet autoreferenciale, dhe n\u00eb thelb thoja se kjo nd\u00ebrmarrje, d.m.th pastrimi i PD-s\u00eb me ndihm\u00ebn e doktorit, ishte e pamundur, ishte nj\u00eb pes\u00eb me hi\u00e7, ishte donkishoteske. Thoja n\u00eb fund t\u00eb fundit se PD-ja pastrohet duke luftuar kund\u00ebr doktorit, e jo tok me doktorin.<\/p>\n<p>Dje pra mora vesh se Mimoza \u00ebsht\u00eb dakord me mua. N\u00eb intervist\u00ebn e dh\u00ebn\u00eb p\u00ebr \u201cShekullin\u201d, ajo ngrinte z\u00ebrin kund\u00ebr sundimtar\u00ebve t\u00eb Tiran\u00ebs. \u00c7far\u00eb nuk thosh! Thosh fraza t\u00eb llojit: \u201cK\u00ebtu funksionon vet\u00ebm korrupsioni, ryshfeti dhe aferat familjare t\u00eb komanduara nga kryeministri e ministrat\u201d, ose \u201cKorrupsioni q\u00eb ka p\u00ebrfshir\u00eb qeverin\u00eb m\u00eb komuniste sot n\u00eb Europ\u00eb t\u00eb kryesuar nga Sali Berisha, interesat e familjes mbret\u00ebrore berishiane e fazlli\u00e7iane, q\u00eb po i marrin dhe pik\u00ebn e fundit t\u00eb gjakut popullit shqiptar\u2026\u201d, ose \u201cDuke qen\u00eb n\u00eb krye nj\u00eb njeri i till\u00eb [doktori], [i cili] \u00ebsht\u00eb n\u00eb mbrojtje t\u00eb interesave antikomb\u00ebtare e t\u00eb korrupsionit, kuptohet q\u00eb edhe drejtuesit e institucioneve t\u00eb tjera qendrore e vendore jan\u00eb t\u00eb aft\u00eb t\u00eb kryejn\u00eb \u00e7do korrupsion\u201d, etj., etj.<\/p>\n<p>U desh\u00ebn t\u00eb kalonin 22 vjet e gjysm\u00eb nga l\u00ebvizja \u201ce saj\u201d q\u00eb p\u00ebrmbysi komunizmin dhe 1 vit e gjysm\u00eb nga \u201ckthimi pretencioz\u201d n\u00eb Shqip\u00ebrin\u00eb e saj p\u00ebr t\u00eb pastruar PD-n\u00eb, q\u00eb ajo t\u00eb merrte vesh se doktori \u00ebsht\u00eb problemi n\u00eb PD, dhe jo njeriu me t\u00eb cilin duhet zgjidhur problemi. Mir\u00ebpo p\u00ebrve\u00e7 koh\u00ebs q\u00eb ka kaluar \u00ebsht\u00eb dashur dhe nj\u00eb hall i veti, q\u00eb ajo s\u2019ka mundur ta zgjidh\u00eb. Dhe ja ku dol\u00ebm n\u00eb dukurin\u00eb e njohur, sipas s\u00eb cil\u00ebs \u201cshqet\u00ebsimet tona publike ne shqiptar\u00ebt i ngrem\u00eb r\u00ebndom mbi motivime personale\u201d.<\/p>\n<p>Si \u00ebsht\u00eb puna? Zonja Ferraj ka nj\u00eb hall t\u00eb vetin p\u00ebr ta zgjidhur. Dhe nuk po ia del ta zgjidh\u00eb. Ka nj\u00eb pron\u00eb q\u00eb i takon asaj, por q\u00eb ka qen\u00eb dhe \u00ebsht\u00eb ende n\u00ebn pron\u00ebsin\u00eb e kompanis\u00eb \u201cAlbpetrol\u201d, q\u00eb i \u00ebsht\u00eb njohur familjes s\u00eb saj nga Gjykata e Vlor\u00ebs (k\u00ebtu kemi t\u00eb b\u00ebjm\u00eb me nj\u00eb fakt shum\u00eb kureshtar: ky vendim \u00ebsht\u00eb marr\u00eb nga Skerdilajd Konomi, q\u00eb u ekzekutua n\u00eb m\u00ebnyr\u00eb mafioze n\u00eb mes t\u00eb Vlor\u00ebs ver\u00ebn e shkuar), e q\u00eb Agjencia e Kthimit dhe Kompensimit t\u00eb Pronave po e pengon zbatimin e k\u00ebtij vendimi. \u00cbsht\u00eb hall mbi hall, nuk diskutohet. Zem\u00ebrimi i saj n\u00eb k\u00ebt\u00eb moment, ashtu si p\u00ebrpjekjet e saj p\u00ebr ta fituar k\u00ebt\u00eb betej\u00eb me institucionet e korruptuara t\u00eb Republik\u00ebs, jan\u00eb absolutisht legjitime.<\/p>\n<p>Madje, edhe shqet\u00ebsimi publik i saj lidhur me kryeministrin Berisha, i ngritur mbi k\u00ebt\u00eb motivim personal, \u00ebsht\u00eb logjik e shum\u00eb i kuptuesh\u00ebm, por \u2026. sikur t\u00eb isha n\u00eb vend t\u00eb saj do mendohesha pak p\u00ebr t\u00eb dh\u00ebn\u00eb at\u00eb intervist\u00eb q\u00eb ka dh\u00ebn\u00eb p\u00ebr \u201cShekullin\u201d. Ajo ka gjith\u00eb t\u00eb drejt\u00ebn e bot\u00ebs p\u00ebr ta k\u00ebrkuar pron\u00ebn q\u00eb e ka t\u00eb vet\u00ebn (do t\u00eb isha gati t\u2019i jepja dhe un\u00eb si gazetar ndihm\u00eb n\u00eb k\u00ebto p\u00ebrpjekje q\u00eb po b\u00ebn p\u00ebr ta \u00e7ar\u00eb murin e institucioneve shurdhe e t\u00eb korrupsionit shurdhues), por ajo duhet t\u00eb mendohet mir\u00eb p\u00ebrpara se t\u00eb synoj\u00eb t\u00eb b\u00ebj\u00eb denoncime e kryq\u00ebzime t\u00eb tilla publike t\u00eb kryeministrit t\u00eb vendit. Ky i fundit nuk u korruptua tani, me pronat e Mimoza Ferrajt. Ishte i korruptuar edhe nj\u00eb vit e gjysm\u00eb m\u00eb par\u00eb, kur Ferraj k\u00ebrkonte ndihm\u00ebn e tij p\u00ebr t\u00eb hequr qelbin brenda PD-s\u00eb. Dhe fakti q\u00eb s\u2019ka mundur ta v\u00ebrej\u00eb k\u00ebt\u00eb fakt, e b\u00ebn, m\u00eb e pakta, jo inteligjente.<\/p>\n<p>Duhet th\u00ebn\u00eb se ilustrimi i dukuris\u00eb s\u00eb \u201cngritjes s\u00eb z\u00ebrit p\u00ebr t\u00eb mir\u00ebn publike, apo kund\u00ebr s\u00eb keqes publike, vet\u00ebm n\u00eb rrethanat kur na cenohet e mira private\u201d me Mimoza Ferrajn \u00ebsht\u00eb pak i padrejt\u00eb, pasi k\u00ebt\u00eb gj\u00eb e kan\u00eb b\u00ebr\u00eb gjith\u00eb koh\u00ebs t\u00eb tjer\u00eb m\u00eb t\u00eb r\u00ebnd\u00ebsish\u00ebm se sa ajo. E duhet th\u00ebn\u00eb se kjo dukuri nuk \u00ebsht\u00eb vet\u00ebm shqiptare. \u00cbsht\u00eb b\u00ebr\u00eb proverbial ai rr\u00ebfimi i atij pastorit gjerman (Martin Niem\u00f6ller) q\u00eb ka p\u00ebrjetuar eksperienc\u00ebn e nazizmit. I jan\u00eb referuar shum\u00eb atij rr\u00ebfimi, por un\u00eb po e b\u00ebj dhe k\u00ebtu, pasi \u00ebsht\u00eb nj\u00eb rr\u00ebfim shum\u00eb dometh\u00ebn\u00ebs:<\/p>\n<p>\u201cN\u00eb fillim ata [nazist\u00ebt] u mor\u00ebn me socialist\u00ebt, por un\u00eb nuk b\u00ebra z\u00eb, pasi nuk isha socialist; pastaj ata u mor\u00ebn me sindikalist\u00ebt, por un\u00eb s\u00ebrish nuk b\u00ebra z\u00eb, pasi un\u00eb nuk isha sindikalist; pastaj \u2013 dihet \u2013 iu v\u00ebrsul\u00ebn hebrenjve, por un\u00eb prap\u00eb nuk e ngrita z\u00ebrin, pasi un\u00eb nuk isha hebre; n\u00eb fund m\u00eb erdh\u00ebn mua, dhe pash\u00eb se s\u2019kish mbetur askush q\u00eb ta ngrinte z\u00ebrin\u201d.<\/p>\n","protected":false},"excerpt":{"rendered":"<p>Nga Mustafa Nano, 18 korrik 2012 Para nj\u00eb muaji shkrova p\u00ebr \u201cShqipin\u201d shkrimin me titull \u201cShqet\u00ebsime publike mbi motivime personale\u201d, dhe si fabul pata nj\u00eb PD-ist nga Vlora q\u00eb i shkruante nj\u00eb sms nervoze Berish\u00ebs n\u00eb momentin q\u00eb po votohej p\u00ebr Presidentin e ri, Bujar Nishani. Ky lajm u mor vesh nga nj\u00eb fotografi e [&hellip;]<\/p>\n","protected":false},"author":1,"featured_media":0,"comment_status":"open","ping_status":"closed","sticky":false,"template":"","format":"standard","meta":{"footnotes":""},"categories":[2],"tags":[],"class_list":{"0":"post-3905","1":"post","2":"type-post","3":"status-publish","4":"format-standard","6":"category-artikuj"},"yoast_head":"<!-- This site is optimized with the Yoast SEO plugin v27.4 - https:\/\/yoast.com\/product\/yoast-seo-wordpress\/ -->\n<title>Regjimit i duhet b\u00ebr\u00eb rezistenc\u00eb (edhe) at\u00ebher\u00eb kur regjimi s\u2019e ka me ne - FjALA e LIR\u00cb - Arkivi<\/title>\n<meta name=\"robots\" content=\"index, follow, max-snippet:-1, max-image-preview:large, max-video-preview:-1\" \/>\n<link rel=\"canonical\" href=\"https:\/\/fjala.info\/2009-2015\/regjimit-i-duhet-bere-rezistence-edhe-atehere-kur-regjimi-se-ka-me-ne\/\" \/>\n<meta property=\"og:locale\" content=\"sq_AL\" \/>\n<meta property=\"og:type\" content=\"article\" \/>\n<meta property=\"og:title\" content=\"Regjimit i duhet b\u00ebr\u00eb rezistenc\u00eb (edhe) at\u00ebher\u00eb kur regjimi s\u2019e ka me ne - FjALA e LIR\u00cb - Arkivi\" \/>\n<meta property=\"og:description\" content=\"Nga Mustafa Nano, 18 korrik 2012 Para nj\u00eb muaji shkrova p\u00ebr \u201cShqipin\u201d shkrimin me titull \u201cShqet\u00ebsime publike mbi motivime personale\u201d, dhe si fabul pata nj\u00eb PD-ist nga Vlora q\u00eb i shkruante nj\u00eb sms nervoze Berish\u00ebs n\u00eb momentin q\u00eb po votohej p\u00ebr Presidentin e ri, Bujar Nishani. Ky lajm u mor vesh nga nj\u00eb fotografi e [&hellip;]\" \/>\n<meta property=\"og:url\" content=\"https:\/\/fjala.info\/2009-2015\/regjimit-i-duhet-bere-rezistence-edhe-atehere-kur-regjimi-se-ka-me-ne\/\" \/>\n<meta property=\"og:site_name\" content=\"FjALA e LIR\u00cb - Arkivi\" \/>\n<meta property=\"article:published_time\" content=\"2012-07-19T05:12:57+00:00\" \/>\n<meta property=\"og:image\" content=\"http:\/\/www.fjala.info\/2012\/vrasje_demonstrate.jpg\" \/>\n<meta name=\"author\" content=\"admin\" \/>\n<meta name=\"twitter:card\" content=\"summary_large_image\" \/>\n<meta name=\"twitter:label1\" content=\"Written by\" \/>\n\t<meta name=\"twitter:data1\" content=\"admin\" \/>\n\t<meta name=\"twitter:label2\" content=\"Est. reading time\" \/>\n\t<meta name=\"twitter:data2\" content=\"6 minutes\" \/>\n<script type=\"application\/ld+json\" class=\"yoast-schema-graph\">{\"@context\":\"https:\\\/\\\/schema.org\",\"@graph\":[{\"@type\":\"Article\",\"@id\":\"https:\\\/\\\/fjala.info\\\/2009-2015\\\/regjimit-i-duhet-bere-rezistence-edhe-atehere-kur-regjimi-se-ka-me-ne\\\/#article\",\"isPartOf\":{\"@id\":\"https:\\\/\\\/fjala.info\\\/2009-2015\\\/regjimit-i-duhet-bere-rezistence-edhe-atehere-kur-regjimi-se-ka-me-ne\\\/\"},\"author\":{\"name\":\"admin\",\"@id\":\"https:\\\/\\\/fjala.info\\\/2009-2015\\\/#\\\/schema\\\/person\\\/3aa1163ef05469c496fc94e77611ada2\"},\"headline\":\"Regjimit i duhet b\u00ebr\u00eb rezistenc\u00eb (edhe) at\u00ebher\u00eb kur regjimi s\u2019e ka me ne\",\"datePublished\":\"2012-07-19T05:12:57+00:00\",\"mainEntityOfPage\":{\"@id\":\"https:\\\/\\\/fjala.info\\\/2009-2015\\\/regjimit-i-duhet-bere-rezistence-edhe-atehere-kur-regjimi-se-ka-me-ne\\\/\"},\"wordCount\":1272,\"commentCount\":0,\"publisher\":{\"@id\":\"https:\\\/\\\/fjala.info\\\/2009-2015\\\/#organization\"},\"image\":{\"@id\":\"https:\\\/\\\/fjala.info\\\/2009-2015\\\/regjimit-i-duhet-bere-rezistence-edhe-atehere-kur-regjimi-se-ka-me-ne\\\/#primaryimage\"},\"thumbnailUrl\":\"http:\\\/\\\/www.fjala.info\\\/2012\\\/vrasje_demonstrate.jpg\",\"articleSection\":[\"Artikuj\"],\"inLanguage\":\"sq-AL\",\"potentialAction\":[{\"@type\":\"CommentAction\",\"name\":\"Comment\",\"target\":[\"https:\\\/\\\/fjala.info\\\/2009-2015\\\/regjimit-i-duhet-bere-rezistence-edhe-atehere-kur-regjimi-se-ka-me-ne\\\/#respond\"]}]},{\"@type\":\"WebPage\",\"@id\":\"https:\\\/\\\/fjala.info\\\/2009-2015\\\/regjimit-i-duhet-bere-rezistence-edhe-atehere-kur-regjimi-se-ka-me-ne\\\/\",\"url\":\"https:\\\/\\\/fjala.info\\\/2009-2015\\\/regjimit-i-duhet-bere-rezistence-edhe-atehere-kur-regjimi-se-ka-me-ne\\\/\",\"name\":\"Regjimit i duhet b\u00ebr\u00eb rezistenc\u00eb (edhe) at\u00ebher\u00eb kur regjimi s\u2019e ka me ne - FjALA e LIR\u00cb - Arkivi\",\"isPartOf\":{\"@id\":\"https:\\\/\\\/fjala.info\\\/2009-2015\\\/#website\"},\"primaryImageOfPage\":{\"@id\":\"https:\\\/\\\/fjala.info\\\/2009-2015\\\/regjimit-i-duhet-bere-rezistence-edhe-atehere-kur-regjimi-se-ka-me-ne\\\/#primaryimage\"},\"image\":{\"@id\":\"https:\\\/\\\/fjala.info\\\/2009-2015\\\/regjimit-i-duhet-bere-rezistence-edhe-atehere-kur-regjimi-se-ka-me-ne\\\/#primaryimage\"},\"thumbnailUrl\":\"http:\\\/\\\/www.fjala.info\\\/2012\\\/vrasje_demonstrate.jpg\",\"datePublished\":\"2012-07-19T05:12:57+00:00\",\"breadcrumb\":{\"@id\":\"https:\\\/\\\/fjala.info\\\/2009-2015\\\/regjimit-i-duhet-bere-rezistence-edhe-atehere-kur-regjimi-se-ka-me-ne\\\/#breadcrumb\"},\"inLanguage\":\"sq-AL\",\"potentialAction\":[{\"@type\":\"ReadAction\",\"target\":[\"https:\\\/\\\/fjala.info\\\/2009-2015\\\/regjimit-i-duhet-bere-rezistence-edhe-atehere-kur-regjimi-se-ka-me-ne\\\/\"]}]},{\"@type\":\"ImageObject\",\"inLanguage\":\"sq-AL\",\"@id\":\"https:\\\/\\\/fjala.info\\\/2009-2015\\\/regjimit-i-duhet-bere-rezistence-edhe-atehere-kur-regjimi-se-ka-me-ne\\\/#primaryimage\",\"url\":\"http:\\\/\\\/www.fjala.info\\\/2012\\\/vrasje_demonstrate.jpg\",\"contentUrl\":\"http:\\\/\\\/www.fjala.info\\\/2012\\\/vrasje_demonstrate.jpg\"},{\"@type\":\"BreadcrumbList\",\"@id\":\"https:\\\/\\\/fjala.info\\\/2009-2015\\\/regjimit-i-duhet-bere-rezistence-edhe-atehere-kur-regjimi-se-ka-me-ne\\\/#breadcrumb\",\"itemListElement\":[{\"@type\":\"ListItem\",\"position\":1,\"name\":\"Home\",\"item\":\"https:\\\/\\\/fjala.info\\\/2009-2015\\\/\"},{\"@type\":\"ListItem\",\"position\":2,\"name\":\"Regjimit i duhet b\u00ebr\u00eb rezistenc\u00eb (edhe) at\u00ebher\u00eb kur regjimi s\u2019e ka me ne\"}]},{\"@type\":\"WebSite\",\"@id\":\"https:\\\/\\\/fjala.info\\\/2009-2015\\\/#website\",\"url\":\"https:\\\/\\\/fjala.info\\\/2009-2015\\\/\",\"name\":\"FjALA e LIR\u00cb - Arkivi\",\"description\":\"Arkivi 2009-2015\",\"publisher\":{\"@id\":\"https:\\\/\\\/fjala.info\\\/2009-2015\\\/#organization\"},\"potentialAction\":[{\"@type\":\"SearchAction\",\"target\":{\"@type\":\"EntryPoint\",\"urlTemplate\":\"https:\\\/\\\/fjala.info\\\/2009-2015\\\/?s={search_term_string}\"},\"query-input\":{\"@type\":\"PropertyValueSpecification\",\"valueRequired\":true,\"valueName\":\"search_term_string\"}}],\"inLanguage\":\"sq-AL\"},{\"@type\":\"Organization\",\"@id\":\"https:\\\/\\\/fjala.info\\\/2009-2015\\\/#organization\",\"name\":\"FjALA e LIR\u00cb - Arkivi\",\"url\":\"https:\\\/\\\/fjala.info\\\/2009-2015\\\/\",\"logo\":{\"@type\":\"ImageObject\",\"inLanguage\":\"sq-AL\",\"@id\":\"https:\\\/\\\/fjala.info\\\/2009-2015\\\/#\\\/schema\\\/logo\\\/image\\\/\",\"url\":\"\",\"contentUrl\":\"\",\"caption\":\"FjALA e LIR\u00cb - Arkivi\"},\"image\":{\"@id\":\"https:\\\/\\\/fjala.info\\\/2009-2015\\\/#\\\/schema\\\/logo\\\/image\\\/\"}},{\"@type\":\"Person\",\"@id\":\"https:\\\/\\\/fjala.info\\\/2009-2015\\\/#\\\/schema\\\/person\\\/3aa1163ef05469c496fc94e77611ada2\",\"name\":\"admin\",\"image\":{\"@type\":\"ImageObject\",\"inLanguage\":\"sq-AL\",\"@id\":\"https:\\\/\\\/fjala.info\\\/2009-2015\\\/wp-content\\\/uploads\\\/2012\\\/02\\\/arben_cokaj-120x150.jpg\",\"url\":\"https:\\\/\\\/fjala.info\\\/2009-2015\\\/wp-content\\\/uploads\\\/2012\\\/02\\\/arben_cokaj-120x150.jpg\",\"contentUrl\":\"https:\\\/\\\/fjala.info\\\/2009-2015\\\/wp-content\\\/uploads\\\/2012\\\/02\\\/arben_cokaj-120x150.jpg\",\"caption\":\"admin\"},\"description\":\"Admin, Fjala e Lir\u00eb\",\"sameAs\":[\"https:\\\/\\\/fjala.info\\\/\"],\"url\":\"https:\\\/\\\/fjala.info\\\/2009-2015\\\/author\\\/admin\\\/\"}]}<\/script>\n<!-- \/ Yoast SEO plugin. -->","yoast_head_json":{"title":"Regjimit i duhet b\u00ebr\u00eb rezistenc\u00eb (edhe) at\u00ebher\u00eb kur regjimi s\u2019e ka me ne - FjALA e LIR\u00cb - Arkivi","robots":{"index":"index","follow":"follow","max-snippet":"max-snippet:-1","max-image-preview":"max-image-preview:large","max-video-preview":"max-video-preview:-1"},"canonical":"https:\/\/fjala.info\/2009-2015\/regjimit-i-duhet-bere-rezistence-edhe-atehere-kur-regjimi-se-ka-me-ne\/","og_locale":"sq_AL","og_type":"article","og_title":"Regjimit i duhet b\u00ebr\u00eb rezistenc\u00eb (edhe) at\u00ebher\u00eb kur regjimi s\u2019e ka me ne - FjALA e LIR\u00cb - Arkivi","og_description":"Nga Mustafa Nano, 18 korrik 2012 Para nj\u00eb muaji shkrova p\u00ebr \u201cShqipin\u201d shkrimin me titull \u201cShqet\u00ebsime publike mbi motivime personale\u201d, dhe si fabul pata nj\u00eb PD-ist nga Vlora q\u00eb i shkruante nj\u00eb sms nervoze Berish\u00ebs n\u00eb momentin q\u00eb po votohej p\u00ebr Presidentin e ri, Bujar Nishani. Ky lajm u mor vesh nga nj\u00eb fotografi e [&hellip;]","og_url":"https:\/\/fjala.info\/2009-2015\/regjimit-i-duhet-bere-rezistence-edhe-atehere-kur-regjimi-se-ka-me-ne\/","og_site_name":"FjALA e LIR\u00cb - Arkivi","article_published_time":"2012-07-19T05:12:57+00:00","og_image":[{"url":"http:\/\/www.fjala.info\/2012\/vrasje_demonstrate.jpg","type":"","width":"","height":""}],"author":"admin","twitter_card":"summary_large_image","twitter_misc":{"Written by":"admin","Est. reading time":"6 minutes"},"schema":{"@context":"https:\/\/schema.org","@graph":[{"@type":"Article","@id":"https:\/\/fjala.info\/2009-2015\/regjimit-i-duhet-bere-rezistence-edhe-atehere-kur-regjimi-se-ka-me-ne\/#article","isPartOf":{"@id":"https:\/\/fjala.info\/2009-2015\/regjimit-i-duhet-bere-rezistence-edhe-atehere-kur-regjimi-se-ka-me-ne\/"},"author":{"name":"admin","@id":"https:\/\/fjala.info\/2009-2015\/#\/schema\/person\/3aa1163ef05469c496fc94e77611ada2"},"headline":"Regjimit i duhet b\u00ebr\u00eb rezistenc\u00eb (edhe) at\u00ebher\u00eb kur regjimi s\u2019e ka me ne","datePublished":"2012-07-19T05:12:57+00:00","mainEntityOfPage":{"@id":"https:\/\/fjala.info\/2009-2015\/regjimit-i-duhet-bere-rezistence-edhe-atehere-kur-regjimi-se-ka-me-ne\/"},"wordCount":1272,"commentCount":0,"publisher":{"@id":"https:\/\/fjala.info\/2009-2015\/#organization"},"image":{"@id":"https:\/\/fjala.info\/2009-2015\/regjimit-i-duhet-bere-rezistence-edhe-atehere-kur-regjimi-se-ka-me-ne\/#primaryimage"},"thumbnailUrl":"http:\/\/www.fjala.info\/2012\/vrasje_demonstrate.jpg","articleSection":["Artikuj"],"inLanguage":"sq-AL","potentialAction":[{"@type":"CommentAction","name":"Comment","target":["https:\/\/fjala.info\/2009-2015\/regjimit-i-duhet-bere-rezistence-edhe-atehere-kur-regjimi-se-ka-me-ne\/#respond"]}]},{"@type":"WebPage","@id":"https:\/\/fjala.info\/2009-2015\/regjimit-i-duhet-bere-rezistence-edhe-atehere-kur-regjimi-se-ka-me-ne\/","url":"https:\/\/fjala.info\/2009-2015\/regjimit-i-duhet-bere-rezistence-edhe-atehere-kur-regjimi-se-ka-me-ne\/","name":"Regjimit i duhet b\u00ebr\u00eb rezistenc\u00eb (edhe) at\u00ebher\u00eb kur regjimi s\u2019e ka me ne - FjALA e LIR\u00cb - Arkivi","isPartOf":{"@id":"https:\/\/fjala.info\/2009-2015\/#website"},"primaryImageOfPage":{"@id":"https:\/\/fjala.info\/2009-2015\/regjimit-i-duhet-bere-rezistence-edhe-atehere-kur-regjimi-se-ka-me-ne\/#primaryimage"},"image":{"@id":"https:\/\/fjala.info\/2009-2015\/regjimit-i-duhet-bere-rezistence-edhe-atehere-kur-regjimi-se-ka-me-ne\/#primaryimage"},"thumbnailUrl":"http:\/\/www.fjala.info\/2012\/vrasje_demonstrate.jpg","datePublished":"2012-07-19T05:12:57+00:00","breadcrumb":{"@id":"https:\/\/fjala.info\/2009-2015\/regjimit-i-duhet-bere-rezistence-edhe-atehere-kur-regjimi-se-ka-me-ne\/#breadcrumb"},"inLanguage":"sq-AL","potentialAction":[{"@type":"ReadAction","target":["https:\/\/fjala.info\/2009-2015\/regjimit-i-duhet-bere-rezistence-edhe-atehere-kur-regjimi-se-ka-me-ne\/"]}]},{"@type":"ImageObject","inLanguage":"sq-AL","@id":"https:\/\/fjala.info\/2009-2015\/regjimit-i-duhet-bere-rezistence-edhe-atehere-kur-regjimi-se-ka-me-ne\/#primaryimage","url":"http:\/\/www.fjala.info\/2012\/vrasje_demonstrate.jpg","contentUrl":"http:\/\/www.fjala.info\/2012\/vrasje_demonstrate.jpg"},{"@type":"BreadcrumbList","@id":"https:\/\/fjala.info\/2009-2015\/regjimit-i-duhet-bere-rezistence-edhe-atehere-kur-regjimi-se-ka-me-ne\/#breadcrumb","itemListElement":[{"@type":"ListItem","position":1,"name":"Home","item":"https:\/\/fjala.info\/2009-2015\/"},{"@type":"ListItem","position":2,"name":"Regjimit i duhet b\u00ebr\u00eb rezistenc\u00eb (edhe) at\u00ebher\u00eb kur regjimi s\u2019e ka me ne"}]},{"@type":"WebSite","@id":"https:\/\/fjala.info\/2009-2015\/#website","url":"https:\/\/fjala.info\/2009-2015\/","name":"FjALA e LIR\u00cb - Arkivi","description":"Arkivi 2009-2015","publisher":{"@id":"https:\/\/fjala.info\/2009-2015\/#organization"},"potentialAction":[{"@type":"SearchAction","target":{"@type":"EntryPoint","urlTemplate":"https:\/\/fjala.info\/2009-2015\/?s={search_term_string}"},"query-input":{"@type":"PropertyValueSpecification","valueRequired":true,"valueName":"search_term_string"}}],"inLanguage":"sq-AL"},{"@type":"Organization","@id":"https:\/\/fjala.info\/2009-2015\/#organization","name":"FjALA e LIR\u00cb - Arkivi","url":"https:\/\/fjala.info\/2009-2015\/","logo":{"@type":"ImageObject","inLanguage":"sq-AL","@id":"https:\/\/fjala.info\/2009-2015\/#\/schema\/logo\/image\/","url":"","contentUrl":"","caption":"FjALA e LIR\u00cb - Arkivi"},"image":{"@id":"https:\/\/fjala.info\/2009-2015\/#\/schema\/logo\/image\/"}},{"@type":"Person","@id":"https:\/\/fjala.info\/2009-2015\/#\/schema\/person\/3aa1163ef05469c496fc94e77611ada2","name":"admin","image":{"@type":"ImageObject","inLanguage":"sq-AL","@id":"https:\/\/fjala.info\/2009-2015\/wp-content\/uploads\/2012\/02\/arben_cokaj-120x150.jpg","url":"https:\/\/fjala.info\/2009-2015\/wp-content\/uploads\/2012\/02\/arben_cokaj-120x150.jpg","contentUrl":"https:\/\/fjala.info\/2009-2015\/wp-content\/uploads\/2012\/02\/arben_cokaj-120x150.jpg","caption":"admin"},"description":"Admin, Fjala e Lir\u00eb","sameAs":["https:\/\/fjala.info\/"],"url":"https:\/\/fjala.info\/2009-2015\/author\/admin\/"}]}},"_links":{"self":[{"href":"https:\/\/fjala.info\/2009-2015\/wp-json\/wp\/v2\/posts\/3905","targetHints":{"allow":["GET"]}}],"collection":[{"href":"https:\/\/fjala.info\/2009-2015\/wp-json\/wp\/v2\/posts"}],"about":[{"href":"https:\/\/fjala.info\/2009-2015\/wp-json\/wp\/v2\/types\/post"}],"author":[{"embeddable":true,"href":"https:\/\/fjala.info\/2009-2015\/wp-json\/wp\/v2\/users\/1"}],"replies":[{"embeddable":true,"href":"https:\/\/fjala.info\/2009-2015\/wp-json\/wp\/v2\/comments?post=3905"}],"version-history":[{"count":0,"href":"https:\/\/fjala.info\/2009-2015\/wp-json\/wp\/v2\/posts\/3905\/revisions"}],"wp:attachment":[{"href":"https:\/\/fjala.info\/2009-2015\/wp-json\/wp\/v2\/media?parent=3905"}],"wp:term":[{"taxonomy":"category","embeddable":true,"href":"https:\/\/fjala.info\/2009-2015\/wp-json\/wp\/v2\/categories?post=3905"},{"taxonomy":"post_tag","embeddable":true,"href":"https:\/\/fjala.info\/2009-2015\/wp-json\/wp\/v2\/tags?post=3905"}],"curies":[{"name":"wp","href":"https:\/\/api.w.org\/{rel}","templated":true}]}}