{"id":3901,"date":"2010-09-04T07:05:40","date_gmt":"2010-09-04T06:05:40","guid":{"rendered":"http:\/\/fjala.shkoder.net\/?p=3901"},"modified":"2010-09-04T07:05:40","modified_gmt":"2010-09-04T06:05:40","slug":"njeqindvjetor-i-lindjes-se-nenes-terezes-dhe-katedrala-e-prishtines","status":"publish","type":"post","link":"https:\/\/fjala.info\/2009-2015\/njeqindvjetor-i-lindjes-se-nenes-terezes-dhe-katedrala-e-prishtines\/","title":{"rendered":"Nj\u00ebqindvjetor i lindjes s\u00eb N\u00ebn\u00ebs Terez\u00ebs dhe Katedrala e Prishtin\u00ebs"},"content":{"rendered":"<p><img decoding=\"async\" style=\"margin-left: 10px; margin-right: 10px; border: 0px;\" title=\"Ndue Ukaj\" src=\"http:\/\/www.shkoder.net\/images\/fjala\/ndue_ukaj.jpg\" border=\"0\" alt=\"\" width=\"100\" align=\"left\" \/><\/p>\n<p><strong>Ndue Ukaj<\/strong><\/p>\n<p>N\u00eb piedestalin e personaliteteve m\u00eb t\u00eb m\u00ebdha t\u00eb njer\u00ebzimit, N\u00ebna Terez\u00eb z\u00eb vendin m\u00eb meritor. Ajo ishte dhe mbetet e pakrahasueshme. N\u00eb t\u00eb v\u00ebrtet\u00eb, N\u00ebna Terez\u00eb nuk b\u00ebri shpikje shkencore si Albert Ejnstein, nuk i nd\u00ebrroi kahet e bot\u00ebs si Bill Gejtsi, nuk ishte e famshme p\u00ebr role filmike e vepra shkencore, madje s\u2019u shqua as p\u00ebr fuqi politike dhe forma tjera veprimtarive t\u00eb zakonshme. Mir\u00ebpo, Ajo ishte e madhe p\u00ebr di\u00e7ka tjet\u00ebr, t\u00eb pazakonshme, duke u ba e admirueshme dhe e dashur p\u00ebr miliona e miliona njer\u00ebz, p\u00ebr vlera q\u00eb q\u00ebndron mbi t\u00eb gjitha, p\u00ebr dashuri ndaj Zotit dhe Njeriut, dy postulatet e jet\u00ebs dhe vepr\u00ebs s\u00eb saj. Ajo, i dha bot\u00ebs pik\u00ebrisht at\u00eb q\u00eb i mungonin, besimin dhe dashurin\u00eb, forc\u00ebn dhe guximin.<\/p>\n<p>N\u00eb shekullin e trazimeve t\u00eb m\u00ebdha, n\u00eb shekullin e luft\u00ebrave t\u00eb p\u00ebrgjakshme, t\u00eb zhvillimeve marramend\u00ebse teknologjike, ajo u privua nga gjitha t\u00eb mirat e k\u00ebsaj bote dhe ato i k\u00ebrkoi diku tjet\u00ebr, atje ku mjerimi kishte nd\u00ebrtuar perandorin\u00eb e tij shkat\u00ebrruese, ku trishtimi s\u2019kishte kufij dhe ku dhembja njer\u00ebzore ishte e pafund. K\u00ebshtu, ajo u b\u00eb ikona e shekullit XX, e k\u00ebtij shekulli t\u00eb trazimeve dhe kontrasteve t\u00eb m\u00ebdha.<\/p>\n<p>N\u00ebna Terez\u00eb, nj\u00eb grua shtatvog\u00ebl, por me nj\u00eb zem\u00ebr t\u00eb madhe, arrit t\u00eb fitoj nj\u00eb epitet universal, mu quajt nga e gjith\u00eb bota, me emrin m\u00eb t\u00eb dashtun dhe m\u00eb t\u00eb p\u00ebrkdhelsh\u00ebm, Nan\u00eb. Ishte ky nj\u00eb rast unik, krejt\u00ebsisht i ve\u00e7ant\u00eb n\u00eb historizmin e njer\u00ebzimit. Ajo, arriti t\u00eb b\u00ebnte at\u00eb q\u00eb s\u2019mundi e s\u2019mund ta b\u00ebn asnj\u00eb superfuqi politike, ushtarake, ekonomike, kulturore- vet\u00ebm me nj\u00eb forc\u00eb, forc\u00ebn e dashuris\u00eb, p\u00ebrmes filozofis\u00eb s\u00eb saj, q\u00eb \u00ebsht\u00eb thelb\u00ebsisht filozofi e dashuris\u00eb dhe kultur\u00eb e dashuris\u00eb. Model p\u00ebr k\u00ebt\u00eb ka Jezu Krishtin dhe fjal\u00ebn e Ungjillit. N\u00eb k\u00ebt\u00eb m\u00ebnyr\u00eb, ajo arrit t\u00eb nd\u00ebrtoj nj\u00eb qytet\u00ebrim superior, t\u00eb bazuar te vlerat shpirt\u00ebrore, te besimi i pal\u00ebkundur n\u00eb Zotin dhe n\u00eb p\u00ebrkushtimin e pakursyer p\u00ebr njeriun, pa kurrfar\u00eb dallimesh.<\/p>\n<p>Ajo, duke qen\u00eb \u201clapsi n\u00eb dor\u00ebn t\u00eb Zotit\u201d, shkroi testamentin e njer\u00ebzimit, se dashuria \u00ebsht\u00eb arma m\u00eb e fuqishme, q\u00eb tjet\u00ebrson \u00e7do fuqi t\u00eb s\u00eb keqes, q\u00eb zbut dhimbjet, trazon diktaturat, ushqen t\u00eb uriturit, sh\u00ebron t\u00eb s\u00ebmurit dhe bot\u00ebs i jep m\u00eb shum\u00eb shpres\u00eb, m\u00eb shum\u00eb qet\u00ebsi, m\u00eb shum\u00eb g\u00ebzim dhe m\u00eb shum\u00eb jet\u00eb. Filozofia e jet\u00ebs dhe veprimtaris\u00eb s\u00eb N\u00ebn\u00ebs Terez\u00eb, tjet\u00ebrsoi pik\u00ebpamjet e konsoliduara n\u00ebp\u00ebr dijet e ndryshme humane, tronditi st\u00ebrhollimet filozofike dhe p\u00ebrsiatjet e panum\u00ebrta q\u00eb b\u00ebhen n\u00ebp\u00ebr universitete, akademi, institute dhe krijoj nj\u00eb rend t\u00eb ri, nj\u00eb filozofi t\u00eb bazuar n\u00eb vlerat dhe virtytet e besimit, t\u00eb dashuris\u00eb, t\u00eb solidaritetit dhe p\u00ebrkushtimit p\u00ebr njeriun e varf\u00ebr, p\u00ebr njeriun e s\u00ebmur\u00eb, p\u00ebr njeriun n\u00ebp\u00ebrk\u00ebmbur, p\u00ebr njeriun e shtypur, p\u00ebr njeriun e p\u00ebrbuzur- me nj\u00eb fjal\u00eb, p\u00ebr njeriun q\u00eb shihet si tepric\u00eb e bot\u00ebs. Sot, mund t\u00eb themi me plot\u00eb goj\u00ebn se N\u00ebn\u00eb Tereza ka mbushur boshll\u00ebqet e bot\u00ebs, ato vrima t\u00eb zeza, duke ju dh\u00ebn\u00eb shpjegimin e munguar dhe dometh\u00ebn\u00ebs. Ajo, tjet\u00ebrsoi filozofin\u00eb e jet\u00ebs dhe nd\u00ebrtoi nj\u00eb qytet\u00ebrimin e dashuris\u00eb-qytet\u00ebrim dhe filozofi kjo q\u00eb e mban madh\u00ebrish\u00ebm emrin e N\u00ebn\u00ebs ton\u00eb Terez\u00eb.<\/p>\n<p>Kudo n\u00ebp\u00ebr bot\u00ebn shqiptare dhe rrafshet e p\u00ebrbotsh\u00ebm, shtrohen pyetje, se \u00e7far\u00eb e b\u00ebri k\u00ebt\u00eb personalitet kaq madh\u00ebshtor, kaq t\u00eb p\u00ebrjetsh\u00ebm, kaq t\u00eb dashur, kaq t\u00eb patejkaluesh\u00ebm, kaq t\u00eb admiruar? B\u00ebhen shpjegime filozofike, teologjike, psikologjike, sociologjike, letrare, mir\u00ebpo, Ajo, prap\u00ebseprap\u00eb mbetet mister, mbetet mister, ashtu si\u00e7 mbetet mister i p\u00ebrhersh\u00ebm p\u00ebr njer\u00ebzimin dashuria, kjo shtyt\u00ebse e njeriut. Pra, ajo b\u00ebri gj\u00ebra t\u00eb vogla, por me dashuri t\u00eb m\u00ebdha.<\/p>\n<p>Pik\u00ebrisht k\u00ebto gj\u00ebra q\u00eb shkreptinin si rrufe dhe u p\u00ebrhap\u00ebn kudo n\u00ebp\u00ebr bot\u00eb. Nd\u00ebrkaq, k\u00ebto vepra t\u00eb m\u00ebdha, ajo i p\u00ebrjet\u00ebson edhe me mendime t\u00eb bukura, t\u00eb fuqishme, sugjestionuese dhe shum\u00eb dometh\u00ebn\u00ebse p\u00ebr \u00e7do koh\u00eb dhe rrethan\u00eb, sikur ky: \u201cMos m\u00eb thuaj se n\u00eb bot\u00eb ka luft\u00eb. Mos m\u00eb thuaj se njer\u00ebzit veniten nga uria. Mos m\u00eb thuaj se njer\u00ebzit vriten nga urrejtja. Mos m\u00eb thuaj se njer\u00ebzit g\u00ebrgasin dhe p\u00ebrndjekin nj\u00ebri-tjetrin, por vet\u00ebm m\u00eb thuaj: \u00c7\u2019b\u00ebn ti?\u201c<\/p>\n<p><img decoding=\"async\" style=\"margin-left: 10px; margin-right: 10px; border: 0px;\" title=\"N\u00ebn\u00eb Tereza dhe Papa Gjon Pali II\" src=\"http:\/\/www.shkoder.net\/images\/fjala\/2008\/nene_tereza_papa.jpg\" border=\"0\" alt=\"\" width=\"300\" align=\"right\" \/><\/p>\n<p><strong>Nj\u00ebqindvjetori i lindjes s\u00eb saj dhe reflektimi n\u00eb jet\u00ebn shqiptare<\/strong><br \/>\nK\u00ebto dit\u00eb, kur po sh\u00ebnohet, me aktivitete t\u00eb bujshme, nj\u00ebqindvjetori i lindjes s\u00eb N\u00ebn\u00ebs Terez\u00eb, kombi shqiptar, si asnj\u00ebher\u00eb m\u00eb par\u00eb, ndjehet i lart\u00ebsuar, i leht\u00ebsuar, i gjall\u00ebruar, i plot\u00ebsuar dhe i frym\u00ebzuar. Manifestimet e shumta, kudo ku ka shqiptar\u00eb, p\u00ebrurimet e librave t\u00eb shumt\u00eb, konferencat e ndryshme, shtatoret, dokumentar\u00ebt, bashk\u00eb me lavdet e p\u00ebrjetshme dhe meritore q\u00eb ja jep bota an\u00eb e k\u00ebnd, e b\u00ebjn\u00eb k\u00ebt\u00eb p\u00ebrvjetor t\u00eb madh\u00ebrish\u00ebm, nj\u00eb nyje shum\u00eb dometh\u00ebn\u00ebse q\u00eb nd\u00ebrlidh koh\u00ebt dhe historit\u00eb, p\u00ebr t\u2019i dh\u00ebn\u00eb trajt\u00eb t\u00eb re bot\u00ebs shqiptare, ashtu sikurse N\u00ebna jon\u00eb Terez\u00eb, i dha dometh\u00ebnie tjet\u00ebr bot\u00ebs. Gjitha k\u00ebto aktivitete t\u00eb bujshme, jan\u00eb nj\u00eb shenj\u00eb e fuqishme, e k\u00ebndelljes s\u00eb kombit ton\u00eb, p\u00ebr t\u00eb ecur gjurm\u00ebve t\u00eb N\u00ebn\u00ebs Terez\u00eb, k\u00ebsaj N\u00ebn\u00eb t\u00eb njer\u00ebzimit, e cila, na ka ngritur si komb, n\u00eb piedestalin e popujve m\u00eb t\u00eb \u00e7muar.<\/p>\n<p>N\u00ebna Terez\u00eb ishte nj\u00eb bij\u00eb shqiptare, e lindur dhe e frym\u00ebzuar brenda nj\u00eb tradit\u00eb shqiptare, n\u00eb nj\u00eb familje bujare, t\u00eb ushqyer dhe prirur nga idealet sublime, komb\u00ebtare dhe fetare. N\u00eb familje, ajo u mbush me dashuri, t\u00eb cil\u00ebn e shp\u00ebrndahu n\u00eb \u00e7do cep t\u00eb bot\u00ebs. Nj\u00eb shpjegim shum\u00eb dometh\u00ebn\u00ebs dhe sintetizues, p\u00ebr k\u00ebt\u00eb figur\u00eb gjigante, e jep njeriu q\u00eb i q\u00ebndroj af\u00ebr, biografi m\u00eb i madh, Dr Don Lush Gjergji: \u201cVet\u00ebm n\u00eb prizmin e historis\u00eb son\u00eb komb\u00ebtare dhe fetare mund ta zb\u00ebrthejm\u00eb, kuptojm\u00eb dhe shpjegojm\u00eb fenomenin e mir\u00ebsis\u00eb dhe dashuris\u00eb-N\u00ebn\u00ebs ton\u00eb Terez\u00eb. Po, at\u00eb e lindi dhe e rriti lasht\u00ebsia jon\u00eb iliro-shqiptare, e nxori n\u00eb drit\u00eb martirizimi yn\u00eb shum\u00ebshekullor, e edukoi dhe e frym\u00ebzoi krishterimi yn\u00eb 2000 vje\u00e7ar, e lart\u00ebsoi p\u00ebrvujt\u00ebria, e b\u00ebri t\u00eb madhe dhe t\u00eb pavdekshme dashuria\u201d.<\/p>\n<p>N\u00eb t\u00eb v\u00ebrtet\u00eb, N\u00ebna Tereza jo vet\u00ebm q\u00eb ishte \u201cvigani i shekullit ton\u00eb\u201d, si\u00e7 tha Bill Clinton, por, mbi t\u00eb gjitha, ajo ishte vigani i njer\u00ebzimit. Veprimtaria e saj e ka vul\u00ebn n\u00eb Jezu Krishtin dhe Njeriun. N\u00eb nj\u00eb intervist\u00eb p\u00ebr magazin\u00ebn e madhe Time, ajo u pyet: Cila \u00ebsht\u00eb frika juaj m\u00eb e madhe? Ajo u p\u00ebrgjigj: Un\u00eb i besoj Krishtit dhe nuk kam frik\u00eb. Nd\u00ebrsa nj\u00eb pyetje tjet\u00ebr ishte, Cilat jan\u00eb planet tuaja p\u00ebr t\u00eb ardhmen? Dhe p\u00ebrgjigj e saj ishte: Un\u00eb kam vet\u00ebm nj\u00eb plan n\u00eb dit\u00eb. E djeshmja ka kaluar, e nes\u00ebrmja akoma nuk ka ardhur. Kemi vet\u00ebm t\u00eb sotmen p\u00ebr ta nderuar Krishtin. Objekt i jet\u00ebs s\u00eb saj ishte njeriu, ai i p\u00ebrbuzuri, i l\u00ebni, i varf\u00ebri, i s\u00ebmuri, nd\u00ebrsa inspirim dhe motivim p\u00ebr t\u00eb realizuar k\u00ebt\u00eb mision, ishte Jezu Krishti.<\/p>\n<p>Veprimtaria e saj, e form\u00ebsuar n\u00eb bipolaritetin, toka e qielli, Krishti dhe Njeriu, flaku gjitha dallimet ekzistuese tok\u00ebsor. Prandaj, ajo admirohet m\u00eb shum\u00eb s\u00eb kushdo tjet\u00ebr. Si shembull p\u00ebr k\u00ebt\u00eb, po p\u00ebrmendin vet\u00ebm faktin se me rastin e 90-vjetorit t\u00eb lindjes s\u00eb Nelson Mandel\u00ebs, gazeta britanik &#8220;Daily Telegraph&#8221; realizoi nj\u00eb sondazh me 90 personalitete bot\u00ebrore, p\u00ebr t\u00eb gjetur k\u00ebshtu personalitetin m\u00eb influencues dhe m\u00eb inspirues. Dhe k\u00ebtu triumfon N\u00ebn\u00eb Tereza.<\/p>\n<p>Ishin 90 personalitet q\u00eb mbesin prapa madh\u00ebshtis\u00eb s\u00eb personalitetit t\u00eb saj, n\u00eb mesin e t\u00eb cil\u00ebve: Mahatma Gandhi, Martin Luther King, Sir Winston Churchill, Albert Einstein, etj. \u00cbsht\u00eb kjo nj\u00eb list\u00eb me personalitet q\u00eb ng\u00ebrthejn\u00eb vlera t\u00eb jasht\u00ebzakonshme p\u00ebr njer\u00ebzimin mbar\u00eb. &#8220;N\u00ebna Terez\u00eb ishte nj\u00eb murgesh\u00eb romano-katolike, e cila \u00ebsht\u00eb e lindur n\u00eb Shqip\u00ebri dhe ua dedikoi jet\u00ebn t\u00eb varf\u00ebrve n\u00eb Indi&#8221;-shkruan gazeta n\u00eb fjal\u00eb me ket\u00eb rast<\/p>\n<p>N\u00ebna Terez\u00eb, emri dhe vepra e saj jan\u00eb p\u00ebrjet\u00ebsuar n\u00eb gjitha segmentet e jet\u00ebs shqiptare. N\u00ebp\u00ebr pulla postare, sheshe, n\u00eb kryeqendrat tona, aeroport, spitale, rrug\u00eb kudo ka shqiptar, jan\u00eb sinjifikativi i fuqish\u00ebm, i faktit se ajo tanim\u00eb \u00ebsht\u00eb b\u00ebr\u00eb pjes\u00eb e pandashme e identitetit shqiptar, duke influencuar n\u00eb gjitha segmentet me r\u00ebnd\u00ebsi form\u00ebsimin e identitetit modern shqiptar. P\u00ebr m\u00eb tep\u00ebr, ajo p\u00ebrve\u00e7 tjerash, \u00ebsht\u00eb b\u00ebr\u00eb objekt i shum\u00eb veprave t\u00eb artit, n\u00eb let\u00ebrsi, piktur\u00eb, muzik\u00eb, skulptur\u00eb, etj.<\/p>\n<p>N\u00eb k\u00ebt\u00eb kontekst, po v\u00ebm\u00eb n\u00eb spikam\u00eb nj\u00eb mendim shum\u00eb kuptimplot\u00eb t\u00eb shkrimtarit t\u00eb madh shqiptar, Ismail Kadares\u00eb, lidhur me N\u00ebn\u00eb Terez\u00ebn dhe rrafshin e saj kulturor: \u201cN\u00ebn\u00eb Tereza dhe Gjergj Kastrioti, dy personazhet m\u00eb t\u00eb m\u00ebdhenj t\u00eb kombit ton\u00eb dhe nd\u00ebr dy m\u00eb t\u00eb m\u00ebdhenjt\u00eb e Evrop\u00ebs e t\u00eb njer\u00ebzimit mbar\u00eb, sado t\u00eb larg\u00ebt t\u00eb jen\u00eb n\u00eb koh\u00eb e sado t\u00eb ndrysh\u00ebm n\u00eb trajt\u00eb, p\u00ebr ne, shqiptar\u00ebt, kan\u00eb nj\u00eb gj\u00eb sublime q\u00eb i bashkon\u2026 Gjergj Kastrioti, simboli i vullnetit ton\u00eb p\u00ebr liri dhe p\u00ebr qytet\u00ebrim europian, libri i Gjon Buzukut, mish\u00ebrimi i etjes s\u00eb shqiptar\u00ebve p\u00ebr kultur\u00eb dhe drit\u00eb, dhe N\u00ebn\u00eb Tereza, mesazhi yn\u00eb i madh i harmonis\u00eb, p\u00ebrd\u00ebllimit dhe dashuris\u00eb p\u00ebr popujt dhe njer\u00ebzimin mbar\u00eb, jan\u00eb vlerat tona morale q\u00eb do t\u00eb na shoq\u00ebrojn\u00eb p\u00ebrher\u00eb n\u00eb rrug\u00ebtimin ton\u00eb t\u00eb madh\u201d.<\/p>\n<p><strong>N\u00ebna Terez\u00eb dhe Katedralja e Prishtin\u00ebs<\/strong><br \/>\nMilan Kundera, njeri nga shkrimtar\u00ebt m\u00eb t\u00eb m\u00ebdhenj n\u00eb bot\u00eb sot, shkruan: &#8220;Kujtesa duhet vazhdimisht te ushtrohet qe te mund te funksionoj si\u00e7 duhet&#8221;. K\u00ebto manifestime t\u00eb m\u00ebdha q\u00eb b\u00ebhen, p\u00ebrkujtimet e shumta, jan\u00eb nj\u00eb form\u00eb e rigjall\u00ebrimit t\u00eb saj brenda kombit ton\u00eb, e jet\u00ebsimit t\u00eb vepr\u00ebs s\u00eb saj n\u00eb ne.<\/p>\n<p>Ka tanim\u00eb tre dekada qysh kur N\u00ebn\u00eb Tereza ka filluar t\u00eb thadrohet n\u00eb mendjet dhe zemrat shqiptare, p\u00ebr t\u2019u b\u00ebr\u00eb nj\u00eb model i shk\u00eblqyer, nj\u00eb udh\u00ebrr\u00ebfyese, sidomos n\u00eb dit\u00eb t\u00eb v\u00ebshtira. Ajo u mish\u00ebrua n\u00eb popullin e saj. U b\u00eb shembull udh\u00ebrr\u00ebfyes. Ajo, ishte dhe mbetet nj\u00eb n\u00ebn\u00eb tipike, q\u00eb ngroh me p\u00ebrqafimet e zjarrta gjith\u00eb njer\u00ebzit vullnetmir\u00eb, u dha, dhe u jep fuqi t\u00eb n\u00ebp\u00ebrk\u00ebmburve, jep forc\u00eb t\u00eb shtypurve, frym\u00ebzime t\u00eb jasht\u00ebzakonshme krijuesve. Ajo \u00ebsht\u00eb Nj\u00ebshi i paz\u00ebvend\u00ebsuesh\u00ebm, me i ve\u00e7anti n\u00eb rruzullin tok\u00ebsor, nj\u00eb univers i pafundm\u00eb i dashuris\u00eb p\u00ebr Krishtin dhe Njeriun. Prandaj, reflektimi i saj n\u00eb kultur\u00ebn dhe identitetin shqiptar, \u00ebsht\u00eb i madh.<\/p>\n<p>Dhe ky reflektim, i ngjizur fuqish\u00ebm dhe me p\u00ebrkushtim nga Dr. Don Lush Gjergji, Ibrahim Rugova, e shum\u00eb e shum\u00eb t\u00eb tjer\u00eb, po kuror\u00ebzohet n\u00eb k\u00ebt\u00eb nj\u00ebqindvjetor, me nd\u00ebrtimin e Katedrales katolike n\u00eb qend\u00ebr t\u00eb Prishtin\u00ebs. Kjo \u00ebsht\u00eb p\u00ebrjet\u00ebsia m\u00eb e madhe, mish\u00ebrimi m\u00eb i fuqish\u00ebm m\u00eb tok\u00ebn e saj, me gjakun e saj. Nd\u00ebrsa p\u00ebr n\u00eb shqiptar\u00ebt \u00ebsht\u00eb shenj\u00eb e m\u00ebk\u00ebmbjes, e gjall\u00ebrimit, pas shum\u00eb e shum\u00eb shekujve zie. N\u00eb Prishtin\u00ebn e lir\u00eb, p\u00ebr t\u00eb cil\u00ebn N\u00ebna Terez\u00eb nd\u00ebrmjet\u00ebsoi nga Vatikani deri te Uashingtoni, \u00ebsht\u00eb nd\u00ebrtuar Katedralja madh\u00ebshtore q\u00eb e p\u00ebrjet\u00ebson emrin dhe veprimtarin\u00eb e N\u00ebn\u00ebs Terez\u00eb.<\/p>\n<p><strong>Uria p\u00ebr dashuri<\/strong><br \/>\nTestamenti i N\u00ebn\u00ebs Terez\u00eb, i shkruar me vep\u00ebr, \u00e7do dit\u00eb t\u00eb jet\u00ebs s\u00eb saj, i jetuar n\u00eb \u00e7do shkund dhe i shp\u00ebrndar\u00eb kudo n\u00eb bot\u00eb me dashuri, \u00e7do dit\u00eb e m\u00eb shum\u00eb po p\u00ebrfiton bot\u00ebn. Ajo, ishte dashuria n\u00eb vep\u00ebr, si\u00e7 thot\u00eb Dr. Don Lush Gjergji, e cila, ve\u00e7 pun\u00ebs gjigante, la edhe mendime t\u00eb bukura e shum\u00eb dometh\u00ebn\u00ebse p\u00ebr njeriun. Ajo p\u00ebrve\u00e7 pun\u00ebs s\u00eb pamundshme, p\u00ebr \u00e7do mendje njer\u00ebzore, la vargje e lutje t\u00eb fuqishme, q\u00eb ushqejn\u00eb shpirtrat me mir\u00ebsi, dashuri, shpres\u00eb dhe jet\u00eb.<\/p>\n<p>Himni i saj p\u00ebr jet\u00ebn, \u00ebsht\u00eb nj\u00eb nga tekstet filozofike dhe etike m\u00eb t\u00eb fuqishme, n\u00eb t\u00eb cilin, ajo me pedanteri dhe mendje t\u00eb holl\u00eb, specifikon kontrastet e bot\u00ebs, prandaj i k\u00ebndon aq bukur:&#8221;Jeta \u00ebsht\u00eb dashuri, pranoje\/ Jeta \u00ebsht\u00eb bukuri, admiroje\/ Jeta \u00ebsht\u00eb lumturi, shijoje\/ Jeta \u00ebsht\u00eb \u00ebnd\u00ebrr, zbatoje\/ Jeta \u00ebsht\u00eb sfid\u00eb, ballafaqoje\/ Jeta \u00ebsht\u00eb detyr\u00eb,kryeje\/ Jeta \u00ebsht\u00eb loj\u00eb, luaje\/ Jeta \u00ebsht\u00eb e \u00e7mueshme, nderoje\/ Jeta \u00ebsht\u00ebpasuri, ruaje\/ Jeta \u00ebsht\u00eb dashuri, p\u00ebrjetoje\/ Jeta \u00ebsht\u00eb fsheht\u00ebsi, zbuloje\/ Jeta \u00ebsht\u00eb premtim, plot\u00ebsoje\/ Jeta \u00ebsht\u00eb pik\u00ebllim, tejkaloje\/ Jeta \u00ebsht\u00eb himn,k\u00ebndoje\/ Jeta \u00ebsht\u00eb tragjedi, zbute\/ Jeta \u00ebsht\u00eb aventur\u00eb, zb\u00ebrtheje\/ Jeta \u00ebsht\u00eb k\u00ebnaq\u00ebsi, meritoje\/ Jeta \u00ebsht\u00eb jet\u00eb, mbroje&#8221; (N\u00ebna Terez\u00eb, Jeta).<\/p>\n<p>N\u00eb k\u00ebto vargje shum\u00eb dometh\u00ebn\u00ebse, shkreptin\u00eb me t\u00ebr\u00eb fuqin\u00eb e dashuris\u00eb, besimi i madh i N\u00ebn\u00eb Terez\u00ebs. Ky \u00ebsht\u00eb nj\u00eb nder tekstet me te mrekullueshme, qe t\u00eb mahnit me fuqin\u00eb e tij dhe t\u00eb p\u00ebrvet\u00ebson me filozofin\u00eb e tij. Vet\u00ebm nj\u00eb shpirt i madh dhe i inspiruar p\u00ebr vepra te m\u00ebdha, mundet t\u00eb shkruaj k\u00ebso vargje, qe mbesin thesare p\u00ebr njer\u00ebzimin.<br \/>\nP\u00ebrfundim<\/p>\n<p>N\u00ebna Terez\u00eb ishte e vet\u00ebdijshme se autonomia e njeriut send\u00ebrtohet n\u00eb jet\u00eb dhe n\u00eb veprat e tij (Tvetan Todorov). Po k\u00ebt\u00eb filozofi jete e vepre, ajo e harmonizoj, me nj\u00eb etik\u00eb thell\u00ebsisht humane dhe kristiane, gjat\u00eb jet\u00ebs s\u00eb saj, duke l\u00ebn\u00eb pas vete nj\u00eb vep\u00ebr t\u00eb madhe, t\u00eb bujshme, me vepra dhe vlera dhe t\u00eb admirueshme p\u00ebr breza, p\u00ebrjet\u00ebsisht. Andaj, \u00e7do hap t\u00eb jet\u00eb s\u00eb saj e mbushi me pune dhe vepra t\u00eb madh\u00ebrishme dashurie. Dhe k\u00ebt\u00eb autonomi, N\u00ebna Terez\u00eb e send\u00ebrtoj mrekulluesh\u00ebm n\u00eb jet\u00ebn e saj dhe veprimtarin\u00eb e saj t\u00eb shumanshme, t\u00eb cil\u00ebn ja la si trash\u00ebgimi bot\u00ebs dhe kombit shqiptar, t\u00eb cilit i p\u00ebrkiti.<\/p>\n<p>N\u00ebna Terez\u00eb, duke qen\u00eb me gjak dhe tradit\u00eb shqiptare, duke mbart n\u00eb vete shum\u00ebsi virtytesh shqiptare, b\u00ebhet nj\u00eb shembull i p\u00ebrkryer p\u00ebr kombin ton\u00eb, nj\u00eb model se si duhet t\u00eb nd\u00ebrtojm\u00eb nj\u00eb t\u00eb ardhme m\u00eb t\u00eb mir\u00eb dhe m\u00eb t\u00eb dinjitetshme. N\u00eb k\u00ebt\u00eb q\u00ebllim, ky p\u00ebrvjetor, k\u00ebto aktivitete t\u00eb bujshme dhe mbi t\u00eb gjitha p\u00ebrurimi i Katedrales, N\u00ebna Terez\u00eb, jan\u00eb shenja t\u00eb jet\u00ebsimit t\u00eb saj n\u00eb jet\u00ebn, kultur\u00ebn dhe mentalitetin ton\u00eb. Po e p\u00ebrfundoj me nj\u00eb th\u00ebnie t\u00eb Ibrahim Rugov\u00ebs, me rastin e kalimit t\u00eb saj n\u00eb amshim, kur shkroi: \u201cPopulli i Kosov\u00ebs dhe i gjith\u00eb populli shqiptar, sot \u00ebsht\u00eb krenar para bot\u00ebs me N\u00ebn\u00ebn Terez\u00eb, me N\u00ebn\u00ebn e vet. N\u00ebna Terez\u00eb \u00ebsht\u00eb engj\u00ebll i roj\u00ebs p\u00ebr Kosov\u00ebn dhe p\u00ebr popullin shqiptar.<\/p>\n","protected":false},"excerpt":{"rendered":"<p>Ndue Ukaj N\u00eb piedestalin e personaliteteve m\u00eb t\u00eb m\u00ebdha t\u00eb njer\u00ebzimit, N\u00ebna Terez\u00eb z\u00eb vendin m\u00eb meritor. Ajo ishte dhe mbetet e pakrahasueshme. N\u00eb t\u00eb v\u00ebrtet\u00eb, N\u00ebna Terez\u00eb nuk b\u00ebri shpikje shkencore si Albert Ejnstein, nuk i nd\u00ebrroi kahet e bot\u00ebs si Bill Gejtsi, nuk ishte e famshme p\u00ebr role filmike e vepra shkencore, madje [&hellip;]<\/p>\n","protected":false},"author":1,"featured_media":0,"comment_status":"open","ping_status":"closed","sticky":false,"template":"","format":"standard","meta":{"footnotes":""},"categories":[2],"tags":[],"class_list":{"0":"post-3901","1":"post","2":"type-post","3":"status-publish","4":"format-standard","6":"category-artikuj"},"yoast_head":"<!-- This site is optimized with the Yoast SEO plugin v27.4 - https:\/\/yoast.com\/product\/yoast-seo-wordpress\/ -->\n<title>Nj\u00ebqindvjetor i lindjes s\u00eb N\u00ebn\u00ebs Terez\u00ebs dhe Katedrala e Prishtin\u00ebs - FjALA e LIR\u00cb - Arkivi<\/title>\n<meta name=\"robots\" content=\"index, follow, max-snippet:-1, max-image-preview:large, max-video-preview:-1\" \/>\n<link rel=\"canonical\" href=\"https:\/\/fjala.info\/2009-2015\/njeqindvjetor-i-lindjes-se-nenes-terezes-dhe-katedrala-e-prishtines\/\" \/>\n<meta property=\"og:locale\" content=\"sq_AL\" \/>\n<meta property=\"og:type\" content=\"article\" \/>\n<meta property=\"og:title\" content=\"Nj\u00ebqindvjetor i lindjes s\u00eb N\u00ebn\u00ebs Terez\u00ebs dhe Katedrala e Prishtin\u00ebs - FjALA e LIR\u00cb - Arkivi\" \/>\n<meta property=\"og:description\" content=\"Ndue Ukaj N\u00eb piedestalin e personaliteteve m\u00eb t\u00eb m\u00ebdha t\u00eb njer\u00ebzimit, N\u00ebna Terez\u00eb z\u00eb vendin m\u00eb meritor. Ajo ishte dhe mbetet e pakrahasueshme. N\u00eb t\u00eb v\u00ebrtet\u00eb, N\u00ebna Terez\u00eb nuk b\u00ebri shpikje shkencore si Albert Ejnstein, nuk i nd\u00ebrroi kahet e bot\u00ebs si Bill Gejtsi, nuk ishte e famshme p\u00ebr role filmike e vepra shkencore, madje [&hellip;]\" \/>\n<meta property=\"og:url\" content=\"https:\/\/fjala.info\/2009-2015\/njeqindvjetor-i-lindjes-se-nenes-terezes-dhe-katedrala-e-prishtines\/\" \/>\n<meta property=\"og:site_name\" content=\"FjALA e LIR\u00cb - Arkivi\" \/>\n<meta property=\"article:published_time\" content=\"2010-09-04T06:05:40+00:00\" \/>\n<meta property=\"og:image\" content=\"http:\/\/www.shkoder.net\/images\/fjala\/ndue_ukaj.jpg\" \/>\n<meta name=\"author\" content=\"admin\" \/>\n<meta name=\"twitter:card\" content=\"summary_large_image\" \/>\n<meta name=\"twitter:label1\" content=\"Written by\" \/>\n\t<meta name=\"twitter:data1\" content=\"admin\" \/>\n\t<meta name=\"twitter:label2\" content=\"Est. reading time\" \/>\n\t<meta name=\"twitter:data2\" content=\"13 minutes\" \/>\n<script type=\"application\/ld+json\" class=\"yoast-schema-graph\">{\"@context\":\"https:\\\/\\\/schema.org\",\"@graph\":[{\"@type\":\"Article\",\"@id\":\"https:\\\/\\\/fjala.info\\\/2009-2015\\\/njeqindvjetor-i-lindjes-se-nenes-terezes-dhe-katedrala-e-prishtines\\\/#article\",\"isPartOf\":{\"@id\":\"https:\\\/\\\/fjala.info\\\/2009-2015\\\/njeqindvjetor-i-lindjes-se-nenes-terezes-dhe-katedrala-e-prishtines\\\/\"},\"author\":{\"name\":\"admin\",\"@id\":\"https:\\\/\\\/fjala.info\\\/2009-2015\\\/#\\\/schema\\\/person\\\/3aa1163ef05469c496fc94e77611ada2\"},\"headline\":\"Nj\u00ebqindvjetor i lindjes s\u00eb N\u00ebn\u00ebs Terez\u00ebs dhe Katedrala e Prishtin\u00ebs\",\"datePublished\":\"2010-09-04T06:05:40+00:00\",\"mainEntityOfPage\":{\"@id\":\"https:\\\/\\\/fjala.info\\\/2009-2015\\\/njeqindvjetor-i-lindjes-se-nenes-terezes-dhe-katedrala-e-prishtines\\\/\"},\"wordCount\":2665,\"commentCount\":0,\"publisher\":{\"@id\":\"https:\\\/\\\/fjala.info\\\/2009-2015\\\/#organization\"},\"image\":{\"@id\":\"https:\\\/\\\/fjala.info\\\/2009-2015\\\/njeqindvjetor-i-lindjes-se-nenes-terezes-dhe-katedrala-e-prishtines\\\/#primaryimage\"},\"thumbnailUrl\":\"http:\\\/\\\/www.shkoder.net\\\/images\\\/fjala\\\/ndue_ukaj.jpg\",\"articleSection\":[\"Artikuj\"],\"inLanguage\":\"sq-AL\",\"potentialAction\":[{\"@type\":\"CommentAction\",\"name\":\"Comment\",\"target\":[\"https:\\\/\\\/fjala.info\\\/2009-2015\\\/njeqindvjetor-i-lindjes-se-nenes-terezes-dhe-katedrala-e-prishtines\\\/#respond\"]}]},{\"@type\":\"WebPage\",\"@id\":\"https:\\\/\\\/fjala.info\\\/2009-2015\\\/njeqindvjetor-i-lindjes-se-nenes-terezes-dhe-katedrala-e-prishtines\\\/\",\"url\":\"https:\\\/\\\/fjala.info\\\/2009-2015\\\/njeqindvjetor-i-lindjes-se-nenes-terezes-dhe-katedrala-e-prishtines\\\/\",\"name\":\"Nj\u00ebqindvjetor i lindjes s\u00eb N\u00ebn\u00ebs Terez\u00ebs dhe Katedrala e Prishtin\u00ebs - FjALA e LIR\u00cb - Arkivi\",\"isPartOf\":{\"@id\":\"https:\\\/\\\/fjala.info\\\/2009-2015\\\/#website\"},\"primaryImageOfPage\":{\"@id\":\"https:\\\/\\\/fjala.info\\\/2009-2015\\\/njeqindvjetor-i-lindjes-se-nenes-terezes-dhe-katedrala-e-prishtines\\\/#primaryimage\"},\"image\":{\"@id\":\"https:\\\/\\\/fjala.info\\\/2009-2015\\\/njeqindvjetor-i-lindjes-se-nenes-terezes-dhe-katedrala-e-prishtines\\\/#primaryimage\"},\"thumbnailUrl\":\"http:\\\/\\\/www.shkoder.net\\\/images\\\/fjala\\\/ndue_ukaj.jpg\",\"datePublished\":\"2010-09-04T06:05:40+00:00\",\"breadcrumb\":{\"@id\":\"https:\\\/\\\/fjala.info\\\/2009-2015\\\/njeqindvjetor-i-lindjes-se-nenes-terezes-dhe-katedrala-e-prishtines\\\/#breadcrumb\"},\"inLanguage\":\"sq-AL\",\"potentialAction\":[{\"@type\":\"ReadAction\",\"target\":[\"https:\\\/\\\/fjala.info\\\/2009-2015\\\/njeqindvjetor-i-lindjes-se-nenes-terezes-dhe-katedrala-e-prishtines\\\/\"]}]},{\"@type\":\"ImageObject\",\"inLanguage\":\"sq-AL\",\"@id\":\"https:\\\/\\\/fjala.info\\\/2009-2015\\\/njeqindvjetor-i-lindjes-se-nenes-terezes-dhe-katedrala-e-prishtines\\\/#primaryimage\",\"url\":\"http:\\\/\\\/www.shkoder.net\\\/images\\\/fjala\\\/ndue_ukaj.jpg\",\"contentUrl\":\"http:\\\/\\\/www.shkoder.net\\\/images\\\/fjala\\\/ndue_ukaj.jpg\"},{\"@type\":\"BreadcrumbList\",\"@id\":\"https:\\\/\\\/fjala.info\\\/2009-2015\\\/njeqindvjetor-i-lindjes-se-nenes-terezes-dhe-katedrala-e-prishtines\\\/#breadcrumb\",\"itemListElement\":[{\"@type\":\"ListItem\",\"position\":1,\"name\":\"Home\",\"item\":\"https:\\\/\\\/fjala.info\\\/2009-2015\\\/\"},{\"@type\":\"ListItem\",\"position\":2,\"name\":\"Nj\u00ebqindvjetor i lindjes s\u00eb N\u00ebn\u00ebs Terez\u00ebs dhe Katedrala e Prishtin\u00ebs\"}]},{\"@type\":\"WebSite\",\"@id\":\"https:\\\/\\\/fjala.info\\\/2009-2015\\\/#website\",\"url\":\"https:\\\/\\\/fjala.info\\\/2009-2015\\\/\",\"name\":\"FjALA e LIR\u00cb - Arkivi\",\"description\":\"Arkivi 2009-2015\",\"publisher\":{\"@id\":\"https:\\\/\\\/fjala.info\\\/2009-2015\\\/#organization\"},\"potentialAction\":[{\"@type\":\"SearchAction\",\"target\":{\"@type\":\"EntryPoint\",\"urlTemplate\":\"https:\\\/\\\/fjala.info\\\/2009-2015\\\/?s={search_term_string}\"},\"query-input\":{\"@type\":\"PropertyValueSpecification\",\"valueRequired\":true,\"valueName\":\"search_term_string\"}}],\"inLanguage\":\"sq-AL\"},{\"@type\":\"Organization\",\"@id\":\"https:\\\/\\\/fjala.info\\\/2009-2015\\\/#organization\",\"name\":\"FjALA e LIR\u00cb - Arkivi\",\"url\":\"https:\\\/\\\/fjala.info\\\/2009-2015\\\/\",\"logo\":{\"@type\":\"ImageObject\",\"inLanguage\":\"sq-AL\",\"@id\":\"https:\\\/\\\/fjala.info\\\/2009-2015\\\/#\\\/schema\\\/logo\\\/image\\\/\",\"url\":\"\",\"contentUrl\":\"\",\"caption\":\"FjALA e LIR\u00cb - Arkivi\"},\"image\":{\"@id\":\"https:\\\/\\\/fjala.info\\\/2009-2015\\\/#\\\/schema\\\/logo\\\/image\\\/\"}},{\"@type\":\"Person\",\"@id\":\"https:\\\/\\\/fjala.info\\\/2009-2015\\\/#\\\/schema\\\/person\\\/3aa1163ef05469c496fc94e77611ada2\",\"name\":\"admin\",\"image\":{\"@type\":\"ImageObject\",\"inLanguage\":\"sq-AL\",\"@id\":\"https:\\\/\\\/fjala.info\\\/2009-2015\\\/wp-content\\\/uploads\\\/2012\\\/02\\\/arben_cokaj-120x150.jpg\",\"url\":\"https:\\\/\\\/fjala.info\\\/2009-2015\\\/wp-content\\\/uploads\\\/2012\\\/02\\\/arben_cokaj-120x150.jpg\",\"contentUrl\":\"https:\\\/\\\/fjala.info\\\/2009-2015\\\/wp-content\\\/uploads\\\/2012\\\/02\\\/arben_cokaj-120x150.jpg\",\"caption\":\"admin\"},\"description\":\"Admin, Fjala e Lir\u00eb\",\"sameAs\":[\"https:\\\/\\\/fjala.info\\\/\"],\"url\":\"https:\\\/\\\/fjala.info\\\/2009-2015\\\/author\\\/admin\\\/\"}]}<\/script>\n<!-- \/ Yoast SEO plugin. -->","yoast_head_json":{"title":"Nj\u00ebqindvjetor i lindjes s\u00eb N\u00ebn\u00ebs Terez\u00ebs dhe Katedrala e Prishtin\u00ebs - FjALA e LIR\u00cb - Arkivi","robots":{"index":"index","follow":"follow","max-snippet":"max-snippet:-1","max-image-preview":"max-image-preview:large","max-video-preview":"max-video-preview:-1"},"canonical":"https:\/\/fjala.info\/2009-2015\/njeqindvjetor-i-lindjes-se-nenes-terezes-dhe-katedrala-e-prishtines\/","og_locale":"sq_AL","og_type":"article","og_title":"Nj\u00ebqindvjetor i lindjes s\u00eb N\u00ebn\u00ebs Terez\u00ebs dhe Katedrala e Prishtin\u00ebs - FjALA e LIR\u00cb - Arkivi","og_description":"Ndue Ukaj N\u00eb piedestalin e personaliteteve m\u00eb t\u00eb m\u00ebdha t\u00eb njer\u00ebzimit, N\u00ebna Terez\u00eb z\u00eb vendin m\u00eb meritor. Ajo ishte dhe mbetet e pakrahasueshme. N\u00eb t\u00eb v\u00ebrtet\u00eb, N\u00ebna Terez\u00eb nuk b\u00ebri shpikje shkencore si Albert Ejnstein, nuk i nd\u00ebrroi kahet e bot\u00ebs si Bill Gejtsi, nuk ishte e famshme p\u00ebr role filmike e vepra shkencore, madje [&hellip;]","og_url":"https:\/\/fjala.info\/2009-2015\/njeqindvjetor-i-lindjes-se-nenes-terezes-dhe-katedrala-e-prishtines\/","og_site_name":"FjALA e LIR\u00cb - Arkivi","article_published_time":"2010-09-04T06:05:40+00:00","og_image":[{"url":"http:\/\/www.shkoder.net\/images\/fjala\/ndue_ukaj.jpg","type":"","width":"","height":""}],"author":"admin","twitter_card":"summary_large_image","twitter_misc":{"Written by":"admin","Est. reading time":"13 minutes"},"schema":{"@context":"https:\/\/schema.org","@graph":[{"@type":"Article","@id":"https:\/\/fjala.info\/2009-2015\/njeqindvjetor-i-lindjes-se-nenes-terezes-dhe-katedrala-e-prishtines\/#article","isPartOf":{"@id":"https:\/\/fjala.info\/2009-2015\/njeqindvjetor-i-lindjes-se-nenes-terezes-dhe-katedrala-e-prishtines\/"},"author":{"name":"admin","@id":"https:\/\/fjala.info\/2009-2015\/#\/schema\/person\/3aa1163ef05469c496fc94e77611ada2"},"headline":"Nj\u00ebqindvjetor i lindjes s\u00eb N\u00ebn\u00ebs Terez\u00ebs dhe Katedrala e Prishtin\u00ebs","datePublished":"2010-09-04T06:05:40+00:00","mainEntityOfPage":{"@id":"https:\/\/fjala.info\/2009-2015\/njeqindvjetor-i-lindjes-se-nenes-terezes-dhe-katedrala-e-prishtines\/"},"wordCount":2665,"commentCount":0,"publisher":{"@id":"https:\/\/fjala.info\/2009-2015\/#organization"},"image":{"@id":"https:\/\/fjala.info\/2009-2015\/njeqindvjetor-i-lindjes-se-nenes-terezes-dhe-katedrala-e-prishtines\/#primaryimage"},"thumbnailUrl":"http:\/\/www.shkoder.net\/images\/fjala\/ndue_ukaj.jpg","articleSection":["Artikuj"],"inLanguage":"sq-AL","potentialAction":[{"@type":"CommentAction","name":"Comment","target":["https:\/\/fjala.info\/2009-2015\/njeqindvjetor-i-lindjes-se-nenes-terezes-dhe-katedrala-e-prishtines\/#respond"]}]},{"@type":"WebPage","@id":"https:\/\/fjala.info\/2009-2015\/njeqindvjetor-i-lindjes-se-nenes-terezes-dhe-katedrala-e-prishtines\/","url":"https:\/\/fjala.info\/2009-2015\/njeqindvjetor-i-lindjes-se-nenes-terezes-dhe-katedrala-e-prishtines\/","name":"Nj\u00ebqindvjetor i lindjes s\u00eb N\u00ebn\u00ebs Terez\u00ebs dhe Katedrala e Prishtin\u00ebs - FjALA e LIR\u00cb - Arkivi","isPartOf":{"@id":"https:\/\/fjala.info\/2009-2015\/#website"},"primaryImageOfPage":{"@id":"https:\/\/fjala.info\/2009-2015\/njeqindvjetor-i-lindjes-se-nenes-terezes-dhe-katedrala-e-prishtines\/#primaryimage"},"image":{"@id":"https:\/\/fjala.info\/2009-2015\/njeqindvjetor-i-lindjes-se-nenes-terezes-dhe-katedrala-e-prishtines\/#primaryimage"},"thumbnailUrl":"http:\/\/www.shkoder.net\/images\/fjala\/ndue_ukaj.jpg","datePublished":"2010-09-04T06:05:40+00:00","breadcrumb":{"@id":"https:\/\/fjala.info\/2009-2015\/njeqindvjetor-i-lindjes-se-nenes-terezes-dhe-katedrala-e-prishtines\/#breadcrumb"},"inLanguage":"sq-AL","potentialAction":[{"@type":"ReadAction","target":["https:\/\/fjala.info\/2009-2015\/njeqindvjetor-i-lindjes-se-nenes-terezes-dhe-katedrala-e-prishtines\/"]}]},{"@type":"ImageObject","inLanguage":"sq-AL","@id":"https:\/\/fjala.info\/2009-2015\/njeqindvjetor-i-lindjes-se-nenes-terezes-dhe-katedrala-e-prishtines\/#primaryimage","url":"http:\/\/www.shkoder.net\/images\/fjala\/ndue_ukaj.jpg","contentUrl":"http:\/\/www.shkoder.net\/images\/fjala\/ndue_ukaj.jpg"},{"@type":"BreadcrumbList","@id":"https:\/\/fjala.info\/2009-2015\/njeqindvjetor-i-lindjes-se-nenes-terezes-dhe-katedrala-e-prishtines\/#breadcrumb","itemListElement":[{"@type":"ListItem","position":1,"name":"Home","item":"https:\/\/fjala.info\/2009-2015\/"},{"@type":"ListItem","position":2,"name":"Nj\u00ebqindvjetor i lindjes s\u00eb N\u00ebn\u00ebs Terez\u00ebs dhe Katedrala e Prishtin\u00ebs"}]},{"@type":"WebSite","@id":"https:\/\/fjala.info\/2009-2015\/#website","url":"https:\/\/fjala.info\/2009-2015\/","name":"FjALA e LIR\u00cb - Arkivi","description":"Arkivi 2009-2015","publisher":{"@id":"https:\/\/fjala.info\/2009-2015\/#organization"},"potentialAction":[{"@type":"SearchAction","target":{"@type":"EntryPoint","urlTemplate":"https:\/\/fjala.info\/2009-2015\/?s={search_term_string}"},"query-input":{"@type":"PropertyValueSpecification","valueRequired":true,"valueName":"search_term_string"}}],"inLanguage":"sq-AL"},{"@type":"Organization","@id":"https:\/\/fjala.info\/2009-2015\/#organization","name":"FjALA e LIR\u00cb - Arkivi","url":"https:\/\/fjala.info\/2009-2015\/","logo":{"@type":"ImageObject","inLanguage":"sq-AL","@id":"https:\/\/fjala.info\/2009-2015\/#\/schema\/logo\/image\/","url":"","contentUrl":"","caption":"FjALA e LIR\u00cb - Arkivi"},"image":{"@id":"https:\/\/fjala.info\/2009-2015\/#\/schema\/logo\/image\/"}},{"@type":"Person","@id":"https:\/\/fjala.info\/2009-2015\/#\/schema\/person\/3aa1163ef05469c496fc94e77611ada2","name":"admin","image":{"@type":"ImageObject","inLanguage":"sq-AL","@id":"https:\/\/fjala.info\/2009-2015\/wp-content\/uploads\/2012\/02\/arben_cokaj-120x150.jpg","url":"https:\/\/fjala.info\/2009-2015\/wp-content\/uploads\/2012\/02\/arben_cokaj-120x150.jpg","contentUrl":"https:\/\/fjala.info\/2009-2015\/wp-content\/uploads\/2012\/02\/arben_cokaj-120x150.jpg","caption":"admin"},"description":"Admin, Fjala e Lir\u00eb","sameAs":["https:\/\/fjala.info\/"],"url":"https:\/\/fjala.info\/2009-2015\/author\/admin\/"}]}},"_links":{"self":[{"href":"https:\/\/fjala.info\/2009-2015\/wp-json\/wp\/v2\/posts\/3901","targetHints":{"allow":["GET"]}}],"collection":[{"href":"https:\/\/fjala.info\/2009-2015\/wp-json\/wp\/v2\/posts"}],"about":[{"href":"https:\/\/fjala.info\/2009-2015\/wp-json\/wp\/v2\/types\/post"}],"author":[{"embeddable":true,"href":"https:\/\/fjala.info\/2009-2015\/wp-json\/wp\/v2\/users\/1"}],"replies":[{"embeddable":true,"href":"https:\/\/fjala.info\/2009-2015\/wp-json\/wp\/v2\/comments?post=3901"}],"version-history":[{"count":0,"href":"https:\/\/fjala.info\/2009-2015\/wp-json\/wp\/v2\/posts\/3901\/revisions"}],"wp:attachment":[{"href":"https:\/\/fjala.info\/2009-2015\/wp-json\/wp\/v2\/media?parent=3901"}],"wp:term":[{"taxonomy":"category","embeddable":true,"href":"https:\/\/fjala.info\/2009-2015\/wp-json\/wp\/v2\/categories?post=3901"},{"taxonomy":"post_tag","embeddable":true,"href":"https:\/\/fjala.info\/2009-2015\/wp-json\/wp\/v2\/tags?post=3901"}],"curies":[{"name":"wp","href":"https:\/\/api.w.org\/{rel}","templated":true}]}}