{"id":3897,"date":"2012-07-18T22:19:20","date_gmt":"2012-07-18T21:19:20","guid":{"rendered":"http:\/\/www.fjala.info\/?p=3897"},"modified":"2012-07-18T22:19:20","modified_gmt":"2012-07-18T21:19:20","slug":"partizani-meke-pallati-i-perandorit-dhe-profesoret-e-trashegimise","status":"publish","type":"post","link":"https:\/\/fjala.info\/2009-2015\/partizani-meke-pallati-i-perandorit-dhe-profesoret-e-trashegimise\/","title":{"rendered":"Partizani Meke, Pallati i Perandorit dhe profesor\u00ebt e trash\u00ebgimis\u00eb"},"content":{"rendered":"<p><img decoding=\"async\" class=\"alignright size-thumbnail wp-image-7236\" title=\"Auron Tare\" src=\"http:\/\/www.fjala.info\/2012\/auron_tare.jpg\" alt=\"\" width=\"150\" \/> Nga <strong>Auron Tare<\/strong>, <em>18 Korrik 2012<\/em><\/p>\n<p>\u201c<em>Un\u00eb i b\u00ebj thirrje shoq\u00ebris\u00eb civile q\u00eb t\u00eb ngrej\u00eb nj\u00eb komision, krahas Institutit t\u00eb Monumenteve t\u00eb Kultur\u00ebs, p\u00ebr ta monitoruar gur\u00eb p\u00ebr gur\u00eb k\u00ebt\u00eb proces. E v\u00ebrteta \u00ebsht\u00eb se ajo arkitektur\u00eb q\u00eb, n\u00eb pamje t\u00eb par\u00eb mund t\u00eb mendohet se rib\u00ebhet me leht\u00ebsi, nuk ndodh k\u00ebshtu, pasi ajo \u00ebsht\u00eb nj\u00eb vep\u00ebr e nj\u00eb stili arkitekturor t\u00eb asaj kohe, shum\u00eb t\u00eb respektuar kudo. Ndaj dhe p\u00ebr t\u2019i dh\u00ebn\u00eb fund debatit me Shoq\u00ebrin\u00eb Civile, ministria e Pun\u00ebve Publike duhet t\u00eb vendos\u00eb kontakte me t\u00eb, t\u00eb k\u00ebrkoj\u00eb q\u00eb bashk\u00eb me Institutin, ose n\u00ebse d\u00ebshirojn\u00eb edhe ve\u00e7mas, t\u00eb krijojn\u00eb ekipin e tyre dhe t\u00eb monitorojn\u00eb \u00e7do l\u00ebvizje guri. Rruga do t\u00eb b\u00ebhet<\/em>&#8230;\u201d<\/p>\n<p><strong>Deklarate e Kryeministrit t\u00eb Shqip\u00ebris\u00eb, Dr. Sali Berisha II<\/strong><\/p>\n<p>Kur Partizani Meke me opingat e tij plot balt\u00eb shkeli n\u00eb sixhadet e mrekullueshme t\u00eb dhomave t\u00eb Pallatit t\u00eb Perandorit n\u00eb Tiran\u00eb, ishte fundi i Luft\u00ebs s\u00eb Dyt\u00eb Bot\u00ebrore. Partizani Meke ecte krenar n\u00ebp\u00ebr Pallatin e boshatisur duke v\u00ebshtruar me k\u00ebrsh\u00ebri k\u00ebt\u00eb nd\u00ebrtim q\u00eb ishte aq i ndrysh\u00ebm nga sht\u00ebpit\u00eb e gurta t\u00eb fshatrave t\u00eb Lab\u00ebris\u00eb. I ardhur nga mali, Mekja hyri n\u00eb Pallat si fitimtar dhe si nj\u00eb p\u00ebrfaq\u00ebsues i nj\u00eb rendi t\u00eb ri, i frym\u00ebzuar nga ideologjia bolshevike k\u00ebrkonte t\u00eb nd\u00ebrtonte nj\u00eb bot\u00eb t\u00eb re.<\/p>\n<p>P\u00ebr ish \u00e7obanin Meke ky Pallat p\u00ebrfaq\u00ebsonte bot\u00ebn e p\u00ebrmbysur, bot\u00ebn e cila ashtu si qilimat e shtrenjt\u00eb, ishte tash n\u00ebn opingat e tij dhe mund t\u00eb b\u00ebnte me t\u00eb \u00e7far\u00eb t\u00eb donte. Por Mekja i ngrat\u00eb, \u00e7udit\u00ebrisht, pasi u shtri n\u00eb krevatin e Perandorit, b\u00ebri pis qilimat me hirin e duhanit dhe u pa n\u00eb pasqyr\u00ebn e madhe me koka bronzi, shkoi n\u00eb pun\u00eb t\u00eb tij. Mekja dhe shok\u00ebt e Mekes, t\u00eb gjith\u00eb t\u00eb ardhur nga mali, nuk e prish\u00ebn Pallatin e Perandorit, nuk ia shkul\u00ebn statujat, as pem\u00ebt nuk ia pren\u00eb, as e q\u00eblluan me plumba dhe as rrethimin nuk ia shkul\u00ebn n\u00eb em\u00ebr t\u00eb progresit. Ishte fundi i Luft\u00ebs dhe fitimtar\u00ebt mund t\u00eb b\u00ebnin \u00e7\u2019t\u00eb donin n\u00eb qytetin e sapo\u00e7liruar.<\/p>\n<p>Profesor\u00ebt me mjekra t\u00eb gjata, q\u00eb mund t\u2019i pengonin, kishin frik\u00eb t\u00eb flisnin, institucione p\u00ebr mbrojtjen e monumenteve nuk kishte dhe Pallati akoma nuk ishte Monument Kulture, por ishte Pallati i nj\u00eb Perandori pushtues. Mir\u00ebpo \u00e7udit\u00ebrisht njer\u00ebzit e malit jo vet\u00ebm nuk e prek\u00ebn Pallatin Perandorak, por Partizani Meke dhe shok\u00ebt e tij e shpallen at\u00eb Monument Kulture t\u00eb mbrojtur nga shteti. K\u00ebshtu q\u00eb ky Pallat i jasht\u00ebzakonsh\u00ebm p\u00ebr vlerat e veta arkitekturore, historike edhe kopshtet unikale, erdhi deri n\u00eb dit\u00ebt tona i paprekur me t\u00eb gjith\u00eb madh\u00ebshtin\u00eb e vet.<\/p>\n<p>Mir\u00ebpo historia e k\u00ebtij monumenti nuk pask\u00ebsh mbaruar me kaq. Ca dite t\u00eb shkuara i Pari i vendit foli publikisht dhe tha se kishte vendosur q\u00eb Pallatit Perandorak t\u2019ia shkulte rrethimin gur\u00eb m\u00eb gur\u00eb. T\u2019ia kafshonte kopshtet p\u00ebr t\u2019ia dh\u00ebn\u00eb rrug\u00ebs q\u00eb po nd\u00ebrton aty pari. T\u2019i prishte hyrjen e veshur me selvi dhe jo vet\u00ebm kaq, me gur\u00ebt e shkulura t\u00eb rib\u00ebnte diku tjet\u00ebr p\u00ebrs\u00ebri rrethimin historik t\u00eb Pallatit.<\/p>\n<p>Kaluan dy- tre dit\u00eb dhe mendova se n\u00eb media do t\u00eb kishte nj\u00eb reagim publik nga profesor\u00ebt e zanatit mbi k\u00ebt\u00eb ide novatore t\u00eb Kryeministrit ton\u00eb.<\/p>\n<p>Profesor\u00ebt me mjek\u00ebr t\u00eb gjat\u00eb, q\u00eb kan\u00eb gjith\u00eb jet\u00ebn e tyre n\u00eb zanatin e trash\u00ebgimis\u00eb, kultur\u00ebs apo arkeologjis\u00eb, duhet t\u00eb flisnin. Ata kan\u00eb botuar libra dhe studime, kan\u00eb shkuar n\u00ebp\u00ebr konferenca shkencore apo kane b\u00ebr\u00eb kurse p\u00ebr k\u00ebto pune. T\u00eb gjith\u00eb k\u00ebta t\u00eb Urt\u00ebt e Kombit kan\u00eb marr\u00eb gjith\u00eb k\u00ebto dije me lek\u00ebt publik\u00eb pik\u00ebrisht p\u00ebr k\u00ebt\u00eb dit\u00eb. P\u00ebr k\u00ebt\u00eb dite kur marr\u00ebzit\u00eb b\u00ebhen t\u00eb rrezikshme. Se fundi i fundit p\u00ebr \u00e7far\u00eb i do t\u00eb urt\u00ebt me mjekra dhe tituj shkencor\u00eb? Pik\u00ebrisht p\u00ebr k\u00ebto dite q\u00eb n\u00eb mos t\u2019i ndalojn\u00eb, t\u00eb pakt\u00ebn t\u2019i frenojn\u00eb t\u00eb pushtetshmit q\u00eb n\u00ebn delirin e madh\u00ebshtis\u00eb t\u00eb b\u00ebjn\u00eb d\u00ebme t\u00eb pariparueshme.<\/p>\n<p>Shteti i shqiptar\u00ebve, q\u00eb mbush 100 vjet, ka ngritur disa institucione, t\u00eb cilat merren me ruajtjen e trash\u00ebgimis\u00eb komb\u00ebtare si Institut Monumentesh, Drejtori Trash\u00ebgimie, Drejtori Rajonale, Institut Arkeologjie, Akademi Shkencash e m\u00eb the t\u00eb thash\u00eb. T\u00eb gjith\u00eb k\u00ebta burra dhe gra n\u00eb m\u00ebnyr\u00eb zyrtare duhet t\u2019i kishin th\u00ebn\u00eb t\u00eb parit ton\u00eb se n\u00eb asnj\u00eb lib\u00ebr, dokument, kart\u00eb nd\u00ebrkomb\u00ebtare restaurimesh, teori e k\u00ebshtu me radh\u00eb, nuk thuhet se nj\u00eb monument kulture mund ta shkul\u00ebsh dhe ta rib\u00ebsh p\u00ebrs\u00ebri diku tjet\u00ebr. Dikur n\u00eb koh\u00ebn e Partizanit Meke k\u00ebto gj\u00ebra edhe mund t\u00eb ndodhnin, por bota ka ecur shum\u00eb p\u00ebrpara dhe sot n\u00eb 2012 asnj\u00eb institucion nd\u00ebrkomb\u00ebtar i trash\u00ebgimis\u00eb kulturore nuk do ta g\u00eblltiste k\u00ebt\u00eb ndodhi q\u00eb b\u00ebhet n\u00eb em\u00ebr t\u00eb progresit.<\/p>\n<p>Por me sa duket edhe prej k\u00ebtyre zyrtar\u00ebve askush nuk foli.<\/p>\n<p>Po ku jan\u00eb profesor\u00ebt? Ku jan\u00eb drejtor\u00ebt e Trash\u00ebgimis\u00eb Kulturore? Ku \u00ebsht\u00eb ai djali q\u00eb ka ardhur nga Londra dhe flet gjithmon\u00eb p\u00ebr monumentet n\u00eb krah t\u00eb Ministrit? Ka par\u00eb ndonj\u00ebher\u00eb ai n\u00eb Lond\u00ebr q\u00eb t\u00eb shkulen kopshtet e Monumenteve t\u00eb Kultur\u00ebs dhe t\u00eb shkojn\u00eb e t\u2019i b\u00ebjn\u00eb gjetiu? Mir\u00eb k\u00ebta derdimenet e kultur\u00ebs q\u00eb heshtin dhe nuk b\u00ebjn\u00eb asnj\u00eb zhurm\u00eb se kan\u00eb frik\u00eb p\u00ebr buk\u00ebn e goj\u00ebs, po k\u00ebta t\u00eb tjer\u00ebt q\u00eb jan\u00eb shkolluar n\u00eb Per\u00ebndim? A kan\u00eb par\u00eb ndonj\u00ebri ndonj\u00eb gj\u00eb t\u00eb till\u00eb? A i shkul njeri Kopshtet e Versaj\u00ebs dhe i shp\u00ebrngul m\u00eb tutje? Po n\u00eb Firence? Po n\u00eb Vjen\u00eb?<\/p>\n<p>Si nuk e ruajn\u00eb xhan\u00ebm k\u00ebta njer\u00ebz Kryeministrin ton\u00eb nga k\u00ebto marr\u00ebzira? Si nuk i p\u00ebshp\u00ebrisin n\u00eb vesh dhe t\u2019i thon\u00eb se shkulja e Monumenteve t\u00eb Kultur\u00ebs n\u00eb koh\u00ebt moderne \u00ebsht\u00eb b\u00ebr\u00eb vet\u00ebm nga taliban\u00ebt?<\/p>\n<p>Mir\u00ebpo n\u00eb vend t\u00eb gjith\u00eb k\u00ebsaj aradhe t\u00eb gjat\u00eb profesor\u00ebsh e teknicien\u00ebsh t\u00eb kultur\u00ebs flasin plot zem\u00ebrim njer\u00ebz, t\u00eb cilat nuk jan\u00eb ve\u00e7se qytetar\u00eb t\u00eb thjesht\u00eb q\u00eb i dhemb ky shkat\u00ebrrim i trash\u00ebgimis\u00eb son\u00eb.<\/p>\n<p>Prandaj un\u00eb them q\u00eb zem\u00ebrimi i shoq\u00ebris\u00eb civile, inati i Lames n\u00eb televizionet e Tiran\u00ebs, shkrimet e Shkrelit e t\u00eb tjer\u00ebve i drejtohen kot Kryeministrit ton\u00eb t\u00eb dashur.<\/p>\n<p>Zem\u00ebrimi yn\u00eb me k\u00ebt\u00eb tragjedi q\u00eb po i ndodh i duhet drejtuar atyre q\u00eb n\u00eb em\u00ebr t\u00eb k\u00ebsaj trash\u00ebgimie b\u00ebn\u00eb karriere, mor\u00ebn tituj, brodh\u00ebn bot\u00ebn dhe sot nuk flasin. Atyre q\u00eb karrigen e marrin me vete nga nj\u00eb institucion n\u00eb tjetrin. Atyre q\u00eb shkruajn\u00eb letra anonime p\u00ebr t\u00eb gjith\u00eb ne q\u00eb me dashuri i kushtuam koh\u00eb dhe energji ruajtjes s\u00eb trash\u00ebgimis\u00eb kulturore. Atyre qe akoma dhe sot mendojn\u00eb se trash\u00ebgimia kulturore \u00ebsht\u00eb pron\u00eb e tyre dhe askush tjet\u00ebr nuk duhet t\u00eb flas\u00eb.<\/p>\n<p>Atyre q\u00eb nuk l\u00ebn\u00eb rast pa na shar\u00eb n\u00ebp\u00ebr media duke na akuzuar se nuk jemi t\u00eb fush\u00ebs apo nuk kemi mbaruar shkoll\u00ebn p\u00ebr at\u00eb pun\u00eb. Lame \u00ebsht\u00eb inxhinier, un\u00eb ushtarak, Shkreli ja fut kot, ai tjetri \u00ebsht\u00eb shofer e tjer\u00eb e t\u00eb tjer\u00eb. Po sot pa h\u00eb ku jeni o profesor\u00eb? Dikush k\u00ebrkon te shkul\u00eb nj\u00eb Monument Kulture dhe ta \u00e7oj\u00eb diku tjet\u00ebr dhe askush nga ju nuk flet. A ka p\u00ebr\u00e7udnim m\u00eb t\u00eb madh t\u00eb trash\u00ebgimis\u00eb se kjo?<\/p>\n<p>Keni ulur kok\u00ebn dhe t\u00eb turp\u00ebruar heshtni, keni frik\u00eb jo me nga \u00e7obani Meke dhe shok\u00ebt e tij t\u00eb malit, por nga Luli i Bashkise dhe Burri i Malit, t\u00eb cil\u00ebt sot n\u00eb 2012 mu n\u00eb syrin tuaj k\u00ebrkojn\u00eb t\u00eb shkat\u00ebrrojn\u00eb Pallatin Perandorak q\u00eb partizani Meke me opinga l\u00ebkure nuk pati tundimin ta prek\u00eb me dor\u00eb.<\/p>\n","protected":false},"excerpt":{"rendered":"<p>Nga Auron Tare, 18 Korrik 2012 \u201cUn\u00eb i b\u00ebj thirrje shoq\u00ebris\u00eb civile q\u00eb t\u00eb ngrej\u00eb nj\u00eb komision, krahas Institutit t\u00eb Monumenteve t\u00eb Kultur\u00ebs, p\u00ebr ta monitoruar gur\u00eb p\u00ebr gur\u00eb k\u00ebt\u00eb proces. E v\u00ebrteta \u00ebsht\u00eb se ajo arkitektur\u00eb q\u00eb, n\u00eb pamje t\u00eb par\u00eb mund t\u00eb mendohet se rib\u00ebhet me leht\u00ebsi, nuk ndodh k\u00ebshtu, pasi ajo \u00ebsht\u00eb [&hellip;]<\/p>\n","protected":false},"author":1,"featured_media":0,"comment_status":"open","ping_status":"closed","sticky":false,"template":"","format":"standard","meta":{"footnotes":""},"categories":[2],"tags":[],"class_list":{"0":"post-3897","1":"post","2":"type-post","3":"status-publish","4":"format-standard","6":"category-artikuj"},"yoast_head":"<!-- This site is optimized with the Yoast SEO plugin v27.4 - https:\/\/yoast.com\/product\/yoast-seo-wordpress\/ -->\n<title>Partizani Meke, Pallati i Perandorit dhe profesor\u00ebt e trash\u00ebgimis\u00eb - FjALA e LIR\u00cb - Arkivi<\/title>\n<meta name=\"robots\" content=\"index, follow, max-snippet:-1, max-image-preview:large, max-video-preview:-1\" \/>\n<link rel=\"canonical\" href=\"https:\/\/fjala.info\/2009-2015\/partizani-meke-pallati-i-perandorit-dhe-profesoret-e-trashegimise\/\" \/>\n<meta property=\"og:locale\" content=\"sq_AL\" \/>\n<meta property=\"og:type\" content=\"article\" \/>\n<meta property=\"og:title\" content=\"Partizani Meke, Pallati i Perandorit dhe profesor\u00ebt e trash\u00ebgimis\u00eb - FjALA e LIR\u00cb - Arkivi\" \/>\n<meta property=\"og:description\" content=\"Nga Auron Tare, 18 Korrik 2012 \u201cUn\u00eb i b\u00ebj thirrje shoq\u00ebris\u00eb civile q\u00eb t\u00eb ngrej\u00eb nj\u00eb komision, krahas Institutit t\u00eb Monumenteve t\u00eb Kultur\u00ebs, p\u00ebr ta monitoruar gur\u00eb p\u00ebr gur\u00eb k\u00ebt\u00eb proces. E v\u00ebrteta \u00ebsht\u00eb se ajo arkitektur\u00eb q\u00eb, n\u00eb pamje t\u00eb par\u00eb mund t\u00eb mendohet se rib\u00ebhet me leht\u00ebsi, nuk ndodh k\u00ebshtu, pasi ajo \u00ebsht\u00eb [&hellip;]\" \/>\n<meta property=\"og:url\" content=\"https:\/\/fjala.info\/2009-2015\/partizani-meke-pallati-i-perandorit-dhe-profesoret-e-trashegimise\/\" \/>\n<meta property=\"og:site_name\" content=\"FjALA e LIR\u00cb - Arkivi\" \/>\n<meta property=\"article:published_time\" content=\"2012-07-18T21:19:20+00:00\" \/>\n<meta property=\"og:image\" content=\"http:\/\/www.fjala.info\/2012\/auron_tare.jpg\" \/>\n<meta name=\"author\" content=\"admin\" \/>\n<meta name=\"twitter:card\" content=\"summary_large_image\" \/>\n<meta name=\"twitter:label1\" content=\"Written by\" \/>\n\t<meta name=\"twitter:data1\" content=\"admin\" \/>\n\t<meta name=\"twitter:label2\" content=\"Est. reading time\" \/>\n\t<meta name=\"twitter:data2\" content=\"7 minutes\" \/>\n<script type=\"application\/ld+json\" class=\"yoast-schema-graph\">{\"@context\":\"https:\\\/\\\/schema.org\",\"@graph\":[{\"@type\":\"Article\",\"@id\":\"https:\\\/\\\/fjala.info\\\/2009-2015\\\/partizani-meke-pallati-i-perandorit-dhe-profesoret-e-trashegimise\\\/#article\",\"isPartOf\":{\"@id\":\"https:\\\/\\\/fjala.info\\\/2009-2015\\\/partizani-meke-pallati-i-perandorit-dhe-profesoret-e-trashegimise\\\/\"},\"author\":{\"name\":\"admin\",\"@id\":\"https:\\\/\\\/fjala.info\\\/2009-2015\\\/#\\\/schema\\\/person\\\/3aa1163ef05469c496fc94e77611ada2\"},\"headline\":\"Partizani Meke, Pallati i Perandorit dhe profesor\u00ebt e trash\u00ebgimis\u00eb\",\"datePublished\":\"2012-07-18T21:19:20+00:00\",\"mainEntityOfPage\":{\"@id\":\"https:\\\/\\\/fjala.info\\\/2009-2015\\\/partizani-meke-pallati-i-perandorit-dhe-profesoret-e-trashegimise\\\/\"},\"wordCount\":1417,\"commentCount\":0,\"publisher\":{\"@id\":\"https:\\\/\\\/fjala.info\\\/2009-2015\\\/#organization\"},\"image\":{\"@id\":\"https:\\\/\\\/fjala.info\\\/2009-2015\\\/partizani-meke-pallati-i-perandorit-dhe-profesoret-e-trashegimise\\\/#primaryimage\"},\"thumbnailUrl\":\"http:\\\/\\\/www.fjala.info\\\/2012\\\/auron_tare.jpg\",\"articleSection\":[\"Artikuj\"],\"inLanguage\":\"sq-AL\",\"potentialAction\":[{\"@type\":\"CommentAction\",\"name\":\"Comment\",\"target\":[\"https:\\\/\\\/fjala.info\\\/2009-2015\\\/partizani-meke-pallati-i-perandorit-dhe-profesoret-e-trashegimise\\\/#respond\"]}]},{\"@type\":\"WebPage\",\"@id\":\"https:\\\/\\\/fjala.info\\\/2009-2015\\\/partizani-meke-pallati-i-perandorit-dhe-profesoret-e-trashegimise\\\/\",\"url\":\"https:\\\/\\\/fjala.info\\\/2009-2015\\\/partizani-meke-pallati-i-perandorit-dhe-profesoret-e-trashegimise\\\/\",\"name\":\"Partizani Meke, Pallati i Perandorit dhe profesor\u00ebt e trash\u00ebgimis\u00eb - FjALA e LIR\u00cb - Arkivi\",\"isPartOf\":{\"@id\":\"https:\\\/\\\/fjala.info\\\/2009-2015\\\/#website\"},\"primaryImageOfPage\":{\"@id\":\"https:\\\/\\\/fjala.info\\\/2009-2015\\\/partizani-meke-pallati-i-perandorit-dhe-profesoret-e-trashegimise\\\/#primaryimage\"},\"image\":{\"@id\":\"https:\\\/\\\/fjala.info\\\/2009-2015\\\/partizani-meke-pallati-i-perandorit-dhe-profesoret-e-trashegimise\\\/#primaryimage\"},\"thumbnailUrl\":\"http:\\\/\\\/www.fjala.info\\\/2012\\\/auron_tare.jpg\",\"datePublished\":\"2012-07-18T21:19:20+00:00\",\"breadcrumb\":{\"@id\":\"https:\\\/\\\/fjala.info\\\/2009-2015\\\/partizani-meke-pallati-i-perandorit-dhe-profesoret-e-trashegimise\\\/#breadcrumb\"},\"inLanguage\":\"sq-AL\",\"potentialAction\":[{\"@type\":\"ReadAction\",\"target\":[\"https:\\\/\\\/fjala.info\\\/2009-2015\\\/partizani-meke-pallati-i-perandorit-dhe-profesoret-e-trashegimise\\\/\"]}]},{\"@type\":\"ImageObject\",\"inLanguage\":\"sq-AL\",\"@id\":\"https:\\\/\\\/fjala.info\\\/2009-2015\\\/partizani-meke-pallati-i-perandorit-dhe-profesoret-e-trashegimise\\\/#primaryimage\",\"url\":\"http:\\\/\\\/www.fjala.info\\\/2012\\\/auron_tare.jpg\",\"contentUrl\":\"http:\\\/\\\/www.fjala.info\\\/2012\\\/auron_tare.jpg\"},{\"@type\":\"BreadcrumbList\",\"@id\":\"https:\\\/\\\/fjala.info\\\/2009-2015\\\/partizani-meke-pallati-i-perandorit-dhe-profesoret-e-trashegimise\\\/#breadcrumb\",\"itemListElement\":[{\"@type\":\"ListItem\",\"position\":1,\"name\":\"Home\",\"item\":\"https:\\\/\\\/fjala.info\\\/2009-2015\\\/\"},{\"@type\":\"ListItem\",\"position\":2,\"name\":\"Partizani Meke, Pallati i Perandorit dhe profesor\u00ebt e trash\u00ebgimis\u00eb\"}]},{\"@type\":\"WebSite\",\"@id\":\"https:\\\/\\\/fjala.info\\\/2009-2015\\\/#website\",\"url\":\"https:\\\/\\\/fjala.info\\\/2009-2015\\\/\",\"name\":\"FjALA e LIR\u00cb - Arkivi\",\"description\":\"Arkivi 2009-2015\",\"publisher\":{\"@id\":\"https:\\\/\\\/fjala.info\\\/2009-2015\\\/#organization\"},\"potentialAction\":[{\"@type\":\"SearchAction\",\"target\":{\"@type\":\"EntryPoint\",\"urlTemplate\":\"https:\\\/\\\/fjala.info\\\/2009-2015\\\/?s={search_term_string}\"},\"query-input\":{\"@type\":\"PropertyValueSpecification\",\"valueRequired\":true,\"valueName\":\"search_term_string\"}}],\"inLanguage\":\"sq-AL\"},{\"@type\":\"Organization\",\"@id\":\"https:\\\/\\\/fjala.info\\\/2009-2015\\\/#organization\",\"name\":\"FjALA e LIR\u00cb - Arkivi\",\"url\":\"https:\\\/\\\/fjala.info\\\/2009-2015\\\/\",\"logo\":{\"@type\":\"ImageObject\",\"inLanguage\":\"sq-AL\",\"@id\":\"https:\\\/\\\/fjala.info\\\/2009-2015\\\/#\\\/schema\\\/logo\\\/image\\\/\",\"url\":\"\",\"contentUrl\":\"\",\"caption\":\"FjALA e LIR\u00cb - Arkivi\"},\"image\":{\"@id\":\"https:\\\/\\\/fjala.info\\\/2009-2015\\\/#\\\/schema\\\/logo\\\/image\\\/\"}},{\"@type\":\"Person\",\"@id\":\"https:\\\/\\\/fjala.info\\\/2009-2015\\\/#\\\/schema\\\/person\\\/3aa1163ef05469c496fc94e77611ada2\",\"name\":\"admin\",\"image\":{\"@type\":\"ImageObject\",\"inLanguage\":\"sq-AL\",\"@id\":\"https:\\\/\\\/fjala.info\\\/2009-2015\\\/wp-content\\\/uploads\\\/2012\\\/02\\\/arben_cokaj-120x150.jpg\",\"url\":\"https:\\\/\\\/fjala.info\\\/2009-2015\\\/wp-content\\\/uploads\\\/2012\\\/02\\\/arben_cokaj-120x150.jpg\",\"contentUrl\":\"https:\\\/\\\/fjala.info\\\/2009-2015\\\/wp-content\\\/uploads\\\/2012\\\/02\\\/arben_cokaj-120x150.jpg\",\"caption\":\"admin\"},\"description\":\"Admin, Fjala e Lir\u00eb\",\"sameAs\":[\"https:\\\/\\\/fjala.info\\\/\"],\"url\":\"https:\\\/\\\/fjala.info\\\/2009-2015\\\/author\\\/admin\\\/\"}]}<\/script>\n<!-- \/ Yoast SEO plugin. -->","yoast_head_json":{"title":"Partizani Meke, Pallati i Perandorit dhe profesor\u00ebt e trash\u00ebgimis\u00eb - FjALA e LIR\u00cb - Arkivi","robots":{"index":"index","follow":"follow","max-snippet":"max-snippet:-1","max-image-preview":"max-image-preview:large","max-video-preview":"max-video-preview:-1"},"canonical":"https:\/\/fjala.info\/2009-2015\/partizani-meke-pallati-i-perandorit-dhe-profesoret-e-trashegimise\/","og_locale":"sq_AL","og_type":"article","og_title":"Partizani Meke, Pallati i Perandorit dhe profesor\u00ebt e trash\u00ebgimis\u00eb - FjALA e LIR\u00cb - Arkivi","og_description":"Nga Auron Tare, 18 Korrik 2012 \u201cUn\u00eb i b\u00ebj thirrje shoq\u00ebris\u00eb civile q\u00eb t\u00eb ngrej\u00eb nj\u00eb komision, krahas Institutit t\u00eb Monumenteve t\u00eb Kultur\u00ebs, p\u00ebr ta monitoruar gur\u00eb p\u00ebr gur\u00eb k\u00ebt\u00eb proces. E v\u00ebrteta \u00ebsht\u00eb se ajo arkitektur\u00eb q\u00eb, n\u00eb pamje t\u00eb par\u00eb mund t\u00eb mendohet se rib\u00ebhet me leht\u00ebsi, nuk ndodh k\u00ebshtu, pasi ajo \u00ebsht\u00eb [&hellip;]","og_url":"https:\/\/fjala.info\/2009-2015\/partizani-meke-pallati-i-perandorit-dhe-profesoret-e-trashegimise\/","og_site_name":"FjALA e LIR\u00cb - Arkivi","article_published_time":"2012-07-18T21:19:20+00:00","og_image":[{"url":"http:\/\/www.fjala.info\/2012\/auron_tare.jpg","type":"","width":"","height":""}],"author":"admin","twitter_card":"summary_large_image","twitter_misc":{"Written by":"admin","Est. reading time":"7 minutes"},"schema":{"@context":"https:\/\/schema.org","@graph":[{"@type":"Article","@id":"https:\/\/fjala.info\/2009-2015\/partizani-meke-pallati-i-perandorit-dhe-profesoret-e-trashegimise\/#article","isPartOf":{"@id":"https:\/\/fjala.info\/2009-2015\/partizani-meke-pallati-i-perandorit-dhe-profesoret-e-trashegimise\/"},"author":{"name":"admin","@id":"https:\/\/fjala.info\/2009-2015\/#\/schema\/person\/3aa1163ef05469c496fc94e77611ada2"},"headline":"Partizani Meke, Pallati i Perandorit dhe profesor\u00ebt e trash\u00ebgimis\u00eb","datePublished":"2012-07-18T21:19:20+00:00","mainEntityOfPage":{"@id":"https:\/\/fjala.info\/2009-2015\/partizani-meke-pallati-i-perandorit-dhe-profesoret-e-trashegimise\/"},"wordCount":1417,"commentCount":0,"publisher":{"@id":"https:\/\/fjala.info\/2009-2015\/#organization"},"image":{"@id":"https:\/\/fjala.info\/2009-2015\/partizani-meke-pallati-i-perandorit-dhe-profesoret-e-trashegimise\/#primaryimage"},"thumbnailUrl":"http:\/\/www.fjala.info\/2012\/auron_tare.jpg","articleSection":["Artikuj"],"inLanguage":"sq-AL","potentialAction":[{"@type":"CommentAction","name":"Comment","target":["https:\/\/fjala.info\/2009-2015\/partizani-meke-pallati-i-perandorit-dhe-profesoret-e-trashegimise\/#respond"]}]},{"@type":"WebPage","@id":"https:\/\/fjala.info\/2009-2015\/partizani-meke-pallati-i-perandorit-dhe-profesoret-e-trashegimise\/","url":"https:\/\/fjala.info\/2009-2015\/partizani-meke-pallati-i-perandorit-dhe-profesoret-e-trashegimise\/","name":"Partizani Meke, Pallati i Perandorit dhe profesor\u00ebt e trash\u00ebgimis\u00eb - FjALA e LIR\u00cb - Arkivi","isPartOf":{"@id":"https:\/\/fjala.info\/2009-2015\/#website"},"primaryImageOfPage":{"@id":"https:\/\/fjala.info\/2009-2015\/partizani-meke-pallati-i-perandorit-dhe-profesoret-e-trashegimise\/#primaryimage"},"image":{"@id":"https:\/\/fjala.info\/2009-2015\/partizani-meke-pallati-i-perandorit-dhe-profesoret-e-trashegimise\/#primaryimage"},"thumbnailUrl":"http:\/\/www.fjala.info\/2012\/auron_tare.jpg","datePublished":"2012-07-18T21:19:20+00:00","breadcrumb":{"@id":"https:\/\/fjala.info\/2009-2015\/partizani-meke-pallati-i-perandorit-dhe-profesoret-e-trashegimise\/#breadcrumb"},"inLanguage":"sq-AL","potentialAction":[{"@type":"ReadAction","target":["https:\/\/fjala.info\/2009-2015\/partizani-meke-pallati-i-perandorit-dhe-profesoret-e-trashegimise\/"]}]},{"@type":"ImageObject","inLanguage":"sq-AL","@id":"https:\/\/fjala.info\/2009-2015\/partizani-meke-pallati-i-perandorit-dhe-profesoret-e-trashegimise\/#primaryimage","url":"http:\/\/www.fjala.info\/2012\/auron_tare.jpg","contentUrl":"http:\/\/www.fjala.info\/2012\/auron_tare.jpg"},{"@type":"BreadcrumbList","@id":"https:\/\/fjala.info\/2009-2015\/partizani-meke-pallati-i-perandorit-dhe-profesoret-e-trashegimise\/#breadcrumb","itemListElement":[{"@type":"ListItem","position":1,"name":"Home","item":"https:\/\/fjala.info\/2009-2015\/"},{"@type":"ListItem","position":2,"name":"Partizani Meke, Pallati i Perandorit dhe profesor\u00ebt e trash\u00ebgimis\u00eb"}]},{"@type":"WebSite","@id":"https:\/\/fjala.info\/2009-2015\/#website","url":"https:\/\/fjala.info\/2009-2015\/","name":"FjALA e LIR\u00cb - Arkivi","description":"Arkivi 2009-2015","publisher":{"@id":"https:\/\/fjala.info\/2009-2015\/#organization"},"potentialAction":[{"@type":"SearchAction","target":{"@type":"EntryPoint","urlTemplate":"https:\/\/fjala.info\/2009-2015\/?s={search_term_string}"},"query-input":{"@type":"PropertyValueSpecification","valueRequired":true,"valueName":"search_term_string"}}],"inLanguage":"sq-AL"},{"@type":"Organization","@id":"https:\/\/fjala.info\/2009-2015\/#organization","name":"FjALA e LIR\u00cb - Arkivi","url":"https:\/\/fjala.info\/2009-2015\/","logo":{"@type":"ImageObject","inLanguage":"sq-AL","@id":"https:\/\/fjala.info\/2009-2015\/#\/schema\/logo\/image\/","url":"","contentUrl":"","caption":"FjALA e LIR\u00cb - Arkivi"},"image":{"@id":"https:\/\/fjala.info\/2009-2015\/#\/schema\/logo\/image\/"}},{"@type":"Person","@id":"https:\/\/fjala.info\/2009-2015\/#\/schema\/person\/3aa1163ef05469c496fc94e77611ada2","name":"admin","image":{"@type":"ImageObject","inLanguage":"sq-AL","@id":"https:\/\/fjala.info\/2009-2015\/wp-content\/uploads\/2012\/02\/arben_cokaj-120x150.jpg","url":"https:\/\/fjala.info\/2009-2015\/wp-content\/uploads\/2012\/02\/arben_cokaj-120x150.jpg","contentUrl":"https:\/\/fjala.info\/2009-2015\/wp-content\/uploads\/2012\/02\/arben_cokaj-120x150.jpg","caption":"admin"},"description":"Admin, Fjala e Lir\u00eb","sameAs":["https:\/\/fjala.info\/"],"url":"https:\/\/fjala.info\/2009-2015\/author\/admin\/"}]}},"_links":{"self":[{"href":"https:\/\/fjala.info\/2009-2015\/wp-json\/wp\/v2\/posts\/3897","targetHints":{"allow":["GET"]}}],"collection":[{"href":"https:\/\/fjala.info\/2009-2015\/wp-json\/wp\/v2\/posts"}],"about":[{"href":"https:\/\/fjala.info\/2009-2015\/wp-json\/wp\/v2\/types\/post"}],"author":[{"embeddable":true,"href":"https:\/\/fjala.info\/2009-2015\/wp-json\/wp\/v2\/users\/1"}],"replies":[{"embeddable":true,"href":"https:\/\/fjala.info\/2009-2015\/wp-json\/wp\/v2\/comments?post=3897"}],"version-history":[{"count":0,"href":"https:\/\/fjala.info\/2009-2015\/wp-json\/wp\/v2\/posts\/3897\/revisions"}],"wp:attachment":[{"href":"https:\/\/fjala.info\/2009-2015\/wp-json\/wp\/v2\/media?parent=3897"}],"wp:term":[{"taxonomy":"category","embeddable":true,"href":"https:\/\/fjala.info\/2009-2015\/wp-json\/wp\/v2\/categories?post=3897"},{"taxonomy":"post_tag","embeddable":true,"href":"https:\/\/fjala.info\/2009-2015\/wp-json\/wp\/v2\/tags?post=3897"}],"curies":[{"name":"wp","href":"https:\/\/api.w.org\/{rel}","templated":true}]}}