{"id":3894,"date":"2012-07-18T22:14:56","date_gmt":"2012-07-18T21:14:56","guid":{"rendered":"http:\/\/www.fjala.info\/?p=3894"},"modified":"2012-07-18T22:14:56","modified_gmt":"2012-07-18T21:14:56","slug":"tito-ka-helmuar-stalinin","status":"publish","type":"post","link":"https:\/\/fjala.info\/2009-2015\/tito-ka-helmuar-stalinin\/","title":{"rendered":"Tito ka helmuar Stalinin?"},"content":{"rendered":"<p><img decoding=\"async\" class=\"alignright size-thumbnail wp-image-7236\" title=\"Tito - Stalin\" src=\"http:\/\/www.fjala.info\/2012\/tito_stalin.jpg\" alt=\"\" width=\"210\" \/> <strong>TemA Online<\/strong>, <em>18 Korrik 2012<\/em><\/p>\n<p>Historiani slloven, Joze Pirjavec, n\u00eb librin e tij t\u00eb botuar koh\u00ebve t\u00eb fundit pohon se Stalini ishte i helmuar nga nj\u00eb vras\u00ebs i paguar nga Tito.<\/p>\n<p>Joseph Stalini n\u00eb vitin 1923 i ka d\u00ebrguar nj\u00eb let\u00ebr Byros\u00eb Politike, p\u00ebrmes s\u00eb cil\u00ebs informon se lideri tashm\u00eb i s\u00ebmur\u00eb, Vladimir Ilyich Lenin, ka k\u00ebrkuar nga ai nj\u00eb doz\u00eb t\u00eb cianidit vdekjeprur\u00ebs, p\u00ebr t\u2019i dh\u00ebn\u00eb fund agonis\u00eb dhe vdekjes s\u00eb ngadalt\u00eb.<\/p>\n<p>\u201cUn\u00eb nuk kam forc\u00eb p\u00ebr ta k\u00ebnaqur k\u00ebrkes\u00ebn e Leninit, andaj m\u00eb duhet ta refuzoj\u00eb k\u00ebt\u00eb mision, pa marr\u00eb parasysh se sa human dhe i nevojsh\u00ebm \u00ebsht\u00eb\u201d, ka shkruar Stalini.<\/p>\n<p>Lenini vdiq vitin e ardhsh\u00ebm, si pasoj\u00eb e sulmit n\u00eb tru. Konkluzioni tek i cili kan\u00eb arritur mjek\u00ebt \u00ebsht\u00eb se Lenini me t\u00eb v\u00ebrtet\u00eb ka mundur t\u00eb ket\u00eb sulm, si pasoj\u00eb e helmimit me cianid. Dyshohet se Stalini nuk ka ngurruar ndaj k\u00ebrkes\u00ebs e Leninit, sidomos pasi ai, n\u00eb rast t\u00eb vdekjes s\u00eb tij, do ta merrte kontrollin e Bashkimit Sovjetik.<\/p>\n<p>K\u00ebt\u00eb fakt, si pik\u00ebnisje p\u00ebr tez\u00ebn e tij, e p\u00ebrdori historiani slloven Joze Pirjavec, i cili koh\u00ebt e fundit botoi biografin\u00eb e Titos, \u201cTovaris\u201d, e cila ndjek 27 vitet e tij n\u00eb pushtet. Biografia \u00ebsht\u00eb bazuar n\u00eb dokumentacion t\u00eb gjer\u00eb, nga arkiva t\u00eb shumta, shum\u00eb prej t\u00eb cilave jan\u00eb neglizhuar dhe injoruar m\u00eb par\u00eb.<\/p>\n<p>N\u00eb mesin e shum\u00eb zbulimeve t\u00eb tij, Pirjavec jep sugjerimin se Tito, sipas t\u00eb gjitha gjasave, ka urdh\u00ebruar vrasjen e Stalinit me helm, i cili helm ka shkaktuar m\u00eb von\u00eb sulmin e tij n\u00eb tru. Ai thot\u00eb se Tito urdh\u00ebroi vras\u00ebsin p\u00ebr ta helmuar Stalinin, n\u00eb t\u00eb nj\u00ebjt\u00ebn m\u00ebnyr\u00eb si\u00e7 ka k\u00ebrkuar Lenini. Nd\u00ebrsa, shumica mendojn\u00eb se n\u00ebse Stalini e ka vrar\u00eb Leninin e Tito Stalinin, n\u00eb k\u00ebt\u00eb m\u00ebnyr\u00eb ka vepruar drejt\u00ebsia!:<\/p>\n<p>Kur vdiq Stalini m\u00eb 5 mars 1953 , n\u00eb zyr\u00ebn e tij \u00ebsht\u00eb gjetur letra paralajm\u00ebruese e Titos.<\/p>\n<p>Dihet paraprakisht se Stalini 22 her\u00eb u p\u00ebrpoq t\u00eb vriste Titon, sepse ata nuk pajtoheshin q\u00eb nga fundi i Luft\u00ebs s\u00eb Dyt\u00eb Bot\u00ebrore. Por, t\u00eb gjitha p\u00ebrpjekjet e k\u00ebtyre atentateve kan\u00eb d\u00ebshtuar, p\u00ebrfshir\u00eb rastin kur Stalini ia ka d\u00ebrguar nj\u00eb kuti p\u00ebr bizhuteri, e cila kur hapej l\u00ebshonte gaz nervor.<\/p>\n<p>N\u00eb letr\u00ebn e tij Tito ka paralajm\u00ebruar Stalinin se ai (Stalini) mund t\u00eb d\u00ebrgoj\u00eb sa t\u00eb doj\u00eb vras\u00ebs, por se atij (Titos) i mjafton vet\u00ebm nj\u00eb\u2026<\/p>\n<p>Historia fillon n\u00eb 28 shkurt 1953, at\u00ebher\u00eb kur Stalini i lodhur l\u00ebshon kabinetin dhe t\u00ebrhiqet n\u00eb sht\u00ebpin\u00eb e tij q\u00eb ndodhej n\u00eb periferi t\u00eb Mosk\u00ebs. Ai zhvilloi nj\u00eb takim me bashk\u00ebpun\u00ebtor\u00ebt e tij m\u00eb t\u00eb af\u00ebrt, p\u00ebrfshir\u00eb edhe kreun e policis\u00eb sekrete si dhe Nikita Khrushchevin \u2013 shefin e at\u00ebhersh\u00ebm t\u00eb partis\u00eb p\u00ebr Mosk\u00ebn.<\/p>\n<p>Sipas t\u00eb dh\u00ebnave historike, takimi zgjati deri n\u00eb or\u00ebn kat\u00ebr t\u00eb m\u00ebngjesit dhe asnj\u00eb prej t\u00eb pranishm\u00ebve nuk v\u00ebrejti se Stalini ndjehej keq. Stalini pastaj sigurimit ia dha \u201clirin\u00eb\u201d, duke i urdh\u00ebruar q\u00eb t\u00eb mos e zgjojn\u00eb nga gjumi.<\/p>\n<p>Stalini zakonisht \u00ebsht\u00eb zgjuar n\u00eb ora 06:30 t\u00eb m\u00ebngjesit. At\u00ebher\u00eb ka ftuar sigurimin q\u00eb t\u2019ia sjellin nj\u00eb \u00e7aj. Por, kjo nuk ndodhi k\u00ebshtu. Derisa truprojat ishin t\u00eb shqet\u00ebsuar, nuk kan\u00eb harruar se jan\u00eb urdh\u00ebruar q\u00eb t\u00eb mos e zgjojn\u00eb. N\u00eb at\u00eb koh\u00eb, shp\u00ebrfillja e urdhrave nd\u00ebshkohej, madje edhe me ekzekutime.<\/p>\n<p>Ata gjet\u00ebn Stalinin t\u00eb shtrir\u00eb n\u00eb dysheme, t\u00eb pal\u00ebvizsh\u00ebm, pa fuqin\u00eb p\u00ebr t\u00eb folur. Ai ishte ende gjall\u00eb. Ora e tij e thyer ishte ndalur n\u00eb 6:30, gj\u00eb q\u00eb tregon se n\u00eb at\u00eb koh\u00eb kishte p\u00ebsuar sulmin.<\/p>\n<p>Sigurimi edhe at\u00ebher\u00eb nuk guxonte q\u00eb t\u00eb ftonte mjekun, nga frika se tejkalojn\u00eb kompetencat q\u00eb kan\u00eb. Pas reflektimit t\u00eb gjat\u00eb, ata e telefonuan ministrin e sigurimit t\u00eb shtetit, i cili e ftoi shefin e policis\u00eb sekrete. Tek at\u00ebher\u00eb ka arritur mjeku (shum\u00eb historian\u00eb sot besojn\u00eb se ata q\u00ebllimisht e vonuan ardhjen e tij).<\/p>\n<p>Kur mjeku erdhi, Stalini ishte i paralizuar pjes\u00ebrisht, nd\u00ebrsa villte gjak. \u00c7do gj\u00eb tregonte se ai ka p\u00ebrjetuar nj\u00eb sulm t\u00eb r\u00ebnd n\u00eb tru. Stalini jetoi n\u00eb agoni p\u00ebr disa dit\u00eb, p\u00ebr t\u00eb vdekur m\u00eb 5 mars, si rezultat i problemeve me frym\u00ebmarrje.<\/p>\n<p>Pirjavec thekson se Stalini ishte i shqet\u00ebsuar seriozisht n\u00eb lidhje me k\u00ebrc\u00ebnimin e Titos, ndon\u00ebse mendimi i pranuar bot\u00ebrisht, q\u00eb mbizot\u00ebron edhe sot, \u00ebsht\u00eb se Stalini kishte edhe m\u00eb her\u00ebt sulme t\u00eb tilla n\u00eb tru dhe se sulmi i fundit nuk ishte befasues p\u00ebr ask\u00ebnd.<\/p>\n<p>Por, kur n\u00eb vitin 1955 Khrushchevi e viziton Beogradit, ai i ka k\u00ebrkuar falje Titos p\u00ebr t\u00eb gjitha atentatet, nd\u00ebrsa i jep mir\u00ebnjohje p\u00ebr gjith\u00e7ka q\u00eb ka mbijetuar.<\/p>\n<p>\u201cV\u00ebrtet, jeni ruajtur mir\u00eb. Keni njer\u00ebz t\u00eb mir\u00eb rreth vetes, spiun\u00eb t\u00eb mir\u00eb t\u00eb cil\u00ebt e dinin \u00e7do q\u00ebllim t\u00eb Stalinit\u201d, ka th\u00ebn\u00eb Khrushchev.<\/p>\n<p>\u201cStalini e dinte gjithmon\u00eb se sa mir\u00eb m\u00eb ruajn\u00eb. Pas paralajm\u00ebrimeve se ka d\u00ebrguar shum\u00eb vras\u00ebs, \u00ebsht\u00eb e qart\u00eb se edhe ai ka pas pak frik\u00eb\u201d, ia kthen Tito. \/<em>Telegrafi<\/em>\/<\/p>\n","protected":false},"excerpt":{"rendered":"<p>TemA Online, 18 Korrik 2012 Historiani slloven, Joze Pirjavec, n\u00eb librin e tij t\u00eb botuar koh\u00ebve t\u00eb fundit pohon se Stalini ishte i helmuar nga nj\u00eb vras\u00ebs i paguar nga Tito. Joseph Stalini n\u00eb vitin 1923 i ka d\u00ebrguar nj\u00eb let\u00ebr Byros\u00eb Politike, p\u00ebrmes s\u00eb cil\u00ebs informon se lideri tashm\u00eb i s\u00ebmur\u00eb, Vladimir Ilyich Lenin, [&hellip;]<\/p>\n","protected":false},"author":1,"featured_media":0,"comment_status":"open","ping_status":"closed","sticky":false,"template":"","format":"standard","meta":{"footnotes":""},"categories":[2],"tags":[],"class_list":{"0":"post-3894","1":"post","2":"type-post","3":"status-publish","4":"format-standard","6":"category-artikuj"},"yoast_head":"<!-- This site is optimized with the Yoast SEO plugin v27.4 - https:\/\/yoast.com\/product\/yoast-seo-wordpress\/ -->\n<title>Tito ka helmuar Stalinin? - FjALA e LIR\u00cb - Arkivi<\/title>\n<meta name=\"robots\" content=\"index, follow, max-snippet:-1, max-image-preview:large, max-video-preview:-1\" \/>\n<link rel=\"canonical\" href=\"https:\/\/fjala.info\/2009-2015\/tito-ka-helmuar-stalinin\/\" \/>\n<meta property=\"og:locale\" content=\"sq_AL\" \/>\n<meta property=\"og:type\" content=\"article\" \/>\n<meta property=\"og:title\" content=\"Tito ka helmuar Stalinin? - FjALA e LIR\u00cb - Arkivi\" \/>\n<meta property=\"og:description\" content=\"TemA Online, 18 Korrik 2012 Historiani slloven, Joze Pirjavec, n\u00eb librin e tij t\u00eb botuar koh\u00ebve t\u00eb fundit pohon se Stalini ishte i helmuar nga nj\u00eb vras\u00ebs i paguar nga Tito. Joseph Stalini n\u00eb vitin 1923 i ka d\u00ebrguar nj\u00eb let\u00ebr Byros\u00eb Politike, p\u00ebrmes s\u00eb cil\u00ebs informon se lideri tashm\u00eb i s\u00ebmur\u00eb, Vladimir Ilyich Lenin, [&hellip;]\" \/>\n<meta property=\"og:url\" content=\"https:\/\/fjala.info\/2009-2015\/tito-ka-helmuar-stalinin\/\" \/>\n<meta property=\"og:site_name\" content=\"FjALA e LIR\u00cb - Arkivi\" \/>\n<meta property=\"article:published_time\" content=\"2012-07-18T21:14:56+00:00\" \/>\n<meta property=\"og:image\" content=\"http:\/\/www.fjala.info\/2012\/tito_stalin.jpg\" \/>\n<meta name=\"author\" content=\"admin\" \/>\n<meta name=\"twitter:card\" content=\"summary_large_image\" \/>\n<meta name=\"twitter:label1\" content=\"Written by\" \/>\n\t<meta name=\"twitter:data1\" content=\"admin\" \/>\n\t<meta name=\"twitter:label2\" content=\"Est. reading time\" \/>\n\t<meta name=\"twitter:data2\" content=\"4 minutes\" \/>\n<script type=\"application\/ld+json\" class=\"yoast-schema-graph\">{\"@context\":\"https:\\\/\\\/schema.org\",\"@graph\":[{\"@type\":\"Article\",\"@id\":\"https:\\\/\\\/fjala.info\\\/2009-2015\\\/tito-ka-helmuar-stalinin\\\/#article\",\"isPartOf\":{\"@id\":\"https:\\\/\\\/fjala.info\\\/2009-2015\\\/tito-ka-helmuar-stalinin\\\/\"},\"author\":{\"name\":\"admin\",\"@id\":\"https:\\\/\\\/fjala.info\\\/2009-2015\\\/#\\\/schema\\\/person\\\/3aa1163ef05469c496fc94e77611ada2\"},\"headline\":\"Tito ka helmuar Stalinin?\",\"datePublished\":\"2012-07-18T21:14:56+00:00\",\"mainEntityOfPage\":{\"@id\":\"https:\\\/\\\/fjala.info\\\/2009-2015\\\/tito-ka-helmuar-stalinin\\\/\"},\"wordCount\":902,\"commentCount\":0,\"publisher\":{\"@id\":\"https:\\\/\\\/fjala.info\\\/2009-2015\\\/#organization\"},\"image\":{\"@id\":\"https:\\\/\\\/fjala.info\\\/2009-2015\\\/tito-ka-helmuar-stalinin\\\/#primaryimage\"},\"thumbnailUrl\":\"http:\\\/\\\/www.fjala.info\\\/2012\\\/tito_stalin.jpg\",\"articleSection\":[\"Artikuj\"],\"inLanguage\":\"sq-AL\",\"potentialAction\":[{\"@type\":\"CommentAction\",\"name\":\"Comment\",\"target\":[\"https:\\\/\\\/fjala.info\\\/2009-2015\\\/tito-ka-helmuar-stalinin\\\/#respond\"]}]},{\"@type\":\"WebPage\",\"@id\":\"https:\\\/\\\/fjala.info\\\/2009-2015\\\/tito-ka-helmuar-stalinin\\\/\",\"url\":\"https:\\\/\\\/fjala.info\\\/2009-2015\\\/tito-ka-helmuar-stalinin\\\/\",\"name\":\"Tito ka helmuar Stalinin? - FjALA e LIR\u00cb - Arkivi\",\"isPartOf\":{\"@id\":\"https:\\\/\\\/fjala.info\\\/2009-2015\\\/#website\"},\"primaryImageOfPage\":{\"@id\":\"https:\\\/\\\/fjala.info\\\/2009-2015\\\/tito-ka-helmuar-stalinin\\\/#primaryimage\"},\"image\":{\"@id\":\"https:\\\/\\\/fjala.info\\\/2009-2015\\\/tito-ka-helmuar-stalinin\\\/#primaryimage\"},\"thumbnailUrl\":\"http:\\\/\\\/www.fjala.info\\\/2012\\\/tito_stalin.jpg\",\"datePublished\":\"2012-07-18T21:14:56+00:00\",\"breadcrumb\":{\"@id\":\"https:\\\/\\\/fjala.info\\\/2009-2015\\\/tito-ka-helmuar-stalinin\\\/#breadcrumb\"},\"inLanguage\":\"sq-AL\",\"potentialAction\":[{\"@type\":\"ReadAction\",\"target\":[\"https:\\\/\\\/fjala.info\\\/2009-2015\\\/tito-ka-helmuar-stalinin\\\/\"]}]},{\"@type\":\"ImageObject\",\"inLanguage\":\"sq-AL\",\"@id\":\"https:\\\/\\\/fjala.info\\\/2009-2015\\\/tito-ka-helmuar-stalinin\\\/#primaryimage\",\"url\":\"http:\\\/\\\/www.fjala.info\\\/2012\\\/tito_stalin.jpg\",\"contentUrl\":\"http:\\\/\\\/www.fjala.info\\\/2012\\\/tito_stalin.jpg\"},{\"@type\":\"BreadcrumbList\",\"@id\":\"https:\\\/\\\/fjala.info\\\/2009-2015\\\/tito-ka-helmuar-stalinin\\\/#breadcrumb\",\"itemListElement\":[{\"@type\":\"ListItem\",\"position\":1,\"name\":\"Home\",\"item\":\"https:\\\/\\\/fjala.info\\\/2009-2015\\\/\"},{\"@type\":\"ListItem\",\"position\":2,\"name\":\"Tito ka helmuar Stalinin?\"}]},{\"@type\":\"WebSite\",\"@id\":\"https:\\\/\\\/fjala.info\\\/2009-2015\\\/#website\",\"url\":\"https:\\\/\\\/fjala.info\\\/2009-2015\\\/\",\"name\":\"FjALA e LIR\u00cb - Arkivi\",\"description\":\"Arkivi 2009-2015\",\"publisher\":{\"@id\":\"https:\\\/\\\/fjala.info\\\/2009-2015\\\/#organization\"},\"potentialAction\":[{\"@type\":\"SearchAction\",\"target\":{\"@type\":\"EntryPoint\",\"urlTemplate\":\"https:\\\/\\\/fjala.info\\\/2009-2015\\\/?s={search_term_string}\"},\"query-input\":{\"@type\":\"PropertyValueSpecification\",\"valueRequired\":true,\"valueName\":\"search_term_string\"}}],\"inLanguage\":\"sq-AL\"},{\"@type\":\"Organization\",\"@id\":\"https:\\\/\\\/fjala.info\\\/2009-2015\\\/#organization\",\"name\":\"FjALA e LIR\u00cb - Arkivi\",\"url\":\"https:\\\/\\\/fjala.info\\\/2009-2015\\\/\",\"logo\":{\"@type\":\"ImageObject\",\"inLanguage\":\"sq-AL\",\"@id\":\"https:\\\/\\\/fjala.info\\\/2009-2015\\\/#\\\/schema\\\/logo\\\/image\\\/\",\"url\":\"\",\"contentUrl\":\"\",\"caption\":\"FjALA e LIR\u00cb - Arkivi\"},\"image\":{\"@id\":\"https:\\\/\\\/fjala.info\\\/2009-2015\\\/#\\\/schema\\\/logo\\\/image\\\/\"}},{\"@type\":\"Person\",\"@id\":\"https:\\\/\\\/fjala.info\\\/2009-2015\\\/#\\\/schema\\\/person\\\/3aa1163ef05469c496fc94e77611ada2\",\"name\":\"admin\",\"image\":{\"@type\":\"ImageObject\",\"inLanguage\":\"sq-AL\",\"@id\":\"https:\\\/\\\/fjala.info\\\/2009-2015\\\/wp-content\\\/uploads\\\/2012\\\/02\\\/arben_cokaj-120x150.jpg\",\"url\":\"https:\\\/\\\/fjala.info\\\/2009-2015\\\/wp-content\\\/uploads\\\/2012\\\/02\\\/arben_cokaj-120x150.jpg\",\"contentUrl\":\"https:\\\/\\\/fjala.info\\\/2009-2015\\\/wp-content\\\/uploads\\\/2012\\\/02\\\/arben_cokaj-120x150.jpg\",\"caption\":\"admin\"},\"description\":\"Admin, Fjala e Lir\u00eb\",\"sameAs\":[\"https:\\\/\\\/fjala.info\\\/\"],\"url\":\"https:\\\/\\\/fjala.info\\\/2009-2015\\\/author\\\/admin\\\/\"}]}<\/script>\n<!-- \/ Yoast SEO plugin. -->","yoast_head_json":{"title":"Tito ka helmuar Stalinin? - FjALA e LIR\u00cb - Arkivi","robots":{"index":"index","follow":"follow","max-snippet":"max-snippet:-1","max-image-preview":"max-image-preview:large","max-video-preview":"max-video-preview:-1"},"canonical":"https:\/\/fjala.info\/2009-2015\/tito-ka-helmuar-stalinin\/","og_locale":"sq_AL","og_type":"article","og_title":"Tito ka helmuar Stalinin? - FjALA e LIR\u00cb - Arkivi","og_description":"TemA Online, 18 Korrik 2012 Historiani slloven, Joze Pirjavec, n\u00eb librin e tij t\u00eb botuar koh\u00ebve t\u00eb fundit pohon se Stalini ishte i helmuar nga nj\u00eb vras\u00ebs i paguar nga Tito. Joseph Stalini n\u00eb vitin 1923 i ka d\u00ebrguar nj\u00eb let\u00ebr Byros\u00eb Politike, p\u00ebrmes s\u00eb cil\u00ebs informon se lideri tashm\u00eb i s\u00ebmur\u00eb, Vladimir Ilyich Lenin, [&hellip;]","og_url":"https:\/\/fjala.info\/2009-2015\/tito-ka-helmuar-stalinin\/","og_site_name":"FjALA e LIR\u00cb - Arkivi","article_published_time":"2012-07-18T21:14:56+00:00","og_image":[{"url":"http:\/\/www.fjala.info\/2012\/tito_stalin.jpg","type":"","width":"","height":""}],"author":"admin","twitter_card":"summary_large_image","twitter_misc":{"Written by":"admin","Est. reading time":"4 minutes"},"schema":{"@context":"https:\/\/schema.org","@graph":[{"@type":"Article","@id":"https:\/\/fjala.info\/2009-2015\/tito-ka-helmuar-stalinin\/#article","isPartOf":{"@id":"https:\/\/fjala.info\/2009-2015\/tito-ka-helmuar-stalinin\/"},"author":{"name":"admin","@id":"https:\/\/fjala.info\/2009-2015\/#\/schema\/person\/3aa1163ef05469c496fc94e77611ada2"},"headline":"Tito ka helmuar Stalinin?","datePublished":"2012-07-18T21:14:56+00:00","mainEntityOfPage":{"@id":"https:\/\/fjala.info\/2009-2015\/tito-ka-helmuar-stalinin\/"},"wordCount":902,"commentCount":0,"publisher":{"@id":"https:\/\/fjala.info\/2009-2015\/#organization"},"image":{"@id":"https:\/\/fjala.info\/2009-2015\/tito-ka-helmuar-stalinin\/#primaryimage"},"thumbnailUrl":"http:\/\/www.fjala.info\/2012\/tito_stalin.jpg","articleSection":["Artikuj"],"inLanguage":"sq-AL","potentialAction":[{"@type":"CommentAction","name":"Comment","target":["https:\/\/fjala.info\/2009-2015\/tito-ka-helmuar-stalinin\/#respond"]}]},{"@type":"WebPage","@id":"https:\/\/fjala.info\/2009-2015\/tito-ka-helmuar-stalinin\/","url":"https:\/\/fjala.info\/2009-2015\/tito-ka-helmuar-stalinin\/","name":"Tito ka helmuar Stalinin? - FjALA e LIR\u00cb - Arkivi","isPartOf":{"@id":"https:\/\/fjala.info\/2009-2015\/#website"},"primaryImageOfPage":{"@id":"https:\/\/fjala.info\/2009-2015\/tito-ka-helmuar-stalinin\/#primaryimage"},"image":{"@id":"https:\/\/fjala.info\/2009-2015\/tito-ka-helmuar-stalinin\/#primaryimage"},"thumbnailUrl":"http:\/\/www.fjala.info\/2012\/tito_stalin.jpg","datePublished":"2012-07-18T21:14:56+00:00","breadcrumb":{"@id":"https:\/\/fjala.info\/2009-2015\/tito-ka-helmuar-stalinin\/#breadcrumb"},"inLanguage":"sq-AL","potentialAction":[{"@type":"ReadAction","target":["https:\/\/fjala.info\/2009-2015\/tito-ka-helmuar-stalinin\/"]}]},{"@type":"ImageObject","inLanguage":"sq-AL","@id":"https:\/\/fjala.info\/2009-2015\/tito-ka-helmuar-stalinin\/#primaryimage","url":"http:\/\/www.fjala.info\/2012\/tito_stalin.jpg","contentUrl":"http:\/\/www.fjala.info\/2012\/tito_stalin.jpg"},{"@type":"BreadcrumbList","@id":"https:\/\/fjala.info\/2009-2015\/tito-ka-helmuar-stalinin\/#breadcrumb","itemListElement":[{"@type":"ListItem","position":1,"name":"Home","item":"https:\/\/fjala.info\/2009-2015\/"},{"@type":"ListItem","position":2,"name":"Tito ka helmuar Stalinin?"}]},{"@type":"WebSite","@id":"https:\/\/fjala.info\/2009-2015\/#website","url":"https:\/\/fjala.info\/2009-2015\/","name":"FjALA e LIR\u00cb - Arkivi","description":"Arkivi 2009-2015","publisher":{"@id":"https:\/\/fjala.info\/2009-2015\/#organization"},"potentialAction":[{"@type":"SearchAction","target":{"@type":"EntryPoint","urlTemplate":"https:\/\/fjala.info\/2009-2015\/?s={search_term_string}"},"query-input":{"@type":"PropertyValueSpecification","valueRequired":true,"valueName":"search_term_string"}}],"inLanguage":"sq-AL"},{"@type":"Organization","@id":"https:\/\/fjala.info\/2009-2015\/#organization","name":"FjALA e LIR\u00cb - Arkivi","url":"https:\/\/fjala.info\/2009-2015\/","logo":{"@type":"ImageObject","inLanguage":"sq-AL","@id":"https:\/\/fjala.info\/2009-2015\/#\/schema\/logo\/image\/","url":"","contentUrl":"","caption":"FjALA e LIR\u00cb - Arkivi"},"image":{"@id":"https:\/\/fjala.info\/2009-2015\/#\/schema\/logo\/image\/"}},{"@type":"Person","@id":"https:\/\/fjala.info\/2009-2015\/#\/schema\/person\/3aa1163ef05469c496fc94e77611ada2","name":"admin","image":{"@type":"ImageObject","inLanguage":"sq-AL","@id":"https:\/\/fjala.info\/2009-2015\/wp-content\/uploads\/2012\/02\/arben_cokaj-120x150.jpg","url":"https:\/\/fjala.info\/2009-2015\/wp-content\/uploads\/2012\/02\/arben_cokaj-120x150.jpg","contentUrl":"https:\/\/fjala.info\/2009-2015\/wp-content\/uploads\/2012\/02\/arben_cokaj-120x150.jpg","caption":"admin"},"description":"Admin, Fjala e Lir\u00eb","sameAs":["https:\/\/fjala.info\/"],"url":"https:\/\/fjala.info\/2009-2015\/author\/admin\/"}]}},"_links":{"self":[{"href":"https:\/\/fjala.info\/2009-2015\/wp-json\/wp\/v2\/posts\/3894","targetHints":{"allow":["GET"]}}],"collection":[{"href":"https:\/\/fjala.info\/2009-2015\/wp-json\/wp\/v2\/posts"}],"about":[{"href":"https:\/\/fjala.info\/2009-2015\/wp-json\/wp\/v2\/types\/post"}],"author":[{"embeddable":true,"href":"https:\/\/fjala.info\/2009-2015\/wp-json\/wp\/v2\/users\/1"}],"replies":[{"embeddable":true,"href":"https:\/\/fjala.info\/2009-2015\/wp-json\/wp\/v2\/comments?post=3894"}],"version-history":[{"count":0,"href":"https:\/\/fjala.info\/2009-2015\/wp-json\/wp\/v2\/posts\/3894\/revisions"}],"wp:attachment":[{"href":"https:\/\/fjala.info\/2009-2015\/wp-json\/wp\/v2\/media?parent=3894"}],"wp:term":[{"taxonomy":"category","embeddable":true,"href":"https:\/\/fjala.info\/2009-2015\/wp-json\/wp\/v2\/categories?post=3894"},{"taxonomy":"post_tag","embeddable":true,"href":"https:\/\/fjala.info\/2009-2015\/wp-json\/wp\/v2\/tags?post=3894"}],"curies":[{"name":"wp","href":"https:\/\/api.w.org\/{rel}","templated":true}]}}