{"id":3892,"date":"2012-07-18T21:53:04","date_gmt":"2012-07-18T20:53:04","guid":{"rendered":"http:\/\/www.fjala.info\/?p=3892"},"modified":"2012-07-18T21:53:04","modified_gmt":"2012-07-18T20:53:04","slug":"te-zezat-e-malit-te-zi","status":"publish","type":"post","link":"https:\/\/fjala.info\/2009-2015\/te-zezat-e-malit-te-zi\/","title":{"rendered":"T\u00eb zezat e Malit t\u00eb Zi"},"content":{"rendered":"<p><img decoding=\"async\" class=\"alignleft size-thumbnail wp-image-7236\" title=\"Enver Robelli\" src=\"http:\/\/www.fjala.info\/2012\/enver_robelli.jpg\" alt=\"\" width=\"150\" \/> Nga <strong>Enver Robelli<\/strong>, <em>18 Korrik 2012<\/em><\/p>\n<p>Prej 1 korrikut nj\u00eb vend i vog\u00ebl do t\u00eb luaj\u00eb n\u00eb sken\u00ebn e madhe t\u00eb Evrop\u00ebs: n\u00eb gjasht\u00eb muaj e ardhsh\u00ebm Qiproja do t\u00eb jet\u00eb kryesuese e Bashkimit Evropian. Kthesa t\u00eb m\u00ebdha, zgjidhje problemesh dhe luftim efektiv i kriz\u00ebs nuk mund t\u00eb priten nga ky ishull n\u00eb Mesdhe. Ashtu si Greqia, Irlanda, Spanja, Portugalia, edhe Qiproja \u00ebsht\u00eb detyruar t\u00eb futet n\u00ebn ombrell\u00ebn shp\u00ebtimtare t\u00eb euros. Nj\u00ebkoh\u00ebsisht Bashkimi Evropian n\u00eb fillim t\u00eb muajit i ka hapur portat p\u00ebr an\u00ebtar\u00ebsim nj\u00eb vendi tjet\u00ebr, po ashtu t\u00eb vog\u00ebl. \u201cNegociatat me Malin e Zi mund t\u00eb fillojn\u00eb\u201d, tha kryetari i K\u00ebshillit t\u00eb BE-s\u00eb, Herman Van Rompuy, n\u00eb margjinat e Samitit t\u00eb fundit t\u00eb BE-s\u00eb.<\/p>\n<p>N\u00eb Bruksel lajmi i mir\u00eb p\u00ebr Malin e Zi u mbyt nga zhurma dhe ankesat mbi borxhet dhe krizat e nj\u00ebpasnj\u00ebshme t\u00eb euros, krizat ekonomike, krizat n\u00eb tregun e pun\u00ebs etj. N\u00eb Podgoric\u00eb, nd\u00ebrkaq, g\u00ebzimi qe i madh mbi suksesin e r\u00ebnd\u00ebsish\u00ebm n\u00eb politik\u00ebn e jashtme t\u00eb Malit t\u00eb Zi. Aq i madh qe g\u00ebzimi, saq\u00eb ministri i Jasht\u00ebm, Milan Ro\u00e7en, paralajm\u00ebroi dor\u00ebheqjen. Ai tha se me hapjen e negociatave \u00ebsht\u00eb mbyllur nj\u00eb kapitull thelb\u00ebsor i integrimit t\u00eb vendit t\u00eb tij n\u00eb strukturat per\u00ebndimore. Tani, tha Ro\u00e7en, ka ardhur koha q\u00eb njer\u00ebz t\u00eb rinj t\u00eb marrin p\u00ebrgjegj\u00ebsi.<\/p>\n<p><strong>\u201cBankomati\u201d i Gjukanoviqit<\/strong><\/p>\n<p>\u00cbsht\u00eb mbase jo fort e domosdoshme t\u00eb theksohet se Ro\u00e7en ka t\u00eb drejt\u00eb: Malit t\u00eb Zi i duhen n\u00eb shum\u00eb poste t\u00eb r\u00ebnd\u00ebsishme njer\u00ebz t\u00eb rinj, t\u00eb paharxhuar, me duar t\u00eb pastra dhe me plane t\u00eb qarta. Mali i Zi q\u00eb nga fillimi i viteve 90 sundohet (disa thon\u00eb pla\u00e7kitet) nga e nj\u00ebjta klas\u00eb politike. Presidenti dhe kryeministri shum\u00ebvje\u00e7ar Milo Gjukanoviq ka qen\u00eb i njohur n\u00eb aren\u00ebn nd\u00ebrkomb\u00ebtare p\u00ebr shkak se drejt\u00ebsia italiane kishte nisur hetimet kund\u00ebr tij p\u00ebr shkak t\u00eb dyshimit p\u00ebr kontraband\u00eb me cigare. Gjukanoviq \u00ebsht\u00eb akuzuar shpesh se gjat\u00eb luft\u00ebrave ballkanike n\u00eb vitet 90 e kishte mbushur ark\u00ebn e shtetit edhe me para nga bizneset ilegale.<\/p>\n<p>Por Gjukanoviq ka arritur t\u2019i shp\u00ebtoj\u00eb dor\u00ebs s\u00eb drejt\u00ebsis\u00eb \u2013 fal\u00eb imunitetit t\u00eb tij. N\u00eb fund t\u00eb vitit 2010 ai u t\u00ebrhoq nga posti i kryeministrit dhe tha se po e b\u00ebnte k\u00ebt\u00eb, ngase ishte i lodhur dhe tani po synonte t\u00eb nd\u00ebrtonte nj\u00eb karrier\u00eb n\u00eb fush\u00ebn e ekonomis\u00eb. Kjo ishte vet\u00ebm gjysma e s\u00eb v\u00ebrtet\u00ebs: Gjukanoviq ende kontrollon jo vet\u00ebm shum\u00eb biznese n\u00eb vend, por edhe politik\u00ebn. Ai ende \u00ebsht\u00eb kryetar i partis\u00eb n\u00eb pushtet, e cila e quan veten Partia Demokratike e Socialist\u00ebve (DPS) dhe e cila shpesh n\u00eb m\u00ebnyr\u00eb jodemokratike vendos mbi privatizimet dhe nd\u00ebrtimet.<\/p>\n<p>N\u00eb dy dekadat e fundit n\u00eb Mal t\u00eb Zi \u00ebsht\u00eb krijuar nj\u00eb sistem klientelizmi, patronazhi dhe korrupsioni, i cili jo vet\u00ebm diplomat\u00ebve t\u00eb BE-s\u00eb, por edhe strukturave t\u00eb siguris\u00eb n\u00eb Evrop\u00ebn Per\u00ebndimore u shkakton kok\u00eb\u00e7arje. S\u00eb fundi rrjeti i gazetar\u00ebve Organized Crime and Corruption Reporting Project (OCCRP) ka publikuar rezultatet e nj\u00eb hulumtimi t\u00eb gjer\u00eb; mes t\u00eb tjerash n\u00eb sh\u00ebnjest\u00ebr t\u00eb gazetar\u00ebve investigativ\u00eb ishte edhe instituti financiar \u201cPrva Banka\u201d, q\u00eb dyshohet t\u00eb ket\u00eb keqp\u00ebrdorur mjete t\u00eb ark\u00ebs shtet\u00ebrore. Kjo bank\u00eb \u00ebsht\u00eb pron\u00eb e familjes Gjukanoviq, shef i saj \u00ebsht\u00eb v\u00ebllai i Milo Gjukanoviqit. Gazetarja Miranda Petru\u00e7iq shpjegon se Gjukanoviq dhe njer\u00ebzit e besuesh\u00ebm t\u00eb tij e kan\u00eb p\u00ebrdorur k\u00ebt\u00eb bank\u00eb si \u201cbankomat dhe burim parash\u201d. Sipas raportit t\u00eb OCCRP, banka u ka l\u00ebshuar kredi para s\u00eb gjithash biznesmen\u00ebve t\u00eb lidhur me Gjukanoviqin, por edhe personave t\u00eb dyshuar p\u00ebr tregti me drog\u00eb dhe cigare.<\/p>\n<p><strong>Madonna p\u00ebr 5.3 milion\u00eb euro<\/strong><\/p>\n<p>Po ashtu disa prej nd\u00ebrmarrjeve t\u00eb r\u00ebnd\u00ebsishme qeveria ua ka shitur investitor\u00ebve t\u00eb dyshimt\u00eb. \u201cPronar\u00ebt e rinj shpesh jan\u00eb njer\u00ebz q\u00eb kurr\u00eb nuk kan\u00eb investuar n\u00eb biznese legale\u201d, thot\u00eb Zoran Radulloviq nga revista e pavarur \u201cMonitor\u201d. Nd\u00ebrmarrjen m\u00eb t\u00eb madhe industriale, Kombinatin e Aluminit n\u00eb Podgoric\u00eb, pushteti ia ka shitur nj\u00eb oligarki rus \u2013 dhe \u00ebsht\u00eb detyruar t\u2019i v\u00ebr\u00eb n\u00eb dispozicion mbi 100 milion\u00eb euro p\u00ebr t\u00eb siguruar prodhimin. Nj\u00eb shembull tjet\u00ebr p\u00ebr politik\u00ebn e gabueshme t\u00eb privatizimit \u00ebsht\u00eb kriporja n\u00eb Ulqin, thot\u00eb Radulloviq. Menj\u00ebher\u00eb pasi ishte shitur, nxjerrja e krip\u00ebs u nd\u00ebrpre, sepse pronari i ri me gjas\u00eb s\u2019kishte para p\u00ebr investimet e domosdoshme.<\/p>\n<p>P\u00ebrkund\u00ebr gjendjes s\u00eb keqe ekonomike, shteti n\u00eb vitin 2008 harxhoi 5.3 milion\u00eb euro p\u00ebr nj\u00eb koncert t\u00eb k\u00ebng\u00ebtares amerikane Madonna n\u00eb qytetin bregdetar t\u00eb Budv\u00ebs. K\u00ebt\u00eb e kan\u00eb zbuluar tani gazetar\u00ebt hulumtues t\u00eb rrjetit OCCRP. P\u00ebr t\u2019i qet\u00ebsuar kritik\u00ebt, p\u00ebrfaq\u00ebsuesit e qeveris\u00eb at\u00ebbot\u00eb kishin th\u00ebn\u00eb se koncerti i Madonn\u00ebs do t\u00eb paguhej nga sponsor\u00ebt. Edhe n\u00eb k\u00ebt\u00eb rast \u201cPrva Banka\u201d e familjes Gjukanoviq ishte urdh\u00ebruar me gjas\u00eb nga pushteti t\u00eb organizonte transferin e honorarit p\u00ebr Madonn\u00ebn dhe trup\u00ebn e saj.<\/p>\n<p>P\u00ebrball\u00eb k\u00ebsaj situate revista amerikane \u201cForeign Affairs\u201d e quajti Malin e Zi s\u00eb fundi nj\u00eb \u201cshtet mafioz\u201d. N\u00eb fund t\u00eb qershorit Fondacioni p\u00ebr Shkenc\u00eb dhe Politik\u00eb (SWP) me seli n\u00eb Berlin n\u00eb nj\u00eb studim t\u00eb shkurt\u00ebr arriti n\u00eb p\u00ebrfundim se p\u00ebrkund\u00ebr indikacioneve p\u00ebr korrupsion politik dhe krim t\u00eb organizuar n\u00eb Malin e Zi nuk nd\u00ebrmerren masa sistematike politike dhe juridike. Pak\u00ebnaq\u00ebsia e popullsis\u00eb \u00ebsht\u00eb n\u00eb rritje: n\u00eb mars n\u00eb Podgoric\u00eb protestuan mbi 15 mij\u00eb qytetar\u00eb kund\u00ebr korrupsionit dhe keqp\u00ebrdorimeve. Lufta kund\u00ebr k\u00ebtyre t\u00eb k\u00ebqijave n\u00eb Malin e Zi me vet\u00ebm 620 mij\u00eb banor\u00eb \u00ebsht\u00eb shpesh e v\u00ebshtir\u00eb: atje pothuaj secili e njeh tjetrin dhe nepotizmi \u00ebsht\u00eb stil jete.<\/p>\n<p><strong>Viti 2020<\/strong><\/p>\n<p>Derisa Mali i Zi t\u00eb plot\u00ebsoj\u00eb kushtet p\u00ebr an\u00ebtar\u00ebsim n\u00eb BE me siguri do t\u00eb kalojn\u00eb shum\u00eb vite. N\u00eb vitin 2003, kur n\u00eb Samitin e Selanikut BE-ja ua kishte ofruar nj\u00eb perspektiv\u00eb evropiane t\u00eb gjitha vendeve t\u00eb Ballkanit, ishte paralajm\u00ebruar se n\u00eb vitin 2014 \u2013 n\u00eb 100-vjetorin e atentatit n\u00eb Sarajev\u00eb \u2013 do t\u00eb p\u00ebrmbyllej zgjerimi i BE-s\u00eb \u2013 nga Sllovenia n\u00eb Maqedoni. Nga ky cak BE-ja \u00ebsht\u00eb larg. Nga nj\u00ebra an\u00eb rajoni ende stagnon dhe vuan nga krimi e korrupsioni, nga elitat pla\u00e7kit\u00ebse dhe politikan\u00ebt e pap\u00ebrgjegjsh\u00ebm, t\u00eb cil\u00ebt p\u00ebrve\u00e7 fjal\u00ebve boshe shpesh nuk nd\u00ebrmarrin ndonj\u00eb mas\u00eb apo reform\u00eb p\u00ebr evropianizimin e vendeve t\u00eb tyre.<\/p>\n<p>Nga ana tjet\u00ebr kriza n\u00eb BE ka b\u00ebr\u00eb q\u00eb duksh\u00ebm t\u00eb bie entuziazmi p\u00ebr zgjerim. Po ashtu nuk duhet harruar nj\u00eb faktor tjet\u00ebr: n\u00eb Bruksel jo pak diplomat\u00eb ende jan\u00eb t\u00eb tronditur me pranimin para kohe t\u00eb Bullgaris\u00eb dhe Rumanis\u00eb n\u00eb BE. N\u00eb k\u00ebto dy vende ende nuk \u00ebsht\u00eb konsoliduar as demokracia, as lufta kund\u00ebr korrupsionit. K\u00ebto dit\u00eb n\u00eb Rumani po b\u00ebhen p\u00ebrpjekje nga ish-komunist\u00ebt p\u00ebr demontimin e t\u00eb gjitha institucioneve t\u00eb pavarura shtet\u00ebrore. Pas an\u00ebtar\u00ebsimit t\u00eb Kroacis\u00eb m\u00eb 1 korrik 2013 duket se vendet e tjera t\u00eb rajonit duhet t\u00eb presin gjat\u00eb. Si vit orientues p\u00ebrmendet 2020! P\u00ebr disa vende si Bosnj\u00eb-Hercegovina, Shqip\u00ebria dhe Kosova rrug\u00ebtimi drejt BE-s\u00eb mund t\u00eb zgjas\u00eb shum\u00eb vite p\u00ebrtej 2020, n\u00ebse vazhdon ky trend i degradimit t\u00eb politik\u00ebs dhe i shnd\u00ebrrimit t\u00eb saj vet\u00ebm n\u00eb sinonim p\u00ebr korrupsion, pla\u00e7kitje t\u00eb resurseve shtet\u00ebrore dhe demontim t\u00eb demokracis\u00eb.<\/p>\n<p>N\u00eb rastin e Malit t\u00eb Zi, BE-ja madje i ka ndryshuar rregullat e an\u00ebtar\u00ebsimit: n\u00eb t\u00eb ardhmen kapitujt 23 dhe 24 (t\u00eb drejtat themelore dhe drejt\u00ebsia) do t\u00eb luajn\u00eb rolin ky\u00e7. Ato po ashtu do t\u00eb hapen s\u00eb pari dhe do t\u00eb mbyllen t\u00eb fundit. \u201cBE-ja duhet t\u00eb shfryt\u00ebzoj\u00eb rastin q\u00eb ofrohet n\u00eb Mal t\u00eb Zi. N\u00eb vendet e tjera t\u00eb rajonit protagonist\u00ebt politik\u00eb dhe shoq\u00ebror\u00eb po shikojn\u00eb shum\u00eb qart\u00eb n\u00ebse BE-ja e ka seriozisht kur i shpall luft\u00eb korrupsionit\u201d, thuhet n\u00eb analiz\u00ebn e Fondacioni p\u00ebr Shkenc\u00eb dhe Politik\u00eb me seli n\u00eb Berlin. Ky fondacion k\u00ebrkon nga BE-ja sidomos monitorimin e proceseve gjyq\u00ebsore kund\u00ebr politikan\u00ebve t\u00eb korruptuar dhe oligark\u00ebve, si dhe mb\u00ebshtetjen e prokuror\u00ebve, polic\u00ebve dhe gazetar\u00ebve, t\u00eb cil\u00ebt n\u00eb nivel lokal zbulojn\u00eb raste t\u00eb korrupsionit dhe t\u00eb keqp\u00ebrdorimit t\u00eb pushtetit.<\/p>\n","protected":false},"excerpt":{"rendered":"<p>Nga Enver Robelli, 18 Korrik 2012 Prej 1 korrikut nj\u00eb vend i vog\u00ebl do t\u00eb luaj\u00eb n\u00eb sken\u00ebn e madhe t\u00eb Evrop\u00ebs: n\u00eb gjasht\u00eb muaj e ardhsh\u00ebm Qiproja do t\u00eb jet\u00eb kryesuese e Bashkimit Evropian. Kthesa t\u00eb m\u00ebdha, zgjidhje problemesh dhe luftim efektiv i kriz\u00ebs nuk mund t\u00eb priten nga ky ishull n\u00eb Mesdhe. Ashtu [&hellip;]<\/p>\n","protected":false},"author":1,"featured_media":0,"comment_status":"open","ping_status":"closed","sticky":false,"template":"","format":"standard","meta":{"footnotes":""},"categories":[2],"tags":[],"class_list":{"0":"post-3892","1":"post","2":"type-post","3":"status-publish","4":"format-standard","6":"category-artikuj"},"yoast_head":"<!-- This site is optimized with the Yoast SEO plugin v27.4 - https:\/\/yoast.com\/product\/yoast-seo-wordpress\/ -->\n<title>T\u00eb zezat e Malit t\u00eb Zi - FjALA e LIR\u00cb - Arkivi<\/title>\n<meta name=\"robots\" content=\"index, follow, max-snippet:-1, max-image-preview:large, max-video-preview:-1\" \/>\n<link rel=\"canonical\" href=\"https:\/\/fjala.info\/2009-2015\/te-zezat-e-malit-te-zi\/\" \/>\n<meta property=\"og:locale\" content=\"sq_AL\" \/>\n<meta property=\"og:type\" content=\"article\" \/>\n<meta property=\"og:title\" content=\"T\u00eb zezat e Malit t\u00eb Zi - FjALA e LIR\u00cb - Arkivi\" \/>\n<meta property=\"og:description\" content=\"Nga Enver Robelli, 18 Korrik 2012 Prej 1 korrikut nj\u00eb vend i vog\u00ebl do t\u00eb luaj\u00eb n\u00eb sken\u00ebn e madhe t\u00eb Evrop\u00ebs: n\u00eb gjasht\u00eb muaj e ardhsh\u00ebm Qiproja do t\u00eb jet\u00eb kryesuese e Bashkimit Evropian. Kthesa t\u00eb m\u00ebdha, zgjidhje problemesh dhe luftim efektiv i kriz\u00ebs nuk mund t\u00eb priten nga ky ishull n\u00eb Mesdhe. Ashtu [&hellip;]\" \/>\n<meta property=\"og:url\" content=\"https:\/\/fjala.info\/2009-2015\/te-zezat-e-malit-te-zi\/\" \/>\n<meta property=\"og:site_name\" content=\"FjALA e LIR\u00cb - Arkivi\" \/>\n<meta property=\"article:published_time\" content=\"2012-07-18T20:53:04+00:00\" \/>\n<meta property=\"og:image\" content=\"http:\/\/www.fjala.info\/2012\/enver_robelli.jpg\" \/>\n<meta name=\"author\" content=\"admin\" \/>\n<meta name=\"twitter:card\" content=\"summary_large_image\" \/>\n<meta name=\"twitter:label1\" content=\"Written by\" \/>\n\t<meta name=\"twitter:data1\" content=\"admin\" \/>\n\t<meta name=\"twitter:label2\" content=\"Est. reading time\" \/>\n\t<meta name=\"twitter:data2\" content=\"7 minutes\" \/>\n<script type=\"application\/ld+json\" class=\"yoast-schema-graph\">{\"@context\":\"https:\\\/\\\/schema.org\",\"@graph\":[{\"@type\":\"Article\",\"@id\":\"https:\\\/\\\/fjala.info\\\/2009-2015\\\/te-zezat-e-malit-te-zi\\\/#article\",\"isPartOf\":{\"@id\":\"https:\\\/\\\/fjala.info\\\/2009-2015\\\/te-zezat-e-malit-te-zi\\\/\"},\"author\":{\"name\":\"admin\",\"@id\":\"https:\\\/\\\/fjala.info\\\/2009-2015\\\/#\\\/schema\\\/person\\\/3aa1163ef05469c496fc94e77611ada2\"},\"headline\":\"T\u00eb zezat e Malit t\u00eb Zi\",\"datePublished\":\"2012-07-18T20:53:04+00:00\",\"mainEntityOfPage\":{\"@id\":\"https:\\\/\\\/fjala.info\\\/2009-2015\\\/te-zezat-e-malit-te-zi\\\/\"},\"wordCount\":1444,\"commentCount\":0,\"publisher\":{\"@id\":\"https:\\\/\\\/fjala.info\\\/2009-2015\\\/#organization\"},\"image\":{\"@id\":\"https:\\\/\\\/fjala.info\\\/2009-2015\\\/te-zezat-e-malit-te-zi\\\/#primaryimage\"},\"thumbnailUrl\":\"http:\\\/\\\/www.fjala.info\\\/2012\\\/enver_robelli.jpg\",\"articleSection\":[\"Artikuj\"],\"inLanguage\":\"sq-AL\",\"potentialAction\":[{\"@type\":\"CommentAction\",\"name\":\"Comment\",\"target\":[\"https:\\\/\\\/fjala.info\\\/2009-2015\\\/te-zezat-e-malit-te-zi\\\/#respond\"]}]},{\"@type\":\"WebPage\",\"@id\":\"https:\\\/\\\/fjala.info\\\/2009-2015\\\/te-zezat-e-malit-te-zi\\\/\",\"url\":\"https:\\\/\\\/fjala.info\\\/2009-2015\\\/te-zezat-e-malit-te-zi\\\/\",\"name\":\"T\u00eb zezat e Malit t\u00eb Zi - FjALA e LIR\u00cb - Arkivi\",\"isPartOf\":{\"@id\":\"https:\\\/\\\/fjala.info\\\/2009-2015\\\/#website\"},\"primaryImageOfPage\":{\"@id\":\"https:\\\/\\\/fjala.info\\\/2009-2015\\\/te-zezat-e-malit-te-zi\\\/#primaryimage\"},\"image\":{\"@id\":\"https:\\\/\\\/fjala.info\\\/2009-2015\\\/te-zezat-e-malit-te-zi\\\/#primaryimage\"},\"thumbnailUrl\":\"http:\\\/\\\/www.fjala.info\\\/2012\\\/enver_robelli.jpg\",\"datePublished\":\"2012-07-18T20:53:04+00:00\",\"breadcrumb\":{\"@id\":\"https:\\\/\\\/fjala.info\\\/2009-2015\\\/te-zezat-e-malit-te-zi\\\/#breadcrumb\"},\"inLanguage\":\"sq-AL\",\"potentialAction\":[{\"@type\":\"ReadAction\",\"target\":[\"https:\\\/\\\/fjala.info\\\/2009-2015\\\/te-zezat-e-malit-te-zi\\\/\"]}]},{\"@type\":\"ImageObject\",\"inLanguage\":\"sq-AL\",\"@id\":\"https:\\\/\\\/fjala.info\\\/2009-2015\\\/te-zezat-e-malit-te-zi\\\/#primaryimage\",\"url\":\"http:\\\/\\\/www.fjala.info\\\/2012\\\/enver_robelli.jpg\",\"contentUrl\":\"http:\\\/\\\/www.fjala.info\\\/2012\\\/enver_robelli.jpg\"},{\"@type\":\"BreadcrumbList\",\"@id\":\"https:\\\/\\\/fjala.info\\\/2009-2015\\\/te-zezat-e-malit-te-zi\\\/#breadcrumb\",\"itemListElement\":[{\"@type\":\"ListItem\",\"position\":1,\"name\":\"Home\",\"item\":\"https:\\\/\\\/fjala.info\\\/2009-2015\\\/\"},{\"@type\":\"ListItem\",\"position\":2,\"name\":\"T\u00eb zezat e Malit t\u00eb Zi\"}]},{\"@type\":\"WebSite\",\"@id\":\"https:\\\/\\\/fjala.info\\\/2009-2015\\\/#website\",\"url\":\"https:\\\/\\\/fjala.info\\\/2009-2015\\\/\",\"name\":\"FjALA e LIR\u00cb - Arkivi\",\"description\":\"Arkivi 2009-2015\",\"publisher\":{\"@id\":\"https:\\\/\\\/fjala.info\\\/2009-2015\\\/#organization\"},\"potentialAction\":[{\"@type\":\"SearchAction\",\"target\":{\"@type\":\"EntryPoint\",\"urlTemplate\":\"https:\\\/\\\/fjala.info\\\/2009-2015\\\/?s={search_term_string}\"},\"query-input\":{\"@type\":\"PropertyValueSpecification\",\"valueRequired\":true,\"valueName\":\"search_term_string\"}}],\"inLanguage\":\"sq-AL\"},{\"@type\":\"Organization\",\"@id\":\"https:\\\/\\\/fjala.info\\\/2009-2015\\\/#organization\",\"name\":\"FjALA e LIR\u00cb - Arkivi\",\"url\":\"https:\\\/\\\/fjala.info\\\/2009-2015\\\/\",\"logo\":{\"@type\":\"ImageObject\",\"inLanguage\":\"sq-AL\",\"@id\":\"https:\\\/\\\/fjala.info\\\/2009-2015\\\/#\\\/schema\\\/logo\\\/image\\\/\",\"url\":\"\",\"contentUrl\":\"\",\"caption\":\"FjALA e LIR\u00cb - Arkivi\"},\"image\":{\"@id\":\"https:\\\/\\\/fjala.info\\\/2009-2015\\\/#\\\/schema\\\/logo\\\/image\\\/\"}},{\"@type\":\"Person\",\"@id\":\"https:\\\/\\\/fjala.info\\\/2009-2015\\\/#\\\/schema\\\/person\\\/3aa1163ef05469c496fc94e77611ada2\",\"name\":\"admin\",\"image\":{\"@type\":\"ImageObject\",\"inLanguage\":\"sq-AL\",\"@id\":\"https:\\\/\\\/fjala.info\\\/2009-2015\\\/wp-content\\\/uploads\\\/2012\\\/02\\\/arben_cokaj-120x150.jpg\",\"url\":\"https:\\\/\\\/fjala.info\\\/2009-2015\\\/wp-content\\\/uploads\\\/2012\\\/02\\\/arben_cokaj-120x150.jpg\",\"contentUrl\":\"https:\\\/\\\/fjala.info\\\/2009-2015\\\/wp-content\\\/uploads\\\/2012\\\/02\\\/arben_cokaj-120x150.jpg\",\"caption\":\"admin\"},\"description\":\"Admin, Fjala e Lir\u00eb\",\"sameAs\":[\"https:\\\/\\\/fjala.info\\\/\"],\"url\":\"https:\\\/\\\/fjala.info\\\/2009-2015\\\/author\\\/admin\\\/\"}]}<\/script>\n<!-- \/ Yoast SEO plugin. -->","yoast_head_json":{"title":"T\u00eb zezat e Malit t\u00eb Zi - FjALA e LIR\u00cb - Arkivi","robots":{"index":"index","follow":"follow","max-snippet":"max-snippet:-1","max-image-preview":"max-image-preview:large","max-video-preview":"max-video-preview:-1"},"canonical":"https:\/\/fjala.info\/2009-2015\/te-zezat-e-malit-te-zi\/","og_locale":"sq_AL","og_type":"article","og_title":"T\u00eb zezat e Malit t\u00eb Zi - FjALA e LIR\u00cb - Arkivi","og_description":"Nga Enver Robelli, 18 Korrik 2012 Prej 1 korrikut nj\u00eb vend i vog\u00ebl do t\u00eb luaj\u00eb n\u00eb sken\u00ebn e madhe t\u00eb Evrop\u00ebs: n\u00eb gjasht\u00eb muaj e ardhsh\u00ebm Qiproja do t\u00eb jet\u00eb kryesuese e Bashkimit Evropian. Kthesa t\u00eb m\u00ebdha, zgjidhje problemesh dhe luftim efektiv i kriz\u00ebs nuk mund t\u00eb priten nga ky ishull n\u00eb Mesdhe. Ashtu [&hellip;]","og_url":"https:\/\/fjala.info\/2009-2015\/te-zezat-e-malit-te-zi\/","og_site_name":"FjALA e LIR\u00cb - Arkivi","article_published_time":"2012-07-18T20:53:04+00:00","og_image":[{"url":"http:\/\/www.fjala.info\/2012\/enver_robelli.jpg","type":"","width":"","height":""}],"author":"admin","twitter_card":"summary_large_image","twitter_misc":{"Written by":"admin","Est. reading time":"7 minutes"},"schema":{"@context":"https:\/\/schema.org","@graph":[{"@type":"Article","@id":"https:\/\/fjala.info\/2009-2015\/te-zezat-e-malit-te-zi\/#article","isPartOf":{"@id":"https:\/\/fjala.info\/2009-2015\/te-zezat-e-malit-te-zi\/"},"author":{"name":"admin","@id":"https:\/\/fjala.info\/2009-2015\/#\/schema\/person\/3aa1163ef05469c496fc94e77611ada2"},"headline":"T\u00eb zezat e Malit t\u00eb Zi","datePublished":"2012-07-18T20:53:04+00:00","mainEntityOfPage":{"@id":"https:\/\/fjala.info\/2009-2015\/te-zezat-e-malit-te-zi\/"},"wordCount":1444,"commentCount":0,"publisher":{"@id":"https:\/\/fjala.info\/2009-2015\/#organization"},"image":{"@id":"https:\/\/fjala.info\/2009-2015\/te-zezat-e-malit-te-zi\/#primaryimage"},"thumbnailUrl":"http:\/\/www.fjala.info\/2012\/enver_robelli.jpg","articleSection":["Artikuj"],"inLanguage":"sq-AL","potentialAction":[{"@type":"CommentAction","name":"Comment","target":["https:\/\/fjala.info\/2009-2015\/te-zezat-e-malit-te-zi\/#respond"]}]},{"@type":"WebPage","@id":"https:\/\/fjala.info\/2009-2015\/te-zezat-e-malit-te-zi\/","url":"https:\/\/fjala.info\/2009-2015\/te-zezat-e-malit-te-zi\/","name":"T\u00eb zezat e Malit t\u00eb Zi - FjALA e LIR\u00cb - Arkivi","isPartOf":{"@id":"https:\/\/fjala.info\/2009-2015\/#website"},"primaryImageOfPage":{"@id":"https:\/\/fjala.info\/2009-2015\/te-zezat-e-malit-te-zi\/#primaryimage"},"image":{"@id":"https:\/\/fjala.info\/2009-2015\/te-zezat-e-malit-te-zi\/#primaryimage"},"thumbnailUrl":"http:\/\/www.fjala.info\/2012\/enver_robelli.jpg","datePublished":"2012-07-18T20:53:04+00:00","breadcrumb":{"@id":"https:\/\/fjala.info\/2009-2015\/te-zezat-e-malit-te-zi\/#breadcrumb"},"inLanguage":"sq-AL","potentialAction":[{"@type":"ReadAction","target":["https:\/\/fjala.info\/2009-2015\/te-zezat-e-malit-te-zi\/"]}]},{"@type":"ImageObject","inLanguage":"sq-AL","@id":"https:\/\/fjala.info\/2009-2015\/te-zezat-e-malit-te-zi\/#primaryimage","url":"http:\/\/www.fjala.info\/2012\/enver_robelli.jpg","contentUrl":"http:\/\/www.fjala.info\/2012\/enver_robelli.jpg"},{"@type":"BreadcrumbList","@id":"https:\/\/fjala.info\/2009-2015\/te-zezat-e-malit-te-zi\/#breadcrumb","itemListElement":[{"@type":"ListItem","position":1,"name":"Home","item":"https:\/\/fjala.info\/2009-2015\/"},{"@type":"ListItem","position":2,"name":"T\u00eb zezat e Malit t\u00eb Zi"}]},{"@type":"WebSite","@id":"https:\/\/fjala.info\/2009-2015\/#website","url":"https:\/\/fjala.info\/2009-2015\/","name":"FjALA e LIR\u00cb - Arkivi","description":"Arkivi 2009-2015","publisher":{"@id":"https:\/\/fjala.info\/2009-2015\/#organization"},"potentialAction":[{"@type":"SearchAction","target":{"@type":"EntryPoint","urlTemplate":"https:\/\/fjala.info\/2009-2015\/?s={search_term_string}"},"query-input":{"@type":"PropertyValueSpecification","valueRequired":true,"valueName":"search_term_string"}}],"inLanguage":"sq-AL"},{"@type":"Organization","@id":"https:\/\/fjala.info\/2009-2015\/#organization","name":"FjALA e LIR\u00cb - Arkivi","url":"https:\/\/fjala.info\/2009-2015\/","logo":{"@type":"ImageObject","inLanguage":"sq-AL","@id":"https:\/\/fjala.info\/2009-2015\/#\/schema\/logo\/image\/","url":"","contentUrl":"","caption":"FjALA e LIR\u00cb - Arkivi"},"image":{"@id":"https:\/\/fjala.info\/2009-2015\/#\/schema\/logo\/image\/"}},{"@type":"Person","@id":"https:\/\/fjala.info\/2009-2015\/#\/schema\/person\/3aa1163ef05469c496fc94e77611ada2","name":"admin","image":{"@type":"ImageObject","inLanguage":"sq-AL","@id":"https:\/\/fjala.info\/2009-2015\/wp-content\/uploads\/2012\/02\/arben_cokaj-120x150.jpg","url":"https:\/\/fjala.info\/2009-2015\/wp-content\/uploads\/2012\/02\/arben_cokaj-120x150.jpg","contentUrl":"https:\/\/fjala.info\/2009-2015\/wp-content\/uploads\/2012\/02\/arben_cokaj-120x150.jpg","caption":"admin"},"description":"Admin, Fjala e Lir\u00eb","sameAs":["https:\/\/fjala.info\/"],"url":"https:\/\/fjala.info\/2009-2015\/author\/admin\/"}]}},"_links":{"self":[{"href":"https:\/\/fjala.info\/2009-2015\/wp-json\/wp\/v2\/posts\/3892","targetHints":{"allow":["GET"]}}],"collection":[{"href":"https:\/\/fjala.info\/2009-2015\/wp-json\/wp\/v2\/posts"}],"about":[{"href":"https:\/\/fjala.info\/2009-2015\/wp-json\/wp\/v2\/types\/post"}],"author":[{"embeddable":true,"href":"https:\/\/fjala.info\/2009-2015\/wp-json\/wp\/v2\/users\/1"}],"replies":[{"embeddable":true,"href":"https:\/\/fjala.info\/2009-2015\/wp-json\/wp\/v2\/comments?post=3892"}],"version-history":[{"count":0,"href":"https:\/\/fjala.info\/2009-2015\/wp-json\/wp\/v2\/posts\/3892\/revisions"}],"wp:attachment":[{"href":"https:\/\/fjala.info\/2009-2015\/wp-json\/wp\/v2\/media?parent=3892"}],"wp:term":[{"taxonomy":"category","embeddable":true,"href":"https:\/\/fjala.info\/2009-2015\/wp-json\/wp\/v2\/categories?post=3892"},{"taxonomy":"post_tag","embeddable":true,"href":"https:\/\/fjala.info\/2009-2015\/wp-json\/wp\/v2\/tags?post=3892"}],"curies":[{"name":"wp","href":"https:\/\/api.w.org\/{rel}","templated":true}]}}