{"id":3890,"date":"2012-07-18T21:51:10","date_gmt":"2012-07-18T20:51:10","guid":{"rendered":"http:\/\/www.fjala.info\/?p=3890"},"modified":"2012-07-18T21:51:10","modified_gmt":"2012-07-18T20:51:10","slug":"o-shqiptar-qe-sju-mora-vesh-asnjehere","status":"publish","type":"post","link":"https:\/\/fjala.info\/2009-2015\/o-shqiptar-qe-sju-mora-vesh-asnjehere\/","title":{"rendered":"\u201cO shqiptar\u2026 q\u00eb s\u2019ju mora vesh asnj\u00ebher\u00eb\u201d"},"content":{"rendered":"<p><img decoding=\"async\" class=\"alignright size-thumbnail wp-image-7236\" title=\"Arben Manaj\" src=\"http:\/\/www.fjala.info\/2012\/arben_manaj.jpg\" alt=\"\" width=\"150\" \/> Nga <strong>Arben Manaj<\/strong>, <em>18 Korrik 2012<\/em><br \/>\n<em>Lond\u00ebr<\/em><\/p>\n<p>Ka nj\u00eb diskurs t\u00eb ndjer\u00eb dhe kuptuesh\u00ebm k\u00ebto dit\u00eb n\u00eb Shqip\u00ebri n\u00eb lidhje me at\u00eb qe po konceptohet si letargji e popullit ndaj gjendjes s\u00eb krijuar n\u00eb vend dhe munges\u00eb ndjeshm\u00ebrie ndaj t\u00eb ardhmes. Inaktiviteti dhe letargjia aktuale shqiptare \u00ebsht\u00eb nj\u00eb konstatim me shume t\u00eb njohura, por edhe t\u00eb panjohura, shpjegimi i plote i t\u00eb cilit nuk \u00ebsht\u00eb kurrsesi fundor. Gjithsesi nj\u00eb e v\u00ebrtet\u00eb e madhe mbizot\u00ebron.<\/p>\n<p>Shqiptaret, (mos harroni t\u00eb m\u00eb sh\u00ebnoni edhe mua k\u00ebtu, ju lutem), pavar\u00ebsisht nga arsyet dhe shkaqet, jan\u00eb sh\u00ebnuesit e autogolit m\u00eb t\u00eb madh p\u00ebr t\u00eb tashmen dhe t\u00eb ardhmen e tyre. Dhe le t\u00eb mos fshihemi pas gishtit.<\/p>\n<p>Ka disa pik\u00ebpyetje t\u00eb m\u00ebdha, p\u00ebrgjigjet e t\u00eb cilave n\u00ebnkuptohen, por jan\u00eb sensitive p\u00ebr tu formuluar p\u00ebr shkak t\u00eb hidh\u00ebsis\u00eb dhe rrezikut t\u00eb perceptimit t\u00eb tyre si personale. Gjithsesi\u2026<\/p>\n<p>Mos valle ne shqiptaret p\u00ebr shkak te varf\u00ebris\u00eb historike k\u00ebnaqemi me pak? Dhe me k\u00ebt\u00eb pasuri dhe katandi t\u00eb fituar n\u00eb k\u00ebto 20 vite, ndihemi t\u00eb vet\u00ebplot\u00ebsuar ne minimalizmin ton\u00eb tragjik?<\/p>\n<p>Mos vall\u00eb n\u00eb letargjin\u00eb dhe mosngritjen e kryes qytetare, ndikojn\u00eb edhe remitancat q\u00eb vijn\u00eb nga emigrant\u00ebt, q\u00eb mbajn\u00eb familjet, motrat dhe v\u00ebllez\u00ebrit e tyre, ku nj\u00eb pjes\u00eb e kalojn\u00eb koh\u00ebn kafeneve, duke prishur parat e ardhura nga jasht\u00eb? Dhe p\u00ebr pasoje nuk ia din\u00eb aq vler\u00ebn nxjerrjes s\u00eb paras\u00eb dhe p\u00ebrdorimit apo shp\u00ebrdorimit t\u00eb saj?<\/p>\n<p>Mos vall\u00eb ne jemi n\u00eb mase t\u00eb madhe t\u00eb padale dhe nuk kemi pik\u00eb referimi me \u00e7far\u00eb t\u00eb krahasojm\u00eb k\u00ebrkesat tona dhe nuk dim\u00eb ndoshta se \u00e7far\u00eb \u00ebsht\u00eb e pranueshme apo mas\u00ebn deri ku nuk pranon nj\u00eb popull shkelmin ne fyt t\u00eb pushteteve t\u00eb dit\u00ebs?<\/p>\n<p>Mos vall\u00eb jemi keqtrajtuar dhe shtypur aq shume nd\u00ebr shekuj, saq\u00eb na \u00ebsht\u00eb b\u00ebr\u00eb natyr\u00eb e dyt\u00eb n\u00ebnshtrimi dhe kokeulja?<\/p>\n<p>Nisur nga shume reagime t\u00eb viteve t\u00eb fundit, q\u00eb nga G\u00ebrdeci q\u00eb rivoton shkaktar\u00ebt, shnd\u00ebrrimi i Shkodr\u00ebs n\u00eb Venecie, post 21 Janari, protestat e munguara kund\u00ebr rritjes konstante t\u00eb \u00e7mimeve te sh\u00ebrbimeve q\u00eb nga dritat, uji, telefonia e tarifa t\u00eb tjera, apo n\u00eb invers t\u00eb saj, sheshet plot t\u00eb mitingjeve politike, t\u00eb \u00e7ojn\u00eb n\u00eb nj\u00eb konkluzion t\u00eb dhimbsh\u00ebm.<\/p>\n<p>Qart\u00ebsisht ne si komb nuk kemi nj\u00eb kultur\u00eb t\u00eb konsoliduar, qoft\u00eb demokratike, qofte civile, p\u00ebr t\u00eb reaguar si per\u00ebndimor\u00ebt n\u00eb shumic\u00ebn e rasteve, apo t\u00eb ngrem\u00eb instrumente efektiv\u00eb ndikimi, ndaj defekteve dhe imperfeksioneve t\u00eb imponuara nga pushtetet dhe qeverit\u00eb e dit\u00ebs, apo atyre t\u00eb mbartura nga historia.<\/p>\n<p>N\u00eb k\u00ebt\u00eb sens, \u00ebsht\u00eb paska si shum\u00eb q\u00eb ne si shqiptar\u00eb t\u00eb reagojm\u00eb menj\u00ebher\u00eb dhe t\u00eb korrigjojm\u00eb apo ndryshojm\u00eb status-quo-t me t\u00eb nj\u00ebjtin rendiment si t\u00eb banor\u00ebve horizontal\u00eb apo verior\u00eb t\u00eb kontinentit ton\u00eb.<\/p>\n<p>Kemi vet\u00ebm 100 vjet q\u00eb kemi shtetin ton\u00eb, nd\u00ebrkoh\u00eb q\u00eb n\u00eb Prag\u00eb, p.sh kalaja e qytetit ka qen\u00eb rezidenca e qeveris\u00eb p\u00ebrpara 1000 e ca vjet\u00ebve. Kaq mjafton p\u00ebr t\u00eb mos kaluar m\u00eb n\u00eb Per\u00ebndim apo veri t\u00eb Prag\u00ebs.<\/p>\n<p>Pjesa e par\u00eb e shekullit t\u00eb kaluar v\u00ebrtitej mes mushkonjave, kininave e butaforis\u00eb mbret\u00ebrore sesa nga librat dhe Oksidenti real, nd\u00ebrkohe pjesa e dyte e shekullit, paradoksalisht drejt elektrifikimit dhe err\u00ebsir\u00ebs s\u00eb izolimit absurd, t\u00eb fiksuar pas mosmbajtjes s\u00eb barsetave dhe mjekr\u00ebs dhe d\u00ebnimit me burg se d\u00ebgjoje \u00c7elentanon.<\/p>\n<p>Shtoi k\u00ebsaj edhe tollonat n\u00eb vitet e fundit t\u00eb komunizmit, dhe shp\u00eblarjen unikale t\u00eb truve, \u00e7ka b\u00ebn q\u00eb ne si komb s\u00ebrish t\u00eb ishim t\u00eb fundit kur duhet t\u00eb ishim t\u00eb par\u00ebt n\u00eb mesin e ish-Perandoris\u00eb s\u00eb Lindjes n\u00eb luft\u00ebn p\u00ebr ndryshim.<\/p>\n<p>Sakaq, n\u00eb post-diktatur\u00eb gjith\u00e7ka ishte dhe mbetet nj\u00eb r\u00ebnie e lire dhe e pamenaxhuar, ku nj\u00eb brez i t\u00ebr\u00eb \u00ebsht\u00eb rritur me mosbindjen ndaj ligjit ose n\u00eb munges\u00ebn thuajse totale t\u00eb saj, ndaj dhe nuk ka mosbindje qytetare n\u00eb p\u00ebrkufizimin klasik t\u00eb aksionit.<\/p>\n<p>Gjat\u00eb k\u00ebsaj periudhe 20 e ca vje\u00e7are, edhe ajo shtrese pro-aktive dhe e nd\u00ebrgjegj\u00ebsuar p\u00ebr vlerat per\u00ebndimore mori rrug\u00ebt e v\u00ebshtira t\u00eb emigrimit. Nd\u00ebrkoh\u00eb, nj\u00eb pjese e k\u00ebsaj shtrese e gjeti veten, ku me v\u00ebshtir\u00ebsi, ku me merit\u00eb dhe idealiz\u00ebm, apo edhe me p\u00ebrshtatshm\u00ebri me realitetet e brendshme, p\u00ebr t\u00eb nd\u00ebrtuar te ardhmen e tyre brenda territorit, bashk\u00eb me nj\u00eb pjes\u00eb t\u00eb konsiderueshme t\u00eb popullsis\u00eb, e cila dogji shum\u00eb etapa qytet\u00ebrimi.<\/p>\n<p>Ndaj sot njer\u00ebzit nuk e kuptojn\u00eb t\u00eb famshmin slogan atlantikas, \u201cAct now\u201d ose i rrin\u00eb indiferent atij apo edhe i n\u00ebnqeshin.<\/p>\n<p>N\u00eb k\u00ebt\u00eb indiferentiz\u00ebm, p\u00ebr t\u00eb qen\u00eb t\u00eb sinqerte, ndihm\u00eb kan\u00eb dh\u00ebne dhe japin sa pseudo-menaxher\u00ebt politik\u00eb t\u00eb zgjedhur n\u00eb vend, apo udh\u00ebheq\u00ebsit e vet\u00ebshpallur \u201cjo-politikan\u00eb\u201d, aq edhe nd\u00ebrkomb\u00ebtar\u00ebt me dieta t\u00eb majme, si dhe diplomat\u00ebt e shnd\u00ebrruar n\u00eb \u201cguvernator\u00eb\u201d t\u00eb vendit, nga Rinasi e k\u00ebtej dogan\u00ebs, pasi q\u00eb n\u00eb momentin q\u00eb v\u00ebn\u00eb k\u00ebmb\u00ebt n\u00eb shkall\u00ebt e avionit dhe aty ku zbresin, as komshinjt\u00eb e tyre nuk i njohin.<\/p>\n<p>Ajo q\u00eb \u00ebsht\u00eb e frikshme n\u00eb t\u00ebr\u00eb k\u00ebt\u00eb letargji dhe vegjetim jan\u00eb t\u00eb rinjt\u00eb, q\u00eb nuk kan\u00eb fuqin\u00eb p\u00ebr t\u00eb kuptuar fatkeq\u00ebsisht se po u kalon jeta \u201cn\u00ebp\u00ebr shale\u201d dhe po humbasin shanse mbijetese n\u00eb tregun e eg\u00ebr t\u00eb kapitalizmit shqiptar, apo austeritetit evropian.<\/p>\n<p>Jan\u00eb ata q\u00eb n\u00eb shumice do t\u00eb p\u00ebrballen nj\u00eb dit\u00eb me realitetin e dit\u00ebs s\u00eb pas-dehjes, kur do t\u00eb jet\u00eb shum\u00eb von\u00eb, p\u00ebr shkak t\u00eb diplomave \u201cKristalore\u201d t\u00eb financuara \u00e7udit\u00ebrisht nga prind\u00ebr t\u00eb dhimbsh\u00ebm si \u00e7do prind p\u00ebr f\u00ebmij\u00ebt, por realisht naiv n\u00eb p\u00ebrzgjedhjet universitare p\u00ebr f\u00ebmij\u00ebt e tyre.<\/p>\n<p>K\u00ebtu, natyrisht nuk p\u00ebrfshihen ata f\u00ebmij\u00eb et\u00ebrish q\u00eb i kan\u00eb sjell\u00eb f\u00ebmij\u00ebt deri n\u00eb Kembrixh ku studion edhe im bir, duke paguar qimet e kok\u00ebs, ku nj\u00eb pjes\u00eb e \u201cp\u00ebrballojn\u00eb\u201d me rrogat e shtetit apo bizneset e lidhura me fijet e pushtetit.<\/p>\n<p>T\u00eb pashpjeguesh\u00ebm jan\u00eb dhe ata t\u00eb rinj, me \u00e7\u2019fokusimin e tyre, q\u00eb edhe 20 vjet nga r\u00ebnia e komunizmit, e v\u00ebrtisin jet\u00ebn n\u00eb pjes\u00eb t\u00eb madhe me gj\u00ebra periferike dhe harxhojn\u00eb \u00e7udit\u00ebrisht sot aq shume koh\u00eb me vanitete si tifozll\u00ebku p\u00ebr ekipet evropiane t\u00eb futbollit, sa rrall\u00eb bashk\u00ebmoshatar\u00eb t\u00eb tyre n\u00eb Per\u00ebndim.<\/p>\n<p>Faktikisht k\u00ebta jan\u00eb t\u00eb rinj, q\u00eb kan\u00eb shum\u00eb m\u00eb shum\u00eb halle sesa brezi im, q\u00eb asokohe kishte kush mendonte p\u00ebr ne, brenda budallall\u00ebkut ton\u00eb kolektiv, por t\u00eb sigurt po themi, deri diku.<\/p>\n<p>Madje k\u00ebta t\u00eb rinj, realisht kan\u00eb pak shanse t\u00eb dalin nga familjet patriarkale shqiptare, ku jetojn\u00eb me \u201cku\u00e7 e me ma\u00e7\u201d brenda dy apo tre dhomave e nj\u00eb kuzhine, me nj\u00eb problematik\u00eb t\u00eb kuptueshme, dhe me pak shpresa p\u00ebr t\u00eb qen\u00eb pronar sht\u00ebpish, sesa qiraxhinj t\u00eb tyre n\u00eb rastin m\u00eb t\u00eb mir\u00eb.<\/p>\n<p>E s\u00ebrish nuk kurajohen dhe b\u00ebhen me vokal e m\u00eb per\u00ebndimor n\u00eb qasjen dhe p\u00ebrshtatjen me globalizmin e sot\u00ebm.<\/p>\n<p>Moderniteti i sot\u00ebm nuk q\u00ebndron ne anakronizmin e tang\u00ebrllikun e duhanpirjes skandaloze t\u00eb nj\u00eb pjese jo t\u00eb vog\u00ebl t\u00eb t\u00eb rinjve shqiptar\u00eb, as n\u00eb dembelizmin dhe p\u00ebrtacll\u00ebkun e tejskajsh\u00ebm t\u00eb \u201cnj\u00eb kafe e tre uj\u00eb pa gaz\u201d n\u00ebp\u00ebr kafenet\u00eb apo bilardot e qyteteve apo Metropolit.<\/p>\n<p>Aq sa nuk \u00ebsht\u00eb e tille, as vet\u00ebm pasja e nj\u00eb a\u00e7ount n\u00eb Facebook, dhe as lyerja apo pispillosja vanitoze q\u00eb n\u00eb pik\u00eb t\u00eb sabahut, maj\u00eb takave n\u00ebp\u00ebr rrug\u00ebt jo perfekte shqiptare.<\/p>\n<p>Moderniteti dhe t\u00eb qenit per\u00ebndimor q\u00ebndron n\u00eb nd\u00ebrgjegj\u00ebsimin, pse jo edhe egoizmin, dhe t\u00eb vepruarit p\u00ebr interesat e tyre dhe t\u00eb s\u00eb ardhmes s\u00eb tyre n\u00eb radh\u00eb t\u00eb par\u00eb, p\u00ebr t\u00eb mos lejuar t\u00eb deleguarit e tyre p\u00ebrmes vot\u00ebs, q\u00eb t\u00eb abuzojn\u00eb me fatet e tyre.<\/p>\n<p>Personalisht, me dhimbje e them, nuk kam shume besim dhe iluzion se do te ndryshoje ndonj\u00eb qasje, pasi inercia historike \u00ebsht\u00eb dhe do mbetet fatkeq\u00ebsisht dominonte dhe rezultante e konstitucionit ton\u00eb shpirt\u00ebror dhe sivik, si nj\u00eb nga gj\u00ebrat q\u00eb nuk na b\u00ebn dhe aq krenar, krahasueshmerisht me t\u00eb tjer\u00ebt, n\u00eb k\u00ebt\u00eb vet\u00ebm 100 vjetor, t\u00eb pasjes formalisht t\u00eb shtetit.<\/p>\n<p>Mungesa e protagonizmit ose ndryshe, si\u00e7 s\u00eb fundmi ka gjetur shprehje n\u00eb zhargonit publik \u201cAct Now\u201d, nuk \u00ebsht\u00eb dhe nuk do t\u00eb jete me faji i atyre q\u00eb shp\u00ebrdorojn\u00eb dhe luajn\u00eb me destinin e shumic\u00ebs, pasi ata p\u00ebr nga natyra, do t\u00eb b\u00ebjn\u00eb p\u00ebrshesh sa her\u00eb t\u00eb gjejn\u00eb shesh, q\u00eb s\u2019mbushet nga z\u00ebri i zdrugasjes dhe latimit demokratik e t\u00eb vazhduesh\u00ebm t\u00eb praktikave imperfekte.<\/p>\n","protected":false},"excerpt":{"rendered":"<p>Nga Arben Manaj, 18 Korrik 2012 Lond\u00ebr Ka nj\u00eb diskurs t\u00eb ndjer\u00eb dhe kuptuesh\u00ebm k\u00ebto dit\u00eb n\u00eb Shqip\u00ebri n\u00eb lidhje me at\u00eb qe po konceptohet si letargji e popullit ndaj gjendjes s\u00eb krijuar n\u00eb vend dhe munges\u00eb ndjeshm\u00ebrie ndaj t\u00eb ardhmes. Inaktiviteti dhe letargjia aktuale shqiptare \u00ebsht\u00eb nj\u00eb konstatim me shume t\u00eb njohura, por edhe [&hellip;]<\/p>\n","protected":false},"author":1,"featured_media":0,"comment_status":"open","ping_status":"closed","sticky":false,"template":"","format":"standard","meta":{"footnotes":""},"categories":[2],"tags":[],"class_list":{"0":"post-3890","1":"post","2":"type-post","3":"status-publish","4":"format-standard","6":"category-artikuj"},"yoast_head":"<!-- This site is optimized with the Yoast SEO plugin v27.4 - https:\/\/yoast.com\/product\/yoast-seo-wordpress\/ -->\n<title>\u201cO shqiptar\u2026 q\u00eb s\u2019ju mora vesh asnj\u00ebher\u00eb\u201d - FjALA e LIR\u00cb - Arkivi<\/title>\n<meta name=\"robots\" content=\"index, follow, max-snippet:-1, max-image-preview:large, max-video-preview:-1\" \/>\n<link rel=\"canonical\" href=\"https:\/\/fjala.info\/2009-2015\/o-shqiptar-qe-sju-mora-vesh-asnjehere\/\" \/>\n<meta property=\"og:locale\" content=\"sq_AL\" \/>\n<meta property=\"og:type\" content=\"article\" \/>\n<meta property=\"og:title\" content=\"\u201cO shqiptar\u2026 q\u00eb s\u2019ju mora vesh asnj\u00ebher\u00eb\u201d - FjALA e LIR\u00cb - Arkivi\" \/>\n<meta property=\"og:description\" content=\"Nga Arben Manaj, 18 Korrik 2012 Lond\u00ebr Ka nj\u00eb diskurs t\u00eb ndjer\u00eb dhe kuptuesh\u00ebm k\u00ebto dit\u00eb n\u00eb Shqip\u00ebri n\u00eb lidhje me at\u00eb qe po konceptohet si letargji e popullit ndaj gjendjes s\u00eb krijuar n\u00eb vend dhe munges\u00eb ndjeshm\u00ebrie ndaj t\u00eb ardhmes. Inaktiviteti dhe letargjia aktuale shqiptare \u00ebsht\u00eb nj\u00eb konstatim me shume t\u00eb njohura, por edhe [&hellip;]\" \/>\n<meta property=\"og:url\" content=\"https:\/\/fjala.info\/2009-2015\/o-shqiptar-qe-sju-mora-vesh-asnjehere\/\" \/>\n<meta property=\"og:site_name\" content=\"FjALA e LIR\u00cb - Arkivi\" \/>\n<meta property=\"article:published_time\" content=\"2012-07-18T20:51:10+00:00\" \/>\n<meta property=\"og:image\" content=\"http:\/\/www.fjala.info\/2012\/arben_manaj.jpg\" \/>\n<meta name=\"author\" content=\"admin\" \/>\n<meta name=\"twitter:card\" content=\"summary_large_image\" \/>\n<meta name=\"twitter:label1\" content=\"Written by\" \/>\n\t<meta name=\"twitter:data1\" content=\"admin\" \/>\n\t<meta name=\"twitter:label2\" content=\"Est. reading time\" \/>\n\t<meta name=\"twitter:data2\" content=\"8 minutes\" \/>\n<script type=\"application\/ld+json\" class=\"yoast-schema-graph\">{\"@context\":\"https:\\\/\\\/schema.org\",\"@graph\":[{\"@type\":\"Article\",\"@id\":\"https:\\\/\\\/fjala.info\\\/2009-2015\\\/o-shqiptar-qe-sju-mora-vesh-asnjehere\\\/#article\",\"isPartOf\":{\"@id\":\"https:\\\/\\\/fjala.info\\\/2009-2015\\\/o-shqiptar-qe-sju-mora-vesh-asnjehere\\\/\"},\"author\":{\"name\":\"admin\",\"@id\":\"https:\\\/\\\/fjala.info\\\/2009-2015\\\/#\\\/schema\\\/person\\\/3aa1163ef05469c496fc94e77611ada2\"},\"headline\":\"\u201cO shqiptar\u2026 q\u00eb s\u2019ju mora vesh asnj\u00ebher\u00eb\u201d\",\"datePublished\":\"2012-07-18T20:51:10+00:00\",\"mainEntityOfPage\":{\"@id\":\"https:\\\/\\\/fjala.info\\\/2009-2015\\\/o-shqiptar-qe-sju-mora-vesh-asnjehere\\\/\"},\"wordCount\":1509,\"commentCount\":0,\"publisher\":{\"@id\":\"https:\\\/\\\/fjala.info\\\/2009-2015\\\/#organization\"},\"image\":{\"@id\":\"https:\\\/\\\/fjala.info\\\/2009-2015\\\/o-shqiptar-qe-sju-mora-vesh-asnjehere\\\/#primaryimage\"},\"thumbnailUrl\":\"http:\\\/\\\/www.fjala.info\\\/2012\\\/arben_manaj.jpg\",\"articleSection\":[\"Artikuj\"],\"inLanguage\":\"sq-AL\",\"potentialAction\":[{\"@type\":\"CommentAction\",\"name\":\"Comment\",\"target\":[\"https:\\\/\\\/fjala.info\\\/2009-2015\\\/o-shqiptar-qe-sju-mora-vesh-asnjehere\\\/#respond\"]}]},{\"@type\":\"WebPage\",\"@id\":\"https:\\\/\\\/fjala.info\\\/2009-2015\\\/o-shqiptar-qe-sju-mora-vesh-asnjehere\\\/\",\"url\":\"https:\\\/\\\/fjala.info\\\/2009-2015\\\/o-shqiptar-qe-sju-mora-vesh-asnjehere\\\/\",\"name\":\"\u201cO shqiptar\u2026 q\u00eb s\u2019ju mora vesh asnj\u00ebher\u00eb\u201d - FjALA e LIR\u00cb - Arkivi\",\"isPartOf\":{\"@id\":\"https:\\\/\\\/fjala.info\\\/2009-2015\\\/#website\"},\"primaryImageOfPage\":{\"@id\":\"https:\\\/\\\/fjala.info\\\/2009-2015\\\/o-shqiptar-qe-sju-mora-vesh-asnjehere\\\/#primaryimage\"},\"image\":{\"@id\":\"https:\\\/\\\/fjala.info\\\/2009-2015\\\/o-shqiptar-qe-sju-mora-vesh-asnjehere\\\/#primaryimage\"},\"thumbnailUrl\":\"http:\\\/\\\/www.fjala.info\\\/2012\\\/arben_manaj.jpg\",\"datePublished\":\"2012-07-18T20:51:10+00:00\",\"breadcrumb\":{\"@id\":\"https:\\\/\\\/fjala.info\\\/2009-2015\\\/o-shqiptar-qe-sju-mora-vesh-asnjehere\\\/#breadcrumb\"},\"inLanguage\":\"sq-AL\",\"potentialAction\":[{\"@type\":\"ReadAction\",\"target\":[\"https:\\\/\\\/fjala.info\\\/2009-2015\\\/o-shqiptar-qe-sju-mora-vesh-asnjehere\\\/\"]}]},{\"@type\":\"ImageObject\",\"inLanguage\":\"sq-AL\",\"@id\":\"https:\\\/\\\/fjala.info\\\/2009-2015\\\/o-shqiptar-qe-sju-mora-vesh-asnjehere\\\/#primaryimage\",\"url\":\"http:\\\/\\\/www.fjala.info\\\/2012\\\/arben_manaj.jpg\",\"contentUrl\":\"http:\\\/\\\/www.fjala.info\\\/2012\\\/arben_manaj.jpg\"},{\"@type\":\"BreadcrumbList\",\"@id\":\"https:\\\/\\\/fjala.info\\\/2009-2015\\\/o-shqiptar-qe-sju-mora-vesh-asnjehere\\\/#breadcrumb\",\"itemListElement\":[{\"@type\":\"ListItem\",\"position\":1,\"name\":\"Home\",\"item\":\"https:\\\/\\\/fjala.info\\\/2009-2015\\\/\"},{\"@type\":\"ListItem\",\"position\":2,\"name\":\"\u201cO shqiptar\u2026 q\u00eb s\u2019ju mora vesh asnj\u00ebher\u00eb\u201d\"}]},{\"@type\":\"WebSite\",\"@id\":\"https:\\\/\\\/fjala.info\\\/2009-2015\\\/#website\",\"url\":\"https:\\\/\\\/fjala.info\\\/2009-2015\\\/\",\"name\":\"FjALA e LIR\u00cb - Arkivi\",\"description\":\"Arkivi 2009-2015\",\"publisher\":{\"@id\":\"https:\\\/\\\/fjala.info\\\/2009-2015\\\/#organization\"},\"potentialAction\":[{\"@type\":\"SearchAction\",\"target\":{\"@type\":\"EntryPoint\",\"urlTemplate\":\"https:\\\/\\\/fjala.info\\\/2009-2015\\\/?s={search_term_string}\"},\"query-input\":{\"@type\":\"PropertyValueSpecification\",\"valueRequired\":true,\"valueName\":\"search_term_string\"}}],\"inLanguage\":\"sq-AL\"},{\"@type\":\"Organization\",\"@id\":\"https:\\\/\\\/fjala.info\\\/2009-2015\\\/#organization\",\"name\":\"FjALA e LIR\u00cb - Arkivi\",\"url\":\"https:\\\/\\\/fjala.info\\\/2009-2015\\\/\",\"logo\":{\"@type\":\"ImageObject\",\"inLanguage\":\"sq-AL\",\"@id\":\"https:\\\/\\\/fjala.info\\\/2009-2015\\\/#\\\/schema\\\/logo\\\/image\\\/\",\"url\":\"\",\"contentUrl\":\"\",\"caption\":\"FjALA e LIR\u00cb - Arkivi\"},\"image\":{\"@id\":\"https:\\\/\\\/fjala.info\\\/2009-2015\\\/#\\\/schema\\\/logo\\\/image\\\/\"}},{\"@type\":\"Person\",\"@id\":\"https:\\\/\\\/fjala.info\\\/2009-2015\\\/#\\\/schema\\\/person\\\/3aa1163ef05469c496fc94e77611ada2\",\"name\":\"admin\",\"image\":{\"@type\":\"ImageObject\",\"inLanguage\":\"sq-AL\",\"@id\":\"https:\\\/\\\/fjala.info\\\/2009-2015\\\/wp-content\\\/uploads\\\/2012\\\/02\\\/arben_cokaj-120x150.jpg\",\"url\":\"https:\\\/\\\/fjala.info\\\/2009-2015\\\/wp-content\\\/uploads\\\/2012\\\/02\\\/arben_cokaj-120x150.jpg\",\"contentUrl\":\"https:\\\/\\\/fjala.info\\\/2009-2015\\\/wp-content\\\/uploads\\\/2012\\\/02\\\/arben_cokaj-120x150.jpg\",\"caption\":\"admin\"},\"description\":\"Admin, Fjala e Lir\u00eb\",\"sameAs\":[\"https:\\\/\\\/fjala.info\\\/\"],\"url\":\"https:\\\/\\\/fjala.info\\\/2009-2015\\\/author\\\/admin\\\/\"}]}<\/script>\n<!-- \/ Yoast SEO plugin. -->","yoast_head_json":{"title":"\u201cO shqiptar\u2026 q\u00eb s\u2019ju mora vesh asnj\u00ebher\u00eb\u201d - FjALA e LIR\u00cb - Arkivi","robots":{"index":"index","follow":"follow","max-snippet":"max-snippet:-1","max-image-preview":"max-image-preview:large","max-video-preview":"max-video-preview:-1"},"canonical":"https:\/\/fjala.info\/2009-2015\/o-shqiptar-qe-sju-mora-vesh-asnjehere\/","og_locale":"sq_AL","og_type":"article","og_title":"\u201cO shqiptar\u2026 q\u00eb s\u2019ju mora vesh asnj\u00ebher\u00eb\u201d - FjALA e LIR\u00cb - Arkivi","og_description":"Nga Arben Manaj, 18 Korrik 2012 Lond\u00ebr Ka nj\u00eb diskurs t\u00eb ndjer\u00eb dhe kuptuesh\u00ebm k\u00ebto dit\u00eb n\u00eb Shqip\u00ebri n\u00eb lidhje me at\u00eb qe po konceptohet si letargji e popullit ndaj gjendjes s\u00eb krijuar n\u00eb vend dhe munges\u00eb ndjeshm\u00ebrie ndaj t\u00eb ardhmes. Inaktiviteti dhe letargjia aktuale shqiptare \u00ebsht\u00eb nj\u00eb konstatim me shume t\u00eb njohura, por edhe [&hellip;]","og_url":"https:\/\/fjala.info\/2009-2015\/o-shqiptar-qe-sju-mora-vesh-asnjehere\/","og_site_name":"FjALA e LIR\u00cb - Arkivi","article_published_time":"2012-07-18T20:51:10+00:00","og_image":[{"url":"http:\/\/www.fjala.info\/2012\/arben_manaj.jpg","type":"","width":"","height":""}],"author":"admin","twitter_card":"summary_large_image","twitter_misc":{"Written by":"admin","Est. reading time":"8 minutes"},"schema":{"@context":"https:\/\/schema.org","@graph":[{"@type":"Article","@id":"https:\/\/fjala.info\/2009-2015\/o-shqiptar-qe-sju-mora-vesh-asnjehere\/#article","isPartOf":{"@id":"https:\/\/fjala.info\/2009-2015\/o-shqiptar-qe-sju-mora-vesh-asnjehere\/"},"author":{"name":"admin","@id":"https:\/\/fjala.info\/2009-2015\/#\/schema\/person\/3aa1163ef05469c496fc94e77611ada2"},"headline":"\u201cO shqiptar\u2026 q\u00eb s\u2019ju mora vesh asnj\u00ebher\u00eb\u201d","datePublished":"2012-07-18T20:51:10+00:00","mainEntityOfPage":{"@id":"https:\/\/fjala.info\/2009-2015\/o-shqiptar-qe-sju-mora-vesh-asnjehere\/"},"wordCount":1509,"commentCount":0,"publisher":{"@id":"https:\/\/fjala.info\/2009-2015\/#organization"},"image":{"@id":"https:\/\/fjala.info\/2009-2015\/o-shqiptar-qe-sju-mora-vesh-asnjehere\/#primaryimage"},"thumbnailUrl":"http:\/\/www.fjala.info\/2012\/arben_manaj.jpg","articleSection":["Artikuj"],"inLanguage":"sq-AL","potentialAction":[{"@type":"CommentAction","name":"Comment","target":["https:\/\/fjala.info\/2009-2015\/o-shqiptar-qe-sju-mora-vesh-asnjehere\/#respond"]}]},{"@type":"WebPage","@id":"https:\/\/fjala.info\/2009-2015\/o-shqiptar-qe-sju-mora-vesh-asnjehere\/","url":"https:\/\/fjala.info\/2009-2015\/o-shqiptar-qe-sju-mora-vesh-asnjehere\/","name":"\u201cO shqiptar\u2026 q\u00eb s\u2019ju mora vesh asnj\u00ebher\u00eb\u201d - FjALA e LIR\u00cb - Arkivi","isPartOf":{"@id":"https:\/\/fjala.info\/2009-2015\/#website"},"primaryImageOfPage":{"@id":"https:\/\/fjala.info\/2009-2015\/o-shqiptar-qe-sju-mora-vesh-asnjehere\/#primaryimage"},"image":{"@id":"https:\/\/fjala.info\/2009-2015\/o-shqiptar-qe-sju-mora-vesh-asnjehere\/#primaryimage"},"thumbnailUrl":"http:\/\/www.fjala.info\/2012\/arben_manaj.jpg","datePublished":"2012-07-18T20:51:10+00:00","breadcrumb":{"@id":"https:\/\/fjala.info\/2009-2015\/o-shqiptar-qe-sju-mora-vesh-asnjehere\/#breadcrumb"},"inLanguage":"sq-AL","potentialAction":[{"@type":"ReadAction","target":["https:\/\/fjala.info\/2009-2015\/o-shqiptar-qe-sju-mora-vesh-asnjehere\/"]}]},{"@type":"ImageObject","inLanguage":"sq-AL","@id":"https:\/\/fjala.info\/2009-2015\/o-shqiptar-qe-sju-mora-vesh-asnjehere\/#primaryimage","url":"http:\/\/www.fjala.info\/2012\/arben_manaj.jpg","contentUrl":"http:\/\/www.fjala.info\/2012\/arben_manaj.jpg"},{"@type":"BreadcrumbList","@id":"https:\/\/fjala.info\/2009-2015\/o-shqiptar-qe-sju-mora-vesh-asnjehere\/#breadcrumb","itemListElement":[{"@type":"ListItem","position":1,"name":"Home","item":"https:\/\/fjala.info\/2009-2015\/"},{"@type":"ListItem","position":2,"name":"\u201cO shqiptar\u2026 q\u00eb s\u2019ju mora vesh asnj\u00ebher\u00eb\u201d"}]},{"@type":"WebSite","@id":"https:\/\/fjala.info\/2009-2015\/#website","url":"https:\/\/fjala.info\/2009-2015\/","name":"FjALA e LIR\u00cb - Arkivi","description":"Arkivi 2009-2015","publisher":{"@id":"https:\/\/fjala.info\/2009-2015\/#organization"},"potentialAction":[{"@type":"SearchAction","target":{"@type":"EntryPoint","urlTemplate":"https:\/\/fjala.info\/2009-2015\/?s={search_term_string}"},"query-input":{"@type":"PropertyValueSpecification","valueRequired":true,"valueName":"search_term_string"}}],"inLanguage":"sq-AL"},{"@type":"Organization","@id":"https:\/\/fjala.info\/2009-2015\/#organization","name":"FjALA e LIR\u00cb - Arkivi","url":"https:\/\/fjala.info\/2009-2015\/","logo":{"@type":"ImageObject","inLanguage":"sq-AL","@id":"https:\/\/fjala.info\/2009-2015\/#\/schema\/logo\/image\/","url":"","contentUrl":"","caption":"FjALA e LIR\u00cb - Arkivi"},"image":{"@id":"https:\/\/fjala.info\/2009-2015\/#\/schema\/logo\/image\/"}},{"@type":"Person","@id":"https:\/\/fjala.info\/2009-2015\/#\/schema\/person\/3aa1163ef05469c496fc94e77611ada2","name":"admin","image":{"@type":"ImageObject","inLanguage":"sq-AL","@id":"https:\/\/fjala.info\/2009-2015\/wp-content\/uploads\/2012\/02\/arben_cokaj-120x150.jpg","url":"https:\/\/fjala.info\/2009-2015\/wp-content\/uploads\/2012\/02\/arben_cokaj-120x150.jpg","contentUrl":"https:\/\/fjala.info\/2009-2015\/wp-content\/uploads\/2012\/02\/arben_cokaj-120x150.jpg","caption":"admin"},"description":"Admin, Fjala e Lir\u00eb","sameAs":["https:\/\/fjala.info\/"],"url":"https:\/\/fjala.info\/2009-2015\/author\/admin\/"}]}},"_links":{"self":[{"href":"https:\/\/fjala.info\/2009-2015\/wp-json\/wp\/v2\/posts\/3890","targetHints":{"allow":["GET"]}}],"collection":[{"href":"https:\/\/fjala.info\/2009-2015\/wp-json\/wp\/v2\/posts"}],"about":[{"href":"https:\/\/fjala.info\/2009-2015\/wp-json\/wp\/v2\/types\/post"}],"author":[{"embeddable":true,"href":"https:\/\/fjala.info\/2009-2015\/wp-json\/wp\/v2\/users\/1"}],"replies":[{"embeddable":true,"href":"https:\/\/fjala.info\/2009-2015\/wp-json\/wp\/v2\/comments?post=3890"}],"version-history":[{"count":0,"href":"https:\/\/fjala.info\/2009-2015\/wp-json\/wp\/v2\/posts\/3890\/revisions"}],"wp:attachment":[{"href":"https:\/\/fjala.info\/2009-2015\/wp-json\/wp\/v2\/media?parent=3890"}],"wp:term":[{"taxonomy":"category","embeddable":true,"href":"https:\/\/fjala.info\/2009-2015\/wp-json\/wp\/v2\/categories?post=3890"},{"taxonomy":"post_tag","embeddable":true,"href":"https:\/\/fjala.info\/2009-2015\/wp-json\/wp\/v2\/tags?post=3890"}],"curies":[{"name":"wp","href":"https:\/\/api.w.org\/{rel}","templated":true}]}}