{"id":389,"date":"2011-11-29T08:37:41","date_gmt":"2011-11-29T07:37:41","guid":{"rendered":"http:\/\/fjala.shkoder.net\/?p=389"},"modified":"2011-11-29T08:37:41","modified_gmt":"2011-11-29T07:37:41","slug":"shqiptaret-dhe-palestina","status":"publish","type":"post","link":"https:\/\/fjala.info\/2009-2015\/shqiptaret-dhe-palestina\/","title":{"rendered":"Shqiptar\u00ebt dhe Palestina"},"content":{"rendered":"<p><img decoding=\"async\" class=\"alignleft size-thumbnail wp-image-7236\" title=\"Veton Surroi\" src=\"http:\/\/www.shkoder.net\/images\/fjala\/veton_surroi.jpg\" alt=\"\" width=\"150\" \/> Nga <strong>Veton Surroi<\/strong>, <em>26 n\u00ebntor 2011<\/em><\/p>\n<p>Vizita e kryeministrit Berisha n\u00eb Izrael, si dhe q\u00ebndrimi i mbajtur i Shqip\u00ebris\u00eb gjat\u00eb fillimit t\u00eb sivjetm\u00eb t\u00eb Asambles\u00eb s\u00eb P\u00ebrgjithshme t\u00eb OKB-s\u00eb karshi \u00e7\u00ebshtjes s\u00eb njohjes s\u00eb shtetit palestinez tregojn\u00eb p\u00ebr nj\u00eb politik\u00eb t\u00eb jashtme t\u00eb pamjaftueshme ndaj nj\u00ebr\u00ebs prej \u00e7\u00ebshtjeve ky\u00e7 bot\u00ebrore.<\/p>\n<p>Politika e jashtme e Shqip\u00ebris\u00eb, e manifestuar gjat\u00eb vizit\u00ebs s\u00eb kryeministrit dhe q\u00ebndrimit n\u00eb Asamblen\u00eb e P\u00ebrgjithshme, ka adoptuar q\u00ebndrimin izraelit ndaj \u00e7\u00ebshtjes palestineze, e ky q\u00ebndrim \u00ebsht\u00eb se shteti palestinez mund t\u00eb nd\u00ebrtohet vet\u00ebm me nj\u00eb proces negociator, n\u00eb t\u00eb cilin do t\u00eb arrihet pajtimi mes izraelit\u00ebve dhe palestinez\u00ebve.<\/p>\n<p>Me k\u00ebt\u00eb, Shqip\u00ebria i ka dh\u00ebn\u00eb p\u00ebrkrahje t\u00eb drejtp\u00ebrdrejt\u00eb dy pikave strategjike t\u00eb politik\u00ebs izraelite ndaj Palestin\u00ebs. Nj\u00eb, q\u00eb Izraeli t\u00eb ket\u00eb t\u00eb drejt\u00ebn e vetos, n\u00ebp\u00ebrmjet t\u00eb formulimit \u201cvet\u00ebm marr\u00ebveshja e negociuar\u201d, p\u00ebr shtet\u00ebsin\u00eb palestineze. Sipas k\u00ebtij modeli, n\u00ebse Izraeli nuk mb\u00ebrrin marr\u00ebveshje me autoritetet palestineze, at\u00ebher\u00eb nuk do t\u00eb ket\u00eb shtet palestinez.<\/p>\n<p><img decoding=\"async\" class=\"alignleft size-thumbnail wp-image-7236\" title=\"West Bank\" src=\"http:\/\/www.shkoder.net\/images\/fjala\/2011\/west_bank.jpg\" alt=\"\" width=\"300\" \/>Dy, e n\u00ebn mbules\u00ebn e \u201cprocesit negociator\u201d, t\u2019i njihet e drejta Izraelit p\u00ebr politik\u00ebn e \u201crealiteteve t\u00eb reja\u201d. Ai n\u00eb form\u00eb aktive, n\u00ebp\u00ebrmjet kolonizimit, e ka ndryshuar hart\u00ebn demografike t\u00eb territoreve t\u00eb pushtuara, pra t\u00eb mu atyre territoreve ku do t\u00eb duhej t\u00eb nd\u00ebrtohej shteti i \u201cmarr\u00ebveshur\u201d palestinez. \u00c7do dit\u00eb q\u00eb kalon, prej vitit 1967 e k\u00ebtej, pra nga data e pushtimit, ka gjithnj\u00eb e m\u00eb pak tok\u00eb, p\u00ebr m\u00eb tep\u00ebr, tok\u00eb me uj\u00eb, p\u00ebr t\u00eb nd\u00ebrtuar shtetin palestinez.<\/p>\n<p><strong>2<\/strong>.<br \/>\nPolitika e jashtme e Shqip\u00ebris\u00eb dhe e shqiptar\u00ebve n\u00eb Ballkan nuk do t\u00eb duhej t\u00eb ishte e nj\u00ebanshme. Qartazi, kjo politik\u00eb e jashtme duhet t\u00eb konsideroj\u00eb si nj\u00eb arritje t\u00eb madhe t\u00eb kombit, at\u00eb pjes\u00eb t\u00eb historis\u00eb s\u00eb saj kur n\u00eb tokat shqiptare jan\u00eb strehuar, fshehur dhe ndihmuar p\u00ebr n\u00eb liri hebrenjt\u00eb e ikur nga gjenocidi nazist. Qartazi, kjo politik\u00eb e jashtme duhet t\u00eb jet\u00eb p\u00ebrkrah\u00ebse e shtetit t\u00eb Izraelit, jo vet\u00ebm si simbol t\u00eb nj\u00eb drejt\u00ebsie karshi nj\u00eb populli t\u00eb persekutuar, por edhe simbolin e trim\u00ebris\u00eb s\u00eb shtetnd\u00ebrtimit n\u00eb koh\u00eb t\u00eb v\u00ebshtira.<\/p>\n<p>P\u00ebr nj\u00eb popull q\u00eb, ndon\u00ebse as af\u00ebr p\u00ebrmasave hebraike, iu ekspozua p\u00ebrndjekjes dhe sfidave t\u00eb ekzistenc\u00ebs e shtetnd\u00ebrtimit, \u00ebsht\u00eb leht\u00eb t\u00eb krijosh simpati p\u00ebr Izraelin.<\/p>\n<p>Por, nj\u00eb politik\u00eb e jashtme e Shqip\u00ebris\u00eb dhe e shqiptar\u00ebve n\u00eb Ballkan nuk mund ta p\u00ebrfundoj\u00eb k\u00ebtu qasjen e vet ndaj regjionit. N\u00eb t\u00eb, ekziston nj\u00eb popull i p\u00ebrndjekur, her\u00eb-her\u00eb deri n\u00eb kufi t\u00eb ekzistenc\u00ebs, me nj\u00eb sfid\u00eb shum\u00eb m\u00eb t\u00eb madhe t\u00eb shtetnd\u00ebrtimit, t\u00eb b\u00ebrjes s\u00eb shtetit n\u00eb rrethana t\u00eb okupimit. Ky \u00ebsht\u00eb populli palestinez.<\/p>\n<p>Dhe, simpatia p\u00ebr k\u00ebt\u00eb popull nuk mund t\u00eb p\u00ebrfundoj\u00eb me nj\u00eb p\u00ebrs\u00ebritje t\u00eb \u201cp\u00ebrkrahjes p\u00ebr shtetin palestinez\u201d.<\/p>\n<p>Gjat\u00eb nj\u00ebzet viteve t\u00eb fundit, gjat\u00eb t\u00eb cilave \u00ebsht\u00eb shtuar numri i vendeve q\u00eb, sikur Shqip\u00ebria e \u201cp\u00ebrkrahin t\u00eb drejt\u00ebn p\u00ebr shtetin palestinez\u201d Izraeli ka krijuar realitete t\u00eb reja n\u00eb terren: ka kolonizuar pjes\u00eb t\u00eb mira t\u00eb Palestin\u00ebs s\u00eb ardhshme, ka v\u00ebn\u00eb n\u00ebn kontroll t\u00eb vetin pjes\u00ebn d\u00ebrrmuese t\u00eb burimeve t\u00eb ujit, ka ndar\u00eb me mur territoret q\u00eb mendon t\u2019i aneksoj\u00eb prej atyre q\u00eb do t\u2019ua l\u00ebr\u00eb palestinez\u00ebve (pas nj\u00eb \u201cmarr\u00ebveshjeje t\u00eb negociuar\u201d), ka v\u00ebn\u00eb nj\u00eb pik\u00ebkalim kufitar thell\u00eb n\u00eb territoret palestineze, duke mbyllur e hapur qasjen n\u00eb tregun e pun\u00ebs p\u00ebr palestinez\u00ebt \u00e7do her\u00eb q\u00eb i konvenon politikisht, ka marr\u00eb t\u00eb hyrat doganore t\u00eb palestinez\u00ebve \u00e7do her\u00eb q\u00eb e konsideron si mjet t\u00eb nevojsh\u00ebm presioni, ka mbushur burgjet me palestinez\u00eb t\u00eb t\u00eb gjitha moshave e t\u00eb t\u00eb gjitha aktiviteteve, p\u00ebrfshir\u00eb edhe f\u00ebmij\u00eb q\u00eb gjuajn\u00eb gur\u00eb dhe rini q\u00eb ngren\u00eb dy gisht\u00ebrinj n\u00eb shenj\u00eb rezistence paq\u00ebsore, e q\u00eb prap\u00eb quhen terrorist\u00eb.<\/p>\n<p>Kryeministri Berisha, gjat\u00eb vizit\u00ebs Izraelit, dhe qytetit t\u00eb pushtuar t\u00eb Jerusalemit, ka mundur pasi t\u00eb ket\u00eb vizituar Murin e vajtimit, t\u00eb b\u00ebnte edhe tri vizita. Pasi vizitoi xhamin\u00eb Al Aqsa, vendin e dyt\u00eb t\u00eb shenjt\u00eb p\u00ebr Islamin, t\u00eb rrethuar me ushtar\u00eb izraelit\u00eb, t\u00eb cil\u00ebt her\u00eb pas here vendosin se sa qindra besimtar\u00eb mund t\u00eb hyjn\u00eb, e sa duhet t\u00eb mbesin jasht\u00eb mureve t\u00eb qytetit, ka mundur t\u00eb niset p\u00ebr n\u00eb Ramallah, kryeqendr\u00ebn administrative t\u00eb Palestin\u00ebs e cila shpreson se nj\u00eb dit\u00eb do ta ket\u00eb kryeqytet t\u00eb vetin Jerusalemin. Aty do t\u00eb duhej t\u00eb takohej me p\u00ebrfaq\u00ebsuesit legjitim\u00eb t\u00eb popullit, t\u00eb drejt\u00ebn p\u00ebr shtet t\u00eb t\u00eb cilit Shqip\u00ebria e p\u00ebrkrah n\u00eb parim, e t\u00eb d\u00ebgjoj\u00eb prej tyre se si kjo p\u00ebrkrahje n\u00eb parim nuk vlen gj\u00eb karshi hapave t\u00eb nj\u00ebansh\u00ebm t\u00eb cilat i nd\u00ebrmerr Izraeli p\u00ebr mbi 40 vjet.<\/p>\n<p>Rrug\u00ebs p\u00ebr n\u00eb Ramallah do t\u00eb mund t\u00eb shihte pik\u00ebn e kalimit Qalqidiya, nj\u00eb kufi trishtues, aty ku \u00ebsht\u00eb m\u00eb s\u00eb i duksh\u00ebm projekti i murit t\u00eb madh t\u00eb betonit q\u00eb p\u00ebrpiqet t\u00eb ndaj\u00eb jet\u00ebn e qet\u00eb dhe prosperuese izraelite prej jet\u00ebs prej mentaliteti t\u00eb refugjatit q\u00eb kan\u00eb palestinez\u00ebt. Dhe, pika e tret\u00eb duhej t\u00eb ishte Tulqarm, aty ku kryeministri do t\u00eb mund t\u00eb shihte, si\u00e7 kam par\u00eb un\u00eb, se si ushtar\u00ebt e rinj izraelit, 18 vje\u00e7 nga Rusia e Etiopia, p\u00ebrcaktojn\u00eb se kush mund t\u00eb dal\u00eb p\u00ebrtej postbllokut t\u00eb qytetit. N\u00eb mesin e atyre q\u00eb do t\u00eb lusnin ushtar\u00ebt ishte edhe nj\u00eb grua shtatz\u00ebn\u00eb.<\/p>\n<p>T\u00eb shkel\u00ebsh me k\u00ebmb\u00eb n\u00eb Jerusalem, e t\u00eb shoh\u00ebsh vet\u00ebm an\u00ebn hebraike t\u00eb ekzistenc\u00ebs s\u00eb k\u00ebtij qyteti \u00ebsht\u00eb t\u00eb mohosh nj\u00eb realitet t\u00eb madh e t\u00eb dhimbsh\u00ebm, at\u00eb palestinez. Shqip\u00ebria dhe shqiptar\u00ebt nuk kan\u00eb t\u00eb drejt\u00eb morale ta mohojn\u00eb k\u00ebt\u00eb realitet, t\u00eb drejt\u00ebn p\u00ebr liri t\u00eb tjetrit, kur aq kan\u00eb vuajtur p\u00ebr lirin\u00eb vetjake, dhe me aq fisnik\u00ebri jan\u00eb ndihmuar nga disa fuqi t\u00eb m\u00ebdha, n\u00eb radh\u00eb t\u00eb par\u00eb nga SHBA-ja, p\u00ebr ta arritur at\u00eb.<\/p>\n<p><strong>3<\/strong>.<br \/>\nQ\u00ebndrimi politik se Shqip\u00ebria dhe shqiptar\u00ebt do t\u00eb njohin shtetin palestinez at\u00ebher\u00eb kur t\u00eb merren vesh p\u00ebr k\u00ebt\u00eb palestinez\u00ebt dhe izraelit\u00ebt nuk \u00ebsht\u00eb vet\u00ebm nj\u00eb q\u00ebndrim, si\u00e7 u shpjegua m\u00eb lart, moralisht i d\u00ebmsh\u00ebm, ngase jep t\u00eb drejt\u00ebn e vetos Izraelit q\u00eb kur dhe si do t\u00eb doj\u00eb t\u00eb zvarris\u00eb procesin e marr\u00ebveshjes me palestinez\u00ebt, pra edhe t\u00eb shpalljes s\u00eb tij si shtet.<br \/>\nKy q\u00ebndrim \u00ebsht\u00eb edhe politikisht i papranuesh\u00ebm mu p\u00ebr shqiptar\u00ebt.<\/p>\n<p>Gjat\u00eb viteve 1998-1999 nj\u00eb q\u00ebndrim t\u00eb k\u00ebtill\u00eb ka mbajtur Rusia ndaj Kosov\u00ebs. Asokohe politika e jashtme ruse p\u00ebrs\u00ebriste se do t\u00eb p\u00ebrkrahte \u00e7far\u00ebdo marr\u00ebveshjeje t\u00eb negociuar mes Serbis\u00eb dhe Kosov\u00ebs. Nj\u00eb proces negociator, n\u00eb t\u00eb cilin Serbia e kishte t\u00eb drejtuar revolen n\u00eb kok\u00ebn e Kosov\u00ebs dihet se \u00e7far\u00eb marr\u00ebveshje mund t\u00eb krijonte. P\u00ebr m\u00eb tep\u00ebr, me nj\u00eb k\u00ebso q\u00ebndrimi p\u00ebrkrahej Serbia, duke u p\u00ebrpjekur q\u00eb me aksionet e veta ushtarake t\u00eb krijonte realitete t\u00eb reja n\u00eb terren, si\u00e7 ishte spastrimi etnik i popullat\u00ebs shqiptare.<\/p>\n<p>K\u00ebt\u00eb q\u00ebndrim Rusia e ka mbajtur edhe gjat\u00eb vitit 2005-2008, duke th\u00ebn\u00eb se do t\u00eb p\u00ebrkrah\u00eb vet\u00ebm statusin e dakorduar n\u00eb negociatat mes Kosov\u00ebs dhe Serbis\u00eb, duke u p\u00ebrpjekur t\u2019 i japin shtetit shkat\u00ebrrimtar t\u00eb drejt\u00ebn e vetos mbi ardhm\u00ebrin\u00eb e Kosov\u00ebs.<br \/>\nDhe k\u00ebt\u00eb q\u00ebndrim e mban Rusia edhe sot, duke th\u00ebn\u00eb se do ta njoh\u00eb pavar\u00ebsin\u00eb e Kosov\u00ebs kur k\u00ebt\u00eb ta b\u00ebj\u00eb Serbia.<\/p>\n<p>N\u00ebse shqiptar\u00ebt n\u00eb Ballkan kan\u00eb p\u00ebsuar nga nj\u00eb q\u00ebndrim t\u00eb k\u00ebtill\u00eb \u201cparimor\u201d, pse duhet ta p\u00ebrkrahin, madje n\u00eb form\u00eb krejt\u00ebsisht t\u00eb p\u00ebrs\u00ebritur ndaj popullit palestinez?<\/p>\n<p><strong>4<\/strong>.<br \/>\nInstinkti par\u00ebsor i nj\u00eb pjese t\u00eb politik\u00ebs shqiptare n\u00eb Ballkan, si\u00e7 u shpjegua edhe dje n\u00eb Kosov\u00eb, \u00ebsht\u00eb q\u00eb p\u00ebr nj\u00eb \u00e7\u00ebshtje si\u00e7 \u00ebsht\u00eb ajo e palestinez\u00ebve t\u00eb b\u00ebhen konsulta me SHBA-n\u00eb dhe BE-n\u00eb. Por, nj\u00eb gj\u00eb e till\u00eb nuk do t\u00eb prodhoj\u00eb gj\u00eb, ngase SHBA-ja, p\u00ebr shkaqe t\u00eb brendshme ka nj\u00eb q\u00ebndrim krejt\u00ebsisht tjet\u00ebr prej atij q\u00eb mbajn\u00eb shumica e shteteve t\u00eb BE-s\u00eb.<\/p>\n<p>Shqiptar\u00ebt nuk kan\u00eb pse marrin an\u00eb n\u00eb k\u00ebt\u00eb munges\u00eb dakordimi. As nuk kan\u00eb pse ta marrin seriozisht arsyetimin se lider\u00ebt palestinez\u00eb i kan\u00eb premtuar Serbis\u00eb se nuk do ta njohin Kosov\u00ebn. Politika shqiptare ndaj palestinez\u00ebve duhet t\u00eb jet\u00eb ajo e respektit t\u00eb liris\u00eb, jo e reciprocitetit, posa\u00e7\u00ebrisht jo ndaj nj\u00eb populli i cili mezi arrin t\u00eb artikuloj\u00eb qartazi politik\u00ebn e vet shtetnd\u00ebrtuese.<\/p>\n<p>Duke mbajtur q\u00ebndrim p\u00ebrkrah\u00ebs \u201cn\u00eb parim\u201d ndaj shtetit palestinez, Shqip\u00ebria dhe shqiptar\u00ebt jan\u00eb v\u00ebn\u00eb n\u00eb nj\u00eb pozicion moralisht, politikisht &#8211; dhe historikisht t\u00eb gabuesh\u00ebm.<\/p>\n<p>P\u00ebrgjigjja m\u00eb e mir\u00eb p\u00ebr \u00e7\u00ebshtjen palestineze \u00ebsht\u00eb p\u00ebrgjigjja q\u00eb e kemi dh\u00ebn\u00eb vet\u00eb me vite t\u00eb t\u00ebra rreth Kosov\u00ebs. Ashtu si shteti i Kosov\u00ebs nuk mund t\u00eb mbahej peng i zhvillimeve n\u00eb Serbi (\u201ckur t\u00eb demokratizohet\u201d, \u201ckur t\u00eb jet\u00eb i gatsh\u00ebm opinioni publik\u201d, etj.), ashtu edhe Palestina nuk mund t\u00eb mbahet peng i zhvillimeve n\u00eb Izrael. N\u00eb munges\u00eb t\u00eb marr\u00ebveshjes s\u00eb dakorduar mes Izraelit e Palestin\u00ebs, q\u00eb gjithsesi do t\u00eb ishte zgjidhja m\u00eb e mir\u00eb, p\u00ebrpar\u00ebsi ka shtet\u00ebsia palestineze, jo okupimi izraelit.<\/p>\n<p>Historia e re ka d\u00ebshmuar se nj\u00eb qasje e k\u00ebtill\u00eb \u00ebsht\u00eb e mir\u00eb p\u00ebr Kosov\u00ebn. Shqiptar\u00ebt jan\u00eb t\u00eb fundit q\u00eb mund t\u2019ua mohojn\u00eb palestinez\u00ebve.<\/p>\n","protected":false},"excerpt":{"rendered":"<p>Nga Veton Surroi, 26 n\u00ebntor 2011 Vizita e kryeministrit Berisha n\u00eb Izrael, si dhe q\u00ebndrimi i mbajtur i Shqip\u00ebris\u00eb gjat\u00eb fillimit t\u00eb sivjetm\u00eb t\u00eb Asambles\u00eb s\u00eb P\u00ebrgjithshme t\u00eb OKB-s\u00eb karshi \u00e7\u00ebshtjes s\u00eb njohjes s\u00eb shtetit palestinez tregojn\u00eb p\u00ebr nj\u00eb politik\u00eb t\u00eb jashtme t\u00eb pamjaftueshme ndaj nj\u00ebr\u00ebs prej \u00e7\u00ebshtjeve ky\u00e7 bot\u00ebrore. Politika e jashtme e Shqip\u00ebris\u00eb, [&hellip;]<\/p>\n","protected":false},"author":1,"featured_media":0,"comment_status":"open","ping_status":"closed","sticky":false,"template":"","format":"standard","meta":{"footnotes":""},"categories":[2],"tags":[],"class_list":{"0":"post-389","1":"post","2":"type-post","3":"status-publish","4":"format-standard","6":"category-artikuj"},"yoast_head":"<!-- This site is optimized with the Yoast SEO plugin v27.4 - https:\/\/yoast.com\/product\/yoast-seo-wordpress\/ -->\n<title>Shqiptar\u00ebt dhe Palestina - FjALA e LIR\u00cb - Arkivi<\/title>\n<meta name=\"robots\" content=\"index, follow, max-snippet:-1, max-image-preview:large, max-video-preview:-1\" \/>\n<link rel=\"canonical\" href=\"https:\/\/fjala.info\/2009-2015\/shqiptaret-dhe-palestina\/\" \/>\n<meta property=\"og:locale\" content=\"sq_AL\" \/>\n<meta property=\"og:type\" content=\"article\" \/>\n<meta property=\"og:title\" content=\"Shqiptar\u00ebt dhe Palestina - FjALA e LIR\u00cb - Arkivi\" \/>\n<meta property=\"og:description\" content=\"Nga Veton Surroi, 26 n\u00ebntor 2011 Vizita e kryeministrit Berisha n\u00eb Izrael, si dhe q\u00ebndrimi i mbajtur i Shqip\u00ebris\u00eb gjat\u00eb fillimit t\u00eb sivjetm\u00eb t\u00eb Asambles\u00eb s\u00eb P\u00ebrgjithshme t\u00eb OKB-s\u00eb karshi \u00e7\u00ebshtjes s\u00eb njohjes s\u00eb shtetit palestinez tregojn\u00eb p\u00ebr nj\u00eb politik\u00eb t\u00eb jashtme t\u00eb pamjaftueshme ndaj nj\u00ebr\u00ebs prej \u00e7\u00ebshtjeve ky\u00e7 bot\u00ebrore. Politika e jashtme e Shqip\u00ebris\u00eb, [&hellip;]\" \/>\n<meta property=\"og:url\" content=\"https:\/\/fjala.info\/2009-2015\/shqiptaret-dhe-palestina\/\" \/>\n<meta property=\"og:site_name\" content=\"FjALA e LIR\u00cb - Arkivi\" \/>\n<meta property=\"article:published_time\" content=\"2011-11-29T07:37:41+00:00\" \/>\n<meta property=\"og:image\" content=\"http:\/\/www.shkoder.net\/images\/fjala\/veton_surroi.jpg\" \/>\n<meta name=\"author\" content=\"admin\" \/>\n<meta name=\"twitter:card\" content=\"summary_large_image\" \/>\n<meta name=\"twitter:label1\" content=\"Written by\" \/>\n\t<meta name=\"twitter:data1\" content=\"admin\" \/>\n\t<meta name=\"twitter:label2\" content=\"Est. reading time\" \/>\n\t<meta name=\"twitter:data2\" content=\"8 minutes\" \/>\n<script type=\"application\/ld+json\" class=\"yoast-schema-graph\">{\"@context\":\"https:\\\/\\\/schema.org\",\"@graph\":[{\"@type\":\"Article\",\"@id\":\"https:\\\/\\\/fjala.info\\\/2009-2015\\\/shqiptaret-dhe-palestina\\\/#article\",\"isPartOf\":{\"@id\":\"https:\\\/\\\/fjala.info\\\/2009-2015\\\/shqiptaret-dhe-palestina\\\/\"},\"author\":{\"name\":\"admin\",\"@id\":\"https:\\\/\\\/fjala.info\\\/2009-2015\\\/#\\\/schema\\\/person\\\/3aa1163ef05469c496fc94e77611ada2\"},\"headline\":\"Shqiptar\u00ebt dhe Palestina\",\"datePublished\":\"2011-11-29T07:37:41+00:00\",\"mainEntityOfPage\":{\"@id\":\"https:\\\/\\\/fjala.info\\\/2009-2015\\\/shqiptaret-dhe-palestina\\\/\"},\"wordCount\":1667,\"commentCount\":1,\"publisher\":{\"@id\":\"https:\\\/\\\/fjala.info\\\/2009-2015\\\/#organization\"},\"image\":{\"@id\":\"https:\\\/\\\/fjala.info\\\/2009-2015\\\/shqiptaret-dhe-palestina\\\/#primaryimage\"},\"thumbnailUrl\":\"http:\\\/\\\/www.shkoder.net\\\/images\\\/fjala\\\/veton_surroi.jpg\",\"articleSection\":[\"Artikuj\"],\"inLanguage\":\"sq-AL\",\"potentialAction\":[{\"@type\":\"CommentAction\",\"name\":\"Comment\",\"target\":[\"https:\\\/\\\/fjala.info\\\/2009-2015\\\/shqiptaret-dhe-palestina\\\/#respond\"]}]},{\"@type\":\"WebPage\",\"@id\":\"https:\\\/\\\/fjala.info\\\/2009-2015\\\/shqiptaret-dhe-palestina\\\/\",\"url\":\"https:\\\/\\\/fjala.info\\\/2009-2015\\\/shqiptaret-dhe-palestina\\\/\",\"name\":\"Shqiptar\u00ebt dhe Palestina - FjALA e LIR\u00cb - Arkivi\",\"isPartOf\":{\"@id\":\"https:\\\/\\\/fjala.info\\\/2009-2015\\\/#website\"},\"primaryImageOfPage\":{\"@id\":\"https:\\\/\\\/fjala.info\\\/2009-2015\\\/shqiptaret-dhe-palestina\\\/#primaryimage\"},\"image\":{\"@id\":\"https:\\\/\\\/fjala.info\\\/2009-2015\\\/shqiptaret-dhe-palestina\\\/#primaryimage\"},\"thumbnailUrl\":\"http:\\\/\\\/www.shkoder.net\\\/images\\\/fjala\\\/veton_surroi.jpg\",\"datePublished\":\"2011-11-29T07:37:41+00:00\",\"breadcrumb\":{\"@id\":\"https:\\\/\\\/fjala.info\\\/2009-2015\\\/shqiptaret-dhe-palestina\\\/#breadcrumb\"},\"inLanguage\":\"sq-AL\",\"potentialAction\":[{\"@type\":\"ReadAction\",\"target\":[\"https:\\\/\\\/fjala.info\\\/2009-2015\\\/shqiptaret-dhe-palestina\\\/\"]}]},{\"@type\":\"ImageObject\",\"inLanguage\":\"sq-AL\",\"@id\":\"https:\\\/\\\/fjala.info\\\/2009-2015\\\/shqiptaret-dhe-palestina\\\/#primaryimage\",\"url\":\"http:\\\/\\\/www.shkoder.net\\\/images\\\/fjala\\\/veton_surroi.jpg\",\"contentUrl\":\"http:\\\/\\\/www.shkoder.net\\\/images\\\/fjala\\\/veton_surroi.jpg\"},{\"@type\":\"BreadcrumbList\",\"@id\":\"https:\\\/\\\/fjala.info\\\/2009-2015\\\/shqiptaret-dhe-palestina\\\/#breadcrumb\",\"itemListElement\":[{\"@type\":\"ListItem\",\"position\":1,\"name\":\"Home\",\"item\":\"https:\\\/\\\/fjala.info\\\/2009-2015\\\/\"},{\"@type\":\"ListItem\",\"position\":2,\"name\":\"Shqiptar\u00ebt dhe Palestina\"}]},{\"@type\":\"WebSite\",\"@id\":\"https:\\\/\\\/fjala.info\\\/2009-2015\\\/#website\",\"url\":\"https:\\\/\\\/fjala.info\\\/2009-2015\\\/\",\"name\":\"FjALA e LIR\u00cb - Arkivi\",\"description\":\"Arkivi 2009-2015\",\"publisher\":{\"@id\":\"https:\\\/\\\/fjala.info\\\/2009-2015\\\/#organization\"},\"potentialAction\":[{\"@type\":\"SearchAction\",\"target\":{\"@type\":\"EntryPoint\",\"urlTemplate\":\"https:\\\/\\\/fjala.info\\\/2009-2015\\\/?s={search_term_string}\"},\"query-input\":{\"@type\":\"PropertyValueSpecification\",\"valueRequired\":true,\"valueName\":\"search_term_string\"}}],\"inLanguage\":\"sq-AL\"},{\"@type\":\"Organization\",\"@id\":\"https:\\\/\\\/fjala.info\\\/2009-2015\\\/#organization\",\"name\":\"FjALA e LIR\u00cb - Arkivi\",\"url\":\"https:\\\/\\\/fjala.info\\\/2009-2015\\\/\",\"logo\":{\"@type\":\"ImageObject\",\"inLanguage\":\"sq-AL\",\"@id\":\"https:\\\/\\\/fjala.info\\\/2009-2015\\\/#\\\/schema\\\/logo\\\/image\\\/\",\"url\":\"\",\"contentUrl\":\"\",\"caption\":\"FjALA e LIR\u00cb - Arkivi\"},\"image\":{\"@id\":\"https:\\\/\\\/fjala.info\\\/2009-2015\\\/#\\\/schema\\\/logo\\\/image\\\/\"}},{\"@type\":\"Person\",\"@id\":\"https:\\\/\\\/fjala.info\\\/2009-2015\\\/#\\\/schema\\\/person\\\/3aa1163ef05469c496fc94e77611ada2\",\"name\":\"admin\",\"image\":{\"@type\":\"ImageObject\",\"inLanguage\":\"sq-AL\",\"@id\":\"https:\\\/\\\/fjala.info\\\/2009-2015\\\/wp-content\\\/uploads\\\/2012\\\/02\\\/arben_cokaj-120x150.jpg\",\"url\":\"https:\\\/\\\/fjala.info\\\/2009-2015\\\/wp-content\\\/uploads\\\/2012\\\/02\\\/arben_cokaj-120x150.jpg\",\"contentUrl\":\"https:\\\/\\\/fjala.info\\\/2009-2015\\\/wp-content\\\/uploads\\\/2012\\\/02\\\/arben_cokaj-120x150.jpg\",\"caption\":\"admin\"},\"description\":\"Admin, Fjala e Lir\u00eb\",\"sameAs\":[\"https:\\\/\\\/fjala.info\\\/\"],\"url\":\"https:\\\/\\\/fjala.info\\\/2009-2015\\\/author\\\/admin\\\/\"}]}<\/script>\n<!-- \/ Yoast SEO plugin. -->","yoast_head_json":{"title":"Shqiptar\u00ebt dhe Palestina - FjALA e LIR\u00cb - Arkivi","robots":{"index":"index","follow":"follow","max-snippet":"max-snippet:-1","max-image-preview":"max-image-preview:large","max-video-preview":"max-video-preview:-1"},"canonical":"https:\/\/fjala.info\/2009-2015\/shqiptaret-dhe-palestina\/","og_locale":"sq_AL","og_type":"article","og_title":"Shqiptar\u00ebt dhe Palestina - FjALA e LIR\u00cb - Arkivi","og_description":"Nga Veton Surroi, 26 n\u00ebntor 2011 Vizita e kryeministrit Berisha n\u00eb Izrael, si dhe q\u00ebndrimi i mbajtur i Shqip\u00ebris\u00eb gjat\u00eb fillimit t\u00eb sivjetm\u00eb t\u00eb Asambles\u00eb s\u00eb P\u00ebrgjithshme t\u00eb OKB-s\u00eb karshi \u00e7\u00ebshtjes s\u00eb njohjes s\u00eb shtetit palestinez tregojn\u00eb p\u00ebr nj\u00eb politik\u00eb t\u00eb jashtme t\u00eb pamjaftueshme ndaj nj\u00ebr\u00ebs prej \u00e7\u00ebshtjeve ky\u00e7 bot\u00ebrore. Politika e jashtme e Shqip\u00ebris\u00eb, [&hellip;]","og_url":"https:\/\/fjala.info\/2009-2015\/shqiptaret-dhe-palestina\/","og_site_name":"FjALA e LIR\u00cb - Arkivi","article_published_time":"2011-11-29T07:37:41+00:00","og_image":[{"url":"http:\/\/www.shkoder.net\/images\/fjala\/veton_surroi.jpg","type":"","width":"","height":""}],"author":"admin","twitter_card":"summary_large_image","twitter_misc":{"Written by":"admin","Est. reading time":"8 minutes"},"schema":{"@context":"https:\/\/schema.org","@graph":[{"@type":"Article","@id":"https:\/\/fjala.info\/2009-2015\/shqiptaret-dhe-palestina\/#article","isPartOf":{"@id":"https:\/\/fjala.info\/2009-2015\/shqiptaret-dhe-palestina\/"},"author":{"name":"admin","@id":"https:\/\/fjala.info\/2009-2015\/#\/schema\/person\/3aa1163ef05469c496fc94e77611ada2"},"headline":"Shqiptar\u00ebt dhe Palestina","datePublished":"2011-11-29T07:37:41+00:00","mainEntityOfPage":{"@id":"https:\/\/fjala.info\/2009-2015\/shqiptaret-dhe-palestina\/"},"wordCount":1667,"commentCount":1,"publisher":{"@id":"https:\/\/fjala.info\/2009-2015\/#organization"},"image":{"@id":"https:\/\/fjala.info\/2009-2015\/shqiptaret-dhe-palestina\/#primaryimage"},"thumbnailUrl":"http:\/\/www.shkoder.net\/images\/fjala\/veton_surroi.jpg","articleSection":["Artikuj"],"inLanguage":"sq-AL","potentialAction":[{"@type":"CommentAction","name":"Comment","target":["https:\/\/fjala.info\/2009-2015\/shqiptaret-dhe-palestina\/#respond"]}]},{"@type":"WebPage","@id":"https:\/\/fjala.info\/2009-2015\/shqiptaret-dhe-palestina\/","url":"https:\/\/fjala.info\/2009-2015\/shqiptaret-dhe-palestina\/","name":"Shqiptar\u00ebt dhe Palestina - FjALA e LIR\u00cb - Arkivi","isPartOf":{"@id":"https:\/\/fjala.info\/2009-2015\/#website"},"primaryImageOfPage":{"@id":"https:\/\/fjala.info\/2009-2015\/shqiptaret-dhe-palestina\/#primaryimage"},"image":{"@id":"https:\/\/fjala.info\/2009-2015\/shqiptaret-dhe-palestina\/#primaryimage"},"thumbnailUrl":"http:\/\/www.shkoder.net\/images\/fjala\/veton_surroi.jpg","datePublished":"2011-11-29T07:37:41+00:00","breadcrumb":{"@id":"https:\/\/fjala.info\/2009-2015\/shqiptaret-dhe-palestina\/#breadcrumb"},"inLanguage":"sq-AL","potentialAction":[{"@type":"ReadAction","target":["https:\/\/fjala.info\/2009-2015\/shqiptaret-dhe-palestina\/"]}]},{"@type":"ImageObject","inLanguage":"sq-AL","@id":"https:\/\/fjala.info\/2009-2015\/shqiptaret-dhe-palestina\/#primaryimage","url":"http:\/\/www.shkoder.net\/images\/fjala\/veton_surroi.jpg","contentUrl":"http:\/\/www.shkoder.net\/images\/fjala\/veton_surroi.jpg"},{"@type":"BreadcrumbList","@id":"https:\/\/fjala.info\/2009-2015\/shqiptaret-dhe-palestina\/#breadcrumb","itemListElement":[{"@type":"ListItem","position":1,"name":"Home","item":"https:\/\/fjala.info\/2009-2015\/"},{"@type":"ListItem","position":2,"name":"Shqiptar\u00ebt dhe Palestina"}]},{"@type":"WebSite","@id":"https:\/\/fjala.info\/2009-2015\/#website","url":"https:\/\/fjala.info\/2009-2015\/","name":"FjALA e LIR\u00cb - Arkivi","description":"Arkivi 2009-2015","publisher":{"@id":"https:\/\/fjala.info\/2009-2015\/#organization"},"potentialAction":[{"@type":"SearchAction","target":{"@type":"EntryPoint","urlTemplate":"https:\/\/fjala.info\/2009-2015\/?s={search_term_string}"},"query-input":{"@type":"PropertyValueSpecification","valueRequired":true,"valueName":"search_term_string"}}],"inLanguage":"sq-AL"},{"@type":"Organization","@id":"https:\/\/fjala.info\/2009-2015\/#organization","name":"FjALA e LIR\u00cb - Arkivi","url":"https:\/\/fjala.info\/2009-2015\/","logo":{"@type":"ImageObject","inLanguage":"sq-AL","@id":"https:\/\/fjala.info\/2009-2015\/#\/schema\/logo\/image\/","url":"","contentUrl":"","caption":"FjALA e LIR\u00cb - Arkivi"},"image":{"@id":"https:\/\/fjala.info\/2009-2015\/#\/schema\/logo\/image\/"}},{"@type":"Person","@id":"https:\/\/fjala.info\/2009-2015\/#\/schema\/person\/3aa1163ef05469c496fc94e77611ada2","name":"admin","image":{"@type":"ImageObject","inLanguage":"sq-AL","@id":"https:\/\/fjala.info\/2009-2015\/wp-content\/uploads\/2012\/02\/arben_cokaj-120x150.jpg","url":"https:\/\/fjala.info\/2009-2015\/wp-content\/uploads\/2012\/02\/arben_cokaj-120x150.jpg","contentUrl":"https:\/\/fjala.info\/2009-2015\/wp-content\/uploads\/2012\/02\/arben_cokaj-120x150.jpg","caption":"admin"},"description":"Admin, Fjala e Lir\u00eb","sameAs":["https:\/\/fjala.info\/"],"url":"https:\/\/fjala.info\/2009-2015\/author\/admin\/"}]}},"_links":{"self":[{"href":"https:\/\/fjala.info\/2009-2015\/wp-json\/wp\/v2\/posts\/389","targetHints":{"allow":["GET"]}}],"collection":[{"href":"https:\/\/fjala.info\/2009-2015\/wp-json\/wp\/v2\/posts"}],"about":[{"href":"https:\/\/fjala.info\/2009-2015\/wp-json\/wp\/v2\/types\/post"}],"author":[{"embeddable":true,"href":"https:\/\/fjala.info\/2009-2015\/wp-json\/wp\/v2\/users\/1"}],"replies":[{"embeddable":true,"href":"https:\/\/fjala.info\/2009-2015\/wp-json\/wp\/v2\/comments?post=389"}],"version-history":[{"count":0,"href":"https:\/\/fjala.info\/2009-2015\/wp-json\/wp\/v2\/posts\/389\/revisions"}],"wp:attachment":[{"href":"https:\/\/fjala.info\/2009-2015\/wp-json\/wp\/v2\/media?parent=389"}],"wp:term":[{"taxonomy":"category","embeddable":true,"href":"https:\/\/fjala.info\/2009-2015\/wp-json\/wp\/v2\/categories?post=389"},{"taxonomy":"post_tag","embeddable":true,"href":"https:\/\/fjala.info\/2009-2015\/wp-json\/wp\/v2\/tags?post=389"}],"curies":[{"name":"wp","href":"https:\/\/api.w.org\/{rel}","templated":true}]}}