{"id":3889,"date":"2010-08-31T07:53:30","date_gmt":"2010-08-31T06:53:30","guid":{"rendered":"http:\/\/fjala.shkoder.net\/?p=3889"},"modified":"2010-08-31T07:53:30","modified_gmt":"2010-08-31T06:53:30","slug":"majko-vendi-ne-nje-kolaps-politik","status":"publish","type":"post","link":"https:\/\/fjala.info\/2009-2015\/majko-vendi-ne-nje-kolaps-politik\/","title":{"rendered":"Majko: Vendi n\u00eb nj\u00eb kolaps politik"},"content":{"rendered":"<p><img loading=\"lazy\" decoding=\"async\" class=\"alignright size-medium wp-image-3890\" title=\"Pandeli Majko\" src=\"http:\/\/fjala.shkoder.net\/wp-content\/uploads\/2010\/08\/pandeli_majko1-300x195.jpg\" alt=\"\" width=\"300\" height=\"195\" \/><\/p>\n<p><strong>Denis Dedej<\/strong>, <em>30.08.2010<\/em><\/p>\n<p><em>Deputeti i PS deklaroi dje se diskutimi rreth faktit se jan\u00eb apo nuk jan\u00eb materiale zgjedhore flet\u00ebt e votimit, \u00ebsht\u00eb absurd<\/em><\/p>\n<p><em>Ish-kryeministri paralajm\u00ebron: Aktualisht jemi n\u00eb nj\u00eb kolaps politik dhe rrezikojm\u00eb stanjacionin<\/em><\/p>\n<p>Deputeti i Partis\u00eb Socialiste, Pandeli Majko, shprehu dje mendimin se debati i mir\u00ebfillt\u00eb q\u00eb b\u00ebhet aktualisht p\u00ebr transparenc\u00ebn e zgjedhjeve nuk \u00ebsht\u00eb nj\u00eb debat profesional, se sa nj\u00eb debat politik.<\/p>\n<p>N\u00eb nj\u00eb prononcim t\u00eb dh\u00ebn\u00eb p\u00ebr gazet\u00ebn &#8220;Shekulli&#8221;, zyrtari lart\u00eb socialist deklaroi se p\u00ebr m\u00ebnyr\u00ebn se si ka ecur procesi prej nj\u00eb viti \u00ebsht\u00eb e qart\u00eb se n\u00ebp\u00ebrmjet k\u00ebtij debati, n\u00eb nj\u00eb m\u00ebnyr\u00eb apo tjet\u00ebr, po qart\u00ebsohet m\u00ebnyra dhe cil\u00ebsia e qeverisjes n\u00eb Shqip\u00ebri.<\/p>\n<p>&#8220;Aktualisht jemi n\u00eb nj\u00eb kolaps politik dhe rrezikojm\u00eb stanjacionin. P\u00ebr fat t\u00eb keq aktualisht qeverisja n\u00eb Shqip\u00ebri \u00ebsht\u00eb jasht\u00eb \u00e7do kuadri kontrolli ligjor, qoft\u00eb nga opozita n\u00eb parlament&#8221;,- u shpreh Majko. Ai theksoi se p\u00ebr arsye tanim\u00eb t\u00eb njohura n\u00eb publik, edhe institucionet e tjera t\u00eb pavarura jan\u00eb m\u00ebse t\u00eb kufizuara p\u00ebr t\u00eb kryer detyr\u00ebn e tyre kushtetuese karshi nj\u00eb qeverisje dhe nj\u00eb partie e cila \u00ebsht\u00eb nj\u00ebsuar me shtetin.<\/p>\n<p>N\u00eb k\u00ebt\u00eb kuad\u00ebr, n\u00ebnvizoi an\u00ebtari i Komisionit t\u00eb Ligjeve, &#8220;diskutimi rreth faktit se jan\u00eb apo nuk jan\u00eb materiale zgjedhore flet\u00ebt e votimit, \u00ebsht\u00eb nj\u00eb diskutim krejt\u00ebsisht absurd&#8221;. Kjo pasi, vijoi deputeti socialist, nuk mund t\u00eb hapet debat, apo t\u00eb zhvillohet nj\u00eb debat profesional me njer\u00ebz t\u00eb cil\u00ebt tanim\u00eb \u00ebsht\u00eb e qart\u00eb q\u00eb kan\u00eb marr\u00eb urdhra p\u00ebr t&#8217;u shprehur n\u00eb nj\u00eb m\u00ebnyr\u00eb e cila e vendos procesin e hetimit t\u00eb zgjedhjeve n\u00eb nj\u00eb kolaps t\u00eb mir\u00ebfillt\u00eb politik.<\/p>\n<p>&#8220;Dua t\u00eb n\u00ebnvizoj se, n\u00eb nj\u00eb sht\u00ebpi ku \u00ebsht\u00eb kryer krim nuk besoj se mund t\u00eb mund t\u00eb kategorizohet n\u00eb pjes\u00ebrisht e banueshme dhe pjes\u00ebrisht e pabanueshme, ajo bllokohet e gjitha p\u00ebr t&#8217;u futur n\u00eb procesin hetimor.<\/p>\n<p>E nj\u00ebjta gj\u00eb ndodh edhe me zgjedhjet e vitit t\u00eb kaluar p\u00ebr nj\u00eb arsye shum\u00eb t\u00eb thjesht\u00eb, q\u00eb edhe vet\u00eb mazhoranca e ka pranuar n\u00eb parim hetimin thelb\u00ebsor t\u00eb k\u00ebtyre zgjedhjeve&#8221;,- vler\u00ebsoi Pandeli Majko.<\/p>\n<p>Ai tha se nuk beson q\u00eb n\u00eb parim Kryeministri aktual do t\u00eb pranoj\u00eb fillimin e nj\u00eb procesi normal hetimor p\u00ebr zgjedhjet. P\u00ebr m\u00eb tep\u00ebr, n\u00ebnvizoi zyrtari lart\u00eb socialist, tanim\u00eb gjithsecili \u00ebsht\u00eb i qart\u00eb se \u00e7far\u00eb ka cil\u00ebsia e zgjedhjeve q\u00eb kaluan brenda kutive t\u00eb votimit.<\/p>\n<p>&#8220;N\u00ebse do t\u00eb kishte nj\u00eb hap\u00ebsir\u00eb politike gjithmon\u00eb, p\u00ebr at\u00eb e kam fjal\u00ebn, ju siguroj se kjo do t\u00eb kishte ndodhur, se ka rreth nj\u00eb vit q\u00eb ka kaluar nga zgjedhjet e m\u00ebparshme, opozita ka b\u00ebr\u00eb disa oferta dhe n\u00eb p\u00ebrgjith\u00ebsi strategjia e doktor Berish\u00ebs ka qen\u00eb shtyrja n\u00eb koh\u00eb e k\u00ebtij procesi, &#8220;lodhja&#8221; e k\u00ebsaj historie politike duke b\u00ebr\u00eb q\u00eb n\u00eb opinionin publik t\u00eb shikohet n\u00eb vazhdim me nj\u00eb lloj m\u00ebrzie, e cila ka krijuar produktin e nj\u00eb kolapsi politik dhe rrezikon t\u00eb na shtyj\u00eb drejt nj\u00eb stanjacioni&#8221;, analizon situat\u00eb politike an\u00ebtari i Kryesis\u00eb s\u00eb Partis\u00eb Socialiste.<\/p>\n<p>An\u00ebtari i Komisionit t\u00eb Ligjeve vler\u00ebsoi gjithashtu se procesi hetimor q\u00eb po k\u00ebrkohet prej m\u00ebse 1 viti nuk mund t\u00eb nd\u00ebrtohet mbi baz\u00ebn e opinioneve personale t\u00eb kujtdo q\u00eb \u00ebsht\u00eb aktualisht n\u00eb zyr\u00ebn e Kryeministrit. &#8220;N\u00eb Shqip\u00ebri ose do t\u00eb ket\u00eb, ose nuk do t\u00eb ket\u00eb nj\u00eb proces hetimor p\u00ebr zgjedhjet dhe si i till\u00eb, ashtu si\u00e7 \u00ebsht\u00eb deklaruar edhe n\u00eb rezolut\u00ebn e PE, ai duhet t\u00eb p\u00ebrfshij\u00eb t\u00eb gjitha materialet zgjedhore.<\/p>\n<p>\u00c7\u00ebshtja e transparenc\u00ebs s\u00eb materialeve zgjedhore nuk p\u00ebrb\u00ebn asnj\u00eb lloj rinum\u00ebrimi p\u00ebr t\u00eb rishikuar rezultatin&#8221;, deklaroi Majko. Sipas tij, tanim\u00eb gjith\u00e7ka \u00ebsht\u00eb e qart\u00eb q\u00eb dhe n\u00ebse do t\u00eb arrihet nj\u00eb kompromis, do t\u00eb kryhet nj\u00eb hetim i cili q\u00ebllimin final dhe fondamental ka nxjerrjen e nj\u00eb vargu konkluzionesh p\u00ebr t\u00eb mos lejuar q\u00eb t\u00eb p\u00ebrs\u00ebriten t\u00eb nj\u00ebjtat gabime t\u00eb cilat kan\u00eb sjell\u00eb rip\u00ebrs\u00ebritjen ciklike t\u00eb krizave politike n\u00eb Shqip\u00ebri.<\/p>\n<p>I pyetur mbi deklarat\u00ebn e kryetarit t\u00eb KQZ, se me dekretimin e dat\u00ebs s\u00eb zgjedhjeve do t\u00eb nis\u00eb puna p\u00ebr pastrimin e kutive, zyrtari i lart\u00eb i PS vler\u00ebsoi se &#8220;p\u00ebrderisa pal\u00ebt politike n\u00eb Shqip\u00ebri kan\u00eb r\u00ebn\u00eb dakord n\u00eb parim p\u00ebr nj\u00eb hetim t\u00eb zgjedhjeve, mendoj se \u00e7do individ q\u00eb do t\u00eb k\u00ebrkonte djegien e provave t\u00eb hetimit do t\u00eb duhej t\u00eb mendohej m\u00eb shum\u00eb se sa nj\u00eb her\u00eb&#8221;.<\/p>\n<p><strong>P\u00ebr debatin<\/strong><\/p>\n<p>Debati i mir\u00ebfillt\u00eb q\u00eb b\u00ebhet aktualisht p\u00ebr transparenc\u00ebn e zgjedhjeve nuk \u00ebsht\u00eb nj\u00eb debat profesional, se sa nj\u00eb debat politik. Aktualisht jemi n\u00eb nj\u00eb kolaps politik dhe rrezikojm\u00eb stanjacionin. P\u00ebr fat t\u00eb keq aktualisht qeverisja n\u00eb Shqip\u00ebri \u00ebsht\u00eb jasht\u00eb \u00e7do kuadri kontrolli ligjor, qoft\u00eb nga opozita n\u00eb parlament. Institucionet e pavarura jan\u00eb m\u00ebse t\u00eb kufizuara p\u00ebr t\u00eb kryer detyr\u00ebn e tyre kushtetuese.<\/p>\n<p><strong>P\u00ebr hetimin<\/strong><\/p>\n<p>N\u00eb nj\u00eb sht\u00ebpi ku \u00ebsht\u00eb kryer krim nuk besoj se mund t\u00eb mund t\u00eb kategorizohet n\u00eb pjes\u00ebrisht e banueshme dhe pjes\u00ebrisht e pabanueshme, ajo bllokohet e gjitha p\u00ebr t&#8217;u futur n\u00eb procesin hetimor. E nj\u00ebjta gj\u00eb ndodh edhe me zgjedhjet e vitit t\u00eb kaluar p\u00ebr nj\u00eb arsye shum\u00eb t\u00eb thjesht\u00eb, q\u00eb edhe vet\u00eb mazhoranca e ka pranuar n\u00eb parim hetimin thelb\u00ebsor t\u00eb k\u00ebtyre zgjedhjeve.<\/p>\n<p><strong>P\u00ebr zgjedhjet<\/strong><\/p>\n<p>Ka rreth nj\u00eb vit q\u00eb ka kaluar nga zgjedhjet e m\u00ebparshme, opozita ka b\u00ebr\u00eb disa oferta dhe n\u00eb p\u00ebrgjith\u00ebsi strategjia e doktor Berish\u00ebs ka qen\u00eb shtyrja n\u00eb koh\u00eb e k\u00ebtij procesi, &#8220;lodhja&#8221; e k\u00ebsaj historie politike duke b\u00ebr\u00eb q\u00eb n\u00eb opinionin publik t\u00eb shikohet n\u00eb vazhdim me nj\u00eb lloj m\u00ebrzie, e cila ka krijuar produktin e nj\u00eb kolapsi politik dhe rrezikon t\u00eb na shtyj\u00eb drejt nj\u00eb stanjacioni&#8221;.<\/p>\n<p><strong>P\u00ebr materialet<\/strong><\/p>\n<p>Procesi hetimor q\u00eb po k\u00ebrkohet nuk mund t\u00eb nd\u00ebrtohet mbi baz\u00ebn e opinioneve personale. N\u00eb Shqip\u00ebri ose do t\u00eb ket\u00eb, ose nuk do t\u00eb ket\u00eb nj\u00eb proces hetimor p\u00ebr zgjedhjet dhe si i till\u00eb, ashtu si\u00e7 \u00ebsht\u00eb deklaruar edhe n\u00eb rezolut\u00ebn e PE, ai duhet t\u00eb p\u00ebrfshij\u00eb t\u00eb gjitha materialet zgjedhore. \u00c7\u00ebshtja e transparenc\u00ebs s\u00eb materialeve zgjedhore nuk p\u00ebrb\u00ebn asnj\u00eb lloj rinum\u00ebrimi p\u00ebr t\u00eb rishikuar rezultatin.<\/p>\n","protected":false},"excerpt":{"rendered":"<p>Denis Dedej, 30.08.2010 Deputeti i PS deklaroi dje se diskutimi rreth faktit se jan\u00eb apo nuk jan\u00eb materiale zgjedhore flet\u00ebt e votimit, \u00ebsht\u00eb absurd Ish-kryeministri paralajm\u00ebron: Aktualisht jemi n\u00eb nj\u00eb kolaps politik dhe rrezikojm\u00eb stanjacionin Deputeti i Partis\u00eb Socialiste, Pandeli Majko, shprehu dje mendimin se debati i mir\u00ebfillt\u00eb q\u00eb b\u00ebhet aktualisht p\u00ebr transparenc\u00ebn e zgjedhjeve [&hellip;]<\/p>\n","protected":false},"author":1,"featured_media":0,"comment_status":"open","ping_status":"closed","sticky":false,"template":"","format":"standard","meta":{"footnotes":""},"categories":[2],"tags":[],"class_list":{"0":"post-3889","1":"post","2":"type-post","3":"status-publish","4":"format-standard","6":"category-artikuj"},"yoast_head":"<!-- This site is optimized with the Yoast SEO plugin v27.4 - https:\/\/yoast.com\/product\/yoast-seo-wordpress\/ -->\n<title>Majko: Vendi n\u00eb nj\u00eb kolaps politik - FjALA e LIR\u00cb - Arkivi<\/title>\n<meta name=\"robots\" content=\"index, follow, max-snippet:-1, max-image-preview:large, max-video-preview:-1\" \/>\n<link rel=\"canonical\" href=\"https:\/\/fjala.info\/2009-2015\/majko-vendi-ne-nje-kolaps-politik\/\" \/>\n<meta property=\"og:locale\" content=\"sq_AL\" \/>\n<meta property=\"og:type\" content=\"article\" \/>\n<meta property=\"og:title\" content=\"Majko: Vendi n\u00eb nj\u00eb kolaps politik - FjALA e LIR\u00cb - Arkivi\" \/>\n<meta property=\"og:description\" content=\"Denis Dedej, 30.08.2010 Deputeti i PS deklaroi dje se diskutimi rreth faktit se jan\u00eb apo nuk jan\u00eb materiale zgjedhore flet\u00ebt e votimit, \u00ebsht\u00eb absurd Ish-kryeministri paralajm\u00ebron: Aktualisht jemi n\u00eb nj\u00eb kolaps politik dhe rrezikojm\u00eb stanjacionin Deputeti i Partis\u00eb Socialiste, Pandeli Majko, shprehu dje mendimin se debati i mir\u00ebfillt\u00eb q\u00eb b\u00ebhet aktualisht p\u00ebr transparenc\u00ebn e zgjedhjeve [&hellip;]\" \/>\n<meta property=\"og:url\" content=\"https:\/\/fjala.info\/2009-2015\/majko-vendi-ne-nje-kolaps-politik\/\" \/>\n<meta property=\"og:site_name\" content=\"FjALA e LIR\u00cb - Arkivi\" \/>\n<meta property=\"article:published_time\" content=\"2010-08-31T06:53:30+00:00\" \/>\n<meta property=\"og:image\" content=\"http:\/\/fjala.shkoder.net\/wp-content\/uploads\/2010\/08\/pandeli_majko1-300x195.jpg\" \/>\n<meta name=\"author\" content=\"admin\" \/>\n<meta name=\"twitter:card\" content=\"summary_large_image\" \/>\n<meta name=\"twitter:label1\" content=\"Written by\" \/>\n\t<meta name=\"twitter:data1\" content=\"admin\" \/>\n\t<meta name=\"twitter:label2\" content=\"Est. reading time\" \/>\n\t<meta name=\"twitter:data2\" content=\"5 minutes\" \/>\n<script type=\"application\/ld+json\" class=\"yoast-schema-graph\">{\"@context\":\"https:\\\/\\\/schema.org\",\"@graph\":[{\"@type\":\"Article\",\"@id\":\"https:\\\/\\\/fjala.info\\\/2009-2015\\\/majko-vendi-ne-nje-kolaps-politik\\\/#article\",\"isPartOf\":{\"@id\":\"https:\\\/\\\/fjala.info\\\/2009-2015\\\/majko-vendi-ne-nje-kolaps-politik\\\/\"},\"author\":{\"name\":\"admin\",\"@id\":\"https:\\\/\\\/fjala.info\\\/2009-2015\\\/#\\\/schema\\\/person\\\/3aa1163ef05469c496fc94e77611ada2\"},\"headline\":\"Majko: Vendi n\u00eb nj\u00eb kolaps politik\",\"datePublished\":\"2010-08-31T06:53:30+00:00\",\"mainEntityOfPage\":{\"@id\":\"https:\\\/\\\/fjala.info\\\/2009-2015\\\/majko-vendi-ne-nje-kolaps-politik\\\/\"},\"wordCount\":1102,\"commentCount\":0,\"publisher\":{\"@id\":\"https:\\\/\\\/fjala.info\\\/2009-2015\\\/#organization\"},\"image\":{\"@id\":\"https:\\\/\\\/fjala.info\\\/2009-2015\\\/majko-vendi-ne-nje-kolaps-politik\\\/#primaryimage\"},\"thumbnailUrl\":\"http:\\\/\\\/fjala.shkoder.net\\\/wp-content\\\/uploads\\\/2010\\\/08\\\/pandeli_majko1-300x195.jpg\",\"articleSection\":[\"Artikuj\"],\"inLanguage\":\"sq-AL\",\"potentialAction\":[{\"@type\":\"CommentAction\",\"name\":\"Comment\",\"target\":[\"https:\\\/\\\/fjala.info\\\/2009-2015\\\/majko-vendi-ne-nje-kolaps-politik\\\/#respond\"]}]},{\"@type\":\"WebPage\",\"@id\":\"https:\\\/\\\/fjala.info\\\/2009-2015\\\/majko-vendi-ne-nje-kolaps-politik\\\/\",\"url\":\"https:\\\/\\\/fjala.info\\\/2009-2015\\\/majko-vendi-ne-nje-kolaps-politik\\\/\",\"name\":\"Majko: Vendi n\u00eb nj\u00eb kolaps politik - FjALA e LIR\u00cb - Arkivi\",\"isPartOf\":{\"@id\":\"https:\\\/\\\/fjala.info\\\/2009-2015\\\/#website\"},\"primaryImageOfPage\":{\"@id\":\"https:\\\/\\\/fjala.info\\\/2009-2015\\\/majko-vendi-ne-nje-kolaps-politik\\\/#primaryimage\"},\"image\":{\"@id\":\"https:\\\/\\\/fjala.info\\\/2009-2015\\\/majko-vendi-ne-nje-kolaps-politik\\\/#primaryimage\"},\"thumbnailUrl\":\"http:\\\/\\\/fjala.shkoder.net\\\/wp-content\\\/uploads\\\/2010\\\/08\\\/pandeli_majko1-300x195.jpg\",\"datePublished\":\"2010-08-31T06:53:30+00:00\",\"breadcrumb\":{\"@id\":\"https:\\\/\\\/fjala.info\\\/2009-2015\\\/majko-vendi-ne-nje-kolaps-politik\\\/#breadcrumb\"},\"inLanguage\":\"sq-AL\",\"potentialAction\":[{\"@type\":\"ReadAction\",\"target\":[\"https:\\\/\\\/fjala.info\\\/2009-2015\\\/majko-vendi-ne-nje-kolaps-politik\\\/\"]}]},{\"@type\":\"ImageObject\",\"inLanguage\":\"sq-AL\",\"@id\":\"https:\\\/\\\/fjala.info\\\/2009-2015\\\/majko-vendi-ne-nje-kolaps-politik\\\/#primaryimage\",\"url\":\"http:\\\/\\\/fjala.shkoder.net\\\/wp-content\\\/uploads\\\/2010\\\/08\\\/pandeli_majko1-300x195.jpg\",\"contentUrl\":\"http:\\\/\\\/fjala.shkoder.net\\\/wp-content\\\/uploads\\\/2010\\\/08\\\/pandeli_majko1-300x195.jpg\"},{\"@type\":\"BreadcrumbList\",\"@id\":\"https:\\\/\\\/fjala.info\\\/2009-2015\\\/majko-vendi-ne-nje-kolaps-politik\\\/#breadcrumb\",\"itemListElement\":[{\"@type\":\"ListItem\",\"position\":1,\"name\":\"Home\",\"item\":\"https:\\\/\\\/fjala.info\\\/2009-2015\\\/\"},{\"@type\":\"ListItem\",\"position\":2,\"name\":\"Majko: Vendi n\u00eb nj\u00eb kolaps politik\"}]},{\"@type\":\"WebSite\",\"@id\":\"https:\\\/\\\/fjala.info\\\/2009-2015\\\/#website\",\"url\":\"https:\\\/\\\/fjala.info\\\/2009-2015\\\/\",\"name\":\"FjALA e LIR\u00cb - Arkivi\",\"description\":\"Arkivi 2009-2015\",\"publisher\":{\"@id\":\"https:\\\/\\\/fjala.info\\\/2009-2015\\\/#organization\"},\"potentialAction\":[{\"@type\":\"SearchAction\",\"target\":{\"@type\":\"EntryPoint\",\"urlTemplate\":\"https:\\\/\\\/fjala.info\\\/2009-2015\\\/?s={search_term_string}\"},\"query-input\":{\"@type\":\"PropertyValueSpecification\",\"valueRequired\":true,\"valueName\":\"search_term_string\"}}],\"inLanguage\":\"sq-AL\"},{\"@type\":\"Organization\",\"@id\":\"https:\\\/\\\/fjala.info\\\/2009-2015\\\/#organization\",\"name\":\"FjALA e LIR\u00cb - Arkivi\",\"url\":\"https:\\\/\\\/fjala.info\\\/2009-2015\\\/\",\"logo\":{\"@type\":\"ImageObject\",\"inLanguage\":\"sq-AL\",\"@id\":\"https:\\\/\\\/fjala.info\\\/2009-2015\\\/#\\\/schema\\\/logo\\\/image\\\/\",\"url\":\"\",\"contentUrl\":\"\",\"caption\":\"FjALA e LIR\u00cb - Arkivi\"},\"image\":{\"@id\":\"https:\\\/\\\/fjala.info\\\/2009-2015\\\/#\\\/schema\\\/logo\\\/image\\\/\"}},{\"@type\":\"Person\",\"@id\":\"https:\\\/\\\/fjala.info\\\/2009-2015\\\/#\\\/schema\\\/person\\\/3aa1163ef05469c496fc94e77611ada2\",\"name\":\"admin\",\"image\":{\"@type\":\"ImageObject\",\"inLanguage\":\"sq-AL\",\"@id\":\"https:\\\/\\\/fjala.info\\\/2009-2015\\\/wp-content\\\/uploads\\\/2012\\\/02\\\/arben_cokaj-120x150.jpg\",\"url\":\"https:\\\/\\\/fjala.info\\\/2009-2015\\\/wp-content\\\/uploads\\\/2012\\\/02\\\/arben_cokaj-120x150.jpg\",\"contentUrl\":\"https:\\\/\\\/fjala.info\\\/2009-2015\\\/wp-content\\\/uploads\\\/2012\\\/02\\\/arben_cokaj-120x150.jpg\",\"caption\":\"admin\"},\"description\":\"Admin, Fjala e Lir\u00eb\",\"sameAs\":[\"https:\\\/\\\/fjala.info\\\/\"],\"url\":\"https:\\\/\\\/fjala.info\\\/2009-2015\\\/author\\\/admin\\\/\"}]}<\/script>\n<!-- \/ Yoast SEO plugin. -->","yoast_head_json":{"title":"Majko: Vendi n\u00eb nj\u00eb kolaps politik - FjALA e LIR\u00cb - Arkivi","robots":{"index":"index","follow":"follow","max-snippet":"max-snippet:-1","max-image-preview":"max-image-preview:large","max-video-preview":"max-video-preview:-1"},"canonical":"https:\/\/fjala.info\/2009-2015\/majko-vendi-ne-nje-kolaps-politik\/","og_locale":"sq_AL","og_type":"article","og_title":"Majko: Vendi n\u00eb nj\u00eb kolaps politik - FjALA e LIR\u00cb - Arkivi","og_description":"Denis Dedej, 30.08.2010 Deputeti i PS deklaroi dje se diskutimi rreth faktit se jan\u00eb apo nuk jan\u00eb materiale zgjedhore flet\u00ebt e votimit, \u00ebsht\u00eb absurd Ish-kryeministri paralajm\u00ebron: Aktualisht jemi n\u00eb nj\u00eb kolaps politik dhe rrezikojm\u00eb stanjacionin Deputeti i Partis\u00eb Socialiste, Pandeli Majko, shprehu dje mendimin se debati i mir\u00ebfillt\u00eb q\u00eb b\u00ebhet aktualisht p\u00ebr transparenc\u00ebn e zgjedhjeve [&hellip;]","og_url":"https:\/\/fjala.info\/2009-2015\/majko-vendi-ne-nje-kolaps-politik\/","og_site_name":"FjALA e LIR\u00cb - Arkivi","article_published_time":"2010-08-31T06:53:30+00:00","og_image":[{"url":"http:\/\/fjala.shkoder.net\/wp-content\/uploads\/2010\/08\/pandeli_majko1-300x195.jpg","type":"","width":"","height":""}],"author":"admin","twitter_card":"summary_large_image","twitter_misc":{"Written by":"admin","Est. reading time":"5 minutes"},"schema":{"@context":"https:\/\/schema.org","@graph":[{"@type":"Article","@id":"https:\/\/fjala.info\/2009-2015\/majko-vendi-ne-nje-kolaps-politik\/#article","isPartOf":{"@id":"https:\/\/fjala.info\/2009-2015\/majko-vendi-ne-nje-kolaps-politik\/"},"author":{"name":"admin","@id":"https:\/\/fjala.info\/2009-2015\/#\/schema\/person\/3aa1163ef05469c496fc94e77611ada2"},"headline":"Majko: Vendi n\u00eb nj\u00eb kolaps politik","datePublished":"2010-08-31T06:53:30+00:00","mainEntityOfPage":{"@id":"https:\/\/fjala.info\/2009-2015\/majko-vendi-ne-nje-kolaps-politik\/"},"wordCount":1102,"commentCount":0,"publisher":{"@id":"https:\/\/fjala.info\/2009-2015\/#organization"},"image":{"@id":"https:\/\/fjala.info\/2009-2015\/majko-vendi-ne-nje-kolaps-politik\/#primaryimage"},"thumbnailUrl":"http:\/\/fjala.shkoder.net\/wp-content\/uploads\/2010\/08\/pandeli_majko1-300x195.jpg","articleSection":["Artikuj"],"inLanguage":"sq-AL","potentialAction":[{"@type":"CommentAction","name":"Comment","target":["https:\/\/fjala.info\/2009-2015\/majko-vendi-ne-nje-kolaps-politik\/#respond"]}]},{"@type":"WebPage","@id":"https:\/\/fjala.info\/2009-2015\/majko-vendi-ne-nje-kolaps-politik\/","url":"https:\/\/fjala.info\/2009-2015\/majko-vendi-ne-nje-kolaps-politik\/","name":"Majko: Vendi n\u00eb nj\u00eb kolaps politik - FjALA e LIR\u00cb - Arkivi","isPartOf":{"@id":"https:\/\/fjala.info\/2009-2015\/#website"},"primaryImageOfPage":{"@id":"https:\/\/fjala.info\/2009-2015\/majko-vendi-ne-nje-kolaps-politik\/#primaryimage"},"image":{"@id":"https:\/\/fjala.info\/2009-2015\/majko-vendi-ne-nje-kolaps-politik\/#primaryimage"},"thumbnailUrl":"http:\/\/fjala.shkoder.net\/wp-content\/uploads\/2010\/08\/pandeli_majko1-300x195.jpg","datePublished":"2010-08-31T06:53:30+00:00","breadcrumb":{"@id":"https:\/\/fjala.info\/2009-2015\/majko-vendi-ne-nje-kolaps-politik\/#breadcrumb"},"inLanguage":"sq-AL","potentialAction":[{"@type":"ReadAction","target":["https:\/\/fjala.info\/2009-2015\/majko-vendi-ne-nje-kolaps-politik\/"]}]},{"@type":"ImageObject","inLanguage":"sq-AL","@id":"https:\/\/fjala.info\/2009-2015\/majko-vendi-ne-nje-kolaps-politik\/#primaryimage","url":"http:\/\/fjala.shkoder.net\/wp-content\/uploads\/2010\/08\/pandeli_majko1-300x195.jpg","contentUrl":"http:\/\/fjala.shkoder.net\/wp-content\/uploads\/2010\/08\/pandeli_majko1-300x195.jpg"},{"@type":"BreadcrumbList","@id":"https:\/\/fjala.info\/2009-2015\/majko-vendi-ne-nje-kolaps-politik\/#breadcrumb","itemListElement":[{"@type":"ListItem","position":1,"name":"Home","item":"https:\/\/fjala.info\/2009-2015\/"},{"@type":"ListItem","position":2,"name":"Majko: Vendi n\u00eb nj\u00eb kolaps politik"}]},{"@type":"WebSite","@id":"https:\/\/fjala.info\/2009-2015\/#website","url":"https:\/\/fjala.info\/2009-2015\/","name":"FjALA e LIR\u00cb - Arkivi","description":"Arkivi 2009-2015","publisher":{"@id":"https:\/\/fjala.info\/2009-2015\/#organization"},"potentialAction":[{"@type":"SearchAction","target":{"@type":"EntryPoint","urlTemplate":"https:\/\/fjala.info\/2009-2015\/?s={search_term_string}"},"query-input":{"@type":"PropertyValueSpecification","valueRequired":true,"valueName":"search_term_string"}}],"inLanguage":"sq-AL"},{"@type":"Organization","@id":"https:\/\/fjala.info\/2009-2015\/#organization","name":"FjALA e LIR\u00cb - Arkivi","url":"https:\/\/fjala.info\/2009-2015\/","logo":{"@type":"ImageObject","inLanguage":"sq-AL","@id":"https:\/\/fjala.info\/2009-2015\/#\/schema\/logo\/image\/","url":"","contentUrl":"","caption":"FjALA e LIR\u00cb - Arkivi"},"image":{"@id":"https:\/\/fjala.info\/2009-2015\/#\/schema\/logo\/image\/"}},{"@type":"Person","@id":"https:\/\/fjala.info\/2009-2015\/#\/schema\/person\/3aa1163ef05469c496fc94e77611ada2","name":"admin","image":{"@type":"ImageObject","inLanguage":"sq-AL","@id":"https:\/\/fjala.info\/2009-2015\/wp-content\/uploads\/2012\/02\/arben_cokaj-120x150.jpg","url":"https:\/\/fjala.info\/2009-2015\/wp-content\/uploads\/2012\/02\/arben_cokaj-120x150.jpg","contentUrl":"https:\/\/fjala.info\/2009-2015\/wp-content\/uploads\/2012\/02\/arben_cokaj-120x150.jpg","caption":"admin"},"description":"Admin, Fjala e Lir\u00eb","sameAs":["https:\/\/fjala.info\/"],"url":"https:\/\/fjala.info\/2009-2015\/author\/admin\/"}]}},"_links":{"self":[{"href":"https:\/\/fjala.info\/2009-2015\/wp-json\/wp\/v2\/posts\/3889","targetHints":{"allow":["GET"]}}],"collection":[{"href":"https:\/\/fjala.info\/2009-2015\/wp-json\/wp\/v2\/posts"}],"about":[{"href":"https:\/\/fjala.info\/2009-2015\/wp-json\/wp\/v2\/types\/post"}],"author":[{"embeddable":true,"href":"https:\/\/fjala.info\/2009-2015\/wp-json\/wp\/v2\/users\/1"}],"replies":[{"embeddable":true,"href":"https:\/\/fjala.info\/2009-2015\/wp-json\/wp\/v2\/comments?post=3889"}],"version-history":[{"count":0,"href":"https:\/\/fjala.info\/2009-2015\/wp-json\/wp\/v2\/posts\/3889\/revisions"}],"wp:attachment":[{"href":"https:\/\/fjala.info\/2009-2015\/wp-json\/wp\/v2\/media?parent=3889"}],"wp:term":[{"taxonomy":"category","embeddable":true,"href":"https:\/\/fjala.info\/2009-2015\/wp-json\/wp\/v2\/categories?post=3889"},{"taxonomy":"post_tag","embeddable":true,"href":"https:\/\/fjala.info\/2009-2015\/wp-json\/wp\/v2\/tags?post=3889"}],"curies":[{"name":"wp","href":"https:\/\/api.w.org\/{rel}","templated":true}]}}