{"id":3887,"date":"2012-07-18T21:46:43","date_gmt":"2012-07-18T20:46:43","guid":{"rendered":"http:\/\/www.fjala.info\/?p=3887"},"modified":"2012-07-18T21:46:43","modified_gmt":"2012-07-18T20:46:43","slug":"imami-humbet-qetesine-deputetet-mos-tu-tregojne-as-kryetareve-te-partive-dhe-as-grave-ate-qe-do-shohin-tek-ministria","status":"publish","type":"post","link":"https:\/\/fjala.info\/2009-2015\/imami-humbet-qetesine-deputetet-mos-tu-tregojne-as-kryetareve-te-partive-dhe-as-grave-ate-qe-do-shohin-tek-ministria\/","title":{"rendered":"Imami humbet qet\u00ebsin\u00eb: Deputet\u00ebt mos t\u2019u tregojn\u00eb as kryetar\u00ebve t\u00eb partive dhe as grave at\u00eb q\u00eb do shohin tek ministria"},"content":{"rendered":"<p><img decoding=\"async\" class=\"alignright size-thumbnail wp-image-7236\" title=\"Arben Imami\" src=\"http:\/\/www.fjala.info\/2012\/arben_imami1.jpg\" alt=\"\" width=\"300\" \/> <strong>TemA<\/strong>, <em>18 Korrik 2012<\/em><\/p>\n<p>Ministri i Mbrojtjes, Arben Imami, u shfaq i tensionuar kur doli sot nga raportimi n\u00eb Komisionin e Siguris\u00eb. Edhe aty brenda ishte gjat\u00eb gjith\u00eb koh\u00ebs i skuqur dhe n\u00eb tension. P\u00ebrpara mediave humbi qet\u00ebsin\u00eb dhe foli me mllef. Ai tha se n\u00eb lidhje me p\u00ebrgjimin, t\u00eb ngrihet nj\u00eb n\u00ebnkomision me deputet\u00eb, t\u00eb cil\u00ebt pasi t\u00eb b\u00ebjn\u00eb kontrollin, nuk duhet t\u2019i thon\u00eb asgj\u00eb as gruas dhe as kryetarit t\u00eb partis\u00eb p\u00ebr at\u00eb q\u00eb kan\u00eb par\u00eb aty brenda n\u00eb ministri, por vet\u00ebm t\u00eb deklarojn\u00eb n\u00ebse ka pasur p\u00ebrgjime apo jo.<\/p>\n<p>\u201cLidhur me p\u00ebrgjimin, ju them se nuk ka gj\u00ebra t\u00eb tilla, por p\u00ebr \u00e7do element q\u00eb \u00ebsht\u00eb i lidhur me konfidencialitetin dhe sekretin, sikurse e thash\u00eb edhe n\u00eb Parlament, jua p\u00ebrmenda edhe sot zot\u00ebrinjve t\u00eb nderuar t\u00eb k\u00ebtij Komisioni, do t\u00eb duhet t\u00eb ngrihet nj\u00eb n\u00ebnkomision me tre apo kat\u00ebr njer\u00ebz t\u00eb besuesh\u00ebm t\u00eb grupeve parlamentare, q\u00eb t\u00eb betohen p\u00ebr sekretin s\u00eb pari, dhe, kur t\u00eb dalin nga ai komision t\u00eb dalin me nj\u00eb deklarat\u00eb t\u00eb p\u00ebrbashk\u00ebt dhe t\u00eb mos informojn\u00eb as kryetar\u00ebt e partive se \u00e7far\u00eb kan\u00eb par\u00eb, as grat\u00eb e tyre, por t\u00eb thon\u00eb ka apo nuk ka p\u00ebrgjime.<\/p>\n<p>Un\u00eb jam i interesuar n\u00eb k\u00ebt\u00eb moment m\u00eb tep\u00ebr se kushdo tjet\u00ebr p\u00ebr k\u00ebt\u00eb lloj kontrolli. T\u00eb ngrihet ky komision i mb\u00ebshtetur n\u00eb ligj, drafti \u00ebsht\u00eb gati, dhe t\u00eb hyhet menj\u00ebher\u00eb dhe t\u00eb v\u00ebrtetohet q\u00eb ne nuk punojm\u00eb n\u00eb k\u00ebt\u00eb drejtim. Ne punojm\u00eb kund\u00ebr terrorizmit, ne punojm\u00eb s\u00eb bashku me sh\u00ebrbimet e tjera dhe me ushtri t\u00eb tjera t\u00eb NATO. Duhet mbajtur n\u00eb mendje q\u00eb sh\u00ebrbimi i inteligjenc\u00ebs ushtarake, \u00ebsht\u00eb nj\u00eb nga sh\u00ebrbimet partnere t\u00eb vendeve t\u00eb NATO,\u201d tha Imami.<\/p>\n","protected":false},"excerpt":{"rendered":"<p>TemA, 18 Korrik 2012 Ministri i Mbrojtjes, Arben Imami, u shfaq i tensionuar kur doli sot nga raportimi n\u00eb Komisionin e Siguris\u00eb. Edhe aty brenda ishte gjat\u00eb gjith\u00eb koh\u00ebs i skuqur dhe n\u00eb tension. P\u00ebrpara mediave humbi qet\u00ebsin\u00eb dhe foli me mllef. Ai tha se n\u00eb lidhje me p\u00ebrgjimin, t\u00eb ngrihet nj\u00eb n\u00ebnkomision me deputet\u00eb, [&hellip;]<\/p>\n","protected":false},"author":1,"featured_media":0,"comment_status":"open","ping_status":"closed","sticky":false,"template":"","format":"standard","meta":{"footnotes":""},"categories":[2,5],"tags":[],"class_list":{"0":"post-3887","1":"post","2":"type-post","3":"status-publish","4":"format-standard","6":"category-artikuj","7":"category-lajme"},"yoast_head":"<!-- This site is optimized with the Yoast SEO plugin v27.4 - https:\/\/yoast.com\/product\/yoast-seo-wordpress\/ -->\n<title>Imami humbet qet\u00ebsin\u00eb: Deputet\u00ebt mos t\u2019u tregojn\u00eb as kryetar\u00ebve t\u00eb partive dhe as grave at\u00eb q\u00eb do shohin tek ministria - FjALA e LIR\u00cb - Arkivi<\/title>\n<meta name=\"robots\" content=\"index, follow, max-snippet:-1, max-image-preview:large, max-video-preview:-1\" \/>\n<link rel=\"canonical\" href=\"https:\/\/fjala.info\/2009-2015\/imami-humbet-qetesine-deputetet-mos-tu-tregojne-as-kryetareve-te-partive-dhe-as-grave-ate-qe-do-shohin-tek-ministria\/\" \/>\n<meta property=\"og:locale\" content=\"sq_AL\" \/>\n<meta property=\"og:type\" content=\"article\" \/>\n<meta property=\"og:title\" content=\"Imami humbet qet\u00ebsin\u00eb: Deputet\u00ebt mos t\u2019u tregojn\u00eb as kryetar\u00ebve t\u00eb partive dhe as grave at\u00eb q\u00eb do shohin tek ministria - FjALA e LIR\u00cb - Arkivi\" \/>\n<meta property=\"og:description\" content=\"TemA, 18 Korrik 2012 Ministri i Mbrojtjes, Arben Imami, u shfaq i tensionuar kur doli sot nga raportimi n\u00eb Komisionin e Siguris\u00eb. Edhe aty brenda ishte gjat\u00eb gjith\u00eb koh\u00ebs i skuqur dhe n\u00eb tension. P\u00ebrpara mediave humbi qet\u00ebsin\u00eb dhe foli me mllef. Ai tha se n\u00eb lidhje me p\u00ebrgjimin, t\u00eb ngrihet nj\u00eb n\u00ebnkomision me deputet\u00eb, [&hellip;]\" \/>\n<meta property=\"og:url\" content=\"https:\/\/fjala.info\/2009-2015\/imami-humbet-qetesine-deputetet-mos-tu-tregojne-as-kryetareve-te-partive-dhe-as-grave-ate-qe-do-shohin-tek-ministria\/\" \/>\n<meta property=\"og:site_name\" content=\"FjALA e LIR\u00cb - Arkivi\" \/>\n<meta property=\"article:published_time\" content=\"2012-07-18T20:46:43+00:00\" \/>\n<meta property=\"og:image\" content=\"http:\/\/www.fjala.info\/2012\/arben_imami1.jpg\" \/>\n<meta name=\"author\" content=\"admin\" \/>\n<meta name=\"twitter:card\" content=\"summary_large_image\" \/>\n<meta name=\"twitter:label1\" content=\"Written by\" \/>\n\t<meta name=\"twitter:data1\" content=\"admin\" \/>\n\t<meta name=\"twitter:label2\" content=\"Est. reading time\" \/>\n\t<meta name=\"twitter:data2\" content=\"2 minutes\" \/>\n<script type=\"application\/ld+json\" class=\"yoast-schema-graph\">{\"@context\":\"https:\\\/\\\/schema.org\",\"@graph\":[{\"@type\":\"Article\",\"@id\":\"https:\\\/\\\/fjala.info\\\/2009-2015\\\/imami-humbet-qetesine-deputetet-mos-tu-tregojne-as-kryetareve-te-partive-dhe-as-grave-ate-qe-do-shohin-tek-ministria\\\/#article\",\"isPartOf\":{\"@id\":\"https:\\\/\\\/fjala.info\\\/2009-2015\\\/imami-humbet-qetesine-deputetet-mos-tu-tregojne-as-kryetareve-te-partive-dhe-as-grave-ate-qe-do-shohin-tek-ministria\\\/\"},\"author\":{\"name\":\"admin\",\"@id\":\"https:\\\/\\\/fjala.info\\\/2009-2015\\\/#\\\/schema\\\/person\\\/3aa1163ef05469c496fc94e77611ada2\"},\"headline\":\"Imami humbet qet\u00ebsin\u00eb: Deputet\u00ebt mos t\u2019u tregojn\u00eb as kryetar\u00ebve t\u00eb partive dhe as grave at\u00eb q\u00eb do shohin tek ministria\",\"datePublished\":\"2012-07-18T20:46:43+00:00\",\"mainEntityOfPage\":{\"@id\":\"https:\\\/\\\/fjala.info\\\/2009-2015\\\/imami-humbet-qetesine-deputetet-mos-tu-tregojne-as-kryetareve-te-partive-dhe-as-grave-ate-qe-do-shohin-tek-ministria\\\/\"},\"wordCount\":336,\"commentCount\":0,\"publisher\":{\"@id\":\"https:\\\/\\\/fjala.info\\\/2009-2015\\\/#organization\"},\"image\":{\"@id\":\"https:\\\/\\\/fjala.info\\\/2009-2015\\\/imami-humbet-qetesine-deputetet-mos-tu-tregojne-as-kryetareve-te-partive-dhe-as-grave-ate-qe-do-shohin-tek-ministria\\\/#primaryimage\"},\"thumbnailUrl\":\"http:\\\/\\\/www.fjala.info\\\/2012\\\/arben_imami1.jpg\",\"articleSection\":[\"Artikuj\",\"Lajme\"],\"inLanguage\":\"sq-AL\",\"potentialAction\":[{\"@type\":\"CommentAction\",\"name\":\"Comment\",\"target\":[\"https:\\\/\\\/fjala.info\\\/2009-2015\\\/imami-humbet-qetesine-deputetet-mos-tu-tregojne-as-kryetareve-te-partive-dhe-as-grave-ate-qe-do-shohin-tek-ministria\\\/#respond\"]}]},{\"@type\":\"WebPage\",\"@id\":\"https:\\\/\\\/fjala.info\\\/2009-2015\\\/imami-humbet-qetesine-deputetet-mos-tu-tregojne-as-kryetareve-te-partive-dhe-as-grave-ate-qe-do-shohin-tek-ministria\\\/\",\"url\":\"https:\\\/\\\/fjala.info\\\/2009-2015\\\/imami-humbet-qetesine-deputetet-mos-tu-tregojne-as-kryetareve-te-partive-dhe-as-grave-ate-qe-do-shohin-tek-ministria\\\/\",\"name\":\"Imami humbet qet\u00ebsin\u00eb: Deputet\u00ebt mos t\u2019u tregojn\u00eb as kryetar\u00ebve t\u00eb partive dhe as grave at\u00eb q\u00eb do shohin tek ministria - FjALA e LIR\u00cb - Arkivi\",\"isPartOf\":{\"@id\":\"https:\\\/\\\/fjala.info\\\/2009-2015\\\/#website\"},\"primaryImageOfPage\":{\"@id\":\"https:\\\/\\\/fjala.info\\\/2009-2015\\\/imami-humbet-qetesine-deputetet-mos-tu-tregojne-as-kryetareve-te-partive-dhe-as-grave-ate-qe-do-shohin-tek-ministria\\\/#primaryimage\"},\"image\":{\"@id\":\"https:\\\/\\\/fjala.info\\\/2009-2015\\\/imami-humbet-qetesine-deputetet-mos-tu-tregojne-as-kryetareve-te-partive-dhe-as-grave-ate-qe-do-shohin-tek-ministria\\\/#primaryimage\"},\"thumbnailUrl\":\"http:\\\/\\\/www.fjala.info\\\/2012\\\/arben_imami1.jpg\",\"datePublished\":\"2012-07-18T20:46:43+00:00\",\"breadcrumb\":{\"@id\":\"https:\\\/\\\/fjala.info\\\/2009-2015\\\/imami-humbet-qetesine-deputetet-mos-tu-tregojne-as-kryetareve-te-partive-dhe-as-grave-ate-qe-do-shohin-tek-ministria\\\/#breadcrumb\"},\"inLanguage\":\"sq-AL\",\"potentialAction\":[{\"@type\":\"ReadAction\",\"target\":[\"https:\\\/\\\/fjala.info\\\/2009-2015\\\/imami-humbet-qetesine-deputetet-mos-tu-tregojne-as-kryetareve-te-partive-dhe-as-grave-ate-qe-do-shohin-tek-ministria\\\/\"]}]},{\"@type\":\"ImageObject\",\"inLanguage\":\"sq-AL\",\"@id\":\"https:\\\/\\\/fjala.info\\\/2009-2015\\\/imami-humbet-qetesine-deputetet-mos-tu-tregojne-as-kryetareve-te-partive-dhe-as-grave-ate-qe-do-shohin-tek-ministria\\\/#primaryimage\",\"url\":\"http:\\\/\\\/www.fjala.info\\\/2012\\\/arben_imami1.jpg\",\"contentUrl\":\"http:\\\/\\\/www.fjala.info\\\/2012\\\/arben_imami1.jpg\"},{\"@type\":\"BreadcrumbList\",\"@id\":\"https:\\\/\\\/fjala.info\\\/2009-2015\\\/imami-humbet-qetesine-deputetet-mos-tu-tregojne-as-kryetareve-te-partive-dhe-as-grave-ate-qe-do-shohin-tek-ministria\\\/#breadcrumb\",\"itemListElement\":[{\"@type\":\"ListItem\",\"position\":1,\"name\":\"Home\",\"item\":\"https:\\\/\\\/fjala.info\\\/2009-2015\\\/\"},{\"@type\":\"ListItem\",\"position\":2,\"name\":\"Imami humbet qet\u00ebsin\u00eb: Deputet\u00ebt mos t\u2019u tregojn\u00eb as kryetar\u00ebve t\u00eb partive dhe as grave at\u00eb q\u00eb do shohin tek ministria\"}]},{\"@type\":\"WebSite\",\"@id\":\"https:\\\/\\\/fjala.info\\\/2009-2015\\\/#website\",\"url\":\"https:\\\/\\\/fjala.info\\\/2009-2015\\\/\",\"name\":\"FjALA e LIR\u00cb - Arkivi\",\"description\":\"Arkivi 2009-2015\",\"publisher\":{\"@id\":\"https:\\\/\\\/fjala.info\\\/2009-2015\\\/#organization\"},\"potentialAction\":[{\"@type\":\"SearchAction\",\"target\":{\"@type\":\"EntryPoint\",\"urlTemplate\":\"https:\\\/\\\/fjala.info\\\/2009-2015\\\/?s={search_term_string}\"},\"query-input\":{\"@type\":\"PropertyValueSpecification\",\"valueRequired\":true,\"valueName\":\"search_term_string\"}}],\"inLanguage\":\"sq-AL\"},{\"@type\":\"Organization\",\"@id\":\"https:\\\/\\\/fjala.info\\\/2009-2015\\\/#organization\",\"name\":\"FjALA e LIR\u00cb - Arkivi\",\"url\":\"https:\\\/\\\/fjala.info\\\/2009-2015\\\/\",\"logo\":{\"@type\":\"ImageObject\",\"inLanguage\":\"sq-AL\",\"@id\":\"https:\\\/\\\/fjala.info\\\/2009-2015\\\/#\\\/schema\\\/logo\\\/image\\\/\",\"url\":\"\",\"contentUrl\":\"\",\"caption\":\"FjALA e LIR\u00cb - Arkivi\"},\"image\":{\"@id\":\"https:\\\/\\\/fjala.info\\\/2009-2015\\\/#\\\/schema\\\/logo\\\/image\\\/\"}},{\"@type\":\"Person\",\"@id\":\"https:\\\/\\\/fjala.info\\\/2009-2015\\\/#\\\/schema\\\/person\\\/3aa1163ef05469c496fc94e77611ada2\",\"name\":\"admin\",\"image\":{\"@type\":\"ImageObject\",\"inLanguage\":\"sq-AL\",\"@id\":\"https:\\\/\\\/fjala.info\\\/2009-2015\\\/wp-content\\\/uploads\\\/2012\\\/02\\\/arben_cokaj-120x150.jpg\",\"url\":\"https:\\\/\\\/fjala.info\\\/2009-2015\\\/wp-content\\\/uploads\\\/2012\\\/02\\\/arben_cokaj-120x150.jpg\",\"contentUrl\":\"https:\\\/\\\/fjala.info\\\/2009-2015\\\/wp-content\\\/uploads\\\/2012\\\/02\\\/arben_cokaj-120x150.jpg\",\"caption\":\"admin\"},\"description\":\"Admin, Fjala e Lir\u00eb\",\"sameAs\":[\"https:\\\/\\\/fjala.info\\\/\"],\"url\":\"https:\\\/\\\/fjala.info\\\/2009-2015\\\/author\\\/admin\\\/\"}]}<\/script>\n<!-- \/ Yoast SEO plugin. -->","yoast_head_json":{"title":"Imami humbet qet\u00ebsin\u00eb: Deputet\u00ebt mos t\u2019u tregojn\u00eb as kryetar\u00ebve t\u00eb partive dhe as grave at\u00eb q\u00eb do shohin tek ministria - FjALA e LIR\u00cb - Arkivi","robots":{"index":"index","follow":"follow","max-snippet":"max-snippet:-1","max-image-preview":"max-image-preview:large","max-video-preview":"max-video-preview:-1"},"canonical":"https:\/\/fjala.info\/2009-2015\/imami-humbet-qetesine-deputetet-mos-tu-tregojne-as-kryetareve-te-partive-dhe-as-grave-ate-qe-do-shohin-tek-ministria\/","og_locale":"sq_AL","og_type":"article","og_title":"Imami humbet qet\u00ebsin\u00eb: Deputet\u00ebt mos t\u2019u tregojn\u00eb as kryetar\u00ebve t\u00eb partive dhe as grave at\u00eb q\u00eb do shohin tek ministria - FjALA e LIR\u00cb - Arkivi","og_description":"TemA, 18 Korrik 2012 Ministri i Mbrojtjes, Arben Imami, u shfaq i tensionuar kur doli sot nga raportimi n\u00eb Komisionin e Siguris\u00eb. Edhe aty brenda ishte gjat\u00eb gjith\u00eb koh\u00ebs i skuqur dhe n\u00eb tension. P\u00ebrpara mediave humbi qet\u00ebsin\u00eb dhe foli me mllef. Ai tha se n\u00eb lidhje me p\u00ebrgjimin, t\u00eb ngrihet nj\u00eb n\u00ebnkomision me deputet\u00eb, [&hellip;]","og_url":"https:\/\/fjala.info\/2009-2015\/imami-humbet-qetesine-deputetet-mos-tu-tregojne-as-kryetareve-te-partive-dhe-as-grave-ate-qe-do-shohin-tek-ministria\/","og_site_name":"FjALA e LIR\u00cb - Arkivi","article_published_time":"2012-07-18T20:46:43+00:00","og_image":[{"url":"http:\/\/www.fjala.info\/2012\/arben_imami1.jpg","type":"","width":"","height":""}],"author":"admin","twitter_card":"summary_large_image","twitter_misc":{"Written by":"admin","Est. reading time":"2 minutes"},"schema":{"@context":"https:\/\/schema.org","@graph":[{"@type":"Article","@id":"https:\/\/fjala.info\/2009-2015\/imami-humbet-qetesine-deputetet-mos-tu-tregojne-as-kryetareve-te-partive-dhe-as-grave-ate-qe-do-shohin-tek-ministria\/#article","isPartOf":{"@id":"https:\/\/fjala.info\/2009-2015\/imami-humbet-qetesine-deputetet-mos-tu-tregojne-as-kryetareve-te-partive-dhe-as-grave-ate-qe-do-shohin-tek-ministria\/"},"author":{"name":"admin","@id":"https:\/\/fjala.info\/2009-2015\/#\/schema\/person\/3aa1163ef05469c496fc94e77611ada2"},"headline":"Imami humbet qet\u00ebsin\u00eb: Deputet\u00ebt mos t\u2019u tregojn\u00eb as kryetar\u00ebve t\u00eb partive dhe as grave at\u00eb q\u00eb do shohin tek ministria","datePublished":"2012-07-18T20:46:43+00:00","mainEntityOfPage":{"@id":"https:\/\/fjala.info\/2009-2015\/imami-humbet-qetesine-deputetet-mos-tu-tregojne-as-kryetareve-te-partive-dhe-as-grave-ate-qe-do-shohin-tek-ministria\/"},"wordCount":336,"commentCount":0,"publisher":{"@id":"https:\/\/fjala.info\/2009-2015\/#organization"},"image":{"@id":"https:\/\/fjala.info\/2009-2015\/imami-humbet-qetesine-deputetet-mos-tu-tregojne-as-kryetareve-te-partive-dhe-as-grave-ate-qe-do-shohin-tek-ministria\/#primaryimage"},"thumbnailUrl":"http:\/\/www.fjala.info\/2012\/arben_imami1.jpg","articleSection":["Artikuj","Lajme"],"inLanguage":"sq-AL","potentialAction":[{"@type":"CommentAction","name":"Comment","target":["https:\/\/fjala.info\/2009-2015\/imami-humbet-qetesine-deputetet-mos-tu-tregojne-as-kryetareve-te-partive-dhe-as-grave-ate-qe-do-shohin-tek-ministria\/#respond"]}]},{"@type":"WebPage","@id":"https:\/\/fjala.info\/2009-2015\/imami-humbet-qetesine-deputetet-mos-tu-tregojne-as-kryetareve-te-partive-dhe-as-grave-ate-qe-do-shohin-tek-ministria\/","url":"https:\/\/fjala.info\/2009-2015\/imami-humbet-qetesine-deputetet-mos-tu-tregojne-as-kryetareve-te-partive-dhe-as-grave-ate-qe-do-shohin-tek-ministria\/","name":"Imami humbet qet\u00ebsin\u00eb: Deputet\u00ebt mos t\u2019u tregojn\u00eb as kryetar\u00ebve t\u00eb partive dhe as grave at\u00eb q\u00eb do shohin tek ministria - FjALA e LIR\u00cb - Arkivi","isPartOf":{"@id":"https:\/\/fjala.info\/2009-2015\/#website"},"primaryImageOfPage":{"@id":"https:\/\/fjala.info\/2009-2015\/imami-humbet-qetesine-deputetet-mos-tu-tregojne-as-kryetareve-te-partive-dhe-as-grave-ate-qe-do-shohin-tek-ministria\/#primaryimage"},"image":{"@id":"https:\/\/fjala.info\/2009-2015\/imami-humbet-qetesine-deputetet-mos-tu-tregojne-as-kryetareve-te-partive-dhe-as-grave-ate-qe-do-shohin-tek-ministria\/#primaryimage"},"thumbnailUrl":"http:\/\/www.fjala.info\/2012\/arben_imami1.jpg","datePublished":"2012-07-18T20:46:43+00:00","breadcrumb":{"@id":"https:\/\/fjala.info\/2009-2015\/imami-humbet-qetesine-deputetet-mos-tu-tregojne-as-kryetareve-te-partive-dhe-as-grave-ate-qe-do-shohin-tek-ministria\/#breadcrumb"},"inLanguage":"sq-AL","potentialAction":[{"@type":"ReadAction","target":["https:\/\/fjala.info\/2009-2015\/imami-humbet-qetesine-deputetet-mos-tu-tregojne-as-kryetareve-te-partive-dhe-as-grave-ate-qe-do-shohin-tek-ministria\/"]}]},{"@type":"ImageObject","inLanguage":"sq-AL","@id":"https:\/\/fjala.info\/2009-2015\/imami-humbet-qetesine-deputetet-mos-tu-tregojne-as-kryetareve-te-partive-dhe-as-grave-ate-qe-do-shohin-tek-ministria\/#primaryimage","url":"http:\/\/www.fjala.info\/2012\/arben_imami1.jpg","contentUrl":"http:\/\/www.fjala.info\/2012\/arben_imami1.jpg"},{"@type":"BreadcrumbList","@id":"https:\/\/fjala.info\/2009-2015\/imami-humbet-qetesine-deputetet-mos-tu-tregojne-as-kryetareve-te-partive-dhe-as-grave-ate-qe-do-shohin-tek-ministria\/#breadcrumb","itemListElement":[{"@type":"ListItem","position":1,"name":"Home","item":"https:\/\/fjala.info\/2009-2015\/"},{"@type":"ListItem","position":2,"name":"Imami humbet qet\u00ebsin\u00eb: Deputet\u00ebt mos t\u2019u tregojn\u00eb as kryetar\u00ebve t\u00eb partive dhe as grave at\u00eb q\u00eb do shohin tek ministria"}]},{"@type":"WebSite","@id":"https:\/\/fjala.info\/2009-2015\/#website","url":"https:\/\/fjala.info\/2009-2015\/","name":"FjALA e LIR\u00cb - Arkivi","description":"Arkivi 2009-2015","publisher":{"@id":"https:\/\/fjala.info\/2009-2015\/#organization"},"potentialAction":[{"@type":"SearchAction","target":{"@type":"EntryPoint","urlTemplate":"https:\/\/fjala.info\/2009-2015\/?s={search_term_string}"},"query-input":{"@type":"PropertyValueSpecification","valueRequired":true,"valueName":"search_term_string"}}],"inLanguage":"sq-AL"},{"@type":"Organization","@id":"https:\/\/fjala.info\/2009-2015\/#organization","name":"FjALA e LIR\u00cb - Arkivi","url":"https:\/\/fjala.info\/2009-2015\/","logo":{"@type":"ImageObject","inLanguage":"sq-AL","@id":"https:\/\/fjala.info\/2009-2015\/#\/schema\/logo\/image\/","url":"","contentUrl":"","caption":"FjALA e LIR\u00cb - Arkivi"},"image":{"@id":"https:\/\/fjala.info\/2009-2015\/#\/schema\/logo\/image\/"}},{"@type":"Person","@id":"https:\/\/fjala.info\/2009-2015\/#\/schema\/person\/3aa1163ef05469c496fc94e77611ada2","name":"admin","image":{"@type":"ImageObject","inLanguage":"sq-AL","@id":"https:\/\/fjala.info\/2009-2015\/wp-content\/uploads\/2012\/02\/arben_cokaj-120x150.jpg","url":"https:\/\/fjala.info\/2009-2015\/wp-content\/uploads\/2012\/02\/arben_cokaj-120x150.jpg","contentUrl":"https:\/\/fjala.info\/2009-2015\/wp-content\/uploads\/2012\/02\/arben_cokaj-120x150.jpg","caption":"admin"},"description":"Admin, Fjala e Lir\u00eb","sameAs":["https:\/\/fjala.info\/"],"url":"https:\/\/fjala.info\/2009-2015\/author\/admin\/"}]}},"_links":{"self":[{"href":"https:\/\/fjala.info\/2009-2015\/wp-json\/wp\/v2\/posts\/3887","targetHints":{"allow":["GET"]}}],"collection":[{"href":"https:\/\/fjala.info\/2009-2015\/wp-json\/wp\/v2\/posts"}],"about":[{"href":"https:\/\/fjala.info\/2009-2015\/wp-json\/wp\/v2\/types\/post"}],"author":[{"embeddable":true,"href":"https:\/\/fjala.info\/2009-2015\/wp-json\/wp\/v2\/users\/1"}],"replies":[{"embeddable":true,"href":"https:\/\/fjala.info\/2009-2015\/wp-json\/wp\/v2\/comments?post=3887"}],"version-history":[{"count":0,"href":"https:\/\/fjala.info\/2009-2015\/wp-json\/wp\/v2\/posts\/3887\/revisions"}],"wp:attachment":[{"href":"https:\/\/fjala.info\/2009-2015\/wp-json\/wp\/v2\/media?parent=3887"}],"wp:term":[{"taxonomy":"category","embeddable":true,"href":"https:\/\/fjala.info\/2009-2015\/wp-json\/wp\/v2\/categories?post=3887"},{"taxonomy":"post_tag","embeddable":true,"href":"https:\/\/fjala.info\/2009-2015\/wp-json\/wp\/v2\/tags?post=3887"}],"curies":[{"name":"wp","href":"https:\/\/api.w.org\/{rel}","templated":true}]}}