{"id":3885,"date":"2012-07-18T21:43:51","date_gmt":"2012-07-18T20:43:51","guid":{"rendered":"http:\/\/www.fjala.info\/?p=3885"},"modified":"2012-07-18T21:43:51","modified_gmt":"2012-07-18T20:43:51","slug":"e-pabesueshme-basha-e-hapi-gojen-menjehere-pasi-arvizu-ja-kerkoi-transparence","status":"publish","type":"post","link":"https:\/\/fjala.info\/2009-2015\/e-pabesueshme-basha-e-hapi-gojen-menjehere-pasi-arvizu-ja-kerkoi-transparence\/","title":{"rendered":"E pabesueshme: Basha e hapi goj\u00ebn; menj\u00ebher\u00eb pasi Arvizu-ja k\u00ebrkoi transparenc\u00eb"},"content":{"rendered":"<p><img decoding=\"async\" class=\"alignright size-thumbnail wp-image-7236\" title=\"Basha - Arvizu\" src=\"http:\/\/www.fjala.info\/2012\/basha_arvizu.jpg\" alt=\"\" width=\"300\" \/> Nga <strong>Mustafa Nano<\/strong>, <em>18 Korrik 2012<\/em><\/p>\n<p>Gati e pabesueshme, por e v\u00ebrtet\u00eb: Lulzim Basha foli pik\u00ebrisht sot, nj\u00eb dit\u00eb pasi ambasadori amerikan foli p\u00ebr transparenc\u00eb n\u00eb takimin me gazetar\u00ebt. Nuk tha ndonj\u00eb gj\u00eb kushedi se \u00e7far\u00eb e nuk \u00ebsht\u00eb se b\u00ebri ndonj\u00eb gj\u00eb transparente, por dobare u fut n\u00eb debatin q\u00eb ai vet\u00eb ka provokuar me investimin n\u00eb dalje t\u00eb Tiran\u00ebs, n\u00eb hyrje t\u00eb rrug\u00ebs s\u00eb Elbasanit. \u201cTenderi \u00ebsht\u00eb b\u00ebr\u00eb online dhe projekti ka qen\u00eb aty p\u00ebr 45 dit\u00eb\u2026 Pem\u00ebt e prera do t\u00eb z\u00ebvend\u00ebsohen 10-fish n\u00eb zona t\u00eb tjera\u2026 Prishja e murit t\u00eb Pallatit t\u00eb Brigadave nuk \u00ebsht\u00eb ndonj\u00eb tab\u00fa, pasi edhe monumente t\u00eb tjera kulture jan\u00eb zhvendosur\u201d, tha ai nw thelb.<\/p>\n<p>Kish shum\u00eb vet\u00eb q\u00eb ishin gati t\u00eb vinin bast se Basha do ta hapte goj\u00ebn pas \u00e7alltisjes s\u00eb ambasadorit Arvizu, dhe bindjen ua jepte modeli \u201cRistani\u201d (ky reagoi menj\u00ebher\u00eb pasi i nj\u00ebjti ambasador k\u00ebrkoi nj\u00eb p\u00ebrgjigje p\u00ebr referendumin mbi plehrat). E kush ka v\u00ebn\u00eb bast, e ka fituar at\u00eb. Sepse Basha e hapi goj\u00ebn. Duke p\u00ebrmendur dhe ambasadorin. Madje, mor\u00ebm vesh se e vetmja keqardhje e tij n\u00eb k\u00ebt\u00eb histori ishte \u201cq\u00eb n\u00eb k\u00ebt\u00eb debat po t\u00ebrhiqen ambasador\u00eb t\u00eb nderuar, t\u00eb cil\u00ebt jan\u00eb m\u00eb t\u00eb informuar se ata q\u00eb ankohen p\u00ebr munges\u00ebn e projektit\u201d (fraza n\u00eb thonj\u00ebza \u00ebsht\u00eb marr\u00eb nga tema.al).<\/p>\n<p>Ambasadori q\u00ebnka medemek i nderuar, nd\u00ebrsa nj\u00eb duzin\u00eb shqiptar\u00ebsh q\u00eb i kan\u00eb k\u00ebrkuar prej dy jav\u00ebsh t\u00eb nj\u00ebjt\u00ebn gj\u00eb, jo. \u00c7\u2019burr\u00eb dhjaks e pala\u00e7o, q\u00eb \u00ebsht\u00eb ky Basha!<\/p>\n<p>http:\/\/respublica.al\/artikuj\/2012\/07\/18\/e-pabesueshme-basha-e-hapi-gojen-menjehere-pasi-arvizu-ja-kerkoi-transparence<\/p>\n","protected":false},"excerpt":{"rendered":"<p>Nga Mustafa Nano, 18 Korrik 2012 Gati e pabesueshme, por e v\u00ebrtet\u00eb: Lulzim Basha foli pik\u00ebrisht sot, nj\u00eb dit\u00eb pasi ambasadori amerikan foli p\u00ebr transparenc\u00eb n\u00eb takimin me gazetar\u00ebt. Nuk tha ndonj\u00eb gj\u00eb kushedi se \u00e7far\u00eb e nuk \u00ebsht\u00eb se b\u00ebri ndonj\u00eb gj\u00eb transparente, por dobare u fut n\u00eb debatin q\u00eb ai vet\u00eb ka provokuar [&hellip;]<\/p>\n","protected":false},"author":1,"featured_media":0,"comment_status":"open","ping_status":"closed","sticky":false,"template":"","format":"standard","meta":{"footnotes":""},"categories":[2],"tags":[],"class_list":{"0":"post-3885","1":"post","2":"type-post","3":"status-publish","4":"format-standard","6":"category-artikuj"},"yoast_head":"<!-- This site is optimized with the Yoast SEO plugin v27.4 - https:\/\/yoast.com\/product\/yoast-seo-wordpress\/ -->\n<title>E pabesueshme: Basha e hapi goj\u00ebn; menj\u00ebher\u00eb pasi Arvizu-ja k\u00ebrkoi transparenc\u00eb - FjALA e LIR\u00cb - Arkivi<\/title>\n<meta name=\"robots\" content=\"index, follow, max-snippet:-1, max-image-preview:large, max-video-preview:-1\" \/>\n<link rel=\"canonical\" href=\"https:\/\/fjala.info\/2009-2015\/e-pabesueshme-basha-e-hapi-gojen-menjehere-pasi-arvizu-ja-kerkoi-transparence\/\" \/>\n<meta property=\"og:locale\" content=\"sq_AL\" \/>\n<meta property=\"og:type\" content=\"article\" \/>\n<meta property=\"og:title\" content=\"E pabesueshme: Basha e hapi goj\u00ebn; menj\u00ebher\u00eb pasi Arvizu-ja k\u00ebrkoi transparenc\u00eb - FjALA e LIR\u00cb - Arkivi\" \/>\n<meta property=\"og:description\" content=\"Nga Mustafa Nano, 18 Korrik 2012 Gati e pabesueshme, por e v\u00ebrtet\u00eb: Lulzim Basha foli pik\u00ebrisht sot, nj\u00eb dit\u00eb pasi ambasadori amerikan foli p\u00ebr transparenc\u00eb n\u00eb takimin me gazetar\u00ebt. Nuk tha ndonj\u00eb gj\u00eb kushedi se \u00e7far\u00eb e nuk \u00ebsht\u00eb se b\u00ebri ndonj\u00eb gj\u00eb transparente, por dobare u fut n\u00eb debatin q\u00eb ai vet\u00eb ka provokuar [&hellip;]\" \/>\n<meta property=\"og:url\" content=\"https:\/\/fjala.info\/2009-2015\/e-pabesueshme-basha-e-hapi-gojen-menjehere-pasi-arvizu-ja-kerkoi-transparence\/\" \/>\n<meta property=\"og:site_name\" content=\"FjALA e LIR\u00cb - Arkivi\" \/>\n<meta property=\"article:published_time\" content=\"2012-07-18T20:43:51+00:00\" \/>\n<meta property=\"og:image\" content=\"http:\/\/www.fjala.info\/2012\/basha_arvizu.jpg\" \/>\n<meta name=\"author\" content=\"admin\" \/>\n<meta name=\"twitter:card\" content=\"summary_large_image\" \/>\n<meta name=\"twitter:label1\" content=\"Written by\" \/>\n\t<meta name=\"twitter:data1\" content=\"admin\" \/>\n\t<meta name=\"twitter:label2\" content=\"Est. reading time\" \/>\n\t<meta name=\"twitter:data2\" content=\"1 minute\" \/>\n<script type=\"application\/ld+json\" class=\"yoast-schema-graph\">{\"@context\":\"https:\\\/\\\/schema.org\",\"@graph\":[{\"@type\":\"Article\",\"@id\":\"https:\\\/\\\/fjala.info\\\/2009-2015\\\/e-pabesueshme-basha-e-hapi-gojen-menjehere-pasi-arvizu-ja-kerkoi-transparence\\\/#article\",\"isPartOf\":{\"@id\":\"https:\\\/\\\/fjala.info\\\/2009-2015\\\/e-pabesueshme-basha-e-hapi-gojen-menjehere-pasi-arvizu-ja-kerkoi-transparence\\\/\"},\"author\":{\"name\":\"admin\",\"@id\":\"https:\\\/\\\/fjala.info\\\/2009-2015\\\/#\\\/schema\\\/person\\\/3aa1163ef05469c496fc94e77611ada2\"},\"headline\":\"E pabesueshme: Basha e hapi goj\u00ebn; menj\u00ebher\u00eb pasi Arvizu-ja k\u00ebrkoi transparenc\u00eb\",\"datePublished\":\"2012-07-18T20:43:51+00:00\",\"mainEntityOfPage\":{\"@id\":\"https:\\\/\\\/fjala.info\\\/2009-2015\\\/e-pabesueshme-basha-e-hapi-gojen-menjehere-pasi-arvizu-ja-kerkoi-transparence\\\/\"},\"wordCount\":296,\"commentCount\":0,\"publisher\":{\"@id\":\"https:\\\/\\\/fjala.info\\\/2009-2015\\\/#organization\"},\"image\":{\"@id\":\"https:\\\/\\\/fjala.info\\\/2009-2015\\\/e-pabesueshme-basha-e-hapi-gojen-menjehere-pasi-arvizu-ja-kerkoi-transparence\\\/#primaryimage\"},\"thumbnailUrl\":\"http:\\\/\\\/www.fjala.info\\\/2012\\\/basha_arvizu.jpg\",\"articleSection\":[\"Artikuj\"],\"inLanguage\":\"sq-AL\",\"potentialAction\":[{\"@type\":\"CommentAction\",\"name\":\"Comment\",\"target\":[\"https:\\\/\\\/fjala.info\\\/2009-2015\\\/e-pabesueshme-basha-e-hapi-gojen-menjehere-pasi-arvizu-ja-kerkoi-transparence\\\/#respond\"]}]},{\"@type\":\"WebPage\",\"@id\":\"https:\\\/\\\/fjala.info\\\/2009-2015\\\/e-pabesueshme-basha-e-hapi-gojen-menjehere-pasi-arvizu-ja-kerkoi-transparence\\\/\",\"url\":\"https:\\\/\\\/fjala.info\\\/2009-2015\\\/e-pabesueshme-basha-e-hapi-gojen-menjehere-pasi-arvizu-ja-kerkoi-transparence\\\/\",\"name\":\"E pabesueshme: Basha e hapi goj\u00ebn; menj\u00ebher\u00eb pasi Arvizu-ja k\u00ebrkoi transparenc\u00eb - FjALA e LIR\u00cb - Arkivi\",\"isPartOf\":{\"@id\":\"https:\\\/\\\/fjala.info\\\/2009-2015\\\/#website\"},\"primaryImageOfPage\":{\"@id\":\"https:\\\/\\\/fjala.info\\\/2009-2015\\\/e-pabesueshme-basha-e-hapi-gojen-menjehere-pasi-arvizu-ja-kerkoi-transparence\\\/#primaryimage\"},\"image\":{\"@id\":\"https:\\\/\\\/fjala.info\\\/2009-2015\\\/e-pabesueshme-basha-e-hapi-gojen-menjehere-pasi-arvizu-ja-kerkoi-transparence\\\/#primaryimage\"},\"thumbnailUrl\":\"http:\\\/\\\/www.fjala.info\\\/2012\\\/basha_arvizu.jpg\",\"datePublished\":\"2012-07-18T20:43:51+00:00\",\"breadcrumb\":{\"@id\":\"https:\\\/\\\/fjala.info\\\/2009-2015\\\/e-pabesueshme-basha-e-hapi-gojen-menjehere-pasi-arvizu-ja-kerkoi-transparence\\\/#breadcrumb\"},\"inLanguage\":\"sq-AL\",\"potentialAction\":[{\"@type\":\"ReadAction\",\"target\":[\"https:\\\/\\\/fjala.info\\\/2009-2015\\\/e-pabesueshme-basha-e-hapi-gojen-menjehere-pasi-arvizu-ja-kerkoi-transparence\\\/\"]}]},{\"@type\":\"ImageObject\",\"inLanguage\":\"sq-AL\",\"@id\":\"https:\\\/\\\/fjala.info\\\/2009-2015\\\/e-pabesueshme-basha-e-hapi-gojen-menjehere-pasi-arvizu-ja-kerkoi-transparence\\\/#primaryimage\",\"url\":\"http:\\\/\\\/www.fjala.info\\\/2012\\\/basha_arvizu.jpg\",\"contentUrl\":\"http:\\\/\\\/www.fjala.info\\\/2012\\\/basha_arvizu.jpg\"},{\"@type\":\"BreadcrumbList\",\"@id\":\"https:\\\/\\\/fjala.info\\\/2009-2015\\\/e-pabesueshme-basha-e-hapi-gojen-menjehere-pasi-arvizu-ja-kerkoi-transparence\\\/#breadcrumb\",\"itemListElement\":[{\"@type\":\"ListItem\",\"position\":1,\"name\":\"Home\",\"item\":\"https:\\\/\\\/fjala.info\\\/2009-2015\\\/\"},{\"@type\":\"ListItem\",\"position\":2,\"name\":\"E pabesueshme: Basha e hapi goj\u00ebn; menj\u00ebher\u00eb pasi Arvizu-ja k\u00ebrkoi transparenc\u00eb\"}]},{\"@type\":\"WebSite\",\"@id\":\"https:\\\/\\\/fjala.info\\\/2009-2015\\\/#website\",\"url\":\"https:\\\/\\\/fjala.info\\\/2009-2015\\\/\",\"name\":\"FjALA e LIR\u00cb - Arkivi\",\"description\":\"Arkivi 2009-2015\",\"publisher\":{\"@id\":\"https:\\\/\\\/fjala.info\\\/2009-2015\\\/#organization\"},\"potentialAction\":[{\"@type\":\"SearchAction\",\"target\":{\"@type\":\"EntryPoint\",\"urlTemplate\":\"https:\\\/\\\/fjala.info\\\/2009-2015\\\/?s={search_term_string}\"},\"query-input\":{\"@type\":\"PropertyValueSpecification\",\"valueRequired\":true,\"valueName\":\"search_term_string\"}}],\"inLanguage\":\"sq-AL\"},{\"@type\":\"Organization\",\"@id\":\"https:\\\/\\\/fjala.info\\\/2009-2015\\\/#organization\",\"name\":\"FjALA e LIR\u00cb - Arkivi\",\"url\":\"https:\\\/\\\/fjala.info\\\/2009-2015\\\/\",\"logo\":{\"@type\":\"ImageObject\",\"inLanguage\":\"sq-AL\",\"@id\":\"https:\\\/\\\/fjala.info\\\/2009-2015\\\/#\\\/schema\\\/logo\\\/image\\\/\",\"url\":\"\",\"contentUrl\":\"\",\"caption\":\"FjALA e LIR\u00cb - Arkivi\"},\"image\":{\"@id\":\"https:\\\/\\\/fjala.info\\\/2009-2015\\\/#\\\/schema\\\/logo\\\/image\\\/\"}},{\"@type\":\"Person\",\"@id\":\"https:\\\/\\\/fjala.info\\\/2009-2015\\\/#\\\/schema\\\/person\\\/3aa1163ef05469c496fc94e77611ada2\",\"name\":\"admin\",\"image\":{\"@type\":\"ImageObject\",\"inLanguage\":\"sq-AL\",\"@id\":\"https:\\\/\\\/fjala.info\\\/2009-2015\\\/wp-content\\\/uploads\\\/2012\\\/02\\\/arben_cokaj-120x150.jpg\",\"url\":\"https:\\\/\\\/fjala.info\\\/2009-2015\\\/wp-content\\\/uploads\\\/2012\\\/02\\\/arben_cokaj-120x150.jpg\",\"contentUrl\":\"https:\\\/\\\/fjala.info\\\/2009-2015\\\/wp-content\\\/uploads\\\/2012\\\/02\\\/arben_cokaj-120x150.jpg\",\"caption\":\"admin\"},\"description\":\"Admin, Fjala e Lir\u00eb\",\"sameAs\":[\"https:\\\/\\\/fjala.info\\\/\"],\"url\":\"https:\\\/\\\/fjala.info\\\/2009-2015\\\/author\\\/admin\\\/\"}]}<\/script>\n<!-- \/ Yoast SEO plugin. -->","yoast_head_json":{"title":"E pabesueshme: Basha e hapi goj\u00ebn; menj\u00ebher\u00eb pasi Arvizu-ja k\u00ebrkoi transparenc\u00eb - FjALA e LIR\u00cb - Arkivi","robots":{"index":"index","follow":"follow","max-snippet":"max-snippet:-1","max-image-preview":"max-image-preview:large","max-video-preview":"max-video-preview:-1"},"canonical":"https:\/\/fjala.info\/2009-2015\/e-pabesueshme-basha-e-hapi-gojen-menjehere-pasi-arvizu-ja-kerkoi-transparence\/","og_locale":"sq_AL","og_type":"article","og_title":"E pabesueshme: Basha e hapi goj\u00ebn; menj\u00ebher\u00eb pasi Arvizu-ja k\u00ebrkoi transparenc\u00eb - FjALA e LIR\u00cb - Arkivi","og_description":"Nga Mustafa Nano, 18 Korrik 2012 Gati e pabesueshme, por e v\u00ebrtet\u00eb: Lulzim Basha foli pik\u00ebrisht sot, nj\u00eb dit\u00eb pasi ambasadori amerikan foli p\u00ebr transparenc\u00eb n\u00eb takimin me gazetar\u00ebt. Nuk tha ndonj\u00eb gj\u00eb kushedi se \u00e7far\u00eb e nuk \u00ebsht\u00eb se b\u00ebri ndonj\u00eb gj\u00eb transparente, por dobare u fut n\u00eb debatin q\u00eb ai vet\u00eb ka provokuar [&hellip;]","og_url":"https:\/\/fjala.info\/2009-2015\/e-pabesueshme-basha-e-hapi-gojen-menjehere-pasi-arvizu-ja-kerkoi-transparence\/","og_site_name":"FjALA e LIR\u00cb - Arkivi","article_published_time":"2012-07-18T20:43:51+00:00","og_image":[{"url":"http:\/\/www.fjala.info\/2012\/basha_arvizu.jpg","type":"","width":"","height":""}],"author":"admin","twitter_card":"summary_large_image","twitter_misc":{"Written by":"admin","Est. reading time":"1 minute"},"schema":{"@context":"https:\/\/schema.org","@graph":[{"@type":"Article","@id":"https:\/\/fjala.info\/2009-2015\/e-pabesueshme-basha-e-hapi-gojen-menjehere-pasi-arvizu-ja-kerkoi-transparence\/#article","isPartOf":{"@id":"https:\/\/fjala.info\/2009-2015\/e-pabesueshme-basha-e-hapi-gojen-menjehere-pasi-arvizu-ja-kerkoi-transparence\/"},"author":{"name":"admin","@id":"https:\/\/fjala.info\/2009-2015\/#\/schema\/person\/3aa1163ef05469c496fc94e77611ada2"},"headline":"E pabesueshme: Basha e hapi goj\u00ebn; menj\u00ebher\u00eb pasi Arvizu-ja k\u00ebrkoi transparenc\u00eb","datePublished":"2012-07-18T20:43:51+00:00","mainEntityOfPage":{"@id":"https:\/\/fjala.info\/2009-2015\/e-pabesueshme-basha-e-hapi-gojen-menjehere-pasi-arvizu-ja-kerkoi-transparence\/"},"wordCount":296,"commentCount":0,"publisher":{"@id":"https:\/\/fjala.info\/2009-2015\/#organization"},"image":{"@id":"https:\/\/fjala.info\/2009-2015\/e-pabesueshme-basha-e-hapi-gojen-menjehere-pasi-arvizu-ja-kerkoi-transparence\/#primaryimage"},"thumbnailUrl":"http:\/\/www.fjala.info\/2012\/basha_arvizu.jpg","articleSection":["Artikuj"],"inLanguage":"sq-AL","potentialAction":[{"@type":"CommentAction","name":"Comment","target":["https:\/\/fjala.info\/2009-2015\/e-pabesueshme-basha-e-hapi-gojen-menjehere-pasi-arvizu-ja-kerkoi-transparence\/#respond"]}]},{"@type":"WebPage","@id":"https:\/\/fjala.info\/2009-2015\/e-pabesueshme-basha-e-hapi-gojen-menjehere-pasi-arvizu-ja-kerkoi-transparence\/","url":"https:\/\/fjala.info\/2009-2015\/e-pabesueshme-basha-e-hapi-gojen-menjehere-pasi-arvizu-ja-kerkoi-transparence\/","name":"E pabesueshme: Basha e hapi goj\u00ebn; menj\u00ebher\u00eb pasi Arvizu-ja k\u00ebrkoi transparenc\u00eb - FjALA e LIR\u00cb - Arkivi","isPartOf":{"@id":"https:\/\/fjala.info\/2009-2015\/#website"},"primaryImageOfPage":{"@id":"https:\/\/fjala.info\/2009-2015\/e-pabesueshme-basha-e-hapi-gojen-menjehere-pasi-arvizu-ja-kerkoi-transparence\/#primaryimage"},"image":{"@id":"https:\/\/fjala.info\/2009-2015\/e-pabesueshme-basha-e-hapi-gojen-menjehere-pasi-arvizu-ja-kerkoi-transparence\/#primaryimage"},"thumbnailUrl":"http:\/\/www.fjala.info\/2012\/basha_arvizu.jpg","datePublished":"2012-07-18T20:43:51+00:00","breadcrumb":{"@id":"https:\/\/fjala.info\/2009-2015\/e-pabesueshme-basha-e-hapi-gojen-menjehere-pasi-arvizu-ja-kerkoi-transparence\/#breadcrumb"},"inLanguage":"sq-AL","potentialAction":[{"@type":"ReadAction","target":["https:\/\/fjala.info\/2009-2015\/e-pabesueshme-basha-e-hapi-gojen-menjehere-pasi-arvizu-ja-kerkoi-transparence\/"]}]},{"@type":"ImageObject","inLanguage":"sq-AL","@id":"https:\/\/fjala.info\/2009-2015\/e-pabesueshme-basha-e-hapi-gojen-menjehere-pasi-arvizu-ja-kerkoi-transparence\/#primaryimage","url":"http:\/\/www.fjala.info\/2012\/basha_arvizu.jpg","contentUrl":"http:\/\/www.fjala.info\/2012\/basha_arvizu.jpg"},{"@type":"BreadcrumbList","@id":"https:\/\/fjala.info\/2009-2015\/e-pabesueshme-basha-e-hapi-gojen-menjehere-pasi-arvizu-ja-kerkoi-transparence\/#breadcrumb","itemListElement":[{"@type":"ListItem","position":1,"name":"Home","item":"https:\/\/fjala.info\/2009-2015\/"},{"@type":"ListItem","position":2,"name":"E pabesueshme: Basha e hapi goj\u00ebn; menj\u00ebher\u00eb pasi Arvizu-ja k\u00ebrkoi transparenc\u00eb"}]},{"@type":"WebSite","@id":"https:\/\/fjala.info\/2009-2015\/#website","url":"https:\/\/fjala.info\/2009-2015\/","name":"FjALA e LIR\u00cb - Arkivi","description":"Arkivi 2009-2015","publisher":{"@id":"https:\/\/fjala.info\/2009-2015\/#organization"},"potentialAction":[{"@type":"SearchAction","target":{"@type":"EntryPoint","urlTemplate":"https:\/\/fjala.info\/2009-2015\/?s={search_term_string}"},"query-input":{"@type":"PropertyValueSpecification","valueRequired":true,"valueName":"search_term_string"}}],"inLanguage":"sq-AL"},{"@type":"Organization","@id":"https:\/\/fjala.info\/2009-2015\/#organization","name":"FjALA e LIR\u00cb - Arkivi","url":"https:\/\/fjala.info\/2009-2015\/","logo":{"@type":"ImageObject","inLanguage":"sq-AL","@id":"https:\/\/fjala.info\/2009-2015\/#\/schema\/logo\/image\/","url":"","contentUrl":"","caption":"FjALA e LIR\u00cb - Arkivi"},"image":{"@id":"https:\/\/fjala.info\/2009-2015\/#\/schema\/logo\/image\/"}},{"@type":"Person","@id":"https:\/\/fjala.info\/2009-2015\/#\/schema\/person\/3aa1163ef05469c496fc94e77611ada2","name":"admin","image":{"@type":"ImageObject","inLanguage":"sq-AL","@id":"https:\/\/fjala.info\/2009-2015\/wp-content\/uploads\/2012\/02\/arben_cokaj-120x150.jpg","url":"https:\/\/fjala.info\/2009-2015\/wp-content\/uploads\/2012\/02\/arben_cokaj-120x150.jpg","contentUrl":"https:\/\/fjala.info\/2009-2015\/wp-content\/uploads\/2012\/02\/arben_cokaj-120x150.jpg","caption":"admin"},"description":"Admin, Fjala e Lir\u00eb","sameAs":["https:\/\/fjala.info\/"],"url":"https:\/\/fjala.info\/2009-2015\/author\/admin\/"}]}},"_links":{"self":[{"href":"https:\/\/fjala.info\/2009-2015\/wp-json\/wp\/v2\/posts\/3885","targetHints":{"allow":["GET"]}}],"collection":[{"href":"https:\/\/fjala.info\/2009-2015\/wp-json\/wp\/v2\/posts"}],"about":[{"href":"https:\/\/fjala.info\/2009-2015\/wp-json\/wp\/v2\/types\/post"}],"author":[{"embeddable":true,"href":"https:\/\/fjala.info\/2009-2015\/wp-json\/wp\/v2\/users\/1"}],"replies":[{"embeddable":true,"href":"https:\/\/fjala.info\/2009-2015\/wp-json\/wp\/v2\/comments?post=3885"}],"version-history":[{"count":0,"href":"https:\/\/fjala.info\/2009-2015\/wp-json\/wp\/v2\/posts\/3885\/revisions"}],"wp:attachment":[{"href":"https:\/\/fjala.info\/2009-2015\/wp-json\/wp\/v2\/media?parent=3885"}],"wp:term":[{"taxonomy":"category","embeddable":true,"href":"https:\/\/fjala.info\/2009-2015\/wp-json\/wp\/v2\/categories?post=3885"},{"taxonomy":"post_tag","embeddable":true,"href":"https:\/\/fjala.info\/2009-2015\/wp-json\/wp\/v2\/tags?post=3885"}],"curies":[{"name":"wp","href":"https:\/\/api.w.org\/{rel}","templated":true}]}}