{"id":3883,"date":"2012-07-18T21:40:51","date_gmt":"2012-07-18T20:40:51","guid":{"rendered":"http:\/\/www.fjala.info\/?p=3883"},"modified":"2012-07-18T21:40:51","modified_gmt":"2012-07-18T20:40:51","slug":"keshilltaret-e-majte-basha-i-zhytur-ne-skandale-po-mban-peng-keshillin-bashkiak","status":"publish","type":"post","link":"https:\/\/fjala.info\/2009-2015\/keshilltaret-e-majte-basha-i-zhytur-ne-skandale-po-mban-peng-keshillin-bashkiak\/","title":{"rendered":"K\u00ebshilltar\u00ebt e majt\u00eb: Basha, i zhytur n\u00eb skandale. Po mban peng K\u00ebshillin Bashkiak"},"content":{"rendered":"<p><img decoding=\"async\" class=\"alignright size-thumbnail wp-image-7236\" title=\"Aldrin Dalipi\" src=\"http:\/\/www.fjala.info\/2012\/aldrin_dalipi.jpg\" alt=\"\" width=\"200\" \/> <strong>TemA Online<\/strong>, <em>18 Korrik 2012<\/em><\/p>\n<p>Pas k\u00ebrkes\u00ebs s\u00eb ambasadorit t\u00eb Shteteve t\u00eb Bashkuara p\u00ebr transparenc\u00eb n\u00eb projektin q\u00eb po realizohet p\u00ebr zgjerimin e Rrug\u00ebs s\u00eb Elbasanit, prerjen e pem\u00ebve dhe prishjen e murit rrethues t\u00eb Pallatit t\u00eb Brigadave, k\u00ebshilltar\u00ebt socialist\u00eb kan\u00eb k\u00ebmb\u00ebngulur p\u00ebr transparenc\u00eb nga Bashkia e Tiran\u00ebs.<\/p>\n<p>Kreu i grupit t\u00eb k\u00ebshilltar\u00ebve socialist\u00eb, Aldrin Dalipi shprehet i shqet\u00ebsuar p\u00ebr mosmbledhjen e K\u00ebshillit Bashkiak prej m\u00ebse dy muajsh, kur sipas tij jan\u00eb rreth 400 banesa sociale t\u00eb cilat duhet t\u2019u jepen t\u00eb pastreh\u00ebve sa m\u00eb par\u00eb.<\/p>\n<p>\u201cTransparenca e Bashkis\u00eb s\u00eb Tiran\u00ebs vazhdon t\u00eb jet\u00eb zero. Pse zoti Basha vazhdon t\u00eb mbaj\u00eb ende t\u00eb pajet\u00ebsuara vendime t\u00eb r\u00ebnd\u00ebsishme, si rreth 400 banesat sociale n\u00eb Tiran\u00eb? P\u00ebrse nuk kaloi p\u00ebr miratim dh\u00ebnien e truallit p\u00ebr p\u00ebrdorim p\u00ebr parkim n\u00ebntok\u00ebsor n\u00eb sheshin \u2018Italia\u2019? P\u00ebr cil\u00ebn arsye nuk paraqitet n\u00eb interpelanc\u00eb p\u00ebr nj\u00eb blerje pa interes t\u00eb hidrocentralit t\u00eb Lanabregasit nga Uj\u00ebsjell\u00ebsi i Tiran\u00ebs? I k\u00ebrkojm\u00eb publikisht kryetarit t\u00eb Bashkis\u00eb t\u2019i paraqes\u00eb K\u00ebshillit Bashkiak projektin e nd\u00ebrhyrjes n\u00eb Parkun Komb\u00ebtar dhe n\u00eb cilat akte ligjore \u00ebsht\u00eb mb\u00ebshtetur masakra mjedisore dhe p\u00ebrpjekja p\u00ebr goditjen e monumenteve shum\u00eb-vje\u00e7are t\u00eb kultur\u00ebs\u201d, deklaroi kreu i k\u00ebshilltar\u00ebve socialist\u00eb, Aldrin Dalipi.<\/p>\n<p>Mbledhja e radh\u00ebs e K\u00ebshilit Bashkiak zhvillohet n\u00eb or\u00ebn 19:00, por sipas Dalipit n\u00eb rendin e dit\u00ebs jan\u00eb paraqitur vendime q\u00eb nuk kan\u00eb t\u00eb b\u00ebjn\u00eb me interesat e qytetar\u00ebve.<\/p>\n<p>\u201cRendi i dit\u00ebs s\u00eb sotme \u00ebsht\u00eb nj\u00eb rend dite q\u00eb deri tani \u00ebsht\u00eb fare pa asnj\u00eb ndikim n\u00eb jet\u00ebn e qytetar\u00ebve. Jan\u00eb vendime rutin\u00eb, b\u00ebhet fjal\u00eb p\u00ebr pagesa kuotash q\u00eb Bashkia e Tiran\u00ebs u b\u00ebn organizatave ku merr pjes\u00eb. P\u00ebr k\u00ebt\u00eb ne jemi t\u00eb interesuar se p\u00ebrse n\u00eb K\u00ebshillin Bashkiak nuk vijn\u00eb vendime t\u00eb r\u00ebnd\u00ebsishme? Pse nuk vijn\u00eb vendime q\u00eb jan\u00eb t\u00eb gatshme q\u00eb prej 2-3 vitesh? Ju them q\u00eb n\u00eb rastin e 400 banesave sociale, jan\u00eb shum\u00eb kategori t\u00eb cilat prisnin q\u00eb t\u00eb fillonte nj\u00eb projekt tjet\u00ebr me k\u00ebto banesa\u201d, tha zoti Dalipi.<\/p>\n<p>Dalipi k\u00ebrkon q\u00eb n\u00eb mbledhjen e K\u00ebshillit Bashkiak, Kryetari Basha t\u00eb jap\u00eb sqarime q\u00eb nga projekti \u2018GIS\u2019, banesat sociale, problemi me rom\u00ebt dhe karrotrec\u00ebt e shfaqur n\u00ebp\u00ebr rrug\u00ebt e Tiran\u00ebs q\u00eb grumbullojn\u00eb makina pa pranin\u00eb e Policis\u00eb Bashkiake apo asaj rrugore.<\/p>\n<p>\u201cNgjarjet e fundit me komunitetin rom ku p\u00ebrfaq\u00ebsues t\u00eb tij u dhunuan verbalisht e fizikisht jan\u00eb t\u00eb patolerueshme. Ata ndodhen n\u00eb kushte ekstreme t\u00eb varf\u00ebris\u00eb dhe jan\u00eb me mij\u00ebra. Si rrjedhoj\u00eb, presioni dhe dhuna ndaj tyre, sekuestrimi i mjeteve t\u00eb pun\u00ebs e kthen k\u00ebt\u00eb kategori n\u00eb nj\u00eb problem t\u00eb r\u00ebnd\u00eb social p\u00ebr kryeqytetin. Kemi kontaktuar me Avokatin e Popullit dhe k\u00ebrkojm\u00eb q\u00eb t\u00eb vazhdoj\u00eb mbledhja e fakteve dhe v\u00ebnia p\u00ebrpara p\u00ebrgjegj\u00ebsis\u00eb e kujtdo q\u00eb ka tejkaluar t\u00eb drejtat ligjore.<\/p>\n<p>Nj\u00eb zyrtar i lart\u00eb me uniform\u00eb i bashkis\u00eb q\u00eb ka qen\u00eb n\u00eb krye t\u00eb veprimeve antiligjore ndaj komunitetit rom ka arritur madje t\u00eb k\u00ebrc\u00ebnoj\u00eb me jet\u00eb nj\u00eb an\u00ebtar t\u00eb k\u00ebshillit bashkiak. Asnj\u00eb reagim nga kryetari i bashkis\u00eb. Por p\u00ebrs\u00ebri heshtje. Po ky zyrtar i zotit Basha \u00ebsht\u00eb n\u00ebn akuz\u00eb nga prokuroria e P\u00ebrgjithshme p\u00ebr dhun\u00eb ndaj dy grave proces q\u00eb po vazhdon n\u00eb gjykat\u00ebn penale por p\u00ebrs\u00ebri kryetari i bashkis\u00eb e sheh t\u00eb udh\u00ebs mos flas\u00eb por t\u00eb mbroj\u00eb dhun\u00ebn e fyerjen,\u201d tha Dalipi.<\/p>\n<p>\u201cK\u00ebtu p\u00ebrfshihen edhe denoncimet e qytetar\u00ebve p\u00ebr marrjen peng t\u00eb automjeteve, vend e pavend, nga nj\u00eb grup karroatrecash p\u00ebr q\u00ebllime haptazi p\u00ebrfitimi. P\u00ebrndryshe nuk ka si shpjegohet nj\u00eb gjobitje pa fatur\u00eb, pa paralajm\u00ebrim, dhe pa detyrimin p\u00ebr t\u00eb informuar qytetarin p\u00ebr \u00e7do veprim me pron\u00ebn e tij.<\/p>\n<p>S\u00eb fundi, prej disa dit\u00ebsh deputet\u00eb t\u00eb parlamentit, kan\u00eb shprehur shqet\u00ebsimin e tyre p\u00ebr nj\u00eb tender t\u00eb nj\u00eb sh\u00ebrbimi publik, sistemit GIS, i cili \u00ebsht\u00eb tenderuar m\u00eb par\u00eb q\u00eb n\u00eb vitin 2004. P\u00ebrve\u00e7 detyrimeve ligjore q\u00eb bashkia ka p\u00ebr t\u2019u p\u00ebrgjigjur k\u00ebtij problemi ne i k\u00ebrkojm\u00eb sot publikisht Kontrollit t\u00eb Larte t\u00eb Shtetit t\u00eb nis\u00eb procedurat ligjore p\u00ebr verifikimin e procesit t\u00eb tenderimit t\u00eb sistemit GIS. Nuk ka mund\u00ebsi q\u00eb nj\u00eb sh\u00ebrbim, i cili ka kushtuar n\u00eb vlera minimale n\u00eb vitin 2004 t\u00eb kushtoj\u00eb sot 500 mij\u00eb dollar\u00eb.\u201d<\/p>\n","protected":false},"excerpt":{"rendered":"<p>TemA Online, 18 Korrik 2012 Pas k\u00ebrkes\u00ebs s\u00eb ambasadorit t\u00eb Shteteve t\u00eb Bashkuara p\u00ebr transparenc\u00eb n\u00eb projektin q\u00eb po realizohet p\u00ebr zgjerimin e Rrug\u00ebs s\u00eb Elbasanit, prerjen e pem\u00ebve dhe prishjen e murit rrethues t\u00eb Pallatit t\u00eb Brigadave, k\u00ebshilltar\u00ebt socialist\u00eb kan\u00eb k\u00ebmb\u00ebngulur p\u00ebr transparenc\u00eb nga Bashkia e Tiran\u00ebs. Kreu i grupit t\u00eb k\u00ebshilltar\u00ebve socialist\u00eb, Aldrin [&hellip;]<\/p>\n","protected":false},"author":1,"featured_media":0,"comment_status":"open","ping_status":"closed","sticky":false,"template":"","format":"standard","meta":{"footnotes":""},"categories":[2],"tags":[],"class_list":{"0":"post-3883","1":"post","2":"type-post","3":"status-publish","4":"format-standard","6":"category-artikuj"},"yoast_head":"<!-- This site is optimized with the Yoast SEO plugin v27.4 - https:\/\/yoast.com\/product\/yoast-seo-wordpress\/ -->\n<title>K\u00ebshilltar\u00ebt e majt\u00eb: Basha, i zhytur n\u00eb skandale. Po mban peng K\u00ebshillin Bashkiak - FjALA e LIR\u00cb - Arkivi<\/title>\n<meta name=\"robots\" content=\"index, follow, max-snippet:-1, max-image-preview:large, max-video-preview:-1\" \/>\n<link rel=\"canonical\" href=\"https:\/\/fjala.info\/2009-2015\/keshilltaret-e-majte-basha-i-zhytur-ne-skandale-po-mban-peng-keshillin-bashkiak\/\" \/>\n<meta property=\"og:locale\" content=\"sq_AL\" \/>\n<meta property=\"og:type\" content=\"article\" \/>\n<meta property=\"og:title\" content=\"K\u00ebshilltar\u00ebt e majt\u00eb: Basha, i zhytur n\u00eb skandale. Po mban peng K\u00ebshillin Bashkiak - FjALA e LIR\u00cb - Arkivi\" \/>\n<meta property=\"og:description\" content=\"TemA Online, 18 Korrik 2012 Pas k\u00ebrkes\u00ebs s\u00eb ambasadorit t\u00eb Shteteve t\u00eb Bashkuara p\u00ebr transparenc\u00eb n\u00eb projektin q\u00eb po realizohet p\u00ebr zgjerimin e Rrug\u00ebs s\u00eb Elbasanit, prerjen e pem\u00ebve dhe prishjen e murit rrethues t\u00eb Pallatit t\u00eb Brigadave, k\u00ebshilltar\u00ebt socialist\u00eb kan\u00eb k\u00ebmb\u00ebngulur p\u00ebr transparenc\u00eb nga Bashkia e Tiran\u00ebs. Kreu i grupit t\u00eb k\u00ebshilltar\u00ebve socialist\u00eb, Aldrin [&hellip;]\" \/>\n<meta property=\"og:url\" content=\"https:\/\/fjala.info\/2009-2015\/keshilltaret-e-majte-basha-i-zhytur-ne-skandale-po-mban-peng-keshillin-bashkiak\/\" \/>\n<meta property=\"og:site_name\" content=\"FjALA e LIR\u00cb - Arkivi\" \/>\n<meta property=\"article:published_time\" content=\"2012-07-18T20:40:51+00:00\" \/>\n<meta property=\"og:image\" content=\"http:\/\/www.fjala.info\/2012\/aldrin_dalipi.jpg\" \/>\n<meta name=\"author\" content=\"admin\" \/>\n<meta name=\"twitter:card\" content=\"summary_large_image\" \/>\n<meta name=\"twitter:label1\" content=\"Written by\" \/>\n\t<meta name=\"twitter:data1\" content=\"admin\" \/>\n\t<meta name=\"twitter:label2\" content=\"Est. reading time\" \/>\n\t<meta name=\"twitter:data2\" content=\"4 minutes\" \/>\n<script type=\"application\/ld+json\" class=\"yoast-schema-graph\">{\"@context\":\"https:\\\/\\\/schema.org\",\"@graph\":[{\"@type\":\"Article\",\"@id\":\"https:\\\/\\\/fjala.info\\\/2009-2015\\\/keshilltaret-e-majte-basha-i-zhytur-ne-skandale-po-mban-peng-keshillin-bashkiak\\\/#article\",\"isPartOf\":{\"@id\":\"https:\\\/\\\/fjala.info\\\/2009-2015\\\/keshilltaret-e-majte-basha-i-zhytur-ne-skandale-po-mban-peng-keshillin-bashkiak\\\/\"},\"author\":{\"name\":\"admin\",\"@id\":\"https:\\\/\\\/fjala.info\\\/2009-2015\\\/#\\\/schema\\\/person\\\/3aa1163ef05469c496fc94e77611ada2\"},\"headline\":\"K\u00ebshilltar\u00ebt e majt\u00eb: Basha, i zhytur n\u00eb skandale. Po mban peng K\u00ebshillin Bashkiak\",\"datePublished\":\"2012-07-18T20:40:51+00:00\",\"mainEntityOfPage\":{\"@id\":\"https:\\\/\\\/fjala.info\\\/2009-2015\\\/keshilltaret-e-majte-basha-i-zhytur-ne-skandale-po-mban-peng-keshillin-bashkiak\\\/\"},\"wordCount\":792,\"commentCount\":0,\"publisher\":{\"@id\":\"https:\\\/\\\/fjala.info\\\/2009-2015\\\/#organization\"},\"image\":{\"@id\":\"https:\\\/\\\/fjala.info\\\/2009-2015\\\/keshilltaret-e-majte-basha-i-zhytur-ne-skandale-po-mban-peng-keshillin-bashkiak\\\/#primaryimage\"},\"thumbnailUrl\":\"http:\\\/\\\/www.fjala.info\\\/2012\\\/aldrin_dalipi.jpg\",\"articleSection\":[\"Artikuj\"],\"inLanguage\":\"sq-AL\",\"potentialAction\":[{\"@type\":\"CommentAction\",\"name\":\"Comment\",\"target\":[\"https:\\\/\\\/fjala.info\\\/2009-2015\\\/keshilltaret-e-majte-basha-i-zhytur-ne-skandale-po-mban-peng-keshillin-bashkiak\\\/#respond\"]}]},{\"@type\":\"WebPage\",\"@id\":\"https:\\\/\\\/fjala.info\\\/2009-2015\\\/keshilltaret-e-majte-basha-i-zhytur-ne-skandale-po-mban-peng-keshillin-bashkiak\\\/\",\"url\":\"https:\\\/\\\/fjala.info\\\/2009-2015\\\/keshilltaret-e-majte-basha-i-zhytur-ne-skandale-po-mban-peng-keshillin-bashkiak\\\/\",\"name\":\"K\u00ebshilltar\u00ebt e majt\u00eb: Basha, i zhytur n\u00eb skandale. Po mban peng K\u00ebshillin Bashkiak - FjALA e LIR\u00cb - Arkivi\",\"isPartOf\":{\"@id\":\"https:\\\/\\\/fjala.info\\\/2009-2015\\\/#website\"},\"primaryImageOfPage\":{\"@id\":\"https:\\\/\\\/fjala.info\\\/2009-2015\\\/keshilltaret-e-majte-basha-i-zhytur-ne-skandale-po-mban-peng-keshillin-bashkiak\\\/#primaryimage\"},\"image\":{\"@id\":\"https:\\\/\\\/fjala.info\\\/2009-2015\\\/keshilltaret-e-majte-basha-i-zhytur-ne-skandale-po-mban-peng-keshillin-bashkiak\\\/#primaryimage\"},\"thumbnailUrl\":\"http:\\\/\\\/www.fjala.info\\\/2012\\\/aldrin_dalipi.jpg\",\"datePublished\":\"2012-07-18T20:40:51+00:00\",\"breadcrumb\":{\"@id\":\"https:\\\/\\\/fjala.info\\\/2009-2015\\\/keshilltaret-e-majte-basha-i-zhytur-ne-skandale-po-mban-peng-keshillin-bashkiak\\\/#breadcrumb\"},\"inLanguage\":\"sq-AL\",\"potentialAction\":[{\"@type\":\"ReadAction\",\"target\":[\"https:\\\/\\\/fjala.info\\\/2009-2015\\\/keshilltaret-e-majte-basha-i-zhytur-ne-skandale-po-mban-peng-keshillin-bashkiak\\\/\"]}]},{\"@type\":\"ImageObject\",\"inLanguage\":\"sq-AL\",\"@id\":\"https:\\\/\\\/fjala.info\\\/2009-2015\\\/keshilltaret-e-majte-basha-i-zhytur-ne-skandale-po-mban-peng-keshillin-bashkiak\\\/#primaryimage\",\"url\":\"http:\\\/\\\/www.fjala.info\\\/2012\\\/aldrin_dalipi.jpg\",\"contentUrl\":\"http:\\\/\\\/www.fjala.info\\\/2012\\\/aldrin_dalipi.jpg\"},{\"@type\":\"BreadcrumbList\",\"@id\":\"https:\\\/\\\/fjala.info\\\/2009-2015\\\/keshilltaret-e-majte-basha-i-zhytur-ne-skandale-po-mban-peng-keshillin-bashkiak\\\/#breadcrumb\",\"itemListElement\":[{\"@type\":\"ListItem\",\"position\":1,\"name\":\"Home\",\"item\":\"https:\\\/\\\/fjala.info\\\/2009-2015\\\/\"},{\"@type\":\"ListItem\",\"position\":2,\"name\":\"K\u00ebshilltar\u00ebt e majt\u00eb: Basha, i zhytur n\u00eb skandale. Po mban peng K\u00ebshillin Bashkiak\"}]},{\"@type\":\"WebSite\",\"@id\":\"https:\\\/\\\/fjala.info\\\/2009-2015\\\/#website\",\"url\":\"https:\\\/\\\/fjala.info\\\/2009-2015\\\/\",\"name\":\"FjALA e LIR\u00cb - Arkivi\",\"description\":\"Arkivi 2009-2015\",\"publisher\":{\"@id\":\"https:\\\/\\\/fjala.info\\\/2009-2015\\\/#organization\"},\"potentialAction\":[{\"@type\":\"SearchAction\",\"target\":{\"@type\":\"EntryPoint\",\"urlTemplate\":\"https:\\\/\\\/fjala.info\\\/2009-2015\\\/?s={search_term_string}\"},\"query-input\":{\"@type\":\"PropertyValueSpecification\",\"valueRequired\":true,\"valueName\":\"search_term_string\"}}],\"inLanguage\":\"sq-AL\"},{\"@type\":\"Organization\",\"@id\":\"https:\\\/\\\/fjala.info\\\/2009-2015\\\/#organization\",\"name\":\"FjALA e LIR\u00cb - Arkivi\",\"url\":\"https:\\\/\\\/fjala.info\\\/2009-2015\\\/\",\"logo\":{\"@type\":\"ImageObject\",\"inLanguage\":\"sq-AL\",\"@id\":\"https:\\\/\\\/fjala.info\\\/2009-2015\\\/#\\\/schema\\\/logo\\\/image\\\/\",\"url\":\"\",\"contentUrl\":\"\",\"caption\":\"FjALA e LIR\u00cb - Arkivi\"},\"image\":{\"@id\":\"https:\\\/\\\/fjala.info\\\/2009-2015\\\/#\\\/schema\\\/logo\\\/image\\\/\"}},{\"@type\":\"Person\",\"@id\":\"https:\\\/\\\/fjala.info\\\/2009-2015\\\/#\\\/schema\\\/person\\\/3aa1163ef05469c496fc94e77611ada2\",\"name\":\"admin\",\"image\":{\"@type\":\"ImageObject\",\"inLanguage\":\"sq-AL\",\"@id\":\"https:\\\/\\\/fjala.info\\\/2009-2015\\\/wp-content\\\/uploads\\\/2012\\\/02\\\/arben_cokaj-120x150.jpg\",\"url\":\"https:\\\/\\\/fjala.info\\\/2009-2015\\\/wp-content\\\/uploads\\\/2012\\\/02\\\/arben_cokaj-120x150.jpg\",\"contentUrl\":\"https:\\\/\\\/fjala.info\\\/2009-2015\\\/wp-content\\\/uploads\\\/2012\\\/02\\\/arben_cokaj-120x150.jpg\",\"caption\":\"admin\"},\"description\":\"Admin, Fjala e Lir\u00eb\",\"sameAs\":[\"https:\\\/\\\/fjala.info\\\/\"],\"url\":\"https:\\\/\\\/fjala.info\\\/2009-2015\\\/author\\\/admin\\\/\"}]}<\/script>\n<!-- \/ Yoast SEO plugin. -->","yoast_head_json":{"title":"K\u00ebshilltar\u00ebt e majt\u00eb: Basha, i zhytur n\u00eb skandale. Po mban peng K\u00ebshillin Bashkiak - FjALA e LIR\u00cb - Arkivi","robots":{"index":"index","follow":"follow","max-snippet":"max-snippet:-1","max-image-preview":"max-image-preview:large","max-video-preview":"max-video-preview:-1"},"canonical":"https:\/\/fjala.info\/2009-2015\/keshilltaret-e-majte-basha-i-zhytur-ne-skandale-po-mban-peng-keshillin-bashkiak\/","og_locale":"sq_AL","og_type":"article","og_title":"K\u00ebshilltar\u00ebt e majt\u00eb: Basha, i zhytur n\u00eb skandale. Po mban peng K\u00ebshillin Bashkiak - FjALA e LIR\u00cb - Arkivi","og_description":"TemA Online, 18 Korrik 2012 Pas k\u00ebrkes\u00ebs s\u00eb ambasadorit t\u00eb Shteteve t\u00eb Bashkuara p\u00ebr transparenc\u00eb n\u00eb projektin q\u00eb po realizohet p\u00ebr zgjerimin e Rrug\u00ebs s\u00eb Elbasanit, prerjen e pem\u00ebve dhe prishjen e murit rrethues t\u00eb Pallatit t\u00eb Brigadave, k\u00ebshilltar\u00ebt socialist\u00eb kan\u00eb k\u00ebmb\u00ebngulur p\u00ebr transparenc\u00eb nga Bashkia e Tiran\u00ebs. Kreu i grupit t\u00eb k\u00ebshilltar\u00ebve socialist\u00eb, Aldrin [&hellip;]","og_url":"https:\/\/fjala.info\/2009-2015\/keshilltaret-e-majte-basha-i-zhytur-ne-skandale-po-mban-peng-keshillin-bashkiak\/","og_site_name":"FjALA e LIR\u00cb - Arkivi","article_published_time":"2012-07-18T20:40:51+00:00","og_image":[{"url":"http:\/\/www.fjala.info\/2012\/aldrin_dalipi.jpg","type":"","width":"","height":""}],"author":"admin","twitter_card":"summary_large_image","twitter_misc":{"Written by":"admin","Est. reading time":"4 minutes"},"schema":{"@context":"https:\/\/schema.org","@graph":[{"@type":"Article","@id":"https:\/\/fjala.info\/2009-2015\/keshilltaret-e-majte-basha-i-zhytur-ne-skandale-po-mban-peng-keshillin-bashkiak\/#article","isPartOf":{"@id":"https:\/\/fjala.info\/2009-2015\/keshilltaret-e-majte-basha-i-zhytur-ne-skandale-po-mban-peng-keshillin-bashkiak\/"},"author":{"name":"admin","@id":"https:\/\/fjala.info\/2009-2015\/#\/schema\/person\/3aa1163ef05469c496fc94e77611ada2"},"headline":"K\u00ebshilltar\u00ebt e majt\u00eb: Basha, i zhytur n\u00eb skandale. Po mban peng K\u00ebshillin Bashkiak","datePublished":"2012-07-18T20:40:51+00:00","mainEntityOfPage":{"@id":"https:\/\/fjala.info\/2009-2015\/keshilltaret-e-majte-basha-i-zhytur-ne-skandale-po-mban-peng-keshillin-bashkiak\/"},"wordCount":792,"commentCount":0,"publisher":{"@id":"https:\/\/fjala.info\/2009-2015\/#organization"},"image":{"@id":"https:\/\/fjala.info\/2009-2015\/keshilltaret-e-majte-basha-i-zhytur-ne-skandale-po-mban-peng-keshillin-bashkiak\/#primaryimage"},"thumbnailUrl":"http:\/\/www.fjala.info\/2012\/aldrin_dalipi.jpg","articleSection":["Artikuj"],"inLanguage":"sq-AL","potentialAction":[{"@type":"CommentAction","name":"Comment","target":["https:\/\/fjala.info\/2009-2015\/keshilltaret-e-majte-basha-i-zhytur-ne-skandale-po-mban-peng-keshillin-bashkiak\/#respond"]}]},{"@type":"WebPage","@id":"https:\/\/fjala.info\/2009-2015\/keshilltaret-e-majte-basha-i-zhytur-ne-skandale-po-mban-peng-keshillin-bashkiak\/","url":"https:\/\/fjala.info\/2009-2015\/keshilltaret-e-majte-basha-i-zhytur-ne-skandale-po-mban-peng-keshillin-bashkiak\/","name":"K\u00ebshilltar\u00ebt e majt\u00eb: Basha, i zhytur n\u00eb skandale. Po mban peng K\u00ebshillin Bashkiak - FjALA e LIR\u00cb - Arkivi","isPartOf":{"@id":"https:\/\/fjala.info\/2009-2015\/#website"},"primaryImageOfPage":{"@id":"https:\/\/fjala.info\/2009-2015\/keshilltaret-e-majte-basha-i-zhytur-ne-skandale-po-mban-peng-keshillin-bashkiak\/#primaryimage"},"image":{"@id":"https:\/\/fjala.info\/2009-2015\/keshilltaret-e-majte-basha-i-zhytur-ne-skandale-po-mban-peng-keshillin-bashkiak\/#primaryimage"},"thumbnailUrl":"http:\/\/www.fjala.info\/2012\/aldrin_dalipi.jpg","datePublished":"2012-07-18T20:40:51+00:00","breadcrumb":{"@id":"https:\/\/fjala.info\/2009-2015\/keshilltaret-e-majte-basha-i-zhytur-ne-skandale-po-mban-peng-keshillin-bashkiak\/#breadcrumb"},"inLanguage":"sq-AL","potentialAction":[{"@type":"ReadAction","target":["https:\/\/fjala.info\/2009-2015\/keshilltaret-e-majte-basha-i-zhytur-ne-skandale-po-mban-peng-keshillin-bashkiak\/"]}]},{"@type":"ImageObject","inLanguage":"sq-AL","@id":"https:\/\/fjala.info\/2009-2015\/keshilltaret-e-majte-basha-i-zhytur-ne-skandale-po-mban-peng-keshillin-bashkiak\/#primaryimage","url":"http:\/\/www.fjala.info\/2012\/aldrin_dalipi.jpg","contentUrl":"http:\/\/www.fjala.info\/2012\/aldrin_dalipi.jpg"},{"@type":"BreadcrumbList","@id":"https:\/\/fjala.info\/2009-2015\/keshilltaret-e-majte-basha-i-zhytur-ne-skandale-po-mban-peng-keshillin-bashkiak\/#breadcrumb","itemListElement":[{"@type":"ListItem","position":1,"name":"Home","item":"https:\/\/fjala.info\/2009-2015\/"},{"@type":"ListItem","position":2,"name":"K\u00ebshilltar\u00ebt e majt\u00eb: Basha, i zhytur n\u00eb skandale. Po mban peng K\u00ebshillin Bashkiak"}]},{"@type":"WebSite","@id":"https:\/\/fjala.info\/2009-2015\/#website","url":"https:\/\/fjala.info\/2009-2015\/","name":"FjALA e LIR\u00cb - Arkivi","description":"Arkivi 2009-2015","publisher":{"@id":"https:\/\/fjala.info\/2009-2015\/#organization"},"potentialAction":[{"@type":"SearchAction","target":{"@type":"EntryPoint","urlTemplate":"https:\/\/fjala.info\/2009-2015\/?s={search_term_string}"},"query-input":{"@type":"PropertyValueSpecification","valueRequired":true,"valueName":"search_term_string"}}],"inLanguage":"sq-AL"},{"@type":"Organization","@id":"https:\/\/fjala.info\/2009-2015\/#organization","name":"FjALA e LIR\u00cb - Arkivi","url":"https:\/\/fjala.info\/2009-2015\/","logo":{"@type":"ImageObject","inLanguage":"sq-AL","@id":"https:\/\/fjala.info\/2009-2015\/#\/schema\/logo\/image\/","url":"","contentUrl":"","caption":"FjALA e LIR\u00cb - Arkivi"},"image":{"@id":"https:\/\/fjala.info\/2009-2015\/#\/schema\/logo\/image\/"}},{"@type":"Person","@id":"https:\/\/fjala.info\/2009-2015\/#\/schema\/person\/3aa1163ef05469c496fc94e77611ada2","name":"admin","image":{"@type":"ImageObject","inLanguage":"sq-AL","@id":"https:\/\/fjala.info\/2009-2015\/wp-content\/uploads\/2012\/02\/arben_cokaj-120x150.jpg","url":"https:\/\/fjala.info\/2009-2015\/wp-content\/uploads\/2012\/02\/arben_cokaj-120x150.jpg","contentUrl":"https:\/\/fjala.info\/2009-2015\/wp-content\/uploads\/2012\/02\/arben_cokaj-120x150.jpg","caption":"admin"},"description":"Admin, Fjala e Lir\u00eb","sameAs":["https:\/\/fjala.info\/"],"url":"https:\/\/fjala.info\/2009-2015\/author\/admin\/"}]}},"_links":{"self":[{"href":"https:\/\/fjala.info\/2009-2015\/wp-json\/wp\/v2\/posts\/3883","targetHints":{"allow":["GET"]}}],"collection":[{"href":"https:\/\/fjala.info\/2009-2015\/wp-json\/wp\/v2\/posts"}],"about":[{"href":"https:\/\/fjala.info\/2009-2015\/wp-json\/wp\/v2\/types\/post"}],"author":[{"embeddable":true,"href":"https:\/\/fjala.info\/2009-2015\/wp-json\/wp\/v2\/users\/1"}],"replies":[{"embeddable":true,"href":"https:\/\/fjala.info\/2009-2015\/wp-json\/wp\/v2\/comments?post=3883"}],"version-history":[{"count":0,"href":"https:\/\/fjala.info\/2009-2015\/wp-json\/wp\/v2\/posts\/3883\/revisions"}],"wp:attachment":[{"href":"https:\/\/fjala.info\/2009-2015\/wp-json\/wp\/v2\/media?parent=3883"}],"wp:term":[{"taxonomy":"category","embeddable":true,"href":"https:\/\/fjala.info\/2009-2015\/wp-json\/wp\/v2\/categories?post=3883"},{"taxonomy":"post_tag","embeddable":true,"href":"https:\/\/fjala.info\/2009-2015\/wp-json\/wp\/v2\/tags?post=3883"}],"curies":[{"name":"wp","href":"https:\/\/api.w.org\/{rel}","templated":true}]}}