{"id":3882,"date":"2010-08-29T23:30:10","date_gmt":"2010-08-29T22:30:10","guid":{"rendered":"http:\/\/fjala.shkoder.net\/?p=3882"},"modified":"2010-08-29T23:30:10","modified_gmt":"2010-08-29T22:30:10","slug":"nene-tereza-dhe-dj-tiesto","status":"publish","type":"post","link":"https:\/\/fjala.info\/2009-2015\/nene-tereza-dhe-dj-tiesto\/","title":{"rendered":"N\u00cbN\u00cb TEREZA DHE DJ TIESTO"},"content":{"rendered":"<p><img loading=\"lazy\" decoding=\"async\" src=\"http:\/\/fjala.shkoder.net\/wp-content\/uploads\/2010\/08\/nene_tereza_papa-300x193.jpg\" alt=\"\" title=\"N\u00ebn\u00eb Tereza dhe Papa Gjon Pali II\" width=\"300\" height=\"193\" class=\"alignleft size-medium wp-image-3883\" \/><\/p>\n<p>Nga <strong>KOLORETO CUKALI<\/strong>, <em>29.08.2010<\/em><\/p>\n<p>Mbushja e Tiran\u00ebs me postera, banderola e me flamuj bardh e blu, m\u00eb b\u00ebri t\u00eb mendoj: &#8220;qenka fest\u00eb e PD-s\u00eb&#8221;. Mir\u00eb bluja, po kjo e bardha \u00e7&#8217;do? E bardha, shenja e dor\u00ebzimit, nuk b\u00ebn pjes\u00eb n\u00eb arsenalin e flamujve t\u00eb PD! Pastaj, u desh nj\u00eb beze e madhe me fytyr\u00ebn e N\u00ebn\u00eb Terez\u00ebs dhe me emrin e kryeministrit posht\u00eb q\u00eb t\u00eb kuptoja q\u00eb \u00ebsht\u00eb dit\u00eblindja e N\u00ebn\u00eb Terez\u00ebs. Mund\u00ebsuar nga&#8230; n\u00ebn kujdesin e ve\u00e7ant\u00eb t\u00eb&#8230; N\u00eb k\u00ebt\u00eb vend, as dit\u00eblindja e N\u00ebn\u00eb Terez\u00ebs nuk vjen dot po nuk deshi Kryeministri! Mir\u00ebpo, duke par\u00eb t\u00ebr\u00eb k\u00ebto shpenzime, madje, k\u00ebt\u00eb histeri t\u00eb p\u00ebrvitshme, u riktheva te pyetja baz\u00eb: pse?!<\/p>\n<p>Pse, festohet dit\u00eblindja e shenjtores si t\u00eb ishte promovimi i nj\u00eb DJ q\u00eb vjen p\u00ebr koncert n\u00eb ver\u00eb? N\u00ebn\u00eb Tereza vet\u00eb, jo q\u00eb nuk e festonte, po as e p\u00ebrmendte dit\u00eblindjen e vet. At\u00ebher\u00eb pse ajo, shembulli i p\u00ebrvujtnis\u00eb, p\u00ebrul\u00ebsis\u00eb dhe modestis\u00eb, p\u00ebrkujtohet si t\u00eb ishte nj\u00eb rockstar me buj\u00eb, me flamuj e me postera? Dhe p\u00ebr se? P\u00ebr dit\u00eblindje??!! Pse nuk organizojn\u00eb edhe Rally, ose maraton\u00eb rinore, ose qofte e birr\u00eb nga liqeni me rastin e dit\u00eblindjes s\u00eb N\u00ebn\u00eb Terez\u00ebs?<\/p>\n<p>Ose ndeshje vaterpoloje apo minikampionat beach volley&#8230;? Ose kampionat noti, q\u00eb t\u00eb mund ta fitoj\u00eb Kryeministri? Un\u00eb besoj, se N\u00ebn\u00eb Tereza vet\u00eb nuk do e kish k\u00ebrkuar e as pranuar kurr\u00eb nj\u00eb Vit t\u00eb Sajin. Ajo do kish k\u00ebrkuar fonde. Jo p\u00ebr flamujt absurd\u00eb bardhe-blu, po p\u00ebr spitale e p\u00ebr buk\u00eb. Jo p\u00ebr vete, po p\u00ebr t\u00eb s\u00ebmur\u00ebt, jetim\u00ebt e t\u00eb varfrit. Jo postera, por ponstan p\u00ebr gjith\u00eb ne q\u00eb vuajm\u00eb nga dhimbja e kok\u00ebs n\u00eb k\u00ebt\u00eb vend.<\/p>\n<p><strong>NJERIU M\u00cb VETE E ME TJER\u00cb<\/strong><br \/>\nPara dy-tre vjet\u00ebsh, lumturimi i N\u00ebn\u00eb Terez\u00ebs u festua me nj\u00eb megaposter q\u00eb mbulonte krejt fasad\u00ebn e Universitetit t\u00eb Tiran\u00ebs. Hera e fundit q\u00eb kisha par\u00eb nj\u00eb poster aq t\u00eb madh mbi UT ka qen\u00eb fotoja e Enver Hoxh\u00ebs. Stendat e reklamave t\u00eb ndri\u00e7uara ishin mbushur me postera t\u00eb shenjtores. Si\u00e7 ishin k\u00ebt\u00eb ver\u00eb posterat e DJ Sandy River\u00ebs. Sot, shtyllat e Kryeqytetit jan\u00eb mbushur me banderola me citate. Dikur, k\u00ebshtu varnin citatet e Enverit e t\u00eb Maos. &#8220;E djeshmja iku. E nes\u00ebrmja s&#8217;ka mb\u00ebrritur. T\u00eb sotmen e kemi k\u00ebtu.<\/p>\n<p>Fillojm\u00eb t\u00eb jetojm\u00eb&#8221;. Duhet t\u00eb jen\u00eb lodhur shum\u00eb t\u00eb g\u00ebrmojn\u00eb n\u00eb Internet p\u00ebr t\u00eb nxjerr\u00eb ca fraza si kjo, q\u00eb nuk thon\u00eb asgj\u00eb! Me gjith\u00eb respektin, po N\u00ebn\u00eb Tereza ka qen\u00eb thjesht nj\u00eb humaniste, jo nj\u00eb filozofe. Fraza si kjo m\u00eb sip\u00ebr, jo vet\u00ebm q\u00eb nuk thon\u00eb asgj\u00eb, por m\u00eb duket shum\u00eb infantile q\u00eb ti publikosh n\u00ebp\u00ebr shtylla. M\u00eb kujtojn\u00eb librin e kuq t\u00eb Maos. &#8220;Lindja \u00ebsht\u00eb e kuqe&#8221; \u00c7far\u00eb perle, \u00eb? Dukej sikur jepte leksione si t\u00eb jetosh. Ose, m\u00eb kujtoi at\u00eb mjeshtrin e madh t\u00eb citateve q\u00eb thoshte &#8220;patatja \u00ebsht\u00eb edhe buk\u00eb, edhe gjell\u00eb.&#8221; Ata q\u00eb merren me organizimin e &#8220;festave&#8221; t\u00eb N\u00ebn\u00eb Terez\u00ebs, s&#8217;kan\u00eb kuptuar akoma q\u00eb N\u00ebn\u00eb Tereza u b\u00eb ajo figur\u00eb q\u00eb u b\u00eb, prej veprimit, jo prej citateve.<\/p>\n<p><strong>NJI FYELL ND\u00cbR MALE<\/strong><br \/>\nProblemet me kultin e N\u00ebn\u00eb Terez\u00ebs vijn\u00eb nga aqdi- aq-b\u00ebn i atyre q\u00eb jan\u00eb sip\u00ebr, por dhe nga mentaliteti i neve q\u00eb jemi posht\u00eb lidhur me figurat. Nga Bajraktar\u00ebt, tek Zogu e Enveri, ne nuk kemi pasur mund\u00ebsi t\u00eb prekim e t\u00eb prekemi nga njer\u00ebz q\u00eb kan\u00eb modestin\u00eb si virtyt kryesor. Ne na b\u00ebjn\u00eb p\u00ebrshtypje vet\u00ebm ato figura q\u00eb propagandohen me buj\u00eb e me poh\u00eb. Ne dim\u00eb vet\u00ebm nj\u00eb m\u00ebnyr\u00eb p\u00ebr t\u00eb nderuar figurat tona. O t&#8217;u ngrem\u00eb k\u00ebng\u00eb t\u00eb tipit &#8220;Enver Hoxha o Tungjatjeta&#8221; o tu ngrem\u00eb buste, o banderola. Ne, kemi harruar form\u00ebn m\u00eb t\u00eb thjesht\u00eb t\u00eb respektit, heshtjen. Ne kujtojm\u00eb q\u00eb ngrem\u00eb lart N\u00ebn\u00eb Terez\u00ebn, kur e trajtojm\u00eb si Enverin. Duhet t\u00eb pushojm\u00eb s\u00eb trajtuari N\u00ebn\u00eb Terez\u00ebn edhe si Lady Dian\u00ebn. K\u00ebto figura nuk kan\u00eb asgj\u00eb t\u00eb p\u00ebrbashk\u00ebt. Nj\u00eb princesh\u00eb e trishtuar, sepse kishte nj\u00eb burr\u00eb impotent, nuk mund t\u00eb jet\u00eb nj\u00ebsoj n\u00eb perceptimin ton\u00eb si nj\u00eb grua e virgj\u00ebr q\u00eb p\u00ebrqafonte njer\u00ebz t\u00eb s\u00ebmur\u00eb me malarje.<\/p>\n<p><strong>DJELLA<\/strong><br \/>\nNga ana tjet\u00ebr, N\u00ebn\u00eb Tereza po konsiderohet si P.R. qeveritar p\u00ebr t\u00eb ndrequr imazhin nd\u00ebrkomb\u00ebtarisht t\u00eb leckosur t\u00eb Shqip\u00ebris\u00eb. Duam t\u00eb fshihemi pas figur\u00ebs s\u00eb past\u00ebr t\u00eb humanistes, si Odiseu q\u00eb fshihej n\u00ebn\u00eb delet p\u00ebr t\u00eb dal\u00eb nga shpella e Qikllopit. Pa folur p\u00ebr faktin q\u00eb po krijohet ideja sikur n\u00ebn\u00eb Tereza \u00ebsht\u00eb investim personal i Kryeministrit, heroin\u00eb e personalizuar. Se p\u00ebr ndryshe, \u00e7&#8217;do emri i tij n\u00eb posterat e k\u00ebng\u00ebtares&#8230; pardon, shenjtores? Posterat e n\u00ebn\u00eb Terez\u00ebs, nuk i len\u00eb gj\u00eb mangut posterave t\u00eb DJ-ve q\u00eb erdh\u00ebn gjat\u00eb ver\u00ebs n\u00eb Tiran\u00eb. Pas gjith\u00eb k\u00ebsaj histerie, na duhet ta p\u00ebrs\u00ebrisim pyetjen, po t\u00eb ishte N\u00ebn\u00eb Tereza gjall\u00eb, si do ndjehej para gjith\u00eb k\u00ebsaj? \u00c7&#8217;do thoshte kur t\u00eb kalonte posht\u00eb posterave t\u00eb vet? A mos vall\u00eb do k\u00ebrkonte q\u00eb parat\u00eb t\u00eb shkonin te spitali q\u00eb ajo donte t\u00eb nd\u00ebrtonte, e q\u00eb nuk po b\u00ebhet n\u00eb Tiran\u00eb? A mos do k\u00ebrkonte q\u00eb parat\u00eb t\u00eb shkonin tek ata njer\u00ebz q\u00eb varin veten p\u00ebrdit\u00eb se nuk ushqejn\u00eb f\u00ebmij\u00ebt me buk\u00eb?<\/p>\n<p><strong>DRANJA. MADRIGALE.<\/strong><br \/>\nN\u00eb pamund\u00ebsi p\u00ebr t\u00eb nd\u00ebrtuar figura bashk\u00ebkohore komb\u00ebtare q\u00eb t\u00eb mund ti qendrojn\u00eb koh\u00ebs, ne jemi kapur t\u00eb d\u00ebshp\u00ebruar pas n\u00ebn\u00eb Terez\u00ebs. Figurat tona jan\u00eb t\u00eb p\u00ebrkoh\u00ebshme. Noli na doli hajdut i Konares e shtetrr\u00ebnues, Zogu, ishte p\u00ebr 50 vjet hajdut e tradh\u00ebtar, Enveri k\u00ebto 20 vjet diktator e vras\u00ebs&#8230; S&#8217;merret m\u00eb vesh, n\u00eb tornadon e madhe t\u00eb balt\u00ebs q\u00eb vjen v\u00ebrdall\u00eb atdheut, se kush e meritonte balt\u00ebn e kush jo. Po je i k\u00ebtij vendi, balta do t\u00eb t\u00eb p\u00ebrfshij\u00eb, \u00e7far\u00eb doq\u00eb t\u00eb b\u00ebsh e t\u00eb thuash. Prandaj mb\u00ebrthehemi me d\u00ebshp\u00ebrim pas figurave q\u00eb na duken t\u00eb pakontestueshme. E megjithat\u00eb, ky vend, ka pasur njer\u00ebz t\u00eb denj\u00eb p\u00ebr respekt e adhurim mbar\u00ebkomb\u00ebtar. Vet\u00ebm se ata nuk b\u00ebrtasin. Dhe nuk kan\u00eb fituar Nobel.<\/p>\n<p><strong>LIRIKA MES DY MOTEVE<\/strong><br \/>\nPara shum\u00eb jav\u00ebsh te Shekulli kam lexuar nj\u00eb shkrim t\u00eb Elsa Demos &#8220;Nuk ka vend p\u00ebr Martin Camajn&#8221;. Shkrimin e p\u00ebrshkuante trishtimi pse ky shtet nuk arrin t\u00eb b\u00ebj\u00eb asgj\u00eb p\u00ebr nj\u00eb nga poet\u00ebt m\u00eb t\u00eb m\u00ebdhenj shqiptar\u00eb, Martin Camajn, makar as t&#8217;i caktoj\u00eb nj\u00eb vit p\u00ebrkujtimor. Zyra e shtypit pran\u00eb Ministris\u00eb s\u00eb Kultur\u00ebs ishte p\u00ebrgjigjur, &#8220;ky \u00ebsht\u00eb viti i n\u00ebn\u00eb Terez\u00ebs e Va\u00e7e Zel\u00ebs e nuk ndryshohet m\u00eb&#8221;. Nuk dua t\u00eb rimarr shkrimin, as t\u00eb ringer tematik\u00ebn, sepse Camaj mbetet i madh pa pasur nevoj\u00ebn q\u00eb p\u00ebr t\u00eb t\u00eb kujdeset Ministria e Kultur\u00ebs.<\/p>\n<p>Por shqet\u00ebsimi m\u00eb lindi kur lexova komentet n\u00eb blog. Wsht\u00eb e drejta e gjith\u00ebsecilit t\u00eb mos lexoj\u00eb poezi. Por kjo u heq t\u00eb drejt\u00ebn t\u00eb gjykojn\u00eb poet\u00ebt apo dhe figurat. Ata q\u00eb kan\u00eb lexuar vet\u00ebm nj\u00eb lib\u00ebr n\u00eb jet\u00ebn e tyre, nuk kan\u00eb t\u00eb drejt\u00eb t\u00eb marrin pjes\u00eb n\u00eb procesin e ngritje s\u00eb kulteve. Injorant\u00ebt kibernetik\u00eb, q\u00eb, t\u00eb fshehur pas anonimitetit t\u00eb web-it marrin p\u00ebrsip\u00ebr t\u00eb shajn\u00eb \u00e7do gj\u00eb, duhet t\u00eb m\u00ebsojn\u00eb t\u00eb heshtin e t\u00eb d\u00ebgjojn\u00eb. N\u00eb nj\u00eb popull q\u00eb nuk lexon, propaganda mbin si lul\u00ebkuqe mbi mure. Dhe ajo q\u00eb po u servirin tani atyre \u00ebsht\u00eb figura en\u00ebn\u00eb Terez\u00ebs, q\u00eb po ua shesin si t\u00eb ishte nj\u00eb rockstar.<\/p>\n<p>N\u00ebn\u00eb Tereza \u00ebsht\u00eb figur\u00eb e madhe e bot\u00ebs, por ne kemi nevoj\u00eb p\u00ebr figurat tona. E di q\u00eb shum\u00eb vet\u00eb mund t\u00eb preken n\u00eb sed\u00ebr e n\u00eb nder nga kjo Tart\u00eb, por, po t\u00eb shohin ftoht\u00eb do t\u00eb kuptojn\u00eb q\u00eb dikush po ngre nj\u00eb kult t\u00eb panevojsh\u00ebm t\u00eb N\u00ebn\u00eb Terez\u00ebs, dhe jo p\u00ebr hir t\u00eb humanizmit t\u00eb saj, por p\u00ebr tu fshehur pas bustit t\u00eb pranuar nd\u00ebrkomb\u00ebtarisht. Shenjtorja e lindur n\u00eb Shkup, q\u00eb jetoi e punoi n\u00eb Kalkuta 50 vjet, q\u00eb nuk fliste shqip, duhet t&#8217;ia l\u00ebr\u00eb v\u00ebmendjen poetit q\u00eb lindi n\u00eb Dukagjin, q\u00eb ngriti katedr\u00ebn e gjuh\u00ebs shqipe n\u00eb universitetin e Mynihut, e q\u00eb ka shkruar (p\u00ebr mua) vargjet m\u00eb t\u00eb bukura q\u00eb shqipja do mund t\u00eb prodhoj\u00eb p\u00ebr dhjet\u00ebra vjet.<\/p>\n<p>N\u00ebn\u00eb Tereza nuk ka nevoj\u00eb p\u00ebr nj\u00eb vit special, p\u00ebr nj\u00eb aeroport, p\u00ebr nj\u00eb shesh n\u00eb qend\u00ebr, p\u00ebr nj\u00eb spital, e p\u00ebr kushedi sesa konferenca n\u00eb em\u00ebr t\u00eb saj, q\u00eb t\u00eb jet\u00eb figure shqiptare. Pyetja e that\u00eb e brutale, pyetje q\u00eb ther mu n\u00eb kock\u00eb, \u00ebsht\u00eb kjo: \u00c7far\u00eb ka b\u00ebr\u00eb ajo p\u00ebr k\u00ebt\u00eb vend? Ajo ka b\u00ebr\u00eb shum\u00eb, por ka b\u00ebr\u00eb p\u00ebr Indin\u00eb. P\u00ebr Libanin. Ka b\u00ebr\u00eb p\u00ebr t\u00ebr\u00eb bot\u00ebn. Po \u00e7far\u00eb ka b\u00ebr\u00eb ajo p\u00ebr ne? Ky vend, i thar\u00eb nga injoranca e brutaliteti, ka nevoj\u00eb p\u00ebr poet\u00eb. Ka nevoj\u00eb p\u00ebr pak poezi. Kur t\u00eb ulen val\u00ebt\/ fryma jon\u00eb do t\u00eb matet\/ me gjansin\u00eb e detit: at\u00ebher\u00eb\/ do t\u00eb pushojm\u00eb\/ te kamb\u00ebt e bjeshkve t\u00eb bardha.<\/p>\n<p><strong>KANDILI ARGJANDIT<\/strong><br \/>\nJam i bindur, q\u00eb vet\u00eb N\u00ebn\u00eb Tereza do kish dashur q\u00eb ky t\u00eb ishte viti i Martin Camajt. Ajo do ta kish kuptuar q\u00eb ky vend ka m\u00eb tep\u00ebr nevoj\u00eb p\u00ebr figura t\u00eb vetat, q\u00eb i kan\u00eb dh\u00ebn\u00eb Shqip\u00ebris\u00eb, e jo t\u00eb importoj\u00eb figura t\u00eb p\u00ebrbotshme q\u00eb i kan\u00eb dh\u00ebn\u00eb gjith\u00eb bot\u00ebs. Ajo do ta kish kuptuar q\u00eb njer\u00ebzit q\u00eb nuk nderojn\u00eb poetin e vet, nuk kan\u00eb p\u00ebr ta nd\u00ebrtuar kurr\u00eb spitalin e saj. Por, pavar\u00ebsisht se \u00e7&#8217;do donte ajo, dit\u00eblindja e Camajt nuk vjen, po nuk deshi Kryeministri.<\/p>\n","protected":false},"excerpt":{"rendered":"<p>Nga KOLORETO CUKALI, 29.08.2010 Mbushja e Tiran\u00ebs me postera, banderola e me flamuj bardh e blu, m\u00eb b\u00ebri t\u00eb mendoj: &#8220;qenka fest\u00eb e PD-s\u00eb&#8221;. Mir\u00eb bluja, po kjo e bardha \u00e7&#8217;do? E bardha, shenja e dor\u00ebzimit, nuk b\u00ebn pjes\u00eb n\u00eb arsenalin e flamujve t\u00eb PD! Pastaj, u desh nj\u00eb beze e madhe me fytyr\u00ebn e [&hellip;]<\/p>\n","protected":false},"author":1,"featured_media":0,"comment_status":"open","ping_status":"closed","sticky":false,"template":"","format":"standard","meta":{"footnotes":""},"categories":[2],"tags":[],"class_list":{"0":"post-3882","1":"post","2":"type-post","3":"status-publish","4":"format-standard","6":"category-artikuj"},"yoast_head":"<!-- This site is optimized with the Yoast SEO plugin v27.4 - https:\/\/yoast.com\/product\/yoast-seo-wordpress\/ -->\n<title>N\u00cbN\u00cb TEREZA DHE DJ TIESTO - FjALA e LIR\u00cb - Arkivi<\/title>\n<meta name=\"robots\" content=\"index, follow, max-snippet:-1, max-image-preview:large, max-video-preview:-1\" \/>\n<link rel=\"canonical\" href=\"https:\/\/fjala.info\/2009-2015\/nene-tereza-dhe-dj-tiesto\/\" \/>\n<meta property=\"og:locale\" content=\"sq_AL\" \/>\n<meta property=\"og:type\" content=\"article\" \/>\n<meta property=\"og:title\" content=\"N\u00cbN\u00cb TEREZA DHE DJ TIESTO - FjALA e LIR\u00cb - Arkivi\" \/>\n<meta property=\"og:description\" content=\"Nga KOLORETO CUKALI, 29.08.2010 Mbushja e Tiran\u00ebs me postera, banderola e me flamuj bardh e blu, m\u00eb b\u00ebri t\u00eb mendoj: &#8220;qenka fest\u00eb e PD-s\u00eb&#8221;. Mir\u00eb bluja, po kjo e bardha \u00e7&#8217;do? E bardha, shenja e dor\u00ebzimit, nuk b\u00ebn pjes\u00eb n\u00eb arsenalin e flamujve t\u00eb PD! Pastaj, u desh nj\u00eb beze e madhe me fytyr\u00ebn e [&hellip;]\" \/>\n<meta property=\"og:url\" content=\"https:\/\/fjala.info\/2009-2015\/nene-tereza-dhe-dj-tiesto\/\" \/>\n<meta property=\"og:site_name\" content=\"FjALA e LIR\u00cb - Arkivi\" \/>\n<meta property=\"article:published_time\" content=\"2010-08-29T22:30:10+00:00\" \/>\n<meta property=\"og:image\" content=\"http:\/\/fjala.shkoder.net\/wp-content\/uploads\/2010\/08\/nene_tereza_papa-300x193.jpg\" \/>\n<meta name=\"author\" content=\"admin\" \/>\n<meta name=\"twitter:card\" content=\"summary_large_image\" \/>\n<meta name=\"twitter:label1\" content=\"Written by\" \/>\n\t<meta name=\"twitter:data1\" content=\"admin\" \/>\n\t<meta name=\"twitter:label2\" content=\"Est. reading time\" \/>\n\t<meta name=\"twitter:data2\" content=\"9 minutes\" \/>\n<script type=\"application\/ld+json\" class=\"yoast-schema-graph\">{\"@context\":\"https:\\\/\\\/schema.org\",\"@graph\":[{\"@type\":\"Article\",\"@id\":\"https:\\\/\\\/fjala.info\\\/2009-2015\\\/nene-tereza-dhe-dj-tiesto\\\/#article\",\"isPartOf\":{\"@id\":\"https:\\\/\\\/fjala.info\\\/2009-2015\\\/nene-tereza-dhe-dj-tiesto\\\/\"},\"author\":{\"name\":\"admin\",\"@id\":\"https:\\\/\\\/fjala.info\\\/2009-2015\\\/#\\\/schema\\\/person\\\/3aa1163ef05469c496fc94e77611ada2\"},\"headline\":\"N\u00cbN\u00cb TEREZA DHE DJ TIESTO\",\"datePublished\":\"2010-08-29T22:30:10+00:00\",\"mainEntityOfPage\":{\"@id\":\"https:\\\/\\\/fjala.info\\\/2009-2015\\\/nene-tereza-dhe-dj-tiesto\\\/\"},\"wordCount\":1749,\"commentCount\":0,\"publisher\":{\"@id\":\"https:\\\/\\\/fjala.info\\\/2009-2015\\\/#organization\"},\"image\":{\"@id\":\"https:\\\/\\\/fjala.info\\\/2009-2015\\\/nene-tereza-dhe-dj-tiesto\\\/#primaryimage\"},\"thumbnailUrl\":\"http:\\\/\\\/fjala.shkoder.net\\\/wp-content\\\/uploads\\\/2010\\\/08\\\/nene_tereza_papa-300x193.jpg\",\"articleSection\":[\"Artikuj\"],\"inLanguage\":\"sq-AL\",\"potentialAction\":[{\"@type\":\"CommentAction\",\"name\":\"Comment\",\"target\":[\"https:\\\/\\\/fjala.info\\\/2009-2015\\\/nene-tereza-dhe-dj-tiesto\\\/#respond\"]}]},{\"@type\":\"WebPage\",\"@id\":\"https:\\\/\\\/fjala.info\\\/2009-2015\\\/nene-tereza-dhe-dj-tiesto\\\/\",\"url\":\"https:\\\/\\\/fjala.info\\\/2009-2015\\\/nene-tereza-dhe-dj-tiesto\\\/\",\"name\":\"N\u00cbN\u00cb TEREZA DHE DJ TIESTO - FjALA e LIR\u00cb - Arkivi\",\"isPartOf\":{\"@id\":\"https:\\\/\\\/fjala.info\\\/2009-2015\\\/#website\"},\"primaryImageOfPage\":{\"@id\":\"https:\\\/\\\/fjala.info\\\/2009-2015\\\/nene-tereza-dhe-dj-tiesto\\\/#primaryimage\"},\"image\":{\"@id\":\"https:\\\/\\\/fjala.info\\\/2009-2015\\\/nene-tereza-dhe-dj-tiesto\\\/#primaryimage\"},\"thumbnailUrl\":\"http:\\\/\\\/fjala.shkoder.net\\\/wp-content\\\/uploads\\\/2010\\\/08\\\/nene_tereza_papa-300x193.jpg\",\"datePublished\":\"2010-08-29T22:30:10+00:00\",\"breadcrumb\":{\"@id\":\"https:\\\/\\\/fjala.info\\\/2009-2015\\\/nene-tereza-dhe-dj-tiesto\\\/#breadcrumb\"},\"inLanguage\":\"sq-AL\",\"potentialAction\":[{\"@type\":\"ReadAction\",\"target\":[\"https:\\\/\\\/fjala.info\\\/2009-2015\\\/nene-tereza-dhe-dj-tiesto\\\/\"]}]},{\"@type\":\"ImageObject\",\"inLanguage\":\"sq-AL\",\"@id\":\"https:\\\/\\\/fjala.info\\\/2009-2015\\\/nene-tereza-dhe-dj-tiesto\\\/#primaryimage\",\"url\":\"http:\\\/\\\/fjala.shkoder.net\\\/wp-content\\\/uploads\\\/2010\\\/08\\\/nene_tereza_papa-300x193.jpg\",\"contentUrl\":\"http:\\\/\\\/fjala.shkoder.net\\\/wp-content\\\/uploads\\\/2010\\\/08\\\/nene_tereza_papa-300x193.jpg\"},{\"@type\":\"BreadcrumbList\",\"@id\":\"https:\\\/\\\/fjala.info\\\/2009-2015\\\/nene-tereza-dhe-dj-tiesto\\\/#breadcrumb\",\"itemListElement\":[{\"@type\":\"ListItem\",\"position\":1,\"name\":\"Home\",\"item\":\"https:\\\/\\\/fjala.info\\\/2009-2015\\\/\"},{\"@type\":\"ListItem\",\"position\":2,\"name\":\"N\u00cbN\u00cb TEREZA DHE DJ TIESTO\"}]},{\"@type\":\"WebSite\",\"@id\":\"https:\\\/\\\/fjala.info\\\/2009-2015\\\/#website\",\"url\":\"https:\\\/\\\/fjala.info\\\/2009-2015\\\/\",\"name\":\"FjALA e LIR\u00cb - Arkivi\",\"description\":\"Arkivi 2009-2015\",\"publisher\":{\"@id\":\"https:\\\/\\\/fjala.info\\\/2009-2015\\\/#organization\"},\"potentialAction\":[{\"@type\":\"SearchAction\",\"target\":{\"@type\":\"EntryPoint\",\"urlTemplate\":\"https:\\\/\\\/fjala.info\\\/2009-2015\\\/?s={search_term_string}\"},\"query-input\":{\"@type\":\"PropertyValueSpecification\",\"valueRequired\":true,\"valueName\":\"search_term_string\"}}],\"inLanguage\":\"sq-AL\"},{\"@type\":\"Organization\",\"@id\":\"https:\\\/\\\/fjala.info\\\/2009-2015\\\/#organization\",\"name\":\"FjALA e LIR\u00cb - Arkivi\",\"url\":\"https:\\\/\\\/fjala.info\\\/2009-2015\\\/\",\"logo\":{\"@type\":\"ImageObject\",\"inLanguage\":\"sq-AL\",\"@id\":\"https:\\\/\\\/fjala.info\\\/2009-2015\\\/#\\\/schema\\\/logo\\\/image\\\/\",\"url\":\"\",\"contentUrl\":\"\",\"caption\":\"FjALA e LIR\u00cb - Arkivi\"},\"image\":{\"@id\":\"https:\\\/\\\/fjala.info\\\/2009-2015\\\/#\\\/schema\\\/logo\\\/image\\\/\"}},{\"@type\":\"Person\",\"@id\":\"https:\\\/\\\/fjala.info\\\/2009-2015\\\/#\\\/schema\\\/person\\\/3aa1163ef05469c496fc94e77611ada2\",\"name\":\"admin\",\"image\":{\"@type\":\"ImageObject\",\"inLanguage\":\"sq-AL\",\"@id\":\"https:\\\/\\\/fjala.info\\\/2009-2015\\\/wp-content\\\/uploads\\\/2012\\\/02\\\/arben_cokaj-120x150.jpg\",\"url\":\"https:\\\/\\\/fjala.info\\\/2009-2015\\\/wp-content\\\/uploads\\\/2012\\\/02\\\/arben_cokaj-120x150.jpg\",\"contentUrl\":\"https:\\\/\\\/fjala.info\\\/2009-2015\\\/wp-content\\\/uploads\\\/2012\\\/02\\\/arben_cokaj-120x150.jpg\",\"caption\":\"admin\"},\"description\":\"Admin, Fjala e Lir\u00eb\",\"sameAs\":[\"https:\\\/\\\/fjala.info\\\/\"],\"url\":\"https:\\\/\\\/fjala.info\\\/2009-2015\\\/author\\\/admin\\\/\"}]}<\/script>\n<!-- \/ Yoast SEO plugin. -->","yoast_head_json":{"title":"N\u00cbN\u00cb TEREZA DHE DJ TIESTO - FjALA e LIR\u00cb - Arkivi","robots":{"index":"index","follow":"follow","max-snippet":"max-snippet:-1","max-image-preview":"max-image-preview:large","max-video-preview":"max-video-preview:-1"},"canonical":"https:\/\/fjala.info\/2009-2015\/nene-tereza-dhe-dj-tiesto\/","og_locale":"sq_AL","og_type":"article","og_title":"N\u00cbN\u00cb TEREZA DHE DJ TIESTO - FjALA e LIR\u00cb - Arkivi","og_description":"Nga KOLORETO CUKALI, 29.08.2010 Mbushja e Tiran\u00ebs me postera, banderola e me flamuj bardh e blu, m\u00eb b\u00ebri t\u00eb mendoj: &#8220;qenka fest\u00eb e PD-s\u00eb&#8221;. Mir\u00eb bluja, po kjo e bardha \u00e7&#8217;do? E bardha, shenja e dor\u00ebzimit, nuk b\u00ebn pjes\u00eb n\u00eb arsenalin e flamujve t\u00eb PD! Pastaj, u desh nj\u00eb beze e madhe me fytyr\u00ebn e [&hellip;]","og_url":"https:\/\/fjala.info\/2009-2015\/nene-tereza-dhe-dj-tiesto\/","og_site_name":"FjALA e LIR\u00cb - Arkivi","article_published_time":"2010-08-29T22:30:10+00:00","og_image":[{"url":"http:\/\/fjala.shkoder.net\/wp-content\/uploads\/2010\/08\/nene_tereza_papa-300x193.jpg","type":"","width":"","height":""}],"author":"admin","twitter_card":"summary_large_image","twitter_misc":{"Written by":"admin","Est. reading time":"9 minutes"},"schema":{"@context":"https:\/\/schema.org","@graph":[{"@type":"Article","@id":"https:\/\/fjala.info\/2009-2015\/nene-tereza-dhe-dj-tiesto\/#article","isPartOf":{"@id":"https:\/\/fjala.info\/2009-2015\/nene-tereza-dhe-dj-tiesto\/"},"author":{"name":"admin","@id":"https:\/\/fjala.info\/2009-2015\/#\/schema\/person\/3aa1163ef05469c496fc94e77611ada2"},"headline":"N\u00cbN\u00cb TEREZA DHE DJ TIESTO","datePublished":"2010-08-29T22:30:10+00:00","mainEntityOfPage":{"@id":"https:\/\/fjala.info\/2009-2015\/nene-tereza-dhe-dj-tiesto\/"},"wordCount":1749,"commentCount":0,"publisher":{"@id":"https:\/\/fjala.info\/2009-2015\/#organization"},"image":{"@id":"https:\/\/fjala.info\/2009-2015\/nene-tereza-dhe-dj-tiesto\/#primaryimage"},"thumbnailUrl":"http:\/\/fjala.shkoder.net\/wp-content\/uploads\/2010\/08\/nene_tereza_papa-300x193.jpg","articleSection":["Artikuj"],"inLanguage":"sq-AL","potentialAction":[{"@type":"CommentAction","name":"Comment","target":["https:\/\/fjala.info\/2009-2015\/nene-tereza-dhe-dj-tiesto\/#respond"]}]},{"@type":"WebPage","@id":"https:\/\/fjala.info\/2009-2015\/nene-tereza-dhe-dj-tiesto\/","url":"https:\/\/fjala.info\/2009-2015\/nene-tereza-dhe-dj-tiesto\/","name":"N\u00cbN\u00cb TEREZA DHE DJ TIESTO - FjALA e LIR\u00cb - Arkivi","isPartOf":{"@id":"https:\/\/fjala.info\/2009-2015\/#website"},"primaryImageOfPage":{"@id":"https:\/\/fjala.info\/2009-2015\/nene-tereza-dhe-dj-tiesto\/#primaryimage"},"image":{"@id":"https:\/\/fjala.info\/2009-2015\/nene-tereza-dhe-dj-tiesto\/#primaryimage"},"thumbnailUrl":"http:\/\/fjala.shkoder.net\/wp-content\/uploads\/2010\/08\/nene_tereza_papa-300x193.jpg","datePublished":"2010-08-29T22:30:10+00:00","breadcrumb":{"@id":"https:\/\/fjala.info\/2009-2015\/nene-tereza-dhe-dj-tiesto\/#breadcrumb"},"inLanguage":"sq-AL","potentialAction":[{"@type":"ReadAction","target":["https:\/\/fjala.info\/2009-2015\/nene-tereza-dhe-dj-tiesto\/"]}]},{"@type":"ImageObject","inLanguage":"sq-AL","@id":"https:\/\/fjala.info\/2009-2015\/nene-tereza-dhe-dj-tiesto\/#primaryimage","url":"http:\/\/fjala.shkoder.net\/wp-content\/uploads\/2010\/08\/nene_tereza_papa-300x193.jpg","contentUrl":"http:\/\/fjala.shkoder.net\/wp-content\/uploads\/2010\/08\/nene_tereza_papa-300x193.jpg"},{"@type":"BreadcrumbList","@id":"https:\/\/fjala.info\/2009-2015\/nene-tereza-dhe-dj-tiesto\/#breadcrumb","itemListElement":[{"@type":"ListItem","position":1,"name":"Home","item":"https:\/\/fjala.info\/2009-2015\/"},{"@type":"ListItem","position":2,"name":"N\u00cbN\u00cb TEREZA DHE DJ TIESTO"}]},{"@type":"WebSite","@id":"https:\/\/fjala.info\/2009-2015\/#website","url":"https:\/\/fjala.info\/2009-2015\/","name":"FjALA e LIR\u00cb - Arkivi","description":"Arkivi 2009-2015","publisher":{"@id":"https:\/\/fjala.info\/2009-2015\/#organization"},"potentialAction":[{"@type":"SearchAction","target":{"@type":"EntryPoint","urlTemplate":"https:\/\/fjala.info\/2009-2015\/?s={search_term_string}"},"query-input":{"@type":"PropertyValueSpecification","valueRequired":true,"valueName":"search_term_string"}}],"inLanguage":"sq-AL"},{"@type":"Organization","@id":"https:\/\/fjala.info\/2009-2015\/#organization","name":"FjALA e LIR\u00cb - Arkivi","url":"https:\/\/fjala.info\/2009-2015\/","logo":{"@type":"ImageObject","inLanguage":"sq-AL","@id":"https:\/\/fjala.info\/2009-2015\/#\/schema\/logo\/image\/","url":"","contentUrl":"","caption":"FjALA e LIR\u00cb - Arkivi"},"image":{"@id":"https:\/\/fjala.info\/2009-2015\/#\/schema\/logo\/image\/"}},{"@type":"Person","@id":"https:\/\/fjala.info\/2009-2015\/#\/schema\/person\/3aa1163ef05469c496fc94e77611ada2","name":"admin","image":{"@type":"ImageObject","inLanguage":"sq-AL","@id":"https:\/\/fjala.info\/2009-2015\/wp-content\/uploads\/2012\/02\/arben_cokaj-120x150.jpg","url":"https:\/\/fjala.info\/2009-2015\/wp-content\/uploads\/2012\/02\/arben_cokaj-120x150.jpg","contentUrl":"https:\/\/fjala.info\/2009-2015\/wp-content\/uploads\/2012\/02\/arben_cokaj-120x150.jpg","caption":"admin"},"description":"Admin, Fjala e Lir\u00eb","sameAs":["https:\/\/fjala.info\/"],"url":"https:\/\/fjala.info\/2009-2015\/author\/admin\/"}]}},"_links":{"self":[{"href":"https:\/\/fjala.info\/2009-2015\/wp-json\/wp\/v2\/posts\/3882","targetHints":{"allow":["GET"]}}],"collection":[{"href":"https:\/\/fjala.info\/2009-2015\/wp-json\/wp\/v2\/posts"}],"about":[{"href":"https:\/\/fjala.info\/2009-2015\/wp-json\/wp\/v2\/types\/post"}],"author":[{"embeddable":true,"href":"https:\/\/fjala.info\/2009-2015\/wp-json\/wp\/v2\/users\/1"}],"replies":[{"embeddable":true,"href":"https:\/\/fjala.info\/2009-2015\/wp-json\/wp\/v2\/comments?post=3882"}],"version-history":[{"count":0,"href":"https:\/\/fjala.info\/2009-2015\/wp-json\/wp\/v2\/posts\/3882\/revisions"}],"wp:attachment":[{"href":"https:\/\/fjala.info\/2009-2015\/wp-json\/wp\/v2\/media?parent=3882"}],"wp:term":[{"taxonomy":"category","embeddable":true,"href":"https:\/\/fjala.info\/2009-2015\/wp-json\/wp\/v2\/categories?post=3882"},{"taxonomy":"post_tag","embeddable":true,"href":"https:\/\/fjala.info\/2009-2015\/wp-json\/wp\/v2\/tags?post=3882"}],"curies":[{"name":"wp","href":"https:\/\/api.w.org\/{rel}","templated":true}]}}