{"id":3877,"date":"2010-08-30T23:21:41","date_gmt":"2010-08-30T22:21:41","guid":{"rendered":"http:\/\/fjala.shkoder.net\/?p=3877"},"modified":"2010-08-30T23:21:41","modified_gmt":"2010-08-30T22:21:41","slug":"dritehijet-e-marreveshjes-pd-ps","status":"publish","type":"post","link":"https:\/\/fjala.info\/2009-2015\/dritehijet-e-marreveshjes-pd-ps\/","title":{"rendered":"DRIT\u00cbHIJET E MARR\u00cbVESHJES PD-PS"},"content":{"rendered":"<p><img decoding=\"async\" style=\"margin-left: 10px; margin-right: 10px; border: 0px;\" title=\"Andrea Stefani\" src=\"http:\/\/www.shkoder.net\/images\/fjala\/andrea_stefani.jpg\" border=\"0\" alt=\"\" width=\"100\" align=\"left\" \/><\/p>\n<p><strong>Andrea Stefani<\/strong><\/p>\n<p>Po b\u00ebhet e qart\u00eb si drita e diellit se k\u00ebmb\u00ebngulja e pozit\u00ebs p\u00ebr t\u00eb mos hapur kutit\u00eb e flet\u00ebve t\u00eb votimit, me pretendimin se ato nuk p\u00ebrfshihen n\u00eb materialin zgjedhor, nuk q\u00ebndron dhe \u00ebsht\u00eb nj\u00eb p\u00ebrpjekje e kund\u00ebrligjshme p\u00ebr t\u00eb bllokuar transparenc\u00ebn \u201cme ligj\u201d. P\u00ebr t\u00eb kund\u00ebrshtuar k\u00ebt\u00eb alibi t\u00eb qeveris\u00eb, kritik\u00ebt e saj dhe opozita i ishin referuar, deri m\u00eb sot, nj\u00eb numri nenesh t\u00eb Kodit Zgjedhor q\u00eb i klasifikonin qartazi flet\u00ebt e votimit si pjes\u00eb e \u201cmaterialit zgjedhor\u201d. Por tashm\u00eb ka dal\u00eb n\u00eb drit\u00eb edhe nj\u00eb tjet\u00ebr dokument tep\u00ebr i r\u00ebnd\u00ebsish\u00ebm. \u00cbsht\u00eb nj\u00eb udh\u00ebzim i Komisionit Qendror t\u00eb Zgjedhjeve (KQZ), i nxjerr\u00eb q\u00eb n\u00eb mars t\u00eb vitit 2009, q\u00eb i klasifikon qartazi flet\u00ebt e votimit si pjes\u00eb t\u00eb materialeve zgjedhore.<\/p>\n<p>Pas k\u00ebsaj, qeveria dhe mb\u00ebshtet\u00ebsit e saj do ta ken\u00eb edhe m\u00eb t\u00eb v\u00ebshtir\u00eb t\u2019i thon\u00eb \u201cjo\u201d k\u00ebrkes\u00ebs s\u00eb opozit\u00ebs p\u00ebr hapjen e kutive me flet\u00ebt e votimit. Dhe duket se Berisha po e ndjen se momenti i z\u00ebnies mat, n\u00eb k\u00ebt\u00eb shah politik q\u00eb vazhdon prej m\u00eb se nj\u00eb viti, po afron dhe shum\u00eb shpejt ai nuk do ket\u00eb nga t\u2019ia mbaj\u00eb. Prandaj, vet\u00eb Berisha nga Salzburgu, por edhe mb\u00ebshtet\u00ebsit e tij n\u00eb Tiran\u00eb, nxituan ta p\u00ebrsh\u00ebndesin si l\u00ebvizje n\u00eb drejtimin e duhur nj\u00eb projektmarr\u00ebveshje, paraqitur n\u00eb em\u00ebr t\u00eb opozit\u00ebs nga Gramoz Ru\u00e7i, p\u00ebr zgjidhjen e kriz\u00ebs politike. Po a \u00ebsht\u00eb v\u00ebrtet kjo nj\u00eb l\u00ebvizje e duhur p\u00ebr opozit\u00ebn? \u00cbsht\u00eb nj\u00eb gj\u00eb q\u00eb ajo duhet ta peshoj\u00eb mir\u00eb. Aq m\u00eb tep\u00ebr kur e thot\u00eb Berisha.<\/p>\n<p style=\"text-align: center;\">* * *<\/p>\n<p>Duket se ajo q\u00eb i ka k\u00ebnaqur \u201cdemokrat\u00ebt\u201d \u00ebsht\u00eb fakti se projektmarr\u00ebveshja e hartuar nga opozita ofron kompromisin q\u00eb p\u00ebr hapjen ose jo t\u00eb kutive t\u00eb flet\u00ebve t\u00eb votimit, t\u00eb jap\u00eb paraprakisht nj\u00eb opinion Komisioni i Venecias. Deri n\u00eb momentin kur opozita e mb\u00ebshteste k\u00ebrkes\u00ebn e saj n\u00eb interpretimin e disa neneve t\u00eb Kodit Zgjedhor, nj\u00eb kompromis i till\u00eb mund t\u00eb gjykohej si l\u00ebvizje e arsyeshme politike. Por n\u00eb momentin kur sapo \u00ebsht\u00eb b\u00ebr\u00eb publik nj\u00eb udh\u00ebzim i KQZ-s\u00eb q\u00eb i klasifikon qartazi flet\u00ebt e votimit si pjes\u00eb e \u201cmaterialit zgjedhor\u201d, l\u00ebvizja e opozit\u00ebs v\u00ebshtir\u00eb t\u00eb mos perceptohet si nj\u00eb l\u00ebshim q\u00eb i b\u00ebhet kok\u00ebfort\u00ebsis\u00eb dhe arroganc\u00ebs s\u00eb Kryeministrit Berisha.<\/p>\n<p>E megjithat\u00eb, e r\u00ebnd\u00ebsishme \u00ebsht\u00eb se si do p\u00ebrdoret nga opozita ky l\u00ebshim q\u00eb mund t\u00eb pag\u00ebzohet kompromis, vet\u00ebm p\u00ebr sa koh\u00eb ajo nuk do t\u00eb braktis\u00eb objektivin e saj, transparenc\u00ebn e zgjedhjeve t\u00eb qershorit 2009 me synim \u00e7montimin e mekanizmit kriminal t\u00eb vjedhjes s\u00eb vot\u00ebs, nj\u00eb mekaniz\u00ebm q\u00eb e \u00e7on pushtetin n\u00eb duart e hajdut\u00ebve. Por p\u00ebr momentin \u201cdemokrat\u00ebt\u201d duken t\u00eb fituar. Sepse Rezoluta e Parlamentit Europian (PE) k\u00ebrkon qartazi q\u00eb t\u00eb hetohet edhe \u201cmateriali zgjedhor\u201d, n\u00eb nj\u00eb koh\u00eb q\u00eb tashm\u00eb kan\u00eb dal\u00eb edhe prova shkresore, edhe t\u00eb vet\u00eb KQZ-s\u00eb, q\u00eb i klasifikojn\u00eb flet\u00ebt e votimit si \u201cmaterial zgjedhor\u201d. \u201cDemokrat\u00ebt\u201d nuk din\u00eb nga t\u2019ia mbajn\u00eb, nuk din\u00eb \u00e7\u2019t\u00eb shpikin m\u00eb p\u00ebr t\u2019i bishtnuar transparenc\u00ebs s\u00eb flet\u00ebve t\u00eb votimit.<\/p>\n<p>Prandaj dhe e perceptojn\u00eb si nj\u00eb shp\u00ebtim, sugjerimin nga opozita q\u00eb p\u00ebr flet\u00ebt e votimit t\u00eb jap\u00eb nj\u00eb opinion Komisioni i Venecias. Me shum\u00eb gjasa duan t\u00eb fitojn\u00eb koh\u00eb p\u00ebr ta shtyr\u00eb sa m\u00eb shum\u00eb momentin e transparenc\u00ebs, q\u00eb duket se mund t\u00eb rezultoj\u00eb fatal p\u00ebr ta. Gjithsesi, n\u00ebse opozita i q\u00ebndron e pal\u00ebkundur k\u00ebrkes\u00ebs s\u00eb saj, n\u00eb afatgjat\u00eb Berisha dhe t\u00eb tijt\u00eb jan\u00eb t\u00eb humbur. Se edhe n\u00ebse puna do t\u00eb shkoj\u00eb deri n\u00eb Komisionin e Venecias, ka shum\u00eb pak gjasa q\u00eb ai t\u00eb jap\u00eb opinion p\u00ebr moshapjen e kutive me flet\u00eb votimi kur ato klasifikohen qartazi nga legjislacioni shqiptar si pjes\u00eb e \u201cmaterialit zgjedhor\u201d q\u00eb rekomandohet p\u00ebr t\u2019u hetuar edhe nga PE.<\/p>\n<p>\u00c7do pozicionim tjet\u00ebr do qe mjaft diskreditues p\u00ebr k\u00ebt\u00eb institucion, ve\u00e7an\u00ebrisht pas atyre opinioneve mjaft t\u00eb turbullta q\u00eb ai dha lidhur me amendimin e Kushtetut\u00ebs s\u00eb Republik\u00ebs s\u00eb Shqip\u00ebris\u00eb apo lidhur me referendumin p\u00ebr k\u00ebto amendime. N\u00eb fakt, Komisioni i Venecias do t\u00eb detyrohej t\u00eb nd\u00ebrtonte nj\u00eb opinion jo vet\u00ebm mbi k\u00ebrkes\u00ebn e opozit\u00ebs shqiptare, por edhe mbi vet\u00eb rezolut\u00ebn e PE-s\u00eb q\u00eb k\u00ebrkon hetimin e \u201cmaterialit zgjedhor\u201d. Por pavar\u00ebsisht k\u00ebtyre gjasave, shpresat e Berish\u00ebs p\u00ebr shp\u00ebtim ngrihen mbi nj\u00eb tjet\u00ebr faktor q\u00eb ai ka dituar ta administroj\u00eb gjithnj\u00eb n\u00eb favor t\u00eb tij n\u00eb momente t\u00eb v\u00ebshtira. Ky faktor \u00ebsht\u00eb koha.<\/p>\n<p>Tashm\u00eb kur gj\u00ebrat po ecin n\u00eb favor t\u00eb kauz\u00ebs opozitare t\u00eb transparenc\u00ebs, taktika e Berish\u00ebs \u00ebsht\u00eb ta b\u00ebj\u00eb at\u00eb t\u00eb harxhoj\u00eb sa m\u00eb shum\u00eb koh\u00eb me debate t\u00eb kota. Ai synon ta zvarris\u00eb procesin deri n\u00eb momentin kur do jen\u00eb vet\u00eb zhvillimet politike ato q\u00eb do e zbehin vler\u00ebn e kauz\u00ebs opozitare. Nj\u00eb zhvillim i till\u00eb mund t\u00eb jen\u00eb zgjedhjet e ardhshme lokale q\u00eb pritet t\u00eb zhvillohen p\u00ebr m\u00eb pak se nj\u00eb vit. N\u00ebse Berisha hyn n\u00eb ato zgjedhje me makin\u00ebn e vjedhjes s\u00eb vot\u00ebs t\u00eb pademaskuar, e \u00e7montuar nga hetimi parlamentar, at\u00ebher\u00eb v\u00ebshtir\u00eb t\u00eb parashikosh se cilat mund t\u00eb jen\u00eb rrjedhojat dhe situata pas zgjedhjeve lokale.<\/p>\n<p>Por v\u00ebshtir\u00eb se kauza e transparenc\u00ebs do t\u2019i rezistonte dot nj\u00eb Berishe q\u00eb mund t\u00eb rezultonte p\u00ebrs\u00ebri fitimtar me an\u00eb t\u00eb t\u00eb nj\u00ebjtit mekaniz\u00ebm vjedhjeje. Prandaj opozita duhet t\u00eb kusht\u00ebzoj\u00eb pjes\u00ebmarrjen n\u00eb zgjedhjet e ardhshme lokale me realizmin paraprak t\u00eb transparenc\u00ebs s\u00eb zgjedhjeve t\u00eb vitit 2009. Pa nj\u00eb transparenc\u00eb t\u00eb till\u00eb, loja mbi votat nuk ka se si t\u00eb mos p\u00ebrs\u00ebritet, i t\u00ebr\u00eb sistemi zgjedhor do t\u00eb hynte edhe m\u00eb keq n\u00eb kolaps dhe kriza do t\u00eb b\u00ebhej edhe m\u00eb e r\u00ebnd\u00eb, edhe m\u00eb e pazgjidhshme.<\/p>\n<p style=\"text-align: center;\">* * *<\/p>\n<p>Duket se opozita e ndjen prirjen e Berish\u00ebs prandaj edhe nd\u00ebrsa b\u00ebnte publike projektmarr\u00ebveshjen e paraqitur, Gramoz Ru\u00e7i b\u00ebri t\u00eb qart\u00eb se opozita nuk do t\u00eb priste gjat\u00eb. P\u00ebrkundrazi, pasi n\u00ebnvizoi nevoj\u00ebn e veprimit me urgjenc\u00eb, Ru\u00e7i deklaroi se opozita do t\u2019u rikthehet protestave n\u00ebse pozita nuk do t\u00eb tregonte vullnet t\u00eb menj\u00ebhersh\u00ebm p\u00ebr ngritjen dhe funksionimin e komisionit hetimor parlamentar, si akti i par\u00eb i seanc\u00ebs s\u00eb par\u00eb t\u00eb Kuvendit n\u00eb shtatorin q\u00eb vjen. Dhe nuk jan\u00eb t\u00eb pakta gjasat q\u00eb t\u00eb ndodh\u00eb pik\u00ebrisht k\u00ebshtu.<\/p>\n<p>Po t\u00eb mbajm\u00eb parasysh se kutit\u00eb fshehin di\u00e7ka shum\u00eb t\u00eb r\u00ebnd\u00eb p\u00ebr Berish\u00ebn dhe pushtetin e tij (po t\u00eb qe ndryshe ai do kish vrapuar t\u00eb hapte kutit\u00eb q\u00eb nj\u00eb vit m\u00eb par\u00eb), ka shum\u00eb t\u00eb ngjar\u00eb q\u00eb ai t\u00eb p\u00ebrpiqet t\u00eb fitoj\u00eb koh\u00eb duke diskutuar, p\u00ebr shembull, se kush ka t\u00eb drejt\u00eb t\u2019i b\u00ebj\u00eb k\u00ebrkes\u00eb Komisionit t\u00eb Venecias, opozita, pozita, Presidenti i Republik\u00ebs apo Kryetarja e Kuvendit dhe t\u00eb tjera bro\u00e7kulla si k\u00ebto. Veqil\u00ebt e Berish\u00ebs e kan\u00eb treguar se jan\u00eb mjeshtra p\u00ebr t\u00eb gjetur y\u00e7kla \u201cligjore\u201d p\u00ebr t\u00eb bllokuar transparenc\u00ebn dhe drejt\u00ebsin\u00eb.<\/p>\n<p>Nd\u00ebrkaq ka edhe masha t\u00eb tjera t\u00eb gatshme q\u00eb mund t\u00eb p\u00ebrdoren p\u00ebr t\u00eb turbulluar p\u00ebrs\u00ebri uj\u00ebrat. Nj\u00eb nga k\u00ebto \u00ebsht\u00eb edhe KQZ. Berisha mund ta p\u00ebrdor\u00eb k\u00ebt\u00eb institucion p\u00ebr t\u00eb prishur gjith\u00eb skem\u00ebn e marr\u00ebveshjes me opozit\u00ebn dhe p\u00ebrs\u00ebri t\u00eb laj\u00eb duart duke th\u00ebn\u00eb se ai nuk mund t\u00eb komandoj\u00eb nj\u00eb institucion \u201ct\u00eb pavarur\u201d, por q\u00eb praktikisht komandohet prej tij. Dhe shenjat e nj\u00eb skenari t\u00eb till\u00eb kan\u00eb nisur t\u00eb shfaqen q\u00eb kur beniamini i Berish\u00ebs, kryetari i KQZ, Arben Ristani, del dhe deklaron se do t\u00eb djeg\u00eb flet\u00ebt e votimit sapo Presidenti i Republik\u00ebs t\u00eb deklaroj\u00eb dat\u00ebn e zgjedhjeve t\u00eb ardhshme.<\/p>\n<p>Pasi ka mbrojtur p\u00ebr nj\u00eb vit rresht kauz\u00ebn e Berish\u00ebs kund\u00ebr transparenc\u00ebs s\u00eb flet\u00ebve t\u00eb votimit, nj\u00eb kauz\u00eb q\u00eb po rezulton se \u00ebsht\u00eb n\u00eb kund\u00ebrshtim t\u00eb hapur edhe me vet\u00eb aktet q\u00eb ka nxjerr\u00eb KQZ q\u00eb ai vet\u00eb kryeson, Ristani vazhdon t\u00eb luaj\u00eb \u201ct\u00eb pavarurin\u201d, i gatsh\u00ebm t\u00eb p\u00ebrdor\u00eb n\u00eb interes t\u00eb pushtetit berishist fishekun e fundit kund\u00ebr transparenc\u00ebs, djegien e flet\u00ebve t\u00eb votimit. Prandaj edhe projektmarr\u00ebveshja e propozuar nga opozita duhet t\u2019i marr\u00eb n\u00eb konsiderat\u00eb t\u00eb gjith\u00eb k\u00ebta skenar\u00eb q\u00eb, n\u00ebse neglizhohen, mund t\u00eb rezultoj\u00eb fatal\u00eb p\u00ebr t\u00eb, dhe jo vet\u00ebm p\u00ebr, por shp\u00ebtimtar\u00eb p\u00ebr Berish\u00ebn dhe sistemin e vjedhjes s\u00eb vot\u00ebs n\u00eb Shqip\u00ebri.<\/p>\n","protected":false},"excerpt":{"rendered":"<p>Andrea Stefani Po b\u00ebhet e qart\u00eb si drita e diellit se k\u00ebmb\u00ebngulja e pozit\u00ebs p\u00ebr t\u00eb mos hapur kutit\u00eb e flet\u00ebve t\u00eb votimit, me pretendimin se ato nuk p\u00ebrfshihen n\u00eb materialin zgjedhor, nuk q\u00ebndron dhe \u00ebsht\u00eb nj\u00eb p\u00ebrpjekje e kund\u00ebrligjshme p\u00ebr t\u00eb bllokuar transparenc\u00ebn \u201cme ligj\u201d. P\u00ebr t\u00eb kund\u00ebrshtuar k\u00ebt\u00eb alibi t\u00eb qeveris\u00eb, kritik\u00ebt e [&hellip;]<\/p>\n","protected":false},"author":1,"featured_media":0,"comment_status":"open","ping_status":"closed","sticky":false,"template":"","format":"standard","meta":{"footnotes":""},"categories":[2],"tags":[],"class_list":{"0":"post-3877","1":"post","2":"type-post","3":"status-publish","4":"format-standard","6":"category-artikuj"},"yoast_head":"<!-- This site is optimized with the Yoast SEO plugin v27.4 - https:\/\/yoast.com\/product\/yoast-seo-wordpress\/ -->\n<title>DRIT\u00cbHIJET E MARR\u00cbVESHJES PD-PS - FjALA e LIR\u00cb - Arkivi<\/title>\n<meta name=\"robots\" content=\"index, follow, max-snippet:-1, max-image-preview:large, max-video-preview:-1\" \/>\n<link rel=\"canonical\" href=\"https:\/\/fjala.info\/2009-2015\/dritehijet-e-marreveshjes-pd-ps\/\" \/>\n<meta property=\"og:locale\" content=\"sq_AL\" \/>\n<meta property=\"og:type\" content=\"article\" \/>\n<meta property=\"og:title\" content=\"DRIT\u00cbHIJET E MARR\u00cbVESHJES PD-PS - FjALA e LIR\u00cb - Arkivi\" \/>\n<meta property=\"og:description\" content=\"Andrea Stefani Po b\u00ebhet e qart\u00eb si drita e diellit se k\u00ebmb\u00ebngulja e pozit\u00ebs p\u00ebr t\u00eb mos hapur kutit\u00eb e flet\u00ebve t\u00eb votimit, me pretendimin se ato nuk p\u00ebrfshihen n\u00eb materialin zgjedhor, nuk q\u00ebndron dhe \u00ebsht\u00eb nj\u00eb p\u00ebrpjekje e kund\u00ebrligjshme p\u00ebr t\u00eb bllokuar transparenc\u00ebn \u201cme ligj\u201d. P\u00ebr t\u00eb kund\u00ebrshtuar k\u00ebt\u00eb alibi t\u00eb qeveris\u00eb, kritik\u00ebt e [&hellip;]\" \/>\n<meta property=\"og:url\" content=\"https:\/\/fjala.info\/2009-2015\/dritehijet-e-marreveshjes-pd-ps\/\" \/>\n<meta property=\"og:site_name\" content=\"FjALA e LIR\u00cb - Arkivi\" \/>\n<meta property=\"article:published_time\" content=\"2010-08-30T22:21:41+00:00\" \/>\n<meta property=\"og:image\" content=\"http:\/\/www.shkoder.net\/images\/fjala\/andrea_stefani.jpg\" \/>\n<meta name=\"author\" content=\"admin\" \/>\n<meta name=\"twitter:card\" content=\"summary_large_image\" \/>\n<meta name=\"twitter:label1\" content=\"Written by\" \/>\n\t<meta name=\"twitter:data1\" content=\"admin\" \/>\n\t<meta name=\"twitter:label2\" content=\"Est. reading time\" \/>\n\t<meta name=\"twitter:data2\" content=\"8 minutes\" \/>\n<script type=\"application\/ld+json\" class=\"yoast-schema-graph\">{\"@context\":\"https:\\\/\\\/schema.org\",\"@graph\":[{\"@type\":\"Article\",\"@id\":\"https:\\\/\\\/fjala.info\\\/2009-2015\\\/dritehijet-e-marreveshjes-pd-ps\\\/#article\",\"isPartOf\":{\"@id\":\"https:\\\/\\\/fjala.info\\\/2009-2015\\\/dritehijet-e-marreveshjes-pd-ps\\\/\"},\"author\":{\"name\":\"admin\",\"@id\":\"https:\\\/\\\/fjala.info\\\/2009-2015\\\/#\\\/schema\\\/person\\\/3aa1163ef05469c496fc94e77611ada2\"},\"headline\":\"DRIT\u00cbHIJET E MARR\u00cbVESHJES PD-PS\",\"datePublished\":\"2010-08-30T22:21:41+00:00\",\"mainEntityOfPage\":{\"@id\":\"https:\\\/\\\/fjala.info\\\/2009-2015\\\/dritehijet-e-marreveshjes-pd-ps\\\/\"},\"wordCount\":1520,\"commentCount\":0,\"publisher\":{\"@id\":\"https:\\\/\\\/fjala.info\\\/2009-2015\\\/#organization\"},\"image\":{\"@id\":\"https:\\\/\\\/fjala.info\\\/2009-2015\\\/dritehijet-e-marreveshjes-pd-ps\\\/#primaryimage\"},\"thumbnailUrl\":\"http:\\\/\\\/www.shkoder.net\\\/images\\\/fjala\\\/andrea_stefani.jpg\",\"articleSection\":[\"Artikuj\"],\"inLanguage\":\"sq-AL\",\"potentialAction\":[{\"@type\":\"CommentAction\",\"name\":\"Comment\",\"target\":[\"https:\\\/\\\/fjala.info\\\/2009-2015\\\/dritehijet-e-marreveshjes-pd-ps\\\/#respond\"]}]},{\"@type\":\"WebPage\",\"@id\":\"https:\\\/\\\/fjala.info\\\/2009-2015\\\/dritehijet-e-marreveshjes-pd-ps\\\/\",\"url\":\"https:\\\/\\\/fjala.info\\\/2009-2015\\\/dritehijet-e-marreveshjes-pd-ps\\\/\",\"name\":\"DRIT\u00cbHIJET E MARR\u00cbVESHJES PD-PS - FjALA e LIR\u00cb - Arkivi\",\"isPartOf\":{\"@id\":\"https:\\\/\\\/fjala.info\\\/2009-2015\\\/#website\"},\"primaryImageOfPage\":{\"@id\":\"https:\\\/\\\/fjala.info\\\/2009-2015\\\/dritehijet-e-marreveshjes-pd-ps\\\/#primaryimage\"},\"image\":{\"@id\":\"https:\\\/\\\/fjala.info\\\/2009-2015\\\/dritehijet-e-marreveshjes-pd-ps\\\/#primaryimage\"},\"thumbnailUrl\":\"http:\\\/\\\/www.shkoder.net\\\/images\\\/fjala\\\/andrea_stefani.jpg\",\"datePublished\":\"2010-08-30T22:21:41+00:00\",\"breadcrumb\":{\"@id\":\"https:\\\/\\\/fjala.info\\\/2009-2015\\\/dritehijet-e-marreveshjes-pd-ps\\\/#breadcrumb\"},\"inLanguage\":\"sq-AL\",\"potentialAction\":[{\"@type\":\"ReadAction\",\"target\":[\"https:\\\/\\\/fjala.info\\\/2009-2015\\\/dritehijet-e-marreveshjes-pd-ps\\\/\"]}]},{\"@type\":\"ImageObject\",\"inLanguage\":\"sq-AL\",\"@id\":\"https:\\\/\\\/fjala.info\\\/2009-2015\\\/dritehijet-e-marreveshjes-pd-ps\\\/#primaryimage\",\"url\":\"http:\\\/\\\/www.shkoder.net\\\/images\\\/fjala\\\/andrea_stefani.jpg\",\"contentUrl\":\"http:\\\/\\\/www.shkoder.net\\\/images\\\/fjala\\\/andrea_stefani.jpg\"},{\"@type\":\"BreadcrumbList\",\"@id\":\"https:\\\/\\\/fjala.info\\\/2009-2015\\\/dritehijet-e-marreveshjes-pd-ps\\\/#breadcrumb\",\"itemListElement\":[{\"@type\":\"ListItem\",\"position\":1,\"name\":\"Home\",\"item\":\"https:\\\/\\\/fjala.info\\\/2009-2015\\\/\"},{\"@type\":\"ListItem\",\"position\":2,\"name\":\"DRIT\u00cbHIJET E MARR\u00cbVESHJES PD-PS\"}]},{\"@type\":\"WebSite\",\"@id\":\"https:\\\/\\\/fjala.info\\\/2009-2015\\\/#website\",\"url\":\"https:\\\/\\\/fjala.info\\\/2009-2015\\\/\",\"name\":\"FjALA e LIR\u00cb - Arkivi\",\"description\":\"Arkivi 2009-2015\",\"publisher\":{\"@id\":\"https:\\\/\\\/fjala.info\\\/2009-2015\\\/#organization\"},\"potentialAction\":[{\"@type\":\"SearchAction\",\"target\":{\"@type\":\"EntryPoint\",\"urlTemplate\":\"https:\\\/\\\/fjala.info\\\/2009-2015\\\/?s={search_term_string}\"},\"query-input\":{\"@type\":\"PropertyValueSpecification\",\"valueRequired\":true,\"valueName\":\"search_term_string\"}}],\"inLanguage\":\"sq-AL\"},{\"@type\":\"Organization\",\"@id\":\"https:\\\/\\\/fjala.info\\\/2009-2015\\\/#organization\",\"name\":\"FjALA e LIR\u00cb - Arkivi\",\"url\":\"https:\\\/\\\/fjala.info\\\/2009-2015\\\/\",\"logo\":{\"@type\":\"ImageObject\",\"inLanguage\":\"sq-AL\",\"@id\":\"https:\\\/\\\/fjala.info\\\/2009-2015\\\/#\\\/schema\\\/logo\\\/image\\\/\",\"url\":\"\",\"contentUrl\":\"\",\"caption\":\"FjALA e LIR\u00cb - Arkivi\"},\"image\":{\"@id\":\"https:\\\/\\\/fjala.info\\\/2009-2015\\\/#\\\/schema\\\/logo\\\/image\\\/\"}},{\"@type\":\"Person\",\"@id\":\"https:\\\/\\\/fjala.info\\\/2009-2015\\\/#\\\/schema\\\/person\\\/3aa1163ef05469c496fc94e77611ada2\",\"name\":\"admin\",\"image\":{\"@type\":\"ImageObject\",\"inLanguage\":\"sq-AL\",\"@id\":\"https:\\\/\\\/fjala.info\\\/2009-2015\\\/wp-content\\\/uploads\\\/2012\\\/02\\\/arben_cokaj-120x150.jpg\",\"url\":\"https:\\\/\\\/fjala.info\\\/2009-2015\\\/wp-content\\\/uploads\\\/2012\\\/02\\\/arben_cokaj-120x150.jpg\",\"contentUrl\":\"https:\\\/\\\/fjala.info\\\/2009-2015\\\/wp-content\\\/uploads\\\/2012\\\/02\\\/arben_cokaj-120x150.jpg\",\"caption\":\"admin\"},\"description\":\"Admin, Fjala e Lir\u00eb\",\"sameAs\":[\"https:\\\/\\\/fjala.info\\\/\"],\"url\":\"https:\\\/\\\/fjala.info\\\/2009-2015\\\/author\\\/admin\\\/\"}]}<\/script>\n<!-- \/ Yoast SEO plugin. -->","yoast_head_json":{"title":"DRIT\u00cbHIJET E MARR\u00cbVESHJES PD-PS - FjALA e LIR\u00cb - Arkivi","robots":{"index":"index","follow":"follow","max-snippet":"max-snippet:-1","max-image-preview":"max-image-preview:large","max-video-preview":"max-video-preview:-1"},"canonical":"https:\/\/fjala.info\/2009-2015\/dritehijet-e-marreveshjes-pd-ps\/","og_locale":"sq_AL","og_type":"article","og_title":"DRIT\u00cbHIJET E MARR\u00cbVESHJES PD-PS - FjALA e LIR\u00cb - Arkivi","og_description":"Andrea Stefani Po b\u00ebhet e qart\u00eb si drita e diellit se k\u00ebmb\u00ebngulja e pozit\u00ebs p\u00ebr t\u00eb mos hapur kutit\u00eb e flet\u00ebve t\u00eb votimit, me pretendimin se ato nuk p\u00ebrfshihen n\u00eb materialin zgjedhor, nuk q\u00ebndron dhe \u00ebsht\u00eb nj\u00eb p\u00ebrpjekje e kund\u00ebrligjshme p\u00ebr t\u00eb bllokuar transparenc\u00ebn \u201cme ligj\u201d. P\u00ebr t\u00eb kund\u00ebrshtuar k\u00ebt\u00eb alibi t\u00eb qeveris\u00eb, kritik\u00ebt e [&hellip;]","og_url":"https:\/\/fjala.info\/2009-2015\/dritehijet-e-marreveshjes-pd-ps\/","og_site_name":"FjALA e LIR\u00cb - Arkivi","article_published_time":"2010-08-30T22:21:41+00:00","og_image":[{"url":"http:\/\/www.shkoder.net\/images\/fjala\/andrea_stefani.jpg","type":"","width":"","height":""}],"author":"admin","twitter_card":"summary_large_image","twitter_misc":{"Written by":"admin","Est. reading time":"8 minutes"},"schema":{"@context":"https:\/\/schema.org","@graph":[{"@type":"Article","@id":"https:\/\/fjala.info\/2009-2015\/dritehijet-e-marreveshjes-pd-ps\/#article","isPartOf":{"@id":"https:\/\/fjala.info\/2009-2015\/dritehijet-e-marreveshjes-pd-ps\/"},"author":{"name":"admin","@id":"https:\/\/fjala.info\/2009-2015\/#\/schema\/person\/3aa1163ef05469c496fc94e77611ada2"},"headline":"DRIT\u00cbHIJET E MARR\u00cbVESHJES PD-PS","datePublished":"2010-08-30T22:21:41+00:00","mainEntityOfPage":{"@id":"https:\/\/fjala.info\/2009-2015\/dritehijet-e-marreveshjes-pd-ps\/"},"wordCount":1520,"commentCount":0,"publisher":{"@id":"https:\/\/fjala.info\/2009-2015\/#organization"},"image":{"@id":"https:\/\/fjala.info\/2009-2015\/dritehijet-e-marreveshjes-pd-ps\/#primaryimage"},"thumbnailUrl":"http:\/\/www.shkoder.net\/images\/fjala\/andrea_stefani.jpg","articleSection":["Artikuj"],"inLanguage":"sq-AL","potentialAction":[{"@type":"CommentAction","name":"Comment","target":["https:\/\/fjala.info\/2009-2015\/dritehijet-e-marreveshjes-pd-ps\/#respond"]}]},{"@type":"WebPage","@id":"https:\/\/fjala.info\/2009-2015\/dritehijet-e-marreveshjes-pd-ps\/","url":"https:\/\/fjala.info\/2009-2015\/dritehijet-e-marreveshjes-pd-ps\/","name":"DRIT\u00cbHIJET E MARR\u00cbVESHJES PD-PS - FjALA e LIR\u00cb - Arkivi","isPartOf":{"@id":"https:\/\/fjala.info\/2009-2015\/#website"},"primaryImageOfPage":{"@id":"https:\/\/fjala.info\/2009-2015\/dritehijet-e-marreveshjes-pd-ps\/#primaryimage"},"image":{"@id":"https:\/\/fjala.info\/2009-2015\/dritehijet-e-marreveshjes-pd-ps\/#primaryimage"},"thumbnailUrl":"http:\/\/www.shkoder.net\/images\/fjala\/andrea_stefani.jpg","datePublished":"2010-08-30T22:21:41+00:00","breadcrumb":{"@id":"https:\/\/fjala.info\/2009-2015\/dritehijet-e-marreveshjes-pd-ps\/#breadcrumb"},"inLanguage":"sq-AL","potentialAction":[{"@type":"ReadAction","target":["https:\/\/fjala.info\/2009-2015\/dritehijet-e-marreveshjes-pd-ps\/"]}]},{"@type":"ImageObject","inLanguage":"sq-AL","@id":"https:\/\/fjala.info\/2009-2015\/dritehijet-e-marreveshjes-pd-ps\/#primaryimage","url":"http:\/\/www.shkoder.net\/images\/fjala\/andrea_stefani.jpg","contentUrl":"http:\/\/www.shkoder.net\/images\/fjala\/andrea_stefani.jpg"},{"@type":"BreadcrumbList","@id":"https:\/\/fjala.info\/2009-2015\/dritehijet-e-marreveshjes-pd-ps\/#breadcrumb","itemListElement":[{"@type":"ListItem","position":1,"name":"Home","item":"https:\/\/fjala.info\/2009-2015\/"},{"@type":"ListItem","position":2,"name":"DRIT\u00cbHIJET E MARR\u00cbVESHJES PD-PS"}]},{"@type":"WebSite","@id":"https:\/\/fjala.info\/2009-2015\/#website","url":"https:\/\/fjala.info\/2009-2015\/","name":"FjALA e LIR\u00cb - Arkivi","description":"Arkivi 2009-2015","publisher":{"@id":"https:\/\/fjala.info\/2009-2015\/#organization"},"potentialAction":[{"@type":"SearchAction","target":{"@type":"EntryPoint","urlTemplate":"https:\/\/fjala.info\/2009-2015\/?s={search_term_string}"},"query-input":{"@type":"PropertyValueSpecification","valueRequired":true,"valueName":"search_term_string"}}],"inLanguage":"sq-AL"},{"@type":"Organization","@id":"https:\/\/fjala.info\/2009-2015\/#organization","name":"FjALA e LIR\u00cb - Arkivi","url":"https:\/\/fjala.info\/2009-2015\/","logo":{"@type":"ImageObject","inLanguage":"sq-AL","@id":"https:\/\/fjala.info\/2009-2015\/#\/schema\/logo\/image\/","url":"","contentUrl":"","caption":"FjALA e LIR\u00cb - Arkivi"},"image":{"@id":"https:\/\/fjala.info\/2009-2015\/#\/schema\/logo\/image\/"}},{"@type":"Person","@id":"https:\/\/fjala.info\/2009-2015\/#\/schema\/person\/3aa1163ef05469c496fc94e77611ada2","name":"admin","image":{"@type":"ImageObject","inLanguage":"sq-AL","@id":"https:\/\/fjala.info\/2009-2015\/wp-content\/uploads\/2012\/02\/arben_cokaj-120x150.jpg","url":"https:\/\/fjala.info\/2009-2015\/wp-content\/uploads\/2012\/02\/arben_cokaj-120x150.jpg","contentUrl":"https:\/\/fjala.info\/2009-2015\/wp-content\/uploads\/2012\/02\/arben_cokaj-120x150.jpg","caption":"admin"},"description":"Admin, Fjala e Lir\u00eb","sameAs":["https:\/\/fjala.info\/"],"url":"https:\/\/fjala.info\/2009-2015\/author\/admin\/"}]}},"_links":{"self":[{"href":"https:\/\/fjala.info\/2009-2015\/wp-json\/wp\/v2\/posts\/3877","targetHints":{"allow":["GET"]}}],"collection":[{"href":"https:\/\/fjala.info\/2009-2015\/wp-json\/wp\/v2\/posts"}],"about":[{"href":"https:\/\/fjala.info\/2009-2015\/wp-json\/wp\/v2\/types\/post"}],"author":[{"embeddable":true,"href":"https:\/\/fjala.info\/2009-2015\/wp-json\/wp\/v2\/users\/1"}],"replies":[{"embeddable":true,"href":"https:\/\/fjala.info\/2009-2015\/wp-json\/wp\/v2\/comments?post=3877"}],"version-history":[{"count":0,"href":"https:\/\/fjala.info\/2009-2015\/wp-json\/wp\/v2\/posts\/3877\/revisions"}],"wp:attachment":[{"href":"https:\/\/fjala.info\/2009-2015\/wp-json\/wp\/v2\/media?parent=3877"}],"wp:term":[{"taxonomy":"category","embeddable":true,"href":"https:\/\/fjala.info\/2009-2015\/wp-json\/wp\/v2\/categories?post=3877"},{"taxonomy":"post_tag","embeddable":true,"href":"https:\/\/fjala.info\/2009-2015\/wp-json\/wp\/v2\/tags?post=3877"}],"curies":[{"name":"wp","href":"https:\/\/api.w.org\/{rel}","templated":true}]}}