{"id":3869,"date":"2010-08-26T09:21:39","date_gmt":"2010-08-26T08:21:39","guid":{"rendered":"http:\/\/fjala.shkoder.net\/?p=3869"},"modified":"2010-08-26T09:21:39","modified_gmt":"2010-08-26T08:21:39","slug":"berisha-dhe-stili-politik-i-opozites","status":"publish","type":"post","link":"https:\/\/fjala.info\/2009-2015\/berisha-dhe-stili-politik-i-opozites\/","title":{"rendered":"Berisha dhe stili politik i opozit\u00ebs"},"content":{"rendered":"<p><img decoding=\"async\" class=\"alignleft size-thumbnail wp-image-3870\" title=\"Mentor Nazarko\" src=\"http:\/\/fjala.shkoder.net\/wp-content\/uploads\/2010\/08\/mentor_nazarko-150x140.jpg\" alt=\"\" width=\"100\" \/><\/p>\n<p>nga <strong>MENTOR NAZARKO<\/strong> <em>25 Gusht 2010<\/em><\/p>\n<p>Fushata e akuzave t\u00eb nd\u00ebrsjella p\u00ebr korrupsion midis opozit\u00ebs dhe shumic\u00ebs n\u00eb pushtet ka arritur n\u00eb nj\u00eb moment t\u00eb paneglizhuesh\u00ebm q\u00eb meriton v\u00ebmendje. P\u00ebr m\u00eb shum\u00eb, dit\u00ebt e fundit doli n\u00eb vet\u00eb t\u00eb par\u00eb n\u00eb fush\u00ebn e betej\u00ebs Kryeministri Berisha. Themi n\u00eb vet\u00eb t\u00eb par\u00eb, pasi duke njohur teknologjin\u00eb e tij t\u00eb marr\u00ebdh\u00ebnieve publike, stilin e tij prej shkrimtari t\u00eb munguar, n\u00eb t\u00eb gjitha deklarimet e deputet\u00ebve t\u00eb PD-s\u00eb, pa asnj\u00eb dyshim, \u00ebsht\u00eb dora e tij.<\/p>\n<p>N\u00eb gjith\u00eb angazhimin e tyre, n\u00eb p\u00ebrzgjedhjen e fytyrave t\u00eb reja q\u00eb duhet t\u00eb japin m\u00eb shum\u00eb prova besnik\u00ebrie, q\u00ebndron gjithashtu mendja e tij. Q\u00ebllimi i par\u00eb i duksh\u00ebm i tij \u00ebsht\u00eb manipulimi i opinionit publik n\u00ebp\u00ebrmjet kumtimit t\u00eb akuzave t\u00eb forta prej fytyrave t\u00eb pakonsumuara. Por q\u00ebllimi tjet\u00ebr, m\u00eb i r\u00ebnd\u00ebsishmi, duket se \u00ebsht\u00eb ruajtja, mosafishimi i tij n\u00eb nj\u00eb betej\u00eb nga ku mund t\u00eb haj\u00eb topa balte direkt n\u00eb fytyr\u00eb dhe l\u00ebnia e hap\u00ebsir\u00ebs p\u00ebr t\u00eb individualisht p\u00ebr negociatat e ardhshme n\u00eb lidhje me problemet e zgjedhjeve t\u00eb shkuara&#8230;<\/p>\n<p>Por \u00e7far\u00eb tha Berisha? Dhe \u00e7far\u00eb sjell t\u00eb re kjo betej\u00eb n\u00eb pik\u00ebpamje politike, t\u00eb stilit t\u00eb t\u00eb b\u00ebrit opozit\u00eb dhe n\u00eb pik\u00ebpamje juridike?<\/p>\n<p>Kryeministri pranoi n\u00eb m\u00ebnyr\u00eb implicite se n\u00eb deklarimin e pasuris\u00eb s\u00eb zonj\u00ebs Albana Vokshi ka probleme. Nd\u00ebrkaq ai n\u00ebnvizoi se ato vijn\u00eb prej munges\u00ebs s\u00eb nj\u00eb ligji t\u00eb p\u00ebrshtatsh\u00ebm p\u00ebr deklarimin e pasuris\u00eb s\u00eb atyre, q\u00eb ai i quajti &#8220;partner\u00eb&#8221; t\u00eb subjekteve t\u00eb detyruar p\u00ebr deklarimin e pasuris\u00eb. Ky justifikim n\u00eb fakt \u00ebsht\u00eb i g\u00ebnjesht\u00ebrt. Ligji n\u00eb fuqi detyron deklarimin e pasuris\u00eb edhe t\u00eb partner\u00ebve, megjith\u00ebse nuk p\u00ebrdor fjal\u00ebn &#8220;partner\u00eb&#8221;, por &#8220;persona t\u00eb lidhur&#8221;.<\/p>\n<p>N\u00eb nenin 1, ashtu edhe n\u00eb nenin 21 t\u00eb ligjit nr.9049, dat\u00eb 10.4.2003 flitet p\u00ebr persona t\u00eb lidhur dhe kjo n\u00ebnkupton edhe partnerin familjar, bashk\u00ebjetuesin, etj. I gjendur para reporter\u00ebsh q\u00eb konsumojn\u00eb pa p\u00ebrtypur &#8220;ushqime t\u00eb tilla&#8221;, Kryeministri e hodhi lumin n\u00eb lidhje me akuzat q\u00eb opozita po u b\u00ebn prej koh\u00ebsh njer\u00ebzve t\u00eb tij m\u00eb t\u00eb af\u00ebrt. Sigurisht u kujdes q\u00eb t\u00eb mos e ekstremizonte shum\u00eb loj\u00ebn, n\u00eb m\u00ebnyr\u00eb q\u00eb t\u00eb mos b\u00ebhej dhe ai bashk\u00eb me familjen e tij subjekt i sulmeve t\u00eb ardhshme t\u00eb opozit\u00ebs.<\/p>\n<p>N\u00eb fakt, as opozita nuk duket se h\u00ebp\u00ebrh\u00eb ka nd\u00ebrmend t\u00eb sulmoj\u00eb Kryeministrin drejtp\u00ebrdrejt. Ajo po e godet n\u00eb rrethin m\u00eb t\u00eb af\u00ebrt t\u00eb njer\u00ebzve t\u00eb tij, ndoshta p\u00ebr ta detyruar at\u00eb t\u00eb b\u00ebj\u00eb koncesione p\u00ebr rihapjen e \u00e7\u00ebshtjes s\u00eb kutive dhe reform\u00ebs zgjedhore. K\u00ebtu hym\u00eb n\u00eb konsiderata politike t\u00eb k\u00ebsaj beteje- q\u00ebllimi i opozit\u00ebs.<\/p>\n<p>Opozita po godet njer\u00ebzit e shumic\u00ebs edhe n\u00eb nj\u00eb p\u00ebrpjekje p\u00ebr ta rishpikur veten n\u00eb nj\u00eb qasje m\u00eb t\u00eb fort\u00eb dhe akuzatore ndaj Qeveris\u00eb. Ky \u00ebsht\u00eb nj\u00eb ndryshim i r\u00ebnd\u00ebsish\u00ebm stili politik krahasuar me at\u00eb \u00e7ka ka b\u00ebr\u00eb opozita m\u00eb par\u00eb dhe p\u00ebr k\u00ebt\u00eb arsye shfaqja e saj duhet t\u00eb sillte ndryshime cil\u00ebsore, t\u00eb r\u00ebnd\u00ebsishme, krahasuar me veten, por edhe me pal\u00ebn p\u00ebrball\u00eb.<br \/>\nN\u00eb stilin aktual t\u00eb opozit\u00ebs vihet n\u00eb dukje e nj\u00ebjta prirje me Qeverin\u00eb p\u00ebr t\u00eb shfaqur n\u00eb rol akuzues fytyra t\u00eb reja, t\u00eb ndryshme, t\u00eb shumta si n\u00eb nj\u00eb ansamb\u00ebl.<\/p>\n<p>N\u00eb pik\u00ebpamje t\u00eb PR-it, k\u00ebtu s&#8217;ka asgj\u00eb p\u00ebr t\u00eb qortuar. Ama nj\u00eb pyetje del e ligjshme: njer\u00ebzit q\u00eb dalin p\u00ebr PS-n\u00eb, jan\u00eb t\u00eb bindur kat\u00ebrcip\u00ebrisht p\u00ebr akuzat q\u00eb thon\u00eb, apo nj\u00ebsoj me homolog\u00ebt e tyre t\u00eb PD-s\u00eb, e b\u00ebjn\u00eb pse jua k\u00ebrkon kryetari i tyre, pse duhet t\u00eb rrisin pesh\u00ebn e tyre publike, p\u00ebr tepric\u00eb zell etj.? Do ishim n\u00eb vendnum\u00ebro n\u00eb pik\u00ebpamje t\u00eb stilit, n\u00ebse k\u00ebta njer\u00ebz nuk do kishin bindje n\u00eb akuzat, por thjesht i b\u00ebnin pse e till\u00eb \u00ebsht\u00eb logjika e nj\u00eb partie politike.<\/p>\n<p>Opozita n\u00eb akuzat e veta, megjith\u00ebse po kap\u00ebrcen veten, h\u00ebp\u00ebrh\u00eb mbetet n\u00eb stilin e oponenc\u00ebs s\u00eb b\u00ebr\u00eb nga partia e Berish\u00ebs dikur n\u00eb pakic\u00eb, apo dhe sot edhe p\u00ebr di\u00e7ka tjet\u00ebr. K\u00ebtij stili i mungojn\u00eb referencat ligjore, i mungon qasja ligjore n\u00eb p\u00ebrgjith\u00ebsi.<\/p>\n<p>\u00cbsht\u00eb e v\u00ebrtet\u00eb se n\u00eb nj\u00eb konferenc\u00eb p\u00ebr shtyp nuk mund t\u00eb p\u00ebrmend\u00ebsh vend e pa vend nene ligjesh t\u00eb shkelura nga ata q\u00eb akuzohen. Por megjithat\u00eb, brenda nj\u00eb fushate t\u00eb till\u00eb duhet t\u00eb gjenden forumet m\u00eb t\u00eb p\u00ebrshtatshme p\u00ebr t\u00eb ofruar referenca ligjore &#8211; ka emisione, ka televizione lajmesh ku ke hap\u00ebsir\u00eb p\u00ebr t&#8217;u ofruar di\u00e7ka shtes\u00eb argumenteve politike, apo akuzave politike. Mund t\u00eb gjenden njer\u00ebzit q\u00eb t\u00eb artikulojn\u00eb argumente ligjore.<\/p>\n<p>Qasja ligjore mungon edhe p\u00ebr nj\u00eb arsye tjet\u00ebr. Akuza t\u00eb tilla duhet t\u00eb p\u00ebrfundojn\u00eb n\u00eb organet hetimore. N\u00ebse k\u00ebto organe t\u00eb lodhura me pafund\u00ebsin\u00eb e akuzave t\u00eb nd\u00ebrsjella t\u00eb pal\u00ebve nuk nisin hetimet kryesisht, at\u00ebher\u00eb vet\u00eb opozita duhet t\u00eb l\u00ebviz\u00eb duke i dor\u00ebzuar faktet q\u00eb pretendon n\u00eb prokurori. P\u00ebrndryshe, \u00e7far\u00eb dallimi ka ky stil i t\u00eb b\u00ebrit opozit\u00eb, kjo qasje e fort\u00eb nga ajo e Berish\u00ebs dikur dhe sot, q\u00eb me mij\u00ebra akuza t\u00eb veta patetike i ka d\u00ebnuar hipotetikisht t\u00eb gjith\u00eb rival\u00ebt me disa burgime t\u00eb p\u00ebrjetshme nj\u00ebher\u00ebsh, por n\u00eb realitet s&#8217;kemi asnj\u00eb v\u00ebrtetim ligjor t\u00eb tyre?<\/p>\n","protected":false},"excerpt":{"rendered":"<p>nga MENTOR NAZARKO 25 Gusht 2010 Fushata e akuzave t\u00eb nd\u00ebrsjella p\u00ebr korrupsion midis opozit\u00ebs dhe shumic\u00ebs n\u00eb pushtet ka arritur n\u00eb nj\u00eb moment t\u00eb paneglizhuesh\u00ebm q\u00eb meriton v\u00ebmendje. P\u00ebr m\u00eb shum\u00eb, dit\u00ebt e fundit doli n\u00eb vet\u00eb t\u00eb par\u00eb n\u00eb fush\u00ebn e betej\u00ebs Kryeministri Berisha. Themi n\u00eb vet\u00eb t\u00eb par\u00eb, pasi duke njohur teknologjin\u00eb [&hellip;]<\/p>\n","protected":false},"author":1,"featured_media":0,"comment_status":"open","ping_status":"closed","sticky":false,"template":"","format":"standard","meta":{"footnotes":""},"categories":[2],"tags":[],"class_list":{"0":"post-3869","1":"post","2":"type-post","3":"status-publish","4":"format-standard","6":"category-artikuj"},"yoast_head":"<!-- This site is optimized with the Yoast SEO plugin v27.4 - https:\/\/yoast.com\/product\/yoast-seo-wordpress\/ -->\n<title>Berisha dhe stili politik i opozit\u00ebs - FjALA e LIR\u00cb - Arkivi<\/title>\n<meta name=\"robots\" content=\"index, follow, max-snippet:-1, max-image-preview:large, max-video-preview:-1\" \/>\n<link rel=\"canonical\" href=\"https:\/\/fjala.info\/2009-2015\/berisha-dhe-stili-politik-i-opozites\/\" \/>\n<meta property=\"og:locale\" content=\"sq_AL\" \/>\n<meta property=\"og:type\" content=\"article\" \/>\n<meta property=\"og:title\" content=\"Berisha dhe stili politik i opozit\u00ebs - FjALA e LIR\u00cb - Arkivi\" \/>\n<meta property=\"og:description\" content=\"nga MENTOR NAZARKO 25 Gusht 2010 Fushata e akuzave t\u00eb nd\u00ebrsjella p\u00ebr korrupsion midis opozit\u00ebs dhe shumic\u00ebs n\u00eb pushtet ka arritur n\u00eb nj\u00eb moment t\u00eb paneglizhuesh\u00ebm q\u00eb meriton v\u00ebmendje. P\u00ebr m\u00eb shum\u00eb, dit\u00ebt e fundit doli n\u00eb vet\u00eb t\u00eb par\u00eb n\u00eb fush\u00ebn e betej\u00ebs Kryeministri Berisha. Themi n\u00eb vet\u00eb t\u00eb par\u00eb, pasi duke njohur teknologjin\u00eb [&hellip;]\" \/>\n<meta property=\"og:url\" content=\"https:\/\/fjala.info\/2009-2015\/berisha-dhe-stili-politik-i-opozites\/\" \/>\n<meta property=\"og:site_name\" content=\"FjALA e LIR\u00cb - Arkivi\" \/>\n<meta property=\"article:published_time\" content=\"2010-08-26T08:21:39+00:00\" \/>\n<meta property=\"og:image\" content=\"http:\/\/fjala.shkoder.net\/wp-content\/uploads\/2010\/08\/mentor_nazarko-150x140.jpg\" \/>\n<meta name=\"author\" content=\"admin\" \/>\n<meta name=\"twitter:card\" content=\"summary_large_image\" \/>\n<meta name=\"twitter:label1\" content=\"Written by\" \/>\n\t<meta name=\"twitter:data1\" content=\"admin\" \/>\n\t<meta name=\"twitter:label2\" content=\"Est. reading time\" \/>\n\t<meta name=\"twitter:data2\" content=\"5 minutes\" \/>\n<script type=\"application\/ld+json\" class=\"yoast-schema-graph\">{\"@context\":\"https:\\\/\\\/schema.org\",\"@graph\":[{\"@type\":\"Article\",\"@id\":\"https:\\\/\\\/fjala.info\\\/2009-2015\\\/berisha-dhe-stili-politik-i-opozites\\\/#article\",\"isPartOf\":{\"@id\":\"https:\\\/\\\/fjala.info\\\/2009-2015\\\/berisha-dhe-stili-politik-i-opozites\\\/\"},\"author\":{\"name\":\"admin\",\"@id\":\"https:\\\/\\\/fjala.info\\\/2009-2015\\\/#\\\/schema\\\/person\\\/3aa1163ef05469c496fc94e77611ada2\"},\"headline\":\"Berisha dhe stili politik i opozit\u00ebs\",\"datePublished\":\"2010-08-26T08:21:39+00:00\",\"mainEntityOfPage\":{\"@id\":\"https:\\\/\\\/fjala.info\\\/2009-2015\\\/berisha-dhe-stili-politik-i-opozites\\\/\"},\"wordCount\":969,\"commentCount\":1,\"publisher\":{\"@id\":\"https:\\\/\\\/fjala.info\\\/2009-2015\\\/#organization\"},\"image\":{\"@id\":\"https:\\\/\\\/fjala.info\\\/2009-2015\\\/berisha-dhe-stili-politik-i-opozites\\\/#primaryimage\"},\"thumbnailUrl\":\"http:\\\/\\\/fjala.shkoder.net\\\/wp-content\\\/uploads\\\/2010\\\/08\\\/mentor_nazarko-150x140.jpg\",\"articleSection\":[\"Artikuj\"],\"inLanguage\":\"sq-AL\",\"potentialAction\":[{\"@type\":\"CommentAction\",\"name\":\"Comment\",\"target\":[\"https:\\\/\\\/fjala.info\\\/2009-2015\\\/berisha-dhe-stili-politik-i-opozites\\\/#respond\"]}]},{\"@type\":\"WebPage\",\"@id\":\"https:\\\/\\\/fjala.info\\\/2009-2015\\\/berisha-dhe-stili-politik-i-opozites\\\/\",\"url\":\"https:\\\/\\\/fjala.info\\\/2009-2015\\\/berisha-dhe-stili-politik-i-opozites\\\/\",\"name\":\"Berisha dhe stili politik i opozit\u00ebs - FjALA e LIR\u00cb - Arkivi\",\"isPartOf\":{\"@id\":\"https:\\\/\\\/fjala.info\\\/2009-2015\\\/#website\"},\"primaryImageOfPage\":{\"@id\":\"https:\\\/\\\/fjala.info\\\/2009-2015\\\/berisha-dhe-stili-politik-i-opozites\\\/#primaryimage\"},\"image\":{\"@id\":\"https:\\\/\\\/fjala.info\\\/2009-2015\\\/berisha-dhe-stili-politik-i-opozites\\\/#primaryimage\"},\"thumbnailUrl\":\"http:\\\/\\\/fjala.shkoder.net\\\/wp-content\\\/uploads\\\/2010\\\/08\\\/mentor_nazarko-150x140.jpg\",\"datePublished\":\"2010-08-26T08:21:39+00:00\",\"breadcrumb\":{\"@id\":\"https:\\\/\\\/fjala.info\\\/2009-2015\\\/berisha-dhe-stili-politik-i-opozites\\\/#breadcrumb\"},\"inLanguage\":\"sq-AL\",\"potentialAction\":[{\"@type\":\"ReadAction\",\"target\":[\"https:\\\/\\\/fjala.info\\\/2009-2015\\\/berisha-dhe-stili-politik-i-opozites\\\/\"]}]},{\"@type\":\"ImageObject\",\"inLanguage\":\"sq-AL\",\"@id\":\"https:\\\/\\\/fjala.info\\\/2009-2015\\\/berisha-dhe-stili-politik-i-opozites\\\/#primaryimage\",\"url\":\"http:\\\/\\\/fjala.shkoder.net\\\/wp-content\\\/uploads\\\/2010\\\/08\\\/mentor_nazarko-150x140.jpg\",\"contentUrl\":\"http:\\\/\\\/fjala.shkoder.net\\\/wp-content\\\/uploads\\\/2010\\\/08\\\/mentor_nazarko-150x140.jpg\"},{\"@type\":\"BreadcrumbList\",\"@id\":\"https:\\\/\\\/fjala.info\\\/2009-2015\\\/berisha-dhe-stili-politik-i-opozites\\\/#breadcrumb\",\"itemListElement\":[{\"@type\":\"ListItem\",\"position\":1,\"name\":\"Home\",\"item\":\"https:\\\/\\\/fjala.info\\\/2009-2015\\\/\"},{\"@type\":\"ListItem\",\"position\":2,\"name\":\"Berisha dhe stili politik i opozit\u00ebs\"}]},{\"@type\":\"WebSite\",\"@id\":\"https:\\\/\\\/fjala.info\\\/2009-2015\\\/#website\",\"url\":\"https:\\\/\\\/fjala.info\\\/2009-2015\\\/\",\"name\":\"FjALA e LIR\u00cb - Arkivi\",\"description\":\"Arkivi 2009-2015\",\"publisher\":{\"@id\":\"https:\\\/\\\/fjala.info\\\/2009-2015\\\/#organization\"},\"potentialAction\":[{\"@type\":\"SearchAction\",\"target\":{\"@type\":\"EntryPoint\",\"urlTemplate\":\"https:\\\/\\\/fjala.info\\\/2009-2015\\\/?s={search_term_string}\"},\"query-input\":{\"@type\":\"PropertyValueSpecification\",\"valueRequired\":true,\"valueName\":\"search_term_string\"}}],\"inLanguage\":\"sq-AL\"},{\"@type\":\"Organization\",\"@id\":\"https:\\\/\\\/fjala.info\\\/2009-2015\\\/#organization\",\"name\":\"FjALA e LIR\u00cb - Arkivi\",\"url\":\"https:\\\/\\\/fjala.info\\\/2009-2015\\\/\",\"logo\":{\"@type\":\"ImageObject\",\"inLanguage\":\"sq-AL\",\"@id\":\"https:\\\/\\\/fjala.info\\\/2009-2015\\\/#\\\/schema\\\/logo\\\/image\\\/\",\"url\":\"\",\"contentUrl\":\"\",\"caption\":\"FjALA e LIR\u00cb - Arkivi\"},\"image\":{\"@id\":\"https:\\\/\\\/fjala.info\\\/2009-2015\\\/#\\\/schema\\\/logo\\\/image\\\/\"}},{\"@type\":\"Person\",\"@id\":\"https:\\\/\\\/fjala.info\\\/2009-2015\\\/#\\\/schema\\\/person\\\/3aa1163ef05469c496fc94e77611ada2\",\"name\":\"admin\",\"image\":{\"@type\":\"ImageObject\",\"inLanguage\":\"sq-AL\",\"@id\":\"https:\\\/\\\/fjala.info\\\/2009-2015\\\/wp-content\\\/uploads\\\/2012\\\/02\\\/arben_cokaj-120x150.jpg\",\"url\":\"https:\\\/\\\/fjala.info\\\/2009-2015\\\/wp-content\\\/uploads\\\/2012\\\/02\\\/arben_cokaj-120x150.jpg\",\"contentUrl\":\"https:\\\/\\\/fjala.info\\\/2009-2015\\\/wp-content\\\/uploads\\\/2012\\\/02\\\/arben_cokaj-120x150.jpg\",\"caption\":\"admin\"},\"description\":\"Admin, Fjala e Lir\u00eb\",\"sameAs\":[\"https:\\\/\\\/fjala.info\\\/\"],\"url\":\"https:\\\/\\\/fjala.info\\\/2009-2015\\\/author\\\/admin\\\/\"}]}<\/script>\n<!-- \/ Yoast SEO plugin. -->","yoast_head_json":{"title":"Berisha dhe stili politik i opozit\u00ebs - FjALA e LIR\u00cb - Arkivi","robots":{"index":"index","follow":"follow","max-snippet":"max-snippet:-1","max-image-preview":"max-image-preview:large","max-video-preview":"max-video-preview:-1"},"canonical":"https:\/\/fjala.info\/2009-2015\/berisha-dhe-stili-politik-i-opozites\/","og_locale":"sq_AL","og_type":"article","og_title":"Berisha dhe stili politik i opozit\u00ebs - FjALA e LIR\u00cb - Arkivi","og_description":"nga MENTOR NAZARKO 25 Gusht 2010 Fushata e akuzave t\u00eb nd\u00ebrsjella p\u00ebr korrupsion midis opozit\u00ebs dhe shumic\u00ebs n\u00eb pushtet ka arritur n\u00eb nj\u00eb moment t\u00eb paneglizhuesh\u00ebm q\u00eb meriton v\u00ebmendje. P\u00ebr m\u00eb shum\u00eb, dit\u00ebt e fundit doli n\u00eb vet\u00eb t\u00eb par\u00eb n\u00eb fush\u00ebn e betej\u00ebs Kryeministri Berisha. Themi n\u00eb vet\u00eb t\u00eb par\u00eb, pasi duke njohur teknologjin\u00eb [&hellip;]","og_url":"https:\/\/fjala.info\/2009-2015\/berisha-dhe-stili-politik-i-opozites\/","og_site_name":"FjALA e LIR\u00cb - Arkivi","article_published_time":"2010-08-26T08:21:39+00:00","og_image":[{"url":"http:\/\/fjala.shkoder.net\/wp-content\/uploads\/2010\/08\/mentor_nazarko-150x140.jpg","type":"","width":"","height":""}],"author":"admin","twitter_card":"summary_large_image","twitter_misc":{"Written by":"admin","Est. reading time":"5 minutes"},"schema":{"@context":"https:\/\/schema.org","@graph":[{"@type":"Article","@id":"https:\/\/fjala.info\/2009-2015\/berisha-dhe-stili-politik-i-opozites\/#article","isPartOf":{"@id":"https:\/\/fjala.info\/2009-2015\/berisha-dhe-stili-politik-i-opozites\/"},"author":{"name":"admin","@id":"https:\/\/fjala.info\/2009-2015\/#\/schema\/person\/3aa1163ef05469c496fc94e77611ada2"},"headline":"Berisha dhe stili politik i opozit\u00ebs","datePublished":"2010-08-26T08:21:39+00:00","mainEntityOfPage":{"@id":"https:\/\/fjala.info\/2009-2015\/berisha-dhe-stili-politik-i-opozites\/"},"wordCount":969,"commentCount":1,"publisher":{"@id":"https:\/\/fjala.info\/2009-2015\/#organization"},"image":{"@id":"https:\/\/fjala.info\/2009-2015\/berisha-dhe-stili-politik-i-opozites\/#primaryimage"},"thumbnailUrl":"http:\/\/fjala.shkoder.net\/wp-content\/uploads\/2010\/08\/mentor_nazarko-150x140.jpg","articleSection":["Artikuj"],"inLanguage":"sq-AL","potentialAction":[{"@type":"CommentAction","name":"Comment","target":["https:\/\/fjala.info\/2009-2015\/berisha-dhe-stili-politik-i-opozites\/#respond"]}]},{"@type":"WebPage","@id":"https:\/\/fjala.info\/2009-2015\/berisha-dhe-stili-politik-i-opozites\/","url":"https:\/\/fjala.info\/2009-2015\/berisha-dhe-stili-politik-i-opozites\/","name":"Berisha dhe stili politik i opozit\u00ebs - FjALA e LIR\u00cb - Arkivi","isPartOf":{"@id":"https:\/\/fjala.info\/2009-2015\/#website"},"primaryImageOfPage":{"@id":"https:\/\/fjala.info\/2009-2015\/berisha-dhe-stili-politik-i-opozites\/#primaryimage"},"image":{"@id":"https:\/\/fjala.info\/2009-2015\/berisha-dhe-stili-politik-i-opozites\/#primaryimage"},"thumbnailUrl":"http:\/\/fjala.shkoder.net\/wp-content\/uploads\/2010\/08\/mentor_nazarko-150x140.jpg","datePublished":"2010-08-26T08:21:39+00:00","breadcrumb":{"@id":"https:\/\/fjala.info\/2009-2015\/berisha-dhe-stili-politik-i-opozites\/#breadcrumb"},"inLanguage":"sq-AL","potentialAction":[{"@type":"ReadAction","target":["https:\/\/fjala.info\/2009-2015\/berisha-dhe-stili-politik-i-opozites\/"]}]},{"@type":"ImageObject","inLanguage":"sq-AL","@id":"https:\/\/fjala.info\/2009-2015\/berisha-dhe-stili-politik-i-opozites\/#primaryimage","url":"http:\/\/fjala.shkoder.net\/wp-content\/uploads\/2010\/08\/mentor_nazarko-150x140.jpg","contentUrl":"http:\/\/fjala.shkoder.net\/wp-content\/uploads\/2010\/08\/mentor_nazarko-150x140.jpg"},{"@type":"BreadcrumbList","@id":"https:\/\/fjala.info\/2009-2015\/berisha-dhe-stili-politik-i-opozites\/#breadcrumb","itemListElement":[{"@type":"ListItem","position":1,"name":"Home","item":"https:\/\/fjala.info\/2009-2015\/"},{"@type":"ListItem","position":2,"name":"Berisha dhe stili politik i opozit\u00ebs"}]},{"@type":"WebSite","@id":"https:\/\/fjala.info\/2009-2015\/#website","url":"https:\/\/fjala.info\/2009-2015\/","name":"FjALA e LIR\u00cb - Arkivi","description":"Arkivi 2009-2015","publisher":{"@id":"https:\/\/fjala.info\/2009-2015\/#organization"},"potentialAction":[{"@type":"SearchAction","target":{"@type":"EntryPoint","urlTemplate":"https:\/\/fjala.info\/2009-2015\/?s={search_term_string}"},"query-input":{"@type":"PropertyValueSpecification","valueRequired":true,"valueName":"search_term_string"}}],"inLanguage":"sq-AL"},{"@type":"Organization","@id":"https:\/\/fjala.info\/2009-2015\/#organization","name":"FjALA e LIR\u00cb - Arkivi","url":"https:\/\/fjala.info\/2009-2015\/","logo":{"@type":"ImageObject","inLanguage":"sq-AL","@id":"https:\/\/fjala.info\/2009-2015\/#\/schema\/logo\/image\/","url":"","contentUrl":"","caption":"FjALA e LIR\u00cb - Arkivi"},"image":{"@id":"https:\/\/fjala.info\/2009-2015\/#\/schema\/logo\/image\/"}},{"@type":"Person","@id":"https:\/\/fjala.info\/2009-2015\/#\/schema\/person\/3aa1163ef05469c496fc94e77611ada2","name":"admin","image":{"@type":"ImageObject","inLanguage":"sq-AL","@id":"https:\/\/fjala.info\/2009-2015\/wp-content\/uploads\/2012\/02\/arben_cokaj-120x150.jpg","url":"https:\/\/fjala.info\/2009-2015\/wp-content\/uploads\/2012\/02\/arben_cokaj-120x150.jpg","contentUrl":"https:\/\/fjala.info\/2009-2015\/wp-content\/uploads\/2012\/02\/arben_cokaj-120x150.jpg","caption":"admin"},"description":"Admin, Fjala e Lir\u00eb","sameAs":["https:\/\/fjala.info\/"],"url":"https:\/\/fjala.info\/2009-2015\/author\/admin\/"}]}},"_links":{"self":[{"href":"https:\/\/fjala.info\/2009-2015\/wp-json\/wp\/v2\/posts\/3869","targetHints":{"allow":["GET"]}}],"collection":[{"href":"https:\/\/fjala.info\/2009-2015\/wp-json\/wp\/v2\/posts"}],"about":[{"href":"https:\/\/fjala.info\/2009-2015\/wp-json\/wp\/v2\/types\/post"}],"author":[{"embeddable":true,"href":"https:\/\/fjala.info\/2009-2015\/wp-json\/wp\/v2\/users\/1"}],"replies":[{"embeddable":true,"href":"https:\/\/fjala.info\/2009-2015\/wp-json\/wp\/v2\/comments?post=3869"}],"version-history":[{"count":0,"href":"https:\/\/fjala.info\/2009-2015\/wp-json\/wp\/v2\/posts\/3869\/revisions"}],"wp:attachment":[{"href":"https:\/\/fjala.info\/2009-2015\/wp-json\/wp\/v2\/media?parent=3869"}],"wp:term":[{"taxonomy":"category","embeddable":true,"href":"https:\/\/fjala.info\/2009-2015\/wp-json\/wp\/v2\/categories?post=3869"},{"taxonomy":"post_tag","embeddable":true,"href":"https:\/\/fjala.info\/2009-2015\/wp-json\/wp\/v2\/tags?post=3869"}],"curies":[{"name":"wp","href":"https:\/\/api.w.org\/{rel}","templated":true}]}}