{"id":3865,"date":"2010-08-26T09:08:38","date_gmt":"2010-08-26T08:08:38","guid":{"rendered":"http:\/\/fjala.shkoder.net\/?p=3865"},"modified":"2010-08-26T09:08:38","modified_gmt":"2010-08-26T08:08:38","slug":"a-po-i-rehabilitojme-okupatoret","status":"publish","type":"post","link":"https:\/\/fjala.info\/2009-2015\/a-po-i-rehabilitojme-okupatoret\/","title":{"rendered":"A po i rehabilitojm\u00eb okupator\u00ebt (?!)"},"content":{"rendered":"<p><img decoding=\"async\" class=\"alignright size-thumbnail wp-image-3866\" title=\"Frrok Kristaj\" src=\"http:\/\/fjala.shkoder.net\/wp-content\/uploads\/2010\/08\/frrok_kristaj-150x150.jpg\" alt=\"\" width=\"150\" \/><\/p>\n<p><strong>N\u00eb shnjest\u00ebr<\/strong><\/p>\n<p><em><strong>Hoteli \u201cUnion\u201d \u00ebsht\u00eb nd\u00ebrtuar n\u00eb vitin 1927, koh\u00eb kjo kur shqiptar\u00ebt ishin t\u00eb p\u00ebrndjekur dhe t\u00eb p\u00ebrsekutuar. Kisha ortodok\u00ebse serbe shenjt\u00ebroi car Llazarin, kurse Sulltan Muratin e shenjt\u00ebruan legjendat. Po ashtu, Kisha ortodok\u00ebse serbe, e ngritur n\u00eb territorin e Universitetit t\u00eb Prishtin\u00ebs, do t\u00eb duhej t\u00eb shnd\u00ebrrohet n\u00eb muze mbi gjenocidin serb mbi shqiptar\u00ebt etnik <\/strong><\/em><\/p>\n<p>Shkruan: <strong>Frrok KRISTAJ<\/strong><\/p>\n<p>\u00cbsht\u00eb konstatim gati se edhe i d\u00ebshmuar se shqiptar\u00ebt kur jan\u00eb ngusht\u00eb jan\u00eb tolerant, jan\u00eb t\u00eb bashkuar, jan\u00eb solidar dhe dijn\u00eb t\u2019i r\u00ebnditin aktivitetet n\u00eb t\u00eb mir\u00eb t\u00eb \u00e7\u00ebshtjes komb\u00ebtare. Mir\u00ebpo, n\u00eb momentin e \u00e7lirimit sikur harrojm\u00eb \u00e7do gj\u00eb, e harrojm\u00eb shpejt\u00eb t\u00eb keqen q\u00eb e kemi p\u00ebrjetuar n\u00eb koh\u00eb t\u00eb liga, e harrojm\u00eb afrin\u00eb e mbi t\u00eb gjitha edhe gati se p\u00ebr hiqgj\u00eb e harrojm\u00eb edhe identitetin ton\u00eb komb\u00ebtar.<\/p>\n<p>Jemi t\u00eb prirur q\u00eb p\u00ebr ndonj\u00eb interes shum\u00eb t\u00eb vog\u00ebl gati edhe t\u00eb heqim dor\u00eb edhe nga interesat m\u00eb madhore. Sikur e kemi logjik\u00ebn e robit, dhe n\u00eb momentin kur \u00e7lirohemi nga okupatori, fillojm\u00eb ta restaurojm\u00eb okupatorin e m\u00ebhersh\u00ebm. I p\u00ebrvet\u00ebsojm\u00eb gj\u00ebrat e huaja dhe fillojm\u00eb t\u2019i ndijm\u00eb si tonat. Ndaj, \u00ebsht\u00eb m\u00eb se e nevojshme q\u00eb sa m\u00eb par\u00eb t\u00eb \u00e7ilrohemi nga ajo logjik\u00eb.<\/p>\n<p><strong>Hoteli \u201cUnion\u201d nuk ishte i shqiptar\u00ebve<\/strong><br \/>\nTash e nj\u00eb koh\u00eb po flitet e p\u00ebrflitet p\u00ebr objektin e Hotelit \u201cUnion\u201d t\u00eb Prishtin\u00ebs. K\u00ebt\u00eb objekt si p\u00ebr\u00e7udi shqiptar\u00ebt e radhit\u00ebn n\u00eb mesin e objekteve t\u00eb veta me vlera t\u00eb trash\u00ebgimis\u00eb kulturore-historike. Si ndodhi kjo nuk e di, por dihet se ai objekt u ngrit nga pushteti okupator serb n\u00eb vitin 1927, koh\u00eb kjo kur shqiptar\u00ebt jo vet\u00ebm q\u00eb nuk kishin pushtet, por as q\u00eb d\u00ebgjoheshin, p\u00ebrkat\u00ebsisht ishin t\u00eb p\u00ebrndjekur dhe t\u00eb p\u00ebrsekutuar. At\u00ebbot\u00eb asgj\u00eb nuk frymonte shqipe, as shkollat, as administrata, me nj\u00eb fjal\u00eb asgj\u00eb.<\/p>\n<p>N\u00eb fakt, para asaj kohe n\u00eb at\u00eb vend kishte ekzistuar nj\u00eb objekt ku n\u00eb koh\u00ebn e Perandoris\u00eb Otomane kishte qen\u00eb e vendosur selia e Konsulat\u00ebs s\u00eb Serbis\u00eb, ku kishin sh\u00ebrbyer konzujt e njohur p\u00ebr antishqiptariz\u00ebm, si Milan Rakiq, Branislav Nushiqi e ndonj\u00eb tjet\u00ebr.<\/p>\n<p>\u00cbsht\u00eb fakt se objekti p\u00ebrkat\u00ebs \u00ebsht\u00eb ngritur sipas projektit t\u00eb arkitektit austriak Andrija Kremer, por nuk \u00ebsht\u00eb e v\u00ebrtet\u00eb se mbi dritare e atij objekti ka qen\u00eb i skalitur portreti i Gjergj Kastriotit &#8211; Sk\u00ebnderbeut, sepse at\u00eb nuk do ta lejonin serb\u00ebt, por se portretet e gravuara nuk ishin asgj\u00eb tjet\u00ebr pos figura t\u00eb pushtuesve serb.<\/p>\n<p>Nd\u00ebrkaq, n\u00eb vitin 1941, kur shqiptar\u00ebt e p\u00ebrjetuan Shqip\u00ebrin\u00eb etnike me administrat\u00eb e shkolla shqipe, n\u00eb at\u00eb objekt (Hotelin \u201cUnion\u201d) u hap restauranti \u201cSk\u00ebnderbeu\u201d, por shtrohet pyetja se pas p\u00ebrfundimit t\u00eb Luft\u00ebs Dyt\u00eb Bot\u00ebrore, ku mbeti em\u00ebrtimi i atij restauranti?<\/p>\n<p>Dhe, nj\u00eb dit\u00eb pam\u00ebdyshje se marr\u00ebdh\u00ebniet nd\u00ebrshtet\u00ebrore Kosov\u00eb &#8211; Serbi do t\u00eb normalizohen, dhe at\u00ebher\u00eb me siguri se Serbia pa marr\u00eb parasysh \u00e7mimin, at\u00eb objekt do ta k\u00ebrkoj\u00eb p\u00ebr ta vendosur Ambasad\u00ebn e vet p\u00ebr t\u00eb qen\u00eb n\u00eb zem\u00ebr t\u00eb kryeqytetit t\u00eb Republik\u00ebs s\u00eb Kosov\u00ebs, por edhe p\u00ebr ta vazhduar kontinuitetin e diplomacis\u00eb s\u00eb vet n\u00eb at\u00eb vend.<\/p>\n<p>N\u00eb an\u00ebn tjet\u00ebr, pse policia e Kosov\u00ebs edhe sot e k\u00ebsaj dite nuk e b\u00ebri t\u00eb ditur emrin e personit q\u00eb e dogji objektin e Hotel \u201cUnionit\u201d, kur dihet se ai ishte nj\u00eb serb i Gra\u00e7anic\u00ebs, i cili me detyr\u00eb apo jo, banonte aty dhe kur ishte n\u00eb gjendje t\u00eb dehur, nga dritaret m\u00eb t\u00eb larta b\u00ebrtiste parulla p\u00ebr Serbin\u00eb dhe p\u00ebr kryekriminelet serb.<\/p>\n<p>Si zakonisht serb\u00ebt krenohen kur kremtojn\u00eb humbjet, si me rastin e Gazimestanit. Po pse ne tash kemi arsye t\u2019i rehabilitojm\u00eb ata apo Sulltan Muratin, kur ata ishte vet\u00ebm okupator\u00eb e jo shenjtnor t\u00eb besimeve t\u00eb tyre. Apo k\u00ebt\u00eb e b\u00ebjm\u00eb p\u00ebr t\u2019iu \u201ckund\u00ebrv\u00ebn\u00eb\u201d serb\u00ebve kur ata kremtojn\u00eb humbjen, kurse ne p\u00ebr inat t\u00eb tyre (serb\u00ebve) sh\u00ebnojm\u00eb fitor\u00ebn e okupatorit t\u00eb m\u00ebhersh\u00ebm &#8211; Sulltan Muratit e t\u00eb tjer\u00ebve. Sipas k\u00ebsaj logjike ndoshta nes\u00ebr do t\u00eb pajtohemi q\u00eb n\u00eb vendbanimet e tashme serbe n\u00ebp\u00ebr Kosov\u00eb t\u2019u ngriten permendore edhe kriminel\u00ebve serb t\u00eb koh\u00ebs m\u00eb t\u00eb re.<\/p>\n<p>Shtrohet pyetja: \u00c7ka ka b\u00ebr\u00eb Sulltan Murati apo serb\u00ebt e koh\u00ebs s\u00eb ngritjes s\u00eb Hotelit \u201cUnion\u201d, apo edhe t\u00eb m\u00ebvonshmit, p\u00ebr shqiptar\u00ebt p\u00ebrve\u00e7 asaj se na kan\u00eb vrar\u00eb, masakruar e d\u00ebbuar nga trojet tona.<\/p>\n<p>Kurse ne ende veprojm\u00eb me logjik\u00ebn e robit. Nga kjo del se ende kemi nevoj\u00eb t\u00eb \u00e7lirohemi nga vetvetja, n\u00eb m\u00ebnyr\u00eb q\u00eb ta gjejm\u00eb dhe ta begatojm\u00eb identitetin ton\u00eb komb\u00ebtar.<\/p>\n<p><strong>Sulltan Muratit &#8211; pushtues apo shenjtor?<\/strong><br \/>\nPerandoria Otomane ishte pushtuesja m\u00eb jet\u00ebgjate e trojeve tona. Ajo na ka l\u00ebn\u00eb 500 vjet mbrapa. Megjithat\u00eb, p\u00ebr nj\u00eb kategori shqiptar\u00ebsh komandanti i asaj perandorie ishte nj\u00eb i shenjt\u00eb. Bile ka edhe t\u00eb atill\u00eb q\u00eb mendojn\u00eb se me Betej\u00ebn e Kosov\u00ebs (1389) u fitua beteja me Evrop\u00ebn.<\/p>\n<p>P\u00ebr humbjen e Betej\u00ebs s\u00eb Fush\u00eb-Kosov\u00ebs serb\u00ebt i kan\u00eb marr\u00eb t\u00eb gjitha \u201cmeritat\u201d p\u00ebr vete, por kronikat e hershme osmane t\u00eb shekullit XVI p\u00ebrmendin se ushtris\u00eb s\u00eb aleat\u00ebve t\u00eb krishter\u00eb (shqiptar\u00eb, serb\u00eb, hungarez\u00eb, boshnjak\u00eb, etj.), u priu car Llazari i rebeluar. Beteja thuhet se ishte shum\u00eb e eg\u00ebr, por edhe humbjet ishin t\u00eb m\u00ebdha. T\u00eb dy komandant\u00ebt paten mbetur n\u00eb fush\u00ebbetej\u00eb. Mir\u00ebpo, m\u00eb von\u00eb nj\u00ebri u shenjt\u00ebrua nga kisha ortodok\u00ebse serbe, Llazari, kurse Murati u shenjt\u00ebrua nga legjendat.<\/p>\n<p>Sido q\u00eb t\u00eb jet\u00eb, n\u00eb Kosov\u00eb varri (me zorr\u00eb) i Sulltan Muratit (trupi iu balsamua dhe iu varros n\u00eb mausoleun e madh t\u00eb sulltan\u00ebve n\u00eb \u00c7ekirge t\u00eb Bursas n\u00eb Turqi), q\u00eb ia ngriti nj\u00eb vit m\u00eb von\u00eb Sulltan Bajaziti, i biri i Sulltan Muratit, q\u00eb ishte martua me t\u00eb bijen e car Llazarit, Oliveren, edhe sot vizitohet nga disa fundrrina shqiptar\u00ebsh, kurse monumenti i Betej\u00ebs s\u00eb Fush\u00eb-Kosov\u00ebs, q\u00eb u ngrit n\u00eb vitet 60 t\u00eb shekullit XX, u shnd\u00ebrruan n\u00eb nj\u00eb busull\u00eb orientuese e mitit t\u00eb serb\u00ebve p\u00ebr Kosov\u00ebn, p\u00ebrkat\u00ebsisht e dep\u00ebrtimit t\u00eb turqve n\u00eb Evrop\u00eb.<\/p>\n<p>Me k\u00ebt\u00eb, n\u00eb shekullin XIX, serb\u00ebt filluan ta ngjallin mitin e tyre me nj\u00eb fest\u00eb q\u00eb dikur ishte fetare e q\u00eb i kushtohej profetit Amos t\u00eb Dhiat\u00ebs s\u00eb Vjet\u00ebr, q\u00eb serb\u00ebt e shnd\u00ebrruan n\u00eb fest\u00eb t\u00eb Vidovdanit (28 qershor). Do p\u00ebrmendur se me fitor\u00ebn e hershme t\u00eb Perandoris\u00eb Otomane mbi serb\u00ebt, q\u00eb u zhvillua buz\u00eb lumit Marica n\u00eb Bullgari (1371), kur edhe serb\u00ebt e pranuan vasalitetin e tyre ndaj otoman\u00ebve, besohet se ishte ajo q\u00eb i hapi rrug\u00eb pushtimit t\u00eb p\u00ebrgjithsh\u00ebm osman Ballkanit, por serb\u00ebt asaj humbje nuk i kushtojn\u00eb r\u00ebnd\u00ebsi.<\/p>\n<p>Megjithat\u00eb, kan\u00eb kaluar shum\u00eb koh\u00eb, historia \u00ebsht\u00eb transformuar, por varri i Sulltan Muratit dhe munumenti i betej\u00ebs (q\u00eb p\u00ebrkujton car Llazarin), n\u00eb t\u00eb nj\u00ebjt\u00ebn fush\u00eb, rr\u00ebfehen n\u00eb forma t\u00eb ndryshme, por frym\u00ebzojn\u00eb po kaq ndrysh\u00ebm aspiratat e okupator\u00ebve p\u00ebr Kosov\u00ebn. Dhe, derisa Kovosa nga serb\u00ebt konsiderohet djep i tyre, kurse p\u00ebr turqit simbol i ekzistimit t\u00eb tyre n\u00eb Evrop\u00eb, athua po p\u00ebr ne shqiptar\u00ebt \u00e7ka paraqet kjo Kosov\u00eb &#8211; vend p\u00ebr t\u2019i rehabilituar okupator\u00ebt apo vend ku do t\u00eb duhej ta forcojm\u00eb identitetin ton\u00eb komb\u00ebtar ?!<\/p>\n<p>Absurdin m\u00eb t\u00eb madh e b\u00ebri Komuna e Kastriotit (Obiliqit), e cila m\u00eb 10 qershor 2010 (sipas bilbollder\u00ebve n\u00ebp\u00ebr Prishtin\u00eb) ishte edhe nj\u00ebra nga donator\u00ebt e manifestimit kushtuar Tyrb\u00ebs s\u00eb Sulltan Muratit n\u00eb Mazgit. N\u00ebse k\u00ebt\u00eb e b\u00ebri komuna me vetdije, at\u00ebher\u00eb i propozoj\u00eb Obiliqit q\u00eb t\u00eb mos e nd\u00ebrroj em\u00ebrtimin n\u00eb Kastriot, sepse nuk q\u00ebndron edhe t\u00eb p\u00ebrkujtohet okupatori e edhe t\u00eb quhet vendbanimi Kastriot.<\/p>\n<p><strong>T\u00eb ngritet Muzeu i gjenocidit serb\u00eb mbi shqiptar\u00ebt<\/strong><br \/>\nPushteti okutapor serb\u00eb mbi Kosov\u00ebn, sidomos gjat\u00eb periudh\u00ebs 1989-1999, ngriti n\u00ebp\u00ebr Kosov\u00eb nj\u00eb mori kishash ortodok\u00ebse serbe (bile edhe me mjete t\u00eb shqiptar\u00ebve q\u00eb ua vjeli n\u00ebp\u00ebrmjet formave t\u00eb ndryshme). Si p\u00ebr \u00e7udi me paaft\u00ebsin\u00eb e grupit negociator\u00eb t\u00eb shqiptar\u00ebve, q\u00eb u zhvilluan n\u00eb Vjen\u00eb t\u00eb Austris\u00eb, serb\u00ebt arriten t\u2019i legjitimojn\u00eb edhe kishat q\u00eb u ngriten n\u00eb koh\u00ebn e okupimit t\u00eb eg\u00ebr.<\/p>\n<p>Nj\u00ebra nd\u00ebr to \u00ebsht\u00eb edhe kisha ortodokse serbe, q\u00eb u ngrit gjat\u00eb viteve t\u00eb n\u00ebnt\u00ebdhjeta t\u00eb shekullit kaluar n\u00eb territorin e Universitetit t\u00eb Prishtin\u00ebs (bile dikur ajo tok\u00eb kishte qen\u00eb pron\u00eb e kish\u00ebs katolike, q\u00eb i ishte nacionalizuar). Dhe, tash nuk ka gjasa q\u00eb ajo t\u00eb menjanohet nga aty. Ndaj, shqiptar\u00ebt duhet t\u00eb jan\u00eb ata q\u00eb t\u00eb k\u00ebrkojn\u00eb q\u00eb ajo kish\u00eb (serbe) t\u00eb meremotehet plot\u00ebsisht, nga brenda e jasht\u00eb, dhe pastaj ajo t\u00eb shnd\u00ebrrohet n\u00eb muze mbi gjenocidin serb\u00eb mbi shqiptar\u00ebt e viseve etnike.<\/p>\n<p>Aty do t\u00eb duhej t\u00eb vendosen dokumentet, fotografit\u00eb, filmat e gj\u00ebsendet tjera q\u00eb dokumentojn\u00eb gjenocidin serb mbi shqiptar\u00ebt e viseve etnike. E them k\u00ebt\u00eb sepse e t\u00ebr\u00eb politika serbe p\u00ebr shfarosjen e shqiptar\u00ebve filloi pik\u00ebrisht n\u00eb kishat ortodok\u00ebse serbe, nga e cila edhe iu dha bekimi. Po ashtu, nga kisha serbe doli edhe rryma e \u00e7etnikizmit serb p\u00ebr t\u2019i vrar\u00eb, masakruar e d\u00ebbuar shqiptar\u00ebt nga viset e veta etnike.<br \/>\nNj\u00eb muze i till\u00eb edhe ashtu i mungon viseve etnike shqiptare.<\/p>\n","protected":false},"excerpt":{"rendered":"<p>N\u00eb shnjest\u00ebr Hoteli \u201cUnion\u201d \u00ebsht\u00eb nd\u00ebrtuar n\u00eb vitin 1927, koh\u00eb kjo kur shqiptar\u00ebt ishin t\u00eb p\u00ebrndjekur dhe t\u00eb p\u00ebrsekutuar. Kisha ortodok\u00ebse serbe shenjt\u00ebroi car Llazarin, kurse Sulltan Muratin e shenjt\u00ebruan legjendat. Po ashtu, Kisha ortodok\u00ebse serbe, e ngritur n\u00eb territorin e Universitetit t\u00eb Prishtin\u00ebs, do t\u00eb duhej t\u00eb shnd\u00ebrrohet n\u00eb muze mbi gjenocidin serb mbi [&hellip;]<\/p>\n","protected":false},"author":1,"featured_media":0,"comment_status":"open","ping_status":"closed","sticky":false,"template":"","format":"standard","meta":{"footnotes":""},"categories":[2],"tags":[],"class_list":{"0":"post-3865","1":"post","2":"type-post","3":"status-publish","4":"format-standard","6":"category-artikuj"},"yoast_head":"<!-- This site is optimized with the Yoast SEO plugin v27.4 - https:\/\/yoast.com\/product\/yoast-seo-wordpress\/ -->\n<title>A po i rehabilitojm\u00eb okupator\u00ebt (?!) - FjALA e LIR\u00cb - Arkivi<\/title>\n<meta name=\"robots\" content=\"index, follow, max-snippet:-1, max-image-preview:large, max-video-preview:-1\" \/>\n<link rel=\"canonical\" href=\"https:\/\/fjala.info\/2009-2015\/a-po-i-rehabilitojme-okupatoret\/\" \/>\n<meta property=\"og:locale\" content=\"sq_AL\" \/>\n<meta property=\"og:type\" content=\"article\" \/>\n<meta property=\"og:title\" content=\"A po i rehabilitojm\u00eb okupator\u00ebt (?!) - FjALA e LIR\u00cb - Arkivi\" \/>\n<meta property=\"og:description\" content=\"N\u00eb shnjest\u00ebr Hoteli \u201cUnion\u201d \u00ebsht\u00eb nd\u00ebrtuar n\u00eb vitin 1927, koh\u00eb kjo kur shqiptar\u00ebt ishin t\u00eb p\u00ebrndjekur dhe t\u00eb p\u00ebrsekutuar. Kisha ortodok\u00ebse serbe shenjt\u00ebroi car Llazarin, kurse Sulltan Muratin e shenjt\u00ebruan legjendat. Po ashtu, Kisha ortodok\u00ebse serbe, e ngritur n\u00eb territorin e Universitetit t\u00eb Prishtin\u00ebs, do t\u00eb duhej t\u00eb shnd\u00ebrrohet n\u00eb muze mbi gjenocidin serb mbi [&hellip;]\" \/>\n<meta property=\"og:url\" content=\"https:\/\/fjala.info\/2009-2015\/a-po-i-rehabilitojme-okupatoret\/\" \/>\n<meta property=\"og:site_name\" content=\"FjALA e LIR\u00cb - Arkivi\" \/>\n<meta property=\"article:published_time\" content=\"2010-08-26T08:08:38+00:00\" \/>\n<meta property=\"og:image\" content=\"http:\/\/fjala.shkoder.net\/wp-content\/uploads\/2010\/08\/frrok_kristaj-150x150.jpg\" \/>\n<meta name=\"author\" content=\"admin\" \/>\n<meta name=\"twitter:card\" content=\"summary_large_image\" \/>\n<meta name=\"twitter:label1\" content=\"Written by\" \/>\n\t<meta name=\"twitter:data1\" content=\"admin\" \/>\n\t<meta name=\"twitter:label2\" content=\"Est. reading time\" \/>\n\t<meta name=\"twitter:data2\" content=\"8 minutes\" \/>\n<script type=\"application\/ld+json\" class=\"yoast-schema-graph\">{\"@context\":\"https:\\\/\\\/schema.org\",\"@graph\":[{\"@type\":\"Article\",\"@id\":\"https:\\\/\\\/fjala.info\\\/2009-2015\\\/a-po-i-rehabilitojme-okupatoret\\\/#article\",\"isPartOf\":{\"@id\":\"https:\\\/\\\/fjala.info\\\/2009-2015\\\/a-po-i-rehabilitojme-okupatoret\\\/\"},\"author\":{\"name\":\"admin\",\"@id\":\"https:\\\/\\\/fjala.info\\\/2009-2015\\\/#\\\/schema\\\/person\\\/3aa1163ef05469c496fc94e77611ada2\"},\"headline\":\"A po i rehabilitojm\u00eb okupator\u00ebt (?!)\",\"datePublished\":\"2010-08-26T08:08:38+00:00\",\"mainEntityOfPage\":{\"@id\":\"https:\\\/\\\/fjala.info\\\/2009-2015\\\/a-po-i-rehabilitojme-okupatoret\\\/\"},\"wordCount\":1657,\"commentCount\":0,\"publisher\":{\"@id\":\"https:\\\/\\\/fjala.info\\\/2009-2015\\\/#organization\"},\"image\":{\"@id\":\"https:\\\/\\\/fjala.info\\\/2009-2015\\\/a-po-i-rehabilitojme-okupatoret\\\/#primaryimage\"},\"thumbnailUrl\":\"http:\\\/\\\/fjala.shkoder.net\\\/wp-content\\\/uploads\\\/2010\\\/08\\\/frrok_kristaj-150x150.jpg\",\"articleSection\":[\"Artikuj\"],\"inLanguage\":\"sq-AL\",\"potentialAction\":[{\"@type\":\"CommentAction\",\"name\":\"Comment\",\"target\":[\"https:\\\/\\\/fjala.info\\\/2009-2015\\\/a-po-i-rehabilitojme-okupatoret\\\/#respond\"]}]},{\"@type\":\"WebPage\",\"@id\":\"https:\\\/\\\/fjala.info\\\/2009-2015\\\/a-po-i-rehabilitojme-okupatoret\\\/\",\"url\":\"https:\\\/\\\/fjala.info\\\/2009-2015\\\/a-po-i-rehabilitojme-okupatoret\\\/\",\"name\":\"A po i rehabilitojm\u00eb okupator\u00ebt (?!) - FjALA e LIR\u00cb - Arkivi\",\"isPartOf\":{\"@id\":\"https:\\\/\\\/fjala.info\\\/2009-2015\\\/#website\"},\"primaryImageOfPage\":{\"@id\":\"https:\\\/\\\/fjala.info\\\/2009-2015\\\/a-po-i-rehabilitojme-okupatoret\\\/#primaryimage\"},\"image\":{\"@id\":\"https:\\\/\\\/fjala.info\\\/2009-2015\\\/a-po-i-rehabilitojme-okupatoret\\\/#primaryimage\"},\"thumbnailUrl\":\"http:\\\/\\\/fjala.shkoder.net\\\/wp-content\\\/uploads\\\/2010\\\/08\\\/frrok_kristaj-150x150.jpg\",\"datePublished\":\"2010-08-26T08:08:38+00:00\",\"breadcrumb\":{\"@id\":\"https:\\\/\\\/fjala.info\\\/2009-2015\\\/a-po-i-rehabilitojme-okupatoret\\\/#breadcrumb\"},\"inLanguage\":\"sq-AL\",\"potentialAction\":[{\"@type\":\"ReadAction\",\"target\":[\"https:\\\/\\\/fjala.info\\\/2009-2015\\\/a-po-i-rehabilitojme-okupatoret\\\/\"]}]},{\"@type\":\"ImageObject\",\"inLanguage\":\"sq-AL\",\"@id\":\"https:\\\/\\\/fjala.info\\\/2009-2015\\\/a-po-i-rehabilitojme-okupatoret\\\/#primaryimage\",\"url\":\"http:\\\/\\\/fjala.shkoder.net\\\/wp-content\\\/uploads\\\/2010\\\/08\\\/frrok_kristaj-150x150.jpg\",\"contentUrl\":\"http:\\\/\\\/fjala.shkoder.net\\\/wp-content\\\/uploads\\\/2010\\\/08\\\/frrok_kristaj-150x150.jpg\"},{\"@type\":\"BreadcrumbList\",\"@id\":\"https:\\\/\\\/fjala.info\\\/2009-2015\\\/a-po-i-rehabilitojme-okupatoret\\\/#breadcrumb\",\"itemListElement\":[{\"@type\":\"ListItem\",\"position\":1,\"name\":\"Home\",\"item\":\"https:\\\/\\\/fjala.info\\\/2009-2015\\\/\"},{\"@type\":\"ListItem\",\"position\":2,\"name\":\"A po i rehabilitojm\u00eb okupator\u00ebt (?!)\"}]},{\"@type\":\"WebSite\",\"@id\":\"https:\\\/\\\/fjala.info\\\/2009-2015\\\/#website\",\"url\":\"https:\\\/\\\/fjala.info\\\/2009-2015\\\/\",\"name\":\"FjALA e LIR\u00cb - Arkivi\",\"description\":\"Arkivi 2009-2015\",\"publisher\":{\"@id\":\"https:\\\/\\\/fjala.info\\\/2009-2015\\\/#organization\"},\"potentialAction\":[{\"@type\":\"SearchAction\",\"target\":{\"@type\":\"EntryPoint\",\"urlTemplate\":\"https:\\\/\\\/fjala.info\\\/2009-2015\\\/?s={search_term_string}\"},\"query-input\":{\"@type\":\"PropertyValueSpecification\",\"valueRequired\":true,\"valueName\":\"search_term_string\"}}],\"inLanguage\":\"sq-AL\"},{\"@type\":\"Organization\",\"@id\":\"https:\\\/\\\/fjala.info\\\/2009-2015\\\/#organization\",\"name\":\"FjALA e LIR\u00cb - Arkivi\",\"url\":\"https:\\\/\\\/fjala.info\\\/2009-2015\\\/\",\"logo\":{\"@type\":\"ImageObject\",\"inLanguage\":\"sq-AL\",\"@id\":\"https:\\\/\\\/fjala.info\\\/2009-2015\\\/#\\\/schema\\\/logo\\\/image\\\/\",\"url\":\"\",\"contentUrl\":\"\",\"caption\":\"FjALA e LIR\u00cb - Arkivi\"},\"image\":{\"@id\":\"https:\\\/\\\/fjala.info\\\/2009-2015\\\/#\\\/schema\\\/logo\\\/image\\\/\"}},{\"@type\":\"Person\",\"@id\":\"https:\\\/\\\/fjala.info\\\/2009-2015\\\/#\\\/schema\\\/person\\\/3aa1163ef05469c496fc94e77611ada2\",\"name\":\"admin\",\"image\":{\"@type\":\"ImageObject\",\"inLanguage\":\"sq-AL\",\"@id\":\"https:\\\/\\\/fjala.info\\\/2009-2015\\\/wp-content\\\/uploads\\\/2012\\\/02\\\/arben_cokaj-120x150.jpg\",\"url\":\"https:\\\/\\\/fjala.info\\\/2009-2015\\\/wp-content\\\/uploads\\\/2012\\\/02\\\/arben_cokaj-120x150.jpg\",\"contentUrl\":\"https:\\\/\\\/fjala.info\\\/2009-2015\\\/wp-content\\\/uploads\\\/2012\\\/02\\\/arben_cokaj-120x150.jpg\",\"caption\":\"admin\"},\"description\":\"Admin, Fjala e Lir\u00eb\",\"sameAs\":[\"https:\\\/\\\/fjala.info\\\/\"],\"url\":\"https:\\\/\\\/fjala.info\\\/2009-2015\\\/author\\\/admin\\\/\"}]}<\/script>\n<!-- \/ Yoast SEO plugin. -->","yoast_head_json":{"title":"A po i rehabilitojm\u00eb okupator\u00ebt (?!) - FjALA e LIR\u00cb - Arkivi","robots":{"index":"index","follow":"follow","max-snippet":"max-snippet:-1","max-image-preview":"max-image-preview:large","max-video-preview":"max-video-preview:-1"},"canonical":"https:\/\/fjala.info\/2009-2015\/a-po-i-rehabilitojme-okupatoret\/","og_locale":"sq_AL","og_type":"article","og_title":"A po i rehabilitojm\u00eb okupator\u00ebt (?!) - FjALA e LIR\u00cb - Arkivi","og_description":"N\u00eb shnjest\u00ebr Hoteli \u201cUnion\u201d \u00ebsht\u00eb nd\u00ebrtuar n\u00eb vitin 1927, koh\u00eb kjo kur shqiptar\u00ebt ishin t\u00eb p\u00ebrndjekur dhe t\u00eb p\u00ebrsekutuar. Kisha ortodok\u00ebse serbe shenjt\u00ebroi car Llazarin, kurse Sulltan Muratin e shenjt\u00ebruan legjendat. Po ashtu, Kisha ortodok\u00ebse serbe, e ngritur n\u00eb territorin e Universitetit t\u00eb Prishtin\u00ebs, do t\u00eb duhej t\u00eb shnd\u00ebrrohet n\u00eb muze mbi gjenocidin serb mbi [&hellip;]","og_url":"https:\/\/fjala.info\/2009-2015\/a-po-i-rehabilitojme-okupatoret\/","og_site_name":"FjALA e LIR\u00cb - Arkivi","article_published_time":"2010-08-26T08:08:38+00:00","og_image":[{"url":"http:\/\/fjala.shkoder.net\/wp-content\/uploads\/2010\/08\/frrok_kristaj-150x150.jpg","type":"","width":"","height":""}],"author":"admin","twitter_card":"summary_large_image","twitter_misc":{"Written by":"admin","Est. reading time":"8 minutes"},"schema":{"@context":"https:\/\/schema.org","@graph":[{"@type":"Article","@id":"https:\/\/fjala.info\/2009-2015\/a-po-i-rehabilitojme-okupatoret\/#article","isPartOf":{"@id":"https:\/\/fjala.info\/2009-2015\/a-po-i-rehabilitojme-okupatoret\/"},"author":{"name":"admin","@id":"https:\/\/fjala.info\/2009-2015\/#\/schema\/person\/3aa1163ef05469c496fc94e77611ada2"},"headline":"A po i rehabilitojm\u00eb okupator\u00ebt (?!)","datePublished":"2010-08-26T08:08:38+00:00","mainEntityOfPage":{"@id":"https:\/\/fjala.info\/2009-2015\/a-po-i-rehabilitojme-okupatoret\/"},"wordCount":1657,"commentCount":0,"publisher":{"@id":"https:\/\/fjala.info\/2009-2015\/#organization"},"image":{"@id":"https:\/\/fjala.info\/2009-2015\/a-po-i-rehabilitojme-okupatoret\/#primaryimage"},"thumbnailUrl":"http:\/\/fjala.shkoder.net\/wp-content\/uploads\/2010\/08\/frrok_kristaj-150x150.jpg","articleSection":["Artikuj"],"inLanguage":"sq-AL","potentialAction":[{"@type":"CommentAction","name":"Comment","target":["https:\/\/fjala.info\/2009-2015\/a-po-i-rehabilitojme-okupatoret\/#respond"]}]},{"@type":"WebPage","@id":"https:\/\/fjala.info\/2009-2015\/a-po-i-rehabilitojme-okupatoret\/","url":"https:\/\/fjala.info\/2009-2015\/a-po-i-rehabilitojme-okupatoret\/","name":"A po i rehabilitojm\u00eb okupator\u00ebt (?!) - FjALA e LIR\u00cb - Arkivi","isPartOf":{"@id":"https:\/\/fjala.info\/2009-2015\/#website"},"primaryImageOfPage":{"@id":"https:\/\/fjala.info\/2009-2015\/a-po-i-rehabilitojme-okupatoret\/#primaryimage"},"image":{"@id":"https:\/\/fjala.info\/2009-2015\/a-po-i-rehabilitojme-okupatoret\/#primaryimage"},"thumbnailUrl":"http:\/\/fjala.shkoder.net\/wp-content\/uploads\/2010\/08\/frrok_kristaj-150x150.jpg","datePublished":"2010-08-26T08:08:38+00:00","breadcrumb":{"@id":"https:\/\/fjala.info\/2009-2015\/a-po-i-rehabilitojme-okupatoret\/#breadcrumb"},"inLanguage":"sq-AL","potentialAction":[{"@type":"ReadAction","target":["https:\/\/fjala.info\/2009-2015\/a-po-i-rehabilitojme-okupatoret\/"]}]},{"@type":"ImageObject","inLanguage":"sq-AL","@id":"https:\/\/fjala.info\/2009-2015\/a-po-i-rehabilitojme-okupatoret\/#primaryimage","url":"http:\/\/fjala.shkoder.net\/wp-content\/uploads\/2010\/08\/frrok_kristaj-150x150.jpg","contentUrl":"http:\/\/fjala.shkoder.net\/wp-content\/uploads\/2010\/08\/frrok_kristaj-150x150.jpg"},{"@type":"BreadcrumbList","@id":"https:\/\/fjala.info\/2009-2015\/a-po-i-rehabilitojme-okupatoret\/#breadcrumb","itemListElement":[{"@type":"ListItem","position":1,"name":"Home","item":"https:\/\/fjala.info\/2009-2015\/"},{"@type":"ListItem","position":2,"name":"A po i rehabilitojm\u00eb okupator\u00ebt (?!)"}]},{"@type":"WebSite","@id":"https:\/\/fjala.info\/2009-2015\/#website","url":"https:\/\/fjala.info\/2009-2015\/","name":"FjALA e LIR\u00cb - Arkivi","description":"Arkivi 2009-2015","publisher":{"@id":"https:\/\/fjala.info\/2009-2015\/#organization"},"potentialAction":[{"@type":"SearchAction","target":{"@type":"EntryPoint","urlTemplate":"https:\/\/fjala.info\/2009-2015\/?s={search_term_string}"},"query-input":{"@type":"PropertyValueSpecification","valueRequired":true,"valueName":"search_term_string"}}],"inLanguage":"sq-AL"},{"@type":"Organization","@id":"https:\/\/fjala.info\/2009-2015\/#organization","name":"FjALA e LIR\u00cb - Arkivi","url":"https:\/\/fjala.info\/2009-2015\/","logo":{"@type":"ImageObject","inLanguage":"sq-AL","@id":"https:\/\/fjala.info\/2009-2015\/#\/schema\/logo\/image\/","url":"","contentUrl":"","caption":"FjALA e LIR\u00cb - Arkivi"},"image":{"@id":"https:\/\/fjala.info\/2009-2015\/#\/schema\/logo\/image\/"}},{"@type":"Person","@id":"https:\/\/fjala.info\/2009-2015\/#\/schema\/person\/3aa1163ef05469c496fc94e77611ada2","name":"admin","image":{"@type":"ImageObject","inLanguage":"sq-AL","@id":"https:\/\/fjala.info\/2009-2015\/wp-content\/uploads\/2012\/02\/arben_cokaj-120x150.jpg","url":"https:\/\/fjala.info\/2009-2015\/wp-content\/uploads\/2012\/02\/arben_cokaj-120x150.jpg","contentUrl":"https:\/\/fjala.info\/2009-2015\/wp-content\/uploads\/2012\/02\/arben_cokaj-120x150.jpg","caption":"admin"},"description":"Admin, Fjala e Lir\u00eb","sameAs":["https:\/\/fjala.info\/"],"url":"https:\/\/fjala.info\/2009-2015\/author\/admin\/"}]}},"_links":{"self":[{"href":"https:\/\/fjala.info\/2009-2015\/wp-json\/wp\/v2\/posts\/3865","targetHints":{"allow":["GET"]}}],"collection":[{"href":"https:\/\/fjala.info\/2009-2015\/wp-json\/wp\/v2\/posts"}],"about":[{"href":"https:\/\/fjala.info\/2009-2015\/wp-json\/wp\/v2\/types\/post"}],"author":[{"embeddable":true,"href":"https:\/\/fjala.info\/2009-2015\/wp-json\/wp\/v2\/users\/1"}],"replies":[{"embeddable":true,"href":"https:\/\/fjala.info\/2009-2015\/wp-json\/wp\/v2\/comments?post=3865"}],"version-history":[{"count":0,"href":"https:\/\/fjala.info\/2009-2015\/wp-json\/wp\/v2\/posts\/3865\/revisions"}],"wp:attachment":[{"href":"https:\/\/fjala.info\/2009-2015\/wp-json\/wp\/v2\/media?parent=3865"}],"wp:term":[{"taxonomy":"category","embeddable":true,"href":"https:\/\/fjala.info\/2009-2015\/wp-json\/wp\/v2\/categories?post=3865"},{"taxonomy":"post_tag","embeddable":true,"href":"https:\/\/fjala.info\/2009-2015\/wp-json\/wp\/v2\/tags?post=3865"}],"curies":[{"name":"wp","href":"https:\/\/api.w.org\/{rel}","templated":true}]}}