{"id":3843,"date":"2010-08-24T13:50:08","date_gmt":"2010-08-24T12:50:08","guid":{"rendered":"http:\/\/fjala.shkoder.net\/?p=3843"},"modified":"2010-08-24T13:50:08","modified_gmt":"2010-08-24T12:50:08","slug":"pasuria-ime-je-ti-o-sali","status":"publish","type":"post","link":"https:\/\/fjala.info\/2009-2015\/pasuria-ime-je-ti-o-sali\/","title":{"rendered":"Pasuria ime je ti, o Sali!"},"content":{"rendered":"<p><img loading=\"lazy\" decoding=\"async\" src=\"http:\/\/fjala.shkoder.net\/wp-content\/uploads\/2010\/08\/fatos_nano.jpg\" alt=\"\" title=\"Fatos Nano\" width=\"130\" height=\"176\" class=\"alignright size-full wp-image-3854\" \/><\/p>\n<p><strong>Fatos Nano<\/strong>, <em>24.08.2010<\/em><\/p>\n<p>&#8230;Ndryshimi me t\u00eb kaluar\u00ebn kur qeverisnit ju, mocionist\u00ebt, \u00ebsht\u00eb evident: ne nuk qeverisim me pasione, por me ligje, ne nuk biem pre e emocioneve politike dhe arkaike, por i bindemi ligjit. Ne nuk rind\u00ebrtojm\u00eb nj\u00eb luft\u00eb gjahu shtrigash si\u00e7 ishin rastet qesharake t\u00eb &#8220;drurit t\u00eb arr\u00ebs&#8221; kur doktori iu v\u00ebrsul, n\u00eb em\u00ebr t\u00eb luft\u00ebs kund\u00ebr korrupsionit ish-ministrit t\u00eb vet t\u00eb financave vet\u00ebm, sepse nuk po i bindej politikisht.<\/p>\n<p>Ne nuk lejojm\u00eb t\u00eb abuzohet me detyr\u00ebn apo t\u00eb anashkalohet ligji n\u00eb em\u00ebr t\u00eb luft\u00ebs s\u00eb klasave, si\u00e7 b\u00ebnte doktori dhe si\u00e7 pretendon se ta b\u00ebj\u00eb s\u00ebrish, n\u00ebse vjen &#8220;por s&#8217;ka p\u00ebr t\u00eb ardhur&#8221; n\u00eb pushtet.<\/p>\n<p>Ne nuk nd\u00ebrtuam kompani biznesi pran\u00eb partive tona, si\u00e7 b\u00ebt\u00eb ju me firma &#8220;shqiponjash&#8221; (dhe po ju sjell n\u00eb kujtes\u00eb vet\u00ebm ndonj\u00eb nga &#8220;\u00e7udit\u00eb&#8221; tuaja) Shqiponja, aspak komb\u00ebtare, me t\u00eb cilat kontrollonit dhe realizonit kontraband\u00ebn me Serbin\u00eb e Miloshevicit. Ne nuk lejuam nd\u00ebrtimin e firmave piramidale, ju e dini mir\u00eb q\u00eb k\u00ebto jan\u00eb arkivuar si burime t\u00eb pastra t\u00eb nj\u00eb korrupsioni galopant qeveritar q\u00eb shkat\u00ebrroi shtetin. Ne nd\u00ebrtuam banka serioze dhe vazhdojm\u00eb t\u00eb luftojm\u00eb me mjete ligjore dhe institucionale informalitetin.<\/p>\n<p>Madje, ne me vet\u00ebdije politike dit\u00ebm t\u00eb marrim dhe t\u00eb mbajm\u00eb edhe kosto t\u00eb larta jo vet\u00ebm administrative e qeveris\u00ebse, por edhe politike, duke i \u00e7rr\u00ebnjosur p\u00ebrfundimisht piramidat q\u00eb ngrit\u00ebt ju p\u00ebr t\u00eb r\u00ebn\u00eb vet\u00eb brenda.<\/p>\n<p>Deri n\u00eb vitin &#8217;97-t\u00eb kur n\u00eb Shqip\u00ebri g\u00eblonin faturat prej bakalli te Sude Alimuc\u00ebve, korrupsioni dhe konflikti i interesave konsideroheshin nga lidershipi i koh\u00ebs &#8220;pleh&#8221; q\u00eb ndihmonte kapitalizmin e ri shqiptar t\u00eb lul\u00ebzonte. Vet\u00eb kryetari juaj n\u00eb nj\u00eb mbledhje t\u00eb K\u00ebshillit t\u00eb vet Komb\u00ebtar kur ishte President, kritikoi an\u00ebtar\u00ebt e forumit t\u00eb vet pse nuk merreshin me biznes.<\/p>\n<p>Shtypi opozitar i asaj periudhe e konfirmon k\u00ebt\u00eb deklarim. Kjo filozofi e kryetarit tuaj shpjegon m\u00eb s\u00eb miri munges\u00ebn e akteve ligjore e n\u00ebnligjore q\u00eb ju duhet t\u00eb aktivizonit p\u00ebr t\u00eb nd\u00ebrhyr\u00eb n\u00eb luft\u00ebn kund\u00ebr korrupsionit dhe te konfliktit t\u00eb interesave gjat\u00eb regjimit t\u00eb tij t\u00eb korruptuar deri n\u00eb palc\u00eb. Beteja e v\u00ebrtet\u00eb kund\u00ebr k\u00ebtyre fenomeneve g\u00ebrryese p\u00ebr shoq\u00ebrin\u00eb, ekonomin\u00eb dhe shtetin shqiptar ka filluar realisht n\u00eb vitin &#8217;97-t\u00eb, me p\u00ebrmbysjen e regjimit t\u00eb Berish\u00ebs nga vota plebishitare e shqiptar\u00ebve.<\/p>\n<p>&#8230;Grupi i opozit\u00ebs ka n\u00eb p\u00ebrb\u00ebrjen e vet q\u00eb nga pronar\u00eb restorantesh e deri n\u00eb tregtar\u00eb grosist\u00eb apo investitor\u00eb q\u00eb njihen nga t\u00eb gjith\u00eb. Edhe listat e kandidat\u00ebve p\u00ebr deputet\u00eb t\u00eb opozit\u00ebs aktuale q\u00eb do t\u00eb jet\u00eb edhe opozita e nes\u00ebrme, kan\u00eb n\u00eb p\u00ebrb\u00ebrje njer\u00ebz t\u00eb pasur dhe me biznese, t\u00eb cil\u00ebt s\u00eb shpejti do i shihni n\u00eb krah t\u00eb zotit Berisha n\u00eb fushat\u00eb apo n\u00eb faturat e transparenc\u00ebs s\u00eb financimit t\u00eb fushat\u00ebs zgjedhore.<\/p>\n<p>Ne jemi pro p\u00ebrfshirjes n\u00eb politik\u00eb dhe vendimmarrje qeveris\u00ebse t\u00eb \u00e7do sip\u00ebrmarr\u00ebsi q\u00eb p\u00ebrvoj\u00ebn e vet t\u00eb menaxhimit e v\u00eb n\u00eb dispozicion t\u00eb p\u00ebrmir\u00ebsimit t\u00eb menaxhimit t\u00eb politik\u00ebs dhe t\u00eb shtetit, me kushtin q\u00eb tashm\u00eb \u00ebsht\u00eb b\u00ebr\u00eb dhe norm\u00eb ligjore, t\u00eb mos shtojn\u00eb asnj\u00eb qindark\u00eb t\u00eb pasuris\u00eb s\u00eb vet n\u00ebp\u00ebrmjet ushtrimit t\u00eb funksionit publik.<\/p>\n<p>Neni 70, pika 3 e Kushtetut\u00ebs parashikon, p\u00ebr m\u00eb tep\u00ebr, p\u00ebr deputet\u00ebt se &#8220;nuk mund t\u00eb kryejn\u00eb asnj\u00eb veprimtari fitimprur\u00ebse q\u00eb buron nga pasuria e shtetit ose e pushtetit vendor dhe as t\u00eb fitojn\u00eb pasuri t\u00eb k\u00ebtyre&#8221;.<\/p>\n<p>P\u00ebr k\u00ebt\u00eb arsye do t\u00eb kishte ting\u00eblluar t\u00eb pakt\u00ebn si m\u00eb e ndershme q\u00eb n\u00eb objektin e mocionit p\u00ebr debat t\u00eb ishte k\u00ebrkuar diskutimi jo vet\u00ebm i atyre t\u00eb &#8220;njerk\u00ebs&#8221; (dometh\u00ebn\u00eb ministrave, neni 103) p\u00ebr arsye q\u00eb vet\u00ebkuptohen, por edhe i atyre t\u00eb &#8220;n\u00ebn\u00ebs&#8221; (pra autor\u00ebve dhe bashk\u00ebkoleg\u00ebve n\u00eb k\u00ebt\u00eb sall\u00eb, deputet\u00ebve, nenet 70 dhe 103), edhe pse n\u00eb k\u00ebt\u00eb rast p\u00ebrgjigja do t\u00eb ishte e nj\u00ebjta, sepse p\u00ebrgjigja ime nuk \u00ebsht\u00eb pjes\u00eb e loj\u00ebs politike, por \u00ebsht\u00eb thjesht nj\u00eb p\u00ebrgjigje e qart\u00eb ligjore.<\/p>\n<p>&#8230;Ju kujtoj se gjat\u00eb asaj interpelance n\u00eb fjal\u00ebn time t\u00eb holl\u00ebsishme un\u00eb ju solla n\u00eb v\u00ebmendje se sa qesharake kan\u00eb qen\u00eb dhe mbeten akuzat tuaja, sipas s\u00eb cilave un\u00eb paskam p\u00ebrvet\u00ebsuar m\u00eb shum\u00eb se 2 miliard\u00eb dollar\u00eb amerikan\u00eb.<\/p>\n<p>Mb\u00ebshtetur n\u00eb akuzat tuaja, q\u00eb vazhdojn\u00eb t\u00eb b\u00ebjn\u00eb rikoshet, gjat\u00eb periudh\u00ebs q\u00eb na ndan nga ajo dit\u00eb kjo shif\u00ebr ka mb\u00ebrritur n\u00eb mbi tre miliard\u00eb, pasi vet\u00ebm nga taksat, brenda nj\u00eb viti, un\u00eb p\u00ebrvet\u00ebsuakam, gjithnj\u00eb sipas Berish\u00ebs, 1,4 miliard\u00eb t\u00eb tjer\u00eb k\u00ebsaj radhe.<\/p>\n<p>P\u00ebrfitoj t\u00eb p\u00ebrs\u00ebris k\u00ebtu se e vetmja pasuri e imja dhe e hipotekuar politikisht mbetesh ti, o Sali! N\u00eb respekt t\u00eb publikut m\u00eb lejoni t\u00eb deklaroj se bashk\u00ebshortja ime ka nj\u00eb biznes t\u00eb ligjsh\u00ebm, t\u00eb regjistruar dhe me veprimtari transparente, si askush tjet\u00ebr dhe se ajo asnj\u00ebher\u00eb dhe n\u00eb asnj\u00eb rrethan\u00eb nuk ka p\u00ebrfituar nga ndonj\u00eb tender apo pare publike e buxhetit t\u00eb shtetit.<\/p>\n<p>Ju ftoj t\u00eb b\u00ebni vet\u00eb publike emrat e deputet\u00ebve tuaj, deri edhe t\u00eb zgjedhur n\u00eb funksione apo forume shum\u00eb t\u00eb larta q\u00eb gjith\u00eb dit\u00ebn ose merren me biznese dhe me trafiqe influencash ose sillen n\u00eb paradhoma t\u00eb ministrave &#8220;q\u00eb ju i akuzoni p\u00ebr konflikt interesash&#8221; jo p\u00ebr hallet e elektoratit por p\u00ebr ndere personale joligjore p\u00ebr biznese dhe prona private t\u00eb tyre apo t\u00eb ortak\u00ebve t\u00eb fsheht\u00eb biznesmen\u00eb.<\/p>\n<p>*(<em>Pjes\u00eb nga fjala e ish-kryeministrit Fatos Nano n\u00eb seanc\u00ebn plenare n\u00eb Kuvend n\u00eb 5 prill 2005, kur opozita e z. Berisha kishte k\u00ebrkuar mocion p\u00ebr debat ndaj shefit t\u00eb qeveris\u00eb<\/em>)<\/p>\n","protected":false},"excerpt":{"rendered":"<p>Fatos Nano, 24.08.2010 &#8230;Ndryshimi me t\u00eb kaluar\u00ebn kur qeverisnit ju, mocionist\u00ebt, \u00ebsht\u00eb evident: ne nuk qeverisim me pasione, por me ligje, ne nuk biem pre e emocioneve politike dhe arkaike, por i bindemi ligjit. Ne nuk rind\u00ebrtojm\u00eb nj\u00eb luft\u00eb gjahu shtrigash si\u00e7 ishin rastet qesharake t\u00eb &#8220;drurit t\u00eb arr\u00ebs&#8221; kur doktori iu v\u00ebrsul, n\u00eb em\u00ebr [&hellip;]<\/p>\n","protected":false},"author":1,"featured_media":0,"comment_status":"open","ping_status":"closed","sticky":false,"template":"","format":"standard","meta":{"footnotes":""},"categories":[2],"tags":[],"class_list":{"0":"post-3843","1":"post","2":"type-post","3":"status-publish","4":"format-standard","6":"category-artikuj"},"yoast_head":"<!-- This site is optimized with the Yoast SEO plugin v27.4 - https:\/\/yoast.com\/product\/yoast-seo-wordpress\/ -->\n<title>Pasuria ime je ti, o Sali! - FjALA e LIR\u00cb - Arkivi<\/title>\n<meta name=\"robots\" content=\"index, follow, max-snippet:-1, max-image-preview:large, max-video-preview:-1\" \/>\n<link rel=\"canonical\" href=\"https:\/\/fjala.info\/2009-2015\/pasuria-ime-je-ti-o-sali\/\" \/>\n<meta property=\"og:locale\" content=\"sq_AL\" \/>\n<meta property=\"og:type\" content=\"article\" \/>\n<meta property=\"og:title\" content=\"Pasuria ime je ti, o Sali! - FjALA e LIR\u00cb - Arkivi\" \/>\n<meta property=\"og:description\" content=\"Fatos Nano, 24.08.2010 &#8230;Ndryshimi me t\u00eb kaluar\u00ebn kur qeverisnit ju, mocionist\u00ebt, \u00ebsht\u00eb evident: ne nuk qeverisim me pasione, por me ligje, ne nuk biem pre e emocioneve politike dhe arkaike, por i bindemi ligjit. Ne nuk rind\u00ebrtojm\u00eb nj\u00eb luft\u00eb gjahu shtrigash si\u00e7 ishin rastet qesharake t\u00eb &#8220;drurit t\u00eb arr\u00ebs&#8221; kur doktori iu v\u00ebrsul, n\u00eb em\u00ebr [&hellip;]\" \/>\n<meta property=\"og:url\" content=\"https:\/\/fjala.info\/2009-2015\/pasuria-ime-je-ti-o-sali\/\" \/>\n<meta property=\"og:site_name\" content=\"FjALA e LIR\u00cb - Arkivi\" \/>\n<meta property=\"article:published_time\" content=\"2010-08-24T12:50:08+00:00\" \/>\n<meta property=\"og:image\" content=\"http:\/\/fjala.shkoder.net\/wp-content\/uploads\/2010\/08\/fatos_nano.jpg\" \/>\n<meta name=\"author\" content=\"admin\" \/>\n<meta name=\"twitter:card\" content=\"summary_large_image\" \/>\n<meta name=\"twitter:label1\" content=\"Written by\" \/>\n\t<meta name=\"twitter:data1\" content=\"admin\" \/>\n\t<meta name=\"twitter:label2\" content=\"Est. reading time\" \/>\n\t<meta name=\"twitter:data2\" content=\"5 minutes\" \/>\n<script type=\"application\/ld+json\" class=\"yoast-schema-graph\">{\"@context\":\"https:\\\/\\\/schema.org\",\"@graph\":[{\"@type\":\"Article\",\"@id\":\"https:\\\/\\\/fjala.info\\\/2009-2015\\\/pasuria-ime-je-ti-o-sali\\\/#article\",\"isPartOf\":{\"@id\":\"https:\\\/\\\/fjala.info\\\/2009-2015\\\/pasuria-ime-je-ti-o-sali\\\/\"},\"author\":{\"name\":\"admin\",\"@id\":\"https:\\\/\\\/fjala.info\\\/2009-2015\\\/#\\\/schema\\\/person\\\/3aa1163ef05469c496fc94e77611ada2\"},\"headline\":\"Pasuria ime je ti, o Sali!\",\"datePublished\":\"2010-08-24T12:50:08+00:00\",\"mainEntityOfPage\":{\"@id\":\"https:\\\/\\\/fjala.info\\\/2009-2015\\\/pasuria-ime-je-ti-o-sali\\\/\"},\"wordCount\":1001,\"commentCount\":0,\"publisher\":{\"@id\":\"https:\\\/\\\/fjala.info\\\/2009-2015\\\/#organization\"},\"image\":{\"@id\":\"https:\\\/\\\/fjala.info\\\/2009-2015\\\/pasuria-ime-je-ti-o-sali\\\/#primaryimage\"},\"thumbnailUrl\":\"http:\\\/\\\/fjala.shkoder.net\\\/wp-content\\\/uploads\\\/2010\\\/08\\\/fatos_nano.jpg\",\"articleSection\":[\"Artikuj\"],\"inLanguage\":\"sq-AL\",\"potentialAction\":[{\"@type\":\"CommentAction\",\"name\":\"Comment\",\"target\":[\"https:\\\/\\\/fjala.info\\\/2009-2015\\\/pasuria-ime-je-ti-o-sali\\\/#respond\"]}]},{\"@type\":\"WebPage\",\"@id\":\"https:\\\/\\\/fjala.info\\\/2009-2015\\\/pasuria-ime-je-ti-o-sali\\\/\",\"url\":\"https:\\\/\\\/fjala.info\\\/2009-2015\\\/pasuria-ime-je-ti-o-sali\\\/\",\"name\":\"Pasuria ime je ti, o Sali! - FjALA e LIR\u00cb - Arkivi\",\"isPartOf\":{\"@id\":\"https:\\\/\\\/fjala.info\\\/2009-2015\\\/#website\"},\"primaryImageOfPage\":{\"@id\":\"https:\\\/\\\/fjala.info\\\/2009-2015\\\/pasuria-ime-je-ti-o-sali\\\/#primaryimage\"},\"image\":{\"@id\":\"https:\\\/\\\/fjala.info\\\/2009-2015\\\/pasuria-ime-je-ti-o-sali\\\/#primaryimage\"},\"thumbnailUrl\":\"http:\\\/\\\/fjala.shkoder.net\\\/wp-content\\\/uploads\\\/2010\\\/08\\\/fatos_nano.jpg\",\"datePublished\":\"2010-08-24T12:50:08+00:00\",\"breadcrumb\":{\"@id\":\"https:\\\/\\\/fjala.info\\\/2009-2015\\\/pasuria-ime-je-ti-o-sali\\\/#breadcrumb\"},\"inLanguage\":\"sq-AL\",\"potentialAction\":[{\"@type\":\"ReadAction\",\"target\":[\"https:\\\/\\\/fjala.info\\\/2009-2015\\\/pasuria-ime-je-ti-o-sali\\\/\"]}]},{\"@type\":\"ImageObject\",\"inLanguage\":\"sq-AL\",\"@id\":\"https:\\\/\\\/fjala.info\\\/2009-2015\\\/pasuria-ime-je-ti-o-sali\\\/#primaryimage\",\"url\":\"http:\\\/\\\/fjala.shkoder.net\\\/wp-content\\\/uploads\\\/2010\\\/08\\\/fatos_nano.jpg\",\"contentUrl\":\"http:\\\/\\\/fjala.shkoder.net\\\/wp-content\\\/uploads\\\/2010\\\/08\\\/fatos_nano.jpg\"},{\"@type\":\"BreadcrumbList\",\"@id\":\"https:\\\/\\\/fjala.info\\\/2009-2015\\\/pasuria-ime-je-ti-o-sali\\\/#breadcrumb\",\"itemListElement\":[{\"@type\":\"ListItem\",\"position\":1,\"name\":\"Home\",\"item\":\"https:\\\/\\\/fjala.info\\\/2009-2015\\\/\"},{\"@type\":\"ListItem\",\"position\":2,\"name\":\"Pasuria ime je ti, o Sali!\"}]},{\"@type\":\"WebSite\",\"@id\":\"https:\\\/\\\/fjala.info\\\/2009-2015\\\/#website\",\"url\":\"https:\\\/\\\/fjala.info\\\/2009-2015\\\/\",\"name\":\"FjALA e LIR\u00cb - Arkivi\",\"description\":\"Arkivi 2009-2015\",\"publisher\":{\"@id\":\"https:\\\/\\\/fjala.info\\\/2009-2015\\\/#organization\"},\"potentialAction\":[{\"@type\":\"SearchAction\",\"target\":{\"@type\":\"EntryPoint\",\"urlTemplate\":\"https:\\\/\\\/fjala.info\\\/2009-2015\\\/?s={search_term_string}\"},\"query-input\":{\"@type\":\"PropertyValueSpecification\",\"valueRequired\":true,\"valueName\":\"search_term_string\"}}],\"inLanguage\":\"sq-AL\"},{\"@type\":\"Organization\",\"@id\":\"https:\\\/\\\/fjala.info\\\/2009-2015\\\/#organization\",\"name\":\"FjALA e LIR\u00cb - Arkivi\",\"url\":\"https:\\\/\\\/fjala.info\\\/2009-2015\\\/\",\"logo\":{\"@type\":\"ImageObject\",\"inLanguage\":\"sq-AL\",\"@id\":\"https:\\\/\\\/fjala.info\\\/2009-2015\\\/#\\\/schema\\\/logo\\\/image\\\/\",\"url\":\"\",\"contentUrl\":\"\",\"caption\":\"FjALA e LIR\u00cb - Arkivi\"},\"image\":{\"@id\":\"https:\\\/\\\/fjala.info\\\/2009-2015\\\/#\\\/schema\\\/logo\\\/image\\\/\"}},{\"@type\":\"Person\",\"@id\":\"https:\\\/\\\/fjala.info\\\/2009-2015\\\/#\\\/schema\\\/person\\\/3aa1163ef05469c496fc94e77611ada2\",\"name\":\"admin\",\"image\":{\"@type\":\"ImageObject\",\"inLanguage\":\"sq-AL\",\"@id\":\"https:\\\/\\\/fjala.info\\\/2009-2015\\\/wp-content\\\/uploads\\\/2012\\\/02\\\/arben_cokaj-120x150.jpg\",\"url\":\"https:\\\/\\\/fjala.info\\\/2009-2015\\\/wp-content\\\/uploads\\\/2012\\\/02\\\/arben_cokaj-120x150.jpg\",\"contentUrl\":\"https:\\\/\\\/fjala.info\\\/2009-2015\\\/wp-content\\\/uploads\\\/2012\\\/02\\\/arben_cokaj-120x150.jpg\",\"caption\":\"admin\"},\"description\":\"Admin, Fjala e Lir\u00eb\",\"sameAs\":[\"https:\\\/\\\/fjala.info\\\/\"],\"url\":\"https:\\\/\\\/fjala.info\\\/2009-2015\\\/author\\\/admin\\\/\"}]}<\/script>\n<!-- \/ Yoast SEO plugin. -->","yoast_head_json":{"title":"Pasuria ime je ti, o Sali! - FjALA e LIR\u00cb - Arkivi","robots":{"index":"index","follow":"follow","max-snippet":"max-snippet:-1","max-image-preview":"max-image-preview:large","max-video-preview":"max-video-preview:-1"},"canonical":"https:\/\/fjala.info\/2009-2015\/pasuria-ime-je-ti-o-sali\/","og_locale":"sq_AL","og_type":"article","og_title":"Pasuria ime je ti, o Sali! - FjALA e LIR\u00cb - Arkivi","og_description":"Fatos Nano, 24.08.2010 &#8230;Ndryshimi me t\u00eb kaluar\u00ebn kur qeverisnit ju, mocionist\u00ebt, \u00ebsht\u00eb evident: ne nuk qeverisim me pasione, por me ligje, ne nuk biem pre e emocioneve politike dhe arkaike, por i bindemi ligjit. Ne nuk rind\u00ebrtojm\u00eb nj\u00eb luft\u00eb gjahu shtrigash si\u00e7 ishin rastet qesharake t\u00eb &#8220;drurit t\u00eb arr\u00ebs&#8221; kur doktori iu v\u00ebrsul, n\u00eb em\u00ebr [&hellip;]","og_url":"https:\/\/fjala.info\/2009-2015\/pasuria-ime-je-ti-o-sali\/","og_site_name":"FjALA e LIR\u00cb - Arkivi","article_published_time":"2010-08-24T12:50:08+00:00","og_image":[{"url":"http:\/\/fjala.shkoder.net\/wp-content\/uploads\/2010\/08\/fatos_nano.jpg","type":"","width":"","height":""}],"author":"admin","twitter_card":"summary_large_image","twitter_misc":{"Written by":"admin","Est. reading time":"5 minutes"},"schema":{"@context":"https:\/\/schema.org","@graph":[{"@type":"Article","@id":"https:\/\/fjala.info\/2009-2015\/pasuria-ime-je-ti-o-sali\/#article","isPartOf":{"@id":"https:\/\/fjala.info\/2009-2015\/pasuria-ime-je-ti-o-sali\/"},"author":{"name":"admin","@id":"https:\/\/fjala.info\/2009-2015\/#\/schema\/person\/3aa1163ef05469c496fc94e77611ada2"},"headline":"Pasuria ime je ti, o Sali!","datePublished":"2010-08-24T12:50:08+00:00","mainEntityOfPage":{"@id":"https:\/\/fjala.info\/2009-2015\/pasuria-ime-je-ti-o-sali\/"},"wordCount":1001,"commentCount":0,"publisher":{"@id":"https:\/\/fjala.info\/2009-2015\/#organization"},"image":{"@id":"https:\/\/fjala.info\/2009-2015\/pasuria-ime-je-ti-o-sali\/#primaryimage"},"thumbnailUrl":"http:\/\/fjala.shkoder.net\/wp-content\/uploads\/2010\/08\/fatos_nano.jpg","articleSection":["Artikuj"],"inLanguage":"sq-AL","potentialAction":[{"@type":"CommentAction","name":"Comment","target":["https:\/\/fjala.info\/2009-2015\/pasuria-ime-je-ti-o-sali\/#respond"]}]},{"@type":"WebPage","@id":"https:\/\/fjala.info\/2009-2015\/pasuria-ime-je-ti-o-sali\/","url":"https:\/\/fjala.info\/2009-2015\/pasuria-ime-je-ti-o-sali\/","name":"Pasuria ime je ti, o Sali! - FjALA e LIR\u00cb - Arkivi","isPartOf":{"@id":"https:\/\/fjala.info\/2009-2015\/#website"},"primaryImageOfPage":{"@id":"https:\/\/fjala.info\/2009-2015\/pasuria-ime-je-ti-o-sali\/#primaryimage"},"image":{"@id":"https:\/\/fjala.info\/2009-2015\/pasuria-ime-je-ti-o-sali\/#primaryimage"},"thumbnailUrl":"http:\/\/fjala.shkoder.net\/wp-content\/uploads\/2010\/08\/fatos_nano.jpg","datePublished":"2010-08-24T12:50:08+00:00","breadcrumb":{"@id":"https:\/\/fjala.info\/2009-2015\/pasuria-ime-je-ti-o-sali\/#breadcrumb"},"inLanguage":"sq-AL","potentialAction":[{"@type":"ReadAction","target":["https:\/\/fjala.info\/2009-2015\/pasuria-ime-je-ti-o-sali\/"]}]},{"@type":"ImageObject","inLanguage":"sq-AL","@id":"https:\/\/fjala.info\/2009-2015\/pasuria-ime-je-ti-o-sali\/#primaryimage","url":"http:\/\/fjala.shkoder.net\/wp-content\/uploads\/2010\/08\/fatos_nano.jpg","contentUrl":"http:\/\/fjala.shkoder.net\/wp-content\/uploads\/2010\/08\/fatos_nano.jpg"},{"@type":"BreadcrumbList","@id":"https:\/\/fjala.info\/2009-2015\/pasuria-ime-je-ti-o-sali\/#breadcrumb","itemListElement":[{"@type":"ListItem","position":1,"name":"Home","item":"https:\/\/fjala.info\/2009-2015\/"},{"@type":"ListItem","position":2,"name":"Pasuria ime je ti, o Sali!"}]},{"@type":"WebSite","@id":"https:\/\/fjala.info\/2009-2015\/#website","url":"https:\/\/fjala.info\/2009-2015\/","name":"FjALA e LIR\u00cb - Arkivi","description":"Arkivi 2009-2015","publisher":{"@id":"https:\/\/fjala.info\/2009-2015\/#organization"},"potentialAction":[{"@type":"SearchAction","target":{"@type":"EntryPoint","urlTemplate":"https:\/\/fjala.info\/2009-2015\/?s={search_term_string}"},"query-input":{"@type":"PropertyValueSpecification","valueRequired":true,"valueName":"search_term_string"}}],"inLanguage":"sq-AL"},{"@type":"Organization","@id":"https:\/\/fjala.info\/2009-2015\/#organization","name":"FjALA e LIR\u00cb - Arkivi","url":"https:\/\/fjala.info\/2009-2015\/","logo":{"@type":"ImageObject","inLanguage":"sq-AL","@id":"https:\/\/fjala.info\/2009-2015\/#\/schema\/logo\/image\/","url":"","contentUrl":"","caption":"FjALA e LIR\u00cb - Arkivi"},"image":{"@id":"https:\/\/fjala.info\/2009-2015\/#\/schema\/logo\/image\/"}},{"@type":"Person","@id":"https:\/\/fjala.info\/2009-2015\/#\/schema\/person\/3aa1163ef05469c496fc94e77611ada2","name":"admin","image":{"@type":"ImageObject","inLanguage":"sq-AL","@id":"https:\/\/fjala.info\/2009-2015\/wp-content\/uploads\/2012\/02\/arben_cokaj-120x150.jpg","url":"https:\/\/fjala.info\/2009-2015\/wp-content\/uploads\/2012\/02\/arben_cokaj-120x150.jpg","contentUrl":"https:\/\/fjala.info\/2009-2015\/wp-content\/uploads\/2012\/02\/arben_cokaj-120x150.jpg","caption":"admin"},"description":"Admin, Fjala e Lir\u00eb","sameAs":["https:\/\/fjala.info\/"],"url":"https:\/\/fjala.info\/2009-2015\/author\/admin\/"}]}},"_links":{"self":[{"href":"https:\/\/fjala.info\/2009-2015\/wp-json\/wp\/v2\/posts\/3843","targetHints":{"allow":["GET"]}}],"collection":[{"href":"https:\/\/fjala.info\/2009-2015\/wp-json\/wp\/v2\/posts"}],"about":[{"href":"https:\/\/fjala.info\/2009-2015\/wp-json\/wp\/v2\/types\/post"}],"author":[{"embeddable":true,"href":"https:\/\/fjala.info\/2009-2015\/wp-json\/wp\/v2\/users\/1"}],"replies":[{"embeddable":true,"href":"https:\/\/fjala.info\/2009-2015\/wp-json\/wp\/v2\/comments?post=3843"}],"version-history":[{"count":0,"href":"https:\/\/fjala.info\/2009-2015\/wp-json\/wp\/v2\/posts\/3843\/revisions"}],"wp:attachment":[{"href":"https:\/\/fjala.info\/2009-2015\/wp-json\/wp\/v2\/media?parent=3843"}],"wp:term":[{"taxonomy":"category","embeddable":true,"href":"https:\/\/fjala.info\/2009-2015\/wp-json\/wp\/v2\/categories?post=3843"},{"taxonomy":"post_tag","embeddable":true,"href":"https:\/\/fjala.info\/2009-2015\/wp-json\/wp\/v2\/tags?post=3843"}],"curies":[{"name":"wp","href":"https:\/\/api.w.org\/{rel}","templated":true}]}}