{"id":3841,"date":"2010-08-24T13:47:55","date_gmt":"2010-08-24T12:47:55","guid":{"rendered":"http:\/\/fjala.shkoder.net\/?p=3841"},"modified":"2010-08-24T13:47:55","modified_gmt":"2010-08-24T12:47:55","slug":"bejme-sikur-bejme","status":"publish","type":"post","link":"https:\/\/fjala.info\/2009-2015\/bejme-sikur-bejme\/","title":{"rendered":"B\u00cbJM\u00cb SIKUR B\u00cbJM\u00cb"},"content":{"rendered":"<p><img decoding=\"async\" style=\"margin-left: 10px; margin-right: 10px; border: 0px;\" title=\"Artan Lame\" src=\"http:\/\/www.shkoder.net\/images\/fjala\/artan_lame.jpg\" border=\"0\" alt=\"\" width=\"150\" align=\"right\" \/><\/p>\n<p><strong>Artan Lame<\/strong><\/p>\n<p><em>SHQIPNI TAVOLINASH<\/em><\/p>\n<p><strong>B\u00cbJM\u00cb SIKUR B\u00cbJM\u00cb<\/strong><br \/>\nNe, vdekatar\u00ebt e thjesht\u00eb, nuk b\u00ebjm\u00eb dot pun\u00eb t\u00eb m\u00ebdha. K\u00ebto i b\u00ebjn\u00eb deputet\u00ebt duke denoncuar nj\u00ebri-tjetrin pa prajtun. Madje jo t\u00eb gjith\u00eb deputet\u00ebt, por vet\u00ebm ata t\u00eb rinjt\u00eb mes tyre, se t\u00eb tjer\u00ebt merren me biznese. Ne t\u00eb tjer\u00ebt pastaj, merremi me vog\u00eblsirat e k\u00ebsaj bote, t\u00eb shp\u00ebtojm\u00eb ndonj\u00eb shat\u00ebrvan a k\u00ebshtjell\u00eb, t\u00eb mbrojm\u00eb ndonj\u00eb park publik, a lulishte, a monument t\u00eb rrezikuar.<\/p>\n<p>Para ca dit\u00ebsh m\u00eb shkruante Ardian Klosi e m\u00eb thosh pak a shum\u00eb k\u00ebshtu: \u201cNuk mund t\u00eb vazhdojm\u00eb pa fund t\u00eb harxhojm\u00eb energji p\u00ebr t\u00eb mbrojtur e denoncuar raste t\u00eb ve\u00e7anta, por duhet t\u2019ia dalim t\u00eb godasim sistemin dhe t\u00eb p\u00ebrpiqemi ta ndreqim at\u00eb\u201d. E pra, si ka mund\u00ebsi q\u00eb e ka kuptuar k\u00ebt\u00eb gj\u00eb Klosi q\u00eb shkruan libra dhe nuk ia dalin ta kuptojn\u00eb deputet\u00ebt q\u00eb lexojn\u00eb komunikata! Arsyeja \u00ebsht\u00eb shum\u00eb e thjesht\u00eb.<\/p>\n<p>T\u00eb ngresh nj\u00eb sistem t\u00eb pavarur drejt\u00ebsie q\u00eb lufton korrupsionin \u00ebsht\u00eb shum\u00eb e rrezikshme, sepse sistemet e kolauduara kan\u00eb nj\u00eb huq t\u00eb madh: ato pasi i v\u00eb n\u00eb pun\u00eb nuk ndalen m\u00eb. N\u00ebse sot t\u00eb majt\u00eb e t\u00eb djatht\u00eb recitojn\u00eb deklarata kund\u00ebr nj\u00ebri-tjetrit sipas parimit \u201cun\u00eb do b\u00ebj sikur t\u00eb bie, ti do b\u00ebsh sikur t\u00eb dh\u00ebmb\u201d, me nj\u00eb prokurori t\u00eb pavarur e t\u00eb fuqizuar, ata do ta shihnin veten t\u00eb detyruar q\u00eb t\u00eb provonin deri n\u00eb fund ato q\u00eb thon\u00eb.<\/p>\n<p>Kjo pastaj do b\u00ebnte q\u00eb edhe pala tjet\u00ebr t\u2019i shkonte pun\u00ebs deri n\u00eb fund dhe ku dol\u00ebm pastaj: t\u00eb gjith\u00eb do shkonin pas hekurave, apo m\u00eb e pakta do t\u2019u konfiskoheshin pasurirat q\u00eb sot vet\u00ebm se ia kujtojn\u00eb nj\u00ebri-tjetrit sa p\u00ebr t\u00eb b\u00ebr\u00eb pak teat\u00ebr. K\u00ebtij teatri i p\u00ebrshtatet edhe prokuroria, duke th\u00ebn\u00eb: \u201cJu b\u00ebni sikur i bini nj\u00ebri-tjetrit, edhe un\u00eb po b\u00ebj sikur ju bie juve\u201d.<\/p>\n<p>Meq\u00eb t\u00eb gjith\u00eb b\u00ebjn\u00eb sikur b\u00ebjn\u00eb, provoni edhe ju o lexonj\u00ebs, q\u00eb p\u00ebr nj\u00eb \u00e7ast t\u00eb b\u00ebni sikur jeni n\u00eb \u00ebnd\u00ebrr. N\u00eb k\u00ebt\u00eb \u00ebnd\u00ebrr Ina Rama do t\u00eb ishte n\u00ebnshtetase amerikane dhe q\u00eb nuk do em\u00ebrohej nga marr\u00ebveshja Rama-Berisha n\u00eb Tiran\u00eb, por nga Obama n\u00eb Uashington. E pra, po t\u00eb qe e v\u00ebrtet\u00eb kjo \u00ebnd\u00ebrr, Dritan Prifti kur ta akuzonin se ka 2 milion\u00eb dollar\u00eb t\u00eb padeklaruar, nuk do p\u00ebrgjigjej dot q\u00eb Edi Rama merr drog\u00eb.<\/p>\n<p>As Albana Vokshi kur ta akuzonin p\u00ebr t\u00eb tjera miliona dollar\u00eb t\u00eb fshehur, nuk do p\u00ebrgjigjej se Rama b\u00ebn pallate me Tan Leprin. K\u00ebtu \u00ebndrra mbaron, pasi as n\u00eb \u00ebnd\u00ebrr nuk besoj se ka shqiptar q\u00eb t\u00eb imagjinoj\u00eb Ina Ram\u00ebn duke marr\u00eb p\u00ebr veshi Priftin, Ram\u00ebn, Vokshin, Berish\u00ebn apo Leprin. Edhe sikur t\u00eb kish ndonj\u00eb \u00ebnd\u00ebrrimtar me kaq fantazi, k\u00ebtij kur t\u2019i dilte gjumi, do shihte Berish\u00ebn dhe Ram\u00ebn q\u00eb me nga nj\u00eb sms drejtuar grupeve p\u00ebrkat\u00ebse parlamentare, do ta shkarkonin Ina Ram\u00ebn me nj\u00eb t\u00eb ngritur t\u00eb dor\u00ebs n\u00eb Kuvend. Dhe k\u00ebsaj radhe jo n\u00eb \u00ebnd\u00ebrr, por n\u00eb realitet.<\/p>\n<p>Dhe nj\u00eb gj\u00eb tjet\u00ebr. \u00cbsht\u00eb v\u00ebrtet irrituese kjo puna e k\u00ebtyre kokoro\u00e7\u00ebve t\u00eb posapasuruar, q\u00eb kujtojn\u00eb se me par\u00e1 blihet jo vet\u00ebm fjala, por edhe men\u00e7uria. E dashur Albana, ka qen\u00eb nj\u00eb pararend\u00ebsja jote, Shote Galica e thonin, q\u00eb e nxori plumbin me plumb dhe ti, si pasardh\u00ebse e saj, kujton se mund t\u2019i lash akuzat me t\u00eb tjera akuza. Mir\u00ebpo mos harro, se llafet e popullit jan\u00eb gjithmon\u00eb me nga nj\u00eb bisht pas. Se, \u00ebsht\u00eb e v\u00ebrtet\u00eb q\u00eb \u201cplumbi del me plumb\u201d, por \u00ebsht\u00eb po aq e v\u00ebrtet\u00eb q\u00eb \u201cs\u2019lahet m&#8230; me sh&#8230;\u201d. E pra, laj nj\u00eb her\u00eb m.. q\u00eb t\u00eb ka mbuluar ty, pastaj fol p\u00ebr at\u00eb t\u00eb tjetrit.<\/p>\n<p><strong>FINESA E FINIT<\/strong><br \/>\nKa muaj q\u00eb Fini \u00ebsht\u00eb n\u00eb betej\u00eb t\u00eb hapur me Berluskonin. Koh\u00ebt e fundit, rivaliteti i tyre u pasurua me nj\u00eb element t\u00eb ri. Finit i zbuluan nj\u00eb pun\u00eb jo shum\u00eb t\u00eb past\u00ebr. Dikur, nja dhjet\u00eb vjet t\u00eb shkuara, nj\u00eb kontesh\u00eb e kamur, i pask\u00ebsh l\u00ebn\u00eb n\u00eb testament Partis\u00eb s\u00eb Finit nj\u00eb vil\u00eb diku n\u00eb Franc\u00eb. Pasi vila u b\u00eb pron\u00eb e partis\u00eb, ajo u nxor n\u00eb shitje n\u00ebn vler\u00eb dhe e bleu pa r\u00ebn\u00eb shum\u00eb n\u00eb sy nj\u00eb djalosh i panjohur, q\u00eb tani na del se qenka i af\u00ebrm i Finit.<\/p>\n<p>Pak a shum\u00eb kjo \u00ebsht\u00eb historia. M\u00ebndja m\u00eb thot\u00eb q\u00eb kjo gj\u00eb dihej brenda partis\u00eb edhe m\u00eb par\u00eb, por mbahej e mbyllur p\u00ebr t\u2019u p\u00ebrdorur kur duhej. Dhe tani q\u00eb Fini doli armik, fap, afera u nxor nga rafti dhe u b\u00eb publike. Deri k\u00ebtu nuk ka asgj\u00eb t\u00eb jasht\u00ebzakonshme dhe ngjan t\u00eb jet\u00eb thjesht nj\u00eb nga ata shembujt q\u00eb i p\u00eblqejn\u00eb fort politik\u00ebs n\u00eb Shqip\u00ebri, p\u00ebr t\u2019u treguar njer\u00ebzve se edhe bota nj\u00ebsoj e pis\u00ebt \u00ebsht\u00eb.<\/p>\n<p>Mir\u00ebpo, p\u00ebrtej k\u00ebtij m\u00ebsimi, bie n\u00eb sy edhe nj\u00eb tjet\u00ebr fines\u00eb thelb\u00ebsisht per\u00ebndimore. Megjith\u00ebse Fini ka boll armiq q\u00eb tash duan ta kryq\u00ebzojn\u00eb, afera e vil\u00ebs nuk u b\u00eb publike prej tyre, por me lezet iu ofrua shtypit dhe qen\u00eb gazetat ato q\u00eb e b\u00ebn\u00eb \u00e7\u00ebshtjen publike, po vazhdojn\u00eb investigimin dhe natyrisht po b\u00ebjn\u00eb edhe komentet e rastit. Njoll\u00eb shum\u00eb e r\u00ebnd\u00eb kjo p\u00ebr figur\u00ebn e Finit, njoll\u00eb t\u00eb cil\u00ebn televizionet dhe gazetat e porositura, kujdesen ta mbajn\u00eb vazhdimisht t\u00eb fresk\u00ebt. Mir\u00ebpo deri tani, asnj\u00eb prej armiqve politik\u00eb t\u00eb Finit, nuk ka b\u00ebr\u00eb asnj\u00eb deklarat\u00eb rreth k\u00ebsaj afere.<\/p>\n<p>Ta sjellim rastin e Finit n\u00eb Shqip\u00ebri dhe t\u00eb themi \u00e7\u2019do t\u00eb ndodhte k\u00ebtu. K\u00ebtu, n\u00eb konfliktin m\u00eb t\u00eb par\u00eb, do kish dal\u00eb nj\u00eb deputet n\u00eb konferenc\u00eb shtypi dhe do t\u2019ia num\u00ebronte nj\u00eb p\u00ebr nj\u00eb t\u00eb gjitha p\u00ebrpara kamerave, pastaj do dilte nj\u00eb tjet\u00ebr q\u00eb do thoshte deklarata krejt\u00ebsisht t\u00eb kund\u00ebrta dhe do t\u00eb akuzonte pal\u00ebn tjet\u00ebr, pastaj prap\u00eb nj\u00eb tjet\u00ebr i pal\u00ebs tjet\u00ebr, e k\u00ebshtu me radh\u00eb.<\/p>\n<p>N\u00eb fund, kur pas ca koh\u00ebsh do b\u00ebhej nj\u00eb marr\u00ebveshje midis Finit dhe kund\u00ebrshtar\u00ebve t\u00eb tij, t\u00eb dy pal\u00ebt q\u00eb s\u2019i kishin l\u00ebn\u00eb n\u00ebn\u00eb e bab\u00eb nj\u00ebri-tjetrit, do t\u00eb dilnin duke u puthur n\u00eb televizor dhe do deklaronin marr\u00ebveshjen p\u00ebr t\u00eb mir\u00ebn e kombit, nd\u00ebrsa pun\u00ebn e sharjeve dhe akuzave \u201chajdut kriminel, i korruptuar, bandit, mafioz\u201d, do t\u2019i harronin pa pik\u00eb turpi.<\/p>\n<p>E pra ky \u00ebsht\u00eb ndryshimi. Politika europiane mb\u00ebshtetet mbi faktin q\u00eb mund ta akuzosh kund\u00ebrshtarin p\u00ebr paaft\u00ebsi, p\u00ebr qeverisje t\u00eb keqe, p\u00ebr politik\u00eb t\u00eb gabuar dhe k\u00ebto prap\u00eb t\u00eb lejojn\u00eb q\u00eb t\u00eb b\u00ebsh marr\u00ebveshje me t\u00eb. Por duhet t\u00eb mendohesh mir\u00eb, kur e akuzon p\u00ebr korrupsion apo p\u00ebr hajdut, pasi me nj\u00eb kund\u00ebrshtar t\u00eb till\u00eb nuk mund t\u00eb b\u00ebsh m\u00eb marr\u00ebveshje. Ose duhet ta akuzosh p\u00ebr hajdut dhe ta \u00e7osh n\u00eb prokurori, ose p\u00ebr asgj\u00eb n\u00eb bot\u00eb nuk mund t\u00eb ulesh me t\u00eb dhe t\u00eb b\u00ebsh marr\u00ebveshje pa cip\u00eb n\u00eb faqe. Elektorati europian nuk do t\u2019ia falte asnj\u00eb politikani q\u00eb b\u00ebn pazare t\u00eb tilla politike, pasi ka b\u00ebr\u00eb akuza direkte p\u00ebr korrupsion.<\/p>\n<p>Pik\u00ebrisht p\u00ebr k\u00ebt\u00eb arsye, politika per\u00ebndimore ia ofron skandalet shtypit, p\u00ebr t\u2019i l\u00ebn\u00eb vetes nj\u00eb shteg moral p\u00ebr marr\u00ebveshje t\u00eb m\u00ebtejshme. Te ne politika nuk ka nevoj\u00eb p\u00ebr nj\u00eb shteg t\u00eb till\u00eb, pasi shqiptar\u00ebt me \u00e7\u2019duket s\u2019e kan\u00eb p\u00ebr gj\u00eb ta quajn\u00eb normale q\u00eb, pasi t\u00eb shohin dy politikan\u00eb t\u2019i thon\u00eb nj\u00ebri-tjetrit edhe llafin e fundit, pastaj t\u00eb ulen bashk\u00eb n\u00eb nj\u00eb tryez\u00eb dhe t\u00eb deklarojn\u00eb se u mor\u00ebn vesh.<\/p>\n","protected":false},"excerpt":{"rendered":"<p>Artan Lame SHQIPNI TAVOLINASH B\u00cbJM\u00cb SIKUR B\u00cbJM\u00cb Ne, vdekatar\u00ebt e thjesht\u00eb, nuk b\u00ebjm\u00eb dot pun\u00eb t\u00eb m\u00ebdha. K\u00ebto i b\u00ebjn\u00eb deputet\u00ebt duke denoncuar nj\u00ebri-tjetrin pa prajtun. Madje jo t\u00eb gjith\u00eb deputet\u00ebt, por vet\u00ebm ata t\u00eb rinjt\u00eb mes tyre, se t\u00eb tjer\u00ebt merren me biznese. Ne t\u00eb tjer\u00ebt pastaj, merremi me vog\u00eblsirat e k\u00ebsaj bote, t\u00eb [&hellip;]<\/p>\n","protected":false},"author":1,"featured_media":0,"comment_status":"open","ping_status":"closed","sticky":false,"template":"","format":"standard","meta":{"footnotes":""},"categories":[2],"tags":[],"class_list":{"0":"post-3841","1":"post","2":"type-post","3":"status-publish","4":"format-standard","6":"category-artikuj"},"yoast_head":"<!-- This site is optimized with the Yoast SEO plugin v27.4 - https:\/\/yoast.com\/product\/yoast-seo-wordpress\/ -->\n<title>B\u00cbJM\u00cb SIKUR B\u00cbJM\u00cb - FjALA e LIR\u00cb - Arkivi<\/title>\n<meta name=\"robots\" content=\"index, follow, max-snippet:-1, max-image-preview:large, max-video-preview:-1\" \/>\n<link rel=\"canonical\" href=\"https:\/\/fjala.info\/2009-2015\/bejme-sikur-bejme\/\" \/>\n<meta property=\"og:locale\" content=\"sq_AL\" \/>\n<meta property=\"og:type\" content=\"article\" \/>\n<meta property=\"og:title\" content=\"B\u00cbJM\u00cb SIKUR B\u00cbJM\u00cb - FjALA e LIR\u00cb - Arkivi\" \/>\n<meta property=\"og:description\" content=\"Artan Lame SHQIPNI TAVOLINASH B\u00cbJM\u00cb SIKUR B\u00cbJM\u00cb Ne, vdekatar\u00ebt e thjesht\u00eb, nuk b\u00ebjm\u00eb dot pun\u00eb t\u00eb m\u00ebdha. K\u00ebto i b\u00ebjn\u00eb deputet\u00ebt duke denoncuar nj\u00ebri-tjetrin pa prajtun. Madje jo t\u00eb gjith\u00eb deputet\u00ebt, por vet\u00ebm ata t\u00eb rinjt\u00eb mes tyre, se t\u00eb tjer\u00ebt merren me biznese. Ne t\u00eb tjer\u00ebt pastaj, merremi me vog\u00eblsirat e k\u00ebsaj bote, t\u00eb [&hellip;]\" \/>\n<meta property=\"og:url\" content=\"https:\/\/fjala.info\/2009-2015\/bejme-sikur-bejme\/\" \/>\n<meta property=\"og:site_name\" content=\"FjALA e LIR\u00cb - Arkivi\" \/>\n<meta property=\"article:published_time\" content=\"2010-08-24T12:47:55+00:00\" \/>\n<meta property=\"og:image\" content=\"http:\/\/www.shkoder.net\/images\/fjala\/artan_lame.jpg\" \/>\n<meta name=\"author\" content=\"admin\" \/>\n<meta name=\"twitter:card\" content=\"summary_large_image\" \/>\n<meta name=\"twitter:label1\" content=\"Written by\" \/>\n\t<meta name=\"twitter:data1\" content=\"admin\" \/>\n\t<meta name=\"twitter:label2\" content=\"Est. reading time\" \/>\n\t<meta name=\"twitter:data2\" content=\"7 minutes\" \/>\n<script type=\"application\/ld+json\" class=\"yoast-schema-graph\">{\"@context\":\"https:\\\/\\\/schema.org\",\"@graph\":[{\"@type\":\"Article\",\"@id\":\"https:\\\/\\\/fjala.info\\\/2009-2015\\\/bejme-sikur-bejme\\\/#article\",\"isPartOf\":{\"@id\":\"https:\\\/\\\/fjala.info\\\/2009-2015\\\/bejme-sikur-bejme\\\/\"},\"author\":{\"name\":\"admin\",\"@id\":\"https:\\\/\\\/fjala.info\\\/2009-2015\\\/#\\\/schema\\\/person\\\/3aa1163ef05469c496fc94e77611ada2\"},\"headline\":\"B\u00cbJM\u00cb SIKUR B\u00cbJM\u00cb\",\"datePublished\":\"2010-08-24T12:47:55+00:00\",\"mainEntityOfPage\":{\"@id\":\"https:\\\/\\\/fjala.info\\\/2009-2015\\\/bejme-sikur-bejme\\\/\"},\"wordCount\":1377,\"commentCount\":0,\"publisher\":{\"@id\":\"https:\\\/\\\/fjala.info\\\/2009-2015\\\/#organization\"},\"image\":{\"@id\":\"https:\\\/\\\/fjala.info\\\/2009-2015\\\/bejme-sikur-bejme\\\/#primaryimage\"},\"thumbnailUrl\":\"http:\\\/\\\/www.shkoder.net\\\/images\\\/fjala\\\/artan_lame.jpg\",\"articleSection\":[\"Artikuj\"],\"inLanguage\":\"sq-AL\",\"potentialAction\":[{\"@type\":\"CommentAction\",\"name\":\"Comment\",\"target\":[\"https:\\\/\\\/fjala.info\\\/2009-2015\\\/bejme-sikur-bejme\\\/#respond\"]}]},{\"@type\":\"WebPage\",\"@id\":\"https:\\\/\\\/fjala.info\\\/2009-2015\\\/bejme-sikur-bejme\\\/\",\"url\":\"https:\\\/\\\/fjala.info\\\/2009-2015\\\/bejme-sikur-bejme\\\/\",\"name\":\"B\u00cbJM\u00cb SIKUR B\u00cbJM\u00cb - FjALA e LIR\u00cb - Arkivi\",\"isPartOf\":{\"@id\":\"https:\\\/\\\/fjala.info\\\/2009-2015\\\/#website\"},\"primaryImageOfPage\":{\"@id\":\"https:\\\/\\\/fjala.info\\\/2009-2015\\\/bejme-sikur-bejme\\\/#primaryimage\"},\"image\":{\"@id\":\"https:\\\/\\\/fjala.info\\\/2009-2015\\\/bejme-sikur-bejme\\\/#primaryimage\"},\"thumbnailUrl\":\"http:\\\/\\\/www.shkoder.net\\\/images\\\/fjala\\\/artan_lame.jpg\",\"datePublished\":\"2010-08-24T12:47:55+00:00\",\"breadcrumb\":{\"@id\":\"https:\\\/\\\/fjala.info\\\/2009-2015\\\/bejme-sikur-bejme\\\/#breadcrumb\"},\"inLanguage\":\"sq-AL\",\"potentialAction\":[{\"@type\":\"ReadAction\",\"target\":[\"https:\\\/\\\/fjala.info\\\/2009-2015\\\/bejme-sikur-bejme\\\/\"]}]},{\"@type\":\"ImageObject\",\"inLanguage\":\"sq-AL\",\"@id\":\"https:\\\/\\\/fjala.info\\\/2009-2015\\\/bejme-sikur-bejme\\\/#primaryimage\",\"url\":\"http:\\\/\\\/www.shkoder.net\\\/images\\\/fjala\\\/artan_lame.jpg\",\"contentUrl\":\"http:\\\/\\\/www.shkoder.net\\\/images\\\/fjala\\\/artan_lame.jpg\"},{\"@type\":\"BreadcrumbList\",\"@id\":\"https:\\\/\\\/fjala.info\\\/2009-2015\\\/bejme-sikur-bejme\\\/#breadcrumb\",\"itemListElement\":[{\"@type\":\"ListItem\",\"position\":1,\"name\":\"Home\",\"item\":\"https:\\\/\\\/fjala.info\\\/2009-2015\\\/\"},{\"@type\":\"ListItem\",\"position\":2,\"name\":\"B\u00cbJM\u00cb SIKUR B\u00cbJM\u00cb\"}]},{\"@type\":\"WebSite\",\"@id\":\"https:\\\/\\\/fjala.info\\\/2009-2015\\\/#website\",\"url\":\"https:\\\/\\\/fjala.info\\\/2009-2015\\\/\",\"name\":\"FjALA e LIR\u00cb - Arkivi\",\"description\":\"Arkivi 2009-2015\",\"publisher\":{\"@id\":\"https:\\\/\\\/fjala.info\\\/2009-2015\\\/#organization\"},\"potentialAction\":[{\"@type\":\"SearchAction\",\"target\":{\"@type\":\"EntryPoint\",\"urlTemplate\":\"https:\\\/\\\/fjala.info\\\/2009-2015\\\/?s={search_term_string}\"},\"query-input\":{\"@type\":\"PropertyValueSpecification\",\"valueRequired\":true,\"valueName\":\"search_term_string\"}}],\"inLanguage\":\"sq-AL\"},{\"@type\":\"Organization\",\"@id\":\"https:\\\/\\\/fjala.info\\\/2009-2015\\\/#organization\",\"name\":\"FjALA e LIR\u00cb - Arkivi\",\"url\":\"https:\\\/\\\/fjala.info\\\/2009-2015\\\/\",\"logo\":{\"@type\":\"ImageObject\",\"inLanguage\":\"sq-AL\",\"@id\":\"https:\\\/\\\/fjala.info\\\/2009-2015\\\/#\\\/schema\\\/logo\\\/image\\\/\",\"url\":\"\",\"contentUrl\":\"\",\"caption\":\"FjALA e LIR\u00cb - Arkivi\"},\"image\":{\"@id\":\"https:\\\/\\\/fjala.info\\\/2009-2015\\\/#\\\/schema\\\/logo\\\/image\\\/\"}},{\"@type\":\"Person\",\"@id\":\"https:\\\/\\\/fjala.info\\\/2009-2015\\\/#\\\/schema\\\/person\\\/3aa1163ef05469c496fc94e77611ada2\",\"name\":\"admin\",\"image\":{\"@type\":\"ImageObject\",\"inLanguage\":\"sq-AL\",\"@id\":\"https:\\\/\\\/fjala.info\\\/2009-2015\\\/wp-content\\\/uploads\\\/2012\\\/02\\\/arben_cokaj-120x150.jpg\",\"url\":\"https:\\\/\\\/fjala.info\\\/2009-2015\\\/wp-content\\\/uploads\\\/2012\\\/02\\\/arben_cokaj-120x150.jpg\",\"contentUrl\":\"https:\\\/\\\/fjala.info\\\/2009-2015\\\/wp-content\\\/uploads\\\/2012\\\/02\\\/arben_cokaj-120x150.jpg\",\"caption\":\"admin\"},\"description\":\"Admin, Fjala e Lir\u00eb\",\"sameAs\":[\"https:\\\/\\\/fjala.info\\\/\"],\"url\":\"https:\\\/\\\/fjala.info\\\/2009-2015\\\/author\\\/admin\\\/\"}]}<\/script>\n<!-- \/ Yoast SEO plugin. -->","yoast_head_json":{"title":"B\u00cbJM\u00cb SIKUR B\u00cbJM\u00cb - FjALA e LIR\u00cb - Arkivi","robots":{"index":"index","follow":"follow","max-snippet":"max-snippet:-1","max-image-preview":"max-image-preview:large","max-video-preview":"max-video-preview:-1"},"canonical":"https:\/\/fjala.info\/2009-2015\/bejme-sikur-bejme\/","og_locale":"sq_AL","og_type":"article","og_title":"B\u00cbJM\u00cb SIKUR B\u00cbJM\u00cb - FjALA e LIR\u00cb - Arkivi","og_description":"Artan Lame SHQIPNI TAVOLINASH B\u00cbJM\u00cb SIKUR B\u00cbJM\u00cb Ne, vdekatar\u00ebt e thjesht\u00eb, nuk b\u00ebjm\u00eb dot pun\u00eb t\u00eb m\u00ebdha. K\u00ebto i b\u00ebjn\u00eb deputet\u00ebt duke denoncuar nj\u00ebri-tjetrin pa prajtun. Madje jo t\u00eb gjith\u00eb deputet\u00ebt, por vet\u00ebm ata t\u00eb rinjt\u00eb mes tyre, se t\u00eb tjer\u00ebt merren me biznese. Ne t\u00eb tjer\u00ebt pastaj, merremi me vog\u00eblsirat e k\u00ebsaj bote, t\u00eb [&hellip;]","og_url":"https:\/\/fjala.info\/2009-2015\/bejme-sikur-bejme\/","og_site_name":"FjALA e LIR\u00cb - Arkivi","article_published_time":"2010-08-24T12:47:55+00:00","og_image":[{"url":"http:\/\/www.shkoder.net\/images\/fjala\/artan_lame.jpg","type":"","width":"","height":""}],"author":"admin","twitter_card":"summary_large_image","twitter_misc":{"Written by":"admin","Est. reading time":"7 minutes"},"schema":{"@context":"https:\/\/schema.org","@graph":[{"@type":"Article","@id":"https:\/\/fjala.info\/2009-2015\/bejme-sikur-bejme\/#article","isPartOf":{"@id":"https:\/\/fjala.info\/2009-2015\/bejme-sikur-bejme\/"},"author":{"name":"admin","@id":"https:\/\/fjala.info\/2009-2015\/#\/schema\/person\/3aa1163ef05469c496fc94e77611ada2"},"headline":"B\u00cbJM\u00cb SIKUR B\u00cbJM\u00cb","datePublished":"2010-08-24T12:47:55+00:00","mainEntityOfPage":{"@id":"https:\/\/fjala.info\/2009-2015\/bejme-sikur-bejme\/"},"wordCount":1377,"commentCount":0,"publisher":{"@id":"https:\/\/fjala.info\/2009-2015\/#organization"},"image":{"@id":"https:\/\/fjala.info\/2009-2015\/bejme-sikur-bejme\/#primaryimage"},"thumbnailUrl":"http:\/\/www.shkoder.net\/images\/fjala\/artan_lame.jpg","articleSection":["Artikuj"],"inLanguage":"sq-AL","potentialAction":[{"@type":"CommentAction","name":"Comment","target":["https:\/\/fjala.info\/2009-2015\/bejme-sikur-bejme\/#respond"]}]},{"@type":"WebPage","@id":"https:\/\/fjala.info\/2009-2015\/bejme-sikur-bejme\/","url":"https:\/\/fjala.info\/2009-2015\/bejme-sikur-bejme\/","name":"B\u00cbJM\u00cb SIKUR B\u00cbJM\u00cb - FjALA e LIR\u00cb - Arkivi","isPartOf":{"@id":"https:\/\/fjala.info\/2009-2015\/#website"},"primaryImageOfPage":{"@id":"https:\/\/fjala.info\/2009-2015\/bejme-sikur-bejme\/#primaryimage"},"image":{"@id":"https:\/\/fjala.info\/2009-2015\/bejme-sikur-bejme\/#primaryimage"},"thumbnailUrl":"http:\/\/www.shkoder.net\/images\/fjala\/artan_lame.jpg","datePublished":"2010-08-24T12:47:55+00:00","breadcrumb":{"@id":"https:\/\/fjala.info\/2009-2015\/bejme-sikur-bejme\/#breadcrumb"},"inLanguage":"sq-AL","potentialAction":[{"@type":"ReadAction","target":["https:\/\/fjala.info\/2009-2015\/bejme-sikur-bejme\/"]}]},{"@type":"ImageObject","inLanguage":"sq-AL","@id":"https:\/\/fjala.info\/2009-2015\/bejme-sikur-bejme\/#primaryimage","url":"http:\/\/www.shkoder.net\/images\/fjala\/artan_lame.jpg","contentUrl":"http:\/\/www.shkoder.net\/images\/fjala\/artan_lame.jpg"},{"@type":"BreadcrumbList","@id":"https:\/\/fjala.info\/2009-2015\/bejme-sikur-bejme\/#breadcrumb","itemListElement":[{"@type":"ListItem","position":1,"name":"Home","item":"https:\/\/fjala.info\/2009-2015\/"},{"@type":"ListItem","position":2,"name":"B\u00cbJM\u00cb SIKUR B\u00cbJM\u00cb"}]},{"@type":"WebSite","@id":"https:\/\/fjala.info\/2009-2015\/#website","url":"https:\/\/fjala.info\/2009-2015\/","name":"FjALA e LIR\u00cb - Arkivi","description":"Arkivi 2009-2015","publisher":{"@id":"https:\/\/fjala.info\/2009-2015\/#organization"},"potentialAction":[{"@type":"SearchAction","target":{"@type":"EntryPoint","urlTemplate":"https:\/\/fjala.info\/2009-2015\/?s={search_term_string}"},"query-input":{"@type":"PropertyValueSpecification","valueRequired":true,"valueName":"search_term_string"}}],"inLanguage":"sq-AL"},{"@type":"Organization","@id":"https:\/\/fjala.info\/2009-2015\/#organization","name":"FjALA e LIR\u00cb - Arkivi","url":"https:\/\/fjala.info\/2009-2015\/","logo":{"@type":"ImageObject","inLanguage":"sq-AL","@id":"https:\/\/fjala.info\/2009-2015\/#\/schema\/logo\/image\/","url":"","contentUrl":"","caption":"FjALA e LIR\u00cb - Arkivi"},"image":{"@id":"https:\/\/fjala.info\/2009-2015\/#\/schema\/logo\/image\/"}},{"@type":"Person","@id":"https:\/\/fjala.info\/2009-2015\/#\/schema\/person\/3aa1163ef05469c496fc94e77611ada2","name":"admin","image":{"@type":"ImageObject","inLanguage":"sq-AL","@id":"https:\/\/fjala.info\/2009-2015\/wp-content\/uploads\/2012\/02\/arben_cokaj-120x150.jpg","url":"https:\/\/fjala.info\/2009-2015\/wp-content\/uploads\/2012\/02\/arben_cokaj-120x150.jpg","contentUrl":"https:\/\/fjala.info\/2009-2015\/wp-content\/uploads\/2012\/02\/arben_cokaj-120x150.jpg","caption":"admin"},"description":"Admin, Fjala e Lir\u00eb","sameAs":["https:\/\/fjala.info\/"],"url":"https:\/\/fjala.info\/2009-2015\/author\/admin\/"}]}},"_links":{"self":[{"href":"https:\/\/fjala.info\/2009-2015\/wp-json\/wp\/v2\/posts\/3841","targetHints":{"allow":["GET"]}}],"collection":[{"href":"https:\/\/fjala.info\/2009-2015\/wp-json\/wp\/v2\/posts"}],"about":[{"href":"https:\/\/fjala.info\/2009-2015\/wp-json\/wp\/v2\/types\/post"}],"author":[{"embeddable":true,"href":"https:\/\/fjala.info\/2009-2015\/wp-json\/wp\/v2\/users\/1"}],"replies":[{"embeddable":true,"href":"https:\/\/fjala.info\/2009-2015\/wp-json\/wp\/v2\/comments?post=3841"}],"version-history":[{"count":0,"href":"https:\/\/fjala.info\/2009-2015\/wp-json\/wp\/v2\/posts\/3841\/revisions"}],"wp:attachment":[{"href":"https:\/\/fjala.info\/2009-2015\/wp-json\/wp\/v2\/media?parent=3841"}],"wp:term":[{"taxonomy":"category","embeddable":true,"href":"https:\/\/fjala.info\/2009-2015\/wp-json\/wp\/v2\/categories?post=3841"},{"taxonomy":"post_tag","embeddable":true,"href":"https:\/\/fjala.info\/2009-2015\/wp-json\/wp\/v2\/tags?post=3841"}],"curies":[{"name":"wp","href":"https:\/\/api.w.org\/{rel}","templated":true}]}}