{"id":3839,"date":"2010-08-24T13:45:39","date_gmt":"2010-08-24T12:45:39","guid":{"rendered":"http:\/\/fjala.shkoder.net\/?p=3839"},"modified":"2010-08-24T13:45:39","modified_gmt":"2010-08-24T12:45:39","slug":"padite-e-kota-per-shpifje","status":"publish","type":"post","link":"https:\/\/fjala.info\/2009-2015\/padite-e-kota-per-shpifje\/","title":{"rendered":"Padit\u00eb e kota p\u00ebr shpifje"},"content":{"rendered":"<p><img decoding=\"async\" style=\"margin-left: 10px; margin-right: 10px; border: 0px;\" title=\"Eduard Zaloshnja\" src=\"http:\/\/www.shkoder.net\/images\/fjala\/zaloshnja.jpg\" border=\"0\" alt=\"\" width=\"100\" align=\"right\" \/><\/p>\n<p>Nga: <strong>EDUARD ZALOSHNJA<\/strong><\/p>\n<p>Kjo gazet\u00eb paraqiti n\u00eb numrin e saj t\u00eb 23 gushtit padit\u00eb m\u00eb t\u00eb bujshme p\u00ebr shpifje t\u00eb dy vjet\u00ebve t\u00eb fundit, q\u00eb i kan\u00eb b\u00ebr\u00eb nj\u00ebri-tjetrit politikan\u00ebt shqiptar\u00eb. Si\u00e7 raporton gazeta, numri i padive t\u00eb tilla arrin n\u00eb dhjet\u00ebra. N\u00eb pamje t\u00eb par\u00eb, kjo sasi e madhe e padive p\u00ebr shpifje t\u00eb krijon p\u00ebrshtypjen sikur n\u00eb Shqip\u00ebri liria e fjal\u00ebs sulmohet pareshtur. N\u00eb fakt, bash e kund\u00ebrta \u00ebsht\u00eb e v\u00ebrtet\u00eb; liria e fjal\u00ebs n\u00eb Shqip\u00ebri ka p\u00ebsuar nj\u00eb inflacion t\u00eb friksh\u00ebm.<\/p>\n<p>Liria e fjal\u00ebs \u00ebsht\u00eb nj\u00eb nga t\u00eb drejtat m\u00eb t\u00eb r\u00ebnd\u00ebsishme q\u00eb nj\u00eb shtet demokratik i garanton qytetar\u00ebve t\u00eb tij. Kjo e drejt\u00eb, nd\u00ebr t\u00eb tjera, i jep mund\u00ebsin\u00eb individ\u00ebve dhe grupimeve t\u00eb krijuara prej tyre q\u00eb t\u00eb kritikojn\u00eb individ\u00eb apo grupime t\u00eb tjera, si dhe t\u00eb ofrojn\u00eb alternativa m\u00eb t\u00eb mira p\u00ebr shoq\u00ebrin\u00eb. Por si gjith\u00eb t\u00eb drejtat e tjera q\u00eb g\u00ebzojn\u00eb individ\u00ebt n\u00eb nj\u00eb shtet demokratik, edhe liria e fjal\u00ebs nuk \u00ebsht\u00eb absolute.<\/p>\n<p>N\u00eb nj\u00eb shtet t\u00eb till\u00eb, liria e \u00e7do individi mbaron aty ku fjal\u00ebt apo veprat e tij d\u00ebmtojn\u00eb n\u00eb m\u00ebnyr\u00eb arbitrare nj\u00eb individ tjet\u00ebr, nj\u00eb grup individ\u00ebsh, apo shoq\u00ebrin\u00eb n\u00eb t\u00ebr\u00ebsi. P\u00ebr shembull, e drejta p\u00ebr t\u00eb l\u00ebvizur lirisht ka kufizimet e saj &#8211; po t\u00eb shtyp\u00ebsh nj\u00eb njeri me vetur\u00ebn q\u00eb po e nget n\u00eb m\u00ebnyr\u00eb t\u00eb pap\u00ebrgjegjshme, rrezikon q\u00eb liria e l\u00ebvizjes t\u00eb t\u00eb reduktohet p\u00ebr disa vite n\u00eb lirin\u00eb p\u00ebr t\u00eb sh\u00ebtitur vet\u00ebm brenda mureve t\u00eb burgut.<\/p>\n<p>N\u00eb t\u00eb nj\u00ebjt\u00ebn m\u00ebnyr\u00eb, e drejta p\u00ebr aktivitet ekonomik privat ka kufizimet e saj &#8211; n\u00eb qoft\u00eb se nj\u00eb kompani shet produkte q\u00eb shkaktojn\u00eb s\u00ebmundjen ose vdekjen e bler\u00ebsve, pronar\u00ebt e saj rrezikojn\u00eb t\u00eb p\u00ebrfundojn\u00eb ose n\u00eb burg, ose n\u00eb mbyllje t\u00eb biznesit, ose n\u00eb t\u00eb dyja. Duke u kthyer tek liria e fjal\u00ebs, n\u00eb t\u00eb gjitha shtetet demokratike, ajo kufizohet n\u00eb rastet kur nj\u00eb individ, organizat\u00eb, institucion, apo zyr\u00eb qeveritare d\u00ebmton reputacionin e dikujt n\u00ebp\u00ebrmjet nj\u00eb shpifjeje publike.<\/p>\n<p>N\u00eb raste t\u00eb tilla, ligjet e k\u00ebtyre shteteve e mbrojn\u00eb personin q\u00eb \u00ebsht\u00eb fyer, kur ai \u00ebsht\u00eb n\u00eb gjendje t\u00eb provoj\u00eb se i \u00ebsht\u00eb shkaktuar d\u00ebm moral ose material nga nj\u00eb deklarim publik, dhe se deklarimi \u00ebsht\u00eb i pav\u00ebrtet\u00eb. Edhe ligjet shqiptare, duke parashikuar d\u00ebmshp\u00ebrblim p\u00ebr rastet e shpifjeve publike, ia sigurojn\u00eb nj\u00eb mbrojtje t\u00eb till\u00eb personave q\u00eb fyhen pa t\u00eb drejt\u00eb publikisht.<\/p>\n<p>Madje, nj\u00eb nen i Kodit Penal shqiptar parashikon edhe burgim deri n\u00eb 2 vjet p\u00ebr rastet e fyerjes s\u00eb nj\u00eb zyrtari t\u00eb lart\u00eb. Kuptohet q\u00eb ky nen \u00ebsht\u00eb nj\u00eb ataviz\u00ebm krejt i panevojsh\u00ebm nga koha e diktatur\u00ebs komuniste &#8211; koh\u00eb n\u00eb t\u00eb cil\u00ebn mund t\u00eb burgoseshe thjesht p\u00ebr ato q\u00eb thoshe ose shkruaje, nd\u00ebrkoh\u00eb q\u00eb nuk kishe b\u00ebr\u00eb ose planifikuar ndonj\u00eb vep\u00ebr q\u00eb do t\u00eb shkaktonte d\u00ebm fizik ndaj individ\u00ebve apo shoq\u00ebris\u00eb.<\/p>\n<p>Sidoqoft\u00eb, politikan\u00ebt shqiptar\u00eb kan\u00eb gjetur nj\u00eb p\u00ebrdorim t\u00eb vlefsh\u00ebm p\u00ebr k\u00ebt\u00eb nen atavik. Ironikisht, ky nen p\u00ebrdoret shpesh n\u00eb Shqip\u00ebri jo p\u00ebr t\u00eb d\u00ebnuar realisht shpif\u00ebsin, por thjesht p\u00ebr t&#8217;iu kund\u00ebrp\u00ebrgjigjur sulmit t\u00eb kund\u00ebrshtarit. Duke qen\u00eb t\u00eb sigurt se prokuroria i arkivon padit\u00eb penale p\u00ebr shpifje, politikan\u00ebt e akuzuar p\u00ebr di\u00e7ka dalin menj\u00ebher\u00eb t\u00eb nes\u00ebrmen dhe deklarojn\u00eb se kan\u00eb paraqitur nj\u00eb padi penale p\u00ebr shpifje ndaj personit q\u00eb i ka sulmuar. N\u00eb k\u00ebt\u00eb m\u00ebnyr\u00eb, ata i japin mesazhin publikut se jan\u00eb krejt t\u00eb past\u00ebr dhe se past\u00ebrtin\u00eb e tyre mund ta provojn\u00eb edhe n\u00eb sall\u00ebn e gjyqit.<\/p>\n<p>Kjo mund\u00ebsi p\u00ebr t\u00eb luajtur me publikun do t&#8217;u hiqej politikan\u00ebve tan\u00eb n\u00eb qoft\u00eb se do t\u00eb shfuqizohej neni i Kodit Penal shqiptar q\u00eb parashikon edhe burgim deri n\u00eb 2 vjet p\u00ebr rastet e ofendimit t\u00eb nj\u00eb zyrtari t\u00eb lart\u00eb. Duke hequr shpifjen nga lista e veprave penale, prokuroria nuk do t\u00eb mund t\u00eb sh\u00ebrbente m\u00eb p\u00ebr politikan\u00ebt si nj\u00eb muslluk q\u00eb s&#8217;ka uj\u00eb. Pra, ata nuk do t\u00eb mund t\u00eb depozitojn\u00eb m\u00eb atje padi p\u00ebr shpifje dhe t\u00eb justifikohen se fajin e ka prokuroria q\u00eb s&#8217;i ndjek padit\u00eb e tyre. N\u00eb rast se shpifja konsiderohet vet\u00ebm si nj\u00eb vep\u00ebr civile q\u00eb d\u00ebmton nj\u00eb individ apo grupim individ\u00ebsh, k\u00ebta do t\u00eb mund t\u00eb b\u00ebnin vet\u00ebm nj\u00eb padi civile.<\/p>\n<p>Dhe padia civile b\u00ebhet n\u00eb gjykat\u00eb, jo n\u00eb prokurori. Si rrjedhim, ajo nuk mund t\u00eb arkivohet dot. Her\u00ebt a von\u00eb, nj\u00eb padie t\u00eb till\u00eb do t&#8217;i vij\u00eb radha t\u00eb gjykohet. Pik\u00ebrisht k\u00ebsaj duket se i druhen politikan\u00ebt tan\u00eb. Prandaj dhe ata b\u00ebjn\u00eb padi penale, t\u00eb cilat thjesht u shtohen dhjet\u00ebra t\u00eb tjerave t\u00eb arkivuara m\u00eb par\u00eb. Si rezultat, n\u00eb Shqip\u00ebri ekziston nj\u00eb liri pa kufi e fjal\u00ebs, e cila ka b\u00ebr\u00eb q\u00eb vet\u00eb fjala t\u00eb mos ket\u00eb m\u00eb shum\u00eb vler\u00eb.<\/p>\n","protected":false},"excerpt":{"rendered":"<p>Nga: EDUARD ZALOSHNJA Kjo gazet\u00eb paraqiti n\u00eb numrin e saj t\u00eb 23 gushtit padit\u00eb m\u00eb t\u00eb bujshme p\u00ebr shpifje t\u00eb dy vjet\u00ebve t\u00eb fundit, q\u00eb i kan\u00eb b\u00ebr\u00eb nj\u00ebri-tjetrit politikan\u00ebt shqiptar\u00eb. Si\u00e7 raporton gazeta, numri i padive t\u00eb tilla arrin n\u00eb dhjet\u00ebra. N\u00eb pamje t\u00eb par\u00eb, kjo sasi e madhe e padive p\u00ebr shpifje t\u00eb [&hellip;]<\/p>\n","protected":false},"author":1,"featured_media":0,"comment_status":"open","ping_status":"closed","sticky":false,"template":"","format":"standard","meta":{"footnotes":""},"categories":[2],"tags":[],"class_list":{"0":"post-3839","1":"post","2":"type-post","3":"status-publish","4":"format-standard","6":"category-artikuj"},"yoast_head":"<!-- This site is optimized with the Yoast SEO plugin v27.4 - https:\/\/yoast.com\/product\/yoast-seo-wordpress\/ -->\n<title>Padit\u00eb e kota p\u00ebr shpifje - FjALA e LIR\u00cb - Arkivi<\/title>\n<meta name=\"robots\" content=\"index, follow, max-snippet:-1, max-image-preview:large, max-video-preview:-1\" \/>\n<link rel=\"canonical\" href=\"https:\/\/fjala.info\/2009-2015\/padite-e-kota-per-shpifje\/\" \/>\n<meta property=\"og:locale\" content=\"sq_AL\" \/>\n<meta property=\"og:type\" content=\"article\" \/>\n<meta property=\"og:title\" content=\"Padit\u00eb e kota p\u00ebr shpifje - FjALA e LIR\u00cb - Arkivi\" \/>\n<meta property=\"og:description\" content=\"Nga: EDUARD ZALOSHNJA Kjo gazet\u00eb paraqiti n\u00eb numrin e saj t\u00eb 23 gushtit padit\u00eb m\u00eb t\u00eb bujshme p\u00ebr shpifje t\u00eb dy vjet\u00ebve t\u00eb fundit, q\u00eb i kan\u00eb b\u00ebr\u00eb nj\u00ebri-tjetrit politikan\u00ebt shqiptar\u00eb. Si\u00e7 raporton gazeta, numri i padive t\u00eb tilla arrin n\u00eb dhjet\u00ebra. N\u00eb pamje t\u00eb par\u00eb, kjo sasi e madhe e padive p\u00ebr shpifje t\u00eb [&hellip;]\" \/>\n<meta property=\"og:url\" content=\"https:\/\/fjala.info\/2009-2015\/padite-e-kota-per-shpifje\/\" \/>\n<meta property=\"og:site_name\" content=\"FjALA e LIR\u00cb - Arkivi\" \/>\n<meta property=\"article:published_time\" content=\"2010-08-24T12:45:39+00:00\" \/>\n<meta property=\"og:image\" content=\"http:\/\/www.shkoder.net\/images\/fjala\/zaloshnja.jpg\" \/>\n<meta name=\"author\" content=\"admin\" \/>\n<meta name=\"twitter:card\" content=\"summary_large_image\" \/>\n<meta name=\"twitter:label1\" content=\"Written by\" \/>\n\t<meta name=\"twitter:data1\" content=\"admin\" \/>\n\t<meta name=\"twitter:label2\" content=\"Est. reading time\" \/>\n\t<meta name=\"twitter:data2\" content=\"4 minutes\" \/>\n<script type=\"application\/ld+json\" class=\"yoast-schema-graph\">{\"@context\":\"https:\\\/\\\/schema.org\",\"@graph\":[{\"@type\":\"Article\",\"@id\":\"https:\\\/\\\/fjala.info\\\/2009-2015\\\/padite-e-kota-per-shpifje\\\/#article\",\"isPartOf\":{\"@id\":\"https:\\\/\\\/fjala.info\\\/2009-2015\\\/padite-e-kota-per-shpifje\\\/\"},\"author\":{\"name\":\"admin\",\"@id\":\"https:\\\/\\\/fjala.info\\\/2009-2015\\\/#\\\/schema\\\/person\\\/3aa1163ef05469c496fc94e77611ada2\"},\"headline\":\"Padit\u00eb e kota p\u00ebr shpifje\",\"datePublished\":\"2010-08-24T12:45:39+00:00\",\"mainEntityOfPage\":{\"@id\":\"https:\\\/\\\/fjala.info\\\/2009-2015\\\/padite-e-kota-per-shpifje\\\/\"},\"wordCount\":885,\"commentCount\":0,\"publisher\":{\"@id\":\"https:\\\/\\\/fjala.info\\\/2009-2015\\\/#organization\"},\"image\":{\"@id\":\"https:\\\/\\\/fjala.info\\\/2009-2015\\\/padite-e-kota-per-shpifje\\\/#primaryimage\"},\"thumbnailUrl\":\"http:\\\/\\\/www.shkoder.net\\\/images\\\/fjala\\\/zaloshnja.jpg\",\"articleSection\":[\"Artikuj\"],\"inLanguage\":\"sq-AL\",\"potentialAction\":[{\"@type\":\"CommentAction\",\"name\":\"Comment\",\"target\":[\"https:\\\/\\\/fjala.info\\\/2009-2015\\\/padite-e-kota-per-shpifje\\\/#respond\"]}]},{\"@type\":\"WebPage\",\"@id\":\"https:\\\/\\\/fjala.info\\\/2009-2015\\\/padite-e-kota-per-shpifje\\\/\",\"url\":\"https:\\\/\\\/fjala.info\\\/2009-2015\\\/padite-e-kota-per-shpifje\\\/\",\"name\":\"Padit\u00eb e kota p\u00ebr shpifje - FjALA e LIR\u00cb - Arkivi\",\"isPartOf\":{\"@id\":\"https:\\\/\\\/fjala.info\\\/2009-2015\\\/#website\"},\"primaryImageOfPage\":{\"@id\":\"https:\\\/\\\/fjala.info\\\/2009-2015\\\/padite-e-kota-per-shpifje\\\/#primaryimage\"},\"image\":{\"@id\":\"https:\\\/\\\/fjala.info\\\/2009-2015\\\/padite-e-kota-per-shpifje\\\/#primaryimage\"},\"thumbnailUrl\":\"http:\\\/\\\/www.shkoder.net\\\/images\\\/fjala\\\/zaloshnja.jpg\",\"datePublished\":\"2010-08-24T12:45:39+00:00\",\"breadcrumb\":{\"@id\":\"https:\\\/\\\/fjala.info\\\/2009-2015\\\/padite-e-kota-per-shpifje\\\/#breadcrumb\"},\"inLanguage\":\"sq-AL\",\"potentialAction\":[{\"@type\":\"ReadAction\",\"target\":[\"https:\\\/\\\/fjala.info\\\/2009-2015\\\/padite-e-kota-per-shpifje\\\/\"]}]},{\"@type\":\"ImageObject\",\"inLanguage\":\"sq-AL\",\"@id\":\"https:\\\/\\\/fjala.info\\\/2009-2015\\\/padite-e-kota-per-shpifje\\\/#primaryimage\",\"url\":\"http:\\\/\\\/www.shkoder.net\\\/images\\\/fjala\\\/zaloshnja.jpg\",\"contentUrl\":\"http:\\\/\\\/www.shkoder.net\\\/images\\\/fjala\\\/zaloshnja.jpg\"},{\"@type\":\"BreadcrumbList\",\"@id\":\"https:\\\/\\\/fjala.info\\\/2009-2015\\\/padite-e-kota-per-shpifje\\\/#breadcrumb\",\"itemListElement\":[{\"@type\":\"ListItem\",\"position\":1,\"name\":\"Home\",\"item\":\"https:\\\/\\\/fjala.info\\\/2009-2015\\\/\"},{\"@type\":\"ListItem\",\"position\":2,\"name\":\"Padit\u00eb e kota p\u00ebr shpifje\"}]},{\"@type\":\"WebSite\",\"@id\":\"https:\\\/\\\/fjala.info\\\/2009-2015\\\/#website\",\"url\":\"https:\\\/\\\/fjala.info\\\/2009-2015\\\/\",\"name\":\"FjALA e LIR\u00cb - Arkivi\",\"description\":\"Arkivi 2009-2015\",\"publisher\":{\"@id\":\"https:\\\/\\\/fjala.info\\\/2009-2015\\\/#organization\"},\"potentialAction\":[{\"@type\":\"SearchAction\",\"target\":{\"@type\":\"EntryPoint\",\"urlTemplate\":\"https:\\\/\\\/fjala.info\\\/2009-2015\\\/?s={search_term_string}\"},\"query-input\":{\"@type\":\"PropertyValueSpecification\",\"valueRequired\":true,\"valueName\":\"search_term_string\"}}],\"inLanguage\":\"sq-AL\"},{\"@type\":\"Organization\",\"@id\":\"https:\\\/\\\/fjala.info\\\/2009-2015\\\/#organization\",\"name\":\"FjALA e LIR\u00cb - Arkivi\",\"url\":\"https:\\\/\\\/fjala.info\\\/2009-2015\\\/\",\"logo\":{\"@type\":\"ImageObject\",\"inLanguage\":\"sq-AL\",\"@id\":\"https:\\\/\\\/fjala.info\\\/2009-2015\\\/#\\\/schema\\\/logo\\\/image\\\/\",\"url\":\"\",\"contentUrl\":\"\",\"caption\":\"FjALA e LIR\u00cb - Arkivi\"},\"image\":{\"@id\":\"https:\\\/\\\/fjala.info\\\/2009-2015\\\/#\\\/schema\\\/logo\\\/image\\\/\"}},{\"@type\":\"Person\",\"@id\":\"https:\\\/\\\/fjala.info\\\/2009-2015\\\/#\\\/schema\\\/person\\\/3aa1163ef05469c496fc94e77611ada2\",\"name\":\"admin\",\"image\":{\"@type\":\"ImageObject\",\"inLanguage\":\"sq-AL\",\"@id\":\"https:\\\/\\\/fjala.info\\\/2009-2015\\\/wp-content\\\/uploads\\\/2012\\\/02\\\/arben_cokaj-120x150.jpg\",\"url\":\"https:\\\/\\\/fjala.info\\\/2009-2015\\\/wp-content\\\/uploads\\\/2012\\\/02\\\/arben_cokaj-120x150.jpg\",\"contentUrl\":\"https:\\\/\\\/fjala.info\\\/2009-2015\\\/wp-content\\\/uploads\\\/2012\\\/02\\\/arben_cokaj-120x150.jpg\",\"caption\":\"admin\"},\"description\":\"Admin, Fjala e Lir\u00eb\",\"sameAs\":[\"https:\\\/\\\/fjala.info\\\/\"],\"url\":\"https:\\\/\\\/fjala.info\\\/2009-2015\\\/author\\\/admin\\\/\"}]}<\/script>\n<!-- \/ Yoast SEO plugin. -->","yoast_head_json":{"title":"Padit\u00eb e kota p\u00ebr shpifje - FjALA e LIR\u00cb - Arkivi","robots":{"index":"index","follow":"follow","max-snippet":"max-snippet:-1","max-image-preview":"max-image-preview:large","max-video-preview":"max-video-preview:-1"},"canonical":"https:\/\/fjala.info\/2009-2015\/padite-e-kota-per-shpifje\/","og_locale":"sq_AL","og_type":"article","og_title":"Padit\u00eb e kota p\u00ebr shpifje - FjALA e LIR\u00cb - Arkivi","og_description":"Nga: EDUARD ZALOSHNJA Kjo gazet\u00eb paraqiti n\u00eb numrin e saj t\u00eb 23 gushtit padit\u00eb m\u00eb t\u00eb bujshme p\u00ebr shpifje t\u00eb dy vjet\u00ebve t\u00eb fundit, q\u00eb i kan\u00eb b\u00ebr\u00eb nj\u00ebri-tjetrit politikan\u00ebt shqiptar\u00eb. Si\u00e7 raporton gazeta, numri i padive t\u00eb tilla arrin n\u00eb dhjet\u00ebra. N\u00eb pamje t\u00eb par\u00eb, kjo sasi e madhe e padive p\u00ebr shpifje t\u00eb [&hellip;]","og_url":"https:\/\/fjala.info\/2009-2015\/padite-e-kota-per-shpifje\/","og_site_name":"FjALA e LIR\u00cb - Arkivi","article_published_time":"2010-08-24T12:45:39+00:00","og_image":[{"url":"http:\/\/www.shkoder.net\/images\/fjala\/zaloshnja.jpg","type":"","width":"","height":""}],"author":"admin","twitter_card":"summary_large_image","twitter_misc":{"Written by":"admin","Est. reading time":"4 minutes"},"schema":{"@context":"https:\/\/schema.org","@graph":[{"@type":"Article","@id":"https:\/\/fjala.info\/2009-2015\/padite-e-kota-per-shpifje\/#article","isPartOf":{"@id":"https:\/\/fjala.info\/2009-2015\/padite-e-kota-per-shpifje\/"},"author":{"name":"admin","@id":"https:\/\/fjala.info\/2009-2015\/#\/schema\/person\/3aa1163ef05469c496fc94e77611ada2"},"headline":"Padit\u00eb e kota p\u00ebr shpifje","datePublished":"2010-08-24T12:45:39+00:00","mainEntityOfPage":{"@id":"https:\/\/fjala.info\/2009-2015\/padite-e-kota-per-shpifje\/"},"wordCount":885,"commentCount":0,"publisher":{"@id":"https:\/\/fjala.info\/2009-2015\/#organization"},"image":{"@id":"https:\/\/fjala.info\/2009-2015\/padite-e-kota-per-shpifje\/#primaryimage"},"thumbnailUrl":"http:\/\/www.shkoder.net\/images\/fjala\/zaloshnja.jpg","articleSection":["Artikuj"],"inLanguage":"sq-AL","potentialAction":[{"@type":"CommentAction","name":"Comment","target":["https:\/\/fjala.info\/2009-2015\/padite-e-kota-per-shpifje\/#respond"]}]},{"@type":"WebPage","@id":"https:\/\/fjala.info\/2009-2015\/padite-e-kota-per-shpifje\/","url":"https:\/\/fjala.info\/2009-2015\/padite-e-kota-per-shpifje\/","name":"Padit\u00eb e kota p\u00ebr shpifje - FjALA e LIR\u00cb - Arkivi","isPartOf":{"@id":"https:\/\/fjala.info\/2009-2015\/#website"},"primaryImageOfPage":{"@id":"https:\/\/fjala.info\/2009-2015\/padite-e-kota-per-shpifje\/#primaryimage"},"image":{"@id":"https:\/\/fjala.info\/2009-2015\/padite-e-kota-per-shpifje\/#primaryimage"},"thumbnailUrl":"http:\/\/www.shkoder.net\/images\/fjala\/zaloshnja.jpg","datePublished":"2010-08-24T12:45:39+00:00","breadcrumb":{"@id":"https:\/\/fjala.info\/2009-2015\/padite-e-kota-per-shpifje\/#breadcrumb"},"inLanguage":"sq-AL","potentialAction":[{"@type":"ReadAction","target":["https:\/\/fjala.info\/2009-2015\/padite-e-kota-per-shpifje\/"]}]},{"@type":"ImageObject","inLanguage":"sq-AL","@id":"https:\/\/fjala.info\/2009-2015\/padite-e-kota-per-shpifje\/#primaryimage","url":"http:\/\/www.shkoder.net\/images\/fjala\/zaloshnja.jpg","contentUrl":"http:\/\/www.shkoder.net\/images\/fjala\/zaloshnja.jpg"},{"@type":"BreadcrumbList","@id":"https:\/\/fjala.info\/2009-2015\/padite-e-kota-per-shpifje\/#breadcrumb","itemListElement":[{"@type":"ListItem","position":1,"name":"Home","item":"https:\/\/fjala.info\/2009-2015\/"},{"@type":"ListItem","position":2,"name":"Padit\u00eb e kota p\u00ebr shpifje"}]},{"@type":"WebSite","@id":"https:\/\/fjala.info\/2009-2015\/#website","url":"https:\/\/fjala.info\/2009-2015\/","name":"FjALA e LIR\u00cb - Arkivi","description":"Arkivi 2009-2015","publisher":{"@id":"https:\/\/fjala.info\/2009-2015\/#organization"},"potentialAction":[{"@type":"SearchAction","target":{"@type":"EntryPoint","urlTemplate":"https:\/\/fjala.info\/2009-2015\/?s={search_term_string}"},"query-input":{"@type":"PropertyValueSpecification","valueRequired":true,"valueName":"search_term_string"}}],"inLanguage":"sq-AL"},{"@type":"Organization","@id":"https:\/\/fjala.info\/2009-2015\/#organization","name":"FjALA e LIR\u00cb - Arkivi","url":"https:\/\/fjala.info\/2009-2015\/","logo":{"@type":"ImageObject","inLanguage":"sq-AL","@id":"https:\/\/fjala.info\/2009-2015\/#\/schema\/logo\/image\/","url":"","contentUrl":"","caption":"FjALA e LIR\u00cb - Arkivi"},"image":{"@id":"https:\/\/fjala.info\/2009-2015\/#\/schema\/logo\/image\/"}},{"@type":"Person","@id":"https:\/\/fjala.info\/2009-2015\/#\/schema\/person\/3aa1163ef05469c496fc94e77611ada2","name":"admin","image":{"@type":"ImageObject","inLanguage":"sq-AL","@id":"https:\/\/fjala.info\/2009-2015\/wp-content\/uploads\/2012\/02\/arben_cokaj-120x150.jpg","url":"https:\/\/fjala.info\/2009-2015\/wp-content\/uploads\/2012\/02\/arben_cokaj-120x150.jpg","contentUrl":"https:\/\/fjala.info\/2009-2015\/wp-content\/uploads\/2012\/02\/arben_cokaj-120x150.jpg","caption":"admin"},"description":"Admin, Fjala e Lir\u00eb","sameAs":["https:\/\/fjala.info\/"],"url":"https:\/\/fjala.info\/2009-2015\/author\/admin\/"}]}},"_links":{"self":[{"href":"https:\/\/fjala.info\/2009-2015\/wp-json\/wp\/v2\/posts\/3839","targetHints":{"allow":["GET"]}}],"collection":[{"href":"https:\/\/fjala.info\/2009-2015\/wp-json\/wp\/v2\/posts"}],"about":[{"href":"https:\/\/fjala.info\/2009-2015\/wp-json\/wp\/v2\/types\/post"}],"author":[{"embeddable":true,"href":"https:\/\/fjala.info\/2009-2015\/wp-json\/wp\/v2\/users\/1"}],"replies":[{"embeddable":true,"href":"https:\/\/fjala.info\/2009-2015\/wp-json\/wp\/v2\/comments?post=3839"}],"version-history":[{"count":0,"href":"https:\/\/fjala.info\/2009-2015\/wp-json\/wp\/v2\/posts\/3839\/revisions"}],"wp:attachment":[{"href":"https:\/\/fjala.info\/2009-2015\/wp-json\/wp\/v2\/media?parent=3839"}],"wp:term":[{"taxonomy":"category","embeddable":true,"href":"https:\/\/fjala.info\/2009-2015\/wp-json\/wp\/v2\/categories?post=3839"},{"taxonomy":"post_tag","embeddable":true,"href":"https:\/\/fjala.info\/2009-2015\/wp-json\/wp\/v2\/tags?post=3839"}],"curies":[{"name":"wp","href":"https:\/\/api.w.org\/{rel}","templated":true}]}}