{"id":3834,"date":"2010-08-23T20:34:17","date_gmt":"2010-08-23T19:34:17","guid":{"rendered":"http:\/\/fjala.shkoder.net\/?p=3834"},"modified":"2010-08-23T20:34:17","modified_gmt":"2010-08-23T19:34:17","slug":"nderi-i-rivendosur","status":"publish","type":"post","link":"https:\/\/fjala.info\/2009-2015\/nderi-i-rivendosur\/","title":{"rendered":"Nderi i Rivendosur"},"content":{"rendered":"<p><img decoding=\"async\" style=\"margin-left: 10px; margin-right: 10px; border: 0px;\" title=\"Alba Malltezi\" src=\"http:\/\/www.shkoder.net\/images\/fjala\/alba_malltezi.jpg\" border=\"0\" alt=\"\" width=\"150\" align=\"left\" \/><\/p>\n<p>Nga: <strong>ALBA MALLTEZI<\/strong><\/p>\n<p>N\u00eb nj\u00eb nga gazetat m\u00eb prestigjoze dhe me t\u00eb m\u00ebdha t\u00eb Italis\u00eb, n\u00ebn firm\u00ebn e dy emrave autoritar\u00eb Sergio Rizzo dhe Gian Antonio Stella n\u00eb Corriere della Sera, rivendoset n\u00eb vend nderi i n\u00ebp\u00ebrk\u00ebmbur i shqiptar\u00ebve n\u00eb Itali. Q\u00eb nga kjo dat\u00eb, 14 gusht 2010, kush nuk di, b\u00ebn pjes\u00eb n\u00eb armat\u00ebn e gjer\u00eb t\u00eb injorant\u00ebve q\u00eb posht\u00eb e lart\u00eb flasin e japim mendime kot mbi shqiptar\u00ebt e Shqip\u00ebrin\u00eb. Q\u00eb nga kjo dat\u00eb, kultura, dituria mbi popullin p\u00ebrball\u00eb brigjeve, iu afrohet n\u00eb pjat\u00eb t\u00eb art\u00eb edhe atyre q\u00eb krijojn\u00eb p\u00ebrshtypje dhe japin verdikte mbi njer\u00ebzit vet\u00ebm nga cop\u00ebza kronike t\u00eb zez\u00eb.<\/p>\n<p>M\u00eb t\u00eb fundit her\u00eb q\u00eb shkruajta p\u00ebr bro\u00e7kullat q\u00eb thuhen mbi kurrizin ton\u00eb nga shum\u00eb gazetar\u00eb apo shkrimtar\u00eb t\u00eb vendit fqinj, ishte gjat\u00eb nj\u00eb konference organizuar n\u00eb qershor nga nj\u00eb grup gazetar\u00ebsh &#8220;lufte&#8221;, ku m\u00eb shum\u00eb se p\u00ebr fjal\u00ebt q\u00eb thuheshin, m\u00eb erdhi p\u00ebr t\u00eb qar\u00eb p\u00ebr injoranc\u00ebn e thell\u00eb, munges\u00ebn e informacionit dhe arroganc\u00ebn e p\u00ebrtacin\u00eb p\u00ebr t\u00eb m\u00ebsuar t\u00eb v\u00ebrtet\u00ebn mbi shqiptar\u00ebt e vjet\u00ebr dhe t\u00eb rinj. Shkrimi i Sergio Rizzo-s dhe Gian Antonio Stella-s, t\u00eb cilin me k\u00ebnaq\u00ebsi publikojm\u00eb sot dhe n\u00eb &#8220;Gazeta Shqiptare&#8221;, hedh drit\u00eb me fakte e t\u00eb v\u00ebrteta q\u00eb nisin me skip\u00ebtar\u00ebt arb\u00ebresh\u00eb e deri te emigrant\u00ebt e viteve &#8217;90, q\u00eb kan\u00eb p\u00ebrveshur prej vitesh m\u00ebng\u00ebt e shk\u00eblqejn\u00eb n\u00eb pun\u00ebt e tyre.<\/p>\n<p>Artikulli rikujton q\u00ebndres\u00ebn e Sk\u00ebnd\u00ebrbeut ndaj turqve, kontributin n\u00eb bashkimin e Italis\u00eb s\u00eb komunitetit arb\u00ebresh, poet\u00ebt Jeronim De Rada, Zef Serembe, politikanin aq t\u00eb adhuruar arb\u00ebresh Antonio Gramshi, p\u00ebr t\u00eb ardhur n\u00eb pjes\u00ebn m\u00eb t\u00eb dhimbshme e aq pak t\u00eb lavdishme, at\u00eb t\u00eb emigracionit masiv t\u00eb 1991 e m\u00eb pas at\u00eb klandestin. Por \u00ebsht\u00eb pik\u00ebrisht n\u00eb k\u00ebt\u00eb pjes\u00eb, n\u00eb k\u00ebt\u00eb p\u00ebrshkrim p\u00ebr t\u00eb ardhur deri n\u00eb dit\u00ebt e sotme, q\u00eb dy gazetar\u00ebt-shkrimtar\u00eb thyejn\u00eb tab\u00f9 duke u sjell\u00eb fakte t\u00eb pakontestueshme lexuesve t\u00eb gazet\u00ebs s\u00eb tyre dhe t\u00eb v\u00ebrteta mbi komunitetin e shqiptar\u00ebve n\u00eb Itali. Nj\u00eb artikull-studim mbushur me shifra, fakte e personazh\u00eb, larg gazetaris\u00eb s\u00eb kafeneve, hoteleve e paragjykimeve.<\/p>\n<p>Citoj: &#8220;&#8230; Se mos ishte e leht\u00eb, t\u00eb ishe shqiptar. Mjafton t\u00eb rilexosh kronik\u00ebn e zez\u00eb t\u00eb asaj kohe, e shenjuar nga ngjarje t\u00eb r\u00ebnda. T\u00eb rilexosh titujt e \u00e7\u00ebshtjes s\u00eb Novi Ligure (vajza, Erika, vrau n\u00ebn\u00ebn dhe v\u00ebllain e vogel sh.r), ku n\u00eb faqe t\u00eb para, n\u00eb baz\u00eb t\u00eb d\u00ebshmis\u00eb s\u00eb Erik\u00ebs, dyshimet binin mbi &#8220;kafsh\u00ebt&#8221; e Tiran\u00ebs dhe Durr\u00ebsit. T\u00eb rilexosh disa sllogane legiste: &#8220;Nj\u00eb vot\u00eb m\u00eb shum\u00eb n\u00eb Formentini, nj\u00eb shqiptar m\u00eb pak n\u00eb Milano&#8221;. Dhe nuk ishte vet\u00ebm e djathta q\u00eb sulmonte: Ju kujtohet batuta e Daniele Luttazzi-t? &#8220;Mjegulla k\u00ebto dit\u00eb n\u00eb Milano \u00ebsht\u00eb aq e dendur, sa shqiptar\u00ebt nuk arrijn\u00eb as t\u00eb \u00e7ahen me thika&#8221;.<\/p>\n<p>E megjithat\u00eb, 20 vite m\u00eb von\u00eb, integrimi i shqiptar\u00ebve ishte m\u00eb i shpejt\u00eb dhe i heshtur se \u00e7do parashikim. Sigurisht, nuk mungojn\u00eb ngjarje t\u00eb papranueshme dhe tipa q\u00eb do meritonin grusht t\u00eb fort\u00eb. Sidomos n\u00eb frontin e trafikimit t\u00eb vajzave t\u00eb reja n\u00eb rrug\u00eb. Por, \u00ebsht\u00eb e v\u00ebshtir\u00eb t\u00eb mohosh se imazhi i shqiptareve ka ndryshuar thell\u00ebsisht. N\u00ebse arb\u00ebresh\u00ebt jan\u00eb sot pak m\u00eb shum\u00eb se nj\u00ebqindmij\u00eb,&#8221;shqiptar\u00ebt e Shqip\u00ebris\u00eb&#8221; jan\u00eb m\u00eb shum\u00eb se gjys\u00ebm milioni.P\u00ebr t\u00eb qen\u00eb m\u00eb t\u00eb qart\u00eb: nj\u00eb n\u00eb gjasht\u00ebshqiptar\u00eb jeton k\u00ebtej. Akoma m\u00eb mbres\u00ebl\u00ebn\u00ebs \u00ebsht\u00eb numri i shqiptar\u00ebve q\u00eb nuk u ndal\u00ebn t\u00eb b\u00ebjn\u00eb pun\u00eb krahu apo pjatalar\u00ebs, por sot jan\u00eb sip\u00ebrmarr\u00ebs.<\/p>\n<p>Me 30 qershor 2010, thot\u00eb Unicamere, nd\u00ebrmarrjet individuale me sip\u00ebrmarr\u00ebs t\u00eb lindur nga ana tjet\u00ebr e Kanalit t\u00eb Otrantos, jan\u00eb 27.870. Pjesa m\u00eb e madhe sip\u00ebrmarrje nd\u00ebrtimi (22.701), sektor n\u00eb t\u00eb cilin shqiptar\u00ebt z\u00ebn\u00eb nj\u00eb t\u00eb tret\u00ebn t\u00eb gjith\u00eb ekstrakomunitar\u00ebve. Plus 1.248 treg\u00ebtar\u00eb e mekanik\u00eb, 1031 sip\u00ebrmarr\u00ebs artizan\u00eb, 582 pronar\u00eb baresh dhe restorantesh, deri 36 operator\u00eb financiar\u00eb\u2026&#8221;.<\/p>\n<p>K\u00ebto dit\u00eb, p\u00ebrmes gazet\u00ebs &#8220;Bota Shqiptare&#8221; n\u00eb internet, zbulova historin\u00eb e Fundim Gjepalit, vet\u00ebm 28 vje\u00e7, shef kuzhine n\u00eb nj\u00eb restorant me em\u00ebr n\u00eb Rom\u00eb &#8220;Arco Antico&#8221;. Po sa histori e shqiptar\u00eb t\u00eb tjer\u00eb kam njohur m\u00eb par\u00eb n\u00eb Itali: N\u00eb Bari, n\u00eb bulevardin kryesor, nj\u00eb nga restorantet m\u00eb t\u00eb njohura drejtohet nga nj\u00eb bashk\u00ebatdhetar, p\u00ebr t\u00eb folur pastaj p\u00ebr mjek\u00eb q\u00eb prej vitesh punojn\u00eb n\u00eb klinikat m\u00eb t\u00eb mira. Orkestrat e shum\u00eb qyteteve italiane kan\u00eb qindra instrumentist\u00eb t\u00eb shk\u00eblqyer shqiptar\u00eb. Shkollat italiane po habiten sa medalje nderi e &#8220;110 e lode&#8221;, po marrin k\u00ebta &#8220;albanesi di m\u2026&#8221;.<\/p>\n<p>V\u00ebllai im, Moreli, q\u00eb b\u00ebn buk\u00ebn m\u00eb er\u00ebmir\u00eb e picat m\u00eb t\u00eb shijshme n\u00eb San Benedetto. K\u00ebta jan\u00eb shqiptar\u00ebt n\u00eb Itali, q\u00eb punojn\u00eb e tregojn\u00eb se sa shum\u00eb na p\u00eblqejn\u00eb rregullat. Ky shkrim n\u00eb &#8220;Corriere della Sera&#8221; rikthen dinjitetin e tyre. Ata, t\u00eb kronik\u00ebs s\u00eb zez\u00eb, b\u00ebjn\u00eb pjes\u00eb n\u00eb nacionalitetin e madh t\u00eb fatkeq\u00ebve, ku e keqja, nuk pyet p\u00ebr komb\u00ebsi.<\/p>\n<p>(<em>Botuar ne Gazeta Shqiptare 15 gusht 2010\/balkanWeb<\/em>)<\/p>\n","protected":false},"excerpt":{"rendered":"<p>Nga: ALBA MALLTEZI N\u00eb nj\u00eb nga gazetat m\u00eb prestigjoze dhe me t\u00eb m\u00ebdha t\u00eb Italis\u00eb, n\u00ebn firm\u00ebn e dy emrave autoritar\u00eb Sergio Rizzo dhe Gian Antonio Stella n\u00eb Corriere della Sera, rivendoset n\u00eb vend nderi i n\u00ebp\u00ebrk\u00ebmbur i shqiptar\u00ebve n\u00eb Itali. Q\u00eb nga kjo dat\u00eb, 14 gusht 2010, kush nuk di, b\u00ebn pjes\u00eb n\u00eb armat\u00ebn [&hellip;]<\/p>\n","protected":false},"author":1,"featured_media":0,"comment_status":"open","ping_status":"closed","sticky":false,"template":"","format":"standard","meta":{"footnotes":""},"categories":[2],"tags":[],"class_list":{"0":"post-3834","1":"post","2":"type-post","3":"status-publish","4":"format-standard","6":"category-artikuj"},"yoast_head":"<!-- This site is optimized with the Yoast SEO plugin v27.4 - https:\/\/yoast.com\/product\/yoast-seo-wordpress\/ -->\n<title>Nderi i Rivendosur - FjALA e LIR\u00cb - Arkivi<\/title>\n<meta name=\"robots\" content=\"index, follow, max-snippet:-1, max-image-preview:large, max-video-preview:-1\" \/>\n<link rel=\"canonical\" href=\"https:\/\/fjala.info\/2009-2015\/nderi-i-rivendosur\/\" \/>\n<meta property=\"og:locale\" content=\"sq_AL\" \/>\n<meta property=\"og:type\" content=\"article\" \/>\n<meta property=\"og:title\" content=\"Nderi i Rivendosur - FjALA e LIR\u00cb - Arkivi\" \/>\n<meta property=\"og:description\" content=\"Nga: ALBA MALLTEZI N\u00eb nj\u00eb nga gazetat m\u00eb prestigjoze dhe me t\u00eb m\u00ebdha t\u00eb Italis\u00eb, n\u00ebn firm\u00ebn e dy emrave autoritar\u00eb Sergio Rizzo dhe Gian Antonio Stella n\u00eb Corriere della Sera, rivendoset n\u00eb vend nderi i n\u00ebp\u00ebrk\u00ebmbur i shqiptar\u00ebve n\u00eb Itali. Q\u00eb nga kjo dat\u00eb, 14 gusht 2010, kush nuk di, b\u00ebn pjes\u00eb n\u00eb armat\u00ebn [&hellip;]\" \/>\n<meta property=\"og:url\" content=\"https:\/\/fjala.info\/2009-2015\/nderi-i-rivendosur\/\" \/>\n<meta property=\"og:site_name\" content=\"FjALA e LIR\u00cb - Arkivi\" \/>\n<meta property=\"article:published_time\" content=\"2010-08-23T19:34:17+00:00\" \/>\n<meta property=\"og:image\" content=\"http:\/\/www.shkoder.net\/images\/fjala\/alba_malltezi.jpg\" \/>\n<meta name=\"author\" content=\"admin\" \/>\n<meta name=\"twitter:card\" content=\"summary_large_image\" \/>\n<meta name=\"twitter:label1\" content=\"Written by\" \/>\n\t<meta name=\"twitter:data1\" content=\"admin\" \/>\n\t<meta name=\"twitter:label2\" content=\"Est. reading time\" \/>\n\t<meta name=\"twitter:data2\" content=\"4 minutes\" \/>\n<script type=\"application\/ld+json\" class=\"yoast-schema-graph\">{\"@context\":\"https:\\\/\\\/schema.org\",\"@graph\":[{\"@type\":\"Article\",\"@id\":\"https:\\\/\\\/fjala.info\\\/2009-2015\\\/nderi-i-rivendosur\\\/#article\",\"isPartOf\":{\"@id\":\"https:\\\/\\\/fjala.info\\\/2009-2015\\\/nderi-i-rivendosur\\\/\"},\"author\":{\"name\":\"admin\",\"@id\":\"https:\\\/\\\/fjala.info\\\/2009-2015\\\/#\\\/schema\\\/person\\\/3aa1163ef05469c496fc94e77611ada2\"},\"headline\":\"Nderi i Rivendosur\",\"datePublished\":\"2010-08-23T19:34:17+00:00\",\"mainEntityOfPage\":{\"@id\":\"https:\\\/\\\/fjala.info\\\/2009-2015\\\/nderi-i-rivendosur\\\/\"},\"wordCount\":893,\"commentCount\":0,\"publisher\":{\"@id\":\"https:\\\/\\\/fjala.info\\\/2009-2015\\\/#organization\"},\"image\":{\"@id\":\"https:\\\/\\\/fjala.info\\\/2009-2015\\\/nderi-i-rivendosur\\\/#primaryimage\"},\"thumbnailUrl\":\"http:\\\/\\\/www.shkoder.net\\\/images\\\/fjala\\\/alba_malltezi.jpg\",\"articleSection\":[\"Artikuj\"],\"inLanguage\":\"sq-AL\",\"potentialAction\":[{\"@type\":\"CommentAction\",\"name\":\"Comment\",\"target\":[\"https:\\\/\\\/fjala.info\\\/2009-2015\\\/nderi-i-rivendosur\\\/#respond\"]}]},{\"@type\":\"WebPage\",\"@id\":\"https:\\\/\\\/fjala.info\\\/2009-2015\\\/nderi-i-rivendosur\\\/\",\"url\":\"https:\\\/\\\/fjala.info\\\/2009-2015\\\/nderi-i-rivendosur\\\/\",\"name\":\"Nderi i Rivendosur - FjALA e LIR\u00cb - Arkivi\",\"isPartOf\":{\"@id\":\"https:\\\/\\\/fjala.info\\\/2009-2015\\\/#website\"},\"primaryImageOfPage\":{\"@id\":\"https:\\\/\\\/fjala.info\\\/2009-2015\\\/nderi-i-rivendosur\\\/#primaryimage\"},\"image\":{\"@id\":\"https:\\\/\\\/fjala.info\\\/2009-2015\\\/nderi-i-rivendosur\\\/#primaryimage\"},\"thumbnailUrl\":\"http:\\\/\\\/www.shkoder.net\\\/images\\\/fjala\\\/alba_malltezi.jpg\",\"datePublished\":\"2010-08-23T19:34:17+00:00\",\"breadcrumb\":{\"@id\":\"https:\\\/\\\/fjala.info\\\/2009-2015\\\/nderi-i-rivendosur\\\/#breadcrumb\"},\"inLanguage\":\"sq-AL\",\"potentialAction\":[{\"@type\":\"ReadAction\",\"target\":[\"https:\\\/\\\/fjala.info\\\/2009-2015\\\/nderi-i-rivendosur\\\/\"]}]},{\"@type\":\"ImageObject\",\"inLanguage\":\"sq-AL\",\"@id\":\"https:\\\/\\\/fjala.info\\\/2009-2015\\\/nderi-i-rivendosur\\\/#primaryimage\",\"url\":\"http:\\\/\\\/www.shkoder.net\\\/images\\\/fjala\\\/alba_malltezi.jpg\",\"contentUrl\":\"http:\\\/\\\/www.shkoder.net\\\/images\\\/fjala\\\/alba_malltezi.jpg\"},{\"@type\":\"BreadcrumbList\",\"@id\":\"https:\\\/\\\/fjala.info\\\/2009-2015\\\/nderi-i-rivendosur\\\/#breadcrumb\",\"itemListElement\":[{\"@type\":\"ListItem\",\"position\":1,\"name\":\"Home\",\"item\":\"https:\\\/\\\/fjala.info\\\/2009-2015\\\/\"},{\"@type\":\"ListItem\",\"position\":2,\"name\":\"Nderi i Rivendosur\"}]},{\"@type\":\"WebSite\",\"@id\":\"https:\\\/\\\/fjala.info\\\/2009-2015\\\/#website\",\"url\":\"https:\\\/\\\/fjala.info\\\/2009-2015\\\/\",\"name\":\"FjALA e LIR\u00cb - Arkivi\",\"description\":\"Arkivi 2009-2015\",\"publisher\":{\"@id\":\"https:\\\/\\\/fjala.info\\\/2009-2015\\\/#organization\"},\"potentialAction\":[{\"@type\":\"SearchAction\",\"target\":{\"@type\":\"EntryPoint\",\"urlTemplate\":\"https:\\\/\\\/fjala.info\\\/2009-2015\\\/?s={search_term_string}\"},\"query-input\":{\"@type\":\"PropertyValueSpecification\",\"valueRequired\":true,\"valueName\":\"search_term_string\"}}],\"inLanguage\":\"sq-AL\"},{\"@type\":\"Organization\",\"@id\":\"https:\\\/\\\/fjala.info\\\/2009-2015\\\/#organization\",\"name\":\"FjALA e LIR\u00cb - Arkivi\",\"url\":\"https:\\\/\\\/fjala.info\\\/2009-2015\\\/\",\"logo\":{\"@type\":\"ImageObject\",\"inLanguage\":\"sq-AL\",\"@id\":\"https:\\\/\\\/fjala.info\\\/2009-2015\\\/#\\\/schema\\\/logo\\\/image\\\/\",\"url\":\"\",\"contentUrl\":\"\",\"caption\":\"FjALA e LIR\u00cb - Arkivi\"},\"image\":{\"@id\":\"https:\\\/\\\/fjala.info\\\/2009-2015\\\/#\\\/schema\\\/logo\\\/image\\\/\"}},{\"@type\":\"Person\",\"@id\":\"https:\\\/\\\/fjala.info\\\/2009-2015\\\/#\\\/schema\\\/person\\\/3aa1163ef05469c496fc94e77611ada2\",\"name\":\"admin\",\"image\":{\"@type\":\"ImageObject\",\"inLanguage\":\"sq-AL\",\"@id\":\"https:\\\/\\\/fjala.info\\\/2009-2015\\\/wp-content\\\/uploads\\\/2012\\\/02\\\/arben_cokaj-120x150.jpg\",\"url\":\"https:\\\/\\\/fjala.info\\\/2009-2015\\\/wp-content\\\/uploads\\\/2012\\\/02\\\/arben_cokaj-120x150.jpg\",\"contentUrl\":\"https:\\\/\\\/fjala.info\\\/2009-2015\\\/wp-content\\\/uploads\\\/2012\\\/02\\\/arben_cokaj-120x150.jpg\",\"caption\":\"admin\"},\"description\":\"Admin, Fjala e Lir\u00eb\",\"sameAs\":[\"https:\\\/\\\/fjala.info\\\/\"],\"url\":\"https:\\\/\\\/fjala.info\\\/2009-2015\\\/author\\\/admin\\\/\"}]}<\/script>\n<!-- \/ Yoast SEO plugin. -->","yoast_head_json":{"title":"Nderi i Rivendosur - FjALA e LIR\u00cb - Arkivi","robots":{"index":"index","follow":"follow","max-snippet":"max-snippet:-1","max-image-preview":"max-image-preview:large","max-video-preview":"max-video-preview:-1"},"canonical":"https:\/\/fjala.info\/2009-2015\/nderi-i-rivendosur\/","og_locale":"sq_AL","og_type":"article","og_title":"Nderi i Rivendosur - FjALA e LIR\u00cb - Arkivi","og_description":"Nga: ALBA MALLTEZI N\u00eb nj\u00eb nga gazetat m\u00eb prestigjoze dhe me t\u00eb m\u00ebdha t\u00eb Italis\u00eb, n\u00ebn firm\u00ebn e dy emrave autoritar\u00eb Sergio Rizzo dhe Gian Antonio Stella n\u00eb Corriere della Sera, rivendoset n\u00eb vend nderi i n\u00ebp\u00ebrk\u00ebmbur i shqiptar\u00ebve n\u00eb Itali. Q\u00eb nga kjo dat\u00eb, 14 gusht 2010, kush nuk di, b\u00ebn pjes\u00eb n\u00eb armat\u00ebn [&hellip;]","og_url":"https:\/\/fjala.info\/2009-2015\/nderi-i-rivendosur\/","og_site_name":"FjALA e LIR\u00cb - Arkivi","article_published_time":"2010-08-23T19:34:17+00:00","og_image":[{"url":"http:\/\/www.shkoder.net\/images\/fjala\/alba_malltezi.jpg","type":"","width":"","height":""}],"author":"admin","twitter_card":"summary_large_image","twitter_misc":{"Written by":"admin","Est. reading time":"4 minutes"},"schema":{"@context":"https:\/\/schema.org","@graph":[{"@type":"Article","@id":"https:\/\/fjala.info\/2009-2015\/nderi-i-rivendosur\/#article","isPartOf":{"@id":"https:\/\/fjala.info\/2009-2015\/nderi-i-rivendosur\/"},"author":{"name":"admin","@id":"https:\/\/fjala.info\/2009-2015\/#\/schema\/person\/3aa1163ef05469c496fc94e77611ada2"},"headline":"Nderi i Rivendosur","datePublished":"2010-08-23T19:34:17+00:00","mainEntityOfPage":{"@id":"https:\/\/fjala.info\/2009-2015\/nderi-i-rivendosur\/"},"wordCount":893,"commentCount":0,"publisher":{"@id":"https:\/\/fjala.info\/2009-2015\/#organization"},"image":{"@id":"https:\/\/fjala.info\/2009-2015\/nderi-i-rivendosur\/#primaryimage"},"thumbnailUrl":"http:\/\/www.shkoder.net\/images\/fjala\/alba_malltezi.jpg","articleSection":["Artikuj"],"inLanguage":"sq-AL","potentialAction":[{"@type":"CommentAction","name":"Comment","target":["https:\/\/fjala.info\/2009-2015\/nderi-i-rivendosur\/#respond"]}]},{"@type":"WebPage","@id":"https:\/\/fjala.info\/2009-2015\/nderi-i-rivendosur\/","url":"https:\/\/fjala.info\/2009-2015\/nderi-i-rivendosur\/","name":"Nderi i Rivendosur - FjALA e LIR\u00cb - Arkivi","isPartOf":{"@id":"https:\/\/fjala.info\/2009-2015\/#website"},"primaryImageOfPage":{"@id":"https:\/\/fjala.info\/2009-2015\/nderi-i-rivendosur\/#primaryimage"},"image":{"@id":"https:\/\/fjala.info\/2009-2015\/nderi-i-rivendosur\/#primaryimage"},"thumbnailUrl":"http:\/\/www.shkoder.net\/images\/fjala\/alba_malltezi.jpg","datePublished":"2010-08-23T19:34:17+00:00","breadcrumb":{"@id":"https:\/\/fjala.info\/2009-2015\/nderi-i-rivendosur\/#breadcrumb"},"inLanguage":"sq-AL","potentialAction":[{"@type":"ReadAction","target":["https:\/\/fjala.info\/2009-2015\/nderi-i-rivendosur\/"]}]},{"@type":"ImageObject","inLanguage":"sq-AL","@id":"https:\/\/fjala.info\/2009-2015\/nderi-i-rivendosur\/#primaryimage","url":"http:\/\/www.shkoder.net\/images\/fjala\/alba_malltezi.jpg","contentUrl":"http:\/\/www.shkoder.net\/images\/fjala\/alba_malltezi.jpg"},{"@type":"BreadcrumbList","@id":"https:\/\/fjala.info\/2009-2015\/nderi-i-rivendosur\/#breadcrumb","itemListElement":[{"@type":"ListItem","position":1,"name":"Home","item":"https:\/\/fjala.info\/2009-2015\/"},{"@type":"ListItem","position":2,"name":"Nderi i Rivendosur"}]},{"@type":"WebSite","@id":"https:\/\/fjala.info\/2009-2015\/#website","url":"https:\/\/fjala.info\/2009-2015\/","name":"FjALA e LIR\u00cb - Arkivi","description":"Arkivi 2009-2015","publisher":{"@id":"https:\/\/fjala.info\/2009-2015\/#organization"},"potentialAction":[{"@type":"SearchAction","target":{"@type":"EntryPoint","urlTemplate":"https:\/\/fjala.info\/2009-2015\/?s={search_term_string}"},"query-input":{"@type":"PropertyValueSpecification","valueRequired":true,"valueName":"search_term_string"}}],"inLanguage":"sq-AL"},{"@type":"Organization","@id":"https:\/\/fjala.info\/2009-2015\/#organization","name":"FjALA e LIR\u00cb - Arkivi","url":"https:\/\/fjala.info\/2009-2015\/","logo":{"@type":"ImageObject","inLanguage":"sq-AL","@id":"https:\/\/fjala.info\/2009-2015\/#\/schema\/logo\/image\/","url":"","contentUrl":"","caption":"FjALA e LIR\u00cb - Arkivi"},"image":{"@id":"https:\/\/fjala.info\/2009-2015\/#\/schema\/logo\/image\/"}},{"@type":"Person","@id":"https:\/\/fjala.info\/2009-2015\/#\/schema\/person\/3aa1163ef05469c496fc94e77611ada2","name":"admin","image":{"@type":"ImageObject","inLanguage":"sq-AL","@id":"https:\/\/fjala.info\/2009-2015\/wp-content\/uploads\/2012\/02\/arben_cokaj-120x150.jpg","url":"https:\/\/fjala.info\/2009-2015\/wp-content\/uploads\/2012\/02\/arben_cokaj-120x150.jpg","contentUrl":"https:\/\/fjala.info\/2009-2015\/wp-content\/uploads\/2012\/02\/arben_cokaj-120x150.jpg","caption":"admin"},"description":"Admin, Fjala e Lir\u00eb","sameAs":["https:\/\/fjala.info\/"],"url":"https:\/\/fjala.info\/2009-2015\/author\/admin\/"}]}},"_links":{"self":[{"href":"https:\/\/fjala.info\/2009-2015\/wp-json\/wp\/v2\/posts\/3834","targetHints":{"allow":["GET"]}}],"collection":[{"href":"https:\/\/fjala.info\/2009-2015\/wp-json\/wp\/v2\/posts"}],"about":[{"href":"https:\/\/fjala.info\/2009-2015\/wp-json\/wp\/v2\/types\/post"}],"author":[{"embeddable":true,"href":"https:\/\/fjala.info\/2009-2015\/wp-json\/wp\/v2\/users\/1"}],"replies":[{"embeddable":true,"href":"https:\/\/fjala.info\/2009-2015\/wp-json\/wp\/v2\/comments?post=3834"}],"version-history":[{"count":0,"href":"https:\/\/fjala.info\/2009-2015\/wp-json\/wp\/v2\/posts\/3834\/revisions"}],"wp:attachment":[{"href":"https:\/\/fjala.info\/2009-2015\/wp-json\/wp\/v2\/media?parent=3834"}],"wp:term":[{"taxonomy":"category","embeddable":true,"href":"https:\/\/fjala.info\/2009-2015\/wp-json\/wp\/v2\/categories?post=3834"},{"taxonomy":"post_tag","embeddable":true,"href":"https:\/\/fjala.info\/2009-2015\/wp-json\/wp\/v2\/tags?post=3834"}],"curies":[{"name":"wp","href":"https:\/\/api.w.org\/{rel}","templated":true}]}}