{"id":3832,"date":"2010-08-23T20:24:52","date_gmt":"2010-08-23T19:24:52","guid":{"rendered":"http:\/\/fjala.shkoder.net\/?p=3832"},"modified":"2010-08-23T20:24:52","modified_gmt":"2010-08-23T19:24:52","slug":"himara-sa-larg-nga-vetja","status":"publish","type":"post","link":"https:\/\/fjala.info\/2009-2015\/himara-sa-larg-nga-vetja\/","title":{"rendered":"Himara, sa larg nga vetja"},"content":{"rendered":"<p><strong>Mimoza Dervishi<\/strong><\/p>\n<p>Kam kaq koh\u00eb q\u00eb dua t\u00eb filloj nj\u00eb cik\u00ebl shkrimesh me tem\u00eb &#8220;Shqip\u00ebria si e lash\u00eb, e si e gjeta&#8221; dhe dua t\u00eb fal\u00ebnderoj Henri \u00c7ilin q\u00eb m\u00eb dha ngacmimin e duhur me &#8220;Himara si m\u2019u duk&#8221; botuar n\u00eb gazet\u00ebn \u201cMapo\u201d. Kam kaq koh\u00eb q\u00eb dua t\u00eb nxjerr jasht\u00eb vetes at\u00eb q\u00eb pash\u00eb dhe p\u00ebrjetova n\u00eb Shqip\u00ebrin\u00eb e vitit 2010, pasi e kisha l\u00ebn\u00eb k\u00ebt\u00eb vend n\u00eb prag t\u00eb mileniumit t\u00eb ri, n\u00eb nj\u00eb dit\u00eb me re t\u00eb fillimdhjetorit 1999. <\/p>\n<p>Kam provuar nj\u00eb lloj bllokimi t\u00eb trisht\u00eb, q\u00eb nuk e di nga se ka ardhur, ndoshta nga befasia p\u00ebr at\u00eb q\u00eb prisja e at\u00eb q\u00eb gjeta, n\u00eb vendin q\u00eb m\u00eb kishte dal\u00eb n\u00ebp\u00ebr \u00ebndrra po q\u00eb nuk e prekja dot, n\u00eb vendin q\u00eb e quaja sht\u00ebpia ime, ku kisha mund\u00ebsi t\u00eb flisja, qeshja dhe qaja gjuh\u00ebn time, n\u00eb vendin ku prehen eshtrat e tim eti, ku rrojn\u00eb e g\u00ebzojn\u00eb ata q\u00eb i quaj miq, n\u00eb vendin ku e kaluara mund t\u00eb duket aq e af\u00ebrt sa e ardhmja dhe ku buka \u00ebsht\u00eb m\u00eb \u00ebmb\u00ebl se mjalta.<\/p>\n<p>Bllokimi m\u00eb ka ardhur dhe nga nj\u00eb lloj droje patriotike p\u00ebr t\u00eb mos th\u00ebn\u00eb nj\u00eb fjal\u00eb t\u00eb keqe p\u00ebr gjith\u00eb k\u00ebt\u00eb p\u00ebrshkrim dashurie t\u00eb m\u00ebsip\u00ebrm. Por un\u00eb jam shqiptare dhe s&#8217;ka nevoj\u00eb t\u00eb provoj patriotizmin duke heshtur, p\u00ebrve\u00e7se mendoj q\u00eb patriotizmi provohet krejt ndryshe. Po e filloj me jugun, meq\u00eb ne gjithmon\u00eb jemi krenuar p\u00ebr at\u00eb mrekulli, ku Zoti dhe natyra jan\u00eb treguar shpirtmir\u00eb me ne, por edhe sepse p\u00ebr shkaqe gjenetike, jugu \u00ebsht\u00eb shum\u00eb af\u00ebr zemr\u00ebs sime.<\/p>\n<p>Pasi pash\u00eb e p\u00ebrjetova Tiran\u00ebn, Durr\u00ebsin, Elbasanin, Fierin e me radh\u00eb, n\u00eb momentin q\u00eb i hyra jugut, me d\u00ebshir\u00ebn e qershis\u00eb mbi tort\u00eb, (pa\u00e7ka se torta ishte e prishur) nuk mund ta mohoj q\u00eb rruga e shtruar p\u00ebrzier me er\u00ebn e \u00e7ajit t\u00eb malit, m\u00eb dhan\u00eb emocionet e para, se k\u00ebtu edhe mund t\u00eb vihet. Me, sigurisht pritshm\u00ebrin\u00eb e madhe se perla mbetet nj\u00eb perl\u00eb dhe se katrahura betonuese q\u00eb ka kapur p\u00ebr fyti Shqip\u00ebrin\u00eb do ta kishte falur k\u00ebt\u00eb mrekulli.<\/p>\n<p>Le ta themi q\u00eb n\u00eb fillim, se ngaq\u00eb Shqip\u00ebria \u00ebsht\u00eb nj\u00eb vend i d\u00ebshiruar p\u00ebr rrug\u00eb t\u00eb mira, kur tek-tuk gjen t\u00eb tilla, aty duket sikur mbaron dhe pritshm\u00ebria e shqiptar\u00ebve. N\u00eb fakt e bukura \u00ebsht\u00eb dhe duhet t\u00eb jet\u00eb komplekse dhe personalisht nuk e shoh zhvillimin te betoni, e sidomos n\u00eb ato vende ku s\u2019ka \u00e7&#8217;t\u00eb duhet betoni. N\u00ebse do kisha jetuar 10 vitet e fundit n\u00eb nj\u00eb vend pak ose aspak t\u00eb zhvilluar, edhe mund ta vet\u00ebvija n\u00eb dyshim iden\u00eb time p\u00ebr zhvillimin.<\/p>\n<p>Por jeta m\u00eb ka sjell\u00eb n\u00eb nj\u00eb nga zonat m\u00eb t\u00eb mrekullueshme t\u00eb Uashingtonit, q\u00eb sa her\u00eb e l\u00eb, p\u00ebr nj\u00eb koh\u00eb t\u00eb gjat\u00eb apo qoft\u00eb dhe p\u00ebr gjysm\u00eb dite, kur kthehem befasohem nj\u00ebsoj si her\u00ebn e par\u00eb me hijeshin\u00eb dhe bukurin\u00eb e saj. Por k\u00ebtu nuk kam nd\u00ebrmend t\u00eb flas p\u00ebr Amerik\u00ebn, p\u00ebr bukurin\u00eb dhe hijeshin\u00eb e t\u00eb cil\u00ebs un\u00eb nuk kam shum\u00eb gisht, sepse e gjeta t\u00eb till\u00eb. Por dua t\u00eb flas p\u00ebr Shqip\u00ebrin\u00eb e 2010-s, q\u00eb nuk ma kishte marr\u00eb mendja kurr\u00eb, q\u00eb pasi ta shihja dhe jetoja, do th\u00ebrrisja kushedi sa her\u00eb me mendje, se \u00ebsht\u00eb m\u00eb keq se ka qen\u00eb.<\/p>\n<p>P\u00ebr t\u2019iu kthyer konkluzionit ku arrin miku im Henri: po Himara mund t\u00eb preket m\u00eb leht\u00eb se dikur dhe rruga nuk \u00ebsht\u00eb aq e mundimshme. Por p\u00ebrtej rrug\u00ebs, kur flitet p\u00ebr infrastruktur\u00ebn, k\u00ebtu ndahemi dhe ndahemi &#8220;keq&#8221;. Ato q\u00eb kishin mbetur n\u00eb kujtes\u00ebn time, ai bregdet mahnit\u00ebs gati i virgj\u00ebr, rrethuar me lule dhe fusha t\u00eb gjelb\u00ebruara, kan\u00eb mbetur tashm\u00eb n\u00eb kujtes\u00ebn e t\u00eb gjith\u00ebve. Un\u00eb gjeta n\u00eb Himar\u00eb betonizim, plehra, buldozer\u00eb n\u00eb p\u00ebrpjekje t\u00eb betonizimeve t\u00eb reja dhe kanale me uj\u00ebra t\u00eb ndotur, q\u00eb ta rrudhnin fytyr\u00ebn q\u00eb pa gdhir\u00eb dita, qysh n\u00eb at\u00eb moment kur t\u2019i doje t\u00eb shijoje lindjen e diellit buz\u00eb detit&#8230;<\/p>\n<p>Edhe aty ku dikush ca vite m\u00eb par\u00eb kish ngritur nj\u00eb hotel m\u00eb q\u00ebllimin primar t\u00eb hoteleve bregdetare, af\u00ebr dhe me pamje nga deti, para se t\u00eb shihje detin, t\u00eb duhej t\u00eb shihje hotelin p\u00ebrball\u00eb i sapongritur apo n\u00eb ngritje e sip\u00ebr, me pirgje dheu e betoni para dhe gjith\u00eb \u00e7\u2019sjell nj\u00eb nd\u00ebrtim alla shqiptar: mjafton \u00e7&#8217;ka brenda pragu i der\u00ebs, po se ku shkel kur kalon pragun, kjo nuk \u00ebsht\u00eb puna e t\u00eb zotit t\u00eb sht\u00ebpis\u00eb (hotelit).<\/p>\n<p>T\u00eb linin pa mend ca tubacione plastike q\u00eb gjarp\u00ebronin gjithandej e q\u00eb si\u00e7 m\u00eb than\u00eb m\u00eb von\u00eb, ishin b\u00ebr\u00eb nga pronar\u00ebt e lokaleve dhe hoteleve p\u00ebr t\u00eb sjell\u00eb ujin e pijsh\u00ebm. Po t\u00eb shtojm\u00eb dhe kaosin e parkimit t\u00eb makinave, t\u00eb cilat n\u00eb shum\u00eb raste n\u00eb Dh\u00ebrmi t\u00eb linin t\u00eb bllokuar n\u00eb nj\u00eb vend, deri sa dikush t\u00eb mbaronte plazhin dhe drek\u00ebn q\u00eb t\u00eb lironte rrug\u00ebn, infrastruktura merr nj\u00eb pamje krejt tjet\u00ebr nga ajo q\u00eb paraqitet n\u00eb shkrimin e \u00c7ilit. Ka shum\u00eb detaje t\u00eb vogla e t\u00eb m\u00ebdha, q\u00eb jam e sigurt se kush b\u00ebri apo ka b\u00ebr\u00eb pushime asaj ane, i ka par\u00eb e provuar dhe t\u00eb cilat mua personalisht m\u00eb krijuan nj\u00eb zhg\u00ebnjim e trishtim p\u00ebr t\u00eb ardhmen e k\u00ebsaj perle shqiptare.<\/p>\n<p>E mb\u00ebshtes fort iniciativ\u00ebn private si kryesorja q\u00eb sjell zhvillim dhe e dua zvog\u00eblimin e rolit t\u00eb shtetit, q\u00eb do t\u00eb nxiste m\u00eb shum\u00eb k\u00ebto lloj iniciativash. Por shteti ka detyrat e tij p\u00ebr t\u00eb b\u00ebr\u00eb n\u00eb \u00e7do vend kapitalist dhe garantimi i infrastruktur\u00ebs, roli rregullues dhe kontrollues i tij, jan\u00eb A-ja e madhe e detyrave t\u00eb tij. Shteti shqiptar jo vet\u00ebm nuk i ka kryer k\u00ebto funksione, por duket q\u00eb korrupsioni shtet\u00ebror i ka dh\u00ebn\u00eb nj\u00eb dor\u00eb t\u00eb fort\u00eb shp\u00ebrfytyrimit t\u00eb k\u00ebsaj zone, si \u00e7do pjese tjet\u00ebr t\u00eb Shqip\u00ebris\u00eb. Bregdeti n\u00eb kushtet q\u00eb \u00ebsht\u00eb dhe n\u00eb rrug\u00ebn q\u00eb po shkon, duket si nj\u00eb han pa zot, ku secili mund t\u00eb zhvilloj\u00eb fantazin\u00eb e tij, sado e sh\u00ebmtuar t\u00eb jet\u00eb, pa i hyr\u00eb gjemb n\u00eb k\u00ebmb\u00eb, me pretekstin se \u00ebsht\u00eb n\u00eb pron\u00ebn e tij. N\u00eb fakt, pasurit\u00eb natyrore i p\u00ebrkasin \u00e7do shqiptari dhe t\u00eb gjith\u00eb kemi p\u00ebrgjegj\u00ebsin\u00eb t\u2019i ruajm\u00eb nga huliganizmi.<\/p>\n<p>Shteti shqiptar si administrator i k\u00ebtij vendi, jo vet\u00ebm s\u2019ka b\u00ebr\u00eb pun\u00ebn e tij, por ka qen\u00eb promotori i k\u00ebtij zhvillimi t\u00eb mbrapsht\u00eb. Mendoj q\u00eb do t\u2019i b\u00ebnim nj\u00eb sh\u00ebrbim m\u00eb t\u00eb mir\u00eb publikut, po t\u2019i themi me z\u00eb t\u00eb lart\u00eb k\u00ebto gj\u00ebra, me shpres\u00ebn se kjo do zgjonte sadopak nd\u00ebrgjegjen komb\u00ebtare n\u00eb mbrojtje t\u00eb k\u00ebsaj pasurie, se sa t\u00eb p\u00ebrk\u00ebdhelim qeverin\u00eb e Berish\u00ebs p\u00ebr rrug\u00ebn e shtruar q\u00eb na \u00e7on m\u00eb shpejt atje. K\u00ebto zona kan\u00eb nevoj\u00eb p\u00ebr nj\u00eb shtet me vizion t\u00eb qart\u00eb zhvillimi dhe jo p\u00ebr \u00e7eta hajdut\u00ebsh t\u00eb l\u00ebshuar kush t\u00eb kap\u00eb m\u00eb par\u00eb nj\u00eb cop\u00eb nga kjo pasuri, pa e vrar\u00eb mendjen se \u00e7far\u00eb d\u00ebmesh kolosale po i krijojn\u00eb turizmit shqiptar dhe ekonomis\u00eb s\u00eb k\u00ebtij vendi.<\/p>\n<p>Kryeministri para se t\u00eb lajm\u00ebroj\u00eb statistikat marramend\u00ebse t\u00eb numrit t\u00eb pushuesve q\u00eb po vizitojn\u00eb Shqip\u00ebrin\u00eb, duhet t\u2019u k\u00ebrkoj\u00eb falje shqiptar\u00ebve p\u00ebr kaosin ku e ka futur turizmin, p\u00ebr bregdetin e zbrazur nga varkat turistike q\u00eb nuk po e shohin dot ujin dhe p\u00ebr jahtet luksoze q\u00eb me sa duket ligji i Berish\u00ebs nuk i ndalon dot. Duhet t\u00eb k\u00ebrkoj falje p\u00ebr t\u00eb gjith\u00eb ata q\u00eb u helmuan n\u00eb restorantet me ushqim t\u00eb pakontrolluar t\u00eb bregdetit dhe p\u00ebr gjith\u00eb ata pushues q\u00eb mor\u00ebn viruse infektive n\u00eb detin ton\u00eb t\u00eb ndotur nga uj\u00ebrat e zeza.<\/p>\n<p>Me keqardhje e them, por Himara dhe jugu nuk u kan\u00eb shp\u00ebtuar dot gjith\u00eb dukurive t\u00eb k\u00ebtij dhjet\u00ebvje\u00e7ari: beton, plehra, lla\u00e7, balt\u00eb dhe uj\u00ebra me er\u00eb. E sidomos nj\u00eb mentaliteti t\u00eb keq n\u00eb nd\u00ebrtim. K\u00ebtu nuk e kam fjal\u00ebn vet\u00ebm te shija, te ruajtja e s\u00eb vjetr\u00ebs s\u00eb bukur g\u00ebrshetuar me modernen. P\u00ebr k\u00ebt\u00eb as q\u00eb b\u00ebhet fjal\u00eb. E kam fjal\u00ebn p\u00ebr di\u00e7ka fare elementare, t\u00eb cil\u00ebn e kam th\u00ebn\u00eb qysh sa mb\u00ebrrita n\u00eb Shqip\u00ebri shtatorin e kaluar te \u201cDeja vu\u201d-ja e Mustafa Nanos. Ishte p\u00ebrshtypja e par\u00eb e \u00e7udit\u00ebrisht dhe p\u00ebr fat t\u00eb keq, mbeti t\u00eb jet\u00eb e fundit. Shqiptar\u00ebt kan\u00eb nd\u00ebrtuar keq dhe duke i l\u00ebn\u00eb f\u00ebmij\u00ebt jasht\u00eb, pa menduar p\u00ebr arg\u00ebtimin dhe mir\u00ebrritjen e tyre, e sidomos p\u00ebr sigurin\u00eb e tyre.<\/p>\n<p>Ishte kaq e v\u00ebshtir\u00eb t\u00eb gjeje n\u00eb Himar\u00ebn e af\u00ebrt t\u00eb Henrit nj\u00eb hotel me pak kushte p\u00ebr f\u00ebmij\u00eb. Edhe m\u00eb i shtrenjti hotel kishte ve\u00e7se nj\u00eb pishin\u00eb t\u00eb vog\u00ebl p\u00ebr t\u00eb arg\u00ebtuar t\u00eb vegjlit dhe p\u00ebrtej saj asgj\u00eb tjet\u00ebr, qoft\u00eb dhe nj\u00eb meny p\u00ebr stilin dhe llojin e tyre. Sa e v\u00ebshtir\u00eb \u00ebsht\u00eb kjo??? Shqiptar\u00ebt nd\u00ebrtojn\u00eb dhe jetojn\u00eb sikur t\u00eb mos kishin f\u00ebmij\u00eb dhe familje, po k\u00ebshtu edhe pushojn\u00eb. Duke parashkruar k\u00ebshtu t\u00eb ardhmen e tyre, ku sigurisht hyn edhe e ardhmja e turizmit.<\/p>\n<p>P\u00ebr t\u2019iu kthyer Himar\u00ebs, po, ka nj\u00eb asfalt t\u00eb ri pa gropa q\u00eb t\u00eb \u00e7on atje, por Himara sot \u00ebsht\u00eb larguar nga vetja e detyrimisht dhe nga pushuesit m\u00eb shum\u00eb se dje.<\/p>\n","protected":false},"excerpt":{"rendered":"<p>Mimoza Dervishi Kam kaq koh\u00eb q\u00eb dua t\u00eb filloj nj\u00eb cik\u00ebl shkrimesh me tem\u00eb &#8220;Shqip\u00ebria si e lash\u00eb, e si e gjeta&#8221; dhe dua t\u00eb fal\u00ebnderoj Henri \u00c7ilin q\u00eb m\u00eb dha ngacmimin e duhur me &#8220;Himara si m\u2019u duk&#8221; botuar n\u00eb gazet\u00ebn \u201cMapo\u201d. Kam kaq koh\u00eb q\u00eb dua t\u00eb nxjerr jasht\u00eb vetes at\u00eb q\u00eb pash\u00eb [&hellip;]<\/p>\n","protected":false},"author":1,"featured_media":0,"comment_status":"open","ping_status":"closed","sticky":false,"template":"","format":"standard","meta":{"footnotes":""},"categories":[2],"tags":[],"class_list":{"0":"post-3832","1":"post","2":"type-post","3":"status-publish","4":"format-standard","6":"category-artikuj"},"yoast_head":"<!-- This site is optimized with the Yoast SEO plugin v27.4 - https:\/\/yoast.com\/product\/yoast-seo-wordpress\/ -->\n<title>Himara, sa larg nga vetja - FjALA e LIR\u00cb - Arkivi<\/title>\n<meta name=\"robots\" content=\"index, follow, max-snippet:-1, max-image-preview:large, max-video-preview:-1\" \/>\n<link rel=\"canonical\" href=\"https:\/\/fjala.info\/2009-2015\/himara-sa-larg-nga-vetja\/\" \/>\n<meta property=\"og:locale\" content=\"sq_AL\" \/>\n<meta property=\"og:type\" content=\"article\" \/>\n<meta property=\"og:title\" content=\"Himara, sa larg nga vetja - FjALA e LIR\u00cb - Arkivi\" \/>\n<meta property=\"og:description\" content=\"Mimoza Dervishi Kam kaq koh\u00eb q\u00eb dua t\u00eb filloj nj\u00eb cik\u00ebl shkrimesh me tem\u00eb &#8220;Shqip\u00ebria si e lash\u00eb, e si e gjeta&#8221; dhe dua t\u00eb fal\u00ebnderoj Henri \u00c7ilin q\u00eb m\u00eb dha ngacmimin e duhur me &#8220;Himara si m\u2019u duk&#8221; botuar n\u00eb gazet\u00ebn \u201cMapo\u201d. Kam kaq koh\u00eb q\u00eb dua t\u00eb nxjerr jasht\u00eb vetes at\u00eb q\u00eb pash\u00eb [&hellip;]\" \/>\n<meta property=\"og:url\" content=\"https:\/\/fjala.info\/2009-2015\/himara-sa-larg-nga-vetja\/\" \/>\n<meta property=\"og:site_name\" content=\"FjALA e LIR\u00cb - Arkivi\" \/>\n<meta property=\"article:published_time\" content=\"2010-08-23T19:24:52+00:00\" \/>\n<meta name=\"author\" content=\"admin\" \/>\n<meta name=\"twitter:card\" content=\"summary_large_image\" \/>\n<meta name=\"twitter:label1\" content=\"Written by\" \/>\n\t<meta name=\"twitter:data1\" content=\"admin\" \/>\n\t<meta name=\"twitter:label2\" content=\"Est. reading time\" \/>\n\t<meta name=\"twitter:data2\" content=\"8 minutes\" \/>\n<script type=\"application\/ld+json\" class=\"yoast-schema-graph\">{\"@context\":\"https:\\\/\\\/schema.org\",\"@graph\":[{\"@type\":\"Article\",\"@id\":\"https:\\\/\\\/fjala.info\\\/2009-2015\\\/himara-sa-larg-nga-vetja\\\/#article\",\"isPartOf\":{\"@id\":\"https:\\\/\\\/fjala.info\\\/2009-2015\\\/himara-sa-larg-nga-vetja\\\/\"},\"author\":{\"name\":\"admin\",\"@id\":\"https:\\\/\\\/fjala.info\\\/2009-2015\\\/#\\\/schema\\\/person\\\/3aa1163ef05469c496fc94e77611ada2\"},\"headline\":\"Himara, sa larg nga vetja\",\"datePublished\":\"2010-08-23T19:24:52+00:00\",\"mainEntityOfPage\":{\"@id\":\"https:\\\/\\\/fjala.info\\\/2009-2015\\\/himara-sa-larg-nga-vetja\\\/\"},\"wordCount\":1670,\"commentCount\":0,\"publisher\":{\"@id\":\"https:\\\/\\\/fjala.info\\\/2009-2015\\\/#organization\"},\"articleSection\":[\"Artikuj\"],\"inLanguage\":\"sq-AL\",\"potentialAction\":[{\"@type\":\"CommentAction\",\"name\":\"Comment\",\"target\":[\"https:\\\/\\\/fjala.info\\\/2009-2015\\\/himara-sa-larg-nga-vetja\\\/#respond\"]}]},{\"@type\":\"WebPage\",\"@id\":\"https:\\\/\\\/fjala.info\\\/2009-2015\\\/himara-sa-larg-nga-vetja\\\/\",\"url\":\"https:\\\/\\\/fjala.info\\\/2009-2015\\\/himara-sa-larg-nga-vetja\\\/\",\"name\":\"Himara, sa larg nga vetja - FjALA e LIR\u00cb - Arkivi\",\"isPartOf\":{\"@id\":\"https:\\\/\\\/fjala.info\\\/2009-2015\\\/#website\"},\"datePublished\":\"2010-08-23T19:24:52+00:00\",\"breadcrumb\":{\"@id\":\"https:\\\/\\\/fjala.info\\\/2009-2015\\\/himara-sa-larg-nga-vetja\\\/#breadcrumb\"},\"inLanguage\":\"sq-AL\",\"potentialAction\":[{\"@type\":\"ReadAction\",\"target\":[\"https:\\\/\\\/fjala.info\\\/2009-2015\\\/himara-sa-larg-nga-vetja\\\/\"]}]},{\"@type\":\"BreadcrumbList\",\"@id\":\"https:\\\/\\\/fjala.info\\\/2009-2015\\\/himara-sa-larg-nga-vetja\\\/#breadcrumb\",\"itemListElement\":[{\"@type\":\"ListItem\",\"position\":1,\"name\":\"Home\",\"item\":\"https:\\\/\\\/fjala.info\\\/2009-2015\\\/\"},{\"@type\":\"ListItem\",\"position\":2,\"name\":\"Himara, sa larg nga vetja\"}]},{\"@type\":\"WebSite\",\"@id\":\"https:\\\/\\\/fjala.info\\\/2009-2015\\\/#website\",\"url\":\"https:\\\/\\\/fjala.info\\\/2009-2015\\\/\",\"name\":\"FjALA e LIR\u00cb - Arkivi\",\"description\":\"Arkivi 2009-2015\",\"publisher\":{\"@id\":\"https:\\\/\\\/fjala.info\\\/2009-2015\\\/#organization\"},\"potentialAction\":[{\"@type\":\"SearchAction\",\"target\":{\"@type\":\"EntryPoint\",\"urlTemplate\":\"https:\\\/\\\/fjala.info\\\/2009-2015\\\/?s={search_term_string}\"},\"query-input\":{\"@type\":\"PropertyValueSpecification\",\"valueRequired\":true,\"valueName\":\"search_term_string\"}}],\"inLanguage\":\"sq-AL\"},{\"@type\":\"Organization\",\"@id\":\"https:\\\/\\\/fjala.info\\\/2009-2015\\\/#organization\",\"name\":\"FjALA e LIR\u00cb - Arkivi\",\"url\":\"https:\\\/\\\/fjala.info\\\/2009-2015\\\/\",\"logo\":{\"@type\":\"ImageObject\",\"inLanguage\":\"sq-AL\",\"@id\":\"https:\\\/\\\/fjala.info\\\/2009-2015\\\/#\\\/schema\\\/logo\\\/image\\\/\",\"url\":\"\",\"contentUrl\":\"\",\"caption\":\"FjALA e LIR\u00cb - Arkivi\"},\"image\":{\"@id\":\"https:\\\/\\\/fjala.info\\\/2009-2015\\\/#\\\/schema\\\/logo\\\/image\\\/\"}},{\"@type\":\"Person\",\"@id\":\"https:\\\/\\\/fjala.info\\\/2009-2015\\\/#\\\/schema\\\/person\\\/3aa1163ef05469c496fc94e77611ada2\",\"name\":\"admin\",\"image\":{\"@type\":\"ImageObject\",\"inLanguage\":\"sq-AL\",\"@id\":\"https:\\\/\\\/fjala.info\\\/2009-2015\\\/wp-content\\\/uploads\\\/2012\\\/02\\\/arben_cokaj-120x150.jpg\",\"url\":\"https:\\\/\\\/fjala.info\\\/2009-2015\\\/wp-content\\\/uploads\\\/2012\\\/02\\\/arben_cokaj-120x150.jpg\",\"contentUrl\":\"https:\\\/\\\/fjala.info\\\/2009-2015\\\/wp-content\\\/uploads\\\/2012\\\/02\\\/arben_cokaj-120x150.jpg\",\"caption\":\"admin\"},\"description\":\"Admin, Fjala e Lir\u00eb\",\"sameAs\":[\"https:\\\/\\\/fjala.info\\\/\"],\"url\":\"https:\\\/\\\/fjala.info\\\/2009-2015\\\/author\\\/admin\\\/\"}]}<\/script>\n<!-- \/ Yoast SEO plugin. -->","yoast_head_json":{"title":"Himara, sa larg nga vetja - FjALA e LIR\u00cb - Arkivi","robots":{"index":"index","follow":"follow","max-snippet":"max-snippet:-1","max-image-preview":"max-image-preview:large","max-video-preview":"max-video-preview:-1"},"canonical":"https:\/\/fjala.info\/2009-2015\/himara-sa-larg-nga-vetja\/","og_locale":"sq_AL","og_type":"article","og_title":"Himara, sa larg nga vetja - FjALA e LIR\u00cb - Arkivi","og_description":"Mimoza Dervishi Kam kaq koh\u00eb q\u00eb dua t\u00eb filloj nj\u00eb cik\u00ebl shkrimesh me tem\u00eb &#8220;Shqip\u00ebria si e lash\u00eb, e si e gjeta&#8221; dhe dua t\u00eb fal\u00ebnderoj Henri \u00c7ilin q\u00eb m\u00eb dha ngacmimin e duhur me &#8220;Himara si m\u2019u duk&#8221; botuar n\u00eb gazet\u00ebn \u201cMapo\u201d. Kam kaq koh\u00eb q\u00eb dua t\u00eb nxjerr jasht\u00eb vetes at\u00eb q\u00eb pash\u00eb [&hellip;]","og_url":"https:\/\/fjala.info\/2009-2015\/himara-sa-larg-nga-vetja\/","og_site_name":"FjALA e LIR\u00cb - Arkivi","article_published_time":"2010-08-23T19:24:52+00:00","author":"admin","twitter_card":"summary_large_image","twitter_misc":{"Written by":"admin","Est. reading time":"8 minutes"},"schema":{"@context":"https:\/\/schema.org","@graph":[{"@type":"Article","@id":"https:\/\/fjala.info\/2009-2015\/himara-sa-larg-nga-vetja\/#article","isPartOf":{"@id":"https:\/\/fjala.info\/2009-2015\/himara-sa-larg-nga-vetja\/"},"author":{"name":"admin","@id":"https:\/\/fjala.info\/2009-2015\/#\/schema\/person\/3aa1163ef05469c496fc94e77611ada2"},"headline":"Himara, sa larg nga vetja","datePublished":"2010-08-23T19:24:52+00:00","mainEntityOfPage":{"@id":"https:\/\/fjala.info\/2009-2015\/himara-sa-larg-nga-vetja\/"},"wordCount":1670,"commentCount":0,"publisher":{"@id":"https:\/\/fjala.info\/2009-2015\/#organization"},"articleSection":["Artikuj"],"inLanguage":"sq-AL","potentialAction":[{"@type":"CommentAction","name":"Comment","target":["https:\/\/fjala.info\/2009-2015\/himara-sa-larg-nga-vetja\/#respond"]}]},{"@type":"WebPage","@id":"https:\/\/fjala.info\/2009-2015\/himara-sa-larg-nga-vetja\/","url":"https:\/\/fjala.info\/2009-2015\/himara-sa-larg-nga-vetja\/","name":"Himara, sa larg nga vetja - FjALA e LIR\u00cb - Arkivi","isPartOf":{"@id":"https:\/\/fjala.info\/2009-2015\/#website"},"datePublished":"2010-08-23T19:24:52+00:00","breadcrumb":{"@id":"https:\/\/fjala.info\/2009-2015\/himara-sa-larg-nga-vetja\/#breadcrumb"},"inLanguage":"sq-AL","potentialAction":[{"@type":"ReadAction","target":["https:\/\/fjala.info\/2009-2015\/himara-sa-larg-nga-vetja\/"]}]},{"@type":"BreadcrumbList","@id":"https:\/\/fjala.info\/2009-2015\/himara-sa-larg-nga-vetja\/#breadcrumb","itemListElement":[{"@type":"ListItem","position":1,"name":"Home","item":"https:\/\/fjala.info\/2009-2015\/"},{"@type":"ListItem","position":2,"name":"Himara, sa larg nga vetja"}]},{"@type":"WebSite","@id":"https:\/\/fjala.info\/2009-2015\/#website","url":"https:\/\/fjala.info\/2009-2015\/","name":"FjALA e LIR\u00cb - Arkivi","description":"Arkivi 2009-2015","publisher":{"@id":"https:\/\/fjala.info\/2009-2015\/#organization"},"potentialAction":[{"@type":"SearchAction","target":{"@type":"EntryPoint","urlTemplate":"https:\/\/fjala.info\/2009-2015\/?s={search_term_string}"},"query-input":{"@type":"PropertyValueSpecification","valueRequired":true,"valueName":"search_term_string"}}],"inLanguage":"sq-AL"},{"@type":"Organization","@id":"https:\/\/fjala.info\/2009-2015\/#organization","name":"FjALA e LIR\u00cb - Arkivi","url":"https:\/\/fjala.info\/2009-2015\/","logo":{"@type":"ImageObject","inLanguage":"sq-AL","@id":"https:\/\/fjala.info\/2009-2015\/#\/schema\/logo\/image\/","url":"","contentUrl":"","caption":"FjALA e LIR\u00cb - Arkivi"},"image":{"@id":"https:\/\/fjala.info\/2009-2015\/#\/schema\/logo\/image\/"}},{"@type":"Person","@id":"https:\/\/fjala.info\/2009-2015\/#\/schema\/person\/3aa1163ef05469c496fc94e77611ada2","name":"admin","image":{"@type":"ImageObject","inLanguage":"sq-AL","@id":"https:\/\/fjala.info\/2009-2015\/wp-content\/uploads\/2012\/02\/arben_cokaj-120x150.jpg","url":"https:\/\/fjala.info\/2009-2015\/wp-content\/uploads\/2012\/02\/arben_cokaj-120x150.jpg","contentUrl":"https:\/\/fjala.info\/2009-2015\/wp-content\/uploads\/2012\/02\/arben_cokaj-120x150.jpg","caption":"admin"},"description":"Admin, Fjala e Lir\u00eb","sameAs":["https:\/\/fjala.info\/"],"url":"https:\/\/fjala.info\/2009-2015\/author\/admin\/"}]}},"_links":{"self":[{"href":"https:\/\/fjala.info\/2009-2015\/wp-json\/wp\/v2\/posts\/3832","targetHints":{"allow":["GET"]}}],"collection":[{"href":"https:\/\/fjala.info\/2009-2015\/wp-json\/wp\/v2\/posts"}],"about":[{"href":"https:\/\/fjala.info\/2009-2015\/wp-json\/wp\/v2\/types\/post"}],"author":[{"embeddable":true,"href":"https:\/\/fjala.info\/2009-2015\/wp-json\/wp\/v2\/users\/1"}],"replies":[{"embeddable":true,"href":"https:\/\/fjala.info\/2009-2015\/wp-json\/wp\/v2\/comments?post=3832"}],"version-history":[{"count":0,"href":"https:\/\/fjala.info\/2009-2015\/wp-json\/wp\/v2\/posts\/3832\/revisions"}],"wp:attachment":[{"href":"https:\/\/fjala.info\/2009-2015\/wp-json\/wp\/v2\/media?parent=3832"}],"wp:term":[{"taxonomy":"category","embeddable":true,"href":"https:\/\/fjala.info\/2009-2015\/wp-json\/wp\/v2\/categories?post=3832"},{"taxonomy":"post_tag","embeddable":true,"href":"https:\/\/fjala.info\/2009-2015\/wp-json\/wp\/v2\/tags?post=3832"}],"curies":[{"name":"wp","href":"https:\/\/api.w.org\/{rel}","templated":true}]}}