{"id":3830,"date":"2010-08-23T20:07:46","date_gmt":"2010-08-23T19:07:46","guid":{"rendered":"http:\/\/fjala.shkoder.net\/?p=3830"},"modified":"2010-08-23T20:07:46","modified_gmt":"2010-08-23T19:07:46","slug":"lugines-se-presheves-i-takon-nje-universitet-publik-ne-gjuhen-shqipe","status":"publish","type":"post","link":"https:\/\/fjala.info\/2009-2015\/lugines-se-presheves-i-takon-nje-universitet-publik-ne-gjuhen-shqipe\/","title":{"rendered":"LUGIN\u00cbS S\u00cb PRESHEV\u00cbS I TAKON NJ\u00cb UNIVERSITET PUBLIK N\u00cb GJUH\u00cbN SHQIPE"},"content":{"rendered":"<p><em><strong>P\u00ebr student\u00ebt shqiptar\u00ebt n\u00eb Komun\u00ebn e Medvegj\u00ebs, Bujanocit dhe Preshev\u00ebs duhet formuar nj\u00eb institucion me seli n\u00eb k\u00ebto nga tri Komunat, p\u00ebr studime shkollore t\u00eb nivelit superior<\/strong><\/em><\/p>\n<p><img decoding=\"async\" style=\"margin-left: 10px; margin-right: 10px; border: 0px;\" title=\"Refik HASANI\" src=\"http:\/\/www.shkoder.net\/images\/fjala\/refik_hasani.jpg\" border=\"0\" alt=\"\" width=\"100\" align=\"right\" \/><\/p>\n<p>Shkruan: <strong>Refik HASANI<\/strong><\/p>\n<p>Neve Shqiptar\u00ebve nga Krahina shqiptare q\u00eb kemi mbetur n\u00ebn\u00eb administrimin e Serbis\u00eb, na duhet, kemi nevoj dhe na takon me t\u00eb gjitha t\u00eb drejtat nd\u00ebrkomb\u00ebtare q\u00eb ta kei m\u00ebsimin e lart\u00eb n\u00eb gjuh\u00ebn shqipe,pra t\u00eb posedojm p\u00ebr studime t\u00eb larta nj\u00eb Universitet publik\u00eb n\u00eb gjuh\u00ebn shqipe.N\u00eb koh\u00ebn kur para fillimit t\u00eb vitit akademik\u00eb duhet t\u00eb pregaditemi t\u00eb gjith\u00eb p\u00ebr nj\u00eb fillim t\u00eb mbar\u00eb t\u00eb fillim vitit shkollar akademik\u00eb,n\u00eb vend\u00eb q\u00eb bart\u00ebsit e institucioneve lokale t\u00eb k\u00ebrkojne dhe k\u00ebmb\u00ebngulin t\u00eb q\u00eb n\u00eb tri nga k\u00ebto Komuna t\u00eb hapet ndonj\u00eb faklutet apo pse jo nj\u00eb Universitet, bredhin sa n\u00eb Prishtin\u00eb, Tiran\u00eb p\u00ebr rritjen e kuot\u00ebs s\u00eb rexhistrimit s\u00eb student\u00ebve shqiptar\u00eb t\u00eb tri Komunave.<\/p>\n<p>Apo krahas aktiviteteve p\u00ebr\u00eb rritjen e kuot\u00ebs p\u00ebr\u00eb rexhtrimin m\u00eb t\u00eb madhe t\u00eb student\u00ebve shqiptar\u00eb nga kjo an\u00eb duhet t\u00eb k\u00ebrkohet dhe k\u00ebmb\u00ebngulet q\u00eb projekti m\u00eb kapital t\u00eb hapet nj\u00eb Universitet. Klasa politike prioritet duhet ta ket\u00eb hapjen e nj\u00eb Universiteti publik n\u00eb gjuh\u00ebn shqipe.<\/p>\n<p>Nganj\u00ebher pupulli duhet t\u2019 ju prije proceseve para pushtetit,n\u00ebse institucionet nuk i ndiejn\u00eb nevojat jetike p\u00ebr pjes\u00ebtar\u00ebt e \u00e7do nacionaliteti.N\u00ebse t\u00eb gjitha partit\u00eb politike pa dallim t\u00eb tri Komunave t\u00eb cekura,k\u00ebrkojn\u00eb m\u00eb me ngulm,jan\u00eb m\u00eb unik dhe jan\u00eb k\u00ebmb\u00ebngul\u00ebs n\u00eb k\u00ebt\u00eb k\u00ebrkes\u00eb t\u00eb koh\u00ebs,p\u00ebr t\u00eb realizuara k\u00ebt\u00eb projekt kapital,kjo do t\u00eb p\u00ebrkrahet shum\u00eb m\u00eb leht\u00eb edhe nga faktori nd\u00ebrkomb\u00ebtar\u00eb dhe do t\u00eb realizohet.Sa m\u00eb par\u00eb t\u00eb fillohet p\u00ebr vitin akademik\u00eb t\u00eb sivjet\u00ebm t\u00eb startoj me fakultetet e edukimit .Qeveria e Serbis\u00eb jo q\u00eb nuk don t\u00eb merret me \u00e7\u00ebshtjet e popullat\u00ebs s\u00eb tri Komunave,por p\u00ebr shkak t\u00eb Kosov\u00ebs edhe po shkel shum\u00eb parime e rregulla nd\u00ebrkomb\u00ebtare.<\/p>\n<p><strong>S\u00eb pari t\u00eb hapen tri Fakultete <\/strong><br \/>\nFakulteti i m\u00ebsuesis\u00eb ka m\u00eb shum\u00eb se nj\u00eb dekad \u00e7\u00eb k\u00ebrkohet t\u00eb filloj pun\u00ebn deri m\u00eb tash agj\u00eb nuk \u00ebsht\u00eb nd\u00ebrmarr q\u00eb n\u00eb vitin akademik 2010 \/11 t\u00eb fillohet sepse nuk ka kurrfar\u00eb pregaditje,caktim lokacioni apo stafit punues,\u00ebsht\u00eb e drejt\u00eb e ligjshme,\u00e7\u00eb edhe n\u00eb Krahin\u00ebn shqiptare t\u00eb mbetur n\u00ebn\u00eb administrimin e Serbis\u00eb t\u00eb themelohet universiteti publik n\u00eb gjuh\u00ebn shqipe.<\/p>\n<p>Ky institucion i lart\u00eb duhet mb\u00ebshtetur dhe financuar nga bugjeti i qeveris\u00eb serbe.Sa i p\u00ebrket vones\u00ebs s\u00eb hapjes\u00eb s\u00eb nj\u00eb ndonj\u00eb Fakulteti publik n\u00eb gjuh\u00ebn shqipe nuk duhet kritikuar vet\u00ebm pushtetin e qeveris\u00eb serbe ato v\u00ebrtet nuk kan\u00eb kurrfar\u00eb projekti p\u00ebr hapjen e nj\u00eb institucioni t\u00eb till\u00eb,por ksaj here edhe vet\u00eb shqiptar\u00ebt lokal t\u00eb komunave t\u00eb Medvegj\u00ebs, Bujanocit dhe Preshev\u00ebs jan\u00eb fajtor.Vonesa arsyetohet se nuk kan\u00eb insistuar me k\u00ebrkesa duke k\u00ebmb\u00ebngulur edhe me argumente dhe projekte bind\u00ebse.Kjo do t\u00eb jet\u00eb edhe nj\u00eb ndihmes\u00eb pasi edhe faktori nd\u00ebrkomb\u00ebtar\u00eb vazhdimisht k\u00ebrkon q\u00eb popullata shqiptare sa m\u00eb shpejt\u00eb duhet t\u00eb integrohet n\u00eb rrjedhat e p\u00ebrgjithshme.Subjektet politike n\u00eb tri komunave,ndoshta ende nuk jan\u00eb t\u00eb vet\u00ebdijshme pse nuk po k\u00ebrkojn\u00eb dhe k\u00ebmbngulin p\u00ebr k\u00ebto k\u00ebrkesa shum\u00eb t\u00eb domosdoshme t\u00eb koh\u00ebs.<\/p>\n<p><strong>Student\u00ebt nga tri Komunat arsimin superior ta kryejn\u00eb n\u00eb vendin dhe gjuh\u00ebn e tyre<br \/>\n<\/strong>Me k\u00ebta pak rreshta t\u00eb prezentuar,por edhe me disa punime t\u00eb publikuara m\u00eb her\u00ebt, p\u00ebr themelimin k\u00ebtij institicioni m\u00eb t\u00eb lart\u00eb shkollor,nuk pretendoj t\u00eb kem b\u00ebr\u00eb ndonj\u00eb pun\u00eb edhe aq\u00eb t\u00eb duhur p\u00ebrveq\u00eb si nj\u00eb inciativ\u00eb me r\u00ebnd\u00ebsi kapitale q\u00eb t\u00eb kemi edhe ne arsimim n\u00eb vendin dhe gjuh\u00ebn ton\u00eb. Kjo ndoshta mund\u00eb t\u00eb jet\u00eb nj\u00eb shtytje e vog\u00ebl q\u00eb t\u00eb mendohet q\u00eb student\u00ebt shqiptar\u00eb nga krahina e jon\u00eb t\u00eb studiojn n\u00eb Medvegj\u00eb, Bujanoc apo Preshev\u00eb n\u00eb gjuh\u00ebn am\u00ebtare.<\/p>\n<p>Mendoj se jo vet\u00ebm t\u00eb jet\u00eb nj\u00eb propozim,por n\u00ebse kemi vullnet\u00eb t\u00eb gjith\u00eb do t\u00eb b\u00ebhet realitet n\u00eb nj\u00eb t\u00eb ardhme shum\u00eb t\u00eb af\u00ebrt. Koha e k\u00ebrkes\u00ebs dhe arsyetimi p\u00ebr Universitet \u00ebsht\u00eb e favorshme,vet\u00ebm k\u00ebrkohet gatishm\u00ebri p\u00ebr ta realizuar projektin.Mediat e shkruara dhe elektronike nga e t\u00ebr\u00eb hapsira e jon etnike shqiptare,opinioni publik\u00eb n\u00eb p\u00ebrgjithsi t\u00eb argumentojm duke paraqitur arsyetimin lidhur me domosdoshm\u00ebrin p\u00ebr themelimin e nj\u00eb Universiteti publik n\u00eb gjuh\u00ebn shqipe.<br \/>\n<strong>Disa nga arsyet dhe argumentet p\u00ebr themelimin e Universitetit<br \/>\n<\/strong>Tri komunat e banuara me popullat\u00eb shqiptare si p\u00ebr nga shtrirja gjeografike ashtu edhe nga numri i banor\u00ebve i plot\u00ebsojn\u00eb t\u00eb gjitha parakushtet e duhura q\u00eb ta ken\u00eb nj\u00eb Univerisitet publik n\u00eb gjuh\u00ebn shqipe t\u00eb financuar nga buxheti i Serbis.Qeveria e Serbis\u00eb me plot\u00eb goj\u00ebn po k\u00ebrkon dhe thekson q\u00eb jan p\u00ebr respektimin e t\u00eb drejtave t\u00eb minoriteteve,kjo do t\u00eb p\u00ebrkrahet si nga spektri politik dhe organet komunale t\u00eb tri komunave por edhe nga p\u00ebrfaq\u00ebsit e huaja q\u00eb jan\u00eb me ndikim n\u00eb Beograd dhe opinioni i gj\u00ebr\u00eb nd\u00ebrkomb\u00ebtar\u00eb.Deri m\u00eb sot n\u00eb k\u00ebt\u00eb drejtim nuk kemi asgj\u00eb serioze q\u00eb s\u00eb paku do t\u00eb b\u00ebhet startimi me disa fakultete si t\u00eb m\u00ebsuesis\u00eb,mjek\u00ebsis\u00eb dhe atij juridik.<\/p>\n<p>Pastaj edhe si Univerisitet i kompletuar ku do ndihmohet dhe plot\u00ebsohet me kuadro,me kalimin e koh\u00ebs si nga universiteti i Prishtin\u00ebs por edha nga ai i Tiran\u00ebs dhe Shkupit.Shqiptar\u00ebt e tri komunave kan hequr t\u00eb zit\u00eb e ullirit p\u00ebr shkollim.Edhe ato pak t\u00eb shkolluar dhe q\u00eb kan\u00eb diplomuar\u00eb n\u00eb Kosov\u00eb e Shqip\u00ebri,paraqitet problem nostrifikimi i diplomave vet\u00ebm e vet\u00ebm sa m\u00eb pak\u00eb t\u00eb shkolluar t\u00eb dalin,deri m\u00eb sot kemi patur shum\u00eb v\u00ebshtir t\u00eb shkollohemi n\u00eb gjuh\u00ebn ton amtare.<\/p>\n<p>Deri m\u00eb tani kan\u00eb munguar inciativat,projektet e p\u00ebrbashk\u00ebta t\u00eb r\u00ebnd\u00ebsis\u00eb s\u00eb ve\u00e7ant\u00eb nga pala e jon\u00eb shqiptare, duke menduar edhe k\u00ebrkesat me shkrim drejtuar q\u00eb nga organet lokale dhe qendrore t\u00eb serbis\u00eb por edhe n\u00eb instanca Europiane p\u00ebr realizimin e drejtave t\u00eb pakicave n\u00eb Serbi.Serbia \u00ebsht\u00eb n\u00ebn\u00ebshkruese e t\u00eb gjithave atyre normave dhe akteve pasi edhe k\u00ebrkon me ngulm\u00eb t\u00eb zbatohen p\u00ebr serb\u00ebt e Kosov\u00ebs at\u00ebher pse nuk nd\u00ebrmerr asgj\u00eb prej asgj\u00ebje p\u00ebr pakicat e veta q\u00eb jan\u00eb n\u00eb Serbi si q\u00eb jan\u00eb Shqiptar\u00ebt, Hungar\u00ebz\u00ebt,Boshnjak\u00ebt,Bullgar\u00ebt e shum\u00eb t\u00eb tjer\u00eb.T\u00eb p\u00ebrkujtojm\u00eb po t\u00eb mos k\u00ebmb\u00ebngulnin dhe themelonin shqiptar\u00ebt e Maqedonis\u00eb nj\u00eb Universitet publik,nj\u00ebher si ilegal p\u00ebr pushtetin maqedon edhe sot e asaj dite nuk do ta posedonin dhe nuk do t\u00eb ishte i pranuar dhe legjitimuar.<\/p>\n<p>Krahasime: Kur minoriteti serb\u00eb n\u00eb Kosov\u00eb posedon nj\u00eb Univeristet publik\u00eb n\u00eb gjuh\u00ebn e tyre mbi nj\u00eb dekad\u00eb n\u00eb Mitrovic\u00eb &#8211; Pse nuk mund\u00eb dhe nuk kan t\u00eb drejt\u00eb edhe p\u00ebr shqiptar\u00ebt nga tri Komunat t\u00eb themelohet nj\u00eb universitet publik\u00eb n\u00eb gjuh\u00ebn shqipe.<\/p>\n<p>Serb\u00ebt n\u00eb Kosov\u00eb kan\u00eb Univerisitetin e tyre,gati me ato drejtime sa ka edhe Univerisiteti i Prishtin\u00ebs,minoriteti Serb\u00eb n\u00eb Kosov\u00eb ka t\u00eb drejta si minoritet edhe m\u00eb tep\u00ebr se q\u00eb ju takojn\u00eb me konventa nd\u00ebrkomb\u00ebtare,kan\u00eb administrat\u00ebn n\u00eb gjuh\u00ebn e tyre, gjyqsin\u00eb, sistemin bankar\u00eb,kujdesin sh\u00ebndetsor edhe ate spitalor.Shqiptar\u00ebt n\u00eb tri Komunat nuk i posedojn asnj\u00ebr\u00ebn prej tyre,n\u00ebse nuk jemi p\u00ebr nj\u00eb paraleliz\u00ebm n\u00eb mes t\u00eb Serb\u00ebve t\u00eb Kosov\u00ebs dhe Shqiptar\u00ebve t\u00eb ksaj pjese, at\u00ebher asgj\u00eb nuk mund\u00eb t\u00eb ecim p\u00ebrpara.<\/p>\n<p>Hapja e k\u00ebtij intstitucioni t\u00eb lart\u00eb arsimor\u00eb mund\u00eb t\u00eb k\u00ebt\u00eb nj\u00eb qend\u00ebr p.sh n\u00eb Preshev\u00eb apo Bujanoc, fakultet duhet t\u00eb t\u00eb hapen edhe n\u00eb qytetin e Medvegj\u00ebs, sa i p\u00ebrket se a ka nevoj t\u00eb jet\u00eb edhe n\u00eb ndonj\u00eb gjuh\u00eb p\u00ebrveq n\u00eb ate shqipe mund\u00eb t\u00eb jet\u00eb edhe n\u00eb gjuh\u00ebn serbe e angleze.Vet\u00ebm k\u00ebshtu do t\u00eb jet\u00eb n\u00eb hap\u00eb me koh\u00ebn dhe me vlera t\u00eb jasht\u00ebzakonshme jo vet\u00ebm p\u00ebr popullat\u00ebn e k\u00ebtushme shumic\u00eb Shqiptare,por edhe p\u00ebr t\u00eb tjer\u00ebt n\u00eb Rajon\u00eb q\u00eb do t\u00eb ndihmonte m\u00eb leht\u00eb n\u00eb hapsirat integruese t\u00eb familjes Europiane.<\/p>\n<p>Student\u00ebt shqiptrar\u00eb kan v\u00ebshtirsi n\u00eb shkollim, kurse ato q\u00eb ia m\u00ebsyjn\u00eb Universitetit t\u00eb Beogradit dhe t\u00eb Nishit e kan\u00eb shum\u00eb larg\u00eb kurse n\u00eb an\u00ebn tjet\u00ebr p\u00ebr t\u00eb studiuar n\u00eb universitetin e Shkupit po ashtu duhet t\u00eb kalohet kufiri dhe \u00ebsht\u00eb shtet\u00eb tjet\u00ebr,por edhe kostoja e studimeve do t\u00eb isht\u00eb tep\u00ebr e lart\u00eb dhe e pap\u00ebrballueshme p\u00ebr bugjetin e nj\u00eb familje.Pra kto jan\u00eb vet\u00ebm disa arsye nga shum\u00eb t\u00eb tjera pse duhet t\u00eb themelohet dhe t\u00eb filloj s\u00eb punuari nj\u00eb universitet n\u00eb gjuh\u00ebn shqipe me vendim t\u00eb organeve gjegj\u00ebse t\u00eb qeveris\u00eb s\u00eb serbis\u00eb.<\/p>\n<p>Nuk duhet t\u00eb zhagitet n\u00eb pafund\u00ebsi sikur disa nisma t\u00eb tjera, kjo do t\u00eb ishte shum\u00eb e qart\u00eb q\u00eb v\u00ebrtet Serbia jo vet\u00ebm q\u00eb k\u00ebrkon por edhe merr\u00eb p\u00ebrgjegj\u00ebsi p\u00ebr trajtimin e drejt\u00eb t\u00eb minoriteteve. Kurse shqiptar\u00ebt do t\u00eb pajtohen me k\u00ebt\u00eb, n\u00ebse faktori nd\u00ebrkomb\u00ebtar\u00eb k\u00ebrkon vazhdimisht\u00eb nga ne shqiptar\u00ebt q\u00eb t\u00eb integrohemi dhe marrin pjes\u00eb n\u00eb jet\u00ebn institucionale at\u00ebher edhe ne jemi dakord\u00eb pasi edhe i kryejn edhe kontributet e k\u00ebtij shteti at\u00ebher pse mos t\u00eb hapet edhe ky universitet publik\u00eb n\u00eb gjuh\u00ebn shqipe.Fundi i fundi edhe kto jan\u00eb t\u00eb drejta elementare,themelore p\u00ebr nj\u00eb komunitet t\u00eb veqant\u00eb si q\u00eb jan\u00eb shqiptar\u00ebt nga k\u00ebto tri Komuna.<\/p>\n<p>N\u00ebse veq Kosova pranohet si shtet\u00eb nga Republika e serbis\u00eb edhe m\u00eb tej do t\u00eb v\u00ebshtirsohet shkollimi i kuadrave t\u00eb larta t\u00eb ksaj Krahine shqiptare. N\u00ebse Republika e Serbis\u00eb nuk i pranon apo nostrifikon diplomat e l\u00ebshuara nga Kosova, Shqip\u00ebria at\u00ebher\u00eb pse nuk lejon q\u00eb t\u00eb themelohet nj\u00eb Universitet publik n\u00eb gjuh\u00ebn shqipe p\u00ebr popullat\u00ebn autoktone shqiptare n\u00eb Komun\u00ebn e Medvegj\u00ebs, Bujanocit dhe Preshev\u00ebs.<\/p>\n<p><em>23.08.2010<\/em><\/p>\n<p><em>Autori \u00ebsht\u00eb publicist i pavarur nga Krahina Shqiptare e mbetur n\u00ebn administrimin e Serbis\u00eb. Disa her\u00eb ka patur punime t\u00eb publikuara p\u00ebr arsyen e themelimit t\u00eb nj\u00eb Universiteti publik n\u00eb gjuh\u00ebn shqipe.<\/em><\/p>\n","protected":false},"excerpt":{"rendered":"<p>P\u00ebr student\u00ebt shqiptar\u00ebt n\u00eb Komun\u00ebn e Medvegj\u00ebs, Bujanocit dhe Preshev\u00ebs duhet formuar nj\u00eb institucion me seli n\u00eb k\u00ebto nga tri Komunat, p\u00ebr studime shkollore t\u00eb nivelit superior Shkruan: Refik HASANI Neve Shqiptar\u00ebve nga Krahina shqiptare q\u00eb kemi mbetur n\u00ebn\u00eb administrimin e Serbis\u00eb, na duhet, kemi nevoj dhe na takon me t\u00eb gjitha t\u00eb drejtat nd\u00ebrkomb\u00ebtare [&hellip;]<\/p>\n","protected":false},"author":1,"featured_media":0,"comment_status":"open","ping_status":"closed","sticky":false,"template":"","format":"standard","meta":{"footnotes":""},"categories":[2],"tags":[],"class_list":{"0":"post-3830","1":"post","2":"type-post","3":"status-publish","4":"format-standard","6":"category-artikuj"},"yoast_head":"<!-- This site is optimized with the Yoast SEO plugin v27.4 - https:\/\/yoast.com\/product\/yoast-seo-wordpress\/ -->\n<title>LUGIN\u00cbS S\u00cb PRESHEV\u00cbS I TAKON NJ\u00cb UNIVERSITET PUBLIK N\u00cb GJUH\u00cbN SHQIPE - FjALA e LIR\u00cb - Arkivi<\/title>\n<meta name=\"robots\" content=\"index, follow, max-snippet:-1, max-image-preview:large, max-video-preview:-1\" \/>\n<link rel=\"canonical\" href=\"https:\/\/fjala.info\/2009-2015\/lugines-se-presheves-i-takon-nje-universitet-publik-ne-gjuhen-shqipe\/\" \/>\n<meta property=\"og:locale\" content=\"sq_AL\" \/>\n<meta property=\"og:type\" content=\"article\" \/>\n<meta property=\"og:title\" content=\"LUGIN\u00cbS S\u00cb PRESHEV\u00cbS I TAKON NJ\u00cb UNIVERSITET PUBLIK N\u00cb GJUH\u00cbN SHQIPE - FjALA e LIR\u00cb - Arkivi\" \/>\n<meta property=\"og:description\" content=\"P\u00ebr student\u00ebt shqiptar\u00ebt n\u00eb Komun\u00ebn e Medvegj\u00ebs, Bujanocit dhe Preshev\u00ebs duhet formuar nj\u00eb institucion me seli n\u00eb k\u00ebto nga tri Komunat, p\u00ebr studime shkollore t\u00eb nivelit superior Shkruan: Refik HASANI Neve Shqiptar\u00ebve nga Krahina shqiptare q\u00eb kemi mbetur n\u00ebn\u00eb administrimin e Serbis\u00eb, na duhet, kemi nevoj dhe na takon me t\u00eb gjitha t\u00eb drejtat nd\u00ebrkomb\u00ebtare [&hellip;]\" \/>\n<meta property=\"og:url\" content=\"https:\/\/fjala.info\/2009-2015\/lugines-se-presheves-i-takon-nje-universitet-publik-ne-gjuhen-shqipe\/\" \/>\n<meta property=\"og:site_name\" content=\"FjALA e LIR\u00cb - Arkivi\" \/>\n<meta property=\"article:published_time\" content=\"2010-08-23T19:07:46+00:00\" \/>\n<meta property=\"og:image\" content=\"http:\/\/www.shkoder.net\/images\/fjala\/refik_hasani.jpg\" \/>\n<meta name=\"author\" content=\"admin\" \/>\n<meta name=\"twitter:card\" content=\"summary_large_image\" \/>\n<meta name=\"twitter:label1\" content=\"Written by\" \/>\n\t<meta name=\"twitter:data1\" content=\"admin\" \/>\n\t<meta name=\"twitter:label2\" content=\"Est. reading time\" \/>\n\t<meta name=\"twitter:data2\" content=\"9 minutes\" \/>\n<script type=\"application\/ld+json\" class=\"yoast-schema-graph\">{\"@context\":\"https:\\\/\\\/schema.org\",\"@graph\":[{\"@type\":\"Article\",\"@id\":\"https:\\\/\\\/fjala.info\\\/2009-2015\\\/lugines-se-presheves-i-takon-nje-universitet-publik-ne-gjuhen-shqipe\\\/#article\",\"isPartOf\":{\"@id\":\"https:\\\/\\\/fjala.info\\\/2009-2015\\\/lugines-se-presheves-i-takon-nje-universitet-publik-ne-gjuhen-shqipe\\\/\"},\"author\":{\"name\":\"admin\",\"@id\":\"https:\\\/\\\/fjala.info\\\/2009-2015\\\/#\\\/schema\\\/person\\\/3aa1163ef05469c496fc94e77611ada2\"},\"headline\":\"LUGIN\u00cbS S\u00cb PRESHEV\u00cbS I TAKON NJ\u00cb UNIVERSITET PUBLIK N\u00cb GJUH\u00cbN SHQIPE\",\"datePublished\":\"2010-08-23T19:07:46+00:00\",\"mainEntityOfPage\":{\"@id\":\"https:\\\/\\\/fjala.info\\\/2009-2015\\\/lugines-se-presheves-i-takon-nje-universitet-publik-ne-gjuhen-shqipe\\\/\"},\"wordCount\":1811,\"commentCount\":0,\"publisher\":{\"@id\":\"https:\\\/\\\/fjala.info\\\/2009-2015\\\/#organization\"},\"image\":{\"@id\":\"https:\\\/\\\/fjala.info\\\/2009-2015\\\/lugines-se-presheves-i-takon-nje-universitet-publik-ne-gjuhen-shqipe\\\/#primaryimage\"},\"thumbnailUrl\":\"http:\\\/\\\/www.shkoder.net\\\/images\\\/fjala\\\/refik_hasani.jpg\",\"articleSection\":[\"Artikuj\"],\"inLanguage\":\"sq-AL\",\"potentialAction\":[{\"@type\":\"CommentAction\",\"name\":\"Comment\",\"target\":[\"https:\\\/\\\/fjala.info\\\/2009-2015\\\/lugines-se-presheves-i-takon-nje-universitet-publik-ne-gjuhen-shqipe\\\/#respond\"]}]},{\"@type\":\"WebPage\",\"@id\":\"https:\\\/\\\/fjala.info\\\/2009-2015\\\/lugines-se-presheves-i-takon-nje-universitet-publik-ne-gjuhen-shqipe\\\/\",\"url\":\"https:\\\/\\\/fjala.info\\\/2009-2015\\\/lugines-se-presheves-i-takon-nje-universitet-publik-ne-gjuhen-shqipe\\\/\",\"name\":\"LUGIN\u00cbS S\u00cb PRESHEV\u00cbS I TAKON NJ\u00cb UNIVERSITET PUBLIK N\u00cb GJUH\u00cbN SHQIPE - FjALA e LIR\u00cb - Arkivi\",\"isPartOf\":{\"@id\":\"https:\\\/\\\/fjala.info\\\/2009-2015\\\/#website\"},\"primaryImageOfPage\":{\"@id\":\"https:\\\/\\\/fjala.info\\\/2009-2015\\\/lugines-se-presheves-i-takon-nje-universitet-publik-ne-gjuhen-shqipe\\\/#primaryimage\"},\"image\":{\"@id\":\"https:\\\/\\\/fjala.info\\\/2009-2015\\\/lugines-se-presheves-i-takon-nje-universitet-publik-ne-gjuhen-shqipe\\\/#primaryimage\"},\"thumbnailUrl\":\"http:\\\/\\\/www.shkoder.net\\\/images\\\/fjala\\\/refik_hasani.jpg\",\"datePublished\":\"2010-08-23T19:07:46+00:00\",\"breadcrumb\":{\"@id\":\"https:\\\/\\\/fjala.info\\\/2009-2015\\\/lugines-se-presheves-i-takon-nje-universitet-publik-ne-gjuhen-shqipe\\\/#breadcrumb\"},\"inLanguage\":\"sq-AL\",\"potentialAction\":[{\"@type\":\"ReadAction\",\"target\":[\"https:\\\/\\\/fjala.info\\\/2009-2015\\\/lugines-se-presheves-i-takon-nje-universitet-publik-ne-gjuhen-shqipe\\\/\"]}]},{\"@type\":\"ImageObject\",\"inLanguage\":\"sq-AL\",\"@id\":\"https:\\\/\\\/fjala.info\\\/2009-2015\\\/lugines-se-presheves-i-takon-nje-universitet-publik-ne-gjuhen-shqipe\\\/#primaryimage\",\"url\":\"http:\\\/\\\/www.shkoder.net\\\/images\\\/fjala\\\/refik_hasani.jpg\",\"contentUrl\":\"http:\\\/\\\/www.shkoder.net\\\/images\\\/fjala\\\/refik_hasani.jpg\"},{\"@type\":\"BreadcrumbList\",\"@id\":\"https:\\\/\\\/fjala.info\\\/2009-2015\\\/lugines-se-presheves-i-takon-nje-universitet-publik-ne-gjuhen-shqipe\\\/#breadcrumb\",\"itemListElement\":[{\"@type\":\"ListItem\",\"position\":1,\"name\":\"Home\",\"item\":\"https:\\\/\\\/fjala.info\\\/2009-2015\\\/\"},{\"@type\":\"ListItem\",\"position\":2,\"name\":\"LUGIN\u00cbS S\u00cb PRESHEV\u00cbS I TAKON NJ\u00cb UNIVERSITET PUBLIK N\u00cb GJUH\u00cbN SHQIPE\"}]},{\"@type\":\"WebSite\",\"@id\":\"https:\\\/\\\/fjala.info\\\/2009-2015\\\/#website\",\"url\":\"https:\\\/\\\/fjala.info\\\/2009-2015\\\/\",\"name\":\"FjALA e LIR\u00cb - Arkivi\",\"description\":\"Arkivi 2009-2015\",\"publisher\":{\"@id\":\"https:\\\/\\\/fjala.info\\\/2009-2015\\\/#organization\"},\"potentialAction\":[{\"@type\":\"SearchAction\",\"target\":{\"@type\":\"EntryPoint\",\"urlTemplate\":\"https:\\\/\\\/fjala.info\\\/2009-2015\\\/?s={search_term_string}\"},\"query-input\":{\"@type\":\"PropertyValueSpecification\",\"valueRequired\":true,\"valueName\":\"search_term_string\"}}],\"inLanguage\":\"sq-AL\"},{\"@type\":\"Organization\",\"@id\":\"https:\\\/\\\/fjala.info\\\/2009-2015\\\/#organization\",\"name\":\"FjALA e LIR\u00cb - Arkivi\",\"url\":\"https:\\\/\\\/fjala.info\\\/2009-2015\\\/\",\"logo\":{\"@type\":\"ImageObject\",\"inLanguage\":\"sq-AL\",\"@id\":\"https:\\\/\\\/fjala.info\\\/2009-2015\\\/#\\\/schema\\\/logo\\\/image\\\/\",\"url\":\"\",\"contentUrl\":\"\",\"caption\":\"FjALA e LIR\u00cb - Arkivi\"},\"image\":{\"@id\":\"https:\\\/\\\/fjala.info\\\/2009-2015\\\/#\\\/schema\\\/logo\\\/image\\\/\"}},{\"@type\":\"Person\",\"@id\":\"https:\\\/\\\/fjala.info\\\/2009-2015\\\/#\\\/schema\\\/person\\\/3aa1163ef05469c496fc94e77611ada2\",\"name\":\"admin\",\"image\":{\"@type\":\"ImageObject\",\"inLanguage\":\"sq-AL\",\"@id\":\"https:\\\/\\\/fjala.info\\\/2009-2015\\\/wp-content\\\/uploads\\\/2012\\\/02\\\/arben_cokaj-120x150.jpg\",\"url\":\"https:\\\/\\\/fjala.info\\\/2009-2015\\\/wp-content\\\/uploads\\\/2012\\\/02\\\/arben_cokaj-120x150.jpg\",\"contentUrl\":\"https:\\\/\\\/fjala.info\\\/2009-2015\\\/wp-content\\\/uploads\\\/2012\\\/02\\\/arben_cokaj-120x150.jpg\",\"caption\":\"admin\"},\"description\":\"Admin, Fjala e Lir\u00eb\",\"sameAs\":[\"https:\\\/\\\/fjala.info\\\/\"],\"url\":\"https:\\\/\\\/fjala.info\\\/2009-2015\\\/author\\\/admin\\\/\"}]}<\/script>\n<!-- \/ Yoast SEO plugin. -->","yoast_head_json":{"title":"LUGIN\u00cbS S\u00cb PRESHEV\u00cbS I TAKON NJ\u00cb UNIVERSITET PUBLIK N\u00cb GJUH\u00cbN SHQIPE - FjALA e LIR\u00cb - Arkivi","robots":{"index":"index","follow":"follow","max-snippet":"max-snippet:-1","max-image-preview":"max-image-preview:large","max-video-preview":"max-video-preview:-1"},"canonical":"https:\/\/fjala.info\/2009-2015\/lugines-se-presheves-i-takon-nje-universitet-publik-ne-gjuhen-shqipe\/","og_locale":"sq_AL","og_type":"article","og_title":"LUGIN\u00cbS S\u00cb PRESHEV\u00cbS I TAKON NJ\u00cb UNIVERSITET PUBLIK N\u00cb GJUH\u00cbN SHQIPE - FjALA e LIR\u00cb - Arkivi","og_description":"P\u00ebr student\u00ebt shqiptar\u00ebt n\u00eb Komun\u00ebn e Medvegj\u00ebs, Bujanocit dhe Preshev\u00ebs duhet formuar nj\u00eb institucion me seli n\u00eb k\u00ebto nga tri Komunat, p\u00ebr studime shkollore t\u00eb nivelit superior Shkruan: Refik HASANI Neve Shqiptar\u00ebve nga Krahina shqiptare q\u00eb kemi mbetur n\u00ebn\u00eb administrimin e Serbis\u00eb, na duhet, kemi nevoj dhe na takon me t\u00eb gjitha t\u00eb drejtat nd\u00ebrkomb\u00ebtare [&hellip;]","og_url":"https:\/\/fjala.info\/2009-2015\/lugines-se-presheves-i-takon-nje-universitet-publik-ne-gjuhen-shqipe\/","og_site_name":"FjALA e LIR\u00cb - Arkivi","article_published_time":"2010-08-23T19:07:46+00:00","og_image":[{"url":"http:\/\/www.shkoder.net\/images\/fjala\/refik_hasani.jpg","type":"","width":"","height":""}],"author":"admin","twitter_card":"summary_large_image","twitter_misc":{"Written by":"admin","Est. reading time":"9 minutes"},"schema":{"@context":"https:\/\/schema.org","@graph":[{"@type":"Article","@id":"https:\/\/fjala.info\/2009-2015\/lugines-se-presheves-i-takon-nje-universitet-publik-ne-gjuhen-shqipe\/#article","isPartOf":{"@id":"https:\/\/fjala.info\/2009-2015\/lugines-se-presheves-i-takon-nje-universitet-publik-ne-gjuhen-shqipe\/"},"author":{"name":"admin","@id":"https:\/\/fjala.info\/2009-2015\/#\/schema\/person\/3aa1163ef05469c496fc94e77611ada2"},"headline":"LUGIN\u00cbS S\u00cb PRESHEV\u00cbS I TAKON NJ\u00cb UNIVERSITET PUBLIK N\u00cb GJUH\u00cbN SHQIPE","datePublished":"2010-08-23T19:07:46+00:00","mainEntityOfPage":{"@id":"https:\/\/fjala.info\/2009-2015\/lugines-se-presheves-i-takon-nje-universitet-publik-ne-gjuhen-shqipe\/"},"wordCount":1811,"commentCount":0,"publisher":{"@id":"https:\/\/fjala.info\/2009-2015\/#organization"},"image":{"@id":"https:\/\/fjala.info\/2009-2015\/lugines-se-presheves-i-takon-nje-universitet-publik-ne-gjuhen-shqipe\/#primaryimage"},"thumbnailUrl":"http:\/\/www.shkoder.net\/images\/fjala\/refik_hasani.jpg","articleSection":["Artikuj"],"inLanguage":"sq-AL","potentialAction":[{"@type":"CommentAction","name":"Comment","target":["https:\/\/fjala.info\/2009-2015\/lugines-se-presheves-i-takon-nje-universitet-publik-ne-gjuhen-shqipe\/#respond"]}]},{"@type":"WebPage","@id":"https:\/\/fjala.info\/2009-2015\/lugines-se-presheves-i-takon-nje-universitet-publik-ne-gjuhen-shqipe\/","url":"https:\/\/fjala.info\/2009-2015\/lugines-se-presheves-i-takon-nje-universitet-publik-ne-gjuhen-shqipe\/","name":"LUGIN\u00cbS S\u00cb PRESHEV\u00cbS I TAKON NJ\u00cb UNIVERSITET PUBLIK N\u00cb GJUH\u00cbN SHQIPE - FjALA e LIR\u00cb - Arkivi","isPartOf":{"@id":"https:\/\/fjala.info\/2009-2015\/#website"},"primaryImageOfPage":{"@id":"https:\/\/fjala.info\/2009-2015\/lugines-se-presheves-i-takon-nje-universitet-publik-ne-gjuhen-shqipe\/#primaryimage"},"image":{"@id":"https:\/\/fjala.info\/2009-2015\/lugines-se-presheves-i-takon-nje-universitet-publik-ne-gjuhen-shqipe\/#primaryimage"},"thumbnailUrl":"http:\/\/www.shkoder.net\/images\/fjala\/refik_hasani.jpg","datePublished":"2010-08-23T19:07:46+00:00","breadcrumb":{"@id":"https:\/\/fjala.info\/2009-2015\/lugines-se-presheves-i-takon-nje-universitet-publik-ne-gjuhen-shqipe\/#breadcrumb"},"inLanguage":"sq-AL","potentialAction":[{"@type":"ReadAction","target":["https:\/\/fjala.info\/2009-2015\/lugines-se-presheves-i-takon-nje-universitet-publik-ne-gjuhen-shqipe\/"]}]},{"@type":"ImageObject","inLanguage":"sq-AL","@id":"https:\/\/fjala.info\/2009-2015\/lugines-se-presheves-i-takon-nje-universitet-publik-ne-gjuhen-shqipe\/#primaryimage","url":"http:\/\/www.shkoder.net\/images\/fjala\/refik_hasani.jpg","contentUrl":"http:\/\/www.shkoder.net\/images\/fjala\/refik_hasani.jpg"},{"@type":"BreadcrumbList","@id":"https:\/\/fjala.info\/2009-2015\/lugines-se-presheves-i-takon-nje-universitet-publik-ne-gjuhen-shqipe\/#breadcrumb","itemListElement":[{"@type":"ListItem","position":1,"name":"Home","item":"https:\/\/fjala.info\/2009-2015\/"},{"@type":"ListItem","position":2,"name":"LUGIN\u00cbS S\u00cb PRESHEV\u00cbS I TAKON NJ\u00cb UNIVERSITET PUBLIK N\u00cb GJUH\u00cbN SHQIPE"}]},{"@type":"WebSite","@id":"https:\/\/fjala.info\/2009-2015\/#website","url":"https:\/\/fjala.info\/2009-2015\/","name":"FjALA e LIR\u00cb - Arkivi","description":"Arkivi 2009-2015","publisher":{"@id":"https:\/\/fjala.info\/2009-2015\/#organization"},"potentialAction":[{"@type":"SearchAction","target":{"@type":"EntryPoint","urlTemplate":"https:\/\/fjala.info\/2009-2015\/?s={search_term_string}"},"query-input":{"@type":"PropertyValueSpecification","valueRequired":true,"valueName":"search_term_string"}}],"inLanguage":"sq-AL"},{"@type":"Organization","@id":"https:\/\/fjala.info\/2009-2015\/#organization","name":"FjALA e LIR\u00cb - Arkivi","url":"https:\/\/fjala.info\/2009-2015\/","logo":{"@type":"ImageObject","inLanguage":"sq-AL","@id":"https:\/\/fjala.info\/2009-2015\/#\/schema\/logo\/image\/","url":"","contentUrl":"","caption":"FjALA e LIR\u00cb - Arkivi"},"image":{"@id":"https:\/\/fjala.info\/2009-2015\/#\/schema\/logo\/image\/"}},{"@type":"Person","@id":"https:\/\/fjala.info\/2009-2015\/#\/schema\/person\/3aa1163ef05469c496fc94e77611ada2","name":"admin","image":{"@type":"ImageObject","inLanguage":"sq-AL","@id":"https:\/\/fjala.info\/2009-2015\/wp-content\/uploads\/2012\/02\/arben_cokaj-120x150.jpg","url":"https:\/\/fjala.info\/2009-2015\/wp-content\/uploads\/2012\/02\/arben_cokaj-120x150.jpg","contentUrl":"https:\/\/fjala.info\/2009-2015\/wp-content\/uploads\/2012\/02\/arben_cokaj-120x150.jpg","caption":"admin"},"description":"Admin, Fjala e Lir\u00eb","sameAs":["https:\/\/fjala.info\/"],"url":"https:\/\/fjala.info\/2009-2015\/author\/admin\/"}]}},"_links":{"self":[{"href":"https:\/\/fjala.info\/2009-2015\/wp-json\/wp\/v2\/posts\/3830","targetHints":{"allow":["GET"]}}],"collection":[{"href":"https:\/\/fjala.info\/2009-2015\/wp-json\/wp\/v2\/posts"}],"about":[{"href":"https:\/\/fjala.info\/2009-2015\/wp-json\/wp\/v2\/types\/post"}],"author":[{"embeddable":true,"href":"https:\/\/fjala.info\/2009-2015\/wp-json\/wp\/v2\/users\/1"}],"replies":[{"embeddable":true,"href":"https:\/\/fjala.info\/2009-2015\/wp-json\/wp\/v2\/comments?post=3830"}],"version-history":[{"count":0,"href":"https:\/\/fjala.info\/2009-2015\/wp-json\/wp\/v2\/posts\/3830\/revisions"}],"wp:attachment":[{"href":"https:\/\/fjala.info\/2009-2015\/wp-json\/wp\/v2\/media?parent=3830"}],"wp:term":[{"taxonomy":"category","embeddable":true,"href":"https:\/\/fjala.info\/2009-2015\/wp-json\/wp\/v2\/categories?post=3830"},{"taxonomy":"post_tag","embeddable":true,"href":"https:\/\/fjala.info\/2009-2015\/wp-json\/wp\/v2\/tags?post=3830"}],"curies":[{"name":"wp","href":"https:\/\/api.w.org\/{rel}","templated":true}]}}