{"id":3828,"date":"2010-08-22T19:56:03","date_gmt":"2010-08-22T18:56:03","guid":{"rendered":"http:\/\/fjala.shkoder.net\/?p=3828"},"modified":"2010-08-22T19:56:03","modified_gmt":"2010-08-22T18:56:03","slug":"distancimi-i-njemendet-politik","status":"publish","type":"post","link":"https:\/\/fjala.info\/2009-2015\/distancimi-i-njemendet-politik\/","title":{"rendered":"Distancimi i nj\u00ebmend\u00ebt politik"},"content":{"rendered":"<p>Pse t\u00eb mos ket\u00eb shqet\u00ebsim n\u00eb Prishtin\u00eb derisa qeverit\u00eb e Kosov\u00ebs jan\u00eb n\u00eb ofsajd prej kohesh me veriun. Nd\u00ebrsa gjendja atje varet m\u00eb shum\u00eb nga disponimi serb se sa p\u00ebrpjekjet e domosdoshme te qeverive t\u00eb Kosov\u00ebs p\u00ebr t\u00eb rikthyer ne kontroll shtet\u00ebror at\u00eb pjes\u00eb.<\/p>\n<p><img decoding=\"async\" style=\"margin-left: 10px; margin-right: 10px; border: 0px;\" title=\"Bekim Rexhepi\" src=\"http:\/\/www.shkoder.net\/images\/fjala\/bekim_rexhepi.jpg\" border=\"0\" alt=\"\" width=\"100\" align=\"right\" \/><\/p>\n<p>Nga <strong>Bekim Rexhepi<\/strong><\/p>\n<p>K\u00ebt\u00eb jav\u00eb minoriteti serb i Kosov\u00ebs, p\u00ebrmes disa segmenteve te jasht\u00ebligjsh\u00ebm ka provokuar r\u00ebnd nj\u00eb shtet t\u00eb t\u00ebr\u00eb, duke shpallur nj\u00eb deklarat\u00eb t\u00eb ashtuquajtur pavar\u00ebsis\u00eb s\u00eb komunave serbe nga Kosova, me autor\u00eb t\u00eb paidentifikuar.<\/p>\n<p>M\u00eb sa kuptuam n\u00eb k\u00ebt\u00eb deklarat\u00eb, ajo b\u00ebhet n\u00eb em\u00ebr t\u00eb ashtuquajtur\u00ebs \u201cBashk\u00ebsis\u00eb s\u00eb Komunave t\u00eb Krahin\u00ebs Autonome t\u00eb Kosov\u00ebs\u201d.<\/p>\n<p>Beogradi zyrtar dhe lider\u00ebt politik serb\u00eb t\u00eb Kosov\u00ebs jan\u00eb distancuar, duke th\u00ebn\u00eb se ata q\u00eb e kan\u00eb b\u00ebr\u00eb at\u00eb nuk ia duan t\u00eb mir\u00ebn serb\u00ebve n\u00eb Kosov\u00eb.<\/p>\n<p>Gati ne te gjitha mediat u publikun k\u00ebt\u00eb deklarat\u00eb t\u00eb ashtuquajtur, nd\u00ebrsa nxjerrja e saj n\u00eb qarkullim si e till\u00eb nuk mbarti mb\u00ebshtetje as nga Beogradi, as nga lider\u00ebt politik\u00eb serb\u00eb t\u00eb Kosov\u00ebs, por duket se ajo \u00ebsht\u00eb par\u00eb me nj\u00eb doz\u00eb shqet\u00ebsimi m\u00eb shum\u00eb n\u00eb Prishtin\u00eb. Pse t\u00eb mos ket\u00eb shqet\u00ebsim n\u00eb Prishtin\u00eb derisa qeverit\u00eb e Kosov\u00ebs jan\u00eb n\u00eb ofsajd prej kohesh me veriun. Nd\u00ebrsa gjendja atje varet m\u00eb shum\u00eb nga disponimi serb se sa p\u00ebrpjekjet e domosdoshme te qeverive t\u00eb Kosov\u00ebs p\u00ebr t\u00eb rikthyer ne kontroll shtet\u00ebror at\u00eb pjes\u00eb.<\/p>\n<p>Qeveria e Thaqit, ka m\u00eb shum\u00eb obligime se sa qeverit\u00eb e m\u00ebhershme sepse kjo e tanishmja, mbase ka edhe nj\u00eb kushtetut\u00eb e cila do t\u00eb zbatohet me \u00e7do kushte. Ndryshe nuk mund t\u00eb flasim p\u00ebr shtet ligjor, nuk mund t\u00eb flasim p\u00ebr qeveri t\u00eb suksesshme, dhe me se paku mund t\u00eb flasim p\u00ebr shtet funksional.<\/p>\n<p>Provokimi i autor\u00ebve serb, p\u00ebrmes nj\u00eb deklarate qe shpall\u00eb t\u00eb ashtuquajtur\u00ebn pavar\u00ebsi e komunave serbe nga Kosova, tregon qart\u00eb se si mund t\u00eb jet\u00eb edhe nj\u00eb skenar i till\u00eb ne t\u00eb ardhmen, ky provokim ishte p\u00ebr t\u00eb par\u00eb se si do t\u00eb reagonin autoritet kosovare te qeverisura nga shumica shqiptare. Reagimi u mblodh serish me retorik boshe, dhe reagimet policore e edhe forcave mbrojt\u00ebse t\u00eb Kosov\u00ebs munguan n\u00eb k\u00ebt\u00eb dit\u00eb. Reagimi i shtetit ndaj provokimeve do t\u00eb duhej s\u00eb paku t\u00eb kishte nj\u00eb demonstrim, \u00e7oft\u00eb ky edhe dekorativ\u00eb sepse megjithat\u00eb do t\u2019u sinjalizonte provokuesve se gj\u00ebrat nuk mund t\u00eb rrodhen si\u00e7 ata skenarizojn\u00eb gjithnj\u00eb gj\u00ebrat.<\/p>\n<p><strong>Bisedimet e bisedave<\/strong><\/p>\n<p>Edhe n\u00eb k\u00ebto bisedime q\u00eb pritet t\u00eb fillojn\u00eb, (mbase edhe mund t\u00eb ken\u00eb filluar diku-diku, jasht\u00eb opinionit publik), e nd\u00ebrsa Serbia duket q\u00eb m\u00eb shum\u00eb do t\u00eb p\u00ebrqendrohet tek hapja e serishme e \u00e7\u00ebshtjes s\u00eb statusit politik, duke e b\u00ebr\u00eb rolin determinues, se asnj\u00eb zgjidhje nuk mund t\u00eb ndodh ligjsh\u00ebm pa p\u00eblqimin p\u00ebrfundimtar t\u00eb Serbis\u00eb. Tani kur kemi realitet pavar\u00ebsin\u00eb e Kosov\u00ebs dhe nj\u00eb num\u00ebr solid t\u00eb njohjeve nd\u00ebrkomb\u00ebtare t\u00eb Kosov\u00ebs si shtet, ndalja n\u00eb \u00e7\u00ebshtjen e statusit t\u00eb Kosov\u00ebs si \u00e7\u00ebshtje e pambyllur, \u00ebsht\u00eb synimi serb i bisedimeve n\u00eb tavolinat e ardhshme politike. A do ta ha Prishtina k\u00ebt\u00eb \u201cmamac\u00eb\u201d politik dhe t\u00eb tregohet e papjekur karshi interesit te saj nacional.<\/p>\n<p>P\u00ebrqendrimi n\u00eb \u00e7\u00ebshtjen e statusit politik t\u00eb Kosov\u00ebs nga Serbis\u00eb mbetet akoma nj\u00eb q\u00ebndrim joserioz e politik, p\u00ebrball\u00eb k\u00ebsaj \u00e7\u00ebshtje peng\u00eb mbesin edhe shum\u00eb probleme t\u00eb tjera q\u00eb mund t\u00eb zgjidheshin duke mos mbajtur ngarkes\u00ebn m\u00eb politike qe mbart\u00eb statusi. Nj\u00eb qasje m\u00eb e serioze e Serbis\u00eb n\u00eb Kosov\u00eb do t\u00eb mund t\u00eb shihej, dhe sikur t\u00eb angazhohej v\u00ebrtet n\u00eb veri t\u00eb Kosov\u00ebs qe atje t\u00eb kthente besimin politik, dhe jo t\u00eb ndodhin devijime q\u00eb d\u00ebmtojn\u00eb vet komunitetin serb.<\/p>\n<p>Nd\u00ebrsa ka koh\u00eb q\u00eb shqiptar\u00ebt po synojn\u00eb qe kjo \u00e7\u00ebshtje n\u00eb veri t\u00eb Kosov\u00ebs t\u00eb mund t\u00eb zgjidhet me mjete demokratike duke u integrua n\u00eb institucione dhe n\u00eb jet\u00ebn publike, sepse \u00ebsht\u00eb e pakuptueshme qe t\u00eb vazhdohet me anarki dhe me distancim agresiv\u00eb ndaj shtetit dhe ligjeve aktuale t\u00eb Kosov\u00eb. \u00c7do mbajtje e veriut t\u00eb Kosov\u00ebs me struktura paralele, e kriminale, madje duke mbajt n\u00eb fuqi bindje dhe ligjet e nj\u00eb shteti tjet\u00ebr p\u00ebrb\u00ebn nj\u00eb rrezik n\u00eb vete, nxit\u00eb tensione dhe shqet\u00ebsime politike. Pra qeveria e Kosov\u00ebs m\u00eb shum\u00eb se tani duhet te intensifikohet n\u00eb veri p\u00ebrmes aksioneve t\u00eb saja, p\u00ebr t\u00eb paq\u00ebsuar k\u00ebt\u00eb pjes\u00eb nga kriminalet dhe strukturat paralele t\u00eb cilat m\u00eb nj\u00eb luft\u00eb nxitje t\u00eb re po i k\u00ebrc\u00ebnojn\u00eb serish shqiptar\u00ebt dhe serb\u00ebt.<\/p>\n<p><em>22 Gusht 2010<\/em><\/p>\n","protected":false},"excerpt":{"rendered":"<p>Pse t\u00eb mos ket\u00eb shqet\u00ebsim n\u00eb Prishtin\u00eb derisa qeverit\u00eb e Kosov\u00ebs jan\u00eb n\u00eb ofsajd prej kohesh me veriun. Nd\u00ebrsa gjendja atje varet m\u00eb shum\u00eb nga disponimi serb se sa p\u00ebrpjekjet e domosdoshme te qeverive t\u00eb Kosov\u00ebs p\u00ebr t\u00eb rikthyer ne kontroll shtet\u00ebror at\u00eb pjes\u00eb. Nga Bekim Rexhepi K\u00ebt\u00eb jav\u00eb minoriteti serb i Kosov\u00ebs, p\u00ebrmes disa [&hellip;]<\/p>\n","protected":false},"author":1,"featured_media":0,"comment_status":"open","ping_status":"closed","sticky":false,"template":"","format":"standard","meta":{"footnotes":""},"categories":[2],"tags":[],"class_list":{"0":"post-3828","1":"post","2":"type-post","3":"status-publish","4":"format-standard","6":"category-artikuj"},"yoast_head":"<!-- This site is optimized with the Yoast SEO plugin v27.4 - https:\/\/yoast.com\/product\/yoast-seo-wordpress\/ -->\n<title>Distancimi i nj\u00ebmend\u00ebt politik - FjALA e LIR\u00cb - Arkivi<\/title>\n<meta name=\"robots\" content=\"index, follow, max-snippet:-1, max-image-preview:large, max-video-preview:-1\" \/>\n<link rel=\"canonical\" href=\"https:\/\/fjala.info\/2009-2015\/distancimi-i-njemendet-politik\/\" \/>\n<meta property=\"og:locale\" content=\"sq_AL\" \/>\n<meta property=\"og:type\" content=\"article\" \/>\n<meta property=\"og:title\" content=\"Distancimi i nj\u00ebmend\u00ebt politik - FjALA e LIR\u00cb - Arkivi\" \/>\n<meta property=\"og:description\" content=\"Pse t\u00eb mos ket\u00eb shqet\u00ebsim n\u00eb Prishtin\u00eb derisa qeverit\u00eb e Kosov\u00ebs jan\u00eb n\u00eb ofsajd prej kohesh me veriun. Nd\u00ebrsa gjendja atje varet m\u00eb shum\u00eb nga disponimi serb se sa p\u00ebrpjekjet e domosdoshme te qeverive t\u00eb Kosov\u00ebs p\u00ebr t\u00eb rikthyer ne kontroll shtet\u00ebror at\u00eb pjes\u00eb. Nga Bekim Rexhepi K\u00ebt\u00eb jav\u00eb minoriteti serb i Kosov\u00ebs, p\u00ebrmes disa [&hellip;]\" \/>\n<meta property=\"og:url\" content=\"https:\/\/fjala.info\/2009-2015\/distancimi-i-njemendet-politik\/\" \/>\n<meta property=\"og:site_name\" content=\"FjALA e LIR\u00cb - Arkivi\" \/>\n<meta property=\"article:published_time\" content=\"2010-08-22T18:56:03+00:00\" \/>\n<meta property=\"og:image\" content=\"http:\/\/www.shkoder.net\/images\/fjala\/bekim_rexhepi.jpg\" \/>\n<meta name=\"author\" content=\"admin\" \/>\n<meta name=\"twitter:card\" content=\"summary_large_image\" \/>\n<meta name=\"twitter:label1\" content=\"Written by\" \/>\n\t<meta name=\"twitter:data1\" content=\"admin\" \/>\n\t<meta name=\"twitter:label2\" content=\"Est. reading time\" \/>\n\t<meta name=\"twitter:data2\" content=\"4 minutes\" \/>\n<script type=\"application\/ld+json\" class=\"yoast-schema-graph\">{\"@context\":\"https:\\\/\\\/schema.org\",\"@graph\":[{\"@type\":\"Article\",\"@id\":\"https:\\\/\\\/fjala.info\\\/2009-2015\\\/distancimi-i-njemendet-politik\\\/#article\",\"isPartOf\":{\"@id\":\"https:\\\/\\\/fjala.info\\\/2009-2015\\\/distancimi-i-njemendet-politik\\\/\"},\"author\":{\"name\":\"admin\",\"@id\":\"https:\\\/\\\/fjala.info\\\/2009-2015\\\/#\\\/schema\\\/person\\\/3aa1163ef05469c496fc94e77611ada2\"},\"headline\":\"Distancimi i nj\u00ebmend\u00ebt politik\",\"datePublished\":\"2010-08-22T18:56:03+00:00\",\"mainEntityOfPage\":{\"@id\":\"https:\\\/\\\/fjala.info\\\/2009-2015\\\/distancimi-i-njemendet-politik\\\/\"},\"wordCount\":803,\"commentCount\":0,\"publisher\":{\"@id\":\"https:\\\/\\\/fjala.info\\\/2009-2015\\\/#organization\"},\"image\":{\"@id\":\"https:\\\/\\\/fjala.info\\\/2009-2015\\\/distancimi-i-njemendet-politik\\\/#primaryimage\"},\"thumbnailUrl\":\"http:\\\/\\\/www.shkoder.net\\\/images\\\/fjala\\\/bekim_rexhepi.jpg\",\"articleSection\":[\"Artikuj\"],\"inLanguage\":\"sq-AL\",\"potentialAction\":[{\"@type\":\"CommentAction\",\"name\":\"Comment\",\"target\":[\"https:\\\/\\\/fjala.info\\\/2009-2015\\\/distancimi-i-njemendet-politik\\\/#respond\"]}]},{\"@type\":\"WebPage\",\"@id\":\"https:\\\/\\\/fjala.info\\\/2009-2015\\\/distancimi-i-njemendet-politik\\\/\",\"url\":\"https:\\\/\\\/fjala.info\\\/2009-2015\\\/distancimi-i-njemendet-politik\\\/\",\"name\":\"Distancimi i nj\u00ebmend\u00ebt politik - FjALA e LIR\u00cb - Arkivi\",\"isPartOf\":{\"@id\":\"https:\\\/\\\/fjala.info\\\/2009-2015\\\/#website\"},\"primaryImageOfPage\":{\"@id\":\"https:\\\/\\\/fjala.info\\\/2009-2015\\\/distancimi-i-njemendet-politik\\\/#primaryimage\"},\"image\":{\"@id\":\"https:\\\/\\\/fjala.info\\\/2009-2015\\\/distancimi-i-njemendet-politik\\\/#primaryimage\"},\"thumbnailUrl\":\"http:\\\/\\\/www.shkoder.net\\\/images\\\/fjala\\\/bekim_rexhepi.jpg\",\"datePublished\":\"2010-08-22T18:56:03+00:00\",\"breadcrumb\":{\"@id\":\"https:\\\/\\\/fjala.info\\\/2009-2015\\\/distancimi-i-njemendet-politik\\\/#breadcrumb\"},\"inLanguage\":\"sq-AL\",\"potentialAction\":[{\"@type\":\"ReadAction\",\"target\":[\"https:\\\/\\\/fjala.info\\\/2009-2015\\\/distancimi-i-njemendet-politik\\\/\"]}]},{\"@type\":\"ImageObject\",\"inLanguage\":\"sq-AL\",\"@id\":\"https:\\\/\\\/fjala.info\\\/2009-2015\\\/distancimi-i-njemendet-politik\\\/#primaryimage\",\"url\":\"http:\\\/\\\/www.shkoder.net\\\/images\\\/fjala\\\/bekim_rexhepi.jpg\",\"contentUrl\":\"http:\\\/\\\/www.shkoder.net\\\/images\\\/fjala\\\/bekim_rexhepi.jpg\"},{\"@type\":\"BreadcrumbList\",\"@id\":\"https:\\\/\\\/fjala.info\\\/2009-2015\\\/distancimi-i-njemendet-politik\\\/#breadcrumb\",\"itemListElement\":[{\"@type\":\"ListItem\",\"position\":1,\"name\":\"Home\",\"item\":\"https:\\\/\\\/fjala.info\\\/2009-2015\\\/\"},{\"@type\":\"ListItem\",\"position\":2,\"name\":\"Distancimi i nj\u00ebmend\u00ebt politik\"}]},{\"@type\":\"WebSite\",\"@id\":\"https:\\\/\\\/fjala.info\\\/2009-2015\\\/#website\",\"url\":\"https:\\\/\\\/fjala.info\\\/2009-2015\\\/\",\"name\":\"FjALA e LIR\u00cb - Arkivi\",\"description\":\"Arkivi 2009-2015\",\"publisher\":{\"@id\":\"https:\\\/\\\/fjala.info\\\/2009-2015\\\/#organization\"},\"potentialAction\":[{\"@type\":\"SearchAction\",\"target\":{\"@type\":\"EntryPoint\",\"urlTemplate\":\"https:\\\/\\\/fjala.info\\\/2009-2015\\\/?s={search_term_string}\"},\"query-input\":{\"@type\":\"PropertyValueSpecification\",\"valueRequired\":true,\"valueName\":\"search_term_string\"}}],\"inLanguage\":\"sq-AL\"},{\"@type\":\"Organization\",\"@id\":\"https:\\\/\\\/fjala.info\\\/2009-2015\\\/#organization\",\"name\":\"FjALA e LIR\u00cb - Arkivi\",\"url\":\"https:\\\/\\\/fjala.info\\\/2009-2015\\\/\",\"logo\":{\"@type\":\"ImageObject\",\"inLanguage\":\"sq-AL\",\"@id\":\"https:\\\/\\\/fjala.info\\\/2009-2015\\\/#\\\/schema\\\/logo\\\/image\\\/\",\"url\":\"\",\"contentUrl\":\"\",\"caption\":\"FjALA e LIR\u00cb - Arkivi\"},\"image\":{\"@id\":\"https:\\\/\\\/fjala.info\\\/2009-2015\\\/#\\\/schema\\\/logo\\\/image\\\/\"}},{\"@type\":\"Person\",\"@id\":\"https:\\\/\\\/fjala.info\\\/2009-2015\\\/#\\\/schema\\\/person\\\/3aa1163ef05469c496fc94e77611ada2\",\"name\":\"admin\",\"image\":{\"@type\":\"ImageObject\",\"inLanguage\":\"sq-AL\",\"@id\":\"https:\\\/\\\/fjala.info\\\/2009-2015\\\/wp-content\\\/uploads\\\/2012\\\/02\\\/arben_cokaj-120x150.jpg\",\"url\":\"https:\\\/\\\/fjala.info\\\/2009-2015\\\/wp-content\\\/uploads\\\/2012\\\/02\\\/arben_cokaj-120x150.jpg\",\"contentUrl\":\"https:\\\/\\\/fjala.info\\\/2009-2015\\\/wp-content\\\/uploads\\\/2012\\\/02\\\/arben_cokaj-120x150.jpg\",\"caption\":\"admin\"},\"description\":\"Admin, Fjala e Lir\u00eb\",\"sameAs\":[\"https:\\\/\\\/fjala.info\\\/\"],\"url\":\"https:\\\/\\\/fjala.info\\\/2009-2015\\\/author\\\/admin\\\/\"}]}<\/script>\n<!-- \/ Yoast SEO plugin. -->","yoast_head_json":{"title":"Distancimi i nj\u00ebmend\u00ebt politik - FjALA e LIR\u00cb - Arkivi","robots":{"index":"index","follow":"follow","max-snippet":"max-snippet:-1","max-image-preview":"max-image-preview:large","max-video-preview":"max-video-preview:-1"},"canonical":"https:\/\/fjala.info\/2009-2015\/distancimi-i-njemendet-politik\/","og_locale":"sq_AL","og_type":"article","og_title":"Distancimi i nj\u00ebmend\u00ebt politik - FjALA e LIR\u00cb - Arkivi","og_description":"Pse t\u00eb mos ket\u00eb shqet\u00ebsim n\u00eb Prishtin\u00eb derisa qeverit\u00eb e Kosov\u00ebs jan\u00eb n\u00eb ofsajd prej kohesh me veriun. Nd\u00ebrsa gjendja atje varet m\u00eb shum\u00eb nga disponimi serb se sa p\u00ebrpjekjet e domosdoshme te qeverive t\u00eb Kosov\u00ebs p\u00ebr t\u00eb rikthyer ne kontroll shtet\u00ebror at\u00eb pjes\u00eb. Nga Bekim Rexhepi K\u00ebt\u00eb jav\u00eb minoriteti serb i Kosov\u00ebs, p\u00ebrmes disa [&hellip;]","og_url":"https:\/\/fjala.info\/2009-2015\/distancimi-i-njemendet-politik\/","og_site_name":"FjALA e LIR\u00cb - Arkivi","article_published_time":"2010-08-22T18:56:03+00:00","og_image":[{"url":"http:\/\/www.shkoder.net\/images\/fjala\/bekim_rexhepi.jpg","type":"","width":"","height":""}],"author":"admin","twitter_card":"summary_large_image","twitter_misc":{"Written by":"admin","Est. reading time":"4 minutes"},"schema":{"@context":"https:\/\/schema.org","@graph":[{"@type":"Article","@id":"https:\/\/fjala.info\/2009-2015\/distancimi-i-njemendet-politik\/#article","isPartOf":{"@id":"https:\/\/fjala.info\/2009-2015\/distancimi-i-njemendet-politik\/"},"author":{"name":"admin","@id":"https:\/\/fjala.info\/2009-2015\/#\/schema\/person\/3aa1163ef05469c496fc94e77611ada2"},"headline":"Distancimi i nj\u00ebmend\u00ebt politik","datePublished":"2010-08-22T18:56:03+00:00","mainEntityOfPage":{"@id":"https:\/\/fjala.info\/2009-2015\/distancimi-i-njemendet-politik\/"},"wordCount":803,"commentCount":0,"publisher":{"@id":"https:\/\/fjala.info\/2009-2015\/#organization"},"image":{"@id":"https:\/\/fjala.info\/2009-2015\/distancimi-i-njemendet-politik\/#primaryimage"},"thumbnailUrl":"http:\/\/www.shkoder.net\/images\/fjala\/bekim_rexhepi.jpg","articleSection":["Artikuj"],"inLanguage":"sq-AL","potentialAction":[{"@type":"CommentAction","name":"Comment","target":["https:\/\/fjala.info\/2009-2015\/distancimi-i-njemendet-politik\/#respond"]}]},{"@type":"WebPage","@id":"https:\/\/fjala.info\/2009-2015\/distancimi-i-njemendet-politik\/","url":"https:\/\/fjala.info\/2009-2015\/distancimi-i-njemendet-politik\/","name":"Distancimi i nj\u00ebmend\u00ebt politik - FjALA e LIR\u00cb - Arkivi","isPartOf":{"@id":"https:\/\/fjala.info\/2009-2015\/#website"},"primaryImageOfPage":{"@id":"https:\/\/fjala.info\/2009-2015\/distancimi-i-njemendet-politik\/#primaryimage"},"image":{"@id":"https:\/\/fjala.info\/2009-2015\/distancimi-i-njemendet-politik\/#primaryimage"},"thumbnailUrl":"http:\/\/www.shkoder.net\/images\/fjala\/bekim_rexhepi.jpg","datePublished":"2010-08-22T18:56:03+00:00","breadcrumb":{"@id":"https:\/\/fjala.info\/2009-2015\/distancimi-i-njemendet-politik\/#breadcrumb"},"inLanguage":"sq-AL","potentialAction":[{"@type":"ReadAction","target":["https:\/\/fjala.info\/2009-2015\/distancimi-i-njemendet-politik\/"]}]},{"@type":"ImageObject","inLanguage":"sq-AL","@id":"https:\/\/fjala.info\/2009-2015\/distancimi-i-njemendet-politik\/#primaryimage","url":"http:\/\/www.shkoder.net\/images\/fjala\/bekim_rexhepi.jpg","contentUrl":"http:\/\/www.shkoder.net\/images\/fjala\/bekim_rexhepi.jpg"},{"@type":"BreadcrumbList","@id":"https:\/\/fjala.info\/2009-2015\/distancimi-i-njemendet-politik\/#breadcrumb","itemListElement":[{"@type":"ListItem","position":1,"name":"Home","item":"https:\/\/fjala.info\/2009-2015\/"},{"@type":"ListItem","position":2,"name":"Distancimi i nj\u00ebmend\u00ebt politik"}]},{"@type":"WebSite","@id":"https:\/\/fjala.info\/2009-2015\/#website","url":"https:\/\/fjala.info\/2009-2015\/","name":"FjALA e LIR\u00cb - Arkivi","description":"Arkivi 2009-2015","publisher":{"@id":"https:\/\/fjala.info\/2009-2015\/#organization"},"potentialAction":[{"@type":"SearchAction","target":{"@type":"EntryPoint","urlTemplate":"https:\/\/fjala.info\/2009-2015\/?s={search_term_string}"},"query-input":{"@type":"PropertyValueSpecification","valueRequired":true,"valueName":"search_term_string"}}],"inLanguage":"sq-AL"},{"@type":"Organization","@id":"https:\/\/fjala.info\/2009-2015\/#organization","name":"FjALA e LIR\u00cb - Arkivi","url":"https:\/\/fjala.info\/2009-2015\/","logo":{"@type":"ImageObject","inLanguage":"sq-AL","@id":"https:\/\/fjala.info\/2009-2015\/#\/schema\/logo\/image\/","url":"","contentUrl":"","caption":"FjALA e LIR\u00cb - Arkivi"},"image":{"@id":"https:\/\/fjala.info\/2009-2015\/#\/schema\/logo\/image\/"}},{"@type":"Person","@id":"https:\/\/fjala.info\/2009-2015\/#\/schema\/person\/3aa1163ef05469c496fc94e77611ada2","name":"admin","image":{"@type":"ImageObject","inLanguage":"sq-AL","@id":"https:\/\/fjala.info\/2009-2015\/wp-content\/uploads\/2012\/02\/arben_cokaj-120x150.jpg","url":"https:\/\/fjala.info\/2009-2015\/wp-content\/uploads\/2012\/02\/arben_cokaj-120x150.jpg","contentUrl":"https:\/\/fjala.info\/2009-2015\/wp-content\/uploads\/2012\/02\/arben_cokaj-120x150.jpg","caption":"admin"},"description":"Admin, Fjala e Lir\u00eb","sameAs":["https:\/\/fjala.info\/"],"url":"https:\/\/fjala.info\/2009-2015\/author\/admin\/"}]}},"_links":{"self":[{"href":"https:\/\/fjala.info\/2009-2015\/wp-json\/wp\/v2\/posts\/3828","targetHints":{"allow":["GET"]}}],"collection":[{"href":"https:\/\/fjala.info\/2009-2015\/wp-json\/wp\/v2\/posts"}],"about":[{"href":"https:\/\/fjala.info\/2009-2015\/wp-json\/wp\/v2\/types\/post"}],"author":[{"embeddable":true,"href":"https:\/\/fjala.info\/2009-2015\/wp-json\/wp\/v2\/users\/1"}],"replies":[{"embeddable":true,"href":"https:\/\/fjala.info\/2009-2015\/wp-json\/wp\/v2\/comments?post=3828"}],"version-history":[{"count":0,"href":"https:\/\/fjala.info\/2009-2015\/wp-json\/wp\/v2\/posts\/3828\/revisions"}],"wp:attachment":[{"href":"https:\/\/fjala.info\/2009-2015\/wp-json\/wp\/v2\/media?parent=3828"}],"wp:term":[{"taxonomy":"category","embeddable":true,"href":"https:\/\/fjala.info\/2009-2015\/wp-json\/wp\/v2\/categories?post=3828"},{"taxonomy":"post_tag","embeddable":true,"href":"https:\/\/fjala.info\/2009-2015\/wp-json\/wp\/v2\/tags?post=3828"}],"curies":[{"name":"wp","href":"https:\/\/api.w.org\/{rel}","templated":true}]}}