{"id":382,"date":"2011-11-28T23:52:28","date_gmt":"2011-11-28T22:52:28","guid":{"rendered":"http:\/\/fjala.shkoder.net\/?p=382"},"modified":"2011-11-28T23:52:28","modified_gmt":"2011-11-28T22:52:28","slug":"a-ishte-zogu-mbret","status":"publish","type":"post","link":"https:\/\/fjala.info\/2009-2015\/a-ishte-zogu-mbret\/","title":{"rendered":"A ishte Zogu mbret?"},"content":{"rendered":"<p><img decoding=\"async\" class=\"alignright size-thumbnail wp-image-7236\" title=\"Naser Aliu\" src=\"http:\/\/www.shkoder.net\/images\/fjala\/naser_aliu.jpg\" alt=\"\" width=\"150\" \/> <strong>Naser Aliu<\/strong><\/p>\n<p>Mik i dashur,<\/p>\n<p>Bertolt Brecht shkruante:\u201c Gjith\u00eb pushteti buron nga populli \u2013 por ku shkon ai?\u201d dreqi ta haj\u00eb. Tek ne pushteti shkon nga edhe ka ardhur. Her\u00eb n\u00eb Beograd, her\u00eb n\u00eb Athin\u00eb, her\u00eb n\u00eb Rom\u00eb, s\u00eb fundi edhe n\u00eb Ankara. Krejt varet se cila qend\u00ebr na e gozhdon n\u00eb karrige nj\u00eb politikan. Ndonj\u00ebher\u00eb edhe dy qendra s\u00eb bashku. Ju reaguat pas mendimit tim, ku shkrova te nj\u00eb mike n\u00eb \u201cfb\u201d vet\u00ebm k\u00ebt\u00eb fjali: \u201cZogu nuk \u00ebsht\u00eb mbret.\u201d M\u00eb kund\u00ebrshtuat me email, privatisht, prandaj edhe nuk po p\u00ebrmend emrin Tuaj, por nga respekti p\u00ebr titullin, q\u00eb kishit sh\u00ebnuar n\u00eb fund, jo edhe pa arsye, po ju p\u00ebrgjigjem publikisht. Jo nga perspektiva e nj\u00eb historiani, por e nj\u00eb njeriu t\u00eb r\u00ebndomt\u00eb, q\u00eb p\u00ebrpiqet ta kultivoj\u00eb nj\u00eb shqis\u00eb dhe ndjenj\u00eb drejt\u00ebsie, duke u bazuar vet\u00ebm n\u00eb veprat penale t\u00eb politikan\u00ebve, vepra q\u00eb duhet t\u2019 i dij\u00eb \u00e7do njeri i zakonsh\u00ebm, madje edhe nj\u00eb doktor i shkencave.<\/p>\n<p>Ta z\u00ebm\u00eb se Ibrahim Rugova \u00ebsht\u00eb akoma president i Kosov\u00ebs dhe ta z\u00ebm\u00eb se ime mot\u00ebr, pas k\u00ebmb\u00ebnguljes time, martohet me Rrahman Morin\u00ebn, bashk\u00ebpun\u00ebtorin e madh t\u00eb Milloshevi\u00e7it. (Shembujt e sot\u00ebm m\u00eb sh\u00ebrbejn\u00eb p\u00ebr ta b\u00ebr\u00eb t\u00eb qart\u00eb pesh\u00ebn e \u00e7\u00ebshtjes, ecurin\u00eb dhe gjykimin ton\u00eb aberrativ ndaj personaliteteve negative historike si dhe rehabilitimin e tyre pa u pas penduar, rrjedhimisht pasojat n\u00eb shoq\u00ebri deri m\u00eb sot\u2026)<\/p>\n<p>Nejse, t\u00eb vazhdojm\u00eb: Milloshevi\u00e7i m\u00eb ndihmon me para dhe un\u00eb grumbulloj rreth meje shqiptar\u00eb nga Lugina e Preshev\u00ebs. Serbia na armatos\u00eb mir\u00eb dhe un\u00eb zotohem se nuk do t\u00eb interesohem p\u00ebr shqiptar\u00ebt atje, se do t\u00eb vras\u00eb patriot\u00ebt e intelektual shqiptar\u00eb, si p\u00ebr shembull: Adem Jasharin, Tha\u00e7in, Adem Dema\u00e7in etj. P\u00ebrve\u00e7 k\u00ebsaj, zotohem me shkrim se do ta pranoj\u00eb pushtetin serb dhe do t\u00eb punoj\u00eb p\u00ebr integrimin e Kosov\u00ebs n\u00eb Serbi. Me cuba shqiptar\u00eb apo mercenar\u00eb serb e rus, un\u00eb futem n\u00eb Kosov\u00eb dhe rr\u00ebzoj Qeverin\u00eb demokratike t\u00eb Rugov\u00ebs.<\/p>\n<p>Meqen\u00ebse un\u00eb futem me ndihm\u00ebn e Milloshevi\u00e7it, un\u00eb meritoj ekzekutim apo burg t\u00eb p\u00ebrjetsh\u00ebm p\u00ebr tradhti t\u00eb madhe ndaj atdheut dhe p\u00ebr pu\u00e7. Kap\u00ebrcimi ilegal i kufirit me nj\u00eb band\u00eb cubash t\u00eb armatosur, mund t\u00eb jen\u00eb akuza shtes\u00eb.<\/p>\n<p>N\u00eb nj\u00eb vend normal, t\u00eb sh\u00ebndosh\u00eb nga ana mendore mendoj, k\u00ebtu do t\u00eb p\u00ebrfundonte karriera ime politike, por, meqen\u00ebse populli im nuk b\u00ebn\u00eb dallime semantike n\u00eb mes patriotizmit dhe tradhtis\u00eb, un\u00eb p\u00ebrpunoj, zhvilloj dhe rris ambiciet e mia dhe zhvilloj lakmin\u00eb p\u00ebr pushtet t\u00eb p\u00ebrjetsh\u00ebm. Nga frika se nj\u00eb dit\u00eb m\u00eb rr\u00ebzojn\u00eb kosovar\u00ebt e mi, un\u00eb me ata cuba dhe sh\u00ebrb\u00ebtor\u00eb t\u00eb Milloshevi\u00e7it q\u00eb u futa brenda, organizoj edhe shpalljen time mbret dhe k\u00ebshtu i siguroj vetes t\u00eb drejt\u00ebn absolute dhe serike t\u00eb pushteti: dometh\u00ebn\u00eb edhe kalimin e k\u00ebsaj prone private n\u00eb duar t\u00eb pinjoll\u00ebve t\u00eb mi. Un\u00eb fal\u00ebnderoj Milloshevi\u00e7in p\u00ebr ndihm\u00ebn dhe katapultimin tim n\u00eb fron mbret\u00ebror dhe i fal Mitrovic\u00ebn me rrethin\u00eb Serbis\u00eb. Ky \u00ebsht\u00eb \u00e7mimi i par\u00eb i fronit, pa llogaritur edhe t\u00eb vrar\u00ebt p\u00ebr ta marr\u00eb pushtetin\u2026<\/p>\n<p>K\u00ebtu konsumohet akti i tradhtis\u00eb s\u00eb lart i sanksionuar n\u00eb \u00e7do kushtetut\u00eb t\u00eb shteteve tok\u00ebsore dhe cenohet sovraniteti i vendit p\u00ebr p\u00ebrfitim vetjake, si pasoj\u00eb e lakmis\u00eb sime t\u00eb s\u00ebmur\u00eb. N\u00eb nj\u00eb vend normal, t\u00eb sh\u00ebndosh\u00eb nga ana mendore mendoj, n\u00ebse jo pas pu\u00e7it, k\u00ebtu do t\u00eb p\u00ebrfundonte karriera ime politike: Cenimi i sovranitetit t\u00eb vendit!<\/p>\n<p>Edhe spiunit serb Rrahman Morina, i jap nj\u00eb post ministri. Pasi t\u00eb shpallem mbret i Kosov\u00ebs, un\u00eb betohem se do ta mbroj\u00eb atdheun dhe do t\u00eb punoj\u00eb p\u00ebr t\u00eb mir\u00ebn e tij. Natyrisht p\u00ebr ta arsyetuar vepr\u00ebn time, pu\u00e7in dhe blerjen e pushtetit me troje shqiptare, un\u00eb p\u00ebrpiqem t\u00eb b\u00ebj\u00eb edhe di\u00e7ka p\u00ebr popullin, q\u00eb i hipa n\u00eb qaf\u00eb me arm\u00eb dhe me ndihm\u00ebn e Serbis\u00eb. Un\u00eb di se nuk rrihet n\u00eb pushtet duke qen\u00eb kund\u00ebr popullit, por vet\u00ebm duke vrar\u00eb e d\u00ebbuar nga vendi ata shqiptar\u00eb, q\u00eb i sulen fronit dhe q\u00eb mund t\u00eb organizojn\u00eb popullin. Natyrisht se krijoj edhe nj\u00eb administrat\u00eb sepse p\u00ebrndryshe bota nuk do t\u00eb m\u00eb konsideronte Mbret i Shqiptar\u00ebve, por Cub. Po, pse i shqiptar\u00ebve? I shqiptar\u00ebve sepse me ndihm\u00ebn e atyre, q\u00eb nuk i kam n\u00ebn pushtetin tim, u b\u00ebra mbret!<\/p>\n<p>Shtetin tim do ta pranoj\u00eb fqinj\u00ebt, mir\u00ebpo jo t\u00eb Nolit. Noli nuk i konvenon Ballkanit, un\u00eb po! Noli ishte tep\u00ebr i madh p\u00ebr Ballkanin e vog\u00ebl. Shum\u00eb i men\u00e7ur p\u00ebr Ballkanin primitiv. Ortodoks me besim, por vendet fqinje ortodokse nuk do ta pranojn\u00eb shtetin e tij, por do ta pranojn\u00eb timin, sepse vija nga nj\u00eb familje bejler\u00ebsh\u2026<\/p>\n<p>\u00c7dokush q\u00eb synon rr\u00ebzimin tim, \u00ebsht\u00eb tradhtar i kombit, pu\u00e7ist dhe kund\u00ebr shtetit ton\u00eb, i them popullit. Merre me mend zoti doktor i shkencave, edhe pse un\u00eb kam falur troje, e them k\u00ebt\u00eb! Un\u00eb tradhtari, patriot\u00ebt e v\u00ebrtet i quaj tradhtar\u00eb! N\u00eb fakt, ata q\u00eb d\u00ebshirojn\u00eb rr\u00ebzimin tim, jan\u00eb vet\u00ebm kund\u00ebrshtar\u00eb t\u00eb mi, patriot e idealist, por un\u00eb p\u00ebr ta siguruar pron\u00ebsin\u00eb e shtetit, e trishtoj at\u00eb se kund\u00ebrshtar\u00ebt e mi jan\u00eb tradhtar\u00eb, pa marr\u00eb parasysh kush jan\u00eb: Adem Jashari, Rugova, Tha\u00e7i apo Dema\u00e7i. Konceptit t\u00eb lakmis\u00eb sime t\u00eb s\u00ebmur\u00eb i shkojn\u00eb p\u00ebr shtat ngat\u00ebrrimi semantik i patriotizmit dhe tradhtis\u00eb, sa t\u00eb shkrihen deri n\u00eb mosdallim n\u00eb mes vete. K\u00ebtu arrijm\u00eb tek mendimi i shkrimtarit austriak Karl Kraus i cili thot\u00eb:\u201c Disa gj\u00ebra jan\u00eb aq t\u00eb rrejshme, sa edhe e kund\u00ebrta e tyre nuk \u00ebsht\u00eb e v\u00ebrtet\u00eb!\u201d Ngat\u00ebrrimi \u00ebsht\u00eb i p\u00ebrkryer dhe ja pse tek ne e kund\u00ebrta e rren\u00ebs \u00ebsht\u00eb p\u00ebrs\u00ebri rren\u00eb. Dhe, e kund\u00ebrta e tradhtis\u00eb \u00ebsht\u00eb tradhti, e jo patriotiz\u00ebm, si kudo n\u00eb bot\u00eb!<\/p>\n<p>Megjith\u00ebk\u00ebt\u00eb, t\u00eb vazhdojm\u00eb me veprat e mia penale. Sapo t\u00eb sulmoj\u00eb ushtari i par\u00eb i huaj atdheun tim shum\u00eb t\u00eb dashur, un\u00eb arratisem p\u00ebr ta shp\u00ebtuar familjen time, duke l\u00ebn\u00eb popullin n\u00eb luft\u00eb pa udh\u00ebheq\u00ebs dhe pa mbrojtje. N\u00eb nj\u00eb vend normal me mendje t\u00eb sh\u00ebndosh\u00eb mendoj, edhe k\u00ebtu do t\u00eb kishte p\u00ebrfunduar karriera ime politike dhe do t\u2019 isha d\u00ebnuar p\u00ebr shkak dezertimit: me ekzekutim apo burg t\u00eb p\u00ebrjetsh\u00ebm. Un\u00eb jo vet\u00ebm q\u00eb dezertoj para se t\u00eb marrin vesh ushtar\u00ebt e mi sulmin, por duke konsideruar veten mbret, m\u00eb duhen edhe shum\u00eb lek\u00eb p\u00ebr ta mbajtur oborrin tim gjall\u00eb dhe \u00e7ka b\u00ebj un\u00eb? Un\u00eb vjedh floririn e atdheut, q\u00eb m\u00eb mbajti si mbret dhe ia mbath, ku syt\u00eb, edhe k\u00ebmb\u00ebt. K\u00ebtu konsumohet akti i vjedhjes kriminale duke zbrazur ark\u00ebn e shtetit. Edhe pse mbret i vendit, i betuar, un\u00eb do ta shikoj luft\u00ebn n\u00eb televizor me plane t\u00eb reja p\u00ebr ta rr\u00ebzuar qeverin\u00eb sapo t\u00eb \u00e7lirohet vendi. Fqinj\u00ebt mir\u00ebpo, nuk do t\u00eb tregojn\u00eb interes t\u00eb m\u00eb sjellin p\u00ebrs\u00ebri n\u00eb fron, sepse mua m\u00eb pason nj\u00eb tjet\u00ebr, q\u00eb u konvenonte atyre dhe me ndihm\u00ebn e tyre u ngrit dhe u gozhdua n\u00eb karrige si diktator.<\/p>\n<p>K\u00ebtu doktor i dashur thjesht\u00ebsova historin\u00eb gati deri n\u00eb banalizim, me shembuj aktual p\u00ebr t\u00eb kuptuar nocionin tradhti edhe doktor\u00ebt si Ju. Tradhtia \u00ebsht\u00eb tradhti dhe nuk mund ta zhb\u00ebjn\u00eb veprat e mira aty k\u00ebtu. Sepse un\u00eb para se t\u00eb b\u00ebhem mbret, isha vras\u00ebs, pu\u00e7ist, vasal i huaj dhe derisa posedoj titullin mbret, b\u00ebhem edhe dezertor, edhe hajn.<\/p>\n<p>Sikur ne t\u00eb ishim nj\u00eb vend normal, me aft\u00ebsi gjykuese t\u00eb sh\u00ebndosha, at\u00ebher\u00eb nga pasardh\u00ebsit e mi t\u00eb pafajsh\u00ebm, do t\u00eb k\u00ebrkohej s\u00eb paku floriri i vjedhur. N\u00ebse Tirana nderon me nj\u00eb rrug\u00eb Ahmet Zogun, \u00ebsht\u00eb p\u00ebr t\u2019 u tmerruar pse nuk nderohet edhe spiuni i Serbis\u00eb Ceno Kryeziu( C\u00ebrnoglavi\u00e7) dhe Nikola Pashi\u00e7i me nj\u00eb bulevard, q\u00eb na prodhoi nj\u00eb mbret! Edhe Esat Pash\u00eb Toptani duhet nderuar nga familja e s\u00eb cilit vinte n\u00ebna e mbretit Zog. Edhe ai kishte nd\u00ebrmend t\u2019 i fal\u00eb Serbis\u00eb veriun, kurse jugun Greqis\u00eb. Zotimi ndaj mbret\u00ebris\u00eb s\u00eb Karagjogjerviq\u00ebve, pu\u00e7 me nj\u00eb band\u00eb tradhtar\u00ebsh, vrasje e patriot\u00ebve shqiptar\u00eb, dezertimi, vjedhja e ark\u00ebs s\u00eb shtetit, nuk jan\u00eb \u00e7\u00ebshtje bot\u00ebkuptimi dhe pik\u00ebv\u00ebshtrimi, por fakte q\u00eb i ka prodhuar \u201cmbreti\u201d, q\u00eb Ju adhuroni. Veprat kriminale, nuk mund t\u2019 i zhb\u00ebj askush, sepse ai i ka prodhuar vet. Me vet\u00ebdije dhe me pasion t\u00eb s\u00ebmur\u00eb ndaj pushtetit dhe karrier\u00ebs. Pajtimi me ato vepra, \u00ebsht\u00eb krim. Injorimi i atyre veprave kriminale, \u00ebsht\u00eb pajtim me tradhtin\u00eb dhe ngat\u00ebrrim i normave morale.<\/p>\n<p>Nderimi i Zogut me nj\u00eb rrug\u00eb, flet edhe p\u00ebr Qeverin\u00eb e sotme shqiptare. Nuk mund t\u00eb nderohet Noli, Luigj Gurakuqi, Bajram Curri, Avni Rrustemi, Hasan Prishtina, e Ahmet Zogu, sepse k\u00ebta nuk mund t\u00eb futen n\u00eb nj\u00eb kall\u00ebp. Ose t\u00eb par\u00ebt jan\u00eb patriot, ose i dyti. Ose t\u00eb par\u00ebt jan\u00eb tradhtar\u00eb, ose i dyti. S\u00eb bashku nuk shkojn\u00eb. N\u00eb asnj\u00eb shtet t\u00eb bot\u00ebs nuk mund t\u00eb gjenden rrug\u00eb, ku bartin emra t\u00eb tradhtar\u00ebve. Propozimi p\u00ebr k\u00ebt\u00eb em\u00ebrtim, aprovimi i tij nga administrata e qytetit, flet p\u00ebr gjendjen ton\u00eb psikike. Flet p\u00ebr ata q\u00eb sundojn\u00eb sot vendin. P\u00ebr ata q\u00eb sundojn\u00eb, sepse k\u00ebta nuk qeverisin, por manipulojn\u00eb dhe dominojn\u00eb. Jo vet\u00ebm kjo, por d\u00ebshmon edhe p\u00ebr ata q\u00eb sh\u00ebtisin n\u00ebp\u00ebr k\u00ebt\u00eb rrug\u00eb dhe lexojn\u00eb p\u00ebr dit\u00eb emrin e atij, q\u00eb k\u00ebrkoi azil politik n\u00eb Jugosllavi dhe me kunatin e vet Ceno Kryeziun, sulmoi atdheun.<\/p>\n<p>Nj\u00eb vend q\u00eb nderon nj\u00eb personalitet t\u00eb till\u00eb negativ, nuk mund t\u00eb jet\u00eb normal, as nat\u00ebn e as dit\u00ebn, as kur \u00ebsht\u00eb duke fjetur, as kur \u00ebsht\u00eb i zgjuar. Ai popull \u00ebsht\u00eb n\u00eb vegjetim e sip\u00ebr. Aty ku nderohen nj\u00eblloj si patrioti, po ashtu edhe tradhtari, \u00ebsht\u00eb e pamoralshme t\u00eb flitet p\u00ebr norma morale. Apo p\u00ebr etik\u00eb n\u00eb politik\u00eb. T\u2019 i flas\u00ebsh n\u00eb nd\u00ebrgjegje atyre q\u00eb arsyetojn\u00eb nderimin e tradhtar\u00ebve, \u00ebsht\u00eb e nj\u00ebllojt\u00eb sikur t\u00eb shkohet n\u00eb sht\u00ebpi publike dhe t\u00eb thuhet kjo: \u201cZonja t\u00eb dashura, ju duhet t\u00eb b\u00ebni pun\u00eb tjet\u00ebr. Ajo q\u00eb b\u00ebni \u00ebsht\u00eb e pamoralshme\u2026\u201d Akoma pa p\u00ebrfunduar fjalimin, ato na gjuajn\u00eb me sytjena, brek\u00eb e \u00e7izme t\u00eb gjata. E pse sillen ato k\u00ebshtu?<\/p>\n<p>Ato preken n\u00eb sedr\u00ebn e tyre. Ato do ta quajn\u00eb pun\u00ebn e tyre t\u00eb moralshme dhe n\u00eb dobi t\u00eb kombit. Ato do t\u00eb thon\u00eb se duke ofruar sh\u00ebrbime horizontale, ndikojn\u00eb n\u00eb r\u00ebnien e dhunimeve seksuale. Se ato po sakrifikohen p\u00ebr t\u00eb mir\u00ebn e kombit, se e b\u00ebjn\u00eb k\u00ebt\u00eb vet\u00ebm p\u00ebr t\u00eb mir\u00ebn publike dhe p\u00ebr ruajtjen e paqes. Dhe, do t\u00eb thon\u00eb edhe k\u00ebt\u00eb: \u201cNe nuk jemi kurva, por kurva jan\u00eb ato q\u00eb e japin falas! ( Tradhtar\u00eb nuk jan\u00eb tradhtar\u00ebt, por patriot\u00ebt). E \u00e7ka nuk do t\u00eb thon\u00eb tjet\u00ebr grat\u00eb n\u00eb sht\u00ebpin\u00eb publike zoti doktor i shkencave p\u00ebr ta p\u00ebrligjur pun\u00ebn dhe veprat e tyre t\u00eb ndershme. Dhe, kur t\u00eb dalim jasht\u00eb, kuptojm\u00eb se me r\u00ebnien eventuale t\u00eb dhunimeve, ato v\u00ebrtet\u00ebn b\u00ebkan pun\u00eb t\u00eb moralshme, patriotike edhe at\u00eb, duke flijuar trupin?! Deliri. Vjen pastaj nj\u00eb politikan shqiptar\u00eb dhe i shpall\u00eb ato Mic Sokola!<\/p>\n<p>Pra, tradhtari n\u00eb politik\u00eb sakrifikohet p\u00ebr kombin, aq sa flijohet nj\u00eb grua e p\u00ebrdal\u00eb p\u00ebr atdheun, doktor!<\/p>\n<p>Ministri i Mbrojtjes n\u00eb Gjermani dha dor\u00ebheqje p\u00ebr plagjiatur\u00eb n\u00eb doktorat\u00ebn e tij. Politikani duhet t\u00eb jet\u00eb i padamkosur, thjesht i padamkosur dhe shembull i s\u00eb mir\u00ebs, i moralit dhe q\u00ebndrimit korrekt, jo shembull i maskarait, i hajnit, i tradhtarit dhe i vras\u00ebsit. Karl-Theodor zu Guttenberg u d\u00ebnua me nj\u00eb gjob\u00eb prej 20.000 \u20ac, q\u00eb duhet t\u2019 ia fal\u00eb nj\u00eb organizate q\u00eb lufton kancerin tek f\u00ebmij\u00ebt, edhe at\u00eb p\u00ebr 23 pasazhe t\u00eb vjedhur, ku kishte cenuar t\u00eb drejt\u00ebn e autorit. \u00c7far\u00eb d\u00ebnimi ka paguar Zogu p\u00ebr pu\u00e7in, vrasjen e qindra vetave, cenimin e integritetit t\u00eb vendit, dezertimin, vjedhjen e ark\u00ebs dhe bashk\u00ebpunimin me vendin q\u00eb kishte pushtuar gjysm\u00ebn e territoreve shqiptare?<\/p>\n<p>Politikani q\u00eb ka nj\u00eb episod negativ n\u00eb jet\u00ebn e vet, ku shquhet tradhtia, vrasja, vjedhja, nuk mund t\u00eb jet\u00eb sh\u00ebmb\u00eblltyr\u00eb p\u00ebr kombin. Kur nj\u00eb politikan vret vet\u00ebm nj\u00eb njeri padrejt\u00ebsisht, ai \u00ebsht\u00eb vras\u00ebs, kriminel, edhe n\u00ebse nes\u00ebr b\u00ebhet doktor i shkencave. Nj\u00eb njeri \u00ebsht\u00eb tradhtar, edhe n\u00ebse fal nj\u00eb met\u00ebr t\u00eb atdheut pa pajtimin e tij, edhe n\u00ebse nes\u00ebr b\u00ebhet kryetar apo kryeminist\u00ebr. Nj\u00eb njeri \u00ebsht\u00eb dezertor, edhe n\u00ebse \u00ebsht\u00eb mbret. Historia as nuk guxon t\u2019 i harroj\u00eb veprat negative, as t\u2019 i zbukuroj\u00eb ato, sepse kjo neglizhenc\u00eb, prodhon tradhtar\u00eb t\u00eb rinj n\u00eb pushtet. Si\u00e7 kemi edhe sot\u2026<\/p>\n<p>K\u00ebto ishin arsyet e mia mik i dashur dhe m\u00eb habit edhe nj\u00eb: Pse adhurojm\u00eb personalitete q\u00eb d\u00ebmtojn\u00eb Shqip\u00ebrin\u00eb? \u00cbsht\u00eb n\u00eb pyetje injoranca jon\u00eb e madhe, oportunizmi, paaft\u00ebsia e ndarjes s\u00eb patriotit nga tradhtari apo patriotizmi folklorik apo parap\u00eblqejm\u00eb despotizmin rural? Apo pse ne gjykojm\u00eb k\u00ebshtu: \u201cGjarpri q\u00eb nuk m\u00eb pickon mua, jetoft\u00eb 100 vjet!\u201d Un\u00eb mendoj se kjo e fundit vlen p\u00ebr ne, por edhe p\u00ebr nj\u00eb arsye: neve na p\u00eblqejn\u00eb krenarit\u00eb boshe dhe t\u00eb rrejshme. Neve na p\u00eblqen ta g\u00ebnjejm\u00eb veten, injorojm\u00eb aq shum\u00eb vepra penale, sepse na eksiton iluzioni se duke pasur mbret, b\u00ebhemi disi anglez, prandaj aleluja p\u00ebr at\u00eb gjarp\u00ebr. Ai nuk na ka helmuar neve, por t\u00eb tjer\u00ebt\u2026<\/p>\n<p>Faktet e num\u00ebruara, nuk jan\u00eb gjykim komunist i historis\u00eb, por tradhtia \u00ebsht\u00eb tradhti, edhe n\u00eb feudaliz\u00ebm, edhe n\u00eb monarki, edhe n\u00eb komuniz\u00ebm, edhe n\u00eb demokraci dhe edhe aty ku jetohet akoma n\u00eb struktura fisnore dhe ku nuk ekziston nj\u00eb ngrehin\u00eb qeveris\u00ebse si shteti. Kur Gjermania fashiste sulmoi monarkit\u00eb tjera n\u00eb Europ\u00eb, asnj\u00eb monark nuk dezertoi. Arsyetimin e tij se nuk kishte armatim p\u00ebr rezistenc\u00eb, e rr\u00ebzoi pasuesi i tij, diktatori Enver Hoxha.<\/p>\n<p>N\u00ebse nx\u00ebn\u00ebsit tan\u00eb m\u00ebsojn\u00eb n\u00eb shkoll\u00eb se Zogu ishte i mir\u00eb, e jo si\u00e7 e meriton n\u00eb baz\u00eb t\u00eb veprave t\u00eb veta, at\u00ebher\u00eb ne nuk kemi historian, por njer\u00ebz q\u00eb shkruajn\u00eb p\u00ebrralla, ku edhe tradhtari glorifikohet. Me libra t\u00eb till\u00eb, edhe n\u00eb 100 vitet e ardhshme do t\u00eb prodhojm\u00eb vet\u00ebm tradhtar n\u00eb krye t\u00eb qeverive, sepse ne nuk jemi n\u00eb gjendje t\u00eb dallojm\u00eb me mes tradhtis\u00eb dhe patriotizmi, ne mes dit\u00ebs dhe nat\u00ebs, moralit dhe pamoralit, Sht\u00ebpis\u00eb Publike dhe Qeveris\u00eb. Ja pse politikan\u00ebt tan\u00eb i ngjajn\u00eb shum\u00eb plehut. Mund t\u00eb ket\u00eb dobi an\u00ebsore, por askush nuk duhet ta duroj\u00eb n\u00eb sht\u00ebpi. Ali Podrimja n\u00eb poezin\u00eb e tij \u201cTi dhe dielli\u201d thot\u00eb: \u201cMe Plehun mos u pajto: nxirre n\u00eb gjysm\u00eb t\u00eb nat\u00ebs, n\u00eb pik\u00eb t\u00eb vap\u00ebs..!\u201d Ne mir\u00ebpo kemi nj\u00eb shprehi t\u00eb keqe. Ne i mbyllim hund\u00ebt dhe shtiremi se nuk po e shohim dhe bashk\u00ebjetojm\u00eb me t\u00eb.<\/p>\n<p>Summa summarum: Kush ishte Ahmet Zogu? Ai ishte karrierist\u00eb i paskrupullt, tradhtar, dezertor, vras\u00ebs, hajn, cop\u00ebtues i vendit dhe punoi vet\u00ebm p\u00ebr veten. Vendimi i gjykat\u00ebs jo n\u00eb em\u00ebr t\u00eb popullit, sepse populli nuk brengoset shum\u00eb p\u00ebr k\u00ebt\u00eb, por n\u00eb em\u00ebr t\u00eb drejt\u00ebsis\u00eb: pes\u00eb her\u00eb burg i p\u00ebrjetsh\u00ebm! Po e v\u00ebrteta? Ai shp\u00ebrblehet. N\u00eb Tiran\u00eb ka nj\u00eb rrug\u00eb q\u00eb quhet \u201cRruga e Ahmet Zogut!\u201d<\/p>\n<p>Ky v\u00ebshtrim u nis\u00eb me Bertolt Brecht dhe ta mbyllim me gjykimin e tij: \u201c Kush nuk e din t\u00eb v\u00ebrtet\u00ebn, \u00ebsht\u00eb njeri torollak. Mir\u00ebpo, kush e din k\u00ebt\u00eb, por e quan g\u00ebnjesht\u00ebr, ai \u00ebsht\u00eb kriminel!\u201d Q\u00ebndrimi jon\u00eb injorues dhe p\u00ebrk\u00ebdhel\u00ebs ndaj plehut, ka ndihmuar n\u00eb prodhimin e diktatorit, pastaj edhe t\u00eb despotit\u2026mir\u00ebpo kush ishte Enver Hoxha? K\u00ebt\u00eb lexoni her\u00ebn tjet\u00ebr tek Shekulli.<\/p>\n","protected":false},"excerpt":{"rendered":"<p>Naser Aliu Mik i dashur, Bertolt Brecht shkruante:\u201c Gjith\u00eb pushteti buron nga populli \u2013 por ku shkon ai?\u201d dreqi ta haj\u00eb. Tek ne pushteti shkon nga edhe ka ardhur. Her\u00eb n\u00eb Beograd, her\u00eb n\u00eb Athin\u00eb, her\u00eb n\u00eb Rom\u00eb, s\u00eb fundi edhe n\u00eb Ankara. Krejt varet se cila qend\u00ebr na e gozhdon n\u00eb karrige nj\u00eb politikan. [&hellip;]<\/p>\n","protected":false},"author":1,"featured_media":0,"comment_status":"open","ping_status":"closed","sticky":false,"template":"","format":"standard","meta":{"footnotes":""},"categories":[2],"tags":[],"class_list":{"0":"post-382","1":"post","2":"type-post","3":"status-publish","4":"format-standard","6":"category-artikuj"},"yoast_head":"<!-- This site is optimized with the Yoast SEO plugin v27.4 - https:\/\/yoast.com\/product\/yoast-seo-wordpress\/ -->\n<title>A ishte Zogu mbret? - FjALA e LIR\u00cb - Arkivi<\/title>\n<meta name=\"robots\" content=\"index, follow, max-snippet:-1, max-image-preview:large, max-video-preview:-1\" \/>\n<link rel=\"canonical\" href=\"https:\/\/fjala.info\/2009-2015\/a-ishte-zogu-mbret\/\" \/>\n<meta property=\"og:locale\" content=\"sq_AL\" \/>\n<meta property=\"og:type\" content=\"article\" \/>\n<meta property=\"og:title\" content=\"A ishte Zogu mbret? - FjALA e LIR\u00cb - Arkivi\" \/>\n<meta property=\"og:description\" content=\"Naser Aliu Mik i dashur, Bertolt Brecht shkruante:\u201c Gjith\u00eb pushteti buron nga populli \u2013 por ku shkon ai?\u201d dreqi ta haj\u00eb. Tek ne pushteti shkon nga edhe ka ardhur. Her\u00eb n\u00eb Beograd, her\u00eb n\u00eb Athin\u00eb, her\u00eb n\u00eb Rom\u00eb, s\u00eb fundi edhe n\u00eb Ankara. Krejt varet se cila qend\u00ebr na e gozhdon n\u00eb karrige nj\u00eb politikan. [&hellip;]\" \/>\n<meta property=\"og:url\" content=\"https:\/\/fjala.info\/2009-2015\/a-ishte-zogu-mbret\/\" \/>\n<meta property=\"og:site_name\" content=\"FjALA e LIR\u00cb - Arkivi\" \/>\n<meta property=\"article:published_time\" content=\"2011-11-28T22:52:28+00:00\" \/>\n<meta property=\"og:image\" content=\"http:\/\/www.shkoder.net\/images\/fjala\/naser_aliu.jpg\" \/>\n<meta name=\"author\" content=\"admin\" \/>\n<meta name=\"twitter:card\" content=\"summary_large_image\" \/>\n<meta name=\"twitter:label1\" content=\"Written by\" \/>\n\t<meta name=\"twitter:data1\" content=\"admin\" \/>\n\t<meta name=\"twitter:label2\" content=\"Est. reading time\" \/>\n\t<meta name=\"twitter:data2\" content=\"14 minutes\" \/>\n<script type=\"application\/ld+json\" class=\"yoast-schema-graph\">{\"@context\":\"https:\\\/\\\/schema.org\",\"@graph\":[{\"@type\":\"Article\",\"@id\":\"https:\\\/\\\/fjala.info\\\/2009-2015\\\/a-ishte-zogu-mbret\\\/#article\",\"isPartOf\":{\"@id\":\"https:\\\/\\\/fjala.info\\\/2009-2015\\\/a-ishte-zogu-mbret\\\/\"},\"author\":{\"name\":\"admin\",\"@id\":\"https:\\\/\\\/fjala.info\\\/2009-2015\\\/#\\\/schema\\\/person\\\/3aa1163ef05469c496fc94e77611ada2\"},\"headline\":\"A ishte Zogu mbret?\",\"datePublished\":\"2011-11-28T22:52:28+00:00\",\"mainEntityOfPage\":{\"@id\":\"https:\\\/\\\/fjala.info\\\/2009-2015\\\/a-ishte-zogu-mbret\\\/\"},\"wordCount\":2791,\"commentCount\":0,\"publisher\":{\"@id\":\"https:\\\/\\\/fjala.info\\\/2009-2015\\\/#organization\"},\"image\":{\"@id\":\"https:\\\/\\\/fjala.info\\\/2009-2015\\\/a-ishte-zogu-mbret\\\/#primaryimage\"},\"thumbnailUrl\":\"http:\\\/\\\/www.shkoder.net\\\/images\\\/fjala\\\/naser_aliu.jpg\",\"articleSection\":[\"Artikuj\"],\"inLanguage\":\"sq-AL\",\"potentialAction\":[{\"@type\":\"CommentAction\",\"name\":\"Comment\",\"target\":[\"https:\\\/\\\/fjala.info\\\/2009-2015\\\/a-ishte-zogu-mbret\\\/#respond\"]}]},{\"@type\":\"WebPage\",\"@id\":\"https:\\\/\\\/fjala.info\\\/2009-2015\\\/a-ishte-zogu-mbret\\\/\",\"url\":\"https:\\\/\\\/fjala.info\\\/2009-2015\\\/a-ishte-zogu-mbret\\\/\",\"name\":\"A ishte Zogu mbret? - FjALA e LIR\u00cb - Arkivi\",\"isPartOf\":{\"@id\":\"https:\\\/\\\/fjala.info\\\/2009-2015\\\/#website\"},\"primaryImageOfPage\":{\"@id\":\"https:\\\/\\\/fjala.info\\\/2009-2015\\\/a-ishte-zogu-mbret\\\/#primaryimage\"},\"image\":{\"@id\":\"https:\\\/\\\/fjala.info\\\/2009-2015\\\/a-ishte-zogu-mbret\\\/#primaryimage\"},\"thumbnailUrl\":\"http:\\\/\\\/www.shkoder.net\\\/images\\\/fjala\\\/naser_aliu.jpg\",\"datePublished\":\"2011-11-28T22:52:28+00:00\",\"breadcrumb\":{\"@id\":\"https:\\\/\\\/fjala.info\\\/2009-2015\\\/a-ishte-zogu-mbret\\\/#breadcrumb\"},\"inLanguage\":\"sq-AL\",\"potentialAction\":[{\"@type\":\"ReadAction\",\"target\":[\"https:\\\/\\\/fjala.info\\\/2009-2015\\\/a-ishte-zogu-mbret\\\/\"]}]},{\"@type\":\"ImageObject\",\"inLanguage\":\"sq-AL\",\"@id\":\"https:\\\/\\\/fjala.info\\\/2009-2015\\\/a-ishte-zogu-mbret\\\/#primaryimage\",\"url\":\"http:\\\/\\\/www.shkoder.net\\\/images\\\/fjala\\\/naser_aliu.jpg\",\"contentUrl\":\"http:\\\/\\\/www.shkoder.net\\\/images\\\/fjala\\\/naser_aliu.jpg\"},{\"@type\":\"BreadcrumbList\",\"@id\":\"https:\\\/\\\/fjala.info\\\/2009-2015\\\/a-ishte-zogu-mbret\\\/#breadcrumb\",\"itemListElement\":[{\"@type\":\"ListItem\",\"position\":1,\"name\":\"Home\",\"item\":\"https:\\\/\\\/fjala.info\\\/2009-2015\\\/\"},{\"@type\":\"ListItem\",\"position\":2,\"name\":\"A ishte Zogu mbret?\"}]},{\"@type\":\"WebSite\",\"@id\":\"https:\\\/\\\/fjala.info\\\/2009-2015\\\/#website\",\"url\":\"https:\\\/\\\/fjala.info\\\/2009-2015\\\/\",\"name\":\"FjALA e LIR\u00cb - Arkivi\",\"description\":\"Arkivi 2009-2015\",\"publisher\":{\"@id\":\"https:\\\/\\\/fjala.info\\\/2009-2015\\\/#organization\"},\"potentialAction\":[{\"@type\":\"SearchAction\",\"target\":{\"@type\":\"EntryPoint\",\"urlTemplate\":\"https:\\\/\\\/fjala.info\\\/2009-2015\\\/?s={search_term_string}\"},\"query-input\":{\"@type\":\"PropertyValueSpecification\",\"valueRequired\":true,\"valueName\":\"search_term_string\"}}],\"inLanguage\":\"sq-AL\"},{\"@type\":\"Organization\",\"@id\":\"https:\\\/\\\/fjala.info\\\/2009-2015\\\/#organization\",\"name\":\"FjALA e LIR\u00cb - Arkivi\",\"url\":\"https:\\\/\\\/fjala.info\\\/2009-2015\\\/\",\"logo\":{\"@type\":\"ImageObject\",\"inLanguage\":\"sq-AL\",\"@id\":\"https:\\\/\\\/fjala.info\\\/2009-2015\\\/#\\\/schema\\\/logo\\\/image\\\/\",\"url\":\"\",\"contentUrl\":\"\",\"caption\":\"FjALA e LIR\u00cb - Arkivi\"},\"image\":{\"@id\":\"https:\\\/\\\/fjala.info\\\/2009-2015\\\/#\\\/schema\\\/logo\\\/image\\\/\"}},{\"@type\":\"Person\",\"@id\":\"https:\\\/\\\/fjala.info\\\/2009-2015\\\/#\\\/schema\\\/person\\\/3aa1163ef05469c496fc94e77611ada2\",\"name\":\"admin\",\"image\":{\"@type\":\"ImageObject\",\"inLanguage\":\"sq-AL\",\"@id\":\"https:\\\/\\\/fjala.info\\\/2009-2015\\\/wp-content\\\/uploads\\\/2012\\\/02\\\/arben_cokaj-120x150.jpg\",\"url\":\"https:\\\/\\\/fjala.info\\\/2009-2015\\\/wp-content\\\/uploads\\\/2012\\\/02\\\/arben_cokaj-120x150.jpg\",\"contentUrl\":\"https:\\\/\\\/fjala.info\\\/2009-2015\\\/wp-content\\\/uploads\\\/2012\\\/02\\\/arben_cokaj-120x150.jpg\",\"caption\":\"admin\"},\"description\":\"Admin, Fjala e Lir\u00eb\",\"sameAs\":[\"https:\\\/\\\/fjala.info\\\/\"],\"url\":\"https:\\\/\\\/fjala.info\\\/2009-2015\\\/author\\\/admin\\\/\"}]}<\/script>\n<!-- \/ Yoast SEO plugin. -->","yoast_head_json":{"title":"A ishte Zogu mbret? - FjALA e LIR\u00cb - Arkivi","robots":{"index":"index","follow":"follow","max-snippet":"max-snippet:-1","max-image-preview":"max-image-preview:large","max-video-preview":"max-video-preview:-1"},"canonical":"https:\/\/fjala.info\/2009-2015\/a-ishte-zogu-mbret\/","og_locale":"sq_AL","og_type":"article","og_title":"A ishte Zogu mbret? - FjALA e LIR\u00cb - Arkivi","og_description":"Naser Aliu Mik i dashur, Bertolt Brecht shkruante:\u201c Gjith\u00eb pushteti buron nga populli \u2013 por ku shkon ai?\u201d dreqi ta haj\u00eb. Tek ne pushteti shkon nga edhe ka ardhur. Her\u00eb n\u00eb Beograd, her\u00eb n\u00eb Athin\u00eb, her\u00eb n\u00eb Rom\u00eb, s\u00eb fundi edhe n\u00eb Ankara. Krejt varet se cila qend\u00ebr na e gozhdon n\u00eb karrige nj\u00eb politikan. [&hellip;]","og_url":"https:\/\/fjala.info\/2009-2015\/a-ishte-zogu-mbret\/","og_site_name":"FjALA e LIR\u00cb - Arkivi","article_published_time":"2011-11-28T22:52:28+00:00","og_image":[{"url":"http:\/\/www.shkoder.net\/images\/fjala\/naser_aliu.jpg","type":"","width":"","height":""}],"author":"admin","twitter_card":"summary_large_image","twitter_misc":{"Written by":"admin","Est. reading time":"14 minutes"},"schema":{"@context":"https:\/\/schema.org","@graph":[{"@type":"Article","@id":"https:\/\/fjala.info\/2009-2015\/a-ishte-zogu-mbret\/#article","isPartOf":{"@id":"https:\/\/fjala.info\/2009-2015\/a-ishte-zogu-mbret\/"},"author":{"name":"admin","@id":"https:\/\/fjala.info\/2009-2015\/#\/schema\/person\/3aa1163ef05469c496fc94e77611ada2"},"headline":"A ishte Zogu mbret?","datePublished":"2011-11-28T22:52:28+00:00","mainEntityOfPage":{"@id":"https:\/\/fjala.info\/2009-2015\/a-ishte-zogu-mbret\/"},"wordCount":2791,"commentCount":0,"publisher":{"@id":"https:\/\/fjala.info\/2009-2015\/#organization"},"image":{"@id":"https:\/\/fjala.info\/2009-2015\/a-ishte-zogu-mbret\/#primaryimage"},"thumbnailUrl":"http:\/\/www.shkoder.net\/images\/fjala\/naser_aliu.jpg","articleSection":["Artikuj"],"inLanguage":"sq-AL","potentialAction":[{"@type":"CommentAction","name":"Comment","target":["https:\/\/fjala.info\/2009-2015\/a-ishte-zogu-mbret\/#respond"]}]},{"@type":"WebPage","@id":"https:\/\/fjala.info\/2009-2015\/a-ishte-zogu-mbret\/","url":"https:\/\/fjala.info\/2009-2015\/a-ishte-zogu-mbret\/","name":"A ishte Zogu mbret? - FjALA e LIR\u00cb - Arkivi","isPartOf":{"@id":"https:\/\/fjala.info\/2009-2015\/#website"},"primaryImageOfPage":{"@id":"https:\/\/fjala.info\/2009-2015\/a-ishte-zogu-mbret\/#primaryimage"},"image":{"@id":"https:\/\/fjala.info\/2009-2015\/a-ishte-zogu-mbret\/#primaryimage"},"thumbnailUrl":"http:\/\/www.shkoder.net\/images\/fjala\/naser_aliu.jpg","datePublished":"2011-11-28T22:52:28+00:00","breadcrumb":{"@id":"https:\/\/fjala.info\/2009-2015\/a-ishte-zogu-mbret\/#breadcrumb"},"inLanguage":"sq-AL","potentialAction":[{"@type":"ReadAction","target":["https:\/\/fjala.info\/2009-2015\/a-ishte-zogu-mbret\/"]}]},{"@type":"ImageObject","inLanguage":"sq-AL","@id":"https:\/\/fjala.info\/2009-2015\/a-ishte-zogu-mbret\/#primaryimage","url":"http:\/\/www.shkoder.net\/images\/fjala\/naser_aliu.jpg","contentUrl":"http:\/\/www.shkoder.net\/images\/fjala\/naser_aliu.jpg"},{"@type":"BreadcrumbList","@id":"https:\/\/fjala.info\/2009-2015\/a-ishte-zogu-mbret\/#breadcrumb","itemListElement":[{"@type":"ListItem","position":1,"name":"Home","item":"https:\/\/fjala.info\/2009-2015\/"},{"@type":"ListItem","position":2,"name":"A ishte Zogu mbret?"}]},{"@type":"WebSite","@id":"https:\/\/fjala.info\/2009-2015\/#website","url":"https:\/\/fjala.info\/2009-2015\/","name":"FjALA e LIR\u00cb - Arkivi","description":"Arkivi 2009-2015","publisher":{"@id":"https:\/\/fjala.info\/2009-2015\/#organization"},"potentialAction":[{"@type":"SearchAction","target":{"@type":"EntryPoint","urlTemplate":"https:\/\/fjala.info\/2009-2015\/?s={search_term_string}"},"query-input":{"@type":"PropertyValueSpecification","valueRequired":true,"valueName":"search_term_string"}}],"inLanguage":"sq-AL"},{"@type":"Organization","@id":"https:\/\/fjala.info\/2009-2015\/#organization","name":"FjALA e LIR\u00cb - Arkivi","url":"https:\/\/fjala.info\/2009-2015\/","logo":{"@type":"ImageObject","inLanguage":"sq-AL","@id":"https:\/\/fjala.info\/2009-2015\/#\/schema\/logo\/image\/","url":"","contentUrl":"","caption":"FjALA e LIR\u00cb - Arkivi"},"image":{"@id":"https:\/\/fjala.info\/2009-2015\/#\/schema\/logo\/image\/"}},{"@type":"Person","@id":"https:\/\/fjala.info\/2009-2015\/#\/schema\/person\/3aa1163ef05469c496fc94e77611ada2","name":"admin","image":{"@type":"ImageObject","inLanguage":"sq-AL","@id":"https:\/\/fjala.info\/2009-2015\/wp-content\/uploads\/2012\/02\/arben_cokaj-120x150.jpg","url":"https:\/\/fjala.info\/2009-2015\/wp-content\/uploads\/2012\/02\/arben_cokaj-120x150.jpg","contentUrl":"https:\/\/fjala.info\/2009-2015\/wp-content\/uploads\/2012\/02\/arben_cokaj-120x150.jpg","caption":"admin"},"description":"Admin, Fjala e Lir\u00eb","sameAs":["https:\/\/fjala.info\/"],"url":"https:\/\/fjala.info\/2009-2015\/author\/admin\/"}]}},"_links":{"self":[{"href":"https:\/\/fjala.info\/2009-2015\/wp-json\/wp\/v2\/posts\/382","targetHints":{"allow":["GET"]}}],"collection":[{"href":"https:\/\/fjala.info\/2009-2015\/wp-json\/wp\/v2\/posts"}],"about":[{"href":"https:\/\/fjala.info\/2009-2015\/wp-json\/wp\/v2\/types\/post"}],"author":[{"embeddable":true,"href":"https:\/\/fjala.info\/2009-2015\/wp-json\/wp\/v2\/users\/1"}],"replies":[{"embeddable":true,"href":"https:\/\/fjala.info\/2009-2015\/wp-json\/wp\/v2\/comments?post=382"}],"version-history":[{"count":0,"href":"https:\/\/fjala.info\/2009-2015\/wp-json\/wp\/v2\/posts\/382\/revisions"}],"wp:attachment":[{"href":"https:\/\/fjala.info\/2009-2015\/wp-json\/wp\/v2\/media?parent=382"}],"wp:term":[{"taxonomy":"category","embeddable":true,"href":"https:\/\/fjala.info\/2009-2015\/wp-json\/wp\/v2\/categories?post=382"},{"taxonomy":"post_tag","embeddable":true,"href":"https:\/\/fjala.info\/2009-2015\/wp-json\/wp\/v2\/tags?post=382"}],"curies":[{"name":"wp","href":"https:\/\/api.w.org\/{rel}","templated":true}]}}