{"id":3813,"date":"2010-08-22T13:12:41","date_gmt":"2010-08-22T12:12:41","guid":{"rendered":"http:\/\/fjala.shkoder.net\/?p=3813"},"modified":"2010-08-22T13:12:41","modified_gmt":"2010-08-22T12:12:41","slug":"pd-vokshi-njeriu-qe-bashkejetoj-ka-bere-biznes-me-tan-lepurin","status":"publish","type":"post","link":"https:\/\/fjala.info\/2009-2015\/pd-vokshi-njeriu-qe-bashkejetoj-ka-bere-biznes-me-tan-lepurin\/","title":{"rendered":"PD, Vokshi: Njeriu q\u00eb bashk\u00ebjetoj, ka b\u00ebr\u00eb biznes me &#8216;Tan Lepurin&#8217;"},"content":{"rendered":"<p><img loading=\"lazy\" decoding=\"async\" class=\"alignright size-medium wp-image-3814\" title=\"Albana Vokshi\" src=\"http:\/\/fjala.shkoder.net\/wp-content\/uploads\/2010\/08\/albana_vokshi1-300x189.jpg\" alt=\"\" width=\"300\" height=\"189\" \/><\/p>\n<p><strong>Shekulli Online<\/strong>, <em>22.08.2010<\/em><\/p>\n<p>TIRAN\u00cb &#8211; Deputetja e Partis\u00eb Demokratike, Albana Vokshi, paraqiti dje p\u00ebrpara mediave nj\u00eb kontrat\u00eb bashk\u00ebpunimi midis bashk\u00ebjetuesit t\u00eb saj Arian Tartari, biznesmenit Dritan Avllaj, i njohur ndryshe si &#8220;Tan Lepri&#8221; dhe tre biznesmen\u00ebve t\u00eb tjer\u00eb. N\u00eb k\u00ebt\u00eb kontrat\u00eb tregohet se 20% t\u00eb aksioneve t\u00eb nj\u00eb kompanie i kalojn\u00eb zotit Avllaj n\u00eb shk\u00ebmbim t\u00eb nd\u00ebrtimit t\u00eb nj\u00eb godine n\u00eb ambientet e nj\u00eb trualli. Mbi k\u00ebt\u00eb bashk\u00ebpunim, zyrtarja demokrate ka ngritur akuz\u00ebn se 20% t\u00eb aksioneve jan\u00eb nj\u00eb form\u00eb ryshfeti p\u00ebr kryetarin e Bashkis\u00eb s\u00eb Tiran\u00ebs, Edi Rama.<\/p>\n<p>Nga ana tjet\u00ebr, burime nga bashkia e kryeqytetit b\u00ebjn\u00eb t\u00eb ditur se n\u00eb k\u00ebt\u00eb institucion as \u00ebsht\u00eb aplikuar dhe as \u00ebsht\u00eb dh\u00ebn\u00eb ndonj\u00eb leje nd\u00ebrtimi p\u00ebr k\u00ebt\u00eb pron\u00eb. Pasi kan\u00eb shqyrtuar t\u00eb gjith\u00eb dokumentacionin q\u00eb ndodhet n\u00eb bashki, zyrtar\u00ebt e k\u00ebtij institucioni pohuan se b\u00ebhet fjal\u00eb p\u00ebr nj\u00eb marr\u00ebveshje mes dy personave (n\u00eb rastin konkret Tartarit dhe Avllajt) q\u00eb nuk ka asnj\u00eb lloj lidhje me Bashkin\u00eb e Tiran\u00ebs.<\/p>\n<p>Por deputetja Vokshi ka insistuar se babai i f\u00ebmij\u00ebs s\u00eb saj ka dh\u00ebn\u00eb 100 milion\u00eb euro ryshfet p\u00ebr nj\u00eb leje nd\u00ebrtimi. &#8220;Kam k\u00ebtu dokumentin, ku kompania &#8220;Vizion Construction&#8221;, \u00ebsht\u00eb detyruar, t\u00eb fus\u00eb aksioner me 20 % mikun e Edvin Ram\u00ebs, Dritan Avllaj, i njohur si Tan Lepri, n\u00eb k\u00ebmbim t\u00eb dh\u00ebnies s\u00eb lejes s\u00eb nd\u00ebrtimit k\u00ebsaj kompanie. Dhe ky 20% vlen jo m\u00eb pak se 100 milion\u00eb EURO. Mendoni vet\u00ebm p\u00ebr nj\u00eb \u00e7ast sa leje nd\u00ebrtimi ka dh\u00ebn\u00eb Rama n\u00eb tre mandatet e tij si kryetar Bashkie? Sa 20% ka marr\u00eb nga k\u00ebto leje nd\u00ebrtimi q\u00eb b\u00ebjn\u00eb nj\u00eb pasuri t\u00eb t\u00ebr\u00eb prej qindra milion\u00eb dollar\u00ebsh, e padeklaruar prej tij&#8221;, ngriti pretendimin Albana Vokshi.<\/p>\n<p>Por, nga ana tjet\u00ebr, pohimi i zonj\u00ebs Vokshi hedh dyshime edhe p\u00ebr pasurin\u00eb e v\u00ebrtet\u00eb t\u00eb Arian Tartarit, p\u00ebr t\u00eb cilin vet\u00ebm nj\u00eb kompani vlen 500 milion\u00eb euro, nd\u00ebrsa dihet se ai ka t\u00eb pakt\u00ebn kat\u00ebr t\u00eb tilla. Megjith\u00ebse ende nuk \u00ebsht\u00eb p\u00ebrgjigjur ndaj akuzave t\u00eb socialist\u00ebve, deputetja demokrate i k\u00ebrkoi kryesocialistit arsyen se pse hesht n\u00eb lidhjen e akuzat p\u00ebr lidhjen e tij me Dritan Avllajn. Ajo pyeti Ram\u00ebn se pse nuk sqaron publikisht \u00e7far\u00eb interesash e lidhin me k\u00ebt\u00eb person dhe sa 20% ka p\u00ebrfituar n\u00ebn em\u00ebr t\u00eb tij.<\/p>\n<p>&#8220;Ky, \u00ebsht\u00eb vet\u00ebm dokumenti i par\u00eb, n\u00eb dit\u00ebt n\u00eb vijim, do t\u00eb d\u00ebshmoj fakte t\u00eb tjera reale p\u00ebr aferat e paimagjinueshme korruptive t\u00eb Edvin Kristaq Ram\u00ebs, t\u00eb personave q\u00eb me t\u00eb e lidhin interesa marramend\u00ebse financiare, si dhe p\u00ebr t\u00eb t\u00ebr\u00eb papagajt\u00eb e tij q\u00eb kan\u00eb folur p\u00ebr m\u00eb shum\u00eb se tre jav\u00eb, duke shpifur e trilluar p\u00ebr mua&#8221;, paralajm\u00ebroi deputetja e grupit Parlamentar Demokrat, Albana Vokshi. Nd\u00ebrsa komentonte n\u00eb daljen e djeshme p\u00ebr mediat jet\u00ebn politike t\u00eb kryesocialistit, zyrtarja demokrate tha se Rama i shqet\u00ebsuar nga bumi turistik i muajve t\u00eb fundit, u b\u00eb qesharak edhe me ato q\u00eb fliste e q\u00eb s&#8217;i kuptonte as vet\u00eb, p\u00ebr rritje ekonomike pa rritje ekonomike apo p\u00ebr borxhe publike mbi 100%, p\u00ebr r\u00ebnie t\u00eb t\u00eb ardhurave tatimore kur e v\u00ebrteta, e pranuar nga t\u00eb gjith\u00eb organizmat e specializuar nd\u00ebrkomb\u00ebtar\u00eb \u00ebsht\u00eb krejt ndryshe.<\/p>\n<p><em>Socialist\u00ebt<\/em>:<br \/>\n<strong>Transparenca e b\u00ebmave tuaja sapo ka filluar<\/strong><\/p>\n<p>TIRAN\u00cb &#8211; Partia Socialiste reagoi dje ndaj akuzave t\u00eb deputetes demokrate, duke i vler\u00ebsuar si t\u00eb vajtueshme, nd\u00ebrkoh\u00eb q\u00eb opozita akuzon p\u00ebr kontrata shum\u00ebmilion\u00ebshe, n\u00eb konflikt t\u00eb hapur interesi mes pushtetar\u00ebve dhe familjar\u00ebve t\u00eb oborrit t\u00eb pushtetit, n\u00eb kurriz e d\u00ebm t\u00eb popullit shqiptar, zonja deputete flet p\u00ebr\u00e7art p\u00ebr njer\u00ebz t\u00eb njohur t\u00eb Edi Ram\u00ebs q\u00eb paskan lidhur privatisht kontrat\u00eb me shokun e saj t\u00eb jet\u00ebs. N\u00eb nj\u00eb deklarat\u00eb p\u00ebr shtyp, deputetja socialiste Eglantina Gjermeni, tha se n\u00eb Shqip\u00ebri ka qindra-mij\u00ebra kontrata mes personash fizik\u00eb dhe Partia Socialiste nuk \u00ebsht\u00eb kund\u00ebr t\u00eb drejt\u00ebs kushtetuese e ligjore t\u00eb asnj\u00eb individi p\u00ebr t\u00eb b\u00ebr\u00eb biznes. &#8220;Ne nuk jemi kund\u00ebr zonj\u00ebs Vokshi dhe nuk e akuzojm\u00eb shokun e saj t\u00eb jet\u00ebs apo qoft\u00eb edhe djalin e Sali Berish\u00ebs thjesht pse merren me biznes.<\/p>\n<p>Jo. Ne i akuzojm\u00eb k\u00ebta pushtetar\u00eb q\u00eb p\u00ebrmes abuzimit me fuqin\u00eb e pushtetit t\u00eb qytetar\u00ebve po pasurojn\u00eb familjet e farefisin e tyre, duke grabitur Shqip\u00ebrin\u00eb dhe varf\u00ebruar shqiptar\u00ebt. Merreni me durim zonja e zot\u00ebrinj, transparenca e b\u00ebmave tuaja t\u00eb turpshme sapo ka filluar&#8221;, theksoi zyrtarja e PS.<\/p>\n<p><em>REAGIMI<\/em><br \/>\n<strong>Bashkia p\u00ebr Vokshin: Hajduti b\u00ebrtet, kapni hajdutin<\/strong><\/p>\n<p>TIRAN\u00cb &#8211; N\u00eb p\u00ebrgjigje t\u00eb akuzave t\u00eb deputetes Vokshi, reagoi dhe Bashkia e Tiran\u00ebs, duke th\u00ebn\u00eb se pushtetar\u00ebt q\u00eb kan\u00eb akuzuar gjat\u00eb k\u00ebtij viti bashkin\u00eb, t\u00eb cil\u00ebve u shtohet edhe deputetja demokrate, jan\u00eb n\u00eb nj\u00eb list\u00eb padish penale e civile q\u00eb ne kemi depozituar p\u00ebr k\u00ebto shpifje t\u00eb ul\u00ebta. &#8220;Hajduti b\u00ebrtet, kapni hajdutin&#8221;, thot\u00eb populli, nd\u00ebrkoh\u00eb q\u00eb ky popull \u00ebsht\u00eb p\u00ebrdit\u00eb e m\u00eb syhapur p\u00ebr t\u00eb par\u00eb at\u00eb q\u00eb fshihet pas akuzave bajate q\u00eb t\u00eb akuzuarit n\u00eb pushtet ngren\u00eb ndaj Bashkis\u00eb s\u00eb Tiran\u00ebs, sa her\u00eb dalin n\u00eb shesh t\u00eb palarat e korrupsionit t\u00eb tyre&#8221;, u shpreh z\u00ebdh\u00ebn\u00ebsi i Bashkis\u00eb s\u00eb Tiran\u00ebs, Florion Serjani.<\/p>\n<p>Sipas tij, kjo Bashki p\u00ebrbaltet sa her\u00eb q\u00eb kund\u00ebrshtar\u00ebt e Edi Ram\u00ebs duan t\u00eb shmangin v\u00ebmendjen e publikut nga skandalet ku p\u00ebrfshihen. Ai tha se ky avaz nuk do t&#8217;i pengoj\u00eb t\u00eb vazhdojn\u00eb me sukses pun\u00ebn e tyre n\u00eb sh\u00ebrbim t\u00eb qytetar\u00ebve. Gjithashtu, zyrtari i Bashkis\u00eb shprehu keqardhje q\u00eb qeveria nuk b\u00ebn do t\u00eb nj\u00ebjt\u00ebn gj\u00eb, sepse qytetar\u00ebt jan\u00eb prej koh\u00ebsh jasht\u00eb v\u00ebmendjes s\u00eb saj.<\/p>\n","protected":false},"excerpt":{"rendered":"<p>Shekulli Online, 22.08.2010 TIRAN\u00cb &#8211; Deputetja e Partis\u00eb Demokratike, Albana Vokshi, paraqiti dje p\u00ebrpara mediave nj\u00eb kontrat\u00eb bashk\u00ebpunimi midis bashk\u00ebjetuesit t\u00eb saj Arian Tartari, biznesmenit Dritan Avllaj, i njohur ndryshe si &#8220;Tan Lepri&#8221; dhe tre biznesmen\u00ebve t\u00eb tjer\u00eb. N\u00eb k\u00ebt\u00eb kontrat\u00eb tregohet se 20% t\u00eb aksioneve t\u00eb nj\u00eb kompanie i kalojn\u00eb zotit Avllaj n\u00eb shk\u00ebmbim [&hellip;]<\/p>\n","protected":false},"author":1,"featured_media":0,"comment_status":"open","ping_status":"closed","sticky":false,"template":"","format":"standard","meta":{"footnotes":""},"categories":[2],"tags":[],"class_list":{"0":"post-3813","1":"post","2":"type-post","3":"status-publish","4":"format-standard","6":"category-artikuj"},"yoast_head":"<!-- This site is optimized with the Yoast SEO plugin v27.4 - https:\/\/yoast.com\/product\/yoast-seo-wordpress\/ -->\n<title>PD, Vokshi: Njeriu q\u00eb bashk\u00ebjetoj, ka b\u00ebr\u00eb biznes me &#039;Tan Lepurin&#039; - FjALA e LIR\u00cb - Arkivi<\/title>\n<meta name=\"robots\" content=\"index, follow, max-snippet:-1, max-image-preview:large, max-video-preview:-1\" \/>\n<link rel=\"canonical\" href=\"https:\/\/fjala.info\/2009-2015\/pd-vokshi-njeriu-qe-bashkejetoj-ka-bere-biznes-me-tan-lepurin\/\" \/>\n<meta property=\"og:locale\" content=\"sq_AL\" \/>\n<meta property=\"og:type\" content=\"article\" \/>\n<meta property=\"og:title\" content=\"PD, Vokshi: Njeriu q\u00eb bashk\u00ebjetoj, ka b\u00ebr\u00eb biznes me &#039;Tan Lepurin&#039; - FjALA e LIR\u00cb - Arkivi\" \/>\n<meta property=\"og:description\" content=\"Shekulli Online, 22.08.2010 TIRAN\u00cb &#8211; Deputetja e Partis\u00eb Demokratike, Albana Vokshi, paraqiti dje p\u00ebrpara mediave nj\u00eb kontrat\u00eb bashk\u00ebpunimi midis bashk\u00ebjetuesit t\u00eb saj Arian Tartari, biznesmenit Dritan Avllaj, i njohur ndryshe si &#8220;Tan Lepri&#8221; dhe tre biznesmen\u00ebve t\u00eb tjer\u00eb. N\u00eb k\u00ebt\u00eb kontrat\u00eb tregohet se 20% t\u00eb aksioneve t\u00eb nj\u00eb kompanie i kalojn\u00eb zotit Avllaj n\u00eb shk\u00ebmbim [&hellip;]\" \/>\n<meta property=\"og:url\" content=\"https:\/\/fjala.info\/2009-2015\/pd-vokshi-njeriu-qe-bashkejetoj-ka-bere-biznes-me-tan-lepurin\/\" \/>\n<meta property=\"og:site_name\" content=\"FjALA e LIR\u00cb - Arkivi\" \/>\n<meta property=\"article:published_time\" content=\"2010-08-22T12:12:41+00:00\" \/>\n<meta property=\"og:image\" content=\"http:\/\/fjala.shkoder.net\/wp-content\/uploads\/2010\/08\/albana_vokshi1-300x189.jpg\" \/>\n<meta name=\"author\" content=\"admin\" \/>\n<meta name=\"twitter:card\" content=\"summary_large_image\" \/>\n<meta name=\"twitter:label1\" content=\"Written by\" \/>\n\t<meta name=\"twitter:data1\" content=\"admin\" \/>\n\t<meta name=\"twitter:label2\" content=\"Est. reading time\" \/>\n\t<meta name=\"twitter:data2\" content=\"5 minutes\" \/>\n<script type=\"application\/ld+json\" class=\"yoast-schema-graph\">{\"@context\":\"https:\\\/\\\/schema.org\",\"@graph\":[{\"@type\":\"Article\",\"@id\":\"https:\\\/\\\/fjala.info\\\/2009-2015\\\/pd-vokshi-njeriu-qe-bashkejetoj-ka-bere-biznes-me-tan-lepurin\\\/#article\",\"isPartOf\":{\"@id\":\"https:\\\/\\\/fjala.info\\\/2009-2015\\\/pd-vokshi-njeriu-qe-bashkejetoj-ka-bere-biznes-me-tan-lepurin\\\/\"},\"author\":{\"name\":\"admin\",\"@id\":\"https:\\\/\\\/fjala.info\\\/2009-2015\\\/#\\\/schema\\\/person\\\/3aa1163ef05469c496fc94e77611ada2\"},\"headline\":\"PD, Vokshi: Njeriu q\u00eb bashk\u00ebjetoj, ka b\u00ebr\u00eb biznes me &#8216;Tan Lepurin&#8217;\",\"datePublished\":\"2010-08-22T12:12:41+00:00\",\"mainEntityOfPage\":{\"@id\":\"https:\\\/\\\/fjala.info\\\/2009-2015\\\/pd-vokshi-njeriu-qe-bashkejetoj-ka-bere-biznes-me-tan-lepurin\\\/\"},\"wordCount\":1021,\"commentCount\":0,\"publisher\":{\"@id\":\"https:\\\/\\\/fjala.info\\\/2009-2015\\\/#organization\"},\"image\":{\"@id\":\"https:\\\/\\\/fjala.info\\\/2009-2015\\\/pd-vokshi-njeriu-qe-bashkejetoj-ka-bere-biznes-me-tan-lepurin\\\/#primaryimage\"},\"thumbnailUrl\":\"http:\\\/\\\/fjala.shkoder.net\\\/wp-content\\\/uploads\\\/2010\\\/08\\\/albana_vokshi1-300x189.jpg\",\"articleSection\":[\"Artikuj\"],\"inLanguage\":\"sq-AL\",\"potentialAction\":[{\"@type\":\"CommentAction\",\"name\":\"Comment\",\"target\":[\"https:\\\/\\\/fjala.info\\\/2009-2015\\\/pd-vokshi-njeriu-qe-bashkejetoj-ka-bere-biznes-me-tan-lepurin\\\/#respond\"]}]},{\"@type\":\"WebPage\",\"@id\":\"https:\\\/\\\/fjala.info\\\/2009-2015\\\/pd-vokshi-njeriu-qe-bashkejetoj-ka-bere-biznes-me-tan-lepurin\\\/\",\"url\":\"https:\\\/\\\/fjala.info\\\/2009-2015\\\/pd-vokshi-njeriu-qe-bashkejetoj-ka-bere-biznes-me-tan-lepurin\\\/\",\"name\":\"PD, Vokshi: Njeriu q\u00eb bashk\u00ebjetoj, ka b\u00ebr\u00eb biznes me 'Tan Lepurin' - FjALA e LIR\u00cb - Arkivi\",\"isPartOf\":{\"@id\":\"https:\\\/\\\/fjala.info\\\/2009-2015\\\/#website\"},\"primaryImageOfPage\":{\"@id\":\"https:\\\/\\\/fjala.info\\\/2009-2015\\\/pd-vokshi-njeriu-qe-bashkejetoj-ka-bere-biznes-me-tan-lepurin\\\/#primaryimage\"},\"image\":{\"@id\":\"https:\\\/\\\/fjala.info\\\/2009-2015\\\/pd-vokshi-njeriu-qe-bashkejetoj-ka-bere-biznes-me-tan-lepurin\\\/#primaryimage\"},\"thumbnailUrl\":\"http:\\\/\\\/fjala.shkoder.net\\\/wp-content\\\/uploads\\\/2010\\\/08\\\/albana_vokshi1-300x189.jpg\",\"datePublished\":\"2010-08-22T12:12:41+00:00\",\"breadcrumb\":{\"@id\":\"https:\\\/\\\/fjala.info\\\/2009-2015\\\/pd-vokshi-njeriu-qe-bashkejetoj-ka-bere-biznes-me-tan-lepurin\\\/#breadcrumb\"},\"inLanguage\":\"sq-AL\",\"potentialAction\":[{\"@type\":\"ReadAction\",\"target\":[\"https:\\\/\\\/fjala.info\\\/2009-2015\\\/pd-vokshi-njeriu-qe-bashkejetoj-ka-bere-biznes-me-tan-lepurin\\\/\"]}]},{\"@type\":\"ImageObject\",\"inLanguage\":\"sq-AL\",\"@id\":\"https:\\\/\\\/fjala.info\\\/2009-2015\\\/pd-vokshi-njeriu-qe-bashkejetoj-ka-bere-biznes-me-tan-lepurin\\\/#primaryimage\",\"url\":\"http:\\\/\\\/fjala.shkoder.net\\\/wp-content\\\/uploads\\\/2010\\\/08\\\/albana_vokshi1-300x189.jpg\",\"contentUrl\":\"http:\\\/\\\/fjala.shkoder.net\\\/wp-content\\\/uploads\\\/2010\\\/08\\\/albana_vokshi1-300x189.jpg\"},{\"@type\":\"BreadcrumbList\",\"@id\":\"https:\\\/\\\/fjala.info\\\/2009-2015\\\/pd-vokshi-njeriu-qe-bashkejetoj-ka-bere-biznes-me-tan-lepurin\\\/#breadcrumb\",\"itemListElement\":[{\"@type\":\"ListItem\",\"position\":1,\"name\":\"Home\",\"item\":\"https:\\\/\\\/fjala.info\\\/2009-2015\\\/\"},{\"@type\":\"ListItem\",\"position\":2,\"name\":\"PD, Vokshi: Njeriu q\u00eb bashk\u00ebjetoj, ka b\u00ebr\u00eb biznes me &#8216;Tan Lepurin&#8217;\"}]},{\"@type\":\"WebSite\",\"@id\":\"https:\\\/\\\/fjala.info\\\/2009-2015\\\/#website\",\"url\":\"https:\\\/\\\/fjala.info\\\/2009-2015\\\/\",\"name\":\"FjALA e LIR\u00cb - Arkivi\",\"description\":\"Arkivi 2009-2015\",\"publisher\":{\"@id\":\"https:\\\/\\\/fjala.info\\\/2009-2015\\\/#organization\"},\"potentialAction\":[{\"@type\":\"SearchAction\",\"target\":{\"@type\":\"EntryPoint\",\"urlTemplate\":\"https:\\\/\\\/fjala.info\\\/2009-2015\\\/?s={search_term_string}\"},\"query-input\":{\"@type\":\"PropertyValueSpecification\",\"valueRequired\":true,\"valueName\":\"search_term_string\"}}],\"inLanguage\":\"sq-AL\"},{\"@type\":\"Organization\",\"@id\":\"https:\\\/\\\/fjala.info\\\/2009-2015\\\/#organization\",\"name\":\"FjALA e LIR\u00cb - Arkivi\",\"url\":\"https:\\\/\\\/fjala.info\\\/2009-2015\\\/\",\"logo\":{\"@type\":\"ImageObject\",\"inLanguage\":\"sq-AL\",\"@id\":\"https:\\\/\\\/fjala.info\\\/2009-2015\\\/#\\\/schema\\\/logo\\\/image\\\/\",\"url\":\"\",\"contentUrl\":\"\",\"caption\":\"FjALA e LIR\u00cb - Arkivi\"},\"image\":{\"@id\":\"https:\\\/\\\/fjala.info\\\/2009-2015\\\/#\\\/schema\\\/logo\\\/image\\\/\"}},{\"@type\":\"Person\",\"@id\":\"https:\\\/\\\/fjala.info\\\/2009-2015\\\/#\\\/schema\\\/person\\\/3aa1163ef05469c496fc94e77611ada2\",\"name\":\"admin\",\"image\":{\"@type\":\"ImageObject\",\"inLanguage\":\"sq-AL\",\"@id\":\"https:\\\/\\\/fjala.info\\\/2009-2015\\\/wp-content\\\/uploads\\\/2012\\\/02\\\/arben_cokaj-120x150.jpg\",\"url\":\"https:\\\/\\\/fjala.info\\\/2009-2015\\\/wp-content\\\/uploads\\\/2012\\\/02\\\/arben_cokaj-120x150.jpg\",\"contentUrl\":\"https:\\\/\\\/fjala.info\\\/2009-2015\\\/wp-content\\\/uploads\\\/2012\\\/02\\\/arben_cokaj-120x150.jpg\",\"caption\":\"admin\"},\"description\":\"Admin, Fjala e Lir\u00eb\",\"sameAs\":[\"https:\\\/\\\/fjala.info\\\/\"],\"url\":\"https:\\\/\\\/fjala.info\\\/2009-2015\\\/author\\\/admin\\\/\"}]}<\/script>\n<!-- \/ Yoast SEO plugin. -->","yoast_head_json":{"title":"PD, Vokshi: Njeriu q\u00eb bashk\u00ebjetoj, ka b\u00ebr\u00eb biznes me 'Tan Lepurin' - FjALA e LIR\u00cb - Arkivi","robots":{"index":"index","follow":"follow","max-snippet":"max-snippet:-1","max-image-preview":"max-image-preview:large","max-video-preview":"max-video-preview:-1"},"canonical":"https:\/\/fjala.info\/2009-2015\/pd-vokshi-njeriu-qe-bashkejetoj-ka-bere-biznes-me-tan-lepurin\/","og_locale":"sq_AL","og_type":"article","og_title":"PD, Vokshi: Njeriu q\u00eb bashk\u00ebjetoj, ka b\u00ebr\u00eb biznes me 'Tan Lepurin' - FjALA e LIR\u00cb - Arkivi","og_description":"Shekulli Online, 22.08.2010 TIRAN\u00cb &#8211; Deputetja e Partis\u00eb Demokratike, Albana Vokshi, paraqiti dje p\u00ebrpara mediave nj\u00eb kontrat\u00eb bashk\u00ebpunimi midis bashk\u00ebjetuesit t\u00eb saj Arian Tartari, biznesmenit Dritan Avllaj, i njohur ndryshe si &#8220;Tan Lepri&#8221; dhe tre biznesmen\u00ebve t\u00eb tjer\u00eb. N\u00eb k\u00ebt\u00eb kontrat\u00eb tregohet se 20% t\u00eb aksioneve t\u00eb nj\u00eb kompanie i kalojn\u00eb zotit Avllaj n\u00eb shk\u00ebmbim [&hellip;]","og_url":"https:\/\/fjala.info\/2009-2015\/pd-vokshi-njeriu-qe-bashkejetoj-ka-bere-biznes-me-tan-lepurin\/","og_site_name":"FjALA e LIR\u00cb - Arkivi","article_published_time":"2010-08-22T12:12:41+00:00","og_image":[{"url":"http:\/\/fjala.shkoder.net\/wp-content\/uploads\/2010\/08\/albana_vokshi1-300x189.jpg","type":"","width":"","height":""}],"author":"admin","twitter_card":"summary_large_image","twitter_misc":{"Written by":"admin","Est. reading time":"5 minutes"},"schema":{"@context":"https:\/\/schema.org","@graph":[{"@type":"Article","@id":"https:\/\/fjala.info\/2009-2015\/pd-vokshi-njeriu-qe-bashkejetoj-ka-bere-biznes-me-tan-lepurin\/#article","isPartOf":{"@id":"https:\/\/fjala.info\/2009-2015\/pd-vokshi-njeriu-qe-bashkejetoj-ka-bere-biznes-me-tan-lepurin\/"},"author":{"name":"admin","@id":"https:\/\/fjala.info\/2009-2015\/#\/schema\/person\/3aa1163ef05469c496fc94e77611ada2"},"headline":"PD, Vokshi: Njeriu q\u00eb bashk\u00ebjetoj, ka b\u00ebr\u00eb biznes me &#8216;Tan Lepurin&#8217;","datePublished":"2010-08-22T12:12:41+00:00","mainEntityOfPage":{"@id":"https:\/\/fjala.info\/2009-2015\/pd-vokshi-njeriu-qe-bashkejetoj-ka-bere-biznes-me-tan-lepurin\/"},"wordCount":1021,"commentCount":0,"publisher":{"@id":"https:\/\/fjala.info\/2009-2015\/#organization"},"image":{"@id":"https:\/\/fjala.info\/2009-2015\/pd-vokshi-njeriu-qe-bashkejetoj-ka-bere-biznes-me-tan-lepurin\/#primaryimage"},"thumbnailUrl":"http:\/\/fjala.shkoder.net\/wp-content\/uploads\/2010\/08\/albana_vokshi1-300x189.jpg","articleSection":["Artikuj"],"inLanguage":"sq-AL","potentialAction":[{"@type":"CommentAction","name":"Comment","target":["https:\/\/fjala.info\/2009-2015\/pd-vokshi-njeriu-qe-bashkejetoj-ka-bere-biznes-me-tan-lepurin\/#respond"]}]},{"@type":"WebPage","@id":"https:\/\/fjala.info\/2009-2015\/pd-vokshi-njeriu-qe-bashkejetoj-ka-bere-biznes-me-tan-lepurin\/","url":"https:\/\/fjala.info\/2009-2015\/pd-vokshi-njeriu-qe-bashkejetoj-ka-bere-biznes-me-tan-lepurin\/","name":"PD, Vokshi: Njeriu q\u00eb bashk\u00ebjetoj, ka b\u00ebr\u00eb biznes me 'Tan Lepurin' - FjALA e LIR\u00cb - Arkivi","isPartOf":{"@id":"https:\/\/fjala.info\/2009-2015\/#website"},"primaryImageOfPage":{"@id":"https:\/\/fjala.info\/2009-2015\/pd-vokshi-njeriu-qe-bashkejetoj-ka-bere-biznes-me-tan-lepurin\/#primaryimage"},"image":{"@id":"https:\/\/fjala.info\/2009-2015\/pd-vokshi-njeriu-qe-bashkejetoj-ka-bere-biznes-me-tan-lepurin\/#primaryimage"},"thumbnailUrl":"http:\/\/fjala.shkoder.net\/wp-content\/uploads\/2010\/08\/albana_vokshi1-300x189.jpg","datePublished":"2010-08-22T12:12:41+00:00","breadcrumb":{"@id":"https:\/\/fjala.info\/2009-2015\/pd-vokshi-njeriu-qe-bashkejetoj-ka-bere-biznes-me-tan-lepurin\/#breadcrumb"},"inLanguage":"sq-AL","potentialAction":[{"@type":"ReadAction","target":["https:\/\/fjala.info\/2009-2015\/pd-vokshi-njeriu-qe-bashkejetoj-ka-bere-biznes-me-tan-lepurin\/"]}]},{"@type":"ImageObject","inLanguage":"sq-AL","@id":"https:\/\/fjala.info\/2009-2015\/pd-vokshi-njeriu-qe-bashkejetoj-ka-bere-biznes-me-tan-lepurin\/#primaryimage","url":"http:\/\/fjala.shkoder.net\/wp-content\/uploads\/2010\/08\/albana_vokshi1-300x189.jpg","contentUrl":"http:\/\/fjala.shkoder.net\/wp-content\/uploads\/2010\/08\/albana_vokshi1-300x189.jpg"},{"@type":"BreadcrumbList","@id":"https:\/\/fjala.info\/2009-2015\/pd-vokshi-njeriu-qe-bashkejetoj-ka-bere-biznes-me-tan-lepurin\/#breadcrumb","itemListElement":[{"@type":"ListItem","position":1,"name":"Home","item":"https:\/\/fjala.info\/2009-2015\/"},{"@type":"ListItem","position":2,"name":"PD, Vokshi: Njeriu q\u00eb bashk\u00ebjetoj, ka b\u00ebr\u00eb biznes me &#8216;Tan Lepurin&#8217;"}]},{"@type":"WebSite","@id":"https:\/\/fjala.info\/2009-2015\/#website","url":"https:\/\/fjala.info\/2009-2015\/","name":"FjALA e LIR\u00cb - Arkivi","description":"Arkivi 2009-2015","publisher":{"@id":"https:\/\/fjala.info\/2009-2015\/#organization"},"potentialAction":[{"@type":"SearchAction","target":{"@type":"EntryPoint","urlTemplate":"https:\/\/fjala.info\/2009-2015\/?s={search_term_string}"},"query-input":{"@type":"PropertyValueSpecification","valueRequired":true,"valueName":"search_term_string"}}],"inLanguage":"sq-AL"},{"@type":"Organization","@id":"https:\/\/fjala.info\/2009-2015\/#organization","name":"FjALA e LIR\u00cb - Arkivi","url":"https:\/\/fjala.info\/2009-2015\/","logo":{"@type":"ImageObject","inLanguage":"sq-AL","@id":"https:\/\/fjala.info\/2009-2015\/#\/schema\/logo\/image\/","url":"","contentUrl":"","caption":"FjALA e LIR\u00cb - Arkivi"},"image":{"@id":"https:\/\/fjala.info\/2009-2015\/#\/schema\/logo\/image\/"}},{"@type":"Person","@id":"https:\/\/fjala.info\/2009-2015\/#\/schema\/person\/3aa1163ef05469c496fc94e77611ada2","name":"admin","image":{"@type":"ImageObject","inLanguage":"sq-AL","@id":"https:\/\/fjala.info\/2009-2015\/wp-content\/uploads\/2012\/02\/arben_cokaj-120x150.jpg","url":"https:\/\/fjala.info\/2009-2015\/wp-content\/uploads\/2012\/02\/arben_cokaj-120x150.jpg","contentUrl":"https:\/\/fjala.info\/2009-2015\/wp-content\/uploads\/2012\/02\/arben_cokaj-120x150.jpg","caption":"admin"},"description":"Admin, Fjala e Lir\u00eb","sameAs":["https:\/\/fjala.info\/"],"url":"https:\/\/fjala.info\/2009-2015\/author\/admin\/"}]}},"_links":{"self":[{"href":"https:\/\/fjala.info\/2009-2015\/wp-json\/wp\/v2\/posts\/3813","targetHints":{"allow":["GET"]}}],"collection":[{"href":"https:\/\/fjala.info\/2009-2015\/wp-json\/wp\/v2\/posts"}],"about":[{"href":"https:\/\/fjala.info\/2009-2015\/wp-json\/wp\/v2\/types\/post"}],"author":[{"embeddable":true,"href":"https:\/\/fjala.info\/2009-2015\/wp-json\/wp\/v2\/users\/1"}],"replies":[{"embeddable":true,"href":"https:\/\/fjala.info\/2009-2015\/wp-json\/wp\/v2\/comments?post=3813"}],"version-history":[{"count":0,"href":"https:\/\/fjala.info\/2009-2015\/wp-json\/wp\/v2\/posts\/3813\/revisions"}],"wp:attachment":[{"href":"https:\/\/fjala.info\/2009-2015\/wp-json\/wp\/v2\/media?parent=3813"}],"wp:term":[{"taxonomy":"category","embeddable":true,"href":"https:\/\/fjala.info\/2009-2015\/wp-json\/wp\/v2\/categories?post=3813"},{"taxonomy":"post_tag","embeddable":true,"href":"https:\/\/fjala.info\/2009-2015\/wp-json\/wp\/v2\/tags?post=3813"}],"curies":[{"name":"wp","href":"https:\/\/api.w.org\/{rel}","templated":true}]}}