{"id":3809,"date":"2010-08-22T12:58:32","date_gmt":"2010-08-22T11:58:32","guid":{"rendered":"http:\/\/fjala.shkoder.net\/?p=3809"},"modified":"2010-08-22T12:58:32","modified_gmt":"2010-08-22T11:58:32","slug":"motrat-dhe-vellai-i-madh","status":"publish","type":"post","link":"https:\/\/fjala.info\/2009-2015\/motrat-dhe-vellai-i-madh\/","title":{"rendered":"Motrat dhe &#8216;v\u00ebllai i madh&#8217;"},"content":{"rendered":"<p><img decoding=\"async\" style=\"margin-left: 10px; margin-right: 10px; border: 0px;\" title=\"Arben Rrozhani\" src=\"http:\/\/www.shkoder.net\/images\/fjala\/arben_rrozhani.jpg\" border=\"0\" alt=\"\" width=\"150\" align=\"right\" \/><\/p>\n<p><strong>Arben Rrozhani<\/strong>, <em>22.08.2010<\/em><\/p>\n<p>Vjollca Vokshi do t\u00eb m\u00ebrzitej shum\u00eb, po ta merrte vesh se sa t\u00eb famshme iu b\u00ebn\u00eb motrat, pse dol\u00ebn nja dy her\u00eb n\u00eb televizion. Her\u00ebn e dyt\u00eb t\u00eb Sali Berish\u00ebs n\u00eb pushtet, sepse her\u00ebn e par\u00eb kur ajo u b\u00eb e famshme, na mbeti pull\u00eb poste, n\u00eb t\u00eb vetmin ekran, TVSH-n\u00eb e qeveris\u00eb, n\u00eb z\u00ebdh\u00ebnien e ish-presidentit Berisha, deri kur ra shteti i tij prej kartoni dhe ajo u largua n\u00eb nj\u00eb shtet t\u00eb Amerik\u00ebs Latine ku ndodhet edhe sot e k\u00ebsaj dite.<\/p>\n<p>Por, ndoshta jo aq p\u00ebr merita t\u00eb motrave, se sa p\u00ebr faj edhe t\u00eb opozit\u00ebs, q\u00eb ka mbushur axhend\u00ebn politike t\u00eb gushtit duke v\u00ebn\u00eb n\u00eb qend\u00ebr t\u00eb sulmeve politike motrat, p\u00ebr ta \u00e7uar rikoshet goditjen tek &#8220;v\u00ebllai i madh&#8221; Sali Berisha.<\/p>\n<p>E para, kjo nuk duhet t\u00eb ishte nj\u00eb histori gushti. Gazeta &#8220;Shekulli&#8221;, po t\u00eb hap\u00ebsh arkivin e saj, e ka q\u00ebmtuar me kujdes k\u00ebt\u00eb dosje q\u00eb para nj\u00eb viti, para se deputet\u00ebt e PS-s\u00eb, sot t\u00eb dalin duke tundur letra dhe dokumente t\u00eb fotokopjuara, q\u00eb i jan\u00eb b\u00ebr\u00eb publik\u00eb lexuesit shqiptar shum\u00eb muaj m\u00eb par\u00eb.<\/p>\n<p>S\u00eb dyti, opozita po merret shum\u00eb me naft\u00ebn dhe vet\u00ebm me naft\u00ebn, kur qeveria e &#8220;v\u00ebllait t\u00eb madh&#8221; ia ka b\u00ebr\u00eb naft\u00ebn qeverisjes jo vet\u00ebm aty ku ka juridiksion, por edhe jasht\u00eb \u00e7apeve q\u00eb mund t\u00eb hedh\u00eb ligj\u00ebrisht ekzekutivi.<\/p>\n<p>S\u00eb treti, pse duhet harxhuar kaq shum\u00eb energji duke i r\u00ebn\u00eb me &#8220;spond\u00eb&#8221; shefit t\u00eb qeveris\u00eb shqiptare, kur at\u00eb mund t\u00eb godas\u00ebsh direkt, sepse ai jo m\u00eb kot \u00ebsht\u00eb &#8220;v\u00ebllai i madh&#8221; n\u00eb k\u00ebt\u00eb vend dhe \u00e7do gj\u00eb q\u00eb ndodh \u00ebsht\u00eb pjes\u00eb e planit t\u00eb tij, personazhet jan\u00eb t\u00eb tijt\u00eb, loja q\u00eb ata b\u00ebjn\u00eb \u00ebsht\u00eb ajo q\u00eb do ai dhe fituesit ai i p\u00ebrzgjedh.<\/p>\n<p>Po t\u00eb k\u00ebrkosh me fjal\u00ebt &#8220;Albana Vokshi&#8221; n\u00eb arkiv\u00ebn e gazet\u00ebs &#8220;Shekulli&#8221; mund t\u00eb gjesh artikuj t\u00eb hersh\u00ebm, si ai i botuar n\u00eb numrin e 28 n\u00ebntorit 2009, me titull &#8220;Qeveria, koncesion firm\u00ebs s\u00eb k\u00ebshilltares s\u00eb kryeministrit&#8221;, ku p\u00ebrmbledhurazi thuhet: &#8220;Shoq\u00ebria e krijuar prej nj\u00eb viti merr me koncesion nd\u00ebrtimin e dy hidrocentraleve n\u00eb Libohov\u00eb. Firma, n\u00ebn pron\u00ebsin\u00eb e bashk\u00ebshortit t\u00eb Albana Vokshit&#8230; Berisha i jep me koncesion t\u00eb nd\u00ebrtimit t\u00eb hidrocentraleve ortakut t\u00eb Rrahman Selmanllarit.<\/p>\n<p>Vendimi i qeveris\u00eb, n\u00eb koh\u00ebn kur firma ishte e paregjistruar&#8230; B\u00ebhet fjal\u00eb p\u00ebr koncesionet e firmosura nga qeveria Berisha n\u00eb tetor t\u00eb vitit 2007-t\u00eb dhe fituese \u00ebsht\u00eb nj\u00eb firm\u00eb q\u00eb ka p\u00ebr aksioner\u00eb dy njer\u00ebz t\u00eb njohur t\u00eb kryeministrit, bashk\u00ebshortin e k\u00ebshilltares s\u00eb tij p\u00ebr \u00e7\u00ebshtjet ekonomike, Albana Vokshit, dhe mikut t\u00eb kahersh\u00ebm t\u00eb familjes, Rahman Selmanllarit&#8230; N\u00eb korrik t\u00eb vitit 2007-t\u00eb, me vendim t\u00eb K\u00ebshillit t\u00eb Ministrave, miratohet marr\u00ebveshja p\u00ebr dh\u00ebnien n\u00eb koncesion t\u00eb nd\u00ebrtimit t\u00eb hidrocentraleve.<\/p>\n<p>Kan\u00eb qen\u00eb vendime maraton\u00eb t\u00eb kryeministrit k\u00ebto, ku nd\u00ebrmjet tyre \u00ebsht\u00eb dhe nd\u00ebrtimi i hidrocentralit n\u00eb Suha. Firma fituese e koncesionit shpallet &#8220;Albanergiaplus&#8221; Sh.p.k. Aso kohe, marr\u00ebveshja u reklamua si sukseset e radh\u00ebs s\u00eb qeveris\u00eb dhe se projekti do t\u00eb ulte ndjesh\u00ebm importimin e energjis\u00eb elektrike&#8221; etj., etj.<\/p>\n<p>Pra, po ato fjal\u00eb q\u00eb recitojn\u00eb sot deputet\u00ebt e PS-s\u00eb nga selia e opozit\u00ebs p\u00ebr t\u00eb b\u00ebr\u00eb pak &#8220;lajm&#8221; n\u00eb zbraz\u00ebtin\u00eb e zhvillimeve reale n\u00eb k\u00ebt\u00eb fundgushti. Pra, opozita q\u00eb po i &#8220;telendis&#8221; motrat Vokshi, \u00ebsht\u00eb shum\u00eb e vonuar dhe n\u00ebse do t\u00eb kishte pasur v\u00ebrtet synim zbardhjen e qeverisjes me motrat, duhej ta kishte \u00e7uar k\u00ebt\u00eb dosje n\u00eb Prokurori shum\u00eb muaj m\u00eb par\u00eb.<\/p>\n<p>Opozita po merret me privatizimet dhe koncesionet, sepse ashtu si n\u00eb koh\u00ebn e qeverisjes t\u00eb s\u00eb majt\u00ebs, ato jan\u00eb pika e dob\u00ebt e \u00e7do Ekzekutivi. Aty \u00ebsht\u00eb paraja e pap\u00ebrfillshme q\u00eb hidhet p\u00ebr t\u00eb bler\u00eb dhe paraja e madhe q\u00eb b\u00ebhet pak m\u00eb von\u00eb. Si\u00e7 po ndodh me naft\u00ebn.<\/p>\n<p>Por jo vet\u00ebm me naft\u00ebn, sepse Berisha, ia ka b\u00ebr\u00eb naft\u00ebn mbar\u00eb ekonomis\u00eb shqiptare dhe zhvatjes s\u00eb \u00e7do t\u00eb mire publike t\u00eb nd\u00ebrtuar me djers\u00ebn e brezave t\u00eb shkuar, apo edhe t\u00eb pun\u00ebs s\u00eb k\u00ebtyre 20 viteve t\u00eb ekonomis\u00eb s\u00eb tregut t\u00eb lir\u00eb.<\/p>\n<p>N\u00ebse do ta kishte seriozisht n\u00eb goditjen e korrupsionit qeveritar t\u00eb motrave dhe v\u00ebllez\u00ebrve t\u00eb &#8220;v\u00ebllait t\u00eb madh&#8221;, opozita duhet t\u00eb kishte demaskuar monopolet qeveritare q\u00eb nisin nga buka e p\u00ebrditshme e popullit t\u00eb varf\u00ebr shqiptar, tek privatizimi mafioz dhe pa asnj\u00eb p\u00ebrfitim t\u00eb rrjetit t\u00eb shp\u00ebrndarjes s\u00eb energjis\u00eb elektrike (OSSH), nd\u00ebrmarrje ku edhe qeveria ka nj\u00eb p\u00ebrqindje bashk\u00eb me \u00e7ek\u00ebt dhe ku pas faturave t\u00eb kripura n\u00eb kurriz t\u00eb konsumatorit shqiptar dhe bizneseve t\u00eb ndershme, po nxirret paraja e madhe, q\u00eb nuk fitohet nga mir\u00ebmenaxhimi, ulja e humbjeve, apo heqja e faturimit aforfe.<\/p>\n<p>P\u00ebr t\u00eb kaluar te tarifat private t\u00eb s\u00eb vetmes kompani t\u00eb telefonis\u00eb fikse, e cila \u00ebsht\u00eb shnd\u00ebrruar n\u00eb gjob\u00ebv\u00ebn\u00ebse t\u00eb konsumator\u00ebve, sepse fal\u00eb pozit\u00ebs monopol aplikon tarifa t\u00eb rritura dhe t\u00eb pajustifikuara, n\u00eb k\u00ebmbim t\u00eb nj\u00eb sh\u00ebrbimi t\u00eb nj\u00ebjt\u00eb me koh\u00ebn kur Albtelekom ishte n\u00eb duart e shtetit dhe pa u marr\u00eb nga turqit e Sali Berish\u00ebs.<\/p>\n<p>Po ashtu me telefonin\u00eb celulare, tarifat e t\u00eb cil\u00ebs vazhdojn\u00eb t\u00eb mbeten m\u00eb t\u00eb lartat n\u00eb rajon e m\u00eb gjer\u00eb, fal\u00eb zbythjes s\u00eb qeveris\u00eb dhe agjencive t\u00eb saj dhe pozit\u00ebs triopol q\u00eb ato kan\u00eb vendosur, duke u marr\u00eb vesh me nj\u00ebra-tjetr\u00ebn.<\/p>\n<p>P\u00ebr t\u00eb vijuar me kompanit\u00eb e sigurimeve, q\u00eb kan\u00eb kopjuar edhe ato t\u00eb telefonis\u00eb, duke b\u00ebr\u00eb ujdi t\u00eb p\u00ebrbashk\u00ebta dhe duke marr\u00eb copat q\u00eb ka l\u00ebshuar e vetmja kompani shtet\u00ebrore, e cila \u00ebsht\u00eb katandisur si &#8220;kokoshi nj\u00eb thel\u00eb&#8221;, sipas direktiv\u00ebs kriminale t\u00eb pushtetit p\u00ebr t\u00eb ulur vler\u00ebn e saj t\u00eb privatizimit.<\/p>\n<p>Dhe p\u00ebr t\u00eb mos harruar privatizimin skandaloz t\u00eb ARMO-s, operacion financiar q\u00eb nuk dihet n\u00ebse i ka \u00e7uar ende n\u00eb ark\u00ebn e shtetit milionat e vendosura n\u00eb fund t\u00eb ankandit t\u00eb paracaktuar, gjendjen q\u00eb sa vjen e r\u00ebndohet n\u00eb tregun e hidrokarbureve, zhvatjen q\u00eb iu b\u00ebhet konsumator\u00ebve shqiptar\u00eb me cil\u00ebsin\u00eb e munguar dhe \u00e7mimet e larta dhe fatit t\u00eb nj\u00ebjt\u00eb q\u00eb pret kompanin\u00eb shtet\u00ebrore Albpetrol, n\u00ebse privatizohet nga t\u00eb nj\u00ebjt\u00ebt qeveritar\u00eb-kusar\u00eb.<\/p>\n<p>E fundit, por jo m\u00eb e par\u00ebnd\u00ebsishmja. Pse duhet t\u00eb merret gjith\u00eb ajo opozit\u00eb me dy motra, kur kan\u00eb p\u00ebrball\u00eb &#8220;v\u00ebllan\u00eb e madh&#8221;? Mimoza Vokshi, \u00ebsht\u00eb emri e nj\u00ebr\u00ebs prej motrave, q\u00eb akuzohet se ka p\u00ebrdorur qenien e saj si drejtoresh\u00eb e privatizimeve n\u00eb Ministrin\u00eb e Ekonomis\u00eb, Tregtis\u00eb dhe Energjetik\u00ebs, p\u00ebr t&#8217;i krijuar favore motr\u00ebs dhe kunatit.<\/p>\n<p>Emri i saj \u00ebsht\u00eb pak i njohur n\u00eb PD, por \u00e7udit\u00ebrisht shum\u00eb n\u00eb LSI. Sepse, ajo u b\u00eb &#8220;kalaja&#8221; q\u00eb nuk merrej n\u00eb METE, kur pas hyrjes s\u00eb Dritan Priftit si minist\u00ebr, dhjet\u00ebra LSI-st\u00eb u b\u00ebn\u00eb drejtor\u00eb dhe shefa. Vet\u00ebm Vokshi q\u00ebndroi, duke u b\u00ebr\u00eb problemi num\u00ebr nj\u00eb, n\u00eb partin\u00eb q\u00eb kishte fituar t\u00eb drejt\u00ebn e bashk\u00ebqeverisjes, n\u00eb k\u00ebmbim t\u00eb 20 p\u00ebrqind\u00ebshit t\u00eb pushtetit, pra 100 p\u00ebr qind t\u00eb njer\u00ebzve t\u00eb vet n\u00eb ministrit\u00eb q\u00eb do t\u00eb merrte.<\/p>\n<p>Partia e Met\u00ebs arriti t\u00eb merrte, pas shum\u00eb muajsh, edhe drejtorin e KESH-it, q\u00eb ishte mbajtur me shum\u00eb fanatiz\u00ebm nga Berisha, por jo postin e drejtoresh\u00ebs s\u00eb privatizimeve, dhe madje kur kjo zonj\u00eb shkonte p\u00ebr arsye sh\u00ebndet\u00ebsore n\u00eb Venezuel\u00eb, pra te vendi ku jeton motra tjet\u00ebr, b\u00ebheshin plane se si t&#8217;ia &#8220;merrnin&#8221; zyr\u00ebn, ku ishte d\u00ebrguar jo aq sa p\u00ebr veten e vet, sesa p\u00ebr t\u00eb qen\u00eb syri, dora dhe mendja e &#8220;v\u00ebllait t\u00eb madh&#8221;, ashtu si\u00e7 jan\u00eb d\u00ebrguar motrat dhe v\u00ebllez\u00ebrit n\u00eb t\u00eb gjitha kthinat e pushtetit, n\u00ebn orientimet, v\u00ebzhgimin dhe sh\u00ebrbimin e &#8220;v\u00ebllait t\u00eb madh&#8221;.<\/p>\n","protected":false},"excerpt":{"rendered":"<p>Arben Rrozhani, 22.08.2010 Vjollca Vokshi do t\u00eb m\u00ebrzitej shum\u00eb, po ta merrte vesh se sa t\u00eb famshme iu b\u00ebn\u00eb motrat, pse dol\u00ebn nja dy her\u00eb n\u00eb televizion. Her\u00ebn e dyt\u00eb t\u00eb Sali Berish\u00ebs n\u00eb pushtet, sepse her\u00ebn e par\u00eb kur ajo u b\u00eb e famshme, na mbeti pull\u00eb poste, n\u00eb t\u00eb vetmin ekran, TVSH-n\u00eb e [&hellip;]<\/p>\n","protected":false},"author":1,"featured_media":0,"comment_status":"open","ping_status":"closed","sticky":false,"template":"","format":"standard","meta":{"footnotes":""},"categories":[2],"tags":[],"class_list":{"0":"post-3809","1":"post","2":"type-post","3":"status-publish","4":"format-standard","6":"category-artikuj"},"yoast_head":"<!-- This site is optimized with the Yoast SEO plugin v27.4 - https:\/\/yoast.com\/product\/yoast-seo-wordpress\/ -->\n<title>Motrat dhe &#039;v\u00ebllai i madh&#039; - FjALA e LIR\u00cb - Arkivi<\/title>\n<meta name=\"robots\" content=\"index, follow, max-snippet:-1, max-image-preview:large, max-video-preview:-1\" \/>\n<link rel=\"canonical\" href=\"https:\/\/fjala.info\/2009-2015\/motrat-dhe-vellai-i-madh\/\" \/>\n<meta property=\"og:locale\" content=\"sq_AL\" \/>\n<meta property=\"og:type\" content=\"article\" \/>\n<meta property=\"og:title\" content=\"Motrat dhe &#039;v\u00ebllai i madh&#039; - FjALA e LIR\u00cb - Arkivi\" \/>\n<meta property=\"og:description\" content=\"Arben Rrozhani, 22.08.2010 Vjollca Vokshi do t\u00eb m\u00ebrzitej shum\u00eb, po ta merrte vesh se sa t\u00eb famshme iu b\u00ebn\u00eb motrat, pse dol\u00ebn nja dy her\u00eb n\u00eb televizion. Her\u00ebn e dyt\u00eb t\u00eb Sali Berish\u00ebs n\u00eb pushtet, sepse her\u00ebn e par\u00eb kur ajo u b\u00eb e famshme, na mbeti pull\u00eb poste, n\u00eb t\u00eb vetmin ekran, TVSH-n\u00eb e [&hellip;]\" \/>\n<meta property=\"og:url\" content=\"https:\/\/fjala.info\/2009-2015\/motrat-dhe-vellai-i-madh\/\" \/>\n<meta property=\"og:site_name\" content=\"FjALA e LIR\u00cb - Arkivi\" \/>\n<meta property=\"article:published_time\" content=\"2010-08-22T11:58:32+00:00\" \/>\n<meta property=\"og:image\" content=\"http:\/\/www.shkoder.net\/images\/fjala\/arben_rrozhani.jpg\" \/>\n<meta name=\"author\" content=\"admin\" \/>\n<meta name=\"twitter:card\" content=\"summary_large_image\" \/>\n<meta name=\"twitter:label1\" content=\"Written by\" \/>\n\t<meta name=\"twitter:data1\" content=\"admin\" \/>\n\t<meta name=\"twitter:label2\" content=\"Est. reading time\" \/>\n\t<meta name=\"twitter:data2\" content=\"7 minutes\" \/>\n<script type=\"application\/ld+json\" class=\"yoast-schema-graph\">{\"@context\":\"https:\\\/\\\/schema.org\",\"@graph\":[{\"@type\":\"Article\",\"@id\":\"https:\\\/\\\/fjala.info\\\/2009-2015\\\/motrat-dhe-vellai-i-madh\\\/#article\",\"isPartOf\":{\"@id\":\"https:\\\/\\\/fjala.info\\\/2009-2015\\\/motrat-dhe-vellai-i-madh\\\/\"},\"author\":{\"name\":\"admin\",\"@id\":\"https:\\\/\\\/fjala.info\\\/2009-2015\\\/#\\\/schema\\\/person\\\/3aa1163ef05469c496fc94e77611ada2\"},\"headline\":\"Motrat dhe &#8216;v\u00ebllai i madh&#8217;\",\"datePublished\":\"2010-08-22T11:58:32+00:00\",\"mainEntityOfPage\":{\"@id\":\"https:\\\/\\\/fjala.info\\\/2009-2015\\\/motrat-dhe-vellai-i-madh\\\/\"},\"wordCount\":1384,\"commentCount\":0,\"publisher\":{\"@id\":\"https:\\\/\\\/fjala.info\\\/2009-2015\\\/#organization\"},\"image\":{\"@id\":\"https:\\\/\\\/fjala.info\\\/2009-2015\\\/motrat-dhe-vellai-i-madh\\\/#primaryimage\"},\"thumbnailUrl\":\"http:\\\/\\\/www.shkoder.net\\\/images\\\/fjala\\\/arben_rrozhani.jpg\",\"articleSection\":[\"Artikuj\"],\"inLanguage\":\"sq-AL\",\"potentialAction\":[{\"@type\":\"CommentAction\",\"name\":\"Comment\",\"target\":[\"https:\\\/\\\/fjala.info\\\/2009-2015\\\/motrat-dhe-vellai-i-madh\\\/#respond\"]}]},{\"@type\":\"WebPage\",\"@id\":\"https:\\\/\\\/fjala.info\\\/2009-2015\\\/motrat-dhe-vellai-i-madh\\\/\",\"url\":\"https:\\\/\\\/fjala.info\\\/2009-2015\\\/motrat-dhe-vellai-i-madh\\\/\",\"name\":\"Motrat dhe 'v\u00ebllai i madh' - FjALA e LIR\u00cb - Arkivi\",\"isPartOf\":{\"@id\":\"https:\\\/\\\/fjala.info\\\/2009-2015\\\/#website\"},\"primaryImageOfPage\":{\"@id\":\"https:\\\/\\\/fjala.info\\\/2009-2015\\\/motrat-dhe-vellai-i-madh\\\/#primaryimage\"},\"image\":{\"@id\":\"https:\\\/\\\/fjala.info\\\/2009-2015\\\/motrat-dhe-vellai-i-madh\\\/#primaryimage\"},\"thumbnailUrl\":\"http:\\\/\\\/www.shkoder.net\\\/images\\\/fjala\\\/arben_rrozhani.jpg\",\"datePublished\":\"2010-08-22T11:58:32+00:00\",\"breadcrumb\":{\"@id\":\"https:\\\/\\\/fjala.info\\\/2009-2015\\\/motrat-dhe-vellai-i-madh\\\/#breadcrumb\"},\"inLanguage\":\"sq-AL\",\"potentialAction\":[{\"@type\":\"ReadAction\",\"target\":[\"https:\\\/\\\/fjala.info\\\/2009-2015\\\/motrat-dhe-vellai-i-madh\\\/\"]}]},{\"@type\":\"ImageObject\",\"inLanguage\":\"sq-AL\",\"@id\":\"https:\\\/\\\/fjala.info\\\/2009-2015\\\/motrat-dhe-vellai-i-madh\\\/#primaryimage\",\"url\":\"http:\\\/\\\/www.shkoder.net\\\/images\\\/fjala\\\/arben_rrozhani.jpg\",\"contentUrl\":\"http:\\\/\\\/www.shkoder.net\\\/images\\\/fjala\\\/arben_rrozhani.jpg\"},{\"@type\":\"BreadcrumbList\",\"@id\":\"https:\\\/\\\/fjala.info\\\/2009-2015\\\/motrat-dhe-vellai-i-madh\\\/#breadcrumb\",\"itemListElement\":[{\"@type\":\"ListItem\",\"position\":1,\"name\":\"Home\",\"item\":\"https:\\\/\\\/fjala.info\\\/2009-2015\\\/\"},{\"@type\":\"ListItem\",\"position\":2,\"name\":\"Motrat dhe &#8216;v\u00ebllai i madh&#8217;\"}]},{\"@type\":\"WebSite\",\"@id\":\"https:\\\/\\\/fjala.info\\\/2009-2015\\\/#website\",\"url\":\"https:\\\/\\\/fjala.info\\\/2009-2015\\\/\",\"name\":\"FjALA e LIR\u00cb - Arkivi\",\"description\":\"Arkivi 2009-2015\",\"publisher\":{\"@id\":\"https:\\\/\\\/fjala.info\\\/2009-2015\\\/#organization\"},\"potentialAction\":[{\"@type\":\"SearchAction\",\"target\":{\"@type\":\"EntryPoint\",\"urlTemplate\":\"https:\\\/\\\/fjala.info\\\/2009-2015\\\/?s={search_term_string}\"},\"query-input\":{\"@type\":\"PropertyValueSpecification\",\"valueRequired\":true,\"valueName\":\"search_term_string\"}}],\"inLanguage\":\"sq-AL\"},{\"@type\":\"Organization\",\"@id\":\"https:\\\/\\\/fjala.info\\\/2009-2015\\\/#organization\",\"name\":\"FjALA e LIR\u00cb - Arkivi\",\"url\":\"https:\\\/\\\/fjala.info\\\/2009-2015\\\/\",\"logo\":{\"@type\":\"ImageObject\",\"inLanguage\":\"sq-AL\",\"@id\":\"https:\\\/\\\/fjala.info\\\/2009-2015\\\/#\\\/schema\\\/logo\\\/image\\\/\",\"url\":\"\",\"contentUrl\":\"\",\"caption\":\"FjALA e LIR\u00cb - Arkivi\"},\"image\":{\"@id\":\"https:\\\/\\\/fjala.info\\\/2009-2015\\\/#\\\/schema\\\/logo\\\/image\\\/\"}},{\"@type\":\"Person\",\"@id\":\"https:\\\/\\\/fjala.info\\\/2009-2015\\\/#\\\/schema\\\/person\\\/3aa1163ef05469c496fc94e77611ada2\",\"name\":\"admin\",\"image\":{\"@type\":\"ImageObject\",\"inLanguage\":\"sq-AL\",\"@id\":\"https:\\\/\\\/fjala.info\\\/2009-2015\\\/wp-content\\\/uploads\\\/2012\\\/02\\\/arben_cokaj-120x150.jpg\",\"url\":\"https:\\\/\\\/fjala.info\\\/2009-2015\\\/wp-content\\\/uploads\\\/2012\\\/02\\\/arben_cokaj-120x150.jpg\",\"contentUrl\":\"https:\\\/\\\/fjala.info\\\/2009-2015\\\/wp-content\\\/uploads\\\/2012\\\/02\\\/arben_cokaj-120x150.jpg\",\"caption\":\"admin\"},\"description\":\"Admin, Fjala e Lir\u00eb\",\"sameAs\":[\"https:\\\/\\\/fjala.info\\\/\"],\"url\":\"https:\\\/\\\/fjala.info\\\/2009-2015\\\/author\\\/admin\\\/\"}]}<\/script>\n<!-- \/ Yoast SEO plugin. -->","yoast_head_json":{"title":"Motrat dhe 'v\u00ebllai i madh' - FjALA e LIR\u00cb - Arkivi","robots":{"index":"index","follow":"follow","max-snippet":"max-snippet:-1","max-image-preview":"max-image-preview:large","max-video-preview":"max-video-preview:-1"},"canonical":"https:\/\/fjala.info\/2009-2015\/motrat-dhe-vellai-i-madh\/","og_locale":"sq_AL","og_type":"article","og_title":"Motrat dhe 'v\u00ebllai i madh' - FjALA e LIR\u00cb - Arkivi","og_description":"Arben Rrozhani, 22.08.2010 Vjollca Vokshi do t\u00eb m\u00ebrzitej shum\u00eb, po ta merrte vesh se sa t\u00eb famshme iu b\u00ebn\u00eb motrat, pse dol\u00ebn nja dy her\u00eb n\u00eb televizion. Her\u00ebn e dyt\u00eb t\u00eb Sali Berish\u00ebs n\u00eb pushtet, sepse her\u00ebn e par\u00eb kur ajo u b\u00eb e famshme, na mbeti pull\u00eb poste, n\u00eb t\u00eb vetmin ekran, TVSH-n\u00eb e [&hellip;]","og_url":"https:\/\/fjala.info\/2009-2015\/motrat-dhe-vellai-i-madh\/","og_site_name":"FjALA e LIR\u00cb - Arkivi","article_published_time":"2010-08-22T11:58:32+00:00","og_image":[{"url":"http:\/\/www.shkoder.net\/images\/fjala\/arben_rrozhani.jpg","type":"","width":"","height":""}],"author":"admin","twitter_card":"summary_large_image","twitter_misc":{"Written by":"admin","Est. reading time":"7 minutes"},"schema":{"@context":"https:\/\/schema.org","@graph":[{"@type":"Article","@id":"https:\/\/fjala.info\/2009-2015\/motrat-dhe-vellai-i-madh\/#article","isPartOf":{"@id":"https:\/\/fjala.info\/2009-2015\/motrat-dhe-vellai-i-madh\/"},"author":{"name":"admin","@id":"https:\/\/fjala.info\/2009-2015\/#\/schema\/person\/3aa1163ef05469c496fc94e77611ada2"},"headline":"Motrat dhe &#8216;v\u00ebllai i madh&#8217;","datePublished":"2010-08-22T11:58:32+00:00","mainEntityOfPage":{"@id":"https:\/\/fjala.info\/2009-2015\/motrat-dhe-vellai-i-madh\/"},"wordCount":1384,"commentCount":0,"publisher":{"@id":"https:\/\/fjala.info\/2009-2015\/#organization"},"image":{"@id":"https:\/\/fjala.info\/2009-2015\/motrat-dhe-vellai-i-madh\/#primaryimage"},"thumbnailUrl":"http:\/\/www.shkoder.net\/images\/fjala\/arben_rrozhani.jpg","articleSection":["Artikuj"],"inLanguage":"sq-AL","potentialAction":[{"@type":"CommentAction","name":"Comment","target":["https:\/\/fjala.info\/2009-2015\/motrat-dhe-vellai-i-madh\/#respond"]}]},{"@type":"WebPage","@id":"https:\/\/fjala.info\/2009-2015\/motrat-dhe-vellai-i-madh\/","url":"https:\/\/fjala.info\/2009-2015\/motrat-dhe-vellai-i-madh\/","name":"Motrat dhe 'v\u00ebllai i madh' - FjALA e LIR\u00cb - Arkivi","isPartOf":{"@id":"https:\/\/fjala.info\/2009-2015\/#website"},"primaryImageOfPage":{"@id":"https:\/\/fjala.info\/2009-2015\/motrat-dhe-vellai-i-madh\/#primaryimage"},"image":{"@id":"https:\/\/fjala.info\/2009-2015\/motrat-dhe-vellai-i-madh\/#primaryimage"},"thumbnailUrl":"http:\/\/www.shkoder.net\/images\/fjala\/arben_rrozhani.jpg","datePublished":"2010-08-22T11:58:32+00:00","breadcrumb":{"@id":"https:\/\/fjala.info\/2009-2015\/motrat-dhe-vellai-i-madh\/#breadcrumb"},"inLanguage":"sq-AL","potentialAction":[{"@type":"ReadAction","target":["https:\/\/fjala.info\/2009-2015\/motrat-dhe-vellai-i-madh\/"]}]},{"@type":"ImageObject","inLanguage":"sq-AL","@id":"https:\/\/fjala.info\/2009-2015\/motrat-dhe-vellai-i-madh\/#primaryimage","url":"http:\/\/www.shkoder.net\/images\/fjala\/arben_rrozhani.jpg","contentUrl":"http:\/\/www.shkoder.net\/images\/fjala\/arben_rrozhani.jpg"},{"@type":"BreadcrumbList","@id":"https:\/\/fjala.info\/2009-2015\/motrat-dhe-vellai-i-madh\/#breadcrumb","itemListElement":[{"@type":"ListItem","position":1,"name":"Home","item":"https:\/\/fjala.info\/2009-2015\/"},{"@type":"ListItem","position":2,"name":"Motrat dhe &#8216;v\u00ebllai i madh&#8217;"}]},{"@type":"WebSite","@id":"https:\/\/fjala.info\/2009-2015\/#website","url":"https:\/\/fjala.info\/2009-2015\/","name":"FjALA e LIR\u00cb - Arkivi","description":"Arkivi 2009-2015","publisher":{"@id":"https:\/\/fjala.info\/2009-2015\/#organization"},"potentialAction":[{"@type":"SearchAction","target":{"@type":"EntryPoint","urlTemplate":"https:\/\/fjala.info\/2009-2015\/?s={search_term_string}"},"query-input":{"@type":"PropertyValueSpecification","valueRequired":true,"valueName":"search_term_string"}}],"inLanguage":"sq-AL"},{"@type":"Organization","@id":"https:\/\/fjala.info\/2009-2015\/#organization","name":"FjALA e LIR\u00cb - Arkivi","url":"https:\/\/fjala.info\/2009-2015\/","logo":{"@type":"ImageObject","inLanguage":"sq-AL","@id":"https:\/\/fjala.info\/2009-2015\/#\/schema\/logo\/image\/","url":"","contentUrl":"","caption":"FjALA e LIR\u00cb - Arkivi"},"image":{"@id":"https:\/\/fjala.info\/2009-2015\/#\/schema\/logo\/image\/"}},{"@type":"Person","@id":"https:\/\/fjala.info\/2009-2015\/#\/schema\/person\/3aa1163ef05469c496fc94e77611ada2","name":"admin","image":{"@type":"ImageObject","inLanguage":"sq-AL","@id":"https:\/\/fjala.info\/2009-2015\/wp-content\/uploads\/2012\/02\/arben_cokaj-120x150.jpg","url":"https:\/\/fjala.info\/2009-2015\/wp-content\/uploads\/2012\/02\/arben_cokaj-120x150.jpg","contentUrl":"https:\/\/fjala.info\/2009-2015\/wp-content\/uploads\/2012\/02\/arben_cokaj-120x150.jpg","caption":"admin"},"description":"Admin, Fjala e Lir\u00eb","sameAs":["https:\/\/fjala.info\/"],"url":"https:\/\/fjala.info\/2009-2015\/author\/admin\/"}]}},"_links":{"self":[{"href":"https:\/\/fjala.info\/2009-2015\/wp-json\/wp\/v2\/posts\/3809","targetHints":{"allow":["GET"]}}],"collection":[{"href":"https:\/\/fjala.info\/2009-2015\/wp-json\/wp\/v2\/posts"}],"about":[{"href":"https:\/\/fjala.info\/2009-2015\/wp-json\/wp\/v2\/types\/post"}],"author":[{"embeddable":true,"href":"https:\/\/fjala.info\/2009-2015\/wp-json\/wp\/v2\/users\/1"}],"replies":[{"embeddable":true,"href":"https:\/\/fjala.info\/2009-2015\/wp-json\/wp\/v2\/comments?post=3809"}],"version-history":[{"count":0,"href":"https:\/\/fjala.info\/2009-2015\/wp-json\/wp\/v2\/posts\/3809\/revisions"}],"wp:attachment":[{"href":"https:\/\/fjala.info\/2009-2015\/wp-json\/wp\/v2\/media?parent=3809"}],"wp:term":[{"taxonomy":"category","embeddable":true,"href":"https:\/\/fjala.info\/2009-2015\/wp-json\/wp\/v2\/categories?post=3809"},{"taxonomy":"post_tag","embeddable":true,"href":"https:\/\/fjala.info\/2009-2015\/wp-json\/wp\/v2\/tags?post=3809"}],"curies":[{"name":"wp","href":"https:\/\/api.w.org\/{rel}","templated":true}]}}