{"id":3804,"date":"2010-08-20T15:01:40","date_gmt":"2010-08-20T14:01:40","guid":{"rendered":"http:\/\/fjala.shkoder.net\/?p=3804"},"modified":"2010-08-20T15:01:40","modified_gmt":"2010-08-20T14:01:40","slug":"ps-rama-do-bejme-publike-te-tjera-raste-korrupsioni-ne-qeveri","status":"publish","type":"post","link":"https:\/\/fjala.info\/2009-2015\/ps-rama-do-bejme-publike-te-tjera-raste-korrupsioni-ne-qeveri\/","title":{"rendered":"PS, Rama: &#8216;Do b\u00ebjm\u00eb publike t\u00eb tjera raste korrupsioni n\u00eb qeveri&#8217;"},"content":{"rendered":"<p><img loading=\"lazy\" decoding=\"async\" class=\"alignright size-full wp-image-3806\" title=\"Edi Rama\" src=\"http:\/\/fjala.shkoder.net\/wp-content\/uploads\/2010\/08\/edi_rama1.jpg\" alt=\"\" width=\"200\" height=\"128\" \/><\/p>\n<p><strong>Shekulli Online<\/strong>, <em>20.08.2010<\/em><\/p>\n<p><em>UPDATE<\/em> &#8211; N\u00eb bashk\u00ebbisedimin e tij t\u00eb s\u00eb premtes me gazetar\u00ebt kryetari i PS-s\u00eb Edi Rama, vuri theksin n\u00eb dy \u00e7\u00ebshtje kryesore, kriz\u00ebn ekonomike dhe ekonomin\u00eb e sotme si kriz\u00eb t\u00eb qeverisjes. Ai foli gjithashtu p\u00ebr rastet e pasurimit korruptiv t\u00eb ministrit Prifti dhe deputetes Albana Vokshi.<\/p>\n<p>Rama paralajm\u00ebroi gjithashtu se s\u00eb shpejti pasi t\u00eb jen\u00eb mbledhur t\u00eb dh\u00ebna faktuese, do t\u00eb publikohet nj\u00eb tjet\u00ebr rast korrupsioni brenda qeveris\u00eb.<\/p>\n<p>Lufta kund\u00ebr korrupsionit, \u00ebsht\u00eb thjesht nj\u00eb fars\u00eb deklaroi kryestari I PS-s\u00eb, nd\u00ebrsa solli n\u00eb v\u00ebmendje disa raste t\u00eb personave t\u00eb cil\u00ebt kan\u00eb qen\u00eb t\u00eb akuzuar p\u00ebr korrupsion, por q\u00eb m\u00eb pas jan\u00eb liruar nga d\u00ebnimi, dhe pasuria e tyre ka mbetur e paprekur.<\/p>\n<p>Duke iu referuar ekonomis\u00eb n\u00eb fjal\u00ebn e tij kryetari i PS-s\u00eb tha se cdo shif\u00ebr flet qart\u00eb se rritja ekonomike e pretenduar \u00ebsht\u00eb fiktive, dhe se ka qen\u00eb nj\u00eb rritje eknomike pa zhvillim ekonomik dhe pun\u00ebsim.<\/p>\n<p>Borxhi zyrtar tha Rama \u00ebsht\u00eb 60%, nd\u00ebrsa borxhi real \u00ebsht\u00eb mbi 100%.<\/p>\n<p>* * *<\/p>\n<p>Ndon\u00ebse ndodhemi n\u00eb nj\u00eb periudh\u00eb t\u00eb qet\u00eb politike, kjo nuk mund t\u00eb thuhet p\u00ebr muajin q\u00eb do t\u00eb vij\u00eb, pasi Partia Socialiste po p\u00ebrgatit axhend\u00ebn politike t\u00eb aksionit t\u00eb saj opozitar. Burime nga selia roz\u00eb b\u00ebjn\u00eb t\u00eb ditur se n\u00eb muajin shtator do t\u00eb forcohet edhe m\u00eb shum\u00eb aksioni i tyre politik, pasi p\u00ebrkon edhe me rinisjen e aktiviteteve politike, si edhe disa \u00e7\u00ebshtje t\u00eb r\u00ebnd\u00ebsishme q\u00eb do t\u00eb k\u00ebrkojn\u00eb m\u00eb shum\u00eb energji politike.<\/p>\n<p>Nisja e punimeve n\u00eb Kuvendin e Shqip\u00ebris\u00eb do t\u00eb sjell\u00eb edhe sqarimin e \u00e7\u00ebshtjeve t\u00eb l\u00ebna pezull n\u00eb sesionin parlamentar q\u00eb lam\u00eb pas. Krahas k\u00ebsaj, do t\u00eb fillojn\u00eb p\u00ebrpjekjet midis dy forcave t\u00eb m\u00ebdha politike p\u00ebr t\u00eb arritur n\u00eb nj\u00eb konsensus p\u00ebr \u00e7\u00ebshtjen e hetimit t\u00eb zgjedhjeve parlamentare p\u00ebrmes zhvillimit t\u00eb negociatave. Nj\u00eb \u00e7\u00ebshtje e r\u00ebnd\u00ebsishme \u00ebsht\u00eb dhe p\u00ebrcaktimi i dat\u00ebs s\u00eb zgjedhjeve t\u00eb ardhshme vendore, q\u00eb nj\u00ebkoh\u00ebsisht do t\u00eb &#8220;ndez\u00eb&#8221; n\u00eb sken\u00ebn politike shqiptare \u00e7\u00ebshtjen e kutive t\u00eb votimit.<\/p>\n<p><strong>Kuvendi<\/strong><br \/>\nMe nisjen e sesionit t\u00eb tret\u00eb parlamentar, politika shqiptare do t\u00eb nis\u00eb debatet midis tyre p\u00ebr \u00e7\u00ebshtje t\u00eb cilat ka pasur kritika dhe reagime t\u00eb ndryshme. Nj\u00eb nga ligjet m\u00eb t\u00eb diskutuara q\u00eb do t\u00eb k\u00ebrkohet t\u00eb miratohet nga mazhoranca do t\u00eb jet\u00eb ligji i Sh\u00ebrbimit Informativ Shtet\u00ebror. Zotimi i mazhoranc\u00ebs p\u00ebr t\u00eb kaluar me &#8220;shpejt\u00ebsi&#8221; k\u00ebt\u00eb ligj, ka sjell edhe kund\u00ebrshtimin e opozit\u00ebs dhe faktor\u00ebve nd\u00ebrkomb\u00ebtar\u00ebve.<\/p>\n<p>Nj\u00eb nga betejat me t\u00eb cilat do t\u00eb p\u00ebrballet e majta \u00ebsht\u00eb ky ligj dhe do t\u00eb p\u00ebrdor\u00eb t\u00eb gjitha mjetet ligjore q\u00eb ka n\u00eb dispozicion t\u00eb saj p\u00ebr t\u00eb mos e miratuar dhe t\u00eb b\u00ebj\u00eb q\u00eb t\u00eb rishikohet, dhe t\u00eb p\u00ebrshtatet konform standardeve t\u00eb vendeve an\u00ebtare t\u00eb NATO-s. Kjo nuk \u00ebsht\u00eb e vetmja betej\u00eb e Partis\u00eb Socialiste.<\/p>\n<p>Me fillimin e punimeve n\u00eb Kuvend, nisin edhe komisionet parlamentare, p\u00ebr shum\u00eb ligje selia roz\u00eb do t\u00eb b\u00ebj\u00eb nj\u00eb oponenc\u00eb t\u00eb fort\u00eb me argumente dhe do t\u00eb k\u00ebrkoj\u00eb p\u00ebrmir\u00ebsimin e nj\u00eb s\u00ebr\u00eb ligjesh t\u00eb cilat kalohen me forc\u00ebn e kartonit nga ana e mazhoranc\u00ebs. Nj\u00eb tjet\u00ebr pik\u00eb e aksionit politik socialist do t\u00eb jet\u00eb dhe zhvillimi i sa m\u00eb shum\u00eb interpelancave me zyrtar\u00eb t\u00eb lart\u00eb t\u00eb shtetit shqiptar, p\u00ebr t&#8217;i shprehur atyre kritikat, akuzat dhe defektet n\u00eb drejtimin e vendit.<\/p>\n<p><strong>Negociatat<\/strong><br \/>\nNj\u00eb ngjarje e r\u00ebnd\u00ebsishme q\u00eb n\u00eb fillim t\u00eb muajit t\u00eb ardhsh\u00ebm \u00ebsht\u00eb dhe caktimi i dat\u00ebs s\u00eb zgjedhjeve t\u00eb ardhshme vendore nga Presidenti Topi. Me p\u00ebrcaktimin e nj\u00eb date t\u00eb till\u00eb do t\u00eb rindizet debati mbi \u00e7\u00ebshtjen e kutive t\u00eb votimit dhe se \u00e7far\u00eb duhet t\u00eb b\u00ebhet me to. Partia Socialiste do t\u00eb rip\u00ebrs\u00ebris\u00eb k\u00ebrkes\u00ebn e saj p\u00ebr hetimin e plot\u00eb t\u00eb zgjedhjeve p\u00ebrmes kutive.<\/p>\n<p>Gjithashtu ajo do t\u00eb forcoj\u00eb aksionin e saj politik n\u00eb dh\u00ebnien e kontributit p\u00ebr zgjidhjen e kriz\u00ebs politike n\u00eb vend, duke mos anashkaluar k\u00ebrkes\u00ebn e tyre t\u00eb b\u00ebr\u00eb prej shum\u00eb koh\u00ebsh. Zhvillimi negociatave me Partin\u00eb Demokratike do t\u00eb jet\u00eb n\u00eb fokusin e socialist\u00ebve. Megjith\u00ebse ata kan\u00eb dh\u00ebn\u00eb pak koh\u00eb m\u00eb par\u00eb propozime konkrete p\u00ebr zgjidhjen e kriz\u00ebs, Partia Socialiste do t\u00eb vijoj\u00eb betej\u00ebn p\u00ebr hapjen e kutive t\u00eb zgjedhjeve parlamentare t\u00eb 28 qershorit.<\/p>\n<p><strong>Protestat<\/strong><br \/>\nNisja e protestave \u00ebsht\u00eb gjithnj\u00eb e m\u00eb shum\u00eb nj\u00eb opsion i shtruar n\u00eb axhend\u00ebn e Partis\u00eb Socialiste. N\u00eb deklarimet e fundit publike t\u00eb zyrtar\u00ebve t\u00eb lart\u00eb socialist\u00eb theksohet e m\u00eb shum\u00eb fakti se zhvillimi i protestave \u00ebsht\u00eb gjithnj\u00eb e m\u00eb shum\u00eb nj\u00eb opsionin i tyre p\u00ebrball\u00eb kushteve n\u00eb t\u00eb cilat ndodhet vendi. Nga selia roz\u00eb m\u00ebsohet se kriza ekonomike n\u00eb t\u00eb cil\u00ebt ndodhet vendi, skandalet korruptive n\u00eb qeveri, keqqeverisja e vendit dhe kok\u00ebfort\u00ebsia e mazhoranc\u00ebs p\u00ebr t\u00eb mos d\u00ebgjuar k\u00ebrkesat e opozit\u00ebs, shtojn\u00eb mund\u00ebsit\u00eb p\u00ebr zhvillimin e protestave n\u00eb t\u00eb gjith\u00eb vendin.<\/p>\n<p>Gjithashtu, m\u00ebsohet se n\u00eb dit\u00ebt n\u00eb vijim socialist\u00ebt do t\u00eb paraqesin fakte t\u00eb reja p\u00ebr korrupsionin q\u00eb ka kapur shtetin p\u00ebrmes zyrtar\u00ebve t\u00eb lart\u00eb t\u00eb mazhoranc\u00ebs. P\u00ebr t\u00eb gjitha k\u00ebto \u00e7\u00ebshtje q\u00eb shqet\u00ebsojn\u00eb opinionin publik dhe \u00e7\u00ebshtje t\u00eb tjera t\u00eb cilat do t\u00eb dalin gjat\u00eb aksionit politik t\u00eb Partis\u00eb Socialiste do t\u00eb ket\u00eb nj\u00eb organizim p\u00ebr t\u00eb zhvilluar betej\u00ebn politike me mazhoranc\u00ebn.<\/p>\n<p>Kryetari i Partis\u00eb Socialiste, Edi Rama, gjate nje bashkebisedimi te tij me gazetare ne fund te korrikut, paralajm\u00ebroi nj\u00eb aksion m\u00eb t\u00eb madh politik n\u00eb muajin shtator, duke risjell\u00eb si opsion zhvillimin e protestave. Ai e quajti seancen e fundit parlamentare te turpshme dhe tregues te qarte te krizes se kryeministrit dhe qeverise.<\/p>\n","protected":false},"excerpt":{"rendered":"<p>Shekulli Online, 20.08.2010 UPDATE &#8211; N\u00eb bashk\u00ebbisedimin e tij t\u00eb s\u00eb premtes me gazetar\u00ebt kryetari i PS-s\u00eb Edi Rama, vuri theksin n\u00eb dy \u00e7\u00ebshtje kryesore, kriz\u00ebn ekonomike dhe ekonomin\u00eb e sotme si kriz\u00eb t\u00eb qeverisjes. Ai foli gjithashtu p\u00ebr rastet e pasurimit korruptiv t\u00eb ministrit Prifti dhe deputetes Albana Vokshi. Rama paralajm\u00ebroi gjithashtu se s\u00eb [&hellip;]<\/p>\n","protected":false},"author":1,"featured_media":0,"comment_status":"open","ping_status":"closed","sticky":false,"template":"","format":"standard","meta":{"footnotes":""},"categories":[2],"tags":[],"class_list":{"0":"post-3804","1":"post","2":"type-post","3":"status-publish","4":"format-standard","6":"category-artikuj"},"yoast_head":"<!-- This site is optimized with the Yoast SEO plugin v27.4 - https:\/\/yoast.com\/product\/yoast-seo-wordpress\/ -->\n<title>PS, Rama: &#039;Do b\u00ebjm\u00eb publike t\u00eb tjera raste korrupsioni n\u00eb qeveri&#039; - FjALA e LIR\u00cb - Arkivi<\/title>\n<meta name=\"robots\" content=\"index, follow, max-snippet:-1, max-image-preview:large, max-video-preview:-1\" \/>\n<link rel=\"canonical\" href=\"https:\/\/fjala.info\/2009-2015\/ps-rama-do-bejme-publike-te-tjera-raste-korrupsioni-ne-qeveri\/\" \/>\n<meta property=\"og:locale\" content=\"sq_AL\" \/>\n<meta property=\"og:type\" content=\"article\" \/>\n<meta property=\"og:title\" content=\"PS, Rama: &#039;Do b\u00ebjm\u00eb publike t\u00eb tjera raste korrupsioni n\u00eb qeveri&#039; - FjALA e LIR\u00cb - Arkivi\" \/>\n<meta property=\"og:description\" content=\"Shekulli Online, 20.08.2010 UPDATE &#8211; N\u00eb bashk\u00ebbisedimin e tij t\u00eb s\u00eb premtes me gazetar\u00ebt kryetari i PS-s\u00eb Edi Rama, vuri theksin n\u00eb dy \u00e7\u00ebshtje kryesore, kriz\u00ebn ekonomike dhe ekonomin\u00eb e sotme si kriz\u00eb t\u00eb qeverisjes. Ai foli gjithashtu p\u00ebr rastet e pasurimit korruptiv t\u00eb ministrit Prifti dhe deputetes Albana Vokshi. Rama paralajm\u00ebroi gjithashtu se s\u00eb [&hellip;]\" \/>\n<meta property=\"og:url\" content=\"https:\/\/fjala.info\/2009-2015\/ps-rama-do-bejme-publike-te-tjera-raste-korrupsioni-ne-qeveri\/\" \/>\n<meta property=\"og:site_name\" content=\"FjALA e LIR\u00cb - Arkivi\" \/>\n<meta property=\"article:published_time\" content=\"2010-08-20T14:01:40+00:00\" \/>\n<meta property=\"og:image\" content=\"http:\/\/fjala.shkoder.net\/wp-content\/uploads\/2010\/08\/edi_rama1.jpg\" \/>\n<meta name=\"author\" content=\"admin\" \/>\n<meta name=\"twitter:card\" content=\"summary_large_image\" \/>\n<meta name=\"twitter:label1\" content=\"Written by\" \/>\n\t<meta name=\"twitter:data1\" content=\"admin\" \/>\n\t<meta name=\"twitter:label2\" content=\"Est. reading time\" \/>\n\t<meta name=\"twitter:data2\" content=\"5 minutes\" \/>\n<script type=\"application\/ld+json\" class=\"yoast-schema-graph\">{\"@context\":\"https:\\\/\\\/schema.org\",\"@graph\":[{\"@type\":\"Article\",\"@id\":\"https:\\\/\\\/fjala.info\\\/2009-2015\\\/ps-rama-do-bejme-publike-te-tjera-raste-korrupsioni-ne-qeveri\\\/#article\",\"isPartOf\":{\"@id\":\"https:\\\/\\\/fjala.info\\\/2009-2015\\\/ps-rama-do-bejme-publike-te-tjera-raste-korrupsioni-ne-qeveri\\\/\"},\"author\":{\"name\":\"admin\",\"@id\":\"https:\\\/\\\/fjala.info\\\/2009-2015\\\/#\\\/schema\\\/person\\\/3aa1163ef05469c496fc94e77611ada2\"},\"headline\":\"PS, Rama: &#8216;Do b\u00ebjm\u00eb publike t\u00eb tjera raste korrupsioni n\u00eb qeveri&#8217;\",\"datePublished\":\"2010-08-20T14:01:40+00:00\",\"mainEntityOfPage\":{\"@id\":\"https:\\\/\\\/fjala.info\\\/2009-2015\\\/ps-rama-do-bejme-publike-te-tjera-raste-korrupsioni-ne-qeveri\\\/\"},\"wordCount\":1004,\"commentCount\":0,\"publisher\":{\"@id\":\"https:\\\/\\\/fjala.info\\\/2009-2015\\\/#organization\"},\"image\":{\"@id\":\"https:\\\/\\\/fjala.info\\\/2009-2015\\\/ps-rama-do-bejme-publike-te-tjera-raste-korrupsioni-ne-qeveri\\\/#primaryimage\"},\"thumbnailUrl\":\"http:\\\/\\\/fjala.shkoder.net\\\/wp-content\\\/uploads\\\/2010\\\/08\\\/edi_rama1.jpg\",\"articleSection\":[\"Artikuj\"],\"inLanguage\":\"sq-AL\",\"potentialAction\":[{\"@type\":\"CommentAction\",\"name\":\"Comment\",\"target\":[\"https:\\\/\\\/fjala.info\\\/2009-2015\\\/ps-rama-do-bejme-publike-te-tjera-raste-korrupsioni-ne-qeveri\\\/#respond\"]}]},{\"@type\":\"WebPage\",\"@id\":\"https:\\\/\\\/fjala.info\\\/2009-2015\\\/ps-rama-do-bejme-publike-te-tjera-raste-korrupsioni-ne-qeveri\\\/\",\"url\":\"https:\\\/\\\/fjala.info\\\/2009-2015\\\/ps-rama-do-bejme-publike-te-tjera-raste-korrupsioni-ne-qeveri\\\/\",\"name\":\"PS, Rama: 'Do b\u00ebjm\u00eb publike t\u00eb tjera raste korrupsioni n\u00eb qeveri' - FjALA e LIR\u00cb - Arkivi\",\"isPartOf\":{\"@id\":\"https:\\\/\\\/fjala.info\\\/2009-2015\\\/#website\"},\"primaryImageOfPage\":{\"@id\":\"https:\\\/\\\/fjala.info\\\/2009-2015\\\/ps-rama-do-bejme-publike-te-tjera-raste-korrupsioni-ne-qeveri\\\/#primaryimage\"},\"image\":{\"@id\":\"https:\\\/\\\/fjala.info\\\/2009-2015\\\/ps-rama-do-bejme-publike-te-tjera-raste-korrupsioni-ne-qeveri\\\/#primaryimage\"},\"thumbnailUrl\":\"http:\\\/\\\/fjala.shkoder.net\\\/wp-content\\\/uploads\\\/2010\\\/08\\\/edi_rama1.jpg\",\"datePublished\":\"2010-08-20T14:01:40+00:00\",\"breadcrumb\":{\"@id\":\"https:\\\/\\\/fjala.info\\\/2009-2015\\\/ps-rama-do-bejme-publike-te-tjera-raste-korrupsioni-ne-qeveri\\\/#breadcrumb\"},\"inLanguage\":\"sq-AL\",\"potentialAction\":[{\"@type\":\"ReadAction\",\"target\":[\"https:\\\/\\\/fjala.info\\\/2009-2015\\\/ps-rama-do-bejme-publike-te-tjera-raste-korrupsioni-ne-qeveri\\\/\"]}]},{\"@type\":\"ImageObject\",\"inLanguage\":\"sq-AL\",\"@id\":\"https:\\\/\\\/fjala.info\\\/2009-2015\\\/ps-rama-do-bejme-publike-te-tjera-raste-korrupsioni-ne-qeveri\\\/#primaryimage\",\"url\":\"http:\\\/\\\/fjala.shkoder.net\\\/wp-content\\\/uploads\\\/2010\\\/08\\\/edi_rama1.jpg\",\"contentUrl\":\"http:\\\/\\\/fjala.shkoder.net\\\/wp-content\\\/uploads\\\/2010\\\/08\\\/edi_rama1.jpg\"},{\"@type\":\"BreadcrumbList\",\"@id\":\"https:\\\/\\\/fjala.info\\\/2009-2015\\\/ps-rama-do-bejme-publike-te-tjera-raste-korrupsioni-ne-qeveri\\\/#breadcrumb\",\"itemListElement\":[{\"@type\":\"ListItem\",\"position\":1,\"name\":\"Home\",\"item\":\"https:\\\/\\\/fjala.info\\\/2009-2015\\\/\"},{\"@type\":\"ListItem\",\"position\":2,\"name\":\"PS, Rama: &#8216;Do b\u00ebjm\u00eb publike t\u00eb tjera raste korrupsioni n\u00eb qeveri&#8217;\"}]},{\"@type\":\"WebSite\",\"@id\":\"https:\\\/\\\/fjala.info\\\/2009-2015\\\/#website\",\"url\":\"https:\\\/\\\/fjala.info\\\/2009-2015\\\/\",\"name\":\"FjALA e LIR\u00cb - Arkivi\",\"description\":\"Arkivi 2009-2015\",\"publisher\":{\"@id\":\"https:\\\/\\\/fjala.info\\\/2009-2015\\\/#organization\"},\"potentialAction\":[{\"@type\":\"SearchAction\",\"target\":{\"@type\":\"EntryPoint\",\"urlTemplate\":\"https:\\\/\\\/fjala.info\\\/2009-2015\\\/?s={search_term_string}\"},\"query-input\":{\"@type\":\"PropertyValueSpecification\",\"valueRequired\":true,\"valueName\":\"search_term_string\"}}],\"inLanguage\":\"sq-AL\"},{\"@type\":\"Organization\",\"@id\":\"https:\\\/\\\/fjala.info\\\/2009-2015\\\/#organization\",\"name\":\"FjALA e LIR\u00cb - Arkivi\",\"url\":\"https:\\\/\\\/fjala.info\\\/2009-2015\\\/\",\"logo\":{\"@type\":\"ImageObject\",\"inLanguage\":\"sq-AL\",\"@id\":\"https:\\\/\\\/fjala.info\\\/2009-2015\\\/#\\\/schema\\\/logo\\\/image\\\/\",\"url\":\"\",\"contentUrl\":\"\",\"caption\":\"FjALA e LIR\u00cb - Arkivi\"},\"image\":{\"@id\":\"https:\\\/\\\/fjala.info\\\/2009-2015\\\/#\\\/schema\\\/logo\\\/image\\\/\"}},{\"@type\":\"Person\",\"@id\":\"https:\\\/\\\/fjala.info\\\/2009-2015\\\/#\\\/schema\\\/person\\\/3aa1163ef05469c496fc94e77611ada2\",\"name\":\"admin\",\"image\":{\"@type\":\"ImageObject\",\"inLanguage\":\"sq-AL\",\"@id\":\"https:\\\/\\\/fjala.info\\\/2009-2015\\\/wp-content\\\/uploads\\\/2012\\\/02\\\/arben_cokaj-120x150.jpg\",\"url\":\"https:\\\/\\\/fjala.info\\\/2009-2015\\\/wp-content\\\/uploads\\\/2012\\\/02\\\/arben_cokaj-120x150.jpg\",\"contentUrl\":\"https:\\\/\\\/fjala.info\\\/2009-2015\\\/wp-content\\\/uploads\\\/2012\\\/02\\\/arben_cokaj-120x150.jpg\",\"caption\":\"admin\"},\"description\":\"Admin, Fjala e Lir\u00eb\",\"sameAs\":[\"https:\\\/\\\/fjala.info\\\/\"],\"url\":\"https:\\\/\\\/fjala.info\\\/2009-2015\\\/author\\\/admin\\\/\"}]}<\/script>\n<!-- \/ Yoast SEO plugin. -->","yoast_head_json":{"title":"PS, Rama: 'Do b\u00ebjm\u00eb publike t\u00eb tjera raste korrupsioni n\u00eb qeveri' - FjALA e LIR\u00cb - Arkivi","robots":{"index":"index","follow":"follow","max-snippet":"max-snippet:-1","max-image-preview":"max-image-preview:large","max-video-preview":"max-video-preview:-1"},"canonical":"https:\/\/fjala.info\/2009-2015\/ps-rama-do-bejme-publike-te-tjera-raste-korrupsioni-ne-qeveri\/","og_locale":"sq_AL","og_type":"article","og_title":"PS, Rama: 'Do b\u00ebjm\u00eb publike t\u00eb tjera raste korrupsioni n\u00eb qeveri' - FjALA e LIR\u00cb - Arkivi","og_description":"Shekulli Online, 20.08.2010 UPDATE &#8211; N\u00eb bashk\u00ebbisedimin e tij t\u00eb s\u00eb premtes me gazetar\u00ebt kryetari i PS-s\u00eb Edi Rama, vuri theksin n\u00eb dy \u00e7\u00ebshtje kryesore, kriz\u00ebn ekonomike dhe ekonomin\u00eb e sotme si kriz\u00eb t\u00eb qeverisjes. Ai foli gjithashtu p\u00ebr rastet e pasurimit korruptiv t\u00eb ministrit Prifti dhe deputetes Albana Vokshi. Rama paralajm\u00ebroi gjithashtu se s\u00eb [&hellip;]","og_url":"https:\/\/fjala.info\/2009-2015\/ps-rama-do-bejme-publike-te-tjera-raste-korrupsioni-ne-qeveri\/","og_site_name":"FjALA e LIR\u00cb - Arkivi","article_published_time":"2010-08-20T14:01:40+00:00","og_image":[{"url":"http:\/\/fjala.shkoder.net\/wp-content\/uploads\/2010\/08\/edi_rama1.jpg","type":"","width":"","height":""}],"author":"admin","twitter_card":"summary_large_image","twitter_misc":{"Written by":"admin","Est. reading time":"5 minutes"},"schema":{"@context":"https:\/\/schema.org","@graph":[{"@type":"Article","@id":"https:\/\/fjala.info\/2009-2015\/ps-rama-do-bejme-publike-te-tjera-raste-korrupsioni-ne-qeveri\/#article","isPartOf":{"@id":"https:\/\/fjala.info\/2009-2015\/ps-rama-do-bejme-publike-te-tjera-raste-korrupsioni-ne-qeveri\/"},"author":{"name":"admin","@id":"https:\/\/fjala.info\/2009-2015\/#\/schema\/person\/3aa1163ef05469c496fc94e77611ada2"},"headline":"PS, Rama: &#8216;Do b\u00ebjm\u00eb publike t\u00eb tjera raste korrupsioni n\u00eb qeveri&#8217;","datePublished":"2010-08-20T14:01:40+00:00","mainEntityOfPage":{"@id":"https:\/\/fjala.info\/2009-2015\/ps-rama-do-bejme-publike-te-tjera-raste-korrupsioni-ne-qeveri\/"},"wordCount":1004,"commentCount":0,"publisher":{"@id":"https:\/\/fjala.info\/2009-2015\/#organization"},"image":{"@id":"https:\/\/fjala.info\/2009-2015\/ps-rama-do-bejme-publike-te-tjera-raste-korrupsioni-ne-qeveri\/#primaryimage"},"thumbnailUrl":"http:\/\/fjala.shkoder.net\/wp-content\/uploads\/2010\/08\/edi_rama1.jpg","articleSection":["Artikuj"],"inLanguage":"sq-AL","potentialAction":[{"@type":"CommentAction","name":"Comment","target":["https:\/\/fjala.info\/2009-2015\/ps-rama-do-bejme-publike-te-tjera-raste-korrupsioni-ne-qeveri\/#respond"]}]},{"@type":"WebPage","@id":"https:\/\/fjala.info\/2009-2015\/ps-rama-do-bejme-publike-te-tjera-raste-korrupsioni-ne-qeveri\/","url":"https:\/\/fjala.info\/2009-2015\/ps-rama-do-bejme-publike-te-tjera-raste-korrupsioni-ne-qeveri\/","name":"PS, Rama: 'Do b\u00ebjm\u00eb publike t\u00eb tjera raste korrupsioni n\u00eb qeveri' - FjALA e LIR\u00cb - Arkivi","isPartOf":{"@id":"https:\/\/fjala.info\/2009-2015\/#website"},"primaryImageOfPage":{"@id":"https:\/\/fjala.info\/2009-2015\/ps-rama-do-bejme-publike-te-tjera-raste-korrupsioni-ne-qeveri\/#primaryimage"},"image":{"@id":"https:\/\/fjala.info\/2009-2015\/ps-rama-do-bejme-publike-te-tjera-raste-korrupsioni-ne-qeveri\/#primaryimage"},"thumbnailUrl":"http:\/\/fjala.shkoder.net\/wp-content\/uploads\/2010\/08\/edi_rama1.jpg","datePublished":"2010-08-20T14:01:40+00:00","breadcrumb":{"@id":"https:\/\/fjala.info\/2009-2015\/ps-rama-do-bejme-publike-te-tjera-raste-korrupsioni-ne-qeveri\/#breadcrumb"},"inLanguage":"sq-AL","potentialAction":[{"@type":"ReadAction","target":["https:\/\/fjala.info\/2009-2015\/ps-rama-do-bejme-publike-te-tjera-raste-korrupsioni-ne-qeveri\/"]}]},{"@type":"ImageObject","inLanguage":"sq-AL","@id":"https:\/\/fjala.info\/2009-2015\/ps-rama-do-bejme-publike-te-tjera-raste-korrupsioni-ne-qeveri\/#primaryimage","url":"http:\/\/fjala.shkoder.net\/wp-content\/uploads\/2010\/08\/edi_rama1.jpg","contentUrl":"http:\/\/fjala.shkoder.net\/wp-content\/uploads\/2010\/08\/edi_rama1.jpg"},{"@type":"BreadcrumbList","@id":"https:\/\/fjala.info\/2009-2015\/ps-rama-do-bejme-publike-te-tjera-raste-korrupsioni-ne-qeveri\/#breadcrumb","itemListElement":[{"@type":"ListItem","position":1,"name":"Home","item":"https:\/\/fjala.info\/2009-2015\/"},{"@type":"ListItem","position":2,"name":"PS, Rama: &#8216;Do b\u00ebjm\u00eb publike t\u00eb tjera raste korrupsioni n\u00eb qeveri&#8217;"}]},{"@type":"WebSite","@id":"https:\/\/fjala.info\/2009-2015\/#website","url":"https:\/\/fjala.info\/2009-2015\/","name":"FjALA e LIR\u00cb - Arkivi","description":"Arkivi 2009-2015","publisher":{"@id":"https:\/\/fjala.info\/2009-2015\/#organization"},"potentialAction":[{"@type":"SearchAction","target":{"@type":"EntryPoint","urlTemplate":"https:\/\/fjala.info\/2009-2015\/?s={search_term_string}"},"query-input":{"@type":"PropertyValueSpecification","valueRequired":true,"valueName":"search_term_string"}}],"inLanguage":"sq-AL"},{"@type":"Organization","@id":"https:\/\/fjala.info\/2009-2015\/#organization","name":"FjALA e LIR\u00cb - Arkivi","url":"https:\/\/fjala.info\/2009-2015\/","logo":{"@type":"ImageObject","inLanguage":"sq-AL","@id":"https:\/\/fjala.info\/2009-2015\/#\/schema\/logo\/image\/","url":"","contentUrl":"","caption":"FjALA e LIR\u00cb - Arkivi"},"image":{"@id":"https:\/\/fjala.info\/2009-2015\/#\/schema\/logo\/image\/"}},{"@type":"Person","@id":"https:\/\/fjala.info\/2009-2015\/#\/schema\/person\/3aa1163ef05469c496fc94e77611ada2","name":"admin","image":{"@type":"ImageObject","inLanguage":"sq-AL","@id":"https:\/\/fjala.info\/2009-2015\/wp-content\/uploads\/2012\/02\/arben_cokaj-120x150.jpg","url":"https:\/\/fjala.info\/2009-2015\/wp-content\/uploads\/2012\/02\/arben_cokaj-120x150.jpg","contentUrl":"https:\/\/fjala.info\/2009-2015\/wp-content\/uploads\/2012\/02\/arben_cokaj-120x150.jpg","caption":"admin"},"description":"Admin, Fjala e Lir\u00eb","sameAs":["https:\/\/fjala.info\/"],"url":"https:\/\/fjala.info\/2009-2015\/author\/admin\/"}]}},"_links":{"self":[{"href":"https:\/\/fjala.info\/2009-2015\/wp-json\/wp\/v2\/posts\/3804","targetHints":{"allow":["GET"]}}],"collection":[{"href":"https:\/\/fjala.info\/2009-2015\/wp-json\/wp\/v2\/posts"}],"about":[{"href":"https:\/\/fjala.info\/2009-2015\/wp-json\/wp\/v2\/types\/post"}],"author":[{"embeddable":true,"href":"https:\/\/fjala.info\/2009-2015\/wp-json\/wp\/v2\/users\/1"}],"replies":[{"embeddable":true,"href":"https:\/\/fjala.info\/2009-2015\/wp-json\/wp\/v2\/comments?post=3804"}],"version-history":[{"count":0,"href":"https:\/\/fjala.info\/2009-2015\/wp-json\/wp\/v2\/posts\/3804\/revisions"}],"wp:attachment":[{"href":"https:\/\/fjala.info\/2009-2015\/wp-json\/wp\/v2\/media?parent=3804"}],"wp:term":[{"taxonomy":"category","embeddable":true,"href":"https:\/\/fjala.info\/2009-2015\/wp-json\/wp\/v2\/categories?post=3804"},{"taxonomy":"post_tag","embeddable":true,"href":"https:\/\/fjala.info\/2009-2015\/wp-json\/wp\/v2\/tags?post=3804"}],"curies":[{"name":"wp","href":"https:\/\/api.w.org\/{rel}","templated":true}]}}