{"id":3802,"date":"2010-08-20T14:59:29","date_gmt":"2010-08-20T13:59:29","guid":{"rendered":"http:\/\/fjala.shkoder.net\/?p=3802"},"modified":"2010-08-20T14:59:29","modified_gmt":"2010-08-20T13:59:29","slug":"ps-kompania-e-deputetes-vokshi-u-favorizua-me-procedura-false","status":"publish","type":"post","link":"https:\/\/fjala.info\/2009-2015\/ps-kompania-e-deputetes-vokshi-u-favorizua-me-procedura-false\/","title":{"rendered":"PS: Kompania e deputetes Vokshi u favorizua me procedura false"},"content":{"rendered":"<p><img decoding=\"async\" style=\"margin-left: 10px; margin-right: 10px; border: 0px;\" title=\"Erjon Bra\u00e7e\" src=\"http:\/\/www.shkoder.net\/images\/fjala\/erjon_brace.jpg\" border=\"0\" alt=\"\" width=\"150\" align=\"right\" \/><\/p>\n<p><em>E premte, 20 Gusht 2010<\/em><\/p>\n<p>Partia Socialiste ka ngritur disa akuza ndaj deputetes Albana Vokshi, bashk\u00ebshortit t\u00eb saj dhe Kryeministrit n\u00eb lidhje me favorizim t\u00eb nj\u00eb kompanie private n\u00eb shfryt\u00ebzimin e vendburimeve t\u00eb naft\u00ebs, kompani n\u00eb pron\u00ebsi t\u00eb bashk\u00ebshortit t\u00eb deputetes Vokshi. PS ka k\u00ebrkuar hetimin e k\u00ebsaj ngjarjeje si dhe hetimin e burimeve t\u00eb pasuris\u00eb s\u00eb deputetes s\u00eb PD-s\u00eb.<\/p>\n<p>5 milione usd pretendon Partia Socialiste se jan\u00eb shitur aksionet e k\u00ebsaj kompanie t\u00eb 2 milion\u00eb aksioneve. Sipas PS-s\u00eb, zyrtar\u00ebt e kompanis\u00eb fshehin shit\u00ebsin e k\u00ebtyre aksionevePartia Socialiste thellon akuzat ndaj deputetes s\u00eb PD-s\u00eb, Albana Vokshit, p\u00ebr afera kurruptive, duke akuzuar p\u00ebr favorizime edhe Kryeministrin Sali Berisha.<\/p>\n<p>Deputeti i PS-s\u00eb, Erjon Bra\u00e7e, deklaroi dje se kompania n\u00eb pron\u00ebsi t\u00eb bashk\u00ebshortit t\u00eb deputetes Vokshi, \u00ebsht\u00eb favorizuar nga N\u00ebnkryetari i grupit parlamentar socialist, Erion Bra\u00e7e, publikoi nj\u00eb s\u00ebr\u00eb dokumentesh, q\u00eb sipas tij ngren\u00eb dyshime p\u00ebr m\u00ebnyr\u00ebn sesi kompania &#8220;Stream Oil&#8221; ka arritur t\u00eb p\u00ebrfitoj\u00eb. Bra\u00e7e tha se dyshimet vijn\u00eb pasi kjo kompani, duke qen\u00eb pa p\u00ebrvoj\u00ebn e duhur, ka p\u00ebrfituar kontrat\u00ebn me procedura t\u00eb falsifikuara.<\/p>\n<p>&#8220;M\u00eb dat\u00ebn 15 gusht, pra vet\u00ebm 1 jav\u00eb pasi ka marr\u00eb kontratat qeveritare, aksionar\u00ebt e k\u00ebsaj kompanie hyjn\u00eb n\u00eb transaksione dhe blejn\u00eb 2 mln aksione t\u00eb themeluesve t\u00eb &#8220;Stream Oil&#8221;, me nj\u00eb vler\u00eb prej 5 mln dollar\u00ebsh. Dokumenti \u00ebsht\u00eb ky. Ajo q\u00eb \u00ebsht\u00eb e r\u00ebnd\u00ebsishme t\u00eb thuhet n\u00eb k\u00ebt\u00eb rast, ka t\u00eb b\u00ebj\u00eb me faktin q\u00eb zyrtar\u00ebt e kompanis\u00eb fshehin shit\u00ebsin e k\u00ebtyre aksioneve&#8221;, &#8211; deklaroi Bra\u00e7e. Ai shtoi m\u00eb tej se Kryeministri Berisha ka favorizuar p\u00ebr p\u00ebrfitime personale kompanin\u00eb e bashk\u00ebshortit t\u00eb deputetes Albana Vokshi, duke i dh\u00ebn\u00eb t\u00eb drejt\u00ebn e shfryt\u00ebzimit t\u00eb 4 nga 6 vendburimeve t\u00eb naft\u00ebs q\u00eb ka vendi.<\/p>\n<p>Deputeti socialist, Erjon Bra\u00e7e, ka akuzuar drejtp\u00ebrdrejt Berish\u00ebn, pasi sipas tij, n\u00eb ndihm\u00eb dhe t\u00eb studios s\u00eb vajz\u00ebs s\u00eb tij ka favorizuar k\u00ebt\u00eb kompani si shum\u00eb t\u00eb tjera n\u00eb vend. Sipas tij nuk b\u00ebhet m\u00eb fjal\u00eb p\u00ebr nj\u00eb afer\u00eb korruptive, por p\u00ebr kapje t\u00eb shtetit nga Kryeministri dhe familja e tij. Nd\u00ebrkoh\u00eb deputetja e PD-s\u00eb, Albana Vokshi hodhi posht\u00eb akuzat e PS-s\u00eb duke paralajm\u00ebruar kall\u00ebzim penal p\u00ebr kreun e opozit\u00ebs dhe deputet\u00ebt e saj.<\/p>\n<p>&#8220;B\u00ebhesh qesharak Edvin Rama n\u00eb lidhje me t\u00eb ashtuquajtur\u00ebn pasuri prej 4 miliard\u00eb dollar\u00ebsh, gjoja dhurat\u00eb q\u00eb m\u00eb \u00ebsht\u00eb b\u00ebr\u00eb nga Kryeministri, g\u00ebnjesht\u00ebr q\u00eb as f\u00ebmij\u00ebt nuk e besojn\u00eb. A e di ti q\u00eb kjo shum\u00eb \u00ebsht\u00eb gati sa gjysma e Prodhimit t\u00eb Brendsh\u00ebm vjetor t\u00eb Shqip\u00ebris\u00eb? Apo ndikimi i simulant\u00ebve q\u00eb p\u00ebrdor ta b\u00ebjn\u00eb t\u00eb pamundur k\u00ebto p\u00ebrllogaritje?&#8221;, tha Vokshi. &#8220;Askush, nuk mund t\u00eb shkel\u00eb dot mbi dinjitetin dhe personalitetin tim dhe t\u00eb familjar\u00ebve t\u00eb mi.<\/p>\n<p>Ndaj, p\u00ebr t\u00eb gjitha ato q\u00eb p\u00ebrmenda m\u00eb lart, p\u00ebr t\u00eb gjitha ato q\u00eb di dhe nuk kam folur ende, p\u00ebr t\u00eb gjith\u00eb d\u00ebmin moral mbi mua dhe familjen time, si dhe p\u00ebr d\u00ebmin e madh material q\u00eb po shkaktohet \u00e7do dit\u00eb nga sulmet denigruese, deklaroj dhe siguroj q\u00eb t\u00eb gjith\u00eb personat p\u00ebrgjegj\u00ebs, duke filluar nga Edvin Rama, do t\u00eb p\u00ebrgjigjen para ligjit&#8221;, vijoi m\u00eb tej Vokshi.<\/p>\n","protected":false},"excerpt":{"rendered":"<p>E premte, 20 Gusht 2010 Partia Socialiste ka ngritur disa akuza ndaj deputetes Albana Vokshi, bashk\u00ebshortit t\u00eb saj dhe Kryeministrit n\u00eb lidhje me favorizim t\u00eb nj\u00eb kompanie private n\u00eb shfryt\u00ebzimin e vendburimeve t\u00eb naft\u00ebs, kompani n\u00eb pron\u00ebsi t\u00eb bashk\u00ebshortit t\u00eb deputetes Vokshi. PS ka k\u00ebrkuar hetimin e k\u00ebsaj ngjarjeje si dhe hetimin e burimeve t\u00eb [&hellip;]<\/p>\n","protected":false},"author":1,"featured_media":0,"comment_status":"open","ping_status":"closed","sticky":false,"template":"","format":"standard","meta":{"footnotes":""},"categories":[2],"tags":[],"class_list":{"0":"post-3802","1":"post","2":"type-post","3":"status-publish","4":"format-standard","6":"category-artikuj"},"yoast_head":"<!-- This site is optimized with the Yoast SEO plugin v27.4 - https:\/\/yoast.com\/product\/yoast-seo-wordpress\/ -->\n<title>PS: Kompania e deputetes Vokshi u favorizua me procedura false - FjALA e LIR\u00cb - Arkivi<\/title>\n<meta name=\"robots\" content=\"index, follow, max-snippet:-1, max-image-preview:large, max-video-preview:-1\" \/>\n<link rel=\"canonical\" href=\"https:\/\/fjala.info\/2009-2015\/ps-kompania-e-deputetes-vokshi-u-favorizua-me-procedura-false\/\" \/>\n<meta property=\"og:locale\" content=\"sq_AL\" \/>\n<meta property=\"og:type\" content=\"article\" \/>\n<meta property=\"og:title\" content=\"PS: Kompania e deputetes Vokshi u favorizua me procedura false - FjALA e LIR\u00cb - Arkivi\" \/>\n<meta property=\"og:description\" content=\"E premte, 20 Gusht 2010 Partia Socialiste ka ngritur disa akuza ndaj deputetes Albana Vokshi, bashk\u00ebshortit t\u00eb saj dhe Kryeministrit n\u00eb lidhje me favorizim t\u00eb nj\u00eb kompanie private n\u00eb shfryt\u00ebzimin e vendburimeve t\u00eb naft\u00ebs, kompani n\u00eb pron\u00ebsi t\u00eb bashk\u00ebshortit t\u00eb deputetes Vokshi. PS ka k\u00ebrkuar hetimin e k\u00ebsaj ngjarjeje si dhe hetimin e burimeve t\u00eb [&hellip;]\" \/>\n<meta property=\"og:url\" content=\"https:\/\/fjala.info\/2009-2015\/ps-kompania-e-deputetes-vokshi-u-favorizua-me-procedura-false\/\" \/>\n<meta property=\"og:site_name\" content=\"FjALA e LIR\u00cb - Arkivi\" \/>\n<meta property=\"article:published_time\" content=\"2010-08-20T13:59:29+00:00\" \/>\n<meta property=\"og:image\" content=\"http:\/\/www.shkoder.net\/images\/fjala\/erjon_brace.jpg\" \/>\n<meta name=\"author\" content=\"admin\" \/>\n<meta name=\"twitter:card\" content=\"summary_large_image\" \/>\n<meta name=\"twitter:label1\" content=\"Written by\" \/>\n\t<meta name=\"twitter:data1\" content=\"admin\" \/>\n\t<meta name=\"twitter:label2\" content=\"Est. reading time\" \/>\n\t<meta name=\"twitter:data2\" content=\"3 minutes\" \/>\n<script type=\"application\/ld+json\" class=\"yoast-schema-graph\">{\"@context\":\"https:\\\/\\\/schema.org\",\"@graph\":[{\"@type\":\"Article\",\"@id\":\"https:\\\/\\\/fjala.info\\\/2009-2015\\\/ps-kompania-e-deputetes-vokshi-u-favorizua-me-procedura-false\\\/#article\",\"isPartOf\":{\"@id\":\"https:\\\/\\\/fjala.info\\\/2009-2015\\\/ps-kompania-e-deputetes-vokshi-u-favorizua-me-procedura-false\\\/\"},\"author\":{\"name\":\"admin\",\"@id\":\"https:\\\/\\\/fjala.info\\\/2009-2015\\\/#\\\/schema\\\/person\\\/3aa1163ef05469c496fc94e77611ada2\"},\"headline\":\"PS: Kompania e deputetes Vokshi u favorizua me procedura false\",\"datePublished\":\"2010-08-20T13:59:29+00:00\",\"mainEntityOfPage\":{\"@id\":\"https:\\\/\\\/fjala.info\\\/2009-2015\\\/ps-kompania-e-deputetes-vokshi-u-favorizua-me-procedura-false\\\/\"},\"wordCount\":581,\"commentCount\":0,\"publisher\":{\"@id\":\"https:\\\/\\\/fjala.info\\\/2009-2015\\\/#organization\"},\"image\":{\"@id\":\"https:\\\/\\\/fjala.info\\\/2009-2015\\\/ps-kompania-e-deputetes-vokshi-u-favorizua-me-procedura-false\\\/#primaryimage\"},\"thumbnailUrl\":\"http:\\\/\\\/www.shkoder.net\\\/images\\\/fjala\\\/erjon_brace.jpg\",\"articleSection\":[\"Artikuj\"],\"inLanguage\":\"sq-AL\",\"potentialAction\":[{\"@type\":\"CommentAction\",\"name\":\"Comment\",\"target\":[\"https:\\\/\\\/fjala.info\\\/2009-2015\\\/ps-kompania-e-deputetes-vokshi-u-favorizua-me-procedura-false\\\/#respond\"]}]},{\"@type\":\"WebPage\",\"@id\":\"https:\\\/\\\/fjala.info\\\/2009-2015\\\/ps-kompania-e-deputetes-vokshi-u-favorizua-me-procedura-false\\\/\",\"url\":\"https:\\\/\\\/fjala.info\\\/2009-2015\\\/ps-kompania-e-deputetes-vokshi-u-favorizua-me-procedura-false\\\/\",\"name\":\"PS: Kompania e deputetes Vokshi u favorizua me procedura false - FjALA e LIR\u00cb - Arkivi\",\"isPartOf\":{\"@id\":\"https:\\\/\\\/fjala.info\\\/2009-2015\\\/#website\"},\"primaryImageOfPage\":{\"@id\":\"https:\\\/\\\/fjala.info\\\/2009-2015\\\/ps-kompania-e-deputetes-vokshi-u-favorizua-me-procedura-false\\\/#primaryimage\"},\"image\":{\"@id\":\"https:\\\/\\\/fjala.info\\\/2009-2015\\\/ps-kompania-e-deputetes-vokshi-u-favorizua-me-procedura-false\\\/#primaryimage\"},\"thumbnailUrl\":\"http:\\\/\\\/www.shkoder.net\\\/images\\\/fjala\\\/erjon_brace.jpg\",\"datePublished\":\"2010-08-20T13:59:29+00:00\",\"breadcrumb\":{\"@id\":\"https:\\\/\\\/fjala.info\\\/2009-2015\\\/ps-kompania-e-deputetes-vokshi-u-favorizua-me-procedura-false\\\/#breadcrumb\"},\"inLanguage\":\"sq-AL\",\"potentialAction\":[{\"@type\":\"ReadAction\",\"target\":[\"https:\\\/\\\/fjala.info\\\/2009-2015\\\/ps-kompania-e-deputetes-vokshi-u-favorizua-me-procedura-false\\\/\"]}]},{\"@type\":\"ImageObject\",\"inLanguage\":\"sq-AL\",\"@id\":\"https:\\\/\\\/fjala.info\\\/2009-2015\\\/ps-kompania-e-deputetes-vokshi-u-favorizua-me-procedura-false\\\/#primaryimage\",\"url\":\"http:\\\/\\\/www.shkoder.net\\\/images\\\/fjala\\\/erjon_brace.jpg\",\"contentUrl\":\"http:\\\/\\\/www.shkoder.net\\\/images\\\/fjala\\\/erjon_brace.jpg\"},{\"@type\":\"BreadcrumbList\",\"@id\":\"https:\\\/\\\/fjala.info\\\/2009-2015\\\/ps-kompania-e-deputetes-vokshi-u-favorizua-me-procedura-false\\\/#breadcrumb\",\"itemListElement\":[{\"@type\":\"ListItem\",\"position\":1,\"name\":\"Home\",\"item\":\"https:\\\/\\\/fjala.info\\\/2009-2015\\\/\"},{\"@type\":\"ListItem\",\"position\":2,\"name\":\"PS: Kompania e deputetes Vokshi u favorizua me procedura false\"}]},{\"@type\":\"WebSite\",\"@id\":\"https:\\\/\\\/fjala.info\\\/2009-2015\\\/#website\",\"url\":\"https:\\\/\\\/fjala.info\\\/2009-2015\\\/\",\"name\":\"FjALA e LIR\u00cb - Arkivi\",\"description\":\"Arkivi 2009-2015\",\"publisher\":{\"@id\":\"https:\\\/\\\/fjala.info\\\/2009-2015\\\/#organization\"},\"potentialAction\":[{\"@type\":\"SearchAction\",\"target\":{\"@type\":\"EntryPoint\",\"urlTemplate\":\"https:\\\/\\\/fjala.info\\\/2009-2015\\\/?s={search_term_string}\"},\"query-input\":{\"@type\":\"PropertyValueSpecification\",\"valueRequired\":true,\"valueName\":\"search_term_string\"}}],\"inLanguage\":\"sq-AL\"},{\"@type\":\"Organization\",\"@id\":\"https:\\\/\\\/fjala.info\\\/2009-2015\\\/#organization\",\"name\":\"FjALA e LIR\u00cb - Arkivi\",\"url\":\"https:\\\/\\\/fjala.info\\\/2009-2015\\\/\",\"logo\":{\"@type\":\"ImageObject\",\"inLanguage\":\"sq-AL\",\"@id\":\"https:\\\/\\\/fjala.info\\\/2009-2015\\\/#\\\/schema\\\/logo\\\/image\\\/\",\"url\":\"\",\"contentUrl\":\"\",\"caption\":\"FjALA e LIR\u00cb - Arkivi\"},\"image\":{\"@id\":\"https:\\\/\\\/fjala.info\\\/2009-2015\\\/#\\\/schema\\\/logo\\\/image\\\/\"}},{\"@type\":\"Person\",\"@id\":\"https:\\\/\\\/fjala.info\\\/2009-2015\\\/#\\\/schema\\\/person\\\/3aa1163ef05469c496fc94e77611ada2\",\"name\":\"admin\",\"image\":{\"@type\":\"ImageObject\",\"inLanguage\":\"sq-AL\",\"@id\":\"https:\\\/\\\/fjala.info\\\/2009-2015\\\/wp-content\\\/uploads\\\/2012\\\/02\\\/arben_cokaj-120x150.jpg\",\"url\":\"https:\\\/\\\/fjala.info\\\/2009-2015\\\/wp-content\\\/uploads\\\/2012\\\/02\\\/arben_cokaj-120x150.jpg\",\"contentUrl\":\"https:\\\/\\\/fjala.info\\\/2009-2015\\\/wp-content\\\/uploads\\\/2012\\\/02\\\/arben_cokaj-120x150.jpg\",\"caption\":\"admin\"},\"description\":\"Admin, Fjala e Lir\u00eb\",\"sameAs\":[\"https:\\\/\\\/fjala.info\\\/\"],\"url\":\"https:\\\/\\\/fjala.info\\\/2009-2015\\\/author\\\/admin\\\/\"}]}<\/script>\n<!-- \/ Yoast SEO plugin. -->","yoast_head_json":{"title":"PS: Kompania e deputetes Vokshi u favorizua me procedura false - FjALA e LIR\u00cb - Arkivi","robots":{"index":"index","follow":"follow","max-snippet":"max-snippet:-1","max-image-preview":"max-image-preview:large","max-video-preview":"max-video-preview:-1"},"canonical":"https:\/\/fjala.info\/2009-2015\/ps-kompania-e-deputetes-vokshi-u-favorizua-me-procedura-false\/","og_locale":"sq_AL","og_type":"article","og_title":"PS: Kompania e deputetes Vokshi u favorizua me procedura false - FjALA e LIR\u00cb - Arkivi","og_description":"E premte, 20 Gusht 2010 Partia Socialiste ka ngritur disa akuza ndaj deputetes Albana Vokshi, bashk\u00ebshortit t\u00eb saj dhe Kryeministrit n\u00eb lidhje me favorizim t\u00eb nj\u00eb kompanie private n\u00eb shfryt\u00ebzimin e vendburimeve t\u00eb naft\u00ebs, kompani n\u00eb pron\u00ebsi t\u00eb bashk\u00ebshortit t\u00eb deputetes Vokshi. PS ka k\u00ebrkuar hetimin e k\u00ebsaj ngjarjeje si dhe hetimin e burimeve t\u00eb [&hellip;]","og_url":"https:\/\/fjala.info\/2009-2015\/ps-kompania-e-deputetes-vokshi-u-favorizua-me-procedura-false\/","og_site_name":"FjALA e LIR\u00cb - Arkivi","article_published_time":"2010-08-20T13:59:29+00:00","og_image":[{"url":"http:\/\/www.shkoder.net\/images\/fjala\/erjon_brace.jpg","type":"","width":"","height":""}],"author":"admin","twitter_card":"summary_large_image","twitter_misc":{"Written by":"admin","Est. reading time":"3 minutes"},"schema":{"@context":"https:\/\/schema.org","@graph":[{"@type":"Article","@id":"https:\/\/fjala.info\/2009-2015\/ps-kompania-e-deputetes-vokshi-u-favorizua-me-procedura-false\/#article","isPartOf":{"@id":"https:\/\/fjala.info\/2009-2015\/ps-kompania-e-deputetes-vokshi-u-favorizua-me-procedura-false\/"},"author":{"name":"admin","@id":"https:\/\/fjala.info\/2009-2015\/#\/schema\/person\/3aa1163ef05469c496fc94e77611ada2"},"headline":"PS: Kompania e deputetes Vokshi u favorizua me procedura false","datePublished":"2010-08-20T13:59:29+00:00","mainEntityOfPage":{"@id":"https:\/\/fjala.info\/2009-2015\/ps-kompania-e-deputetes-vokshi-u-favorizua-me-procedura-false\/"},"wordCount":581,"commentCount":0,"publisher":{"@id":"https:\/\/fjala.info\/2009-2015\/#organization"},"image":{"@id":"https:\/\/fjala.info\/2009-2015\/ps-kompania-e-deputetes-vokshi-u-favorizua-me-procedura-false\/#primaryimage"},"thumbnailUrl":"http:\/\/www.shkoder.net\/images\/fjala\/erjon_brace.jpg","articleSection":["Artikuj"],"inLanguage":"sq-AL","potentialAction":[{"@type":"CommentAction","name":"Comment","target":["https:\/\/fjala.info\/2009-2015\/ps-kompania-e-deputetes-vokshi-u-favorizua-me-procedura-false\/#respond"]}]},{"@type":"WebPage","@id":"https:\/\/fjala.info\/2009-2015\/ps-kompania-e-deputetes-vokshi-u-favorizua-me-procedura-false\/","url":"https:\/\/fjala.info\/2009-2015\/ps-kompania-e-deputetes-vokshi-u-favorizua-me-procedura-false\/","name":"PS: Kompania e deputetes Vokshi u favorizua me procedura false - FjALA e LIR\u00cb - Arkivi","isPartOf":{"@id":"https:\/\/fjala.info\/2009-2015\/#website"},"primaryImageOfPage":{"@id":"https:\/\/fjala.info\/2009-2015\/ps-kompania-e-deputetes-vokshi-u-favorizua-me-procedura-false\/#primaryimage"},"image":{"@id":"https:\/\/fjala.info\/2009-2015\/ps-kompania-e-deputetes-vokshi-u-favorizua-me-procedura-false\/#primaryimage"},"thumbnailUrl":"http:\/\/www.shkoder.net\/images\/fjala\/erjon_brace.jpg","datePublished":"2010-08-20T13:59:29+00:00","breadcrumb":{"@id":"https:\/\/fjala.info\/2009-2015\/ps-kompania-e-deputetes-vokshi-u-favorizua-me-procedura-false\/#breadcrumb"},"inLanguage":"sq-AL","potentialAction":[{"@type":"ReadAction","target":["https:\/\/fjala.info\/2009-2015\/ps-kompania-e-deputetes-vokshi-u-favorizua-me-procedura-false\/"]}]},{"@type":"ImageObject","inLanguage":"sq-AL","@id":"https:\/\/fjala.info\/2009-2015\/ps-kompania-e-deputetes-vokshi-u-favorizua-me-procedura-false\/#primaryimage","url":"http:\/\/www.shkoder.net\/images\/fjala\/erjon_brace.jpg","contentUrl":"http:\/\/www.shkoder.net\/images\/fjala\/erjon_brace.jpg"},{"@type":"BreadcrumbList","@id":"https:\/\/fjala.info\/2009-2015\/ps-kompania-e-deputetes-vokshi-u-favorizua-me-procedura-false\/#breadcrumb","itemListElement":[{"@type":"ListItem","position":1,"name":"Home","item":"https:\/\/fjala.info\/2009-2015\/"},{"@type":"ListItem","position":2,"name":"PS: Kompania e deputetes Vokshi u favorizua me procedura false"}]},{"@type":"WebSite","@id":"https:\/\/fjala.info\/2009-2015\/#website","url":"https:\/\/fjala.info\/2009-2015\/","name":"FjALA e LIR\u00cb - Arkivi","description":"Arkivi 2009-2015","publisher":{"@id":"https:\/\/fjala.info\/2009-2015\/#organization"},"potentialAction":[{"@type":"SearchAction","target":{"@type":"EntryPoint","urlTemplate":"https:\/\/fjala.info\/2009-2015\/?s={search_term_string}"},"query-input":{"@type":"PropertyValueSpecification","valueRequired":true,"valueName":"search_term_string"}}],"inLanguage":"sq-AL"},{"@type":"Organization","@id":"https:\/\/fjala.info\/2009-2015\/#organization","name":"FjALA e LIR\u00cb - Arkivi","url":"https:\/\/fjala.info\/2009-2015\/","logo":{"@type":"ImageObject","inLanguage":"sq-AL","@id":"https:\/\/fjala.info\/2009-2015\/#\/schema\/logo\/image\/","url":"","contentUrl":"","caption":"FjALA e LIR\u00cb - Arkivi"},"image":{"@id":"https:\/\/fjala.info\/2009-2015\/#\/schema\/logo\/image\/"}},{"@type":"Person","@id":"https:\/\/fjala.info\/2009-2015\/#\/schema\/person\/3aa1163ef05469c496fc94e77611ada2","name":"admin","image":{"@type":"ImageObject","inLanguage":"sq-AL","@id":"https:\/\/fjala.info\/2009-2015\/wp-content\/uploads\/2012\/02\/arben_cokaj-120x150.jpg","url":"https:\/\/fjala.info\/2009-2015\/wp-content\/uploads\/2012\/02\/arben_cokaj-120x150.jpg","contentUrl":"https:\/\/fjala.info\/2009-2015\/wp-content\/uploads\/2012\/02\/arben_cokaj-120x150.jpg","caption":"admin"},"description":"Admin, Fjala e Lir\u00eb","sameAs":["https:\/\/fjala.info\/"],"url":"https:\/\/fjala.info\/2009-2015\/author\/admin\/"}]}},"_links":{"self":[{"href":"https:\/\/fjala.info\/2009-2015\/wp-json\/wp\/v2\/posts\/3802","targetHints":{"allow":["GET"]}}],"collection":[{"href":"https:\/\/fjala.info\/2009-2015\/wp-json\/wp\/v2\/posts"}],"about":[{"href":"https:\/\/fjala.info\/2009-2015\/wp-json\/wp\/v2\/types\/post"}],"author":[{"embeddable":true,"href":"https:\/\/fjala.info\/2009-2015\/wp-json\/wp\/v2\/users\/1"}],"replies":[{"embeddable":true,"href":"https:\/\/fjala.info\/2009-2015\/wp-json\/wp\/v2\/comments?post=3802"}],"version-history":[{"count":0,"href":"https:\/\/fjala.info\/2009-2015\/wp-json\/wp\/v2\/posts\/3802\/revisions"}],"wp:attachment":[{"href":"https:\/\/fjala.info\/2009-2015\/wp-json\/wp\/v2\/media?parent=3802"}],"wp:term":[{"taxonomy":"category","embeddable":true,"href":"https:\/\/fjala.info\/2009-2015\/wp-json\/wp\/v2\/categories?post=3802"},{"taxonomy":"post_tag","embeddable":true,"href":"https:\/\/fjala.info\/2009-2015\/wp-json\/wp\/v2\/tags?post=3802"}],"curies":[{"name":"wp","href":"https:\/\/api.w.org\/{rel}","templated":true}]}}